{"id":4981,"date":"2010-12-02T09:36:39","date_gmt":"2010-12-02T08:36:39","guid":{"rendered":"http:\/\/fjala.shkoder.net\/?p=4981"},"modified":"2010-12-02T09:36:39","modified_gmt":"2010-12-02T08:36:39","slug":"flamuri-raporton-fjalimet-e-jozit-dhe-lul-it-nga-shkodra","status":"publish","type":"post","link":"https:\/\/fjala.info\/2009-2015\/flamuri-raporton-fjalimet-e-jozit-dhe-lul-it-nga-shkodra\/","title":{"rendered":"Flamuri raporton fjalimet e Jozit dhe Lul-it nga Shkodra"},"content":{"rendered":"<p><img loading=\"lazy\" decoding=\"async\" src=\"http:\/\/fjala.shkoder.net\/wp-content\/uploads\/2010\/12\/permbytje_shkoder_2010-300x200.jpg\" alt=\"\" title=\"permbytje_shkoder_2010\" width=\"300\" height=\"200\" class=\"alignright size-medium wp-image-4993\" \/><br \/>\nNga <strong>Antena brenda familjes<\/strong><\/p>\n<p>E vetmja gj\u00eb e mir\u00eb q\u00eb ndodhi dje ishte fjalimi i Jozefin\u00ebs n\u00eb Shkod\u00ebr, pasi n\u00eb at\u00eb atmosfer\u00eb t\u00eb zymt\u00eb, njer\u00ebzit kishin filluar t\u00eb qeshnin. Flamuri, i cili \u00ebsht\u00eb ngarkuar nga ai burri t\u00eb mbik\u00ebqyr\u00eb situat\u00ebn n\u00eb Shkod\u00ebr, p\u00ebrtoi t\u00eb shkonte deri atje dhe porositi dik\u00eb q\u00eb t\u2019ia d\u00ebrgonte me sms deklaratat q\u00eb b\u00ebnte Lul-i dhe Jozi nga Shkodra.<\/p>\n<p><em>SMS e par\u00eb i mb\u00ebrriti duke cituar Jozin<\/em>.<\/p>\n<p>\u201cShkodra \u00ebsht\u00eb nj\u00eb nga vendet e bukura t\u00eb Shqip\u00ebris\u00eb ku njer\u00ebzit kan\u00eb banuar prej shekujsh\u201d, ishte fjalia e par\u00eb telegrafisht.<br \/>\n&#8211; Hajt mo, tha Flamuri. Ja ka fut fjalim patetik, mir\u00eb ka b\u00ebr\u00eb, se ka pak nevoj\u00eb aty.<\/p>\n<p><em>Nd\u00ebrkoh\u00eb erdhi sms e dyt\u00eb. Prap\u00eb citon Jozin<\/em>.<br \/>\n\u201cKy \u00ebsht\u00eb vendi m\u00eb ters n\u00eb Ballkanin jugper\u00ebndimor pasi n\u00eb k\u00ebt\u00eb basen derdhen gjith\u00eb lumenjt\u00eb e Ballkanit\u201d.<br \/>\n&#8211; Po kjo bib\u00eb, tha Flamuri, dhe thot\u00eb q\u00eb aty kan\u00eb jetu gjith\u00eb jet\u00ebn, dhe thot\u00eb q\u00eb \u00ebsht\u00eb m\u00eb ters n\u00eb gjith\u00eb Ballkanin.<\/p>\n<p><em>Mb\u00ebrrin sms e tret\u00eb<\/em>.<br \/>\n\u201cUn\u00eb nuk besoj se ka vend p\u00ebr panik. Askush t\u00eb mos hap\u00eb panik\u201d.<br \/>\n&#8211; Shum\u00eb mir\u00eb, tha Flamuri me vete, ja k\u00ebshtu duhet fol\u00eb.<\/p>\n<p><em>Sms e kat\u00ebrt<\/em>.<br \/>\n\u201cSkena \u00e7\u2019ka me ba, jan\u00eb \u00e7mend\u00eb krejt lumenjt\u00eb dhe po p\u00ebrmbysin qytetin\u201d.<br \/>\n&#8211; Hej dreq, tha Flamuri me vete, ia filloi prap\u00eb.<\/p>\n<p><em>Sms e pest\u00eb<\/em>.<br \/>\n\u201cUn\u00eb u b\u00ebj thirrje qytetar\u00ebve p\u00ebr evakuim. T\u00eb largohen nga zonat e p\u00ebrmbytura\u201d.<br \/>\n&#8211; Ja bravo, k\u00ebshtu flitet, tha Flamuri me vete.<\/p>\n<p><em>Sms e gjasht\u00eb<\/em>.<br \/>\n\u201cShkodran\u00ebt kan\u00eb jetu k\u00ebtu dhe k\u00ebtu do jetojn\u00eb gjithmon\u00eb n\u00eb sht\u00ebpit\u00eb e tyre, s\u2019kan\u00eb pse me lujt\u00eb prej tyre\u201d.<br \/>\nFlamuri e humbi durimin.<\/p>\n<p>&#8211; Nuk qenkan \u00e7mend lumenjt\u00eb, qenka \u00e7mend Jozefina, tha. Ca thot\u00eb n\u00eb fjalin\u00eb e par\u00eb, e mohon n\u00eb t\u00eb dyt\u00ebn. Qenka b\u00ebr\u00eb si Lop\u00eb e \u00c7mendur.<br \/>\nI t\u00ebrbuar merr n\u00eb telefon njeriun e tij n\u00eb Shkod\u00ebr.<br \/>\n&#8211; Ma l\u00ebr k\u00ebt\u00eb Jozefin\u00ebn, mos ja jepni n\u00eb media k\u00ebto bro\u00e7kulla q\u00eb thot\u00eb, dhe shiko pak ku \u00ebsht\u00eb ai Lul-i.<br \/>\n&#8211; K\u00ebtej \u00ebsht\u00eb shef, i tha shkodrani. Nuk po flet akoma. M\u00eb ka th\u00ebn\u00eb po pres t\u00eb mbaroj\u00eb Jozi dhe t\u00eb thot\u00eb t\u00eb kund\u00ebrt\u00ebn.<br \/>\n&#8211; S\u2019ke \u00e7a thu t\u00eb kund\u00ebrt\u00ebn mor Lul, i thuaj, se Jozi i ka th\u00ebn\u00eb vet\u00eb dhe t\u00eb mbarat dhe t\u00eb kund\u00ebrtat.<\/p>\n<p>&#8211; T\u00eb shpik\u00eb ndonj\u00eb gj\u00eb tjet\u00ebr ai.<br \/>\n&#8211; Po \u00e7a t\u00eb shpik\u00eb shef?<br \/>\n&#8211; Po i thuaj t\u00eb flas p\u00ebr Ed Ram\u00ebn q\u00eb s\u2019ka dekoru qytetin p\u00ebr festat.<br \/>\n&#8211; Po ene ky n\u00eb Shkod\u00ebr s\u2019e ka dekoru shef? Mos na e merr p\u00ebr ters.<br \/>\n&#8211; Po ai ka t\u00eb drejt\u00eb se nuk \u00ebsht\u00eb e qart\u00eb kur ka ik\u00eb gjermani i fundit m\u00eb 28 apo 29, kurse n\u00eb Tiran\u00eb \u00ebsht\u00eb e qart\u00eb, ka ik\u00eb m\u00eb 17.<\/p>\n<p>&#8211; Mir\u00eb shef, po ja p\u00ebrcjell Lulit, por ai prap\u00eb k\u00ebmb\u00ebngul q\u00eb do t\u2019ia fus\u00eb Jozit, t\u00eb flas\u00eb kund\u00ebr saj.<br \/>\n&#8211; S\u2019ka \u00e7\u2019i b\u00ebn as zoti Jozit me ato marrina q\u00eb ka th\u00ebn\u00eb, i tha Flamuri. Ka vet\u00ebm nj\u00eb shans, t\u00eb thot\u00eb ndonj\u00eb m\u00eb t\u00eb madhe se ato.<br \/>\n&#8211; Mir\u00eb shef, po ja them.<\/p>\n<p>Luli mori mesazhin e Flamurit seriozisht dhe u ul po mendohej. M\u00eb n\u00eb fund thirri kamerat.<\/p>\n<p>&#8211; Un\u00eb jam k\u00ebtu sot, n\u00eb em\u00ebr t\u00eb qeveris\u00eb dhe kryeministrit Berisha t\u2019iu siguroj ju se kjo q\u00eb po ndodh \u00ebsht\u00eb vep\u00ebr e Zotit, por ajo q\u00eb do t\u00eb b\u00ebj qeveria do t\u00eb jet\u00eb nj\u00eb vep\u00ebr m\u00eb e madhe se Zoti. Ne do ta b\u00ebjm\u00eb Shkodr\u00ebn si Venecia. Ky qytet pas hyrjes s\u00eb liqenit brenda tij, ka perspektiv\u00ebn t\u00eb shnd\u00ebrrohet n\u00eb Venecia t\u00eb Ballkanit dhe gjith\u00eb bot\u00ebs. Qeveria do porosis\u00eb gondola dhe aty ku kan\u00eb qen\u00eb \u201cPes\u00eb Heronjt\u00eb\u201d do t\u00eb nd\u00ebrtojm\u00eb San Markon.<\/p>\n<p>Bumi turistik q\u00eb pritet k\u00ebt\u00eb vit do t\u00eb jet\u00eb i papar\u00eb. Bashk\u00eb me heqjen e vizave shkodran\u00ebt realizuan dhe \u00ebndrr\u00ebn p\u00ebr t\u2019u b\u00ebr\u00eb qytete bregdet dhe mund t\u00eb nisen lirsh\u00ebm pa viza n\u00eb Itali. N\u00eb em\u00ebr t\u00eb qeveris\u00eb s\u00eb kryeministrit Berisha ju premtojm\u00eb se qeveria ka marr\u00eb nj\u00eb vendim t\u00eb brendsh\u00ebm q\u00eb gjith\u00eb pushimet verore t\u00eb saj t\u00eb b\u00ebhen n\u00eb Shkod\u00ebr, dhe zoti Berisha do t\u00eb provoj\u00eb t\u00eb thyej\u00eb s\u00ebrish rekordin e notit, duke shkuar Shkod\u00ebr-Tiran\u00eb me not p\u00ebr 2 or\u00eb e 45 minuta.<\/p>\n<p>Flamuri q\u00eb po d\u00ebgjonte n\u00eb celular fjalimin, shtangu.<br \/>\n&#8211; Pasha zotin, tha, as m\u00eb shkonte mendja q\u00eb ndonj\u00eb tjet\u00ebr do thoshte marr\u00ebzira m\u00eb shum\u00eb se Jozi. Po Lul-i mbetet Lul. Ja kaloi dhe k\u00ebsaj radhe.<\/p>\n","protected":false},"excerpt":{"rendered":"<p>Nga Antena brenda familjes E vetmja gj\u00eb e mir\u00eb q\u00eb ndodhi dje ishte fjalimi i Jozefin\u00ebs n\u00eb Shkod\u00ebr, pasi n\u00eb at\u00eb atmosfer\u00eb t\u00eb zymt\u00eb, njer\u00ebzit kishin filluar t\u00eb qeshnin. Flamuri, i cili \u00ebsht\u00eb ngarkuar nga ai burri t\u00eb mbik\u00ebqyr\u00eb situat\u00ebn n\u00eb Shkod\u00ebr, p\u00ebrtoi t\u00eb shkonte deri atje dhe porositi dik\u00eb q\u00eb t\u2019ia d\u00ebrgonte me sms [&hellip;]<\/p>\n","protected":false},"author":1,"featured_media":0,"comment_status":"open","ping_status":"closed","sticky":false,"template":"","format":"standard","meta":{"footnotes":""},"categories":[2],"tags":[],"class_list":{"0":"post-4981","1":"post","2":"type-post","3":"status-publish","4":"format-standard","6":"category-artikuj"},"yoast_head":"<!-- This site is optimized with the Yoast SEO plugin v27.4 - https:\/\/yoast.com\/product\/yoast-seo-wordpress\/ -->\n<title>Flamuri raporton fjalimet e Jozit dhe Lul-it nga Shkodra - FjALA e LIR\u00cb - Arkivi<\/title>\n<meta name=\"robots\" content=\"index, follow, max-snippet:-1, max-image-preview:large, max-video-preview:-1\" \/>\n<link rel=\"canonical\" href=\"https:\/\/fjala.info\/2009-2015\/flamuri-raporton-fjalimet-e-jozit-dhe-lul-it-nga-shkodra\/\" \/>\n<meta property=\"og:locale\" content=\"sq_AL\" \/>\n<meta property=\"og:type\" content=\"article\" \/>\n<meta property=\"og:title\" content=\"Flamuri raporton fjalimet e Jozit dhe Lul-it nga Shkodra - FjALA e LIR\u00cb - Arkivi\" \/>\n<meta property=\"og:description\" content=\"Nga Antena brenda familjes E vetmja gj\u00eb e mir\u00eb q\u00eb ndodhi dje ishte fjalimi i Jozefin\u00ebs n\u00eb Shkod\u00ebr, pasi n\u00eb at\u00eb atmosfer\u00eb t\u00eb zymt\u00eb, njer\u00ebzit kishin filluar t\u00eb qeshnin. Flamuri, i cili \u00ebsht\u00eb ngarkuar nga ai burri t\u00eb mbik\u00ebqyr\u00eb situat\u00ebn n\u00eb Shkod\u00ebr, p\u00ebrtoi t\u00eb shkonte deri atje dhe porositi dik\u00eb q\u00eb t\u2019ia d\u00ebrgonte me sms [&hellip;]\" \/>\n<meta property=\"og:url\" content=\"https:\/\/fjala.info\/2009-2015\/flamuri-raporton-fjalimet-e-jozit-dhe-lul-it-nga-shkodra\/\" \/>\n<meta property=\"og:site_name\" content=\"FjALA e LIR\u00cb - Arkivi\" \/>\n<meta property=\"article:published_time\" content=\"2010-12-02T08:36:39+00:00\" \/>\n<meta property=\"og:image\" content=\"http:\/\/fjala.shkoder.net\/wp-content\/uploads\/2010\/12\/permbytje_shkoder_2010-300x200.jpg\" \/>\n<meta name=\"author\" content=\"admin\" \/>\n<meta name=\"twitter:card\" content=\"summary_large_image\" \/>\n<meta name=\"twitter:label1\" content=\"Written by\" \/>\n\t<meta name=\"twitter:data1\" content=\"admin\" \/>\n\t<meta name=\"twitter:label2\" content=\"Est. reading time\" \/>\n\t<meta name=\"twitter:data2\" content=\"4 minutes\" \/>\n<script type=\"application\/ld+json\" class=\"yoast-schema-graph\">{\"@context\":\"https:\\\/\\\/schema.org\",\"@graph\":[{\"@type\":\"Article\",\"@id\":\"https:\\\/\\\/fjala.info\\\/2009-2015\\\/flamuri-raporton-fjalimet-e-jozit-dhe-lul-it-nga-shkodra\\\/#article\",\"isPartOf\":{\"@id\":\"https:\\\/\\\/fjala.info\\\/2009-2015\\\/flamuri-raporton-fjalimet-e-jozit-dhe-lul-it-nga-shkodra\\\/\"},\"author\":{\"name\":\"admin\",\"@id\":\"https:\\\/\\\/fjala.info\\\/2009-2015\\\/#\\\/schema\\\/person\\\/3aa1163ef05469c496fc94e77611ada2\"},\"headline\":\"Flamuri raporton fjalimet e Jozit dhe Lul-it nga Shkodra\",\"datePublished\":\"2010-12-02T08:36:39+00:00\",\"mainEntityOfPage\":{\"@id\":\"https:\\\/\\\/fjala.info\\\/2009-2015\\\/flamuri-raporton-fjalimet-e-jozit-dhe-lul-it-nga-shkodra\\\/\"},\"wordCount\":813,\"commentCount\":0,\"publisher\":{\"@id\":\"https:\\\/\\\/fjala.info\\\/2009-2015\\\/#organization\"},\"image\":{\"@id\":\"https:\\\/\\\/fjala.info\\\/2009-2015\\\/flamuri-raporton-fjalimet-e-jozit-dhe-lul-it-nga-shkodra\\\/#primaryimage\"},\"thumbnailUrl\":\"http:\\\/\\\/fjala.shkoder.net\\\/wp-content\\\/uploads\\\/2010\\\/12\\\/permbytje_shkoder_2010-300x200.jpg\",\"articleSection\":[\"Artikuj\"],\"inLanguage\":\"sq-AL\",\"potentialAction\":[{\"@type\":\"CommentAction\",\"name\":\"Comment\",\"target\":[\"https:\\\/\\\/fjala.info\\\/2009-2015\\\/flamuri-raporton-fjalimet-e-jozit-dhe-lul-it-nga-shkodra\\\/#respond\"]}]},{\"@type\":\"WebPage\",\"@id\":\"https:\\\/\\\/fjala.info\\\/2009-2015\\\/flamuri-raporton-fjalimet-e-jozit-dhe-lul-it-nga-shkodra\\\/\",\"url\":\"https:\\\/\\\/fjala.info\\\/2009-2015\\\/flamuri-raporton-fjalimet-e-jozit-dhe-lul-it-nga-shkodra\\\/\",\"name\":\"Flamuri raporton fjalimet e Jozit dhe Lul-it nga Shkodra - FjALA e LIR\u00cb - Arkivi\",\"isPartOf\":{\"@id\":\"https:\\\/\\\/fjala.info\\\/2009-2015\\\/#website\"},\"primaryImageOfPage\":{\"@id\":\"https:\\\/\\\/fjala.info\\\/2009-2015\\\/flamuri-raporton-fjalimet-e-jozit-dhe-lul-it-nga-shkodra\\\/#primaryimage\"},\"image\":{\"@id\":\"https:\\\/\\\/fjala.info\\\/2009-2015\\\/flamuri-raporton-fjalimet-e-jozit-dhe-lul-it-nga-shkodra\\\/#primaryimage\"},\"thumbnailUrl\":\"http:\\\/\\\/fjala.shkoder.net\\\/wp-content\\\/uploads\\\/2010\\\/12\\\/permbytje_shkoder_2010-300x200.jpg\",\"datePublished\":\"2010-12-02T08:36:39+00:00\",\"breadcrumb\":{\"@id\":\"https:\\\/\\\/fjala.info\\\/2009-2015\\\/flamuri-raporton-fjalimet-e-jozit-dhe-lul-it-nga-shkodra\\\/#breadcrumb\"},\"inLanguage\":\"sq-AL\",\"potentialAction\":[{\"@type\":\"ReadAction\",\"target\":[\"https:\\\/\\\/fjala.info\\\/2009-2015\\\/flamuri-raporton-fjalimet-e-jozit-dhe-lul-it-nga-shkodra\\\/\"]}]},{\"@type\":\"ImageObject\",\"inLanguage\":\"sq-AL\",\"@id\":\"https:\\\/\\\/fjala.info\\\/2009-2015\\\/flamuri-raporton-fjalimet-e-jozit-dhe-lul-it-nga-shkodra\\\/#primaryimage\",\"url\":\"http:\\\/\\\/fjala.shkoder.net\\\/wp-content\\\/uploads\\\/2010\\\/12\\\/permbytje_shkoder_2010-300x200.jpg\",\"contentUrl\":\"http:\\\/\\\/fjala.shkoder.net\\\/wp-content\\\/uploads\\\/2010\\\/12\\\/permbytje_shkoder_2010-300x200.jpg\"},{\"@type\":\"BreadcrumbList\",\"@id\":\"https:\\\/\\\/fjala.info\\\/2009-2015\\\/flamuri-raporton-fjalimet-e-jozit-dhe-lul-it-nga-shkodra\\\/#breadcrumb\",\"itemListElement\":[{\"@type\":\"ListItem\",\"position\":1,\"name\":\"Home\",\"item\":\"https:\\\/\\\/fjala.info\\\/2009-2015\\\/\"},{\"@type\":\"ListItem\",\"position\":2,\"name\":\"Flamuri raporton fjalimet e Jozit dhe Lul-it nga Shkodra\"}]},{\"@type\":\"WebSite\",\"@id\":\"https:\\\/\\\/fjala.info\\\/2009-2015\\\/#website\",\"url\":\"https:\\\/\\\/fjala.info\\\/2009-2015\\\/\",\"name\":\"FjALA e LIR\u00cb - Arkivi\",\"description\":\"Arkivi 2009-2015\",\"publisher\":{\"@id\":\"https:\\\/\\\/fjala.info\\\/2009-2015\\\/#organization\"},\"potentialAction\":[{\"@type\":\"SearchAction\",\"target\":{\"@type\":\"EntryPoint\",\"urlTemplate\":\"https:\\\/\\\/fjala.info\\\/2009-2015\\\/?s={search_term_string}\"},\"query-input\":{\"@type\":\"PropertyValueSpecification\",\"valueRequired\":true,\"valueName\":\"search_term_string\"}}],\"inLanguage\":\"sq-AL\"},{\"@type\":\"Organization\",\"@id\":\"https:\\\/\\\/fjala.info\\\/2009-2015\\\/#organization\",\"name\":\"FjALA e LIR\u00cb - Arkivi\",\"url\":\"https:\\\/\\\/fjala.info\\\/2009-2015\\\/\",\"logo\":{\"@type\":\"ImageObject\",\"inLanguage\":\"sq-AL\",\"@id\":\"https:\\\/\\\/fjala.info\\\/2009-2015\\\/#\\\/schema\\\/logo\\\/image\\\/\",\"url\":\"\",\"contentUrl\":\"\",\"caption\":\"FjALA e LIR\u00cb - Arkivi\"},\"image\":{\"@id\":\"https:\\\/\\\/fjala.info\\\/2009-2015\\\/#\\\/schema\\\/logo\\\/image\\\/\"}},{\"@type\":\"Person\",\"@id\":\"https:\\\/\\\/fjala.info\\\/2009-2015\\\/#\\\/schema\\\/person\\\/3aa1163ef05469c496fc94e77611ada2\",\"name\":\"admin\",\"image\":{\"@type\":\"ImageObject\",\"inLanguage\":\"sq-AL\",\"@id\":\"https:\\\/\\\/fjala.info\\\/2009-2015\\\/wp-content\\\/uploads\\\/2012\\\/02\\\/arben_cokaj-120x150.jpg\",\"url\":\"https:\\\/\\\/fjala.info\\\/2009-2015\\\/wp-content\\\/uploads\\\/2012\\\/02\\\/arben_cokaj-120x150.jpg\",\"contentUrl\":\"https:\\\/\\\/fjala.info\\\/2009-2015\\\/wp-content\\\/uploads\\\/2012\\\/02\\\/arben_cokaj-120x150.jpg\",\"caption\":\"admin\"},\"description\":\"Admin, Fjala e Lir\u00eb\",\"sameAs\":[\"https:\\\/\\\/fjala.info\\\/\"],\"url\":\"https:\\\/\\\/fjala.info\\\/2009-2015\\\/author\\\/admin\\\/\"}]}<\/script>\n<!-- \/ Yoast SEO plugin. -->","yoast_head_json":{"title":"Flamuri raporton fjalimet e Jozit dhe Lul-it nga Shkodra - FjALA e LIR\u00cb - Arkivi","robots":{"index":"index","follow":"follow","max-snippet":"max-snippet:-1","max-image-preview":"max-image-preview:large","max-video-preview":"max-video-preview:-1"},"canonical":"https:\/\/fjala.info\/2009-2015\/flamuri-raporton-fjalimet-e-jozit-dhe-lul-it-nga-shkodra\/","og_locale":"sq_AL","og_type":"article","og_title":"Flamuri raporton fjalimet e Jozit dhe Lul-it nga Shkodra - FjALA e LIR\u00cb - Arkivi","og_description":"Nga Antena brenda familjes E vetmja gj\u00eb e mir\u00eb q\u00eb ndodhi dje ishte fjalimi i Jozefin\u00ebs n\u00eb Shkod\u00ebr, pasi n\u00eb at\u00eb atmosfer\u00eb t\u00eb zymt\u00eb, njer\u00ebzit kishin filluar t\u00eb qeshnin. Flamuri, i cili \u00ebsht\u00eb ngarkuar nga ai burri t\u00eb mbik\u00ebqyr\u00eb situat\u00ebn n\u00eb Shkod\u00ebr, p\u00ebrtoi t\u00eb shkonte deri atje dhe porositi dik\u00eb q\u00eb t\u2019ia d\u00ebrgonte me sms [&hellip;]","og_url":"https:\/\/fjala.info\/2009-2015\/flamuri-raporton-fjalimet-e-jozit-dhe-lul-it-nga-shkodra\/","og_site_name":"FjALA e LIR\u00cb - Arkivi","article_published_time":"2010-12-02T08:36:39+00:00","og_image":[{"url":"http:\/\/fjala.shkoder.net\/wp-content\/uploads\/2010\/12\/permbytje_shkoder_2010-300x200.jpg","type":"","width":"","height":""}],"author":"admin","twitter_card":"summary_large_image","twitter_misc":{"Written by":"admin","Est. reading time":"4 minutes"},"schema":{"@context":"https:\/\/schema.org","@graph":[{"@type":"Article","@id":"https:\/\/fjala.info\/2009-2015\/flamuri-raporton-fjalimet-e-jozit-dhe-lul-it-nga-shkodra\/#article","isPartOf":{"@id":"https:\/\/fjala.info\/2009-2015\/flamuri-raporton-fjalimet-e-jozit-dhe-lul-it-nga-shkodra\/"},"author":{"name":"admin","@id":"https:\/\/fjala.info\/2009-2015\/#\/schema\/person\/3aa1163ef05469c496fc94e77611ada2"},"headline":"Flamuri raporton fjalimet e Jozit dhe Lul-it nga Shkodra","datePublished":"2010-12-02T08:36:39+00:00","mainEntityOfPage":{"@id":"https:\/\/fjala.info\/2009-2015\/flamuri-raporton-fjalimet-e-jozit-dhe-lul-it-nga-shkodra\/"},"wordCount":813,"commentCount":0,"publisher":{"@id":"https:\/\/fjala.info\/2009-2015\/#organization"},"image":{"@id":"https:\/\/fjala.info\/2009-2015\/flamuri-raporton-fjalimet-e-jozit-dhe-lul-it-nga-shkodra\/#primaryimage"},"thumbnailUrl":"http:\/\/fjala.shkoder.net\/wp-content\/uploads\/2010\/12\/permbytje_shkoder_2010-300x200.jpg","articleSection":["Artikuj"],"inLanguage":"sq-AL","potentialAction":[{"@type":"CommentAction","name":"Comment","target":["https:\/\/fjala.info\/2009-2015\/flamuri-raporton-fjalimet-e-jozit-dhe-lul-it-nga-shkodra\/#respond"]}]},{"@type":"WebPage","@id":"https:\/\/fjala.info\/2009-2015\/flamuri-raporton-fjalimet-e-jozit-dhe-lul-it-nga-shkodra\/","url":"https:\/\/fjala.info\/2009-2015\/flamuri-raporton-fjalimet-e-jozit-dhe-lul-it-nga-shkodra\/","name":"Flamuri raporton fjalimet e Jozit dhe Lul-it nga Shkodra - FjALA e LIR\u00cb - Arkivi","isPartOf":{"@id":"https:\/\/fjala.info\/2009-2015\/#website"},"primaryImageOfPage":{"@id":"https:\/\/fjala.info\/2009-2015\/flamuri-raporton-fjalimet-e-jozit-dhe-lul-it-nga-shkodra\/#primaryimage"},"image":{"@id":"https:\/\/fjala.info\/2009-2015\/flamuri-raporton-fjalimet-e-jozit-dhe-lul-it-nga-shkodra\/#primaryimage"},"thumbnailUrl":"http:\/\/fjala.shkoder.net\/wp-content\/uploads\/2010\/12\/permbytje_shkoder_2010-300x200.jpg","datePublished":"2010-12-02T08:36:39+00:00","breadcrumb":{"@id":"https:\/\/fjala.info\/2009-2015\/flamuri-raporton-fjalimet-e-jozit-dhe-lul-it-nga-shkodra\/#breadcrumb"},"inLanguage":"sq-AL","potentialAction":[{"@type":"ReadAction","target":["https:\/\/fjala.info\/2009-2015\/flamuri-raporton-fjalimet-e-jozit-dhe-lul-it-nga-shkodra\/"]}]},{"@type":"ImageObject","inLanguage":"sq-AL","@id":"https:\/\/fjala.info\/2009-2015\/flamuri-raporton-fjalimet-e-jozit-dhe-lul-it-nga-shkodra\/#primaryimage","url":"http:\/\/fjala.shkoder.net\/wp-content\/uploads\/2010\/12\/permbytje_shkoder_2010-300x200.jpg","contentUrl":"http:\/\/fjala.shkoder.net\/wp-content\/uploads\/2010\/12\/permbytje_shkoder_2010-300x200.jpg"},{"@type":"BreadcrumbList","@id":"https:\/\/fjala.info\/2009-2015\/flamuri-raporton-fjalimet-e-jozit-dhe-lul-it-nga-shkodra\/#breadcrumb","itemListElement":[{"@type":"ListItem","position":1,"name":"Home","item":"https:\/\/fjala.info\/2009-2015\/"},{"@type":"ListItem","position":2,"name":"Flamuri raporton fjalimet e Jozit dhe Lul-it nga Shkodra"}]},{"@type":"WebSite","@id":"https:\/\/fjala.info\/2009-2015\/#website","url":"https:\/\/fjala.info\/2009-2015\/","name":"FjALA e LIR\u00cb - Arkivi","description":"Arkivi 2009-2015","publisher":{"@id":"https:\/\/fjala.info\/2009-2015\/#organization"},"potentialAction":[{"@type":"SearchAction","target":{"@type":"EntryPoint","urlTemplate":"https:\/\/fjala.info\/2009-2015\/?s={search_term_string}"},"query-input":{"@type":"PropertyValueSpecification","valueRequired":true,"valueName":"search_term_string"}}],"inLanguage":"sq-AL"},{"@type":"Organization","@id":"https:\/\/fjala.info\/2009-2015\/#organization","name":"FjALA e LIR\u00cb - Arkivi","url":"https:\/\/fjala.info\/2009-2015\/","logo":{"@type":"ImageObject","inLanguage":"sq-AL","@id":"https:\/\/fjala.info\/2009-2015\/#\/schema\/logo\/image\/","url":"","contentUrl":"","caption":"FjALA e LIR\u00cb - Arkivi"},"image":{"@id":"https:\/\/fjala.info\/2009-2015\/#\/schema\/logo\/image\/"}},{"@type":"Person","@id":"https:\/\/fjala.info\/2009-2015\/#\/schema\/person\/3aa1163ef05469c496fc94e77611ada2","name":"admin","image":{"@type":"ImageObject","inLanguage":"sq-AL","@id":"https:\/\/fjala.info\/2009-2015\/wp-content\/uploads\/2012\/02\/arben_cokaj-120x150.jpg","url":"https:\/\/fjala.info\/2009-2015\/wp-content\/uploads\/2012\/02\/arben_cokaj-120x150.jpg","contentUrl":"https:\/\/fjala.info\/2009-2015\/wp-content\/uploads\/2012\/02\/arben_cokaj-120x150.jpg","caption":"admin"},"description":"Admin, Fjala e Lir\u00eb","sameAs":["https:\/\/fjala.info\/"],"url":"https:\/\/fjala.info\/2009-2015\/author\/admin\/"}]}},"_links":{"self":[{"href":"https:\/\/fjala.info\/2009-2015\/wp-json\/wp\/v2\/posts\/4981","targetHints":{"allow":["GET"]}}],"collection":[{"href":"https:\/\/fjala.info\/2009-2015\/wp-json\/wp\/v2\/posts"}],"about":[{"href":"https:\/\/fjala.info\/2009-2015\/wp-json\/wp\/v2\/types\/post"}],"author":[{"embeddable":true,"href":"https:\/\/fjala.info\/2009-2015\/wp-json\/wp\/v2\/users\/1"}],"replies":[{"embeddable":true,"href":"https:\/\/fjala.info\/2009-2015\/wp-json\/wp\/v2\/comments?post=4981"}],"version-history":[{"count":0,"href":"https:\/\/fjala.info\/2009-2015\/wp-json\/wp\/v2\/posts\/4981\/revisions"}],"wp:attachment":[{"href":"https:\/\/fjala.info\/2009-2015\/wp-json\/wp\/v2\/media?parent=4981"}],"wp:term":[{"taxonomy":"category","embeddable":true,"href":"https:\/\/fjala.info\/2009-2015\/wp-json\/wp\/v2\/categories?post=4981"},{"taxonomy":"post_tag","embeddable":true,"href":"https:\/\/fjala.info\/2009-2015\/wp-json\/wp\/v2\/tags?post=4981"}],"curies":[{"name":"wp","href":"https:\/\/api.w.org\/{rel}","templated":true}]}}