{"id":4979,"date":"2010-12-01T09:12:02","date_gmt":"2010-12-01T08:12:02","guid":{"rendered":"http:\/\/fjala.shkoder.net\/?p=4979"},"modified":"2010-12-01T09:12:02","modified_gmt":"2010-12-01T08:12:02","slug":"eksporti-i-fatkeqesive","status":"publish","type":"post","link":"https:\/\/fjala.info\/2009-2015\/eksporti-i-fatkeqesive\/","title":{"rendered":"Eksporti i fatkeq\u00ebsive"},"content":{"rendered":"<p><img loading=\"lazy\" decoding=\"async\" src=\"http:\/\/fjala.shkoder.net\/wp-content\/uploads\/2010\/10\/mero_baze1.jpg\" alt=\"\" title=\"Mero Baze\" width=\"149\" height=\"200\" class=\"alignright size-full wp-image-4090\" \/><br \/>\nNga <strong>Mero Baze<\/strong><\/p>\n<p>Shqip\u00ebria \u00ebsht\u00eb lakuar dy dit\u00ebt e fundit n\u00eb rajon p\u00ebr dy zhvillime shum\u00eb t\u00eb papritura. Zhvillimi i par\u00eb kishte t\u00eb b\u00ebnte me arroganc\u00ebn me t\u00eb cil\u00ebn \u201cshteti am\u00eb\u201d nd\u00ebrhyri \u201cp\u00ebr t\u00eb rrahur qysh k\u00eblysh\u201d shtetin e ri t\u00eb Kosov\u00ebs, p\u00ebr shkak se kishte guxuar t\u2019i kontrollonte bagazhet e dyshimta n\u00eb makin\u00ebn e motr\u00ebs s\u00eb deputetes Albana Vokshi dhe zhvillimi i dyt\u00eb ka t\u00eb b\u00ebj me alarmin q\u00eb po p\u00ebrhapet n\u00eb Kroaci, destinacionin m\u00eb t\u00eb mir\u00eb turistik t\u00eb bregut lindor t\u00eb Adriatikut, i cili \u00ebsht\u00eb mbushur befas me plehra t\u00eb shkuara nga Shqip\u00ebria. Mes fotografive shokuese q\u00eb boton shtypi kroat, shquan ambalazhet tona si uji \u201cBureto\u201d apo qese plastike t\u00eb EHVV.<\/p>\n<p>T\u00eb dyja k\u00ebto fenomene t\u00eb eksportuara n\u00eb rajon, me arroganc\u00eb dhe pap\u00ebrgjegj\u00ebsi, n\u00eb t\u00eb v\u00ebrtet\u00eb vizatojn\u00eb realisht identitetin e pushtetit t\u00eb sot\u00ebm n\u00eb Shqip\u00ebri. E para, q\u00eb ka t\u00eb b\u00ebj\u00eb me Albana Vokshin, nj\u00eb fem\u00ebr e familjes n\u00eb pushtet, \u00ebsht\u00eb ndoshta gj\u00ebja m\u00eb e keqe q\u00eb ky vend ka eksportuar ndonj\u00eb her\u00eb jasht\u00eb kufijve, pas financimit t\u00eb grupeve marksiste n\u00eb vitet 70-t\u00eb. Shteti i ri i Kosov\u00ebs, me rregulla dhe mentalitet t\u00eb ri, u thye fatkeq\u00ebsisht n\u00eb p\u00ebrballjen me arroganc\u00ebn e Sali Berish\u00ebs, duke i dh\u00ebn\u00eb qytetar\u00ebve t\u00eb Kosov\u00ebs nj\u00eb leksion t\u00eb eg\u00ebr t\u00eb mosnd\u00ebshkimit t\u00eb njer\u00ebzve me pushtet politik. <\/p>\n<p>Vendi, i cili ka mbetur i izoluar nga Evropa p\u00ebr shkak t\u00eb mosbesimit q\u00eb kan\u00eb ende tek institucionet e tij, do ta kishte nj\u00eb medalje t\u00eb shk\u00eblqyer n\u00eb gjoksin e vet sjelljen korrekte t\u00eb policis\u00eb dhe Gjykat\u00ebs s\u00eb Prizrenit ndaj nj\u00eb njeriu t\u00eb pushtetsh\u00ebm t\u00eb Shqip\u00ebris\u00eb, q\u00eb synon t\u00eb shkel\u00eb ligjet kudo q\u00eb i shkel k\u00ebmba. Fatkeq\u00ebsisht, Kosova pranoi t\u00eb marr\u00eb eksportin e kultur\u00ebs son\u00eb politike, at\u00eb q\u00eb Bashkimi Evropian e ka konsideruar n\u00eb raportet e tij t\u00eb tri viteve t\u00eb fundit, fenomeni i \u201cpand\u00ebshkueshm\u00ebris\u00eb\u201d. <\/p>\n<p>Me gjith\u00eb rezistenc\u00ebn fillestare dhe vendimet korrekte t\u00eb gjykatave, presioni verbal i Sali Berish\u00ebs mbi Hashim Tha\u00e7in b\u00ebri t\u00eb vet\u00ebn. Nuk dua t\u00eb hyj fare n\u00eb detajet e sjelljes prej avdalle t\u00eb Albana Vokshit, pasi e njoh aq mir\u00eb sa m\u00eb duket se kam qen\u00eb atje kur e ka b\u00ebr\u00eb at\u00eb idiot\u00ebsi. Ajo q\u00eb do t\u00eb ngrinte imazhin e shtetit t\u00eb ri t\u00eb Kosov\u00ebs dhe munges\u00ebs s\u00eb var\u00ebsis\u00eb s\u00eb tij dhe nga veset e Tiran\u00ebs, do t\u00eb ishte pik\u00ebrisht distanca q\u00eb duhet t\u00eb mbante kryeministri i Kosov\u00ebs nga puna e institucioneve t\u00eb tij. <\/p>\n<p>Por ai e humbi k\u00ebt\u00eb provim. Hak\u00ebrrimat e Sali Berish\u00ebs se k\u00ebt\u00eb pun\u00eb e ka b\u00ebr\u00eb Tan Lepuri, q\u00eb \u00ebsht\u00eb mik me Hashim Tha\u00e7in dhe presioni verbal i tij ndaj gjith\u00eb shtetit t\u00eb Kosov\u00ebs, ishte nj\u00eb test i humbur p\u00ebr shtetin e ri t\u00eb Kosov\u00ebs. Ata d\u00ebshmuan jo vet\u00ebm q\u00eb ndjehen t\u00eb p\u00ebrulur para autoritetit t\u00eb pushtetit t\u00eb Tiran\u00ebs, por kam frik\u00eb se kan\u00eb dhe adhurim p\u00ebr m\u00ebnyr\u00ebn se si Sali Berisha n\u00ebnshtron n\u00eb Shqip\u00ebri gjyq\u00ebsorin apo gjith\u00eb strukturat e shtetit. Por, p\u00ebr fatin e keq t\u00eb pushtetit n\u00eb Kosov\u00eb, aty ka dhe sy dhe vesh\u00eb per\u00ebndimor\u00eb, \u00ebsht\u00eb mes t\u00eb tjerash EULEX dhe prezenca nd\u00ebrkomb\u00ebtare, e cila do t\u00eb raportoj\u00eb me d\u00ebshp\u00ebrim p\u00ebr k\u00ebt\u00eb gjest. <\/p>\n<p>Edhe pse krahasimi nuk vlen simbolikisht, d\u00ebshmimi i nj\u00eb var\u00ebsie t\u00eb till\u00eb ndaj Tiran\u00ebs zyrtare e b\u00ebn shum\u00eb t\u00eb pafuqish\u00ebm Hashim Tha\u00e7in dhe k\u00ebdo tjet\u00ebr q\u00eb do t\u00eb qeveris\u00eb Kosov\u00ebn p\u00ebr t\u2019u treguar kufirin serb\u00ebve n\u00eb Veri, apo arroganc\u00ebs s\u00eb tyre p\u00ebr t\u00eb mos e konsideruar kufirin Kosov\u00eb- Serbi. Dhe kur mendon se e gjith\u00eb kjo vjen nga presioni dhe arroganca q\u00eb Sali Berisha do t\u00eb eksportoj\u00eb n\u00eb Kosov\u00eb, ndjehesh keq q\u00eb Shqip\u00ebria b\u00ebhet aleatja dhe avokatja m\u00eb e mir\u00eb e Serbis\u00eb n\u00eb m\u00ebnyr\u00ebn se si ajo sillet me Kosov\u00ebn. <\/p>\n<p>Paternalizmi arrogant i Sali Berish\u00ebs e v\u00eb Kosov\u00ebn n\u00eb pozita t\u00eb v\u00ebshtir\u00eb, pasi ajo e ka tani edhe m\u00eb t\u00eb v\u00ebshtir\u00eb t\u00eb justifikoj\u00eb qoft\u00eb dhe formalisht ndalimin e zyrtar\u00ebve serb n\u00eb kufi, apo kontrollin e bagazheve t\u00eb tyre. E gjendur mes nj\u00eb shteti q\u00eb nuk e njeh Kosov\u00ebn p\u00ebr shkak t\u00eb historis\u00eb dhe mentalitetit kolonialist t\u00eb saj dhe nj\u00eb shteti q\u00eb e njeh, por e do si domen t\u00eb zgjatur t\u00eb pushtetit t\u00eb saj, Kosova duhet t\u00eb d\u00ebshmoj\u00eb se ka historin\u00eb e saj, q\u00eb nuk lidhet as me pushtetin serb n\u00eb Beograd dhe me as pushtetin e Sali Berish\u00ebs n\u00eb Tiran\u00eb.<\/p>\n<p>Zhvillimi i dyt\u00eb negativ q\u00eb ka t\u00eb b\u00ebj\u00eb me eksportet e Shqip\u00ebris\u00eb n\u00eb k\u00ebto koh\u00eb \u00ebsht\u00eb eksporti i plehrave drejt Kroacis\u00eb. N\u00eb dit\u00ebn q\u00eb Shqip\u00ebria deklaroi se do t\u00eb heq\u00eb doganat p\u00ebr importin e plehrave dhe do t\u00eb favorizoj\u00eb ardhjen e tyre p\u00ebr p\u00ebrpunim n\u00eb Shqip\u00ebri, si me dor\u00eb t\u00eb Zotit, i d\u00ebshmoi gjith\u00eb rajonit se \u00ebsht\u00eb nj vend i pap\u00ebrgjegjsh\u00ebm, nj\u00eb territor i pamenaxhuesh\u00ebm dhe nj\u00eb qeveri g\u00ebnjeshtare. Derrat e mbytur n\u00eb Lezh\u00eb nga p\u00ebrmbytja dhe mij\u00ebra tonelata materiale plastike me gjith\u00eb markat e uj\u00ebrave dhe plasmas\u00ebve t\u00eb Shqip\u00ebris\u00eb kan\u00eb mbushur bregdetin e Dubrovnikut duke tmerruar vendin m\u00eb turistik t\u00eb rajonit. Sikur nj\u00eb mij\u00eb spote t\u00eb kishe porositur kund\u00ebr g\u00ebnjeshtrave t\u00eb Sali Berish\u00ebs, asgj\u00eb nuk \u00ebsht\u00eb m\u00eb shokuese dhe bind\u00ebse se kjo q\u00eb ka ndodhur.<\/p>\n<p>N\u00eb k\u00ebto koh\u00eb krize, kur Shqip\u00ebria \u00ebsht\u00eb vend konsumator dhe aktualisht si l\u00ebnd\u00eb t\u00eb par\u00eb konsumon vet\u00ebm g\u00ebnjeshtrat e qeveris\u00eb, dy gj\u00ebrat e vetme q\u00eb eksportoi k\u00ebt\u00eb fundjav\u00eb jan\u00eb t\u00eb dyja helmuese p\u00ebr rajonin. E para \u00ebsht\u00eb asfiksuese p\u00ebr demokracin\u00eb e re n\u00eb Kosov\u00eb dhe shtetin ligjor atje, e dyta p\u00ebr turizmin dhe imazhin e Shqip\u00ebris\u00eb n\u00eb nj\u00eb vend, i cili \u00ebsht\u00eb duke hyr\u00eb n\u00eb BE, dhe t\u00eb par\u00ebt mysafir\u00eb pa viza nga Shqip\u00ebria u b\u00ebn\u00eb plehrat e saj.<\/p>\n","protected":false},"excerpt":{"rendered":"<p>Nga Mero Baze Shqip\u00ebria \u00ebsht\u00eb lakuar dy dit\u00ebt e fundit n\u00eb rajon p\u00ebr dy zhvillime shum\u00eb t\u00eb papritura. Zhvillimi i par\u00eb kishte t\u00eb b\u00ebnte me arroganc\u00ebn me t\u00eb cil\u00ebn \u201cshteti am\u00eb\u201d nd\u00ebrhyri \u201cp\u00ebr t\u00eb rrahur qysh k\u00eblysh\u201d shtetin e ri t\u00eb Kosov\u00ebs, p\u00ebr shkak se kishte guxuar t\u2019i kontrollonte bagazhet e dyshimta n\u00eb makin\u00ebn e [&hellip;]<\/p>\n","protected":false},"author":1,"featured_media":0,"comment_status":"open","ping_status":"closed","sticky":false,"template":"","format":"standard","meta":{"footnotes":""},"categories":[2],"tags":[],"class_list":{"0":"post-4979","1":"post","2":"type-post","3":"status-publish","4":"format-standard","6":"category-artikuj"},"yoast_head":"<!-- This site is optimized with the Yoast SEO plugin v27.4 - https:\/\/yoast.com\/product\/yoast-seo-wordpress\/ -->\n<title>Eksporti i fatkeq\u00ebsive - FjALA e LIR\u00cb - Arkivi<\/title>\n<meta name=\"robots\" content=\"index, follow, max-snippet:-1, max-image-preview:large, max-video-preview:-1\" \/>\n<link rel=\"canonical\" href=\"https:\/\/fjala.info\/2009-2015\/eksporti-i-fatkeqesive\/\" \/>\n<meta property=\"og:locale\" content=\"sq_AL\" \/>\n<meta property=\"og:type\" content=\"article\" \/>\n<meta property=\"og:title\" content=\"Eksporti i fatkeq\u00ebsive - FjALA e LIR\u00cb - Arkivi\" \/>\n<meta property=\"og:description\" content=\"Nga Mero Baze Shqip\u00ebria \u00ebsht\u00eb lakuar dy dit\u00ebt e fundit n\u00eb rajon p\u00ebr dy zhvillime shum\u00eb t\u00eb papritura. Zhvillimi i par\u00eb kishte t\u00eb b\u00ebnte me arroganc\u00ebn me t\u00eb cil\u00ebn \u201cshteti am\u00eb\u201d nd\u00ebrhyri \u201cp\u00ebr t\u00eb rrahur qysh k\u00eblysh\u201d shtetin e ri t\u00eb Kosov\u00ebs, p\u00ebr shkak se kishte guxuar t\u2019i kontrollonte bagazhet e dyshimta n\u00eb makin\u00ebn e [&hellip;]\" \/>\n<meta property=\"og:url\" content=\"https:\/\/fjala.info\/2009-2015\/eksporti-i-fatkeqesive\/\" \/>\n<meta property=\"og:site_name\" content=\"FjALA e LIR\u00cb - Arkivi\" \/>\n<meta property=\"article:published_time\" content=\"2010-12-01T08:12:02+00:00\" \/>\n<meta property=\"og:image\" content=\"http:\/\/fjala.shkoder.net\/wp-content\/uploads\/2010\/10\/mero_baze1.jpg\" \/>\n<meta name=\"author\" content=\"admin\" \/>\n<meta name=\"twitter:card\" content=\"summary_large_image\" \/>\n<meta name=\"twitter:label1\" content=\"Written by\" \/>\n\t<meta name=\"twitter:data1\" content=\"admin\" \/>\n\t<meta name=\"twitter:label2\" content=\"Est. reading time\" \/>\n\t<meta name=\"twitter:data2\" content=\"5 minutes\" \/>\n<script type=\"application\/ld+json\" class=\"yoast-schema-graph\">{\"@context\":\"https:\\\/\\\/schema.org\",\"@graph\":[{\"@type\":\"Article\",\"@id\":\"https:\\\/\\\/fjala.info\\\/2009-2015\\\/eksporti-i-fatkeqesive\\\/#article\",\"isPartOf\":{\"@id\":\"https:\\\/\\\/fjala.info\\\/2009-2015\\\/eksporti-i-fatkeqesive\\\/\"},\"author\":{\"name\":\"admin\",\"@id\":\"https:\\\/\\\/fjala.info\\\/2009-2015\\\/#\\\/schema\\\/person\\\/3aa1163ef05469c496fc94e77611ada2\"},\"headline\":\"Eksporti i fatkeq\u00ebsive\",\"datePublished\":\"2010-12-01T08:12:02+00:00\",\"mainEntityOfPage\":{\"@id\":\"https:\\\/\\\/fjala.info\\\/2009-2015\\\/eksporti-i-fatkeqesive\\\/\"},\"wordCount\":1059,\"commentCount\":0,\"publisher\":{\"@id\":\"https:\\\/\\\/fjala.info\\\/2009-2015\\\/#organization\"},\"image\":{\"@id\":\"https:\\\/\\\/fjala.info\\\/2009-2015\\\/eksporti-i-fatkeqesive\\\/#primaryimage\"},\"thumbnailUrl\":\"http:\\\/\\\/fjala.shkoder.net\\\/wp-content\\\/uploads\\\/2010\\\/10\\\/mero_baze1.jpg\",\"articleSection\":[\"Artikuj\"],\"inLanguage\":\"sq-AL\",\"potentialAction\":[{\"@type\":\"CommentAction\",\"name\":\"Comment\",\"target\":[\"https:\\\/\\\/fjala.info\\\/2009-2015\\\/eksporti-i-fatkeqesive\\\/#respond\"]}]},{\"@type\":\"WebPage\",\"@id\":\"https:\\\/\\\/fjala.info\\\/2009-2015\\\/eksporti-i-fatkeqesive\\\/\",\"url\":\"https:\\\/\\\/fjala.info\\\/2009-2015\\\/eksporti-i-fatkeqesive\\\/\",\"name\":\"Eksporti i fatkeq\u00ebsive - FjALA e LIR\u00cb - Arkivi\",\"isPartOf\":{\"@id\":\"https:\\\/\\\/fjala.info\\\/2009-2015\\\/#website\"},\"primaryImageOfPage\":{\"@id\":\"https:\\\/\\\/fjala.info\\\/2009-2015\\\/eksporti-i-fatkeqesive\\\/#primaryimage\"},\"image\":{\"@id\":\"https:\\\/\\\/fjala.info\\\/2009-2015\\\/eksporti-i-fatkeqesive\\\/#primaryimage\"},\"thumbnailUrl\":\"http:\\\/\\\/fjala.shkoder.net\\\/wp-content\\\/uploads\\\/2010\\\/10\\\/mero_baze1.jpg\",\"datePublished\":\"2010-12-01T08:12:02+00:00\",\"breadcrumb\":{\"@id\":\"https:\\\/\\\/fjala.info\\\/2009-2015\\\/eksporti-i-fatkeqesive\\\/#breadcrumb\"},\"inLanguage\":\"sq-AL\",\"potentialAction\":[{\"@type\":\"ReadAction\",\"target\":[\"https:\\\/\\\/fjala.info\\\/2009-2015\\\/eksporti-i-fatkeqesive\\\/\"]}]},{\"@type\":\"ImageObject\",\"inLanguage\":\"sq-AL\",\"@id\":\"https:\\\/\\\/fjala.info\\\/2009-2015\\\/eksporti-i-fatkeqesive\\\/#primaryimage\",\"url\":\"http:\\\/\\\/fjala.shkoder.net\\\/wp-content\\\/uploads\\\/2010\\\/10\\\/mero_baze1.jpg\",\"contentUrl\":\"http:\\\/\\\/fjala.shkoder.net\\\/wp-content\\\/uploads\\\/2010\\\/10\\\/mero_baze1.jpg\"},{\"@type\":\"BreadcrumbList\",\"@id\":\"https:\\\/\\\/fjala.info\\\/2009-2015\\\/eksporti-i-fatkeqesive\\\/#breadcrumb\",\"itemListElement\":[{\"@type\":\"ListItem\",\"position\":1,\"name\":\"Home\",\"item\":\"https:\\\/\\\/fjala.info\\\/2009-2015\\\/\"},{\"@type\":\"ListItem\",\"position\":2,\"name\":\"Eksporti i fatkeq\u00ebsive\"}]},{\"@type\":\"WebSite\",\"@id\":\"https:\\\/\\\/fjala.info\\\/2009-2015\\\/#website\",\"url\":\"https:\\\/\\\/fjala.info\\\/2009-2015\\\/\",\"name\":\"FjALA e LIR\u00cb - Arkivi\",\"description\":\"Arkivi 2009-2015\",\"publisher\":{\"@id\":\"https:\\\/\\\/fjala.info\\\/2009-2015\\\/#organization\"},\"potentialAction\":[{\"@type\":\"SearchAction\",\"target\":{\"@type\":\"EntryPoint\",\"urlTemplate\":\"https:\\\/\\\/fjala.info\\\/2009-2015\\\/?s={search_term_string}\"},\"query-input\":{\"@type\":\"PropertyValueSpecification\",\"valueRequired\":true,\"valueName\":\"search_term_string\"}}],\"inLanguage\":\"sq-AL\"},{\"@type\":\"Organization\",\"@id\":\"https:\\\/\\\/fjala.info\\\/2009-2015\\\/#organization\",\"name\":\"FjALA e LIR\u00cb - Arkivi\",\"url\":\"https:\\\/\\\/fjala.info\\\/2009-2015\\\/\",\"logo\":{\"@type\":\"ImageObject\",\"inLanguage\":\"sq-AL\",\"@id\":\"https:\\\/\\\/fjala.info\\\/2009-2015\\\/#\\\/schema\\\/logo\\\/image\\\/\",\"url\":\"\",\"contentUrl\":\"\",\"caption\":\"FjALA e LIR\u00cb - Arkivi\"},\"image\":{\"@id\":\"https:\\\/\\\/fjala.info\\\/2009-2015\\\/#\\\/schema\\\/logo\\\/image\\\/\"}},{\"@type\":\"Person\",\"@id\":\"https:\\\/\\\/fjala.info\\\/2009-2015\\\/#\\\/schema\\\/person\\\/3aa1163ef05469c496fc94e77611ada2\",\"name\":\"admin\",\"image\":{\"@type\":\"ImageObject\",\"inLanguage\":\"sq-AL\",\"@id\":\"https:\\\/\\\/fjala.info\\\/2009-2015\\\/wp-content\\\/uploads\\\/2012\\\/02\\\/arben_cokaj-120x150.jpg\",\"url\":\"https:\\\/\\\/fjala.info\\\/2009-2015\\\/wp-content\\\/uploads\\\/2012\\\/02\\\/arben_cokaj-120x150.jpg\",\"contentUrl\":\"https:\\\/\\\/fjala.info\\\/2009-2015\\\/wp-content\\\/uploads\\\/2012\\\/02\\\/arben_cokaj-120x150.jpg\",\"caption\":\"admin\"},\"description\":\"Admin, Fjala e Lir\u00eb\",\"sameAs\":[\"https:\\\/\\\/fjala.info\\\/\"],\"url\":\"https:\\\/\\\/fjala.info\\\/2009-2015\\\/author\\\/admin\\\/\"}]}<\/script>\n<!-- \/ Yoast SEO plugin. -->","yoast_head_json":{"title":"Eksporti i fatkeq\u00ebsive - FjALA e LIR\u00cb - Arkivi","robots":{"index":"index","follow":"follow","max-snippet":"max-snippet:-1","max-image-preview":"max-image-preview:large","max-video-preview":"max-video-preview:-1"},"canonical":"https:\/\/fjala.info\/2009-2015\/eksporti-i-fatkeqesive\/","og_locale":"sq_AL","og_type":"article","og_title":"Eksporti i fatkeq\u00ebsive - FjALA e LIR\u00cb - Arkivi","og_description":"Nga Mero Baze Shqip\u00ebria \u00ebsht\u00eb lakuar dy dit\u00ebt e fundit n\u00eb rajon p\u00ebr dy zhvillime shum\u00eb t\u00eb papritura. Zhvillimi i par\u00eb kishte t\u00eb b\u00ebnte me arroganc\u00ebn me t\u00eb cil\u00ebn \u201cshteti am\u00eb\u201d nd\u00ebrhyri \u201cp\u00ebr t\u00eb rrahur qysh k\u00eblysh\u201d shtetin e ri t\u00eb Kosov\u00ebs, p\u00ebr shkak se kishte guxuar t\u2019i kontrollonte bagazhet e dyshimta n\u00eb makin\u00ebn e [&hellip;]","og_url":"https:\/\/fjala.info\/2009-2015\/eksporti-i-fatkeqesive\/","og_site_name":"FjALA e LIR\u00cb - Arkivi","article_published_time":"2010-12-01T08:12:02+00:00","og_image":[{"url":"http:\/\/fjala.shkoder.net\/wp-content\/uploads\/2010\/10\/mero_baze1.jpg","type":"","width":"","height":""}],"author":"admin","twitter_card":"summary_large_image","twitter_misc":{"Written by":"admin","Est. reading time":"5 minutes"},"schema":{"@context":"https:\/\/schema.org","@graph":[{"@type":"Article","@id":"https:\/\/fjala.info\/2009-2015\/eksporti-i-fatkeqesive\/#article","isPartOf":{"@id":"https:\/\/fjala.info\/2009-2015\/eksporti-i-fatkeqesive\/"},"author":{"name":"admin","@id":"https:\/\/fjala.info\/2009-2015\/#\/schema\/person\/3aa1163ef05469c496fc94e77611ada2"},"headline":"Eksporti i fatkeq\u00ebsive","datePublished":"2010-12-01T08:12:02+00:00","mainEntityOfPage":{"@id":"https:\/\/fjala.info\/2009-2015\/eksporti-i-fatkeqesive\/"},"wordCount":1059,"commentCount":0,"publisher":{"@id":"https:\/\/fjala.info\/2009-2015\/#organization"},"image":{"@id":"https:\/\/fjala.info\/2009-2015\/eksporti-i-fatkeqesive\/#primaryimage"},"thumbnailUrl":"http:\/\/fjala.shkoder.net\/wp-content\/uploads\/2010\/10\/mero_baze1.jpg","articleSection":["Artikuj"],"inLanguage":"sq-AL","potentialAction":[{"@type":"CommentAction","name":"Comment","target":["https:\/\/fjala.info\/2009-2015\/eksporti-i-fatkeqesive\/#respond"]}]},{"@type":"WebPage","@id":"https:\/\/fjala.info\/2009-2015\/eksporti-i-fatkeqesive\/","url":"https:\/\/fjala.info\/2009-2015\/eksporti-i-fatkeqesive\/","name":"Eksporti i fatkeq\u00ebsive - FjALA e LIR\u00cb - Arkivi","isPartOf":{"@id":"https:\/\/fjala.info\/2009-2015\/#website"},"primaryImageOfPage":{"@id":"https:\/\/fjala.info\/2009-2015\/eksporti-i-fatkeqesive\/#primaryimage"},"image":{"@id":"https:\/\/fjala.info\/2009-2015\/eksporti-i-fatkeqesive\/#primaryimage"},"thumbnailUrl":"http:\/\/fjala.shkoder.net\/wp-content\/uploads\/2010\/10\/mero_baze1.jpg","datePublished":"2010-12-01T08:12:02+00:00","breadcrumb":{"@id":"https:\/\/fjala.info\/2009-2015\/eksporti-i-fatkeqesive\/#breadcrumb"},"inLanguage":"sq-AL","potentialAction":[{"@type":"ReadAction","target":["https:\/\/fjala.info\/2009-2015\/eksporti-i-fatkeqesive\/"]}]},{"@type":"ImageObject","inLanguage":"sq-AL","@id":"https:\/\/fjala.info\/2009-2015\/eksporti-i-fatkeqesive\/#primaryimage","url":"http:\/\/fjala.shkoder.net\/wp-content\/uploads\/2010\/10\/mero_baze1.jpg","contentUrl":"http:\/\/fjala.shkoder.net\/wp-content\/uploads\/2010\/10\/mero_baze1.jpg"},{"@type":"BreadcrumbList","@id":"https:\/\/fjala.info\/2009-2015\/eksporti-i-fatkeqesive\/#breadcrumb","itemListElement":[{"@type":"ListItem","position":1,"name":"Home","item":"https:\/\/fjala.info\/2009-2015\/"},{"@type":"ListItem","position":2,"name":"Eksporti i fatkeq\u00ebsive"}]},{"@type":"WebSite","@id":"https:\/\/fjala.info\/2009-2015\/#website","url":"https:\/\/fjala.info\/2009-2015\/","name":"FjALA e LIR\u00cb - Arkivi","description":"Arkivi 2009-2015","publisher":{"@id":"https:\/\/fjala.info\/2009-2015\/#organization"},"potentialAction":[{"@type":"SearchAction","target":{"@type":"EntryPoint","urlTemplate":"https:\/\/fjala.info\/2009-2015\/?s={search_term_string}"},"query-input":{"@type":"PropertyValueSpecification","valueRequired":true,"valueName":"search_term_string"}}],"inLanguage":"sq-AL"},{"@type":"Organization","@id":"https:\/\/fjala.info\/2009-2015\/#organization","name":"FjALA e LIR\u00cb - Arkivi","url":"https:\/\/fjala.info\/2009-2015\/","logo":{"@type":"ImageObject","inLanguage":"sq-AL","@id":"https:\/\/fjala.info\/2009-2015\/#\/schema\/logo\/image\/","url":"","contentUrl":"","caption":"FjALA e LIR\u00cb - Arkivi"},"image":{"@id":"https:\/\/fjala.info\/2009-2015\/#\/schema\/logo\/image\/"}},{"@type":"Person","@id":"https:\/\/fjala.info\/2009-2015\/#\/schema\/person\/3aa1163ef05469c496fc94e77611ada2","name":"admin","image":{"@type":"ImageObject","inLanguage":"sq-AL","@id":"https:\/\/fjala.info\/2009-2015\/wp-content\/uploads\/2012\/02\/arben_cokaj-120x150.jpg","url":"https:\/\/fjala.info\/2009-2015\/wp-content\/uploads\/2012\/02\/arben_cokaj-120x150.jpg","contentUrl":"https:\/\/fjala.info\/2009-2015\/wp-content\/uploads\/2012\/02\/arben_cokaj-120x150.jpg","caption":"admin"},"description":"Admin, Fjala e Lir\u00eb","sameAs":["https:\/\/fjala.info\/"],"url":"https:\/\/fjala.info\/2009-2015\/author\/admin\/"}]}},"_links":{"self":[{"href":"https:\/\/fjala.info\/2009-2015\/wp-json\/wp\/v2\/posts\/4979","targetHints":{"allow":["GET"]}}],"collection":[{"href":"https:\/\/fjala.info\/2009-2015\/wp-json\/wp\/v2\/posts"}],"about":[{"href":"https:\/\/fjala.info\/2009-2015\/wp-json\/wp\/v2\/types\/post"}],"author":[{"embeddable":true,"href":"https:\/\/fjala.info\/2009-2015\/wp-json\/wp\/v2\/users\/1"}],"replies":[{"embeddable":true,"href":"https:\/\/fjala.info\/2009-2015\/wp-json\/wp\/v2\/comments?post=4979"}],"version-history":[{"count":0,"href":"https:\/\/fjala.info\/2009-2015\/wp-json\/wp\/v2\/posts\/4979\/revisions"}],"wp:attachment":[{"href":"https:\/\/fjala.info\/2009-2015\/wp-json\/wp\/v2\/media?parent=4979"}],"wp:term":[{"taxonomy":"category","embeddable":true,"href":"https:\/\/fjala.info\/2009-2015\/wp-json\/wp\/v2\/categories?post=4979"},{"taxonomy":"post_tag","embeddable":true,"href":"https:\/\/fjala.info\/2009-2015\/wp-json\/wp\/v2\/tags?post=4979"}],"curies":[{"name":"wp","href":"https:\/\/api.w.org\/{rel}","templated":true}]}}