{"id":4974,"date":"2010-12-01T08:53:24","date_gmt":"2010-12-01T07:53:24","guid":{"rendered":"http:\/\/fjala.shkoder.net\/?p=4974"},"modified":"2010-12-01T08:53:24","modified_gmt":"2010-12-01T07:53:24","slug":"momenti-per-ti-dhene-kuptim-shtetit","status":"publish","type":"post","link":"https:\/\/fjala.info\/2009-2015\/momenti-per-ti-dhene-kuptim-shtetit\/","title":{"rendered":"Momenti p\u00ebr t\u2019i dh\u00ebn\u00eb kuptim shtetit"},"content":{"rendered":"<p><img decoding=\"async\" src=\"http:\/\/fjala.shkoder.net\/wp-content\/uploads\/2010\/10\/ndue_ukaj2.jpg\" alt=\"\" title=\"Ndue Ukaj\" width=\"150\" class=\"alignright size-full wp-image-4218\" \/><br \/>\nNga <strong>Ndue Ukaj<\/strong><\/p>\n<p>Nj\u00eb shoq\u00ebri, komb a shtet, p\u00ebr t\u00eb jetuar n\u00eb liri, duhet t\u00eb refuzoj n\u00ebnshtrimin. Cilido qoft\u00eb ai. Asnj\u00eb \u00e7mim s\u2019e arsyeton n\u00ebnshtrimin, shitjen e vullnetit politik dhe qytetar. Kjo \u00ebsht\u00eb premisa e par\u00eb p\u00ebr t\u00eb krijuar nj\u00eb shoq\u00ebri me vlera dhe parime t\u00eb sh\u00ebndosha, nj\u00eb shoq\u00ebri t\u00eb sh\u00ebndosh\u00eb dhe me nj\u00eb sistem te konsoliduar demokratik. Nj\u00eb shoq\u00ebri p\u00ebr t\u00eb gjith\u00eb, n\u00eb t\u00eb cil\u00ebn t\u00eb gjith\u00eb kontribuojn\u00eb dhe nga e cila, t\u00eb gjith\u00eb p\u00ebrfitojn\u00eb. Nj\u00eb shoq\u00ebri, ku shteti \u00ebsht\u00eb p\u00ebr \u00e7do k\u00ebnd dhe \u00e7do her\u00eb.<\/p>\n<p>A \u00ebsht\u00eb Kosova e till\u00eb? Mendjet racionale as q\u00eb duan t\u00eb diskutojn\u00eb p\u00ebr k\u00ebt\u00eb, sepse e v\u00ebrteta \u00ebsht\u00eb aq ndryshe, sa t\u00eb kap trishtimi. P\u00ebr \u00e7do qytetar t\u00eb Kosov\u00ebs, pyetja, n\u00ebse ka demokraci t\u00eb sh\u00ebndosh\u00eb n\u00eb k\u00ebt\u00eb vend, \u00ebsht\u00eb shnd\u00ebrruar n\u00eb makth. N\u00eb makth \u00ebsht\u00eb shnd\u00ebrruar edhe vet\u00eb \u00e7\u00ebshtja e ekzistenc\u00ebs s\u00eb shtetit t\u00eb Kosov\u00ebs. <\/p>\n<p>Prandaj, p\u00ebr t\u2019i dh\u00ebn\u00eb fund k\u00ebsaj anarkie, e cila po sundon ne ket\u00eb vend t\u00eb mrekulluesh\u00ebm; me i dh\u00ebn\u00eb fund k\u00ebtij d\u00ebshp\u00ebrimi, qe ka triumfuar mbi idealet tona; me i dh\u00ebn\u00eb fund k\u00ebsaj lufte politike t\u00eb pashembullt q\u00eb zhvillohet k\u00ebtu, pa asnj\u00eb parim e asnj\u00eb vler\u00eb; me i dh\u00ebn\u00eb fund k\u00ebsaj prapambeturi e k\u00ebtij dembell\u00ebku oriental, shqiptar\u00ebt e mir\u00eb duhet t\u00eb refuzojn\u00eb n\u00ebnshtrimin. Nd\u00ebrsa elitat intelektuale, duhet t\u00eb dij\u00eb t\u00eb form\u00ebsoj\u00eb nj\u00eb shpirt kreativ, nj\u00eb kultur\u00eb t\u00eb sistemit, p\u00ebrkund\u00ebr asaj t\u00eb anarkis\u00eb, instikteve dhe heshtjes q\u00eb po na p\u00ebrcjell dhe ngulfat.<\/p>\n<p>Kosova ka nevoj\u00eb p\u00ebr nj\u00eb mentalitet t\u00eb ri udh\u00ebheq\u00ebs, i cili, me men\u00e7uri, kreativitet dhe mend\u00ebsi sistematik, do t\u00eb krijonte mund\u00ebsi q\u00eb k\u00ebt\u00eb vend t\u00eb mrekulluesh\u00ebm, ta rikthej\u00eb n\u00eb binaret e vlerave t\u00eb d\u00ebshmuara per\u00ebndimore. Thuhet me t\u00eb drejt\u00eb se \u00e7do pun\u00eb e mir\u00eb, e ka statusin e till\u00eb vet\u00ebm kur vihet n\u00eb raport krahasimi me tjera, t\u00eb mira, m\u00eb t\u00eb mira e t\u00eb d\u00ebshmuara. N\u00eb fakt, Kosova, p\u00ebr shkak t\u00eb nj\u00eb historie m\u00eb se tragjike, v\u00ebshtir\u00eb mund t\u00eb krahasohet me ndonj\u00eb vend, brenda p\u00ebrkat\u00ebsis\u00eb evropiane, ku \u00ebsht\u00eb dhe gjallon. E, ku aspiron t\u00eb jet\u00eb p\u00ebrfundimisht.<\/p>\n<p>Kosova \u00ebsht\u00eb duke u m\u00ebk\u00ebmbur nga e kaluara dhe vitet e munges\u00ebs. Prandaj, \u00ebsht\u00eb ky rrug\u00ebtim me rreziqe t\u00eb m\u00ebdha, kur mund t\u00eb b\u00ebhen gabime t\u00eb pariparueshme. Ashtu sikur nj\u00eb f\u00ebmije t\u00eb njom\u00eb q\u00eb i duhen k\u00ebpuc\u00eb stabile, p\u00ebrkujdesje, kur fillon t\u00eb ec\u00eb, ashtu vendit ton\u00eb i duhet nj\u00eb elit\u00eb politike e men\u00e7ur, nj\u00eb elit\u00eb politike e aft\u00eb, nj\u00eb elit\u00eb politike e guximshme, e cila do t\u00eb dij\u00eb t\u2019i jet\u00ebsoj idet\u00eb dhe idealet per\u00ebndimore, p\u00ebr shtetin ton\u00eb dhe t\u00eb ardhmen e tij.<\/p>\n<p>Kosova e nes\u00ebrme, Kosova e ardhme, varet edhe prej nesh, prej veprimeve tona, prej ideve tona, prej pun\u00ebve tona, prej vullnetit ton\u00eb. P\u00ebr tu krijuar kushtet q\u00eb t\u00eb ndodh\u00eb kjo, duhet besuar n\u00eb forc\u00ebn e ndryshimeve. Nd\u00ebrkaq pik\u00ebrisht n\u00eb k\u00ebt\u00eb mund t\u00eb na ndihmoj e kaluara. N\u00eb k\u00ebt\u00eb kontekst, n\u00eb sh\u00ebrben nj\u00eb referenc\u00eb e At Gjergj Fisht\u00ebs, kur shkruante se: \u201cPer me sundue nji shtet, nuk asht mjaft dhelpnija, dredhija, intriga, batakcilleku, rena, trathtija; duhet ndere, dije, urti, burni: qe se shka duhet\u201d. <\/p>\n<p>K\u00ebto q\u00eb duhen p\u00ebr t\u00eb qeverisur nj\u00eb shtet, vendit ton\u00eb, ka koh\u00eb q\u00eb i mungojn\u00eb, prandaj, te ne, ndjehet ankthsh\u00ebm dhe n\u00eb \u00e7do segment, mungesa e shtetit. Apo, n\u00eb variante tjera, shteti p\u00ebr ne, th\u00ebn\u00eb me gjuh\u00ebn popullore, \u00ebsht\u00eb b\u00ebr\u00eb nj\u00eb njerk\u00eb, q\u00eb p\u00ebrkund kur nuk duhet dhe i l\u00eb n\u00eb vaj, pik\u00ebrisht kur duhet. Pik\u00ebrisht kjo gjendje, duhet t\u00eb jet\u00eb motiv p\u00ebr mendjet e ndritura, p\u00ebr t\u00eb refuzuar k\u00ebt\u00eb logjike t\u00eb krijimit t\u00eb shtetit dhe p\u00ebr t\u00eb synuar gjall\u00ebrimin e ideve dhe idealeve p\u00ebr nj\u00eb vend, me plot\u00eb kuptimin e fjal\u00ebs, demokratik, evropian dhe n\u00eb funksion t\u00eb interesave t\u00eb p\u00ebrbashk\u00ebta.<\/p>\n<p>Tanim\u00eb \u00ebsht\u00eb b\u00ebr\u00eb klishe t\u00eb thuhet se Kosova k\u00ebt\u00eb her\u00eb ndodhet para sfidave t\u00eb m\u00ebdha, para pun\u00ebve t\u00eb m\u00ebdha, para p\u00ebrgjegj\u00ebsive t\u00eb m\u00ebdha. \u00c7\u2019\u00ebsht\u00eb e v\u00ebrteta, Kosova ka koh\u00eb q\u00eb ndodhet n\u00ebp\u00ebr sfida. Mir\u00ebpo q\u00eb t\u00eb tejkalohen k\u00ebto sfida duhet populli t\u00eb merr guximin p\u00ebr t\u00eb vepruar ndryshe, q\u00eb sfidat t\u00eb mos p\u00ebrdor\u00ebn si instrumente p\u00ebr abuzime me vot\u00ebn e tyre, me lirin\u00eb e tyre, me ardhm\u00ebrin\u00eb e tyre, duhet tejkaluar sfid\u00ebn e gjitha sfidave, parakushtin e gjitha parakushteve. <\/p>\n<p>Me dit\u00eb me jetua t\u00eb lir\u00eb dhe me veprua t\u00eb lir\u00eb. Prandaj, sfida me e madhe p\u00ebr Kosov\u00ebn \u00ebsht\u00eb tejkalimi i mend\u00ebsis\u00eb klanore, farefisnore, mentalitetin joevropian. Sfida m\u00eb serioze p\u00ebr Kosov\u00ebn \u00ebsht\u00eb, ta funksionalizoj\u00eb mentalitetin dhe kultur\u00ebn per\u00ebndimore, si pjese e mend\u00ebsis\u00eb shqiptare, t\u00eb mentalitetit shqiptar, t\u00eb konceptit p\u00ebr shtetin, p\u00ebr kombin, p\u00ebr shoq\u00ebrin\u00eb dhe p\u00ebr politik\u00ebn.<br \/>\nNga empirik\u00ebt e dim\u00eb se shtetet ecin para jo me rrahagjoks, por nga njer\u00ebz t\u00eb zot\u00eb, q\u00eb v\u00ebn\u00eb n\u00eb ball\u00eb inteligjenc\u00ebn. Vet\u00ebm at\u00ebher\u00eb shpresat p\u00ebr nj\u00eb Kosov\u00eb sic e kan\u00eb \u00ebnd\u00ebrruar shum\u00eb breza, mund t\u00eb send\u00ebrtohet.<\/p>\n<p>Ne kemi nj\u00eb politike dhe elit\u00eb, e cila, deri me tani, \u00ebsht\u00eb b\u00ebr\u00eb rob i mentalitet farefis-nillekut, primitivizmit, ideve fundamentaliste dhe interesave tep\u00ebr t\u00eb ngusht\u00eb. Rrall\u00eb t\u00eb bie t\u00eb d\u00ebgjosh, e hi\u00e7 m\u00eb pak t\u00eb lexosh, ide dhe ideale q\u00eb k\u00ebrkojn\u00eb dhe promovojn\u00eb interesat e p\u00ebrbashk\u00ebta, kultur\u00eb t\u00eb p\u00ebrbashk\u00ebt, mend\u00ebsi t\u00eb p\u00ebrbashk\u00ebt. \u00cbsht\u00eb e v\u00ebrtet\u00eb se kemi trash\u00ebgua nj\u00eb te keqe te madhe, mir\u00ebpo, p\u00ebrball\u00eb k\u00ebtyre t\u00eb k\u00ebqijave q\u00eb jan\u00eb t\u00eb natyrave t\u00eb shumta, duhet t\u00eb kemi z\u00eb unik, sidomos n\u00eb \u00e7\u00ebshtje kruciale, q\u00eb lidhen me mentalitetin ton\u00eb, kultur\u00ebn ton\u00eb, t\u00eb tashmen dhe historin\u00eb ton\u00eb.<br \/>\nKombet dhe shtet mund t\u00eb shkat\u00ebrrohen fizikisht. Ndodhin luft\u00ebra dhe gj\u00ebra tjera. <\/p>\n<p>Mir\u00ebpo fuqia shpirt\u00ebrore \u00ebsht\u00eb ajo q\u00eb i p\u00ebrt\u00ebrin dhe i ndihmon t\u00eb konsolidohen. Empiria na tregon raste t\u00eb shumta. Kujtimi m\u00eb i fresk\u00ebt \u00ebsht\u00eb Gjermania. Por edhe Izraeli. Kosova ka nevoj\u00eb ta tejkaloj\u00eb sfid\u00ebn e sfidave. P\u00ebr t\u00eb fituar lirin\u00eb, p\u00ebr t\u00eb shprehur vullnetin e plot\u00eb, me bindje dhe besim. Kjo \u00ebsht\u00eb kthesa m\u00eb e madhe. Ndryshe klithjet, ankimet, vuajtjet, pasiguria, mungesa e perspektives, edhe p\u00ebr shume vite, kan\u00eb p\u00ebr t\u00eb qen\u00eb shoq\u00ebruese t\u00eb k\u00ebtij populli.<\/p>\n<p>P\u00ebrkund\u00ebr k\u00ebsaj gjendje t\u00eb mjer\u00eb, n\u00eb t\u00eb cil\u00ebn \u00e7do nj\u00ebri ka pjes\u00ebn e fajit dhe p\u00ebrgjegj\u00ebsis\u00eb, duhet k\u00ebrkuar alternativa dhe mend\u00ebsi q\u00eb kan\u00eb aft\u00ebsi, guxim dhe vullnet p\u00ebr t\u00eb ndryshuar k\u00ebt\u00eb gjendje.<\/p>\n","protected":false},"excerpt":{"rendered":"<p>Nga Ndue Ukaj Nj\u00eb shoq\u00ebri, komb a shtet, p\u00ebr t\u00eb jetuar n\u00eb liri, duhet t\u00eb refuzoj n\u00ebnshtrimin. Cilido qoft\u00eb ai. Asnj\u00eb \u00e7mim s\u2019e arsyeton n\u00ebnshtrimin, shitjen e vullnetit politik dhe qytetar. Kjo \u00ebsht\u00eb premisa e par\u00eb p\u00ebr t\u00eb krijuar nj\u00eb shoq\u00ebri me vlera dhe parime t\u00eb sh\u00ebndosha, nj\u00eb shoq\u00ebri t\u00eb sh\u00ebndosh\u00eb dhe me nj\u00eb sistem [&hellip;]<\/p>\n","protected":false},"author":1,"featured_media":0,"comment_status":"open","ping_status":"closed","sticky":false,"template":"","format":"standard","meta":{"footnotes":""},"categories":[2],"tags":[],"class_list":{"0":"post-4974","1":"post","2":"type-post","3":"status-publish","4":"format-standard","6":"category-artikuj"},"yoast_head":"<!-- This site is optimized with the Yoast SEO plugin v27.4 - https:\/\/yoast.com\/product\/yoast-seo-wordpress\/ -->\n<title>Momenti p\u00ebr t\u2019i dh\u00ebn\u00eb kuptim shtetit - FjALA e LIR\u00cb - Arkivi<\/title>\n<meta name=\"robots\" content=\"index, follow, max-snippet:-1, max-image-preview:large, max-video-preview:-1\" \/>\n<link rel=\"canonical\" href=\"https:\/\/fjala.info\/2009-2015\/momenti-per-ti-dhene-kuptim-shtetit\/\" \/>\n<meta property=\"og:locale\" content=\"sq_AL\" \/>\n<meta property=\"og:type\" content=\"article\" \/>\n<meta property=\"og:title\" content=\"Momenti p\u00ebr t\u2019i dh\u00ebn\u00eb kuptim shtetit - FjALA e LIR\u00cb - Arkivi\" \/>\n<meta property=\"og:description\" content=\"Nga Ndue Ukaj Nj\u00eb shoq\u00ebri, komb a shtet, p\u00ebr t\u00eb jetuar n\u00eb liri, duhet t\u00eb refuzoj n\u00ebnshtrimin. Cilido qoft\u00eb ai. Asnj\u00eb \u00e7mim s\u2019e arsyeton n\u00ebnshtrimin, shitjen e vullnetit politik dhe qytetar. Kjo \u00ebsht\u00eb premisa e par\u00eb p\u00ebr t\u00eb krijuar nj\u00eb shoq\u00ebri me vlera dhe parime t\u00eb sh\u00ebndosha, nj\u00eb shoq\u00ebri t\u00eb sh\u00ebndosh\u00eb dhe me nj\u00eb sistem [&hellip;]\" \/>\n<meta property=\"og:url\" content=\"https:\/\/fjala.info\/2009-2015\/momenti-per-ti-dhene-kuptim-shtetit\/\" \/>\n<meta property=\"og:site_name\" content=\"FjALA e LIR\u00cb - Arkivi\" \/>\n<meta property=\"article:published_time\" content=\"2010-12-01T07:53:24+00:00\" \/>\n<meta property=\"og:image\" content=\"http:\/\/fjala.shkoder.net\/wp-content\/uploads\/2010\/10\/ndue_ukaj2.jpg\" \/>\n<meta name=\"author\" content=\"admin\" \/>\n<meta name=\"twitter:card\" content=\"summary_large_image\" \/>\n<meta name=\"twitter:label1\" content=\"Written by\" \/>\n\t<meta name=\"twitter:data1\" content=\"admin\" \/>\n\t<meta name=\"twitter:label2\" content=\"Est. reading time\" \/>\n\t<meta name=\"twitter:data2\" content=\"6 minutes\" \/>\n<script type=\"application\/ld+json\" class=\"yoast-schema-graph\">{\"@context\":\"https:\\\/\\\/schema.org\",\"@graph\":[{\"@type\":\"Article\",\"@id\":\"https:\\\/\\\/fjala.info\\\/2009-2015\\\/momenti-per-ti-dhene-kuptim-shtetit\\\/#article\",\"isPartOf\":{\"@id\":\"https:\\\/\\\/fjala.info\\\/2009-2015\\\/momenti-per-ti-dhene-kuptim-shtetit\\\/\"},\"author\":{\"name\":\"admin\",\"@id\":\"https:\\\/\\\/fjala.info\\\/2009-2015\\\/#\\\/schema\\\/person\\\/3aa1163ef05469c496fc94e77611ada2\"},\"headline\":\"Momenti p\u00ebr t\u2019i dh\u00ebn\u00eb kuptim shtetit\",\"datePublished\":\"2010-12-01T07:53:24+00:00\",\"mainEntityOfPage\":{\"@id\":\"https:\\\/\\\/fjala.info\\\/2009-2015\\\/momenti-per-ti-dhene-kuptim-shtetit\\\/\"},\"wordCount\":1192,\"commentCount\":0,\"publisher\":{\"@id\":\"https:\\\/\\\/fjala.info\\\/2009-2015\\\/#organization\"},\"image\":{\"@id\":\"https:\\\/\\\/fjala.info\\\/2009-2015\\\/momenti-per-ti-dhene-kuptim-shtetit\\\/#primaryimage\"},\"thumbnailUrl\":\"http:\\\/\\\/fjala.shkoder.net\\\/wp-content\\\/uploads\\\/2010\\\/10\\\/ndue_ukaj2.jpg\",\"articleSection\":[\"Artikuj\"],\"inLanguage\":\"sq-AL\",\"potentialAction\":[{\"@type\":\"CommentAction\",\"name\":\"Comment\",\"target\":[\"https:\\\/\\\/fjala.info\\\/2009-2015\\\/momenti-per-ti-dhene-kuptim-shtetit\\\/#respond\"]}]},{\"@type\":\"WebPage\",\"@id\":\"https:\\\/\\\/fjala.info\\\/2009-2015\\\/momenti-per-ti-dhene-kuptim-shtetit\\\/\",\"url\":\"https:\\\/\\\/fjala.info\\\/2009-2015\\\/momenti-per-ti-dhene-kuptim-shtetit\\\/\",\"name\":\"Momenti p\u00ebr t\u2019i dh\u00ebn\u00eb kuptim shtetit - FjALA e LIR\u00cb - Arkivi\",\"isPartOf\":{\"@id\":\"https:\\\/\\\/fjala.info\\\/2009-2015\\\/#website\"},\"primaryImageOfPage\":{\"@id\":\"https:\\\/\\\/fjala.info\\\/2009-2015\\\/momenti-per-ti-dhene-kuptim-shtetit\\\/#primaryimage\"},\"image\":{\"@id\":\"https:\\\/\\\/fjala.info\\\/2009-2015\\\/momenti-per-ti-dhene-kuptim-shtetit\\\/#primaryimage\"},\"thumbnailUrl\":\"http:\\\/\\\/fjala.shkoder.net\\\/wp-content\\\/uploads\\\/2010\\\/10\\\/ndue_ukaj2.jpg\",\"datePublished\":\"2010-12-01T07:53:24+00:00\",\"breadcrumb\":{\"@id\":\"https:\\\/\\\/fjala.info\\\/2009-2015\\\/momenti-per-ti-dhene-kuptim-shtetit\\\/#breadcrumb\"},\"inLanguage\":\"sq-AL\",\"potentialAction\":[{\"@type\":\"ReadAction\",\"target\":[\"https:\\\/\\\/fjala.info\\\/2009-2015\\\/momenti-per-ti-dhene-kuptim-shtetit\\\/\"]}]},{\"@type\":\"ImageObject\",\"inLanguage\":\"sq-AL\",\"@id\":\"https:\\\/\\\/fjala.info\\\/2009-2015\\\/momenti-per-ti-dhene-kuptim-shtetit\\\/#primaryimage\",\"url\":\"http:\\\/\\\/fjala.shkoder.net\\\/wp-content\\\/uploads\\\/2010\\\/10\\\/ndue_ukaj2.jpg\",\"contentUrl\":\"http:\\\/\\\/fjala.shkoder.net\\\/wp-content\\\/uploads\\\/2010\\\/10\\\/ndue_ukaj2.jpg\"},{\"@type\":\"BreadcrumbList\",\"@id\":\"https:\\\/\\\/fjala.info\\\/2009-2015\\\/momenti-per-ti-dhene-kuptim-shtetit\\\/#breadcrumb\",\"itemListElement\":[{\"@type\":\"ListItem\",\"position\":1,\"name\":\"Home\",\"item\":\"https:\\\/\\\/fjala.info\\\/2009-2015\\\/\"},{\"@type\":\"ListItem\",\"position\":2,\"name\":\"Momenti p\u00ebr t\u2019i dh\u00ebn\u00eb kuptim shtetit\"}]},{\"@type\":\"WebSite\",\"@id\":\"https:\\\/\\\/fjala.info\\\/2009-2015\\\/#website\",\"url\":\"https:\\\/\\\/fjala.info\\\/2009-2015\\\/\",\"name\":\"FjALA e LIR\u00cb - Arkivi\",\"description\":\"Arkivi 2009-2015\",\"publisher\":{\"@id\":\"https:\\\/\\\/fjala.info\\\/2009-2015\\\/#organization\"},\"potentialAction\":[{\"@type\":\"SearchAction\",\"target\":{\"@type\":\"EntryPoint\",\"urlTemplate\":\"https:\\\/\\\/fjala.info\\\/2009-2015\\\/?s={search_term_string}\"},\"query-input\":{\"@type\":\"PropertyValueSpecification\",\"valueRequired\":true,\"valueName\":\"search_term_string\"}}],\"inLanguage\":\"sq-AL\"},{\"@type\":\"Organization\",\"@id\":\"https:\\\/\\\/fjala.info\\\/2009-2015\\\/#organization\",\"name\":\"FjALA e LIR\u00cb - Arkivi\",\"url\":\"https:\\\/\\\/fjala.info\\\/2009-2015\\\/\",\"logo\":{\"@type\":\"ImageObject\",\"inLanguage\":\"sq-AL\",\"@id\":\"https:\\\/\\\/fjala.info\\\/2009-2015\\\/#\\\/schema\\\/logo\\\/image\\\/\",\"url\":\"\",\"contentUrl\":\"\",\"caption\":\"FjALA e LIR\u00cb - Arkivi\"},\"image\":{\"@id\":\"https:\\\/\\\/fjala.info\\\/2009-2015\\\/#\\\/schema\\\/logo\\\/image\\\/\"}},{\"@type\":\"Person\",\"@id\":\"https:\\\/\\\/fjala.info\\\/2009-2015\\\/#\\\/schema\\\/person\\\/3aa1163ef05469c496fc94e77611ada2\",\"name\":\"admin\",\"image\":{\"@type\":\"ImageObject\",\"inLanguage\":\"sq-AL\",\"@id\":\"https:\\\/\\\/fjala.info\\\/2009-2015\\\/wp-content\\\/uploads\\\/2012\\\/02\\\/arben_cokaj-120x150.jpg\",\"url\":\"https:\\\/\\\/fjala.info\\\/2009-2015\\\/wp-content\\\/uploads\\\/2012\\\/02\\\/arben_cokaj-120x150.jpg\",\"contentUrl\":\"https:\\\/\\\/fjala.info\\\/2009-2015\\\/wp-content\\\/uploads\\\/2012\\\/02\\\/arben_cokaj-120x150.jpg\",\"caption\":\"admin\"},\"description\":\"Admin, Fjala e Lir\u00eb\",\"sameAs\":[\"https:\\\/\\\/fjala.info\\\/\"],\"url\":\"https:\\\/\\\/fjala.info\\\/2009-2015\\\/author\\\/admin\\\/\"}]}<\/script>\n<!-- \/ Yoast SEO plugin. -->","yoast_head_json":{"title":"Momenti p\u00ebr t\u2019i dh\u00ebn\u00eb kuptim shtetit - FjALA e LIR\u00cb - Arkivi","robots":{"index":"index","follow":"follow","max-snippet":"max-snippet:-1","max-image-preview":"max-image-preview:large","max-video-preview":"max-video-preview:-1"},"canonical":"https:\/\/fjala.info\/2009-2015\/momenti-per-ti-dhene-kuptim-shtetit\/","og_locale":"sq_AL","og_type":"article","og_title":"Momenti p\u00ebr t\u2019i dh\u00ebn\u00eb kuptim shtetit - FjALA e LIR\u00cb - Arkivi","og_description":"Nga Ndue Ukaj Nj\u00eb shoq\u00ebri, komb a shtet, p\u00ebr t\u00eb jetuar n\u00eb liri, duhet t\u00eb refuzoj n\u00ebnshtrimin. Cilido qoft\u00eb ai. Asnj\u00eb \u00e7mim s\u2019e arsyeton n\u00ebnshtrimin, shitjen e vullnetit politik dhe qytetar. Kjo \u00ebsht\u00eb premisa e par\u00eb p\u00ebr t\u00eb krijuar nj\u00eb shoq\u00ebri me vlera dhe parime t\u00eb sh\u00ebndosha, nj\u00eb shoq\u00ebri t\u00eb sh\u00ebndosh\u00eb dhe me nj\u00eb sistem [&hellip;]","og_url":"https:\/\/fjala.info\/2009-2015\/momenti-per-ti-dhene-kuptim-shtetit\/","og_site_name":"FjALA e LIR\u00cb - Arkivi","article_published_time":"2010-12-01T07:53:24+00:00","og_image":[{"url":"http:\/\/fjala.shkoder.net\/wp-content\/uploads\/2010\/10\/ndue_ukaj2.jpg","type":"","width":"","height":""}],"author":"admin","twitter_card":"summary_large_image","twitter_misc":{"Written by":"admin","Est. reading time":"6 minutes"},"schema":{"@context":"https:\/\/schema.org","@graph":[{"@type":"Article","@id":"https:\/\/fjala.info\/2009-2015\/momenti-per-ti-dhene-kuptim-shtetit\/#article","isPartOf":{"@id":"https:\/\/fjala.info\/2009-2015\/momenti-per-ti-dhene-kuptim-shtetit\/"},"author":{"name":"admin","@id":"https:\/\/fjala.info\/2009-2015\/#\/schema\/person\/3aa1163ef05469c496fc94e77611ada2"},"headline":"Momenti p\u00ebr t\u2019i dh\u00ebn\u00eb kuptim shtetit","datePublished":"2010-12-01T07:53:24+00:00","mainEntityOfPage":{"@id":"https:\/\/fjala.info\/2009-2015\/momenti-per-ti-dhene-kuptim-shtetit\/"},"wordCount":1192,"commentCount":0,"publisher":{"@id":"https:\/\/fjala.info\/2009-2015\/#organization"},"image":{"@id":"https:\/\/fjala.info\/2009-2015\/momenti-per-ti-dhene-kuptim-shtetit\/#primaryimage"},"thumbnailUrl":"http:\/\/fjala.shkoder.net\/wp-content\/uploads\/2010\/10\/ndue_ukaj2.jpg","articleSection":["Artikuj"],"inLanguage":"sq-AL","potentialAction":[{"@type":"CommentAction","name":"Comment","target":["https:\/\/fjala.info\/2009-2015\/momenti-per-ti-dhene-kuptim-shtetit\/#respond"]}]},{"@type":"WebPage","@id":"https:\/\/fjala.info\/2009-2015\/momenti-per-ti-dhene-kuptim-shtetit\/","url":"https:\/\/fjala.info\/2009-2015\/momenti-per-ti-dhene-kuptim-shtetit\/","name":"Momenti p\u00ebr t\u2019i dh\u00ebn\u00eb kuptim shtetit - FjALA e LIR\u00cb - Arkivi","isPartOf":{"@id":"https:\/\/fjala.info\/2009-2015\/#website"},"primaryImageOfPage":{"@id":"https:\/\/fjala.info\/2009-2015\/momenti-per-ti-dhene-kuptim-shtetit\/#primaryimage"},"image":{"@id":"https:\/\/fjala.info\/2009-2015\/momenti-per-ti-dhene-kuptim-shtetit\/#primaryimage"},"thumbnailUrl":"http:\/\/fjala.shkoder.net\/wp-content\/uploads\/2010\/10\/ndue_ukaj2.jpg","datePublished":"2010-12-01T07:53:24+00:00","breadcrumb":{"@id":"https:\/\/fjala.info\/2009-2015\/momenti-per-ti-dhene-kuptim-shtetit\/#breadcrumb"},"inLanguage":"sq-AL","potentialAction":[{"@type":"ReadAction","target":["https:\/\/fjala.info\/2009-2015\/momenti-per-ti-dhene-kuptim-shtetit\/"]}]},{"@type":"ImageObject","inLanguage":"sq-AL","@id":"https:\/\/fjala.info\/2009-2015\/momenti-per-ti-dhene-kuptim-shtetit\/#primaryimage","url":"http:\/\/fjala.shkoder.net\/wp-content\/uploads\/2010\/10\/ndue_ukaj2.jpg","contentUrl":"http:\/\/fjala.shkoder.net\/wp-content\/uploads\/2010\/10\/ndue_ukaj2.jpg"},{"@type":"BreadcrumbList","@id":"https:\/\/fjala.info\/2009-2015\/momenti-per-ti-dhene-kuptim-shtetit\/#breadcrumb","itemListElement":[{"@type":"ListItem","position":1,"name":"Home","item":"https:\/\/fjala.info\/2009-2015\/"},{"@type":"ListItem","position":2,"name":"Momenti p\u00ebr t\u2019i dh\u00ebn\u00eb kuptim shtetit"}]},{"@type":"WebSite","@id":"https:\/\/fjala.info\/2009-2015\/#website","url":"https:\/\/fjala.info\/2009-2015\/","name":"FjALA e LIR\u00cb - Arkivi","description":"Arkivi 2009-2015","publisher":{"@id":"https:\/\/fjala.info\/2009-2015\/#organization"},"potentialAction":[{"@type":"SearchAction","target":{"@type":"EntryPoint","urlTemplate":"https:\/\/fjala.info\/2009-2015\/?s={search_term_string}"},"query-input":{"@type":"PropertyValueSpecification","valueRequired":true,"valueName":"search_term_string"}}],"inLanguage":"sq-AL"},{"@type":"Organization","@id":"https:\/\/fjala.info\/2009-2015\/#organization","name":"FjALA e LIR\u00cb - Arkivi","url":"https:\/\/fjala.info\/2009-2015\/","logo":{"@type":"ImageObject","inLanguage":"sq-AL","@id":"https:\/\/fjala.info\/2009-2015\/#\/schema\/logo\/image\/","url":"","contentUrl":"","caption":"FjALA e LIR\u00cb - Arkivi"},"image":{"@id":"https:\/\/fjala.info\/2009-2015\/#\/schema\/logo\/image\/"}},{"@type":"Person","@id":"https:\/\/fjala.info\/2009-2015\/#\/schema\/person\/3aa1163ef05469c496fc94e77611ada2","name":"admin","image":{"@type":"ImageObject","inLanguage":"sq-AL","@id":"https:\/\/fjala.info\/2009-2015\/wp-content\/uploads\/2012\/02\/arben_cokaj-120x150.jpg","url":"https:\/\/fjala.info\/2009-2015\/wp-content\/uploads\/2012\/02\/arben_cokaj-120x150.jpg","contentUrl":"https:\/\/fjala.info\/2009-2015\/wp-content\/uploads\/2012\/02\/arben_cokaj-120x150.jpg","caption":"admin"},"description":"Admin, Fjala e Lir\u00eb","sameAs":["https:\/\/fjala.info\/"],"url":"https:\/\/fjala.info\/2009-2015\/author\/admin\/"}]}},"_links":{"self":[{"href":"https:\/\/fjala.info\/2009-2015\/wp-json\/wp\/v2\/posts\/4974","targetHints":{"allow":["GET"]}}],"collection":[{"href":"https:\/\/fjala.info\/2009-2015\/wp-json\/wp\/v2\/posts"}],"about":[{"href":"https:\/\/fjala.info\/2009-2015\/wp-json\/wp\/v2\/types\/post"}],"author":[{"embeddable":true,"href":"https:\/\/fjala.info\/2009-2015\/wp-json\/wp\/v2\/users\/1"}],"replies":[{"embeddable":true,"href":"https:\/\/fjala.info\/2009-2015\/wp-json\/wp\/v2\/comments?post=4974"}],"version-history":[{"count":0,"href":"https:\/\/fjala.info\/2009-2015\/wp-json\/wp\/v2\/posts\/4974\/revisions"}],"wp:attachment":[{"href":"https:\/\/fjala.info\/2009-2015\/wp-json\/wp\/v2\/media?parent=4974"}],"wp:term":[{"taxonomy":"category","embeddable":true,"href":"https:\/\/fjala.info\/2009-2015\/wp-json\/wp\/v2\/categories?post=4974"},{"taxonomy":"post_tag","embeddable":true,"href":"https:\/\/fjala.info\/2009-2015\/wp-json\/wp\/v2\/tags?post=4974"}],"curies":[{"name":"wp","href":"https:\/\/api.w.org\/{rel}","templated":true}]}}