{"id":4972,"date":"2010-12-01T08:46:18","date_gmt":"2010-12-01T07:46:18","guid":{"rendered":"http:\/\/fjala.shkoder.net\/?p=4972"},"modified":"2010-12-01T08:46:18","modified_gmt":"2010-12-01T07:46:18","slug":"stipe-te-lutem","status":"publish","type":"post","link":"https:\/\/fjala.info\/2009-2015\/stipe-te-lutem\/","title":{"rendered":"\u201cStipe, t\u00eb lutem\u2026\u201d"},"content":{"rendered":"<p><img decoding=\"async\" class=\"alignleft size-full wp-image-4240\" title=\"Enver Robelli\" src=\"http:\/\/fjala.shkoder.net\/wp-content\/uploads\/2010\/10\/enver_robelli.jpg\" alt=\"\" width=\"150\" \/><br \/>\nNga <strong>Enver Robelli<\/strong><\/p>\n<p>Ai q\u00eb nuk ul\u00ebrinte me ujqit: Tomislav Jakiq, gazetar veteran i Televizionit t\u00eb Zagrebit dhe k\u00ebshilltar shum\u00ebvje\u00e7ar i ish-presidentit Stipe Mesiq, rr\u00ebfen jet\u00ebn e tij t\u00eb bujshme profesionale dhe tregon rrethanat e pranimit t\u00eb pavar\u00ebsis\u00eb s\u00eb Kosov\u00ebs nga Kroacia<\/p>\n<p><strong>1. Dynjaja e habitur<\/strong><br \/>\nJemi m\u00ebsuar dhe vazhdojm\u00eb t\u00eb neveritemi me tipin e k\u00ebshilltarit t\u00eb pushtetit, i cili s\u2019di gj\u00eb tjet\u00ebr ve\u00e7se pulaqorthi ta lavd\u00ebroj\u00eb shefin, qoft\u00eb ai kryeminist\u00ebr, minist\u00ebr, z\u00ebvend\u00ebsminist\u00ebr apo zyrtar i rangut m\u00eb t\u00eb ul\u00ebt. Raste t\u00eb tilla ka plot e p\u00ebrplot jo vet\u00ebm n\u00eb Kosov\u00eb. \u201cShef, mir\u00eb e ke\u201d, \u201cshef, mir\u00eb e ke th\u00ebn\u00eb k\u00ebt\u00eb\u201d, \u201cshef, mir\u00eb ia b\u00ebre atij\u2026\u201d, \u201cshef\u2026\u201d \u2013 ky \u00ebsht\u00eb, pak a shum\u00eb, vokabulari i jo pak k\u00ebshilltar\u00ebve n\u00eb raport me epror\u00ebt e tyre.<\/p>\n<p>Para pak jav\u00ebsh, gjat\u00eb nj\u00eb konference mbi pajtimin mes popujve t\u00eb Ballkanit, q\u00eb u mbajt n\u00eb Dubrovnik, papritmas u gjenda n\u00eb ashensor me kryetarin e nj\u00eb shteti t\u00eb rajonit dhe me nj\u00eb k\u00ebshilltar t\u00eb tij. Duke menduar se s\u2019merrja vesh nga gjuha e tyre lokale, madje ndoshta edhe duke besuar se s\u2019kisha as ndonj\u00eb njohuri mbi politik\u00ebn n\u00eb Ballkan dhe se krejt rast\u00ebsisht gjendesha aty, si turist nga ndonj\u00eb qytet gjerman apo austriak, kryetari i k\u00ebtij vendi rajonal dhe k\u00ebshilltari i tij filluan t\u00eb kuvendojn\u00eb. Kryetari sapo kishte mbaruar fjalimin e tij para t\u00eb pranishm\u00ebve. Nj\u00eb fjalim patetik, q\u00eb i zhg\u00ebnjeu pjes\u00ebmarr\u00ebsit e konferenc\u00ebs.<\/p>\n<p>&#8211; H\u00eb, si ishte?, pyeti kryetari vart\u00ebsin e tij.<br \/>\n&#8211; Tep\u00ebr mir\u00eb, tep\u00ebr mir\u00eb, shef, ia ktheu k\u00ebshilltari.<br \/>\n&#8211; V\u00ebrtet e ke?<br \/>\n&#8211; Po, bash m\u00eb pyet\u00ebn edhe disa nga pjes\u00ebmarr\u00ebsit, kush ishte ky q\u00eb mbajti k\u00ebt\u00eb fjalim kaq dometh\u00ebn\u00ebs, t\u00eb rrept\u00eb, shtoi k\u00ebshilltari.<\/p>\n<p>&#8211; H\u00ebm! Mir\u00eb, m\u00ebrm\u00ebriti kryetari, me gjas\u00eb i k\u00ebnaqur q\u00eb bota ishte habitur me fjalimin e tij.<br \/>\nN\u00eb k\u00ebt\u00eb \u00e7ast u hap\u00ebn dyert e ashensorit dhe kryetari iku bashk\u00eb me k\u00ebshilltarin e tij servil.<br \/>\nM\u2019u kujtua ky episod n\u00eb ashensor derisa po lexoja dit\u00ebve t\u00eb fundit librin \u201cNuk kam ul\u00ebritur me ujq\u201d t\u00eb Tomislav Jakiqit, gazetar veteran i Televizionit t\u00eb Zagrebit (m\u00eb von\u00eb televizionit kroat &#8211; HRT) dhe i Radios Europa e Lir\u00eb si dhe k\u00ebshilltar shum\u00ebvje\u00e7ar i ish-presidentit t\u00eb Kroacis\u00eb Stipe Mesiq.<\/p>\n<p>\u00c7far\u00eb dallimi mes atij k\u00ebshilltarit q\u00eb fliste kot n\u00eb ashensor dhe Tomislav Jakiqit, i cili kur u b\u00eb k\u00ebshilltar i Mesiqit kishte nj\u00eb p\u00ebrvoj\u00eb t\u00eb gjat\u00eb si gazetar dhe si komentator i politik\u00ebs nd\u00ebrkomb\u00ebtare n\u00eb televizionin e Zagrebit. Jakiq \u00ebsht\u00eb nd\u00ebr k\u00ebshilltar\u00ebt e pakt\u00eb politik n\u00eb rajon q\u00eb \u00ebsht\u00eb p\u00ebrpjekur q\u00eb me argumente t\u00eb ndikoj\u00eb te eprori i tij, ta udh\u00ebzoj\u00eb at\u00eb n\u00eb baz\u00eb t\u00eb dijes dhe p\u00ebrvoj\u00ebs, bile edhe t\u00eb k\u00ebmb\u00ebngul\u00eb n\u00eb mendimin e tij, sidomos at\u00ebher\u00eb kur kryetari Mesiq s\u2018pajtohej. Jakiq asnj\u00ebher\u00eb s\u2019e ka fshehur se \u00ebsht\u00eb majtist, socialdemokrat i tipit evropian, antifashist i p\u00ebrbetuar. Gjat\u00eb karrier\u00ebs s\u00eb tij si gazetar nuk ishte jugosllav i verb\u00ebr, por as kund\u00ebrshtar i ashp\u00ebr i Jugosllavis\u00eb.<\/p>\n<p><strong>2. Tito dhe Paveliqi<\/strong><br \/>\nLibri i Tomislav Jakiqit \u00ebsht\u00eb subjektiv, fundja nj\u00eb lib\u00ebr i till\u00eb s\u2019mund t\u00eb jet\u00eb ndryshe. Autori nga k\u00ebndv\u00ebshtrimi personal rr\u00ebfen jet\u00ebn e tij t\u00eb bujshme profesionale. Libri p\u00ebrmban shum\u00eb anekdota, tregime ironike dhe cinike, p\u00ebrshkrime t\u00eb p\u00ebrvojave t\u00eb ndryshme si gazetar, komentator, k\u00ebshilltar politik. N\u00eb fund t\u00eb ver\u00ebs s\u00eb vitit 1990 Jakiq, at\u00ebbot\u00eb gazetar i politik\u00ebs s\u00eb jashtme n\u00eb Televizionin e Zagrebit, urdh\u00ebrohet t\u00eb shkoj\u00eb n\u00eb Amerik\u00eb dhe Kanada. Q\u00ebllimi i udh\u00ebtimit: Mbulimi i vizit\u00ebs jozyrtare t\u00eb Franjo Tuxhmanit, liderit t\u00eb ri t\u00eb kroat\u00ebve.<\/p>\n<p>N\u00eb fakt ishte planifikuar q\u00eb delegacionin ta shoq\u00ebronte nj\u00eb gazetar tjet\u00ebr, por meq\u00eb emri i tij nuk ting\u00ebllonte aq kroatisht, ekipi i Tuxhmanit dyshonte se ai ishte serb, prandaj ishte p\u00ebrzgjedhur Tomislav Jakiqi. N\u00eb Washington, shkruan Jakiq, Tuxhmani ishte takuar me gjeneralin Scowcroft, k\u00ebshilltar p\u00ebr siguri i kryetarit Bush. Tuxhmani iu kishte drejtuar Scowcroft-it me \u201ckoleg gjeneral\u201d \u2013 duke ia p\u00ebrkujtuar k\u00ebshtu zyrtarit amerikan nj\u00eb pjes\u00eb t\u00eb biografis\u00eb s\u00eb tij si partizan, si gjenerali m\u00eb i ri i Titos dhe si president i klubit t\u00eb futbollit \u201cPartizan\u201d t\u00eb Beogradit. N\u00ebp\u00ebr Amerik\u00eb Tuxhman kishte l\u00ebvizur me dy limuzina t\u00eb bardha, t\u00eb cilat, sipas Jakiqit, i binin n\u00eb sy \u00e7dokujt, sepse zakonisht ato merreshin me qira prej zezak\u00ebve t\u00eb pasur &#8211; p\u00ebr dasma!<\/p>\n<p>Pas takimit me Bob Dolin, politikanin e njohur t\u00eb Partis\u00eb Republikane, ai e kishte shoq\u00ebruar Tuxhmanin deri te vetura dhe i habitur e kishte pyetur: \u201cA \u00ebsht\u00eb kjo limuzina juaj?\u201d Tuxhmani me krenari ishte p\u00ebrgjigjur: \u201cYes\u201d. Nj\u00eb episod tjet\u00ebr nga e nj\u00ebjta vizit\u00eb Jakiq e tregon nga takimi i Tuxhmanit me diaspor\u00ebn kroate n\u00eb Vancouver t\u00eb Kanadas\u00eb. N\u00eb sall\u00ebn e takimit ishte vendosur portreti i madh i Ante Paveliqit, udh\u00ebheq\u00ebsit t\u00eb ustash\u00ebve n\u00eb Luft\u00ebn e Dyt\u00eb Bot\u00ebrore. \u201cT\u00eb nderuar miq, n\u00ebse e keni k\u00ebtu Paveliqin, at\u00ebher\u00eb vendoseni edhe Titon\u201d, kishte th\u00ebn\u00eb Tuxhmani, duke shkaktuar pak\u00ebnaq\u00ebsi mes t\u00eb pranishm\u00ebve.<\/p>\n<p>Kjo ide heretike e Tuxhmanit i kishte p\u00eblqyer Jakiqit. Edhe Jakiq ka qen\u00eb heretik, sidomos gjat\u00eb koh\u00ebs kur punonte k\u00ebshilltar i kryetarit Mesiq. N\u00eb Ambasad\u00ebn amerikane n\u00eb Zagreb Jakiq ndodhej n\u00eb list\u00ebn e zez\u00eb p\u00ebr shkak se ishte tep\u00ebr kritik ndaj politik\u00ebs s\u00eb presidentit George W. Bush. Madje Jakiq ishte p\u00ebrpjekur pa sukses t\u00eb minoj\u00eb edhe vizit\u00ebn e Bush-it n\u00eb Zagreb n\u00eb ver\u00eb t\u00eb vitit 2007.<\/p>\n<p><strong>3. Njohja e Kosov\u00ebs<\/strong><br \/>\nN\u00eb librin e tij Jakiq sjell disa holl\u00ebsi mbi politik\u00ebn e Kroacis\u00eb ndaj Kosov\u00ebs. Ai nuk e fsheh skepticizmin e tij lidhur me bisedimet mes Prishtin\u00ebs dhe Beogradit, t\u00eb cilat u nd\u00ebrmjet\u00ebsuan nga ish-presidenti i Finland\u00ebs Martti Ahtisaari. Jakiq thekson se bisedimet filluan gabimisht, sepse q\u00ebllimi i tyre nuk ishte q\u00eb t\u00eb dy pal\u00ebt t\u00eb gjejn\u00eb nj\u00eb zgjidhje. Q\u00eb nga dita e par\u00eb dihej rezultati i tyre \u2013 pavar\u00ebsia e Kosov\u00ebs.<\/p>\n<p>Jakiq kritikon edhe politik\u00ebn e Serbis\u00eb, e cila ishte shum\u00eb e ngurt\u00eb dhe sillej rreth parull\u00ebs s\u00eb turbullt \u201cm\u00eb pak se pavar\u00ebsi, m\u00eb shum\u00eb se autonomi\u201d. N\u00eb takimet me kryetarin e Serbis\u00eb Boris Tadiq homologu i tij kroat Mesiq nuk kishte l\u00ebn\u00eb asnj\u00eb m\u00ebdyshje se vendi i tij do ta pranonte pavar\u00ebsin\u00eb e Kosov\u00ebs n\u00ebse politikan\u00ebt e Prishtin\u00ebs e shpallin at\u00eb. Jakiq shkruan se Tadiq ka qen\u00eb i vet\u00ebdijsh\u00ebm se Serbia e kishte humbur Kosov\u00ebn, madje k\u00ebt\u00eb e kishte th\u00ebn\u00eb edhe vet\u00eb. Para shpalljes s\u00eb pavar\u00ebsis\u00eb s\u00eb Kosov\u00ebs Mesiq kishte filluar t\u00eb propagandoj\u00eb iden\u00eb e nj\u00eb marr\u00ebveshjeje mes Beogradit dhe Prishtin\u00ebs mb\u00ebshtetur n\u00eb kontrat\u00ebn mes dy Gjermanive n\u00eb fillim t\u00eb viteve 70-t\u00eb.<\/p>\n<p>Me k\u00ebt\u00eb marr\u00ebveshje Bonni dhe Berlini nuk e pranonin sovranitetin e nd\u00ebrsjell\u00ebt, por pajtoheshin me ekzistenc\u00ebn e dy shteteve gjermane. Nj\u00ebjt\u00eb k\u00ebrkohej t\u00eb vepronin edhe Serbia dhe Kosova, pra jo njohje t\u00eb nd\u00ebrsjell\u00ebt, por s\u00eb paku pranim i faktit se t\u00eb dy vendet ekzistojn\u00eb dhe mbi k\u00ebt\u00eb baz\u00eb edhe duhet t\u00eb bashk\u00ebpunojn\u00eb. P\u00ebr t\u00eb mb\u00ebshtetur k\u00ebt\u00eb ide Jakiq kishte p\u00ebrgatitur edhe nj\u00eb koment t\u00eb presidentit Mesiq, i cili u botua n\u00eb gazet\u00ebn \u201cNovi list\u201d t\u00eb Rijek\u00ebs nj\u00eb jav\u00eb para shpalljes s\u00eb pavar\u00ebsis\u00eb s\u00eb Kosov\u00ebs. Jakiq tregon se iu kishte referuar sidomos Kushtetut\u00ebs s\u00eb vitit 1974, e cila n\u00eb nj\u00eb m\u00ebnyr\u00eb kishte v\u00ebn\u00eb themelet e pavar\u00ebsis\u00eb s\u00eb Kosov\u00ebs.<\/p>\n<p>Ajo Kushtetut\u00eb, sipas Jakiqit, sakt\u00ebsonte se n\u00eb krahin\u00ebn socialiste autonome \u201cpopulli punonj\u00ebs dhe qytetar\u00ebt, kombet dhe komb\u00ebsit\u00eb realizojn\u00eb t\u00eb drejtat e tyre sovrane\u201d. Nj\u00eb dit\u00eb para se Kuvendi i Kosov\u00ebs t\u00eb shpall\u00eb pavar\u00ebsin\u00eb Mesiq zhvillon nj\u00eb bised\u00eb telefonike me Boris Tadiqin. Jakiq shkruan: \u201cQ\u00ebndroj pran\u00eb tij (Mesiqit, v.j.) n\u00eb Kabinet. Kryetari aktivizoi interfonin dhe shum\u00eb qart\u00eb e d\u00ebgjoj z\u00ebrin e kryetarit t\u00eb Serbis\u00eb. \u02bdStipe, t\u00eb lutem vet\u00ebm nj\u00eb gj\u00eb.<\/p>\n<p>Mos u b\u00ebhuni nd\u00ebr t\u00eb par\u00ebt q\u00eb do ta pranoni Kosov\u00ebn\u02b9, thot\u00eb Tadiq. Mesiq p\u00ebrgjigjet se Kroacia s\u2019do t\u00eb ngutet\u201d. Zagrebi do t\u00eb pres dhe do ta pranoj\u00eb Kosov\u00ebn tek nj\u00eb muaj pas shpalljes s\u00eb pavar\u00ebsis\u00eb. Gjat\u00eb bised\u00ebs Mesiq p\u00ebrpiqet ta bind Tadiqin t\u00eb pranoj\u00eb si modus vivendi formul\u00ebn gjermane. Tadiq thot\u00eb se ndoshta kjo \u00ebsht\u00eb zgjidhja p\u00ebrfundimtare.<\/p>\n<p>M\u00eb von\u00eb Tadiq do t\u00eb luaj\u00eb kart\u00ebn e nacionalizimit, duke p\u00ebrs\u00ebritur se Serbia kurr\u00eb s\u2019do ta pranoj\u00eb shk\u00ebputjen e Kosov\u00ebs. K\u00ebshtu do t\u2019i fitoj\u00eb edhe zgjedhjet parlamentare. Raportet me Kroacin\u00eb do t\u00eb ftohen. Dhe do t\u00eb ngrohen vet\u00ebm muajve t\u00eb fundit, pas largimit t\u00eb Mesiqit. Kryetari i ri Ivo Josipoviq e ka shpallur normalizimin e marr\u00ebdh\u00ebnieve me Serbin\u00eb si prioritet. Ai ka vizituar shumic\u00ebn e vendeve t\u00eb rajonit. Vet\u00ebm Kosov\u00ebn dhe Shqip\u00ebrin\u00eb i ka l\u00ebn\u00eb anash. Nj\u00eb mesazh i qart\u00eb dhe aspak i p\u00ebrzem\u00ebrt. Nj\u00eb mesazh q\u00eb ndoshta do duhej ta lexonin dhe interpretonin politikan\u00ebt n\u00eb Prishtin\u00eb dhe Tiran\u00eb.<\/p>\n","protected":false},"excerpt":{"rendered":"<p>Nga Enver Robelli Ai q\u00eb nuk ul\u00ebrinte me ujqit: Tomislav Jakiq, gazetar veteran i Televizionit t\u00eb Zagrebit dhe k\u00ebshilltar shum\u00ebvje\u00e7ar i ish-presidentit Stipe Mesiq, rr\u00ebfen jet\u00ebn e tij t\u00eb bujshme profesionale dhe tregon rrethanat e pranimit t\u00eb pavar\u00ebsis\u00eb s\u00eb Kosov\u00ebs nga Kroacia 1. Dynjaja e habitur Jemi m\u00ebsuar dhe vazhdojm\u00eb t\u00eb neveritemi me tipin e [&hellip;]<\/p>\n","protected":false},"author":1,"featured_media":0,"comment_status":"open","ping_status":"closed","sticky":false,"template":"","format":"standard","meta":{"footnotes":""},"categories":[2],"tags":[],"class_list":{"0":"post-4972","1":"post","2":"type-post","3":"status-publish","4":"format-standard","6":"category-artikuj"},"yoast_head":"<!-- This site is optimized with the Yoast SEO plugin v27.4 - https:\/\/yoast.com\/product\/yoast-seo-wordpress\/ -->\n<title>\u201cStipe, t\u00eb lutem\u2026\u201d - FjALA e LIR\u00cb - Arkivi<\/title>\n<meta name=\"robots\" content=\"index, follow, max-snippet:-1, max-image-preview:large, max-video-preview:-1\" \/>\n<link rel=\"canonical\" href=\"https:\/\/fjala.info\/2009-2015\/stipe-te-lutem\/\" \/>\n<meta property=\"og:locale\" content=\"sq_AL\" \/>\n<meta property=\"og:type\" content=\"article\" \/>\n<meta property=\"og:title\" content=\"\u201cStipe, t\u00eb lutem\u2026\u201d - FjALA e LIR\u00cb - Arkivi\" \/>\n<meta property=\"og:description\" content=\"Nga Enver Robelli Ai q\u00eb nuk ul\u00ebrinte me ujqit: Tomislav Jakiq, gazetar veteran i Televizionit t\u00eb Zagrebit dhe k\u00ebshilltar shum\u00ebvje\u00e7ar i ish-presidentit Stipe Mesiq, rr\u00ebfen jet\u00ebn e tij t\u00eb bujshme profesionale dhe tregon rrethanat e pranimit t\u00eb pavar\u00ebsis\u00eb s\u00eb Kosov\u00ebs nga Kroacia 1. Dynjaja e habitur Jemi m\u00ebsuar dhe vazhdojm\u00eb t\u00eb neveritemi me tipin e [&hellip;]\" \/>\n<meta property=\"og:url\" content=\"https:\/\/fjala.info\/2009-2015\/stipe-te-lutem\/\" \/>\n<meta property=\"og:site_name\" content=\"FjALA e LIR\u00cb - Arkivi\" \/>\n<meta property=\"article:published_time\" content=\"2010-12-01T07:46:18+00:00\" \/>\n<meta property=\"og:image\" content=\"http:\/\/fjala.shkoder.net\/wp-content\/uploads\/2010\/10\/enver_robelli.jpg\" \/>\n<meta name=\"author\" content=\"admin\" \/>\n<meta name=\"twitter:card\" content=\"summary_large_image\" \/>\n<meta name=\"twitter:label1\" content=\"Written by\" \/>\n\t<meta name=\"twitter:data1\" content=\"admin\" \/>\n\t<meta name=\"twitter:label2\" content=\"Est. reading time\" \/>\n\t<meta name=\"twitter:data2\" content=\"8 minutes\" \/>\n<script type=\"application\/ld+json\" class=\"yoast-schema-graph\">{\"@context\":\"https:\\\/\\\/schema.org\",\"@graph\":[{\"@type\":\"Article\",\"@id\":\"https:\\\/\\\/fjala.info\\\/2009-2015\\\/stipe-te-lutem\\\/#article\",\"isPartOf\":{\"@id\":\"https:\\\/\\\/fjala.info\\\/2009-2015\\\/stipe-te-lutem\\\/\"},\"author\":{\"name\":\"admin\",\"@id\":\"https:\\\/\\\/fjala.info\\\/2009-2015\\\/#\\\/schema\\\/person\\\/3aa1163ef05469c496fc94e77611ada2\"},\"headline\":\"\u201cStipe, t\u00eb lutem\u2026\u201d\",\"datePublished\":\"2010-12-01T07:46:18+00:00\",\"mainEntityOfPage\":{\"@id\":\"https:\\\/\\\/fjala.info\\\/2009-2015\\\/stipe-te-lutem\\\/\"},\"wordCount\":1606,\"commentCount\":0,\"publisher\":{\"@id\":\"https:\\\/\\\/fjala.info\\\/2009-2015\\\/#organization\"},\"image\":{\"@id\":\"https:\\\/\\\/fjala.info\\\/2009-2015\\\/stipe-te-lutem\\\/#primaryimage\"},\"thumbnailUrl\":\"http:\\\/\\\/fjala.shkoder.net\\\/wp-content\\\/uploads\\\/2010\\\/10\\\/enver_robelli.jpg\",\"articleSection\":[\"Artikuj\"],\"inLanguage\":\"sq-AL\",\"potentialAction\":[{\"@type\":\"CommentAction\",\"name\":\"Comment\",\"target\":[\"https:\\\/\\\/fjala.info\\\/2009-2015\\\/stipe-te-lutem\\\/#respond\"]}]},{\"@type\":\"WebPage\",\"@id\":\"https:\\\/\\\/fjala.info\\\/2009-2015\\\/stipe-te-lutem\\\/\",\"url\":\"https:\\\/\\\/fjala.info\\\/2009-2015\\\/stipe-te-lutem\\\/\",\"name\":\"\u201cStipe, t\u00eb lutem\u2026\u201d - FjALA e LIR\u00cb - Arkivi\",\"isPartOf\":{\"@id\":\"https:\\\/\\\/fjala.info\\\/2009-2015\\\/#website\"},\"primaryImageOfPage\":{\"@id\":\"https:\\\/\\\/fjala.info\\\/2009-2015\\\/stipe-te-lutem\\\/#primaryimage\"},\"image\":{\"@id\":\"https:\\\/\\\/fjala.info\\\/2009-2015\\\/stipe-te-lutem\\\/#primaryimage\"},\"thumbnailUrl\":\"http:\\\/\\\/fjala.shkoder.net\\\/wp-content\\\/uploads\\\/2010\\\/10\\\/enver_robelli.jpg\",\"datePublished\":\"2010-12-01T07:46:18+00:00\",\"breadcrumb\":{\"@id\":\"https:\\\/\\\/fjala.info\\\/2009-2015\\\/stipe-te-lutem\\\/#breadcrumb\"},\"inLanguage\":\"sq-AL\",\"potentialAction\":[{\"@type\":\"ReadAction\",\"target\":[\"https:\\\/\\\/fjala.info\\\/2009-2015\\\/stipe-te-lutem\\\/\"]}]},{\"@type\":\"ImageObject\",\"inLanguage\":\"sq-AL\",\"@id\":\"https:\\\/\\\/fjala.info\\\/2009-2015\\\/stipe-te-lutem\\\/#primaryimage\",\"url\":\"http:\\\/\\\/fjala.shkoder.net\\\/wp-content\\\/uploads\\\/2010\\\/10\\\/enver_robelli.jpg\",\"contentUrl\":\"http:\\\/\\\/fjala.shkoder.net\\\/wp-content\\\/uploads\\\/2010\\\/10\\\/enver_robelli.jpg\"},{\"@type\":\"BreadcrumbList\",\"@id\":\"https:\\\/\\\/fjala.info\\\/2009-2015\\\/stipe-te-lutem\\\/#breadcrumb\",\"itemListElement\":[{\"@type\":\"ListItem\",\"position\":1,\"name\":\"Home\",\"item\":\"https:\\\/\\\/fjala.info\\\/2009-2015\\\/\"},{\"@type\":\"ListItem\",\"position\":2,\"name\":\"\u201cStipe, t\u00eb lutem\u2026\u201d\"}]},{\"@type\":\"WebSite\",\"@id\":\"https:\\\/\\\/fjala.info\\\/2009-2015\\\/#website\",\"url\":\"https:\\\/\\\/fjala.info\\\/2009-2015\\\/\",\"name\":\"FjALA e LIR\u00cb - Arkivi\",\"description\":\"Arkivi 2009-2015\",\"publisher\":{\"@id\":\"https:\\\/\\\/fjala.info\\\/2009-2015\\\/#organization\"},\"potentialAction\":[{\"@type\":\"SearchAction\",\"target\":{\"@type\":\"EntryPoint\",\"urlTemplate\":\"https:\\\/\\\/fjala.info\\\/2009-2015\\\/?s={search_term_string}\"},\"query-input\":{\"@type\":\"PropertyValueSpecification\",\"valueRequired\":true,\"valueName\":\"search_term_string\"}}],\"inLanguage\":\"sq-AL\"},{\"@type\":\"Organization\",\"@id\":\"https:\\\/\\\/fjala.info\\\/2009-2015\\\/#organization\",\"name\":\"FjALA e LIR\u00cb - Arkivi\",\"url\":\"https:\\\/\\\/fjala.info\\\/2009-2015\\\/\",\"logo\":{\"@type\":\"ImageObject\",\"inLanguage\":\"sq-AL\",\"@id\":\"https:\\\/\\\/fjala.info\\\/2009-2015\\\/#\\\/schema\\\/logo\\\/image\\\/\",\"url\":\"\",\"contentUrl\":\"\",\"caption\":\"FjALA e LIR\u00cb - Arkivi\"},\"image\":{\"@id\":\"https:\\\/\\\/fjala.info\\\/2009-2015\\\/#\\\/schema\\\/logo\\\/image\\\/\"}},{\"@type\":\"Person\",\"@id\":\"https:\\\/\\\/fjala.info\\\/2009-2015\\\/#\\\/schema\\\/person\\\/3aa1163ef05469c496fc94e77611ada2\",\"name\":\"admin\",\"image\":{\"@type\":\"ImageObject\",\"inLanguage\":\"sq-AL\",\"@id\":\"https:\\\/\\\/fjala.info\\\/2009-2015\\\/wp-content\\\/uploads\\\/2012\\\/02\\\/arben_cokaj-120x150.jpg\",\"url\":\"https:\\\/\\\/fjala.info\\\/2009-2015\\\/wp-content\\\/uploads\\\/2012\\\/02\\\/arben_cokaj-120x150.jpg\",\"contentUrl\":\"https:\\\/\\\/fjala.info\\\/2009-2015\\\/wp-content\\\/uploads\\\/2012\\\/02\\\/arben_cokaj-120x150.jpg\",\"caption\":\"admin\"},\"description\":\"Admin, Fjala e Lir\u00eb\",\"sameAs\":[\"https:\\\/\\\/fjala.info\\\/\"],\"url\":\"https:\\\/\\\/fjala.info\\\/2009-2015\\\/author\\\/admin\\\/\"}]}<\/script>\n<!-- \/ Yoast SEO plugin. -->","yoast_head_json":{"title":"\u201cStipe, t\u00eb lutem\u2026\u201d - FjALA e LIR\u00cb - Arkivi","robots":{"index":"index","follow":"follow","max-snippet":"max-snippet:-1","max-image-preview":"max-image-preview:large","max-video-preview":"max-video-preview:-1"},"canonical":"https:\/\/fjala.info\/2009-2015\/stipe-te-lutem\/","og_locale":"sq_AL","og_type":"article","og_title":"\u201cStipe, t\u00eb lutem\u2026\u201d - FjALA e LIR\u00cb - Arkivi","og_description":"Nga Enver Robelli Ai q\u00eb nuk ul\u00ebrinte me ujqit: Tomislav Jakiq, gazetar veteran i Televizionit t\u00eb Zagrebit dhe k\u00ebshilltar shum\u00ebvje\u00e7ar i ish-presidentit Stipe Mesiq, rr\u00ebfen jet\u00ebn e tij t\u00eb bujshme profesionale dhe tregon rrethanat e pranimit t\u00eb pavar\u00ebsis\u00eb s\u00eb Kosov\u00ebs nga Kroacia 1. Dynjaja e habitur Jemi m\u00ebsuar dhe vazhdojm\u00eb t\u00eb neveritemi me tipin e [&hellip;]","og_url":"https:\/\/fjala.info\/2009-2015\/stipe-te-lutem\/","og_site_name":"FjALA e LIR\u00cb - Arkivi","article_published_time":"2010-12-01T07:46:18+00:00","og_image":[{"url":"http:\/\/fjala.shkoder.net\/wp-content\/uploads\/2010\/10\/enver_robelli.jpg","type":"","width":"","height":""}],"author":"admin","twitter_card":"summary_large_image","twitter_misc":{"Written by":"admin","Est. reading time":"8 minutes"},"schema":{"@context":"https:\/\/schema.org","@graph":[{"@type":"Article","@id":"https:\/\/fjala.info\/2009-2015\/stipe-te-lutem\/#article","isPartOf":{"@id":"https:\/\/fjala.info\/2009-2015\/stipe-te-lutem\/"},"author":{"name":"admin","@id":"https:\/\/fjala.info\/2009-2015\/#\/schema\/person\/3aa1163ef05469c496fc94e77611ada2"},"headline":"\u201cStipe, t\u00eb lutem\u2026\u201d","datePublished":"2010-12-01T07:46:18+00:00","mainEntityOfPage":{"@id":"https:\/\/fjala.info\/2009-2015\/stipe-te-lutem\/"},"wordCount":1606,"commentCount":0,"publisher":{"@id":"https:\/\/fjala.info\/2009-2015\/#organization"},"image":{"@id":"https:\/\/fjala.info\/2009-2015\/stipe-te-lutem\/#primaryimage"},"thumbnailUrl":"http:\/\/fjala.shkoder.net\/wp-content\/uploads\/2010\/10\/enver_robelli.jpg","articleSection":["Artikuj"],"inLanguage":"sq-AL","potentialAction":[{"@type":"CommentAction","name":"Comment","target":["https:\/\/fjala.info\/2009-2015\/stipe-te-lutem\/#respond"]}]},{"@type":"WebPage","@id":"https:\/\/fjala.info\/2009-2015\/stipe-te-lutem\/","url":"https:\/\/fjala.info\/2009-2015\/stipe-te-lutem\/","name":"\u201cStipe, t\u00eb lutem\u2026\u201d - FjALA e LIR\u00cb - Arkivi","isPartOf":{"@id":"https:\/\/fjala.info\/2009-2015\/#website"},"primaryImageOfPage":{"@id":"https:\/\/fjala.info\/2009-2015\/stipe-te-lutem\/#primaryimage"},"image":{"@id":"https:\/\/fjala.info\/2009-2015\/stipe-te-lutem\/#primaryimage"},"thumbnailUrl":"http:\/\/fjala.shkoder.net\/wp-content\/uploads\/2010\/10\/enver_robelli.jpg","datePublished":"2010-12-01T07:46:18+00:00","breadcrumb":{"@id":"https:\/\/fjala.info\/2009-2015\/stipe-te-lutem\/#breadcrumb"},"inLanguage":"sq-AL","potentialAction":[{"@type":"ReadAction","target":["https:\/\/fjala.info\/2009-2015\/stipe-te-lutem\/"]}]},{"@type":"ImageObject","inLanguage":"sq-AL","@id":"https:\/\/fjala.info\/2009-2015\/stipe-te-lutem\/#primaryimage","url":"http:\/\/fjala.shkoder.net\/wp-content\/uploads\/2010\/10\/enver_robelli.jpg","contentUrl":"http:\/\/fjala.shkoder.net\/wp-content\/uploads\/2010\/10\/enver_robelli.jpg"},{"@type":"BreadcrumbList","@id":"https:\/\/fjala.info\/2009-2015\/stipe-te-lutem\/#breadcrumb","itemListElement":[{"@type":"ListItem","position":1,"name":"Home","item":"https:\/\/fjala.info\/2009-2015\/"},{"@type":"ListItem","position":2,"name":"\u201cStipe, t\u00eb lutem\u2026\u201d"}]},{"@type":"WebSite","@id":"https:\/\/fjala.info\/2009-2015\/#website","url":"https:\/\/fjala.info\/2009-2015\/","name":"FjALA e LIR\u00cb - Arkivi","description":"Arkivi 2009-2015","publisher":{"@id":"https:\/\/fjala.info\/2009-2015\/#organization"},"potentialAction":[{"@type":"SearchAction","target":{"@type":"EntryPoint","urlTemplate":"https:\/\/fjala.info\/2009-2015\/?s={search_term_string}"},"query-input":{"@type":"PropertyValueSpecification","valueRequired":true,"valueName":"search_term_string"}}],"inLanguage":"sq-AL"},{"@type":"Organization","@id":"https:\/\/fjala.info\/2009-2015\/#organization","name":"FjALA e LIR\u00cb - Arkivi","url":"https:\/\/fjala.info\/2009-2015\/","logo":{"@type":"ImageObject","inLanguage":"sq-AL","@id":"https:\/\/fjala.info\/2009-2015\/#\/schema\/logo\/image\/","url":"","contentUrl":"","caption":"FjALA e LIR\u00cb - Arkivi"},"image":{"@id":"https:\/\/fjala.info\/2009-2015\/#\/schema\/logo\/image\/"}},{"@type":"Person","@id":"https:\/\/fjala.info\/2009-2015\/#\/schema\/person\/3aa1163ef05469c496fc94e77611ada2","name":"admin","image":{"@type":"ImageObject","inLanguage":"sq-AL","@id":"https:\/\/fjala.info\/2009-2015\/wp-content\/uploads\/2012\/02\/arben_cokaj-120x150.jpg","url":"https:\/\/fjala.info\/2009-2015\/wp-content\/uploads\/2012\/02\/arben_cokaj-120x150.jpg","contentUrl":"https:\/\/fjala.info\/2009-2015\/wp-content\/uploads\/2012\/02\/arben_cokaj-120x150.jpg","caption":"admin"},"description":"Admin, Fjala e Lir\u00eb","sameAs":["https:\/\/fjala.info\/"],"url":"https:\/\/fjala.info\/2009-2015\/author\/admin\/"}]}},"_links":{"self":[{"href":"https:\/\/fjala.info\/2009-2015\/wp-json\/wp\/v2\/posts\/4972","targetHints":{"allow":["GET"]}}],"collection":[{"href":"https:\/\/fjala.info\/2009-2015\/wp-json\/wp\/v2\/posts"}],"about":[{"href":"https:\/\/fjala.info\/2009-2015\/wp-json\/wp\/v2\/types\/post"}],"author":[{"embeddable":true,"href":"https:\/\/fjala.info\/2009-2015\/wp-json\/wp\/v2\/users\/1"}],"replies":[{"embeddable":true,"href":"https:\/\/fjala.info\/2009-2015\/wp-json\/wp\/v2\/comments?post=4972"}],"version-history":[{"count":0,"href":"https:\/\/fjala.info\/2009-2015\/wp-json\/wp\/v2\/posts\/4972\/revisions"}],"wp:attachment":[{"href":"https:\/\/fjala.info\/2009-2015\/wp-json\/wp\/v2\/media?parent=4972"}],"wp:term":[{"taxonomy":"category","embeddable":true,"href":"https:\/\/fjala.info\/2009-2015\/wp-json\/wp\/v2\/categories?post=4972"},{"taxonomy":"post_tag","embeddable":true,"href":"https:\/\/fjala.info\/2009-2015\/wp-json\/wp\/v2\/tags?post=4972"}],"curies":[{"name":"wp","href":"https:\/\/api.w.org\/{rel}","templated":true}]}}