{"id":496,"date":"2011-12-05T10:45:48","date_gmt":"2011-12-05T09:45:48","guid":{"rendered":"http:\/\/fjala.shkoder.net\/?p=496"},"modified":"2011-12-05T10:45:48","modified_gmt":"2011-12-05T09:45:48","slug":"je-nje-mize-ne-b-te-shtetit","status":"publish","type":"post","link":"https:\/\/fjala.info\/2009-2015\/je-nje-mize-ne-b-te-shtetit\/","title":{"rendered":"Je nj\u00eb miz\u00eb n\u00eb b.. t\u00eb shtetit"},"content":{"rendered":"<p><img decoding=\"async\" class=\"alignright size-thumbnail wp-image-7236\" title=\"Arben Duka\" src=\"http:\/\/www.shkoder.net\/images\/fjala\/arben_duka.jpg\" alt=\"\" width=\"150\" \/> <strong>Je nj\u00eb miz\u00eb n\u00eb b.. t\u00eb shtetit <\/strong><\/p>\n<p>Vargje nga <strong>Arben Duka<\/strong><\/p>\n<p>T\u00eb kisha harruar fare,<br \/>\nmore djali i Haxhiut,<br \/>\npse s\u2019e mbyll at\u00eb kamare,<br \/>\nte ekrani i Saliut?<\/p>\n<p>Dhe pse erdhi mot i lig,<br \/>\nshqiponja p\u00ebr miza s\u2019gjuan,<br \/>\npo ti \u00e7\u2019ke more zhapik,<br \/>\nq\u00eb me emrin tim e kruan?!<\/p>\n<p>Ti s\u2019e mbyll at\u00eb kamare,<br \/>\nQelb dynajn\u00eb si gjith\u00eb halet\u00eb:<br \/>\n\u201cUn\u00eb kam mbetur keq p\u00ebr pare<br \/>\nq\u00eb po shkruaj n\u00eb gazet\u00eb?!\u201d<\/p>\n<p>Sua fisniku un\u00eb jam,<br \/>\ns\u2019jam si ty nga soj\u2019i hir\u00ebs<br \/>\ndomosdo para nuk kam,<br \/>\nsa \u00e7\u2019ke ti o byth\u00ebl\u00ebpir\u00ebs<\/p>\n<p>Tek un\u00eb parja s\u2019ka hi\u00e7 vler\u00eb,<br \/>\npo s\u2019jam barku i trahanas\u00eb<br \/>\nt\u00eb kam th\u00ebn\u00eb dhe tjet\u00ebr her\u00eb,<br \/>\ns\u2019jam si ty, qen i paras\u00eb<\/p>\n<p>Ti ke prerje sharlatani,<br \/>\nje b\u00ebr\u00eb gazi i miletit.<br \/>\nE di \u00e7\u2019je ti Arjan Cani?<br \/>\nJe nj\u00eb miz\u00eb n\u00eb byth\u00eb t\u00eb shtetit<\/p>\n<p>Se m\u00eb shave aq m\u00eb b\u00ebn<br \/>\naq m\u00eb b\u00ebn e s\u2019m\u00eb prish pun\u00eb,<br \/>\nse kur m\u00eb kafshon nj\u00eb qen,<br \/>\nnuk mund ta kafshoj dhe un\u00eb<\/p>\n<p>Sa her\u00eb n\u00eb ekran ke dal\u00eb,<br \/>\ne p\u00ebrdor gjuh\u00ebn si kordh\u00eb<br \/>\nUn\u00eb kam vep\u00ebr more djal\u00eb,<br \/>\nti ke llafe edhe pordh\u00eb<\/p>\n<p>T\u00eb shikoj e b\u00ebj \u00e7udi,<br \/>\npisll\u00ebku si s\u2019ta z\u00eb frym\u00ebn<br \/>\nm\u00eb vjen keq t\u00eb t\u00eb p\u00ebshtyj,<br \/>\njo p\u00ebr ty po p\u00ebr p\u00ebshtym\u00ebn<\/p>\n","protected":false},"excerpt":{"rendered":"<p>Je nj\u00eb miz\u00eb n\u00eb b.. t\u00eb shtetit Vargje nga Arben Duka T\u00eb kisha harruar fare, more djali i Haxhiut, pse s\u2019e mbyll at\u00eb kamare, te ekrani i Saliut? Dhe pse erdhi mot i lig, shqiponja p\u00ebr miza s\u2019gjuan, po ti \u00e7\u2019ke more zhapik, q\u00eb me emrin tim e kruan?! Ti s\u2019e mbyll at\u00eb kamare, Qelb [&hellip;]<\/p>\n","protected":false},"author":1,"featured_media":0,"comment_status":"open","ping_status":"closed","sticky":false,"template":"","format":"standard","meta":{"footnotes":""},"categories":[7,9],"tags":[],"class_list":{"0":"post-496","1":"post","2":"type-post","3":"status-publish","4":"format-standard","6":"category-letersi","7":"category-poezi"},"yoast_head":"<!-- This site is optimized with the Yoast SEO plugin v27.4 - https:\/\/yoast.com\/product\/yoast-seo-wordpress\/ -->\n<title>Je nj\u00eb miz\u00eb n\u00eb b.. t\u00eb shtetit - FjALA e LIR\u00cb - Arkivi<\/title>\n<meta name=\"robots\" content=\"index, follow, max-snippet:-1, max-image-preview:large, max-video-preview:-1\" \/>\n<link rel=\"canonical\" href=\"https:\/\/fjala.info\/2009-2015\/je-nje-mize-ne-b-te-shtetit\/\" \/>\n<meta property=\"og:locale\" content=\"sq_AL\" \/>\n<meta property=\"og:type\" content=\"article\" \/>\n<meta property=\"og:title\" content=\"Je nj\u00eb miz\u00eb n\u00eb b.. t\u00eb shtetit - FjALA e LIR\u00cb - Arkivi\" \/>\n<meta property=\"og:description\" content=\"Je nj\u00eb miz\u00eb n\u00eb b.. t\u00eb shtetit Vargje nga Arben Duka T\u00eb kisha harruar fare, more djali i Haxhiut, pse s\u2019e mbyll at\u00eb kamare, te ekrani i Saliut? Dhe pse erdhi mot i lig, shqiponja p\u00ebr miza s\u2019gjuan, po ti \u00e7\u2019ke more zhapik, q\u00eb me emrin tim e kruan?! Ti s\u2019e mbyll at\u00eb kamare, Qelb [&hellip;]\" \/>\n<meta property=\"og:url\" content=\"https:\/\/fjala.info\/2009-2015\/je-nje-mize-ne-b-te-shtetit\/\" \/>\n<meta property=\"og:site_name\" content=\"FjALA e LIR\u00cb - Arkivi\" \/>\n<meta property=\"article:published_time\" content=\"2011-12-05T09:45:48+00:00\" \/>\n<meta property=\"og:image\" content=\"http:\/\/www.shkoder.net\/images\/fjala\/arben_duka.jpg\" \/>\n<meta name=\"author\" content=\"admin\" \/>\n<meta name=\"twitter:card\" content=\"summary_large_image\" \/>\n<meta name=\"twitter:label1\" content=\"Written by\" \/>\n\t<meta name=\"twitter:data1\" content=\"admin\" \/>\n\t<meta name=\"twitter:label2\" content=\"Est. reading time\" \/>\n\t<meta name=\"twitter:data2\" content=\"1 minute\" \/>\n<script type=\"application\/ld+json\" class=\"yoast-schema-graph\">{\"@context\":\"https:\\\/\\\/schema.org\",\"@graph\":[{\"@type\":\"Article\",\"@id\":\"https:\\\/\\\/fjala.info\\\/2009-2015\\\/je-nje-mize-ne-b-te-shtetit\\\/#article\",\"isPartOf\":{\"@id\":\"https:\\\/\\\/fjala.info\\\/2009-2015\\\/je-nje-mize-ne-b-te-shtetit\\\/\"},\"author\":{\"name\":\"admin\",\"@id\":\"https:\\\/\\\/fjala.info\\\/2009-2015\\\/#\\\/schema\\\/person\\\/3aa1163ef05469c496fc94e77611ada2\"},\"headline\":\"Je nj\u00eb miz\u00eb n\u00eb b.. t\u00eb shtetit\",\"datePublished\":\"2011-12-05T09:45:48+00:00\",\"mainEntityOfPage\":{\"@id\":\"https:\\\/\\\/fjala.info\\\/2009-2015\\\/je-nje-mize-ne-b-te-shtetit\\\/\"},\"wordCount\":241,\"commentCount\":0,\"publisher\":{\"@id\":\"https:\\\/\\\/fjala.info\\\/2009-2015\\\/#organization\"},\"image\":{\"@id\":\"https:\\\/\\\/fjala.info\\\/2009-2015\\\/je-nje-mize-ne-b-te-shtetit\\\/#primaryimage\"},\"thumbnailUrl\":\"http:\\\/\\\/www.shkoder.net\\\/images\\\/fjala\\\/arben_duka.jpg\",\"articleSection\":[\"Let\u00ebrsi\",\"Poezi\"],\"inLanguage\":\"sq-AL\",\"potentialAction\":[{\"@type\":\"CommentAction\",\"name\":\"Comment\",\"target\":[\"https:\\\/\\\/fjala.info\\\/2009-2015\\\/je-nje-mize-ne-b-te-shtetit\\\/#respond\"]}]},{\"@type\":\"WebPage\",\"@id\":\"https:\\\/\\\/fjala.info\\\/2009-2015\\\/je-nje-mize-ne-b-te-shtetit\\\/\",\"url\":\"https:\\\/\\\/fjala.info\\\/2009-2015\\\/je-nje-mize-ne-b-te-shtetit\\\/\",\"name\":\"Je nj\u00eb miz\u00eb n\u00eb b.. t\u00eb shtetit - FjALA e LIR\u00cb - Arkivi\",\"isPartOf\":{\"@id\":\"https:\\\/\\\/fjala.info\\\/2009-2015\\\/#website\"},\"primaryImageOfPage\":{\"@id\":\"https:\\\/\\\/fjala.info\\\/2009-2015\\\/je-nje-mize-ne-b-te-shtetit\\\/#primaryimage\"},\"image\":{\"@id\":\"https:\\\/\\\/fjala.info\\\/2009-2015\\\/je-nje-mize-ne-b-te-shtetit\\\/#primaryimage\"},\"thumbnailUrl\":\"http:\\\/\\\/www.shkoder.net\\\/images\\\/fjala\\\/arben_duka.jpg\",\"datePublished\":\"2011-12-05T09:45:48+00:00\",\"breadcrumb\":{\"@id\":\"https:\\\/\\\/fjala.info\\\/2009-2015\\\/je-nje-mize-ne-b-te-shtetit\\\/#breadcrumb\"},\"inLanguage\":\"sq-AL\",\"potentialAction\":[{\"@type\":\"ReadAction\",\"target\":[\"https:\\\/\\\/fjala.info\\\/2009-2015\\\/je-nje-mize-ne-b-te-shtetit\\\/\"]}]},{\"@type\":\"ImageObject\",\"inLanguage\":\"sq-AL\",\"@id\":\"https:\\\/\\\/fjala.info\\\/2009-2015\\\/je-nje-mize-ne-b-te-shtetit\\\/#primaryimage\",\"url\":\"http:\\\/\\\/www.shkoder.net\\\/images\\\/fjala\\\/arben_duka.jpg\",\"contentUrl\":\"http:\\\/\\\/www.shkoder.net\\\/images\\\/fjala\\\/arben_duka.jpg\"},{\"@type\":\"BreadcrumbList\",\"@id\":\"https:\\\/\\\/fjala.info\\\/2009-2015\\\/je-nje-mize-ne-b-te-shtetit\\\/#breadcrumb\",\"itemListElement\":[{\"@type\":\"ListItem\",\"position\":1,\"name\":\"Home\",\"item\":\"https:\\\/\\\/fjala.info\\\/2009-2015\\\/\"},{\"@type\":\"ListItem\",\"position\":2,\"name\":\"Je nj\u00eb miz\u00eb n\u00eb b.. t\u00eb shtetit\"}]},{\"@type\":\"WebSite\",\"@id\":\"https:\\\/\\\/fjala.info\\\/2009-2015\\\/#website\",\"url\":\"https:\\\/\\\/fjala.info\\\/2009-2015\\\/\",\"name\":\"FjALA e LIR\u00cb - Arkivi\",\"description\":\"Arkivi 2009-2015\",\"publisher\":{\"@id\":\"https:\\\/\\\/fjala.info\\\/2009-2015\\\/#organization\"},\"potentialAction\":[{\"@type\":\"SearchAction\",\"target\":{\"@type\":\"EntryPoint\",\"urlTemplate\":\"https:\\\/\\\/fjala.info\\\/2009-2015\\\/?s={search_term_string}\"},\"query-input\":{\"@type\":\"PropertyValueSpecification\",\"valueRequired\":true,\"valueName\":\"search_term_string\"}}],\"inLanguage\":\"sq-AL\"},{\"@type\":\"Organization\",\"@id\":\"https:\\\/\\\/fjala.info\\\/2009-2015\\\/#organization\",\"name\":\"FjALA e LIR\u00cb - Arkivi\",\"url\":\"https:\\\/\\\/fjala.info\\\/2009-2015\\\/\",\"logo\":{\"@type\":\"ImageObject\",\"inLanguage\":\"sq-AL\",\"@id\":\"https:\\\/\\\/fjala.info\\\/2009-2015\\\/#\\\/schema\\\/logo\\\/image\\\/\",\"url\":\"\",\"contentUrl\":\"\",\"caption\":\"FjALA e LIR\u00cb - Arkivi\"},\"image\":{\"@id\":\"https:\\\/\\\/fjala.info\\\/2009-2015\\\/#\\\/schema\\\/logo\\\/image\\\/\"}},{\"@type\":\"Person\",\"@id\":\"https:\\\/\\\/fjala.info\\\/2009-2015\\\/#\\\/schema\\\/person\\\/3aa1163ef05469c496fc94e77611ada2\",\"name\":\"admin\",\"image\":{\"@type\":\"ImageObject\",\"inLanguage\":\"sq-AL\",\"@id\":\"https:\\\/\\\/fjala.info\\\/2009-2015\\\/wp-content\\\/uploads\\\/2012\\\/02\\\/arben_cokaj-120x150.jpg\",\"url\":\"https:\\\/\\\/fjala.info\\\/2009-2015\\\/wp-content\\\/uploads\\\/2012\\\/02\\\/arben_cokaj-120x150.jpg\",\"contentUrl\":\"https:\\\/\\\/fjala.info\\\/2009-2015\\\/wp-content\\\/uploads\\\/2012\\\/02\\\/arben_cokaj-120x150.jpg\",\"caption\":\"admin\"},\"description\":\"Admin, Fjala e Lir\u00eb\",\"sameAs\":[\"https:\\\/\\\/fjala.info\\\/\"],\"url\":\"https:\\\/\\\/fjala.info\\\/2009-2015\\\/author\\\/admin\\\/\"}]}<\/script>\n<!-- \/ Yoast SEO plugin. -->","yoast_head_json":{"title":"Je nj\u00eb miz\u00eb n\u00eb b.. t\u00eb shtetit - FjALA e LIR\u00cb - Arkivi","robots":{"index":"index","follow":"follow","max-snippet":"max-snippet:-1","max-image-preview":"max-image-preview:large","max-video-preview":"max-video-preview:-1"},"canonical":"https:\/\/fjala.info\/2009-2015\/je-nje-mize-ne-b-te-shtetit\/","og_locale":"sq_AL","og_type":"article","og_title":"Je nj\u00eb miz\u00eb n\u00eb b.. t\u00eb shtetit - FjALA e LIR\u00cb - Arkivi","og_description":"Je nj\u00eb miz\u00eb n\u00eb b.. t\u00eb shtetit Vargje nga Arben Duka T\u00eb kisha harruar fare, more djali i Haxhiut, pse s\u2019e mbyll at\u00eb kamare, te ekrani i Saliut? Dhe pse erdhi mot i lig, shqiponja p\u00ebr miza s\u2019gjuan, po ti \u00e7\u2019ke more zhapik, q\u00eb me emrin tim e kruan?! Ti s\u2019e mbyll at\u00eb kamare, Qelb [&hellip;]","og_url":"https:\/\/fjala.info\/2009-2015\/je-nje-mize-ne-b-te-shtetit\/","og_site_name":"FjALA e LIR\u00cb - Arkivi","article_published_time":"2011-12-05T09:45:48+00:00","og_image":[{"url":"http:\/\/www.shkoder.net\/images\/fjala\/arben_duka.jpg","type":"","width":"","height":""}],"author":"admin","twitter_card":"summary_large_image","twitter_misc":{"Written by":"admin","Est. reading time":"1 minute"},"schema":{"@context":"https:\/\/schema.org","@graph":[{"@type":"Article","@id":"https:\/\/fjala.info\/2009-2015\/je-nje-mize-ne-b-te-shtetit\/#article","isPartOf":{"@id":"https:\/\/fjala.info\/2009-2015\/je-nje-mize-ne-b-te-shtetit\/"},"author":{"name":"admin","@id":"https:\/\/fjala.info\/2009-2015\/#\/schema\/person\/3aa1163ef05469c496fc94e77611ada2"},"headline":"Je nj\u00eb miz\u00eb n\u00eb b.. t\u00eb shtetit","datePublished":"2011-12-05T09:45:48+00:00","mainEntityOfPage":{"@id":"https:\/\/fjala.info\/2009-2015\/je-nje-mize-ne-b-te-shtetit\/"},"wordCount":241,"commentCount":0,"publisher":{"@id":"https:\/\/fjala.info\/2009-2015\/#organization"},"image":{"@id":"https:\/\/fjala.info\/2009-2015\/je-nje-mize-ne-b-te-shtetit\/#primaryimage"},"thumbnailUrl":"http:\/\/www.shkoder.net\/images\/fjala\/arben_duka.jpg","articleSection":["Let\u00ebrsi","Poezi"],"inLanguage":"sq-AL","potentialAction":[{"@type":"CommentAction","name":"Comment","target":["https:\/\/fjala.info\/2009-2015\/je-nje-mize-ne-b-te-shtetit\/#respond"]}]},{"@type":"WebPage","@id":"https:\/\/fjala.info\/2009-2015\/je-nje-mize-ne-b-te-shtetit\/","url":"https:\/\/fjala.info\/2009-2015\/je-nje-mize-ne-b-te-shtetit\/","name":"Je nj\u00eb miz\u00eb n\u00eb b.. t\u00eb shtetit - FjALA e LIR\u00cb - Arkivi","isPartOf":{"@id":"https:\/\/fjala.info\/2009-2015\/#website"},"primaryImageOfPage":{"@id":"https:\/\/fjala.info\/2009-2015\/je-nje-mize-ne-b-te-shtetit\/#primaryimage"},"image":{"@id":"https:\/\/fjala.info\/2009-2015\/je-nje-mize-ne-b-te-shtetit\/#primaryimage"},"thumbnailUrl":"http:\/\/www.shkoder.net\/images\/fjala\/arben_duka.jpg","datePublished":"2011-12-05T09:45:48+00:00","breadcrumb":{"@id":"https:\/\/fjala.info\/2009-2015\/je-nje-mize-ne-b-te-shtetit\/#breadcrumb"},"inLanguage":"sq-AL","potentialAction":[{"@type":"ReadAction","target":["https:\/\/fjala.info\/2009-2015\/je-nje-mize-ne-b-te-shtetit\/"]}]},{"@type":"ImageObject","inLanguage":"sq-AL","@id":"https:\/\/fjala.info\/2009-2015\/je-nje-mize-ne-b-te-shtetit\/#primaryimage","url":"http:\/\/www.shkoder.net\/images\/fjala\/arben_duka.jpg","contentUrl":"http:\/\/www.shkoder.net\/images\/fjala\/arben_duka.jpg"},{"@type":"BreadcrumbList","@id":"https:\/\/fjala.info\/2009-2015\/je-nje-mize-ne-b-te-shtetit\/#breadcrumb","itemListElement":[{"@type":"ListItem","position":1,"name":"Home","item":"https:\/\/fjala.info\/2009-2015\/"},{"@type":"ListItem","position":2,"name":"Je nj\u00eb miz\u00eb n\u00eb b.. t\u00eb shtetit"}]},{"@type":"WebSite","@id":"https:\/\/fjala.info\/2009-2015\/#website","url":"https:\/\/fjala.info\/2009-2015\/","name":"FjALA e LIR\u00cb - Arkivi","description":"Arkivi 2009-2015","publisher":{"@id":"https:\/\/fjala.info\/2009-2015\/#organization"},"potentialAction":[{"@type":"SearchAction","target":{"@type":"EntryPoint","urlTemplate":"https:\/\/fjala.info\/2009-2015\/?s={search_term_string}"},"query-input":{"@type":"PropertyValueSpecification","valueRequired":true,"valueName":"search_term_string"}}],"inLanguage":"sq-AL"},{"@type":"Organization","@id":"https:\/\/fjala.info\/2009-2015\/#organization","name":"FjALA e LIR\u00cb - Arkivi","url":"https:\/\/fjala.info\/2009-2015\/","logo":{"@type":"ImageObject","inLanguage":"sq-AL","@id":"https:\/\/fjala.info\/2009-2015\/#\/schema\/logo\/image\/","url":"","contentUrl":"","caption":"FjALA e LIR\u00cb - Arkivi"},"image":{"@id":"https:\/\/fjala.info\/2009-2015\/#\/schema\/logo\/image\/"}},{"@type":"Person","@id":"https:\/\/fjala.info\/2009-2015\/#\/schema\/person\/3aa1163ef05469c496fc94e77611ada2","name":"admin","image":{"@type":"ImageObject","inLanguage":"sq-AL","@id":"https:\/\/fjala.info\/2009-2015\/wp-content\/uploads\/2012\/02\/arben_cokaj-120x150.jpg","url":"https:\/\/fjala.info\/2009-2015\/wp-content\/uploads\/2012\/02\/arben_cokaj-120x150.jpg","contentUrl":"https:\/\/fjala.info\/2009-2015\/wp-content\/uploads\/2012\/02\/arben_cokaj-120x150.jpg","caption":"admin"},"description":"Admin, Fjala e Lir\u00eb","sameAs":["https:\/\/fjala.info\/"],"url":"https:\/\/fjala.info\/2009-2015\/author\/admin\/"}]}},"_links":{"self":[{"href":"https:\/\/fjala.info\/2009-2015\/wp-json\/wp\/v2\/posts\/496","targetHints":{"allow":["GET"]}}],"collection":[{"href":"https:\/\/fjala.info\/2009-2015\/wp-json\/wp\/v2\/posts"}],"about":[{"href":"https:\/\/fjala.info\/2009-2015\/wp-json\/wp\/v2\/types\/post"}],"author":[{"embeddable":true,"href":"https:\/\/fjala.info\/2009-2015\/wp-json\/wp\/v2\/users\/1"}],"replies":[{"embeddable":true,"href":"https:\/\/fjala.info\/2009-2015\/wp-json\/wp\/v2\/comments?post=496"}],"version-history":[{"count":0,"href":"https:\/\/fjala.info\/2009-2015\/wp-json\/wp\/v2\/posts\/496\/revisions"}],"wp:attachment":[{"href":"https:\/\/fjala.info\/2009-2015\/wp-json\/wp\/v2\/media?parent=496"}],"wp:term":[{"taxonomy":"category","embeddable":true,"href":"https:\/\/fjala.info\/2009-2015\/wp-json\/wp\/v2\/categories?post=496"},{"taxonomy":"post_tag","embeddable":true,"href":"https:\/\/fjala.info\/2009-2015\/wp-json\/wp\/v2\/tags?post=496"}],"curies":[{"name":"wp","href":"https:\/\/api.w.org\/{rel}","templated":true}]}}