{"id":4946,"date":"2010-11-30T22:21:56","date_gmt":"2010-11-30T21:21:56","guid":{"rendered":"http:\/\/fjala.shkoder.net\/?p=4946"},"modified":"2010-11-30T22:21:56","modified_gmt":"2010-11-30T21:21:56","slug":"u-manifestua-28-nentori-dita-e-flamurit-kombetar-ne-shtutgard-te-gjermanise","status":"publish","type":"post","link":"https:\/\/fjala.info\/2009-2015\/u-manifestua-28-nentori-dita-e-flamurit-kombetar-ne-shtutgard-te-gjermanise\/","title":{"rendered":"U manifestua 28 n\u00ebntori, dita e Flamurit komb\u00ebtar n\u00eb Shtutgard t\u00eb Gjermanis\u00eb"},"content":{"rendered":"<p><img loading=\"lazy\" decoding=\"async\" class=\"alignleft size-full wp-image-4948\" title=\"Asllan Dibrani\" src=\"http:\/\/fjala.shkoder.net\/wp-content\/uploads\/2010\/11\/asllan_dibrani.jpg\" alt=\"\" width=\"150\" height=\"194\" \/><\/p>\n<p>Nga <strong>Asllan Dibrani<\/strong><\/p>\n<p>Po i afrohemi nj\u00eb shekulli dit\u00ebs s\u00eb shum\u00eb pritur, e lumtur dhe e paharruar p\u00ebr Vlor\u00ebn heroike, mbas pes\u00eb shekujsh rob\u00ebrie, patrioti i men\u00e7ur i kombit ton\u00eb, heroi i popullit Ismail Qemali Vlora, shpalli pavar\u00ebsin\u00eb e Shqip\u00ebris\u00eb dhe ngriti t\u00eb lir\u00eb dhe me krenari flamurin kuq e zi, q\u00eb ngriti i madhi Sk\u00ebnderbe 5 shekuj ma her\u00ebt me te nj\u00ebjtin q\u00ebllim simbolin e liris\u00eb p\u00ebr pavar\u00ebsin\u00eb e Shqip\u00ebris\u00eb.<\/p>\n<p style=\"text-align: center;\"><strong><img loading=\"lazy\" decoding=\"async\" class=\"alignnone size-full wp-image-4950\" title=\"28_nentor_sttutgard\" src=\"http:\/\/fjala.shkoder.net\/wp-content\/uploads\/2010\/11\/28_nentor_sttutgard.jpg\" alt=\"\" width=\"400\" height=\"311\" \/><\/strong><\/p>\n<p style=\"text-align: center;\"><strong>Grupi i valletareve nga Heidelberg<\/strong><\/p>\n<p>Si \u00e7do vend q\u00eb po p\u00ebrkujtohet kjo dit\u00eb madh\u00ebshtore e flamurit komb\u00ebtar dit\u00ebs se Pavar\u00ebsis\u00eb s\u00eb Shqip\u00ebris\u00eb, n\u00eb Shqip\u00ebri, Kosov\u00eb, Maqedoni e gjetiu, po asht po manifestohet edhe ne vendet per\u00ebndimore ku jan\u00eb t\u00eb p\u00ebrqendruar shqiptar\u00ebt. Ashtu nj\u00eb e kremte kushtuar flamurit t\u00eb kombit u mbajt edhe n\u00eb Shtutgard t\u00eb Gjermanis\u00eb e organizuar nga Unioni Mbar\u00ebkomb\u00ebtar Shqiptar.<\/p>\n<p style=\"text-align: center;\"><strong><img loading=\"lazy\" decoding=\"async\" class=\"alignnone size-full wp-image-4951\" title=\"28_nentor_sttutgard\" src=\"http:\/\/fjala.shkoder.net\/wp-content\/uploads\/2010\/11\/28_nentor_sttutgard1.jpg\" alt=\"\" width=\"400\" height=\"310\" \/><\/strong><\/p>\n<p style=\"text-align: center;\"><strong>Can Tahiri udheheqes i programit dhe bashkpuntor i T.V.Sh n\u00eb Tiran\u00eb dhe dhe RTK n\u00eb Prishtin\u00eb i shoqeruar me moderatoren Af\u00ebrdita Shkrelin<\/strong><\/p>\n<p>Qendra Kulturore Shqiptare nga Shtutgardi, Bes\u00eblidhja Komb\u00ebtare Demokratike Shqiptare n\u00eb mb\u00ebshtetje t\u00eb Q\u00ebndres\u00eb Islame nga Shtutgardi, ku pik\u00ebrisht ne ora 14 t\u00eb dit\u00ebs se diel t\u00eb dat\u00ebs 28 n\u00ebntor 2010 filloj tubimi, n\u00eb nj\u00eb sall\u00eb t\u00eb stolisur me flamurin e krenaris\u00eb se kombit dhe piktura artistike kushtuar k\u00ebsaj feste. Fillimisht hapjen e k\u00ebtij tubimi e beri veprimtari Fahredin Tafallari i cili i fal\u00ebnderoj t\u00eb pranishmit dhe u p\u00ebrqendrua ne ngritjen e flamurit ne Vlor\u00ebn heroike te vitit 1912 i p\u00ebrsh\u00ebndeti t\u00eb pranishmit dhe u p\u00ebrqendrua ma tep\u00ebr p\u00ebr vlerat e flamurit dhe manifestimin e tij ne m\u00ebrgat\u00ebn shqiptare.<\/p>\n<p>Ma tutje moderator\u00ebt Can Tahiri dhe Aferdita Shkreli ftuan t\u00eb pranishmit p\u00ebr nj\u00eb minut\u00eb heshtje p\u00ebr te r\u00ebn\u00ebt e d\u00ebshmoreve p\u00ebr liri! Ne sall\u00eb ishte i pranish\u00ebm edhe biznesmeni shqiptar Behxhet Pacolli dhe aktualisht Kryetar i AKR-s\u00eb i cili pos nj\u00eb biznesmeni t\u00eb suksessh\u00ebm u tregua nj\u00eb politikan i cili ndikoj n\u00eb shume shtete qe ta njohin pavar\u00ebsin\u00eb e Kosov\u00ebs ku n\u00eb zgjedhjet e ardhshme pretendon qe te jet\u00eb kryetar i Kosov\u00ebs. Zoti Behxhet Pacolli ishte i shoq\u00ebruar nga zonja Mimoza Kusari Lila nj\u00eb figur\u00eb shume aktuale politike n\u00eb Kosov\u00eb,qe t\u00eb dy u nderuan nga organizator\u00ebt.<\/p>\n<p style=\"text-align: center;\"><img loading=\"lazy\" decoding=\"async\" title=\"28_nentor_sttutgard\" src=\"http:\/\/fjala.shkoder.net\/wp-content\/uploads\/2010\/11\/28_nentor_sttutgard2.jpg\" alt=\"\" width=\"400\" height=\"316\" \/><\/p>\n<p style=\"text-align: center;\"><strong>Behxhet Pacolli nj\u00eb biznesmen i kalibrit bot\u00ebror n\u00eb diskutim pran publikut Shqiptar ne Shtutgard<\/strong><\/p>\n<p>Zoti Pacolli me rastin e marrjes s\u00eb fjal\u00ebs u shpreh, t\u00eb dashur bashkatdhetar, edhe un\u00eb jam nj\u00eb pjes\u00eb e trupit t\u00eb juaj me qe isha dhe jam me shpirt n\u00eb zemr\u00ebn e m\u00ebrgimtareve se mbi 30 vjet isha jasht\u00eb atdheut dhe e i dij\u00eb mire sakrificat e m\u00ebrgat\u00ebs, qe gjith\u00eb here ishte promotor i \u00e7\u00ebshtjes komb\u00ebtare,ai p\u00ebrshkroi gjendjen politike t\u00eb Kosov\u00ebs por u p\u00ebrqendrua edhe ne zgjedhjet e ardhshme ku e ftoj publikun qe te votojn\u00eb p\u00ebr ata qe ju merr mendja se do te jet\u00eb progresiv ne te ardhmen, Kosov\u00ebs i duheni ju, i duhemi ne ajo ka nevoj\u00eb ta ndihmojm\u00eb ne integrimin e saj ne nj\u00eb vend te zhvilluar p\u00ebrfundoj nder te tjera zoti Behxhet Pacolli u p\u00ebrcjell me duartrokitje frenetike t\u00eb shpeshta nga publiku&#8230; Edhe zonja Mimoza Kusari Lila<\/p>\n<p style=\"text-align: center;\"><strong><img loading=\"lazy\" decoding=\"async\" class=\"alignnone size-full wp-image-4953\" title=\"28_nentor_sttutgard\" src=\"http:\/\/fjala.shkoder.net\/wp-content\/uploads\/2010\/11\/28_nentor_sttutgard3.jpg\" alt=\"\" width=\"400\" height=\"361\" \/><\/strong><\/p>\n<p style=\"text-align: center;\"><strong>Zonja Mimoza Kusari Lila ne diskutim prane publikut Shqiptar ne Shtutgard u p\u00ebrsh\u00ebndeti t\u00eb pranishmit duke u p\u00ebrqendruar n\u00eb dit\u00ebn e madhe t\u00eb flamurit por edhe gjendjen politike<\/strong><br \/>\n<strong>Z\u00ebvend\u00ebs konsulli i Shtutgardit zoti Ymer Lladrovci gjithashtu<\/strong><\/p>\n<p>ishte i prezent i p\u00ebrsh\u00ebndeti te pranishmit dhe u p\u00ebrqendrua ne dit\u00ebn e flamurit dhe e ndiej veten t\u00eb privilegjuar q\u00eb pik\u00ebrisht edhe q\u00eb jam pran jush n\u00eb k\u00ebt\u00eb dat\u00eb t\u00eb madhe pos dit\u00ebs se flamurit edhe dit\u00eblindjes s\u00eb t\u00eb madhit Adem Jasharit etj. Edhe patrioti dhe veprimtari i madh Emil Kastrioni -Emin Fazlia nje veteran i palodhur,p\u00ebrsh\u00ebndeti te pranishmit ku la mbresa tek publiku pati edhe te tjer\u00eb diskutues.<\/p>\n<p>P\u00ebr ta nderuar flamurin dhe k\u00ebt\u00eb dit\u00eb t\u00eb shenjte t\u00eb 28 nentorit dit\u00ebs s\u00eb Flamurit u hap edhe nj\u00eb Ekspozit\u00eb artistike nga tre piktor shqiptar Dan Gashi Asllan Dibrani dhe Sabahate Byci pikturat ishin me karakter komb\u00ebtare dhe nj\u00eb frym\u00eb atdhetarie.<\/p>\n<p style=\"text-align: center;\"><strong><img loading=\"lazy\" decoding=\"async\" class=\"alignnone size-full wp-image-4954\" title=\"28_nentor_sttutgard\" src=\"http:\/\/fjala.shkoder.net\/wp-content\/uploads\/2010\/11\/28_nentor_sttutgard4.jpg\" alt=\"\" width=\"360\" height=\"280\" \/><\/strong><\/p>\n<p style=\"text-align: center;\"><img loading=\"lazy\" decoding=\"async\" class=\"alignnone size-full wp-image-4955\" title=\"28_nentor_sttutgard\" src=\"http:\/\/fjala.shkoder.net\/wp-content\/uploads\/2010\/11\/28_nentor_sttutgard5.jpg\" alt=\"\" width=\"360\" height=\"279\" \/><\/p>\n<p style=\"text-align: center;\"><strong>Pamje e nj\u00eb pjese t\u00eb Ekspozites nga tre piktor\u00ebt Dan Gashi, Asllan Dibrani dhe Sabahate Byci<\/strong><\/p>\n<p>Manifesti u p\u00ebrcoll edhe nga k\u00ebng\u00ebtarja Lumnie Grajqevci.<\/p>\n<p style=\"text-align: center;\"><strong><img loading=\"lazy\" decoding=\"async\" class=\"alignnone size-full wp-image-4956\" title=\"28_nentor_sttutgard\" src=\"http:\/\/fjala.shkoder.net\/wp-content\/uploads\/2010\/11\/28_nentor_sttutgard6.jpg\" alt=\"\" width=\"360\" height=\"280\" \/><\/strong><\/p>\n<p style=\"text-align: center;\"><strong>Lumnie Grai\u00e7evci kengetare<\/strong><\/p>\n<p>k\u00ebng\u00ebtari Arsim Grajqevci me sint Dini dhe nga grupi i valleve nga shoqata Iliria nga Halderbergu.Me recitime kushtuar k\u00ebtij takimi u publikuan edhe dol\u00ebn edhe nx\u00ebn\u00ebsja Blerta Pantina ,Egzon Mustafa<\/p>\n<p style=\"text-align: center;\"><strong><img loading=\"lazy\" decoding=\"async\" class=\"alignnone size-full wp-image-4957\" title=\"28_nentor_sttutgard\" src=\"http:\/\/fjala.shkoder.net\/wp-content\/uploads\/2010\/11\/28_nentor_sttutgard7.jpg\" alt=\"\" width=\"360\" height=\"278\" \/><\/strong><\/p>\n<p style=\"text-align: center;\"><strong>Albion Gashi pran publikut me recitim dhe Albion Gashi nga Schwinfurti qe kishte ardhur 200 km larg nga Shtutgardi<\/strong><\/p>\n<p style=\"text-align: center;\"><strong><img loading=\"lazy\" decoding=\"async\" class=\"alignnone size-full wp-image-4958\" title=\"28_nentor_sttutgard\" src=\"http:\/\/fjala.shkoder.net\/wp-content\/uploads\/2010\/11\/28_nentor_sttutgard8.jpg\" alt=\"\" width=\"360\" height=\"278\" \/><\/strong><\/p>\n<p style=\"text-align: center;\"><strong>Nj\u00eb pamje nga Behxhet Pacolli, Mimoza Kusari-Lila, Emin Fazlia Ymer Lladrovci etj.<\/strong><\/p>\n<p style=\"text-align: center;\"><strong><img loading=\"lazy\" decoding=\"async\" class=\"alignnone size-full wp-image-4959\" title=\"28_nentor_sttutgard\" src=\"http:\/\/fjala.shkoder.net\/wp-content\/uploads\/2010\/11\/28_nentor_sttutgard9.jpg\" alt=\"\" width=\"400\" height=\"312\" \/><\/strong><\/p>\n<p style=\"text-align: center;\"><strong>Pamje ne salle gjat\u00eb manifestimit, duke vall\u00ebzuar<\/strong><\/p>\n<p style=\"text-align: center;\"><strong><img loading=\"lazy\" decoding=\"async\" class=\"alignnone size-full wp-image-4960\" title=\"28_nentor_sttutgard\" src=\"http:\/\/fjala.shkoder.net\/wp-content\/uploads\/2010\/11\/28_nentor_sttutgard10.jpg\" alt=\"\" width=\"400\" height=\"309\" \/><\/strong><\/p>\n<p style=\"text-align: center;\"><strong>Pamje ne salle gjat\u00eb manifestimit<\/strong><\/p>\n<p style=\"text-align: center;\"><strong><img loading=\"lazy\" decoding=\"async\" class=\"alignnone size-full wp-image-4961\" title=\"28_nentor_sttutgard\" src=\"http:\/\/fjala.shkoder.net\/wp-content\/uploads\/2010\/11\/28_nentor_sttutgard11.jpg\" alt=\"\" width=\"400\" height=\"307\" \/><\/strong><\/p>\n<p style=\"text-align: center;\"><strong>Pamje e nj\u00eb grup qytetaresh ne sall\u00eb gjat\u00eb manifestimit<\/strong><\/p>\n<p>Kjo dit\u00eb 28 n\u00ebntori t\u00eb sivjetsh\u00ebm na gjeti ne shqiptar\u00ebve ma t\u00eb lir\u00eb, ma t\u00eb g\u00ebzuar e ma t\u00eb bashkuar se kurr\u00eb prandaj ti nderojm\u00eb t\u00eb gjith\u00eb ata q\u00eb me p\u00ebrkushtim punuan, p\u00ebr ta g\u00ebzuar neve k\u00ebt\u00eb dit\u00eb aq te shtrenjte p\u00ebr shqiptar\u00ebt. Qytetar, v\u00ebllez\u00ebr e motra,t\u00eb nderuar m\u00ebrgimtar ku do q\u00eb ndodheni ju urojm\u00eb fest\u00ebn e flamurit tone komb\u00ebtar.<\/p>\n<p>Urojm\u00eb q\u00eb kjo dit\u00eb madh\u00ebshtore t\u00eb jet\u00eb nj\u00eb dite e shenjt\u00eb p\u00ebr t\u00eb gjitha forcat politike t\u00eb kombit ton\u00eb, p\u00ebr nj\u00eb udh\u00ebheqje ma progresive p\u00ebr interesin e kombit ton\u00eb,t\u00eb jet\u00eb nj\u00eb dit\u00eb e kuror\u00ebzimit p\u00ebr nj\u00eb q\u00ebllimi dhe nj\u00eb mendje me nj\u00eb vizion dhe ide, me nj\u00eb strategji dhe synim, me nj\u00eb vullnet dhe harmoni, te t\u00eb gjitha forcave intelektuale t\u00eb krijuesve, artist\u00ebve, biznesmen\u00ebve dhe t\u00eb gjith\u00eb spektrit ne elit\u00ebn e kombit t\u00eb bashkohen rreth flamurit, t\u00eb jet\u00eb mesazhi ma i mire i k\u00ebsaj dite t\u00eb ve\u00e7anet jubilare, kjo fest\u00eb le te jet\u00eb nj\u00eb kushtrim q\u00eb t\u00eb na bashkoj ma tep\u00ebr se gjithher\u00eb shqiptaret n\u00eb Shqip\u00ebri, Kosov\u00eb, dhe n\u00eb trojet tona n\u00ebn Serbi Maqedoni Greqi dhe Mal te Zi.<\/p>\n<p>V\u00ebllez\u00ebr dhe bashkatdhetar n\u00eb m\u00ebrgim me nj\u00eb theks te ve\u00e7ant\u00eb ju uroj ket\u00eb vit kudo q\u00eb gjinden n\u00ebp\u00ebr bot\u00eb p\u00ebr neve jasht\u00eb atdheut jemi edhe ma te nevojsh\u00ebm q\u00eb ta shijojm\u00eb ngroht\u00ebsin\u00eb e ngjyr\u00ebs se k\u00ebtij flamuri t\u00eb kombit q\u00eb duhet ta ndiejm\u00eb krenar,vet\u00ebn ton\u00eb pran f\u00ebmij\u00ebve tan\u00eb dhe brezit q\u00eb po e rrisim n\u00eb dhe te huaj q\u00eb p\u00ebrmes jush t\u00eb nxit\u00ebn,t\u00eb m\u00ebsohen dhe te joshen p\u00ebr atdhedashuri ndaj kombit t\u00eb vet.<\/p>\n<p>Sot pik\u00ebrisht n\u00eb ket\u00eb dit\u00eb \u00eb shtrenjt\u00eb festohet edhe anemban\u00eb botes shqiptare ne diaspor\u00eb ku menj\u00ebher\u00eb pas shpalljes se Shqip\u00ebris\u00eb shtet ne vete u festua q\u00eb nga m\u00ebrgimtaret tan\u00eb t\u00eb hershem q\u00eb nga Fan Noli i madh i kultur\u00ebs shqiptare,Faik Konica i shkrimeve dhe te gjith\u00eb patriot\u00ebt e ma vonsh\u00ebm deri t\u00eb v\u00ebllez\u00ebrit G\u00ebrvalla ,Kadri Zeka Enver Hadri etj q\u00eb me ket\u00eb flamur manifestuan protestuan dhe kryen obligimin dhe amanetin e vet deri ne vdekje p\u00ebr nj\u00eb gjuh\u00eb, nj\u00eb komb dhe p\u00ebr nj\u00eb flamur ,prandaj sh\u00ebmb\u00eblltyra e tyre le t\u00eb na sh\u00ebrbej si obligim edhe neve q\u00eb k\u00ebtij amaneti t\u00eb tyre mos t&#8217;i shmangemi deri n\u00eb realizimin e \u00ebndrrave t\u00eb tyre por edhe tonave.<\/p>\n<p>Ngritja e flamurit komb\u00ebtar n\u00eb Vlor\u00eb &#8211; 28 N\u00ebntor .1912, ishte nj\u00eb akt historik, q\u00eb si\u00e7 tregoj dhe d\u00ebshmoj historia do t&#8217;ua ngrehu lart krenarin\u00eb shqiptar\u00ebve, dinjitetin dhe g\u00ebzimin. Mbasi ky ishte flamur i luft\u00ebtareve heroik, t\u00eb vuajtjeve dhe gjakut t\u00eb derdhur,p\u00ebr nj\u00eb Shqip\u00ebri, te lire, sovrane e te pavarur.<\/p>\n<p><strong>G\u00ebzuar p\u00ebr shume mote 28 N\u00ebntori 1912, Dita Flamurit &#8211; Shpallja e Pavar\u00ebsis\u00eb s\u00eb Shqip\u00ebris\u00eb<\/strong>.<\/p>\n<p><em>Foto-reportazh nga Asllan Dibrani 2010 Shtutgard<\/em><\/p>\n","protected":false},"excerpt":{"rendered":"<p>Nga Asllan Dibrani Po i afrohemi nj\u00eb shekulli dit\u00ebs s\u00eb shum\u00eb pritur, e lumtur dhe e paharruar p\u00ebr Vlor\u00ebn heroike, mbas pes\u00eb shekujsh rob\u00ebrie, patrioti i men\u00e7ur i kombit ton\u00eb, heroi i popullit Ismail Qemali Vlora, shpalli pavar\u00ebsin\u00eb e Shqip\u00ebris\u00eb dhe ngriti t\u00eb lir\u00eb dhe me krenari flamurin kuq e zi, q\u00eb ngriti i madhi [&hellip;]<\/p>\n","protected":false},"author":1,"featured_media":0,"comment_status":"open","ping_status":"closed","sticky":false,"template":"","format":"standard","meta":{"footnotes":""},"categories":[2],"tags":[],"class_list":{"0":"post-4946","1":"post","2":"type-post","3":"status-publish","4":"format-standard","6":"category-artikuj"},"yoast_head":"<!-- This site is optimized with the Yoast SEO plugin v27.4 - https:\/\/yoast.com\/product\/yoast-seo-wordpress\/ -->\n<title>U manifestua 28 n\u00ebntori, dita e Flamurit komb\u00ebtar n\u00eb Shtutgard t\u00eb Gjermanis\u00eb - FjALA e LIR\u00cb - Arkivi<\/title>\n<meta name=\"robots\" content=\"index, follow, max-snippet:-1, max-image-preview:large, max-video-preview:-1\" \/>\n<link rel=\"canonical\" href=\"https:\/\/fjala.info\/2009-2015\/u-manifestua-28-nentori-dita-e-flamurit-kombetar-ne-shtutgard-te-gjermanise\/\" \/>\n<meta property=\"og:locale\" content=\"sq_AL\" \/>\n<meta property=\"og:type\" content=\"article\" \/>\n<meta property=\"og:title\" content=\"U manifestua 28 n\u00ebntori, dita e Flamurit komb\u00ebtar n\u00eb Shtutgard t\u00eb Gjermanis\u00eb - FjALA e LIR\u00cb - Arkivi\" \/>\n<meta property=\"og:description\" content=\"Nga Asllan Dibrani Po i afrohemi nj\u00eb shekulli dit\u00ebs s\u00eb shum\u00eb pritur, e lumtur dhe e paharruar p\u00ebr Vlor\u00ebn heroike, mbas pes\u00eb shekujsh rob\u00ebrie, patrioti i men\u00e7ur i kombit ton\u00eb, heroi i popullit Ismail Qemali Vlora, shpalli pavar\u00ebsin\u00eb e Shqip\u00ebris\u00eb dhe ngriti t\u00eb lir\u00eb dhe me krenari flamurin kuq e zi, q\u00eb ngriti i madhi [&hellip;]\" \/>\n<meta property=\"og:url\" content=\"https:\/\/fjala.info\/2009-2015\/u-manifestua-28-nentori-dita-e-flamurit-kombetar-ne-shtutgard-te-gjermanise\/\" \/>\n<meta property=\"og:site_name\" content=\"FjALA e LIR\u00cb - Arkivi\" \/>\n<meta property=\"article:published_time\" content=\"2010-11-30T21:21:56+00:00\" \/>\n<meta property=\"og:image\" content=\"http:\/\/fjala.shkoder.net\/wp-content\/uploads\/2010\/11\/asllan_dibrani.jpg\" \/>\n<meta name=\"author\" content=\"admin\" \/>\n<meta name=\"twitter:card\" content=\"summary_large_image\" \/>\n<meta name=\"twitter:label1\" content=\"Written by\" \/>\n\t<meta name=\"twitter:data1\" content=\"admin\" \/>\n\t<meta name=\"twitter:label2\" content=\"Est. reading time\" \/>\n\t<meta name=\"twitter:data2\" content=\"7 minutes\" \/>\n<script type=\"application\/ld+json\" class=\"yoast-schema-graph\">{\"@context\":\"https:\\\/\\\/schema.org\",\"@graph\":[{\"@type\":\"Article\",\"@id\":\"https:\\\/\\\/fjala.info\\\/2009-2015\\\/u-manifestua-28-nentori-dita-e-flamurit-kombetar-ne-shtutgard-te-gjermanise\\\/#article\",\"isPartOf\":{\"@id\":\"https:\\\/\\\/fjala.info\\\/2009-2015\\\/u-manifestua-28-nentori-dita-e-flamurit-kombetar-ne-shtutgard-te-gjermanise\\\/\"},\"author\":{\"name\":\"admin\",\"@id\":\"https:\\\/\\\/fjala.info\\\/2009-2015\\\/#\\\/schema\\\/person\\\/3aa1163ef05469c496fc94e77611ada2\"},\"headline\":\"U manifestua 28 n\u00ebntori, dita e Flamurit komb\u00ebtar n\u00eb Shtutgard t\u00eb Gjermanis\u00eb\",\"datePublished\":\"2010-11-30T21:21:56+00:00\",\"mainEntityOfPage\":{\"@id\":\"https:\\\/\\\/fjala.info\\\/2009-2015\\\/u-manifestua-28-nentori-dita-e-flamurit-kombetar-ne-shtutgard-te-gjermanise\\\/\"},\"wordCount\":1385,\"commentCount\":0,\"publisher\":{\"@id\":\"https:\\\/\\\/fjala.info\\\/2009-2015\\\/#organization\"},\"image\":{\"@id\":\"https:\\\/\\\/fjala.info\\\/2009-2015\\\/u-manifestua-28-nentori-dita-e-flamurit-kombetar-ne-shtutgard-te-gjermanise\\\/#primaryimage\"},\"thumbnailUrl\":\"http:\\\/\\\/fjala.shkoder.net\\\/wp-content\\\/uploads\\\/2010\\\/11\\\/asllan_dibrani.jpg\",\"articleSection\":[\"Artikuj\"],\"inLanguage\":\"sq-AL\",\"potentialAction\":[{\"@type\":\"CommentAction\",\"name\":\"Comment\",\"target\":[\"https:\\\/\\\/fjala.info\\\/2009-2015\\\/u-manifestua-28-nentori-dita-e-flamurit-kombetar-ne-shtutgard-te-gjermanise\\\/#respond\"]}]},{\"@type\":\"WebPage\",\"@id\":\"https:\\\/\\\/fjala.info\\\/2009-2015\\\/u-manifestua-28-nentori-dita-e-flamurit-kombetar-ne-shtutgard-te-gjermanise\\\/\",\"url\":\"https:\\\/\\\/fjala.info\\\/2009-2015\\\/u-manifestua-28-nentori-dita-e-flamurit-kombetar-ne-shtutgard-te-gjermanise\\\/\",\"name\":\"U manifestua 28 n\u00ebntori, dita e Flamurit komb\u00ebtar n\u00eb Shtutgard t\u00eb Gjermanis\u00eb - FjALA e LIR\u00cb - Arkivi\",\"isPartOf\":{\"@id\":\"https:\\\/\\\/fjala.info\\\/2009-2015\\\/#website\"},\"primaryImageOfPage\":{\"@id\":\"https:\\\/\\\/fjala.info\\\/2009-2015\\\/u-manifestua-28-nentori-dita-e-flamurit-kombetar-ne-shtutgard-te-gjermanise\\\/#primaryimage\"},\"image\":{\"@id\":\"https:\\\/\\\/fjala.info\\\/2009-2015\\\/u-manifestua-28-nentori-dita-e-flamurit-kombetar-ne-shtutgard-te-gjermanise\\\/#primaryimage\"},\"thumbnailUrl\":\"http:\\\/\\\/fjala.shkoder.net\\\/wp-content\\\/uploads\\\/2010\\\/11\\\/asllan_dibrani.jpg\",\"datePublished\":\"2010-11-30T21:21:56+00:00\",\"breadcrumb\":{\"@id\":\"https:\\\/\\\/fjala.info\\\/2009-2015\\\/u-manifestua-28-nentori-dita-e-flamurit-kombetar-ne-shtutgard-te-gjermanise\\\/#breadcrumb\"},\"inLanguage\":\"sq-AL\",\"potentialAction\":[{\"@type\":\"ReadAction\",\"target\":[\"https:\\\/\\\/fjala.info\\\/2009-2015\\\/u-manifestua-28-nentori-dita-e-flamurit-kombetar-ne-shtutgard-te-gjermanise\\\/\"]}]},{\"@type\":\"ImageObject\",\"inLanguage\":\"sq-AL\",\"@id\":\"https:\\\/\\\/fjala.info\\\/2009-2015\\\/u-manifestua-28-nentori-dita-e-flamurit-kombetar-ne-shtutgard-te-gjermanise\\\/#primaryimage\",\"url\":\"http:\\\/\\\/fjala.shkoder.net\\\/wp-content\\\/uploads\\\/2010\\\/11\\\/asllan_dibrani.jpg\",\"contentUrl\":\"http:\\\/\\\/fjala.shkoder.net\\\/wp-content\\\/uploads\\\/2010\\\/11\\\/asllan_dibrani.jpg\"},{\"@type\":\"BreadcrumbList\",\"@id\":\"https:\\\/\\\/fjala.info\\\/2009-2015\\\/u-manifestua-28-nentori-dita-e-flamurit-kombetar-ne-shtutgard-te-gjermanise\\\/#breadcrumb\",\"itemListElement\":[{\"@type\":\"ListItem\",\"position\":1,\"name\":\"Home\",\"item\":\"https:\\\/\\\/fjala.info\\\/2009-2015\\\/\"},{\"@type\":\"ListItem\",\"position\":2,\"name\":\"U manifestua 28 n\u00ebntori, dita e Flamurit komb\u00ebtar n\u00eb Shtutgard t\u00eb Gjermanis\u00eb\"}]},{\"@type\":\"WebSite\",\"@id\":\"https:\\\/\\\/fjala.info\\\/2009-2015\\\/#website\",\"url\":\"https:\\\/\\\/fjala.info\\\/2009-2015\\\/\",\"name\":\"FjALA e LIR\u00cb - Arkivi\",\"description\":\"Arkivi 2009-2015\",\"publisher\":{\"@id\":\"https:\\\/\\\/fjala.info\\\/2009-2015\\\/#organization\"},\"potentialAction\":[{\"@type\":\"SearchAction\",\"target\":{\"@type\":\"EntryPoint\",\"urlTemplate\":\"https:\\\/\\\/fjala.info\\\/2009-2015\\\/?s={search_term_string}\"},\"query-input\":{\"@type\":\"PropertyValueSpecification\",\"valueRequired\":true,\"valueName\":\"search_term_string\"}}],\"inLanguage\":\"sq-AL\"},{\"@type\":\"Organization\",\"@id\":\"https:\\\/\\\/fjala.info\\\/2009-2015\\\/#organization\",\"name\":\"FjALA e LIR\u00cb - Arkivi\",\"url\":\"https:\\\/\\\/fjala.info\\\/2009-2015\\\/\",\"logo\":{\"@type\":\"ImageObject\",\"inLanguage\":\"sq-AL\",\"@id\":\"https:\\\/\\\/fjala.info\\\/2009-2015\\\/#\\\/schema\\\/logo\\\/image\\\/\",\"url\":\"\",\"contentUrl\":\"\",\"caption\":\"FjALA e LIR\u00cb - Arkivi\"},\"image\":{\"@id\":\"https:\\\/\\\/fjala.info\\\/2009-2015\\\/#\\\/schema\\\/logo\\\/image\\\/\"}},{\"@type\":\"Person\",\"@id\":\"https:\\\/\\\/fjala.info\\\/2009-2015\\\/#\\\/schema\\\/person\\\/3aa1163ef05469c496fc94e77611ada2\",\"name\":\"admin\",\"image\":{\"@type\":\"ImageObject\",\"inLanguage\":\"sq-AL\",\"@id\":\"https:\\\/\\\/fjala.info\\\/2009-2015\\\/wp-content\\\/uploads\\\/2012\\\/02\\\/arben_cokaj-120x150.jpg\",\"url\":\"https:\\\/\\\/fjala.info\\\/2009-2015\\\/wp-content\\\/uploads\\\/2012\\\/02\\\/arben_cokaj-120x150.jpg\",\"contentUrl\":\"https:\\\/\\\/fjala.info\\\/2009-2015\\\/wp-content\\\/uploads\\\/2012\\\/02\\\/arben_cokaj-120x150.jpg\",\"caption\":\"admin\"},\"description\":\"Admin, Fjala e Lir\u00eb\",\"sameAs\":[\"https:\\\/\\\/fjala.info\\\/\"],\"url\":\"https:\\\/\\\/fjala.info\\\/2009-2015\\\/author\\\/admin\\\/\"}]}<\/script>\n<!-- \/ Yoast SEO plugin. -->","yoast_head_json":{"title":"U manifestua 28 n\u00ebntori, dita e Flamurit komb\u00ebtar n\u00eb Shtutgard t\u00eb Gjermanis\u00eb - FjALA e LIR\u00cb - Arkivi","robots":{"index":"index","follow":"follow","max-snippet":"max-snippet:-1","max-image-preview":"max-image-preview:large","max-video-preview":"max-video-preview:-1"},"canonical":"https:\/\/fjala.info\/2009-2015\/u-manifestua-28-nentori-dita-e-flamurit-kombetar-ne-shtutgard-te-gjermanise\/","og_locale":"sq_AL","og_type":"article","og_title":"U manifestua 28 n\u00ebntori, dita e Flamurit komb\u00ebtar n\u00eb Shtutgard t\u00eb Gjermanis\u00eb - FjALA e LIR\u00cb - Arkivi","og_description":"Nga Asllan Dibrani Po i afrohemi nj\u00eb shekulli dit\u00ebs s\u00eb shum\u00eb pritur, e lumtur dhe e paharruar p\u00ebr Vlor\u00ebn heroike, mbas pes\u00eb shekujsh rob\u00ebrie, patrioti i men\u00e7ur i kombit ton\u00eb, heroi i popullit Ismail Qemali Vlora, shpalli pavar\u00ebsin\u00eb e Shqip\u00ebris\u00eb dhe ngriti t\u00eb lir\u00eb dhe me krenari flamurin kuq e zi, q\u00eb ngriti i madhi [&hellip;]","og_url":"https:\/\/fjala.info\/2009-2015\/u-manifestua-28-nentori-dita-e-flamurit-kombetar-ne-shtutgard-te-gjermanise\/","og_site_name":"FjALA e LIR\u00cb - Arkivi","article_published_time":"2010-11-30T21:21:56+00:00","og_image":[{"url":"http:\/\/fjala.shkoder.net\/wp-content\/uploads\/2010\/11\/asllan_dibrani.jpg","type":"","width":"","height":""}],"author":"admin","twitter_card":"summary_large_image","twitter_misc":{"Written by":"admin","Est. reading time":"7 minutes"},"schema":{"@context":"https:\/\/schema.org","@graph":[{"@type":"Article","@id":"https:\/\/fjala.info\/2009-2015\/u-manifestua-28-nentori-dita-e-flamurit-kombetar-ne-shtutgard-te-gjermanise\/#article","isPartOf":{"@id":"https:\/\/fjala.info\/2009-2015\/u-manifestua-28-nentori-dita-e-flamurit-kombetar-ne-shtutgard-te-gjermanise\/"},"author":{"name":"admin","@id":"https:\/\/fjala.info\/2009-2015\/#\/schema\/person\/3aa1163ef05469c496fc94e77611ada2"},"headline":"U manifestua 28 n\u00ebntori, dita e Flamurit komb\u00ebtar n\u00eb Shtutgard t\u00eb Gjermanis\u00eb","datePublished":"2010-11-30T21:21:56+00:00","mainEntityOfPage":{"@id":"https:\/\/fjala.info\/2009-2015\/u-manifestua-28-nentori-dita-e-flamurit-kombetar-ne-shtutgard-te-gjermanise\/"},"wordCount":1385,"commentCount":0,"publisher":{"@id":"https:\/\/fjala.info\/2009-2015\/#organization"},"image":{"@id":"https:\/\/fjala.info\/2009-2015\/u-manifestua-28-nentori-dita-e-flamurit-kombetar-ne-shtutgard-te-gjermanise\/#primaryimage"},"thumbnailUrl":"http:\/\/fjala.shkoder.net\/wp-content\/uploads\/2010\/11\/asllan_dibrani.jpg","articleSection":["Artikuj"],"inLanguage":"sq-AL","potentialAction":[{"@type":"CommentAction","name":"Comment","target":["https:\/\/fjala.info\/2009-2015\/u-manifestua-28-nentori-dita-e-flamurit-kombetar-ne-shtutgard-te-gjermanise\/#respond"]}]},{"@type":"WebPage","@id":"https:\/\/fjala.info\/2009-2015\/u-manifestua-28-nentori-dita-e-flamurit-kombetar-ne-shtutgard-te-gjermanise\/","url":"https:\/\/fjala.info\/2009-2015\/u-manifestua-28-nentori-dita-e-flamurit-kombetar-ne-shtutgard-te-gjermanise\/","name":"U manifestua 28 n\u00ebntori, dita e Flamurit komb\u00ebtar n\u00eb Shtutgard t\u00eb Gjermanis\u00eb - FjALA e LIR\u00cb - Arkivi","isPartOf":{"@id":"https:\/\/fjala.info\/2009-2015\/#website"},"primaryImageOfPage":{"@id":"https:\/\/fjala.info\/2009-2015\/u-manifestua-28-nentori-dita-e-flamurit-kombetar-ne-shtutgard-te-gjermanise\/#primaryimage"},"image":{"@id":"https:\/\/fjala.info\/2009-2015\/u-manifestua-28-nentori-dita-e-flamurit-kombetar-ne-shtutgard-te-gjermanise\/#primaryimage"},"thumbnailUrl":"http:\/\/fjala.shkoder.net\/wp-content\/uploads\/2010\/11\/asllan_dibrani.jpg","datePublished":"2010-11-30T21:21:56+00:00","breadcrumb":{"@id":"https:\/\/fjala.info\/2009-2015\/u-manifestua-28-nentori-dita-e-flamurit-kombetar-ne-shtutgard-te-gjermanise\/#breadcrumb"},"inLanguage":"sq-AL","potentialAction":[{"@type":"ReadAction","target":["https:\/\/fjala.info\/2009-2015\/u-manifestua-28-nentori-dita-e-flamurit-kombetar-ne-shtutgard-te-gjermanise\/"]}]},{"@type":"ImageObject","inLanguage":"sq-AL","@id":"https:\/\/fjala.info\/2009-2015\/u-manifestua-28-nentori-dita-e-flamurit-kombetar-ne-shtutgard-te-gjermanise\/#primaryimage","url":"http:\/\/fjala.shkoder.net\/wp-content\/uploads\/2010\/11\/asllan_dibrani.jpg","contentUrl":"http:\/\/fjala.shkoder.net\/wp-content\/uploads\/2010\/11\/asllan_dibrani.jpg"},{"@type":"BreadcrumbList","@id":"https:\/\/fjala.info\/2009-2015\/u-manifestua-28-nentori-dita-e-flamurit-kombetar-ne-shtutgard-te-gjermanise\/#breadcrumb","itemListElement":[{"@type":"ListItem","position":1,"name":"Home","item":"https:\/\/fjala.info\/2009-2015\/"},{"@type":"ListItem","position":2,"name":"U manifestua 28 n\u00ebntori, dita e Flamurit komb\u00ebtar n\u00eb Shtutgard t\u00eb Gjermanis\u00eb"}]},{"@type":"WebSite","@id":"https:\/\/fjala.info\/2009-2015\/#website","url":"https:\/\/fjala.info\/2009-2015\/","name":"FjALA e LIR\u00cb - Arkivi","description":"Arkivi 2009-2015","publisher":{"@id":"https:\/\/fjala.info\/2009-2015\/#organization"},"potentialAction":[{"@type":"SearchAction","target":{"@type":"EntryPoint","urlTemplate":"https:\/\/fjala.info\/2009-2015\/?s={search_term_string}"},"query-input":{"@type":"PropertyValueSpecification","valueRequired":true,"valueName":"search_term_string"}}],"inLanguage":"sq-AL"},{"@type":"Organization","@id":"https:\/\/fjala.info\/2009-2015\/#organization","name":"FjALA e LIR\u00cb - Arkivi","url":"https:\/\/fjala.info\/2009-2015\/","logo":{"@type":"ImageObject","inLanguage":"sq-AL","@id":"https:\/\/fjala.info\/2009-2015\/#\/schema\/logo\/image\/","url":"","contentUrl":"","caption":"FjALA e LIR\u00cb - Arkivi"},"image":{"@id":"https:\/\/fjala.info\/2009-2015\/#\/schema\/logo\/image\/"}},{"@type":"Person","@id":"https:\/\/fjala.info\/2009-2015\/#\/schema\/person\/3aa1163ef05469c496fc94e77611ada2","name":"admin","image":{"@type":"ImageObject","inLanguage":"sq-AL","@id":"https:\/\/fjala.info\/2009-2015\/wp-content\/uploads\/2012\/02\/arben_cokaj-120x150.jpg","url":"https:\/\/fjala.info\/2009-2015\/wp-content\/uploads\/2012\/02\/arben_cokaj-120x150.jpg","contentUrl":"https:\/\/fjala.info\/2009-2015\/wp-content\/uploads\/2012\/02\/arben_cokaj-120x150.jpg","caption":"admin"},"description":"Admin, Fjala e Lir\u00eb","sameAs":["https:\/\/fjala.info\/"],"url":"https:\/\/fjala.info\/2009-2015\/author\/admin\/"}]}},"_links":{"self":[{"href":"https:\/\/fjala.info\/2009-2015\/wp-json\/wp\/v2\/posts\/4946","targetHints":{"allow":["GET"]}}],"collection":[{"href":"https:\/\/fjala.info\/2009-2015\/wp-json\/wp\/v2\/posts"}],"about":[{"href":"https:\/\/fjala.info\/2009-2015\/wp-json\/wp\/v2\/types\/post"}],"author":[{"embeddable":true,"href":"https:\/\/fjala.info\/2009-2015\/wp-json\/wp\/v2\/users\/1"}],"replies":[{"embeddable":true,"href":"https:\/\/fjala.info\/2009-2015\/wp-json\/wp\/v2\/comments?post=4946"}],"version-history":[{"count":0,"href":"https:\/\/fjala.info\/2009-2015\/wp-json\/wp\/v2\/posts\/4946\/revisions"}],"wp:attachment":[{"href":"https:\/\/fjala.info\/2009-2015\/wp-json\/wp\/v2\/media?parent=4946"}],"wp:term":[{"taxonomy":"category","embeddable":true,"href":"https:\/\/fjala.info\/2009-2015\/wp-json\/wp\/v2\/categories?post=4946"},{"taxonomy":"post_tag","embeddable":true,"href":"https:\/\/fjala.info\/2009-2015\/wp-json\/wp\/v2\/tags?post=4946"}],"curies":[{"name":"wp","href":"https:\/\/api.w.org\/{rel}","templated":true}]}}