{"id":4930,"date":"2010-11-29T07:54:17","date_gmt":"2010-11-29T06:54:17","guid":{"rendered":"http:\/\/fjala.shkoder.net\/?p=4930"},"modified":"2010-11-29T07:54:17","modified_gmt":"2010-11-29T06:54:17","slug":"o-sa-mire-me-qene-shqiptar","status":"publish","type":"post","link":"https:\/\/fjala.info\/2009-2015\/o-sa-mire-me-qene-shqiptar\/","title":{"rendered":"O SA MIR\u00cb ME QEN\u00cb SHQIPTAR"},"content":{"rendered":"<p><em><strong>N\u00eb Lecco t\u00eb Lombardis\u00eb, n\u00eb fundjav\u00ebn e kaluar, shqiptar\u00ebt bujsh\u00ebm kremtuan Dit\u00ebn e Flamurit \u2013 t\u00eb Pavar\u00ebsis\u00eb dhe t\u00eb \u00c7lirimit t\u00eb Shqip\u00ebris\u00eb<\/strong><\/em>:<\/p>\n<p style=\"text-align: center;\"><img loading=\"lazy\" decoding=\"async\" class=\"alignnone size-full wp-image-4931\" title=\"Festa e flamurit - Lecco\" src=\"http:\/\/fjala.shkoder.net\/wp-content\/uploads\/2010\/11\/festa_flamurit_lecco.jpg\" alt=\"\" width=\"500\" height=\"301\" \/><br \/>\n<strong>O sa mir\u00eb me qen\u00eb shqiptar, k\u00ebndonin t\u00eb gjith\u00eb gjat\u00eb kremtimit<\/strong><\/p>\n<p>Manifestim shum\u00eb i bukur festiv u organizua n\u00eb sall\u00ebn famullitare t\u00eb oratorios, n\u00eb Malgrate t\u00eb Lecco-s, nga shoqatat \u201cSofra Shqiptare\u201d dhe \u201cDardania\u201d, ku kremtuan, k\u00ebnduan e vall\u00ebzuan qind\u00ebra shqiptar\u00eb t\u00eb t\u00eb gjitha trojeve tona etnike. I ftuar special ishte shkrimtari e shkenc\u00ebtari i mir\u00ebnjohur shqiptar Dr Zef Mulaj (doktor i farmaceutik\u00ebs), nga Ankona, i cili u nderua me pllakat\u00ebn speciale \u2013 an\u00ebtar nderi i shoqat\u00ebs \u201cSofra Shqiptare\u201d.<\/p>\n<p><img loading=\"lazy\" decoding=\"async\" class=\"alignright size-full wp-image-4933\" title=\"Engj\u00ebll Koliqi\" src=\"http:\/\/fjala.shkoder.net\/wp-content\/uploads\/2010\/11\/engjell_koliqi.jpg\" alt=\"\" width=\"150\" height=\"110\" \/><\/p>\n<p>Shkruan: <strong>Engj\u00ebll KOLIQI<br \/>\n<\/strong><em>Garlate (Lecco), 29 n\u00ebntor 2010<br \/>\n<\/em><\/p>\n<p>Shqiptar\u00ebt me banim n\u00eb Lecco e rrethin\u00eb, t\u00eb shtun\u00ebn n\u00eb mbr\u00ebmje, bujsh\u00ebm e denj\u00ebsisht kremtuan fest\u00ebn komb\u00ebtare \u2013 Dit\u00ebn e Flamurit, t\u00eb Pavar\u00ebsis\u00eb dhe t\u00eb \u00c7lirimit t\u00eb Shqip\u00ebris\u00eb. N\u00eb kremten madh\u00ebshtore q\u00eb u zhvillua n\u00eb sall\u00ebn e oratorios famullitare t\u00eb Malgrate-s, u inkorporua edhe Dita e paraqitjes s\u00eb par\u00eb publike t\u00eb U\u00c7K-s\u00eb dhe Dit\u00eblindja e Heroit Legjendar \u2013 Adem Jashari.<\/p>\n<p style=\"text-align: center;\"><strong><img loading=\"lazy\" decoding=\"async\" class=\"alignnone size-full wp-image-4934\" title=\"Festa e flamurit - Lecco\" src=\"http:\/\/fjala.shkoder.net\/wp-content\/uploads\/2010\/11\/festa_flamurit_lecco1.jpg\" alt=\"\" width=\"500\" height=\"372\" \/><\/strong><br \/>\n<strong>\u00c7aste kur Dr. Zef Mulaj-t iu dor\u00ebzua pllaka an\u00ebtar nderi i shoqat\u00ebs \u201cSofra Shqiptare\u201d<\/strong><\/p>\n<p>Ishin mbledhur n\u00eb Malgrate qind\u00ebra shqiptar\u00eb me banim n\u00eb Lecco e rrethin\u00eb, por edhe t\u00eb ardhur nga Bergamo, Brescia, Milano, Firenze, Ankona etj. Kremtonin k\u00ebtu bashk\u00eb, shqiptar\u00eb nga Tropoja, nga Kor\u00e7a, nga Shkodra, nga Stublla e Kosov\u00ebs, nga Prishtina, nga Ferizaji, nga Gostivari, nga Prizreni, nga Tirana, nga Vlora, nga Durr\u00ebsi, nga Presheva e nga vende t\u00eb tjera. Programin festiv e ka shpallur t\u00eb hapur dhe e ka udh\u00ebhequr deri n\u00eb fund, kryetari i shoqat\u00ebs \u201cSofra Shqiptare\u201d \u2013 Ndue Qokaj, nd\u00ebrsa t\u00eb pranishmit i kan\u00eb p\u00ebrsh\u00ebndetur edhe drejtuesit e shoqat\u00ebs \u201cDardania\u201d \u2013 Kastriot Pjet\u00ebrnikaj e Paulin Kolndreu. P\u00ebrsh\u00ebndetje dhe emocione t\u00eb k\u00ebndshme kan\u00eb sjellur edhe bashk\u00ebkombas\u00eb t\u00eb tjer\u00eb t\u00eb moshuar e sidomos t\u00eb pranishmit i ka emocionuar p\u00ebrsh\u00ebndetja e nj\u00eb t\u00eb moshuari nga Frash\u00ebri (vendlindja e Abdylit, Naimit, Samiut).<\/p>\n<p style=\"text-align: center;\"><strong><img loading=\"lazy\" decoding=\"async\" class=\"alignnone size-full wp-image-4935\" title=\"Festa e flamurit - Lecco\" src=\"http:\/\/fjala.shkoder.net\/wp-content\/uploads\/2010\/11\/festa_flamurit_lecco2.jpg\" alt=\"\" width=\"500\" height=\"373\" \/><\/strong><br \/>\n<strong>Ndue Qokaj duke prezantuar librate Engj\u00ebll Koliqit<\/strong><\/p>\n<p>Shk\u00eblqimi i k\u00ebsaj feste, q\u00eb ngaz\u00ebllei t\u00eb gjith\u00eb t\u00eb pranishmit, ishte ardhja nga Ankona dhe prania e shenc\u00ebtarit dhe shkrimtarit shembullor \u2013 Dr Zef Mulaj, i cili ka mbaruar fakultetin e farmaceutik\u00ebs n\u00eb Tiran\u00eb, nd\u00ebrkaq ka doktroruar po n\u00eb farmaceutik\u00eb, n\u00eb Itali. U b\u00eb edhe prezantimi i librave t\u00eb tij poetik\u00eb e sidomos i librit shkencor \u201c880 bim\u00eb mjek\u00ebsore n\u00eb Alpet e Shqip\u00ebris\u00eb\u201d, q\u00eb si\u00e7 thot\u00eb edhe mjeku i famsh\u00ebm kirurg italian e docent universitar dhe ekspert nd\u00ebrkomb\u00ebtar i farmakologjis\u00eb dhe i mjek\u00ebsis\u00eb natyrore \u2013 Prof. Dr Lamberto Re, n\u00eb parath\u00ebnien e k\u00ebtij libri \u201c\u00ebsht\u00eb k\u00ebnaq\u00ebsi e ve\u00e7ant\u00eb ta vler\u00ebsosh k\u00ebt\u00eb vep\u00ebr\u201d. Dhe, me plot t\u00eb drejt\u00eb, shoqata \u201cSofra Shqiptare\u201d i kishte p\u00ebrgatitur Dr Zefit nj\u00eb pllak\u00eb speciale, me t\u00eb cil\u00ebn e kishte shpallur an\u00ebtar nderi i k\u00ebsaj shoqate. Me d\u00ebshir\u00ebn e kryesis\u00eb s\u00eb shoqat\u00ebs, pllak\u00ebn Dr Zefit ia d\u00ebr\u00ebzoi autori i k\u00ebtij reportazhi \u2013 Engj\u00ebll Koliqi.<\/p>\n<p style=\"text-align: center;\"><strong><img loading=\"lazy\" decoding=\"async\" class=\"alignnone size-full wp-image-4936\" title=\"Festa e flamurit - Lecco\" src=\"http:\/\/fjala.shkoder.net\/wp-content\/uploads\/2010\/11\/festa_flamurit_lecco3.jpg\" alt=\"\" width=\"500\" height=\"357\" \/><\/strong><br \/>\n<strong>Pamje nga kremtja \u2013 Paulin Kolndreu p\u00ebrsh\u00ebndet t\u00eb pranishmit<\/strong><\/p>\n<p style=\"text-align: center;\"><strong><img loading=\"lazy\" decoding=\"async\" class=\"alignnone size-full wp-image-4937\" title=\"Festa e flamurit - Lecco\" src=\"http:\/\/fjala.shkoder.net\/wp-content\/uploads\/2010\/11\/festa_flamurit_lecco4.jpg\" alt=\"\" width=\"500\" height=\"367\" \/><\/strong><br \/>\n<strong>Pamje nga kremtja \u2013 s\u2019ndalet vallja e g\u00ebzuar<\/strong><\/p>\n<p>Do t\u00eb ishte m\u00ebkat i madh po t\u00eb mos e theksonim se muzika ishte shum\u00eb e bukur dhe e k\u00ebndshme \u2013 tipike shqiptare, popullore e folklorike dhe kryesisht me motive patriotike, por nuk mungonin as motivet lirike, potpurit\u00eb dhe vall\u00ebzimet e k\u00ebndshme nga mysafir\u00ebt. P\u00ebr ssa i p\u00ebrket muzik\u00ebs, sidomos duhet fal\u00ebnderuar k\u00ebng\u00ebtaren atshm\u00eb shum\u00eb t\u00eb njohur dhe te dashur nd\u00ebr shqiptar\u00ebt e k\u00ebtush\u00ebm \u2013 Znj. Majlinda Kapedani, pastaj rapsodi shum\u00eb i k\u00ebndsh\u00ebm \u2013 i mir\u00ebnjohuri Gjergj Kaza, v\u00ebllez\u00ebrit Pjetri nga Kosova etj. Shpesh ndodhte q\u00eb n\u00eb valle e g\u00ebzuara t\u00eb jen\u00eb nga disa dhjet\u00ebra mysafir\u00eb p\u00ebrnj\u00ebher\u00ebsh \u2013 burra e gra, pleq e t\u00eb rinj, edhe f\u00ebmij\u00eb.<\/p>\n<p style=\"text-align: center;\"><img loading=\"lazy\" decoding=\"async\" class=\"alignnone size-full wp-image-4938\" title=\"Festa e flamurit - Lecco\" src=\"http:\/\/fjala.shkoder.net\/wp-content\/uploads\/2010\/11\/festa_flamurit_lecco5.jpg\" alt=\"\" width=\"500\" height=\"358\" \/><\/p>\n<p>Kremtja dukej edhe m\u00eb madh\u00ebshtore, kur t\u00eb pranishmit po shijonin specialitete nga kuzhina shqiptare.<br \/>\nN\u00eb fund s\u2019na mbetet tjet\u00ebr, ve\u00e7se t\u00eb fal\u00ebnderojm\u00eb nga zemra drejtuesit e shoqatave \u201cSofra Shqiptare\u201d dhe \u201cDardania\u201d q\u00eb na e mund\u00ebsuan k\u00ebt\u00eb takim kaq t\u00eb k\u00ebndsh\u00ebm dhe na e k\u00ebnaq\u00ebn zemr\u00ebn me kujtime te traditave tona t\u00eb shenjta. Kremtja q\u00eb kishte filluar para or\u00ebs 19, u mbyll n\u00eb or\u00ebt e pasmesnat\u00ebs dhe t\u00eb pranishmit u shp\u00ebrndan\u00eb me urimin q\u00eb sa m\u00eb par\u00eb, t\u00eb gjitha kremtet t\u00eb mund t\u2019i kremtojm\u00eb n\u00eb vendin ton\u00eb t\u00eb shenjt\u00eb \u2013 n\u00eb tok\u00ebn e shqiponjave!<br \/>\nG\u00ebzuar!<\/p>\n","protected":false},"excerpt":{"rendered":"<p>N\u00eb Lecco t\u00eb Lombardis\u00eb, n\u00eb fundjav\u00ebn e kaluar, shqiptar\u00ebt bujsh\u00ebm kremtuan Dit\u00ebn e Flamurit \u2013 t\u00eb Pavar\u00ebsis\u00eb dhe t\u00eb \u00c7lirimit t\u00eb Shqip\u00ebris\u00eb: O sa mir\u00eb me qen\u00eb shqiptar, k\u00ebndonin t\u00eb gjith\u00eb gjat\u00eb kremtimit Manifestim shum\u00eb i bukur festiv u organizua n\u00eb sall\u00ebn famullitare t\u00eb oratorios, n\u00eb Malgrate t\u00eb Lecco-s, nga shoqatat \u201cSofra Shqiptare\u201d dhe \u201cDardania\u201d, [&hellip;]<\/p>\n","protected":false},"author":1,"featured_media":0,"comment_status":"open","ping_status":"closed","sticky":false,"template":"","format":"standard","meta":{"footnotes":""},"categories":[2],"tags":[],"class_list":{"0":"post-4930","1":"post","2":"type-post","3":"status-publish","4":"format-standard","6":"category-artikuj"},"yoast_head":"<!-- This site is optimized with the Yoast SEO plugin v27.4 - https:\/\/yoast.com\/product\/yoast-seo-wordpress\/ -->\n<title>O SA MIR\u00cb ME QEN\u00cb SHQIPTAR - FjALA e LIR\u00cb - Arkivi<\/title>\n<meta name=\"robots\" content=\"index, follow, max-snippet:-1, max-image-preview:large, max-video-preview:-1\" \/>\n<link rel=\"canonical\" href=\"https:\/\/fjala.info\/2009-2015\/o-sa-mire-me-qene-shqiptar\/\" \/>\n<meta property=\"og:locale\" content=\"sq_AL\" \/>\n<meta property=\"og:type\" content=\"article\" \/>\n<meta property=\"og:title\" content=\"O SA MIR\u00cb ME QEN\u00cb SHQIPTAR - FjALA e LIR\u00cb - Arkivi\" \/>\n<meta property=\"og:description\" content=\"N\u00eb Lecco t\u00eb Lombardis\u00eb, n\u00eb fundjav\u00ebn e kaluar, shqiptar\u00ebt bujsh\u00ebm kremtuan Dit\u00ebn e Flamurit \u2013 t\u00eb Pavar\u00ebsis\u00eb dhe t\u00eb \u00c7lirimit t\u00eb Shqip\u00ebris\u00eb: O sa mir\u00eb me qen\u00eb shqiptar, k\u00ebndonin t\u00eb gjith\u00eb gjat\u00eb kremtimit Manifestim shum\u00eb i bukur festiv u organizua n\u00eb sall\u00ebn famullitare t\u00eb oratorios, n\u00eb Malgrate t\u00eb Lecco-s, nga shoqatat \u201cSofra Shqiptare\u201d dhe \u201cDardania\u201d, [&hellip;]\" \/>\n<meta property=\"og:url\" content=\"https:\/\/fjala.info\/2009-2015\/o-sa-mire-me-qene-shqiptar\/\" \/>\n<meta property=\"og:site_name\" content=\"FjALA e LIR\u00cb - Arkivi\" \/>\n<meta property=\"article:published_time\" content=\"2010-11-29T06:54:17+00:00\" \/>\n<meta property=\"og:image\" content=\"http:\/\/fjala.shkoder.net\/wp-content\/uploads\/2010\/11\/festa_flamurit_lecco.jpg\" \/>\n<meta name=\"author\" content=\"admin\" \/>\n<meta name=\"twitter:card\" content=\"summary_large_image\" \/>\n<meta name=\"twitter:label1\" content=\"Written by\" \/>\n\t<meta name=\"twitter:data1\" content=\"admin\" \/>\n\t<meta name=\"twitter:label2\" content=\"Est. reading time\" \/>\n\t<meta name=\"twitter:data2\" content=\"4 minutes\" \/>\n<script type=\"application\/ld+json\" class=\"yoast-schema-graph\">{\"@context\":\"https:\\\/\\\/schema.org\",\"@graph\":[{\"@type\":\"Article\",\"@id\":\"https:\\\/\\\/fjala.info\\\/2009-2015\\\/o-sa-mire-me-qene-shqiptar\\\/#article\",\"isPartOf\":{\"@id\":\"https:\\\/\\\/fjala.info\\\/2009-2015\\\/o-sa-mire-me-qene-shqiptar\\\/\"},\"author\":{\"name\":\"admin\",\"@id\":\"https:\\\/\\\/fjala.info\\\/2009-2015\\\/#\\\/schema\\\/person\\\/3aa1163ef05469c496fc94e77611ada2\"},\"headline\":\"O SA MIR\u00cb ME QEN\u00cb SHQIPTAR\",\"datePublished\":\"2010-11-29T06:54:17+00:00\",\"mainEntityOfPage\":{\"@id\":\"https:\\\/\\\/fjala.info\\\/2009-2015\\\/o-sa-mire-me-qene-shqiptar\\\/\"},\"wordCount\":806,\"commentCount\":0,\"publisher\":{\"@id\":\"https:\\\/\\\/fjala.info\\\/2009-2015\\\/#organization\"},\"image\":{\"@id\":\"https:\\\/\\\/fjala.info\\\/2009-2015\\\/o-sa-mire-me-qene-shqiptar\\\/#primaryimage\"},\"thumbnailUrl\":\"http:\\\/\\\/fjala.shkoder.net\\\/wp-content\\\/uploads\\\/2010\\\/11\\\/festa_flamurit_lecco.jpg\",\"articleSection\":[\"Artikuj\"],\"inLanguage\":\"sq-AL\",\"potentialAction\":[{\"@type\":\"CommentAction\",\"name\":\"Comment\",\"target\":[\"https:\\\/\\\/fjala.info\\\/2009-2015\\\/o-sa-mire-me-qene-shqiptar\\\/#respond\"]}]},{\"@type\":\"WebPage\",\"@id\":\"https:\\\/\\\/fjala.info\\\/2009-2015\\\/o-sa-mire-me-qene-shqiptar\\\/\",\"url\":\"https:\\\/\\\/fjala.info\\\/2009-2015\\\/o-sa-mire-me-qene-shqiptar\\\/\",\"name\":\"O SA MIR\u00cb ME QEN\u00cb SHQIPTAR - FjALA e LIR\u00cb - Arkivi\",\"isPartOf\":{\"@id\":\"https:\\\/\\\/fjala.info\\\/2009-2015\\\/#website\"},\"primaryImageOfPage\":{\"@id\":\"https:\\\/\\\/fjala.info\\\/2009-2015\\\/o-sa-mire-me-qene-shqiptar\\\/#primaryimage\"},\"image\":{\"@id\":\"https:\\\/\\\/fjala.info\\\/2009-2015\\\/o-sa-mire-me-qene-shqiptar\\\/#primaryimage\"},\"thumbnailUrl\":\"http:\\\/\\\/fjala.shkoder.net\\\/wp-content\\\/uploads\\\/2010\\\/11\\\/festa_flamurit_lecco.jpg\",\"datePublished\":\"2010-11-29T06:54:17+00:00\",\"breadcrumb\":{\"@id\":\"https:\\\/\\\/fjala.info\\\/2009-2015\\\/o-sa-mire-me-qene-shqiptar\\\/#breadcrumb\"},\"inLanguage\":\"sq-AL\",\"potentialAction\":[{\"@type\":\"ReadAction\",\"target\":[\"https:\\\/\\\/fjala.info\\\/2009-2015\\\/o-sa-mire-me-qene-shqiptar\\\/\"]}]},{\"@type\":\"ImageObject\",\"inLanguage\":\"sq-AL\",\"@id\":\"https:\\\/\\\/fjala.info\\\/2009-2015\\\/o-sa-mire-me-qene-shqiptar\\\/#primaryimage\",\"url\":\"http:\\\/\\\/fjala.shkoder.net\\\/wp-content\\\/uploads\\\/2010\\\/11\\\/festa_flamurit_lecco.jpg\",\"contentUrl\":\"http:\\\/\\\/fjala.shkoder.net\\\/wp-content\\\/uploads\\\/2010\\\/11\\\/festa_flamurit_lecco.jpg\"},{\"@type\":\"BreadcrumbList\",\"@id\":\"https:\\\/\\\/fjala.info\\\/2009-2015\\\/o-sa-mire-me-qene-shqiptar\\\/#breadcrumb\",\"itemListElement\":[{\"@type\":\"ListItem\",\"position\":1,\"name\":\"Home\",\"item\":\"https:\\\/\\\/fjala.info\\\/2009-2015\\\/\"},{\"@type\":\"ListItem\",\"position\":2,\"name\":\"O SA MIR\u00cb ME QEN\u00cb SHQIPTAR\"}]},{\"@type\":\"WebSite\",\"@id\":\"https:\\\/\\\/fjala.info\\\/2009-2015\\\/#website\",\"url\":\"https:\\\/\\\/fjala.info\\\/2009-2015\\\/\",\"name\":\"FjALA e LIR\u00cb - Arkivi\",\"description\":\"Arkivi 2009-2015\",\"publisher\":{\"@id\":\"https:\\\/\\\/fjala.info\\\/2009-2015\\\/#organization\"},\"potentialAction\":[{\"@type\":\"SearchAction\",\"target\":{\"@type\":\"EntryPoint\",\"urlTemplate\":\"https:\\\/\\\/fjala.info\\\/2009-2015\\\/?s={search_term_string}\"},\"query-input\":{\"@type\":\"PropertyValueSpecification\",\"valueRequired\":true,\"valueName\":\"search_term_string\"}}],\"inLanguage\":\"sq-AL\"},{\"@type\":\"Organization\",\"@id\":\"https:\\\/\\\/fjala.info\\\/2009-2015\\\/#organization\",\"name\":\"FjALA e LIR\u00cb - Arkivi\",\"url\":\"https:\\\/\\\/fjala.info\\\/2009-2015\\\/\",\"logo\":{\"@type\":\"ImageObject\",\"inLanguage\":\"sq-AL\",\"@id\":\"https:\\\/\\\/fjala.info\\\/2009-2015\\\/#\\\/schema\\\/logo\\\/image\\\/\",\"url\":\"\",\"contentUrl\":\"\",\"caption\":\"FjALA e LIR\u00cb - Arkivi\"},\"image\":{\"@id\":\"https:\\\/\\\/fjala.info\\\/2009-2015\\\/#\\\/schema\\\/logo\\\/image\\\/\"}},{\"@type\":\"Person\",\"@id\":\"https:\\\/\\\/fjala.info\\\/2009-2015\\\/#\\\/schema\\\/person\\\/3aa1163ef05469c496fc94e77611ada2\",\"name\":\"admin\",\"image\":{\"@type\":\"ImageObject\",\"inLanguage\":\"sq-AL\",\"@id\":\"https:\\\/\\\/fjala.info\\\/2009-2015\\\/wp-content\\\/uploads\\\/2012\\\/02\\\/arben_cokaj-120x150.jpg\",\"url\":\"https:\\\/\\\/fjala.info\\\/2009-2015\\\/wp-content\\\/uploads\\\/2012\\\/02\\\/arben_cokaj-120x150.jpg\",\"contentUrl\":\"https:\\\/\\\/fjala.info\\\/2009-2015\\\/wp-content\\\/uploads\\\/2012\\\/02\\\/arben_cokaj-120x150.jpg\",\"caption\":\"admin\"},\"description\":\"Admin, Fjala e Lir\u00eb\",\"sameAs\":[\"https:\\\/\\\/fjala.info\\\/\"],\"url\":\"https:\\\/\\\/fjala.info\\\/2009-2015\\\/author\\\/admin\\\/\"}]}<\/script>\n<!-- \/ Yoast SEO plugin. -->","yoast_head_json":{"title":"O SA MIR\u00cb ME QEN\u00cb SHQIPTAR - FjALA e LIR\u00cb - Arkivi","robots":{"index":"index","follow":"follow","max-snippet":"max-snippet:-1","max-image-preview":"max-image-preview:large","max-video-preview":"max-video-preview:-1"},"canonical":"https:\/\/fjala.info\/2009-2015\/o-sa-mire-me-qene-shqiptar\/","og_locale":"sq_AL","og_type":"article","og_title":"O SA MIR\u00cb ME QEN\u00cb SHQIPTAR - FjALA e LIR\u00cb - Arkivi","og_description":"N\u00eb Lecco t\u00eb Lombardis\u00eb, n\u00eb fundjav\u00ebn e kaluar, shqiptar\u00ebt bujsh\u00ebm kremtuan Dit\u00ebn e Flamurit \u2013 t\u00eb Pavar\u00ebsis\u00eb dhe t\u00eb \u00c7lirimit t\u00eb Shqip\u00ebris\u00eb: O sa mir\u00eb me qen\u00eb shqiptar, k\u00ebndonin t\u00eb gjith\u00eb gjat\u00eb kremtimit Manifestim shum\u00eb i bukur festiv u organizua n\u00eb sall\u00ebn famullitare t\u00eb oratorios, n\u00eb Malgrate t\u00eb Lecco-s, nga shoqatat \u201cSofra Shqiptare\u201d dhe \u201cDardania\u201d, [&hellip;]","og_url":"https:\/\/fjala.info\/2009-2015\/o-sa-mire-me-qene-shqiptar\/","og_site_name":"FjALA e LIR\u00cb - Arkivi","article_published_time":"2010-11-29T06:54:17+00:00","og_image":[{"url":"http:\/\/fjala.shkoder.net\/wp-content\/uploads\/2010\/11\/festa_flamurit_lecco.jpg","type":"","width":"","height":""}],"author":"admin","twitter_card":"summary_large_image","twitter_misc":{"Written by":"admin","Est. reading time":"4 minutes"},"schema":{"@context":"https:\/\/schema.org","@graph":[{"@type":"Article","@id":"https:\/\/fjala.info\/2009-2015\/o-sa-mire-me-qene-shqiptar\/#article","isPartOf":{"@id":"https:\/\/fjala.info\/2009-2015\/o-sa-mire-me-qene-shqiptar\/"},"author":{"name":"admin","@id":"https:\/\/fjala.info\/2009-2015\/#\/schema\/person\/3aa1163ef05469c496fc94e77611ada2"},"headline":"O SA MIR\u00cb ME QEN\u00cb SHQIPTAR","datePublished":"2010-11-29T06:54:17+00:00","mainEntityOfPage":{"@id":"https:\/\/fjala.info\/2009-2015\/o-sa-mire-me-qene-shqiptar\/"},"wordCount":806,"commentCount":0,"publisher":{"@id":"https:\/\/fjala.info\/2009-2015\/#organization"},"image":{"@id":"https:\/\/fjala.info\/2009-2015\/o-sa-mire-me-qene-shqiptar\/#primaryimage"},"thumbnailUrl":"http:\/\/fjala.shkoder.net\/wp-content\/uploads\/2010\/11\/festa_flamurit_lecco.jpg","articleSection":["Artikuj"],"inLanguage":"sq-AL","potentialAction":[{"@type":"CommentAction","name":"Comment","target":["https:\/\/fjala.info\/2009-2015\/o-sa-mire-me-qene-shqiptar\/#respond"]}]},{"@type":"WebPage","@id":"https:\/\/fjala.info\/2009-2015\/o-sa-mire-me-qene-shqiptar\/","url":"https:\/\/fjala.info\/2009-2015\/o-sa-mire-me-qene-shqiptar\/","name":"O SA MIR\u00cb ME QEN\u00cb SHQIPTAR - FjALA e LIR\u00cb - Arkivi","isPartOf":{"@id":"https:\/\/fjala.info\/2009-2015\/#website"},"primaryImageOfPage":{"@id":"https:\/\/fjala.info\/2009-2015\/o-sa-mire-me-qene-shqiptar\/#primaryimage"},"image":{"@id":"https:\/\/fjala.info\/2009-2015\/o-sa-mire-me-qene-shqiptar\/#primaryimage"},"thumbnailUrl":"http:\/\/fjala.shkoder.net\/wp-content\/uploads\/2010\/11\/festa_flamurit_lecco.jpg","datePublished":"2010-11-29T06:54:17+00:00","breadcrumb":{"@id":"https:\/\/fjala.info\/2009-2015\/o-sa-mire-me-qene-shqiptar\/#breadcrumb"},"inLanguage":"sq-AL","potentialAction":[{"@type":"ReadAction","target":["https:\/\/fjala.info\/2009-2015\/o-sa-mire-me-qene-shqiptar\/"]}]},{"@type":"ImageObject","inLanguage":"sq-AL","@id":"https:\/\/fjala.info\/2009-2015\/o-sa-mire-me-qene-shqiptar\/#primaryimage","url":"http:\/\/fjala.shkoder.net\/wp-content\/uploads\/2010\/11\/festa_flamurit_lecco.jpg","contentUrl":"http:\/\/fjala.shkoder.net\/wp-content\/uploads\/2010\/11\/festa_flamurit_lecco.jpg"},{"@type":"BreadcrumbList","@id":"https:\/\/fjala.info\/2009-2015\/o-sa-mire-me-qene-shqiptar\/#breadcrumb","itemListElement":[{"@type":"ListItem","position":1,"name":"Home","item":"https:\/\/fjala.info\/2009-2015\/"},{"@type":"ListItem","position":2,"name":"O SA MIR\u00cb ME QEN\u00cb SHQIPTAR"}]},{"@type":"WebSite","@id":"https:\/\/fjala.info\/2009-2015\/#website","url":"https:\/\/fjala.info\/2009-2015\/","name":"FjALA e LIR\u00cb - Arkivi","description":"Arkivi 2009-2015","publisher":{"@id":"https:\/\/fjala.info\/2009-2015\/#organization"},"potentialAction":[{"@type":"SearchAction","target":{"@type":"EntryPoint","urlTemplate":"https:\/\/fjala.info\/2009-2015\/?s={search_term_string}"},"query-input":{"@type":"PropertyValueSpecification","valueRequired":true,"valueName":"search_term_string"}}],"inLanguage":"sq-AL"},{"@type":"Organization","@id":"https:\/\/fjala.info\/2009-2015\/#organization","name":"FjALA e LIR\u00cb - Arkivi","url":"https:\/\/fjala.info\/2009-2015\/","logo":{"@type":"ImageObject","inLanguage":"sq-AL","@id":"https:\/\/fjala.info\/2009-2015\/#\/schema\/logo\/image\/","url":"","contentUrl":"","caption":"FjALA e LIR\u00cb - Arkivi"},"image":{"@id":"https:\/\/fjala.info\/2009-2015\/#\/schema\/logo\/image\/"}},{"@type":"Person","@id":"https:\/\/fjala.info\/2009-2015\/#\/schema\/person\/3aa1163ef05469c496fc94e77611ada2","name":"admin","image":{"@type":"ImageObject","inLanguage":"sq-AL","@id":"https:\/\/fjala.info\/2009-2015\/wp-content\/uploads\/2012\/02\/arben_cokaj-120x150.jpg","url":"https:\/\/fjala.info\/2009-2015\/wp-content\/uploads\/2012\/02\/arben_cokaj-120x150.jpg","contentUrl":"https:\/\/fjala.info\/2009-2015\/wp-content\/uploads\/2012\/02\/arben_cokaj-120x150.jpg","caption":"admin"},"description":"Admin, Fjala e Lir\u00eb","sameAs":["https:\/\/fjala.info\/"],"url":"https:\/\/fjala.info\/2009-2015\/author\/admin\/"}]}},"_links":{"self":[{"href":"https:\/\/fjala.info\/2009-2015\/wp-json\/wp\/v2\/posts\/4930","targetHints":{"allow":["GET"]}}],"collection":[{"href":"https:\/\/fjala.info\/2009-2015\/wp-json\/wp\/v2\/posts"}],"about":[{"href":"https:\/\/fjala.info\/2009-2015\/wp-json\/wp\/v2\/types\/post"}],"author":[{"embeddable":true,"href":"https:\/\/fjala.info\/2009-2015\/wp-json\/wp\/v2\/users\/1"}],"replies":[{"embeddable":true,"href":"https:\/\/fjala.info\/2009-2015\/wp-json\/wp\/v2\/comments?post=4930"}],"version-history":[{"count":0,"href":"https:\/\/fjala.info\/2009-2015\/wp-json\/wp\/v2\/posts\/4930\/revisions"}],"wp:attachment":[{"href":"https:\/\/fjala.info\/2009-2015\/wp-json\/wp\/v2\/media?parent=4930"}],"wp:term":[{"taxonomy":"category","embeddable":true,"href":"https:\/\/fjala.info\/2009-2015\/wp-json\/wp\/v2\/categories?post=4930"},{"taxonomy":"post_tag","embeddable":true,"href":"https:\/\/fjala.info\/2009-2015\/wp-json\/wp\/v2\/tags?post=4930"}],"curies":[{"name":"wp","href":"https:\/\/api.w.org\/{rel}","templated":true}]}}