{"id":493,"date":"2011-12-05T09:30:13","date_gmt":"2011-12-05T08:30:13","guid":{"rendered":"http:\/\/fjala.shkoder.net\/?p=493"},"modified":"2011-12-05T09:30:13","modified_gmt":"2011-12-05T08:30:13","slug":"neutraliteti-tinezar","status":"publish","type":"post","link":"https:\/\/fjala.info\/2009-2015\/neutraliteti-tinezar\/","title":{"rendered":"Neutraliteti tin\u00ebzar"},"content":{"rendered":"<p><img decoding=\"async\" class=\"alignright size-thumbnail wp-image-7236\" title=\"Bekim Rexhepi\" src=\"http:\/\/www.shkoder.net\/images\/fjala\/bekim_rexhepi1.jpg\" alt=\"\" width=\"150\" \/> <strong>Qeveria e Kosov\u00ebs po arrin t\u00eb b\u00ebj\u00eb marr\u00ebveshje t\u00eb nj\u00ebanshme me Serbin\u00eb, e mbi pavar\u00ebsin\u00eb e vendit po hap nj\u00eb gambit t\u00eb keq, q\u00eb \u00ebsht\u00eb gjithsesi nj\u00eb neutralitet tin\u00ebzar, m\u00eb pasoja t\u00eb r\u00ebnda p\u00ebr interesin e vendit dhe t\u00eb qytetar\u00ebve shqiptar qe kan\u00eb nj\u00eb kontrat\u00eb me Kosov\u00ebn.<\/strong><\/p>\n<p>Nga <strong>Bekim Rexhepi<\/strong><\/p>\n<p>Nuk \u00ebsht\u00eb hera e par\u00eb qe n\u00eb drejtim t\u00eb qeveris\u00eb se Kosov\u00ebs, po alarmohet kujdes p\u00ebr bisedimet me Serbin, e cila po shfryt\u00ebzon mjaft\u00eb mir\u00eb deri me tani brisht\u00ebsin\u00eb e funksionimit t\u00eb Republik\u00ebs s\u00eb Kosov\u00ebs, ve\u00e7mas n\u00eb veri ku ndodhet pakica serbe e enklavizuar, e cila krejt\u00ebsisht e instrumentalizuar nga politika oficiale serbe, po p\u00ebrpiqet t\u00eb finalizoj dekompozimin e shtet\u00ebsis\u00eb s\u00eb Kosov\u00ebs.<\/p>\n<p>P\u00ebrball\u00eb p\u00ebrpjekjeve serbe, duket se qeveria e Kosov\u00ebs, m\u00eb shum\u00eb po ngel n\u00eb vendnum\u00ebro se sa e ka nd\u00ebrmend t\u00eb sfidohet me pun\u00ebt e obliguar shtet\u00ebrore. P\u00ebr dymb\u00ebdhjet\u00eb vite rresht, pakica serbe ne veri, \u00e7oi kryet pesh\u00eb, u tolerua sepse s\u2019pati qeveri qe u thot\u00eb ngadal\u00eb beg se ka hendek, s\u2019pati se s\u2019pat\u00ebm qeveri shteti. N\u00eb fakt nuk \u00ebsht\u00eb krejt se s\u2019pat\u00ebm qeveri, ka pasur asi qeverish qe din\u00eb t\u00eb krenohen m\u00eb shum\u00eb para opozit\u00ebs vendore, se sa q\u00eb din\u00eb kryejn\u00eb detyrat shtet\u00ebrore, pra pat\u00ebm s\u2019t\u00eb duash qeveri, me nderme than me dhi n\u00eb to.<\/p>\n<p>T\u00eb sakt\u00ebsojm\u00eb se rruga e qeveris\u00eb p\u00ebr shtetin u la n\u00eb gjysm\u00eb, u la p\u00ebr aq sa pati m\u00ebshir\u00eb rezonimi i tyre xhuxhmaxhuxh\u00ebsh qe mjaftohen edhe me kaq sa u del pa mund.<br \/>\nMarr\u00ebveshjet e fundit m\u00eb Serbin, seriozisht kan\u00eb degraduar pavar\u00ebsin\u00eb, dhe kan\u00eb p\u00ebrforcuar rezolut\u00ebn 1244, p\u00ebr t\u00eb cil\u00ebn rezolut\u00eb n\u00eb fuqi dikur, pavar\u00ebsia do t\u00eb duhej ta asgj\u00ebsonte fare-fare. Madje, kjo qeveri nuk po e asgj\u00ebsojm\u00eb dot k\u00ebt\u00eb rezolut\u00eb, por po i krijon hap\u00ebsir\u00eb duke i neutralizuar disa \u00e7\u00ebshtjet q\u00eb tashm\u00eb pas pavar\u00ebsis\u00eb dhe njohjeve do t\u00eb duhej t\u00eb ishin fare t\u00eb pavarura e shtet\u00ebrore.<\/p>\n<p>Sipas nj\u00eb marr\u00ebveshje t\u00eb m\u00eb hershme me Serbin\u00eb! Sqarojm\u00eb dhe k\u00ebt\u00eb, se kur kemi nj\u00eb marr\u00ebveshje, mbase me t\u00eb duhet t\u00eb kuptojm\u00eb se duhet zbatuar di\u00e7, n\u00eb t\u00eb kund\u00ebrt\u00ebn ka penaliz\u00ebm. N\u00eb k\u00ebt\u00eb marr\u00ebveshje q\u00eb t\u00ebr\u00ebsisht \u00ebsht\u00eb e pakuptimt\u00eb, ka t\u00eb b\u00ebj\u00eb me qarkullimin e qytetar\u00ebve t\u00eb Serbis\u00eb s\u00eb pavarur dhe t\u00eb Kosov\u00ebs (1244) jo t\u00eb pavarur, ngase marr\u00ebveshja e arritur me Serbin\u00eb, kan\u00eb neutralizuar disa \u00e7\u00ebshtje qe doemos se do t\u00eb duhej ti takonin shtetit t\u00eb pavarur dhe jo ati statusi neutralitetit q\u00eb parashihet n\u00eb rezolut\u00ebn 1244.<\/p>\n<p>Pra, kemi nj\u00eb marr\u00ebveshje t\u00eb atill\u00eb, ku p\u00ebr Serbin\u00eb vlejn\u00eb n\u00eb qarkullim targat serbe edhe n\u00eb Kosov\u00eb, nd\u00ebrsa p\u00ebr Kosov\u00ebn, duket se kemi tre lloj targash, qarkulluese t\u00eb automjeteve:<\/p>\n<p>1. Republika e Kosov\u00ebs \u2013 RK.<br \/>\n2. KoSova (apo edhe sipas disa z\u00ebrave \u201cinjorant\u00ebsh\u201d si Kosova-Serbi) \u2013 KS.<br \/>\n3. Targat Serbe ekstra t\u00eb l\u00ebshuara p\u00ebr territorin e Kosov\u00ebs, ve\u00e7 e ve\u00e7 p\u00ebr komunat e Kosov\u00ebs: (Prishtina, Kosovska Mitrovica, Prizreni, etj) \u2013 PR, KM, PZ.<\/p>\n<p>Nd\u00ebrsa p\u00ebrkitazi m\u00eb k\u00ebt\u00eb marr\u00ebveshje ka edhe nj\u00eb tjet\u00ebr q\u00eb p\u00ebrfshin edhe l\u00ebvizjen e qytetar\u00ebve shqiptar p\u00ebr n\u00eb Serbi, dhe t\u00eb serb\u00ebve p\u00ebr n\u00eb Kosov\u00eb. Shqiptaret q\u00eb duan t\u00eb kalojn\u00eb p\u00ebr n\u00eb Serbi, duhet t\u00eb pajisen me nj\u00eb kart\u00eb t\u00eb ve\u00e7ant\u00eb qe do t\u00eb mbushet n\u00eb hyrje nga autoritet serbe t\u00eb dogan\u00ebs, nd\u00ebrsa p\u00ebr qytetaret serb q\u00eb hyjn\u00eb p\u00ebr n\u00eb Kosov\u00eb, nuk ka nevoj\u00eb as far\u00eb karte ekzakte. Pra, si\u00e7 po ndodh me qytetaret shqiptaret, nuk po ndodh\u00eb ngjash\u00ebm me qytetaret serb, k\u00ebtu mbase ka di\u00e7 q\u00eb n\u00eb t\u00eb v\u00ebrtet\u00eb qe nuk shkon, ose shkon fare me t\u00eb ngulur &#8211; tro\u00e7.<\/p>\n<p>Ndon\u00ebse, ka edhe disa marr\u00ebveshje t\u00eb vogla si, \u00e7\u00ebshtja e njohjeve t\u00eb diplomave universitare, pastaj kthimin e (kopjeve) librave kadestrale, dhe se fundi kemi marr\u00ebveshjen qe do t\u00eb jet\u00eb m\u00eb e p\u00ebrfolura k\u00ebt\u00eb muaj dhe qe padyshim do ta rrezikoj mjaft\u00eb qeverin\u00eb t\u00eb q\u00ebndroj deri n\u00eb fund t\u00eb mandatit, sepse kemi marr\u00ebveshje t\u00eb nxituar, marr\u00ebveshje t\u00eb menaxhimit t\u00eb integruar t\u00eb kufijve, edhe pse ata n\u00eb veri t\u00eb Kosov\u00ebs nuk ekzistonin, madje m\u00eb k\u00ebt\u00eb marr\u00ebveshje p\u00ebrfundimisht ata kufij u ligj\u00ebsuan si t\u00eb paqen\u00eb dhe k\u00ebshtu u pajtuan t\u00eb dy pal\u00ebt sepse Serbia nuk do t\u00eb ulej dot ne bisedime pa k\u00ebsi akordimi s\u00eb pari t\u00eb pal\u00ebs kosovare, gj\u00eb qe ndodhi akoma para se t\u00eb bisedohej, nd\u00ebrsa p\u00ebr Serbin ishte shum\u00eb e leht\u00eb qe m\u00eb n\u00eb fund t\u00eb pajtohej me nj\u00eb marr\u00ebveshje q\u00eb n\u00eb veri t\u00eb Kosov\u00ebs nuk do t\u00eb ket\u00eb pik\u00eb doganore po vet\u00ebm nj\u00eb pik\u00eb kalimtare, dhe fare neutrale.<\/p>\n<p>Sqarojm\u00eb se u neutralizua gjith\u00e7ka vet\u00ebm nga pala kosovare, pak r\u00ebnd\u00ebsi ka n\u00ebse ka pasur presione, Kosova hoqi dor\u00eb nga doganat e saja t\u00eb pavarura dhe u var\u00eb n\u00eb nj\u00eb pik\u00eb kalimtare mes saj dhe Serbis\u00eb p\u00ebrmes k\u00ebsaj marr\u00ebveshje qe do t\u00eb ket\u00eb pasoja t\u00eb r\u00ebnda p\u00ebr Kosov\u00ebn n\u00eb t\u00eb ardhmen.<br \/>\nKosova n\u00eb vend se k\u00ebto marr\u00ebveshje me Serbin ti favorizonte n\u00eb favor t\u00eb pavar\u00ebsis\u00eb se saj, ajo duke i neutralizuar \u00e7\u00ebshtjet e saj t\u00eb brendshme, po e nd\u00ebrlikon m\u00eb shum\u00eb gj\u00ebrat dhe po e v\u00ebshtir\u00ebson procesin e njohjeve dhe po ngurt\u00ebson integrimin n\u00eb BE.<\/p>\n<p>Mbase n\u00eb t\u00eb ardhmen Serbia mund ta bllokoi Kosov\u00ebn, ashtu si\u00e7 po b\u00ebn Greqia me Maqedonin\u00eb deri me tani.<br \/>\nOpozit\u00ebs i mbete q\u00eb k\u00ebt\u00eb marr\u00ebveshje ta marr\u00eb seriozisht dhe t\u00eb mos frik\u00ebsohet dhe t\u00eb mos p\u00ebr\u00e7ahet brenda saj p\u00ebr ta rr\u00ebzuar qeverin\u00eb dhe p\u00ebr ta zhb\u00ebr\u00eb marr\u00ebveshjen, e cila dob\u00ebson pavar\u00ebsin\u00eb dhe e fuqizon rezolut\u00ebn 1244.<\/p>\n<p>Qeveria e Kosov\u00ebs po arrin t\u00eb b\u00ebj\u00eb marr\u00ebveshje t\u00eb nj\u00ebanshme me Serbin\u00eb, e mbi pavar\u00ebsin\u00eb e vendit po hap nj\u00eb gambit t\u00eb keq, q\u00eb \u00ebsht\u00eb gjithsesi nj\u00eb neutralitet tin\u00ebzar, m\u00eb pasoja t\u00eb r\u00ebnda p\u00ebr interesin e vendit dhe t\u00eb qytetar\u00ebve shqiptar qe kan\u00eb nj\u00eb kontrat\u00eb me Kosov\u00ebn.<br \/>\nK\u00ebshtu politikanet po na udh\u00ebzojn\u00eb m\u00eb shum\u00eb sipas interesave t\u00eb tyre dhe jo t\u00eb vendit dhe t\u00eb shumic\u00ebs, kjo \u00ebsht\u00eb e rrezikshme p\u00ebr vendin, p\u00ebr shumic\u00ebn qytetare dhe jo p\u00ebr pakic\u00ebn politike, sepse ata kan\u00eb nj\u00eb byth\u00eb t\u00eb shitur dhe ne shqiptaret serish nj\u00eb dit\u00eb do t\u00eb ngrihemi dhe nuk do ta lejojm\u00eb qe t\u00eb na shesin karshi interesit t\u00eb tyre profitabile dhe vet\u00ebm.<\/p>\n<p>E diel, 04-12-2011<\/p>\n","protected":false},"excerpt":{"rendered":"<p>Qeveria e Kosov\u00ebs po arrin t\u00eb b\u00ebj\u00eb marr\u00ebveshje t\u00eb nj\u00ebanshme me Serbin\u00eb, e mbi pavar\u00ebsin\u00eb e vendit po hap nj\u00eb gambit t\u00eb keq, q\u00eb \u00ebsht\u00eb gjithsesi nj\u00eb neutralitet tin\u00ebzar, m\u00eb pasoja t\u00eb r\u00ebnda p\u00ebr interesin e vendit dhe t\u00eb qytetar\u00ebve shqiptar qe kan\u00eb nj\u00eb kontrat\u00eb me Kosov\u00ebn. Nga Bekim Rexhepi Nuk \u00ebsht\u00eb hera e par\u00eb [&hellip;]<\/p>\n","protected":false},"author":1,"featured_media":0,"comment_status":"open","ping_status":"closed","sticky":false,"template":"","format":"standard","meta":{"footnotes":""},"categories":[2],"tags":[],"class_list":{"0":"post-493","1":"post","2":"type-post","3":"status-publish","4":"format-standard","6":"category-artikuj"},"yoast_head":"<!-- This site is optimized with the Yoast SEO plugin v27.4 - https:\/\/yoast.com\/product\/yoast-seo-wordpress\/ -->\n<title>Neutraliteti tin\u00ebzar - FjALA e LIR\u00cb - Arkivi<\/title>\n<meta name=\"robots\" content=\"index, follow, max-snippet:-1, max-image-preview:large, max-video-preview:-1\" \/>\n<link rel=\"canonical\" href=\"https:\/\/fjala.info\/2009-2015\/neutraliteti-tinezar\/\" \/>\n<meta property=\"og:locale\" content=\"sq_AL\" \/>\n<meta property=\"og:type\" content=\"article\" \/>\n<meta property=\"og:title\" content=\"Neutraliteti tin\u00ebzar - FjALA e LIR\u00cb - Arkivi\" \/>\n<meta property=\"og:description\" content=\"Qeveria e Kosov\u00ebs po arrin t\u00eb b\u00ebj\u00eb marr\u00ebveshje t\u00eb nj\u00ebanshme me Serbin\u00eb, e mbi pavar\u00ebsin\u00eb e vendit po hap nj\u00eb gambit t\u00eb keq, q\u00eb \u00ebsht\u00eb gjithsesi nj\u00eb neutralitet tin\u00ebzar, m\u00eb pasoja t\u00eb r\u00ebnda p\u00ebr interesin e vendit dhe t\u00eb qytetar\u00ebve shqiptar qe kan\u00eb nj\u00eb kontrat\u00eb me Kosov\u00ebn. Nga Bekim Rexhepi Nuk \u00ebsht\u00eb hera e par\u00eb [&hellip;]\" \/>\n<meta property=\"og:url\" content=\"https:\/\/fjala.info\/2009-2015\/neutraliteti-tinezar\/\" \/>\n<meta property=\"og:site_name\" content=\"FjALA e LIR\u00cb - Arkivi\" \/>\n<meta property=\"article:published_time\" content=\"2011-12-05T08:30:13+00:00\" \/>\n<meta property=\"og:image\" content=\"http:\/\/www.shkoder.net\/images\/fjala\/bekim_rexhepi1.jpg\" \/>\n<meta name=\"author\" content=\"admin\" \/>\n<meta name=\"twitter:card\" content=\"summary_large_image\" \/>\n<meta name=\"twitter:label1\" content=\"Written by\" \/>\n\t<meta name=\"twitter:data1\" content=\"admin\" \/>\n\t<meta name=\"twitter:label2\" content=\"Est. reading time\" \/>\n\t<meta name=\"twitter:data2\" content=\"6 minutes\" \/>\n<script type=\"application\/ld+json\" class=\"yoast-schema-graph\">{\"@context\":\"https:\\\/\\\/schema.org\",\"@graph\":[{\"@type\":\"Article\",\"@id\":\"https:\\\/\\\/fjala.info\\\/2009-2015\\\/neutraliteti-tinezar\\\/#article\",\"isPartOf\":{\"@id\":\"https:\\\/\\\/fjala.info\\\/2009-2015\\\/neutraliteti-tinezar\\\/\"},\"author\":{\"name\":\"admin\",\"@id\":\"https:\\\/\\\/fjala.info\\\/2009-2015\\\/#\\\/schema\\\/person\\\/3aa1163ef05469c496fc94e77611ada2\"},\"headline\":\"Neutraliteti tin\u00ebzar\",\"datePublished\":\"2011-12-05T08:30:13+00:00\",\"mainEntityOfPage\":{\"@id\":\"https:\\\/\\\/fjala.info\\\/2009-2015\\\/neutraliteti-tinezar\\\/\"},\"wordCount\":1156,\"commentCount\":0,\"publisher\":{\"@id\":\"https:\\\/\\\/fjala.info\\\/2009-2015\\\/#organization\"},\"image\":{\"@id\":\"https:\\\/\\\/fjala.info\\\/2009-2015\\\/neutraliteti-tinezar\\\/#primaryimage\"},\"thumbnailUrl\":\"http:\\\/\\\/www.shkoder.net\\\/images\\\/fjala\\\/bekim_rexhepi1.jpg\",\"articleSection\":[\"Artikuj\"],\"inLanguage\":\"sq-AL\",\"potentialAction\":[{\"@type\":\"CommentAction\",\"name\":\"Comment\",\"target\":[\"https:\\\/\\\/fjala.info\\\/2009-2015\\\/neutraliteti-tinezar\\\/#respond\"]}]},{\"@type\":\"WebPage\",\"@id\":\"https:\\\/\\\/fjala.info\\\/2009-2015\\\/neutraliteti-tinezar\\\/\",\"url\":\"https:\\\/\\\/fjala.info\\\/2009-2015\\\/neutraliteti-tinezar\\\/\",\"name\":\"Neutraliteti tin\u00ebzar - FjALA e LIR\u00cb - Arkivi\",\"isPartOf\":{\"@id\":\"https:\\\/\\\/fjala.info\\\/2009-2015\\\/#website\"},\"primaryImageOfPage\":{\"@id\":\"https:\\\/\\\/fjala.info\\\/2009-2015\\\/neutraliteti-tinezar\\\/#primaryimage\"},\"image\":{\"@id\":\"https:\\\/\\\/fjala.info\\\/2009-2015\\\/neutraliteti-tinezar\\\/#primaryimage\"},\"thumbnailUrl\":\"http:\\\/\\\/www.shkoder.net\\\/images\\\/fjala\\\/bekim_rexhepi1.jpg\",\"datePublished\":\"2011-12-05T08:30:13+00:00\",\"breadcrumb\":{\"@id\":\"https:\\\/\\\/fjala.info\\\/2009-2015\\\/neutraliteti-tinezar\\\/#breadcrumb\"},\"inLanguage\":\"sq-AL\",\"potentialAction\":[{\"@type\":\"ReadAction\",\"target\":[\"https:\\\/\\\/fjala.info\\\/2009-2015\\\/neutraliteti-tinezar\\\/\"]}]},{\"@type\":\"ImageObject\",\"inLanguage\":\"sq-AL\",\"@id\":\"https:\\\/\\\/fjala.info\\\/2009-2015\\\/neutraliteti-tinezar\\\/#primaryimage\",\"url\":\"http:\\\/\\\/www.shkoder.net\\\/images\\\/fjala\\\/bekim_rexhepi1.jpg\",\"contentUrl\":\"http:\\\/\\\/www.shkoder.net\\\/images\\\/fjala\\\/bekim_rexhepi1.jpg\"},{\"@type\":\"BreadcrumbList\",\"@id\":\"https:\\\/\\\/fjala.info\\\/2009-2015\\\/neutraliteti-tinezar\\\/#breadcrumb\",\"itemListElement\":[{\"@type\":\"ListItem\",\"position\":1,\"name\":\"Home\",\"item\":\"https:\\\/\\\/fjala.info\\\/2009-2015\\\/\"},{\"@type\":\"ListItem\",\"position\":2,\"name\":\"Neutraliteti tin\u00ebzar\"}]},{\"@type\":\"WebSite\",\"@id\":\"https:\\\/\\\/fjala.info\\\/2009-2015\\\/#website\",\"url\":\"https:\\\/\\\/fjala.info\\\/2009-2015\\\/\",\"name\":\"FjALA e LIR\u00cb - Arkivi\",\"description\":\"Arkivi 2009-2015\",\"publisher\":{\"@id\":\"https:\\\/\\\/fjala.info\\\/2009-2015\\\/#organization\"},\"potentialAction\":[{\"@type\":\"SearchAction\",\"target\":{\"@type\":\"EntryPoint\",\"urlTemplate\":\"https:\\\/\\\/fjala.info\\\/2009-2015\\\/?s={search_term_string}\"},\"query-input\":{\"@type\":\"PropertyValueSpecification\",\"valueRequired\":true,\"valueName\":\"search_term_string\"}}],\"inLanguage\":\"sq-AL\"},{\"@type\":\"Organization\",\"@id\":\"https:\\\/\\\/fjala.info\\\/2009-2015\\\/#organization\",\"name\":\"FjALA e LIR\u00cb - Arkivi\",\"url\":\"https:\\\/\\\/fjala.info\\\/2009-2015\\\/\",\"logo\":{\"@type\":\"ImageObject\",\"inLanguage\":\"sq-AL\",\"@id\":\"https:\\\/\\\/fjala.info\\\/2009-2015\\\/#\\\/schema\\\/logo\\\/image\\\/\",\"url\":\"\",\"contentUrl\":\"\",\"caption\":\"FjALA e LIR\u00cb - Arkivi\"},\"image\":{\"@id\":\"https:\\\/\\\/fjala.info\\\/2009-2015\\\/#\\\/schema\\\/logo\\\/image\\\/\"}},{\"@type\":\"Person\",\"@id\":\"https:\\\/\\\/fjala.info\\\/2009-2015\\\/#\\\/schema\\\/person\\\/3aa1163ef05469c496fc94e77611ada2\",\"name\":\"admin\",\"image\":{\"@type\":\"ImageObject\",\"inLanguage\":\"sq-AL\",\"@id\":\"https:\\\/\\\/fjala.info\\\/2009-2015\\\/wp-content\\\/uploads\\\/2012\\\/02\\\/arben_cokaj-120x150.jpg\",\"url\":\"https:\\\/\\\/fjala.info\\\/2009-2015\\\/wp-content\\\/uploads\\\/2012\\\/02\\\/arben_cokaj-120x150.jpg\",\"contentUrl\":\"https:\\\/\\\/fjala.info\\\/2009-2015\\\/wp-content\\\/uploads\\\/2012\\\/02\\\/arben_cokaj-120x150.jpg\",\"caption\":\"admin\"},\"description\":\"Admin, Fjala e Lir\u00eb\",\"sameAs\":[\"https:\\\/\\\/fjala.info\\\/\"],\"url\":\"https:\\\/\\\/fjala.info\\\/2009-2015\\\/author\\\/admin\\\/\"}]}<\/script>\n<!-- \/ Yoast SEO plugin. -->","yoast_head_json":{"title":"Neutraliteti tin\u00ebzar - FjALA e LIR\u00cb - Arkivi","robots":{"index":"index","follow":"follow","max-snippet":"max-snippet:-1","max-image-preview":"max-image-preview:large","max-video-preview":"max-video-preview:-1"},"canonical":"https:\/\/fjala.info\/2009-2015\/neutraliteti-tinezar\/","og_locale":"sq_AL","og_type":"article","og_title":"Neutraliteti tin\u00ebzar - FjALA e LIR\u00cb - Arkivi","og_description":"Qeveria e Kosov\u00ebs po arrin t\u00eb b\u00ebj\u00eb marr\u00ebveshje t\u00eb nj\u00ebanshme me Serbin\u00eb, e mbi pavar\u00ebsin\u00eb e vendit po hap nj\u00eb gambit t\u00eb keq, q\u00eb \u00ebsht\u00eb gjithsesi nj\u00eb neutralitet tin\u00ebzar, m\u00eb pasoja t\u00eb r\u00ebnda p\u00ebr interesin e vendit dhe t\u00eb qytetar\u00ebve shqiptar qe kan\u00eb nj\u00eb kontrat\u00eb me Kosov\u00ebn. Nga Bekim Rexhepi Nuk \u00ebsht\u00eb hera e par\u00eb [&hellip;]","og_url":"https:\/\/fjala.info\/2009-2015\/neutraliteti-tinezar\/","og_site_name":"FjALA e LIR\u00cb - Arkivi","article_published_time":"2011-12-05T08:30:13+00:00","og_image":[{"url":"http:\/\/www.shkoder.net\/images\/fjala\/bekim_rexhepi1.jpg","type":"","width":"","height":""}],"author":"admin","twitter_card":"summary_large_image","twitter_misc":{"Written by":"admin","Est. reading time":"6 minutes"},"schema":{"@context":"https:\/\/schema.org","@graph":[{"@type":"Article","@id":"https:\/\/fjala.info\/2009-2015\/neutraliteti-tinezar\/#article","isPartOf":{"@id":"https:\/\/fjala.info\/2009-2015\/neutraliteti-tinezar\/"},"author":{"name":"admin","@id":"https:\/\/fjala.info\/2009-2015\/#\/schema\/person\/3aa1163ef05469c496fc94e77611ada2"},"headline":"Neutraliteti tin\u00ebzar","datePublished":"2011-12-05T08:30:13+00:00","mainEntityOfPage":{"@id":"https:\/\/fjala.info\/2009-2015\/neutraliteti-tinezar\/"},"wordCount":1156,"commentCount":0,"publisher":{"@id":"https:\/\/fjala.info\/2009-2015\/#organization"},"image":{"@id":"https:\/\/fjala.info\/2009-2015\/neutraliteti-tinezar\/#primaryimage"},"thumbnailUrl":"http:\/\/www.shkoder.net\/images\/fjala\/bekim_rexhepi1.jpg","articleSection":["Artikuj"],"inLanguage":"sq-AL","potentialAction":[{"@type":"CommentAction","name":"Comment","target":["https:\/\/fjala.info\/2009-2015\/neutraliteti-tinezar\/#respond"]}]},{"@type":"WebPage","@id":"https:\/\/fjala.info\/2009-2015\/neutraliteti-tinezar\/","url":"https:\/\/fjala.info\/2009-2015\/neutraliteti-tinezar\/","name":"Neutraliteti tin\u00ebzar - FjALA e LIR\u00cb - Arkivi","isPartOf":{"@id":"https:\/\/fjala.info\/2009-2015\/#website"},"primaryImageOfPage":{"@id":"https:\/\/fjala.info\/2009-2015\/neutraliteti-tinezar\/#primaryimage"},"image":{"@id":"https:\/\/fjala.info\/2009-2015\/neutraliteti-tinezar\/#primaryimage"},"thumbnailUrl":"http:\/\/www.shkoder.net\/images\/fjala\/bekim_rexhepi1.jpg","datePublished":"2011-12-05T08:30:13+00:00","breadcrumb":{"@id":"https:\/\/fjala.info\/2009-2015\/neutraliteti-tinezar\/#breadcrumb"},"inLanguage":"sq-AL","potentialAction":[{"@type":"ReadAction","target":["https:\/\/fjala.info\/2009-2015\/neutraliteti-tinezar\/"]}]},{"@type":"ImageObject","inLanguage":"sq-AL","@id":"https:\/\/fjala.info\/2009-2015\/neutraliteti-tinezar\/#primaryimage","url":"http:\/\/www.shkoder.net\/images\/fjala\/bekim_rexhepi1.jpg","contentUrl":"http:\/\/www.shkoder.net\/images\/fjala\/bekim_rexhepi1.jpg"},{"@type":"BreadcrumbList","@id":"https:\/\/fjala.info\/2009-2015\/neutraliteti-tinezar\/#breadcrumb","itemListElement":[{"@type":"ListItem","position":1,"name":"Home","item":"https:\/\/fjala.info\/2009-2015\/"},{"@type":"ListItem","position":2,"name":"Neutraliteti tin\u00ebzar"}]},{"@type":"WebSite","@id":"https:\/\/fjala.info\/2009-2015\/#website","url":"https:\/\/fjala.info\/2009-2015\/","name":"FjALA e LIR\u00cb - Arkivi","description":"Arkivi 2009-2015","publisher":{"@id":"https:\/\/fjala.info\/2009-2015\/#organization"},"potentialAction":[{"@type":"SearchAction","target":{"@type":"EntryPoint","urlTemplate":"https:\/\/fjala.info\/2009-2015\/?s={search_term_string}"},"query-input":{"@type":"PropertyValueSpecification","valueRequired":true,"valueName":"search_term_string"}}],"inLanguage":"sq-AL"},{"@type":"Organization","@id":"https:\/\/fjala.info\/2009-2015\/#organization","name":"FjALA e LIR\u00cb - Arkivi","url":"https:\/\/fjala.info\/2009-2015\/","logo":{"@type":"ImageObject","inLanguage":"sq-AL","@id":"https:\/\/fjala.info\/2009-2015\/#\/schema\/logo\/image\/","url":"","contentUrl":"","caption":"FjALA e LIR\u00cb - Arkivi"},"image":{"@id":"https:\/\/fjala.info\/2009-2015\/#\/schema\/logo\/image\/"}},{"@type":"Person","@id":"https:\/\/fjala.info\/2009-2015\/#\/schema\/person\/3aa1163ef05469c496fc94e77611ada2","name":"admin","image":{"@type":"ImageObject","inLanguage":"sq-AL","@id":"https:\/\/fjala.info\/2009-2015\/wp-content\/uploads\/2012\/02\/arben_cokaj-120x150.jpg","url":"https:\/\/fjala.info\/2009-2015\/wp-content\/uploads\/2012\/02\/arben_cokaj-120x150.jpg","contentUrl":"https:\/\/fjala.info\/2009-2015\/wp-content\/uploads\/2012\/02\/arben_cokaj-120x150.jpg","caption":"admin"},"description":"Admin, Fjala e Lir\u00eb","sameAs":["https:\/\/fjala.info\/"],"url":"https:\/\/fjala.info\/2009-2015\/author\/admin\/"}]}},"_links":{"self":[{"href":"https:\/\/fjala.info\/2009-2015\/wp-json\/wp\/v2\/posts\/493","targetHints":{"allow":["GET"]}}],"collection":[{"href":"https:\/\/fjala.info\/2009-2015\/wp-json\/wp\/v2\/posts"}],"about":[{"href":"https:\/\/fjala.info\/2009-2015\/wp-json\/wp\/v2\/types\/post"}],"author":[{"embeddable":true,"href":"https:\/\/fjala.info\/2009-2015\/wp-json\/wp\/v2\/users\/1"}],"replies":[{"embeddable":true,"href":"https:\/\/fjala.info\/2009-2015\/wp-json\/wp\/v2\/comments?post=493"}],"version-history":[{"count":0,"href":"https:\/\/fjala.info\/2009-2015\/wp-json\/wp\/v2\/posts\/493\/revisions"}],"wp:attachment":[{"href":"https:\/\/fjala.info\/2009-2015\/wp-json\/wp\/v2\/media?parent=493"}],"wp:term":[{"taxonomy":"category","embeddable":true,"href":"https:\/\/fjala.info\/2009-2015\/wp-json\/wp\/v2\/categories?post=493"},{"taxonomy":"post_tag","embeddable":true,"href":"https:\/\/fjala.info\/2009-2015\/wp-json\/wp\/v2\/tags?post=493"}],"curies":[{"name":"wp","href":"https:\/\/api.w.org\/{rel}","templated":true}]}}