{"id":4914,"date":"2010-11-27T08:20:26","date_gmt":"2010-11-27T07:20:26","guid":{"rendered":"http:\/\/fjala.shkoder.net\/?p=4914"},"modified":"2010-11-27T08:20:26","modified_gmt":"2010-11-27T07:20:26","slug":"nje-veshtrim-prapa","status":"publish","type":"post","link":"https:\/\/fjala.info\/2009-2015\/nje-veshtrim-prapa\/","title":{"rendered":"Nj\u00eb v\u00ebshtrim prapa"},"content":{"rendered":"<p><img loading=\"lazy\" decoding=\"async\" src=\"http:\/\/fjala.shkoder.net\/wp-content\/uploads\/2010\/08\/besnik_mustafaj.jpg\" alt=\"\" title=\"Besnik Mustafaj\" width=\"124\" height=\"93\" class=\"alignleft size-full wp-image-3873\" \/><br \/>\nNga: <strong>BESNIK MUSTAFAJ<\/strong>, <em>26 Nentor 2010<\/em><\/p>\n<p>20 vjet do t\u00eb duhej t\u00eb ishin nj\u00eb periudh\u00eb e pap\u00ebrfillshme n\u00eb jet\u00ebn e gjat\u00eb t\u00eb nj\u00eb kombi&#8230;.<\/p>\n<p>Por, n\u00eb jet\u00ebn e Shqip\u00ebris\u00eb, 20 vjet\u00ebt e fundit sh\u00ebnojn\u00eb kap\u00ebrcimin e vendit nga izolimi i plot\u00eb, n\u00eb paraqitjen e tij si protagonist aktiv n\u00eb rajon e m\u00eb gjer\u00eb.  \u00cbsht\u00eb dashur, pra, t\u00eb kalohet nga nj\u00ebri pol n\u00eb tjetrin, gj\u00eb q\u00eb e b\u00ebn k\u00ebt\u00eb rrug\u00eb shum\u00eb m\u00eb t\u00eb gjat\u00eb nga \u00e7&#8217;premton thjesht shtrirja e saj n\u00eb hap\u00ebsir\u00ebn kohore prej dy dekadash. Duke u p\u00ebrqendruar vet\u00ebm te politika e jashtme, p\u00ebrfitoj nga ky rast p\u00ebr t\u00eb theksuar sa i v\u00ebshtir\u00eb ka qen\u00eb ky rrug\u00ebtim n\u00eb kuptimin m\u00eb t\u00eb gjer\u00eb t\u00eb k\u00ebsaj fjale. Meqen\u00ebse edhe p\u00ebrvoja ime politike n\u00eb k\u00ebto nj\u00ebzet vjet \u00ebsht\u00eb t\u00ebr\u00ebsisht n\u00eb fush\u00ebn e marr\u00ebdh\u00ebnieve nd\u00ebrkomb\u00ebtare, do ta kem m\u00eb t\u00eb leht\u00eb t\u00eb sjell ndonj\u00eb shembull, i cili me p\u00ebrmbajtjen e vet, i b\u00ebn t\u00eb tep\u00ebrta komentet.<\/p>\n<p><strong>1<\/strong><br \/>\nRr\u00ebzimi i diktatur\u00ebs, ardhja e liris\u00eb, sh\u00ebnoi rr\u00ebzimin e murit t\u00eb brendsh\u00ebm, me t\u00eb cilin Shqip\u00ebria e kishte rrethuar veten p\u00ebr t&#8217;u ndar\u00eb me t\u00eb tjer\u00ebt. Ne nuk e kishim p\u00ebrfytyruar dhe nuk mund ta p\u00ebrfytyronim nga brenda se p\u00ebr t\u00eb dal\u00eb v\u00ebrtet nga izolimi dhe p\u00ebr t\u00eb z\u00ebn\u00eb nj\u00eb vend t\u00eb respektuar n\u00eb sken\u00ebn nd\u00ebrkomb\u00ebtare, do t\u00eb na duhej t\u00eb rr\u00ebzonim edhe nj\u00eb mur tjet\u00ebr, nj\u00eb mur i jasht\u00ebm ky, i paduksh\u00ebm n\u00eb v\u00ebshtrim t\u00eb par\u00eb, q\u00eb do t\u00eb thot\u00eb se ishte posa\u00e7\u00ebrisht i v\u00ebshtir\u00eb p\u00ebr t&#8217;u shembur. Ne nuk ishim p\u00ebrgatitur fare p\u00ebr t&#8217;u ndeshur me t\u00eb. Ne u shfaq\u00ebm n\u00eb sken\u00ebn e madhe t\u00eb bot\u00ebs s\u00eb lir\u00eb mir\u00ebfilli si t\u00eb panjohur. P\u00ebr k\u00ebt\u00eb mur e kam fjal\u00ebn. <\/p>\n<p>Si mund t\u00eb nd\u00ebrtonte bota e demokracis\u00eb dhe e mir\u00ebqenies marr\u00ebdh\u00ebnie t\u00eb v\u00ebrteta partneriteti me nj\u00eb varfanjak, i cili p\u00ebr m\u00eb keq ishte edhe i panjohur? Diku n\u00eb pranver\u00eb t\u00eb vitit 1993, kur isha ambasador n\u00eb Paris tashm\u00eb, rasti e solli t\u00eb jem ulur gjat\u00eb nj\u00eb dreke pran\u00eb me nj\u00eb deputet francez. Pak jav\u00eb m\u00eb von\u00eb, ky deputet i nderuar m\u00eb telefonoi p\u00ebr t\u00eb m\u00eb ftuar n\u00eb nj\u00eb aktivitet n\u00eb zon\u00ebn e tij elektorale. Do t\u00eb ishte nj\u00eb dark\u00eb-debat rreth Shqip\u00ebris\u00eb. Shkova me k\u00ebnaq\u00ebsi. N\u00eb nj\u00eb restorant t\u00eb madh ishin mbledhur rreth nj\u00ebqind veta: gjith\u00eb elita lokale, zonja dhe zot\u00ebrinj t\u00eb shkolluar mir\u00eb, t\u00eb veshur bukur, si\u00e7 e donte rasti i mbr\u00ebmjes me nj\u00eb ambasador. <\/p>\n<p>Paraqitjen time e b\u00ebri deputeti, i cili edhe n\u00eb em\u00ebr t\u00eb t\u00eb gjith\u00eb t\u00eb ftuarve, shprehu &#8220;lumturin\u00eb e thell\u00eb p\u00ebr pranin\u00eb e p\u00ebrfaq\u00ebsuesit t\u00eb lart\u00eb t\u00eb nj\u00eb vendi mik, por fatkeq, t\u00eb cilin historia ia kishte fshehur bot\u00ebs s\u00eb lir\u00eb p\u00ebr gjysm\u00eb shekulli n\u00eb malet e Kaukazit&#8221;. Mendova se ishte nj\u00eb lapsus dhe nuk e korrigjova p\u00ebr t\u00eb mos e v\u00ebn\u00eb n\u00eb siklet para zgjedh\u00ebsve t\u00eb vet. P\u00ebr pasoj\u00eb, u detyrova gjat\u00eb mbr\u00ebmjes t&#8217;u p\u00ebrgjigjem shum\u00eb e shum\u00eb pyetjeve, q\u00eb kishin t\u00eb b\u00ebnin me Nagorni Karabakun, me Abkazin\u00eb, Osetin\u00eb, etj.<\/p>\n<p>Qysh nga ajo mbr\u00ebmje e p\u00ebr disa vjet n\u00eb vazhdim, n\u00eb qindra ligj\u00ebrata q\u00eb kam mbajtur n\u00eb Franc\u00eb n\u00eb salla t\u00eb m\u00ebdha e t\u00eb vogla, madje edhe n\u00eb universitete, n\u00eb Paris e n\u00eb provinc\u00eb, jam kujdesur t&#8217;u kujtoj t\u00eb pranishm\u00ebve se Shqip\u00ebria \u00ebsht\u00eb nj\u00eb vend i vog\u00ebl europian, n\u00eb breg t\u00eb Adriatikut, p\u00ebrball\u00eb Italis\u00eb dhe n\u00eb veri t\u00eb Greqis\u00eb. K\u00ebt\u00eb kujtes\u00eb e kam mbajtur parasysh edhe n\u00eb intervistat n\u00eb radio e televizione. Tani duket si p\u00ebr t\u00eb qeshur, por \u00ebsht\u00eb edhe psikologjikisht e lodhshme p\u00ebr nj\u00eb ambasador ta filloj\u00eb fjal\u00ebn e tij me nj\u00eb informacion gjeografik kaq bazik rreth vendit q\u00eb p\u00ebrfaq\u00ebson. Por, ishte e domosdoshme. Asnj\u00eb vend tjet\u00ebr ish-komunist nuk ka qen\u00eb i detyruar ta filloj\u00eb rrug\u00ebn e vet t\u00eb integrimit euro-atlantik n\u00eb nj\u00eb kuot\u00eb kaq t\u00eb ul\u00ebt.<\/p>\n<p><strong>2<\/strong><br \/>\nNe dol\u00ebm nga izolimi i plot\u00eb v\u00ebrtet krejt t\u00eb panjohur p\u00ebr t\u00eb tjer\u00ebt. Por, kjo nuk ishte p\u00ebr ne pengesa e vetme p\u00ebr t\u00eb marr\u00eb nj\u00eb rol aktiv n\u00eb zhvillimet nd\u00ebrkomb\u00ebtare n\u00eb rajon apo m\u00eb gjer\u00eb. Regjimi diktatorial kishte punuar me nj\u00eb makineri shum\u00eb t\u00eb fuqishme p\u00ebr t&#8217;u krijuar shqiptar\u00ebve iluzionin se vendi i tyre \u00ebsht\u00eb qendra e bot\u00ebs, gj\u00eb q\u00eb shoq\u00ebrohet, si\u00e7 dihet, me nj\u00eb delir t\u00eb madh kolektiv. Ky delir p\u00ebrb\u00ebn nj\u00eb nga kolonat m\u00eb t\u00eb sigurta, mbi t\u00eb cil\u00ebn mb\u00ebshtetet regjimi diktatorial. Me shembjen e diktatur\u00ebs shfryhet edhe balona i k\u00ebtij deliri. Vendin e delirit e z\u00eb nj\u00eb munges\u00eb e thell\u00eb e besimit n\u00eb vete, do t\u00eb thosha nj\u00eb n\u00ebnvleft\u00ebsim kolektiv i vetes. <\/p>\n<p>Par\u00eb vet\u00ebm n\u00eb aspektin e nevojave q\u00eb ka politika e jashtme p\u00ebr t&#8217;u mb\u00ebshtetur dhe inkurajuar nga opinioni i brendsh\u00ebm publik, do pranuar edhe me qet\u00ebsin\u00eb q\u00eb jep retrospektiva se n\u00ebnvleft\u00ebsimi q\u00eb kishin shqiptar\u00ebt p\u00ebr veten n\u00eb raport me t\u00eb tjer\u00ebt gjat\u00eb shum\u00eb viteve t\u00eb para t\u00eb tranzicionit, ishte nj\u00eb presion real dhe me pasoja t\u00eb d\u00ebmshme mbi politik\u00ebn e jashtme.  N\u00ebn presionin e nj\u00eb opinioni t\u00eb demoralizuar, diplomacia detyrimisht  q\u00eb do t\u00eb shtyhej drejt nj\u00eb sjelljeje konvulsive, n\u00eb mos pasive dhe inferiore.<\/p>\n<p>Bie fjala: Shqip\u00ebria b\u00ebri demarshet formale p\u00ebr t&#8217;u an\u00ebtar\u00ebsuar n\u00eb Konferenc\u00ebn Islamike, n\u00eb fundin e vjesht\u00ebs 1991. Qeveria demokrate, q\u00eb erdhi n\u00eb pushtet pak muaj m\u00eb pas, p\u00ebrcaktoi si nj\u00eb nga objektivat e veta q\u00eb t\u00eb aktivizohej sadopak edhe brenda k\u00ebsaj organizate. Kjo gj\u00eb shkaktoi nj\u00eb trazim t\u00eb madh n\u00eb Tiran\u00eb. U zhvillua nj\u00eb debat i gjat\u00eb publik, n\u00eb t\u00eb cilin u p\u00ebrfshin\u00eb elitat politike dhe intelektuale. Duke i besuar sot si t\u00eb sinqerta, ato qindra shkrime, intervista, deklarata t\u00eb asaj periudhe, kan\u00eb nj\u00eb cil\u00ebsi thelb\u00ebsore t\u00eb p\u00ebrbashk\u00ebt: elitat shqiptare, qofshin ato intelektuale apo politike, nuk kishin besim se diplomacia shqiptare do t\u00eb ishte n\u00eb gjendje t\u00eb fliste n\u00eb tryez\u00ebn e madhe t\u00eb Konferenc\u00ebs Islamike me z\u00ebrin e vet. <\/p>\n<p>N\u00eb t\u00eb v\u00ebrtet\u00eb, mosbesimin q\u00eb elitat shqiptare kishin n\u00eb veten e vet, e transferonin n\u00eb k\u00ebt\u00eb rast tek zbatuesit e politik\u00ebs s\u00eb jashtme t\u00eb shtetit. Dhe fakt \u00ebsht\u00eb se qeveria e asaj kohe, p\u00ebr m\u00eb shum\u00eb se kat\u00ebr vjet, nuk arriti t\u00eb merrte as guximin p\u00ebr ta sjell\u00eb n\u00eb Parlament aktin e an\u00ebtar\u00ebsimit t\u00eb Shqip\u00ebris\u00eb n\u00eb Konferenc\u00ebn Islamike, n\u00eb m\u00ebnyr\u00eb q\u00eb ky akt diplomatik me kuptim p\u00ebr hapjen e Shqip\u00ebris\u00eb pa paragjykime edhe t\u00eb ratifikohej, si\u00e7 e k\u00ebrkon Kushtetuta e vendit. <\/p>\n<p>Un\u00eb vet\u00eb asokohe, n\u00eb nj\u00eb takim me Presidentin Miteran, gjeta mund\u00ebsin\u00eb t&#8217;ia drejtoja at\u00eb pyetje q\u00eb shtrohej gjer\u00ebsisht n\u00eb Tiran\u00eb e ndaj t\u00eb cil\u00ebs edhe un\u00eb vet\u00eb kisha sigurisht ndjeshm\u00ebrin\u00eb time. A do t\u00eb p\u00ebrb\u00ebnte an\u00ebtar\u00ebsimi n\u00eb Konferenc\u00ebn Islamike, penges\u00eb p\u00ebr integrimin e Shqip\u00ebris\u00eb n\u00eb Bashkimin Europian? Presidenti Miteran k\u00ebrkoi t\u00eb dinte vet\u00ebm se me \u00e7far\u00eb kushtesh kishim hyr\u00eb ne n\u00eb k\u00ebt\u00eb organizat\u00eb. Dhe kur un\u00eb i shpjegova se kushti i pakap\u00ebrcyesh\u00ebm ishte respektimi i Kushtetut\u00ebs ton\u00eb, ku sanksionohet se shteti shqiptar \u00ebsht\u00eb laik dhe nuk ka asnj\u00eb fe zyrtare, ai mu p\u00ebrgjigj fare thjesht. <\/p>\n<p>M\u00eb tha se ishte mir\u00ebfilli n\u00eb interesin e Europ\u00ebs, q\u00eb sa m\u00eb shum\u00eb vende si yni t\u00eb kishin z\u00eb n\u00eb gjirin e k\u00ebsaj organizate, si nj\u00eb mund\u00ebsi p\u00ebr t&#8217;u shprehur aty nga brenda jo vet\u00ebm filozofia europiane, por edhe vullneti i Europ\u00ebs p\u00ebr t\u00eb bashk\u00ebpunuar me vendet myslimane, n\u00eb em\u00ebr t\u00eb paqes e t\u00eb prosperitetit t\u00eb p\u00ebrbashk\u00ebt. &#8220;Kjo do t\u00eb jet\u00eb nj\u00eb vler\u00eb e shtuar p\u00ebr ju kur t\u00eb vini n\u00eb Bashkimin Europian, e t\u00eb b\u00ebheni pjes\u00eb e politik\u00ebs s\u00eb jashtme t\u00eb p\u00ebrbashk\u00ebt europiane&#8221;, m\u00eb tha Presidenti Miteran.<\/p>\n<p>Edhe shum\u00eb nga miqt\u00eb e mi, burra e gra t\u00eb ditur, \u00e7uditeshin kur ua tregoja k\u00ebt\u00eb bised\u00eb dhe thell\u00eb-thell\u00eb dyshonin q\u00eb Presidenti Miteran, dometh\u00ebn\u00eb Presidenti i Franc\u00ebs, t\u00eb besonte seriozisht q\u00eb Shqip\u00ebria mund t\u00eb luante nj\u00eb rol sado t\u00eb vog\u00ebl nd\u00ebrkomb\u00ebtar.<\/p>\n<p>3<br \/>\nMe t\u00eb drejt\u00eb, p\u00ebr m\u00eb shum\u00eb se 15 vjet, cil\u00ebsia e kontributit t\u00eb Shqip\u00ebris\u00eb si lojtar konstruktiv n\u00eb rajon \u00ebsht\u00eb p\u00ebrcaktuar kryesisht nga q\u00ebndrimi i saj ndaj zhvillimeve n\u00eb Kosov\u00eb. Statusi i veteranit q\u00eb kam sot p\u00ebrkitazi me politik\u00ebn dhe diplomacin\u00eb, m\u00eb lejon ta shtroj pa doreza pyetjen: P\u00ebr \u00e7far\u00eb meritash jan\u00eb lavd\u00ebruar nga komuniteti nd\u00ebrkomb\u00ebtar qeverit\u00eb shqiptare t\u00eb periudh\u00ebs 1991-1999, kur ka qen\u00eb fjala p\u00ebr Kosov\u00ebn? Nuk po jap nj\u00eb p\u00ebrgjigje analitike, por po tregoj p\u00ebrs\u00ebri nj\u00eb episod nga p\u00ebrvoja ime.<\/p>\n<p>Ishin fillimet e luft\u00ebs n\u00eb Bosnj\u00eb. Asokohe erdhi p\u00ebr vizit\u00eb n\u00eb Paris, sekretari i P\u00ebrgjithsh\u00ebm i OKB-s\u00eb, Boutros-Boutros Gali. Un\u00eb pata nderin t\u00eb jem n\u00eb nj\u00eb dark\u00eb relativisht t\u00eb ngusht\u00eb me t\u00eb. Nuk ishim m\u00eb shum\u00eb se 50 t\u00eb ftuar. Mu dha edhe mua fjala. Pes\u00eb minutat q\u00eb un\u00eb kisha n\u00eb dispozicion i p\u00ebrdora p\u00ebr t&#8217;i paraqitur gjendjen n\u00eb Kosov\u00eb. <\/p>\n<p>Me sa duket, p\u00ebrshkrimi im dramatik nuk i p\u00eblqeu sekretarit t\u00eb P\u00ebrgjithsh\u00ebm t\u00eb OKB-s\u00eb. Dhe sidomos nuk i p\u00eblqeu prognoza ime p\u00ebr q\u00ebndrimin e Shqip\u00ebris\u00eb, n\u00eb qoft\u00eb se ky konflikt na vinte n\u00eb kufi, si\u00e7 edhe erdhi. P\u00ebrve\u00e7 argumenteve historik\u00eb dhe etnik\u00eb, p\u00ebrmenda edhe argumentin gjeografik: vazhdim\u00ebsin\u00eb e territoreve t\u00eb banuara nga shqiptar\u00ebt n\u00eb t\u00eb dy an\u00ebt e kufirit. N\u00eb vend t\u00eb nj\u00eb shk\u00ebmbimi pik\u00ebpamjesh, si\u00e7 e donte nderi i mjedisit ku gjendeshim, un\u00eb mora nga zoti Boutros-Boutros Gali nj\u00eb k\u00ebrc\u00ebnim t\u00eb past\u00ebr. <\/p>\n<p>N\u00eb qoft\u00eb se edhe nj\u00eb qytetar i vet\u00ebm shqiptar kap\u00ebrcen kufirin p\u00ebr t&#8217;u p\u00ebrzier n\u00eb ngjarjet  q\u00eb ndodhin apo mund t\u00eb ndodhin n\u00eb Kosov\u00eb, ne do e nd\u00ebshkojm\u00eb Shqip\u00ebrin\u00eb si vend agresor. Kaq m\u00eb tha sekretari i P\u00ebrgjithsh\u00ebm i Kombeve t\u00eb Bashkuara. &#8220;\u00c7far\u00eb duhet t\u00eb b\u00ebjm\u00eb ne p\u00ebr ta ndihmuar zgjidhjen e problemeve q\u00eb ekzistojn\u00eb n\u00eb Kosov\u00eb?&#8221;, e pyeta un\u00eb p\u00ebr her\u00eb t\u00eb fundit. &#8220;Ju duhet t\u00eb rrini urt\u00eb dhe t&#8217;i inkurajoni edhe shqiptar\u00ebt e Kosov\u00ebs t\u00eb rrin\u00eb urt\u00eb&#8221;, mu p\u00ebrgjigj ai.<\/p>\n<p>Kurr\u00eb nuk e kam harruar shijen e keqe t\u00eb k\u00ebsaj &#8220;k\u00ebshille&#8221;. Megjithat\u00eb, fakt \u00ebsht\u00eb se politika shqiptare n\u00eb ato n\u00ebnt\u00eb vjet, e majt\u00eb apo e djatht\u00eb, u kujdes shum\u00eb t\u00eb tregohej sa m\u00eb e urt\u00eb. Ne u b\u00ebm\u00eb k\u00ebshtu konstruktiv\u00eb n\u00eb rajon, thjesht me mosveprimin ton\u00eb. Edhe kjo m\u00ebnyr\u00eb p\u00ebr t\u00eb fituar respekt n\u00eb komunitetin nd\u00ebrkomb\u00ebtar me mosveprimin ishte nj\u00eb m\u00ebsim, q\u00eb ne nuk do t\u00eb kishim mundur kurr\u00eb ta imagjinonim n\u00eb kushtet e izolimit.<\/p>\n<p><strong>4<\/strong><br \/>\nNd\u00ebr shum\u00eb e shum\u00eb aspekte q\u00eb ndihmojn\u00eb t\u00eb kuptohet sot se sa e v\u00ebshtir\u00eb ka qen\u00eb p\u00ebr Shqip\u00ebrin\u00eb rruga p\u00ebr t\u00eb marr\u00eb nj\u00eb rol aktiv n\u00eb marr\u00ebdh\u00ebniet nd\u00ebrkomb\u00ebtare, po ve\u00e7oj edhe nj\u00eb t\u00eb fundit.<\/p>\n<p>Takimin e par\u00eb n\u00eb cil\u00ebsin\u00eb e ministrit t\u00eb Jasht\u00ebm, un\u00eb e organizova me homologun tim serb. Ishte mesi i shtatorit 2005 dhe ne do t\u00eb takoheshim n\u00eb Nju Jork, gjat\u00eb punimeve t\u00eb Asambles\u00eb s\u00eb P\u00ebrgjithshme t\u00eb Kombeve t\u00eb Bashkuara. Kuptohet se tem\u00eb kryesore do t\u00eb ishte Kosova. Ambasadori Kai Aide nuk e kishte dor\u00ebzuar ende raportin e vet, ku do t\u00eb shprehej n\u00ebse ishin pjekur apo jo kushtet p\u00ebr \u00e7eljen e  bisedimeve p\u00ebr statusin final t\u00eb Kosov\u00ebs. Gjithsesi, disa sinjale pozitive kishin arritur jo vet\u00ebm deri te mjediset diplomatike, por edhe te mediat.<\/p>\n<p>Shkurtimisht, un\u00eb i propozova homologut tim serb q\u00eb as Tirana dhe as Beogradi t\u00eb mos p\u00ebrziheshin n\u00eb ato bisedime t\u00eb pritshme. Bisedimet, ashtu si vendimi p\u00ebr t\u00eb ardhmen e Kosov\u00ebs, u takonin t\u00ebr\u00ebsisht vet\u00ebm aktor\u00ebve t\u00eb drejtp\u00ebrdrejt\u00eb t\u00eb k\u00ebsaj historie, e q\u00eb ishin shumica shqiptare dhe pakica serbe e Kosov\u00ebs, si dhe komuniteti nd\u00ebrkomb\u00ebtar si monitorues i domosdosh\u00ebm. <\/p>\n<p>Arsyetimi im ishte se qeveria shqiptare dhe qeveria serbe do e trajtonin detyrimisht problemin me p\u00ebrkujdesjen  p\u00ebr t&#8217;u p\u00eblqyer m\u00eb shum\u00eb nga opinioni publik n\u00eb Tiran\u00eb e n\u00eb Beograd, sesa p\u00ebr t\u00eb k\u00ebrkuar me ndershm\u00ebri nj\u00eb zgjidhje t\u00eb drejt\u00eb, t\u00eb p\u00ebrshtatshme e t\u00eb q\u00ebndrueshme p\u00ebr t\u00eb ardhmen e Kosov\u00ebs. Par\u00eb n\u00eb logjik\u00ebn e ftoht\u00eb t\u00eb s\u00eb drejt\u00ebs nd\u00ebrkomb\u00ebtare, \u00e7\u00ebshtja e Kosov\u00ebs ishte nj\u00eb zhvillim n\u00eb politik\u00ebn e jashtme p\u00ebr Shqip\u00ebrin\u00eb. De facto, ky ishte po ashtu nj\u00eb problem jasht\u00eb juridiksionit shtet\u00ebror t\u00eb Serbis\u00eb, qysh  nga vera e vitit 1999.<\/p>\n<p>Kolegu im serb, sigurisht q\u00eb nuk e pranoi simetrin\u00eb q\u00eb nd\u00ebrtova un\u00eb dhe nuk do t\u00eb hyj n\u00eb holl\u00ebsira. Ajo q\u00eb meriton t\u00eb p\u00ebrmendet n\u00eb kontekstin e k\u00ebsaj analize, \u00ebsht\u00eb njoftimi i shtypit q\u00eb shp\u00ebrndau zyra e kolegut serb pas takimit. Aty reflektohej nj\u00eb tension, i cili realisht nuk kishte ekzistuar gjat\u00eb bised\u00ebs ton\u00eb. Ministri i Jasht\u00ebm serb mir\u00ebfilli kishte pasur merakun t\u00eb p\u00eblqehej n\u00eb opinionin e vet publik. Un\u00eb nga ana ime u detyrova n\u00eb vazhdim t\u00eb p\u00ebrballem me opinionin publik k\u00ebtu kur, n\u00eb respekt t\u00eb bindjeve t\u00eb mia se diplomacia e v\u00ebrtet\u00eb ka p\u00ebr detyr\u00eb t\u00eb synoj\u00eb maksimumin e t\u00eb mundshmes, fola p\u00ebr pavar\u00ebsin\u00eb e kusht\u00ebzuar si formula m\u00eb e arritshme p\u00ebr statusin e pritsh\u00ebm t\u00eb Kosov\u00ebs.<\/p>\n<p>E solla k\u00ebt\u00eb shembull vet\u00ebm p\u00ebr t\u00eb treguar se pik\u00ebrisht n\u00eb \u00e7\u00ebshtjen e Kosov\u00ebs, ku Shqip\u00ebris\u00eb i jepej kryesisht mund\u00ebsia t\u00eb b\u00ebhej faktor rajonal, politika e jashtme ishte m\u00eb shum\u00eb se n\u00eb \u00e7do fush\u00eb tjet\u00ebr peng i emocionit t\u00eb opinionit t\u00eb brendsh\u00ebm publik. Nevojitej nj\u00eb kthjellt\u00ebsi dhe kurajo e madhe nga politik\u00ebb\u00ebr\u00ebsit p\u00ebr ta kap\u00ebrcyer reagimin e fort\u00eb emocional t\u00eb k\u00ebtij opinioni, i cili,  edhe pse ka shpjegimet e veta n\u00eb logjik\u00ebn historike, nuk ka p\u00ebrputhje pozitive me nevojat logjike t\u00eb aktualitetit. <\/p>\n<p>\u00cbsht\u00eb nj\u00eb emocion i \u00e7astit, kuptohet, dhe si emocion i \u00e7astit p\u00ebrmban natyrsh\u00ebm drit\u00ebshkurt\u00ebsi, por kjo nuk e zbut furin\u00eb godit\u00ebse t\u00eb dallg\u00ebs s\u00eb tij. Hartuesit dhe drejtuesit e politik\u00ebs s\u00eb jashtme kishin nevoj\u00eb p\u00ebr nj\u00eb largpam\u00ebsi t\u00eb v\u00ebrtet\u00eb dhe bindje t\u00eb rr\u00ebnjosura n\u00eb drejt\u00ebsin\u00eb e vendimeve t\u00eb veta, p\u00ebrndryshe do t\u00eb thyheshin n\u00ebn furin\u00eb e asaj dallge. <\/p>\n<p>Nd\u00ebr gj\u00ebrat q\u00eb kam ruajtur me nj\u00eb kureshtje t\u00eb ve\u00e7ant\u00eb n\u00eb arkivin tim personal, jan\u00eb gjuajtjet me mbushje t\u00eb plot\u00eb q\u00eb m\u00eb erdh\u00ebn gjat\u00eb asaj periudhe nga t\u00eb gjitha an\u00ebt. Patriot\u00eb t\u00eb shumt\u00eb zem\u00ebrdjegur n\u00eb Tiran\u00eb, n\u00eb Prishtin\u00eb e n\u00eb diaspor\u00eb, n\u00eb Parlament, n\u00eb konferenca shtypi, n\u00eb debate televizive, n\u00eb forume interneti, gjithandej e zgjidh\u00ebn gjuh\u00ebn. Por fundi doli i mir\u00eb, si\u00e7 dihet, dhe kjo ka r\u00ebnd\u00ebsi n\u00eb fjal\u00eb t\u00eb mbrame.<\/p>\n","protected":false},"excerpt":{"rendered":"<p>Nga: BESNIK MUSTAFAJ, 26 Nentor 2010 20 vjet do t\u00eb duhej t\u00eb ishin nj\u00eb periudh\u00eb e pap\u00ebrfillshme n\u00eb jet\u00ebn e gjat\u00eb t\u00eb nj\u00eb kombi&#8230;. Por, n\u00eb jet\u00ebn e Shqip\u00ebris\u00eb, 20 vjet\u00ebt e fundit sh\u00ebnojn\u00eb kap\u00ebrcimin e vendit nga izolimi i plot\u00eb, n\u00eb paraqitjen e tij si protagonist aktiv n\u00eb rajon e m\u00eb gjer\u00eb. \u00cbsht\u00eb dashur, [&hellip;]<\/p>\n","protected":false},"author":1,"featured_media":0,"comment_status":"open","ping_status":"closed","sticky":false,"template":"","format":"standard","meta":{"footnotes":""},"categories":[2],"tags":[],"class_list":{"0":"post-4914","1":"post","2":"type-post","3":"status-publish","4":"format-standard","6":"category-artikuj"},"yoast_head":"<!-- This site is optimized with the Yoast SEO plugin v27.4 - https:\/\/yoast.com\/product\/yoast-seo-wordpress\/ -->\n<title>Nj\u00eb v\u00ebshtrim prapa - FjALA e LIR\u00cb - Arkivi<\/title>\n<meta name=\"robots\" content=\"index, follow, max-snippet:-1, max-image-preview:large, max-video-preview:-1\" \/>\n<link rel=\"canonical\" href=\"https:\/\/fjala.info\/2009-2015\/nje-veshtrim-prapa\/\" \/>\n<meta property=\"og:locale\" content=\"sq_AL\" \/>\n<meta property=\"og:type\" content=\"article\" \/>\n<meta property=\"og:title\" content=\"Nj\u00eb v\u00ebshtrim prapa - FjALA e LIR\u00cb - Arkivi\" \/>\n<meta property=\"og:description\" content=\"Nga: BESNIK MUSTAFAJ, 26 Nentor 2010 20 vjet do t\u00eb duhej t\u00eb ishin nj\u00eb periudh\u00eb e pap\u00ebrfillshme n\u00eb jet\u00ebn e gjat\u00eb t\u00eb nj\u00eb kombi&#8230;. Por, n\u00eb jet\u00ebn e Shqip\u00ebris\u00eb, 20 vjet\u00ebt e fundit sh\u00ebnojn\u00eb kap\u00ebrcimin e vendit nga izolimi i plot\u00eb, n\u00eb paraqitjen e tij si protagonist aktiv n\u00eb rajon e m\u00eb gjer\u00eb. \u00cbsht\u00eb dashur, [&hellip;]\" \/>\n<meta property=\"og:url\" content=\"https:\/\/fjala.info\/2009-2015\/nje-veshtrim-prapa\/\" \/>\n<meta property=\"og:site_name\" content=\"FjALA e LIR\u00cb - Arkivi\" \/>\n<meta property=\"article:published_time\" content=\"2010-11-27T07:20:26+00:00\" \/>\n<meta property=\"og:image\" content=\"http:\/\/fjala.shkoder.net\/wp-content\/uploads\/2010\/08\/besnik_mustafaj.jpg\" \/>\n<meta name=\"author\" content=\"admin\" \/>\n<meta name=\"twitter:card\" content=\"summary_large_image\" \/>\n<meta name=\"twitter:label1\" content=\"Written by\" \/>\n\t<meta name=\"twitter:data1\" content=\"admin\" \/>\n\t<meta name=\"twitter:label2\" content=\"Est. reading time\" \/>\n\t<meta name=\"twitter:data2\" content=\"13 minutes\" \/>\n<script type=\"application\/ld+json\" class=\"yoast-schema-graph\">{\"@context\":\"https:\\\/\\\/schema.org\",\"@graph\":[{\"@type\":\"Article\",\"@id\":\"https:\\\/\\\/fjala.info\\\/2009-2015\\\/nje-veshtrim-prapa\\\/#article\",\"isPartOf\":{\"@id\":\"https:\\\/\\\/fjala.info\\\/2009-2015\\\/nje-veshtrim-prapa\\\/\"},\"author\":{\"name\":\"admin\",\"@id\":\"https:\\\/\\\/fjala.info\\\/2009-2015\\\/#\\\/schema\\\/person\\\/3aa1163ef05469c496fc94e77611ada2\"},\"headline\":\"Nj\u00eb v\u00ebshtrim prapa\",\"datePublished\":\"2010-11-27T07:20:26+00:00\",\"mainEntityOfPage\":{\"@id\":\"https:\\\/\\\/fjala.info\\\/2009-2015\\\/nje-veshtrim-prapa\\\/\"},\"wordCount\":2622,\"commentCount\":0,\"publisher\":{\"@id\":\"https:\\\/\\\/fjala.info\\\/2009-2015\\\/#organization\"},\"image\":{\"@id\":\"https:\\\/\\\/fjala.info\\\/2009-2015\\\/nje-veshtrim-prapa\\\/#primaryimage\"},\"thumbnailUrl\":\"http:\\\/\\\/fjala.shkoder.net\\\/wp-content\\\/uploads\\\/2010\\\/08\\\/besnik_mustafaj.jpg\",\"articleSection\":[\"Artikuj\"],\"inLanguage\":\"sq-AL\",\"potentialAction\":[{\"@type\":\"CommentAction\",\"name\":\"Comment\",\"target\":[\"https:\\\/\\\/fjala.info\\\/2009-2015\\\/nje-veshtrim-prapa\\\/#respond\"]}]},{\"@type\":\"WebPage\",\"@id\":\"https:\\\/\\\/fjala.info\\\/2009-2015\\\/nje-veshtrim-prapa\\\/\",\"url\":\"https:\\\/\\\/fjala.info\\\/2009-2015\\\/nje-veshtrim-prapa\\\/\",\"name\":\"Nj\u00eb v\u00ebshtrim prapa - FjALA e LIR\u00cb - Arkivi\",\"isPartOf\":{\"@id\":\"https:\\\/\\\/fjala.info\\\/2009-2015\\\/#website\"},\"primaryImageOfPage\":{\"@id\":\"https:\\\/\\\/fjala.info\\\/2009-2015\\\/nje-veshtrim-prapa\\\/#primaryimage\"},\"image\":{\"@id\":\"https:\\\/\\\/fjala.info\\\/2009-2015\\\/nje-veshtrim-prapa\\\/#primaryimage\"},\"thumbnailUrl\":\"http:\\\/\\\/fjala.shkoder.net\\\/wp-content\\\/uploads\\\/2010\\\/08\\\/besnik_mustafaj.jpg\",\"datePublished\":\"2010-11-27T07:20:26+00:00\",\"breadcrumb\":{\"@id\":\"https:\\\/\\\/fjala.info\\\/2009-2015\\\/nje-veshtrim-prapa\\\/#breadcrumb\"},\"inLanguage\":\"sq-AL\",\"potentialAction\":[{\"@type\":\"ReadAction\",\"target\":[\"https:\\\/\\\/fjala.info\\\/2009-2015\\\/nje-veshtrim-prapa\\\/\"]}]},{\"@type\":\"ImageObject\",\"inLanguage\":\"sq-AL\",\"@id\":\"https:\\\/\\\/fjala.info\\\/2009-2015\\\/nje-veshtrim-prapa\\\/#primaryimage\",\"url\":\"http:\\\/\\\/fjala.shkoder.net\\\/wp-content\\\/uploads\\\/2010\\\/08\\\/besnik_mustafaj.jpg\",\"contentUrl\":\"http:\\\/\\\/fjala.shkoder.net\\\/wp-content\\\/uploads\\\/2010\\\/08\\\/besnik_mustafaj.jpg\"},{\"@type\":\"BreadcrumbList\",\"@id\":\"https:\\\/\\\/fjala.info\\\/2009-2015\\\/nje-veshtrim-prapa\\\/#breadcrumb\",\"itemListElement\":[{\"@type\":\"ListItem\",\"position\":1,\"name\":\"Home\",\"item\":\"https:\\\/\\\/fjala.info\\\/2009-2015\\\/\"},{\"@type\":\"ListItem\",\"position\":2,\"name\":\"Nj\u00eb v\u00ebshtrim prapa\"}]},{\"@type\":\"WebSite\",\"@id\":\"https:\\\/\\\/fjala.info\\\/2009-2015\\\/#website\",\"url\":\"https:\\\/\\\/fjala.info\\\/2009-2015\\\/\",\"name\":\"FjALA e LIR\u00cb - Arkivi\",\"description\":\"Arkivi 2009-2015\",\"publisher\":{\"@id\":\"https:\\\/\\\/fjala.info\\\/2009-2015\\\/#organization\"},\"potentialAction\":[{\"@type\":\"SearchAction\",\"target\":{\"@type\":\"EntryPoint\",\"urlTemplate\":\"https:\\\/\\\/fjala.info\\\/2009-2015\\\/?s={search_term_string}\"},\"query-input\":{\"@type\":\"PropertyValueSpecification\",\"valueRequired\":true,\"valueName\":\"search_term_string\"}}],\"inLanguage\":\"sq-AL\"},{\"@type\":\"Organization\",\"@id\":\"https:\\\/\\\/fjala.info\\\/2009-2015\\\/#organization\",\"name\":\"FjALA e LIR\u00cb - Arkivi\",\"url\":\"https:\\\/\\\/fjala.info\\\/2009-2015\\\/\",\"logo\":{\"@type\":\"ImageObject\",\"inLanguage\":\"sq-AL\",\"@id\":\"https:\\\/\\\/fjala.info\\\/2009-2015\\\/#\\\/schema\\\/logo\\\/image\\\/\",\"url\":\"\",\"contentUrl\":\"\",\"caption\":\"FjALA e LIR\u00cb - Arkivi\"},\"image\":{\"@id\":\"https:\\\/\\\/fjala.info\\\/2009-2015\\\/#\\\/schema\\\/logo\\\/image\\\/\"}},{\"@type\":\"Person\",\"@id\":\"https:\\\/\\\/fjala.info\\\/2009-2015\\\/#\\\/schema\\\/person\\\/3aa1163ef05469c496fc94e77611ada2\",\"name\":\"admin\",\"image\":{\"@type\":\"ImageObject\",\"inLanguage\":\"sq-AL\",\"@id\":\"https:\\\/\\\/fjala.info\\\/2009-2015\\\/wp-content\\\/uploads\\\/2012\\\/02\\\/arben_cokaj-120x150.jpg\",\"url\":\"https:\\\/\\\/fjala.info\\\/2009-2015\\\/wp-content\\\/uploads\\\/2012\\\/02\\\/arben_cokaj-120x150.jpg\",\"contentUrl\":\"https:\\\/\\\/fjala.info\\\/2009-2015\\\/wp-content\\\/uploads\\\/2012\\\/02\\\/arben_cokaj-120x150.jpg\",\"caption\":\"admin\"},\"description\":\"Admin, Fjala e Lir\u00eb\",\"sameAs\":[\"https:\\\/\\\/fjala.info\\\/\"],\"url\":\"https:\\\/\\\/fjala.info\\\/2009-2015\\\/author\\\/admin\\\/\"}]}<\/script>\n<!-- \/ Yoast SEO plugin. -->","yoast_head_json":{"title":"Nj\u00eb v\u00ebshtrim prapa - FjALA e LIR\u00cb - Arkivi","robots":{"index":"index","follow":"follow","max-snippet":"max-snippet:-1","max-image-preview":"max-image-preview:large","max-video-preview":"max-video-preview:-1"},"canonical":"https:\/\/fjala.info\/2009-2015\/nje-veshtrim-prapa\/","og_locale":"sq_AL","og_type":"article","og_title":"Nj\u00eb v\u00ebshtrim prapa - FjALA e LIR\u00cb - Arkivi","og_description":"Nga: BESNIK MUSTAFAJ, 26 Nentor 2010 20 vjet do t\u00eb duhej t\u00eb ishin nj\u00eb periudh\u00eb e pap\u00ebrfillshme n\u00eb jet\u00ebn e gjat\u00eb t\u00eb nj\u00eb kombi&#8230;. Por, n\u00eb jet\u00ebn e Shqip\u00ebris\u00eb, 20 vjet\u00ebt e fundit sh\u00ebnojn\u00eb kap\u00ebrcimin e vendit nga izolimi i plot\u00eb, n\u00eb paraqitjen e tij si protagonist aktiv n\u00eb rajon e m\u00eb gjer\u00eb. \u00cbsht\u00eb dashur, [&hellip;]","og_url":"https:\/\/fjala.info\/2009-2015\/nje-veshtrim-prapa\/","og_site_name":"FjALA e LIR\u00cb - Arkivi","article_published_time":"2010-11-27T07:20:26+00:00","og_image":[{"url":"http:\/\/fjala.shkoder.net\/wp-content\/uploads\/2010\/08\/besnik_mustafaj.jpg","type":"","width":"","height":""}],"author":"admin","twitter_card":"summary_large_image","twitter_misc":{"Written by":"admin","Est. reading time":"13 minutes"},"schema":{"@context":"https:\/\/schema.org","@graph":[{"@type":"Article","@id":"https:\/\/fjala.info\/2009-2015\/nje-veshtrim-prapa\/#article","isPartOf":{"@id":"https:\/\/fjala.info\/2009-2015\/nje-veshtrim-prapa\/"},"author":{"name":"admin","@id":"https:\/\/fjala.info\/2009-2015\/#\/schema\/person\/3aa1163ef05469c496fc94e77611ada2"},"headline":"Nj\u00eb v\u00ebshtrim prapa","datePublished":"2010-11-27T07:20:26+00:00","mainEntityOfPage":{"@id":"https:\/\/fjala.info\/2009-2015\/nje-veshtrim-prapa\/"},"wordCount":2622,"commentCount":0,"publisher":{"@id":"https:\/\/fjala.info\/2009-2015\/#organization"},"image":{"@id":"https:\/\/fjala.info\/2009-2015\/nje-veshtrim-prapa\/#primaryimage"},"thumbnailUrl":"http:\/\/fjala.shkoder.net\/wp-content\/uploads\/2010\/08\/besnik_mustafaj.jpg","articleSection":["Artikuj"],"inLanguage":"sq-AL","potentialAction":[{"@type":"CommentAction","name":"Comment","target":["https:\/\/fjala.info\/2009-2015\/nje-veshtrim-prapa\/#respond"]}]},{"@type":"WebPage","@id":"https:\/\/fjala.info\/2009-2015\/nje-veshtrim-prapa\/","url":"https:\/\/fjala.info\/2009-2015\/nje-veshtrim-prapa\/","name":"Nj\u00eb v\u00ebshtrim prapa - FjALA e LIR\u00cb - Arkivi","isPartOf":{"@id":"https:\/\/fjala.info\/2009-2015\/#website"},"primaryImageOfPage":{"@id":"https:\/\/fjala.info\/2009-2015\/nje-veshtrim-prapa\/#primaryimage"},"image":{"@id":"https:\/\/fjala.info\/2009-2015\/nje-veshtrim-prapa\/#primaryimage"},"thumbnailUrl":"http:\/\/fjala.shkoder.net\/wp-content\/uploads\/2010\/08\/besnik_mustafaj.jpg","datePublished":"2010-11-27T07:20:26+00:00","breadcrumb":{"@id":"https:\/\/fjala.info\/2009-2015\/nje-veshtrim-prapa\/#breadcrumb"},"inLanguage":"sq-AL","potentialAction":[{"@type":"ReadAction","target":["https:\/\/fjala.info\/2009-2015\/nje-veshtrim-prapa\/"]}]},{"@type":"ImageObject","inLanguage":"sq-AL","@id":"https:\/\/fjala.info\/2009-2015\/nje-veshtrim-prapa\/#primaryimage","url":"http:\/\/fjala.shkoder.net\/wp-content\/uploads\/2010\/08\/besnik_mustafaj.jpg","contentUrl":"http:\/\/fjala.shkoder.net\/wp-content\/uploads\/2010\/08\/besnik_mustafaj.jpg"},{"@type":"BreadcrumbList","@id":"https:\/\/fjala.info\/2009-2015\/nje-veshtrim-prapa\/#breadcrumb","itemListElement":[{"@type":"ListItem","position":1,"name":"Home","item":"https:\/\/fjala.info\/2009-2015\/"},{"@type":"ListItem","position":2,"name":"Nj\u00eb v\u00ebshtrim prapa"}]},{"@type":"WebSite","@id":"https:\/\/fjala.info\/2009-2015\/#website","url":"https:\/\/fjala.info\/2009-2015\/","name":"FjALA e LIR\u00cb - Arkivi","description":"Arkivi 2009-2015","publisher":{"@id":"https:\/\/fjala.info\/2009-2015\/#organization"},"potentialAction":[{"@type":"SearchAction","target":{"@type":"EntryPoint","urlTemplate":"https:\/\/fjala.info\/2009-2015\/?s={search_term_string}"},"query-input":{"@type":"PropertyValueSpecification","valueRequired":true,"valueName":"search_term_string"}}],"inLanguage":"sq-AL"},{"@type":"Organization","@id":"https:\/\/fjala.info\/2009-2015\/#organization","name":"FjALA e LIR\u00cb - Arkivi","url":"https:\/\/fjala.info\/2009-2015\/","logo":{"@type":"ImageObject","inLanguage":"sq-AL","@id":"https:\/\/fjala.info\/2009-2015\/#\/schema\/logo\/image\/","url":"","contentUrl":"","caption":"FjALA e LIR\u00cb - Arkivi"},"image":{"@id":"https:\/\/fjala.info\/2009-2015\/#\/schema\/logo\/image\/"}},{"@type":"Person","@id":"https:\/\/fjala.info\/2009-2015\/#\/schema\/person\/3aa1163ef05469c496fc94e77611ada2","name":"admin","image":{"@type":"ImageObject","inLanguage":"sq-AL","@id":"https:\/\/fjala.info\/2009-2015\/wp-content\/uploads\/2012\/02\/arben_cokaj-120x150.jpg","url":"https:\/\/fjala.info\/2009-2015\/wp-content\/uploads\/2012\/02\/arben_cokaj-120x150.jpg","contentUrl":"https:\/\/fjala.info\/2009-2015\/wp-content\/uploads\/2012\/02\/arben_cokaj-120x150.jpg","caption":"admin"},"description":"Admin, Fjala e Lir\u00eb","sameAs":["https:\/\/fjala.info\/"],"url":"https:\/\/fjala.info\/2009-2015\/author\/admin\/"}]}},"_links":{"self":[{"href":"https:\/\/fjala.info\/2009-2015\/wp-json\/wp\/v2\/posts\/4914","targetHints":{"allow":["GET"]}}],"collection":[{"href":"https:\/\/fjala.info\/2009-2015\/wp-json\/wp\/v2\/posts"}],"about":[{"href":"https:\/\/fjala.info\/2009-2015\/wp-json\/wp\/v2\/types\/post"}],"author":[{"embeddable":true,"href":"https:\/\/fjala.info\/2009-2015\/wp-json\/wp\/v2\/users\/1"}],"replies":[{"embeddable":true,"href":"https:\/\/fjala.info\/2009-2015\/wp-json\/wp\/v2\/comments?post=4914"}],"version-history":[{"count":0,"href":"https:\/\/fjala.info\/2009-2015\/wp-json\/wp\/v2\/posts\/4914\/revisions"}],"wp:attachment":[{"href":"https:\/\/fjala.info\/2009-2015\/wp-json\/wp\/v2\/media?parent=4914"}],"wp:term":[{"taxonomy":"category","embeddable":true,"href":"https:\/\/fjala.info\/2009-2015\/wp-json\/wp\/v2\/categories?post=4914"},{"taxonomy":"post_tag","embeddable":true,"href":"https:\/\/fjala.info\/2009-2015\/wp-json\/wp\/v2\/tags?post=4914"}],"curies":[{"name":"wp","href":"https:\/\/api.w.org\/{rel}","templated":true}]}}