{"id":4911,"date":"2010-11-26T07:33:43","date_gmt":"2010-11-26T06:33:43","guid":{"rendered":"http:\/\/fjala.shkoder.net\/?p=4911"},"modified":"2010-11-26T07:33:43","modified_gmt":"2010-11-26T06:33:43","slug":"te-dalesh-mbi-ligjin","status":"publish","type":"post","link":"https:\/\/fjala.info\/2009-2015\/te-dalesh-mbi-ligjin\/","title":{"rendered":"T\u00eb dal\u00ebsh mbi Ligjin"},"content":{"rendered":"<p><img loading=\"lazy\" decoding=\"async\" class=\"alignright size-full wp-image-4536\" title=\"Albana Vokshi\" src=\"http:\/\/fjala.shkoder.net\/wp-content\/uploads\/2010\/10\/albana_vokshi1.jpg\" alt=\"\" width=\"264\" height=\"234\" \/><\/p>\n<p>Nga <strong>Elira Canga<\/strong>, <em>25.11.2010<\/em><\/p>\n<p>Ngjarja e 14 n\u00ebntorit, kur nj\u00eb deputete shqiptare l\u00ebshoi nj\u00eb bresh\u00ebri sharjesh ndaj nj\u00eb polici t\u00eb thjesht\u00eb n\u00eb kufi rin mes Shqip\u00ebris\u00eb dhe Kosov\u00ebs,vet\u00ebm sepse donte t\u00eb kalonte me nxitim, pa pritur n\u00eb radh\u00eb si t\u00eb tjer\u00ebt e pa respektuar procedurat, ishte tep\u00ebr banale p\u00ebr t\u2019u kujtuar gjat\u00eb.<br \/>\nP\u00ebr moszbatim t\u00eb ligjit dhe fyerje t\u00eb figur\u00ebs publike, deputetja Albana Vokshi u shoq\u00ebrua n\u00eb komisariatin e Prizrenit dhe u d\u00ebnua me nj\u00eb gjob\u00eb prej 250 eurosh nga autoritetet gjyq\u00ebsore.<\/p>\n<p>Por, kur t\u00eb nj\u00ebjtat autoritete n\u00eb fund t\u00eb s\u00eb nj\u00ebjt\u00ebs dit\u00eb e anuluan vendimin e m\u00ebparsh\u00ebm, pa dh\u00ebn\u00eb asnj\u00eb motiv, nj\u00ebsoj sikur rr\u00ebfimet e tre polic\u00ebve kosovar\u00eb dhe Vokshit t\u00eb mos kishin ekzistuar kurr\u00eb, gjith\u00e7ka u b\u00eb e turpshme, tregues i shoq\u00ebrive t\u00eb vogla, q\u00eb jetojn\u00eb ende n\u00ebn komplekse inferioriteti e paligjshm\u00ebrie dhe n\u00ebn ndikim t\u00eb jasht\u00ebzakonsh\u00ebm nga pushteti q\u00eb i drejton.<\/p>\n<p>Ngjarja mori p\u00ebrmasa t\u00eb habitshme kur kryeministri kosovar, Hashim Tha\u00e7i k\u00ebrkoi ndjes\u00eb p\u00ebr incidentin dhe kryeministri shqiptar, Sali Berisha, me krenari e \u201crr\u00ebfeu\u201d k\u00ebt\u00eb n\u00eb nj\u00eb deklarat\u00eb p\u00ebr gazetar\u00ebt, fill pas kthimit nga samiti i NATO-s n\u00eb Lisbon\u00eb. Madje, deklaroi se e gjitha ishte nj\u00eb akt i pap\u00ebrgjegjsh\u00ebm nga ana e autoriteteve kosovare. Nuk di n\u00ebse ndokush mund ta kuptoj\u00eb se si nj\u00eb kryeminist\u00ebr mund t\u00eb k\u00ebrkoj\u00eb falje p\u00ebr nj\u00eb p\u00ebrfaq\u00ebsues t\u00eb policis\u00eb s\u00eb shtetit vet\u00ebm se ai b\u00ebn detyr\u00ebn e tij, nd\u00ebrsa nj\u00eb tjet\u00ebr kryeminist\u00ebr sqaron publikun p\u00ebr ngjarje t\u00eb tilla dhe jep vler\u00ebsime p\u00ebr vendimet e gjykat\u00ebs.<\/p>\n<p>\u00cbsht\u00eb v\u00ebrtet akt i pap\u00ebrgjegjsh\u00ebm k\u00ebrkesa e nj\u00eb polici, p\u00ebr t\u00eb q\u00ebndruar n\u00eb radh\u00eb? \u00cbsht\u00eb akt i pap\u00ebrgjegjsh\u00ebm vendimi i gjykat\u00ebs p\u00ebr t\u00eb penalizuar at\u00eb q\u00eb shkel ligjin? Kjo histori mund t\u00eb ishte tep\u00ebr banale, p\u00ebr t\u00eb marr\u00eb p\u00ebrmasa si k\u00ebto, por jo m\u00eb deputet\u00eb p\u00ebrdorin pushtetin e tyre p\u00ebr t\u00eb zhvler\u00ebsuar vendime gjykate dhe kryeministra e miratojn\u00eb dhe e ndihmojn\u00eb k\u00ebt\u00eb.<\/p>\n<p>P\u00ebr hir t\u00eb s\u00eb v\u00ebrtet\u00ebs, duhet sqaruar e gjith\u00eb ngjarja. Kujtdo mund t\u2019i ket\u00eb ndodhur t\u00eb udh\u00ebtoj\u00eb drejt Kosov\u00ebs nga veriu i Shqip\u00ebris\u00eb dhe kushdo mund t\u00eb d\u00ebshmoj\u00eb se polic\u00ebt kufitar\u00eb kosovar\u00eb nuk \u201cshquhen\u201d p\u00ebr ndonj\u00eb vrazhd\u00ebsi apo rrept\u00ebsi specifike, si\u00e7 do t\u00eb ndodhte n\u00eb ndonj\u00eb kufi tjet\u00ebr t\u00eb vendit me fqinj\u00ebt. N\u00ebse e nj\u00ebjta ngjarje do t\u00eb ndodhte pik\u00ebrisht aty, kryeministrit t\u00eb vendit tim kjo nuk do t\u2019i dukej aspak akt i pap\u00ebrgjegjsh\u00ebm, por \u201cnj\u00eb incident q\u00eb, sidoqoft\u00eb, nuk c\u00ebnon marr\u00ebdh\u00ebniet e shk\u00eblqyera mes dy popujve dhe qeverive\u201d.<\/p>\n<p>Po pik\u00ebrisht sepse jan\u00eb polic\u00eb kosovar\u00eb dhe jo grek\u00eb, maqedonas apo edhe t\u00eb UNMIK-ut si dikur, \u00e7dokush mund t\u00eb pretendoj\u00eb privilegje n\u00eb kalimin e kufirit, trajtim t\u00eb ve\u00e7ant\u00eb dhe sjellje t\u00eb p\u00ebrulur. E aq m\u00eb tep\u00ebr nj\u00eb p\u00ebrfaq\u00ebsues i Kuvendit t\u00eb Shqip\u00ebris\u00eb q\u00eb mendon se k\u00ebto privilegje \u201ct\u00eb vockla\u201d jan\u00eb m\u00eb e pakta q\u00eb mund t\u00eb p\u00ebrfitoj\u00eb nga statusi i ri. Pak vite m\u00eb par\u00eb, media n\u00eb Holand\u00eb publikoi foto t\u00eb kryeministrit Jan Peter Balkenende, i cili shkonte n\u00eb pun\u00eb me bi\u00e7iklet\u00eb dhe priste, n\u00eb radh\u00eb, drit\u00ebn jeshile t\u00eb semaforit. N\u00eb Uashington, Daniel Fried, deri von\u00eb ndihm\u00ebssekretar i Shtetit p\u00ebr \u00c7\u00ebshtjet Europiane, priste autobusin p\u00ebr t\u00eb shkuar n\u00eb sht\u00ebpi, nj\u00ebsoj si t\u00eb tjer\u00ebt, sado e paimagjinueshme t\u00eb t\u00eb duket nj\u00eb gj\u00eb e till\u00eb.<\/p>\n<p>Por jo n\u00eb Shqip\u00ebri a Kosov\u00eb. K\u00ebtu ministra, deputet\u00eb e zyrtar\u00eb t\u00eb \u00e7do rangu zgjedhin t\u00eb shkelin t\u00eb gjitha rregullat, t\u00eb kalojn\u00eb pa t\u00eb drejt\u00eb para t\u00eb gjith\u00eb t\u00eb tjer\u00ebve, t\u00eb parkojn\u00eb kudo e t\u00eb mos i p\u00ebrgjigjen askujt. A thua se me statusin e ri u kan\u00eb ardhur t\u00eb gjitha privilegjet e paligjshme q\u00eb duhet t\u2019i v\u00ebn\u00eb n\u00eb zbatim me nxitim, para se t\u2019u mbaroj\u00eb mandati. N\u00eb Shqip\u00ebri e Kosov\u00eb ligji nuk zbatohet. Ai shkelet nga ata q\u00eb e propozojn\u00eb, q\u00eb e miratojn\u00eb, q\u00eb jan\u00eb p\u00ebrgjegj\u00ebs p\u00ebr garantimin e zbatimit t\u00eb tij.<\/p>\n<p>Nj\u00eb shtet i s\u00eb drejt\u00ebs, si ai q\u00eb duam t\u00eb nd\u00ebrtojm\u00eb, nuk \u00ebsht\u00eb asgj\u00eb tjet\u00ebr ve\u00e7se nj\u00eb grumbull ligjesh e institucionesh, q\u00eb duhen respektuar maksimalisht. Nuk po flas p\u00ebr edukimin e publikut me ndjeshm\u00ebri e kultur\u00eb per\u00ebndimore, por thjesht dhe vet\u00ebm p\u00ebr zbatimin e rregullave q\u00eb jan\u00eb miratuar. Gjith\u00e7ka nis prej k\u00ebsaj e n\u00ebse kjo mungon, nuk ka r\u00ebnd\u00ebsi se \u00e7far\u00eb b\u00ebn p\u00ebr t\u2019i mbushur mendjen BE-s\u00eb se \u00e7\u2019d\u00ebshir\u00eb t\u00eb madhe ke p\u00ebr t\u2019u integruar n\u00eb nj\u00eb familje q\u00eb ligjin dhe respektin p\u00ebr t\u00eb e ka t\u00eb padiskutuesh\u00ebm.<\/p>\n<p>Edhe m\u00eb e turpshme \u00ebsht\u00eb q\u00eb, n\u00ebn presion a p\u00ebr ndonj\u00eb ndjesi t\u00eb pajustifikuar inferioriteti, nj\u00eb gjykat\u00eb t\u00eb hedh\u00eb posht\u00eb vendimin e saj bazuar mbi prova, p\u00ebr t\u00eb d\u00ebnuar at\u00eb q\u00eb shkel ligjet, qoft\u00eb edhe minist\u00ebr apo deputet. Dhe nga ana tjet\u00ebr, t\u00eb detyrosh nj\u00eb gjykat\u00eb t\u00eb ndryshoj\u00eb vendimin brenda dit\u00ebs, kjo \u00ebsht\u00eb nj\u00eb shkelje edhe m\u00eb e madhe e ligjit sepse \u00ebsht\u00eb e q\u00ebllimshme, aplikohet nga pushtete m\u00eb t\u00eb larta se gjyq\u00ebsori dhe v\u00eb n\u00eb dukje brisht\u00ebsin\u00eb e vet\u00eb institucioneve t\u00eb shtetit.<br \/>\nNj\u00eb ngjarje banale si ajo e 14 n\u00ebntorit do t\u00eb harrohej shpejt. N\u00ebse nj\u00eb kryeminist\u00ebr nuk do ta kishte shfaqur kaq hapur servilizmin e tij. E n\u00ebse nj\u00eb tjet\u00ebr nuk do ta p\u00ebrdorte k\u00ebt\u00eb p\u00ebr t\u00eb pastruar publikisht figur\u00ebn e nj\u00eb deputeteje arrogante q\u00eb nuk di a nuk do t\u00eb zbatoj\u00eb ligjin.<\/p>\n","protected":false},"excerpt":{"rendered":"<p>Nga Elira Canga, 25.11.2010 Ngjarja e 14 n\u00ebntorit, kur nj\u00eb deputete shqiptare l\u00ebshoi nj\u00eb bresh\u00ebri sharjesh ndaj nj\u00eb polici t\u00eb thjesht\u00eb n\u00eb kufi rin mes Shqip\u00ebris\u00eb dhe Kosov\u00ebs,vet\u00ebm sepse donte t\u00eb kalonte me nxitim, pa pritur n\u00eb radh\u00eb si t\u00eb tjer\u00ebt e pa respektuar procedurat, ishte tep\u00ebr banale p\u00ebr t\u2019u kujtuar gjat\u00eb. P\u00ebr moszbatim t\u00eb [&hellip;]<\/p>\n","protected":false},"author":1,"featured_media":0,"comment_status":"open","ping_status":"closed","sticky":false,"template":"","format":"standard","meta":{"footnotes":""},"categories":[2],"tags":[],"class_list":{"0":"post-4911","1":"post","2":"type-post","3":"status-publish","4":"format-standard","6":"category-artikuj"},"yoast_head":"<!-- This site is optimized with the Yoast SEO plugin v27.4 - https:\/\/yoast.com\/product\/yoast-seo-wordpress\/ -->\n<title>T\u00eb dal\u00ebsh mbi Ligjin - FjALA e LIR\u00cb - Arkivi<\/title>\n<meta name=\"robots\" content=\"index, follow, max-snippet:-1, max-image-preview:large, max-video-preview:-1\" \/>\n<link rel=\"canonical\" href=\"https:\/\/fjala.info\/2009-2015\/te-dalesh-mbi-ligjin\/\" \/>\n<meta property=\"og:locale\" content=\"sq_AL\" \/>\n<meta property=\"og:type\" content=\"article\" \/>\n<meta property=\"og:title\" content=\"T\u00eb dal\u00ebsh mbi Ligjin - FjALA e LIR\u00cb - Arkivi\" \/>\n<meta property=\"og:description\" content=\"Nga Elira Canga, 25.11.2010 Ngjarja e 14 n\u00ebntorit, kur nj\u00eb deputete shqiptare l\u00ebshoi nj\u00eb bresh\u00ebri sharjesh ndaj nj\u00eb polici t\u00eb thjesht\u00eb n\u00eb kufi rin mes Shqip\u00ebris\u00eb dhe Kosov\u00ebs,vet\u00ebm sepse donte t\u00eb kalonte me nxitim, pa pritur n\u00eb radh\u00eb si t\u00eb tjer\u00ebt e pa respektuar procedurat, ishte tep\u00ebr banale p\u00ebr t\u2019u kujtuar gjat\u00eb. P\u00ebr moszbatim t\u00eb [&hellip;]\" \/>\n<meta property=\"og:url\" content=\"https:\/\/fjala.info\/2009-2015\/te-dalesh-mbi-ligjin\/\" \/>\n<meta property=\"og:site_name\" content=\"FjALA e LIR\u00cb - Arkivi\" \/>\n<meta property=\"article:published_time\" content=\"2010-11-26T06:33:43+00:00\" \/>\n<meta property=\"og:image\" content=\"http:\/\/fjala.shkoder.net\/wp-content\/uploads\/2010\/10\/albana_vokshi1.jpg\" \/>\n<meta name=\"author\" content=\"admin\" \/>\n<meta name=\"twitter:card\" content=\"summary_large_image\" \/>\n<meta name=\"twitter:label1\" content=\"Written by\" \/>\n\t<meta name=\"twitter:data1\" content=\"admin\" \/>\n\t<meta name=\"twitter:label2\" content=\"Est. reading time\" \/>\n\t<meta name=\"twitter:data2\" content=\"5 minutes\" \/>\n<script type=\"application\/ld+json\" class=\"yoast-schema-graph\">{\"@context\":\"https:\\\/\\\/schema.org\",\"@graph\":[{\"@type\":\"Article\",\"@id\":\"https:\\\/\\\/fjala.info\\\/2009-2015\\\/te-dalesh-mbi-ligjin\\\/#article\",\"isPartOf\":{\"@id\":\"https:\\\/\\\/fjala.info\\\/2009-2015\\\/te-dalesh-mbi-ligjin\\\/\"},\"author\":{\"name\":\"admin\",\"@id\":\"https:\\\/\\\/fjala.info\\\/2009-2015\\\/#\\\/schema\\\/person\\\/3aa1163ef05469c496fc94e77611ada2\"},\"headline\":\"T\u00eb dal\u00ebsh mbi Ligjin\",\"datePublished\":\"2010-11-26T06:33:43+00:00\",\"mainEntityOfPage\":{\"@id\":\"https:\\\/\\\/fjala.info\\\/2009-2015\\\/te-dalesh-mbi-ligjin\\\/\"},\"wordCount\":1003,\"commentCount\":0,\"publisher\":{\"@id\":\"https:\\\/\\\/fjala.info\\\/2009-2015\\\/#organization\"},\"image\":{\"@id\":\"https:\\\/\\\/fjala.info\\\/2009-2015\\\/te-dalesh-mbi-ligjin\\\/#primaryimage\"},\"thumbnailUrl\":\"http:\\\/\\\/fjala.shkoder.net\\\/wp-content\\\/uploads\\\/2010\\\/10\\\/albana_vokshi1.jpg\",\"articleSection\":[\"Artikuj\"],\"inLanguage\":\"sq-AL\",\"potentialAction\":[{\"@type\":\"CommentAction\",\"name\":\"Comment\",\"target\":[\"https:\\\/\\\/fjala.info\\\/2009-2015\\\/te-dalesh-mbi-ligjin\\\/#respond\"]}]},{\"@type\":\"WebPage\",\"@id\":\"https:\\\/\\\/fjala.info\\\/2009-2015\\\/te-dalesh-mbi-ligjin\\\/\",\"url\":\"https:\\\/\\\/fjala.info\\\/2009-2015\\\/te-dalesh-mbi-ligjin\\\/\",\"name\":\"T\u00eb dal\u00ebsh mbi Ligjin - FjALA e LIR\u00cb - Arkivi\",\"isPartOf\":{\"@id\":\"https:\\\/\\\/fjala.info\\\/2009-2015\\\/#website\"},\"primaryImageOfPage\":{\"@id\":\"https:\\\/\\\/fjala.info\\\/2009-2015\\\/te-dalesh-mbi-ligjin\\\/#primaryimage\"},\"image\":{\"@id\":\"https:\\\/\\\/fjala.info\\\/2009-2015\\\/te-dalesh-mbi-ligjin\\\/#primaryimage\"},\"thumbnailUrl\":\"http:\\\/\\\/fjala.shkoder.net\\\/wp-content\\\/uploads\\\/2010\\\/10\\\/albana_vokshi1.jpg\",\"datePublished\":\"2010-11-26T06:33:43+00:00\",\"breadcrumb\":{\"@id\":\"https:\\\/\\\/fjala.info\\\/2009-2015\\\/te-dalesh-mbi-ligjin\\\/#breadcrumb\"},\"inLanguage\":\"sq-AL\",\"potentialAction\":[{\"@type\":\"ReadAction\",\"target\":[\"https:\\\/\\\/fjala.info\\\/2009-2015\\\/te-dalesh-mbi-ligjin\\\/\"]}]},{\"@type\":\"ImageObject\",\"inLanguage\":\"sq-AL\",\"@id\":\"https:\\\/\\\/fjala.info\\\/2009-2015\\\/te-dalesh-mbi-ligjin\\\/#primaryimage\",\"url\":\"http:\\\/\\\/fjala.shkoder.net\\\/wp-content\\\/uploads\\\/2010\\\/10\\\/albana_vokshi1.jpg\",\"contentUrl\":\"http:\\\/\\\/fjala.shkoder.net\\\/wp-content\\\/uploads\\\/2010\\\/10\\\/albana_vokshi1.jpg\"},{\"@type\":\"BreadcrumbList\",\"@id\":\"https:\\\/\\\/fjala.info\\\/2009-2015\\\/te-dalesh-mbi-ligjin\\\/#breadcrumb\",\"itemListElement\":[{\"@type\":\"ListItem\",\"position\":1,\"name\":\"Home\",\"item\":\"https:\\\/\\\/fjala.info\\\/2009-2015\\\/\"},{\"@type\":\"ListItem\",\"position\":2,\"name\":\"T\u00eb dal\u00ebsh mbi Ligjin\"}]},{\"@type\":\"WebSite\",\"@id\":\"https:\\\/\\\/fjala.info\\\/2009-2015\\\/#website\",\"url\":\"https:\\\/\\\/fjala.info\\\/2009-2015\\\/\",\"name\":\"FjALA e LIR\u00cb - Arkivi\",\"description\":\"Arkivi 2009-2015\",\"publisher\":{\"@id\":\"https:\\\/\\\/fjala.info\\\/2009-2015\\\/#organization\"},\"potentialAction\":[{\"@type\":\"SearchAction\",\"target\":{\"@type\":\"EntryPoint\",\"urlTemplate\":\"https:\\\/\\\/fjala.info\\\/2009-2015\\\/?s={search_term_string}\"},\"query-input\":{\"@type\":\"PropertyValueSpecification\",\"valueRequired\":true,\"valueName\":\"search_term_string\"}}],\"inLanguage\":\"sq-AL\"},{\"@type\":\"Organization\",\"@id\":\"https:\\\/\\\/fjala.info\\\/2009-2015\\\/#organization\",\"name\":\"FjALA e LIR\u00cb - Arkivi\",\"url\":\"https:\\\/\\\/fjala.info\\\/2009-2015\\\/\",\"logo\":{\"@type\":\"ImageObject\",\"inLanguage\":\"sq-AL\",\"@id\":\"https:\\\/\\\/fjala.info\\\/2009-2015\\\/#\\\/schema\\\/logo\\\/image\\\/\",\"url\":\"\",\"contentUrl\":\"\",\"caption\":\"FjALA e LIR\u00cb - Arkivi\"},\"image\":{\"@id\":\"https:\\\/\\\/fjala.info\\\/2009-2015\\\/#\\\/schema\\\/logo\\\/image\\\/\"}},{\"@type\":\"Person\",\"@id\":\"https:\\\/\\\/fjala.info\\\/2009-2015\\\/#\\\/schema\\\/person\\\/3aa1163ef05469c496fc94e77611ada2\",\"name\":\"admin\",\"image\":{\"@type\":\"ImageObject\",\"inLanguage\":\"sq-AL\",\"@id\":\"https:\\\/\\\/fjala.info\\\/2009-2015\\\/wp-content\\\/uploads\\\/2012\\\/02\\\/arben_cokaj-120x150.jpg\",\"url\":\"https:\\\/\\\/fjala.info\\\/2009-2015\\\/wp-content\\\/uploads\\\/2012\\\/02\\\/arben_cokaj-120x150.jpg\",\"contentUrl\":\"https:\\\/\\\/fjala.info\\\/2009-2015\\\/wp-content\\\/uploads\\\/2012\\\/02\\\/arben_cokaj-120x150.jpg\",\"caption\":\"admin\"},\"description\":\"Admin, Fjala e Lir\u00eb\",\"sameAs\":[\"https:\\\/\\\/fjala.info\\\/\"],\"url\":\"https:\\\/\\\/fjala.info\\\/2009-2015\\\/author\\\/admin\\\/\"}]}<\/script>\n<!-- \/ Yoast SEO plugin. -->","yoast_head_json":{"title":"T\u00eb dal\u00ebsh mbi Ligjin - FjALA e LIR\u00cb - Arkivi","robots":{"index":"index","follow":"follow","max-snippet":"max-snippet:-1","max-image-preview":"max-image-preview:large","max-video-preview":"max-video-preview:-1"},"canonical":"https:\/\/fjala.info\/2009-2015\/te-dalesh-mbi-ligjin\/","og_locale":"sq_AL","og_type":"article","og_title":"T\u00eb dal\u00ebsh mbi Ligjin - FjALA e LIR\u00cb - Arkivi","og_description":"Nga Elira Canga, 25.11.2010 Ngjarja e 14 n\u00ebntorit, kur nj\u00eb deputete shqiptare l\u00ebshoi nj\u00eb bresh\u00ebri sharjesh ndaj nj\u00eb polici t\u00eb thjesht\u00eb n\u00eb kufi rin mes Shqip\u00ebris\u00eb dhe Kosov\u00ebs,vet\u00ebm sepse donte t\u00eb kalonte me nxitim, pa pritur n\u00eb radh\u00eb si t\u00eb tjer\u00ebt e pa respektuar procedurat, ishte tep\u00ebr banale p\u00ebr t\u2019u kujtuar gjat\u00eb. P\u00ebr moszbatim t\u00eb [&hellip;]","og_url":"https:\/\/fjala.info\/2009-2015\/te-dalesh-mbi-ligjin\/","og_site_name":"FjALA e LIR\u00cb - Arkivi","article_published_time":"2010-11-26T06:33:43+00:00","og_image":[{"url":"http:\/\/fjala.shkoder.net\/wp-content\/uploads\/2010\/10\/albana_vokshi1.jpg","type":"","width":"","height":""}],"author":"admin","twitter_card":"summary_large_image","twitter_misc":{"Written by":"admin","Est. reading time":"5 minutes"},"schema":{"@context":"https:\/\/schema.org","@graph":[{"@type":"Article","@id":"https:\/\/fjala.info\/2009-2015\/te-dalesh-mbi-ligjin\/#article","isPartOf":{"@id":"https:\/\/fjala.info\/2009-2015\/te-dalesh-mbi-ligjin\/"},"author":{"name":"admin","@id":"https:\/\/fjala.info\/2009-2015\/#\/schema\/person\/3aa1163ef05469c496fc94e77611ada2"},"headline":"T\u00eb dal\u00ebsh mbi Ligjin","datePublished":"2010-11-26T06:33:43+00:00","mainEntityOfPage":{"@id":"https:\/\/fjala.info\/2009-2015\/te-dalesh-mbi-ligjin\/"},"wordCount":1003,"commentCount":0,"publisher":{"@id":"https:\/\/fjala.info\/2009-2015\/#organization"},"image":{"@id":"https:\/\/fjala.info\/2009-2015\/te-dalesh-mbi-ligjin\/#primaryimage"},"thumbnailUrl":"http:\/\/fjala.shkoder.net\/wp-content\/uploads\/2010\/10\/albana_vokshi1.jpg","articleSection":["Artikuj"],"inLanguage":"sq-AL","potentialAction":[{"@type":"CommentAction","name":"Comment","target":["https:\/\/fjala.info\/2009-2015\/te-dalesh-mbi-ligjin\/#respond"]}]},{"@type":"WebPage","@id":"https:\/\/fjala.info\/2009-2015\/te-dalesh-mbi-ligjin\/","url":"https:\/\/fjala.info\/2009-2015\/te-dalesh-mbi-ligjin\/","name":"T\u00eb dal\u00ebsh mbi Ligjin - FjALA e LIR\u00cb - Arkivi","isPartOf":{"@id":"https:\/\/fjala.info\/2009-2015\/#website"},"primaryImageOfPage":{"@id":"https:\/\/fjala.info\/2009-2015\/te-dalesh-mbi-ligjin\/#primaryimage"},"image":{"@id":"https:\/\/fjala.info\/2009-2015\/te-dalesh-mbi-ligjin\/#primaryimage"},"thumbnailUrl":"http:\/\/fjala.shkoder.net\/wp-content\/uploads\/2010\/10\/albana_vokshi1.jpg","datePublished":"2010-11-26T06:33:43+00:00","breadcrumb":{"@id":"https:\/\/fjala.info\/2009-2015\/te-dalesh-mbi-ligjin\/#breadcrumb"},"inLanguage":"sq-AL","potentialAction":[{"@type":"ReadAction","target":["https:\/\/fjala.info\/2009-2015\/te-dalesh-mbi-ligjin\/"]}]},{"@type":"ImageObject","inLanguage":"sq-AL","@id":"https:\/\/fjala.info\/2009-2015\/te-dalesh-mbi-ligjin\/#primaryimage","url":"http:\/\/fjala.shkoder.net\/wp-content\/uploads\/2010\/10\/albana_vokshi1.jpg","contentUrl":"http:\/\/fjala.shkoder.net\/wp-content\/uploads\/2010\/10\/albana_vokshi1.jpg"},{"@type":"BreadcrumbList","@id":"https:\/\/fjala.info\/2009-2015\/te-dalesh-mbi-ligjin\/#breadcrumb","itemListElement":[{"@type":"ListItem","position":1,"name":"Home","item":"https:\/\/fjala.info\/2009-2015\/"},{"@type":"ListItem","position":2,"name":"T\u00eb dal\u00ebsh mbi Ligjin"}]},{"@type":"WebSite","@id":"https:\/\/fjala.info\/2009-2015\/#website","url":"https:\/\/fjala.info\/2009-2015\/","name":"FjALA e LIR\u00cb - Arkivi","description":"Arkivi 2009-2015","publisher":{"@id":"https:\/\/fjala.info\/2009-2015\/#organization"},"potentialAction":[{"@type":"SearchAction","target":{"@type":"EntryPoint","urlTemplate":"https:\/\/fjala.info\/2009-2015\/?s={search_term_string}"},"query-input":{"@type":"PropertyValueSpecification","valueRequired":true,"valueName":"search_term_string"}}],"inLanguage":"sq-AL"},{"@type":"Organization","@id":"https:\/\/fjala.info\/2009-2015\/#organization","name":"FjALA e LIR\u00cb - Arkivi","url":"https:\/\/fjala.info\/2009-2015\/","logo":{"@type":"ImageObject","inLanguage":"sq-AL","@id":"https:\/\/fjala.info\/2009-2015\/#\/schema\/logo\/image\/","url":"","contentUrl":"","caption":"FjALA e LIR\u00cb - Arkivi"},"image":{"@id":"https:\/\/fjala.info\/2009-2015\/#\/schema\/logo\/image\/"}},{"@type":"Person","@id":"https:\/\/fjala.info\/2009-2015\/#\/schema\/person\/3aa1163ef05469c496fc94e77611ada2","name":"admin","image":{"@type":"ImageObject","inLanguage":"sq-AL","@id":"https:\/\/fjala.info\/2009-2015\/wp-content\/uploads\/2012\/02\/arben_cokaj-120x150.jpg","url":"https:\/\/fjala.info\/2009-2015\/wp-content\/uploads\/2012\/02\/arben_cokaj-120x150.jpg","contentUrl":"https:\/\/fjala.info\/2009-2015\/wp-content\/uploads\/2012\/02\/arben_cokaj-120x150.jpg","caption":"admin"},"description":"Admin, Fjala e Lir\u00eb","sameAs":["https:\/\/fjala.info\/"],"url":"https:\/\/fjala.info\/2009-2015\/author\/admin\/"}]}},"_links":{"self":[{"href":"https:\/\/fjala.info\/2009-2015\/wp-json\/wp\/v2\/posts\/4911","targetHints":{"allow":["GET"]}}],"collection":[{"href":"https:\/\/fjala.info\/2009-2015\/wp-json\/wp\/v2\/posts"}],"about":[{"href":"https:\/\/fjala.info\/2009-2015\/wp-json\/wp\/v2\/types\/post"}],"author":[{"embeddable":true,"href":"https:\/\/fjala.info\/2009-2015\/wp-json\/wp\/v2\/users\/1"}],"replies":[{"embeddable":true,"href":"https:\/\/fjala.info\/2009-2015\/wp-json\/wp\/v2\/comments?post=4911"}],"version-history":[{"count":0,"href":"https:\/\/fjala.info\/2009-2015\/wp-json\/wp\/v2\/posts\/4911\/revisions"}],"wp:attachment":[{"href":"https:\/\/fjala.info\/2009-2015\/wp-json\/wp\/v2\/media?parent=4911"}],"wp:term":[{"taxonomy":"category","embeddable":true,"href":"https:\/\/fjala.info\/2009-2015\/wp-json\/wp\/v2\/categories?post=4911"},{"taxonomy":"post_tag","embeddable":true,"href":"https:\/\/fjala.info\/2009-2015\/wp-json\/wp\/v2\/tags?post=4911"}],"curies":[{"name":"wp","href":"https:\/\/api.w.org\/{rel}","templated":true}]}}