{"id":4908,"date":"2010-11-27T07:28:13","date_gmt":"2010-11-27T06:28:13","guid":{"rendered":"http:\/\/fjala.shkoder.net\/?p=4908"},"modified":"2010-11-27T07:28:13","modified_gmt":"2010-11-27T06:28:13","slug":"si-tjetersohet-mandati-ne-mandate","status":"publish","type":"post","link":"https:\/\/fjala.info\/2009-2015\/si-tjetersohet-mandati-ne-mandate\/","title":{"rendered":"Si tjet\u00ebrsohet mandati n\u00eb mandat\u00eb?"},"content":{"rendered":"<p><img loading=\"lazy\" decoding=\"async\" class=\"alignleft size-medium wp-image-4909\" title=\"Parlamenti - salla\" src=\"http:\/\/fjala.shkoder.net\/wp-content\/uploads\/2010\/11\/parlament_salla-300x225.jpg\" alt=\"\" width=\"300\" height=\"225\" \/><\/p>\n<p>Nga <strong>Ki\u00e7o Blushi<\/strong>, <em>27.11.2010<\/em><\/p>\n<p>Dit\u00ebt e fundit, krer\u00ebt e dy partive m\u00eb t\u00eb m\u00ebdha, t\u00eb cilat prej 20 vitesh po qeverisin me alternim \u201cdemokratik\u201d Shqip\u00ebrin\u00eb e ngujuar n\u00eb kull\u00ebn e tranzicionit, dol\u00ebn n\u00ebp\u00ebr ekrane p\u00ebr t\u00eb na b\u00ebr\u00eb me dije se kan\u00eb marr\u00eb vendime tejet t\u00eb r\u00ebnd\u00ebsishme: nj\u00ebri e paska ndar\u00eb mendjen t\u00eb prish\u00eb Piramid\u00ebn, tjetri t\u00eb nd\u00ebrtoj\u00eb nj\u00eb xhami n\u00eb qend\u00ebr t\u00eb Tiran\u00ebs, pas Pallatit t\u00eb Kultur\u00ebs e Bibliotek\u00ebs Komb\u00ebtare. Dy g\u00ebzime n\u00eb nj\u00eb dit\u00eb, nj\u00eb nga e djathta, nj\u00eb nga e majta! \u201cT\u00eb gjitha i kishte Haxhireja, i mungonte ferexheja!\u201d. Por, si p\u00ebr gjith\u00e7ka tjet\u00ebr, edhe p\u00ebr k\u00ebto dy nisma \u201chistorike\u201d, dy udh\u00ebheq\u00ebsit ndajn\u00eb q\u00ebndrime kat\u00ebrcip\u00ebrisht t\u00eb kund\u00ebrta. Nj\u00ebri i bie gozhd\u00ebs, tjetri patkoit.<\/p>\n<p>Nj\u00ebri thot\u00eb \u2018po\u2019, tjetri \u2018jo\u2019. Kjo kund\u00ebrshti kokosh\u00ebsh arnaut\u00eb tash nuk habit m\u00eb njeri n\u00eb k\u00ebto an\u00eb, madje as Krokodilin e Strasburgut dhe as eurodeputetin Daul t\u00eb PE-s\u00eb, i cili nuk po gjen dot m\u00ebnyr\u00ebn si t\u2019i jap\u00eb uj\u00eb nj\u00eb gomari t\u00eb ngopur shqiptar\u2026Si p\u00ebrher\u00eb, pas k\u00ebrleshjes s\u00eb kryetar\u00ebve, ja ku v\u00ebrsulen kund\u00ebr nj\u00ebri-tjetrit si nj\u00eb hordhi mizash t\u00eb vaposura z\u00ebdh\u00ebn\u00ebsit e partive, analist\u00ebt, shkarrashkruesit e internetit, por gjithnj\u00eb e m\u00eb pak d\u00ebgjohen specialist\u00ebt e zhytur, me \u201cmjete demokratike\u201d, n\u00eb nj\u00eb shurdhmemec\u00ebri \u201cinstitucionale\u201d, ku m\u00eb i leverdisur del vet\u00ebm ai q\u00eb i thot\u00eb derrit daj\u00eb, nd\u00ebrsa ai q\u00eb derrin e quan \u2018derr\u2019 do t\u00eb shpallet armik i kombit!<\/p>\n<p>Na thuhet shpesh: jemi fajtor\u00eb ne q\u00eb zgjedhim k\u00ebta lloj udh\u00ebheq\u00ebsish peshkaqen\u00eb, prandaj mir\u00eb t\u00eb na b\u00ebhet! Por, a \u00ebsht\u00eb e v\u00ebrtet\u00eb q\u00eb i zgjedhim ne? Dhe, a i kemi mandatuar ne k\u00ebta lider\u00eb q\u00eb kacafyten p\u00ebr t\u2019i ngr\u00ebn\u00eb kok\u00ebn nj\u00ebri-tjetrit dhe interesit publik, duke e transformuar mandatin q\u00eb u kemi dh\u00ebn\u00eb n\u00eb nj\u00eb mandat komb\u00ebtar, duke na th\u00ebn\u00eb se Shqip\u00ebrin\u00eb \u201ckolumbiane\u201d ata e kan\u00eb transformuar n\u00eb nj\u00eb \u201cmiss Planeti\u201d? Jo, shqiptar\u00ebt e thjesht\u00eb, pavar\u00ebsisht nga niveli kulturor nuk kan\u00eb dh\u00ebn\u00eb nj\u00eb mandat t\u00eb till\u00eb kaq \u201ctransformues\u201d! E megjithat\u00eb, n\u00eb k\u00ebt\u00eb g\u00ebrm\u00ebrnaj\u00eb nuk guxon kush t\u00eb hedh\u00eb nj\u00eb pyetje t\u00eb thjesht\u00eb: ku e gjejn\u00eb t\u00eb drejt\u00ebn krer\u00ebt tan\u00eb t\u00eb vet\u00ebkarfosen, t\u00eb sillen megaloman\u00eb, t\u00eb b\u00ebhen arbitrar\u00eb, edhe pse po na l\u00ebn\u00eb p\u00ebr faj t\u00eb tyre, jasht\u00eb BE-s\u00eb? A kan\u00eb mandat ata, q\u00eb p\u00ebrve\u00e7 zallamahis\u00eb mediatike t\u00eb shkaktojn\u00eb kaq shum\u00eb d\u00ebme ekonomike, ekologjike, pron\u00ebsore, morale, e akoma m\u00eb keq, t\u00eb shkat\u00ebrrojn\u00eb me themel besimin e qytetarit te bashk\u00ebjetesa n\u00eb komunitet, te demokracia, duke rr\u00ebnuar imazhin e Shqip\u00ebris\u00eb para bot\u00ebs demokratike, tek e cila aspirojm\u00eb t\u00eb shkojm\u00eb?<\/p>\n<p>N\u00eb fushatat zgjedhore, n\u00eb programet dhe n\u00eb fjalimet programatike t\u00eb Daut\u00ebve tan\u00eb partiak\u00eb nuk \u00ebsht\u00eb th\u00ebn\u00eb asnj\u00eb fjal\u00eb se ata, po erdh\u00ebn n\u00eb pushtet, pra, n\u00ebse me vot\u00ebn ton\u00eb nj\u00ebri do t\u00eb hip\u00eb n\u00eb Kryeministri e tjetri n\u00eb Bashki, do t\u00eb mbajn\u00eb ndezur zjarrin e konfliktit, p\u00ebr hir t\u00eb t\u00eb cilit nj\u00ebrit i teket t\u00eb prish\u00eb Piramid\u00ebn, tjetrit t\u00eb nd\u00ebrtoj\u00eb xhamin\u00eb n\u00eb mes t\u00eb Tiran\u00ebs q\u00eb zjarri t\u00eb mbahet ndezur&#8230;? Derisa zgjedh\u00ebsit shqiptar\u00eb, me vot\u00eb e kan\u00eb th\u00ebn\u00eb fjal\u00ebn e tyre (asnj\u00eb pale nuk i \u00ebsht\u00eb dh\u00ebn\u00eb nj\u00eb mandat i plot\u00eb, mbi 50%), pyetja e m\u00ebposhtme ting\u00ebllon dramatike: Ku e gjejn\u00eb t\u00eb drejt\u00ebn ata t\u00eb flasin e t\u00eb vendosin n\u00eb emrin ton\u00eb, kur n\u00eb zgjedhjet e fundit, sipas KQZ-s\u00eb, ka marr\u00eb pjes\u00eb gati gjysma e votuesve t\u00eb regjistruar dhe kur partit\u00eb e tyre nuk kan\u00eb fituar m\u00eb shum\u00eb se 40% t\u00eb votave, d.m.th, m\u00eb pak se gjysm\u00ebn e gjysm\u00ebs s\u00eb votuesve t\u00eb regjistruar, pra \u00e7erekun e votave, af\u00ebrsisht gjasht\u00ebqind mij\u00eb vota?<\/p>\n<p>Kaq mjafton p\u00ebr t\u00eb kuptuar se mandati i tyre \u00ebsht\u00eb i cung\u00ebt, jo i plot\u00eb, se pushteti \u00ebsht\u00eb marr\u00eb me nj\u00eb pakic\u00eb tep\u00ebr t\u00eb dob\u00ebt. E pra, a mund t\u00eb quhet nj\u00eb mandat i till\u00eb \u201cpopullor\u201d, q\u00eb i jep fuqin\u00eb e nevojshme kryeministrit ose zonj\u00ebs Topalli t\u00eb sillen harbut\u00ebrisht e t\u00eb vendosin me kok\u00ebn e vet edhe p\u00ebr prish-investim-privatizim-legalizim-shkat\u00ebrrimet, pa pyetur k\u00ebrk\u00ebnd? N\u00ebse do t\u00eb kishin vet\u00ebdijen minimale t\u00eb p\u00ebrgjegj\u00ebsis\u00eb dhe nj\u00eb kultur\u00eb t\u00eb mjaftueshme demokratike, ata nuk do t\u00eb guxonin t\u00eb silleshin me popullin si t\u00eb kishin fituar 99.99% t\u00eb votave, e jo \u00e7erekun e tyre.<\/p>\n<p>* * *<\/p>\n<p>Por nj\u00eblloj si dje n\u00eb diktatur\u00eb, kryetari i partis\u00eb vet\u00eb vendos, vet\u00eb vulos. Nd\u00ebrsa populli, madje edhe Kushtetuta, edhe Kuvendi, edhe forumet e partive e t\u00eb shoq\u00ebris\u00eb civile rrin\u00eb e b\u00ebjn\u00eb sehir sepse, sipas \u201clogjik\u00ebs demokratike\u201d t\u00eb Daut\u00ebve, ne e kemi deleguar vullnetin nj\u00ebher\u00eb e mir\u00eb te kryetari i partis\u00eb, i cili k\u00ebsisoj, prej vot\u00ebs son\u00eb ka fituar mandatin t\u00eb mos p\u00ebrgjigjet para askujt p\u00ebr veprim-mosveprimet e tij, edhe kur ato jan\u00eb t\u00eb d\u00ebmshme, \u00e7mendurake, absurde. Por edhe n\u00ebse votat nuk do t\u00eb ishin vjedhur e trafikuar, edhe sikur t\u00eb jet\u00eb fituar ndershm\u00ebrisht nj\u00eb shumic\u00eb absolute, krer\u00ebt fitimtar\u00eb nuk kan\u00eb t\u00eb drejt\u00eb t\u00eb sillen me popullin si sovran\u00eb\u2026<\/p>\n<p>Dhe po t\u00eb kujtojm\u00eb se ne nuk kemi pas qen\u00eb n\u00eb dijeni e nuk kemi pas votuar p\u00ebr projekte q\u00eb m\u00eb shum\u00eb prishin se nd\u00ebrtojn\u00eb, shkat\u00ebrrojn\u00eb se mbroth\u00ebsojn\u00eb, at\u00ebher\u00eb marr\u00ebdh\u00ebnia e zgjedh\u00ebsit me t\u00eb zgjedhurit duket akoma m\u00eb hileqare. Edhe nd\u00ebrtimi i rrug\u00ebs Durr\u00ebs-Kuk\u00ebs, p\u00ebr t\u00eb cil\u00ebn shqiptar\u00ebt hyn\u00eb, pa u pyetur, n\u00eb nj\u00eb borxh t\u00eb pap\u00ebrballuesh\u00ebm, nuk u premtua n\u00eb fushat\u00ebn zgjedhore dhe as nuk \u00ebsht\u00eb shprehur n\u00eb programin elektoral t\u00eb PD-s\u00eb, gj\u00eb q\u00eb do t\u00eb thot\u00eb se p\u00ebr investimin e mbi nj\u00eb miliard e gjysm\u00eb eurove (pa p\u00ebrmendur m\u00ebnyr\u00ebn e tenderimit dhe as koston e lart\u00eb t\u00eb saj), ashtu si edhe p\u00ebr Piramid\u00ebn, \u201cZogun e Zi\u201d, unaz\u00ebn e Tiran\u00ebs e p\u00ebr xhamin\u00eb n\u00eb kryeqytet, nuk kan\u00eb dh\u00ebn\u00eb miratim votuesit, por kan\u00eb vendosur me kok\u00ebn e vet ose Sali Berisha, ose Edi Rama.<\/p>\n<p>Kjo logjik\u00eb \u201cmandatimi\u201d favorizon arbitraritetin, sipas modelit t\u00eb diktatur\u00ebs: Ligji jam un\u00eb q\u00eb kam pushtetin! Prandaj prishjet, shitjet e pasuris\u00eb komb\u00ebtare, rritja e rrogave, sasia e d\u00ebmshp\u00ebrblimeve, legalizimet, postet etj, ngjajn\u00eb ose si dhurat\u00eb, ose si nd\u00ebshkim nga ata q\u00eb kan\u00eb pushtetin. Mandati kthehet k\u00ebsisoj kund\u00ebr atij q\u00eb e ka dh\u00ebn\u00eb, pa e b\u00ebr\u00eb qejfin qeder. Por n\u00ebse krer\u00ebt bien dakord me nj\u00ebri-tjetrin jo vet\u00ebm p\u00ebr xhamin\u00eb e Piramid\u00ebn, p\u00ebr shitjen e Karaburunit, t\u00eb kufirit detar etj, as kriz\u00eb, as konflikt, as sherr nuk ka p\u00ebr t\u00eb pasur n\u00eb k\u00ebt\u00eb vend! Edhe Kushtetut\u00ebn, ata e ndryshojn\u00eb pa p\u00ebrfillur verdiktin popullor t\u00eb dh\u00ebn\u00eb me vot\u00eb referendare.<\/p>\n<p>N\u00eb k\u00ebt\u00eb klim\u00eb nuk quhet e nevojshme t\u00eb pyetet populli, madje nuk ka r\u00ebnd\u00ebsi \u00e7\u2019mendon votuesi, pasi mandati vler\u00ebsohet si nj\u00eb mall q\u00eb \u00ebsht\u00eb bler\u00eb nj\u00eb her\u00eb e mir\u00eb n\u00eb tregun e shumic\u00ebs t\u00eb politik\u00ebs. Sot nuk ka veprim m\u00eb t\u00eb kollajt\u00eb e t\u00eb natyrsh\u00ebm sesa (n\u00eb emrin ton\u00eb) t\u00eb vendosin p\u00ebr fatin ton\u00eb krer\u00ebt e mandatuar me plotfuqishm\u00ebri, sepse zgjedh\u00ebsi konsiderohet (pa bombardimit mediatik sikur ne, medemek, jemi m\u00eb t\u00eb lumturit) si nj\u00eb en\u00eb bosh! Ne jemi t\u00eb destinuar t\u00eb themi lepe-peqe e t\u00eb duartrokasim! K\u00ebt\u00eb \u201ct\u00eb drejt\u00eb ekskluzive\u201d t\u00eb udh\u00ebheq\u00ebsve p\u00ebr t\u00eb p\u00ebrcaktuar drejtimin e begatis\u00eb a t\u00eb mjerimit, t\u00eb emigrimit a t\u00eb q\u00ebndrimit n\u00eb atdhe, ne po m\u00ebsohemi ta marrim si t\u00eb mir\u00ebqen\u00eb, si nj\u00eb rregull t\u00eb padiskutuesh\u00ebm t\u00eb demokracis\u00eb, sepse tekefundit jan\u00eb ata, pa jemi ne!<\/p>\n<p>Ne quhemi t\u00eb lumtur vet\u00ebm n\u00ebse k\u00ebt\u00eb e thon\u00eb ata q\u00eb kan\u00eb marr\u00eb mandatin nga ne; edhe n\u00eb demokraci k\u00ebta \u201ct\u00eb mandatuar\u201d i japin t\u00eb drejt\u00eb vetes t\u00eb na m\u00ebkojn\u00eb me propagand\u00eb t\u00eb shpifur, por edhe t\u00eb na nd\u00ebshkojn\u00eb me mandate, duke sjell\u00eb d\u00ebme t\u00eb pallogaritshme. E m\u00eb pas, qytetar\u00ebt t\u00eb mos ken\u00eb t\u00eb drejt\u00eb t\u00eb ankohen, meq\u00eb&#8230; meq\u00eb mandatin ua kemi pas dh\u00ebn\u00eb vet\u00eb, me vullnet, me vot\u00eb apo qoft\u00eb edhe me nj\u00eb thes miell&#8230; Por, a duhet t\u00eb jet\u00eb k\u00ebshtu? N\u00eb cilin vend demokratik t\u00eb bot\u00ebs mund t\u00eb ndodh\u00eb q\u00eb, pas mandat\u00ebs s\u00eb G\u00ebrdecit, t\u00eb mos p\u00ebrgjigjet kurrkush nga t\u00eb mandatuarit? Jo, kurrkund nuk ka mandat t\u00eb p\u00ebrjetsh\u00ebm, t\u00eb pakufizuar, t\u00eb pakontrolluar, si tek ne!<\/p>\n<p>* * *<\/p>\n<p>Nisur nga mend\u00ebsia e diktatur\u00ebs, ku udh\u00ebheq\u00ebsi ka p\u00ebrher\u00eb e p\u00ebr gjith\u00e7ka t\u00eb drejt\u00eb, nd\u00ebrsa zgjedh\u00ebsit duhet t\u00eb ulin kok\u00ebn, edhe sot pun\u00ebt e fam\u00ebs i b\u00ebjn\u00eb \u201cata\u201d, nd\u00ebrsa t\u00eb k\u00ebqijat, kopeja e \u201cqytetar\u00ebve pa kultur\u00eb demokratike\u201d&#8230;P\u00ebr k\u00ebt\u00eb arsye k\u00ebrkohet q\u00eb veprat e m\u00ebdha t\u00eb pag\u00ebzohen me emrin e kryetarit t\u00eb partis\u00eb, q\u00eb tekefundit do t\u00eb thot\u00eb se jo vet\u00ebm populli, zgjedh\u00ebsit, taksapaguesit, specialist\u00ebt, interesi publik, por edhe qeveria e madje edhe forumet e partis\u00eb nuk kan\u00eb asnj\u00eb merit\u00eb p\u00ebr \u201cvendimmarrjet madhore\u201d. Ndaj, t\u00eb gjitha meritat (por jo gabimet!) i p\u00ebrvet\u00ebson kryetari i partis\u00eb, q\u00eb n\u00eb rastin konkret \u00ebsht\u00eb ose kryeminist\u00ebr, ose kryetar bashkie.<\/p>\n<p>K\u00ebta, pas marrjes s\u00eb mandatit, pasi shijojn\u00eb adhurimin ton\u00eb, krijojn\u00eb bindjen se jan\u00eb jo vet\u00ebm t\u00eb paz\u00ebvend\u00ebsuesh\u00ebm, por edhe t\u00eb pavdeksh\u00ebm! Ashtu si nd\u00ebrtimi i bunker\u00ebve apo veprave n\u00eb diktatur\u00eb, q\u00eb medemek do t\u00eb b\u00ebnin \u201c\u00e7lirimin e dyt\u00eb t\u00eb Shqip\u00ebris\u00eb\u201d (si metalurgjiku i Elbasanit etj), edhe sot \u201cveprat\u201d e m\u00ebdha po b\u00ebhen me gjas\u00eb n\u00eb em\u00ebr t\u00eb popullit, n\u00eb t\u00eb mir\u00eb e n\u00eb begati t\u00eb tij. (Kujtoni parull\u00ebn \u201c\u00c7\u2019do populli b\u00ebn partia, \u00e7\u2019thot\u00eb partia, b\u00ebn populli!\u201d, e cila sot p\u00ebrkthehet: \u201c\u00c7\u2019thot\u00eb kryetari, \u00ebsht\u00eb i detyruar t\u00eb b\u00ebj\u00eb populli\u201d.)<\/p>\n<p>Mesa duket, edhe n\u00eb demokraci, kur sundimi i Nj\u00ebshit b\u00ebhet absolut, e vetmja rrug\u00eb \u201ce ndershme\u201d ngjan abstenimi. Ja p\u00ebrse abstenimi n\u00eb shum\u00eb vende t\u00eb Lindjes, ngaq\u00eb \u00ebsht\u00eb rritur zhg\u00ebnjimi, ngaq\u00eb \u00ebsht\u00eb prishur raporti zgjedh\u00ebs &#8211; i zgjedhur, vota e indiferenc\u00ebs \u00ebsht\u00eb b\u00ebr\u00eb vot\u00eb nd\u00ebshkuese. Sepse n\u00ebn trysnin\u00eb e demagogjis\u00eb s\u00eb p\u00ebrs\u00ebritur, p\u00ebrball\u00eb organeve t\u00eb paralizuara t\u00eb Drejt\u00ebsis\u00eb, me nj\u00eb opinion publik t\u00eb belb\u00ebt, n\u00eb nj\u00eb sistem kryetarokrat, p\u00ebr shkak t\u00eb varf\u00ebris\u00eb dhe pasiguris\u00eb s\u00eb tejzgjatur, mandati i t\u00eb zgjedhurve tek ne tjet\u00ebrsohet si pa gj\u00eb t\u00eb keqe n\u00eb abuzim, n\u00eb mandat\u00eb, n\u00eb fatkeq\u00ebsi komb\u00ebtare dhe p\u00ebr k\u00ebt\u00eb, tradicionalisht, \u00ebsht\u00eb dashur t\u00eb paguajm\u00eb shtrenjt\u00eb ne si popull, si zgjedh\u00ebs. K\u00ebtu \u201cfle lepuri\u201d p\u00ebrse asnj\u00ebher\u00eb nuk nd\u00ebshkohen t\u00eb mandatuarit tan\u00eb, edhe kur k\u00ebta kryejn\u00eb d\u00ebme, shp\u00ebrdorime apo krime komb\u00ebtare&#8230;<\/p>\n<p>Por n\u00ebse n\u00eb diktatur\u00eb mandati nuk jepet nga populli, por \u201cmerret me pushk\u00eb\u201d, si i b\u00ebhet hallit n\u00eb demokraci q\u00eb nj\u00eb mandat i fituar me vot\u00eb t\u00eb lir\u00eb t\u00eb mos transformohet n\u00eb mandat\u00eb, q\u00eb zgjedh\u00ebsi t\u00eb mos dal\u00eb nga nj\u00eb zhg\u00ebnjim p\u00ebr t\u00eb p\u00ebrfunduar si kov\u00eb pusi, te nj\u00eb tjet\u00ebr? Si mund t\u00eb disiplinohet mandati i t\u00eb zgjedhurve q\u00eb k\u00ebta t\u00eb mos guxojn\u00eb t\u00eb abuzojn\u00eb me t\u00eb drejt\u00ebn e p\u00ebrfaq\u00ebsimit e t\u00eb mos veprojn\u00eb n\u00eb kund\u00ebrshti me interesin publik, kund\u00ebr q\u00ebllimit t\u00eb vot\u00ebs? Ky \u00ebsht\u00eb problemi par\u00ebsor i demokracis\u00eb son\u00eb \u201ct\u00eb brisht\u00eb\u201d.<\/p>\n<p>Trafikimi i mandateve q\u00eb tashm\u00eb \u00ebsht\u00eb b\u00ebr\u00eb nj\u00eb dukuri e r\u00ebndomt\u00eb, n\u00eb fakt \u00ebsht\u00eb ana m\u00eb sip\u00ebrfaq\u00ebsore e marr\u00ebdh\u00ebnies s\u00eb p\u00ebr\u00e7udnuar zgjedh\u00ebs &#8211; i zgjedhur. Mesa duket, n\u00eb k\u00ebt\u00eb Daut-demokraci, tjet\u00ebrsimi i mandatit n\u00eb mandat\u00eb qenka nj\u00eb gj\u00eb e natyrshme, e trash\u00ebguar, pun\u00eb e kollajt\u00eb, madje edhe leverdisjell\u00ebse. Kjo theqafje ka ndodhur edhe me mandatet e dh\u00ebna nga ne, &#8211; si po na thuhet, &#8211; me vot\u00eb t\u00eb lir\u00eb.<\/p>\n<p>Prandaj, ajo q\u00eb e vret m\u00eb shum\u00eb sistemin demokratik \u00ebsht\u00eb formula e trash\u00ebguar nga diktatura: \u201cN\u00eb em\u00ebr t\u00eb popullit\u201d q\u00eb tash, me nj\u00eb sintaks\u00eb m\u00eb demokratike, nga krer\u00ebt e sot\u00ebm shqiptohet disi m\u00eb ndryshe: \u201cNe t\u00eb maxhoranc\u00ebs kemi marr\u00eb mandatin e popullit me vota t\u00eb lira p\u00ebr t\u00eb qeverisur\u201d; pra, ne si maxhoranc\u00eb kemi t\u00eb drejt\u00eb t\u00eb marrim vendime arbitrare, qofshin edhe absurde, dhe p\u00ebr k\u00ebt\u00eb nuk ka t\u00eb drejt\u00eb askush t\u00eb na gjykoj\u00eb&#8230;! Nuk ka gj\u00eb m\u00eb vrastare p\u00ebr nj\u00eb demokraci se kjo bij\u00eb e mallkuar e formave t\u00eb dikurshme t\u00eb edukimit t\u00eb diktatur\u00ebs, kur para arrestimit apo pushkatimit thuhej: \u201cN\u00eb em\u00ebr t\u00eb popullit\u201d, ose: \u201cPushtetin e mor\u00ebm me gjak e me gjak mund ta l\u00ebshojm\u00eb!\u201d. Pik\u00ebrisht kjo mend\u00ebsi e tjet\u00ebrson mandatin n\u00eb mandat\u00eb!<\/p>\n","protected":false},"excerpt":{"rendered":"<p>Nga Ki\u00e7o Blushi, 27.11.2010 Dit\u00ebt e fundit, krer\u00ebt e dy partive m\u00eb t\u00eb m\u00ebdha, t\u00eb cilat prej 20 vitesh po qeverisin me alternim \u201cdemokratik\u201d Shqip\u00ebrin\u00eb e ngujuar n\u00eb kull\u00ebn e tranzicionit, dol\u00ebn n\u00ebp\u00ebr ekrane p\u00ebr t\u00eb na b\u00ebr\u00eb me dije se kan\u00eb marr\u00eb vendime tejet t\u00eb r\u00ebnd\u00ebsishme: nj\u00ebri e paska ndar\u00eb mendjen t\u00eb prish\u00eb Piramid\u00ebn, [&hellip;]<\/p>\n","protected":false},"author":1,"featured_media":0,"comment_status":"open","ping_status":"closed","sticky":false,"template":"","format":"standard","meta":{"footnotes":""},"categories":[2],"tags":[],"class_list":{"0":"post-4908","1":"post","2":"type-post","3":"status-publish","4":"format-standard","6":"category-artikuj"},"yoast_head":"<!-- This site is optimized with the Yoast SEO plugin v27.4 - https:\/\/yoast.com\/product\/yoast-seo-wordpress\/ -->\n<title>Si tjet\u00ebrsohet mandati n\u00eb mandat\u00eb? - FjALA e LIR\u00cb - Arkivi<\/title>\n<meta name=\"robots\" content=\"index, follow, max-snippet:-1, max-image-preview:large, max-video-preview:-1\" \/>\n<link rel=\"canonical\" href=\"https:\/\/fjala.info\/2009-2015\/si-tjetersohet-mandati-ne-mandate\/\" \/>\n<meta property=\"og:locale\" content=\"sq_AL\" \/>\n<meta property=\"og:type\" content=\"article\" \/>\n<meta property=\"og:title\" content=\"Si tjet\u00ebrsohet mandati n\u00eb mandat\u00eb? - FjALA e LIR\u00cb - Arkivi\" \/>\n<meta property=\"og:description\" content=\"Nga Ki\u00e7o Blushi, 27.11.2010 Dit\u00ebt e fundit, krer\u00ebt e dy partive m\u00eb t\u00eb m\u00ebdha, t\u00eb cilat prej 20 vitesh po qeverisin me alternim \u201cdemokratik\u201d Shqip\u00ebrin\u00eb e ngujuar n\u00eb kull\u00ebn e tranzicionit, dol\u00ebn n\u00ebp\u00ebr ekrane p\u00ebr t\u00eb na b\u00ebr\u00eb me dije se kan\u00eb marr\u00eb vendime tejet t\u00eb r\u00ebnd\u00ebsishme: nj\u00ebri e paska ndar\u00eb mendjen t\u00eb prish\u00eb Piramid\u00ebn, [&hellip;]\" \/>\n<meta property=\"og:url\" content=\"https:\/\/fjala.info\/2009-2015\/si-tjetersohet-mandati-ne-mandate\/\" \/>\n<meta property=\"og:site_name\" content=\"FjALA e LIR\u00cb - Arkivi\" \/>\n<meta property=\"article:published_time\" content=\"2010-11-27T06:28:13+00:00\" \/>\n<meta property=\"og:image\" content=\"http:\/\/fjala.shkoder.net\/wp-content\/uploads\/2010\/11\/parlament_salla-300x225.jpg\" \/>\n<meta name=\"author\" content=\"admin\" \/>\n<meta name=\"twitter:card\" content=\"summary_large_image\" \/>\n<meta name=\"twitter:label1\" content=\"Written by\" \/>\n\t<meta name=\"twitter:data1\" content=\"admin\" \/>\n\t<meta name=\"twitter:label2\" content=\"Est. reading time\" \/>\n\t<meta name=\"twitter:data2\" content=\"11 minutes\" \/>\n<script type=\"application\/ld+json\" class=\"yoast-schema-graph\">{\"@context\":\"https:\\\/\\\/schema.org\",\"@graph\":[{\"@type\":\"Article\",\"@id\":\"https:\\\/\\\/fjala.info\\\/2009-2015\\\/si-tjetersohet-mandati-ne-mandate\\\/#article\",\"isPartOf\":{\"@id\":\"https:\\\/\\\/fjala.info\\\/2009-2015\\\/si-tjetersohet-mandati-ne-mandate\\\/\"},\"author\":{\"name\":\"admin\",\"@id\":\"https:\\\/\\\/fjala.info\\\/2009-2015\\\/#\\\/schema\\\/person\\\/3aa1163ef05469c496fc94e77611ada2\"},\"headline\":\"Si tjet\u00ebrsohet mandati n\u00eb mandat\u00eb?\",\"datePublished\":\"2010-11-27T06:28:13+00:00\",\"mainEntityOfPage\":{\"@id\":\"https:\\\/\\\/fjala.info\\\/2009-2015\\\/si-tjetersohet-mandati-ne-mandate\\\/\"},\"wordCount\":2214,\"commentCount\":0,\"publisher\":{\"@id\":\"https:\\\/\\\/fjala.info\\\/2009-2015\\\/#organization\"},\"image\":{\"@id\":\"https:\\\/\\\/fjala.info\\\/2009-2015\\\/si-tjetersohet-mandati-ne-mandate\\\/#primaryimage\"},\"thumbnailUrl\":\"http:\\\/\\\/fjala.shkoder.net\\\/wp-content\\\/uploads\\\/2010\\\/11\\\/parlament_salla-300x225.jpg\",\"articleSection\":[\"Artikuj\"],\"inLanguage\":\"sq-AL\",\"potentialAction\":[{\"@type\":\"CommentAction\",\"name\":\"Comment\",\"target\":[\"https:\\\/\\\/fjala.info\\\/2009-2015\\\/si-tjetersohet-mandati-ne-mandate\\\/#respond\"]}]},{\"@type\":\"WebPage\",\"@id\":\"https:\\\/\\\/fjala.info\\\/2009-2015\\\/si-tjetersohet-mandati-ne-mandate\\\/\",\"url\":\"https:\\\/\\\/fjala.info\\\/2009-2015\\\/si-tjetersohet-mandati-ne-mandate\\\/\",\"name\":\"Si tjet\u00ebrsohet mandati n\u00eb mandat\u00eb? - FjALA e LIR\u00cb - Arkivi\",\"isPartOf\":{\"@id\":\"https:\\\/\\\/fjala.info\\\/2009-2015\\\/#website\"},\"primaryImageOfPage\":{\"@id\":\"https:\\\/\\\/fjala.info\\\/2009-2015\\\/si-tjetersohet-mandati-ne-mandate\\\/#primaryimage\"},\"image\":{\"@id\":\"https:\\\/\\\/fjala.info\\\/2009-2015\\\/si-tjetersohet-mandati-ne-mandate\\\/#primaryimage\"},\"thumbnailUrl\":\"http:\\\/\\\/fjala.shkoder.net\\\/wp-content\\\/uploads\\\/2010\\\/11\\\/parlament_salla-300x225.jpg\",\"datePublished\":\"2010-11-27T06:28:13+00:00\",\"breadcrumb\":{\"@id\":\"https:\\\/\\\/fjala.info\\\/2009-2015\\\/si-tjetersohet-mandati-ne-mandate\\\/#breadcrumb\"},\"inLanguage\":\"sq-AL\",\"potentialAction\":[{\"@type\":\"ReadAction\",\"target\":[\"https:\\\/\\\/fjala.info\\\/2009-2015\\\/si-tjetersohet-mandati-ne-mandate\\\/\"]}]},{\"@type\":\"ImageObject\",\"inLanguage\":\"sq-AL\",\"@id\":\"https:\\\/\\\/fjala.info\\\/2009-2015\\\/si-tjetersohet-mandati-ne-mandate\\\/#primaryimage\",\"url\":\"http:\\\/\\\/fjala.shkoder.net\\\/wp-content\\\/uploads\\\/2010\\\/11\\\/parlament_salla-300x225.jpg\",\"contentUrl\":\"http:\\\/\\\/fjala.shkoder.net\\\/wp-content\\\/uploads\\\/2010\\\/11\\\/parlament_salla-300x225.jpg\"},{\"@type\":\"BreadcrumbList\",\"@id\":\"https:\\\/\\\/fjala.info\\\/2009-2015\\\/si-tjetersohet-mandati-ne-mandate\\\/#breadcrumb\",\"itemListElement\":[{\"@type\":\"ListItem\",\"position\":1,\"name\":\"Home\",\"item\":\"https:\\\/\\\/fjala.info\\\/2009-2015\\\/\"},{\"@type\":\"ListItem\",\"position\":2,\"name\":\"Si tjet\u00ebrsohet mandati n\u00eb mandat\u00eb?\"}]},{\"@type\":\"WebSite\",\"@id\":\"https:\\\/\\\/fjala.info\\\/2009-2015\\\/#website\",\"url\":\"https:\\\/\\\/fjala.info\\\/2009-2015\\\/\",\"name\":\"FjALA e LIR\u00cb - Arkivi\",\"description\":\"Arkivi 2009-2015\",\"publisher\":{\"@id\":\"https:\\\/\\\/fjala.info\\\/2009-2015\\\/#organization\"},\"potentialAction\":[{\"@type\":\"SearchAction\",\"target\":{\"@type\":\"EntryPoint\",\"urlTemplate\":\"https:\\\/\\\/fjala.info\\\/2009-2015\\\/?s={search_term_string}\"},\"query-input\":{\"@type\":\"PropertyValueSpecification\",\"valueRequired\":true,\"valueName\":\"search_term_string\"}}],\"inLanguage\":\"sq-AL\"},{\"@type\":\"Organization\",\"@id\":\"https:\\\/\\\/fjala.info\\\/2009-2015\\\/#organization\",\"name\":\"FjALA e LIR\u00cb - Arkivi\",\"url\":\"https:\\\/\\\/fjala.info\\\/2009-2015\\\/\",\"logo\":{\"@type\":\"ImageObject\",\"inLanguage\":\"sq-AL\",\"@id\":\"https:\\\/\\\/fjala.info\\\/2009-2015\\\/#\\\/schema\\\/logo\\\/image\\\/\",\"url\":\"\",\"contentUrl\":\"\",\"caption\":\"FjALA e LIR\u00cb - Arkivi\"},\"image\":{\"@id\":\"https:\\\/\\\/fjala.info\\\/2009-2015\\\/#\\\/schema\\\/logo\\\/image\\\/\"}},{\"@type\":\"Person\",\"@id\":\"https:\\\/\\\/fjala.info\\\/2009-2015\\\/#\\\/schema\\\/person\\\/3aa1163ef05469c496fc94e77611ada2\",\"name\":\"admin\",\"image\":{\"@type\":\"ImageObject\",\"inLanguage\":\"sq-AL\",\"@id\":\"https:\\\/\\\/fjala.info\\\/2009-2015\\\/wp-content\\\/uploads\\\/2012\\\/02\\\/arben_cokaj-120x150.jpg\",\"url\":\"https:\\\/\\\/fjala.info\\\/2009-2015\\\/wp-content\\\/uploads\\\/2012\\\/02\\\/arben_cokaj-120x150.jpg\",\"contentUrl\":\"https:\\\/\\\/fjala.info\\\/2009-2015\\\/wp-content\\\/uploads\\\/2012\\\/02\\\/arben_cokaj-120x150.jpg\",\"caption\":\"admin\"},\"description\":\"Admin, Fjala e Lir\u00eb\",\"sameAs\":[\"https:\\\/\\\/fjala.info\\\/\"],\"url\":\"https:\\\/\\\/fjala.info\\\/2009-2015\\\/author\\\/admin\\\/\"}]}<\/script>\n<!-- \/ Yoast SEO plugin. -->","yoast_head_json":{"title":"Si tjet\u00ebrsohet mandati n\u00eb mandat\u00eb? - FjALA e LIR\u00cb - Arkivi","robots":{"index":"index","follow":"follow","max-snippet":"max-snippet:-1","max-image-preview":"max-image-preview:large","max-video-preview":"max-video-preview:-1"},"canonical":"https:\/\/fjala.info\/2009-2015\/si-tjetersohet-mandati-ne-mandate\/","og_locale":"sq_AL","og_type":"article","og_title":"Si tjet\u00ebrsohet mandati n\u00eb mandat\u00eb? - FjALA e LIR\u00cb - Arkivi","og_description":"Nga Ki\u00e7o Blushi, 27.11.2010 Dit\u00ebt e fundit, krer\u00ebt e dy partive m\u00eb t\u00eb m\u00ebdha, t\u00eb cilat prej 20 vitesh po qeverisin me alternim \u201cdemokratik\u201d Shqip\u00ebrin\u00eb e ngujuar n\u00eb kull\u00ebn e tranzicionit, dol\u00ebn n\u00ebp\u00ebr ekrane p\u00ebr t\u00eb na b\u00ebr\u00eb me dije se kan\u00eb marr\u00eb vendime tejet t\u00eb r\u00ebnd\u00ebsishme: nj\u00ebri e paska ndar\u00eb mendjen t\u00eb prish\u00eb Piramid\u00ebn, [&hellip;]","og_url":"https:\/\/fjala.info\/2009-2015\/si-tjetersohet-mandati-ne-mandate\/","og_site_name":"FjALA e LIR\u00cb - Arkivi","article_published_time":"2010-11-27T06:28:13+00:00","og_image":[{"url":"http:\/\/fjala.shkoder.net\/wp-content\/uploads\/2010\/11\/parlament_salla-300x225.jpg","type":"","width":"","height":""}],"author":"admin","twitter_card":"summary_large_image","twitter_misc":{"Written by":"admin","Est. reading time":"11 minutes"},"schema":{"@context":"https:\/\/schema.org","@graph":[{"@type":"Article","@id":"https:\/\/fjala.info\/2009-2015\/si-tjetersohet-mandati-ne-mandate\/#article","isPartOf":{"@id":"https:\/\/fjala.info\/2009-2015\/si-tjetersohet-mandati-ne-mandate\/"},"author":{"name":"admin","@id":"https:\/\/fjala.info\/2009-2015\/#\/schema\/person\/3aa1163ef05469c496fc94e77611ada2"},"headline":"Si tjet\u00ebrsohet mandati n\u00eb mandat\u00eb?","datePublished":"2010-11-27T06:28:13+00:00","mainEntityOfPage":{"@id":"https:\/\/fjala.info\/2009-2015\/si-tjetersohet-mandati-ne-mandate\/"},"wordCount":2214,"commentCount":0,"publisher":{"@id":"https:\/\/fjala.info\/2009-2015\/#organization"},"image":{"@id":"https:\/\/fjala.info\/2009-2015\/si-tjetersohet-mandati-ne-mandate\/#primaryimage"},"thumbnailUrl":"http:\/\/fjala.shkoder.net\/wp-content\/uploads\/2010\/11\/parlament_salla-300x225.jpg","articleSection":["Artikuj"],"inLanguage":"sq-AL","potentialAction":[{"@type":"CommentAction","name":"Comment","target":["https:\/\/fjala.info\/2009-2015\/si-tjetersohet-mandati-ne-mandate\/#respond"]}]},{"@type":"WebPage","@id":"https:\/\/fjala.info\/2009-2015\/si-tjetersohet-mandati-ne-mandate\/","url":"https:\/\/fjala.info\/2009-2015\/si-tjetersohet-mandati-ne-mandate\/","name":"Si tjet\u00ebrsohet mandati n\u00eb mandat\u00eb? - FjALA e LIR\u00cb - Arkivi","isPartOf":{"@id":"https:\/\/fjala.info\/2009-2015\/#website"},"primaryImageOfPage":{"@id":"https:\/\/fjala.info\/2009-2015\/si-tjetersohet-mandati-ne-mandate\/#primaryimage"},"image":{"@id":"https:\/\/fjala.info\/2009-2015\/si-tjetersohet-mandati-ne-mandate\/#primaryimage"},"thumbnailUrl":"http:\/\/fjala.shkoder.net\/wp-content\/uploads\/2010\/11\/parlament_salla-300x225.jpg","datePublished":"2010-11-27T06:28:13+00:00","breadcrumb":{"@id":"https:\/\/fjala.info\/2009-2015\/si-tjetersohet-mandati-ne-mandate\/#breadcrumb"},"inLanguage":"sq-AL","potentialAction":[{"@type":"ReadAction","target":["https:\/\/fjala.info\/2009-2015\/si-tjetersohet-mandati-ne-mandate\/"]}]},{"@type":"ImageObject","inLanguage":"sq-AL","@id":"https:\/\/fjala.info\/2009-2015\/si-tjetersohet-mandati-ne-mandate\/#primaryimage","url":"http:\/\/fjala.shkoder.net\/wp-content\/uploads\/2010\/11\/parlament_salla-300x225.jpg","contentUrl":"http:\/\/fjala.shkoder.net\/wp-content\/uploads\/2010\/11\/parlament_salla-300x225.jpg"},{"@type":"BreadcrumbList","@id":"https:\/\/fjala.info\/2009-2015\/si-tjetersohet-mandati-ne-mandate\/#breadcrumb","itemListElement":[{"@type":"ListItem","position":1,"name":"Home","item":"https:\/\/fjala.info\/2009-2015\/"},{"@type":"ListItem","position":2,"name":"Si tjet\u00ebrsohet mandati n\u00eb mandat\u00eb?"}]},{"@type":"WebSite","@id":"https:\/\/fjala.info\/2009-2015\/#website","url":"https:\/\/fjala.info\/2009-2015\/","name":"FjALA e LIR\u00cb - Arkivi","description":"Arkivi 2009-2015","publisher":{"@id":"https:\/\/fjala.info\/2009-2015\/#organization"},"potentialAction":[{"@type":"SearchAction","target":{"@type":"EntryPoint","urlTemplate":"https:\/\/fjala.info\/2009-2015\/?s={search_term_string}"},"query-input":{"@type":"PropertyValueSpecification","valueRequired":true,"valueName":"search_term_string"}}],"inLanguage":"sq-AL"},{"@type":"Organization","@id":"https:\/\/fjala.info\/2009-2015\/#organization","name":"FjALA e LIR\u00cb - Arkivi","url":"https:\/\/fjala.info\/2009-2015\/","logo":{"@type":"ImageObject","inLanguage":"sq-AL","@id":"https:\/\/fjala.info\/2009-2015\/#\/schema\/logo\/image\/","url":"","contentUrl":"","caption":"FjALA e LIR\u00cb - Arkivi"},"image":{"@id":"https:\/\/fjala.info\/2009-2015\/#\/schema\/logo\/image\/"}},{"@type":"Person","@id":"https:\/\/fjala.info\/2009-2015\/#\/schema\/person\/3aa1163ef05469c496fc94e77611ada2","name":"admin","image":{"@type":"ImageObject","inLanguage":"sq-AL","@id":"https:\/\/fjala.info\/2009-2015\/wp-content\/uploads\/2012\/02\/arben_cokaj-120x150.jpg","url":"https:\/\/fjala.info\/2009-2015\/wp-content\/uploads\/2012\/02\/arben_cokaj-120x150.jpg","contentUrl":"https:\/\/fjala.info\/2009-2015\/wp-content\/uploads\/2012\/02\/arben_cokaj-120x150.jpg","caption":"admin"},"description":"Admin, Fjala e Lir\u00eb","sameAs":["https:\/\/fjala.info\/"],"url":"https:\/\/fjala.info\/2009-2015\/author\/admin\/"}]}},"_links":{"self":[{"href":"https:\/\/fjala.info\/2009-2015\/wp-json\/wp\/v2\/posts\/4908","targetHints":{"allow":["GET"]}}],"collection":[{"href":"https:\/\/fjala.info\/2009-2015\/wp-json\/wp\/v2\/posts"}],"about":[{"href":"https:\/\/fjala.info\/2009-2015\/wp-json\/wp\/v2\/types\/post"}],"author":[{"embeddable":true,"href":"https:\/\/fjala.info\/2009-2015\/wp-json\/wp\/v2\/users\/1"}],"replies":[{"embeddable":true,"href":"https:\/\/fjala.info\/2009-2015\/wp-json\/wp\/v2\/comments?post=4908"}],"version-history":[{"count":0,"href":"https:\/\/fjala.info\/2009-2015\/wp-json\/wp\/v2\/posts\/4908\/revisions"}],"wp:attachment":[{"href":"https:\/\/fjala.info\/2009-2015\/wp-json\/wp\/v2\/media?parent=4908"}],"wp:term":[{"taxonomy":"category","embeddable":true,"href":"https:\/\/fjala.info\/2009-2015\/wp-json\/wp\/v2\/categories?post=4908"},{"taxonomy":"post_tag","embeddable":true,"href":"https:\/\/fjala.info\/2009-2015\/wp-json\/wp\/v2\/tags?post=4908"}],"curies":[{"name":"wp","href":"https:\/\/api.w.org\/{rel}","templated":true}]}}