{"id":488,"date":"2011-12-05T09:14:33","date_gmt":"2011-12-05T08:14:33","guid":{"rendered":"http:\/\/fjala.shkoder.net\/?p=488"},"modified":"2011-12-05T09:14:33","modified_gmt":"2011-12-05T08:14:33","slug":"rama-i-quan-maqedonasit-barbare-primitive","status":"publish","type":"post","link":"https:\/\/fjala.info\/2009-2015\/rama-i-quan-maqedonasit-barbare-primitive\/","title":{"rendered":"Rama i quan maqedonasit barbar\u00eb primitiv\u00eb"},"content":{"rendered":"<p><img decoding=\"async\" class=\"alignleft size-thumbnail wp-image-7236\" title=\"Edi Rama\" src=\"http:\/\/www.shkoder.net\/images\/fjala\/2011\/edi_rama_shkup.jpg\" alt=\"\" width=\"200\" \/><strong>Lajm-maqedoni<\/strong>, <em>04.12.2011<\/em><\/p>\n<p>Kryetari i Partis\u00eb Socialiste Edi Rama, i ka quajtur barbar\u00eb primitiv\u00eb maqedonasit p\u00ebr shkak t\u00eb arrestimit t\u00eb kat\u00ebr shqiptar\u00ebve q\u00eb vizatuan hart\u00ebn e Shqip\u00ebris\u00eb Entike n\u00eb Tetov\u00eb. K\u00ebto komente Rama I b\u00ebri gjat\u00eb promovimit t\u00eb librit t\u00eb tij n\u00eb Shkup.<\/p>\n<p>\u201c\u00c7do kush ka t\u00eb drejt\u00eb t\u00eb vizatoj\u00eb harta. Mund t\u00eb vizatoj\u00eb edhe hartr\u00ebn e bot\u00ebs dhe t\u00eb shkruaj kjo \u00ebsht\u00eb republika ime dhe \u00e7far\u00eb t\u00eb b\u00ebjn\u00eb ta d\u00ebrgojn\u00eb n\u00eb Hag\u00eb dhe ta akuzojn\u00eb p\u00ebr krime kund\u00ebr gjith\u00eb bot\u00ebs? Cfar\u00eb jan\u00eb k\u00ebta barabar\u00eb primitiv, kjo \u00ebsht\u00eb e patolerushme\u201d tha Rama.<\/p>\n","protected":false},"excerpt":{"rendered":"<p>Lajm-maqedoni, 04.12.2011 Kryetari i Partis\u00eb Socialiste Edi Rama, i ka quajtur barbar\u00eb primitiv\u00eb maqedonasit p\u00ebr shkak t\u00eb arrestimit t\u00eb kat\u00ebr shqiptar\u00ebve q\u00eb vizatuan hart\u00ebn e Shqip\u00ebris\u00eb Entike n\u00eb Tetov\u00eb. K\u00ebto komente Rama I b\u00ebri gjat\u00eb promovimit t\u00eb librit t\u00eb tij n\u00eb Shkup. \u201c\u00c7do kush ka t\u00eb drejt\u00eb t\u00eb vizatoj\u00eb harta. Mund t\u00eb vizatoj\u00eb edhe hartr\u00ebn [&hellip;]<\/p>\n","protected":false},"author":1,"featured_media":0,"comment_status":"open","ping_status":"closed","sticky":false,"template":"","format":"standard","meta":{"footnotes":""},"categories":[5],"tags":[],"class_list":{"0":"post-488","1":"post","2":"type-post","3":"status-publish","4":"format-standard","6":"category-lajme"},"yoast_head":"<!-- This site is optimized with the Yoast SEO plugin v27.4 - https:\/\/yoast.com\/product\/yoast-seo-wordpress\/ -->\n<title>Rama i quan maqedonasit barbar\u00eb primitiv\u00eb - FjALA e LIR\u00cb - Arkivi<\/title>\n<meta name=\"robots\" content=\"index, follow, max-snippet:-1, max-image-preview:large, max-video-preview:-1\" \/>\n<link rel=\"canonical\" href=\"https:\/\/fjala.info\/2009-2015\/rama-i-quan-maqedonasit-barbare-primitive\/\" \/>\n<meta property=\"og:locale\" content=\"sq_AL\" \/>\n<meta property=\"og:type\" content=\"article\" \/>\n<meta property=\"og:title\" content=\"Rama i quan maqedonasit barbar\u00eb primitiv\u00eb - FjALA e LIR\u00cb - Arkivi\" \/>\n<meta property=\"og:description\" content=\"Lajm-maqedoni, 04.12.2011 Kryetari i Partis\u00eb Socialiste Edi Rama, i ka quajtur barbar\u00eb primitiv\u00eb maqedonasit p\u00ebr shkak t\u00eb arrestimit t\u00eb kat\u00ebr shqiptar\u00ebve q\u00eb vizatuan hart\u00ebn e Shqip\u00ebris\u00eb Entike n\u00eb Tetov\u00eb. K\u00ebto komente Rama I b\u00ebri gjat\u00eb promovimit t\u00eb librit t\u00eb tij n\u00eb Shkup. \u201c\u00c7do kush ka t\u00eb drejt\u00eb t\u00eb vizatoj\u00eb harta. Mund t\u00eb vizatoj\u00eb edhe hartr\u00ebn [&hellip;]\" \/>\n<meta property=\"og:url\" content=\"https:\/\/fjala.info\/2009-2015\/rama-i-quan-maqedonasit-barbare-primitive\/\" \/>\n<meta property=\"og:site_name\" content=\"FjALA e LIR\u00cb - Arkivi\" \/>\n<meta property=\"article:published_time\" content=\"2011-12-05T08:14:33+00:00\" \/>\n<meta property=\"og:image\" content=\"http:\/\/www.shkoder.net\/images\/fjala\/2011\/edi_rama_shkup.jpg\" \/>\n<meta name=\"author\" content=\"admin\" \/>\n<meta name=\"twitter:card\" content=\"summary_large_image\" \/>\n<meta name=\"twitter:label1\" content=\"Written by\" \/>\n\t<meta name=\"twitter:data1\" content=\"admin\" \/>\n\t<meta name=\"twitter:label2\" content=\"Est. reading time\" \/>\n\t<meta name=\"twitter:data2\" content=\"1 minute\" \/>\n<script type=\"application\/ld+json\" class=\"yoast-schema-graph\">{\"@context\":\"https:\\\/\\\/schema.org\",\"@graph\":[{\"@type\":\"Article\",\"@id\":\"https:\\\/\\\/fjala.info\\\/2009-2015\\\/rama-i-quan-maqedonasit-barbare-primitive\\\/#article\",\"isPartOf\":{\"@id\":\"https:\\\/\\\/fjala.info\\\/2009-2015\\\/rama-i-quan-maqedonasit-barbare-primitive\\\/\"},\"author\":{\"name\":\"admin\",\"@id\":\"https:\\\/\\\/fjala.info\\\/2009-2015\\\/#\\\/schema\\\/person\\\/3aa1163ef05469c496fc94e77611ada2\"},\"headline\":\"Rama i quan maqedonasit barbar\u00eb primitiv\u00eb\",\"datePublished\":\"2011-12-05T08:14:33+00:00\",\"mainEntityOfPage\":{\"@id\":\"https:\\\/\\\/fjala.info\\\/2009-2015\\\/rama-i-quan-maqedonasit-barbare-primitive\\\/\"},\"wordCount\":111,\"commentCount\":0,\"publisher\":{\"@id\":\"https:\\\/\\\/fjala.info\\\/2009-2015\\\/#organization\"},\"image\":{\"@id\":\"https:\\\/\\\/fjala.info\\\/2009-2015\\\/rama-i-quan-maqedonasit-barbare-primitive\\\/#primaryimage\"},\"thumbnailUrl\":\"http:\\\/\\\/www.shkoder.net\\\/images\\\/fjala\\\/2011\\\/edi_rama_shkup.jpg\",\"articleSection\":[\"Lajme\"],\"inLanguage\":\"sq-AL\",\"potentialAction\":[{\"@type\":\"CommentAction\",\"name\":\"Comment\",\"target\":[\"https:\\\/\\\/fjala.info\\\/2009-2015\\\/rama-i-quan-maqedonasit-barbare-primitive\\\/#respond\"]}]},{\"@type\":\"WebPage\",\"@id\":\"https:\\\/\\\/fjala.info\\\/2009-2015\\\/rama-i-quan-maqedonasit-barbare-primitive\\\/\",\"url\":\"https:\\\/\\\/fjala.info\\\/2009-2015\\\/rama-i-quan-maqedonasit-barbare-primitive\\\/\",\"name\":\"Rama i quan maqedonasit barbar\u00eb primitiv\u00eb - FjALA e LIR\u00cb - Arkivi\",\"isPartOf\":{\"@id\":\"https:\\\/\\\/fjala.info\\\/2009-2015\\\/#website\"},\"primaryImageOfPage\":{\"@id\":\"https:\\\/\\\/fjala.info\\\/2009-2015\\\/rama-i-quan-maqedonasit-barbare-primitive\\\/#primaryimage\"},\"image\":{\"@id\":\"https:\\\/\\\/fjala.info\\\/2009-2015\\\/rama-i-quan-maqedonasit-barbare-primitive\\\/#primaryimage\"},\"thumbnailUrl\":\"http:\\\/\\\/www.shkoder.net\\\/images\\\/fjala\\\/2011\\\/edi_rama_shkup.jpg\",\"datePublished\":\"2011-12-05T08:14:33+00:00\",\"breadcrumb\":{\"@id\":\"https:\\\/\\\/fjala.info\\\/2009-2015\\\/rama-i-quan-maqedonasit-barbare-primitive\\\/#breadcrumb\"},\"inLanguage\":\"sq-AL\",\"potentialAction\":[{\"@type\":\"ReadAction\",\"target\":[\"https:\\\/\\\/fjala.info\\\/2009-2015\\\/rama-i-quan-maqedonasit-barbare-primitive\\\/\"]}]},{\"@type\":\"ImageObject\",\"inLanguage\":\"sq-AL\",\"@id\":\"https:\\\/\\\/fjala.info\\\/2009-2015\\\/rama-i-quan-maqedonasit-barbare-primitive\\\/#primaryimage\",\"url\":\"http:\\\/\\\/www.shkoder.net\\\/images\\\/fjala\\\/2011\\\/edi_rama_shkup.jpg\",\"contentUrl\":\"http:\\\/\\\/www.shkoder.net\\\/images\\\/fjala\\\/2011\\\/edi_rama_shkup.jpg\"},{\"@type\":\"BreadcrumbList\",\"@id\":\"https:\\\/\\\/fjala.info\\\/2009-2015\\\/rama-i-quan-maqedonasit-barbare-primitive\\\/#breadcrumb\",\"itemListElement\":[{\"@type\":\"ListItem\",\"position\":1,\"name\":\"Home\",\"item\":\"https:\\\/\\\/fjala.info\\\/2009-2015\\\/\"},{\"@type\":\"ListItem\",\"position\":2,\"name\":\"Rama i quan maqedonasit barbar\u00eb primitiv\u00eb\"}]},{\"@type\":\"WebSite\",\"@id\":\"https:\\\/\\\/fjala.info\\\/2009-2015\\\/#website\",\"url\":\"https:\\\/\\\/fjala.info\\\/2009-2015\\\/\",\"name\":\"FjALA e LIR\u00cb - Arkivi\",\"description\":\"Arkivi 2009-2015\",\"publisher\":{\"@id\":\"https:\\\/\\\/fjala.info\\\/2009-2015\\\/#organization\"},\"potentialAction\":[{\"@type\":\"SearchAction\",\"target\":{\"@type\":\"EntryPoint\",\"urlTemplate\":\"https:\\\/\\\/fjala.info\\\/2009-2015\\\/?s={search_term_string}\"},\"query-input\":{\"@type\":\"PropertyValueSpecification\",\"valueRequired\":true,\"valueName\":\"search_term_string\"}}],\"inLanguage\":\"sq-AL\"},{\"@type\":\"Organization\",\"@id\":\"https:\\\/\\\/fjala.info\\\/2009-2015\\\/#organization\",\"name\":\"FjALA e LIR\u00cb - Arkivi\",\"url\":\"https:\\\/\\\/fjala.info\\\/2009-2015\\\/\",\"logo\":{\"@type\":\"ImageObject\",\"inLanguage\":\"sq-AL\",\"@id\":\"https:\\\/\\\/fjala.info\\\/2009-2015\\\/#\\\/schema\\\/logo\\\/image\\\/\",\"url\":\"\",\"contentUrl\":\"\",\"caption\":\"FjALA e LIR\u00cb - Arkivi\"},\"image\":{\"@id\":\"https:\\\/\\\/fjala.info\\\/2009-2015\\\/#\\\/schema\\\/logo\\\/image\\\/\"}},{\"@type\":\"Person\",\"@id\":\"https:\\\/\\\/fjala.info\\\/2009-2015\\\/#\\\/schema\\\/person\\\/3aa1163ef05469c496fc94e77611ada2\",\"name\":\"admin\",\"image\":{\"@type\":\"ImageObject\",\"inLanguage\":\"sq-AL\",\"@id\":\"https:\\\/\\\/fjala.info\\\/2009-2015\\\/wp-content\\\/uploads\\\/2012\\\/02\\\/arben_cokaj-120x150.jpg\",\"url\":\"https:\\\/\\\/fjala.info\\\/2009-2015\\\/wp-content\\\/uploads\\\/2012\\\/02\\\/arben_cokaj-120x150.jpg\",\"contentUrl\":\"https:\\\/\\\/fjala.info\\\/2009-2015\\\/wp-content\\\/uploads\\\/2012\\\/02\\\/arben_cokaj-120x150.jpg\",\"caption\":\"admin\"},\"description\":\"Admin, Fjala e Lir\u00eb\",\"sameAs\":[\"https:\\\/\\\/fjala.info\\\/\"],\"url\":\"https:\\\/\\\/fjala.info\\\/2009-2015\\\/author\\\/admin\\\/\"}]}<\/script>\n<!-- \/ Yoast SEO plugin. -->","yoast_head_json":{"title":"Rama i quan maqedonasit barbar\u00eb primitiv\u00eb - FjALA e LIR\u00cb - Arkivi","robots":{"index":"index","follow":"follow","max-snippet":"max-snippet:-1","max-image-preview":"max-image-preview:large","max-video-preview":"max-video-preview:-1"},"canonical":"https:\/\/fjala.info\/2009-2015\/rama-i-quan-maqedonasit-barbare-primitive\/","og_locale":"sq_AL","og_type":"article","og_title":"Rama i quan maqedonasit barbar\u00eb primitiv\u00eb - FjALA e LIR\u00cb - Arkivi","og_description":"Lajm-maqedoni, 04.12.2011 Kryetari i Partis\u00eb Socialiste Edi Rama, i ka quajtur barbar\u00eb primitiv\u00eb maqedonasit p\u00ebr shkak t\u00eb arrestimit t\u00eb kat\u00ebr shqiptar\u00ebve q\u00eb vizatuan hart\u00ebn e Shqip\u00ebris\u00eb Entike n\u00eb Tetov\u00eb. K\u00ebto komente Rama I b\u00ebri gjat\u00eb promovimit t\u00eb librit t\u00eb tij n\u00eb Shkup. \u201c\u00c7do kush ka t\u00eb drejt\u00eb t\u00eb vizatoj\u00eb harta. Mund t\u00eb vizatoj\u00eb edhe hartr\u00ebn [&hellip;]","og_url":"https:\/\/fjala.info\/2009-2015\/rama-i-quan-maqedonasit-barbare-primitive\/","og_site_name":"FjALA e LIR\u00cb - Arkivi","article_published_time":"2011-12-05T08:14:33+00:00","og_image":[{"url":"http:\/\/www.shkoder.net\/images\/fjala\/2011\/edi_rama_shkup.jpg","type":"","width":"","height":""}],"author":"admin","twitter_card":"summary_large_image","twitter_misc":{"Written by":"admin","Est. reading time":"1 minute"},"schema":{"@context":"https:\/\/schema.org","@graph":[{"@type":"Article","@id":"https:\/\/fjala.info\/2009-2015\/rama-i-quan-maqedonasit-barbare-primitive\/#article","isPartOf":{"@id":"https:\/\/fjala.info\/2009-2015\/rama-i-quan-maqedonasit-barbare-primitive\/"},"author":{"name":"admin","@id":"https:\/\/fjala.info\/2009-2015\/#\/schema\/person\/3aa1163ef05469c496fc94e77611ada2"},"headline":"Rama i quan maqedonasit barbar\u00eb primitiv\u00eb","datePublished":"2011-12-05T08:14:33+00:00","mainEntityOfPage":{"@id":"https:\/\/fjala.info\/2009-2015\/rama-i-quan-maqedonasit-barbare-primitive\/"},"wordCount":111,"commentCount":0,"publisher":{"@id":"https:\/\/fjala.info\/2009-2015\/#organization"},"image":{"@id":"https:\/\/fjala.info\/2009-2015\/rama-i-quan-maqedonasit-barbare-primitive\/#primaryimage"},"thumbnailUrl":"http:\/\/www.shkoder.net\/images\/fjala\/2011\/edi_rama_shkup.jpg","articleSection":["Lajme"],"inLanguage":"sq-AL","potentialAction":[{"@type":"CommentAction","name":"Comment","target":["https:\/\/fjala.info\/2009-2015\/rama-i-quan-maqedonasit-barbare-primitive\/#respond"]}]},{"@type":"WebPage","@id":"https:\/\/fjala.info\/2009-2015\/rama-i-quan-maqedonasit-barbare-primitive\/","url":"https:\/\/fjala.info\/2009-2015\/rama-i-quan-maqedonasit-barbare-primitive\/","name":"Rama i quan maqedonasit barbar\u00eb primitiv\u00eb - FjALA e LIR\u00cb - Arkivi","isPartOf":{"@id":"https:\/\/fjala.info\/2009-2015\/#website"},"primaryImageOfPage":{"@id":"https:\/\/fjala.info\/2009-2015\/rama-i-quan-maqedonasit-barbare-primitive\/#primaryimage"},"image":{"@id":"https:\/\/fjala.info\/2009-2015\/rama-i-quan-maqedonasit-barbare-primitive\/#primaryimage"},"thumbnailUrl":"http:\/\/www.shkoder.net\/images\/fjala\/2011\/edi_rama_shkup.jpg","datePublished":"2011-12-05T08:14:33+00:00","breadcrumb":{"@id":"https:\/\/fjala.info\/2009-2015\/rama-i-quan-maqedonasit-barbare-primitive\/#breadcrumb"},"inLanguage":"sq-AL","potentialAction":[{"@type":"ReadAction","target":["https:\/\/fjala.info\/2009-2015\/rama-i-quan-maqedonasit-barbare-primitive\/"]}]},{"@type":"ImageObject","inLanguage":"sq-AL","@id":"https:\/\/fjala.info\/2009-2015\/rama-i-quan-maqedonasit-barbare-primitive\/#primaryimage","url":"http:\/\/www.shkoder.net\/images\/fjala\/2011\/edi_rama_shkup.jpg","contentUrl":"http:\/\/www.shkoder.net\/images\/fjala\/2011\/edi_rama_shkup.jpg"},{"@type":"BreadcrumbList","@id":"https:\/\/fjala.info\/2009-2015\/rama-i-quan-maqedonasit-barbare-primitive\/#breadcrumb","itemListElement":[{"@type":"ListItem","position":1,"name":"Home","item":"https:\/\/fjala.info\/2009-2015\/"},{"@type":"ListItem","position":2,"name":"Rama i quan maqedonasit barbar\u00eb primitiv\u00eb"}]},{"@type":"WebSite","@id":"https:\/\/fjala.info\/2009-2015\/#website","url":"https:\/\/fjala.info\/2009-2015\/","name":"FjALA e LIR\u00cb - Arkivi","description":"Arkivi 2009-2015","publisher":{"@id":"https:\/\/fjala.info\/2009-2015\/#organization"},"potentialAction":[{"@type":"SearchAction","target":{"@type":"EntryPoint","urlTemplate":"https:\/\/fjala.info\/2009-2015\/?s={search_term_string}"},"query-input":{"@type":"PropertyValueSpecification","valueRequired":true,"valueName":"search_term_string"}}],"inLanguage":"sq-AL"},{"@type":"Organization","@id":"https:\/\/fjala.info\/2009-2015\/#organization","name":"FjALA e LIR\u00cb - Arkivi","url":"https:\/\/fjala.info\/2009-2015\/","logo":{"@type":"ImageObject","inLanguage":"sq-AL","@id":"https:\/\/fjala.info\/2009-2015\/#\/schema\/logo\/image\/","url":"","contentUrl":"","caption":"FjALA e LIR\u00cb - Arkivi"},"image":{"@id":"https:\/\/fjala.info\/2009-2015\/#\/schema\/logo\/image\/"}},{"@type":"Person","@id":"https:\/\/fjala.info\/2009-2015\/#\/schema\/person\/3aa1163ef05469c496fc94e77611ada2","name":"admin","image":{"@type":"ImageObject","inLanguage":"sq-AL","@id":"https:\/\/fjala.info\/2009-2015\/wp-content\/uploads\/2012\/02\/arben_cokaj-120x150.jpg","url":"https:\/\/fjala.info\/2009-2015\/wp-content\/uploads\/2012\/02\/arben_cokaj-120x150.jpg","contentUrl":"https:\/\/fjala.info\/2009-2015\/wp-content\/uploads\/2012\/02\/arben_cokaj-120x150.jpg","caption":"admin"},"description":"Admin, Fjala e Lir\u00eb","sameAs":["https:\/\/fjala.info\/"],"url":"https:\/\/fjala.info\/2009-2015\/author\/admin\/"}]}},"_links":{"self":[{"href":"https:\/\/fjala.info\/2009-2015\/wp-json\/wp\/v2\/posts\/488","targetHints":{"allow":["GET"]}}],"collection":[{"href":"https:\/\/fjala.info\/2009-2015\/wp-json\/wp\/v2\/posts"}],"about":[{"href":"https:\/\/fjala.info\/2009-2015\/wp-json\/wp\/v2\/types\/post"}],"author":[{"embeddable":true,"href":"https:\/\/fjala.info\/2009-2015\/wp-json\/wp\/v2\/users\/1"}],"replies":[{"embeddable":true,"href":"https:\/\/fjala.info\/2009-2015\/wp-json\/wp\/v2\/comments?post=488"}],"version-history":[{"count":0,"href":"https:\/\/fjala.info\/2009-2015\/wp-json\/wp\/v2\/posts\/488\/revisions"}],"wp:attachment":[{"href":"https:\/\/fjala.info\/2009-2015\/wp-json\/wp\/v2\/media?parent=488"}],"wp:term":[{"taxonomy":"category","embeddable":true,"href":"https:\/\/fjala.info\/2009-2015\/wp-json\/wp\/v2\/categories?post=488"},{"taxonomy":"post_tag","embeddable":true,"href":"https:\/\/fjala.info\/2009-2015\/wp-json\/wp\/v2\/tags?post=488"}],"curies":[{"name":"wp","href":"https:\/\/api.w.org\/{rel}","templated":true}]}}