{"id":4811,"date":"2010-11-16T14:57:59","date_gmt":"2010-11-16T13:57:59","guid":{"rendered":"http:\/\/fjala.shkoder.net\/?p=4811"},"modified":"2010-11-16T14:57:59","modified_gmt":"2010-11-16T13:57:59","slug":"pse-duhet-mbajtur-zgjedhje-te-lira-dhe-te-ndershme","status":"publish","type":"post","link":"https:\/\/fjala.info\/2009-2015\/pse-duhet-mbajtur-zgjedhje-te-lira-dhe-te-ndershme\/","title":{"rendered":"PSE DUHET MBAJTUR ZGJEDHJE T\u00cb LIRA DHE T\u00cb NDERSHME ?"},"content":{"rendered":"<p><img loading=\"lazy\" decoding=\"async\" class=\"alignleft size-full wp-image-4338\" title=\"Hysen Ibrahimi\" src=\"http:\/\/fjala.shkoder.net\/wp-content\/uploads\/2010\/10\/hysen_ibrahimi1.jpg\" alt=\"\" width=\"120\" height=\"90\" \/><\/p>\n<p>Nga: <strong>Hysen Ibrahimi<\/strong>, Suedi \u2013 F\u00f6rsl\u00f6v, <em>16-11-2010<\/em><\/p>\n<p><strong><em>\u201eVet\u00ebdija intelektuale dhe komb\u00ebtare, duhet t\u00eb ndikoj dhe t\u00eb eleminon dilem\u00ebn e keqp\u00ebrdorimit t\u00eb zgjedhjeve, duke marr\u00eb funksionin e nd\u00ebrmjet\u00ebsuesit n\u00eb mes partive politike dhe qyetarit t\u00eb Kosov\u00ebs<\/em><\/strong>\u201d.<\/p>\n<p>Dy jan\u00eb arsyet kryesore q\u00eb me nj\u00eb shkatht\u00ebsi dhe men\u00e7uri t\u00eb krijojm\u00eb ambientin para Qytetarit t\u00eb Kosov\u00ebs n\u00eb radh\u00eb t\u00eb par\u00eb, e po ashtu edhe para Bashk\u00ebsis\u00eb Nd\u00ebrkomb\u00ebtare, se institucionet e Republik\u00ebs s\u00eb Kosov\u00ebs, kan\u00eb aft\u00ebsi p\u00ebr t\u00eb organizuar dhe menagjuar zgjedhjet t\u00eb lira dhe t\u00eb ndershme. Me k\u00ebt\u00eb do t\u2019i mbyllej goja t\u00eb gjith\u00eb kund\u00ebrshtar\u00ebve t\u00eb Kosov\u00ebs q\u00eb jan\u00eb duke lobuar kund\u00ebr njohjes s\u00eb m\u00eb tutjeshme t\u00eb shtetit m\u00eb t\u00eb ri t\u00eb Kosov\u00ebs, nd\u00ebrsa n\u00eb t\u00eb njejten koh\u00eb do t\u00eb krijojm\u00eb mund\u00ebsin\u00eb p\u00ebr p\u00ebrkrah\u00ebsit tan\u00eb q\u00eb jan\u00eb duke lobuar p\u00ebr njohje, q\u00eb t\u00eb ken\u00eb edhe nj\u00eb d\u00ebshmi m\u00eb t\u00eb madhe dhe t\u00eb arsyeshme, se Kosova tani me mbajtjen e zgjedhjeve t\u00eb lira, e q\u00eb jan\u00eb model p\u00ebr rajonin, e meritojn\u00eb njohjen.<\/p>\n<p>P\u00ebr nj\u00eb organizim t\u00eb till\u00eb, lypset p\u00ebrgjegj\u00ebsi p\u00ebr t\u00eb gjith\u00eb pa p\u00ebrjashtim, sidomos p\u00ebr partit\u00eb m\u00eb t\u00eb m\u00ebdha politike, t\u00eb cilat duhet ligj\u00ebruar para elektoratit t\u00eb tyre pra para Qytetarit t\u00eb Kosov\u00ebs, se e kemi nj\u00eb sfid\u00eb t\u00eb madhe dhe kjo duhet kaluar me ndihm\u00ebn e t\u00eb gjith\u00ebve suksessh\u00ebm. Me k\u00ebt\u00eb e krijon\u00eb bindjen te qytetari m\u00eb t\u00eb q\u00ebndrueshme dhe i jep nj\u00eb shtytje m\u00eb t\u00eb fort\u00eb, p\u00ebr t\u00eb marr\u00eb pjes\u00eb n\u00eb votime dhe p\u00ebr t\u00eb zgjedhur m\u00eb t\u00eb mirin q\u00eb ai mendon. Qytetari i Kosov\u00ebs, e ka humbur bindjen se n\u00eb Kosov\u00eb nuk keqp\u00ebrdoret vota, kjo u manifestue n\u00eb zgjedhjet e m\u00ebparshme duke manipuluar me vota, p\u00ebr k\u00ebt\u00eb arsye \u00e7do her\u00eb e m\u00eb pak qyetetar\u00ebt jan\u00eb duke dalur n\u00eb zgjedhje.<\/p>\n<p>Mosdalja n\u00eb zgjedhje \u00ebsht\u00eb p\u00ebrgjegj\u00ebsi institucionale, sepse nuk krijojn\u00eb mund\u00ebsin\u00eb q\u00eb vota e \u00e7do qytetari t\u00eb shkoj\u00eb aty ku ai voton. Prandaj, n\u00eb k\u00ebt\u00eb cik\u00ebl t\u00eb zgjedhjeve mund t\u00eb themi se \u00ebsht\u00eb shum\u00eb e r\u00ebnd\u00ebsishme p\u00ebr Kosov\u00ebn, q\u00eb t\u00eb shkrihet edhe atomi i fundit i energjis\u00eb organizative, me t\u00ebr\u00eb ndjenjen komb\u00ebtare, q\u00eb zgjedhjet t\u00eb jen\u00eb t\u00eb ndershme dhe t\u00eb lira. Do t\u00eb ishte e padrejt\u00eb t\u00eb mos p\u00ebrmendej, mosangazhimin e bot\u00ebs akademike, shkencore, intelektuale dhe komb\u00ebtare shqiptare, p\u00ebr t\u00eb dh\u00ebn\u00eb kontributin e tyre. Ne kemi dh\u00ebn\u00eb prova shum\u00eb m\u00eb t\u00eb m\u00ebdha edhe gjat\u00eb okupimit t\u00eb serbis\u00eb, ku kemi organizue zgjedhje dhe kan\u00eb shkuar p\u00ebr mrekulli.<\/p>\n<p>P\u00ebr k\u00ebt\u00eb arsye, mund t\u00eb themi se p\u00ebr shkak t\u00eb nj\u00eb r\u00ebnd\u00ebsie t\u00eb ve\u00e7ant t\u00eb k\u00ebtyre zgjedhjeve p\u00ebr dallim nga ato t\u00eb m\u00ebparmet, nuk jan\u00eb vet\u00ebm zgjedhje q\u00eb nxjerrin vet\u00ebm segmentin e sistemit zgjedhor pozitiv, por do t\u00eb aktualizon pjekuri inistitucionale duke hudhur me nj\u00eb an\u00eb t\u00eb gjitha problemet, dhe duke u angazhuar n\u00eb nd\u00ebrtimin e sistemit zgjedhor q\u00eb i jep forc\u00eb faktike p\u00ebr t\u00eb zhveshur nga t\u00eb gjitha presionet partiake q\u00eb ndikojn\u00eb n\u00eb rezultat negative.<\/p>\n<p>Bashk\u00ebsis\u00eb Nd\u00ebrkomb\u00ebtare, do t\u00eb bindet p\u00ebr ekzistenc\u00ebn dhe funksionimin e institucioneve t\u00eb Kosov\u00ebs, q\u00eb m\u00eb n\u00eb fund dalin se p\u00ebrvoja e organizimit t\u00eb zgjedhjeve t\u00eb lira n\u00eb Republik\u00ebn e Kosov\u00ebs, u arrit\u00eb dhe u tejkalue me sukses. Kjo p\u00ebr Kosov\u00ebn dhe miqt\u00eb e saj, do t\u00eb reflektoj pozitivisht, dhe do t\u2019u ipet n\u00eb dor\u00eb argumenti i fuqish\u00ebm, se Republika e Kosov\u00ebs e meriton njohjen si shtet dhe antar\u00ebsimin e saj n\u00eb Organizat\u00ebn e Kombeve t\u00eb Bashkuara (OKB), n\u00eb BE dhe NATO.<\/p>\n<p>Kurse n\u00eb an\u00eb tjet\u00ebr, serbis\u00eb dhe kund\u00ebrshtar\u00ebve t\u00eb Kosov\u00ebs, do t\u2019u mbyllet goja, p\u00ebr t\u00eb manipuluar n\u00ebp\u00ebr bot\u00eb, se shqiptar\u00ebt nuk jan\u00eb t\u00eb zot t\u00eb qeverisin dhe nuk e meritojn\u00eb njohjen e shtetit t\u00eb tyre, duke aluduar n\u00eb zgjedhjet e fundit. Partit\u00eb politike t\u00eb Kosov\u00ebs, n\u00ebnshkruajt\u00ebn \u201cDeklarat\u00ebn e p\u00ebrbashk\u00ebt t\u00eb partive politike dhe subjekteve elektorale lidhur me mbar\u00ebvajtjen e procesit zgjedhor t\u00eb zgjedhjeve t\u00eb p\u00ebrgjithshme t\u00eb 12 dhjetorit 2010\u201d duke u thirrur se: \u201cZgjedhjet e lira dhe t\u00eb ndershme jan\u00eb gur themeltar i demokracis\u00eb\u201d.<\/p>\n<p>Por pati parti q\u00eb e kund\u00ebrshtuan, pik\u00ebrisht si deferencim i form\u00ebs m\u00eb elementare, se procesi i zgjedhjeve me keqp\u00ebrdorime ka qen\u00eb dhe se prap do t\u00eb p\u00ebrs\u00ebritet. U arrit\u00eb p\u00ebrshtypja tek qytetar\u00ebt sidomos n\u00eb m\u00ebrgat\u00eb, se m\u00eb shum\u00eb pati t\u00eb drejt\u00eb \u201dVetvendosja\u201d n\u00eb opinion se sa t\u00eb gjitha partit\u00eb q\u00eb e n\u00ebsnshkruan \u201dDeklarat\u00ebn\u201d! Ky imazh i keq i krijuar p\u00ebr korrupcion edhe n\u00eb zgjedhje, nuk i b\u00ebn\u00eb nder\u00eb Kosov\u00ebs e aq m\u00eb pak n\u00eb koh\u00ebn kur jemi n\u00eb prag\u00eb t\u00eb njohjeve.<\/p>\n<p>Vet\u00ebdija intelektuale dhe komb\u00ebtare, duhet t\u00eb ndikoj dhe t\u00eb eleminon dilem\u00ebn e keqp\u00ebrdorimit t\u00eb zgjedhjeve, duke marr\u00eb funksionin e nd\u00ebrmjet\u00ebsuesit n\u00eb mes partive politike dhe qyetarit t\u00eb Kosov\u00ebs, se k\u00ebto zgjedhje do t\u00eb fillojn\u00eb dhe mbarojn\u00eb n\u00eb frym\u00ebn demokratike.<br \/>\nKY KISHTE ME QEN\u00cb REZULTATI Q\u00cb PRITET-KOSOVA DO HEC\u00cb ME HAPA T\u00cb SIGURT\u00cb.<\/p>\n","protected":false},"excerpt":{"rendered":"<p>Nga: Hysen Ibrahimi, Suedi \u2013 F\u00f6rsl\u00f6v, 16-11-2010 \u201eVet\u00ebdija intelektuale dhe komb\u00ebtare, duhet t\u00eb ndikoj dhe t\u00eb eleminon dilem\u00ebn e keqp\u00ebrdorimit t\u00eb zgjedhjeve, duke marr\u00eb funksionin e nd\u00ebrmjet\u00ebsuesit n\u00eb mes partive politike dhe qyetarit t\u00eb Kosov\u00ebs\u201d. Dy jan\u00eb arsyet kryesore q\u00eb me nj\u00eb shkatht\u00ebsi dhe men\u00e7uri t\u00eb krijojm\u00eb ambientin para Qytetarit t\u00eb Kosov\u00ebs n\u00eb radh\u00eb t\u00eb [&hellip;]<\/p>\n","protected":false},"author":1,"featured_media":0,"comment_status":"open","ping_status":"closed","sticky":false,"template":"","format":"standard","meta":{"footnotes":""},"categories":[2],"tags":[],"class_list":{"0":"post-4811","1":"post","2":"type-post","3":"status-publish","4":"format-standard","6":"category-artikuj"},"yoast_head":"<!-- This site is optimized with the Yoast SEO plugin v27.4 - https:\/\/yoast.com\/product\/yoast-seo-wordpress\/ -->\n<title>PSE DUHET MBAJTUR ZGJEDHJE T\u00cb LIRA DHE T\u00cb NDERSHME ? - FjALA e LIR\u00cb - Arkivi<\/title>\n<meta name=\"robots\" content=\"index, follow, max-snippet:-1, max-image-preview:large, max-video-preview:-1\" \/>\n<link rel=\"canonical\" href=\"https:\/\/fjala.info\/2009-2015\/pse-duhet-mbajtur-zgjedhje-te-lira-dhe-te-ndershme\/\" \/>\n<meta property=\"og:locale\" content=\"sq_AL\" \/>\n<meta property=\"og:type\" content=\"article\" \/>\n<meta property=\"og:title\" content=\"PSE DUHET MBAJTUR ZGJEDHJE T\u00cb LIRA DHE T\u00cb NDERSHME ? - FjALA e LIR\u00cb - Arkivi\" \/>\n<meta property=\"og:description\" content=\"Nga: Hysen Ibrahimi, Suedi \u2013 F\u00f6rsl\u00f6v, 16-11-2010 \u201eVet\u00ebdija intelektuale dhe komb\u00ebtare, duhet t\u00eb ndikoj dhe t\u00eb eleminon dilem\u00ebn e keqp\u00ebrdorimit t\u00eb zgjedhjeve, duke marr\u00eb funksionin e nd\u00ebrmjet\u00ebsuesit n\u00eb mes partive politike dhe qyetarit t\u00eb Kosov\u00ebs\u201d. Dy jan\u00eb arsyet kryesore q\u00eb me nj\u00eb shkatht\u00ebsi dhe men\u00e7uri t\u00eb krijojm\u00eb ambientin para Qytetarit t\u00eb Kosov\u00ebs n\u00eb radh\u00eb t\u00eb [&hellip;]\" \/>\n<meta property=\"og:url\" content=\"https:\/\/fjala.info\/2009-2015\/pse-duhet-mbajtur-zgjedhje-te-lira-dhe-te-ndershme\/\" \/>\n<meta property=\"og:site_name\" content=\"FjALA e LIR\u00cb - Arkivi\" \/>\n<meta property=\"article:published_time\" content=\"2010-11-16T13:57:59+00:00\" \/>\n<meta property=\"og:image\" content=\"http:\/\/fjala.shkoder.net\/wp-content\/uploads\/2010\/10\/hysen_ibrahimi1.jpg\" \/>\n<meta name=\"author\" content=\"admin\" \/>\n<meta name=\"twitter:card\" content=\"summary_large_image\" \/>\n<meta name=\"twitter:label1\" content=\"Written by\" \/>\n\t<meta name=\"twitter:data1\" content=\"admin\" \/>\n\t<meta name=\"twitter:label2\" content=\"Est. reading time\" \/>\n\t<meta name=\"twitter:data2\" content=\"5 minutes\" \/>\n<script type=\"application\/ld+json\" class=\"yoast-schema-graph\">{\"@context\":\"https:\\\/\\\/schema.org\",\"@graph\":[{\"@type\":\"Article\",\"@id\":\"https:\\\/\\\/fjala.info\\\/2009-2015\\\/pse-duhet-mbajtur-zgjedhje-te-lira-dhe-te-ndershme\\\/#article\",\"isPartOf\":{\"@id\":\"https:\\\/\\\/fjala.info\\\/2009-2015\\\/pse-duhet-mbajtur-zgjedhje-te-lira-dhe-te-ndershme\\\/\"},\"author\":{\"name\":\"admin\",\"@id\":\"https:\\\/\\\/fjala.info\\\/2009-2015\\\/#\\\/schema\\\/person\\\/3aa1163ef05469c496fc94e77611ada2\"},\"headline\":\"PSE DUHET MBAJTUR ZGJEDHJE T\u00cb LIRA DHE T\u00cb NDERSHME ?\",\"datePublished\":\"2010-11-16T13:57:59+00:00\",\"mainEntityOfPage\":{\"@id\":\"https:\\\/\\\/fjala.info\\\/2009-2015\\\/pse-duhet-mbajtur-zgjedhje-te-lira-dhe-te-ndershme\\\/\"},\"wordCount\":909,\"commentCount\":0,\"publisher\":{\"@id\":\"https:\\\/\\\/fjala.info\\\/2009-2015\\\/#organization\"},\"image\":{\"@id\":\"https:\\\/\\\/fjala.info\\\/2009-2015\\\/pse-duhet-mbajtur-zgjedhje-te-lira-dhe-te-ndershme\\\/#primaryimage\"},\"thumbnailUrl\":\"http:\\\/\\\/fjala.shkoder.net\\\/wp-content\\\/uploads\\\/2010\\\/10\\\/hysen_ibrahimi1.jpg\",\"articleSection\":[\"Artikuj\"],\"inLanguage\":\"sq-AL\",\"potentialAction\":[{\"@type\":\"CommentAction\",\"name\":\"Comment\",\"target\":[\"https:\\\/\\\/fjala.info\\\/2009-2015\\\/pse-duhet-mbajtur-zgjedhje-te-lira-dhe-te-ndershme\\\/#respond\"]}]},{\"@type\":\"WebPage\",\"@id\":\"https:\\\/\\\/fjala.info\\\/2009-2015\\\/pse-duhet-mbajtur-zgjedhje-te-lira-dhe-te-ndershme\\\/\",\"url\":\"https:\\\/\\\/fjala.info\\\/2009-2015\\\/pse-duhet-mbajtur-zgjedhje-te-lira-dhe-te-ndershme\\\/\",\"name\":\"PSE DUHET MBAJTUR ZGJEDHJE T\u00cb LIRA DHE T\u00cb NDERSHME ? - FjALA e LIR\u00cb - Arkivi\",\"isPartOf\":{\"@id\":\"https:\\\/\\\/fjala.info\\\/2009-2015\\\/#website\"},\"primaryImageOfPage\":{\"@id\":\"https:\\\/\\\/fjala.info\\\/2009-2015\\\/pse-duhet-mbajtur-zgjedhje-te-lira-dhe-te-ndershme\\\/#primaryimage\"},\"image\":{\"@id\":\"https:\\\/\\\/fjala.info\\\/2009-2015\\\/pse-duhet-mbajtur-zgjedhje-te-lira-dhe-te-ndershme\\\/#primaryimage\"},\"thumbnailUrl\":\"http:\\\/\\\/fjala.shkoder.net\\\/wp-content\\\/uploads\\\/2010\\\/10\\\/hysen_ibrahimi1.jpg\",\"datePublished\":\"2010-11-16T13:57:59+00:00\",\"breadcrumb\":{\"@id\":\"https:\\\/\\\/fjala.info\\\/2009-2015\\\/pse-duhet-mbajtur-zgjedhje-te-lira-dhe-te-ndershme\\\/#breadcrumb\"},\"inLanguage\":\"sq-AL\",\"potentialAction\":[{\"@type\":\"ReadAction\",\"target\":[\"https:\\\/\\\/fjala.info\\\/2009-2015\\\/pse-duhet-mbajtur-zgjedhje-te-lira-dhe-te-ndershme\\\/\"]}]},{\"@type\":\"ImageObject\",\"inLanguage\":\"sq-AL\",\"@id\":\"https:\\\/\\\/fjala.info\\\/2009-2015\\\/pse-duhet-mbajtur-zgjedhje-te-lira-dhe-te-ndershme\\\/#primaryimage\",\"url\":\"http:\\\/\\\/fjala.shkoder.net\\\/wp-content\\\/uploads\\\/2010\\\/10\\\/hysen_ibrahimi1.jpg\",\"contentUrl\":\"http:\\\/\\\/fjala.shkoder.net\\\/wp-content\\\/uploads\\\/2010\\\/10\\\/hysen_ibrahimi1.jpg\"},{\"@type\":\"BreadcrumbList\",\"@id\":\"https:\\\/\\\/fjala.info\\\/2009-2015\\\/pse-duhet-mbajtur-zgjedhje-te-lira-dhe-te-ndershme\\\/#breadcrumb\",\"itemListElement\":[{\"@type\":\"ListItem\",\"position\":1,\"name\":\"Home\",\"item\":\"https:\\\/\\\/fjala.info\\\/2009-2015\\\/\"},{\"@type\":\"ListItem\",\"position\":2,\"name\":\"PSE DUHET MBAJTUR ZGJEDHJE T\u00cb LIRA DHE T\u00cb NDERSHME ?\"}]},{\"@type\":\"WebSite\",\"@id\":\"https:\\\/\\\/fjala.info\\\/2009-2015\\\/#website\",\"url\":\"https:\\\/\\\/fjala.info\\\/2009-2015\\\/\",\"name\":\"FjALA e LIR\u00cb - Arkivi\",\"description\":\"Arkivi 2009-2015\",\"publisher\":{\"@id\":\"https:\\\/\\\/fjala.info\\\/2009-2015\\\/#organization\"},\"potentialAction\":[{\"@type\":\"SearchAction\",\"target\":{\"@type\":\"EntryPoint\",\"urlTemplate\":\"https:\\\/\\\/fjala.info\\\/2009-2015\\\/?s={search_term_string}\"},\"query-input\":{\"@type\":\"PropertyValueSpecification\",\"valueRequired\":true,\"valueName\":\"search_term_string\"}}],\"inLanguage\":\"sq-AL\"},{\"@type\":\"Organization\",\"@id\":\"https:\\\/\\\/fjala.info\\\/2009-2015\\\/#organization\",\"name\":\"FjALA e LIR\u00cb - Arkivi\",\"url\":\"https:\\\/\\\/fjala.info\\\/2009-2015\\\/\",\"logo\":{\"@type\":\"ImageObject\",\"inLanguage\":\"sq-AL\",\"@id\":\"https:\\\/\\\/fjala.info\\\/2009-2015\\\/#\\\/schema\\\/logo\\\/image\\\/\",\"url\":\"\",\"contentUrl\":\"\",\"caption\":\"FjALA e LIR\u00cb - Arkivi\"},\"image\":{\"@id\":\"https:\\\/\\\/fjala.info\\\/2009-2015\\\/#\\\/schema\\\/logo\\\/image\\\/\"}},{\"@type\":\"Person\",\"@id\":\"https:\\\/\\\/fjala.info\\\/2009-2015\\\/#\\\/schema\\\/person\\\/3aa1163ef05469c496fc94e77611ada2\",\"name\":\"admin\",\"image\":{\"@type\":\"ImageObject\",\"inLanguage\":\"sq-AL\",\"@id\":\"https:\\\/\\\/fjala.info\\\/2009-2015\\\/wp-content\\\/uploads\\\/2012\\\/02\\\/arben_cokaj-120x150.jpg\",\"url\":\"https:\\\/\\\/fjala.info\\\/2009-2015\\\/wp-content\\\/uploads\\\/2012\\\/02\\\/arben_cokaj-120x150.jpg\",\"contentUrl\":\"https:\\\/\\\/fjala.info\\\/2009-2015\\\/wp-content\\\/uploads\\\/2012\\\/02\\\/arben_cokaj-120x150.jpg\",\"caption\":\"admin\"},\"description\":\"Admin, Fjala e Lir\u00eb\",\"sameAs\":[\"https:\\\/\\\/fjala.info\\\/\"],\"url\":\"https:\\\/\\\/fjala.info\\\/2009-2015\\\/author\\\/admin\\\/\"}]}<\/script>\n<!-- \/ Yoast SEO plugin. -->","yoast_head_json":{"title":"PSE DUHET MBAJTUR ZGJEDHJE T\u00cb LIRA DHE T\u00cb NDERSHME ? - FjALA e LIR\u00cb - Arkivi","robots":{"index":"index","follow":"follow","max-snippet":"max-snippet:-1","max-image-preview":"max-image-preview:large","max-video-preview":"max-video-preview:-1"},"canonical":"https:\/\/fjala.info\/2009-2015\/pse-duhet-mbajtur-zgjedhje-te-lira-dhe-te-ndershme\/","og_locale":"sq_AL","og_type":"article","og_title":"PSE DUHET MBAJTUR ZGJEDHJE T\u00cb LIRA DHE T\u00cb NDERSHME ? - FjALA e LIR\u00cb - Arkivi","og_description":"Nga: Hysen Ibrahimi, Suedi \u2013 F\u00f6rsl\u00f6v, 16-11-2010 \u201eVet\u00ebdija intelektuale dhe komb\u00ebtare, duhet t\u00eb ndikoj dhe t\u00eb eleminon dilem\u00ebn e keqp\u00ebrdorimit t\u00eb zgjedhjeve, duke marr\u00eb funksionin e nd\u00ebrmjet\u00ebsuesit n\u00eb mes partive politike dhe qyetarit t\u00eb Kosov\u00ebs\u201d. Dy jan\u00eb arsyet kryesore q\u00eb me nj\u00eb shkatht\u00ebsi dhe men\u00e7uri t\u00eb krijojm\u00eb ambientin para Qytetarit t\u00eb Kosov\u00ebs n\u00eb radh\u00eb t\u00eb [&hellip;]","og_url":"https:\/\/fjala.info\/2009-2015\/pse-duhet-mbajtur-zgjedhje-te-lira-dhe-te-ndershme\/","og_site_name":"FjALA e LIR\u00cb - Arkivi","article_published_time":"2010-11-16T13:57:59+00:00","og_image":[{"url":"http:\/\/fjala.shkoder.net\/wp-content\/uploads\/2010\/10\/hysen_ibrahimi1.jpg","type":"","width":"","height":""}],"author":"admin","twitter_card":"summary_large_image","twitter_misc":{"Written by":"admin","Est. reading time":"5 minutes"},"schema":{"@context":"https:\/\/schema.org","@graph":[{"@type":"Article","@id":"https:\/\/fjala.info\/2009-2015\/pse-duhet-mbajtur-zgjedhje-te-lira-dhe-te-ndershme\/#article","isPartOf":{"@id":"https:\/\/fjala.info\/2009-2015\/pse-duhet-mbajtur-zgjedhje-te-lira-dhe-te-ndershme\/"},"author":{"name":"admin","@id":"https:\/\/fjala.info\/2009-2015\/#\/schema\/person\/3aa1163ef05469c496fc94e77611ada2"},"headline":"PSE DUHET MBAJTUR ZGJEDHJE T\u00cb LIRA DHE T\u00cb NDERSHME ?","datePublished":"2010-11-16T13:57:59+00:00","mainEntityOfPage":{"@id":"https:\/\/fjala.info\/2009-2015\/pse-duhet-mbajtur-zgjedhje-te-lira-dhe-te-ndershme\/"},"wordCount":909,"commentCount":0,"publisher":{"@id":"https:\/\/fjala.info\/2009-2015\/#organization"},"image":{"@id":"https:\/\/fjala.info\/2009-2015\/pse-duhet-mbajtur-zgjedhje-te-lira-dhe-te-ndershme\/#primaryimage"},"thumbnailUrl":"http:\/\/fjala.shkoder.net\/wp-content\/uploads\/2010\/10\/hysen_ibrahimi1.jpg","articleSection":["Artikuj"],"inLanguage":"sq-AL","potentialAction":[{"@type":"CommentAction","name":"Comment","target":["https:\/\/fjala.info\/2009-2015\/pse-duhet-mbajtur-zgjedhje-te-lira-dhe-te-ndershme\/#respond"]}]},{"@type":"WebPage","@id":"https:\/\/fjala.info\/2009-2015\/pse-duhet-mbajtur-zgjedhje-te-lira-dhe-te-ndershme\/","url":"https:\/\/fjala.info\/2009-2015\/pse-duhet-mbajtur-zgjedhje-te-lira-dhe-te-ndershme\/","name":"PSE DUHET MBAJTUR ZGJEDHJE T\u00cb LIRA DHE T\u00cb NDERSHME ? - FjALA e LIR\u00cb - Arkivi","isPartOf":{"@id":"https:\/\/fjala.info\/2009-2015\/#website"},"primaryImageOfPage":{"@id":"https:\/\/fjala.info\/2009-2015\/pse-duhet-mbajtur-zgjedhje-te-lira-dhe-te-ndershme\/#primaryimage"},"image":{"@id":"https:\/\/fjala.info\/2009-2015\/pse-duhet-mbajtur-zgjedhje-te-lira-dhe-te-ndershme\/#primaryimage"},"thumbnailUrl":"http:\/\/fjala.shkoder.net\/wp-content\/uploads\/2010\/10\/hysen_ibrahimi1.jpg","datePublished":"2010-11-16T13:57:59+00:00","breadcrumb":{"@id":"https:\/\/fjala.info\/2009-2015\/pse-duhet-mbajtur-zgjedhje-te-lira-dhe-te-ndershme\/#breadcrumb"},"inLanguage":"sq-AL","potentialAction":[{"@type":"ReadAction","target":["https:\/\/fjala.info\/2009-2015\/pse-duhet-mbajtur-zgjedhje-te-lira-dhe-te-ndershme\/"]}]},{"@type":"ImageObject","inLanguage":"sq-AL","@id":"https:\/\/fjala.info\/2009-2015\/pse-duhet-mbajtur-zgjedhje-te-lira-dhe-te-ndershme\/#primaryimage","url":"http:\/\/fjala.shkoder.net\/wp-content\/uploads\/2010\/10\/hysen_ibrahimi1.jpg","contentUrl":"http:\/\/fjala.shkoder.net\/wp-content\/uploads\/2010\/10\/hysen_ibrahimi1.jpg"},{"@type":"BreadcrumbList","@id":"https:\/\/fjala.info\/2009-2015\/pse-duhet-mbajtur-zgjedhje-te-lira-dhe-te-ndershme\/#breadcrumb","itemListElement":[{"@type":"ListItem","position":1,"name":"Home","item":"https:\/\/fjala.info\/2009-2015\/"},{"@type":"ListItem","position":2,"name":"PSE DUHET MBAJTUR ZGJEDHJE T\u00cb LIRA DHE T\u00cb NDERSHME ?"}]},{"@type":"WebSite","@id":"https:\/\/fjala.info\/2009-2015\/#website","url":"https:\/\/fjala.info\/2009-2015\/","name":"FjALA e LIR\u00cb - Arkivi","description":"Arkivi 2009-2015","publisher":{"@id":"https:\/\/fjala.info\/2009-2015\/#organization"},"potentialAction":[{"@type":"SearchAction","target":{"@type":"EntryPoint","urlTemplate":"https:\/\/fjala.info\/2009-2015\/?s={search_term_string}"},"query-input":{"@type":"PropertyValueSpecification","valueRequired":true,"valueName":"search_term_string"}}],"inLanguage":"sq-AL"},{"@type":"Organization","@id":"https:\/\/fjala.info\/2009-2015\/#organization","name":"FjALA e LIR\u00cb - Arkivi","url":"https:\/\/fjala.info\/2009-2015\/","logo":{"@type":"ImageObject","inLanguage":"sq-AL","@id":"https:\/\/fjala.info\/2009-2015\/#\/schema\/logo\/image\/","url":"","contentUrl":"","caption":"FjALA e LIR\u00cb - Arkivi"},"image":{"@id":"https:\/\/fjala.info\/2009-2015\/#\/schema\/logo\/image\/"}},{"@type":"Person","@id":"https:\/\/fjala.info\/2009-2015\/#\/schema\/person\/3aa1163ef05469c496fc94e77611ada2","name":"admin","image":{"@type":"ImageObject","inLanguage":"sq-AL","@id":"https:\/\/fjala.info\/2009-2015\/wp-content\/uploads\/2012\/02\/arben_cokaj-120x150.jpg","url":"https:\/\/fjala.info\/2009-2015\/wp-content\/uploads\/2012\/02\/arben_cokaj-120x150.jpg","contentUrl":"https:\/\/fjala.info\/2009-2015\/wp-content\/uploads\/2012\/02\/arben_cokaj-120x150.jpg","caption":"admin"},"description":"Admin, Fjala e Lir\u00eb","sameAs":["https:\/\/fjala.info\/"],"url":"https:\/\/fjala.info\/2009-2015\/author\/admin\/"}]}},"_links":{"self":[{"href":"https:\/\/fjala.info\/2009-2015\/wp-json\/wp\/v2\/posts\/4811","targetHints":{"allow":["GET"]}}],"collection":[{"href":"https:\/\/fjala.info\/2009-2015\/wp-json\/wp\/v2\/posts"}],"about":[{"href":"https:\/\/fjala.info\/2009-2015\/wp-json\/wp\/v2\/types\/post"}],"author":[{"embeddable":true,"href":"https:\/\/fjala.info\/2009-2015\/wp-json\/wp\/v2\/users\/1"}],"replies":[{"embeddable":true,"href":"https:\/\/fjala.info\/2009-2015\/wp-json\/wp\/v2\/comments?post=4811"}],"version-history":[{"count":0,"href":"https:\/\/fjala.info\/2009-2015\/wp-json\/wp\/v2\/posts\/4811\/revisions"}],"wp:attachment":[{"href":"https:\/\/fjala.info\/2009-2015\/wp-json\/wp\/v2\/media?parent=4811"}],"wp:term":[{"taxonomy":"category","embeddable":true,"href":"https:\/\/fjala.info\/2009-2015\/wp-json\/wp\/v2\/categories?post=4811"},{"taxonomy":"post_tag","embeddable":true,"href":"https:\/\/fjala.info\/2009-2015\/wp-json\/wp\/v2\/tags?post=4811"}],"curies":[{"name":"wp","href":"https:\/\/api.w.org\/{rel}","templated":true}]}}