{"id":4804,"date":"2010-11-16T11:53:34","date_gmt":"2010-11-16T10:53:34","guid":{"rendered":"http:\/\/fjala.shkoder.net\/?p=4804"},"modified":"2010-11-16T11:53:34","modified_gmt":"2010-11-16T10:53:34","slug":"heshtja-nga-frika-e-familjes","status":"publish","type":"post","link":"https:\/\/fjala.info\/2009-2015\/heshtja-nga-frika-e-familjes\/","title":{"rendered":"Heshtja nga frika e \u201cFamiljes\u201d"},"content":{"rendered":"<p><img loading=\"lazy\" decoding=\"async\" class=\"alignright size-full wp-image-4090\" title=\"Mero Baze\" src=\"http:\/\/fjala.shkoder.net\/wp-content\/uploads\/2010\/10\/mero_baze1.jpg\" alt=\"\" width=\"149\" height=\"200\" \/><\/p>\n<p>Nga <strong>Mero Baze<\/strong><\/p>\n<p>Tri dit\u00eb m\u00eb par\u00eb nj\u00eb efektiv i Gard\u00ebs s\u00eb Republik\u00ebs, n\u00eb dispozicion t\u00eb personaliteteve t\u00eb larta, ka qen\u00eb pjes\u00eb e nj\u00eb konflikti banal, ku \u00ebsht\u00eb p\u00ebrdorur arm\u00eb kund\u00ebr nj\u00eb djali t\u00eb ri t\u00eb pun\u00ebsuar si kamerier, i cili po lufton me vdekjen n\u00eb Spital Ushtarak. I akuzuari kryesor p\u00ebr goditje me arm\u00eb \u00ebsht\u00eb nj\u00eb person, i cili megjith\u00ebse p\u00ebr Gard\u00ebn \u00ebsht\u00eb nj\u00eb oficer \u201cn\u00eb grupin e shoq\u00ebrimit t\u00eb Personaliteteve t\u00eb larta\u201d, p\u00ebr opinionin publik q\u00eb ka sy dhe memorie n\u00eb k\u00ebt\u00eb qytet, \u00ebsht\u00eb thjesht <strong>shoferi i Shk\u00eblzen Berish\u00ebs<\/strong>. Nuk dua t\u00eb paragjykoj rrethanat e krimit, dhe t\u00eb ndaj sherrin banal n\u00eb t\u00eb cil\u00ebn \u00ebsht\u00eb p\u00ebrdorur arma, por ndihem tashm\u00eb i k\u00ebrc\u00ebnuar dhe si gazetar nga shkaku se media shqiptare p\u00ebrve\u00e7 gazet\u00ebs Shekulli dhe TemA ka heshtur p\u00ebr k\u00ebt\u00eb monstruozitet.<\/p>\n<p>Sikur gazeta Shekulli t\u00eb mos kishte shkuar m\u00eb tej n\u00eb hetimet e saj dhe t\u00eb kishte detyruar Gard\u00ebn e Republik\u00ebs t\u00eb shprehej p\u00ebr autorin n\u00eb fjal\u00eb, ne sot do t\u00eb kishim vet\u00ebm nj\u00eb 21 vje\u00e7ar q\u00eb p\u00ebrp\u00eblitet mes plag\u00ebve t\u00eb plumbit n\u00eb Spital Ushtarak dhe nj\u00eb legjend\u00eb urbane krimi n\u00eb qytet, p\u00ebr nj\u00eb njeri q\u00eb vret n\u00eb mes t\u00eb dit\u00ebs dhe s\u2019ka kush t\u2019i b\u00ebj\u00eb asgj\u00eb, se \u00ebsht\u00eb njeri i Familjes.<\/p>\n<p>Jam i tronditur nga heshtja e <em>News 24<\/em>, stacionit i cili mban dhe radio policie n\u00eb redaksi p\u00ebr t\u00eb qen\u00eb para policis\u00eb n\u00eb vendngjarje. E v\u00ebrtet\u00eb \u00ebsht\u00eb se policia reagoi me shum\u00eb vones\u00eb dhe p\u00ebrtes\u00eb p\u00ebr k\u00ebt\u00eb krim, por kjo nuk justifikon stacionin kampion t\u00eb kronik\u00ebs s\u00eb zez\u00eb, t\u00eb hesht\u00eb p\u00ebr ngjarjen. Hesht\u00ebn bashk\u00eb me t\u00eb dhe <em>Top Channel<\/em>, gazeta <em>Shqip<\/em>, <em>Gazeta Shqiptare<\/em> dhe media t\u00eb tjera, t\u00eb cil\u00ebt s\u00eb paku formalisht nuk kan\u00eb detyrime p\u00ebr t\u00eb &#8220;respektuar\u201d kaq shum\u00eb njer\u00ebzit e Familjes, t\u00eb cil\u00ebt p\u00ebrzihen n\u00eb krime ordinere. Hesht\u00ebn dhe jo p\u00ebr faj t\u00eb gazetar\u00ebve dhe koleg\u00ebve t\u00eb mi, nga t\u00eb cil\u00ebt un\u00eb e mora vesh lajmin. Hesht\u00ebn se shefat e tyre duan t\u2019i b\u00ebjn\u00eb ndonj\u00eb nder t\u00eb vog\u00ebl Familjes kur vjen fjala p\u00ebr pun\u00eb t\u00eb pista t\u00eb saj. Hesht\u00ebn se kan\u00eb d\u00ebshir\u00eb t\u00eb quhen media opozitare vet\u00ebm duke lavd\u00ebruar Edi Ram\u00ebn, por jo duke sulmuar Sali Berish\u00ebn.<\/p>\n<p>Por tronditja e dyt\u00eb m\u00eb e madhe \u00ebsht\u00eb heshtja e opozit\u00ebs, ose m\u00eb mir\u00eb t\u00eb themi mungesa e instinkteve t\u00eb saj p\u00ebr nj\u00eb gjest t\u00eb till\u00eb. Nuk \u00ebsht\u00eb fjala vet\u00ebm tek fati i nj\u00eb 21- vje\u00e7ari t\u00eb plagosur, pasi ai tani me siguri \u00ebsht\u00eb aq i frik\u00ebsuar sa m\u00eb shum\u00eb mund t\u00eb m\u00eb marr\u00eb mua inat q\u00eb po ia p\u00ebrmend agresorin, se sa opozit\u00ebn q\u00eb nuk po flet p\u00ebr t\u00eb. Por opozita duhet t\u00eb flas\u00eb p\u00ebr parimin dhe rrezikun q\u00eb ka nj\u00eb shoq\u00ebri, ku media detyrohet t\u00eb hesht\u00eb p\u00ebr nj\u00eb krim.<\/p>\n<p>T\u00eb gjith\u00eb e mbajm\u00eb mend Sali Berish\u00ebn dy vjet m\u00eb par\u00eb kur vdiq i ndjeri Dritan Hoxha, \u00e7far\u00eb b\u00ebri p\u00ebr t\u00eb v\u00ebn\u00eb n\u00eb dukje \u201ckrimin\u201d e medies q\u00eb anashkaloi vdekjen e shoq\u00ebrueses s\u00eb tij n\u00eb makin\u00eb. P\u00ebr t\u00eb gjith\u00eb ata q\u00eb e kan\u00eb harruar, po u citoj deklarat\u00ebn e partis\u00eb s\u00eb tij q\u00eb thoshte se &#8230; \u201c<em>PD, si parti e fjal\u00ebs s\u00eb lir\u00eb, q\u00eb nxori vendin nga censura dhe terri informativ m\u00eb i eg\u00ebr komunist, e konsideron heshtjen, fshehjen apo censur\u00ebn totale nga \u2018Top Media\u2019 dhe t\u00eb disa simotrave t\u00eb saj, t\u00eb lajmit t\u00eb vdekjes tragjike t\u00eb bashk\u00ebpun\u00ebtores s\u00eb tyre,&#8230; si nj\u00eb akt primitiv, \u00e7njer\u00ebzor e t\u00eb pashembullt. PD-ja u kujton k\u00ebtyre censor\u00ebve t\u00eb rinj se vdekja e nj\u00eb njeriu n\u00eb nj\u00eb shoq\u00ebri t\u00eb lir\u00eb nuk mund t\u00eb jet\u00eb kurr\u00eb sekret. Vdekjen e nj\u00eb njeriu mund ta mbajn\u00eb sekret vet\u00ebm diktaturat m\u00eb mizore dhe shpellat e Al Kapones<\/em>\u201d.<\/p>\n<p>Sot k\u00ebt\u00eb krim t\u00eb sh\u00ebmtuar po e mban sekret \u201cFamilja\u201d n\u00eb pushtet. Po ja l\u00eb n\u00eb dor\u00eb koleg\u00ebve t\u00eb mi t\u00eb quajn\u00eb \u201c<em>diktatur\u00eb mizore<\/em>\u201d ose \u201c<em>Shpell\u00eb e Al Kapones<\/em>\u201d&#8230; si t\u00eb doj\u00eb Doktori.<\/p>\n","protected":false},"excerpt":{"rendered":"<p>Nga Mero Baze Tri dit\u00eb m\u00eb par\u00eb nj\u00eb efektiv i Gard\u00ebs s\u00eb Republik\u00ebs, n\u00eb dispozicion t\u00eb personaliteteve t\u00eb larta, ka qen\u00eb pjes\u00eb e nj\u00eb konflikti banal, ku \u00ebsht\u00eb p\u00ebrdorur arm\u00eb kund\u00ebr nj\u00eb djali t\u00eb ri t\u00eb pun\u00ebsuar si kamerier, i cili po lufton me vdekjen n\u00eb Spital Ushtarak. I akuzuari kryesor p\u00ebr goditje me arm\u00eb [&hellip;]<\/p>\n","protected":false},"author":1,"featured_media":0,"comment_status":"open","ping_status":"closed","sticky":false,"template":"","format":"standard","meta":{"footnotes":""},"categories":[2],"tags":[],"class_list":{"0":"post-4804","1":"post","2":"type-post","3":"status-publish","4":"format-standard","6":"category-artikuj"},"yoast_head":"<!-- This site is optimized with the Yoast SEO plugin v27.4 - https:\/\/yoast.com\/product\/yoast-seo-wordpress\/ -->\n<title>Heshtja nga frika e \u201cFamiljes\u201d - FjALA e LIR\u00cb - Arkivi<\/title>\n<meta name=\"robots\" content=\"index, follow, max-snippet:-1, max-image-preview:large, max-video-preview:-1\" \/>\n<link rel=\"canonical\" href=\"https:\/\/fjala.info\/2009-2015\/heshtja-nga-frika-e-familjes\/\" \/>\n<meta property=\"og:locale\" content=\"sq_AL\" \/>\n<meta property=\"og:type\" content=\"article\" \/>\n<meta property=\"og:title\" content=\"Heshtja nga frika e \u201cFamiljes\u201d - FjALA e LIR\u00cb - Arkivi\" \/>\n<meta property=\"og:description\" content=\"Nga Mero Baze Tri dit\u00eb m\u00eb par\u00eb nj\u00eb efektiv i Gard\u00ebs s\u00eb Republik\u00ebs, n\u00eb dispozicion t\u00eb personaliteteve t\u00eb larta, ka qen\u00eb pjes\u00eb e nj\u00eb konflikti banal, ku \u00ebsht\u00eb p\u00ebrdorur arm\u00eb kund\u00ebr nj\u00eb djali t\u00eb ri t\u00eb pun\u00ebsuar si kamerier, i cili po lufton me vdekjen n\u00eb Spital Ushtarak. I akuzuari kryesor p\u00ebr goditje me arm\u00eb [&hellip;]\" \/>\n<meta property=\"og:url\" content=\"https:\/\/fjala.info\/2009-2015\/heshtja-nga-frika-e-familjes\/\" \/>\n<meta property=\"og:site_name\" content=\"FjALA e LIR\u00cb - Arkivi\" \/>\n<meta property=\"article:published_time\" content=\"2010-11-16T10:53:34+00:00\" \/>\n<meta property=\"og:image\" content=\"http:\/\/fjala.shkoder.net\/wp-content\/uploads\/2010\/10\/mero_baze1.jpg\" \/>\n<meta name=\"author\" content=\"admin\" \/>\n<meta name=\"twitter:card\" content=\"summary_large_image\" \/>\n<meta name=\"twitter:label1\" content=\"Written by\" \/>\n\t<meta name=\"twitter:data1\" content=\"admin\" \/>\n\t<meta name=\"twitter:label2\" content=\"Est. reading time\" \/>\n\t<meta name=\"twitter:data2\" content=\"4 minutes\" \/>\n<script type=\"application\/ld+json\" class=\"yoast-schema-graph\">{\"@context\":\"https:\\\/\\\/schema.org\",\"@graph\":[{\"@type\":\"Article\",\"@id\":\"https:\\\/\\\/fjala.info\\\/2009-2015\\\/heshtja-nga-frika-e-familjes\\\/#article\",\"isPartOf\":{\"@id\":\"https:\\\/\\\/fjala.info\\\/2009-2015\\\/heshtja-nga-frika-e-familjes\\\/\"},\"author\":{\"name\":\"admin\",\"@id\":\"https:\\\/\\\/fjala.info\\\/2009-2015\\\/#\\\/schema\\\/person\\\/3aa1163ef05469c496fc94e77611ada2\"},\"headline\":\"Heshtja nga frika e \u201cFamiljes\u201d\",\"datePublished\":\"2010-11-16T10:53:34+00:00\",\"mainEntityOfPage\":{\"@id\":\"https:\\\/\\\/fjala.info\\\/2009-2015\\\/heshtja-nga-frika-e-familjes\\\/\"},\"wordCount\":721,\"commentCount\":0,\"publisher\":{\"@id\":\"https:\\\/\\\/fjala.info\\\/2009-2015\\\/#organization\"},\"image\":{\"@id\":\"https:\\\/\\\/fjala.info\\\/2009-2015\\\/heshtja-nga-frika-e-familjes\\\/#primaryimage\"},\"thumbnailUrl\":\"http:\\\/\\\/fjala.shkoder.net\\\/wp-content\\\/uploads\\\/2010\\\/10\\\/mero_baze1.jpg\",\"articleSection\":[\"Artikuj\"],\"inLanguage\":\"sq-AL\",\"potentialAction\":[{\"@type\":\"CommentAction\",\"name\":\"Comment\",\"target\":[\"https:\\\/\\\/fjala.info\\\/2009-2015\\\/heshtja-nga-frika-e-familjes\\\/#respond\"]}]},{\"@type\":\"WebPage\",\"@id\":\"https:\\\/\\\/fjala.info\\\/2009-2015\\\/heshtja-nga-frika-e-familjes\\\/\",\"url\":\"https:\\\/\\\/fjala.info\\\/2009-2015\\\/heshtja-nga-frika-e-familjes\\\/\",\"name\":\"Heshtja nga frika e \u201cFamiljes\u201d - FjALA e LIR\u00cb - Arkivi\",\"isPartOf\":{\"@id\":\"https:\\\/\\\/fjala.info\\\/2009-2015\\\/#website\"},\"primaryImageOfPage\":{\"@id\":\"https:\\\/\\\/fjala.info\\\/2009-2015\\\/heshtja-nga-frika-e-familjes\\\/#primaryimage\"},\"image\":{\"@id\":\"https:\\\/\\\/fjala.info\\\/2009-2015\\\/heshtja-nga-frika-e-familjes\\\/#primaryimage\"},\"thumbnailUrl\":\"http:\\\/\\\/fjala.shkoder.net\\\/wp-content\\\/uploads\\\/2010\\\/10\\\/mero_baze1.jpg\",\"datePublished\":\"2010-11-16T10:53:34+00:00\",\"breadcrumb\":{\"@id\":\"https:\\\/\\\/fjala.info\\\/2009-2015\\\/heshtja-nga-frika-e-familjes\\\/#breadcrumb\"},\"inLanguage\":\"sq-AL\",\"potentialAction\":[{\"@type\":\"ReadAction\",\"target\":[\"https:\\\/\\\/fjala.info\\\/2009-2015\\\/heshtja-nga-frika-e-familjes\\\/\"]}]},{\"@type\":\"ImageObject\",\"inLanguage\":\"sq-AL\",\"@id\":\"https:\\\/\\\/fjala.info\\\/2009-2015\\\/heshtja-nga-frika-e-familjes\\\/#primaryimage\",\"url\":\"http:\\\/\\\/fjala.shkoder.net\\\/wp-content\\\/uploads\\\/2010\\\/10\\\/mero_baze1.jpg\",\"contentUrl\":\"http:\\\/\\\/fjala.shkoder.net\\\/wp-content\\\/uploads\\\/2010\\\/10\\\/mero_baze1.jpg\"},{\"@type\":\"BreadcrumbList\",\"@id\":\"https:\\\/\\\/fjala.info\\\/2009-2015\\\/heshtja-nga-frika-e-familjes\\\/#breadcrumb\",\"itemListElement\":[{\"@type\":\"ListItem\",\"position\":1,\"name\":\"Home\",\"item\":\"https:\\\/\\\/fjala.info\\\/2009-2015\\\/\"},{\"@type\":\"ListItem\",\"position\":2,\"name\":\"Heshtja nga frika e \u201cFamiljes\u201d\"}]},{\"@type\":\"WebSite\",\"@id\":\"https:\\\/\\\/fjala.info\\\/2009-2015\\\/#website\",\"url\":\"https:\\\/\\\/fjala.info\\\/2009-2015\\\/\",\"name\":\"FjALA e LIR\u00cb - Arkivi\",\"description\":\"Arkivi 2009-2015\",\"publisher\":{\"@id\":\"https:\\\/\\\/fjala.info\\\/2009-2015\\\/#organization\"},\"potentialAction\":[{\"@type\":\"SearchAction\",\"target\":{\"@type\":\"EntryPoint\",\"urlTemplate\":\"https:\\\/\\\/fjala.info\\\/2009-2015\\\/?s={search_term_string}\"},\"query-input\":{\"@type\":\"PropertyValueSpecification\",\"valueRequired\":true,\"valueName\":\"search_term_string\"}}],\"inLanguage\":\"sq-AL\"},{\"@type\":\"Organization\",\"@id\":\"https:\\\/\\\/fjala.info\\\/2009-2015\\\/#organization\",\"name\":\"FjALA e LIR\u00cb - Arkivi\",\"url\":\"https:\\\/\\\/fjala.info\\\/2009-2015\\\/\",\"logo\":{\"@type\":\"ImageObject\",\"inLanguage\":\"sq-AL\",\"@id\":\"https:\\\/\\\/fjala.info\\\/2009-2015\\\/#\\\/schema\\\/logo\\\/image\\\/\",\"url\":\"\",\"contentUrl\":\"\",\"caption\":\"FjALA e LIR\u00cb - Arkivi\"},\"image\":{\"@id\":\"https:\\\/\\\/fjala.info\\\/2009-2015\\\/#\\\/schema\\\/logo\\\/image\\\/\"}},{\"@type\":\"Person\",\"@id\":\"https:\\\/\\\/fjala.info\\\/2009-2015\\\/#\\\/schema\\\/person\\\/3aa1163ef05469c496fc94e77611ada2\",\"name\":\"admin\",\"image\":{\"@type\":\"ImageObject\",\"inLanguage\":\"sq-AL\",\"@id\":\"https:\\\/\\\/fjala.info\\\/2009-2015\\\/wp-content\\\/uploads\\\/2012\\\/02\\\/arben_cokaj-120x150.jpg\",\"url\":\"https:\\\/\\\/fjala.info\\\/2009-2015\\\/wp-content\\\/uploads\\\/2012\\\/02\\\/arben_cokaj-120x150.jpg\",\"contentUrl\":\"https:\\\/\\\/fjala.info\\\/2009-2015\\\/wp-content\\\/uploads\\\/2012\\\/02\\\/arben_cokaj-120x150.jpg\",\"caption\":\"admin\"},\"description\":\"Admin, Fjala e Lir\u00eb\",\"sameAs\":[\"https:\\\/\\\/fjala.info\\\/\"],\"url\":\"https:\\\/\\\/fjala.info\\\/2009-2015\\\/author\\\/admin\\\/\"}]}<\/script>\n<!-- \/ Yoast SEO plugin. -->","yoast_head_json":{"title":"Heshtja nga frika e \u201cFamiljes\u201d - FjALA e LIR\u00cb - Arkivi","robots":{"index":"index","follow":"follow","max-snippet":"max-snippet:-1","max-image-preview":"max-image-preview:large","max-video-preview":"max-video-preview:-1"},"canonical":"https:\/\/fjala.info\/2009-2015\/heshtja-nga-frika-e-familjes\/","og_locale":"sq_AL","og_type":"article","og_title":"Heshtja nga frika e \u201cFamiljes\u201d - FjALA e LIR\u00cb - Arkivi","og_description":"Nga Mero Baze Tri dit\u00eb m\u00eb par\u00eb nj\u00eb efektiv i Gard\u00ebs s\u00eb Republik\u00ebs, n\u00eb dispozicion t\u00eb personaliteteve t\u00eb larta, ka qen\u00eb pjes\u00eb e nj\u00eb konflikti banal, ku \u00ebsht\u00eb p\u00ebrdorur arm\u00eb kund\u00ebr nj\u00eb djali t\u00eb ri t\u00eb pun\u00ebsuar si kamerier, i cili po lufton me vdekjen n\u00eb Spital Ushtarak. I akuzuari kryesor p\u00ebr goditje me arm\u00eb [&hellip;]","og_url":"https:\/\/fjala.info\/2009-2015\/heshtja-nga-frika-e-familjes\/","og_site_name":"FjALA e LIR\u00cb - Arkivi","article_published_time":"2010-11-16T10:53:34+00:00","og_image":[{"url":"http:\/\/fjala.shkoder.net\/wp-content\/uploads\/2010\/10\/mero_baze1.jpg","type":"","width":"","height":""}],"author":"admin","twitter_card":"summary_large_image","twitter_misc":{"Written by":"admin","Est. reading time":"4 minutes"},"schema":{"@context":"https:\/\/schema.org","@graph":[{"@type":"Article","@id":"https:\/\/fjala.info\/2009-2015\/heshtja-nga-frika-e-familjes\/#article","isPartOf":{"@id":"https:\/\/fjala.info\/2009-2015\/heshtja-nga-frika-e-familjes\/"},"author":{"name":"admin","@id":"https:\/\/fjala.info\/2009-2015\/#\/schema\/person\/3aa1163ef05469c496fc94e77611ada2"},"headline":"Heshtja nga frika e \u201cFamiljes\u201d","datePublished":"2010-11-16T10:53:34+00:00","mainEntityOfPage":{"@id":"https:\/\/fjala.info\/2009-2015\/heshtja-nga-frika-e-familjes\/"},"wordCount":721,"commentCount":0,"publisher":{"@id":"https:\/\/fjala.info\/2009-2015\/#organization"},"image":{"@id":"https:\/\/fjala.info\/2009-2015\/heshtja-nga-frika-e-familjes\/#primaryimage"},"thumbnailUrl":"http:\/\/fjala.shkoder.net\/wp-content\/uploads\/2010\/10\/mero_baze1.jpg","articleSection":["Artikuj"],"inLanguage":"sq-AL","potentialAction":[{"@type":"CommentAction","name":"Comment","target":["https:\/\/fjala.info\/2009-2015\/heshtja-nga-frika-e-familjes\/#respond"]}]},{"@type":"WebPage","@id":"https:\/\/fjala.info\/2009-2015\/heshtja-nga-frika-e-familjes\/","url":"https:\/\/fjala.info\/2009-2015\/heshtja-nga-frika-e-familjes\/","name":"Heshtja nga frika e \u201cFamiljes\u201d - FjALA e LIR\u00cb - Arkivi","isPartOf":{"@id":"https:\/\/fjala.info\/2009-2015\/#website"},"primaryImageOfPage":{"@id":"https:\/\/fjala.info\/2009-2015\/heshtja-nga-frika-e-familjes\/#primaryimage"},"image":{"@id":"https:\/\/fjala.info\/2009-2015\/heshtja-nga-frika-e-familjes\/#primaryimage"},"thumbnailUrl":"http:\/\/fjala.shkoder.net\/wp-content\/uploads\/2010\/10\/mero_baze1.jpg","datePublished":"2010-11-16T10:53:34+00:00","breadcrumb":{"@id":"https:\/\/fjala.info\/2009-2015\/heshtja-nga-frika-e-familjes\/#breadcrumb"},"inLanguage":"sq-AL","potentialAction":[{"@type":"ReadAction","target":["https:\/\/fjala.info\/2009-2015\/heshtja-nga-frika-e-familjes\/"]}]},{"@type":"ImageObject","inLanguage":"sq-AL","@id":"https:\/\/fjala.info\/2009-2015\/heshtja-nga-frika-e-familjes\/#primaryimage","url":"http:\/\/fjala.shkoder.net\/wp-content\/uploads\/2010\/10\/mero_baze1.jpg","contentUrl":"http:\/\/fjala.shkoder.net\/wp-content\/uploads\/2010\/10\/mero_baze1.jpg"},{"@type":"BreadcrumbList","@id":"https:\/\/fjala.info\/2009-2015\/heshtja-nga-frika-e-familjes\/#breadcrumb","itemListElement":[{"@type":"ListItem","position":1,"name":"Home","item":"https:\/\/fjala.info\/2009-2015\/"},{"@type":"ListItem","position":2,"name":"Heshtja nga frika e \u201cFamiljes\u201d"}]},{"@type":"WebSite","@id":"https:\/\/fjala.info\/2009-2015\/#website","url":"https:\/\/fjala.info\/2009-2015\/","name":"FjALA e LIR\u00cb - Arkivi","description":"Arkivi 2009-2015","publisher":{"@id":"https:\/\/fjala.info\/2009-2015\/#organization"},"potentialAction":[{"@type":"SearchAction","target":{"@type":"EntryPoint","urlTemplate":"https:\/\/fjala.info\/2009-2015\/?s={search_term_string}"},"query-input":{"@type":"PropertyValueSpecification","valueRequired":true,"valueName":"search_term_string"}}],"inLanguage":"sq-AL"},{"@type":"Organization","@id":"https:\/\/fjala.info\/2009-2015\/#organization","name":"FjALA e LIR\u00cb - Arkivi","url":"https:\/\/fjala.info\/2009-2015\/","logo":{"@type":"ImageObject","inLanguage":"sq-AL","@id":"https:\/\/fjala.info\/2009-2015\/#\/schema\/logo\/image\/","url":"","contentUrl":"","caption":"FjALA e LIR\u00cb - Arkivi"},"image":{"@id":"https:\/\/fjala.info\/2009-2015\/#\/schema\/logo\/image\/"}},{"@type":"Person","@id":"https:\/\/fjala.info\/2009-2015\/#\/schema\/person\/3aa1163ef05469c496fc94e77611ada2","name":"admin","image":{"@type":"ImageObject","inLanguage":"sq-AL","@id":"https:\/\/fjala.info\/2009-2015\/wp-content\/uploads\/2012\/02\/arben_cokaj-120x150.jpg","url":"https:\/\/fjala.info\/2009-2015\/wp-content\/uploads\/2012\/02\/arben_cokaj-120x150.jpg","contentUrl":"https:\/\/fjala.info\/2009-2015\/wp-content\/uploads\/2012\/02\/arben_cokaj-120x150.jpg","caption":"admin"},"description":"Admin, Fjala e Lir\u00eb","sameAs":["https:\/\/fjala.info\/"],"url":"https:\/\/fjala.info\/2009-2015\/author\/admin\/"}]}},"_links":{"self":[{"href":"https:\/\/fjala.info\/2009-2015\/wp-json\/wp\/v2\/posts\/4804","targetHints":{"allow":["GET"]}}],"collection":[{"href":"https:\/\/fjala.info\/2009-2015\/wp-json\/wp\/v2\/posts"}],"about":[{"href":"https:\/\/fjala.info\/2009-2015\/wp-json\/wp\/v2\/types\/post"}],"author":[{"embeddable":true,"href":"https:\/\/fjala.info\/2009-2015\/wp-json\/wp\/v2\/users\/1"}],"replies":[{"embeddable":true,"href":"https:\/\/fjala.info\/2009-2015\/wp-json\/wp\/v2\/comments?post=4804"}],"version-history":[{"count":0,"href":"https:\/\/fjala.info\/2009-2015\/wp-json\/wp\/v2\/posts\/4804\/revisions"}],"wp:attachment":[{"href":"https:\/\/fjala.info\/2009-2015\/wp-json\/wp\/v2\/media?parent=4804"}],"wp:term":[{"taxonomy":"category","embeddable":true,"href":"https:\/\/fjala.info\/2009-2015\/wp-json\/wp\/v2\/categories?post=4804"},{"taxonomy":"post_tag","embeddable":true,"href":"https:\/\/fjala.info\/2009-2015\/wp-json\/wp\/v2\/tags?post=4804"}],"curies":[{"name":"wp","href":"https:\/\/api.w.org\/{rel}","templated":true}]}}