{"id":4796,"date":"2010-11-16T11:15:53","date_gmt":"2010-11-16T10:15:53","guid":{"rendered":"http:\/\/fjala.shkoder.net\/?p=4796"},"modified":"2010-11-16T11:15:53","modified_gmt":"2010-11-16T10:15:53","slug":"nje-jetim-ne-politiken-shqiptare","status":"publish","type":"post","link":"https:\/\/fjala.info\/2009-2015\/nje-jetim-ne-politiken-shqiptare\/","title":{"rendered":"Nj\u00eb jetim n\u00eb politik\u00ebn shqiptare"},"content":{"rendered":"<p><img loading=\"lazy\" decoding=\"async\" src=\"http:\/\/fjala.shkoder.net\/wp-content\/uploads\/2010\/10\/bledar_prifti.jpg\" alt=\"\" title=\"Bledar H. Prifti\" width=\"180\" height=\"240\" class=\"alignright size-full wp-image-4159\" \/><br \/>\n<strong>Bledar H. Prifti<\/strong>, <em>16.11.2010<\/em><\/p>\n<p>Jav\u00ebn e kaluar n\u00eb emisionin &#8220;Opinion&#8221;, gazetari Blendi Fevziu kishte ftuar Fatos Nanon, k\u00ebt\u00eb jav\u00eb kishte ftuar Salin Berish\u00ebn, dhe ma merr mendja se jav\u00ebn tjet\u00ebr do t\u00eb ket\u00eb Ilir Met\u00ebn. Por \u00e7far\u00eb e shtyu Berish\u00ebn t\u00eb pasonte Nanon dhe \u00e7far\u00eb do ta shtyj\u00eb Met\u00ebn t\u00eb pasoj\u00eb Berish\u00ebn n\u00eb k\u00ebt\u00eb rreshtore alla &#8220;kapter Fevziu&#8221;? <\/p>\n<p>N\u00eb shkrimin e kaluar &#8220;Mesazheri i Dialoguar apo Viktima e Kardiologut?&#8221; u analizua ambicia e Fatos Nanos p\u00ebr t&#8217;u b\u00ebr\u00eb z\u00ebvend\u00ebsuesi i Presidentit Bamir Topi dhe l\u00ebvizjet e tij p\u00ebr t&#8217;ia arritur k\u00ebtij q\u00ebllimi. \u00cbsht\u00eb m\u00eb se e kuptueshme nga t\u00eb gjith\u00eb Shqiptar\u00ebt se kandidatur\u00ebn e Nanos p\u00ebr president po e sponsorizojn\u00eb fuqish\u00ebm Sali Berisha dhe mediat pran\u00eb tij. Ky sponsorizim \u00ebsht\u00eb nj\u00eb shp\u00ebrblim q\u00eb i \u00ebsht\u00eb premtuar Nanos n\u00eb k\u00ebmbim t\u00eb iniciativave dhe prapaskenave t\u00eb tij p\u00ebr t\u00eb p\u00ebr\u00e7ar\u00eb t\u00eb majt\u00ebn socialiste dhe p\u00ebr t\u00eb mbajtur rrjedhimisht Sali Berish\u00ebn n\u00eb pushtet. <\/p>\n<p>Ky pazar ka ardhur si rezultat i dinak\u00ebris\u00eb s\u00eb Berish\u00ebs p\u00ebr t\u00eb shfryt\u00ebzuar dashurin\u00eb perverse t\u00eb Fatos Nanos p\u00ebr t&#8217;u b\u00ebr\u00eb president dhe mentalitetin dhe urrejtjen primitive t\u00eb Nanos p\u00ebrkundrejt lidershipit aktual t\u00eb Partis\u00eb Socialiste. N\u00ebse nga nj\u00ebra an\u00eb Sali Berisha jeton me &#8220;k\u00ebmb\u00eb n\u00eb tok\u00eb&#8221;, pasi po g\u00ebzon realisht pushtetin e shitur tek ai nga Nano dhe Meta, nga ana tjet\u00ebr, Nano po shikon \u00ebndrra me sy hapur sikur Sali Berisha do ta b\u00ebj\u00eb president n\u00eb vend t\u00eb Bamir Topit.<br \/>\nPavar\u00ebsisht k\u00ebtij fakti, Fatos Nano rrezikon t\u00eb shnd\u00ebrrohet n\u00eb nj\u00eb patate t\u00eb nxeht\u00eb n\u00eb duart e Sali Berish\u00ebs dhe Ilir Met\u00ebs. <\/p>\n<p>Patatja Nano \u00ebsht\u00eb shum\u00eb e nxeht\u00eb p\u00ebr Berish\u00ebn dhe ajo duhet mbajtur dhe trajtuar me shum\u00eb kujdes dhe dinak\u00ebri. Berisha e kupton se flirtimi me Fatos Nanon rrezikon t\u00eb ul\u00eb kuotat politike dhe kredibilitetin e tij brenda elektoratit t\u00eb djatht\u00eb. Perceptimi nga elektorati i djatht\u00eb se Berisha po sponsorizon Nanon president p\u00ebr hir t\u00eb pushtetit individual t\u00eb kryeministrit do t\u00eb kishte impakt negativ mbi Berish\u00ebn dhe mb\u00ebshtetjen e tij politike. <\/p>\n<p>P\u00ebrse do t\u00eb duheshin t\u00eb mb\u00ebshtesnin demokrat\u00ebt e thjesht\u00eb Berish\u00ebn, n\u00ebse Berisha, p\u00ebr hir t\u00eb pushtetit personal, do t\u00eb sillte n\u00eb pushtet n\u00eb postet ky\u00e7e (si presidenca) figura t\u00eb s\u00eb majt\u00ebs si Fatos Nano? T\u00eb irrituar edhe me 20% -in e pushtetit t\u00eb dh\u00ebn\u00eb Ilir Met\u00ebs, elektorati i djatht\u00eb nuk do t\u00eb pranonte kurrsesi q\u00eb Berisha t\u00eb largonte Topin nga presidenca dhe ta z\u00ebvend\u00ebsonte at\u00eb me Fatos Nanon. P\u00ebr m\u00eb shum\u00eb, sponsorizimi dhe b\u00ebrja e Nanos president do t\u00eb b\u00ebnte q\u00eb Bamir Topi t\u00eb kthehej n\u00eb PD gjith\u00eb mllef dhe &#8220;urrejtje&#8221;, duke l\u00ebkundur seriozisht kuotat politike t\u00eb Berish\u00ebs n\u00eb radh\u00ebt e demokrat\u00ebve t\u00eb moderuar dhe t\u00eb pavarurve. <\/p>\n<p>Duke qen\u00eb i vet\u00ebdijsh\u00ebm p\u00ebr situat\u00ebn dhe &#8220;keqkuptimet&#8221; q\u00eb u ngrit\u00ebn nga intervista e Nanos jav\u00ebn e kaluar, Berisha nuk nguroi t\u00eb shkonte nj\u00eb jav\u00eb m\u00eb pas tek &#8220;Opinion&#8221; i Fevziut p\u00ebr t\u00eb siguruar elektoratin e djatht\u00eb se Fatos Nano nuk \u00ebsht\u00eb n\u00eb list\u00ebn e tij p\u00ebr president, bile Nano nuk \u00ebsht\u00eb as n\u00eb list\u00ebn e Ilir Met\u00ebs. Duket sikur loja e Berish\u00ebs me Met\u00ebn krijoi k\u00ebt\u00eb Nano q\u00eb duket sikur i ka ngelur (apo q\u00eb duan t&#8217;ia l\u00ebn\u00eb) n\u00eb der\u00eb PS-s\u00eb. T\u00eb gjendur p\u00ebrball\u00eb k\u00ebtyre deklaratave, shum\u00ebkush mund t\u00eb pyes\u00eb se \u00e7far\u00eb do t\u00eb b\u00ebhet me Nanon?<\/p>\n<p>Mbase k\u00ebt\u00eb p\u00ebrgjigje mund ta jap\u00eb Ilir Meta. Tashm\u00eb, do t&#8217;i duhet edhe Met\u00ebs t\u00eb dal\u00eb nj\u00ebher\u00eb nga &#8220;Opinioni&#8221; i Fevziut p\u00ebr t\u00eb sqaruar pozicionimin e tij n\u00eb lidhje me kandidatur\u00ebn e Nanos p\u00ebr president. Meta nuk mund t&#8217;ia lejoj\u00eb vetes nj\u00eb prishje me Nanon. Me Nanon, Meta b\u00ebri jo vet\u00ebm pazarin paszgjedhor, por edhe pazaret e tjera n\u00eb kurriz t\u00eb opozit\u00ebs, pazare q\u00eb shum\u00eb pak mund t&#8217;i ken\u00eb d\u00ebgjuar. Ndaj, pritet q\u00eb Meta do t\u00eb dal\u00eb dhe do t\u00eb deklaroj\u00eb se \u00ebsht\u00eb akoma shum\u00eb her\u00ebt p\u00ebr t\u00eb menduar p\u00ebr presidentin dhe se LSI nuk ka vendosur akoma p\u00ebr nj\u00eb kandidatur\u00eb konsensuale. <\/p>\n<p>Kjo gj\u00eb mund ta qet\u00ebsoj\u00eb ndopak Nanon, por, kurrsesi, nuk mund t&#8217;ia heq\u00eb atij shqet\u00ebsimin q\u00eb ai ka p\u00ebr faktin se po i duket vetja jetim n\u00eb syt\u00eb e elektoratit. Nano \u00ebsht\u00eb i vet\u00ebdijsh\u00ebm se PS mund ta votoj\u00eb kandidatur\u00ebn e tij p\u00ebr president, por, kurrsesi, nuk mund ta propozoj\u00eb at\u00eb si kandidat p\u00ebr president. Nano nuk i ka l\u00ebn\u00eb asnj\u00eb shteg vetes p\u00ebr t&#8217;u propozuar nga PS, apo p\u00ebr ta b\u00ebr\u00eb k\u00ebt\u00eb t\u00eb fundit t\u00eb ndjehet borxhli p\u00ebrkundrejt &#8220;bab\u00ebs&#8221;. Me t\u00eb nj\u00ebjt\u00ebn logjik\u00eb, edhe Berisha do t\u00eb deklaroj\u00eb, mbase jo publikisht, se \u00ebsht\u00eb i gatsh\u00ebm ta votoj\u00eb Nanon president, por nuk mund ta propozoj\u00eb at\u00eb si kandidat t\u00eb s\u00eb djatht\u00ebs, dhe kjo \u00ebsht\u00eb m\u00eb se e kuptueshme. <\/p>\n<p>Tashm\u00eb, kuptohet fare qart\u00eb se barra p\u00ebr t\u00eb propozuar Nanon president i ka ngelur Ilir Met\u00ebs. Por, a do ta b\u00ebj\u00eb Meta k\u00ebt\u00eb gj\u00eb? Sa vler\u00eb do t\u00eb kishte edhe n\u00ebse Meta do ta b\u00ebnte nj\u00eb gj\u00eb t\u00eb till\u00eb? N\u00eb k\u00ebto kushte, Meta mund ta propozoj\u00eb Nanon, pasi ka shum\u00eb arsye dhe prapaskena q\u00eb nuk e lejojn\u00eb Met\u00ebn t\u00eb b\u00ebjn\u00eb t\u00eb kund\u00ebrt\u00ebn. Por edhe n\u00ebse kjo ndodh, jam shum\u00eb i bindur se demokrat\u00ebt dhe disa t\u00eb majt\u00eb do ta rr\u00ebzojn\u00eb kandidatur\u00ebn e Nanos. Nano ka pasur dhe ka b\u00ebr\u00eb aq shum\u00eb armiq politik sa kandidatura e tij p\u00ebr president nuk ka shans q\u00eb t\u00eb miratohet n\u00eb parlament, ngado dhe me k\u00ebdo q\u00eb ta dredhi Nano. <\/p>\n<p>Nano nuk mund t\u00eb jet\u00eb aq naiv dhe i paditur sa t\u00eb mos e kuptoj\u00eb t\u00eb gjith\u00eb panoram\u00ebn e politik\u00ebs shqiptare dhe se sa shanse ka ai n\u00eb realitet p\u00ebr t&#8217;u zgjedhur president. I gjendur p\u00ebrball\u00eb k\u00ebtij realiteti, Nano do t\u00eb filloj\u00eb t\u00eb ndryshoj\u00eb dal\u00ebngadal\u00eb kursin e tij politik. Nano do t\u00eb kuptoj\u00eb se ai nuk ka as m\u00eb t\u00eb voglin shans p\u00ebr t&#8217;u zgjedhur president nga ky parlament. Gjithashtu, ai do t\u00eb kuptoj\u00eb nj\u00eb parlament tjet\u00ebr i dal\u00eb nga zgjedhjet e parakohshme MUND t&#8217;i ofroj\u00eb atij shum\u00eb m\u00eb shum\u00eb mund\u00ebsi sesa i ofron ky parlament ekzistues. P\u00ebr m\u00eb shum\u00eb, Nano do t\u00eb kuptoj\u00eb se n\u00eb politik\u00eb m\u00eb mir\u00eb \u00ebsht\u00eb t\u00eb jesh ushtar i nj\u00eb force politike sesa nj\u00eb jetim fatkeq dhe i n\u00ebp\u00ebrk\u00ebmbur.<\/p>\n","protected":false},"excerpt":{"rendered":"<p>Bledar H. Prifti, 16.11.2010 Jav\u00ebn e kaluar n\u00eb emisionin &#8220;Opinion&#8221;, gazetari Blendi Fevziu kishte ftuar Fatos Nanon, k\u00ebt\u00eb jav\u00eb kishte ftuar Salin Berish\u00ebn, dhe ma merr mendja se jav\u00ebn tjet\u00ebr do t\u00eb ket\u00eb Ilir Met\u00ebn. Por \u00e7far\u00eb e shtyu Berish\u00ebn t\u00eb pasonte Nanon dhe \u00e7far\u00eb do ta shtyj\u00eb Met\u00ebn t\u00eb pasoj\u00eb Berish\u00ebn n\u00eb k\u00ebt\u00eb rreshtore [&hellip;]<\/p>\n","protected":false},"author":1,"featured_media":0,"comment_status":"open","ping_status":"closed","sticky":false,"template":"","format":"standard","meta":{"footnotes":""},"categories":[2],"tags":[],"class_list":{"0":"post-4796","1":"post","2":"type-post","3":"status-publish","4":"format-standard","6":"category-artikuj"},"yoast_head":"<!-- This site is optimized with the Yoast SEO plugin v27.4 - https:\/\/yoast.com\/product\/yoast-seo-wordpress\/ -->\n<title>Nj\u00eb jetim n\u00eb politik\u00ebn shqiptare - FjALA e LIR\u00cb - Arkivi<\/title>\n<meta name=\"robots\" content=\"index, follow, max-snippet:-1, max-image-preview:large, max-video-preview:-1\" \/>\n<link rel=\"canonical\" href=\"https:\/\/fjala.info\/2009-2015\/nje-jetim-ne-politiken-shqiptare\/\" \/>\n<meta property=\"og:locale\" content=\"sq_AL\" \/>\n<meta property=\"og:type\" content=\"article\" \/>\n<meta property=\"og:title\" content=\"Nj\u00eb jetim n\u00eb politik\u00ebn shqiptare - FjALA e LIR\u00cb - Arkivi\" \/>\n<meta property=\"og:description\" content=\"Bledar H. Prifti, 16.11.2010 Jav\u00ebn e kaluar n\u00eb emisionin &#8220;Opinion&#8221;, gazetari Blendi Fevziu kishte ftuar Fatos Nanon, k\u00ebt\u00eb jav\u00eb kishte ftuar Salin Berish\u00ebn, dhe ma merr mendja se jav\u00ebn tjet\u00ebr do t\u00eb ket\u00eb Ilir Met\u00ebn. Por \u00e7far\u00eb e shtyu Berish\u00ebn t\u00eb pasonte Nanon dhe \u00e7far\u00eb do ta shtyj\u00eb Met\u00ebn t\u00eb pasoj\u00eb Berish\u00ebn n\u00eb k\u00ebt\u00eb rreshtore [&hellip;]\" \/>\n<meta property=\"og:url\" content=\"https:\/\/fjala.info\/2009-2015\/nje-jetim-ne-politiken-shqiptare\/\" \/>\n<meta property=\"og:site_name\" content=\"FjALA e LIR\u00cb - Arkivi\" \/>\n<meta property=\"article:published_time\" content=\"2010-11-16T10:15:53+00:00\" \/>\n<meta property=\"og:image\" content=\"http:\/\/fjala.shkoder.net\/wp-content\/uploads\/2010\/10\/bledar_prifti.jpg\" \/>\n<meta name=\"author\" content=\"admin\" \/>\n<meta name=\"twitter:card\" content=\"summary_large_image\" \/>\n<meta name=\"twitter:label1\" content=\"Written by\" \/>\n\t<meta name=\"twitter:data1\" content=\"admin\" \/>\n\t<meta name=\"twitter:label2\" content=\"Est. reading time\" \/>\n\t<meta name=\"twitter:data2\" content=\"6 minutes\" \/>\n<script type=\"application\/ld+json\" class=\"yoast-schema-graph\">{\"@context\":\"https:\\\/\\\/schema.org\",\"@graph\":[{\"@type\":\"Article\",\"@id\":\"https:\\\/\\\/fjala.info\\\/2009-2015\\\/nje-jetim-ne-politiken-shqiptare\\\/#article\",\"isPartOf\":{\"@id\":\"https:\\\/\\\/fjala.info\\\/2009-2015\\\/nje-jetim-ne-politiken-shqiptare\\\/\"},\"author\":{\"name\":\"admin\",\"@id\":\"https:\\\/\\\/fjala.info\\\/2009-2015\\\/#\\\/schema\\\/person\\\/3aa1163ef05469c496fc94e77611ada2\"},\"headline\":\"Nj\u00eb jetim n\u00eb politik\u00ebn shqiptare\",\"datePublished\":\"2010-11-16T10:15:53+00:00\",\"mainEntityOfPage\":{\"@id\":\"https:\\\/\\\/fjala.info\\\/2009-2015\\\/nje-jetim-ne-politiken-shqiptare\\\/\"},\"wordCount\":1159,\"commentCount\":0,\"publisher\":{\"@id\":\"https:\\\/\\\/fjala.info\\\/2009-2015\\\/#organization\"},\"image\":{\"@id\":\"https:\\\/\\\/fjala.info\\\/2009-2015\\\/nje-jetim-ne-politiken-shqiptare\\\/#primaryimage\"},\"thumbnailUrl\":\"http:\\\/\\\/fjala.shkoder.net\\\/wp-content\\\/uploads\\\/2010\\\/10\\\/bledar_prifti.jpg\",\"articleSection\":[\"Artikuj\"],\"inLanguage\":\"sq-AL\",\"potentialAction\":[{\"@type\":\"CommentAction\",\"name\":\"Comment\",\"target\":[\"https:\\\/\\\/fjala.info\\\/2009-2015\\\/nje-jetim-ne-politiken-shqiptare\\\/#respond\"]}]},{\"@type\":\"WebPage\",\"@id\":\"https:\\\/\\\/fjala.info\\\/2009-2015\\\/nje-jetim-ne-politiken-shqiptare\\\/\",\"url\":\"https:\\\/\\\/fjala.info\\\/2009-2015\\\/nje-jetim-ne-politiken-shqiptare\\\/\",\"name\":\"Nj\u00eb jetim n\u00eb politik\u00ebn shqiptare - FjALA e LIR\u00cb - Arkivi\",\"isPartOf\":{\"@id\":\"https:\\\/\\\/fjala.info\\\/2009-2015\\\/#website\"},\"primaryImageOfPage\":{\"@id\":\"https:\\\/\\\/fjala.info\\\/2009-2015\\\/nje-jetim-ne-politiken-shqiptare\\\/#primaryimage\"},\"image\":{\"@id\":\"https:\\\/\\\/fjala.info\\\/2009-2015\\\/nje-jetim-ne-politiken-shqiptare\\\/#primaryimage\"},\"thumbnailUrl\":\"http:\\\/\\\/fjala.shkoder.net\\\/wp-content\\\/uploads\\\/2010\\\/10\\\/bledar_prifti.jpg\",\"datePublished\":\"2010-11-16T10:15:53+00:00\",\"breadcrumb\":{\"@id\":\"https:\\\/\\\/fjala.info\\\/2009-2015\\\/nje-jetim-ne-politiken-shqiptare\\\/#breadcrumb\"},\"inLanguage\":\"sq-AL\",\"potentialAction\":[{\"@type\":\"ReadAction\",\"target\":[\"https:\\\/\\\/fjala.info\\\/2009-2015\\\/nje-jetim-ne-politiken-shqiptare\\\/\"]}]},{\"@type\":\"ImageObject\",\"inLanguage\":\"sq-AL\",\"@id\":\"https:\\\/\\\/fjala.info\\\/2009-2015\\\/nje-jetim-ne-politiken-shqiptare\\\/#primaryimage\",\"url\":\"http:\\\/\\\/fjala.shkoder.net\\\/wp-content\\\/uploads\\\/2010\\\/10\\\/bledar_prifti.jpg\",\"contentUrl\":\"http:\\\/\\\/fjala.shkoder.net\\\/wp-content\\\/uploads\\\/2010\\\/10\\\/bledar_prifti.jpg\"},{\"@type\":\"BreadcrumbList\",\"@id\":\"https:\\\/\\\/fjala.info\\\/2009-2015\\\/nje-jetim-ne-politiken-shqiptare\\\/#breadcrumb\",\"itemListElement\":[{\"@type\":\"ListItem\",\"position\":1,\"name\":\"Home\",\"item\":\"https:\\\/\\\/fjala.info\\\/2009-2015\\\/\"},{\"@type\":\"ListItem\",\"position\":2,\"name\":\"Nj\u00eb jetim n\u00eb politik\u00ebn shqiptare\"}]},{\"@type\":\"WebSite\",\"@id\":\"https:\\\/\\\/fjala.info\\\/2009-2015\\\/#website\",\"url\":\"https:\\\/\\\/fjala.info\\\/2009-2015\\\/\",\"name\":\"FjALA e LIR\u00cb - Arkivi\",\"description\":\"Arkivi 2009-2015\",\"publisher\":{\"@id\":\"https:\\\/\\\/fjala.info\\\/2009-2015\\\/#organization\"},\"potentialAction\":[{\"@type\":\"SearchAction\",\"target\":{\"@type\":\"EntryPoint\",\"urlTemplate\":\"https:\\\/\\\/fjala.info\\\/2009-2015\\\/?s={search_term_string}\"},\"query-input\":{\"@type\":\"PropertyValueSpecification\",\"valueRequired\":true,\"valueName\":\"search_term_string\"}}],\"inLanguage\":\"sq-AL\"},{\"@type\":\"Organization\",\"@id\":\"https:\\\/\\\/fjala.info\\\/2009-2015\\\/#organization\",\"name\":\"FjALA e LIR\u00cb - Arkivi\",\"url\":\"https:\\\/\\\/fjala.info\\\/2009-2015\\\/\",\"logo\":{\"@type\":\"ImageObject\",\"inLanguage\":\"sq-AL\",\"@id\":\"https:\\\/\\\/fjala.info\\\/2009-2015\\\/#\\\/schema\\\/logo\\\/image\\\/\",\"url\":\"\",\"contentUrl\":\"\",\"caption\":\"FjALA e LIR\u00cb - Arkivi\"},\"image\":{\"@id\":\"https:\\\/\\\/fjala.info\\\/2009-2015\\\/#\\\/schema\\\/logo\\\/image\\\/\"}},{\"@type\":\"Person\",\"@id\":\"https:\\\/\\\/fjala.info\\\/2009-2015\\\/#\\\/schema\\\/person\\\/3aa1163ef05469c496fc94e77611ada2\",\"name\":\"admin\",\"image\":{\"@type\":\"ImageObject\",\"inLanguage\":\"sq-AL\",\"@id\":\"https:\\\/\\\/fjala.info\\\/2009-2015\\\/wp-content\\\/uploads\\\/2012\\\/02\\\/arben_cokaj-120x150.jpg\",\"url\":\"https:\\\/\\\/fjala.info\\\/2009-2015\\\/wp-content\\\/uploads\\\/2012\\\/02\\\/arben_cokaj-120x150.jpg\",\"contentUrl\":\"https:\\\/\\\/fjala.info\\\/2009-2015\\\/wp-content\\\/uploads\\\/2012\\\/02\\\/arben_cokaj-120x150.jpg\",\"caption\":\"admin\"},\"description\":\"Admin, Fjala e Lir\u00eb\",\"sameAs\":[\"https:\\\/\\\/fjala.info\\\/\"],\"url\":\"https:\\\/\\\/fjala.info\\\/2009-2015\\\/author\\\/admin\\\/\"}]}<\/script>\n<!-- \/ Yoast SEO plugin. -->","yoast_head_json":{"title":"Nj\u00eb jetim n\u00eb politik\u00ebn shqiptare - FjALA e LIR\u00cb - Arkivi","robots":{"index":"index","follow":"follow","max-snippet":"max-snippet:-1","max-image-preview":"max-image-preview:large","max-video-preview":"max-video-preview:-1"},"canonical":"https:\/\/fjala.info\/2009-2015\/nje-jetim-ne-politiken-shqiptare\/","og_locale":"sq_AL","og_type":"article","og_title":"Nj\u00eb jetim n\u00eb politik\u00ebn shqiptare - FjALA e LIR\u00cb - Arkivi","og_description":"Bledar H. Prifti, 16.11.2010 Jav\u00ebn e kaluar n\u00eb emisionin &#8220;Opinion&#8221;, gazetari Blendi Fevziu kishte ftuar Fatos Nanon, k\u00ebt\u00eb jav\u00eb kishte ftuar Salin Berish\u00ebn, dhe ma merr mendja se jav\u00ebn tjet\u00ebr do t\u00eb ket\u00eb Ilir Met\u00ebn. Por \u00e7far\u00eb e shtyu Berish\u00ebn t\u00eb pasonte Nanon dhe \u00e7far\u00eb do ta shtyj\u00eb Met\u00ebn t\u00eb pasoj\u00eb Berish\u00ebn n\u00eb k\u00ebt\u00eb rreshtore [&hellip;]","og_url":"https:\/\/fjala.info\/2009-2015\/nje-jetim-ne-politiken-shqiptare\/","og_site_name":"FjALA e LIR\u00cb - Arkivi","article_published_time":"2010-11-16T10:15:53+00:00","og_image":[{"url":"http:\/\/fjala.shkoder.net\/wp-content\/uploads\/2010\/10\/bledar_prifti.jpg","type":"","width":"","height":""}],"author":"admin","twitter_card":"summary_large_image","twitter_misc":{"Written by":"admin","Est. reading time":"6 minutes"},"schema":{"@context":"https:\/\/schema.org","@graph":[{"@type":"Article","@id":"https:\/\/fjala.info\/2009-2015\/nje-jetim-ne-politiken-shqiptare\/#article","isPartOf":{"@id":"https:\/\/fjala.info\/2009-2015\/nje-jetim-ne-politiken-shqiptare\/"},"author":{"name":"admin","@id":"https:\/\/fjala.info\/2009-2015\/#\/schema\/person\/3aa1163ef05469c496fc94e77611ada2"},"headline":"Nj\u00eb jetim n\u00eb politik\u00ebn shqiptare","datePublished":"2010-11-16T10:15:53+00:00","mainEntityOfPage":{"@id":"https:\/\/fjala.info\/2009-2015\/nje-jetim-ne-politiken-shqiptare\/"},"wordCount":1159,"commentCount":0,"publisher":{"@id":"https:\/\/fjala.info\/2009-2015\/#organization"},"image":{"@id":"https:\/\/fjala.info\/2009-2015\/nje-jetim-ne-politiken-shqiptare\/#primaryimage"},"thumbnailUrl":"http:\/\/fjala.shkoder.net\/wp-content\/uploads\/2010\/10\/bledar_prifti.jpg","articleSection":["Artikuj"],"inLanguage":"sq-AL","potentialAction":[{"@type":"CommentAction","name":"Comment","target":["https:\/\/fjala.info\/2009-2015\/nje-jetim-ne-politiken-shqiptare\/#respond"]}]},{"@type":"WebPage","@id":"https:\/\/fjala.info\/2009-2015\/nje-jetim-ne-politiken-shqiptare\/","url":"https:\/\/fjala.info\/2009-2015\/nje-jetim-ne-politiken-shqiptare\/","name":"Nj\u00eb jetim n\u00eb politik\u00ebn shqiptare - FjALA e LIR\u00cb - Arkivi","isPartOf":{"@id":"https:\/\/fjala.info\/2009-2015\/#website"},"primaryImageOfPage":{"@id":"https:\/\/fjala.info\/2009-2015\/nje-jetim-ne-politiken-shqiptare\/#primaryimage"},"image":{"@id":"https:\/\/fjala.info\/2009-2015\/nje-jetim-ne-politiken-shqiptare\/#primaryimage"},"thumbnailUrl":"http:\/\/fjala.shkoder.net\/wp-content\/uploads\/2010\/10\/bledar_prifti.jpg","datePublished":"2010-11-16T10:15:53+00:00","breadcrumb":{"@id":"https:\/\/fjala.info\/2009-2015\/nje-jetim-ne-politiken-shqiptare\/#breadcrumb"},"inLanguage":"sq-AL","potentialAction":[{"@type":"ReadAction","target":["https:\/\/fjala.info\/2009-2015\/nje-jetim-ne-politiken-shqiptare\/"]}]},{"@type":"ImageObject","inLanguage":"sq-AL","@id":"https:\/\/fjala.info\/2009-2015\/nje-jetim-ne-politiken-shqiptare\/#primaryimage","url":"http:\/\/fjala.shkoder.net\/wp-content\/uploads\/2010\/10\/bledar_prifti.jpg","contentUrl":"http:\/\/fjala.shkoder.net\/wp-content\/uploads\/2010\/10\/bledar_prifti.jpg"},{"@type":"BreadcrumbList","@id":"https:\/\/fjala.info\/2009-2015\/nje-jetim-ne-politiken-shqiptare\/#breadcrumb","itemListElement":[{"@type":"ListItem","position":1,"name":"Home","item":"https:\/\/fjala.info\/2009-2015\/"},{"@type":"ListItem","position":2,"name":"Nj\u00eb jetim n\u00eb politik\u00ebn shqiptare"}]},{"@type":"WebSite","@id":"https:\/\/fjala.info\/2009-2015\/#website","url":"https:\/\/fjala.info\/2009-2015\/","name":"FjALA e LIR\u00cb - Arkivi","description":"Arkivi 2009-2015","publisher":{"@id":"https:\/\/fjala.info\/2009-2015\/#organization"},"potentialAction":[{"@type":"SearchAction","target":{"@type":"EntryPoint","urlTemplate":"https:\/\/fjala.info\/2009-2015\/?s={search_term_string}"},"query-input":{"@type":"PropertyValueSpecification","valueRequired":true,"valueName":"search_term_string"}}],"inLanguage":"sq-AL"},{"@type":"Organization","@id":"https:\/\/fjala.info\/2009-2015\/#organization","name":"FjALA e LIR\u00cb - Arkivi","url":"https:\/\/fjala.info\/2009-2015\/","logo":{"@type":"ImageObject","inLanguage":"sq-AL","@id":"https:\/\/fjala.info\/2009-2015\/#\/schema\/logo\/image\/","url":"","contentUrl":"","caption":"FjALA e LIR\u00cb - Arkivi"},"image":{"@id":"https:\/\/fjala.info\/2009-2015\/#\/schema\/logo\/image\/"}},{"@type":"Person","@id":"https:\/\/fjala.info\/2009-2015\/#\/schema\/person\/3aa1163ef05469c496fc94e77611ada2","name":"admin","image":{"@type":"ImageObject","inLanguage":"sq-AL","@id":"https:\/\/fjala.info\/2009-2015\/wp-content\/uploads\/2012\/02\/arben_cokaj-120x150.jpg","url":"https:\/\/fjala.info\/2009-2015\/wp-content\/uploads\/2012\/02\/arben_cokaj-120x150.jpg","contentUrl":"https:\/\/fjala.info\/2009-2015\/wp-content\/uploads\/2012\/02\/arben_cokaj-120x150.jpg","caption":"admin"},"description":"Admin, Fjala e Lir\u00eb","sameAs":["https:\/\/fjala.info\/"],"url":"https:\/\/fjala.info\/2009-2015\/author\/admin\/"}]}},"_links":{"self":[{"href":"https:\/\/fjala.info\/2009-2015\/wp-json\/wp\/v2\/posts\/4796","targetHints":{"allow":["GET"]}}],"collection":[{"href":"https:\/\/fjala.info\/2009-2015\/wp-json\/wp\/v2\/posts"}],"about":[{"href":"https:\/\/fjala.info\/2009-2015\/wp-json\/wp\/v2\/types\/post"}],"author":[{"embeddable":true,"href":"https:\/\/fjala.info\/2009-2015\/wp-json\/wp\/v2\/users\/1"}],"replies":[{"embeddable":true,"href":"https:\/\/fjala.info\/2009-2015\/wp-json\/wp\/v2\/comments?post=4796"}],"version-history":[{"count":0,"href":"https:\/\/fjala.info\/2009-2015\/wp-json\/wp\/v2\/posts\/4796\/revisions"}],"wp:attachment":[{"href":"https:\/\/fjala.info\/2009-2015\/wp-json\/wp\/v2\/media?parent=4796"}],"wp:term":[{"taxonomy":"category","embeddable":true,"href":"https:\/\/fjala.info\/2009-2015\/wp-json\/wp\/v2\/categories?post=4796"},{"taxonomy":"post_tag","embeddable":true,"href":"https:\/\/fjala.info\/2009-2015\/wp-json\/wp\/v2\/tags?post=4796"}],"curies":[{"name":"wp","href":"https:\/\/api.w.org\/{rel}","templated":true}]}}