{"id":4792,"date":"2012-09-04T06:23:54","date_gmt":"2012-09-04T05:23:54","guid":{"rendered":"http:\/\/www.fjala.info\/?p=4792"},"modified":"2012-09-04T06:23:54","modified_gmt":"2012-09-04T05:23:54","slug":"ata-nuk-e-hengren","status":"publish","type":"post","link":"https:\/\/fjala.info\/2009-2015\/ata-nuk-e-hengren\/","title":{"rendered":"Ata nuk e h\u00ebngr\u00ebn!"},"content":{"rendered":"<p><img decoding=\"async\" class=\"alignright size-thumbnail wp-image-7236\" title=\"Mero Baze\" src=\"http:\/\/www.fjala.info\/2012\/mero_baze.jpg\" alt=\"\" width=\"150\" \/> Nga <strong>Mero Baze<\/strong>, <em>3 Shtator 2012<\/em><\/p>\n<p>N\u00ebse shfletoni gazetat e vitit 1997 p\u00ebr muajt maj \u2013 shtator, kur dhe vrasjet u rrit\u00ebn s\u00eb tep\u00ebrmi, do t\u00eb shihni se \u00e7do fundjav\u00eb gazetat b\u00ebnin bilancin e t\u00eb vrar\u00ebve, q\u00eb n\u00eb maksimum ka shkuar nj\u00eb her\u00eb 12 vet\u00eb n\u00eb jav\u00eb. Sipas statistik\u00ebs zyrtare t\u00eb vet\u00eb Ministris\u00eb s\u00eb Brendshme, mbledhur nga komunikatat ditore, vet\u00ebm <strong>tre muajt e fundit<\/strong> numri i t\u00eb vrar\u00ebve \u00ebsht\u00eb <strong>160 vet\u00eb<\/strong>, i barabart\u00eb af\u00ebrsisht me statistik\u00ebn e vitit 1997, n\u00eb muajt e tij m\u00eb t\u00eb k\u00ebqij. Ajo q\u00eb e trim\u00ebroi krimin pas ngjarjeve politike t\u00eb vitit 1997, ishte r\u00ebnia e shtetit. Krimi nuhati se shteti nuk ekzistonte m\u00eb, se policia ishte e dob\u00ebt, se gjykatat nuk ekzistonin, se lidhjet me politik\u00ebn po fuqizoheshin dhe ai u b\u00eb zot i rrug\u00ebve.<\/p>\n<p>Sot jemi pak a shum\u00eb para s\u00eb nj\u00ebjt\u00ebs situat\u00eb. Ka shum\u00eb arsye sociale dhe politike q\u00eb kan\u00eb trim\u00ebruar krimin, q\u00eb kan\u00eb nxjerr\u00eb vras\u00ebsit rrug\u00ebve dhe presin koka njer\u00ebzish si t\u00eb ishin shalqinj, q\u00eb presin qafa grash dhe vajzash, po pan\u00eb var\u00ebse n\u00eb qaf\u00eb, q\u00eb djegin e shkrumbojn\u00eb pyje p\u00ebr ta b\u00ebr\u00eb tok\u00ebn e djegur t\u00eb tyre, q\u00eb vjedhin banka dhe guxojn\u00eb t\u00eb vjedhin edhe ark\u00ebn e dogan\u00ebs, q\u00eb thyejn\u00eb argjendari e loto sporti, kudo q\u00eb mendojn\u00eb se mund t\u00eb rr\u00ebmbejn\u00eb ndonj\u00eb lek.<\/p>\n<p>Tre muaj m\u00eb par\u00eb, kur Sali Berisha em\u00ebroi nj\u00eb njeri qesharak Minist\u00ebr t\u00eb Brendsh\u00ebm, tentoi ta paraqes\u00eb at\u00eb si njeri t\u00eb pun\u00ebs q\u00eb di t\u00eb p\u00ebrballoj\u00eb situatat. Edhe pse u shmangej kamerave kur e lavd\u00ebronte, p\u00ebr t\u00eb mbajtur t\u00eb qeshur\u00ebn dhe shpotin\u00eb ndaj atyre q\u00eb e d\u00ebgjonin, thell\u00eb-thell\u00eb n\u00eb em\u00ebrimin e tij kishte nj\u00eb doz\u00eb cinizmi p\u00ebr t\u00eb vet\u00ebt dhe kund\u00ebrshtar\u00ebt, p\u00ebr t&#8217;u treguar se n\u00eb k\u00ebt\u00eb vend ligjin e b\u00ebn Ai dhe Ai vendos k\u00eb t\u00eb doj\u00eb minist\u00ebr. Disa prej t\u00eb vet\u00ebve u revoltuan e fol\u00ebn n\u00ebn z\u00eb, t\u00eb tjer\u00eb si Marku fol\u00ebn me z\u00eb m\u00eb t\u00eb lart\u00eb, por shumica filloi zakonin e vet t\u00eb p\u00ebrhersh\u00ebm t\u00eb justifikoj\u00eb vendimin \u201c<em>p\u00ebr t\u00eb b\u00ebr\u00eb nj\u00eb cop\u00eb mishi<\/em>\u201d minist\u00ebr.<\/p>\n<p>Por pavar\u00ebsisht daulleve t\u00eb pushtetit, pavar\u00ebsisht cinizmit t\u00eb Berish\u00ebs, pavar\u00ebsisht medies q\u00eb b\u00ebnte sikur nuk e shikonte se kush po b\u00ebhej minist\u00ebr, nj\u00eb pjes\u00eb e r\u00ebnd\u00ebsishme vendimmarr\u00ebse e k\u00ebsaj shoq\u00ebrie t\u00eb inkriminuar ishte vigjilente dhe po festonte. Krimi nuk e h\u00ebngri as propagand\u00ebn e Berish\u00ebs, as cinizmin e tij p\u00ebr t&#8217;u tallur me t\u00eb gjith\u00eb ne, as p\u00ebruljen e shumic\u00ebs para vendimeve idiote t\u00eb nj\u00eb plaku t\u00eb rrjedhur. Krimi nuk e h\u00ebngri rren\u00ebn e Berish\u00ebs dhe talljen e tij me em\u00ebrimin e Flamur Nok\u00ebs Minist\u00ebr i Brendsh\u00ebm. Thjesht e mori at\u00eb si triumf t\u00eb tij dhe shp\u00ebrtheu.<\/p>\n<p>Prej tre muajsh Shqip\u00ebria po p\u00ebrjeton shifra t\u00eb vrar\u00ebsh dhe nj\u00eb val\u00eb krimi q\u00eb i p\u00ebrngjan nj\u00eb lufte civile. N\u00ebse kur Olldashi ka qen\u00eb Minist\u00ebr i Brendsh\u00ebm shifra e vrasjeve ishte dy shifrore n\u00eb nj\u00eb vit dhe u arrit af\u00ebrsisht pak m\u00eb shum\u00eb se 100 kur ishte Basha, me ardhjen e k\u00ebtij ministri shkoi 160 p\u00ebr tre muaj dhe n\u00ebse vazhdon me k\u00ebt\u00eb rit\u00ebm i bie t\u00eb kaloj\u00eb 500 t\u00eb vrar\u00eb n\u00eb vit. Nj\u00eb shif\u00ebr e till\u00eb do tejkalonte shifr\u00ebn e \u00e7do revolucioni dhe lufte civile n\u00eb vend.<\/p>\n<p>E pash\u00eb dje q\u00eb krekosej si gjeli mbi pleh para kamerave dhe tentonte t\u00eb na shpjegonte se zjarret nuk \u00ebsht\u00eb e leht\u00eb t\u00eb fiken, se vras\u00ebsit nuk \u00ebsht\u00eb e leht\u00eb t\u00eb kapen, se krimi nuk \u00ebsht\u00eb i leht\u00eb t\u00eb mundet\u2026, por opozita duhet t\u00eb hesht\u00eb dhe biles ta vler\u00ebsoj\u00eb. Gjith\u00e7ka sipas parashikimit, edhe paaft\u00ebsia, edhe gomarll\u00ebqet q\u00eb thot\u00eb publikisht! Gjith\u00e7ka si\u00e7 pritej! P\u00ebrve\u00e7se Berisha \u00ebsht\u00eb vet\u00ebk\u00ebnaqur dhe masturbuar disa dit\u00eb duke par\u00eb reagimin nervoz t\u00eb t\u00eb vet\u00ebve dhe kund\u00ebrshtar\u00ebve p\u00ebr k\u00ebt\u00eb cop\u00eb mishi minist\u00ebr, askush tjet\u00ebr n\u00eb k\u00ebt\u00eb vend nuk e ka pranuar p\u00ebr t\u00eb till\u00eb.<\/p>\n<p>Por m\u00eb e keqja \u00ebsht\u00eb se pjesa m\u00eb problematike e shoq\u00ebris\u00eb, ajo q\u00eb p\u00ebrgjon politik\u00ebn dhe fuqin\u00eb e shtetit ligjor p\u00ebr t\u00eb mbijetuar, nuk e ka h\u00ebng\u00ebr asnj\u00eb moment bro\u00e7kull\u00ebn e Sali Berish\u00ebs q\u00eb vendi ka nj\u00eb Minist\u00ebr t\u00eb Brendsh\u00ebm. Pas lajmit kan\u00eb nisur \u201cfest\u00ebn\u201d dhe po vazhdojn\u00eb t\u00eb b\u00ebjn\u00eb k\u00ebrdin\u00eb duke vrar\u00eb rrug\u00ebve dhe duke zhytur Shqip\u00ebrin\u00eb n\u00eb flak\u00eb.<\/p>\n<p>Nuk e kan\u00eb h\u00ebng\u00ebr talljen e Berish\u00ebs as trafikant\u00ebt e drog\u00ebs q\u00eb kan\u00eb nisur lumenj droge rrug\u00ebve t\u00eb Shqip\u00ebris\u00eb, as vras\u00ebsit ordiner\u00eb q\u00eb po vrasin p\u00ebr nj\u00eb var\u00ebse, as vras\u00ebsit gjakatar\u00eb t\u00eb Kanunit, q\u00eb po shfarosin me rr\u00ebnj\u00eb familje t\u00eb t\u00ebra, as vras\u00ebsit q\u00eb sulmojn\u00eb p\u00ebr t\u00eb vjedhur banka, dyqane dhe zyra shteti, biles as barinj primitiv\u00eb maleve t\u00eb Shqip\u00ebris\u00eb, q\u00eb u v\u00ebn\u00eb zjarrin pyjeve t\u00eb mbetura t\u00eb k\u00ebtij vendi me shpres\u00eb se n\u00eb vend t\u00eb tyre do mbij\u00eb bar p\u00ebr delet e tyre. Tallja e Berish\u00ebs me shqiptar\u00ebt dhe me t\u00eb vet\u00ebt ka mbetur e izoluar tek zyra e Berish\u00ebs dhe buz\u00ebqeshja e tij e lig\u00eb para ekranit, kur mendon sa shum\u00eb do t\u00ebrbohen shqiptar\u00ebt q\u00eb ai u ka v\u00ebn\u00eb nj\u00eb idiot minist\u00ebr.<\/p>\n<p>Shoq\u00ebria nuk e h\u00ebngri talljen e tij dhe heshti, por krimi, ajo pjes\u00eb agresive e Shqip\u00ebris\u00eb, nuk e h\u00ebngri talljen e tij dhe po b\u00ebn k\u00ebrdin\u00eb. I vetmi q\u00eb e ka ngr\u00ebn\u00eb talljen e Berish\u00ebs \u00ebsht\u00eb vet\u00eb ai q\u00eb \u00ebsht\u00eb b\u00ebr\u00eb minist\u00ebr. Dikush duhet t\u2019i thot\u00eb t\u00eb mos dal\u00eb m\u00eb n\u00eb kamera, q\u00eb s\u00eb paku t\u00eb mos ua kujtoj\u00eb \u00e7do or\u00eb dhe minut\u00eb kriminel\u00ebve se ai \u00ebsht\u00eb minist\u00ebr! Ata nuk jan\u00eb Bujar Nishani q\u00eb beson se \u00ebsht\u00eb president! Ata jan\u00eb realist\u00eb dhe t\u00eb v\u00ebmendsh\u00ebm p\u00ebr pren\u00eb e tyre, dhe kur shikojn\u00eb se n\u00eb \u00e7far\u00eb duarsh ka r\u00ebn\u00eb shteti, b\u00ebjn\u00eb k\u00ebrdin\u00eb. Si\u00e7 po b\u00ebjn\u00eb!<\/p>\n","protected":false},"excerpt":{"rendered":"<p>Nga Mero Baze, 3 Shtator 2012 N\u00ebse shfletoni gazetat e vitit 1997 p\u00ebr muajt maj \u2013 shtator, kur dhe vrasjet u rrit\u00ebn s\u00eb tep\u00ebrmi, do t\u00eb shihni se \u00e7do fundjav\u00eb gazetat b\u00ebnin bilancin e t\u00eb vrar\u00ebve, q\u00eb n\u00eb maksimum ka shkuar nj\u00eb her\u00eb 12 vet\u00eb n\u00eb jav\u00eb. Sipas statistik\u00ebs zyrtare t\u00eb vet\u00eb Ministris\u00eb s\u00eb Brendshme, [&hellip;]<\/p>\n","protected":false},"author":1,"featured_media":0,"comment_status":"open","ping_status":"closed","sticky":false,"template":"","format":"standard","meta":{"footnotes":""},"categories":[2],"tags":[],"class_list":{"0":"post-4792","1":"post","2":"type-post","3":"status-publish","4":"format-standard","6":"category-artikuj"},"yoast_head":"<!-- This site is optimized with the Yoast SEO plugin v27.4 - https:\/\/yoast.com\/product\/yoast-seo-wordpress\/ -->\n<title>Ata nuk e h\u00ebngr\u00ebn! - FjALA e LIR\u00cb - Arkivi<\/title>\n<meta name=\"robots\" content=\"index, follow, max-snippet:-1, max-image-preview:large, max-video-preview:-1\" \/>\n<link rel=\"canonical\" href=\"https:\/\/fjala.info\/2009-2015\/ata-nuk-e-hengren\/\" \/>\n<meta property=\"og:locale\" content=\"sq_AL\" \/>\n<meta property=\"og:type\" content=\"article\" \/>\n<meta property=\"og:title\" content=\"Ata nuk e h\u00ebngr\u00ebn! - FjALA e LIR\u00cb - Arkivi\" \/>\n<meta property=\"og:description\" content=\"Nga Mero Baze, 3 Shtator 2012 N\u00ebse shfletoni gazetat e vitit 1997 p\u00ebr muajt maj \u2013 shtator, kur dhe vrasjet u rrit\u00ebn s\u00eb tep\u00ebrmi, do t\u00eb shihni se \u00e7do fundjav\u00eb gazetat b\u00ebnin bilancin e t\u00eb vrar\u00ebve, q\u00eb n\u00eb maksimum ka shkuar nj\u00eb her\u00eb 12 vet\u00eb n\u00eb jav\u00eb. Sipas statistik\u00ebs zyrtare t\u00eb vet\u00eb Ministris\u00eb s\u00eb Brendshme, [&hellip;]\" \/>\n<meta property=\"og:url\" content=\"https:\/\/fjala.info\/2009-2015\/ata-nuk-e-hengren\/\" \/>\n<meta property=\"og:site_name\" content=\"FjALA e LIR\u00cb - Arkivi\" \/>\n<meta property=\"article:published_time\" content=\"2012-09-04T05:23:54+00:00\" \/>\n<meta property=\"og:image\" content=\"http:\/\/www.fjala.info\/2012\/mero_baze.jpg\" \/>\n<meta name=\"author\" content=\"admin\" \/>\n<meta name=\"twitter:card\" content=\"summary_large_image\" \/>\n<meta name=\"twitter:label1\" content=\"Written by\" \/>\n\t<meta name=\"twitter:data1\" content=\"admin\" \/>\n\t<meta name=\"twitter:label2\" content=\"Est. reading time\" \/>\n\t<meta name=\"twitter:data2\" content=\"5 minutes\" \/>\n<script type=\"application\/ld+json\" class=\"yoast-schema-graph\">{\"@context\":\"https:\\\/\\\/schema.org\",\"@graph\":[{\"@type\":\"Article\",\"@id\":\"https:\\\/\\\/fjala.info\\\/2009-2015\\\/ata-nuk-e-hengren\\\/#article\",\"isPartOf\":{\"@id\":\"https:\\\/\\\/fjala.info\\\/2009-2015\\\/ata-nuk-e-hengren\\\/\"},\"author\":{\"name\":\"admin\",\"@id\":\"https:\\\/\\\/fjala.info\\\/2009-2015\\\/#\\\/schema\\\/person\\\/3aa1163ef05469c496fc94e77611ada2\"},\"headline\":\"Ata nuk e h\u00ebngr\u00ebn!\",\"datePublished\":\"2012-09-04T05:23:54+00:00\",\"mainEntityOfPage\":{\"@id\":\"https:\\\/\\\/fjala.info\\\/2009-2015\\\/ata-nuk-e-hengren\\\/\"},\"wordCount\":1076,\"commentCount\":0,\"publisher\":{\"@id\":\"https:\\\/\\\/fjala.info\\\/2009-2015\\\/#organization\"},\"image\":{\"@id\":\"https:\\\/\\\/fjala.info\\\/2009-2015\\\/ata-nuk-e-hengren\\\/#primaryimage\"},\"thumbnailUrl\":\"http:\\\/\\\/www.fjala.info\\\/2012\\\/mero_baze.jpg\",\"articleSection\":[\"Artikuj\"],\"inLanguage\":\"sq-AL\",\"potentialAction\":[{\"@type\":\"CommentAction\",\"name\":\"Comment\",\"target\":[\"https:\\\/\\\/fjala.info\\\/2009-2015\\\/ata-nuk-e-hengren\\\/#respond\"]}]},{\"@type\":\"WebPage\",\"@id\":\"https:\\\/\\\/fjala.info\\\/2009-2015\\\/ata-nuk-e-hengren\\\/\",\"url\":\"https:\\\/\\\/fjala.info\\\/2009-2015\\\/ata-nuk-e-hengren\\\/\",\"name\":\"Ata nuk e h\u00ebngr\u00ebn! - FjALA e LIR\u00cb - Arkivi\",\"isPartOf\":{\"@id\":\"https:\\\/\\\/fjala.info\\\/2009-2015\\\/#website\"},\"primaryImageOfPage\":{\"@id\":\"https:\\\/\\\/fjala.info\\\/2009-2015\\\/ata-nuk-e-hengren\\\/#primaryimage\"},\"image\":{\"@id\":\"https:\\\/\\\/fjala.info\\\/2009-2015\\\/ata-nuk-e-hengren\\\/#primaryimage\"},\"thumbnailUrl\":\"http:\\\/\\\/www.fjala.info\\\/2012\\\/mero_baze.jpg\",\"datePublished\":\"2012-09-04T05:23:54+00:00\",\"breadcrumb\":{\"@id\":\"https:\\\/\\\/fjala.info\\\/2009-2015\\\/ata-nuk-e-hengren\\\/#breadcrumb\"},\"inLanguage\":\"sq-AL\",\"potentialAction\":[{\"@type\":\"ReadAction\",\"target\":[\"https:\\\/\\\/fjala.info\\\/2009-2015\\\/ata-nuk-e-hengren\\\/\"]}]},{\"@type\":\"ImageObject\",\"inLanguage\":\"sq-AL\",\"@id\":\"https:\\\/\\\/fjala.info\\\/2009-2015\\\/ata-nuk-e-hengren\\\/#primaryimage\",\"url\":\"http:\\\/\\\/www.fjala.info\\\/2012\\\/mero_baze.jpg\",\"contentUrl\":\"http:\\\/\\\/www.fjala.info\\\/2012\\\/mero_baze.jpg\"},{\"@type\":\"BreadcrumbList\",\"@id\":\"https:\\\/\\\/fjala.info\\\/2009-2015\\\/ata-nuk-e-hengren\\\/#breadcrumb\",\"itemListElement\":[{\"@type\":\"ListItem\",\"position\":1,\"name\":\"Home\",\"item\":\"https:\\\/\\\/fjala.info\\\/2009-2015\\\/\"},{\"@type\":\"ListItem\",\"position\":2,\"name\":\"Ata nuk e h\u00ebngr\u00ebn!\"}]},{\"@type\":\"WebSite\",\"@id\":\"https:\\\/\\\/fjala.info\\\/2009-2015\\\/#website\",\"url\":\"https:\\\/\\\/fjala.info\\\/2009-2015\\\/\",\"name\":\"FjALA e LIR\u00cb - Arkivi\",\"description\":\"Arkivi 2009-2015\",\"publisher\":{\"@id\":\"https:\\\/\\\/fjala.info\\\/2009-2015\\\/#organization\"},\"potentialAction\":[{\"@type\":\"SearchAction\",\"target\":{\"@type\":\"EntryPoint\",\"urlTemplate\":\"https:\\\/\\\/fjala.info\\\/2009-2015\\\/?s={search_term_string}\"},\"query-input\":{\"@type\":\"PropertyValueSpecification\",\"valueRequired\":true,\"valueName\":\"search_term_string\"}}],\"inLanguage\":\"sq-AL\"},{\"@type\":\"Organization\",\"@id\":\"https:\\\/\\\/fjala.info\\\/2009-2015\\\/#organization\",\"name\":\"FjALA e LIR\u00cb - Arkivi\",\"url\":\"https:\\\/\\\/fjala.info\\\/2009-2015\\\/\",\"logo\":{\"@type\":\"ImageObject\",\"inLanguage\":\"sq-AL\",\"@id\":\"https:\\\/\\\/fjala.info\\\/2009-2015\\\/#\\\/schema\\\/logo\\\/image\\\/\",\"url\":\"\",\"contentUrl\":\"\",\"caption\":\"FjALA e LIR\u00cb - Arkivi\"},\"image\":{\"@id\":\"https:\\\/\\\/fjala.info\\\/2009-2015\\\/#\\\/schema\\\/logo\\\/image\\\/\"}},{\"@type\":\"Person\",\"@id\":\"https:\\\/\\\/fjala.info\\\/2009-2015\\\/#\\\/schema\\\/person\\\/3aa1163ef05469c496fc94e77611ada2\",\"name\":\"admin\",\"image\":{\"@type\":\"ImageObject\",\"inLanguage\":\"sq-AL\",\"@id\":\"https:\\\/\\\/fjala.info\\\/2009-2015\\\/wp-content\\\/uploads\\\/2012\\\/02\\\/arben_cokaj-120x150.jpg\",\"url\":\"https:\\\/\\\/fjala.info\\\/2009-2015\\\/wp-content\\\/uploads\\\/2012\\\/02\\\/arben_cokaj-120x150.jpg\",\"contentUrl\":\"https:\\\/\\\/fjala.info\\\/2009-2015\\\/wp-content\\\/uploads\\\/2012\\\/02\\\/arben_cokaj-120x150.jpg\",\"caption\":\"admin\"},\"description\":\"Admin, Fjala e Lir\u00eb\",\"sameAs\":[\"https:\\\/\\\/fjala.info\\\/\"],\"url\":\"https:\\\/\\\/fjala.info\\\/2009-2015\\\/author\\\/admin\\\/\"}]}<\/script>\n<!-- \/ Yoast SEO plugin. -->","yoast_head_json":{"title":"Ata nuk e h\u00ebngr\u00ebn! - FjALA e LIR\u00cb - Arkivi","robots":{"index":"index","follow":"follow","max-snippet":"max-snippet:-1","max-image-preview":"max-image-preview:large","max-video-preview":"max-video-preview:-1"},"canonical":"https:\/\/fjala.info\/2009-2015\/ata-nuk-e-hengren\/","og_locale":"sq_AL","og_type":"article","og_title":"Ata nuk e h\u00ebngr\u00ebn! - FjALA e LIR\u00cb - Arkivi","og_description":"Nga Mero Baze, 3 Shtator 2012 N\u00ebse shfletoni gazetat e vitit 1997 p\u00ebr muajt maj \u2013 shtator, kur dhe vrasjet u rrit\u00ebn s\u00eb tep\u00ebrmi, do t\u00eb shihni se \u00e7do fundjav\u00eb gazetat b\u00ebnin bilancin e t\u00eb vrar\u00ebve, q\u00eb n\u00eb maksimum ka shkuar nj\u00eb her\u00eb 12 vet\u00eb n\u00eb jav\u00eb. Sipas statistik\u00ebs zyrtare t\u00eb vet\u00eb Ministris\u00eb s\u00eb Brendshme, [&hellip;]","og_url":"https:\/\/fjala.info\/2009-2015\/ata-nuk-e-hengren\/","og_site_name":"FjALA e LIR\u00cb - Arkivi","article_published_time":"2012-09-04T05:23:54+00:00","og_image":[{"url":"http:\/\/www.fjala.info\/2012\/mero_baze.jpg","type":"","width":"","height":""}],"author":"admin","twitter_card":"summary_large_image","twitter_misc":{"Written by":"admin","Est. reading time":"5 minutes"},"schema":{"@context":"https:\/\/schema.org","@graph":[{"@type":"Article","@id":"https:\/\/fjala.info\/2009-2015\/ata-nuk-e-hengren\/#article","isPartOf":{"@id":"https:\/\/fjala.info\/2009-2015\/ata-nuk-e-hengren\/"},"author":{"name":"admin","@id":"https:\/\/fjala.info\/2009-2015\/#\/schema\/person\/3aa1163ef05469c496fc94e77611ada2"},"headline":"Ata nuk e h\u00ebngr\u00ebn!","datePublished":"2012-09-04T05:23:54+00:00","mainEntityOfPage":{"@id":"https:\/\/fjala.info\/2009-2015\/ata-nuk-e-hengren\/"},"wordCount":1076,"commentCount":0,"publisher":{"@id":"https:\/\/fjala.info\/2009-2015\/#organization"},"image":{"@id":"https:\/\/fjala.info\/2009-2015\/ata-nuk-e-hengren\/#primaryimage"},"thumbnailUrl":"http:\/\/www.fjala.info\/2012\/mero_baze.jpg","articleSection":["Artikuj"],"inLanguage":"sq-AL","potentialAction":[{"@type":"CommentAction","name":"Comment","target":["https:\/\/fjala.info\/2009-2015\/ata-nuk-e-hengren\/#respond"]}]},{"@type":"WebPage","@id":"https:\/\/fjala.info\/2009-2015\/ata-nuk-e-hengren\/","url":"https:\/\/fjala.info\/2009-2015\/ata-nuk-e-hengren\/","name":"Ata nuk e h\u00ebngr\u00ebn! - FjALA e LIR\u00cb - Arkivi","isPartOf":{"@id":"https:\/\/fjala.info\/2009-2015\/#website"},"primaryImageOfPage":{"@id":"https:\/\/fjala.info\/2009-2015\/ata-nuk-e-hengren\/#primaryimage"},"image":{"@id":"https:\/\/fjala.info\/2009-2015\/ata-nuk-e-hengren\/#primaryimage"},"thumbnailUrl":"http:\/\/www.fjala.info\/2012\/mero_baze.jpg","datePublished":"2012-09-04T05:23:54+00:00","breadcrumb":{"@id":"https:\/\/fjala.info\/2009-2015\/ata-nuk-e-hengren\/#breadcrumb"},"inLanguage":"sq-AL","potentialAction":[{"@type":"ReadAction","target":["https:\/\/fjala.info\/2009-2015\/ata-nuk-e-hengren\/"]}]},{"@type":"ImageObject","inLanguage":"sq-AL","@id":"https:\/\/fjala.info\/2009-2015\/ata-nuk-e-hengren\/#primaryimage","url":"http:\/\/www.fjala.info\/2012\/mero_baze.jpg","contentUrl":"http:\/\/www.fjala.info\/2012\/mero_baze.jpg"},{"@type":"BreadcrumbList","@id":"https:\/\/fjala.info\/2009-2015\/ata-nuk-e-hengren\/#breadcrumb","itemListElement":[{"@type":"ListItem","position":1,"name":"Home","item":"https:\/\/fjala.info\/2009-2015\/"},{"@type":"ListItem","position":2,"name":"Ata nuk e h\u00ebngr\u00ebn!"}]},{"@type":"WebSite","@id":"https:\/\/fjala.info\/2009-2015\/#website","url":"https:\/\/fjala.info\/2009-2015\/","name":"FjALA e LIR\u00cb - Arkivi","description":"Arkivi 2009-2015","publisher":{"@id":"https:\/\/fjala.info\/2009-2015\/#organization"},"potentialAction":[{"@type":"SearchAction","target":{"@type":"EntryPoint","urlTemplate":"https:\/\/fjala.info\/2009-2015\/?s={search_term_string}"},"query-input":{"@type":"PropertyValueSpecification","valueRequired":true,"valueName":"search_term_string"}}],"inLanguage":"sq-AL"},{"@type":"Organization","@id":"https:\/\/fjala.info\/2009-2015\/#organization","name":"FjALA e LIR\u00cb - Arkivi","url":"https:\/\/fjala.info\/2009-2015\/","logo":{"@type":"ImageObject","inLanguage":"sq-AL","@id":"https:\/\/fjala.info\/2009-2015\/#\/schema\/logo\/image\/","url":"","contentUrl":"","caption":"FjALA e LIR\u00cb - Arkivi"},"image":{"@id":"https:\/\/fjala.info\/2009-2015\/#\/schema\/logo\/image\/"}},{"@type":"Person","@id":"https:\/\/fjala.info\/2009-2015\/#\/schema\/person\/3aa1163ef05469c496fc94e77611ada2","name":"admin","image":{"@type":"ImageObject","inLanguage":"sq-AL","@id":"https:\/\/fjala.info\/2009-2015\/wp-content\/uploads\/2012\/02\/arben_cokaj-120x150.jpg","url":"https:\/\/fjala.info\/2009-2015\/wp-content\/uploads\/2012\/02\/arben_cokaj-120x150.jpg","contentUrl":"https:\/\/fjala.info\/2009-2015\/wp-content\/uploads\/2012\/02\/arben_cokaj-120x150.jpg","caption":"admin"},"description":"Admin, Fjala e Lir\u00eb","sameAs":["https:\/\/fjala.info\/"],"url":"https:\/\/fjala.info\/2009-2015\/author\/admin\/"}]}},"_links":{"self":[{"href":"https:\/\/fjala.info\/2009-2015\/wp-json\/wp\/v2\/posts\/4792","targetHints":{"allow":["GET"]}}],"collection":[{"href":"https:\/\/fjala.info\/2009-2015\/wp-json\/wp\/v2\/posts"}],"about":[{"href":"https:\/\/fjala.info\/2009-2015\/wp-json\/wp\/v2\/types\/post"}],"author":[{"embeddable":true,"href":"https:\/\/fjala.info\/2009-2015\/wp-json\/wp\/v2\/users\/1"}],"replies":[{"embeddable":true,"href":"https:\/\/fjala.info\/2009-2015\/wp-json\/wp\/v2\/comments?post=4792"}],"version-history":[{"count":0,"href":"https:\/\/fjala.info\/2009-2015\/wp-json\/wp\/v2\/posts\/4792\/revisions"}],"wp:attachment":[{"href":"https:\/\/fjala.info\/2009-2015\/wp-json\/wp\/v2\/media?parent=4792"}],"wp:term":[{"taxonomy":"category","embeddable":true,"href":"https:\/\/fjala.info\/2009-2015\/wp-json\/wp\/v2\/categories?post=4792"},{"taxonomy":"post_tag","embeddable":true,"href":"https:\/\/fjala.info\/2009-2015\/wp-json\/wp\/v2\/tags?post=4792"}],"curies":[{"name":"wp","href":"https:\/\/api.w.org\/{rel}","templated":true}]}}