{"id":4790,"date":"2012-09-04T06:12:34","date_gmt":"2012-09-04T05:12:34","guid":{"rendered":"http:\/\/www.fjala.info\/?p=4790"},"modified":"2012-09-04T06:12:34","modified_gmt":"2012-09-04T05:12:34","slug":"llahtar-republike","status":"publish","type":"post","link":"https:\/\/fjala.info\/2009-2015\/llahtar-republike\/","title":{"rendered":"Llahtar Republik\u00eb"},"content":{"rendered":"<p><img decoding=\"async\" class=\"alignright size-thumbnail wp-image-7236\" title=\"Bledi Mane\" src=\"http:\/\/www.fjala.info\/2012\/bledi_mane.jpg\" alt=\"\" width=\"150\" \/> Nga <strong>Bledi Mane<\/strong> &#8211; <em>Public Enemy<\/em>, <em>3 Shtator 2012<\/em><\/p>\n<p><strong>1.\/<\/strong><\/p>\n<p>At\u00eb pasdite korriku po pija qum\u00ebsht nga gjoksi i n\u00ebn\u00ebs time porsi nj\u00eb i pangopur. Ishte dita e dyt\u00eb q\u00eb kisha zbarkuar n\u00eb k\u00ebt\u00eb jet\u00eb dhe etja bashk\u00eb me urin\u00eb po m\u00eb g\u00ebrryenin fyt dhe stomak. Nga perdja e syve t\u00eb mi mjegullsh\u00ebm shikoja n\u00ebn\u00ebn time tek m\u00eb k\u00ebqyrte dhe buz\u00ebqeshte e drobitur. Pastaj me duart e saj m\u00eb fshinte bul\u00ebzat e djers\u00ebs mbi ball\u00eb e m\u00eb fliste sikur t\u00eb m\u00eb njihte prej vitesh.<\/p>\n<p>Nd\u00ebrkoh\u00eb u hap dera e dhom\u00ebs ku ne q\u00ebndronim n\u00eb maternitet dhe afshi i nj\u00eb djerse t\u00eb konservuar u shp\u00ebrnda bashk\u00eb me z\u00ebrin e trash\u00eb t\u00eb dikujt q\u00eb foli r\u00ebnd\u00eb:<\/p>\n<p>-E ka z\u00ebn\u00eb gjumi?<\/p>\n<p>Ishte babi im t\u00eb cilin po e nuhasja p\u00ebr her\u00eb t\u00eb dyt\u00eb gjat\u00eb dy dit\u00ebve t\u00eb jet\u00ebs time. N\u00ebna i ktheu nj\u00eb p\u00ebrgjigje t\u00eb that\u00eb \u201cJo\u201d, e i b\u00ebri shenj\u00eb t\u00eb ulej edhe ai pran\u00eb nesh.<\/p>\n<p>-Jam mir\u00eb m\u00eb k\u00ebmb\u00eb, shtoi babai dhe zgjati duart drejt meje.<\/p>\n<p>-Lere t\u00eb pij\u00eb dhe pak qum\u00ebsht, tentoi t\u00eb kund\u00ebrshtonte n\u00ebna, por babi m\u00eb rr\u00ebmbeu porsi nj\u00eb lod\u00ebr dhe m\u00eb ngriti lart paralel me fytyr\u00ebn e tij.<\/p>\n<p>Koka im u var pak majtas dhe ndjeva se buz\u00ebt u jargavos\u00ebn me p\u00ebshtym\u00eb dhe qum\u00ebsht. Babai m\u00eb kishte ngulur syt\u00eb e m\u00eb kundronte krejt i habitur nd\u00ebrsa mami tentoi t\u00eb ngrihej nga krevati ku rrinte shtrir\u00eb.<\/p>\n<p>-\u00c7far\u00eb ke q\u00eb e shikon f\u00ebmij\u00ebn ashtu, lere rehat se e h\u00ebngre me sy.<\/p>\n<p>Rreth kraharorit tim e n\u00ebn sqetulla ndjeja g\u00ebrvishtjet e duarve t\u00eb ashpra t\u00eb babit t\u00eb cilat ndryshe nga temperatura e muajit ishin t\u00eb ftohta, shum\u00eb t\u00eb ftohta, akull. Mundohesha t\u00eb kristalizoja m\u00eb tep\u00ebr shikimin p\u00ebr t\u00eb b\u00ebr\u00eb dallimin mes fytyrave t\u00eb prind\u00ebrve, por perdja gri ngjitur pas kok\u00ebrdhak\u00ebve t\u00eb syve t\u00eb mi m\u00eb shfaqte vet\u00ebm silueta t\u00eb vagullta.<\/p>\n<p>Ashtu me mua nd\u00ebr duar babai iu afrua m\u00eb tep\u00ebr hap\u00ebsir\u00ebs nga ku futej drit\u00eb dhe hopa\u2026.<\/p>\n<p>Ue \u00e7far\u00eb qejfi, ue \u00e7far\u00eb k\u00ebnaq\u00ebsie. Mushk\u00ebrit\u00eb po m\u00eb vibronin nga adrenalina, nj\u00eb tis ajri m\u00eb puthte p\u00ebrk\u00ebdhelsh\u00ebm fytyr\u00ebn, qum\u00ebshti q\u00eb kisha pir\u00eb dilte nga stomaku im i vog\u00ebl dhe shfrynte n\u00ebp\u00ebr goj\u00eb dhe vrimat e hund\u00ebs, zemra godiste si e \u00e7mendur kockat e brishta t\u00eb kraharorit tim, nj\u00eb flutur dhe nj\u00eb zog shtang\u00ebn mbi aj\u00ebr tek pan\u00eb sesi un\u00eb fluturoja krah tyre\u2026ue, ue \u00e7far\u00eb qejfi.<\/p>\n<p>As klithmt e mamit q\u00eb tejshponte dhom\u00ebn e maternitetit e as poterret e shum\u00eb grave q\u00eb ishin varur n\u00ebp\u00ebr dritare nuk ma t\u00ebrhoq\u00ebn v\u00ebmendjen. Un\u00eb po fluturoja, po \u00e7aja ajrin e nxeht\u00eb t\u00eb atij korriku, po lumturohesha dyfish e po thithja oksigjenin e duhur q\u00eb m\u00eb kishte munguar 9 muaj rresht.<\/p>\n<p>Ue, ue \u00e7far\u00eb k\u00ebnaq\u00ebsie\u2026o,o,oooo.<\/p>\n<p>Kaq ishte?<\/p>\n<p>Kush ma nd\u00ebrpreu fluturimin?<\/p>\n<p>Koka, oh koka.<\/p>\n<p>\u00c7far\u00eb ishte kjo p\u00ebrplasje?<\/p>\n<p>Oh m\u00eb dhemb krahu, k\u00ebmba, u mpiva.<\/p>\n<p>Ku shkoi flutura dhe zogu, pse mu err\u00ebn syt\u00eb, dua mamin, dua qum\u00ebshtin, dua babin t\u00eb m\u00eb fluturoj\u00eb p\u00ebrs\u00ebri,dua\u2026<\/p>\n<p style=\"text-align: center;\">***<\/p>\n<p>M\u00eb kishin shtrir\u00eb mbi nj\u00eb krevat t\u00eb madh. Nuk kisha m\u00eb fuqi t\u00eb l\u00ebvizja as edhe gishtat e duarve. Perdja e syrit t\u00eb majt\u00eb ishte grisur dhe nuk dalloja m\u00eb asnj\u00eb siluet\u00eb nga ai krah. Prej shputave t\u00eb k\u00ebmb\u00ebve ndjeja sikur po mi rripnin indet dhe damar\u00ebt. M\u00eb dukej se tkurresha nga posht\u00eb lart. Eshtrat e kafazit m\u00eb \u00e7ponin kraharorin, por dhimbjen q\u00eb m\u00eb torturonte nuk e r\u00ebnkoja dot. Kisha fjal\u00eb e gul\u00e7ima p\u00ebr t\u00eb th\u00ebn\u00eb n\u00eb tru pa fund por nuk mundesha ti nxirrja, m\u00eb treteshin n\u00eb qiellz\u00eb pa dal\u00eb ende nga goja.<\/p>\n<p>Dhoma ku q\u00ebndroja i shtrir\u00eb u mbush plot z\u00ebra q\u00eb mallkonin:<\/p>\n<p>&#8211; E h\u00ebng\u00ebrt mortja!<\/p>\n<p>&#8211; Baba kafsh\u00eb!<\/p>\n<p>&#8211; O zot\u00a0ku je, hakmerru ndaj monstrave!<\/p>\n<p>&#8211; U prish dynjaja!<\/p>\n<p>&#8211; Drogaxhiu, pijaneci, maloku\u2026<\/p>\n<p>&#8211; Mos me k\u00ebto sharje dhe mallkime moj gra!<\/p>\n<p>Qet\u00ebsin\u00eb e vendosi sa hap e mbyll syt\u00eb teta Rubena. E njoha nga z\u00ebri menj\u00ebher\u00eb. Z\u00ebri i saj kumbues m\u00eb foli i pari dit\u00ebn q\u00eb erdha n\u00eb k\u00ebt\u00eb jet\u00eb.<\/p>\n<p>Rr\u00ebshkiti dor\u00ebn e saj mbi fytyr\u00ebn time dhe e ndaloi mbi zemr\u00ebn e cila m\u00eb ishte mekur. U p\u00ebrkul mbi syt\u00eb e mi, m\u00eb puthi fort dhe mes ngash\u00ebrimit foli me z\u00eb t\u00eb tjet\u00ebrsuar:<\/p>\n<p>&#8211; \u00c7ojeni n\u00eb morg k\u00ebt\u00eb engj\u00ebll!<\/p>\n<p style=\"text-align: center;\">***<\/p>\n<p>Pes\u00eb or\u00eb po m\u00eb duken shum\u00eb k\u00ebtu. Dua mamin dhe babin, dua t\u00eb iki p\u00ebrs\u00ebri te ajo dhoma me lodra dhe me drit\u00eb. K\u00ebtu po m\u00eb zihet fryma. Dua t\u00eb rri i qet\u00eb, k\u00ebtu \u00e7do sekond\u00eb ka vizitor\u00eb. Ja p\u00ebrs\u00ebri u hap dera, p\u00ebrs\u00ebri njer\u00ebz dhe zhurm\u00eb. Dua t\u00eb iki te teta Rubena ku njer\u00ebzit qeshin dhe f\u00ebmij\u00ebt e vegj\u00ebl pin\u00eb qum\u00ebshtin e mamit.<\/p>\n<p>K\u00ebtu vet\u00ebm klithin dhe qajn\u00eb. Edhe k\u00ebta xhaxhat q\u00eb punojn\u00eb k\u00ebtu vet\u00ebm me vete flasin. Nuk qeshin dhe nuk t\u00eb p\u00ebrk\u00ebdhelin me dor\u00eb.<\/p>\n<p>Or\u00ebt k\u00ebtu jan\u00eb si 9 muajt te barku i mamit. Dua t\u00eb iki. Dua lodrat q\u00eb m\u00eb solli gjyshi, k\u00ebto nuk jan\u00eb lodra prej v\u00ebrteti\u2026<\/p>\n<p>Kur mua m\u00eb soll\u00ebn k\u00ebtu ishte bosh por shpejt u mbush me njer\u00ebz q\u00eb nuk flasin.<\/p>\n<p>Kjo koka e prer\u00eb k\u00ebtu \u00ebsht\u00eb e nj\u00eb xhaxhit nga Poli\u00e7ani t\u00eb cil\u00ebn ia preu pa dashje nj\u00eb shok te puna, te kombinati.<\/p>\n<p>Ajo vajza e bukur atje ka ardhur me babin e saj. Jan\u00eb t\u00eb dy nga Dukagjini. Vajza b\u00ebri gabim dhe babi e qortoi me kallashnikov dhe kur e pa q\u00eb vajza u shtri mbi tok\u00eb babi i saj qortoi edhe veten po me kallashnikov.<\/p>\n<p>Nga Dukagjini \u00ebsht\u00eb edhe ajo vajza tjet\u00ebr q\u00eb ri e shtrir\u00eb me gjyshin. Po prashisnin arr\u00ebn n\u00eb fshat kur tre xhaxha i q\u00eblluan pas shpine dhe ik\u00ebn me vrap.<\/p>\n<p>K\u00ebt\u00eb djalin k\u00ebtu af\u00ebr krevatit tim e vrau dhe e dogji n\u00eb pyll shoku i tij. \u00cbsht\u00eb nga nj\u00eb fshat i Gjirokastr\u00ebs dhe mami me babin e tij nuk kan\u00eb gjetur ende lek\u00eb p\u00ebr nj\u00eb makin\u00eb q\u00eb ta \u00e7ojn\u00eb n\u00eb vendlindje.<\/p>\n<p>Ato dy vajzat shtrir\u00eb pran\u00eb nj\u00ebra-tjetr\u00ebs jan\u00eb motra, jan\u00eb nga Elbasani. Kur po iknin me mamin n\u00eb sht\u00ebpi i shtypi makina dhe po presin q\u00eb t\u00eb sh\u00ebrohet mami i tyre q\u00eb ti marr\u00eb te shpia.<\/p>\n<p>P\u00ebr at\u00eb tet\u00ebn aty m\u00eb vjen shum\u00eb keq sepse nuk i pushon gjaku akoma. E gjuajti me thik\u00eb te barku nj\u00eb rruga\u00e7 n\u00eb Tiran\u00eb se donte t\u2019i merrte var\u00ebsen nga qafa, nd\u00ebrsa ky xhaxhi p\u00ebrball\u00eb b\u00ebri fjal\u00eb me nj\u00eb \u00e7un te dyqani i tij n\u00eb Yzberisht dhe ai \u00e7uni e q\u00eblloi, por jo me thik\u00eb, me pistolet\u00eb prej v\u00ebrteti.<\/p>\n<p>Dua t\u00eb iki, dua t\u00eb iki se u m\u00ebrzita. Nuk b\u00ebrtas dot se nuk m\u00eb del z\u00ebri, as t\u00eb qaj nuk mundem. Dua t\u00eb iki te mami, dua t\u00eb iki te babi. Dua qum\u00ebsht, dua lodra, dua gjoksin e \u00ebmb\u00ebl t\u00eb mamit, dua prekjen e ftoht\u00eb t\u00eb babit, dua t\u00eb fluturoj p\u00ebrs\u00ebri\u2026<\/p>\n<p>Ue po i marrin t\u00eb gjith\u00eb njer\u00ebzit, po ikin t\u00eb gjith\u00eb. Zhurm\u00eb, sirena, njer\u00ebz, makina, kuje, arkivole\u2026 Ik\u00ebn, ik\u00ebn t\u00eb gjith\u00eb.<\/p>\n<p><strong>2.\/<\/strong><\/p>\n<p>&#8211; Po k\u00ebt\u00eb f\u00ebmij\u00ebn do e marr\u00eb njeri? &#8211; pyeti ai xhaxhi q\u00eb qep l\u00ebkur\u00ebn.<\/p>\n<p>&#8211; Jo, jo. Ende jo! &#8211; vjen mbytur nj\u00eb z\u00eb nga fundi i morgut q\u00eb palos trupin e njom\u00eb t\u00eb nj\u00eb t\u00eb ikuri.<\/p>\n<p>&#8211; Ka probleme i shkreti. Nuk e varrosin njer\u00ebzit e babait. Duan t\u2019i b\u00ebjn\u00eb analizat e ADN-s\u00eb, dyshojn\u00eb te at\u00ebsia\u2026<\/p>\n<p>Jooooo, mos m\u00eb lerni k\u00ebtu. Thuajini babit se i tij jam, thuajini babit se kam qejf t\u00eb fluturoj p\u00ebrs\u00ebri.<\/p>\n<p>*<em>facebook.com\/bledi.mane<\/em><\/p>\n","protected":false},"excerpt":{"rendered":"<p>Nga Bledi Mane &#8211; Public Enemy, 3 Shtator 2012 1.\/ At\u00eb pasdite korriku po pija qum\u00ebsht nga gjoksi i n\u00ebn\u00ebs time porsi nj\u00eb i pangopur. Ishte dita e dyt\u00eb q\u00eb kisha zbarkuar n\u00eb k\u00ebt\u00eb jet\u00eb dhe etja bashk\u00eb me urin\u00eb po m\u00eb g\u00ebrryenin fyt dhe stomak. Nga perdja e syve t\u00eb mi mjegullsh\u00ebm shikoja n\u00ebn\u00ebn [&hellip;]<\/p>\n","protected":false},"author":1,"featured_media":0,"comment_status":"open","ping_status":"closed","sticky":false,"template":"","format":"standard","meta":{"footnotes":""},"categories":[2],"tags":[],"class_list":{"0":"post-4790","1":"post","2":"type-post","3":"status-publish","4":"format-standard","6":"category-artikuj"},"yoast_head":"<!-- This site is optimized with the Yoast SEO plugin v27.4 - https:\/\/yoast.com\/product\/yoast-seo-wordpress\/ -->\n<title>Llahtar Republik\u00eb - FjALA e LIR\u00cb - Arkivi<\/title>\n<meta name=\"robots\" content=\"index, follow, max-snippet:-1, max-image-preview:large, max-video-preview:-1\" \/>\n<link rel=\"canonical\" href=\"https:\/\/fjala.info\/2009-2015\/llahtar-republike\/\" \/>\n<meta property=\"og:locale\" content=\"sq_AL\" \/>\n<meta property=\"og:type\" content=\"article\" \/>\n<meta property=\"og:title\" content=\"Llahtar Republik\u00eb - FjALA e LIR\u00cb - Arkivi\" \/>\n<meta property=\"og:description\" content=\"Nga Bledi Mane &#8211; Public Enemy, 3 Shtator 2012 1.\/ At\u00eb pasdite korriku po pija qum\u00ebsht nga gjoksi i n\u00ebn\u00ebs time porsi nj\u00eb i pangopur. Ishte dita e dyt\u00eb q\u00eb kisha zbarkuar n\u00eb k\u00ebt\u00eb jet\u00eb dhe etja bashk\u00eb me urin\u00eb po m\u00eb g\u00ebrryenin fyt dhe stomak. Nga perdja e syve t\u00eb mi mjegullsh\u00ebm shikoja n\u00ebn\u00ebn [&hellip;]\" \/>\n<meta property=\"og:url\" content=\"https:\/\/fjala.info\/2009-2015\/llahtar-republike\/\" \/>\n<meta property=\"og:site_name\" content=\"FjALA e LIR\u00cb - Arkivi\" \/>\n<meta property=\"article:published_time\" content=\"2012-09-04T05:12:34+00:00\" \/>\n<meta property=\"og:image\" content=\"http:\/\/www.fjala.info\/2012\/bledi_mane.jpg\" \/>\n<meta name=\"author\" content=\"admin\" \/>\n<meta name=\"twitter:card\" content=\"summary_large_image\" \/>\n<meta name=\"twitter:label1\" content=\"Written by\" \/>\n\t<meta name=\"twitter:data1\" content=\"admin\" \/>\n\t<meta name=\"twitter:label2\" content=\"Est. reading time\" \/>\n\t<meta name=\"twitter:data2\" content=\"7 minutes\" \/>\n<script type=\"application\/ld+json\" class=\"yoast-schema-graph\">{\"@context\":\"https:\\\/\\\/schema.org\",\"@graph\":[{\"@type\":\"Article\",\"@id\":\"https:\\\/\\\/fjala.info\\\/2009-2015\\\/llahtar-republike\\\/#article\",\"isPartOf\":{\"@id\":\"https:\\\/\\\/fjala.info\\\/2009-2015\\\/llahtar-republike\\\/\"},\"author\":{\"name\":\"admin\",\"@id\":\"https:\\\/\\\/fjala.info\\\/2009-2015\\\/#\\\/schema\\\/person\\\/3aa1163ef05469c496fc94e77611ada2\"},\"headline\":\"Llahtar Republik\u00eb\",\"datePublished\":\"2012-09-04T05:12:34+00:00\",\"mainEntityOfPage\":{\"@id\":\"https:\\\/\\\/fjala.info\\\/2009-2015\\\/llahtar-republike\\\/\"},\"wordCount\":1387,\"commentCount\":0,\"publisher\":{\"@id\":\"https:\\\/\\\/fjala.info\\\/2009-2015\\\/#organization\"},\"image\":{\"@id\":\"https:\\\/\\\/fjala.info\\\/2009-2015\\\/llahtar-republike\\\/#primaryimage\"},\"thumbnailUrl\":\"http:\\\/\\\/www.fjala.info\\\/2012\\\/bledi_mane.jpg\",\"articleSection\":[\"Artikuj\"],\"inLanguage\":\"sq-AL\",\"potentialAction\":[{\"@type\":\"CommentAction\",\"name\":\"Comment\",\"target\":[\"https:\\\/\\\/fjala.info\\\/2009-2015\\\/llahtar-republike\\\/#respond\"]}]},{\"@type\":\"WebPage\",\"@id\":\"https:\\\/\\\/fjala.info\\\/2009-2015\\\/llahtar-republike\\\/\",\"url\":\"https:\\\/\\\/fjala.info\\\/2009-2015\\\/llahtar-republike\\\/\",\"name\":\"Llahtar Republik\u00eb - FjALA e LIR\u00cb - Arkivi\",\"isPartOf\":{\"@id\":\"https:\\\/\\\/fjala.info\\\/2009-2015\\\/#website\"},\"primaryImageOfPage\":{\"@id\":\"https:\\\/\\\/fjala.info\\\/2009-2015\\\/llahtar-republike\\\/#primaryimage\"},\"image\":{\"@id\":\"https:\\\/\\\/fjala.info\\\/2009-2015\\\/llahtar-republike\\\/#primaryimage\"},\"thumbnailUrl\":\"http:\\\/\\\/www.fjala.info\\\/2012\\\/bledi_mane.jpg\",\"datePublished\":\"2012-09-04T05:12:34+00:00\",\"breadcrumb\":{\"@id\":\"https:\\\/\\\/fjala.info\\\/2009-2015\\\/llahtar-republike\\\/#breadcrumb\"},\"inLanguage\":\"sq-AL\",\"potentialAction\":[{\"@type\":\"ReadAction\",\"target\":[\"https:\\\/\\\/fjala.info\\\/2009-2015\\\/llahtar-republike\\\/\"]}]},{\"@type\":\"ImageObject\",\"inLanguage\":\"sq-AL\",\"@id\":\"https:\\\/\\\/fjala.info\\\/2009-2015\\\/llahtar-republike\\\/#primaryimage\",\"url\":\"http:\\\/\\\/www.fjala.info\\\/2012\\\/bledi_mane.jpg\",\"contentUrl\":\"http:\\\/\\\/www.fjala.info\\\/2012\\\/bledi_mane.jpg\"},{\"@type\":\"BreadcrumbList\",\"@id\":\"https:\\\/\\\/fjala.info\\\/2009-2015\\\/llahtar-republike\\\/#breadcrumb\",\"itemListElement\":[{\"@type\":\"ListItem\",\"position\":1,\"name\":\"Home\",\"item\":\"https:\\\/\\\/fjala.info\\\/2009-2015\\\/\"},{\"@type\":\"ListItem\",\"position\":2,\"name\":\"Llahtar Republik\u00eb\"}]},{\"@type\":\"WebSite\",\"@id\":\"https:\\\/\\\/fjala.info\\\/2009-2015\\\/#website\",\"url\":\"https:\\\/\\\/fjala.info\\\/2009-2015\\\/\",\"name\":\"FjALA e LIR\u00cb - Arkivi\",\"description\":\"Arkivi 2009-2015\",\"publisher\":{\"@id\":\"https:\\\/\\\/fjala.info\\\/2009-2015\\\/#organization\"},\"potentialAction\":[{\"@type\":\"SearchAction\",\"target\":{\"@type\":\"EntryPoint\",\"urlTemplate\":\"https:\\\/\\\/fjala.info\\\/2009-2015\\\/?s={search_term_string}\"},\"query-input\":{\"@type\":\"PropertyValueSpecification\",\"valueRequired\":true,\"valueName\":\"search_term_string\"}}],\"inLanguage\":\"sq-AL\"},{\"@type\":\"Organization\",\"@id\":\"https:\\\/\\\/fjala.info\\\/2009-2015\\\/#organization\",\"name\":\"FjALA e LIR\u00cb - Arkivi\",\"url\":\"https:\\\/\\\/fjala.info\\\/2009-2015\\\/\",\"logo\":{\"@type\":\"ImageObject\",\"inLanguage\":\"sq-AL\",\"@id\":\"https:\\\/\\\/fjala.info\\\/2009-2015\\\/#\\\/schema\\\/logo\\\/image\\\/\",\"url\":\"\",\"contentUrl\":\"\",\"caption\":\"FjALA e LIR\u00cb - Arkivi\"},\"image\":{\"@id\":\"https:\\\/\\\/fjala.info\\\/2009-2015\\\/#\\\/schema\\\/logo\\\/image\\\/\"}},{\"@type\":\"Person\",\"@id\":\"https:\\\/\\\/fjala.info\\\/2009-2015\\\/#\\\/schema\\\/person\\\/3aa1163ef05469c496fc94e77611ada2\",\"name\":\"admin\",\"image\":{\"@type\":\"ImageObject\",\"inLanguage\":\"sq-AL\",\"@id\":\"https:\\\/\\\/fjala.info\\\/2009-2015\\\/wp-content\\\/uploads\\\/2012\\\/02\\\/arben_cokaj-120x150.jpg\",\"url\":\"https:\\\/\\\/fjala.info\\\/2009-2015\\\/wp-content\\\/uploads\\\/2012\\\/02\\\/arben_cokaj-120x150.jpg\",\"contentUrl\":\"https:\\\/\\\/fjala.info\\\/2009-2015\\\/wp-content\\\/uploads\\\/2012\\\/02\\\/arben_cokaj-120x150.jpg\",\"caption\":\"admin\"},\"description\":\"Admin, Fjala e Lir\u00eb\",\"sameAs\":[\"https:\\\/\\\/fjala.info\\\/\"],\"url\":\"https:\\\/\\\/fjala.info\\\/2009-2015\\\/author\\\/admin\\\/\"}]}<\/script>\n<!-- \/ Yoast SEO plugin. -->","yoast_head_json":{"title":"Llahtar Republik\u00eb - FjALA e LIR\u00cb - Arkivi","robots":{"index":"index","follow":"follow","max-snippet":"max-snippet:-1","max-image-preview":"max-image-preview:large","max-video-preview":"max-video-preview:-1"},"canonical":"https:\/\/fjala.info\/2009-2015\/llahtar-republike\/","og_locale":"sq_AL","og_type":"article","og_title":"Llahtar Republik\u00eb - FjALA e LIR\u00cb - Arkivi","og_description":"Nga Bledi Mane &#8211; Public Enemy, 3 Shtator 2012 1.\/ At\u00eb pasdite korriku po pija qum\u00ebsht nga gjoksi i n\u00ebn\u00ebs time porsi nj\u00eb i pangopur. Ishte dita e dyt\u00eb q\u00eb kisha zbarkuar n\u00eb k\u00ebt\u00eb jet\u00eb dhe etja bashk\u00eb me urin\u00eb po m\u00eb g\u00ebrryenin fyt dhe stomak. Nga perdja e syve t\u00eb mi mjegullsh\u00ebm shikoja n\u00ebn\u00ebn [&hellip;]","og_url":"https:\/\/fjala.info\/2009-2015\/llahtar-republike\/","og_site_name":"FjALA e LIR\u00cb - Arkivi","article_published_time":"2012-09-04T05:12:34+00:00","og_image":[{"url":"http:\/\/www.fjala.info\/2012\/bledi_mane.jpg","type":"","width":"","height":""}],"author":"admin","twitter_card":"summary_large_image","twitter_misc":{"Written by":"admin","Est. reading time":"7 minutes"},"schema":{"@context":"https:\/\/schema.org","@graph":[{"@type":"Article","@id":"https:\/\/fjala.info\/2009-2015\/llahtar-republike\/#article","isPartOf":{"@id":"https:\/\/fjala.info\/2009-2015\/llahtar-republike\/"},"author":{"name":"admin","@id":"https:\/\/fjala.info\/2009-2015\/#\/schema\/person\/3aa1163ef05469c496fc94e77611ada2"},"headline":"Llahtar Republik\u00eb","datePublished":"2012-09-04T05:12:34+00:00","mainEntityOfPage":{"@id":"https:\/\/fjala.info\/2009-2015\/llahtar-republike\/"},"wordCount":1387,"commentCount":0,"publisher":{"@id":"https:\/\/fjala.info\/2009-2015\/#organization"},"image":{"@id":"https:\/\/fjala.info\/2009-2015\/llahtar-republike\/#primaryimage"},"thumbnailUrl":"http:\/\/www.fjala.info\/2012\/bledi_mane.jpg","articleSection":["Artikuj"],"inLanguage":"sq-AL","potentialAction":[{"@type":"CommentAction","name":"Comment","target":["https:\/\/fjala.info\/2009-2015\/llahtar-republike\/#respond"]}]},{"@type":"WebPage","@id":"https:\/\/fjala.info\/2009-2015\/llahtar-republike\/","url":"https:\/\/fjala.info\/2009-2015\/llahtar-republike\/","name":"Llahtar Republik\u00eb - FjALA e LIR\u00cb - Arkivi","isPartOf":{"@id":"https:\/\/fjala.info\/2009-2015\/#website"},"primaryImageOfPage":{"@id":"https:\/\/fjala.info\/2009-2015\/llahtar-republike\/#primaryimage"},"image":{"@id":"https:\/\/fjala.info\/2009-2015\/llahtar-republike\/#primaryimage"},"thumbnailUrl":"http:\/\/www.fjala.info\/2012\/bledi_mane.jpg","datePublished":"2012-09-04T05:12:34+00:00","breadcrumb":{"@id":"https:\/\/fjala.info\/2009-2015\/llahtar-republike\/#breadcrumb"},"inLanguage":"sq-AL","potentialAction":[{"@type":"ReadAction","target":["https:\/\/fjala.info\/2009-2015\/llahtar-republike\/"]}]},{"@type":"ImageObject","inLanguage":"sq-AL","@id":"https:\/\/fjala.info\/2009-2015\/llahtar-republike\/#primaryimage","url":"http:\/\/www.fjala.info\/2012\/bledi_mane.jpg","contentUrl":"http:\/\/www.fjala.info\/2012\/bledi_mane.jpg"},{"@type":"BreadcrumbList","@id":"https:\/\/fjala.info\/2009-2015\/llahtar-republike\/#breadcrumb","itemListElement":[{"@type":"ListItem","position":1,"name":"Home","item":"https:\/\/fjala.info\/2009-2015\/"},{"@type":"ListItem","position":2,"name":"Llahtar Republik\u00eb"}]},{"@type":"WebSite","@id":"https:\/\/fjala.info\/2009-2015\/#website","url":"https:\/\/fjala.info\/2009-2015\/","name":"FjALA e LIR\u00cb - Arkivi","description":"Arkivi 2009-2015","publisher":{"@id":"https:\/\/fjala.info\/2009-2015\/#organization"},"potentialAction":[{"@type":"SearchAction","target":{"@type":"EntryPoint","urlTemplate":"https:\/\/fjala.info\/2009-2015\/?s={search_term_string}"},"query-input":{"@type":"PropertyValueSpecification","valueRequired":true,"valueName":"search_term_string"}}],"inLanguage":"sq-AL"},{"@type":"Organization","@id":"https:\/\/fjala.info\/2009-2015\/#organization","name":"FjALA e LIR\u00cb - Arkivi","url":"https:\/\/fjala.info\/2009-2015\/","logo":{"@type":"ImageObject","inLanguage":"sq-AL","@id":"https:\/\/fjala.info\/2009-2015\/#\/schema\/logo\/image\/","url":"","contentUrl":"","caption":"FjALA e LIR\u00cb - Arkivi"},"image":{"@id":"https:\/\/fjala.info\/2009-2015\/#\/schema\/logo\/image\/"}},{"@type":"Person","@id":"https:\/\/fjala.info\/2009-2015\/#\/schema\/person\/3aa1163ef05469c496fc94e77611ada2","name":"admin","image":{"@type":"ImageObject","inLanguage":"sq-AL","@id":"https:\/\/fjala.info\/2009-2015\/wp-content\/uploads\/2012\/02\/arben_cokaj-120x150.jpg","url":"https:\/\/fjala.info\/2009-2015\/wp-content\/uploads\/2012\/02\/arben_cokaj-120x150.jpg","contentUrl":"https:\/\/fjala.info\/2009-2015\/wp-content\/uploads\/2012\/02\/arben_cokaj-120x150.jpg","caption":"admin"},"description":"Admin, Fjala e Lir\u00eb","sameAs":["https:\/\/fjala.info\/"],"url":"https:\/\/fjala.info\/2009-2015\/author\/admin\/"}]}},"_links":{"self":[{"href":"https:\/\/fjala.info\/2009-2015\/wp-json\/wp\/v2\/posts\/4790","targetHints":{"allow":["GET"]}}],"collection":[{"href":"https:\/\/fjala.info\/2009-2015\/wp-json\/wp\/v2\/posts"}],"about":[{"href":"https:\/\/fjala.info\/2009-2015\/wp-json\/wp\/v2\/types\/post"}],"author":[{"embeddable":true,"href":"https:\/\/fjala.info\/2009-2015\/wp-json\/wp\/v2\/users\/1"}],"replies":[{"embeddable":true,"href":"https:\/\/fjala.info\/2009-2015\/wp-json\/wp\/v2\/comments?post=4790"}],"version-history":[{"count":0,"href":"https:\/\/fjala.info\/2009-2015\/wp-json\/wp\/v2\/posts\/4790\/revisions"}],"wp:attachment":[{"href":"https:\/\/fjala.info\/2009-2015\/wp-json\/wp\/v2\/media?parent=4790"}],"wp:term":[{"taxonomy":"category","embeddable":true,"href":"https:\/\/fjala.info\/2009-2015\/wp-json\/wp\/v2\/categories?post=4790"},{"taxonomy":"post_tag","embeddable":true,"href":"https:\/\/fjala.info\/2009-2015\/wp-json\/wp\/v2\/tags?post=4790"}],"curies":[{"name":"wp","href":"https:\/\/api.w.org\/{rel}","templated":true}]}}