{"id":4789,"date":"2010-11-16T09:51:06","date_gmt":"2010-11-16T08:51:06","guid":{"rendered":"http:\/\/fjala.shkoder.net\/?p=4789"},"modified":"2010-11-16T09:51:06","modified_gmt":"2010-11-16T08:51:06","slug":"shkelma-ne-kuvend-deputeti-flamur-noka-i-pd-godet-erion-bracen","status":"publish","type":"post","link":"https:\/\/fjala.info\/2009-2015\/shkelma-ne-kuvend-deputeti-flamur-noka-i-pd-godet-erion-bracen\/","title":{"rendered":"Shkelma n\u00eb Kuvend, deputeti Flamur Noka i PD godet Erion Bra\u00e7en"},"content":{"rendered":"<p><img loading=\"lazy\" decoding=\"async\" class=\"alignright size-full wp-image-4791\" title=\"Bra\u00e7e me Malaj n\u00eb komision\" src=\"http:\/\/fjala.shkoder.net\/wp-content\/uploads\/2010\/11\/brace_komision.jpg\" alt=\"\" width=\"300\" height=\"173\" \/><br \/>\n<strong>Shekulli Online<\/strong>, <em>16.11.2010<\/em><\/p>\n<p><em>TIRAN\u00cb<\/em> &#8211; Mbledhja e djeshme e Komisionit Parlamentar t\u00eb Ekonomis\u00eb ka degjeneruar n\u00eb sharje dhe p\u00ebrdorim t\u00eb dhun\u00ebs fizike. Deputet\u00ebt Erjon Bra\u00e7e dhe Flamur Noka kan\u00eb shk\u00ebmbyer ofendime midis njeri-tjetrit, duke degjeneruar edhe n\u00eb goditje, \u00e7&#8217;ka ka detyruar kryetarin Spaho t\u00eb nd\u00ebrpres\u00eb mbledhjen disa her\u00eb p\u00ebr qet\u00ebsimin e situat\u00ebs. Sherri ka arritur kulmin kur deputeti Noka ka goditur me shkelm kolegun e tij Bra\u00e7e n\u00eb korridorin n\u00eb dalje t\u00eb sall\u00ebs ku zhvillohej komisioni.<\/p>\n<p>M\u00eb par\u00eb, kryetari i komisionit parlamentar, kishte k\u00ebrkuar pes\u00eb minuta pushim p\u00ebr t\u00eb nd\u00ebrprer\u00eb edhe nj\u00eb debat tjet\u00ebr, midis deputet\u00ebve Malaj e Ahmetaj dhe p\u00ebrfaq\u00ebsuesve t\u00eb Ministris\u00eb s\u00eb Financave, n\u00eb lidhje me treguesit fiskal t\u00eb buxhetit 2011. Nd\u00ebrprerja tre her\u00eb e mbledhjes, mund t\u00eb cil\u00ebsohet nj\u00eb rekord i ri p\u00ebr Kuvendin e Shqip\u00ebris\u00eb.<\/p>\n<p>Fillimisht debati midis Bra\u00e7es dhe Nok\u00ebs ka nisur p\u00ebr shkak t\u00eb diskutimeve p\u00ebr buxhetin, ku deputeti socialist, i ka k\u00ebrkuar k\u00ebtij t\u00eb fundit t\u00eb mos nd\u00ebrhyj\u00eb gjat\u00eb koh\u00ebs, n\u00eb t\u00eb cil\u00ebn ai po diskutonte. Kjo ka nxehur edhe m\u00eb tej gjakrat duke kaluar n\u00eb fyerje personale. Spaho ka nd\u00ebrprer\u00eb p\u00ebr disa minuta mbledhje duke k\u00ebrkuar nga deputet\u00ebt t\u00eb qet\u00ebsohen. Debati m\u00eb pas, \u00ebsht\u00eb transferuar jasht\u00eb sall\u00ebs, ku deputet\u00ebt kan\u00eb vijuar t\u00eb shk\u00ebmbejn\u00eb fyerje t\u00eb r\u00ebnda duke tentuar t\u00eb konfrontohen, por nd\u00ebrhyrja e koleg\u00ebve t\u00eb tjer\u00eb ka shmangur nj\u00eb kontakt fizik midis tyre.<\/p>\n<p>Nd\u00ebrprerja e seanc\u00ebs nuk kan\u00eb mjaftuar p\u00ebr qet\u00ebsimin e situat\u00ebs, edhe pasi ka rifilluar ajo, deputet\u00ebt kan\u00eb vijuar t\u00eb shahen duke detyruar p\u00ebrs\u00ebri Spahon t\u00eb nd\u00ebrpres\u00eb mbledhjen. Deputet\u00ebt kan\u00eb dal\u00eb p\u00ebrs\u00ebri jasht\u00eb, por ndryshe nga hera e par\u00eb, nd\u00ebrhyrja e koleg\u00ebve nuk ka ndaluar kontaktin fizik. Noka godet Bra\u00e7en me shkelm. Kjo ka mjaftuar p\u00ebr nd\u00ebrprerjen p\u00ebrfundimtare t\u00eb mbledhjes, nd\u00ebrsa deputet\u00ebt kan\u00eb vijuar me fjalorin e r\u00ebnd\u00eb ndaj njeri-tjetrit.<\/p>\n<p>Sherri Bra\u00e7e-Noka nuk ka filluar dje, por i ka rr\u00ebnj\u00ebt n\u00eb shum\u00eb debate t\u00eb tjera t\u00eb b\u00ebra n\u00eb komisionet parlamentare, por edhe n\u00eb sall\u00ebn e Parlamentit. Deputet\u00ebt kan\u00eb shk\u00ebmbyer fyerje me njeri-tjetrin n\u00eb m\u00ebnyr\u00eb t\u00eb vazhdueshme q\u00eb kur Noka \u00ebsht\u00eb em\u00ebruar an\u00ebtar i Komisionit t\u00eb Ekonomis\u00eb. Pak muaj m\u00eb par\u00eb, n\u00eb nj\u00eb debat t\u00eb ngjash\u00ebm n\u00eb k\u00ebt\u00eb Komision, Noka i drejtohet Bra\u00e7es, duke i th\u00ebn\u00eb: t\u00eb kap prej vesh\u00ebsh dhe t\u00eb nxjerr p\u00ebrjashta. Kjo solli edhe reagimin e Bra\u00e7es. &#8220;<em>Deri m\u00eb sot nuk me ka prekur njeri me dor\u00eb, kush guxon t\u00eb m\u00eb prek\u00eb duhet t\u00eb b\u00ebj\u00eb hesap kok\u00ebn<\/em>&#8220;, &#8211; do t\u00eb shprehej ai n\u00eb nerva e sip\u00ebr at\u00ebher\u00eb.<\/p>\n<p>Edhe dit\u00ebn e shtun\u00eb kur Komisioni i Ekonomis\u00eb zhvilloi mbledhjen e tij jasht\u00eb radhe, dy deputet\u00ebt jan\u00eb konfliktuar me nj\u00ebri-tjetrin, por nuk kan\u00eb arritur deri n\u00eb goditje. Deputeti Flamur Noka k\u00ebrkoi prej deputetit Bra\u00e7e sqarime, p\u00ebr disa, ofendimi q\u00eb ky i fundit i kishte b\u00ebr\u00eb atij, duke e quajtur &#8220;skuth&#8221;. Me gjith\u00eb tonet e ashpra t\u00eb dy deputet\u00ebve, Bra\u00e7e dhe Noka, t\u00eb shtun\u00ebn, situata nuk arriti deri n\u00eb p\u00ebrplasje fizike.<\/p>\n<p><strong>\u00c7far\u00eb parashikon rregullorja e Kuvendit<\/strong><br \/>\n<strong><\/strong><\/p>\n<blockquote><p><strong><em>Neni 65<br \/>\nMasat disiplinore m\u00eb t\u00eb r\u00ebnda<\/em><\/strong><\/p>\n<p><em>1. Kur deputeti p\u00ebrdor fjal\u00eb fyese ose cenon personalitetin e drejtuesit t\u00eb seanc\u00ebs apo vazhdon t\u00eb kryej\u00eb shkeljen, pasi m\u00eb par\u00eb n\u00eb t\u00eb nj\u00ebjt\u00ebn seanc\u00eb jan\u00eb zbatuar masat disiplinore, sipas nenit 64 t\u00eb k\u00ebsaj Rregulloreje, me urdh\u00ebr t\u00eb drejtuesit t\u00eb seanc\u00ebs, p\u00ebrjashtohet nga seanca plenare p\u00ebr at\u00eb dit\u00eb. N\u00eb rast se deputeti s&#8217;pranon t\u00eb dal\u00eb nga salla, drejtuesi i seanc\u00ebs e nd\u00ebrpret at\u00eb dhe i jep porosit\u00eb e nevojshme Sh\u00ebrbimit t\u00eb Siguris\u00eb n\u00eb Kuvend p\u00ebr zbatimin e urdhrit t\u00eb dh\u00ebn\u00eb.<br \/>\nMasa disiplinore e p\u00ebrjashtimit nga seanca plenare shoq\u00ebrohet me sanksion financiar t\u00eb barabart\u00eb me nj\u00eb dit\u00eb nga paga e deputetit.<\/p>\n<p>2. Kur deputeti b\u00ebn thirrje p\u00ebr p\u00ebrdorim dhune, provokon rr\u00ebmuj\u00eb n\u00eb seanc\u00eb q\u00eb pengon zhvillimin e saj t\u00eb rregullt, fyen ose k\u00ebrc\u00ebnon deputet\u00ebt e tjer\u00eb, an\u00ebtar\u00ebt e K\u00ebshillit t\u00eb Ministrave ose p\u00ebrdor fjal\u00eb fyese p\u00ebr Presidentin e Republik\u00ebs apo institucione t\u00eb tjera shtet\u00ebrore ndalohet t\u00eb marr\u00eb pjes\u00eb n\u00eb punimet e Kuvendit n\u00eb seanc\u00eb plenare dhe n\u00eb komisione nga 2 deri n\u00eb 15 dit\u00eb.<\/em><br \/>\n<em>Ndalimi i pjes\u00ebmarrjes vendoset nga Byroja e Kuvendit me propozimin e drejtuesit t\u00eb seanc\u00ebs ose propozimit me shkrim t\u00eb jo m\u00eb pak se 7 deputet\u00ebve.<br \/>\nMasa disiplinore e ndalimit t\u00eb pjes\u00ebmarrjes n\u00eb seanc\u00eb plenare dhe n\u00eb komisione shoq\u00ebrohet me sanksion financiar t\u00eb mbajtjes s\u00eb pag\u00ebs s\u00eb deputetit p\u00ebr aq dit\u00eb sa \u00ebsht\u00eb marr\u00eb masa disiplinore.<br \/>\nN\u00eb rast se deputeti p\u00ebrpiqet t\u00eb hyj\u00eb n\u00eb sall\u00ebn e seanc\u00ebs plenare ose t\u00eb komisioneve p\u00ebrpara mbarimit t\u00eb k\u00ebsaj mase nd\u00ebshkimore, afati i mas\u00ebs dyfishohet.<\/p>\n<p>3. P\u00ebr ngjarje tep\u00ebr t\u00eb r\u00ebnda q\u00eb ndodhin jasht\u00eb sall\u00ebs ku zhvillohen punimet e Kuvendit, por brenda mjediseve t\u00eb tij, Kryetari i Kuvendit merr mas\u00ebn disiplinore t\u00eb parashikuar n\u00eb pik\u00ebn 2 t\u00eb k\u00ebtij neni.<\/em><\/p>\n<p><em><strong>Neni 66<br \/>\nPezullimi dhe mbyllja e seanc\u00ebs plenare<\/strong><\/p>\n<p>N\u00eb rast se n\u00eb sall\u00eb b\u00ebhet rr\u00ebmuj\u00eb dhe nuk merren parasysh k\u00ebrkesat e drejtuesit t\u00eb seanc\u00ebs p\u00ebr mbajtjen e rregullit, drejtuesi i seanc\u00ebs l\u00eb vendin e tij dhe seanca plenare quhet e nd\u00ebrprer\u00eb. N\u00eb rast se p\u00ebrs\u00ebri rr\u00ebmuja vazhdon, drejtuesi i seanc\u00ebs e pezullon seanc\u00ebn p\u00ebr nj\u00eb periudh\u00eb kohe t\u00eb caktuar ose e mbyll at\u00eb. N\u00eb rast t\u00eb mbylljes s\u00eb seanc\u00ebs, Kuvendi mblidhet me t\u00eb nj\u00ebjtin rend dite t\u00eb nes\u00ebrmen, n\u00ebse nuk \u00ebsht\u00eb dit\u00eb pushimi.<\/em><\/p><\/blockquote>\n","protected":false},"excerpt":{"rendered":"<p>Shekulli Online, 16.11.2010 TIRAN\u00cb &#8211; Mbledhja e djeshme e Komisionit Parlamentar t\u00eb Ekonomis\u00eb ka degjeneruar n\u00eb sharje dhe p\u00ebrdorim t\u00eb dhun\u00ebs fizike. Deputet\u00ebt Erjon Bra\u00e7e dhe Flamur Noka kan\u00eb shk\u00ebmbyer ofendime midis njeri-tjetrit, duke degjeneruar edhe n\u00eb goditje, \u00e7&#8217;ka ka detyruar kryetarin Spaho t\u00eb nd\u00ebrpres\u00eb mbledhjen disa her\u00eb p\u00ebr qet\u00ebsimin e situat\u00ebs. Sherri ka arritur [&hellip;]<\/p>\n","protected":false},"author":1,"featured_media":0,"comment_status":"open","ping_status":"closed","sticky":false,"template":"","format":"standard","meta":{"footnotes":""},"categories":[2],"tags":[],"class_list":{"0":"post-4789","1":"post","2":"type-post","3":"status-publish","4":"format-standard","6":"category-artikuj"},"yoast_head":"<!-- This site is optimized with the Yoast SEO plugin v27.4 - https:\/\/yoast.com\/product\/yoast-seo-wordpress\/ -->\n<title>Shkelma n\u00eb Kuvend, deputeti Flamur Noka i PD godet Erion Bra\u00e7en - FjALA e LIR\u00cb - Arkivi<\/title>\n<meta name=\"robots\" content=\"index, follow, max-snippet:-1, max-image-preview:large, max-video-preview:-1\" \/>\n<link rel=\"canonical\" href=\"https:\/\/fjala.info\/2009-2015\/shkelma-ne-kuvend-deputeti-flamur-noka-i-pd-godet-erion-bracen\/\" \/>\n<meta property=\"og:locale\" content=\"sq_AL\" \/>\n<meta property=\"og:type\" content=\"article\" \/>\n<meta property=\"og:title\" content=\"Shkelma n\u00eb Kuvend, deputeti Flamur Noka i PD godet Erion Bra\u00e7en - FjALA e LIR\u00cb - Arkivi\" \/>\n<meta property=\"og:description\" content=\"Shekulli Online, 16.11.2010 TIRAN\u00cb &#8211; Mbledhja e djeshme e Komisionit Parlamentar t\u00eb Ekonomis\u00eb ka degjeneruar n\u00eb sharje dhe p\u00ebrdorim t\u00eb dhun\u00ebs fizike. Deputet\u00ebt Erjon Bra\u00e7e dhe Flamur Noka kan\u00eb shk\u00ebmbyer ofendime midis njeri-tjetrit, duke degjeneruar edhe n\u00eb goditje, \u00e7&#8217;ka ka detyruar kryetarin Spaho t\u00eb nd\u00ebrpres\u00eb mbledhjen disa her\u00eb p\u00ebr qet\u00ebsimin e situat\u00ebs. Sherri ka arritur [&hellip;]\" \/>\n<meta property=\"og:url\" content=\"https:\/\/fjala.info\/2009-2015\/shkelma-ne-kuvend-deputeti-flamur-noka-i-pd-godet-erion-bracen\/\" \/>\n<meta property=\"og:site_name\" content=\"FjALA e LIR\u00cb - Arkivi\" \/>\n<meta property=\"article:published_time\" content=\"2010-11-16T08:51:06+00:00\" \/>\n<meta property=\"og:image\" content=\"http:\/\/fjala.shkoder.net\/wp-content\/uploads\/2010\/11\/brace_komision.jpg\" \/>\n<meta name=\"author\" content=\"admin\" \/>\n<meta name=\"twitter:card\" content=\"summary_large_image\" \/>\n<meta name=\"twitter:label1\" content=\"Written by\" \/>\n\t<meta name=\"twitter:data1\" content=\"admin\" \/>\n\t<meta name=\"twitter:label2\" content=\"Est. reading time\" \/>\n\t<meta name=\"twitter:data2\" content=\"5 minutes\" \/>\n<script type=\"application\/ld+json\" class=\"yoast-schema-graph\">{\"@context\":\"https:\\\/\\\/schema.org\",\"@graph\":[{\"@type\":\"Article\",\"@id\":\"https:\\\/\\\/fjala.info\\\/2009-2015\\\/shkelma-ne-kuvend-deputeti-flamur-noka-i-pd-godet-erion-bracen\\\/#article\",\"isPartOf\":{\"@id\":\"https:\\\/\\\/fjala.info\\\/2009-2015\\\/shkelma-ne-kuvend-deputeti-flamur-noka-i-pd-godet-erion-bracen\\\/\"},\"author\":{\"name\":\"admin\",\"@id\":\"https:\\\/\\\/fjala.info\\\/2009-2015\\\/#\\\/schema\\\/person\\\/3aa1163ef05469c496fc94e77611ada2\"},\"headline\":\"Shkelma n\u00eb Kuvend, deputeti Flamur Noka i PD godet Erion Bra\u00e7en\",\"datePublished\":\"2010-11-16T08:51:06+00:00\",\"mainEntityOfPage\":{\"@id\":\"https:\\\/\\\/fjala.info\\\/2009-2015\\\/shkelma-ne-kuvend-deputeti-flamur-noka-i-pd-godet-erion-bracen\\\/\"},\"wordCount\":1007,\"commentCount\":1,\"publisher\":{\"@id\":\"https:\\\/\\\/fjala.info\\\/2009-2015\\\/#organization\"},\"image\":{\"@id\":\"https:\\\/\\\/fjala.info\\\/2009-2015\\\/shkelma-ne-kuvend-deputeti-flamur-noka-i-pd-godet-erion-bracen\\\/#primaryimage\"},\"thumbnailUrl\":\"http:\\\/\\\/fjala.shkoder.net\\\/wp-content\\\/uploads\\\/2010\\\/11\\\/brace_komision.jpg\",\"articleSection\":[\"Artikuj\"],\"inLanguage\":\"sq-AL\",\"potentialAction\":[{\"@type\":\"CommentAction\",\"name\":\"Comment\",\"target\":[\"https:\\\/\\\/fjala.info\\\/2009-2015\\\/shkelma-ne-kuvend-deputeti-flamur-noka-i-pd-godet-erion-bracen\\\/#respond\"]}]},{\"@type\":\"WebPage\",\"@id\":\"https:\\\/\\\/fjala.info\\\/2009-2015\\\/shkelma-ne-kuvend-deputeti-flamur-noka-i-pd-godet-erion-bracen\\\/\",\"url\":\"https:\\\/\\\/fjala.info\\\/2009-2015\\\/shkelma-ne-kuvend-deputeti-flamur-noka-i-pd-godet-erion-bracen\\\/\",\"name\":\"Shkelma n\u00eb Kuvend, deputeti Flamur Noka i PD godet Erion Bra\u00e7en - FjALA e LIR\u00cb - Arkivi\",\"isPartOf\":{\"@id\":\"https:\\\/\\\/fjala.info\\\/2009-2015\\\/#website\"},\"primaryImageOfPage\":{\"@id\":\"https:\\\/\\\/fjala.info\\\/2009-2015\\\/shkelma-ne-kuvend-deputeti-flamur-noka-i-pd-godet-erion-bracen\\\/#primaryimage\"},\"image\":{\"@id\":\"https:\\\/\\\/fjala.info\\\/2009-2015\\\/shkelma-ne-kuvend-deputeti-flamur-noka-i-pd-godet-erion-bracen\\\/#primaryimage\"},\"thumbnailUrl\":\"http:\\\/\\\/fjala.shkoder.net\\\/wp-content\\\/uploads\\\/2010\\\/11\\\/brace_komision.jpg\",\"datePublished\":\"2010-11-16T08:51:06+00:00\",\"breadcrumb\":{\"@id\":\"https:\\\/\\\/fjala.info\\\/2009-2015\\\/shkelma-ne-kuvend-deputeti-flamur-noka-i-pd-godet-erion-bracen\\\/#breadcrumb\"},\"inLanguage\":\"sq-AL\",\"potentialAction\":[{\"@type\":\"ReadAction\",\"target\":[\"https:\\\/\\\/fjala.info\\\/2009-2015\\\/shkelma-ne-kuvend-deputeti-flamur-noka-i-pd-godet-erion-bracen\\\/\"]}]},{\"@type\":\"ImageObject\",\"inLanguage\":\"sq-AL\",\"@id\":\"https:\\\/\\\/fjala.info\\\/2009-2015\\\/shkelma-ne-kuvend-deputeti-flamur-noka-i-pd-godet-erion-bracen\\\/#primaryimage\",\"url\":\"http:\\\/\\\/fjala.shkoder.net\\\/wp-content\\\/uploads\\\/2010\\\/11\\\/brace_komision.jpg\",\"contentUrl\":\"http:\\\/\\\/fjala.shkoder.net\\\/wp-content\\\/uploads\\\/2010\\\/11\\\/brace_komision.jpg\"},{\"@type\":\"BreadcrumbList\",\"@id\":\"https:\\\/\\\/fjala.info\\\/2009-2015\\\/shkelma-ne-kuvend-deputeti-flamur-noka-i-pd-godet-erion-bracen\\\/#breadcrumb\",\"itemListElement\":[{\"@type\":\"ListItem\",\"position\":1,\"name\":\"Home\",\"item\":\"https:\\\/\\\/fjala.info\\\/2009-2015\\\/\"},{\"@type\":\"ListItem\",\"position\":2,\"name\":\"Shkelma n\u00eb Kuvend, deputeti Flamur Noka i PD godet Erion Bra\u00e7en\"}]},{\"@type\":\"WebSite\",\"@id\":\"https:\\\/\\\/fjala.info\\\/2009-2015\\\/#website\",\"url\":\"https:\\\/\\\/fjala.info\\\/2009-2015\\\/\",\"name\":\"FjALA e LIR\u00cb - Arkivi\",\"description\":\"Arkivi 2009-2015\",\"publisher\":{\"@id\":\"https:\\\/\\\/fjala.info\\\/2009-2015\\\/#organization\"},\"potentialAction\":[{\"@type\":\"SearchAction\",\"target\":{\"@type\":\"EntryPoint\",\"urlTemplate\":\"https:\\\/\\\/fjala.info\\\/2009-2015\\\/?s={search_term_string}\"},\"query-input\":{\"@type\":\"PropertyValueSpecification\",\"valueRequired\":true,\"valueName\":\"search_term_string\"}}],\"inLanguage\":\"sq-AL\"},{\"@type\":\"Organization\",\"@id\":\"https:\\\/\\\/fjala.info\\\/2009-2015\\\/#organization\",\"name\":\"FjALA e LIR\u00cb - Arkivi\",\"url\":\"https:\\\/\\\/fjala.info\\\/2009-2015\\\/\",\"logo\":{\"@type\":\"ImageObject\",\"inLanguage\":\"sq-AL\",\"@id\":\"https:\\\/\\\/fjala.info\\\/2009-2015\\\/#\\\/schema\\\/logo\\\/image\\\/\",\"url\":\"\",\"contentUrl\":\"\",\"caption\":\"FjALA e LIR\u00cb - Arkivi\"},\"image\":{\"@id\":\"https:\\\/\\\/fjala.info\\\/2009-2015\\\/#\\\/schema\\\/logo\\\/image\\\/\"}},{\"@type\":\"Person\",\"@id\":\"https:\\\/\\\/fjala.info\\\/2009-2015\\\/#\\\/schema\\\/person\\\/3aa1163ef05469c496fc94e77611ada2\",\"name\":\"admin\",\"image\":{\"@type\":\"ImageObject\",\"inLanguage\":\"sq-AL\",\"@id\":\"https:\\\/\\\/fjala.info\\\/2009-2015\\\/wp-content\\\/uploads\\\/2012\\\/02\\\/arben_cokaj-120x150.jpg\",\"url\":\"https:\\\/\\\/fjala.info\\\/2009-2015\\\/wp-content\\\/uploads\\\/2012\\\/02\\\/arben_cokaj-120x150.jpg\",\"contentUrl\":\"https:\\\/\\\/fjala.info\\\/2009-2015\\\/wp-content\\\/uploads\\\/2012\\\/02\\\/arben_cokaj-120x150.jpg\",\"caption\":\"admin\"},\"description\":\"Admin, Fjala e Lir\u00eb\",\"sameAs\":[\"https:\\\/\\\/fjala.info\\\/\"],\"url\":\"https:\\\/\\\/fjala.info\\\/2009-2015\\\/author\\\/admin\\\/\"}]}<\/script>\n<!-- \/ Yoast SEO plugin. -->","yoast_head_json":{"title":"Shkelma n\u00eb Kuvend, deputeti Flamur Noka i PD godet Erion Bra\u00e7en - FjALA e LIR\u00cb - Arkivi","robots":{"index":"index","follow":"follow","max-snippet":"max-snippet:-1","max-image-preview":"max-image-preview:large","max-video-preview":"max-video-preview:-1"},"canonical":"https:\/\/fjala.info\/2009-2015\/shkelma-ne-kuvend-deputeti-flamur-noka-i-pd-godet-erion-bracen\/","og_locale":"sq_AL","og_type":"article","og_title":"Shkelma n\u00eb Kuvend, deputeti Flamur Noka i PD godet Erion Bra\u00e7en - FjALA e LIR\u00cb - Arkivi","og_description":"Shekulli Online, 16.11.2010 TIRAN\u00cb &#8211; Mbledhja e djeshme e Komisionit Parlamentar t\u00eb Ekonomis\u00eb ka degjeneruar n\u00eb sharje dhe p\u00ebrdorim t\u00eb dhun\u00ebs fizike. Deputet\u00ebt Erjon Bra\u00e7e dhe Flamur Noka kan\u00eb shk\u00ebmbyer ofendime midis njeri-tjetrit, duke degjeneruar edhe n\u00eb goditje, \u00e7&#8217;ka ka detyruar kryetarin Spaho t\u00eb nd\u00ebrpres\u00eb mbledhjen disa her\u00eb p\u00ebr qet\u00ebsimin e situat\u00ebs. Sherri ka arritur [&hellip;]","og_url":"https:\/\/fjala.info\/2009-2015\/shkelma-ne-kuvend-deputeti-flamur-noka-i-pd-godet-erion-bracen\/","og_site_name":"FjALA e LIR\u00cb - Arkivi","article_published_time":"2010-11-16T08:51:06+00:00","og_image":[{"url":"http:\/\/fjala.shkoder.net\/wp-content\/uploads\/2010\/11\/brace_komision.jpg","type":"","width":"","height":""}],"author":"admin","twitter_card":"summary_large_image","twitter_misc":{"Written by":"admin","Est. reading time":"5 minutes"},"schema":{"@context":"https:\/\/schema.org","@graph":[{"@type":"Article","@id":"https:\/\/fjala.info\/2009-2015\/shkelma-ne-kuvend-deputeti-flamur-noka-i-pd-godet-erion-bracen\/#article","isPartOf":{"@id":"https:\/\/fjala.info\/2009-2015\/shkelma-ne-kuvend-deputeti-flamur-noka-i-pd-godet-erion-bracen\/"},"author":{"name":"admin","@id":"https:\/\/fjala.info\/2009-2015\/#\/schema\/person\/3aa1163ef05469c496fc94e77611ada2"},"headline":"Shkelma n\u00eb Kuvend, deputeti Flamur Noka i PD godet Erion Bra\u00e7en","datePublished":"2010-11-16T08:51:06+00:00","mainEntityOfPage":{"@id":"https:\/\/fjala.info\/2009-2015\/shkelma-ne-kuvend-deputeti-flamur-noka-i-pd-godet-erion-bracen\/"},"wordCount":1007,"commentCount":1,"publisher":{"@id":"https:\/\/fjala.info\/2009-2015\/#organization"},"image":{"@id":"https:\/\/fjala.info\/2009-2015\/shkelma-ne-kuvend-deputeti-flamur-noka-i-pd-godet-erion-bracen\/#primaryimage"},"thumbnailUrl":"http:\/\/fjala.shkoder.net\/wp-content\/uploads\/2010\/11\/brace_komision.jpg","articleSection":["Artikuj"],"inLanguage":"sq-AL","potentialAction":[{"@type":"CommentAction","name":"Comment","target":["https:\/\/fjala.info\/2009-2015\/shkelma-ne-kuvend-deputeti-flamur-noka-i-pd-godet-erion-bracen\/#respond"]}]},{"@type":"WebPage","@id":"https:\/\/fjala.info\/2009-2015\/shkelma-ne-kuvend-deputeti-flamur-noka-i-pd-godet-erion-bracen\/","url":"https:\/\/fjala.info\/2009-2015\/shkelma-ne-kuvend-deputeti-flamur-noka-i-pd-godet-erion-bracen\/","name":"Shkelma n\u00eb Kuvend, deputeti Flamur Noka i PD godet Erion Bra\u00e7en - FjALA e LIR\u00cb - Arkivi","isPartOf":{"@id":"https:\/\/fjala.info\/2009-2015\/#website"},"primaryImageOfPage":{"@id":"https:\/\/fjala.info\/2009-2015\/shkelma-ne-kuvend-deputeti-flamur-noka-i-pd-godet-erion-bracen\/#primaryimage"},"image":{"@id":"https:\/\/fjala.info\/2009-2015\/shkelma-ne-kuvend-deputeti-flamur-noka-i-pd-godet-erion-bracen\/#primaryimage"},"thumbnailUrl":"http:\/\/fjala.shkoder.net\/wp-content\/uploads\/2010\/11\/brace_komision.jpg","datePublished":"2010-11-16T08:51:06+00:00","breadcrumb":{"@id":"https:\/\/fjala.info\/2009-2015\/shkelma-ne-kuvend-deputeti-flamur-noka-i-pd-godet-erion-bracen\/#breadcrumb"},"inLanguage":"sq-AL","potentialAction":[{"@type":"ReadAction","target":["https:\/\/fjala.info\/2009-2015\/shkelma-ne-kuvend-deputeti-flamur-noka-i-pd-godet-erion-bracen\/"]}]},{"@type":"ImageObject","inLanguage":"sq-AL","@id":"https:\/\/fjala.info\/2009-2015\/shkelma-ne-kuvend-deputeti-flamur-noka-i-pd-godet-erion-bracen\/#primaryimage","url":"http:\/\/fjala.shkoder.net\/wp-content\/uploads\/2010\/11\/brace_komision.jpg","contentUrl":"http:\/\/fjala.shkoder.net\/wp-content\/uploads\/2010\/11\/brace_komision.jpg"},{"@type":"BreadcrumbList","@id":"https:\/\/fjala.info\/2009-2015\/shkelma-ne-kuvend-deputeti-flamur-noka-i-pd-godet-erion-bracen\/#breadcrumb","itemListElement":[{"@type":"ListItem","position":1,"name":"Home","item":"https:\/\/fjala.info\/2009-2015\/"},{"@type":"ListItem","position":2,"name":"Shkelma n\u00eb Kuvend, deputeti Flamur Noka i PD godet Erion Bra\u00e7en"}]},{"@type":"WebSite","@id":"https:\/\/fjala.info\/2009-2015\/#website","url":"https:\/\/fjala.info\/2009-2015\/","name":"FjALA e LIR\u00cb - Arkivi","description":"Arkivi 2009-2015","publisher":{"@id":"https:\/\/fjala.info\/2009-2015\/#organization"},"potentialAction":[{"@type":"SearchAction","target":{"@type":"EntryPoint","urlTemplate":"https:\/\/fjala.info\/2009-2015\/?s={search_term_string}"},"query-input":{"@type":"PropertyValueSpecification","valueRequired":true,"valueName":"search_term_string"}}],"inLanguage":"sq-AL"},{"@type":"Organization","@id":"https:\/\/fjala.info\/2009-2015\/#organization","name":"FjALA e LIR\u00cb - Arkivi","url":"https:\/\/fjala.info\/2009-2015\/","logo":{"@type":"ImageObject","inLanguage":"sq-AL","@id":"https:\/\/fjala.info\/2009-2015\/#\/schema\/logo\/image\/","url":"","contentUrl":"","caption":"FjALA e LIR\u00cb - Arkivi"},"image":{"@id":"https:\/\/fjala.info\/2009-2015\/#\/schema\/logo\/image\/"}},{"@type":"Person","@id":"https:\/\/fjala.info\/2009-2015\/#\/schema\/person\/3aa1163ef05469c496fc94e77611ada2","name":"admin","image":{"@type":"ImageObject","inLanguage":"sq-AL","@id":"https:\/\/fjala.info\/2009-2015\/wp-content\/uploads\/2012\/02\/arben_cokaj-120x150.jpg","url":"https:\/\/fjala.info\/2009-2015\/wp-content\/uploads\/2012\/02\/arben_cokaj-120x150.jpg","contentUrl":"https:\/\/fjala.info\/2009-2015\/wp-content\/uploads\/2012\/02\/arben_cokaj-120x150.jpg","caption":"admin"},"description":"Admin, Fjala e Lir\u00eb","sameAs":["https:\/\/fjala.info\/"],"url":"https:\/\/fjala.info\/2009-2015\/author\/admin\/"}]}},"_links":{"self":[{"href":"https:\/\/fjala.info\/2009-2015\/wp-json\/wp\/v2\/posts\/4789","targetHints":{"allow":["GET"]}}],"collection":[{"href":"https:\/\/fjala.info\/2009-2015\/wp-json\/wp\/v2\/posts"}],"about":[{"href":"https:\/\/fjala.info\/2009-2015\/wp-json\/wp\/v2\/types\/post"}],"author":[{"embeddable":true,"href":"https:\/\/fjala.info\/2009-2015\/wp-json\/wp\/v2\/users\/1"}],"replies":[{"embeddable":true,"href":"https:\/\/fjala.info\/2009-2015\/wp-json\/wp\/v2\/comments?post=4789"}],"version-history":[{"count":0,"href":"https:\/\/fjala.info\/2009-2015\/wp-json\/wp\/v2\/posts\/4789\/revisions"}],"wp:attachment":[{"href":"https:\/\/fjala.info\/2009-2015\/wp-json\/wp\/v2\/media?parent=4789"}],"wp:term":[{"taxonomy":"category","embeddable":true,"href":"https:\/\/fjala.info\/2009-2015\/wp-json\/wp\/v2\/categories?post=4789"},{"taxonomy":"post_tag","embeddable":true,"href":"https:\/\/fjala.info\/2009-2015\/wp-json\/wp\/v2\/tags?post=4789"}],"curies":[{"name":"wp","href":"https:\/\/api.w.org\/{rel}","templated":true}]}}