{"id":4787,"date":"2012-09-03T17:02:34","date_gmt":"2012-09-03T16:02:34","guid":{"rendered":"http:\/\/www.fjala.info\/?p=4787"},"modified":"2012-09-03T17:02:34","modified_gmt":"2012-09-03T16:02:34","slug":"shpresa-tek-gjermanet","status":"publish","type":"post","link":"https:\/\/fjala.info\/2009-2015\/shpresa-tek-gjermanet\/","title":{"rendered":"Shpresa tek gjerman\u00ebt"},"content":{"rendered":"<p><img decoding=\"async\" class=\"alignright size-thumbnail wp-image-7236\" title=\"Himara\" src=\"http:\/\/www.fjala.info\/2012\/himara.jpg\" alt=\"\" width=\"300\" \/> <strong><em>Kompani gjermane kan\u0451 shprehur interes p\u0451r t\u0451 investuar n\u0451 fush\u0451n e turizmit n\u0451 zon\u0451n e Himar\u0451s, n\u0451 Rivier\u0451n e Shqip\u0451ris\u0451. Problematike mbetet gjendja e infrastruktur\u0451s n\u00eb k\u00ebt\u00eb zon\u00eb.<\/em><\/strong><\/p>\n<p>Nga <strong>Ani Ruci<\/strong>, <em>Deutsche Welle<\/em>, <em>3 Shtator 2012<\/em><\/p>\n<p>N\u0451 tryez\u0451n e pun\u0451s s\u0451 kryetarit t\u0451 Bashkis\u0451 s\u0451 Himar\u0451s, Gjergj Goro, \u0451sht\u0451 nj\u0451 suvenir: nj\u0451 fragment nga Muri i Berlinit. Pa arritur ta pyes n\u0451se ka qen\u0451 n\u0451 Berlin dhe t\u0451 shuaj kureshtjen se si ka mb\u00ebrritur n\u0451 zyr\u0451n e tij ajo cop\u0451 betoni me pesh\u0451 historike epokale, z. Goro e hap bised\u0451n pik\u0451risht me suvenirin gjerman. \u201cMa kan\u0451 d\u0451rguar nga Berlini nj\u0451 grup investitor\u0451sh gjerman\u0451. Ata erdh\u0451n k\u0451tu n\u0451 Himar\u0451 p\u0451r t\u0451 par\u0451 mund\u0451sit\u0451 e bashk\u0451punimit dhe t\u0451 investimit n\u0451 fush\u0451n e turizmit. U p\u0451lqyen shum\u0451 bukurit\u0451 natyrore t\u0451 gjith\u0451 zon\u0451s, q\u0451 nga Llogaraja e deri n\u0451 Qeparo, fshati i fundit i bashkis\u0451 s\u0451 Himar\u0451s. Treguan interes p\u0451r t\u0451 investuar n\u0451 fush\u0451n e energjis\u0451, kanalizimin uj\u0451sjellsave, dhe p\u0451rpunimin e uj\u00ebrave t\u0451 zeza. M\u0451 pas m\u0451 d\u0451rguan nga Berlini k\u0451t\u0451 suvenir\u201d, tregon kryebashkiaku i Himar\u0451s, Gjergj Goro.<\/p>\n<p><strong>P\u0451r 20 vjet asnj\u0451 investim n\u0451 sektorin e energjis\u0451<\/strong><\/p>\n<p>Ardhja n\u0451 Himar\u0451 e investitor\u0451ve nga Berlini vjen pas nj\u0451 projekti lokal, t\u0451 nd\u0451rmarr\u0451 nga vet\u0451 K\u0451shilli Bashkiak i qytez\u0451s s\u0451 Himar\u0451s, p\u0451r t\u0451 zhvilluar turizmin n\u0451 k\u0451t\u0451 zon\u0451 me bukuri t\u0451 rralla natyrore, ku v\u00ebrtet mali p\u0451rqafon uj\u00ebrat blu dhe t\u00eb kulluara t\u00eb Jonit. \u201cProjekti yn\u0451 lokal fton investitor\u0451 vendas dhe t\u0451 huaj t\u0451 vijn\u0451 t\u0451 investojn\u0451 n\u0451 fush\u0451n e turizmit dhe at\u0451 t\u0451 infrastruktur\u0451s n\u0451 zon\u0451n e Himar\u0451s\u201d, thot\u0451 ai.<\/p>\n<p>Projekti n\u0451 fjal\u0451 synon t\u0451 zgjeroj\u0451 zon\u0451n urbane n\u0451 7 fshatrat e Himar\u0451s, t\u0451 realizoj\u0451 nj\u0451 zhvillim m\u0451 t\u0451 organizuar t\u0451 turizmit familiar dhe atij elitar. Kjo deri m\u0451 sot ka qen\u0451 e v\u0451shtir\u0451 p\u0451r shkak t\u0451 munges\u0451s s\u0451 nj\u0451 sistemi lokal t\u0451 energjis\u0451 elektrike t\u0451 integruar me rrjetin komb\u0451tar, t\u0451 kanalizim uj\u0451sjellsave, p\u0451rpunimit t\u0451 uj\u00ebrave t\u0451 zeza dhe p\u0451r shkak t\u0451 plehrave.<\/p>\n<p>\u201cTurizmi ka dy komponent\u0451 kryesor\u0451: energjin\u0451 dhe infrastruktur\u0451n. P\u0451r 20 vjet nuk \u0451sht\u0451 b\u0451r\u0451 asnj\u0451 investim n\u0451 sektorin e energjis\u0451. Operator\u0451 privat\u0451 kan\u0451 nd\u0451rtuar vet\u0451 linja t\u0451 energjis\u0451 elektrike, por energjia \u0451sht\u0451 e pamjaftueshme, vjen me tension t\u0451 ul\u0451t dhe d\u0451mton elektro- sht\u0451piaket si t\u0451 bizneseve edhe t\u00eb banor\u0451ve. Nuk ka nj\u00eb rrjet transmetimi t\u0451 energjis\u0451 elektrike, projekti p\u0451r ta nd\u0451rtuar \u0451sht\u0451, por nuk \u0451sht\u0451 zbatuar. Pa rrjet transmetimi 220 volt nuk mund t\u0451 pretendohet t\u0451 kesh turiz\u00ebm elitar apo t\u00eb vijn\u0451 investitor\u0451 t\u0451 fuqish\u0451m , vendas apo t\u0451 huaj,\u201d thot\u0451 Gjergj Goro.<\/p>\n<p><strong>Uj\u00ebrat e zeza n\u00eb gropa septike ose\u2026. n\u00eb det!<\/strong><\/p>\n<p>Turist\u0451t e huaj dhe pushuesit vendas q\u0451 mahniten me bukurit\u0451 e bregdetit t\u0451 Jonit nuk e din\u0451 q\u0451 n\u0451 k\u0451t\u0451 zon\u0451 mungon t\u0451r\u0451sisht p\u0451rpunimi i uj\u00ebrave t\u0451 zeza. Kjo n\u00eb v\u00ebshtrim t\u00eb par\u00eb t\u00eb duket e pamundur por \u00ebsht\u00eb realitet. N\u0451 rastin m\u0451 t\u0451 mir\u0451 operator\u0451t vendas p\u0451rdorin gropa septike, n\u0451 rastin m\u0451 t\u0451 keq ato derdhen n\u0451 det. Operator\u0451t turistik\u0451 q\u0451 p\u0451rdorin rrug\u0451 ekologjike p\u0451r p\u0451rpunimin e uj\u00ebrave t\u0451 zeza, n\u0451 zon\u0451n e Himar\u0451s num\u0451rohen vet\u0451m me gishtat e nj\u0451r\u0451s dor\u0451. Kryebashkiaku Goro shpreson se k\u0451saj situate do t\u2019 i vij\u0451 fundi nga interesi q\u0451 kan\u0451 shfaqur investitor\u0451t e huaj, n\u0451 radh\u0451 t\u0451 par\u0451 ata gjerman\u0451.<\/p>\n<p><strong>Mbeturinat \u2013 situat\u0451 alarmante n\u0451 rritje<\/strong><\/p>\n<p>Por nuk \u0451sht\u0451 vet\u0451m mungesa e rrjetit 220 volt\u0451sh t\u0451 shp\u0451rndarjes s\u0451 energjis\u0451 elektrike dhe e p\u0451rpunimit t\u0451 uj\u00ebrave t\u0451 zeza, problem p\u00ebr turizimin n\u00eb jugun. Ajo q\u0451 t\u0451 trondit \u0451sht\u0451 mali me shishe plastike apo gjith\u0451 llojet e mbeturinave t\u0451 hedhura buz\u0451 p\u0451rrenjsh dhe rr\u0451pirash buz\u0451 rrug\u0451s automobilistike. Nd\u0451rsa n\u0451 sh\u00ebtitoret e asfaltuara q\u0451 investitor\u0451t vendas kan\u0451 nd\u0451rtuar n\u0451 zona t\u0451 reja turistike si n\u0451 Drimades, lopa \u0451sht\u0451 nj\u0451 \u201cturiste krejt e ve\u00e7ant\u0451\u201d q\u0451 viziton pirgun e mbeturinave, q\u0451 rr\u0451shqasin nga kazan\u0451t plot e p\u0451rplot t\u0451 plehrave. Mrekullimi i turist\u0451ve nga uj\u00ebrat blu dhe t\u0451 kulluara t\u0451 Jonit ia l\u0451 vendin revolt\u0451s s\u0451 p\u0451rzier me habi p\u0451r k\u0451t\u0451 ndotje galopante t\u0451 mjedisit.<\/p>\n<p>Kryetari i Bashkis\u0451 s\u0451 Himar\u0451s shpreson tek ndryshim i situat\u0451s n\u0451 vitin 2013. \u201cDo t\u0451 shtojm\u0451 pikat e hedhjes s\u0451 plehrave nga banor\u0451t n\u0451 fshatrat e Himar\u0451s, do t\u0451 shtojm\u0451 numrin e kazan\u0451ve dhe t\u0451 automjeteve q\u0451 i mbledhin ato,\u201d thot\u0451 ai.<\/p>\n<p><strong>Dy standarte t\u0451 TASK- FORCE \u2013 ligji nuk mb\u00ebrrin n\u0451 Himar\u0451<\/strong><\/p>\n<p>N\u0451 Rivier\u0451n e Shqip\u0451ris\u0451 ndotjes alarmantet\u0451 mjedisit i shtohet nj\u0451 ndotje tjet\u0451r: ndotja akustike. Edhe pse qeveria e Tiran\u0451s n\u00eb fillim t\u00eb sezonit turistik t\u0451 ver\u0451s, q\u0451 sapo lam\u0451 pas, l\u00ebshoi nj\u0451 direktive t\u0451 posa\u00e7me p\u00ebr ndalimin e muzikes ne lokalet e qendrave turitike, pas ores 24.00, si edhe krijoi madje edhe nj\u0451 TASK FORCE p\u00ebr zbatimin e saj, kjo direktiv\u00eb nuk mb\u00ebrriti n\u0451 plazhet e Himar\u0451s.<\/p>\n<p>Ajo q\u0451 p\u0451rjetova vet\u0451 ishte nj\u0451 kakofoni me volum t\u0451 lart\u0451 t\u0451 muzik\u0451s tekno me kaba p\u0451rmetare q\u0451 fillonte n\u0451 or\u0451n 23.00 t\u0451 mbr\u0451mjes dhe p\u0451rfundonte n\u0451 or\u0451n 7.30 t\u0451 m\u0451ngjesit. Turist\u0451 t\u0451 shumt\u0451 u larguan p\u0451r t\u0451 gjetur vende m\u0451 pak t\u0451 bukura por m\u0451 t\u0451 qeta.<\/p>\n<p>Pavar\u0451sisht nj\u0451 TASK- FORCE t\u0451 ngritur nga qeveria ka probleme dhe defekte n\u0451 zbatimin e ligjit. Sipas Gjergj Goros jan\u0451 interesat e pronar\u0451ve t\u0451 klubeve t\u0451 nat\u0451s, t\u0451 diskove p\u0451rgjat\u0451 plazheve dhe t\u0451 mosfunksionimit t\u0451 struktur\u0451s s\u0451 ngritur nga qeveria.<\/p>\n<p><strong>Gjysma e got\u00ebs plot\u2026<\/strong><\/p>\n<p>Bashkia e Himar\u0451s nuk ka shifra p\u0451r numrin e turist\u0451ve q\u0451 erdh\u0451n n\u0451 plazhet e 7 fshatrave t\u0451 Himar\u0451s. Por p\u0451r kryebashkiakun Goro numri mbetet n\u0451 rastin m\u0451 t\u0451 mir\u0451 i nj\u0451jt\u0451 me nj\u0451 vit m\u0451 par\u0451. Pa sh\u0451nuar rritje. N\u00eb shtator fillon realizimi i projektit t\u0451 bashkis\u0451. Gjergj Goro hedh shikimin tek suveniri i investitor\u00ebve nga Berlini. Ai shpreson se ata do t\u0451 rivijn\u0451 n\u0451 Himar\u0451 me projekte konkrete q\u00eb bashk\u00eb me investitor\u00eb t\u00eb tjer\u00eb t\u00eb huaj t\u00eb sjellin element\u00ebt e domosdosh\u00ebm n\u00eb infrastrukture q\u00eb do ta b\u00ebjn\u00eb Himar\u00ebn v\u00ebrtet nj\u00eb zon\u00eb t\u00eb turizmit elitar.<\/p>\n","protected":false},"excerpt":{"rendered":"<p>Kompani gjermane kan\u0451 shprehur interes p\u0451r t\u0451 investuar n\u0451 fush\u0451n e turizmit n\u0451 zon\u0451n e Himar\u0451s, n\u0451 Rivier\u0451n e Shqip\u0451ris\u0451. Problematike mbetet gjendja e infrastruktur\u0451s n\u00eb k\u00ebt\u00eb zon\u00eb. Nga Ani Ruci, Deutsche Welle, 3 Shtator 2012 N\u0451 tryez\u0451n e pun\u0451s s\u0451 kryetarit t\u0451 Bashkis\u0451 s\u0451 Himar\u0451s, Gjergj Goro, \u0451sht\u0451 nj\u0451 suvenir: nj\u0451 fragment nga Muri [&hellip;]<\/p>\n","protected":false},"author":1,"featured_media":0,"comment_status":"open","ping_status":"closed","sticky":false,"template":"","format":"standard","meta":{"footnotes":""},"categories":[2],"tags":[],"class_list":{"0":"post-4787","1":"post","2":"type-post","3":"status-publish","4":"format-standard","6":"category-artikuj"},"yoast_head":"<!-- This site is optimized with the Yoast SEO plugin v27.4 - https:\/\/yoast.com\/product\/yoast-seo-wordpress\/ -->\n<title>Shpresa tek gjerman\u00ebt - FjALA e LIR\u00cb - Arkivi<\/title>\n<meta name=\"robots\" content=\"index, follow, max-snippet:-1, max-image-preview:large, max-video-preview:-1\" \/>\n<link rel=\"canonical\" href=\"https:\/\/fjala.info\/2009-2015\/shpresa-tek-gjermanet\/\" \/>\n<meta property=\"og:locale\" content=\"sq_AL\" \/>\n<meta property=\"og:type\" content=\"article\" \/>\n<meta property=\"og:title\" content=\"Shpresa tek gjerman\u00ebt - FjALA e LIR\u00cb - Arkivi\" \/>\n<meta property=\"og:description\" content=\"Kompani gjermane kan\u0451 shprehur interes p\u0451r t\u0451 investuar n\u0451 fush\u0451n e turizmit n\u0451 zon\u0451n e Himar\u0451s, n\u0451 Rivier\u0451n e Shqip\u0451ris\u0451. Problematike mbetet gjendja e infrastruktur\u0451s n\u00eb k\u00ebt\u00eb zon\u00eb. Nga Ani Ruci, Deutsche Welle, 3 Shtator 2012 N\u0451 tryez\u0451n e pun\u0451s s\u0451 kryetarit t\u0451 Bashkis\u0451 s\u0451 Himar\u0451s, Gjergj Goro, \u0451sht\u0451 nj\u0451 suvenir: nj\u0451 fragment nga Muri [&hellip;]\" \/>\n<meta property=\"og:url\" content=\"https:\/\/fjala.info\/2009-2015\/shpresa-tek-gjermanet\/\" \/>\n<meta property=\"og:site_name\" content=\"FjALA e LIR\u00cb - Arkivi\" \/>\n<meta property=\"article:published_time\" content=\"2012-09-03T16:02:34+00:00\" \/>\n<meta property=\"og:image\" content=\"http:\/\/www.fjala.info\/2012\/himara.jpg\" \/>\n<meta name=\"author\" content=\"admin\" \/>\n<meta name=\"twitter:card\" content=\"summary_large_image\" \/>\n<meta name=\"twitter:label1\" content=\"Written by\" \/>\n\t<meta name=\"twitter:data1\" content=\"admin\" \/>\n\t<meta name=\"twitter:label2\" content=\"Est. reading time\" \/>\n\t<meta name=\"twitter:data2\" content=\"6 minutes\" \/>\n<script type=\"application\/ld+json\" class=\"yoast-schema-graph\">{\"@context\":\"https:\\\/\\\/schema.org\",\"@graph\":[{\"@type\":\"Article\",\"@id\":\"https:\\\/\\\/fjala.info\\\/2009-2015\\\/shpresa-tek-gjermanet\\\/#article\",\"isPartOf\":{\"@id\":\"https:\\\/\\\/fjala.info\\\/2009-2015\\\/shpresa-tek-gjermanet\\\/\"},\"author\":{\"name\":\"admin\",\"@id\":\"https:\\\/\\\/fjala.info\\\/2009-2015\\\/#\\\/schema\\\/person\\\/3aa1163ef05469c496fc94e77611ada2\"},\"headline\":\"Shpresa tek gjerman\u00ebt\",\"datePublished\":\"2012-09-03T16:02:34+00:00\",\"mainEntityOfPage\":{\"@id\":\"https:\\\/\\\/fjala.info\\\/2009-2015\\\/shpresa-tek-gjermanet\\\/\"},\"wordCount\":1107,\"commentCount\":0,\"publisher\":{\"@id\":\"https:\\\/\\\/fjala.info\\\/2009-2015\\\/#organization\"},\"image\":{\"@id\":\"https:\\\/\\\/fjala.info\\\/2009-2015\\\/shpresa-tek-gjermanet\\\/#primaryimage\"},\"thumbnailUrl\":\"http:\\\/\\\/www.fjala.info\\\/2012\\\/himara.jpg\",\"articleSection\":[\"Artikuj\"],\"inLanguage\":\"sq-AL\",\"potentialAction\":[{\"@type\":\"CommentAction\",\"name\":\"Comment\",\"target\":[\"https:\\\/\\\/fjala.info\\\/2009-2015\\\/shpresa-tek-gjermanet\\\/#respond\"]}]},{\"@type\":\"WebPage\",\"@id\":\"https:\\\/\\\/fjala.info\\\/2009-2015\\\/shpresa-tek-gjermanet\\\/\",\"url\":\"https:\\\/\\\/fjala.info\\\/2009-2015\\\/shpresa-tek-gjermanet\\\/\",\"name\":\"Shpresa tek gjerman\u00ebt - FjALA e LIR\u00cb - Arkivi\",\"isPartOf\":{\"@id\":\"https:\\\/\\\/fjala.info\\\/2009-2015\\\/#website\"},\"primaryImageOfPage\":{\"@id\":\"https:\\\/\\\/fjala.info\\\/2009-2015\\\/shpresa-tek-gjermanet\\\/#primaryimage\"},\"image\":{\"@id\":\"https:\\\/\\\/fjala.info\\\/2009-2015\\\/shpresa-tek-gjermanet\\\/#primaryimage\"},\"thumbnailUrl\":\"http:\\\/\\\/www.fjala.info\\\/2012\\\/himara.jpg\",\"datePublished\":\"2012-09-03T16:02:34+00:00\",\"breadcrumb\":{\"@id\":\"https:\\\/\\\/fjala.info\\\/2009-2015\\\/shpresa-tek-gjermanet\\\/#breadcrumb\"},\"inLanguage\":\"sq-AL\",\"potentialAction\":[{\"@type\":\"ReadAction\",\"target\":[\"https:\\\/\\\/fjala.info\\\/2009-2015\\\/shpresa-tek-gjermanet\\\/\"]}]},{\"@type\":\"ImageObject\",\"inLanguage\":\"sq-AL\",\"@id\":\"https:\\\/\\\/fjala.info\\\/2009-2015\\\/shpresa-tek-gjermanet\\\/#primaryimage\",\"url\":\"http:\\\/\\\/www.fjala.info\\\/2012\\\/himara.jpg\",\"contentUrl\":\"http:\\\/\\\/www.fjala.info\\\/2012\\\/himara.jpg\"},{\"@type\":\"BreadcrumbList\",\"@id\":\"https:\\\/\\\/fjala.info\\\/2009-2015\\\/shpresa-tek-gjermanet\\\/#breadcrumb\",\"itemListElement\":[{\"@type\":\"ListItem\",\"position\":1,\"name\":\"Home\",\"item\":\"https:\\\/\\\/fjala.info\\\/2009-2015\\\/\"},{\"@type\":\"ListItem\",\"position\":2,\"name\":\"Shpresa tek gjerman\u00ebt\"}]},{\"@type\":\"WebSite\",\"@id\":\"https:\\\/\\\/fjala.info\\\/2009-2015\\\/#website\",\"url\":\"https:\\\/\\\/fjala.info\\\/2009-2015\\\/\",\"name\":\"FjALA e LIR\u00cb - Arkivi\",\"description\":\"Arkivi 2009-2015\",\"publisher\":{\"@id\":\"https:\\\/\\\/fjala.info\\\/2009-2015\\\/#organization\"},\"potentialAction\":[{\"@type\":\"SearchAction\",\"target\":{\"@type\":\"EntryPoint\",\"urlTemplate\":\"https:\\\/\\\/fjala.info\\\/2009-2015\\\/?s={search_term_string}\"},\"query-input\":{\"@type\":\"PropertyValueSpecification\",\"valueRequired\":true,\"valueName\":\"search_term_string\"}}],\"inLanguage\":\"sq-AL\"},{\"@type\":\"Organization\",\"@id\":\"https:\\\/\\\/fjala.info\\\/2009-2015\\\/#organization\",\"name\":\"FjALA e LIR\u00cb - Arkivi\",\"url\":\"https:\\\/\\\/fjala.info\\\/2009-2015\\\/\",\"logo\":{\"@type\":\"ImageObject\",\"inLanguage\":\"sq-AL\",\"@id\":\"https:\\\/\\\/fjala.info\\\/2009-2015\\\/#\\\/schema\\\/logo\\\/image\\\/\",\"url\":\"\",\"contentUrl\":\"\",\"caption\":\"FjALA e LIR\u00cb - Arkivi\"},\"image\":{\"@id\":\"https:\\\/\\\/fjala.info\\\/2009-2015\\\/#\\\/schema\\\/logo\\\/image\\\/\"}},{\"@type\":\"Person\",\"@id\":\"https:\\\/\\\/fjala.info\\\/2009-2015\\\/#\\\/schema\\\/person\\\/3aa1163ef05469c496fc94e77611ada2\",\"name\":\"admin\",\"image\":{\"@type\":\"ImageObject\",\"inLanguage\":\"sq-AL\",\"@id\":\"https:\\\/\\\/fjala.info\\\/2009-2015\\\/wp-content\\\/uploads\\\/2012\\\/02\\\/arben_cokaj-120x150.jpg\",\"url\":\"https:\\\/\\\/fjala.info\\\/2009-2015\\\/wp-content\\\/uploads\\\/2012\\\/02\\\/arben_cokaj-120x150.jpg\",\"contentUrl\":\"https:\\\/\\\/fjala.info\\\/2009-2015\\\/wp-content\\\/uploads\\\/2012\\\/02\\\/arben_cokaj-120x150.jpg\",\"caption\":\"admin\"},\"description\":\"Admin, Fjala e Lir\u00eb\",\"sameAs\":[\"https:\\\/\\\/fjala.info\\\/\"],\"url\":\"https:\\\/\\\/fjala.info\\\/2009-2015\\\/author\\\/admin\\\/\"}]}<\/script>\n<!-- \/ Yoast SEO plugin. -->","yoast_head_json":{"title":"Shpresa tek gjerman\u00ebt - FjALA e LIR\u00cb - Arkivi","robots":{"index":"index","follow":"follow","max-snippet":"max-snippet:-1","max-image-preview":"max-image-preview:large","max-video-preview":"max-video-preview:-1"},"canonical":"https:\/\/fjala.info\/2009-2015\/shpresa-tek-gjermanet\/","og_locale":"sq_AL","og_type":"article","og_title":"Shpresa tek gjerman\u00ebt - FjALA e LIR\u00cb - Arkivi","og_description":"Kompani gjermane kan\u0451 shprehur interes p\u0451r t\u0451 investuar n\u0451 fush\u0451n e turizmit n\u0451 zon\u0451n e Himar\u0451s, n\u0451 Rivier\u0451n e Shqip\u0451ris\u0451. Problematike mbetet gjendja e infrastruktur\u0451s n\u00eb k\u00ebt\u00eb zon\u00eb. Nga Ani Ruci, Deutsche Welle, 3 Shtator 2012 N\u0451 tryez\u0451n e pun\u0451s s\u0451 kryetarit t\u0451 Bashkis\u0451 s\u0451 Himar\u0451s, Gjergj Goro, \u0451sht\u0451 nj\u0451 suvenir: nj\u0451 fragment nga Muri [&hellip;]","og_url":"https:\/\/fjala.info\/2009-2015\/shpresa-tek-gjermanet\/","og_site_name":"FjALA e LIR\u00cb - Arkivi","article_published_time":"2012-09-03T16:02:34+00:00","og_image":[{"url":"http:\/\/www.fjala.info\/2012\/himara.jpg","type":"","width":"","height":""}],"author":"admin","twitter_card":"summary_large_image","twitter_misc":{"Written by":"admin","Est. reading time":"6 minutes"},"schema":{"@context":"https:\/\/schema.org","@graph":[{"@type":"Article","@id":"https:\/\/fjala.info\/2009-2015\/shpresa-tek-gjermanet\/#article","isPartOf":{"@id":"https:\/\/fjala.info\/2009-2015\/shpresa-tek-gjermanet\/"},"author":{"name":"admin","@id":"https:\/\/fjala.info\/2009-2015\/#\/schema\/person\/3aa1163ef05469c496fc94e77611ada2"},"headline":"Shpresa tek gjerman\u00ebt","datePublished":"2012-09-03T16:02:34+00:00","mainEntityOfPage":{"@id":"https:\/\/fjala.info\/2009-2015\/shpresa-tek-gjermanet\/"},"wordCount":1107,"commentCount":0,"publisher":{"@id":"https:\/\/fjala.info\/2009-2015\/#organization"},"image":{"@id":"https:\/\/fjala.info\/2009-2015\/shpresa-tek-gjermanet\/#primaryimage"},"thumbnailUrl":"http:\/\/www.fjala.info\/2012\/himara.jpg","articleSection":["Artikuj"],"inLanguage":"sq-AL","potentialAction":[{"@type":"CommentAction","name":"Comment","target":["https:\/\/fjala.info\/2009-2015\/shpresa-tek-gjermanet\/#respond"]}]},{"@type":"WebPage","@id":"https:\/\/fjala.info\/2009-2015\/shpresa-tek-gjermanet\/","url":"https:\/\/fjala.info\/2009-2015\/shpresa-tek-gjermanet\/","name":"Shpresa tek gjerman\u00ebt - FjALA e LIR\u00cb - Arkivi","isPartOf":{"@id":"https:\/\/fjala.info\/2009-2015\/#website"},"primaryImageOfPage":{"@id":"https:\/\/fjala.info\/2009-2015\/shpresa-tek-gjermanet\/#primaryimage"},"image":{"@id":"https:\/\/fjala.info\/2009-2015\/shpresa-tek-gjermanet\/#primaryimage"},"thumbnailUrl":"http:\/\/www.fjala.info\/2012\/himara.jpg","datePublished":"2012-09-03T16:02:34+00:00","breadcrumb":{"@id":"https:\/\/fjala.info\/2009-2015\/shpresa-tek-gjermanet\/#breadcrumb"},"inLanguage":"sq-AL","potentialAction":[{"@type":"ReadAction","target":["https:\/\/fjala.info\/2009-2015\/shpresa-tek-gjermanet\/"]}]},{"@type":"ImageObject","inLanguage":"sq-AL","@id":"https:\/\/fjala.info\/2009-2015\/shpresa-tek-gjermanet\/#primaryimage","url":"http:\/\/www.fjala.info\/2012\/himara.jpg","contentUrl":"http:\/\/www.fjala.info\/2012\/himara.jpg"},{"@type":"BreadcrumbList","@id":"https:\/\/fjala.info\/2009-2015\/shpresa-tek-gjermanet\/#breadcrumb","itemListElement":[{"@type":"ListItem","position":1,"name":"Home","item":"https:\/\/fjala.info\/2009-2015\/"},{"@type":"ListItem","position":2,"name":"Shpresa tek gjerman\u00ebt"}]},{"@type":"WebSite","@id":"https:\/\/fjala.info\/2009-2015\/#website","url":"https:\/\/fjala.info\/2009-2015\/","name":"FjALA e LIR\u00cb - Arkivi","description":"Arkivi 2009-2015","publisher":{"@id":"https:\/\/fjala.info\/2009-2015\/#organization"},"potentialAction":[{"@type":"SearchAction","target":{"@type":"EntryPoint","urlTemplate":"https:\/\/fjala.info\/2009-2015\/?s={search_term_string}"},"query-input":{"@type":"PropertyValueSpecification","valueRequired":true,"valueName":"search_term_string"}}],"inLanguage":"sq-AL"},{"@type":"Organization","@id":"https:\/\/fjala.info\/2009-2015\/#organization","name":"FjALA e LIR\u00cb - Arkivi","url":"https:\/\/fjala.info\/2009-2015\/","logo":{"@type":"ImageObject","inLanguage":"sq-AL","@id":"https:\/\/fjala.info\/2009-2015\/#\/schema\/logo\/image\/","url":"","contentUrl":"","caption":"FjALA e LIR\u00cb - Arkivi"},"image":{"@id":"https:\/\/fjala.info\/2009-2015\/#\/schema\/logo\/image\/"}},{"@type":"Person","@id":"https:\/\/fjala.info\/2009-2015\/#\/schema\/person\/3aa1163ef05469c496fc94e77611ada2","name":"admin","image":{"@type":"ImageObject","inLanguage":"sq-AL","@id":"https:\/\/fjala.info\/2009-2015\/wp-content\/uploads\/2012\/02\/arben_cokaj-120x150.jpg","url":"https:\/\/fjala.info\/2009-2015\/wp-content\/uploads\/2012\/02\/arben_cokaj-120x150.jpg","contentUrl":"https:\/\/fjala.info\/2009-2015\/wp-content\/uploads\/2012\/02\/arben_cokaj-120x150.jpg","caption":"admin"},"description":"Admin, Fjala e Lir\u00eb","sameAs":["https:\/\/fjala.info\/"],"url":"https:\/\/fjala.info\/2009-2015\/author\/admin\/"}]}},"_links":{"self":[{"href":"https:\/\/fjala.info\/2009-2015\/wp-json\/wp\/v2\/posts\/4787","targetHints":{"allow":["GET"]}}],"collection":[{"href":"https:\/\/fjala.info\/2009-2015\/wp-json\/wp\/v2\/posts"}],"about":[{"href":"https:\/\/fjala.info\/2009-2015\/wp-json\/wp\/v2\/types\/post"}],"author":[{"embeddable":true,"href":"https:\/\/fjala.info\/2009-2015\/wp-json\/wp\/v2\/users\/1"}],"replies":[{"embeddable":true,"href":"https:\/\/fjala.info\/2009-2015\/wp-json\/wp\/v2\/comments?post=4787"}],"version-history":[{"count":0,"href":"https:\/\/fjala.info\/2009-2015\/wp-json\/wp\/v2\/posts\/4787\/revisions"}],"wp:attachment":[{"href":"https:\/\/fjala.info\/2009-2015\/wp-json\/wp\/v2\/media?parent=4787"}],"wp:term":[{"taxonomy":"category","embeddable":true,"href":"https:\/\/fjala.info\/2009-2015\/wp-json\/wp\/v2\/categories?post=4787"},{"taxonomy":"post_tag","embeddable":true,"href":"https:\/\/fjala.info\/2009-2015\/wp-json\/wp\/v2\/tags?post=4787"}],"curies":[{"name":"wp","href":"https:\/\/api.w.org\/{rel}","templated":true}]}}