{"id":4775,"date":"2010-11-14T23:01:51","date_gmt":"2010-11-14T22:01:51","guid":{"rendered":"http:\/\/fjala.shkoder.net\/?p=4775"},"modified":"2010-11-14T23:01:51","modified_gmt":"2010-11-14T22:01:51","slug":"mr-20-perqindeshi-i-familjes-berisha","status":"publish","type":"post","link":"https:\/\/fjala.info\/2009-2015\/mr-20-perqindeshi-i-familjes-berisha\/","title":{"rendered":"\u201cMr. 20 p\u00ebrqind\u00ebshi\u201d i Familjes Berisha"},"content":{"rendered":"<p><img loading=\"lazy\" decoding=\"async\" src=\"http:\/\/fjala.shkoder.net\/wp-content\/uploads\/2010\/10\/mero_baze1.jpg\" alt=\"\" title=\"Mero Baze\" width=\"149\" height=\"200\" class=\"alignright size-full wp-image-4090\" \/><\/p>\n<p>Nga <strong>Mero Baze<\/strong><\/p>\n<p>Nj\u00eb vit m\u00eb par\u00eb, n\u00eb zyr\u00ebn time trokit\u00ebn dy qytetar\u00eb t\u00eb Orikumit, zonja Me\u00e7aj dhe zoti Xhuveli. Ishin p\u00ebrleshur me policin\u00eb dy dit\u00eb m\u00eb par\u00eb, pasi kishin tentuar t\u00eb ndalonin nj\u00eb kompani nd\u00ebrtimi q\u00eb do ngrinte nj\u00eb bllok pallatesh mbi nj\u00eb tok\u00eb, t\u00eb cil\u00ebn ata e konsideronin ende tok\u00eb t\u00eb ish- NB Bujq\u00ebsore, por q\u00eb sipas t\u00eb dh\u00ebnave q\u00eb kishin marr\u00eb nga Bashkia, i ishte kthyer nj\u00eb familjeje nga Dukati. Pretendimet e tyre ishin shum\u00eb njer\u00ebzore. Ata donin q\u00eb pushteti t\u00eb ishte i qart\u00eb me ta, n\u00ebse do respektonte ligjin 7501, apo do e anulonte at\u00eb dhe do t\u2019u jepte tok\u00ebn ish pronar\u00ebve.<\/p>\n<p>Konflikti kishte lindur pasi sipas tyre, kjo familje q\u00eb ishte b\u00ebr\u00eb papritur pronare, kishte vendosur n\u00eb pozita diskriminuese familjet e tjera ish- pronare nga nj\u00eb an\u00eb, t\u00eb cilat s\u2019kishin marr\u00eb pronat e tyre, dhe familjet q\u00eb ishin kompensuar me ligjin 7501, q\u00eb po ashtu ishin t\u00eb pasigurta pas k\u00ebtij veprimi. Shpjegimi i tyre ishte i sinqert\u00eb, kur m\u00eb tregonin se t\u00eb gjith\u00eb k\u00ebt\u00eb histori e ka b\u00ebr\u00eb nj\u00eb njeri i fuqish\u00ebm n\u00eb Tiran\u00eb q\u00eb \u201cpunonte\u201d sipas tyre n\u00eb Agjencin\u00eb e Kthimit t\u00eb Pronave.<\/p>\n<p>I pyeta p\u00ebr emrin e tij.<\/p>\n<p>&#8211; Ja, e kemi k\u00ebtu, than\u00eb dhe m\u00eb treguan letr\u00ebn q\u00eb kishin marr\u00eb n\u00eb Bashkin\u00eb e Orikumit, ku pjes\u00ebtar\u00eb me familjen Sinanaliaj ishte b\u00ebr\u00eb dhe Rrahman Selmanllari.<\/p>\n<p>I sigurova se ky njeri nuk punon n\u00eb Agjencin\u00eb e Kthimit t\u00eb Pronave, por duket se kjo gj\u00eb ishte aq e besueshme n\u00eb Orikum, sa ishte e kot\u00eb t\u00eb lodheshe.<\/p>\n<p>Ky njeri pra, Rrahman Selmanllari, ishte b\u00ebr\u00eb \u201cmit urban\u201d n\u00eb at\u00eb zon\u00eb, si nj\u00eb njeri q\u00eb komandon Agjencin\u00eb e Kthimit t\u00eb Pronave n\u00eb Tiran\u00eb dhe po ta b\u00ebje at\u00eb pjes\u00ebtar duke filluar nga 20 p\u00ebr qind si rasti n\u00eb fjal\u00eb, e deri n\u00eb 50 p\u00ebr qind n\u00eb disa raste t\u00eb tjera, s\u00eb bashku me nj\u00eb grup ortak\u00ebsh t\u00eb tij, mund t\u00eb merrje leht\u00eb pron\u00ebn q\u00eb t\u00eb takonte ose s\u2019t\u00eb takonte. Gazeta botoi nj\u00eb dit\u00eb m\u00eb pas dhe kontrat\u00ebn e mir\u00ebbesimit mes Selmanllarit dhe familjes s\u00eb njohur si \u201cpronare\u201d, e cila i kusht\u00ebzonte shitjen formale me 10 euro metri\/katror, n\u00eb dy faza, dhjet\u00eb p\u00ebr qind p\u00ebr njohjen dhe dhjet\u00eb p\u00ebr qind p\u00ebr kthimin. M\u00eb tej akoma Selmanllari pranoi se nuk u ka dh\u00ebn\u00eb lek\u00eb, por nj\u00eb apartament n\u00eb Tiran\u00eb, pasi k\u00ebshtu mbulohet dhe pagesa e taks\u00ebs p\u00ebr pasuri t\u00eb paluajtshme duke e kthyer n\u00eb shk\u00ebmbim mall me mall. Kjo natyrisht q\u00eb rriti zem\u00ebrimin e njer\u00ebzve n\u00eb at\u00eb zon\u00eb.<\/p>\n<p>Un\u00eb jam parimisht n\u00eb an\u00ebn e pronar\u00ebve. Fillimisht jam n\u00eb an\u00ebn e atyre fatkeq\u00ebve q\u00eb nuk kan\u00eb mundur t\u00eb marrin asnj\u00eb met\u00ebr tok\u00eb nga toka e tyre. Pastaj n\u00eb an\u00ebn e tyre gjysm\u00eb fatkeq\u00ebve q\u00eb paguajn\u00eb nga 20 p\u00ebr qind tek sekser\u00ebt e Familjes Berisha p\u00ebr t\u00eb marr\u00eb pron\u00ebn e tyre dhe ndjej dhimbje dhe zem\u00ebrim p\u00ebr ata ish- pronar\u00eb t\u00eb gjunj\u00ebzuar, q\u00eb po detyrohen t\u00eb japin dhe 50 p\u00ebr qind t\u00eb pron\u00ebs s\u00eb tyre po k\u00ebtij grupi sekser\u00ebsh, q\u00eb nga derdhja e Semanit deri n\u00eb Sarand\u00eb.<\/p>\n<p>Forca speciale t\u00eb policis\u00eb jan\u00eb angazhuar dje s\u00ebrish kund\u00ebr banor\u00ebve t\u00eb Dukatit dhe Orikumit, n\u00eb vazhdim t\u00eb k\u00ebsaj beteje q\u00eb ka nisur qysh vitin e kaluar. K\u00ebsaj radhe banor\u00ebt jan\u00eb m\u00eb t\u00eb p\u00ebrgatitur dhe m\u00eb t\u00eb qart\u00eb p\u00ebr problemin e tyre. Kuvendi i Dukatit realisht ka bashkuar njer\u00ebzit rreth problemit t\u00eb p\u00ebrbashk\u00ebt q\u00eb kan\u00eb, dhe jo rreth problemeve t\u00eb ve\u00e7anta apo partive q\u00eb kan\u00eb ata. Njer\u00ebzit jan\u00eb bashkuar rreth problemit q\u00eb pushteti i Familjes Berisha po krijon me pron\u00ebn dhe arbitraritetin q\u00eb po v\u00ebrehet si ndaj ish- pronar\u00ebve dhe ndaj atyre q\u00eb u \u00ebsht\u00eb dh\u00ebn\u00eb toka me ligjin 7501.<\/p>\n<p>I nj\u00ebjti grup q\u00eb shfaqet n\u00eb Seman, n\u00eb Nart\u00eb, n\u00eb Orikum apo diku tjet\u00ebr, \u00ebsht\u00eb shfaqur n\u00eb qytetin e Sarand\u00ebs dhe n\u00eb m\u00ebnyr\u00eb t\u00eb paprecedent, qeveria ka anuluar titujt e pron\u00ebsis\u00eb p\u00ebr rreth 800 subjekte, ku b\u00ebjn\u00eb pjes\u00eb dhe ish- pronar\u00eb t\u00eb Sarand\u00ebs t\u00eb kompensuar, apo qytetar\u00eb t\u00eb atij qyteti q\u00eb kan\u00eb marr\u00eb tok\u00ebn sipas ligjeve t\u00eb shtetit p\u00ebr t\u2019i kthyer pron\u00ebn nj\u00eb pronari n\u00eb vitin 2010, duke anuluar gjith\u00eb titujt e m\u00ebparsh\u00ebm t\u00eb pron\u00ebsis\u00eb. Ky skandal, i cili ka tronditur Sarand\u00ebn dhe ka rritur ndjesh\u00ebm tensionin n\u00eb qytet, po p\u00ebrpiqet t\u00eb mbahet i ngrir\u00eb nga Familja e kryeministrit deri sa t\u00eb kalojn\u00eb zgjedhjet lokale, pa i dh\u00ebn\u00eb asnj\u00eb zgjidhje.<\/p>\n<p>Ky n\u00eb t\u00eb v\u00ebrtet\u00eb \u00ebsht\u00eb mekanizmi q\u00eb familja ka ngritur p\u00ebr t\u00eb grabitur tokat n\u00eb Bregdet dhe p\u00ebr t\u00eb posht\u00ebruar bashk\u00eb me qytetar\u00ebt e thjesht\u00eb dhe pronar\u00ebt legjitim\u00eb, t\u00eb cil\u00ebve u b\u00ebhet ortake p\u00ebrmes sekser\u00ebve t\u00eb saj. Shkoni b\u00ebni nj\u00eb udh\u00ebtim nga Vlora n\u00eb Sarand\u00eb me njer\u00ebz q\u00eb banojn\u00eb n\u00eb ato zona dhe t\u00eb tregojn\u00eb pa t\u00eb keq kush e ka marr Nart\u00ebn, kush e ka marr\u00eb Orikumin, kush e ka marr\u00eb Gjipen\u00eb, kush e ka marr\u00eb kalan\u00eb e Borshit, kush e ka marr\u00eb Kakomen\u00eb, kush e ka marr\u00eb Sarand\u00ebn dhe kush po e merr Ksamilin.<\/p>\n<p>Mister 20 p\u00ebrqind\u00ebshi i familjes Berisha, s\u00eb bashku me grupin e ortak\u00ebve t\u00eb tij, shfaqet gjithandej dhe tashm\u00eb ka futur n\u00eb luft\u00eb qytetar\u00ebt me pushtetin. N\u00eb k\u00ebt\u00eb luft\u00eb, shteti \u00ebsht\u00eb n\u00eb an\u00ebn e njer\u00ebzve t\u00eb inkriminuar, n\u00eb an\u00ebn e zaptuesve t\u00eb tokave n\u00eb bregdet n\u00eb em\u00ebr t\u00eb Familjes Berisha. P\u00ebrball\u00eb tyre jan\u00eb qytetar\u00ebt e revoltuar nga pamund\u00ebsia q\u00eb po u krijohet p\u00ebr t\u00eb marr\u00eb t\u00eb drejt\u00ebn e tyre mbi pron\u00ebn.<\/p>\n<p>Ajo q\u00eb ndodhi dje n\u00eb Dukat, \u00ebsht\u00eb n\u00eb t\u00eb v\u00ebrtet\u00eb fundi logjik i p\u00ebrplasjes s\u00eb nj\u00eb pushteti q\u00eb \u00ebsht\u00eb marr\u00eb peng nga nj\u00eb grup mafioz i familjes n\u00eb pushtet dhe qytetar\u00ebve. Lul\u00ebzim Basha, i cili vuan nga sindromi i Konti \u00c7ianos n\u00eb at\u00eb Familje, le t\u00eb shkoj\u00eb t\u00eb p\u00ebrballet me ata qytetar\u00eb t\u00eb vjedhur, me ata pronar\u00eb t\u00eb posht\u00ebruar dhe me ato familje q\u00eb nuk mbajn\u00eb dot veten n\u00eb k\u00ebmb\u00eb nga varf\u00ebria n\u00eb t\u00eb cilin i ka katandisur, dhe pastaj t\u00eb na vij\u00eb t\u00eb raportoj\u00eb n\u00eb parlament p\u00ebr sukseset e tij si shtet i NATO. \u00cbsht\u00eb koha e duhur t\u00eb provoj\u00eb se \u00ebsht\u00eb gati \u201ct\u00eb l\u00ebr\u00eb dhe kok\u00ebn\u201d p\u00ebr Familjen.<\/p>\n","protected":false},"excerpt":{"rendered":"<p>Nga Mero Baze Nj\u00eb vit m\u00eb par\u00eb, n\u00eb zyr\u00ebn time trokit\u00ebn dy qytetar\u00eb t\u00eb Orikumit, zonja Me\u00e7aj dhe zoti Xhuveli. Ishin p\u00ebrleshur me policin\u00eb dy dit\u00eb m\u00eb par\u00eb, pasi kishin tentuar t\u00eb ndalonin nj\u00eb kompani nd\u00ebrtimi q\u00eb do ngrinte nj\u00eb bllok pallatesh mbi nj\u00eb tok\u00eb, t\u00eb cil\u00ebn ata e konsideronin ende tok\u00eb t\u00eb ish- NB [&hellip;]<\/p>\n","protected":false},"author":1,"featured_media":0,"comment_status":"open","ping_status":"closed","sticky":false,"template":"","format":"standard","meta":{"footnotes":""},"categories":[2],"tags":[],"class_list":{"0":"post-4775","1":"post","2":"type-post","3":"status-publish","4":"format-standard","6":"category-artikuj"},"yoast_head":"<!-- This site is optimized with the Yoast SEO plugin v27.4 - https:\/\/yoast.com\/product\/yoast-seo-wordpress\/ -->\n<title>\u201cMr. 20 p\u00ebrqind\u00ebshi\u201d i Familjes Berisha - FjALA e LIR\u00cb - Arkivi<\/title>\n<meta name=\"robots\" content=\"index, follow, max-snippet:-1, max-image-preview:large, max-video-preview:-1\" \/>\n<link rel=\"canonical\" href=\"https:\/\/fjala.info\/2009-2015\/mr-20-perqindeshi-i-familjes-berisha\/\" \/>\n<meta property=\"og:locale\" content=\"sq_AL\" \/>\n<meta property=\"og:type\" content=\"article\" \/>\n<meta property=\"og:title\" content=\"\u201cMr. 20 p\u00ebrqind\u00ebshi\u201d i Familjes Berisha - FjALA e LIR\u00cb - Arkivi\" \/>\n<meta property=\"og:description\" content=\"Nga Mero Baze Nj\u00eb vit m\u00eb par\u00eb, n\u00eb zyr\u00ebn time trokit\u00ebn dy qytetar\u00eb t\u00eb Orikumit, zonja Me\u00e7aj dhe zoti Xhuveli. Ishin p\u00ebrleshur me policin\u00eb dy dit\u00eb m\u00eb par\u00eb, pasi kishin tentuar t\u00eb ndalonin nj\u00eb kompani nd\u00ebrtimi q\u00eb do ngrinte nj\u00eb bllok pallatesh mbi nj\u00eb tok\u00eb, t\u00eb cil\u00ebn ata e konsideronin ende tok\u00eb t\u00eb ish- NB [&hellip;]\" \/>\n<meta property=\"og:url\" content=\"https:\/\/fjala.info\/2009-2015\/mr-20-perqindeshi-i-familjes-berisha\/\" \/>\n<meta property=\"og:site_name\" content=\"FjALA e LIR\u00cb - Arkivi\" \/>\n<meta property=\"article:published_time\" content=\"2010-11-14T22:01:51+00:00\" \/>\n<meta property=\"og:image\" content=\"http:\/\/fjala.shkoder.net\/wp-content\/uploads\/2010\/10\/mero_baze1.jpg\" \/>\n<meta name=\"author\" content=\"admin\" \/>\n<meta name=\"twitter:card\" content=\"summary_large_image\" \/>\n<meta name=\"twitter:label1\" content=\"Written by\" \/>\n\t<meta name=\"twitter:data1\" content=\"admin\" \/>\n\t<meta name=\"twitter:label2\" content=\"Est. reading time\" \/>\n\t<meta name=\"twitter:data2\" content=\"6 minutes\" \/>\n<script type=\"application\/ld+json\" class=\"yoast-schema-graph\">{\"@context\":\"https:\\\/\\\/schema.org\",\"@graph\":[{\"@type\":\"Article\",\"@id\":\"https:\\\/\\\/fjala.info\\\/2009-2015\\\/mr-20-perqindeshi-i-familjes-berisha\\\/#article\",\"isPartOf\":{\"@id\":\"https:\\\/\\\/fjala.info\\\/2009-2015\\\/mr-20-perqindeshi-i-familjes-berisha\\\/\"},\"author\":{\"name\":\"admin\",\"@id\":\"https:\\\/\\\/fjala.info\\\/2009-2015\\\/#\\\/schema\\\/person\\\/3aa1163ef05469c496fc94e77611ada2\"},\"headline\":\"\u201cMr. 20 p\u00ebrqind\u00ebshi\u201d i Familjes Berisha\",\"datePublished\":\"2010-11-14T22:01:51+00:00\",\"mainEntityOfPage\":{\"@id\":\"https:\\\/\\\/fjala.info\\\/2009-2015\\\/mr-20-perqindeshi-i-familjes-berisha\\\/\"},\"wordCount\":1120,\"commentCount\":0,\"publisher\":{\"@id\":\"https:\\\/\\\/fjala.info\\\/2009-2015\\\/#organization\"},\"image\":{\"@id\":\"https:\\\/\\\/fjala.info\\\/2009-2015\\\/mr-20-perqindeshi-i-familjes-berisha\\\/#primaryimage\"},\"thumbnailUrl\":\"http:\\\/\\\/fjala.shkoder.net\\\/wp-content\\\/uploads\\\/2010\\\/10\\\/mero_baze1.jpg\",\"articleSection\":[\"Artikuj\"],\"inLanguage\":\"sq-AL\",\"potentialAction\":[{\"@type\":\"CommentAction\",\"name\":\"Comment\",\"target\":[\"https:\\\/\\\/fjala.info\\\/2009-2015\\\/mr-20-perqindeshi-i-familjes-berisha\\\/#respond\"]}]},{\"@type\":\"WebPage\",\"@id\":\"https:\\\/\\\/fjala.info\\\/2009-2015\\\/mr-20-perqindeshi-i-familjes-berisha\\\/\",\"url\":\"https:\\\/\\\/fjala.info\\\/2009-2015\\\/mr-20-perqindeshi-i-familjes-berisha\\\/\",\"name\":\"\u201cMr. 20 p\u00ebrqind\u00ebshi\u201d i Familjes Berisha - FjALA e LIR\u00cb - Arkivi\",\"isPartOf\":{\"@id\":\"https:\\\/\\\/fjala.info\\\/2009-2015\\\/#website\"},\"primaryImageOfPage\":{\"@id\":\"https:\\\/\\\/fjala.info\\\/2009-2015\\\/mr-20-perqindeshi-i-familjes-berisha\\\/#primaryimage\"},\"image\":{\"@id\":\"https:\\\/\\\/fjala.info\\\/2009-2015\\\/mr-20-perqindeshi-i-familjes-berisha\\\/#primaryimage\"},\"thumbnailUrl\":\"http:\\\/\\\/fjala.shkoder.net\\\/wp-content\\\/uploads\\\/2010\\\/10\\\/mero_baze1.jpg\",\"datePublished\":\"2010-11-14T22:01:51+00:00\",\"breadcrumb\":{\"@id\":\"https:\\\/\\\/fjala.info\\\/2009-2015\\\/mr-20-perqindeshi-i-familjes-berisha\\\/#breadcrumb\"},\"inLanguage\":\"sq-AL\",\"potentialAction\":[{\"@type\":\"ReadAction\",\"target\":[\"https:\\\/\\\/fjala.info\\\/2009-2015\\\/mr-20-perqindeshi-i-familjes-berisha\\\/\"]}]},{\"@type\":\"ImageObject\",\"inLanguage\":\"sq-AL\",\"@id\":\"https:\\\/\\\/fjala.info\\\/2009-2015\\\/mr-20-perqindeshi-i-familjes-berisha\\\/#primaryimage\",\"url\":\"http:\\\/\\\/fjala.shkoder.net\\\/wp-content\\\/uploads\\\/2010\\\/10\\\/mero_baze1.jpg\",\"contentUrl\":\"http:\\\/\\\/fjala.shkoder.net\\\/wp-content\\\/uploads\\\/2010\\\/10\\\/mero_baze1.jpg\"},{\"@type\":\"BreadcrumbList\",\"@id\":\"https:\\\/\\\/fjala.info\\\/2009-2015\\\/mr-20-perqindeshi-i-familjes-berisha\\\/#breadcrumb\",\"itemListElement\":[{\"@type\":\"ListItem\",\"position\":1,\"name\":\"Home\",\"item\":\"https:\\\/\\\/fjala.info\\\/2009-2015\\\/\"},{\"@type\":\"ListItem\",\"position\":2,\"name\":\"\u201cMr. 20 p\u00ebrqind\u00ebshi\u201d i Familjes Berisha\"}]},{\"@type\":\"WebSite\",\"@id\":\"https:\\\/\\\/fjala.info\\\/2009-2015\\\/#website\",\"url\":\"https:\\\/\\\/fjala.info\\\/2009-2015\\\/\",\"name\":\"FjALA e LIR\u00cb - Arkivi\",\"description\":\"Arkivi 2009-2015\",\"publisher\":{\"@id\":\"https:\\\/\\\/fjala.info\\\/2009-2015\\\/#organization\"},\"potentialAction\":[{\"@type\":\"SearchAction\",\"target\":{\"@type\":\"EntryPoint\",\"urlTemplate\":\"https:\\\/\\\/fjala.info\\\/2009-2015\\\/?s={search_term_string}\"},\"query-input\":{\"@type\":\"PropertyValueSpecification\",\"valueRequired\":true,\"valueName\":\"search_term_string\"}}],\"inLanguage\":\"sq-AL\"},{\"@type\":\"Organization\",\"@id\":\"https:\\\/\\\/fjala.info\\\/2009-2015\\\/#organization\",\"name\":\"FjALA e LIR\u00cb - Arkivi\",\"url\":\"https:\\\/\\\/fjala.info\\\/2009-2015\\\/\",\"logo\":{\"@type\":\"ImageObject\",\"inLanguage\":\"sq-AL\",\"@id\":\"https:\\\/\\\/fjala.info\\\/2009-2015\\\/#\\\/schema\\\/logo\\\/image\\\/\",\"url\":\"\",\"contentUrl\":\"\",\"caption\":\"FjALA e LIR\u00cb - Arkivi\"},\"image\":{\"@id\":\"https:\\\/\\\/fjala.info\\\/2009-2015\\\/#\\\/schema\\\/logo\\\/image\\\/\"}},{\"@type\":\"Person\",\"@id\":\"https:\\\/\\\/fjala.info\\\/2009-2015\\\/#\\\/schema\\\/person\\\/3aa1163ef05469c496fc94e77611ada2\",\"name\":\"admin\",\"image\":{\"@type\":\"ImageObject\",\"inLanguage\":\"sq-AL\",\"@id\":\"https:\\\/\\\/fjala.info\\\/2009-2015\\\/wp-content\\\/uploads\\\/2012\\\/02\\\/arben_cokaj-120x150.jpg\",\"url\":\"https:\\\/\\\/fjala.info\\\/2009-2015\\\/wp-content\\\/uploads\\\/2012\\\/02\\\/arben_cokaj-120x150.jpg\",\"contentUrl\":\"https:\\\/\\\/fjala.info\\\/2009-2015\\\/wp-content\\\/uploads\\\/2012\\\/02\\\/arben_cokaj-120x150.jpg\",\"caption\":\"admin\"},\"description\":\"Admin, Fjala e Lir\u00eb\",\"sameAs\":[\"https:\\\/\\\/fjala.info\\\/\"],\"url\":\"https:\\\/\\\/fjala.info\\\/2009-2015\\\/author\\\/admin\\\/\"}]}<\/script>\n<!-- \/ Yoast SEO plugin. -->","yoast_head_json":{"title":"\u201cMr. 20 p\u00ebrqind\u00ebshi\u201d i Familjes Berisha - FjALA e LIR\u00cb - Arkivi","robots":{"index":"index","follow":"follow","max-snippet":"max-snippet:-1","max-image-preview":"max-image-preview:large","max-video-preview":"max-video-preview:-1"},"canonical":"https:\/\/fjala.info\/2009-2015\/mr-20-perqindeshi-i-familjes-berisha\/","og_locale":"sq_AL","og_type":"article","og_title":"\u201cMr. 20 p\u00ebrqind\u00ebshi\u201d i Familjes Berisha - FjALA e LIR\u00cb - Arkivi","og_description":"Nga Mero Baze Nj\u00eb vit m\u00eb par\u00eb, n\u00eb zyr\u00ebn time trokit\u00ebn dy qytetar\u00eb t\u00eb Orikumit, zonja Me\u00e7aj dhe zoti Xhuveli. Ishin p\u00ebrleshur me policin\u00eb dy dit\u00eb m\u00eb par\u00eb, pasi kishin tentuar t\u00eb ndalonin nj\u00eb kompani nd\u00ebrtimi q\u00eb do ngrinte nj\u00eb bllok pallatesh mbi nj\u00eb tok\u00eb, t\u00eb cil\u00ebn ata e konsideronin ende tok\u00eb t\u00eb ish- NB [&hellip;]","og_url":"https:\/\/fjala.info\/2009-2015\/mr-20-perqindeshi-i-familjes-berisha\/","og_site_name":"FjALA e LIR\u00cb - Arkivi","article_published_time":"2010-11-14T22:01:51+00:00","og_image":[{"url":"http:\/\/fjala.shkoder.net\/wp-content\/uploads\/2010\/10\/mero_baze1.jpg","type":"","width":"","height":""}],"author":"admin","twitter_card":"summary_large_image","twitter_misc":{"Written by":"admin","Est. reading time":"6 minutes"},"schema":{"@context":"https:\/\/schema.org","@graph":[{"@type":"Article","@id":"https:\/\/fjala.info\/2009-2015\/mr-20-perqindeshi-i-familjes-berisha\/#article","isPartOf":{"@id":"https:\/\/fjala.info\/2009-2015\/mr-20-perqindeshi-i-familjes-berisha\/"},"author":{"name":"admin","@id":"https:\/\/fjala.info\/2009-2015\/#\/schema\/person\/3aa1163ef05469c496fc94e77611ada2"},"headline":"\u201cMr. 20 p\u00ebrqind\u00ebshi\u201d i Familjes Berisha","datePublished":"2010-11-14T22:01:51+00:00","mainEntityOfPage":{"@id":"https:\/\/fjala.info\/2009-2015\/mr-20-perqindeshi-i-familjes-berisha\/"},"wordCount":1120,"commentCount":0,"publisher":{"@id":"https:\/\/fjala.info\/2009-2015\/#organization"},"image":{"@id":"https:\/\/fjala.info\/2009-2015\/mr-20-perqindeshi-i-familjes-berisha\/#primaryimage"},"thumbnailUrl":"http:\/\/fjala.shkoder.net\/wp-content\/uploads\/2010\/10\/mero_baze1.jpg","articleSection":["Artikuj"],"inLanguage":"sq-AL","potentialAction":[{"@type":"CommentAction","name":"Comment","target":["https:\/\/fjala.info\/2009-2015\/mr-20-perqindeshi-i-familjes-berisha\/#respond"]}]},{"@type":"WebPage","@id":"https:\/\/fjala.info\/2009-2015\/mr-20-perqindeshi-i-familjes-berisha\/","url":"https:\/\/fjala.info\/2009-2015\/mr-20-perqindeshi-i-familjes-berisha\/","name":"\u201cMr. 20 p\u00ebrqind\u00ebshi\u201d i Familjes Berisha - FjALA e LIR\u00cb - Arkivi","isPartOf":{"@id":"https:\/\/fjala.info\/2009-2015\/#website"},"primaryImageOfPage":{"@id":"https:\/\/fjala.info\/2009-2015\/mr-20-perqindeshi-i-familjes-berisha\/#primaryimage"},"image":{"@id":"https:\/\/fjala.info\/2009-2015\/mr-20-perqindeshi-i-familjes-berisha\/#primaryimage"},"thumbnailUrl":"http:\/\/fjala.shkoder.net\/wp-content\/uploads\/2010\/10\/mero_baze1.jpg","datePublished":"2010-11-14T22:01:51+00:00","breadcrumb":{"@id":"https:\/\/fjala.info\/2009-2015\/mr-20-perqindeshi-i-familjes-berisha\/#breadcrumb"},"inLanguage":"sq-AL","potentialAction":[{"@type":"ReadAction","target":["https:\/\/fjala.info\/2009-2015\/mr-20-perqindeshi-i-familjes-berisha\/"]}]},{"@type":"ImageObject","inLanguage":"sq-AL","@id":"https:\/\/fjala.info\/2009-2015\/mr-20-perqindeshi-i-familjes-berisha\/#primaryimage","url":"http:\/\/fjala.shkoder.net\/wp-content\/uploads\/2010\/10\/mero_baze1.jpg","contentUrl":"http:\/\/fjala.shkoder.net\/wp-content\/uploads\/2010\/10\/mero_baze1.jpg"},{"@type":"BreadcrumbList","@id":"https:\/\/fjala.info\/2009-2015\/mr-20-perqindeshi-i-familjes-berisha\/#breadcrumb","itemListElement":[{"@type":"ListItem","position":1,"name":"Home","item":"https:\/\/fjala.info\/2009-2015\/"},{"@type":"ListItem","position":2,"name":"\u201cMr. 20 p\u00ebrqind\u00ebshi\u201d i Familjes Berisha"}]},{"@type":"WebSite","@id":"https:\/\/fjala.info\/2009-2015\/#website","url":"https:\/\/fjala.info\/2009-2015\/","name":"FjALA e LIR\u00cb - Arkivi","description":"Arkivi 2009-2015","publisher":{"@id":"https:\/\/fjala.info\/2009-2015\/#organization"},"potentialAction":[{"@type":"SearchAction","target":{"@type":"EntryPoint","urlTemplate":"https:\/\/fjala.info\/2009-2015\/?s={search_term_string}"},"query-input":{"@type":"PropertyValueSpecification","valueRequired":true,"valueName":"search_term_string"}}],"inLanguage":"sq-AL"},{"@type":"Organization","@id":"https:\/\/fjala.info\/2009-2015\/#organization","name":"FjALA e LIR\u00cb - Arkivi","url":"https:\/\/fjala.info\/2009-2015\/","logo":{"@type":"ImageObject","inLanguage":"sq-AL","@id":"https:\/\/fjala.info\/2009-2015\/#\/schema\/logo\/image\/","url":"","contentUrl":"","caption":"FjALA e LIR\u00cb - Arkivi"},"image":{"@id":"https:\/\/fjala.info\/2009-2015\/#\/schema\/logo\/image\/"}},{"@type":"Person","@id":"https:\/\/fjala.info\/2009-2015\/#\/schema\/person\/3aa1163ef05469c496fc94e77611ada2","name":"admin","image":{"@type":"ImageObject","inLanguage":"sq-AL","@id":"https:\/\/fjala.info\/2009-2015\/wp-content\/uploads\/2012\/02\/arben_cokaj-120x150.jpg","url":"https:\/\/fjala.info\/2009-2015\/wp-content\/uploads\/2012\/02\/arben_cokaj-120x150.jpg","contentUrl":"https:\/\/fjala.info\/2009-2015\/wp-content\/uploads\/2012\/02\/arben_cokaj-120x150.jpg","caption":"admin"},"description":"Admin, Fjala e Lir\u00eb","sameAs":["https:\/\/fjala.info\/"],"url":"https:\/\/fjala.info\/2009-2015\/author\/admin\/"}]}},"_links":{"self":[{"href":"https:\/\/fjala.info\/2009-2015\/wp-json\/wp\/v2\/posts\/4775","targetHints":{"allow":["GET"]}}],"collection":[{"href":"https:\/\/fjala.info\/2009-2015\/wp-json\/wp\/v2\/posts"}],"about":[{"href":"https:\/\/fjala.info\/2009-2015\/wp-json\/wp\/v2\/types\/post"}],"author":[{"embeddable":true,"href":"https:\/\/fjala.info\/2009-2015\/wp-json\/wp\/v2\/users\/1"}],"replies":[{"embeddable":true,"href":"https:\/\/fjala.info\/2009-2015\/wp-json\/wp\/v2\/comments?post=4775"}],"version-history":[{"count":0,"href":"https:\/\/fjala.info\/2009-2015\/wp-json\/wp\/v2\/posts\/4775\/revisions"}],"wp:attachment":[{"href":"https:\/\/fjala.info\/2009-2015\/wp-json\/wp\/v2\/media?parent=4775"}],"wp:term":[{"taxonomy":"category","embeddable":true,"href":"https:\/\/fjala.info\/2009-2015\/wp-json\/wp\/v2\/categories?post=4775"},{"taxonomy":"post_tag","embeddable":true,"href":"https:\/\/fjala.info\/2009-2015\/wp-json\/wp\/v2\/tags?post=4775"}],"curies":[{"name":"wp","href":"https:\/\/api.w.org\/{rel}","templated":true}]}}