{"id":4769,"date":"2012-09-02T20:24:10","date_gmt":"2012-09-02T19:24:10","guid":{"rendered":"http:\/\/www.fjala.info\/?p=4769"},"modified":"2012-09-02T20:24:10","modified_gmt":"2012-09-02T19:24:10","slug":"love-duhet-lufte","status":"publish","type":"post","link":"https:\/\/fjala.info\/2009-2015\/love-duhet-lufte\/","title":{"rendered":"Love?! Duhet luft\u00eb"},"content":{"rendered":"<p><img decoding=\"async\" class=\"alignright size-thumbnail wp-image-7236\" title=\"Arben Rrozhani\" src=\"http:\/\/www.fjala.info\/2012\/arben_rrozhani.jpg\" alt=\"\" width=\"150\" \/> Analize nga <strong>ARBEN RROZHANI<\/strong><\/p>\n<p>Kolegia Alba Malltezi n\u00eb \u201cPeriferi\u201d-n\u00eb e radh\u00ebs, me titull \u201cLove\u201d thot\u00eb tro\u00e7: \u201cHapini rrug\u00ebn kriminel\u00ebve\u201d. Shkon p\u00ebrtej m\u00ebshir\u00ebs kristiane, duke u b\u00ebr\u00eb \u201cm\u00eb katolike se Papa\u201d, kur i fton t\u00eb gjith\u00eb t\u00eb mos reagojn\u00eb kur i vjedhin dhe pla\u00e7kitin,duke v\u00ebn\u00eb theksin se nuk ka m\u00eb t\u00eb r\u00ebnd\u00ebsishme se jeta.. .M\u00ebse e v\u00ebrtet\u00eb. Po aq sa do t\u00eb ishte e v\u00ebrtet\u00eb e hidhur kapitullimi, n\u00ebse gjithseicili prej nesh t\u00eb dor\u00ebzohej, t\u00eb t\u00ebrhiqej, t\u00eb mos reagonte, kur duan t\u00eb t\u00eb marrin at\u00eb q\u00eb ke ngritur me djers\u00eb dhe me mund.<\/p>\n<p>Po aq sa \u00e7\u2019\u00ebsht\u00eb e v\u00ebrtet\u00eb se krimi, nga ai m\u00eb ordineri deri te ai i sofistikuari, por b\u00ebn k\u00ebrdin\u00eb n\u00eb vend, duke u rr\u00ebmbyer shqiptar\u00ebve nga var\u00ebset dhe vath\u00ebt te pronat e tyre, nd\u00ebrsa keqb\u00ebr\u00ebsit, nga adoleshent\u00ebt deri te \u201cjakat e bardha\u201d po p\u00ebrpiqen t\u2019i zhveshin nga gjith\u00e7ka kan\u00eb v\u00ebn\u00eb me sakrificat dhe p\u00ebrkushtimin e nj\u00eb jete pun\u00eb.<\/p>\n<p>K\u00ebtu \u00ebsht\u00eb problemi: Qytetar\u00ebt, nga qendra e Tiran\u00ebs, deri n\u00eb periferin\u00eb m\u00eb t\u00eb larg\u00ebt, kan\u00eb p\u00ebrball\u00eb hajdut\u00eb t\u00eb veck\u00ebl, q\u00eb s\u2019e kan\u00eb p\u00ebr gj\u00eb t\u00eb t\u00eb vrasin p\u00ebr nj\u00eb var\u00ebse, q\u00eb jan\u00eb b\u00ebr\u00eb nj\u00ebsh me hajdut\u00eb t\u00eb gjithpushtetsh\u00ebm, t\u00eb cil\u00ebt vjedhin e vet\u00ebm vjedhin shqiptar\u00ebt e Shqip\u00ebrin\u00eb dhe ku t\u00eb dyja pal\u00ebt nuk d\u00ebnohen, sepse krimi i rrug\u00ebs ka e bler\u00eb shtetin, nd\u00ebrsa pushteti po blen gjith\u00eb Shqip\u00ebrin\u00eb.<\/p>\n<p>Ndaj un\u00eb e refuzoj k\u00ebt\u00eb dashuri ndaj kriminel\u00ebve. Propozoj luft\u00eb, dh\u00ebmb p\u00ebr dh\u00ebmb, nga ai qurrashi i pashpres\u00eb q\u00eb \u00ebsht\u00eb rritur n\u00eb mjerimin p\u00ebr t\u00eb cilin nuk ka faj as familja e tij dhe as lagjia, por sistemi kriminal i hendekut te friksh\u00ebm social q\u00eb po thellohet dit\u00eb pas dite, deri te zyrtari m\u00eb i pafytyr\u00eb, q\u00eb flet edhe nga plazhi p\u00ebr vlerat europiane apo rekordet e mrekullis\u00eb ekonomike t\u00eb Shqip\u00ebris\u00eb.<\/p>\n<p>Duhet t\u00eb kthehemi m\u00ebse 15 vite prapa edhe pse nuk duket se \u00ebsht\u00eb 97-a. Por si at\u00ebher\u00eb shteti ka r\u00ebn\u00eb, institucionet jan\u00eb shp\u00ebrb\u00ebr\u00eb nga korruptimi, polic\u00ebt e keqpaguar jan\u00eb dekurajuar p\u00ebr t\u00eb mbrojtur rendin dhe jet\u00ebt e qytetar\u00ebve. T\u2019i b\u00ebjm\u00eb barrikad\u00eb krimit t\u00eb rrug\u00ebs, duke i marr\u00eb me hu k\u00ebta kriminel\u00eb t\u00eb pashpres\u00eb, q\u00eb vrasin grat\u00eb p\u00ebr nj\u00eb var\u00ebse, q\u00eb shesin makinat e vjedhura p\u00ebr t\u2019i peshuar si skrap, q\u00eb bastisin sht\u00ebpit\u00eb e ngritura me mund dhe me djers\u00eb.<\/p>\n<p>Pastaj t\u00eb b\u00ebhemi bashk\u00eb dhe t\u00eb protestojm\u00eb atje t\u00eb ministria q\u00eb fle, t\u00eb qeveria q\u00eb b\u00ebn t\u00eb paditur\u00ebn dhe ngaz\u00ebllehet me p\u00ebrrallat q\u00eb as vet\u00eb nuk i beson. T\u2019i v\u00ebm\u00eb p\u00ebrpara. Ndryshe, po i lam\u00eb sot q\u00eb t\u00eb marrin sendet p\u00ebr t\u00eb shp\u00ebtuar jet\u00ebn p\u00ebr nes\u00ebr, do t\u00eb na ndjekin pas dhe do t\u00eb na e marrin edhe at\u00eb. At\u00ebher\u00eb do t\u00eb jet\u00eb shum\u00eb von\u00eb p\u00ebr t\u2019u penduar.<\/p>\n<p>Shkrimi u botua sot ne gazeten <em>Shqiptarja.com<\/em><br \/>\n(<em>sg\/shqiptarja.com<\/em>)<\/p>\n","protected":false},"excerpt":{"rendered":"<p>Analize nga ARBEN RROZHANI Kolegia Alba Malltezi n\u00eb \u201cPeriferi\u201d-n\u00eb e radh\u00ebs, me titull \u201cLove\u201d thot\u00eb tro\u00e7: \u201cHapini rrug\u00ebn kriminel\u00ebve\u201d. Shkon p\u00ebrtej m\u00ebshir\u00ebs kristiane, duke u b\u00ebr\u00eb \u201cm\u00eb katolike se Papa\u201d, kur i fton t\u00eb gjith\u00eb t\u00eb mos reagojn\u00eb kur i vjedhin dhe pla\u00e7kitin,duke v\u00ebn\u00eb theksin se nuk ka m\u00eb t\u00eb r\u00ebnd\u00ebsishme se jeta.. .M\u00ebse e [&hellip;]<\/p>\n","protected":false},"author":1,"featured_media":0,"comment_status":"open","ping_status":"closed","sticky":false,"template":"","format":"standard","meta":{"footnotes":""},"categories":[2],"tags":[],"class_list":{"0":"post-4769","1":"post","2":"type-post","3":"status-publish","4":"format-standard","6":"category-artikuj"},"yoast_head":"<!-- This site is optimized with the Yoast SEO plugin v27.4 - https:\/\/yoast.com\/product\/yoast-seo-wordpress\/ -->\n<title>Love?! Duhet luft\u00eb - FjALA e LIR\u00cb - Arkivi<\/title>\n<meta name=\"robots\" content=\"index, follow, max-snippet:-1, max-image-preview:large, max-video-preview:-1\" \/>\n<link rel=\"canonical\" href=\"https:\/\/fjala.info\/2009-2015\/love-duhet-lufte\/\" \/>\n<meta property=\"og:locale\" content=\"sq_AL\" \/>\n<meta property=\"og:type\" content=\"article\" \/>\n<meta property=\"og:title\" content=\"Love?! Duhet luft\u00eb - FjALA e LIR\u00cb - Arkivi\" \/>\n<meta property=\"og:description\" content=\"Analize nga ARBEN RROZHANI Kolegia Alba Malltezi n\u00eb \u201cPeriferi\u201d-n\u00eb e radh\u00ebs, me titull \u201cLove\u201d thot\u00eb tro\u00e7: \u201cHapini rrug\u00ebn kriminel\u00ebve\u201d. Shkon p\u00ebrtej m\u00ebshir\u00ebs kristiane, duke u b\u00ebr\u00eb \u201cm\u00eb katolike se Papa\u201d, kur i fton t\u00eb gjith\u00eb t\u00eb mos reagojn\u00eb kur i vjedhin dhe pla\u00e7kitin,duke v\u00ebn\u00eb theksin se nuk ka m\u00eb t\u00eb r\u00ebnd\u00ebsishme se jeta.. .M\u00ebse e [&hellip;]\" \/>\n<meta property=\"og:url\" content=\"https:\/\/fjala.info\/2009-2015\/love-duhet-lufte\/\" \/>\n<meta property=\"og:site_name\" content=\"FjALA e LIR\u00cb - Arkivi\" \/>\n<meta property=\"article:published_time\" content=\"2012-09-02T19:24:10+00:00\" \/>\n<meta property=\"og:image\" content=\"http:\/\/www.fjala.info\/2012\/arben_rrozhani.jpg\" \/>\n<meta name=\"author\" content=\"admin\" \/>\n<meta name=\"twitter:card\" content=\"summary_large_image\" \/>\n<meta name=\"twitter:label1\" content=\"Written by\" \/>\n\t<meta name=\"twitter:data1\" content=\"admin\" \/>\n\t<meta name=\"twitter:label2\" content=\"Est. reading time\" \/>\n\t<meta name=\"twitter:data2\" content=\"3 minutes\" \/>\n<script type=\"application\/ld+json\" class=\"yoast-schema-graph\">{\"@context\":\"https:\\\/\\\/schema.org\",\"@graph\":[{\"@type\":\"Article\",\"@id\":\"https:\\\/\\\/fjala.info\\\/2009-2015\\\/love-duhet-lufte\\\/#article\",\"isPartOf\":{\"@id\":\"https:\\\/\\\/fjala.info\\\/2009-2015\\\/love-duhet-lufte\\\/\"},\"author\":{\"name\":\"admin\",\"@id\":\"https:\\\/\\\/fjala.info\\\/2009-2015\\\/#\\\/schema\\\/person\\\/3aa1163ef05469c496fc94e77611ada2\"},\"headline\":\"Love?! Duhet luft\u00eb\",\"datePublished\":\"2012-09-02T19:24:10+00:00\",\"mainEntityOfPage\":{\"@id\":\"https:\\\/\\\/fjala.info\\\/2009-2015\\\/love-duhet-lufte\\\/\"},\"wordCount\":550,\"commentCount\":0,\"publisher\":{\"@id\":\"https:\\\/\\\/fjala.info\\\/2009-2015\\\/#organization\"},\"image\":{\"@id\":\"https:\\\/\\\/fjala.info\\\/2009-2015\\\/love-duhet-lufte\\\/#primaryimage\"},\"thumbnailUrl\":\"http:\\\/\\\/www.fjala.info\\\/2012\\\/arben_rrozhani.jpg\",\"articleSection\":[\"Artikuj\"],\"inLanguage\":\"sq-AL\",\"potentialAction\":[{\"@type\":\"CommentAction\",\"name\":\"Comment\",\"target\":[\"https:\\\/\\\/fjala.info\\\/2009-2015\\\/love-duhet-lufte\\\/#respond\"]}]},{\"@type\":\"WebPage\",\"@id\":\"https:\\\/\\\/fjala.info\\\/2009-2015\\\/love-duhet-lufte\\\/\",\"url\":\"https:\\\/\\\/fjala.info\\\/2009-2015\\\/love-duhet-lufte\\\/\",\"name\":\"Love?! Duhet luft\u00eb - FjALA e LIR\u00cb - Arkivi\",\"isPartOf\":{\"@id\":\"https:\\\/\\\/fjala.info\\\/2009-2015\\\/#website\"},\"primaryImageOfPage\":{\"@id\":\"https:\\\/\\\/fjala.info\\\/2009-2015\\\/love-duhet-lufte\\\/#primaryimage\"},\"image\":{\"@id\":\"https:\\\/\\\/fjala.info\\\/2009-2015\\\/love-duhet-lufte\\\/#primaryimage\"},\"thumbnailUrl\":\"http:\\\/\\\/www.fjala.info\\\/2012\\\/arben_rrozhani.jpg\",\"datePublished\":\"2012-09-02T19:24:10+00:00\",\"breadcrumb\":{\"@id\":\"https:\\\/\\\/fjala.info\\\/2009-2015\\\/love-duhet-lufte\\\/#breadcrumb\"},\"inLanguage\":\"sq-AL\",\"potentialAction\":[{\"@type\":\"ReadAction\",\"target\":[\"https:\\\/\\\/fjala.info\\\/2009-2015\\\/love-duhet-lufte\\\/\"]}]},{\"@type\":\"ImageObject\",\"inLanguage\":\"sq-AL\",\"@id\":\"https:\\\/\\\/fjala.info\\\/2009-2015\\\/love-duhet-lufte\\\/#primaryimage\",\"url\":\"http:\\\/\\\/www.fjala.info\\\/2012\\\/arben_rrozhani.jpg\",\"contentUrl\":\"http:\\\/\\\/www.fjala.info\\\/2012\\\/arben_rrozhani.jpg\"},{\"@type\":\"BreadcrumbList\",\"@id\":\"https:\\\/\\\/fjala.info\\\/2009-2015\\\/love-duhet-lufte\\\/#breadcrumb\",\"itemListElement\":[{\"@type\":\"ListItem\",\"position\":1,\"name\":\"Home\",\"item\":\"https:\\\/\\\/fjala.info\\\/2009-2015\\\/\"},{\"@type\":\"ListItem\",\"position\":2,\"name\":\"Love?! Duhet luft\u00eb\"}]},{\"@type\":\"WebSite\",\"@id\":\"https:\\\/\\\/fjala.info\\\/2009-2015\\\/#website\",\"url\":\"https:\\\/\\\/fjala.info\\\/2009-2015\\\/\",\"name\":\"FjALA e LIR\u00cb - Arkivi\",\"description\":\"Arkivi 2009-2015\",\"publisher\":{\"@id\":\"https:\\\/\\\/fjala.info\\\/2009-2015\\\/#organization\"},\"potentialAction\":[{\"@type\":\"SearchAction\",\"target\":{\"@type\":\"EntryPoint\",\"urlTemplate\":\"https:\\\/\\\/fjala.info\\\/2009-2015\\\/?s={search_term_string}\"},\"query-input\":{\"@type\":\"PropertyValueSpecification\",\"valueRequired\":true,\"valueName\":\"search_term_string\"}}],\"inLanguage\":\"sq-AL\"},{\"@type\":\"Organization\",\"@id\":\"https:\\\/\\\/fjala.info\\\/2009-2015\\\/#organization\",\"name\":\"FjALA e LIR\u00cb - Arkivi\",\"url\":\"https:\\\/\\\/fjala.info\\\/2009-2015\\\/\",\"logo\":{\"@type\":\"ImageObject\",\"inLanguage\":\"sq-AL\",\"@id\":\"https:\\\/\\\/fjala.info\\\/2009-2015\\\/#\\\/schema\\\/logo\\\/image\\\/\",\"url\":\"\",\"contentUrl\":\"\",\"caption\":\"FjALA e LIR\u00cb - Arkivi\"},\"image\":{\"@id\":\"https:\\\/\\\/fjala.info\\\/2009-2015\\\/#\\\/schema\\\/logo\\\/image\\\/\"}},{\"@type\":\"Person\",\"@id\":\"https:\\\/\\\/fjala.info\\\/2009-2015\\\/#\\\/schema\\\/person\\\/3aa1163ef05469c496fc94e77611ada2\",\"name\":\"admin\",\"image\":{\"@type\":\"ImageObject\",\"inLanguage\":\"sq-AL\",\"@id\":\"https:\\\/\\\/fjala.info\\\/2009-2015\\\/wp-content\\\/uploads\\\/2012\\\/02\\\/arben_cokaj-120x150.jpg\",\"url\":\"https:\\\/\\\/fjala.info\\\/2009-2015\\\/wp-content\\\/uploads\\\/2012\\\/02\\\/arben_cokaj-120x150.jpg\",\"contentUrl\":\"https:\\\/\\\/fjala.info\\\/2009-2015\\\/wp-content\\\/uploads\\\/2012\\\/02\\\/arben_cokaj-120x150.jpg\",\"caption\":\"admin\"},\"description\":\"Admin, Fjala e Lir\u00eb\",\"sameAs\":[\"https:\\\/\\\/fjala.info\\\/\"],\"url\":\"https:\\\/\\\/fjala.info\\\/2009-2015\\\/author\\\/admin\\\/\"}]}<\/script>\n<!-- \/ Yoast SEO plugin. -->","yoast_head_json":{"title":"Love?! Duhet luft\u00eb - FjALA e LIR\u00cb - Arkivi","robots":{"index":"index","follow":"follow","max-snippet":"max-snippet:-1","max-image-preview":"max-image-preview:large","max-video-preview":"max-video-preview:-1"},"canonical":"https:\/\/fjala.info\/2009-2015\/love-duhet-lufte\/","og_locale":"sq_AL","og_type":"article","og_title":"Love?! Duhet luft\u00eb - FjALA e LIR\u00cb - Arkivi","og_description":"Analize nga ARBEN RROZHANI Kolegia Alba Malltezi n\u00eb \u201cPeriferi\u201d-n\u00eb e radh\u00ebs, me titull \u201cLove\u201d thot\u00eb tro\u00e7: \u201cHapini rrug\u00ebn kriminel\u00ebve\u201d. Shkon p\u00ebrtej m\u00ebshir\u00ebs kristiane, duke u b\u00ebr\u00eb \u201cm\u00eb katolike se Papa\u201d, kur i fton t\u00eb gjith\u00eb t\u00eb mos reagojn\u00eb kur i vjedhin dhe pla\u00e7kitin,duke v\u00ebn\u00eb theksin se nuk ka m\u00eb t\u00eb r\u00ebnd\u00ebsishme se jeta.. .M\u00ebse e [&hellip;]","og_url":"https:\/\/fjala.info\/2009-2015\/love-duhet-lufte\/","og_site_name":"FjALA e LIR\u00cb - Arkivi","article_published_time":"2012-09-02T19:24:10+00:00","og_image":[{"url":"http:\/\/www.fjala.info\/2012\/arben_rrozhani.jpg","type":"","width":"","height":""}],"author":"admin","twitter_card":"summary_large_image","twitter_misc":{"Written by":"admin","Est. reading time":"3 minutes"},"schema":{"@context":"https:\/\/schema.org","@graph":[{"@type":"Article","@id":"https:\/\/fjala.info\/2009-2015\/love-duhet-lufte\/#article","isPartOf":{"@id":"https:\/\/fjala.info\/2009-2015\/love-duhet-lufte\/"},"author":{"name":"admin","@id":"https:\/\/fjala.info\/2009-2015\/#\/schema\/person\/3aa1163ef05469c496fc94e77611ada2"},"headline":"Love?! Duhet luft\u00eb","datePublished":"2012-09-02T19:24:10+00:00","mainEntityOfPage":{"@id":"https:\/\/fjala.info\/2009-2015\/love-duhet-lufte\/"},"wordCount":550,"commentCount":0,"publisher":{"@id":"https:\/\/fjala.info\/2009-2015\/#organization"},"image":{"@id":"https:\/\/fjala.info\/2009-2015\/love-duhet-lufte\/#primaryimage"},"thumbnailUrl":"http:\/\/www.fjala.info\/2012\/arben_rrozhani.jpg","articleSection":["Artikuj"],"inLanguage":"sq-AL","potentialAction":[{"@type":"CommentAction","name":"Comment","target":["https:\/\/fjala.info\/2009-2015\/love-duhet-lufte\/#respond"]}]},{"@type":"WebPage","@id":"https:\/\/fjala.info\/2009-2015\/love-duhet-lufte\/","url":"https:\/\/fjala.info\/2009-2015\/love-duhet-lufte\/","name":"Love?! Duhet luft\u00eb - FjALA e LIR\u00cb - Arkivi","isPartOf":{"@id":"https:\/\/fjala.info\/2009-2015\/#website"},"primaryImageOfPage":{"@id":"https:\/\/fjala.info\/2009-2015\/love-duhet-lufte\/#primaryimage"},"image":{"@id":"https:\/\/fjala.info\/2009-2015\/love-duhet-lufte\/#primaryimage"},"thumbnailUrl":"http:\/\/www.fjala.info\/2012\/arben_rrozhani.jpg","datePublished":"2012-09-02T19:24:10+00:00","breadcrumb":{"@id":"https:\/\/fjala.info\/2009-2015\/love-duhet-lufte\/#breadcrumb"},"inLanguage":"sq-AL","potentialAction":[{"@type":"ReadAction","target":["https:\/\/fjala.info\/2009-2015\/love-duhet-lufte\/"]}]},{"@type":"ImageObject","inLanguage":"sq-AL","@id":"https:\/\/fjala.info\/2009-2015\/love-duhet-lufte\/#primaryimage","url":"http:\/\/www.fjala.info\/2012\/arben_rrozhani.jpg","contentUrl":"http:\/\/www.fjala.info\/2012\/arben_rrozhani.jpg"},{"@type":"BreadcrumbList","@id":"https:\/\/fjala.info\/2009-2015\/love-duhet-lufte\/#breadcrumb","itemListElement":[{"@type":"ListItem","position":1,"name":"Home","item":"https:\/\/fjala.info\/2009-2015\/"},{"@type":"ListItem","position":2,"name":"Love?! Duhet luft\u00eb"}]},{"@type":"WebSite","@id":"https:\/\/fjala.info\/2009-2015\/#website","url":"https:\/\/fjala.info\/2009-2015\/","name":"FjALA e LIR\u00cb - Arkivi","description":"Arkivi 2009-2015","publisher":{"@id":"https:\/\/fjala.info\/2009-2015\/#organization"},"potentialAction":[{"@type":"SearchAction","target":{"@type":"EntryPoint","urlTemplate":"https:\/\/fjala.info\/2009-2015\/?s={search_term_string}"},"query-input":{"@type":"PropertyValueSpecification","valueRequired":true,"valueName":"search_term_string"}}],"inLanguage":"sq-AL"},{"@type":"Organization","@id":"https:\/\/fjala.info\/2009-2015\/#organization","name":"FjALA e LIR\u00cb - Arkivi","url":"https:\/\/fjala.info\/2009-2015\/","logo":{"@type":"ImageObject","inLanguage":"sq-AL","@id":"https:\/\/fjala.info\/2009-2015\/#\/schema\/logo\/image\/","url":"","contentUrl":"","caption":"FjALA e LIR\u00cb - Arkivi"},"image":{"@id":"https:\/\/fjala.info\/2009-2015\/#\/schema\/logo\/image\/"}},{"@type":"Person","@id":"https:\/\/fjala.info\/2009-2015\/#\/schema\/person\/3aa1163ef05469c496fc94e77611ada2","name":"admin","image":{"@type":"ImageObject","inLanguage":"sq-AL","@id":"https:\/\/fjala.info\/2009-2015\/wp-content\/uploads\/2012\/02\/arben_cokaj-120x150.jpg","url":"https:\/\/fjala.info\/2009-2015\/wp-content\/uploads\/2012\/02\/arben_cokaj-120x150.jpg","contentUrl":"https:\/\/fjala.info\/2009-2015\/wp-content\/uploads\/2012\/02\/arben_cokaj-120x150.jpg","caption":"admin"},"description":"Admin, Fjala e Lir\u00eb","sameAs":["https:\/\/fjala.info\/"],"url":"https:\/\/fjala.info\/2009-2015\/author\/admin\/"}]}},"_links":{"self":[{"href":"https:\/\/fjala.info\/2009-2015\/wp-json\/wp\/v2\/posts\/4769","targetHints":{"allow":["GET"]}}],"collection":[{"href":"https:\/\/fjala.info\/2009-2015\/wp-json\/wp\/v2\/posts"}],"about":[{"href":"https:\/\/fjala.info\/2009-2015\/wp-json\/wp\/v2\/types\/post"}],"author":[{"embeddable":true,"href":"https:\/\/fjala.info\/2009-2015\/wp-json\/wp\/v2\/users\/1"}],"replies":[{"embeddable":true,"href":"https:\/\/fjala.info\/2009-2015\/wp-json\/wp\/v2\/comments?post=4769"}],"version-history":[{"count":0,"href":"https:\/\/fjala.info\/2009-2015\/wp-json\/wp\/v2\/posts\/4769\/revisions"}],"wp:attachment":[{"href":"https:\/\/fjala.info\/2009-2015\/wp-json\/wp\/v2\/media?parent=4769"}],"wp:term":[{"taxonomy":"category","embeddable":true,"href":"https:\/\/fjala.info\/2009-2015\/wp-json\/wp\/v2\/categories?post=4769"},{"taxonomy":"post_tag","embeddable":true,"href":"https:\/\/fjala.info\/2009-2015\/wp-json\/wp\/v2\/tags?post=4769"}],"curies":[{"name":"wp","href":"https:\/\/api.w.org\/{rel}","templated":true}]}}