{"id":4767,"date":"2010-11-15T07:42:57","date_gmt":"2010-11-15T06:42:57","guid":{"rendered":"http:\/\/fjala.shkoder.net\/?p=4767"},"modified":"2010-11-15T07:42:57","modified_gmt":"2010-11-15T06:42:57","slug":"koha-per-te-reaguar","status":"publish","type":"post","link":"https:\/\/fjala.info\/2009-2015\/koha-per-te-reaguar\/","title":{"rendered":"Koha p\u00ebr t\u00eb reaguar"},"content":{"rendered":"<p>Nga <strong>Enton Palushi<\/strong><\/p>\n<p>Antoni Daniels, nj\u00eb v\u00ebzhgues anglez i zgjedhjeve t\u00eb vitit 1996 n\u00eb Shqip\u00ebri, botoi s\u00eb fundmi nj\u00eb shkrim duke rikujtuar p\u00ebrvoj\u00ebn e tij gjat\u00eb zgjedhjeve n\u00eb Shqip\u00ebri. Q\u00ebllimi i tij ishte q\u00eb t\u00eb tregonte se presioni shoq\u00ebror \u00ebsht\u00eb nj\u00eb forc\u00eb p\u00ebr mir\u00eb. Daniels kujton se po ndiqte nj\u00eb protest\u00eb t\u00eb opozit\u00ebs shqiptare kur u q\u00ebllua nga policia. M\u00eb pas e rras\u00ebn n\u00eb nj\u00eb furgon t\u00eb mbushur me njer\u00ebz dhe p\u00ebrfundoi n\u00eb qelit\u00eb e nj\u00eb komisariati. Daniels thot\u00eb se ka akoma n\u00eb kujtes\u00eb klithmat e njer\u00ebzve q\u00eb torturoheshin nga policia.<\/p>\n<p>N\u00eb qeli i kishte rastisur pran\u00eb nj\u00eb intelektual shqiptar, q\u00eb dinte mir\u00eb anglisht, me t\u00eb cilin komunikoi. \u201cI thash\u00eb atij, kujton Daniels, q\u00eb t\u2019u thoshte t\u00eb arrestuarve q\u00eb t\u00eb mos b\u00ebrtisnin kur i q\u00ebllonin, sepse kjo do i nxiste ata t\u00eb q\u00ebllonin m\u00eb shum\u00eb\u201d. Dhe teoria e Daniels funksionoi p\u00ebr shkak se t\u00eb arrestuarit nuk po ankoheshin m\u00eb. \u201cU treguan flegmatik\u00eb si ne anglez\u00ebt, q\u00eb nuk ankohemi,\u201d thot\u00eb Daniels. \u201cMegjithat\u00eb b\u00ebhet fjal\u00eb p\u00ebr anglez\u00ebt e dikursh\u00ebm, jo t\u00eb sotmit q\u00eb jan\u00eb qaraman\u00eb\u201d, p\u00ebrfundon rr\u00ebfimin Daniels.<\/p>\n<p>E gjith\u00eb kjo m\u00eb erdhi nd\u00ebrmend pasi pash\u00eb se si e kishin interpretuar deklarat\u00ebn e zotit Ngjela, mediat pran\u00eb qeveris\u00eb. Ai tha se njer\u00ebzit do t\u00eb rezistonin ndaj padrejt\u00ebsive. Sipas medieve qeveritare, kjo do t\u00eb thoshte dhun\u00eb ndaj shtetit.<\/p>\n<p>Duke u rikthyer s\u00ebrish tek puna e anglez\u00ebve qaraman\u00eb, duhet theksuar nj\u00eb tendenc\u00eb e medieve t\u00eb printuara n\u00eb Angli p\u00ebr t\u00eb nxitur shpirtin e reagimit tek njer\u00ebzit e thjesht\u00eb. \u00cbsht\u00eb brilante fabula e nj\u00eb studimi anglez p\u00ebr milingonat. Studimi gjeti se milingonat n\u00eb Angli nuk reagojn\u00eb ndaj mbret\u00ebresh\u00ebs s\u00eb tyre, jan\u00eb pun\u00ebtore t\u00eb bindura, ndryshe nga milingonat n\u00eb kontinent, si p.sh n\u00eb Franc\u00eb a n\u00eb Spanj\u00eb, q\u00eb rebelohen, q\u00eb vrasin mbret\u00ebresh\u00ebn, q\u00eb e p\u00ebrzgjedhin at\u00eb, q\u00eb kujdesen p\u00ebr mbar\u00ebvajtjen e kolonis\u00eb. \u201cMilingonat tona na kan\u00eb kopjuar, jan\u00eb b\u00ebr\u00eb apatike si ne\u201d, shkruan Daily Mail.<\/p>\n<p>Nuk e dim\u00eb se si jan\u00eb b\u00ebr\u00eb milingonat shqiptare, por dim\u00eb me siguri q\u00eb jetojm\u00eb n\u00eb nj\u00eb shoq\u00ebri apatike, q\u00eb nuk para reagon ndaj gj\u00ebrave. Kjo mazhoranc\u00eb ka kontribuar me sa mundet p\u00ebr t\u00eb krijuar k\u00ebt\u00eb klim\u00eb.<\/p>\n<p>S\u00eb pari ka humbur r\u00ebnd\u00ebsin\u00eb e vot\u00ebs p\u00ebrderisa ka b\u00ebr\u00eb koalicion me nj\u00eb armik t\u00eb p\u00ebrbetuar. Blerja e deputet\u00ebve \u00ebsht\u00eb nj\u00eb tjet\u00ebr fenomen q\u00eb i sh\u00ebrben k\u00ebsaj klime n\u00eb vend.<\/p>\n<p>S\u00eb dyti, e gjith\u00eb fryma e t\u00eb b\u00ebrit politik\u00eb t\u00eb k\u00ebsaj mazhorance mb\u00ebshtetet n\u00eb parimin se t\u00eb gjith\u00eb jan\u00eb t\u00eb korruptuar, se korrupsioni ndodhet gjithandej. \u00cbsht\u00eb e \u00e7uditshme si nuk ka mundur mrekullia ekonomike t\u00eb b\u00ebhet qend\u00ebr e propagand\u00ebs s\u00eb k\u00ebsaj qeverie.<\/p>\n<p>Ndaj, \u00e7do l\u00ebvizje si ajo e Dukatit, p\u00ebr t\u00eb k\u00ebrkuar nj\u00eb t\u00eb drejt\u00eb themelore si ajo e pron\u00ebs, \u00ebsht\u00eb n\u00eb rrug\u00ebn e duhur. P\u00ebr k\u00ebt\u00eb mediat duhet t\u00eb jet\u00eb nxit\u00ebse e ndoshta t\u00eb g\u00ebzohen, si\u00e7 g\u00ebzohen mediat n\u00eb Angli kur shohin q\u00eb student\u00ebt po protestojn\u00eb.<\/p>\n<p>\u201cDeutsche Welle\u201d boton nj\u00eb koment, q\u00eb thot\u00eb se studimet e Transparency International p\u00ebr korrupsionin n\u00eb vendet nordike, nuk jan\u00eb dhe aq t\u00eb sakta. Sipas DW, n\u00eb k\u00ebto vende t\u00eb vogla jan\u00eb shum\u00eb t\u00eb zhvilluara kontaktet personale: ish-krer\u00ebt e at\u00ebhersh\u00ebm t\u00eb politik\u00ebs dhe t\u00eb ekonomis\u00eb njiheshin prej vitesh, i jepnin nj\u00ebri-tjetrit postet m\u00eb t\u00eb r\u00ebnd\u00ebsishme, k\u00ebshtu q\u00eb kontrolli dhe mbik\u00ebqyrja u shfuqizuan vetvetiu.<\/p>\n<p>Ndaj, shkruan DW, erdhi dhe kolapsi n\u00eb Island\u00eb. Transparency International nuk i tregon t\u00eb gjitha fytyrat e korrupsionit, shkruan DW.<\/p>\n<p>Qoft\u00eb edhe p\u00ebr k\u00ebt\u00eb arsye, p\u00ebr shkak se rrezikojm\u00eb t\u00eb biem n\u00eb k\u00ebt\u00eb kurth, ku tre kryeministra t\u00eb k\u00ebtij vendi jan\u00eb n\u00eb nj\u00eb krah, ku zyrtar\u00eb e ish- zyrtar\u00eb b\u00ebjn\u00eb pazare s\u00eb bashku, ku kontaktet personale jan\u00eb kaq t\u00eb dendura, ku disa kompani t\u00eb m\u00ebdha, si ato t\u00eb telefonis\u00eb celulare, jan\u00eb t\u00eb paprekshme, rrezikojm\u00eb t\u00eb biem edhe m\u00eb keq n\u00eb apati.<\/p>\n<p>Ndaj \u00ebsht\u00eb koha p\u00ebr t\u00eb reaguar. P\u00ebr t\u00eb mos pasur as fatin e Greqis\u00eb t\u00eb korruptuar zhurmsh\u00ebm, e as fatin e Island\u00ebs, t\u00eb korruptuar \u201cpast\u00ebr\u201d e pa zhurm\u00eb.<\/p>\n","protected":false},"excerpt":{"rendered":"<p>Nga Enton Palushi Antoni Daniels, nj\u00eb v\u00ebzhgues anglez i zgjedhjeve t\u00eb vitit 1996 n\u00eb Shqip\u00ebri, botoi s\u00eb fundmi nj\u00eb shkrim duke rikujtuar p\u00ebrvoj\u00ebn e tij gjat\u00eb zgjedhjeve n\u00eb Shqip\u00ebri. Q\u00ebllimi i tij ishte q\u00eb t\u00eb tregonte se presioni shoq\u00ebror \u00ebsht\u00eb nj\u00eb forc\u00eb p\u00ebr mir\u00eb. Daniels kujton se po ndiqte nj\u00eb protest\u00eb t\u00eb opozit\u00ebs shqiptare kur [&hellip;]<\/p>\n","protected":false},"author":1,"featured_media":0,"comment_status":"open","ping_status":"closed","sticky":false,"template":"","format":"standard","meta":{"footnotes":""},"categories":[2],"tags":[],"class_list":{"0":"post-4767","1":"post","2":"type-post","3":"status-publish","4":"format-standard","6":"category-artikuj"},"yoast_head":"<!-- This site is optimized with the Yoast SEO plugin v27.4 - https:\/\/yoast.com\/product\/yoast-seo-wordpress\/ -->\n<title>Koha p\u00ebr t\u00eb reaguar - FjALA e LIR\u00cb - Arkivi<\/title>\n<meta name=\"robots\" content=\"index, follow, max-snippet:-1, max-image-preview:large, max-video-preview:-1\" \/>\n<link rel=\"canonical\" href=\"https:\/\/fjala.info\/2009-2015\/koha-per-te-reaguar\/\" \/>\n<meta property=\"og:locale\" content=\"sq_AL\" \/>\n<meta property=\"og:type\" content=\"article\" \/>\n<meta property=\"og:title\" content=\"Koha p\u00ebr t\u00eb reaguar - FjALA e LIR\u00cb - Arkivi\" \/>\n<meta property=\"og:description\" content=\"Nga Enton Palushi Antoni Daniels, nj\u00eb v\u00ebzhgues anglez i zgjedhjeve t\u00eb vitit 1996 n\u00eb Shqip\u00ebri, botoi s\u00eb fundmi nj\u00eb shkrim duke rikujtuar p\u00ebrvoj\u00ebn e tij gjat\u00eb zgjedhjeve n\u00eb Shqip\u00ebri. Q\u00ebllimi i tij ishte q\u00eb t\u00eb tregonte se presioni shoq\u00ebror \u00ebsht\u00eb nj\u00eb forc\u00eb p\u00ebr mir\u00eb. Daniels kujton se po ndiqte nj\u00eb protest\u00eb t\u00eb opozit\u00ebs shqiptare kur [&hellip;]\" \/>\n<meta property=\"og:url\" content=\"https:\/\/fjala.info\/2009-2015\/koha-per-te-reaguar\/\" \/>\n<meta property=\"og:site_name\" content=\"FjALA e LIR\u00cb - Arkivi\" \/>\n<meta property=\"article:published_time\" content=\"2010-11-15T06:42:57+00:00\" \/>\n<meta name=\"author\" content=\"admin\" \/>\n<meta name=\"twitter:card\" content=\"summary_large_image\" \/>\n<meta name=\"twitter:label1\" content=\"Written by\" \/>\n\t<meta name=\"twitter:data1\" content=\"admin\" \/>\n\t<meta name=\"twitter:label2\" content=\"Est. reading time\" \/>\n\t<meta name=\"twitter:data2\" content=\"4 minutes\" \/>\n<script type=\"application\/ld+json\" class=\"yoast-schema-graph\">{\"@context\":\"https:\\\/\\\/schema.org\",\"@graph\":[{\"@type\":\"Article\",\"@id\":\"https:\\\/\\\/fjala.info\\\/2009-2015\\\/koha-per-te-reaguar\\\/#article\",\"isPartOf\":{\"@id\":\"https:\\\/\\\/fjala.info\\\/2009-2015\\\/koha-per-te-reaguar\\\/\"},\"author\":{\"name\":\"admin\",\"@id\":\"https:\\\/\\\/fjala.info\\\/2009-2015\\\/#\\\/schema\\\/person\\\/3aa1163ef05469c496fc94e77611ada2\"},\"headline\":\"Koha p\u00ebr t\u00eb reaguar\",\"datePublished\":\"2010-11-15T06:42:57+00:00\",\"mainEntityOfPage\":{\"@id\":\"https:\\\/\\\/fjala.info\\\/2009-2015\\\/koha-per-te-reaguar\\\/\"},\"wordCount\":739,\"commentCount\":0,\"publisher\":{\"@id\":\"https:\\\/\\\/fjala.info\\\/2009-2015\\\/#organization\"},\"articleSection\":[\"Artikuj\"],\"inLanguage\":\"sq-AL\",\"potentialAction\":[{\"@type\":\"CommentAction\",\"name\":\"Comment\",\"target\":[\"https:\\\/\\\/fjala.info\\\/2009-2015\\\/koha-per-te-reaguar\\\/#respond\"]}]},{\"@type\":\"WebPage\",\"@id\":\"https:\\\/\\\/fjala.info\\\/2009-2015\\\/koha-per-te-reaguar\\\/\",\"url\":\"https:\\\/\\\/fjala.info\\\/2009-2015\\\/koha-per-te-reaguar\\\/\",\"name\":\"Koha p\u00ebr t\u00eb reaguar - FjALA e LIR\u00cb - Arkivi\",\"isPartOf\":{\"@id\":\"https:\\\/\\\/fjala.info\\\/2009-2015\\\/#website\"},\"datePublished\":\"2010-11-15T06:42:57+00:00\",\"breadcrumb\":{\"@id\":\"https:\\\/\\\/fjala.info\\\/2009-2015\\\/koha-per-te-reaguar\\\/#breadcrumb\"},\"inLanguage\":\"sq-AL\",\"potentialAction\":[{\"@type\":\"ReadAction\",\"target\":[\"https:\\\/\\\/fjala.info\\\/2009-2015\\\/koha-per-te-reaguar\\\/\"]}]},{\"@type\":\"BreadcrumbList\",\"@id\":\"https:\\\/\\\/fjala.info\\\/2009-2015\\\/koha-per-te-reaguar\\\/#breadcrumb\",\"itemListElement\":[{\"@type\":\"ListItem\",\"position\":1,\"name\":\"Home\",\"item\":\"https:\\\/\\\/fjala.info\\\/2009-2015\\\/\"},{\"@type\":\"ListItem\",\"position\":2,\"name\":\"Koha p\u00ebr t\u00eb reaguar\"}]},{\"@type\":\"WebSite\",\"@id\":\"https:\\\/\\\/fjala.info\\\/2009-2015\\\/#website\",\"url\":\"https:\\\/\\\/fjala.info\\\/2009-2015\\\/\",\"name\":\"FjALA e LIR\u00cb - Arkivi\",\"description\":\"Arkivi 2009-2015\",\"publisher\":{\"@id\":\"https:\\\/\\\/fjala.info\\\/2009-2015\\\/#organization\"},\"potentialAction\":[{\"@type\":\"SearchAction\",\"target\":{\"@type\":\"EntryPoint\",\"urlTemplate\":\"https:\\\/\\\/fjala.info\\\/2009-2015\\\/?s={search_term_string}\"},\"query-input\":{\"@type\":\"PropertyValueSpecification\",\"valueRequired\":true,\"valueName\":\"search_term_string\"}}],\"inLanguage\":\"sq-AL\"},{\"@type\":\"Organization\",\"@id\":\"https:\\\/\\\/fjala.info\\\/2009-2015\\\/#organization\",\"name\":\"FjALA e LIR\u00cb - Arkivi\",\"url\":\"https:\\\/\\\/fjala.info\\\/2009-2015\\\/\",\"logo\":{\"@type\":\"ImageObject\",\"inLanguage\":\"sq-AL\",\"@id\":\"https:\\\/\\\/fjala.info\\\/2009-2015\\\/#\\\/schema\\\/logo\\\/image\\\/\",\"url\":\"\",\"contentUrl\":\"\",\"caption\":\"FjALA e LIR\u00cb - Arkivi\"},\"image\":{\"@id\":\"https:\\\/\\\/fjala.info\\\/2009-2015\\\/#\\\/schema\\\/logo\\\/image\\\/\"}},{\"@type\":\"Person\",\"@id\":\"https:\\\/\\\/fjala.info\\\/2009-2015\\\/#\\\/schema\\\/person\\\/3aa1163ef05469c496fc94e77611ada2\",\"name\":\"admin\",\"image\":{\"@type\":\"ImageObject\",\"inLanguage\":\"sq-AL\",\"@id\":\"https:\\\/\\\/fjala.info\\\/2009-2015\\\/wp-content\\\/uploads\\\/2012\\\/02\\\/arben_cokaj-120x150.jpg\",\"url\":\"https:\\\/\\\/fjala.info\\\/2009-2015\\\/wp-content\\\/uploads\\\/2012\\\/02\\\/arben_cokaj-120x150.jpg\",\"contentUrl\":\"https:\\\/\\\/fjala.info\\\/2009-2015\\\/wp-content\\\/uploads\\\/2012\\\/02\\\/arben_cokaj-120x150.jpg\",\"caption\":\"admin\"},\"description\":\"Admin, Fjala e Lir\u00eb\",\"sameAs\":[\"https:\\\/\\\/fjala.info\\\/\"],\"url\":\"https:\\\/\\\/fjala.info\\\/2009-2015\\\/author\\\/admin\\\/\"}]}<\/script>\n<!-- \/ Yoast SEO plugin. -->","yoast_head_json":{"title":"Koha p\u00ebr t\u00eb reaguar - FjALA e LIR\u00cb - Arkivi","robots":{"index":"index","follow":"follow","max-snippet":"max-snippet:-1","max-image-preview":"max-image-preview:large","max-video-preview":"max-video-preview:-1"},"canonical":"https:\/\/fjala.info\/2009-2015\/koha-per-te-reaguar\/","og_locale":"sq_AL","og_type":"article","og_title":"Koha p\u00ebr t\u00eb reaguar - FjALA e LIR\u00cb - Arkivi","og_description":"Nga Enton Palushi Antoni Daniels, nj\u00eb v\u00ebzhgues anglez i zgjedhjeve t\u00eb vitit 1996 n\u00eb Shqip\u00ebri, botoi s\u00eb fundmi nj\u00eb shkrim duke rikujtuar p\u00ebrvoj\u00ebn e tij gjat\u00eb zgjedhjeve n\u00eb Shqip\u00ebri. Q\u00ebllimi i tij ishte q\u00eb t\u00eb tregonte se presioni shoq\u00ebror \u00ebsht\u00eb nj\u00eb forc\u00eb p\u00ebr mir\u00eb. Daniels kujton se po ndiqte nj\u00eb protest\u00eb t\u00eb opozit\u00ebs shqiptare kur [&hellip;]","og_url":"https:\/\/fjala.info\/2009-2015\/koha-per-te-reaguar\/","og_site_name":"FjALA e LIR\u00cb - Arkivi","article_published_time":"2010-11-15T06:42:57+00:00","author":"admin","twitter_card":"summary_large_image","twitter_misc":{"Written by":"admin","Est. reading time":"4 minutes"},"schema":{"@context":"https:\/\/schema.org","@graph":[{"@type":"Article","@id":"https:\/\/fjala.info\/2009-2015\/koha-per-te-reaguar\/#article","isPartOf":{"@id":"https:\/\/fjala.info\/2009-2015\/koha-per-te-reaguar\/"},"author":{"name":"admin","@id":"https:\/\/fjala.info\/2009-2015\/#\/schema\/person\/3aa1163ef05469c496fc94e77611ada2"},"headline":"Koha p\u00ebr t\u00eb reaguar","datePublished":"2010-11-15T06:42:57+00:00","mainEntityOfPage":{"@id":"https:\/\/fjala.info\/2009-2015\/koha-per-te-reaguar\/"},"wordCount":739,"commentCount":0,"publisher":{"@id":"https:\/\/fjala.info\/2009-2015\/#organization"},"articleSection":["Artikuj"],"inLanguage":"sq-AL","potentialAction":[{"@type":"CommentAction","name":"Comment","target":["https:\/\/fjala.info\/2009-2015\/koha-per-te-reaguar\/#respond"]}]},{"@type":"WebPage","@id":"https:\/\/fjala.info\/2009-2015\/koha-per-te-reaguar\/","url":"https:\/\/fjala.info\/2009-2015\/koha-per-te-reaguar\/","name":"Koha p\u00ebr t\u00eb reaguar - FjALA e LIR\u00cb - Arkivi","isPartOf":{"@id":"https:\/\/fjala.info\/2009-2015\/#website"},"datePublished":"2010-11-15T06:42:57+00:00","breadcrumb":{"@id":"https:\/\/fjala.info\/2009-2015\/koha-per-te-reaguar\/#breadcrumb"},"inLanguage":"sq-AL","potentialAction":[{"@type":"ReadAction","target":["https:\/\/fjala.info\/2009-2015\/koha-per-te-reaguar\/"]}]},{"@type":"BreadcrumbList","@id":"https:\/\/fjala.info\/2009-2015\/koha-per-te-reaguar\/#breadcrumb","itemListElement":[{"@type":"ListItem","position":1,"name":"Home","item":"https:\/\/fjala.info\/2009-2015\/"},{"@type":"ListItem","position":2,"name":"Koha p\u00ebr t\u00eb reaguar"}]},{"@type":"WebSite","@id":"https:\/\/fjala.info\/2009-2015\/#website","url":"https:\/\/fjala.info\/2009-2015\/","name":"FjALA e LIR\u00cb - Arkivi","description":"Arkivi 2009-2015","publisher":{"@id":"https:\/\/fjala.info\/2009-2015\/#organization"},"potentialAction":[{"@type":"SearchAction","target":{"@type":"EntryPoint","urlTemplate":"https:\/\/fjala.info\/2009-2015\/?s={search_term_string}"},"query-input":{"@type":"PropertyValueSpecification","valueRequired":true,"valueName":"search_term_string"}}],"inLanguage":"sq-AL"},{"@type":"Organization","@id":"https:\/\/fjala.info\/2009-2015\/#organization","name":"FjALA e LIR\u00cb - Arkivi","url":"https:\/\/fjala.info\/2009-2015\/","logo":{"@type":"ImageObject","inLanguage":"sq-AL","@id":"https:\/\/fjala.info\/2009-2015\/#\/schema\/logo\/image\/","url":"","contentUrl":"","caption":"FjALA e LIR\u00cb - Arkivi"},"image":{"@id":"https:\/\/fjala.info\/2009-2015\/#\/schema\/logo\/image\/"}},{"@type":"Person","@id":"https:\/\/fjala.info\/2009-2015\/#\/schema\/person\/3aa1163ef05469c496fc94e77611ada2","name":"admin","image":{"@type":"ImageObject","inLanguage":"sq-AL","@id":"https:\/\/fjala.info\/2009-2015\/wp-content\/uploads\/2012\/02\/arben_cokaj-120x150.jpg","url":"https:\/\/fjala.info\/2009-2015\/wp-content\/uploads\/2012\/02\/arben_cokaj-120x150.jpg","contentUrl":"https:\/\/fjala.info\/2009-2015\/wp-content\/uploads\/2012\/02\/arben_cokaj-120x150.jpg","caption":"admin"},"description":"Admin, Fjala e Lir\u00eb","sameAs":["https:\/\/fjala.info\/"],"url":"https:\/\/fjala.info\/2009-2015\/author\/admin\/"}]}},"_links":{"self":[{"href":"https:\/\/fjala.info\/2009-2015\/wp-json\/wp\/v2\/posts\/4767","targetHints":{"allow":["GET"]}}],"collection":[{"href":"https:\/\/fjala.info\/2009-2015\/wp-json\/wp\/v2\/posts"}],"about":[{"href":"https:\/\/fjala.info\/2009-2015\/wp-json\/wp\/v2\/types\/post"}],"author":[{"embeddable":true,"href":"https:\/\/fjala.info\/2009-2015\/wp-json\/wp\/v2\/users\/1"}],"replies":[{"embeddable":true,"href":"https:\/\/fjala.info\/2009-2015\/wp-json\/wp\/v2\/comments?post=4767"}],"version-history":[{"count":0,"href":"https:\/\/fjala.info\/2009-2015\/wp-json\/wp\/v2\/posts\/4767\/revisions"}],"wp:attachment":[{"href":"https:\/\/fjala.info\/2009-2015\/wp-json\/wp\/v2\/media?parent=4767"}],"wp:term":[{"taxonomy":"category","embeddable":true,"href":"https:\/\/fjala.info\/2009-2015\/wp-json\/wp\/v2\/categories?post=4767"},{"taxonomy":"post_tag","embeddable":true,"href":"https:\/\/fjala.info\/2009-2015\/wp-json\/wp\/v2\/tags?post=4767"}],"curies":[{"name":"wp","href":"https:\/\/api.w.org\/{rel}","templated":true}]}}