{"id":4765,"date":"2012-09-02T20:08:16","date_gmt":"2012-09-02T19:08:16","guid":{"rendered":"http:\/\/www.fjala.info\/?p=4765"},"modified":"2012-09-02T20:08:16","modified_gmt":"2012-09-02T19:08:16","slug":"familjaret-e-pushtetareve-ne-administraten-e-bankes-se-shqiperise","status":"publish","type":"post","link":"https:\/\/fjala.info\/2009-2015\/familjaret-e-pushtetareve-ne-administraten-e-bankes-se-shqiperise\/","title":{"rendered":"Familjar\u00ebt e pushtetar\u00ebve n\u00eb administrat\u00ebn e Bank\u00ebs s\u00eb Shqip\u00ebris\u00eb"},"content":{"rendered":"<p><img decoding=\"async\" class=\"alignright size-thumbnail wp-image-7236\" title=\"Fullani - Bode\" src=\"http:\/\/www.fjala.info\/2012\/fullani_bode.jpg\" alt=\"\" width=\"300\" \/> <strong>TemA Online<\/strong>, <em>2 Shtator 2012<\/em><\/p>\n<p><em>Departamentet ku jan\u00eb pun\u00ebsuar f\u00ebmij\u00eb, v\u00ebllez\u00ebr, motra, nip\u00ebr e mbesa politikan\u00ebsh<\/em><\/p>\n<p><strong>Familja<\/strong><\/p>\n<p>Mbesa e guvernatorit: Mbesa e vet\u00eb guvernatorit Ardian Fullani punon n\u00eb Agjencin\u00eb e Sigurimit t\u00eb Depozitave n\u00eb BSH<\/p>\n<p>Nipi i guvernatorit: Nipi i guvernatorit Ardian Fullani punon n\u00eb Departamentin e Burimeve Njer\u00ebzore n\u00eb BSH<\/p>\n<p>Mbesa e gruas: Mbesa e bashk\u00ebshortes s\u00eb guvernatorit Ardian Fullani punon n\u00eb Departamentin e Informatik\u00ebs n\u00eb BSH<\/p>\n<p>Ka nj\u00eb arsye q\u00eb i p\u00ebrligj shpenzimet e luksit n\u00eb Bank\u00ebn e Shqip\u00ebris\u00eb. Zyrat e shtrenjta, pagesat p\u00ebr ushqim e deri p\u00ebr aktivitete sportive jan\u00eb favore q\u00eb i g\u00ebzojn\u00eb nj\u00eb num\u00ebr i madh familjar\u00ebsh t\u00eb njer\u00ebzve me pushtet politik n\u00eb k\u00ebt\u00eb vend.<\/p>\n<p>Bij, bija, motra, v\u00ebllez\u00ebr, kunet\u00ebr e kunata t\u00eb pushtetar\u00ebve jan\u00eb t\u00eb pun\u00ebsuar n\u00eb administrat\u00ebn e Bank\u00ebs s\u00eb Shqip\u00ebris\u00eb, ku njer\u00ebzit paguhen dhe trajtohen si n\u00eb asnj\u00eb institucion tjet\u00ebr.<\/p>\n<p>Burime brenda Bank\u00ebs s\u00eb Shqip\u00ebris\u00eb i treguan gazet\u00ebs \u201cShqip\u201d lidhjet nepotike t\u00eb disa n\u00ebpun\u00ebsve n\u00eb departamente t\u00eb r\u00ebnd\u00ebsishme t\u00eb administrat\u00ebs s\u00eb BSH.<\/p>\n<p>Nj\u00eb nga em\u00ebrimet e fundit me lidhje n\u00eb politik\u00eb \u00ebsht\u00eb ai i vajz\u00ebs s\u00eb n\u00ebnkryetares s\u00eb PD-s\u00eb dhe Kryetares s\u00eb Kuvendit t\u00eb Shqip\u00ebris\u00eb, Jozefina Topalli, n\u00eb Departamentin e K\u00ebrkimeve. Nd\u00ebrkoh\u00eb m\u00ebsohet se vajza e Sekretarit t\u00eb P\u00ebrgjithsh\u00ebm t\u00eb PD-s\u00eb, ministrit t\u00eb Financave Ridvan Bode, punon n\u00eb Departamentin e Stabilitetit Financiar n\u00eb BSH.<\/p>\n<p>N\u00eb Departamentin e Mbik\u00ebqyrjes n\u00eb Bank\u00ebn e Shqip\u00ebris\u00eb punon djali i nj\u00eb tjet\u00ebr funksionari t\u00eb lart\u00eb t\u00eb PD-s\u00eb, ish-n\u00ebnkryetarit t\u00eb Kuvendit Fatos Beja, i cili \u00ebsht\u00eb aktualisht kryetar i Komisionit Parlament p\u00ebr Politik\u00ebn e Jashtme.<\/p>\n<p>N\u00eb BSH punon edhe djali i ish-kryetarit t\u00eb Kontrollit t\u00eb Lart\u00eb t\u00eb Shtetit, republikanit Robert \u00c7eku. Djali i \u00c7ekut m\u00ebsohet se punon n\u00eb Departamentin e Kontabilitetit.<\/p>\n<p>Edhe kryetari i PD-s\u00eb, Kryeministri i vendit, Sali Berisha, e ka nj\u00eb t\u00eb af\u00ebrm pran\u00eb guvernatorit. Kunata e tij \u00ebsht\u00eb k\u00ebshilltare e Ardian Fullanit.<\/p>\n<p>N\u00eb radh\u00ebt e n\u00ebpun\u00ebsve t\u00eb Bank\u00ebs s\u00eb Shqip\u00ebris\u00eb mund t\u00eb gjesh pastaj familjar\u00eb t\u00eb pushtetar\u00ebve t\u00eb t\u00eb gjitha niveleve. T\u00eb pakt\u00ebn tre nga z\u00ebvend\u00ebsministrat e qeveris\u00eb s\u00eb koalicionit PD-LSI, Eno Bozdo i METE-s, Ylli Manjani i MPPT dhe Alfred Rushaj i MF kan\u00eb njer\u00ebz t\u00eb pun\u00ebsuar n\u00eb BSH \u2013 dy t\u00eb par\u00ebt motrat, i treti kunat\u00ebn.<\/p>\n<p>Burimet brenda Bank\u00ebs s\u00eb Shqip\u00ebris\u00eb i than\u00eb gazet\u00ebs \u201cShqip\u201d se n\u00eb k\u00ebt\u00eb institucion jan\u00eb pun\u00ebsuar gjithashtu t\u00eb af\u00ebrm t\u00eb kryetarit t\u00eb Bashkis\u00eb Lulzim Basha, t\u00eb prefektit t\u00eb Tiran\u00ebs Kletis Kruja, t\u00eb ish-kreut t\u00eb ALUIZN-it dhe ish-deputetit demokrat Shaban Memia etj.<\/p>\n<p>Lista e n\u00ebpun\u00ebsve t\u00eb BSH-s\u00eb me lidhje n\u00eb politik\u00eb \u00ebsht\u00eb e gjat\u00eb dhe p\u00ebrfshin edhe ish-funksionar\u00eb t\u00eb s\u00eb majt\u00ebs, si Ylli Bufi, q\u00eb ka t\u00eb pun\u00ebsuar vajz\u00ebn dhe Xhoana Nano v\u00ebllain. N\u00eb BSH m\u00ebsohet se punon gjithashtu edhe nj\u00eb nga mbesat e udh\u00ebheq\u00ebsit t\u00eb fundit t\u00eb PPSH-s\u00eb, Ramiz Alia.<\/p>\n<p>Nd\u00ebrkoh\u00eb, burimet e gazet\u00ebs b\u00ebjn\u00eb t\u00eb ditur se n\u00eb poste t\u00eb rehatshme n\u00eb BSH jan\u00eb em\u00ebruar edhe persona nga rrethi familjar i vet\u00eb guvernatorit Ardian Fullani. K\u00ebshtu m\u00ebsohet se nj\u00eb nga mbesat e bashk\u00ebshortes s\u00eb guvernatorit punon n\u00eb Departamentin e Informatik\u00ebs. Nj\u00eb mbes\u00eb e vet\u00eb guvernatorit punon n\u00eb Agjencin\u00eb e Sigurimit t\u00eb Depozitave, nd\u00ebrsa nipi i tij, n\u00eb Departamentin e Burimeve Njer\u00ebzore.<\/p>\n<p>Numri i n\u00ebpun\u00ebsve t\u00eb Bank\u00ebs s\u00eb Shqip\u00ebris\u00eb me lidhje direkte apo indirekte me persona t\u00eb pushtetsh\u00ebm \u00ebsht\u00eb m\u00eb i madh, por \u00e7far\u00eb u num\u00ebruan m\u00eb sip\u00ebr jan\u00eb fakte t\u00eb njohura p\u00ebr t\u00eb gjith\u00eb n\u00eb administrat\u00ebn e fryr\u00eb e t\u00eb mir\u00ebpaguar t\u00eb k\u00ebtij institucioni q\u00eb ka p\u00ebr detyr\u00eb t\u00eb kujdeset p\u00ebr parat\u00eb e shqiptar\u00ebve.<\/p>\n<p>Gazeta nuk disponon prova dhe nuk ka pretendime se em\u00ebrimet e sip\u00ebrp\u00ebrmendura jan\u00eb b\u00ebr\u00eb n\u00eb m\u00ebnyr\u00eb t\u00eb jasht\u00ebligjshme. Por logjika e thot\u00eb q\u00eb di\u00e7ka nuk shkon, kur sheh se sa shum\u00eb njer\u00ebz t\u00eb lidhur me politik\u00ebn kan\u00eb z\u00ebn\u00eb vend n\u00eb karriget e paguara shum\u00eb shtrenjt\u00eb me para publike. Ky realitet mund t\u00eb shpjegoj\u00eb n\u00eb nj\u00ebfar\u00eb m\u00ebnyre edhe mb\u00ebshtetjen e fort\u00eb q\u00eb gjeti n\u00eb Kuvend Ardian Fullani, p\u00ebr t\u00eb marr\u00eb nj\u00eb mandat t\u00eb dyt\u00eb n\u00eb krye t\u00eb Bank\u00ebs s\u00eb Shqip\u00ebris\u00eb.<\/p>\n<p><strong>Politika<\/strong><\/p>\n<p>Vajza e Jozefina Topallit, n\u00ebnkryetares s\u00eb PD-s\u00eb dhe Kryetares s\u00eb Kuvendit, punon prej disa muajsh n\u00eb Departamentin e K\u00ebrkimeve n\u00eb BSH<\/p>\n<p>Vajza e Ridvan Bodes, ministrit t\u00eb Financave, punon n\u00eb Departamentin e Stabilitetit Financiar n\u00eb BSH<\/p>\n<p>Kunata e Sali Berish\u00ebs, Kryeministrit t\u00eb vendit, punon si k\u00ebshilltare e guvernatorit t\u00eb BSH<\/p>\n<p>Djali i Fatos Bej\u00ebs, ish-n\u00ebnkryetarit t\u00eb Kuvendit, punon n\u00eb Departamentin e Mbik\u00ebqyrjes n\u00eb BSH<\/p>\n<p>Djali i Robert \u00c7ekut, ish-kryetarit t\u00eb KLSH, punon n\u00eb Departamentin e Kontabilitetit n\u00eb BSH<\/p>\n<p>Motra e Ylli Manjanit, z\u00ebvend\u00ebsministrit t\u00eb Pun\u00ebve Publike dhe Transporteve, punon n\u00eb Departamentin Juridik<\/p>\n<p>Edhe kryetari i PD-s\u00eb, Kryeministri i vendit, Sali Berisha, e ka nj\u00eb t\u00eb af\u00ebrm pran\u00eb guvernatorit<\/p>\n<p><strong>Shpenzimet<\/strong><\/p>\n<p>T\u00eb dh\u00ebnat nga bilanci zyrtar i bank\u00ebs tregojn\u00eb se shpenzimet e personelit n\u00eb Bank\u00ebn e Shqip\u00ebris\u00eb jan\u00eb rritur me gati 40 p\u00ebr qind krahasuar me vitin 2009<\/p>\n<p><strong><em>Favoret<\/em><\/strong><\/p>\n<p><strong>\u00c7\u2019p\u00ebrfitojn\u00eb n\u00ebpun\u00ebsit e BSH-s\u00eb<\/strong><\/p>\n<p>Punonj\u00ebsit e Bank\u00ebs s\u00eb Shqip\u00ebris\u00eb, jo vet\u00ebm q\u00eb jan\u00eb m\u00eb t\u00eb mir\u00ebpaguarit n\u00eb vend, por kan\u00eb edhe benefite t\u00eb tjera. Si askush tjet\u00ebr n\u00eb k\u00ebt\u00eb vend, kush punon n\u00eb Bank\u00ebn e Shqip\u00ebris\u00eb ka t\u00eb drejt\u00ebn t\u00eb aplikoj\u00eb t\u00eb marr\u00eb kredi nga vet\u00eb banka me interes 0.5 p\u00ebr qind. Ky nivel konsiderohet m\u00eb i ul\u00ebti, madje t\u00eb pastreh\u00ebt kur marrin kredi nga shteti, paguajn\u00eb interes 3 p\u00ebr qind (kategori e caktuar). N\u00eb \u201cqeverisjen\u201d e guvernatorit Ardian Fullani, Banka e Shqip\u00ebris\u00eb ka dyfishuar stafin dhe fondet p\u00ebr shpenzime personeli jan\u00eb rritur \u00e7do vit, sikurse edhe p\u00ebr pagat, duke kap\u00ebrcyer 1 miliard lek\u00ebshin.<\/p>\n<p>K\u00ebshtu n\u00eb vitin 2009, shpenzime p\u00ebr personelin ishin 950 milion\u00eb lek\u00eb, kurse n\u00eb vitin 2012, sipas t\u00eb dh\u00ebnave zyrtare nga buxheti i miratuar i vet\u00eb bank\u00ebs, ka arritur n\u00eb 1.3 miliard\u00eb lek\u00eb, pra 400 milion\u00eb m\u00eb shum\u00eb, ose 30 p\u00ebr qind m\u00eb tep\u00ebr. N\u00eb shpenzimet p\u00ebr personelin, BSH p\u00ebrfshin edhe kompensim p\u00ebr ushqimin, si dhe financim p\u00ebr aktivitete sportive n\u00eb shifra tep\u00ebr t\u00eb larta. \/Shqip<\/p>\n","protected":false},"excerpt":{"rendered":"<p>TemA Online, 2 Shtator 2012 Departamentet ku jan\u00eb pun\u00ebsuar f\u00ebmij\u00eb, v\u00ebllez\u00ebr, motra, nip\u00ebr e mbesa politikan\u00ebsh Familja Mbesa e guvernatorit: Mbesa e vet\u00eb guvernatorit Ardian Fullani punon n\u00eb Agjencin\u00eb e Sigurimit t\u00eb Depozitave n\u00eb BSH Nipi i guvernatorit: Nipi i guvernatorit Ardian Fullani punon n\u00eb Departamentin e Burimeve Njer\u00ebzore n\u00eb BSH Mbesa e gruas: Mbesa [&hellip;]<\/p>\n","protected":false},"author":1,"featured_media":0,"comment_status":"open","ping_status":"closed","sticky":false,"template":"","format":"standard","meta":{"footnotes":""},"categories":[2],"tags":[],"class_list":{"0":"post-4765","1":"post","2":"type-post","3":"status-publish","4":"format-standard","6":"category-artikuj"},"yoast_head":"<!-- This site is optimized with the Yoast SEO plugin v27.4 - https:\/\/yoast.com\/product\/yoast-seo-wordpress\/ -->\n<title>Familjar\u00ebt e pushtetar\u00ebve n\u00eb administrat\u00ebn e Bank\u00ebs s\u00eb Shqip\u00ebris\u00eb - FjALA e LIR\u00cb - Arkivi<\/title>\n<meta name=\"robots\" content=\"index, follow, max-snippet:-1, max-image-preview:large, max-video-preview:-1\" \/>\n<link rel=\"canonical\" href=\"https:\/\/fjala.info\/2009-2015\/familjaret-e-pushtetareve-ne-administraten-e-bankes-se-shqiperise\/\" \/>\n<meta property=\"og:locale\" content=\"sq_AL\" \/>\n<meta property=\"og:type\" content=\"article\" \/>\n<meta property=\"og:title\" content=\"Familjar\u00ebt e pushtetar\u00ebve n\u00eb administrat\u00ebn e Bank\u00ebs s\u00eb Shqip\u00ebris\u00eb - FjALA e LIR\u00cb - Arkivi\" \/>\n<meta property=\"og:description\" content=\"TemA Online, 2 Shtator 2012 Departamentet ku jan\u00eb pun\u00ebsuar f\u00ebmij\u00eb, v\u00ebllez\u00ebr, motra, nip\u00ebr e mbesa politikan\u00ebsh Familja Mbesa e guvernatorit: Mbesa e vet\u00eb guvernatorit Ardian Fullani punon n\u00eb Agjencin\u00eb e Sigurimit t\u00eb Depozitave n\u00eb BSH Nipi i guvernatorit: Nipi i guvernatorit Ardian Fullani punon n\u00eb Departamentin e Burimeve Njer\u00ebzore n\u00eb BSH Mbesa e gruas: Mbesa [&hellip;]\" \/>\n<meta property=\"og:url\" content=\"https:\/\/fjala.info\/2009-2015\/familjaret-e-pushtetareve-ne-administraten-e-bankes-se-shqiperise\/\" \/>\n<meta property=\"og:site_name\" content=\"FjALA e LIR\u00cb - Arkivi\" \/>\n<meta property=\"article:published_time\" content=\"2012-09-02T19:08:16+00:00\" \/>\n<meta property=\"og:image\" content=\"http:\/\/www.fjala.info\/2012\/fullani_bode.jpg\" \/>\n<meta name=\"author\" content=\"admin\" \/>\n<meta name=\"twitter:card\" content=\"summary_large_image\" \/>\n<meta name=\"twitter:label1\" content=\"Written by\" \/>\n\t<meta name=\"twitter:data1\" content=\"admin\" \/>\n\t<meta name=\"twitter:label2\" content=\"Est. reading time\" \/>\n\t<meta name=\"twitter:data2\" content=\"6 minutes\" \/>\n<script type=\"application\/ld+json\" class=\"yoast-schema-graph\">{\"@context\":\"https:\\\/\\\/schema.org\",\"@graph\":[{\"@type\":\"Article\",\"@id\":\"https:\\\/\\\/fjala.info\\\/2009-2015\\\/familjaret-e-pushtetareve-ne-administraten-e-bankes-se-shqiperise\\\/#article\",\"isPartOf\":{\"@id\":\"https:\\\/\\\/fjala.info\\\/2009-2015\\\/familjaret-e-pushtetareve-ne-administraten-e-bankes-se-shqiperise\\\/\"},\"author\":{\"name\":\"admin\",\"@id\":\"https:\\\/\\\/fjala.info\\\/2009-2015\\\/#\\\/schema\\\/person\\\/3aa1163ef05469c496fc94e77611ada2\"},\"headline\":\"Familjar\u00ebt e pushtetar\u00ebve n\u00eb administrat\u00ebn e Bank\u00ebs s\u00eb Shqip\u00ebris\u00eb\",\"datePublished\":\"2012-09-02T19:08:16+00:00\",\"mainEntityOfPage\":{\"@id\":\"https:\\\/\\\/fjala.info\\\/2009-2015\\\/familjaret-e-pushtetareve-ne-administraten-e-bankes-se-shqiperise\\\/\"},\"wordCount\":1118,\"commentCount\":0,\"publisher\":{\"@id\":\"https:\\\/\\\/fjala.info\\\/2009-2015\\\/#organization\"},\"image\":{\"@id\":\"https:\\\/\\\/fjala.info\\\/2009-2015\\\/familjaret-e-pushtetareve-ne-administraten-e-bankes-se-shqiperise\\\/#primaryimage\"},\"thumbnailUrl\":\"http:\\\/\\\/www.fjala.info\\\/2012\\\/fullani_bode.jpg\",\"articleSection\":[\"Artikuj\"],\"inLanguage\":\"sq-AL\",\"potentialAction\":[{\"@type\":\"CommentAction\",\"name\":\"Comment\",\"target\":[\"https:\\\/\\\/fjala.info\\\/2009-2015\\\/familjaret-e-pushtetareve-ne-administraten-e-bankes-se-shqiperise\\\/#respond\"]}]},{\"@type\":\"WebPage\",\"@id\":\"https:\\\/\\\/fjala.info\\\/2009-2015\\\/familjaret-e-pushtetareve-ne-administraten-e-bankes-se-shqiperise\\\/\",\"url\":\"https:\\\/\\\/fjala.info\\\/2009-2015\\\/familjaret-e-pushtetareve-ne-administraten-e-bankes-se-shqiperise\\\/\",\"name\":\"Familjar\u00ebt e pushtetar\u00ebve n\u00eb administrat\u00ebn e Bank\u00ebs s\u00eb Shqip\u00ebris\u00eb - FjALA e LIR\u00cb - Arkivi\",\"isPartOf\":{\"@id\":\"https:\\\/\\\/fjala.info\\\/2009-2015\\\/#website\"},\"primaryImageOfPage\":{\"@id\":\"https:\\\/\\\/fjala.info\\\/2009-2015\\\/familjaret-e-pushtetareve-ne-administraten-e-bankes-se-shqiperise\\\/#primaryimage\"},\"image\":{\"@id\":\"https:\\\/\\\/fjala.info\\\/2009-2015\\\/familjaret-e-pushtetareve-ne-administraten-e-bankes-se-shqiperise\\\/#primaryimage\"},\"thumbnailUrl\":\"http:\\\/\\\/www.fjala.info\\\/2012\\\/fullani_bode.jpg\",\"datePublished\":\"2012-09-02T19:08:16+00:00\",\"breadcrumb\":{\"@id\":\"https:\\\/\\\/fjala.info\\\/2009-2015\\\/familjaret-e-pushtetareve-ne-administraten-e-bankes-se-shqiperise\\\/#breadcrumb\"},\"inLanguage\":\"sq-AL\",\"potentialAction\":[{\"@type\":\"ReadAction\",\"target\":[\"https:\\\/\\\/fjala.info\\\/2009-2015\\\/familjaret-e-pushtetareve-ne-administraten-e-bankes-se-shqiperise\\\/\"]}]},{\"@type\":\"ImageObject\",\"inLanguage\":\"sq-AL\",\"@id\":\"https:\\\/\\\/fjala.info\\\/2009-2015\\\/familjaret-e-pushtetareve-ne-administraten-e-bankes-se-shqiperise\\\/#primaryimage\",\"url\":\"http:\\\/\\\/www.fjala.info\\\/2012\\\/fullani_bode.jpg\",\"contentUrl\":\"http:\\\/\\\/www.fjala.info\\\/2012\\\/fullani_bode.jpg\"},{\"@type\":\"BreadcrumbList\",\"@id\":\"https:\\\/\\\/fjala.info\\\/2009-2015\\\/familjaret-e-pushtetareve-ne-administraten-e-bankes-se-shqiperise\\\/#breadcrumb\",\"itemListElement\":[{\"@type\":\"ListItem\",\"position\":1,\"name\":\"Home\",\"item\":\"https:\\\/\\\/fjala.info\\\/2009-2015\\\/\"},{\"@type\":\"ListItem\",\"position\":2,\"name\":\"Familjar\u00ebt e pushtetar\u00ebve n\u00eb administrat\u00ebn e Bank\u00ebs s\u00eb Shqip\u00ebris\u00eb\"}]},{\"@type\":\"WebSite\",\"@id\":\"https:\\\/\\\/fjala.info\\\/2009-2015\\\/#website\",\"url\":\"https:\\\/\\\/fjala.info\\\/2009-2015\\\/\",\"name\":\"FjALA e LIR\u00cb - Arkivi\",\"description\":\"Arkivi 2009-2015\",\"publisher\":{\"@id\":\"https:\\\/\\\/fjala.info\\\/2009-2015\\\/#organization\"},\"potentialAction\":[{\"@type\":\"SearchAction\",\"target\":{\"@type\":\"EntryPoint\",\"urlTemplate\":\"https:\\\/\\\/fjala.info\\\/2009-2015\\\/?s={search_term_string}\"},\"query-input\":{\"@type\":\"PropertyValueSpecification\",\"valueRequired\":true,\"valueName\":\"search_term_string\"}}],\"inLanguage\":\"sq-AL\"},{\"@type\":\"Organization\",\"@id\":\"https:\\\/\\\/fjala.info\\\/2009-2015\\\/#organization\",\"name\":\"FjALA e LIR\u00cb - Arkivi\",\"url\":\"https:\\\/\\\/fjala.info\\\/2009-2015\\\/\",\"logo\":{\"@type\":\"ImageObject\",\"inLanguage\":\"sq-AL\",\"@id\":\"https:\\\/\\\/fjala.info\\\/2009-2015\\\/#\\\/schema\\\/logo\\\/image\\\/\",\"url\":\"\",\"contentUrl\":\"\",\"caption\":\"FjALA e LIR\u00cb - Arkivi\"},\"image\":{\"@id\":\"https:\\\/\\\/fjala.info\\\/2009-2015\\\/#\\\/schema\\\/logo\\\/image\\\/\"}},{\"@type\":\"Person\",\"@id\":\"https:\\\/\\\/fjala.info\\\/2009-2015\\\/#\\\/schema\\\/person\\\/3aa1163ef05469c496fc94e77611ada2\",\"name\":\"admin\",\"image\":{\"@type\":\"ImageObject\",\"inLanguage\":\"sq-AL\",\"@id\":\"https:\\\/\\\/fjala.info\\\/2009-2015\\\/wp-content\\\/uploads\\\/2012\\\/02\\\/arben_cokaj-120x150.jpg\",\"url\":\"https:\\\/\\\/fjala.info\\\/2009-2015\\\/wp-content\\\/uploads\\\/2012\\\/02\\\/arben_cokaj-120x150.jpg\",\"contentUrl\":\"https:\\\/\\\/fjala.info\\\/2009-2015\\\/wp-content\\\/uploads\\\/2012\\\/02\\\/arben_cokaj-120x150.jpg\",\"caption\":\"admin\"},\"description\":\"Admin, Fjala e Lir\u00eb\",\"sameAs\":[\"https:\\\/\\\/fjala.info\\\/\"],\"url\":\"https:\\\/\\\/fjala.info\\\/2009-2015\\\/author\\\/admin\\\/\"}]}<\/script>\n<!-- \/ Yoast SEO plugin. -->","yoast_head_json":{"title":"Familjar\u00ebt e pushtetar\u00ebve n\u00eb administrat\u00ebn e Bank\u00ebs s\u00eb Shqip\u00ebris\u00eb - FjALA e LIR\u00cb - Arkivi","robots":{"index":"index","follow":"follow","max-snippet":"max-snippet:-1","max-image-preview":"max-image-preview:large","max-video-preview":"max-video-preview:-1"},"canonical":"https:\/\/fjala.info\/2009-2015\/familjaret-e-pushtetareve-ne-administraten-e-bankes-se-shqiperise\/","og_locale":"sq_AL","og_type":"article","og_title":"Familjar\u00ebt e pushtetar\u00ebve n\u00eb administrat\u00ebn e Bank\u00ebs s\u00eb Shqip\u00ebris\u00eb - FjALA e LIR\u00cb - Arkivi","og_description":"TemA Online, 2 Shtator 2012 Departamentet ku jan\u00eb pun\u00ebsuar f\u00ebmij\u00eb, v\u00ebllez\u00ebr, motra, nip\u00ebr e mbesa politikan\u00ebsh Familja Mbesa e guvernatorit: Mbesa e vet\u00eb guvernatorit Ardian Fullani punon n\u00eb Agjencin\u00eb e Sigurimit t\u00eb Depozitave n\u00eb BSH Nipi i guvernatorit: Nipi i guvernatorit Ardian Fullani punon n\u00eb Departamentin e Burimeve Njer\u00ebzore n\u00eb BSH Mbesa e gruas: Mbesa [&hellip;]","og_url":"https:\/\/fjala.info\/2009-2015\/familjaret-e-pushtetareve-ne-administraten-e-bankes-se-shqiperise\/","og_site_name":"FjALA e LIR\u00cb - Arkivi","article_published_time":"2012-09-02T19:08:16+00:00","og_image":[{"url":"http:\/\/www.fjala.info\/2012\/fullani_bode.jpg","type":"","width":"","height":""}],"author":"admin","twitter_card":"summary_large_image","twitter_misc":{"Written by":"admin","Est. reading time":"6 minutes"},"schema":{"@context":"https:\/\/schema.org","@graph":[{"@type":"Article","@id":"https:\/\/fjala.info\/2009-2015\/familjaret-e-pushtetareve-ne-administraten-e-bankes-se-shqiperise\/#article","isPartOf":{"@id":"https:\/\/fjala.info\/2009-2015\/familjaret-e-pushtetareve-ne-administraten-e-bankes-se-shqiperise\/"},"author":{"name":"admin","@id":"https:\/\/fjala.info\/2009-2015\/#\/schema\/person\/3aa1163ef05469c496fc94e77611ada2"},"headline":"Familjar\u00ebt e pushtetar\u00ebve n\u00eb administrat\u00ebn e Bank\u00ebs s\u00eb Shqip\u00ebris\u00eb","datePublished":"2012-09-02T19:08:16+00:00","mainEntityOfPage":{"@id":"https:\/\/fjala.info\/2009-2015\/familjaret-e-pushtetareve-ne-administraten-e-bankes-se-shqiperise\/"},"wordCount":1118,"commentCount":0,"publisher":{"@id":"https:\/\/fjala.info\/2009-2015\/#organization"},"image":{"@id":"https:\/\/fjala.info\/2009-2015\/familjaret-e-pushtetareve-ne-administraten-e-bankes-se-shqiperise\/#primaryimage"},"thumbnailUrl":"http:\/\/www.fjala.info\/2012\/fullani_bode.jpg","articleSection":["Artikuj"],"inLanguage":"sq-AL","potentialAction":[{"@type":"CommentAction","name":"Comment","target":["https:\/\/fjala.info\/2009-2015\/familjaret-e-pushtetareve-ne-administraten-e-bankes-se-shqiperise\/#respond"]}]},{"@type":"WebPage","@id":"https:\/\/fjala.info\/2009-2015\/familjaret-e-pushtetareve-ne-administraten-e-bankes-se-shqiperise\/","url":"https:\/\/fjala.info\/2009-2015\/familjaret-e-pushtetareve-ne-administraten-e-bankes-se-shqiperise\/","name":"Familjar\u00ebt e pushtetar\u00ebve n\u00eb administrat\u00ebn e Bank\u00ebs s\u00eb Shqip\u00ebris\u00eb - FjALA e LIR\u00cb - Arkivi","isPartOf":{"@id":"https:\/\/fjala.info\/2009-2015\/#website"},"primaryImageOfPage":{"@id":"https:\/\/fjala.info\/2009-2015\/familjaret-e-pushtetareve-ne-administraten-e-bankes-se-shqiperise\/#primaryimage"},"image":{"@id":"https:\/\/fjala.info\/2009-2015\/familjaret-e-pushtetareve-ne-administraten-e-bankes-se-shqiperise\/#primaryimage"},"thumbnailUrl":"http:\/\/www.fjala.info\/2012\/fullani_bode.jpg","datePublished":"2012-09-02T19:08:16+00:00","breadcrumb":{"@id":"https:\/\/fjala.info\/2009-2015\/familjaret-e-pushtetareve-ne-administraten-e-bankes-se-shqiperise\/#breadcrumb"},"inLanguage":"sq-AL","potentialAction":[{"@type":"ReadAction","target":["https:\/\/fjala.info\/2009-2015\/familjaret-e-pushtetareve-ne-administraten-e-bankes-se-shqiperise\/"]}]},{"@type":"ImageObject","inLanguage":"sq-AL","@id":"https:\/\/fjala.info\/2009-2015\/familjaret-e-pushtetareve-ne-administraten-e-bankes-se-shqiperise\/#primaryimage","url":"http:\/\/www.fjala.info\/2012\/fullani_bode.jpg","contentUrl":"http:\/\/www.fjala.info\/2012\/fullani_bode.jpg"},{"@type":"BreadcrumbList","@id":"https:\/\/fjala.info\/2009-2015\/familjaret-e-pushtetareve-ne-administraten-e-bankes-se-shqiperise\/#breadcrumb","itemListElement":[{"@type":"ListItem","position":1,"name":"Home","item":"https:\/\/fjala.info\/2009-2015\/"},{"@type":"ListItem","position":2,"name":"Familjar\u00ebt e pushtetar\u00ebve n\u00eb administrat\u00ebn e Bank\u00ebs s\u00eb Shqip\u00ebris\u00eb"}]},{"@type":"WebSite","@id":"https:\/\/fjala.info\/2009-2015\/#website","url":"https:\/\/fjala.info\/2009-2015\/","name":"FjALA e LIR\u00cb - Arkivi","description":"Arkivi 2009-2015","publisher":{"@id":"https:\/\/fjala.info\/2009-2015\/#organization"},"potentialAction":[{"@type":"SearchAction","target":{"@type":"EntryPoint","urlTemplate":"https:\/\/fjala.info\/2009-2015\/?s={search_term_string}"},"query-input":{"@type":"PropertyValueSpecification","valueRequired":true,"valueName":"search_term_string"}}],"inLanguage":"sq-AL"},{"@type":"Organization","@id":"https:\/\/fjala.info\/2009-2015\/#organization","name":"FjALA e LIR\u00cb - Arkivi","url":"https:\/\/fjala.info\/2009-2015\/","logo":{"@type":"ImageObject","inLanguage":"sq-AL","@id":"https:\/\/fjala.info\/2009-2015\/#\/schema\/logo\/image\/","url":"","contentUrl":"","caption":"FjALA e LIR\u00cb - Arkivi"},"image":{"@id":"https:\/\/fjala.info\/2009-2015\/#\/schema\/logo\/image\/"}},{"@type":"Person","@id":"https:\/\/fjala.info\/2009-2015\/#\/schema\/person\/3aa1163ef05469c496fc94e77611ada2","name":"admin","image":{"@type":"ImageObject","inLanguage":"sq-AL","@id":"https:\/\/fjala.info\/2009-2015\/wp-content\/uploads\/2012\/02\/arben_cokaj-120x150.jpg","url":"https:\/\/fjala.info\/2009-2015\/wp-content\/uploads\/2012\/02\/arben_cokaj-120x150.jpg","contentUrl":"https:\/\/fjala.info\/2009-2015\/wp-content\/uploads\/2012\/02\/arben_cokaj-120x150.jpg","caption":"admin"},"description":"Admin, Fjala e Lir\u00eb","sameAs":["https:\/\/fjala.info\/"],"url":"https:\/\/fjala.info\/2009-2015\/author\/admin\/"}]}},"_links":{"self":[{"href":"https:\/\/fjala.info\/2009-2015\/wp-json\/wp\/v2\/posts\/4765","targetHints":{"allow":["GET"]}}],"collection":[{"href":"https:\/\/fjala.info\/2009-2015\/wp-json\/wp\/v2\/posts"}],"about":[{"href":"https:\/\/fjala.info\/2009-2015\/wp-json\/wp\/v2\/types\/post"}],"author":[{"embeddable":true,"href":"https:\/\/fjala.info\/2009-2015\/wp-json\/wp\/v2\/users\/1"}],"replies":[{"embeddable":true,"href":"https:\/\/fjala.info\/2009-2015\/wp-json\/wp\/v2\/comments?post=4765"}],"version-history":[{"count":0,"href":"https:\/\/fjala.info\/2009-2015\/wp-json\/wp\/v2\/posts\/4765\/revisions"}],"wp:attachment":[{"href":"https:\/\/fjala.info\/2009-2015\/wp-json\/wp\/v2\/media?parent=4765"}],"wp:term":[{"taxonomy":"category","embeddable":true,"href":"https:\/\/fjala.info\/2009-2015\/wp-json\/wp\/v2\/categories?post=4765"},{"taxonomy":"post_tag","embeddable":true,"href":"https:\/\/fjala.info\/2009-2015\/wp-json\/wp\/v2\/tags?post=4765"}],"curies":[{"name":"wp","href":"https:\/\/api.w.org\/{rel}","templated":true}]}}