{"id":4763,"date":"2010-11-14T09:37:53","date_gmt":"2010-11-14T08:37:53","guid":{"rendered":"http:\/\/fjala.shkoder.net\/?p=4763"},"modified":"2010-11-14T09:37:53","modified_gmt":"2010-11-14T08:37:53","slug":"koncerti-berisha-largon-topallin-per-bashen","status":"publish","type":"post","link":"https:\/\/fjala.info\/2009-2015\/koncerti-berisha-largon-topallin-per-bashen\/","title":{"rendered":"Koncerti, Berisha largon Topallin p\u00ebr Bash\u00ebn"},"content":{"rendered":"<p><img loading=\"lazy\" decoding=\"async\" class=\"alignright size-medium wp-image-4764\" title=\"Berisha, Basha dhe Topalli\" src=\"http:\/\/fjala.shkoder.net\/wp-content\/uploads\/2010\/11\/berisha_basha_topalli-300x221.jpg\" alt=\"\" width=\"300\" height=\"221\" \/><br \/>\n<strong>Shekulli Online<\/strong>, <em>14.11.2010<\/em><\/p>\n<p><em>Kryeministri ka vendosur ministrin e Brendsh\u00ebm n\u00eb podium, nd\u00ebrsa kryeparlamentaren e ka l\u00ebn\u00eb t\u00eb festoj\u00eb me turm\u00ebn e militant\u00ebve<\/em><\/p>\n<p><em>TIRAN\u00cb<\/em> &#8211; Koncerti festiv p\u00ebr liberalizimin e vizave ka treguar edhe nj\u00eb her\u00eb tensionin q\u00eb ekziston brenda Partis\u00eb Demokratike mes Jozefina Topallit dhe Lulzim Bash\u00ebs. E para \u00ebsht\u00eb n\u00ebnkryetarja e PD-s\u00eb me aspirata t\u00eb qarta p\u00ebr t&#8217;u b\u00ebr\u00eb nj\u00eb dit\u00eb kryetare, nd\u00ebrsa i dyti \u00ebsht\u00eb &#8220;ylli i ri&#8221; q\u00eb ka mb\u00ebshtetjen e kryetarit Berisha p\u00ebr t&#8217;u lan\u00e7uar fillimisht si kandidat p\u00ebr bashkin\u00eb e Tiran\u00ebs dhe m\u00eb pas p\u00ebr t\u00eb qen\u00eb pasardh\u00ebsi i tij n\u00eb parti. Mb\u00ebshtetja e Berish\u00ebs p\u00ebr Ministrin e Brendsh\u00ebm \u00ebsht\u00eb v\u00ebn\u00eb re edhe n\u00eb koncertin e vizave ku Topalli \u00ebsht\u00eb eklipsuar, nd\u00ebrsa Basha \u00ebsht\u00eb ngjitur n\u00eb podium p\u00ebr t\u00eb marr\u00eb merit\u00ebn kryesore. Nga ana tjet\u00ebr, Topalli \u00ebsht\u00eb l\u00ebn\u00eb n\u00eb mes t\u00eb turm\u00ebs n\u00eb shoq\u00ebrin\u00eb e deputet\u00ebve t\u00eb tjer\u00eb si Bum\u00e7i, Hoti, Bogdani etj.<\/p>\n<p>Kryetarja e Kuvendit ka qen\u00eb nj\u00eb prej eksponent\u00ebve t\u00eb mazhoranc\u00ebs, e cila ka lobuar m\u00eb shum\u00eb p\u00ebr procesin e liberalizmit t\u00eb vizave, duke udh\u00ebtuar n\u00eb shum\u00eb vende t\u00eb Bashkimit Europian. Ajo u ka k\u00ebrkuar koleg\u00ebve t\u00eb saj q\u00eb t\u00eb ndikojn\u00eb tek deputet\u00ebt p\u00ebr p\u00ebrshpejtimin e proceseve integruese t\u00eb vendit ton\u00eb. P\u00ebr udh\u00ebtimet e shpeshta socialist\u00ebt e akuzojn\u00eb kryeparlamentaren p\u00ebr abuzime me fondet publike, nd\u00ebrkoh\u00eb q\u00eb vet\u00eb kryetarja e Kuvendit ka deklaruar se axhenda e Kuvendit \u00ebsht\u00eb procesi i integrimit. Por, pavar\u00ebsisht k\u00ebsaj, atributet m\u00eb t\u00eb m\u00ebdha p\u00ebr heqjen e vizave p\u00ebr qytetar\u00ebt shqiptar\u00eb po i vishen ministrit t\u00eb Brendsh\u00ebm, Lulzim Basha.<\/p>\n<p>Strategjia e t\u00eb besuarit t\u00eb kryeministrit Berisha ka qen\u00eb e ndryshme nga ajo e kryeparlamentares duke preferuar q\u00eb n\u00eb vend t\u00eb takimeve me homolog\u00ebt e tij jasht\u00eb vendit, Basha t\u00eb fillonte fushat\u00ebn sensibilizuese n\u00eb qytetin e Tiran\u00ebs duke shkuar madje n\u00eb pjes\u00ebn m\u00eb t\u00eb madhe t\u00eb gjimnazeve t\u00eb kryeqytetit. Dalja e tij e shpesht\u00eb, si n\u00eb media ashtu edhe n\u00eb aktivitete q\u00eb kan\u00eb t\u00eb b\u00ebjn\u00eb me sensibilizimin e qytetar\u00ebve t\u00eb Tiran\u00ebs, p\u00ebr respektimin e kritereve pas heqjes s\u00eb vizave nuk \u00ebsht\u00eb e rast\u00ebsishme. Ministri i Brendsh\u00ebm, Lul\u00ebzim Basha, po nis fushat\u00ebn elektorale p\u00ebr ta garuar p\u00ebrball\u00eb Ram\u00ebs p\u00ebr bashkin\u00eb e kryeqytetit.<\/p>\n<p>Ai ka mb\u00ebshtetjen e plot\u00eb t\u00eb kreut t\u00eb qeveris\u00eb, i cili e merr me vete pothuajse n\u00eb t\u00eb gjitha takimet e r\u00ebnd\u00ebsishme. Basha ka hyr\u00eb n\u00eb PD, n\u00eb vitin 2005, me rekomandimin e ve\u00e7ant\u00eb t\u00eb Argita Berish\u00ebs dhe shum\u00eb shpejt u kthye n\u00eb nj\u00eb prej personave m\u00eb t\u00eb r\u00ebnd\u00ebsish\u00ebm si brenda strukturave partiake ashtu edhe n\u00eb qeveri. Mbrojtja e kreut t\u00eb qeveris\u00eb p\u00ebr ministrin e tij besnik \u00ebsht\u00eb par\u00eb qart\u00eb edhe n\u00eb dit\u00ebt m\u00eb t\u00eb v\u00ebshtira t\u00eb Bash\u00ebs. N\u00eb at\u00eb koh\u00eb, ai akuzohej nga Prokuroria p\u00ebr skandalin e 1.3 milion\u00eb eurove t\u00eb Dur\u00ebrs-Kuk\u00ebs, por kryeministri pohoi se vendimi ishte kolegjial nga t\u00eb gjitha ministrat dhe Basha nuk kishte asnj\u00eb p\u00ebrgjegj\u00ebsi.<\/p>\n<p><strong>P\u00ebrplasja Basha-Topalli<\/strong><br \/>\nEdhe kryeparlamentarja Topalli dhe ministri i Brendsh\u00ebm, Lul\u00ebzim Basha, e mohojn\u00eb se midis tyre ka nj\u00eb &#8220;luft\u00eb&#8221;, ajo u b\u00eb e qart\u00eb nj\u00eb vit m\u00eb par\u00eb m\u00eb 20 n\u00ebntor kur gjat\u00eb seanc\u00ebs plenare, kryeparlametarja i nd\u00ebrpreu fjal\u00ebn ministrit. Incidenti ndodhi gjat\u00eb koh\u00ebs s\u00eb diskutimit p\u00ebr miratimin e pr\/buxhetit 2010, kur ministri Basha po fliste kund\u00ebr Edi Ram\u00ebs. N\u00eb k\u00ebt\u00eb seanc\u00eb, kryeparlamentarja Topalli i hoqi mikrofonin Bash\u00ebs, duke i l\u00ebn\u00eb fjal\u00ebn p\u00ebrgjysm\u00eb. Nj\u00eb tjet\u00ebr rast q\u00eb tregon klim\u00ebn e acaruar \u00ebsht\u00eb edhe raporti q\u00eb kryeparlamentarja Topalli i paraqiti n\u00eb 2007-\u00ebn K\u00ebshillit t\u00eb Rregullores dhe t\u00eb Mandateve p\u00ebr imunitetin e Ministrit Basha, ku ndon\u00ebse hidhte posht\u00eb pretendimet e Prokuroris\u00eb, k\u00ebrkonte heqjen e Imunitetit. Nd\u00ebrkoh\u00eb, disa dit\u00eb m\u00eb par\u00eb, Topalli n\u00eb nj\u00eb emision televiziv po rendiste arritjet e mazhoranc\u00ebs dhe midis tyre, ashtu si pa dashje tha: &#8220;Kemi arrestuar Lul Bash\u00ebn&#8221;, &#8211; duke pretenduar m\u00eb pas se gabimisht e kishte ngat\u00ebrruar me Lul Berish\u00ebn.<\/p>\n<p><strong>Diskutimi p\u00ebr projektbuxhetin 2010, dat\u00eb 20 n\u00ebntor 2009<\/strong><\/p>\n<p><strong>Replika <\/strong><\/p>\n<p>Basha: N\u00ebp\u00ebrmjet dezinformimit t\u00eb tyre kan\u00eb pasur si q\u00ebllim kryesor politik pengimin ose vonimin e procesit t\u00eb liberalizimit t\u00eb vizave, \u00e7&#8217;ka \u00ebsht\u00eb interpretuar gjer\u00ebsisht nga intelokutor\u00ebt e mi, por dhe t\u00eb koleg\u00ebve t\u00eb mi n\u00eb k\u00ebt\u00eb kabinet, si nj\u00eb p\u00ebrpjekje e qart\u00eb p\u00ebr t\u00eb v\u00ebn\u00eb n\u00eb funksion t\u00eb agjend\u00ebs s\u00eb ngusht\u00eb t\u00eb politik\u00ebs s\u00eb zotit Rama, nj\u00eb q\u00ebllim kaq madhor p\u00ebr \u00e7do shqiptar, si\u00e7 \u00ebsht\u00eb ajo e liberalizimit t\u00eb vizave.<br \/>\nNd\u00ebrhyn Topalli: Zoti minist\u00ebr ka mbaruar koha.<br \/>\nBasha: Edhe nj\u00eb minut\u00eb zonja kryetare.<br \/>\nTopalli: Mbylleni se ka mbaruar koha.<br \/>\nBasha (vazhdon t\u00eb flas\u00eb) Gjej rastin&#8230; (Bash\u00ebs i mbyllet mikrofoni. Nuk d\u00ebgjohet m\u00eb z\u00ebri i tij).<\/p>\n<p>M\u00eb pas Bash\u00ebs i ndizet s\u00ebrish mikrofoni dhe pa mbaruar fjalin\u00eb, nd\u00ebrhyn s\u00ebrish Topalli: Ju lutem zoti minist\u00ebr e kan\u00eb fjal\u00ebn t\u00eb tjer\u00ebt. Faleminderit. Zoti Tritan Shehu keni fjal\u00ebn.<br \/>\nBasha i kthehet Topallit, dhe i thot\u00eb di\u00e7ka (nuk d\u00ebgjohet, pasi mikrofoni \u00ebsht\u00eb i mbyllur), q\u00ebndron dhe p\u00ebr pak n\u00eb podium dhe m\u00eb pas u largua drejt karriges s\u00eb tij.<\/p>\n","protected":false},"excerpt":{"rendered":"<p>Shekulli Online, 14.11.2010 Kryeministri ka vendosur ministrin e Brendsh\u00ebm n\u00eb podium, nd\u00ebrsa kryeparlamentaren e ka l\u00ebn\u00eb t\u00eb festoj\u00eb me turm\u00ebn e militant\u00ebve TIRAN\u00cb &#8211; Koncerti festiv p\u00ebr liberalizimin e vizave ka treguar edhe nj\u00eb her\u00eb tensionin q\u00eb ekziston brenda Partis\u00eb Demokratike mes Jozefina Topallit dhe Lulzim Bash\u00ebs. E para \u00ebsht\u00eb n\u00ebnkryetarja e PD-s\u00eb me aspirata [&hellip;]<\/p>\n","protected":false},"author":1,"featured_media":0,"comment_status":"open","ping_status":"closed","sticky":false,"template":"","format":"standard","meta":{"footnotes":""},"categories":[2],"tags":[],"class_list":{"0":"post-4763","1":"post","2":"type-post","3":"status-publish","4":"format-standard","6":"category-artikuj"},"yoast_head":"<!-- This site is optimized with the Yoast SEO plugin v27.4 - https:\/\/yoast.com\/product\/yoast-seo-wordpress\/ -->\n<title>Koncerti, Berisha largon Topallin p\u00ebr Bash\u00ebn - FjALA e LIR\u00cb - Arkivi<\/title>\n<meta name=\"robots\" content=\"index, follow, max-snippet:-1, max-image-preview:large, max-video-preview:-1\" \/>\n<link rel=\"canonical\" href=\"https:\/\/fjala.info\/2009-2015\/koncerti-berisha-largon-topallin-per-bashen\/\" \/>\n<meta property=\"og:locale\" content=\"sq_AL\" \/>\n<meta property=\"og:type\" content=\"article\" \/>\n<meta property=\"og:title\" content=\"Koncerti, Berisha largon Topallin p\u00ebr Bash\u00ebn - FjALA e LIR\u00cb - Arkivi\" \/>\n<meta property=\"og:description\" content=\"Shekulli Online, 14.11.2010 Kryeministri ka vendosur ministrin e Brendsh\u00ebm n\u00eb podium, nd\u00ebrsa kryeparlamentaren e ka l\u00ebn\u00eb t\u00eb festoj\u00eb me turm\u00ebn e militant\u00ebve TIRAN\u00cb &#8211; Koncerti festiv p\u00ebr liberalizimin e vizave ka treguar edhe nj\u00eb her\u00eb tensionin q\u00eb ekziston brenda Partis\u00eb Demokratike mes Jozefina Topallit dhe Lulzim Bash\u00ebs. E para \u00ebsht\u00eb n\u00ebnkryetarja e PD-s\u00eb me aspirata [&hellip;]\" \/>\n<meta property=\"og:url\" content=\"https:\/\/fjala.info\/2009-2015\/koncerti-berisha-largon-topallin-per-bashen\/\" \/>\n<meta property=\"og:site_name\" content=\"FjALA e LIR\u00cb - Arkivi\" \/>\n<meta property=\"article:published_time\" content=\"2010-11-14T08:37:53+00:00\" \/>\n<meta property=\"og:image\" content=\"http:\/\/fjala.shkoder.net\/wp-content\/uploads\/2010\/11\/berisha_basha_topalli-300x221.jpg\" \/>\n<meta name=\"author\" content=\"admin\" \/>\n<meta name=\"twitter:card\" content=\"summary_large_image\" \/>\n<meta name=\"twitter:label1\" content=\"Written by\" \/>\n\t<meta name=\"twitter:data1\" content=\"admin\" \/>\n\t<meta name=\"twitter:label2\" content=\"Est. reading time\" \/>\n\t<meta name=\"twitter:data2\" content=\"5 minutes\" \/>\n<script type=\"application\/ld+json\" class=\"yoast-schema-graph\">{\"@context\":\"https:\\\/\\\/schema.org\",\"@graph\":[{\"@type\":\"Article\",\"@id\":\"https:\\\/\\\/fjala.info\\\/2009-2015\\\/koncerti-berisha-largon-topallin-per-bashen\\\/#article\",\"isPartOf\":{\"@id\":\"https:\\\/\\\/fjala.info\\\/2009-2015\\\/koncerti-berisha-largon-topallin-per-bashen\\\/\"},\"author\":{\"name\":\"admin\",\"@id\":\"https:\\\/\\\/fjala.info\\\/2009-2015\\\/#\\\/schema\\\/person\\\/3aa1163ef05469c496fc94e77611ada2\"},\"headline\":\"Koncerti, Berisha largon Topallin p\u00ebr Bash\u00ebn\",\"datePublished\":\"2010-11-14T08:37:53+00:00\",\"mainEntityOfPage\":{\"@id\":\"https:\\\/\\\/fjala.info\\\/2009-2015\\\/koncerti-berisha-largon-topallin-per-bashen\\\/\"},\"wordCount\":936,\"commentCount\":0,\"publisher\":{\"@id\":\"https:\\\/\\\/fjala.info\\\/2009-2015\\\/#organization\"},\"image\":{\"@id\":\"https:\\\/\\\/fjala.info\\\/2009-2015\\\/koncerti-berisha-largon-topallin-per-bashen\\\/#primaryimage\"},\"thumbnailUrl\":\"http:\\\/\\\/fjala.shkoder.net\\\/wp-content\\\/uploads\\\/2010\\\/11\\\/berisha_basha_topalli-300x221.jpg\",\"articleSection\":[\"Artikuj\"],\"inLanguage\":\"sq-AL\",\"potentialAction\":[{\"@type\":\"CommentAction\",\"name\":\"Comment\",\"target\":[\"https:\\\/\\\/fjala.info\\\/2009-2015\\\/koncerti-berisha-largon-topallin-per-bashen\\\/#respond\"]}]},{\"@type\":\"WebPage\",\"@id\":\"https:\\\/\\\/fjala.info\\\/2009-2015\\\/koncerti-berisha-largon-topallin-per-bashen\\\/\",\"url\":\"https:\\\/\\\/fjala.info\\\/2009-2015\\\/koncerti-berisha-largon-topallin-per-bashen\\\/\",\"name\":\"Koncerti, Berisha largon Topallin p\u00ebr Bash\u00ebn - FjALA e LIR\u00cb - Arkivi\",\"isPartOf\":{\"@id\":\"https:\\\/\\\/fjala.info\\\/2009-2015\\\/#website\"},\"primaryImageOfPage\":{\"@id\":\"https:\\\/\\\/fjala.info\\\/2009-2015\\\/koncerti-berisha-largon-topallin-per-bashen\\\/#primaryimage\"},\"image\":{\"@id\":\"https:\\\/\\\/fjala.info\\\/2009-2015\\\/koncerti-berisha-largon-topallin-per-bashen\\\/#primaryimage\"},\"thumbnailUrl\":\"http:\\\/\\\/fjala.shkoder.net\\\/wp-content\\\/uploads\\\/2010\\\/11\\\/berisha_basha_topalli-300x221.jpg\",\"datePublished\":\"2010-11-14T08:37:53+00:00\",\"breadcrumb\":{\"@id\":\"https:\\\/\\\/fjala.info\\\/2009-2015\\\/koncerti-berisha-largon-topallin-per-bashen\\\/#breadcrumb\"},\"inLanguage\":\"sq-AL\",\"potentialAction\":[{\"@type\":\"ReadAction\",\"target\":[\"https:\\\/\\\/fjala.info\\\/2009-2015\\\/koncerti-berisha-largon-topallin-per-bashen\\\/\"]}]},{\"@type\":\"ImageObject\",\"inLanguage\":\"sq-AL\",\"@id\":\"https:\\\/\\\/fjala.info\\\/2009-2015\\\/koncerti-berisha-largon-topallin-per-bashen\\\/#primaryimage\",\"url\":\"http:\\\/\\\/fjala.shkoder.net\\\/wp-content\\\/uploads\\\/2010\\\/11\\\/berisha_basha_topalli-300x221.jpg\",\"contentUrl\":\"http:\\\/\\\/fjala.shkoder.net\\\/wp-content\\\/uploads\\\/2010\\\/11\\\/berisha_basha_topalli-300x221.jpg\"},{\"@type\":\"BreadcrumbList\",\"@id\":\"https:\\\/\\\/fjala.info\\\/2009-2015\\\/koncerti-berisha-largon-topallin-per-bashen\\\/#breadcrumb\",\"itemListElement\":[{\"@type\":\"ListItem\",\"position\":1,\"name\":\"Home\",\"item\":\"https:\\\/\\\/fjala.info\\\/2009-2015\\\/\"},{\"@type\":\"ListItem\",\"position\":2,\"name\":\"Koncerti, Berisha largon Topallin p\u00ebr Bash\u00ebn\"}]},{\"@type\":\"WebSite\",\"@id\":\"https:\\\/\\\/fjala.info\\\/2009-2015\\\/#website\",\"url\":\"https:\\\/\\\/fjala.info\\\/2009-2015\\\/\",\"name\":\"FjALA e LIR\u00cb - Arkivi\",\"description\":\"Arkivi 2009-2015\",\"publisher\":{\"@id\":\"https:\\\/\\\/fjala.info\\\/2009-2015\\\/#organization\"},\"potentialAction\":[{\"@type\":\"SearchAction\",\"target\":{\"@type\":\"EntryPoint\",\"urlTemplate\":\"https:\\\/\\\/fjala.info\\\/2009-2015\\\/?s={search_term_string}\"},\"query-input\":{\"@type\":\"PropertyValueSpecification\",\"valueRequired\":true,\"valueName\":\"search_term_string\"}}],\"inLanguage\":\"sq-AL\"},{\"@type\":\"Organization\",\"@id\":\"https:\\\/\\\/fjala.info\\\/2009-2015\\\/#organization\",\"name\":\"FjALA e LIR\u00cb - Arkivi\",\"url\":\"https:\\\/\\\/fjala.info\\\/2009-2015\\\/\",\"logo\":{\"@type\":\"ImageObject\",\"inLanguage\":\"sq-AL\",\"@id\":\"https:\\\/\\\/fjala.info\\\/2009-2015\\\/#\\\/schema\\\/logo\\\/image\\\/\",\"url\":\"\",\"contentUrl\":\"\",\"caption\":\"FjALA e LIR\u00cb - Arkivi\"},\"image\":{\"@id\":\"https:\\\/\\\/fjala.info\\\/2009-2015\\\/#\\\/schema\\\/logo\\\/image\\\/\"}},{\"@type\":\"Person\",\"@id\":\"https:\\\/\\\/fjala.info\\\/2009-2015\\\/#\\\/schema\\\/person\\\/3aa1163ef05469c496fc94e77611ada2\",\"name\":\"admin\",\"image\":{\"@type\":\"ImageObject\",\"inLanguage\":\"sq-AL\",\"@id\":\"https:\\\/\\\/fjala.info\\\/2009-2015\\\/wp-content\\\/uploads\\\/2012\\\/02\\\/arben_cokaj-120x150.jpg\",\"url\":\"https:\\\/\\\/fjala.info\\\/2009-2015\\\/wp-content\\\/uploads\\\/2012\\\/02\\\/arben_cokaj-120x150.jpg\",\"contentUrl\":\"https:\\\/\\\/fjala.info\\\/2009-2015\\\/wp-content\\\/uploads\\\/2012\\\/02\\\/arben_cokaj-120x150.jpg\",\"caption\":\"admin\"},\"description\":\"Admin, Fjala e Lir\u00eb\",\"sameAs\":[\"https:\\\/\\\/fjala.info\\\/\"],\"url\":\"https:\\\/\\\/fjala.info\\\/2009-2015\\\/author\\\/admin\\\/\"}]}<\/script>\n<!-- \/ Yoast SEO plugin. -->","yoast_head_json":{"title":"Koncerti, Berisha largon Topallin p\u00ebr Bash\u00ebn - FjALA e LIR\u00cb - Arkivi","robots":{"index":"index","follow":"follow","max-snippet":"max-snippet:-1","max-image-preview":"max-image-preview:large","max-video-preview":"max-video-preview:-1"},"canonical":"https:\/\/fjala.info\/2009-2015\/koncerti-berisha-largon-topallin-per-bashen\/","og_locale":"sq_AL","og_type":"article","og_title":"Koncerti, Berisha largon Topallin p\u00ebr Bash\u00ebn - FjALA e LIR\u00cb - Arkivi","og_description":"Shekulli Online, 14.11.2010 Kryeministri ka vendosur ministrin e Brendsh\u00ebm n\u00eb podium, nd\u00ebrsa kryeparlamentaren e ka l\u00ebn\u00eb t\u00eb festoj\u00eb me turm\u00ebn e militant\u00ebve TIRAN\u00cb &#8211; Koncerti festiv p\u00ebr liberalizimin e vizave ka treguar edhe nj\u00eb her\u00eb tensionin q\u00eb ekziston brenda Partis\u00eb Demokratike mes Jozefina Topallit dhe Lulzim Bash\u00ebs. E para \u00ebsht\u00eb n\u00ebnkryetarja e PD-s\u00eb me aspirata [&hellip;]","og_url":"https:\/\/fjala.info\/2009-2015\/koncerti-berisha-largon-topallin-per-bashen\/","og_site_name":"FjALA e LIR\u00cb - Arkivi","article_published_time":"2010-11-14T08:37:53+00:00","og_image":[{"url":"http:\/\/fjala.shkoder.net\/wp-content\/uploads\/2010\/11\/berisha_basha_topalli-300x221.jpg","type":"","width":"","height":""}],"author":"admin","twitter_card":"summary_large_image","twitter_misc":{"Written by":"admin","Est. reading time":"5 minutes"},"schema":{"@context":"https:\/\/schema.org","@graph":[{"@type":"Article","@id":"https:\/\/fjala.info\/2009-2015\/koncerti-berisha-largon-topallin-per-bashen\/#article","isPartOf":{"@id":"https:\/\/fjala.info\/2009-2015\/koncerti-berisha-largon-topallin-per-bashen\/"},"author":{"name":"admin","@id":"https:\/\/fjala.info\/2009-2015\/#\/schema\/person\/3aa1163ef05469c496fc94e77611ada2"},"headline":"Koncerti, Berisha largon Topallin p\u00ebr Bash\u00ebn","datePublished":"2010-11-14T08:37:53+00:00","mainEntityOfPage":{"@id":"https:\/\/fjala.info\/2009-2015\/koncerti-berisha-largon-topallin-per-bashen\/"},"wordCount":936,"commentCount":0,"publisher":{"@id":"https:\/\/fjala.info\/2009-2015\/#organization"},"image":{"@id":"https:\/\/fjala.info\/2009-2015\/koncerti-berisha-largon-topallin-per-bashen\/#primaryimage"},"thumbnailUrl":"http:\/\/fjala.shkoder.net\/wp-content\/uploads\/2010\/11\/berisha_basha_topalli-300x221.jpg","articleSection":["Artikuj"],"inLanguage":"sq-AL","potentialAction":[{"@type":"CommentAction","name":"Comment","target":["https:\/\/fjala.info\/2009-2015\/koncerti-berisha-largon-topallin-per-bashen\/#respond"]}]},{"@type":"WebPage","@id":"https:\/\/fjala.info\/2009-2015\/koncerti-berisha-largon-topallin-per-bashen\/","url":"https:\/\/fjala.info\/2009-2015\/koncerti-berisha-largon-topallin-per-bashen\/","name":"Koncerti, Berisha largon Topallin p\u00ebr Bash\u00ebn - FjALA e LIR\u00cb - Arkivi","isPartOf":{"@id":"https:\/\/fjala.info\/2009-2015\/#website"},"primaryImageOfPage":{"@id":"https:\/\/fjala.info\/2009-2015\/koncerti-berisha-largon-topallin-per-bashen\/#primaryimage"},"image":{"@id":"https:\/\/fjala.info\/2009-2015\/koncerti-berisha-largon-topallin-per-bashen\/#primaryimage"},"thumbnailUrl":"http:\/\/fjala.shkoder.net\/wp-content\/uploads\/2010\/11\/berisha_basha_topalli-300x221.jpg","datePublished":"2010-11-14T08:37:53+00:00","breadcrumb":{"@id":"https:\/\/fjala.info\/2009-2015\/koncerti-berisha-largon-topallin-per-bashen\/#breadcrumb"},"inLanguage":"sq-AL","potentialAction":[{"@type":"ReadAction","target":["https:\/\/fjala.info\/2009-2015\/koncerti-berisha-largon-topallin-per-bashen\/"]}]},{"@type":"ImageObject","inLanguage":"sq-AL","@id":"https:\/\/fjala.info\/2009-2015\/koncerti-berisha-largon-topallin-per-bashen\/#primaryimage","url":"http:\/\/fjala.shkoder.net\/wp-content\/uploads\/2010\/11\/berisha_basha_topalli-300x221.jpg","contentUrl":"http:\/\/fjala.shkoder.net\/wp-content\/uploads\/2010\/11\/berisha_basha_topalli-300x221.jpg"},{"@type":"BreadcrumbList","@id":"https:\/\/fjala.info\/2009-2015\/koncerti-berisha-largon-topallin-per-bashen\/#breadcrumb","itemListElement":[{"@type":"ListItem","position":1,"name":"Home","item":"https:\/\/fjala.info\/2009-2015\/"},{"@type":"ListItem","position":2,"name":"Koncerti, Berisha largon Topallin p\u00ebr Bash\u00ebn"}]},{"@type":"WebSite","@id":"https:\/\/fjala.info\/2009-2015\/#website","url":"https:\/\/fjala.info\/2009-2015\/","name":"FjALA e LIR\u00cb - Arkivi","description":"Arkivi 2009-2015","publisher":{"@id":"https:\/\/fjala.info\/2009-2015\/#organization"},"potentialAction":[{"@type":"SearchAction","target":{"@type":"EntryPoint","urlTemplate":"https:\/\/fjala.info\/2009-2015\/?s={search_term_string}"},"query-input":{"@type":"PropertyValueSpecification","valueRequired":true,"valueName":"search_term_string"}}],"inLanguage":"sq-AL"},{"@type":"Organization","@id":"https:\/\/fjala.info\/2009-2015\/#organization","name":"FjALA e LIR\u00cb - Arkivi","url":"https:\/\/fjala.info\/2009-2015\/","logo":{"@type":"ImageObject","inLanguage":"sq-AL","@id":"https:\/\/fjala.info\/2009-2015\/#\/schema\/logo\/image\/","url":"","contentUrl":"","caption":"FjALA e LIR\u00cb - Arkivi"},"image":{"@id":"https:\/\/fjala.info\/2009-2015\/#\/schema\/logo\/image\/"}},{"@type":"Person","@id":"https:\/\/fjala.info\/2009-2015\/#\/schema\/person\/3aa1163ef05469c496fc94e77611ada2","name":"admin","image":{"@type":"ImageObject","inLanguage":"sq-AL","@id":"https:\/\/fjala.info\/2009-2015\/wp-content\/uploads\/2012\/02\/arben_cokaj-120x150.jpg","url":"https:\/\/fjala.info\/2009-2015\/wp-content\/uploads\/2012\/02\/arben_cokaj-120x150.jpg","contentUrl":"https:\/\/fjala.info\/2009-2015\/wp-content\/uploads\/2012\/02\/arben_cokaj-120x150.jpg","caption":"admin"},"description":"Admin, Fjala e Lir\u00eb","sameAs":["https:\/\/fjala.info\/"],"url":"https:\/\/fjala.info\/2009-2015\/author\/admin\/"}]}},"_links":{"self":[{"href":"https:\/\/fjala.info\/2009-2015\/wp-json\/wp\/v2\/posts\/4763","targetHints":{"allow":["GET"]}}],"collection":[{"href":"https:\/\/fjala.info\/2009-2015\/wp-json\/wp\/v2\/posts"}],"about":[{"href":"https:\/\/fjala.info\/2009-2015\/wp-json\/wp\/v2\/types\/post"}],"author":[{"embeddable":true,"href":"https:\/\/fjala.info\/2009-2015\/wp-json\/wp\/v2\/users\/1"}],"replies":[{"embeddable":true,"href":"https:\/\/fjala.info\/2009-2015\/wp-json\/wp\/v2\/comments?post=4763"}],"version-history":[{"count":0,"href":"https:\/\/fjala.info\/2009-2015\/wp-json\/wp\/v2\/posts\/4763\/revisions"}],"wp:attachment":[{"href":"https:\/\/fjala.info\/2009-2015\/wp-json\/wp\/v2\/media?parent=4763"}],"wp:term":[{"taxonomy":"category","embeddable":true,"href":"https:\/\/fjala.info\/2009-2015\/wp-json\/wp\/v2\/categories?post=4763"},{"taxonomy":"post_tag","embeddable":true,"href":"https:\/\/fjala.info\/2009-2015\/wp-json\/wp\/v2\/tags?post=4763"}],"curies":[{"name":"wp","href":"https:\/\/api.w.org\/{rel}","templated":true}]}}