{"id":4761,"date":"2012-09-02T15:16:26","date_gmt":"2012-09-02T14:16:26","guid":{"rendered":"http:\/\/www.fjala.info\/?p=4761"},"modified":"2012-09-02T15:16:26","modified_gmt":"2012-09-02T14:16:26","slug":"moratorium-per-pyjet-te-mbillen-parqet-kombetare","status":"publish","type":"post","link":"https:\/\/fjala.info\/2009-2015\/moratorium-per-pyjet-te-mbillen-parqet-kombetare\/","title":{"rendered":"Moratorium p\u00ebr pyjet, t\u00eb mbillen Parqet Komb\u00ebtare"},"content":{"rendered":"<p><img decoding=\"async\" class=\"alignright size-thumbnail wp-image-7236\" title=\"Mentor Kikia\" src=\"http:\/\/www.fjala.info\/2012\/mentor_kikia.jpg\" alt=\"\" width=\"200\" \/> Analize nga <strong>MENTOR KIKIA<\/strong><\/p>\n<p>Dyshimet q\u00eb ka hedhur policia n\u00eb Kor\u00e7\u00eb, p\u00ebr djegien e pyjeve p\u00ebr arsye biznesi, nga nj\u00eb kompani q\u00eb shet pem\u00ebt gjysm\u00eb t\u00eb djegura apo t\u00eb thara nga zjarri n\u00eb Greqi p\u00ebr t\u00eb prodhuar qymyr druri, jan\u00eb nj\u00eb alarm i madh e i friksh\u00ebm. Kjo tregon se bab\u00ebzia e sip\u00ebrmarr\u00ebsve nuk njeh tashm\u00eb asnj\u00eb lloj limiti, dhe asnj\u00eb lloj morali si n\u00eb raport me njeriun, me shtetin ashtu dhe me natyr\u00ebn. Shtoi k\u00ebsaj edhe zjarrveniet p\u00ebr t\u00eb liruar sip\u00ebrfaqe pyjore p\u00ebr kullota, e b\u00ebjn\u00eb situat\u00ebn shum\u00eb t\u00eb r\u00ebnd\u00eb.<\/p>\n<p>Zjarret \u00e7do vit l\u00ebn\u00eb s\u00eb paku qindra hektar\u00eb t\u00eb shkrumbuar, duke e mpakur n\u00eb m\u00ebnyr\u00eb sistematike sip\u00ebrfaqen pyjore n\u00eb vend. Sot, jan\u00eb ende n\u00eb k\u00ebmb\u00eb d\u00ebshmit\u00eb e maleve t\u00eb djegura vite m\u00eb pare, ku natyra nuk ka mundur t\u00eb rigjenerohet. N\u00eb sip\u00ebrfaqet e djegura ka mundur t\u00eb dal\u00eb vet\u00ebm bari dhe asnj\u00eb pem\u00eb nuk ka mbir\u00eb. Kjo tregon se sa e v\u00ebshtir\u00eb \u00ebsht\u00eb rip\u00ebrt\u00ebritja e natyr\u00ebs. Masivet e Lur\u00ebs, Qaf\u00ebs s\u00eb Malit, pyjeve t\u00eb Puk\u00ebs, Llogaras\u00eb e male t\u00eb tjera q\u00eb deri 15 apo 20 vjet m\u00eb par\u00eb kan\u00eb qen\u00eb t\u00eb mbuluar nga pyjet, sot jan\u00eb nj\u00eb d\u00ebshmi e fort\u00eb e shkat\u00ebrrimit q\u00eb prodhojn\u00eb zjarret. Bashkuar kjo me bab\u00ebzine e prerjeve nga kontrabandist\u00ebt e l\u00ebnd\u00ebs drusore, e b\u00ebjn\u00eb panoram\u00ebn edhe m\u00eb t\u00eb r\u00ebnd\u00eb.<\/p>\n<p>Nj\u00eb nga pasurit\u00eb m\u00eb t\u00eb r\u00ebnd\u00ebsishme t\u00eb natyr\u00ebs \u00ebsht\u00eb duke u shkat\u00ebrruar n\u00eb m\u00ebnyr\u00eb t\u00eb pakthyeshme. Nd\u00ebrsa ekonomia komb\u00ebtare po humbet eg\u00ebrsisht nj\u00eb resurs t\u00eb fort\u00eb, bashk\u00eb me mjedisin q\u00eb do t\u00eb vuaj\u00eb pasoja t\u00eb r\u00ebnd\u00eb p\u00ebr dekada me radh\u00eb.<\/p>\n<p>N\u00eb k\u00ebto kushte, duhet q\u00eb t\u00eb adaptohen masa drastike, s\u00eb pari n\u00eb aspektin ligjor, ku njer\u00ebzit p\u00ebrgjegj\u00ebs p\u00ebr shkat\u00ebrrimin e pyjeve t\u00eb mos d\u00ebnohen me 20 mij\u00eb lek\u00eb gjob\u00eb apo 2-3 muaj burg, por Kodi Penal t\u00eb p\u00ebrshtatet p\u00ebr t\u2019iu p\u00ebrgjigjur situat\u00ebs s\u00eb r\u00ebnd\u00eb q\u00eb \u00ebsht\u00eb prodhuar. Paralelisht me adaptimin e masave m\u00eb t\u00eb r\u00ebnda penale, \u00ebsht\u00eb e nevojshme nd\u00ebrmarja e nj\u00eb moratoriumi p\u00ebr ndalimin e shfryt\u00ebzimit t\u00eb pyjeve, duke ditur se pjesa m\u00eb e madhe e atyre q\u00eb priten nuk shkojn\u00eb p\u00ebr t\u00eb furnizuar industrin\u00eb vendase t\u00eb p\u00ebrpunimit t\u00eb drurit, por eksportohet.<\/p>\n<p>Qeveria duhet t\u00eb ndaloj\u00eb drastikisht eksportin e l\u00ebnd\u00ebs drusore, p\u00ebr \u00e7far\u00ebdo q\u00ebllimi qoft\u00eb. Gjithashtu, qeveria duhet t\u00eb parashikoj\u00eb nj\u00eb strategji ripyll\u00ebzimi, ve\u00e7an\u00ebrisht n\u00eb rajonet ku pyjet i sh\u00ebrbejn\u00eb edhe turizmit si\u00e7 \u00ebsht\u00eb Parku Komb\u00ebtar i Lur\u00ebs, apo t\u00eb tjera parqe. Natyra do t\u00eb ket\u00eb n\u00ebvoj\u00eb p\u00ebr dekada t\u00eb rip\u00ebrt\u00ebrihet pas shkat\u00ebrrimit q\u00eb i \u00ebsht\u00eb b\u00ebr\u00eb, ndaj duhet q\u00eb vet\u00eb njeriu, t\u00eb zhb\u00ebj\u00eb tashm\u00eb at\u00eb q\u00eb b\u00ebri.<\/p>\n<p>N\u00ebse ne do t\u00eb vazhdojm\u00eb t\u00eb neglizojm\u00eb shkat\u00ebrrimin e natyr\u00ebs, do t\u00eb vazhdojm\u00eb t\u00eb presim e t\u00eb djegim n\u00eb m\u00ebnyr\u00eb barbare p\u00ebr t\u00eb fituar, at\u00ebher\u00eb nuk do t\u00eb jet\u00eb von\u00eb kur t\u00eb mbetemi n\u00eb nj\u00eb vend me male e kodra t\u00eb zhveshuar dhe ku erozioni t\u00eb nis\u00eb hakmarrjen q\u00eb do ta paguajn\u00eb breza t\u00eb t\u00ebr\u00eb. T\u00eb jemi t\u00eb sigurt\u00eb, se n\u00ebse ne nuk e ndalojm\u00eb k\u00ebt\u00eb val\u00eb shkat\u00ebrrimi, periudha q\u00eb po jetojm\u00eb tani do t\u00eb hyrj\u00eb n\u00eb histori si periudha e barbarize njer\u00ebzore ndaj natyr\u00ebs.<\/p>\n<p><em>Marre nga gazeta IDEA <\/em><\/p>\n<p>(<em>sg\/shqiptarja.com<\/em>)<\/p>\n","protected":false},"excerpt":{"rendered":"<p>Analize nga MENTOR KIKIA Dyshimet q\u00eb ka hedhur policia n\u00eb Kor\u00e7\u00eb, p\u00ebr djegien e pyjeve p\u00ebr arsye biznesi, nga nj\u00eb kompani q\u00eb shet pem\u00ebt gjysm\u00eb t\u00eb djegura apo t\u00eb thara nga zjarri n\u00eb Greqi p\u00ebr t\u00eb prodhuar qymyr druri, jan\u00eb nj\u00eb alarm i madh e i friksh\u00ebm. Kjo tregon se bab\u00ebzia e sip\u00ebrmarr\u00ebsve nuk njeh [&hellip;]<\/p>\n","protected":false},"author":1,"featured_media":0,"comment_status":"open","ping_status":"closed","sticky":false,"template":"","format":"standard","meta":{"footnotes":""},"categories":[2],"tags":[],"class_list":{"0":"post-4761","1":"post","2":"type-post","3":"status-publish","4":"format-standard","6":"category-artikuj"},"yoast_head":"<!-- This site is optimized with the Yoast SEO plugin v27.4 - https:\/\/yoast.com\/product\/yoast-seo-wordpress\/ -->\n<title>Moratorium p\u00ebr pyjet, t\u00eb mbillen Parqet Komb\u00ebtare - FjALA e LIR\u00cb - Arkivi<\/title>\n<meta name=\"robots\" content=\"index, follow, max-snippet:-1, max-image-preview:large, max-video-preview:-1\" \/>\n<link rel=\"canonical\" href=\"https:\/\/fjala.info\/2009-2015\/moratorium-per-pyjet-te-mbillen-parqet-kombetare\/\" \/>\n<meta property=\"og:locale\" content=\"sq_AL\" \/>\n<meta property=\"og:type\" content=\"article\" \/>\n<meta property=\"og:title\" content=\"Moratorium p\u00ebr pyjet, t\u00eb mbillen Parqet Komb\u00ebtare - FjALA e LIR\u00cb - Arkivi\" \/>\n<meta property=\"og:description\" content=\"Analize nga MENTOR KIKIA Dyshimet q\u00eb ka hedhur policia n\u00eb Kor\u00e7\u00eb, p\u00ebr djegien e pyjeve p\u00ebr arsye biznesi, nga nj\u00eb kompani q\u00eb shet pem\u00ebt gjysm\u00eb t\u00eb djegura apo t\u00eb thara nga zjarri n\u00eb Greqi p\u00ebr t\u00eb prodhuar qymyr druri, jan\u00eb nj\u00eb alarm i madh e i friksh\u00ebm. Kjo tregon se bab\u00ebzia e sip\u00ebrmarr\u00ebsve nuk njeh [&hellip;]\" \/>\n<meta property=\"og:url\" content=\"https:\/\/fjala.info\/2009-2015\/moratorium-per-pyjet-te-mbillen-parqet-kombetare\/\" \/>\n<meta property=\"og:site_name\" content=\"FjALA e LIR\u00cb - Arkivi\" \/>\n<meta property=\"article:published_time\" content=\"2012-09-02T14:16:26+00:00\" \/>\n<meta property=\"og:image\" content=\"http:\/\/www.fjala.info\/2012\/mentor_kikia.jpg\" \/>\n<meta name=\"author\" content=\"admin\" \/>\n<meta name=\"twitter:card\" content=\"summary_large_image\" \/>\n<meta name=\"twitter:label1\" content=\"Written by\" \/>\n\t<meta name=\"twitter:data1\" content=\"admin\" \/>\n\t<meta name=\"twitter:label2\" content=\"Est. reading time\" \/>\n\t<meta name=\"twitter:data2\" content=\"3 minutes\" \/>\n<script type=\"application\/ld+json\" class=\"yoast-schema-graph\">{\"@context\":\"https:\\\/\\\/schema.org\",\"@graph\":[{\"@type\":\"Article\",\"@id\":\"https:\\\/\\\/fjala.info\\\/2009-2015\\\/moratorium-per-pyjet-te-mbillen-parqet-kombetare\\\/#article\",\"isPartOf\":{\"@id\":\"https:\\\/\\\/fjala.info\\\/2009-2015\\\/moratorium-per-pyjet-te-mbillen-parqet-kombetare\\\/\"},\"author\":{\"name\":\"admin\",\"@id\":\"https:\\\/\\\/fjala.info\\\/2009-2015\\\/#\\\/schema\\\/person\\\/3aa1163ef05469c496fc94e77611ada2\"},\"headline\":\"Moratorium p\u00ebr pyjet, t\u00eb mbillen Parqet Komb\u00ebtare\",\"datePublished\":\"2012-09-02T14:16:26+00:00\",\"mainEntityOfPage\":{\"@id\":\"https:\\\/\\\/fjala.info\\\/2009-2015\\\/moratorium-per-pyjet-te-mbillen-parqet-kombetare\\\/\"},\"wordCount\":610,\"commentCount\":0,\"publisher\":{\"@id\":\"https:\\\/\\\/fjala.info\\\/2009-2015\\\/#organization\"},\"image\":{\"@id\":\"https:\\\/\\\/fjala.info\\\/2009-2015\\\/moratorium-per-pyjet-te-mbillen-parqet-kombetare\\\/#primaryimage\"},\"thumbnailUrl\":\"http:\\\/\\\/www.fjala.info\\\/2012\\\/mentor_kikia.jpg\",\"articleSection\":[\"Artikuj\"],\"inLanguage\":\"sq-AL\",\"potentialAction\":[{\"@type\":\"CommentAction\",\"name\":\"Comment\",\"target\":[\"https:\\\/\\\/fjala.info\\\/2009-2015\\\/moratorium-per-pyjet-te-mbillen-parqet-kombetare\\\/#respond\"]}]},{\"@type\":\"WebPage\",\"@id\":\"https:\\\/\\\/fjala.info\\\/2009-2015\\\/moratorium-per-pyjet-te-mbillen-parqet-kombetare\\\/\",\"url\":\"https:\\\/\\\/fjala.info\\\/2009-2015\\\/moratorium-per-pyjet-te-mbillen-parqet-kombetare\\\/\",\"name\":\"Moratorium p\u00ebr pyjet, t\u00eb mbillen Parqet Komb\u00ebtare - FjALA e LIR\u00cb - Arkivi\",\"isPartOf\":{\"@id\":\"https:\\\/\\\/fjala.info\\\/2009-2015\\\/#website\"},\"primaryImageOfPage\":{\"@id\":\"https:\\\/\\\/fjala.info\\\/2009-2015\\\/moratorium-per-pyjet-te-mbillen-parqet-kombetare\\\/#primaryimage\"},\"image\":{\"@id\":\"https:\\\/\\\/fjala.info\\\/2009-2015\\\/moratorium-per-pyjet-te-mbillen-parqet-kombetare\\\/#primaryimage\"},\"thumbnailUrl\":\"http:\\\/\\\/www.fjala.info\\\/2012\\\/mentor_kikia.jpg\",\"datePublished\":\"2012-09-02T14:16:26+00:00\",\"breadcrumb\":{\"@id\":\"https:\\\/\\\/fjala.info\\\/2009-2015\\\/moratorium-per-pyjet-te-mbillen-parqet-kombetare\\\/#breadcrumb\"},\"inLanguage\":\"sq-AL\",\"potentialAction\":[{\"@type\":\"ReadAction\",\"target\":[\"https:\\\/\\\/fjala.info\\\/2009-2015\\\/moratorium-per-pyjet-te-mbillen-parqet-kombetare\\\/\"]}]},{\"@type\":\"ImageObject\",\"inLanguage\":\"sq-AL\",\"@id\":\"https:\\\/\\\/fjala.info\\\/2009-2015\\\/moratorium-per-pyjet-te-mbillen-parqet-kombetare\\\/#primaryimage\",\"url\":\"http:\\\/\\\/www.fjala.info\\\/2012\\\/mentor_kikia.jpg\",\"contentUrl\":\"http:\\\/\\\/www.fjala.info\\\/2012\\\/mentor_kikia.jpg\"},{\"@type\":\"BreadcrumbList\",\"@id\":\"https:\\\/\\\/fjala.info\\\/2009-2015\\\/moratorium-per-pyjet-te-mbillen-parqet-kombetare\\\/#breadcrumb\",\"itemListElement\":[{\"@type\":\"ListItem\",\"position\":1,\"name\":\"Home\",\"item\":\"https:\\\/\\\/fjala.info\\\/2009-2015\\\/\"},{\"@type\":\"ListItem\",\"position\":2,\"name\":\"Moratorium p\u00ebr pyjet, t\u00eb mbillen Parqet Komb\u00ebtare\"}]},{\"@type\":\"WebSite\",\"@id\":\"https:\\\/\\\/fjala.info\\\/2009-2015\\\/#website\",\"url\":\"https:\\\/\\\/fjala.info\\\/2009-2015\\\/\",\"name\":\"FjALA e LIR\u00cb - Arkivi\",\"description\":\"Arkivi 2009-2015\",\"publisher\":{\"@id\":\"https:\\\/\\\/fjala.info\\\/2009-2015\\\/#organization\"},\"potentialAction\":[{\"@type\":\"SearchAction\",\"target\":{\"@type\":\"EntryPoint\",\"urlTemplate\":\"https:\\\/\\\/fjala.info\\\/2009-2015\\\/?s={search_term_string}\"},\"query-input\":{\"@type\":\"PropertyValueSpecification\",\"valueRequired\":true,\"valueName\":\"search_term_string\"}}],\"inLanguage\":\"sq-AL\"},{\"@type\":\"Organization\",\"@id\":\"https:\\\/\\\/fjala.info\\\/2009-2015\\\/#organization\",\"name\":\"FjALA e LIR\u00cb - Arkivi\",\"url\":\"https:\\\/\\\/fjala.info\\\/2009-2015\\\/\",\"logo\":{\"@type\":\"ImageObject\",\"inLanguage\":\"sq-AL\",\"@id\":\"https:\\\/\\\/fjala.info\\\/2009-2015\\\/#\\\/schema\\\/logo\\\/image\\\/\",\"url\":\"\",\"contentUrl\":\"\",\"caption\":\"FjALA e LIR\u00cb - Arkivi\"},\"image\":{\"@id\":\"https:\\\/\\\/fjala.info\\\/2009-2015\\\/#\\\/schema\\\/logo\\\/image\\\/\"}},{\"@type\":\"Person\",\"@id\":\"https:\\\/\\\/fjala.info\\\/2009-2015\\\/#\\\/schema\\\/person\\\/3aa1163ef05469c496fc94e77611ada2\",\"name\":\"admin\",\"image\":{\"@type\":\"ImageObject\",\"inLanguage\":\"sq-AL\",\"@id\":\"https:\\\/\\\/fjala.info\\\/2009-2015\\\/wp-content\\\/uploads\\\/2012\\\/02\\\/arben_cokaj-120x150.jpg\",\"url\":\"https:\\\/\\\/fjala.info\\\/2009-2015\\\/wp-content\\\/uploads\\\/2012\\\/02\\\/arben_cokaj-120x150.jpg\",\"contentUrl\":\"https:\\\/\\\/fjala.info\\\/2009-2015\\\/wp-content\\\/uploads\\\/2012\\\/02\\\/arben_cokaj-120x150.jpg\",\"caption\":\"admin\"},\"description\":\"Admin, Fjala e Lir\u00eb\",\"sameAs\":[\"https:\\\/\\\/fjala.info\\\/\"],\"url\":\"https:\\\/\\\/fjala.info\\\/2009-2015\\\/author\\\/admin\\\/\"}]}<\/script>\n<!-- \/ Yoast SEO plugin. -->","yoast_head_json":{"title":"Moratorium p\u00ebr pyjet, t\u00eb mbillen Parqet Komb\u00ebtare - FjALA e LIR\u00cb - Arkivi","robots":{"index":"index","follow":"follow","max-snippet":"max-snippet:-1","max-image-preview":"max-image-preview:large","max-video-preview":"max-video-preview:-1"},"canonical":"https:\/\/fjala.info\/2009-2015\/moratorium-per-pyjet-te-mbillen-parqet-kombetare\/","og_locale":"sq_AL","og_type":"article","og_title":"Moratorium p\u00ebr pyjet, t\u00eb mbillen Parqet Komb\u00ebtare - FjALA e LIR\u00cb - Arkivi","og_description":"Analize nga MENTOR KIKIA Dyshimet q\u00eb ka hedhur policia n\u00eb Kor\u00e7\u00eb, p\u00ebr djegien e pyjeve p\u00ebr arsye biznesi, nga nj\u00eb kompani q\u00eb shet pem\u00ebt gjysm\u00eb t\u00eb djegura apo t\u00eb thara nga zjarri n\u00eb Greqi p\u00ebr t\u00eb prodhuar qymyr druri, jan\u00eb nj\u00eb alarm i madh e i friksh\u00ebm. Kjo tregon se bab\u00ebzia e sip\u00ebrmarr\u00ebsve nuk njeh [&hellip;]","og_url":"https:\/\/fjala.info\/2009-2015\/moratorium-per-pyjet-te-mbillen-parqet-kombetare\/","og_site_name":"FjALA e LIR\u00cb - Arkivi","article_published_time":"2012-09-02T14:16:26+00:00","og_image":[{"url":"http:\/\/www.fjala.info\/2012\/mentor_kikia.jpg","type":"","width":"","height":""}],"author":"admin","twitter_card":"summary_large_image","twitter_misc":{"Written by":"admin","Est. reading time":"3 minutes"},"schema":{"@context":"https:\/\/schema.org","@graph":[{"@type":"Article","@id":"https:\/\/fjala.info\/2009-2015\/moratorium-per-pyjet-te-mbillen-parqet-kombetare\/#article","isPartOf":{"@id":"https:\/\/fjala.info\/2009-2015\/moratorium-per-pyjet-te-mbillen-parqet-kombetare\/"},"author":{"name":"admin","@id":"https:\/\/fjala.info\/2009-2015\/#\/schema\/person\/3aa1163ef05469c496fc94e77611ada2"},"headline":"Moratorium p\u00ebr pyjet, t\u00eb mbillen Parqet Komb\u00ebtare","datePublished":"2012-09-02T14:16:26+00:00","mainEntityOfPage":{"@id":"https:\/\/fjala.info\/2009-2015\/moratorium-per-pyjet-te-mbillen-parqet-kombetare\/"},"wordCount":610,"commentCount":0,"publisher":{"@id":"https:\/\/fjala.info\/2009-2015\/#organization"},"image":{"@id":"https:\/\/fjala.info\/2009-2015\/moratorium-per-pyjet-te-mbillen-parqet-kombetare\/#primaryimage"},"thumbnailUrl":"http:\/\/www.fjala.info\/2012\/mentor_kikia.jpg","articleSection":["Artikuj"],"inLanguage":"sq-AL","potentialAction":[{"@type":"CommentAction","name":"Comment","target":["https:\/\/fjala.info\/2009-2015\/moratorium-per-pyjet-te-mbillen-parqet-kombetare\/#respond"]}]},{"@type":"WebPage","@id":"https:\/\/fjala.info\/2009-2015\/moratorium-per-pyjet-te-mbillen-parqet-kombetare\/","url":"https:\/\/fjala.info\/2009-2015\/moratorium-per-pyjet-te-mbillen-parqet-kombetare\/","name":"Moratorium p\u00ebr pyjet, t\u00eb mbillen Parqet Komb\u00ebtare - FjALA e LIR\u00cb - Arkivi","isPartOf":{"@id":"https:\/\/fjala.info\/2009-2015\/#website"},"primaryImageOfPage":{"@id":"https:\/\/fjala.info\/2009-2015\/moratorium-per-pyjet-te-mbillen-parqet-kombetare\/#primaryimage"},"image":{"@id":"https:\/\/fjala.info\/2009-2015\/moratorium-per-pyjet-te-mbillen-parqet-kombetare\/#primaryimage"},"thumbnailUrl":"http:\/\/www.fjala.info\/2012\/mentor_kikia.jpg","datePublished":"2012-09-02T14:16:26+00:00","breadcrumb":{"@id":"https:\/\/fjala.info\/2009-2015\/moratorium-per-pyjet-te-mbillen-parqet-kombetare\/#breadcrumb"},"inLanguage":"sq-AL","potentialAction":[{"@type":"ReadAction","target":["https:\/\/fjala.info\/2009-2015\/moratorium-per-pyjet-te-mbillen-parqet-kombetare\/"]}]},{"@type":"ImageObject","inLanguage":"sq-AL","@id":"https:\/\/fjala.info\/2009-2015\/moratorium-per-pyjet-te-mbillen-parqet-kombetare\/#primaryimage","url":"http:\/\/www.fjala.info\/2012\/mentor_kikia.jpg","contentUrl":"http:\/\/www.fjala.info\/2012\/mentor_kikia.jpg"},{"@type":"BreadcrumbList","@id":"https:\/\/fjala.info\/2009-2015\/moratorium-per-pyjet-te-mbillen-parqet-kombetare\/#breadcrumb","itemListElement":[{"@type":"ListItem","position":1,"name":"Home","item":"https:\/\/fjala.info\/2009-2015\/"},{"@type":"ListItem","position":2,"name":"Moratorium p\u00ebr pyjet, t\u00eb mbillen Parqet Komb\u00ebtare"}]},{"@type":"WebSite","@id":"https:\/\/fjala.info\/2009-2015\/#website","url":"https:\/\/fjala.info\/2009-2015\/","name":"FjALA e LIR\u00cb - Arkivi","description":"Arkivi 2009-2015","publisher":{"@id":"https:\/\/fjala.info\/2009-2015\/#organization"},"potentialAction":[{"@type":"SearchAction","target":{"@type":"EntryPoint","urlTemplate":"https:\/\/fjala.info\/2009-2015\/?s={search_term_string}"},"query-input":{"@type":"PropertyValueSpecification","valueRequired":true,"valueName":"search_term_string"}}],"inLanguage":"sq-AL"},{"@type":"Organization","@id":"https:\/\/fjala.info\/2009-2015\/#organization","name":"FjALA e LIR\u00cb - Arkivi","url":"https:\/\/fjala.info\/2009-2015\/","logo":{"@type":"ImageObject","inLanguage":"sq-AL","@id":"https:\/\/fjala.info\/2009-2015\/#\/schema\/logo\/image\/","url":"","contentUrl":"","caption":"FjALA e LIR\u00cb - Arkivi"},"image":{"@id":"https:\/\/fjala.info\/2009-2015\/#\/schema\/logo\/image\/"}},{"@type":"Person","@id":"https:\/\/fjala.info\/2009-2015\/#\/schema\/person\/3aa1163ef05469c496fc94e77611ada2","name":"admin","image":{"@type":"ImageObject","inLanguage":"sq-AL","@id":"https:\/\/fjala.info\/2009-2015\/wp-content\/uploads\/2012\/02\/arben_cokaj-120x150.jpg","url":"https:\/\/fjala.info\/2009-2015\/wp-content\/uploads\/2012\/02\/arben_cokaj-120x150.jpg","contentUrl":"https:\/\/fjala.info\/2009-2015\/wp-content\/uploads\/2012\/02\/arben_cokaj-120x150.jpg","caption":"admin"},"description":"Admin, Fjala e Lir\u00eb","sameAs":["https:\/\/fjala.info\/"],"url":"https:\/\/fjala.info\/2009-2015\/author\/admin\/"}]}},"_links":{"self":[{"href":"https:\/\/fjala.info\/2009-2015\/wp-json\/wp\/v2\/posts\/4761","targetHints":{"allow":["GET"]}}],"collection":[{"href":"https:\/\/fjala.info\/2009-2015\/wp-json\/wp\/v2\/posts"}],"about":[{"href":"https:\/\/fjala.info\/2009-2015\/wp-json\/wp\/v2\/types\/post"}],"author":[{"embeddable":true,"href":"https:\/\/fjala.info\/2009-2015\/wp-json\/wp\/v2\/users\/1"}],"replies":[{"embeddable":true,"href":"https:\/\/fjala.info\/2009-2015\/wp-json\/wp\/v2\/comments?post=4761"}],"version-history":[{"count":0,"href":"https:\/\/fjala.info\/2009-2015\/wp-json\/wp\/v2\/posts\/4761\/revisions"}],"wp:attachment":[{"href":"https:\/\/fjala.info\/2009-2015\/wp-json\/wp\/v2\/media?parent=4761"}],"wp:term":[{"taxonomy":"category","embeddable":true,"href":"https:\/\/fjala.info\/2009-2015\/wp-json\/wp\/v2\/categories?post=4761"},{"taxonomy":"post_tag","embeddable":true,"href":"https:\/\/fjala.info\/2009-2015\/wp-json\/wp\/v2\/tags?post=4761"}],"curies":[{"name":"wp","href":"https:\/\/api.w.org\/{rel}","templated":true}]}}