{"id":4758,"date":"2015-11-04T23:15:02","date_gmt":"2015-11-04T22:15:02","guid":{"rendered":"http:\/\/www.fjala.info\/?p=4758"},"modified":"2015-11-04T23:15:02","modified_gmt":"2015-11-04T22:15:02","slug":"istogu-qender-e-muzeut-memorial-ibrahim-rugova","status":"publish","type":"post","link":"https:\/\/fjala.info\/2009-2015\/istogu-qender-e-muzeut-memorial-ibrahim-rugova\/","title":{"rendered":"Istogu, qend\u00ebr e Muzeut Memorial Ibrahim Rugova"},"content":{"rendered":"<p><strong>Xhevat Rexhaj<\/strong><\/p>\n<p><strong>Po nd\u00ebrtojm\u00eb n\u00eb Istog: Muzeun Memorial IBRAHIM RUGOVA <\/strong><\/p>\n<p>Urime e g\u00ebzime t\u00eb gjith\u00eb institucionalist\u00ebve t\u00eb Republik\u00ebs ton\u00eb! Kryetari i Istogut Haki Rugova bashk\u00eb me bashk\u00ebpun\u00fc\u00ebtoret e vet ka finalizuar projektin dhe ka filue nd\u00ebrtimin e Muzeut.<\/p>\n<p><img decoding=\"async\" class=\"aligncenter\" title=\"Istogu - memorial p\u00ebr Ibrahim Rugov\u00ebn\" src=\"http:\/\/www.fjala.info\/2015\/istogu_qender_ibrahim_rugova.jpg\" alt=\"\" width=\"500\" \/><\/p>\n<p>Na istogasit me durim e urt\u00ebsi jemi n\u00eb ecje. Nj\u00eb shqiptar\u00eb q\u00eb lindi me 2 dhjetor t\u00eb vitit 1944 n\u00eb Cerrc\u00eb t\u00eb Istogut dhe i cili jetoi vet\u00ebm 39 dit\u00eb me babain e vet, ngase me 10 janar 1945 4etnik\u00ebt ia vran\u00eb bab\u00ebn\u00eb Uk\u00eb Rugov\u00ebn, m\u00eb von\u00eb do sh\u00ebndrrohej n\u00eb nj\u00eb Profet shekulli dhe themelues shteti e emni i tij do jetoi sa t\u00eb jetojm\u00eb ne shqiptar\u00ebt: IBRAHIM RUGOVA, President Historik i Republik\u00ebs s\u00eb Kosov\u00ebs&#8230;<\/p>\n<p><img decoding=\"async\" class=\"aligncenter\" title=\"Istogu - memorial p\u00ebr Ibrahim Rugov\u00ebn\" src=\"http:\/\/www.fjala.info\/2015\/istogu_qender_ibrahim_rugova1.jpg\" alt=\"\" width=\"500\" \/><\/p>\n<p>Ne istogasit do ngrisim nj\u00eb Muze Memorial Ibrahim Rugova n\u00eb qend\u00ebr t\u00eb Istogut. T\u00eb gjith\u00eb juve miq\u00eb e dashamir\u00eb e adhurues milionsha t\u00eb Rugov\u00ebs une ju them: Urime se t\u00eb gjith\u00eb g\u00ebzohemi, le t\u00eb jet\u00eb nj\u00eb pik\u00eb takimi dhe nj\u00eb pik\u00eb memorie p\u00ebr ne.<br \/>\nXhevat Rexhaj<\/p>\n","protected":false},"excerpt":{"rendered":"<p>Xhevat Rexhaj Po nd\u00ebrtojm\u00eb n\u00eb Istog: Muzeun Memorial IBRAHIM RUGOVA Urime e g\u00ebzime t\u00eb gjith\u00eb institucionalist\u00ebve t\u00eb Republik\u00ebs ton\u00eb! Kryetari i Istogut Haki Rugova bashk\u00eb me bashk\u00ebpun\u00fc\u00ebtoret e vet ka finalizuar projektin dhe ka filue nd\u00ebrtimin e Muzeut. Na istogasit me durim e urt\u00ebsi jemi n\u00eb ecje. Nj\u00eb shqiptar\u00eb q\u00eb lindi me 2 dhjetor t\u00eb [&hellip;]<\/p>\n","protected":false},"author":1,"featured_media":0,"comment_status":"open","ping_status":"closed","sticky":false,"template":"","format":"standard","meta":{"footnotes":""},"categories":[2,5],"tags":[],"class_list":{"0":"post-4758","1":"post","2":"type-post","3":"status-publish","4":"format-standard","6":"category-artikuj","7":"category-lajme"},"yoast_head":"<!-- This site is optimized with the Yoast SEO plugin v27.4 - https:\/\/yoast.com\/product\/yoast-seo-wordpress\/ -->\n<title>Istogu, qend\u00ebr e Muzeut Memorial Ibrahim Rugova - FjALA e LIR\u00cb - Arkivi<\/title>\n<meta name=\"robots\" content=\"index, follow, max-snippet:-1, max-image-preview:large, max-video-preview:-1\" \/>\n<link rel=\"canonical\" href=\"https:\/\/fjala.info\/2009-2015\/istogu-qender-e-muzeut-memorial-ibrahim-rugova\/\" \/>\n<meta property=\"og:locale\" content=\"sq_AL\" \/>\n<meta property=\"og:type\" content=\"article\" \/>\n<meta property=\"og:title\" content=\"Istogu, qend\u00ebr e Muzeut Memorial Ibrahim Rugova - FjALA e LIR\u00cb - Arkivi\" \/>\n<meta property=\"og:description\" content=\"Xhevat Rexhaj Po nd\u00ebrtojm\u00eb n\u00eb Istog: Muzeun Memorial IBRAHIM RUGOVA Urime e g\u00ebzime t\u00eb gjith\u00eb institucionalist\u00ebve t\u00eb Republik\u00ebs ton\u00eb! Kryetari i Istogut Haki Rugova bashk\u00eb me bashk\u00ebpun\u00fc\u00ebtoret e vet ka finalizuar projektin dhe ka filue nd\u00ebrtimin e Muzeut. Na istogasit me durim e urt\u00ebsi jemi n\u00eb ecje. Nj\u00eb shqiptar\u00eb q\u00eb lindi me 2 dhjetor t\u00eb [&hellip;]\" \/>\n<meta property=\"og:url\" content=\"https:\/\/fjala.info\/2009-2015\/istogu-qender-e-muzeut-memorial-ibrahim-rugova\/\" \/>\n<meta property=\"og:site_name\" content=\"FjALA e LIR\u00cb - Arkivi\" \/>\n<meta property=\"article:published_time\" content=\"2015-11-04T22:15:02+00:00\" \/>\n<meta property=\"og:image\" content=\"http:\/\/www.fjala.info\/2015\/istogu_qender_ibrahim_rugova.jpg\" \/>\n<meta name=\"author\" content=\"admin\" \/>\n<meta name=\"twitter:card\" content=\"summary_large_image\" \/>\n<meta name=\"twitter:label1\" content=\"Written by\" \/>\n\t<meta name=\"twitter:data1\" content=\"admin\" \/>\n\t<meta name=\"twitter:label2\" content=\"Est. reading time\" \/>\n\t<meta name=\"twitter:data2\" content=\"1 minute\" \/>\n<script type=\"application\/ld+json\" class=\"yoast-schema-graph\">{\"@context\":\"https:\\\/\\\/schema.org\",\"@graph\":[{\"@type\":\"Article\",\"@id\":\"https:\\\/\\\/fjala.info\\\/2009-2015\\\/istogu-qender-e-muzeut-memorial-ibrahim-rugova\\\/#article\",\"isPartOf\":{\"@id\":\"https:\\\/\\\/fjala.info\\\/2009-2015\\\/istogu-qender-e-muzeut-memorial-ibrahim-rugova\\\/\"},\"author\":{\"name\":\"admin\",\"@id\":\"https:\\\/\\\/fjala.info\\\/2009-2015\\\/#\\\/schema\\\/person\\\/3aa1163ef05469c496fc94e77611ada2\"},\"headline\":\"Istogu, qend\u00ebr e Muzeut Memorial Ibrahim Rugova\",\"datePublished\":\"2015-11-04T22:15:02+00:00\",\"mainEntityOfPage\":{\"@id\":\"https:\\\/\\\/fjala.info\\\/2009-2015\\\/istogu-qender-e-muzeut-memorial-ibrahim-rugova\\\/\"},\"wordCount\":182,\"commentCount\":0,\"publisher\":{\"@id\":\"https:\\\/\\\/fjala.info\\\/2009-2015\\\/#organization\"},\"image\":{\"@id\":\"https:\\\/\\\/fjala.info\\\/2009-2015\\\/istogu-qender-e-muzeut-memorial-ibrahim-rugova\\\/#primaryimage\"},\"thumbnailUrl\":\"http:\\\/\\\/www.fjala.info\\\/2015\\\/istogu_qender_ibrahim_rugova.jpg\",\"articleSection\":[\"Artikuj\",\"Lajme\"],\"inLanguage\":\"sq-AL\",\"potentialAction\":[{\"@type\":\"CommentAction\",\"name\":\"Comment\",\"target\":[\"https:\\\/\\\/fjala.info\\\/2009-2015\\\/istogu-qender-e-muzeut-memorial-ibrahim-rugova\\\/#respond\"]}]},{\"@type\":\"WebPage\",\"@id\":\"https:\\\/\\\/fjala.info\\\/2009-2015\\\/istogu-qender-e-muzeut-memorial-ibrahim-rugova\\\/\",\"url\":\"https:\\\/\\\/fjala.info\\\/2009-2015\\\/istogu-qender-e-muzeut-memorial-ibrahim-rugova\\\/\",\"name\":\"Istogu, qend\u00ebr e Muzeut Memorial Ibrahim Rugova - FjALA e LIR\u00cb - Arkivi\",\"isPartOf\":{\"@id\":\"https:\\\/\\\/fjala.info\\\/2009-2015\\\/#website\"},\"primaryImageOfPage\":{\"@id\":\"https:\\\/\\\/fjala.info\\\/2009-2015\\\/istogu-qender-e-muzeut-memorial-ibrahim-rugova\\\/#primaryimage\"},\"image\":{\"@id\":\"https:\\\/\\\/fjala.info\\\/2009-2015\\\/istogu-qender-e-muzeut-memorial-ibrahim-rugova\\\/#primaryimage\"},\"thumbnailUrl\":\"http:\\\/\\\/www.fjala.info\\\/2015\\\/istogu_qender_ibrahim_rugova.jpg\",\"datePublished\":\"2015-11-04T22:15:02+00:00\",\"breadcrumb\":{\"@id\":\"https:\\\/\\\/fjala.info\\\/2009-2015\\\/istogu-qender-e-muzeut-memorial-ibrahim-rugova\\\/#breadcrumb\"},\"inLanguage\":\"sq-AL\",\"potentialAction\":[{\"@type\":\"ReadAction\",\"target\":[\"https:\\\/\\\/fjala.info\\\/2009-2015\\\/istogu-qender-e-muzeut-memorial-ibrahim-rugova\\\/\"]}]},{\"@type\":\"ImageObject\",\"inLanguage\":\"sq-AL\",\"@id\":\"https:\\\/\\\/fjala.info\\\/2009-2015\\\/istogu-qender-e-muzeut-memorial-ibrahim-rugova\\\/#primaryimage\",\"url\":\"http:\\\/\\\/www.fjala.info\\\/2015\\\/istogu_qender_ibrahim_rugova.jpg\",\"contentUrl\":\"http:\\\/\\\/www.fjala.info\\\/2015\\\/istogu_qender_ibrahim_rugova.jpg\"},{\"@type\":\"BreadcrumbList\",\"@id\":\"https:\\\/\\\/fjala.info\\\/2009-2015\\\/istogu-qender-e-muzeut-memorial-ibrahim-rugova\\\/#breadcrumb\",\"itemListElement\":[{\"@type\":\"ListItem\",\"position\":1,\"name\":\"Home\",\"item\":\"https:\\\/\\\/fjala.info\\\/2009-2015\\\/\"},{\"@type\":\"ListItem\",\"position\":2,\"name\":\"Istogu, qend\u00ebr e Muzeut Memorial Ibrahim Rugova\"}]},{\"@type\":\"WebSite\",\"@id\":\"https:\\\/\\\/fjala.info\\\/2009-2015\\\/#website\",\"url\":\"https:\\\/\\\/fjala.info\\\/2009-2015\\\/\",\"name\":\"FjALA e LIR\u00cb - Arkivi\",\"description\":\"Arkivi 2009-2015\",\"publisher\":{\"@id\":\"https:\\\/\\\/fjala.info\\\/2009-2015\\\/#organization\"},\"potentialAction\":[{\"@type\":\"SearchAction\",\"target\":{\"@type\":\"EntryPoint\",\"urlTemplate\":\"https:\\\/\\\/fjala.info\\\/2009-2015\\\/?s={search_term_string}\"},\"query-input\":{\"@type\":\"PropertyValueSpecification\",\"valueRequired\":true,\"valueName\":\"search_term_string\"}}],\"inLanguage\":\"sq-AL\"},{\"@type\":\"Organization\",\"@id\":\"https:\\\/\\\/fjala.info\\\/2009-2015\\\/#organization\",\"name\":\"FjALA e LIR\u00cb - Arkivi\",\"url\":\"https:\\\/\\\/fjala.info\\\/2009-2015\\\/\",\"logo\":{\"@type\":\"ImageObject\",\"inLanguage\":\"sq-AL\",\"@id\":\"https:\\\/\\\/fjala.info\\\/2009-2015\\\/#\\\/schema\\\/logo\\\/image\\\/\",\"url\":\"\",\"contentUrl\":\"\",\"caption\":\"FjALA e LIR\u00cb - Arkivi\"},\"image\":{\"@id\":\"https:\\\/\\\/fjala.info\\\/2009-2015\\\/#\\\/schema\\\/logo\\\/image\\\/\"}},{\"@type\":\"Person\",\"@id\":\"https:\\\/\\\/fjala.info\\\/2009-2015\\\/#\\\/schema\\\/person\\\/3aa1163ef05469c496fc94e77611ada2\",\"name\":\"admin\",\"image\":{\"@type\":\"ImageObject\",\"inLanguage\":\"sq-AL\",\"@id\":\"https:\\\/\\\/fjala.info\\\/2009-2015\\\/wp-content\\\/uploads\\\/2012\\\/02\\\/arben_cokaj-120x150.jpg\",\"url\":\"https:\\\/\\\/fjala.info\\\/2009-2015\\\/wp-content\\\/uploads\\\/2012\\\/02\\\/arben_cokaj-120x150.jpg\",\"contentUrl\":\"https:\\\/\\\/fjala.info\\\/2009-2015\\\/wp-content\\\/uploads\\\/2012\\\/02\\\/arben_cokaj-120x150.jpg\",\"caption\":\"admin\"},\"description\":\"Admin, Fjala e Lir\u00eb\",\"sameAs\":[\"https:\\\/\\\/fjala.info\\\/\"],\"url\":\"https:\\\/\\\/fjala.info\\\/2009-2015\\\/author\\\/admin\\\/\"}]}<\/script>\n<!-- \/ Yoast SEO plugin. -->","yoast_head_json":{"title":"Istogu, qend\u00ebr e Muzeut Memorial Ibrahim Rugova - FjALA e LIR\u00cb - Arkivi","robots":{"index":"index","follow":"follow","max-snippet":"max-snippet:-1","max-image-preview":"max-image-preview:large","max-video-preview":"max-video-preview:-1"},"canonical":"https:\/\/fjala.info\/2009-2015\/istogu-qender-e-muzeut-memorial-ibrahim-rugova\/","og_locale":"sq_AL","og_type":"article","og_title":"Istogu, qend\u00ebr e Muzeut Memorial Ibrahim Rugova - FjALA e LIR\u00cb - Arkivi","og_description":"Xhevat Rexhaj Po nd\u00ebrtojm\u00eb n\u00eb Istog: Muzeun Memorial IBRAHIM RUGOVA Urime e g\u00ebzime t\u00eb gjith\u00eb institucionalist\u00ebve t\u00eb Republik\u00ebs ton\u00eb! Kryetari i Istogut Haki Rugova bashk\u00eb me bashk\u00ebpun\u00fc\u00ebtoret e vet ka finalizuar projektin dhe ka filue nd\u00ebrtimin e Muzeut. Na istogasit me durim e urt\u00ebsi jemi n\u00eb ecje. Nj\u00eb shqiptar\u00eb q\u00eb lindi me 2 dhjetor t\u00eb [&hellip;]","og_url":"https:\/\/fjala.info\/2009-2015\/istogu-qender-e-muzeut-memorial-ibrahim-rugova\/","og_site_name":"FjALA e LIR\u00cb - Arkivi","article_published_time":"2015-11-04T22:15:02+00:00","og_image":[{"url":"http:\/\/www.fjala.info\/2015\/istogu_qender_ibrahim_rugova.jpg","type":"","width":"","height":""}],"author":"admin","twitter_card":"summary_large_image","twitter_misc":{"Written by":"admin","Est. reading time":"1 minute"},"schema":{"@context":"https:\/\/schema.org","@graph":[{"@type":"Article","@id":"https:\/\/fjala.info\/2009-2015\/istogu-qender-e-muzeut-memorial-ibrahim-rugova\/#article","isPartOf":{"@id":"https:\/\/fjala.info\/2009-2015\/istogu-qender-e-muzeut-memorial-ibrahim-rugova\/"},"author":{"name":"admin","@id":"https:\/\/fjala.info\/2009-2015\/#\/schema\/person\/3aa1163ef05469c496fc94e77611ada2"},"headline":"Istogu, qend\u00ebr e Muzeut Memorial Ibrahim Rugova","datePublished":"2015-11-04T22:15:02+00:00","mainEntityOfPage":{"@id":"https:\/\/fjala.info\/2009-2015\/istogu-qender-e-muzeut-memorial-ibrahim-rugova\/"},"wordCount":182,"commentCount":0,"publisher":{"@id":"https:\/\/fjala.info\/2009-2015\/#organization"},"image":{"@id":"https:\/\/fjala.info\/2009-2015\/istogu-qender-e-muzeut-memorial-ibrahim-rugova\/#primaryimage"},"thumbnailUrl":"http:\/\/www.fjala.info\/2015\/istogu_qender_ibrahim_rugova.jpg","articleSection":["Artikuj","Lajme"],"inLanguage":"sq-AL","potentialAction":[{"@type":"CommentAction","name":"Comment","target":["https:\/\/fjala.info\/2009-2015\/istogu-qender-e-muzeut-memorial-ibrahim-rugova\/#respond"]}]},{"@type":"WebPage","@id":"https:\/\/fjala.info\/2009-2015\/istogu-qender-e-muzeut-memorial-ibrahim-rugova\/","url":"https:\/\/fjala.info\/2009-2015\/istogu-qender-e-muzeut-memorial-ibrahim-rugova\/","name":"Istogu, qend\u00ebr e Muzeut Memorial Ibrahim Rugova - FjALA e LIR\u00cb - Arkivi","isPartOf":{"@id":"https:\/\/fjala.info\/2009-2015\/#website"},"primaryImageOfPage":{"@id":"https:\/\/fjala.info\/2009-2015\/istogu-qender-e-muzeut-memorial-ibrahim-rugova\/#primaryimage"},"image":{"@id":"https:\/\/fjala.info\/2009-2015\/istogu-qender-e-muzeut-memorial-ibrahim-rugova\/#primaryimage"},"thumbnailUrl":"http:\/\/www.fjala.info\/2015\/istogu_qender_ibrahim_rugova.jpg","datePublished":"2015-11-04T22:15:02+00:00","breadcrumb":{"@id":"https:\/\/fjala.info\/2009-2015\/istogu-qender-e-muzeut-memorial-ibrahim-rugova\/#breadcrumb"},"inLanguage":"sq-AL","potentialAction":[{"@type":"ReadAction","target":["https:\/\/fjala.info\/2009-2015\/istogu-qender-e-muzeut-memorial-ibrahim-rugova\/"]}]},{"@type":"ImageObject","inLanguage":"sq-AL","@id":"https:\/\/fjala.info\/2009-2015\/istogu-qender-e-muzeut-memorial-ibrahim-rugova\/#primaryimage","url":"http:\/\/www.fjala.info\/2015\/istogu_qender_ibrahim_rugova.jpg","contentUrl":"http:\/\/www.fjala.info\/2015\/istogu_qender_ibrahim_rugova.jpg"},{"@type":"BreadcrumbList","@id":"https:\/\/fjala.info\/2009-2015\/istogu-qender-e-muzeut-memorial-ibrahim-rugova\/#breadcrumb","itemListElement":[{"@type":"ListItem","position":1,"name":"Home","item":"https:\/\/fjala.info\/2009-2015\/"},{"@type":"ListItem","position":2,"name":"Istogu, qend\u00ebr e Muzeut Memorial Ibrahim Rugova"}]},{"@type":"WebSite","@id":"https:\/\/fjala.info\/2009-2015\/#website","url":"https:\/\/fjala.info\/2009-2015\/","name":"FjALA e LIR\u00cb - Arkivi","description":"Arkivi 2009-2015","publisher":{"@id":"https:\/\/fjala.info\/2009-2015\/#organization"},"potentialAction":[{"@type":"SearchAction","target":{"@type":"EntryPoint","urlTemplate":"https:\/\/fjala.info\/2009-2015\/?s={search_term_string}"},"query-input":{"@type":"PropertyValueSpecification","valueRequired":true,"valueName":"search_term_string"}}],"inLanguage":"sq-AL"},{"@type":"Organization","@id":"https:\/\/fjala.info\/2009-2015\/#organization","name":"FjALA e LIR\u00cb - Arkivi","url":"https:\/\/fjala.info\/2009-2015\/","logo":{"@type":"ImageObject","inLanguage":"sq-AL","@id":"https:\/\/fjala.info\/2009-2015\/#\/schema\/logo\/image\/","url":"","contentUrl":"","caption":"FjALA e LIR\u00cb - Arkivi"},"image":{"@id":"https:\/\/fjala.info\/2009-2015\/#\/schema\/logo\/image\/"}},{"@type":"Person","@id":"https:\/\/fjala.info\/2009-2015\/#\/schema\/person\/3aa1163ef05469c496fc94e77611ada2","name":"admin","image":{"@type":"ImageObject","inLanguage":"sq-AL","@id":"https:\/\/fjala.info\/2009-2015\/wp-content\/uploads\/2012\/02\/arben_cokaj-120x150.jpg","url":"https:\/\/fjala.info\/2009-2015\/wp-content\/uploads\/2012\/02\/arben_cokaj-120x150.jpg","contentUrl":"https:\/\/fjala.info\/2009-2015\/wp-content\/uploads\/2012\/02\/arben_cokaj-120x150.jpg","caption":"admin"},"description":"Admin, Fjala e Lir\u00eb","sameAs":["https:\/\/fjala.info\/"],"url":"https:\/\/fjala.info\/2009-2015\/author\/admin\/"}]}},"_links":{"self":[{"href":"https:\/\/fjala.info\/2009-2015\/wp-json\/wp\/v2\/posts\/4758","targetHints":{"allow":["GET"]}}],"collection":[{"href":"https:\/\/fjala.info\/2009-2015\/wp-json\/wp\/v2\/posts"}],"about":[{"href":"https:\/\/fjala.info\/2009-2015\/wp-json\/wp\/v2\/types\/post"}],"author":[{"embeddable":true,"href":"https:\/\/fjala.info\/2009-2015\/wp-json\/wp\/v2\/users\/1"}],"replies":[{"embeddable":true,"href":"https:\/\/fjala.info\/2009-2015\/wp-json\/wp\/v2\/comments?post=4758"}],"version-history":[{"count":0,"href":"https:\/\/fjala.info\/2009-2015\/wp-json\/wp\/v2\/posts\/4758\/revisions"}],"wp:attachment":[{"href":"https:\/\/fjala.info\/2009-2015\/wp-json\/wp\/v2\/media?parent=4758"}],"wp:term":[{"taxonomy":"category","embeddable":true,"href":"https:\/\/fjala.info\/2009-2015\/wp-json\/wp\/v2\/categories?post=4758"},{"taxonomy":"post_tag","embeddable":true,"href":"https:\/\/fjala.info\/2009-2015\/wp-json\/wp\/v2\/tags?post=4758"}],"curies":[{"name":"wp","href":"https:\/\/api.w.org\/{rel}","templated":true}]}}