{"id":4757,"date":"2012-09-02T15:07:15","date_gmt":"2012-09-02T14:07:15","guid":{"rendered":"http:\/\/www.fjala.info\/?p=4757"},"modified":"2012-09-02T15:07:15","modified_gmt":"2012-09-02T14:07:15","slug":"aleanca-kuqezi-tjetersimi-i-territorit-per-berishen-burgim-te-perjetshem","status":"publish","type":"post","link":"https:\/\/fjala.info\/2009-2015\/aleanca-kuqezi-tjetersimi-i-territorit-per-berishen-burgim-te-perjetshem\/","title":{"rendered":"Aleanca KuqeZi: Tjet\u00ebrsimi i territorit, p\u00ebr Berish\u00ebn burgim t\u00eb p\u00ebrjetsh\u00ebm"},"content":{"rendered":"<p><img decoding=\"async\" class=\"alignright size-thumbnail wp-image-7236\" title=\"Neni 208\" src=\"http:\/\/www.fjala.info\/2012\/neni208.jpg\" alt=\"\" width=\"300\" \/> <strong>TemA Online<\/strong>, <em>2 Shtator 2012<\/em><\/p>\n<p>Kreu i Aleanc\u00ebs Kuq e Zi thirri sot departamentin Juridik me jurist\u00ebt dhe ekspert\u00ebt e ligjit p\u00ebr t\u00eb komunikuar nisjen e fushat\u00ebs \u201cFYTYRAT E KRIMIT\u201d.<\/p>\n<p>Aleanca Kuq e Zi do hetore dhe p\u00ebrgatis\u00eb dosjen penale p\u00ebr cdo politikan apo funsionar t\u00eb lart\u00eb t\u00eb shtetit q\u00eb kryen krime.<\/p>\n<p>Fotot e politikanit, vendi i krimit dhe referenca ligjore do t\u2019i tregohen publikut, por dhe dosjet do d\u00ebrgohen n\u00eb prokurori nga jurist\u00ebt e Aleanc\u00ebs Kuq e Zi.<\/p>\n<p>Departamenti ligjeve i Aleanc\u00ebs KuqeZi publikoi posterin e kryeministrit Berisha, foto e cilis ishte nd\u00ebrtuar me vendngjarjet e krimeve t\u00eb kryera nga 1997 deri n\u00eb marveshjen p\u00ebr dor\u00ebzimin e teritorit t\u00eb kanalit t\u00eb Korfuzit pjes\u00ebrisht n\u00eb favor t\u00eb shtetit grek.<\/p>\n<p>Nd\u00ebr t\u00eb tjera, kreu i Aleanc\u00ebs KuqeZi, Kreshnik Spahiu deklaroi se, \u201cparlamenti i ri KuqeZi si dhe qeverija e kuqezinjve pas pak muajsh do i japin fund amnistis\u00eb q\u00eb demokrat\u00ebt dhe socialist\u00ebt i b\u00ebn\u00eb nj\u00ebri tjetrit. 8 vite qeverisje demokrat\u00ebsh nuk u nd\u00ebshkua asnj\u00eb socialist dhe 8 vite socialist\u00ebsh nuk u nd\u00ebshkua asnj\u00eb demokrat. P\u00ebr k\u00ebto arsye Aleanca KuqeZi ka vendosur t\u00eb nis me dosjen e par\u00eb penale q\u00eb i p\u00ebrket shtetasit Sali Berisha p\u00ebr vepr\u00ebn penale t\u00eb parashikuar nga;<\/p>\n<p>\u2022 Neni 208 i Kodit Penal<br \/>\n\u2022 Dor\u00ebzimi i Territorit<br \/>\n\u2022 Dor\u00ebzimi plot\u00ebsisht apo pjes\u00ebrisht i territorit t\u00eb nj\u00eb shteti apo fuqie t\u00eb huaj, me q\u00ebllim p\u00ebr t\u00eb c\u00ebnuar pavar\u00ebsin\u00eb dhe integritetin e vendit, d\u00ebnohet me burgim jo m\u00eb pak se pes\u00ebmbedhjet\u00eb vjet ose me burgim t\u00eb p\u00ebrjetsh\u00ebm.<\/p>\n<p>\u2022 Neni 210 i Kodit Penal<br \/>\n\u2022 Marr\u00ebveshja p\u00ebr Dor\u00ebzim Territori<br \/>\n\u2022 Marr\u00ebveshja e b\u00ebr\u00eb me fuqi apo shtete t\u00eb huaja p\u00ebr dor\u00ebzim pjes\u00ebrisht ose t\u00ebr\u00ebsisht t\u00eb territorit apo t\u00eb forcave t\u00eb armatosura e materialeve mbrojt\u00ebse, me q\u00ebllim p\u00ebr t\u00eb c\u00ebnuar intgritetin e vendit, d\u00ebnohet me burgim nga pes\u00eb gjer n\u00eb dhjet\u00eb vjet.\u201d<\/p>\n<p>Kreu i Aleanc\u00ebs KuqeZi i k\u00ebrkoi departamentit juridik dhe ekspert\u00ebve q\u00eb t\u00eb punojn\u00eb p\u00ebr dosjen e shtetasit Sali Berisha dhe ta p\u00ebrgatisin at\u00eb p\u00ebrpara 100 vjetorit t\u00eb pavar\u00ebsis\u00eb. Kjo dosje tashm\u00eb duhet referuar n\u00eb vendimin e Gjykat\u00ebs Kushtetuese ku qeveria e kryesuar nga kryeministri Berisha ka shkelur hapur kushtetut\u00ebn dhe integritetin teritorial t\u00eb Republik\u00ebs Shqip\u00ebris\u00eb. Nd\u00ebr t\u00eb tjera Kreshnik Spahiu theksoi se:<\/p>\n<p>\u201c \u00cbsht\u00eb n\u00eb moralin e nj\u00eb shoq\u00ebrie q\u00eb jo vet\u00ebm t\u00eb vler\u00ebsoj heronjt\u00eb dhe rilindasit por edhe t\u00eb nd\u00ebshkoj tradh\u00ebtar\u00ebt e kombit apo ata q\u00eb kryejn\u00eb krime. Shteti dhe shoq\u00ebria shqiptare nuk do ken\u00eb stabilitet n\u00ebse nuk do vendosim nj\u00eb shtet t\u00eb hekurt ligjor n\u00ebp\u00ebrmjet nd\u00ebshkimit t\u00eb qeveriterve q\u00eb kan\u00eb kryer krime, ky \u00ebsht\u00eb respekti m\u00eb i madh q\u00eb ne mund t\u00eb kemi p\u00ebr historin\u00eb dhe integritetin e vendit. Shqip\u00ebria ka nevoj t\u00eb aplikoj p\u00ebr modelin kroat q\u00eb d\u00ebrgoj n\u00eb bankon e t\u00eb akuzuarve ish kryeministrin Sanader si precedent besimi p\u00ebr t\u2019iu hapur dyert n\u00eb procesin e integrimit Europian\u201d.<\/p>\n<p>Kjo nism\u00eb e Aleanc\u00ebs Kuq e Zi do t\u00eb vazhdoj\u00eb t\u00eb zbatohet p\u00ebr p\u00ebr cdo minist\u00ebr, deputet, kryetar bashkie, komune demokrat dhe socialist q\u00eb ka kryer vepra penale me q\u00ebllim q\u00eb publiku t\u00eb jet\u00eb i nd\u00ebrgjeqsh\u00ebm q\u00eb pas disa muajsh nj\u00eb shtet i ri do t\u00eb pastroj vendin nga politikan\u00ebt kriminel.<\/p>\n","protected":false},"excerpt":{"rendered":"<p>TemA Online, 2 Shtator 2012 Kreu i Aleanc\u00ebs Kuq e Zi thirri sot departamentin Juridik me jurist\u00ebt dhe ekspert\u00ebt e ligjit p\u00ebr t\u00eb komunikuar nisjen e fushat\u00ebs \u201cFYTYRAT E KRIMIT\u201d. Aleanca Kuq e Zi do hetore dhe p\u00ebrgatis\u00eb dosjen penale p\u00ebr cdo politikan apo funsionar t\u00eb lart\u00eb t\u00eb shtetit q\u00eb kryen krime. Fotot e politikanit, [&hellip;]<\/p>\n","protected":false},"author":1,"featured_media":0,"comment_status":"open","ping_status":"closed","sticky":false,"template":"","format":"standard","meta":{"footnotes":""},"categories":[2,5],"tags":[],"class_list":{"0":"post-4757","1":"post","2":"type-post","3":"status-publish","4":"format-standard","6":"category-artikuj","7":"category-lajme"},"yoast_head":"<!-- This site is optimized with the Yoast SEO plugin v27.4 - https:\/\/yoast.com\/product\/yoast-seo-wordpress\/ -->\n<title>Aleanca KuqeZi: Tjet\u00ebrsimi i territorit, p\u00ebr Berish\u00ebn burgim t\u00eb p\u00ebrjetsh\u00ebm - FjALA e LIR\u00cb - Arkivi<\/title>\n<meta name=\"robots\" content=\"index, follow, max-snippet:-1, max-image-preview:large, max-video-preview:-1\" \/>\n<link rel=\"canonical\" href=\"https:\/\/fjala.info\/2009-2015\/aleanca-kuqezi-tjetersimi-i-territorit-per-berishen-burgim-te-perjetshem\/\" \/>\n<meta property=\"og:locale\" content=\"sq_AL\" \/>\n<meta property=\"og:type\" content=\"article\" \/>\n<meta property=\"og:title\" content=\"Aleanca KuqeZi: Tjet\u00ebrsimi i territorit, p\u00ebr Berish\u00ebn burgim t\u00eb p\u00ebrjetsh\u00ebm - FjALA e LIR\u00cb - Arkivi\" \/>\n<meta property=\"og:description\" content=\"TemA Online, 2 Shtator 2012 Kreu i Aleanc\u00ebs Kuq e Zi thirri sot departamentin Juridik me jurist\u00ebt dhe ekspert\u00ebt e ligjit p\u00ebr t\u00eb komunikuar nisjen e fushat\u00ebs \u201cFYTYRAT E KRIMIT\u201d. Aleanca Kuq e Zi do hetore dhe p\u00ebrgatis\u00eb dosjen penale p\u00ebr cdo politikan apo funsionar t\u00eb lart\u00eb t\u00eb shtetit q\u00eb kryen krime. Fotot e politikanit, [&hellip;]\" \/>\n<meta property=\"og:url\" content=\"https:\/\/fjala.info\/2009-2015\/aleanca-kuqezi-tjetersimi-i-territorit-per-berishen-burgim-te-perjetshem\/\" \/>\n<meta property=\"og:site_name\" content=\"FjALA e LIR\u00cb - Arkivi\" \/>\n<meta property=\"article:published_time\" content=\"2012-09-02T14:07:15+00:00\" \/>\n<meta property=\"og:image\" content=\"http:\/\/www.fjala.info\/2012\/neni208.jpg\" \/>\n<meta name=\"author\" content=\"admin\" \/>\n<meta name=\"twitter:card\" content=\"summary_large_image\" \/>\n<meta name=\"twitter:label1\" content=\"Written by\" \/>\n\t<meta name=\"twitter:data1\" content=\"admin\" \/>\n\t<meta name=\"twitter:label2\" content=\"Est. reading time\" \/>\n\t<meta name=\"twitter:data2\" content=\"3 minutes\" \/>\n<script type=\"application\/ld+json\" class=\"yoast-schema-graph\">{\"@context\":\"https:\\\/\\\/schema.org\",\"@graph\":[{\"@type\":\"Article\",\"@id\":\"https:\\\/\\\/fjala.info\\\/2009-2015\\\/aleanca-kuqezi-tjetersimi-i-territorit-per-berishen-burgim-te-perjetshem\\\/#article\",\"isPartOf\":{\"@id\":\"https:\\\/\\\/fjala.info\\\/2009-2015\\\/aleanca-kuqezi-tjetersimi-i-territorit-per-berishen-burgim-te-perjetshem\\\/\"},\"author\":{\"name\":\"admin\",\"@id\":\"https:\\\/\\\/fjala.info\\\/2009-2015\\\/#\\\/schema\\\/person\\\/3aa1163ef05469c496fc94e77611ada2\"},\"headline\":\"Aleanca KuqeZi: Tjet\u00ebrsimi i territorit, p\u00ebr Berish\u00ebn burgim t\u00eb p\u00ebrjetsh\u00ebm\",\"datePublished\":\"2012-09-02T14:07:15+00:00\",\"mainEntityOfPage\":{\"@id\":\"https:\\\/\\\/fjala.info\\\/2009-2015\\\/aleanca-kuqezi-tjetersimi-i-territorit-per-berishen-burgim-te-perjetshem\\\/\"},\"wordCount\":607,\"commentCount\":0,\"publisher\":{\"@id\":\"https:\\\/\\\/fjala.info\\\/2009-2015\\\/#organization\"},\"image\":{\"@id\":\"https:\\\/\\\/fjala.info\\\/2009-2015\\\/aleanca-kuqezi-tjetersimi-i-territorit-per-berishen-burgim-te-perjetshem\\\/#primaryimage\"},\"thumbnailUrl\":\"http:\\\/\\\/www.fjala.info\\\/2012\\\/neni208.jpg\",\"articleSection\":[\"Artikuj\",\"Lajme\"],\"inLanguage\":\"sq-AL\",\"potentialAction\":[{\"@type\":\"CommentAction\",\"name\":\"Comment\",\"target\":[\"https:\\\/\\\/fjala.info\\\/2009-2015\\\/aleanca-kuqezi-tjetersimi-i-territorit-per-berishen-burgim-te-perjetshem\\\/#respond\"]}]},{\"@type\":\"WebPage\",\"@id\":\"https:\\\/\\\/fjala.info\\\/2009-2015\\\/aleanca-kuqezi-tjetersimi-i-territorit-per-berishen-burgim-te-perjetshem\\\/\",\"url\":\"https:\\\/\\\/fjala.info\\\/2009-2015\\\/aleanca-kuqezi-tjetersimi-i-territorit-per-berishen-burgim-te-perjetshem\\\/\",\"name\":\"Aleanca KuqeZi: Tjet\u00ebrsimi i territorit, p\u00ebr Berish\u00ebn burgim t\u00eb p\u00ebrjetsh\u00ebm - FjALA e LIR\u00cb - Arkivi\",\"isPartOf\":{\"@id\":\"https:\\\/\\\/fjala.info\\\/2009-2015\\\/#website\"},\"primaryImageOfPage\":{\"@id\":\"https:\\\/\\\/fjala.info\\\/2009-2015\\\/aleanca-kuqezi-tjetersimi-i-territorit-per-berishen-burgim-te-perjetshem\\\/#primaryimage\"},\"image\":{\"@id\":\"https:\\\/\\\/fjala.info\\\/2009-2015\\\/aleanca-kuqezi-tjetersimi-i-territorit-per-berishen-burgim-te-perjetshem\\\/#primaryimage\"},\"thumbnailUrl\":\"http:\\\/\\\/www.fjala.info\\\/2012\\\/neni208.jpg\",\"datePublished\":\"2012-09-02T14:07:15+00:00\",\"breadcrumb\":{\"@id\":\"https:\\\/\\\/fjala.info\\\/2009-2015\\\/aleanca-kuqezi-tjetersimi-i-territorit-per-berishen-burgim-te-perjetshem\\\/#breadcrumb\"},\"inLanguage\":\"sq-AL\",\"potentialAction\":[{\"@type\":\"ReadAction\",\"target\":[\"https:\\\/\\\/fjala.info\\\/2009-2015\\\/aleanca-kuqezi-tjetersimi-i-territorit-per-berishen-burgim-te-perjetshem\\\/\"]}]},{\"@type\":\"ImageObject\",\"inLanguage\":\"sq-AL\",\"@id\":\"https:\\\/\\\/fjala.info\\\/2009-2015\\\/aleanca-kuqezi-tjetersimi-i-territorit-per-berishen-burgim-te-perjetshem\\\/#primaryimage\",\"url\":\"http:\\\/\\\/www.fjala.info\\\/2012\\\/neni208.jpg\",\"contentUrl\":\"http:\\\/\\\/www.fjala.info\\\/2012\\\/neni208.jpg\"},{\"@type\":\"BreadcrumbList\",\"@id\":\"https:\\\/\\\/fjala.info\\\/2009-2015\\\/aleanca-kuqezi-tjetersimi-i-territorit-per-berishen-burgim-te-perjetshem\\\/#breadcrumb\",\"itemListElement\":[{\"@type\":\"ListItem\",\"position\":1,\"name\":\"Home\",\"item\":\"https:\\\/\\\/fjala.info\\\/2009-2015\\\/\"},{\"@type\":\"ListItem\",\"position\":2,\"name\":\"Aleanca KuqeZi: Tjet\u00ebrsimi i territorit, p\u00ebr Berish\u00ebn burgim t\u00eb p\u00ebrjetsh\u00ebm\"}]},{\"@type\":\"WebSite\",\"@id\":\"https:\\\/\\\/fjala.info\\\/2009-2015\\\/#website\",\"url\":\"https:\\\/\\\/fjala.info\\\/2009-2015\\\/\",\"name\":\"FjALA e LIR\u00cb - Arkivi\",\"description\":\"Arkivi 2009-2015\",\"publisher\":{\"@id\":\"https:\\\/\\\/fjala.info\\\/2009-2015\\\/#organization\"},\"potentialAction\":[{\"@type\":\"SearchAction\",\"target\":{\"@type\":\"EntryPoint\",\"urlTemplate\":\"https:\\\/\\\/fjala.info\\\/2009-2015\\\/?s={search_term_string}\"},\"query-input\":{\"@type\":\"PropertyValueSpecification\",\"valueRequired\":true,\"valueName\":\"search_term_string\"}}],\"inLanguage\":\"sq-AL\"},{\"@type\":\"Organization\",\"@id\":\"https:\\\/\\\/fjala.info\\\/2009-2015\\\/#organization\",\"name\":\"FjALA e LIR\u00cb - Arkivi\",\"url\":\"https:\\\/\\\/fjala.info\\\/2009-2015\\\/\",\"logo\":{\"@type\":\"ImageObject\",\"inLanguage\":\"sq-AL\",\"@id\":\"https:\\\/\\\/fjala.info\\\/2009-2015\\\/#\\\/schema\\\/logo\\\/image\\\/\",\"url\":\"\",\"contentUrl\":\"\",\"caption\":\"FjALA e LIR\u00cb - Arkivi\"},\"image\":{\"@id\":\"https:\\\/\\\/fjala.info\\\/2009-2015\\\/#\\\/schema\\\/logo\\\/image\\\/\"}},{\"@type\":\"Person\",\"@id\":\"https:\\\/\\\/fjala.info\\\/2009-2015\\\/#\\\/schema\\\/person\\\/3aa1163ef05469c496fc94e77611ada2\",\"name\":\"admin\",\"image\":{\"@type\":\"ImageObject\",\"inLanguage\":\"sq-AL\",\"@id\":\"https:\\\/\\\/fjala.info\\\/2009-2015\\\/wp-content\\\/uploads\\\/2012\\\/02\\\/arben_cokaj-120x150.jpg\",\"url\":\"https:\\\/\\\/fjala.info\\\/2009-2015\\\/wp-content\\\/uploads\\\/2012\\\/02\\\/arben_cokaj-120x150.jpg\",\"contentUrl\":\"https:\\\/\\\/fjala.info\\\/2009-2015\\\/wp-content\\\/uploads\\\/2012\\\/02\\\/arben_cokaj-120x150.jpg\",\"caption\":\"admin\"},\"description\":\"Admin, Fjala e Lir\u00eb\",\"sameAs\":[\"https:\\\/\\\/fjala.info\\\/\"],\"url\":\"https:\\\/\\\/fjala.info\\\/2009-2015\\\/author\\\/admin\\\/\"}]}<\/script>\n<!-- \/ Yoast SEO plugin. -->","yoast_head_json":{"title":"Aleanca KuqeZi: Tjet\u00ebrsimi i territorit, p\u00ebr Berish\u00ebn burgim t\u00eb p\u00ebrjetsh\u00ebm - FjALA e LIR\u00cb - Arkivi","robots":{"index":"index","follow":"follow","max-snippet":"max-snippet:-1","max-image-preview":"max-image-preview:large","max-video-preview":"max-video-preview:-1"},"canonical":"https:\/\/fjala.info\/2009-2015\/aleanca-kuqezi-tjetersimi-i-territorit-per-berishen-burgim-te-perjetshem\/","og_locale":"sq_AL","og_type":"article","og_title":"Aleanca KuqeZi: Tjet\u00ebrsimi i territorit, p\u00ebr Berish\u00ebn burgim t\u00eb p\u00ebrjetsh\u00ebm - FjALA e LIR\u00cb - Arkivi","og_description":"TemA Online, 2 Shtator 2012 Kreu i Aleanc\u00ebs Kuq e Zi thirri sot departamentin Juridik me jurist\u00ebt dhe ekspert\u00ebt e ligjit p\u00ebr t\u00eb komunikuar nisjen e fushat\u00ebs \u201cFYTYRAT E KRIMIT\u201d. Aleanca Kuq e Zi do hetore dhe p\u00ebrgatis\u00eb dosjen penale p\u00ebr cdo politikan apo funsionar t\u00eb lart\u00eb t\u00eb shtetit q\u00eb kryen krime. Fotot e politikanit, [&hellip;]","og_url":"https:\/\/fjala.info\/2009-2015\/aleanca-kuqezi-tjetersimi-i-territorit-per-berishen-burgim-te-perjetshem\/","og_site_name":"FjALA e LIR\u00cb - Arkivi","article_published_time":"2012-09-02T14:07:15+00:00","og_image":[{"url":"http:\/\/www.fjala.info\/2012\/neni208.jpg","type":"","width":"","height":""}],"author":"admin","twitter_card":"summary_large_image","twitter_misc":{"Written by":"admin","Est. reading time":"3 minutes"},"schema":{"@context":"https:\/\/schema.org","@graph":[{"@type":"Article","@id":"https:\/\/fjala.info\/2009-2015\/aleanca-kuqezi-tjetersimi-i-territorit-per-berishen-burgim-te-perjetshem\/#article","isPartOf":{"@id":"https:\/\/fjala.info\/2009-2015\/aleanca-kuqezi-tjetersimi-i-territorit-per-berishen-burgim-te-perjetshem\/"},"author":{"name":"admin","@id":"https:\/\/fjala.info\/2009-2015\/#\/schema\/person\/3aa1163ef05469c496fc94e77611ada2"},"headline":"Aleanca KuqeZi: Tjet\u00ebrsimi i territorit, p\u00ebr Berish\u00ebn burgim t\u00eb p\u00ebrjetsh\u00ebm","datePublished":"2012-09-02T14:07:15+00:00","mainEntityOfPage":{"@id":"https:\/\/fjala.info\/2009-2015\/aleanca-kuqezi-tjetersimi-i-territorit-per-berishen-burgim-te-perjetshem\/"},"wordCount":607,"commentCount":0,"publisher":{"@id":"https:\/\/fjala.info\/2009-2015\/#organization"},"image":{"@id":"https:\/\/fjala.info\/2009-2015\/aleanca-kuqezi-tjetersimi-i-territorit-per-berishen-burgim-te-perjetshem\/#primaryimage"},"thumbnailUrl":"http:\/\/www.fjala.info\/2012\/neni208.jpg","articleSection":["Artikuj","Lajme"],"inLanguage":"sq-AL","potentialAction":[{"@type":"CommentAction","name":"Comment","target":["https:\/\/fjala.info\/2009-2015\/aleanca-kuqezi-tjetersimi-i-territorit-per-berishen-burgim-te-perjetshem\/#respond"]}]},{"@type":"WebPage","@id":"https:\/\/fjala.info\/2009-2015\/aleanca-kuqezi-tjetersimi-i-territorit-per-berishen-burgim-te-perjetshem\/","url":"https:\/\/fjala.info\/2009-2015\/aleanca-kuqezi-tjetersimi-i-territorit-per-berishen-burgim-te-perjetshem\/","name":"Aleanca KuqeZi: Tjet\u00ebrsimi i territorit, p\u00ebr Berish\u00ebn burgim t\u00eb p\u00ebrjetsh\u00ebm - FjALA e LIR\u00cb - Arkivi","isPartOf":{"@id":"https:\/\/fjala.info\/2009-2015\/#website"},"primaryImageOfPage":{"@id":"https:\/\/fjala.info\/2009-2015\/aleanca-kuqezi-tjetersimi-i-territorit-per-berishen-burgim-te-perjetshem\/#primaryimage"},"image":{"@id":"https:\/\/fjala.info\/2009-2015\/aleanca-kuqezi-tjetersimi-i-territorit-per-berishen-burgim-te-perjetshem\/#primaryimage"},"thumbnailUrl":"http:\/\/www.fjala.info\/2012\/neni208.jpg","datePublished":"2012-09-02T14:07:15+00:00","breadcrumb":{"@id":"https:\/\/fjala.info\/2009-2015\/aleanca-kuqezi-tjetersimi-i-territorit-per-berishen-burgim-te-perjetshem\/#breadcrumb"},"inLanguage":"sq-AL","potentialAction":[{"@type":"ReadAction","target":["https:\/\/fjala.info\/2009-2015\/aleanca-kuqezi-tjetersimi-i-territorit-per-berishen-burgim-te-perjetshem\/"]}]},{"@type":"ImageObject","inLanguage":"sq-AL","@id":"https:\/\/fjala.info\/2009-2015\/aleanca-kuqezi-tjetersimi-i-territorit-per-berishen-burgim-te-perjetshem\/#primaryimage","url":"http:\/\/www.fjala.info\/2012\/neni208.jpg","contentUrl":"http:\/\/www.fjala.info\/2012\/neni208.jpg"},{"@type":"BreadcrumbList","@id":"https:\/\/fjala.info\/2009-2015\/aleanca-kuqezi-tjetersimi-i-territorit-per-berishen-burgim-te-perjetshem\/#breadcrumb","itemListElement":[{"@type":"ListItem","position":1,"name":"Home","item":"https:\/\/fjala.info\/2009-2015\/"},{"@type":"ListItem","position":2,"name":"Aleanca KuqeZi: Tjet\u00ebrsimi i territorit, p\u00ebr Berish\u00ebn burgim t\u00eb p\u00ebrjetsh\u00ebm"}]},{"@type":"WebSite","@id":"https:\/\/fjala.info\/2009-2015\/#website","url":"https:\/\/fjala.info\/2009-2015\/","name":"FjALA e LIR\u00cb - Arkivi","description":"Arkivi 2009-2015","publisher":{"@id":"https:\/\/fjala.info\/2009-2015\/#organization"},"potentialAction":[{"@type":"SearchAction","target":{"@type":"EntryPoint","urlTemplate":"https:\/\/fjala.info\/2009-2015\/?s={search_term_string}"},"query-input":{"@type":"PropertyValueSpecification","valueRequired":true,"valueName":"search_term_string"}}],"inLanguage":"sq-AL"},{"@type":"Organization","@id":"https:\/\/fjala.info\/2009-2015\/#organization","name":"FjALA e LIR\u00cb - Arkivi","url":"https:\/\/fjala.info\/2009-2015\/","logo":{"@type":"ImageObject","inLanguage":"sq-AL","@id":"https:\/\/fjala.info\/2009-2015\/#\/schema\/logo\/image\/","url":"","contentUrl":"","caption":"FjALA e LIR\u00cb - Arkivi"},"image":{"@id":"https:\/\/fjala.info\/2009-2015\/#\/schema\/logo\/image\/"}},{"@type":"Person","@id":"https:\/\/fjala.info\/2009-2015\/#\/schema\/person\/3aa1163ef05469c496fc94e77611ada2","name":"admin","image":{"@type":"ImageObject","inLanguage":"sq-AL","@id":"https:\/\/fjala.info\/2009-2015\/wp-content\/uploads\/2012\/02\/arben_cokaj-120x150.jpg","url":"https:\/\/fjala.info\/2009-2015\/wp-content\/uploads\/2012\/02\/arben_cokaj-120x150.jpg","contentUrl":"https:\/\/fjala.info\/2009-2015\/wp-content\/uploads\/2012\/02\/arben_cokaj-120x150.jpg","caption":"admin"},"description":"Admin, Fjala e Lir\u00eb","sameAs":["https:\/\/fjala.info\/"],"url":"https:\/\/fjala.info\/2009-2015\/author\/admin\/"}]}},"_links":{"self":[{"href":"https:\/\/fjala.info\/2009-2015\/wp-json\/wp\/v2\/posts\/4757","targetHints":{"allow":["GET"]}}],"collection":[{"href":"https:\/\/fjala.info\/2009-2015\/wp-json\/wp\/v2\/posts"}],"about":[{"href":"https:\/\/fjala.info\/2009-2015\/wp-json\/wp\/v2\/types\/post"}],"author":[{"embeddable":true,"href":"https:\/\/fjala.info\/2009-2015\/wp-json\/wp\/v2\/users\/1"}],"replies":[{"embeddable":true,"href":"https:\/\/fjala.info\/2009-2015\/wp-json\/wp\/v2\/comments?post=4757"}],"version-history":[{"count":0,"href":"https:\/\/fjala.info\/2009-2015\/wp-json\/wp\/v2\/posts\/4757\/revisions"}],"wp:attachment":[{"href":"https:\/\/fjala.info\/2009-2015\/wp-json\/wp\/v2\/media?parent=4757"}],"wp:term":[{"taxonomy":"category","embeddable":true,"href":"https:\/\/fjala.info\/2009-2015\/wp-json\/wp\/v2\/categories?post=4757"},{"taxonomy":"post_tag","embeddable":true,"href":"https:\/\/fjala.info\/2009-2015\/wp-json\/wp\/v2\/tags?post=4757"}],"curies":[{"name":"wp","href":"https:\/\/api.w.org\/{rel}","templated":true}]}}