{"id":4756,"date":"2010-11-15T07:26:27","date_gmt":"2010-11-15T06:26:27","guid":{"rendered":"http:\/\/fjala.shkoder.net\/?p=4756"},"modified":"2010-11-15T07:26:27","modified_gmt":"2010-11-15T06:26:27","slug":"ballkani-mund-te-deshtoje","status":"publish","type":"post","link":"https:\/\/fjala.info\/2009-2015\/ballkani-mund-te-deshtoje\/","title":{"rendered":"Ballkani mund t\u00eb d\u00ebshtoj\u00eb"},"content":{"rendered":"<p><strong>Shekulli Online<\/strong>, <em>15.11.2010<\/em><\/p>\n<p><em><strong>SHTYPI BOTEROR<\/strong><\/em><\/p>\n<p><strong>Soren J. Petersen<\/strong> <em>dhe<\/em> <strong>Daniel SerWer<\/strong><\/p>\n<p>N\u00eb koh\u00ebn kur NATO-ja, Shtetet e Bashkuara, Bashkimi Evropian dhe OSBE-ja p\u00ebrgatiten p\u00ebr takimet e samitit k\u00ebt\u00eb vjesht\u00eb, Ballkani ka gjas\u00eb ta prish\u00eb fest\u00ebn.<\/p>\n<p>Procesi i nd\u00ebrtimit t\u00eb paqes n\u00eb rajon ka sh\u00ebnuar suksese t\u00eb jasht\u00ebzakonshme &#8211; p\u00ebrfundimi i luft\u00ebs n\u00eb Bosnj\u00eb, r\u00ebnia e Sllobodan Milloshevi\u00e7it dhe ngritja e nj\u00eb Serbie demokratike, pavar\u00ebsia e Kosov\u00ebs, perspektiva evropiane e Kroacis\u00eb &#8211; por, nj\u00ebkoh\u00ebsisht, d\u00ebshtimi n\u00eb Ballkan \u00ebsht\u00eb ende mund\u00ebsi dhe do t\u00eb turp\u00ebronte evropian\u00ebt dhe amerikan\u00ebt nj\u00ebsoj.<\/p>\n<p>Jan\u00eb tri \u00e7\u00ebshtje q\u00eb p\u00ebrndjekin k\u00ebt\u00eb rajon: Bosnja dhe Hercegovina \u00ebsht\u00eb nj\u00eb shtet q\u00eb vazhdon t\u00eb jet\u00eb i z\u00ebn\u00eb n\u00eb tensione t\u00eb vazhdueshme etnike, ndon\u00ebse aktualisht jo t\u00eb dhunshme; raportet midis Kosov\u00ebs dhe Serbis\u00eb mbesin t\u00eb pazgjidhura; Maqedonia nuk \u00ebsht\u00eb n\u00eb gjendje t&#8217;i bashkohet NATO-s ose Bashkimit Evropian p\u00ebrderisa nuk zgjidhet kontestimi i emrit nga Greqia.<\/p>\n<p>Problemet e Bosnj\u00ebs, rr\u00ebnj\u00ebt i kan\u00eb n\u00eb Kushtetut\u00ebn e imponuar mbi fraksionet q\u00eb ishin n\u00eb luft\u00eb 15 vjet m\u00eb par\u00eb, gjat\u00eb bisedimeve paq\u00ebsore t\u00eb Dejtonit. Si e till\u00eb, krijon nj\u00eb shtet jofunksional dhe t\u00eb paaft\u00eb p\u00ebr t&#8217;i p\u00ebrmbushur k\u00ebrkesat, qoft\u00eb p\u00ebr an\u00ebtar\u00ebsim n\u00eb NATO apo BE.<\/p>\n<p>P\u00ebr Kosov\u00ebn, Asambleja e P\u00ebrgjithshme e Kombeve t\u00eb Bashkuara n\u00eb tetor ka rekomanduar q\u00eb bisedimet midis Prishtin\u00ebs dhe Beogradit mbi \u00e7\u00ebshtjet praktike, t\u00eb fillojn\u00eb me nd\u00ebrmjet\u00ebsimin e Bashkimit Evropian dhe mb\u00ebshtetjen e Shteteve t\u00eb Bashkuara.<\/p>\n<p>\u00cbsht\u00eb kjo nj\u00eb ide e mir\u00eb dhe \u00ebsht\u00eb koha p\u00ebr ta b\u00ebr\u00eb, por Beogradi \u00ebsht\u00eb ai q\u00eb do t\u00eb p\u00ebrpiqet t&#8217;i shfryt\u00ebzoj\u00eb k\u00ebto bisedime p\u00ebr t\u00eb sugjeruar &#8220;p\u00ebrmir\u00ebsime&#8221; t\u00eb kufijve t\u00eb Kosov\u00ebs, duke ia lejuar Serbis\u00eb q\u00eb t\u00eb absorboj\u00eb komunitetin serb n\u00eb veri t\u00eb Kosov\u00ebs.<\/p>\n<p>Kjo l\u00ebvizje e kufijve p\u00ebr t&#8217;i akomoduar dallimet etnike \u00ebsht\u00eb e rrezikshme dhe do t&#8217;i hapte \u00e7\u00ebshtjet e diskutueshme mbi kufijt\u00eb n\u00eb gjith\u00eb Ballkanin: padyshim n\u00eb Maqedoni dhe n\u00eb Bosnj\u00eb, por gjithashtu edhe n\u00eb rajonet e banuara me shqiptar\u00eb n\u00eb jug t\u00eb Serbis\u00eb dhe n\u00eb Mal t\u00eb Zi.<\/p>\n<p>N\u00eb an\u00ebn tjet\u00ebr, Qeveria n\u00eb Shkup p\u00ebrballet me nj\u00eb betej\u00eb n\u00eb rritje me Athin\u00ebn, e cila synon q\u00eb Maqedonia t\u00eb kualifikohet n\u00eb nj\u00eb m\u00ebnyr\u00eb tjet\u00ebr. Pa zgjidhjen e k\u00ebsaj \u00e7\u00ebshtjeje, Maqedonia do t\u00eb ket\u00eb p\u00ebrball\u00eb nj\u00eb situat\u00eb t\u00eb gjat\u00eb dhe t\u00eb r\u00ebnd\u00eb, pa an\u00ebtar\u00ebsim n\u00eb NATO, p\u00ebr t\u00eb cil\u00ebn ka qen\u00eb e p\u00ebrgatitur, dhe pa nj\u00eb prospekt serioz p\u00ebr an\u00ebtar\u00ebsim n\u00eb BE.<\/p>\n<p>Misioni i nd\u00ebrtimit t\u00eb paqes n\u00eb Ballkan ende nuk ka p\u00ebrfunduar, edhe 15 vjet pas nj\u00eb bashk\u00ebpunimi t\u00eb ngusht\u00eb midis Shteteve t\u00eb Bashkuara dhe Bashkimit Evropian.<\/p>\n<p>Vet\u00ebm at\u00ebher\u00eb kur vendet e k\u00ebtij rajoni t\u00eb gjenden n\u00eb nj\u00eb kurs t\u00eb pakthyesh\u00ebm drejt Bashkimit Evropian, ne mund t\u00eb jemi n\u00eb gjendje t\u00eb festojm\u00eb.<\/p>\n<p>Gjasat jan\u00eb q\u00eb kjo t\u00eb realizohet p\u00ebr pes\u00eb vjet. Deri at\u00ebher\u00eb, duhet ta mbajm\u00eb Ballkanin n\u00eb binar\u00eb, duke siguruar q\u00eb Bosnja, Kosova dhe Maqedonia t\u00eb jen\u00eb n\u00eb tren.<\/p>\n<p>* <em>Ky artikull \u00ebsht\u00eb botuar n\u00eb t\u00eb p\u00ebrditshmen amerikane New York Times. Autor\u00ebt Soren Jessen Petersen dhe Daniel SerWer jan\u00eb ligj\u00ebrues n\u00eb Universitetin Georgetown. Ata kan\u00eb punuar n\u00eb \u00e7\u00ebshtjen e Ballkanit p\u00ebr 15 vjet<\/em>.<\/p>\n","protected":false},"excerpt":{"rendered":"<p>Shekulli Online, 15.11.2010 SHTYPI BOTEROR Soren J. Petersen dhe Daniel SerWer N\u00eb koh\u00ebn kur NATO-ja, Shtetet e Bashkuara, Bashkimi Evropian dhe OSBE-ja p\u00ebrgatiten p\u00ebr takimet e samitit k\u00ebt\u00eb vjesht\u00eb, Ballkani ka gjas\u00eb ta prish\u00eb fest\u00ebn. Procesi i nd\u00ebrtimit t\u00eb paqes n\u00eb rajon ka sh\u00ebnuar suksese t\u00eb jasht\u00ebzakonshme &#8211; p\u00ebrfundimi i luft\u00ebs n\u00eb Bosnj\u00eb, r\u00ebnia e [&hellip;]<\/p>\n","protected":false},"author":1,"featured_media":0,"comment_status":"open","ping_status":"closed","sticky":false,"template":"","format":"standard","meta":{"footnotes":""},"categories":[2],"tags":[],"class_list":{"0":"post-4756","1":"post","2":"type-post","3":"status-publish","4":"format-standard","6":"category-artikuj"},"yoast_head":"<!-- This site is optimized with the Yoast SEO plugin v27.4 - https:\/\/yoast.com\/product\/yoast-seo-wordpress\/ -->\n<title>Ballkani mund t\u00eb d\u00ebshtoj\u00eb - FjALA e LIR\u00cb - Arkivi<\/title>\n<meta name=\"robots\" content=\"index, follow, max-snippet:-1, max-image-preview:large, max-video-preview:-1\" \/>\n<link rel=\"canonical\" href=\"https:\/\/fjala.info\/2009-2015\/ballkani-mund-te-deshtoje\/\" \/>\n<meta property=\"og:locale\" content=\"sq_AL\" \/>\n<meta property=\"og:type\" content=\"article\" \/>\n<meta property=\"og:title\" content=\"Ballkani mund t\u00eb d\u00ebshtoj\u00eb - FjALA e LIR\u00cb - Arkivi\" \/>\n<meta property=\"og:description\" content=\"Shekulli Online, 15.11.2010 SHTYPI BOTEROR Soren J. Petersen dhe Daniel SerWer N\u00eb koh\u00ebn kur NATO-ja, Shtetet e Bashkuara, Bashkimi Evropian dhe OSBE-ja p\u00ebrgatiten p\u00ebr takimet e samitit k\u00ebt\u00eb vjesht\u00eb, Ballkani ka gjas\u00eb ta prish\u00eb fest\u00ebn. Procesi i nd\u00ebrtimit t\u00eb paqes n\u00eb rajon ka sh\u00ebnuar suksese t\u00eb jasht\u00ebzakonshme &#8211; p\u00ebrfundimi i luft\u00ebs n\u00eb Bosnj\u00eb, r\u00ebnia e [&hellip;]\" \/>\n<meta property=\"og:url\" content=\"https:\/\/fjala.info\/2009-2015\/ballkani-mund-te-deshtoje\/\" \/>\n<meta property=\"og:site_name\" content=\"FjALA e LIR\u00cb - Arkivi\" \/>\n<meta property=\"article:published_time\" content=\"2010-11-15T06:26:27+00:00\" \/>\n<meta name=\"author\" content=\"admin\" \/>\n<meta name=\"twitter:card\" content=\"summary_large_image\" \/>\n<meta name=\"twitter:label1\" content=\"Written by\" \/>\n\t<meta name=\"twitter:data1\" content=\"admin\" \/>\n\t<meta name=\"twitter:label2\" content=\"Est. reading time\" \/>\n\t<meta name=\"twitter:data2\" content=\"3 minutes\" \/>\n<script type=\"application\/ld+json\" class=\"yoast-schema-graph\">{\"@context\":\"https:\\\/\\\/schema.org\",\"@graph\":[{\"@type\":\"Article\",\"@id\":\"https:\\\/\\\/fjala.info\\\/2009-2015\\\/ballkani-mund-te-deshtoje\\\/#article\",\"isPartOf\":{\"@id\":\"https:\\\/\\\/fjala.info\\\/2009-2015\\\/ballkani-mund-te-deshtoje\\\/\"},\"author\":{\"name\":\"admin\",\"@id\":\"https:\\\/\\\/fjala.info\\\/2009-2015\\\/#\\\/schema\\\/person\\\/3aa1163ef05469c496fc94e77611ada2\"},\"headline\":\"Ballkani mund t\u00eb d\u00ebshtoj\u00eb\",\"datePublished\":\"2010-11-15T06:26:27+00:00\",\"mainEntityOfPage\":{\"@id\":\"https:\\\/\\\/fjala.info\\\/2009-2015\\\/ballkani-mund-te-deshtoje\\\/\"},\"wordCount\":585,\"commentCount\":0,\"publisher\":{\"@id\":\"https:\\\/\\\/fjala.info\\\/2009-2015\\\/#organization\"},\"articleSection\":[\"Artikuj\"],\"inLanguage\":\"sq-AL\",\"potentialAction\":[{\"@type\":\"CommentAction\",\"name\":\"Comment\",\"target\":[\"https:\\\/\\\/fjala.info\\\/2009-2015\\\/ballkani-mund-te-deshtoje\\\/#respond\"]}]},{\"@type\":\"WebPage\",\"@id\":\"https:\\\/\\\/fjala.info\\\/2009-2015\\\/ballkani-mund-te-deshtoje\\\/\",\"url\":\"https:\\\/\\\/fjala.info\\\/2009-2015\\\/ballkani-mund-te-deshtoje\\\/\",\"name\":\"Ballkani mund t\u00eb d\u00ebshtoj\u00eb - FjALA e LIR\u00cb - Arkivi\",\"isPartOf\":{\"@id\":\"https:\\\/\\\/fjala.info\\\/2009-2015\\\/#website\"},\"datePublished\":\"2010-11-15T06:26:27+00:00\",\"breadcrumb\":{\"@id\":\"https:\\\/\\\/fjala.info\\\/2009-2015\\\/ballkani-mund-te-deshtoje\\\/#breadcrumb\"},\"inLanguage\":\"sq-AL\",\"potentialAction\":[{\"@type\":\"ReadAction\",\"target\":[\"https:\\\/\\\/fjala.info\\\/2009-2015\\\/ballkani-mund-te-deshtoje\\\/\"]}]},{\"@type\":\"BreadcrumbList\",\"@id\":\"https:\\\/\\\/fjala.info\\\/2009-2015\\\/ballkani-mund-te-deshtoje\\\/#breadcrumb\",\"itemListElement\":[{\"@type\":\"ListItem\",\"position\":1,\"name\":\"Home\",\"item\":\"https:\\\/\\\/fjala.info\\\/2009-2015\\\/\"},{\"@type\":\"ListItem\",\"position\":2,\"name\":\"Ballkani mund t\u00eb d\u00ebshtoj\u00eb\"}]},{\"@type\":\"WebSite\",\"@id\":\"https:\\\/\\\/fjala.info\\\/2009-2015\\\/#website\",\"url\":\"https:\\\/\\\/fjala.info\\\/2009-2015\\\/\",\"name\":\"FjALA e LIR\u00cb - Arkivi\",\"description\":\"Arkivi 2009-2015\",\"publisher\":{\"@id\":\"https:\\\/\\\/fjala.info\\\/2009-2015\\\/#organization\"},\"potentialAction\":[{\"@type\":\"SearchAction\",\"target\":{\"@type\":\"EntryPoint\",\"urlTemplate\":\"https:\\\/\\\/fjala.info\\\/2009-2015\\\/?s={search_term_string}\"},\"query-input\":{\"@type\":\"PropertyValueSpecification\",\"valueRequired\":true,\"valueName\":\"search_term_string\"}}],\"inLanguage\":\"sq-AL\"},{\"@type\":\"Organization\",\"@id\":\"https:\\\/\\\/fjala.info\\\/2009-2015\\\/#organization\",\"name\":\"FjALA e LIR\u00cb - Arkivi\",\"url\":\"https:\\\/\\\/fjala.info\\\/2009-2015\\\/\",\"logo\":{\"@type\":\"ImageObject\",\"inLanguage\":\"sq-AL\",\"@id\":\"https:\\\/\\\/fjala.info\\\/2009-2015\\\/#\\\/schema\\\/logo\\\/image\\\/\",\"url\":\"\",\"contentUrl\":\"\",\"caption\":\"FjALA e LIR\u00cb - Arkivi\"},\"image\":{\"@id\":\"https:\\\/\\\/fjala.info\\\/2009-2015\\\/#\\\/schema\\\/logo\\\/image\\\/\"}},{\"@type\":\"Person\",\"@id\":\"https:\\\/\\\/fjala.info\\\/2009-2015\\\/#\\\/schema\\\/person\\\/3aa1163ef05469c496fc94e77611ada2\",\"name\":\"admin\",\"image\":{\"@type\":\"ImageObject\",\"inLanguage\":\"sq-AL\",\"@id\":\"https:\\\/\\\/fjala.info\\\/2009-2015\\\/wp-content\\\/uploads\\\/2012\\\/02\\\/arben_cokaj-120x150.jpg\",\"url\":\"https:\\\/\\\/fjala.info\\\/2009-2015\\\/wp-content\\\/uploads\\\/2012\\\/02\\\/arben_cokaj-120x150.jpg\",\"contentUrl\":\"https:\\\/\\\/fjala.info\\\/2009-2015\\\/wp-content\\\/uploads\\\/2012\\\/02\\\/arben_cokaj-120x150.jpg\",\"caption\":\"admin\"},\"description\":\"Admin, Fjala e Lir\u00eb\",\"sameAs\":[\"https:\\\/\\\/fjala.info\\\/\"],\"url\":\"https:\\\/\\\/fjala.info\\\/2009-2015\\\/author\\\/admin\\\/\"}]}<\/script>\n<!-- \/ Yoast SEO plugin. -->","yoast_head_json":{"title":"Ballkani mund t\u00eb d\u00ebshtoj\u00eb - FjALA e LIR\u00cb - Arkivi","robots":{"index":"index","follow":"follow","max-snippet":"max-snippet:-1","max-image-preview":"max-image-preview:large","max-video-preview":"max-video-preview:-1"},"canonical":"https:\/\/fjala.info\/2009-2015\/ballkani-mund-te-deshtoje\/","og_locale":"sq_AL","og_type":"article","og_title":"Ballkani mund t\u00eb d\u00ebshtoj\u00eb - FjALA e LIR\u00cb - Arkivi","og_description":"Shekulli Online, 15.11.2010 SHTYPI BOTEROR Soren J. Petersen dhe Daniel SerWer N\u00eb koh\u00ebn kur NATO-ja, Shtetet e Bashkuara, Bashkimi Evropian dhe OSBE-ja p\u00ebrgatiten p\u00ebr takimet e samitit k\u00ebt\u00eb vjesht\u00eb, Ballkani ka gjas\u00eb ta prish\u00eb fest\u00ebn. Procesi i nd\u00ebrtimit t\u00eb paqes n\u00eb rajon ka sh\u00ebnuar suksese t\u00eb jasht\u00ebzakonshme &#8211; p\u00ebrfundimi i luft\u00ebs n\u00eb Bosnj\u00eb, r\u00ebnia e [&hellip;]","og_url":"https:\/\/fjala.info\/2009-2015\/ballkani-mund-te-deshtoje\/","og_site_name":"FjALA e LIR\u00cb - Arkivi","article_published_time":"2010-11-15T06:26:27+00:00","author":"admin","twitter_card":"summary_large_image","twitter_misc":{"Written by":"admin","Est. reading time":"3 minutes"},"schema":{"@context":"https:\/\/schema.org","@graph":[{"@type":"Article","@id":"https:\/\/fjala.info\/2009-2015\/ballkani-mund-te-deshtoje\/#article","isPartOf":{"@id":"https:\/\/fjala.info\/2009-2015\/ballkani-mund-te-deshtoje\/"},"author":{"name":"admin","@id":"https:\/\/fjala.info\/2009-2015\/#\/schema\/person\/3aa1163ef05469c496fc94e77611ada2"},"headline":"Ballkani mund t\u00eb d\u00ebshtoj\u00eb","datePublished":"2010-11-15T06:26:27+00:00","mainEntityOfPage":{"@id":"https:\/\/fjala.info\/2009-2015\/ballkani-mund-te-deshtoje\/"},"wordCount":585,"commentCount":0,"publisher":{"@id":"https:\/\/fjala.info\/2009-2015\/#organization"},"articleSection":["Artikuj"],"inLanguage":"sq-AL","potentialAction":[{"@type":"CommentAction","name":"Comment","target":["https:\/\/fjala.info\/2009-2015\/ballkani-mund-te-deshtoje\/#respond"]}]},{"@type":"WebPage","@id":"https:\/\/fjala.info\/2009-2015\/ballkani-mund-te-deshtoje\/","url":"https:\/\/fjala.info\/2009-2015\/ballkani-mund-te-deshtoje\/","name":"Ballkani mund t\u00eb d\u00ebshtoj\u00eb - FjALA e LIR\u00cb - Arkivi","isPartOf":{"@id":"https:\/\/fjala.info\/2009-2015\/#website"},"datePublished":"2010-11-15T06:26:27+00:00","breadcrumb":{"@id":"https:\/\/fjala.info\/2009-2015\/ballkani-mund-te-deshtoje\/#breadcrumb"},"inLanguage":"sq-AL","potentialAction":[{"@type":"ReadAction","target":["https:\/\/fjala.info\/2009-2015\/ballkani-mund-te-deshtoje\/"]}]},{"@type":"BreadcrumbList","@id":"https:\/\/fjala.info\/2009-2015\/ballkani-mund-te-deshtoje\/#breadcrumb","itemListElement":[{"@type":"ListItem","position":1,"name":"Home","item":"https:\/\/fjala.info\/2009-2015\/"},{"@type":"ListItem","position":2,"name":"Ballkani mund t\u00eb d\u00ebshtoj\u00eb"}]},{"@type":"WebSite","@id":"https:\/\/fjala.info\/2009-2015\/#website","url":"https:\/\/fjala.info\/2009-2015\/","name":"FjALA e LIR\u00cb - Arkivi","description":"Arkivi 2009-2015","publisher":{"@id":"https:\/\/fjala.info\/2009-2015\/#organization"},"potentialAction":[{"@type":"SearchAction","target":{"@type":"EntryPoint","urlTemplate":"https:\/\/fjala.info\/2009-2015\/?s={search_term_string}"},"query-input":{"@type":"PropertyValueSpecification","valueRequired":true,"valueName":"search_term_string"}}],"inLanguage":"sq-AL"},{"@type":"Organization","@id":"https:\/\/fjala.info\/2009-2015\/#organization","name":"FjALA e LIR\u00cb - Arkivi","url":"https:\/\/fjala.info\/2009-2015\/","logo":{"@type":"ImageObject","inLanguage":"sq-AL","@id":"https:\/\/fjala.info\/2009-2015\/#\/schema\/logo\/image\/","url":"","contentUrl":"","caption":"FjALA e LIR\u00cb - Arkivi"},"image":{"@id":"https:\/\/fjala.info\/2009-2015\/#\/schema\/logo\/image\/"}},{"@type":"Person","@id":"https:\/\/fjala.info\/2009-2015\/#\/schema\/person\/3aa1163ef05469c496fc94e77611ada2","name":"admin","image":{"@type":"ImageObject","inLanguage":"sq-AL","@id":"https:\/\/fjala.info\/2009-2015\/wp-content\/uploads\/2012\/02\/arben_cokaj-120x150.jpg","url":"https:\/\/fjala.info\/2009-2015\/wp-content\/uploads\/2012\/02\/arben_cokaj-120x150.jpg","contentUrl":"https:\/\/fjala.info\/2009-2015\/wp-content\/uploads\/2012\/02\/arben_cokaj-120x150.jpg","caption":"admin"},"description":"Admin, Fjala e Lir\u00eb","sameAs":["https:\/\/fjala.info\/"],"url":"https:\/\/fjala.info\/2009-2015\/author\/admin\/"}]}},"_links":{"self":[{"href":"https:\/\/fjala.info\/2009-2015\/wp-json\/wp\/v2\/posts\/4756","targetHints":{"allow":["GET"]}}],"collection":[{"href":"https:\/\/fjala.info\/2009-2015\/wp-json\/wp\/v2\/posts"}],"about":[{"href":"https:\/\/fjala.info\/2009-2015\/wp-json\/wp\/v2\/types\/post"}],"author":[{"embeddable":true,"href":"https:\/\/fjala.info\/2009-2015\/wp-json\/wp\/v2\/users\/1"}],"replies":[{"embeddable":true,"href":"https:\/\/fjala.info\/2009-2015\/wp-json\/wp\/v2\/comments?post=4756"}],"version-history":[{"count":0,"href":"https:\/\/fjala.info\/2009-2015\/wp-json\/wp\/v2\/posts\/4756\/revisions"}],"wp:attachment":[{"href":"https:\/\/fjala.info\/2009-2015\/wp-json\/wp\/v2\/media?parent=4756"}],"wp:term":[{"taxonomy":"category","embeddable":true,"href":"https:\/\/fjala.info\/2009-2015\/wp-json\/wp\/v2\/categories?post=4756"},{"taxonomy":"post_tag","embeddable":true,"href":"https:\/\/fjala.info\/2009-2015\/wp-json\/wp\/v2\/tags?post=4756"}],"curies":[{"name":"wp","href":"https:\/\/api.w.org\/{rel}","templated":true}]}}