{"id":4752,"date":"2012-09-02T14:33:16","date_gmt":"2012-09-02T13:33:16","guid":{"rendered":"http:\/\/www.fjala.info\/?p=4752"},"modified":"2012-09-02T14:33:16","modified_gmt":"2012-09-02T13:33:16","slug":"cmimi-campiello-arbereshit-karmine-abate","status":"publish","type":"post","link":"https:\/\/fjala.info\/2009-2015\/cmimi-campiello-arbereshit-karmine-abate\/","title":{"rendered":"\u00c7mimi Campiello &#8211; arb\u00ebreshit Karmine Abate"},"content":{"rendered":"<p><img decoding=\"async\" class=\"alignright size-thumbnail wp-image-7236\" title=\"Arjan Th. Kall\u00e7o\" src=\"http:\/\/www.fjala.info\/2012\/arjan_kallco.jpg\" alt=\"\" width=\"150\" \/><br \/>\n<strong>Arjan Th. Kall\u00e7o<\/strong><\/p>\n<p><strong>Karmine Abate<\/strong> (Karmini Kallogjeri); lindi n\u00eb Karfici m\u00eb 24 tetor 1954. Ai \u00ebsht\u00eb nj\u00eb shkrimtar Italian i etnis\u00eb arb\u00ebreshe, autor i shum\u00eb tregimeve, romaneve dhe eseve kryesisht t\u00eb fokusuar tek tema e emigrant\u00ebve dhe t\u00eb takimeve mes dy kulturave. F\u00ebmij\u00ebrin\u00eb e tij e kaloi n\u00eb qytetin e lindjes dhe pas diplomimit n\u00eb let\u00ebrsi u transferua n\u00eb Hamburg tek i ati emigrant. Filloi pun\u00eb si m\u00ebsues ku dhe botoi shkrimet e tij t\u00eb para. N\u00eb vitin 1984 doli libri i tij i par\u00eb me tregime n\u00eb gjuh\u00ebn gjermane dhe m\u00eb pas nj\u00eb studim q\u00eb lidhet me kalabrez\u00ebt e emigruar n\u00eb Gjermani.<\/p>\n<p>Aktualisht jeton n\u00eb Itali ku vazhdon veprimtarit\u00eb e tij si m\u00ebsues dhe shkrimtar. N\u00eb veprat e tij del n\u00eb pah fakti se armiku i v\u00ebrtet\u00eb i shoq\u00ebris\u00eb \u00ebsht\u00eb racizmi, barriera m\u00eb e madhe n\u00eb bot\u00eb dhe q\u00eb p\u00ebrpiqet t\u2019i ndaj\u00eb njer\u00ebzit. Ky \u00ebsht\u00eb shkaku i moskuptimeve dhe moskomunikimeve mes njer\u00ebzve. Urrejtja dhe mostoleranca, q\u00eb e dominojn\u00eb vepr\u00ebn e tij, p\u00ebrzihen me nj\u00eb stil t\u00eb thjesht\u00eb, t\u00eb rrjedhsh\u00ebm dhe leht\u00ebsisht t\u00eb kuptuesh\u00ebm.<\/p>\n<p>N\u00eb Itali vazhdon seria e \u00e7mimeve prestigjoze q\u00eb jepen gjat\u00eb stin\u00ebs s\u00eb ver\u00ebs dhe k\u00ebt\u00eb radh\u00eb u ndal n\u00eb qytetin magjik t\u00eb Venecias, ku nj\u00ebkoh\u00ebsisht po mbahet edhe bienalja e famshme e saj. N\u00eb k\u00ebt\u00eb gar\u00eb mor\u00ebn pjes\u00eb shum\u00eb shkrimtar\u00eb dhe m\u00eb g\u00ebzon pamas\u00eb fakti q\u00eb e fitoi nj\u00eb shkrimtar i impenjuar q\u00eb n\u00eb t\u00eb gjith\u00eb karrier\u00ebn e tij, p\u00ebr asnj\u00eb \u00e7ast nuk u shk\u00ebput nga jeta dhe impenjimi i shkrimtarit n\u00eb t\u00eb. Me sa duket impenjimi shoq\u00ebror i shkrimtarit do t\u00eb jet\u00eb parimi kryesor edhe n\u00eb vitet n\u00eb vazhdim gj\u00eb q\u00eb e b\u00ebn m\u00eb t\u00eb qart\u00eb se edhe \u00c7mimi Nobel do t\u00eb anoj\u00eb nga ata shkrimtar\u00eb q\u00eb kan\u00eb nj\u00eb kontribut t\u00eb r\u00ebnd\u00ebsish\u00ebm n\u00eb kultur\u00eb duke u impenjuar vet\u00eb n\u00eb vij\u00ebn e par\u00eb t\u00eb saj.<\/p>\n<p>Nuk \u00ebsht\u00eb \u00e7udi q\u00eb k\u00ebt\u00eb vit ta rr\u00ebmbej\u00eb shkrimtari kinez q\u00eb ndodhet n\u00eb krye t\u00eb klasifikimit, i shk\u00ebputur duksh\u00ebm nga kandidat\u00ebt e tjer\u00eb. Por s\u00eb dyti g\u00ebzimi b\u00ebhet m\u00eb i madh, pasi n\u00eb vitin 2010 pata rastin q\u00eb ta njihja nga af\u00ebr shkrimtarin Abate n\u00eb Tiran\u00eb n\u00eb Dit\u00ebt e Kultur\u00ebs Italiane, n\u00eb eventin m\u00eb t\u00eb madh t\u00eb organizuar ndonj\u00ebher\u00eb n\u00eb vendin ton\u00eb, Dy popuj, nje det, nj\u00eb miq\u00ebsi.<\/p>\n<p>Shkrimtari kalabrez karmine Abate, e fitoi edicionin e 50-t\u00eb t\u00eb \u00c7mimit Capiello me vepr\u00ebn e tij Kodra e er\u00ebs, t\u00eb botuar nga sht\u00ebpia botuese Mondadori. Vepra flet p\u00ebr sag\u00ebn e nj\u00eb familje kalabreze, Arkuri, n\u00eb nj\u00eb kod\u00ebr me shum\u00eb mistere q\u00eb p\u00ebr nj\u00eb shekull i rezistoi prepotenc\u00ebs dhe q\u00eb asistoi n\u00eb rrjedhjen e jet\u00ebs me lindjet dhe vdekjen, dashurit\u00eb dhe plag\u00ebt.<\/p>\n<p>Shkrimtari Abate mori 98 bota nga 273 n\u00eb total nga nj\u00eb juri e p\u00ebrb\u00ebr\u00eb nga lexues. K\u00ebt\u00eb \u00e7mim ia dedikoi gruas dhe f\u00ebmij\u00ebve t\u00eb mi &#8211; tha autori gjat\u00eb ceremonis\u00eb n\u00eb teatrin La Fenice. N\u00eb k\u00ebt\u00eb edicion jubilar p\u00ebrgjegj\u00ebsia e t\u00eb shkruarit histori, jo vet\u00ebm intriguese, por impenjuese si kjo, \u00ebsht\u00eb edhe m\u00eb e madhe. Tet\u00eb vjet m\u00eb par\u00eb arrita i treti. Jam shum\u00eb i lumtur &#8211; shtoi ai. Nj\u00eb familje e rrall\u00eb q\u00eb na b\u00ebn t\u00eb shpresojm\u00eb \u2013 n\u00ebnvizoi Abate.<\/p>\n<p>N\u00eb vend t\u00eb dyt\u00eb u rendit Fran\u00e7eska Melandri me librin M\u00eb lart se deti me 58 vota, n\u00eb vend t\u00eb tret\u00eb Marcello Fois me librin N\u00eb meskoh\u00eb me 49 vota. \u00c7mimi p\u00ebr t\u00eb rinj iu dha Martina Evangjelisiti, 19 vje\u00e7e, autore e librit G\u00ebrsh\u00ebr\u00ebt, ku protagonist\u00eb jan\u00eb nj\u00eb burr\u00eb dhe nj\u00eb grua q\u00eb u dashuruan qysh f\u00ebmij\u00eb dhe takohen s\u00ebrisht pas vitesh, por tashm\u00eb t\u00eb rritur.<\/p>\n<p>Nj\u00eb vler\u00ebsim p\u00ebr karrier\u00ebn iu dha shkrimtares s\u00eb njohur edhe tek ne, Da\u00e7a Marainit, e cila e fitoi k\u00ebt\u00eb \u00e7mim n\u00eb vitin 1990 me librin Jeta e gjat\u00eb e Mariana Ukrias. Autroja n\u00eb fjal\u00ebn e saj theksoi se sot t\u00eb rinjt\u00eb u kthyen tek let\u00ebrsia impenjuese. Nj\u00eb zhvillim pozitiv. M\u00eb vjen mir\u00eb. \u00cbsht\u00eb nj\u00eb rrug\u00eb q\u00eb e kam p\u00ebrshkuar gjithmon\u00eb. Kishim mb\u00ebrritur tek formalizmi letrar. Ky \u00ebsht\u00eb kthimi tek realiteti dhe libri m\u00eb i ri i saj titullohet Dashuri e rr\u00ebmbyer.<\/p>\n","protected":false},"excerpt":{"rendered":"<p>Arjan Th. Kall\u00e7o Karmine Abate (Karmini Kallogjeri); lindi n\u00eb Karfici m\u00eb 24 tetor 1954. Ai \u00ebsht\u00eb nj\u00eb shkrimtar Italian i etnis\u00eb arb\u00ebreshe, autor i shum\u00eb tregimeve, romaneve dhe eseve kryesisht t\u00eb fokusuar tek tema e emigrant\u00ebve dhe t\u00eb takimeve mes dy kulturave. F\u00ebmij\u00ebrin\u00eb e tij e kaloi n\u00eb qytetin e lindjes dhe pas diplomimit n\u00eb [&hellip;]<\/p>\n","protected":false},"author":1,"featured_media":0,"comment_status":"open","ping_status":"closed","sticky":false,"template":"","format":"standard","meta":{"footnotes":""},"categories":[2,7],"tags":[],"class_list":{"0":"post-4752","1":"post","2":"type-post","3":"status-publish","4":"format-standard","6":"category-artikuj","7":"category-letersi"},"yoast_head":"<!-- This site is optimized with the Yoast SEO plugin v27.4 - https:\/\/yoast.com\/product\/yoast-seo-wordpress\/ -->\n<title>\u00c7mimi Campiello - arb\u00ebreshit Karmine Abate - FjALA e LIR\u00cb - Arkivi<\/title>\n<meta name=\"robots\" content=\"index, follow, max-snippet:-1, max-image-preview:large, max-video-preview:-1\" \/>\n<link rel=\"canonical\" href=\"https:\/\/fjala.info\/2009-2015\/cmimi-campiello-arbereshit-karmine-abate\/\" \/>\n<meta property=\"og:locale\" content=\"sq_AL\" \/>\n<meta property=\"og:type\" content=\"article\" \/>\n<meta property=\"og:title\" content=\"\u00c7mimi Campiello - arb\u00ebreshit Karmine Abate - FjALA e LIR\u00cb - Arkivi\" \/>\n<meta property=\"og:description\" content=\"Arjan Th. Kall\u00e7o Karmine Abate (Karmini Kallogjeri); lindi n\u00eb Karfici m\u00eb 24 tetor 1954. Ai \u00ebsht\u00eb nj\u00eb shkrimtar Italian i etnis\u00eb arb\u00ebreshe, autor i shum\u00eb tregimeve, romaneve dhe eseve kryesisht t\u00eb fokusuar tek tema e emigrant\u00ebve dhe t\u00eb takimeve mes dy kulturave. F\u00ebmij\u00ebrin\u00eb e tij e kaloi n\u00eb qytetin e lindjes dhe pas diplomimit n\u00eb [&hellip;]\" \/>\n<meta property=\"og:url\" content=\"https:\/\/fjala.info\/2009-2015\/cmimi-campiello-arbereshit-karmine-abate\/\" \/>\n<meta property=\"og:site_name\" content=\"FjALA e LIR\u00cb - Arkivi\" \/>\n<meta property=\"article:published_time\" content=\"2012-09-02T13:33:16+00:00\" \/>\n<meta property=\"og:image\" content=\"http:\/\/www.fjala.info\/2012\/arjan_kallco.jpg\" \/>\n<meta name=\"author\" content=\"admin\" \/>\n<meta name=\"twitter:card\" content=\"summary_large_image\" \/>\n<meta name=\"twitter:label1\" content=\"Written by\" \/>\n\t<meta name=\"twitter:data1\" content=\"admin\" \/>\n\t<meta name=\"twitter:label2\" content=\"Est. reading time\" \/>\n\t<meta name=\"twitter:data2\" content=\"4 minutes\" \/>\n<script type=\"application\/ld+json\" class=\"yoast-schema-graph\">{\"@context\":\"https:\\\/\\\/schema.org\",\"@graph\":[{\"@type\":\"Article\",\"@id\":\"https:\\\/\\\/fjala.info\\\/2009-2015\\\/cmimi-campiello-arbereshit-karmine-abate\\\/#article\",\"isPartOf\":{\"@id\":\"https:\\\/\\\/fjala.info\\\/2009-2015\\\/cmimi-campiello-arbereshit-karmine-abate\\\/\"},\"author\":{\"name\":\"admin\",\"@id\":\"https:\\\/\\\/fjala.info\\\/2009-2015\\\/#\\\/schema\\\/person\\\/3aa1163ef05469c496fc94e77611ada2\"},\"headline\":\"\u00c7mimi Campiello &#8211; arb\u00ebreshit Karmine Abate\",\"datePublished\":\"2012-09-02T13:33:16+00:00\",\"mainEntityOfPage\":{\"@id\":\"https:\\\/\\\/fjala.info\\\/2009-2015\\\/cmimi-campiello-arbereshit-karmine-abate\\\/\"},\"wordCount\":741,\"commentCount\":0,\"publisher\":{\"@id\":\"https:\\\/\\\/fjala.info\\\/2009-2015\\\/#organization\"},\"image\":{\"@id\":\"https:\\\/\\\/fjala.info\\\/2009-2015\\\/cmimi-campiello-arbereshit-karmine-abate\\\/#primaryimage\"},\"thumbnailUrl\":\"http:\\\/\\\/www.fjala.info\\\/2012\\\/arjan_kallco.jpg\",\"articleSection\":[\"Artikuj\",\"Let\u00ebrsi\"],\"inLanguage\":\"sq-AL\",\"potentialAction\":[{\"@type\":\"CommentAction\",\"name\":\"Comment\",\"target\":[\"https:\\\/\\\/fjala.info\\\/2009-2015\\\/cmimi-campiello-arbereshit-karmine-abate\\\/#respond\"]}]},{\"@type\":\"WebPage\",\"@id\":\"https:\\\/\\\/fjala.info\\\/2009-2015\\\/cmimi-campiello-arbereshit-karmine-abate\\\/\",\"url\":\"https:\\\/\\\/fjala.info\\\/2009-2015\\\/cmimi-campiello-arbereshit-karmine-abate\\\/\",\"name\":\"\u00c7mimi Campiello - arb\u00ebreshit Karmine Abate - FjALA e LIR\u00cb - Arkivi\",\"isPartOf\":{\"@id\":\"https:\\\/\\\/fjala.info\\\/2009-2015\\\/#website\"},\"primaryImageOfPage\":{\"@id\":\"https:\\\/\\\/fjala.info\\\/2009-2015\\\/cmimi-campiello-arbereshit-karmine-abate\\\/#primaryimage\"},\"image\":{\"@id\":\"https:\\\/\\\/fjala.info\\\/2009-2015\\\/cmimi-campiello-arbereshit-karmine-abate\\\/#primaryimage\"},\"thumbnailUrl\":\"http:\\\/\\\/www.fjala.info\\\/2012\\\/arjan_kallco.jpg\",\"datePublished\":\"2012-09-02T13:33:16+00:00\",\"breadcrumb\":{\"@id\":\"https:\\\/\\\/fjala.info\\\/2009-2015\\\/cmimi-campiello-arbereshit-karmine-abate\\\/#breadcrumb\"},\"inLanguage\":\"sq-AL\",\"potentialAction\":[{\"@type\":\"ReadAction\",\"target\":[\"https:\\\/\\\/fjala.info\\\/2009-2015\\\/cmimi-campiello-arbereshit-karmine-abate\\\/\"]}]},{\"@type\":\"ImageObject\",\"inLanguage\":\"sq-AL\",\"@id\":\"https:\\\/\\\/fjala.info\\\/2009-2015\\\/cmimi-campiello-arbereshit-karmine-abate\\\/#primaryimage\",\"url\":\"http:\\\/\\\/www.fjala.info\\\/2012\\\/arjan_kallco.jpg\",\"contentUrl\":\"http:\\\/\\\/www.fjala.info\\\/2012\\\/arjan_kallco.jpg\"},{\"@type\":\"BreadcrumbList\",\"@id\":\"https:\\\/\\\/fjala.info\\\/2009-2015\\\/cmimi-campiello-arbereshit-karmine-abate\\\/#breadcrumb\",\"itemListElement\":[{\"@type\":\"ListItem\",\"position\":1,\"name\":\"Home\",\"item\":\"https:\\\/\\\/fjala.info\\\/2009-2015\\\/\"},{\"@type\":\"ListItem\",\"position\":2,\"name\":\"\u00c7mimi Campiello &#8211; arb\u00ebreshit Karmine Abate\"}]},{\"@type\":\"WebSite\",\"@id\":\"https:\\\/\\\/fjala.info\\\/2009-2015\\\/#website\",\"url\":\"https:\\\/\\\/fjala.info\\\/2009-2015\\\/\",\"name\":\"FjALA e LIR\u00cb - Arkivi\",\"description\":\"Arkivi 2009-2015\",\"publisher\":{\"@id\":\"https:\\\/\\\/fjala.info\\\/2009-2015\\\/#organization\"},\"potentialAction\":[{\"@type\":\"SearchAction\",\"target\":{\"@type\":\"EntryPoint\",\"urlTemplate\":\"https:\\\/\\\/fjala.info\\\/2009-2015\\\/?s={search_term_string}\"},\"query-input\":{\"@type\":\"PropertyValueSpecification\",\"valueRequired\":true,\"valueName\":\"search_term_string\"}}],\"inLanguage\":\"sq-AL\"},{\"@type\":\"Organization\",\"@id\":\"https:\\\/\\\/fjala.info\\\/2009-2015\\\/#organization\",\"name\":\"FjALA e LIR\u00cb - Arkivi\",\"url\":\"https:\\\/\\\/fjala.info\\\/2009-2015\\\/\",\"logo\":{\"@type\":\"ImageObject\",\"inLanguage\":\"sq-AL\",\"@id\":\"https:\\\/\\\/fjala.info\\\/2009-2015\\\/#\\\/schema\\\/logo\\\/image\\\/\",\"url\":\"\",\"contentUrl\":\"\",\"caption\":\"FjALA e LIR\u00cb - Arkivi\"},\"image\":{\"@id\":\"https:\\\/\\\/fjala.info\\\/2009-2015\\\/#\\\/schema\\\/logo\\\/image\\\/\"}},{\"@type\":\"Person\",\"@id\":\"https:\\\/\\\/fjala.info\\\/2009-2015\\\/#\\\/schema\\\/person\\\/3aa1163ef05469c496fc94e77611ada2\",\"name\":\"admin\",\"image\":{\"@type\":\"ImageObject\",\"inLanguage\":\"sq-AL\",\"@id\":\"https:\\\/\\\/fjala.info\\\/2009-2015\\\/wp-content\\\/uploads\\\/2012\\\/02\\\/arben_cokaj-120x150.jpg\",\"url\":\"https:\\\/\\\/fjala.info\\\/2009-2015\\\/wp-content\\\/uploads\\\/2012\\\/02\\\/arben_cokaj-120x150.jpg\",\"contentUrl\":\"https:\\\/\\\/fjala.info\\\/2009-2015\\\/wp-content\\\/uploads\\\/2012\\\/02\\\/arben_cokaj-120x150.jpg\",\"caption\":\"admin\"},\"description\":\"Admin, Fjala e Lir\u00eb\",\"sameAs\":[\"https:\\\/\\\/fjala.info\\\/\"],\"url\":\"https:\\\/\\\/fjala.info\\\/2009-2015\\\/author\\\/admin\\\/\"}]}<\/script>\n<!-- \/ Yoast SEO plugin. -->","yoast_head_json":{"title":"\u00c7mimi Campiello - arb\u00ebreshit Karmine Abate - FjALA e LIR\u00cb - Arkivi","robots":{"index":"index","follow":"follow","max-snippet":"max-snippet:-1","max-image-preview":"max-image-preview:large","max-video-preview":"max-video-preview:-1"},"canonical":"https:\/\/fjala.info\/2009-2015\/cmimi-campiello-arbereshit-karmine-abate\/","og_locale":"sq_AL","og_type":"article","og_title":"\u00c7mimi Campiello - arb\u00ebreshit Karmine Abate - FjALA e LIR\u00cb - Arkivi","og_description":"Arjan Th. Kall\u00e7o Karmine Abate (Karmini Kallogjeri); lindi n\u00eb Karfici m\u00eb 24 tetor 1954. Ai \u00ebsht\u00eb nj\u00eb shkrimtar Italian i etnis\u00eb arb\u00ebreshe, autor i shum\u00eb tregimeve, romaneve dhe eseve kryesisht t\u00eb fokusuar tek tema e emigrant\u00ebve dhe t\u00eb takimeve mes dy kulturave. F\u00ebmij\u00ebrin\u00eb e tij e kaloi n\u00eb qytetin e lindjes dhe pas diplomimit n\u00eb [&hellip;]","og_url":"https:\/\/fjala.info\/2009-2015\/cmimi-campiello-arbereshit-karmine-abate\/","og_site_name":"FjALA e LIR\u00cb - Arkivi","article_published_time":"2012-09-02T13:33:16+00:00","og_image":[{"url":"http:\/\/www.fjala.info\/2012\/arjan_kallco.jpg","type":"","width":"","height":""}],"author":"admin","twitter_card":"summary_large_image","twitter_misc":{"Written by":"admin","Est. reading time":"4 minutes"},"schema":{"@context":"https:\/\/schema.org","@graph":[{"@type":"Article","@id":"https:\/\/fjala.info\/2009-2015\/cmimi-campiello-arbereshit-karmine-abate\/#article","isPartOf":{"@id":"https:\/\/fjala.info\/2009-2015\/cmimi-campiello-arbereshit-karmine-abate\/"},"author":{"name":"admin","@id":"https:\/\/fjala.info\/2009-2015\/#\/schema\/person\/3aa1163ef05469c496fc94e77611ada2"},"headline":"\u00c7mimi Campiello &#8211; arb\u00ebreshit Karmine Abate","datePublished":"2012-09-02T13:33:16+00:00","mainEntityOfPage":{"@id":"https:\/\/fjala.info\/2009-2015\/cmimi-campiello-arbereshit-karmine-abate\/"},"wordCount":741,"commentCount":0,"publisher":{"@id":"https:\/\/fjala.info\/2009-2015\/#organization"},"image":{"@id":"https:\/\/fjala.info\/2009-2015\/cmimi-campiello-arbereshit-karmine-abate\/#primaryimage"},"thumbnailUrl":"http:\/\/www.fjala.info\/2012\/arjan_kallco.jpg","articleSection":["Artikuj","Let\u00ebrsi"],"inLanguage":"sq-AL","potentialAction":[{"@type":"CommentAction","name":"Comment","target":["https:\/\/fjala.info\/2009-2015\/cmimi-campiello-arbereshit-karmine-abate\/#respond"]}]},{"@type":"WebPage","@id":"https:\/\/fjala.info\/2009-2015\/cmimi-campiello-arbereshit-karmine-abate\/","url":"https:\/\/fjala.info\/2009-2015\/cmimi-campiello-arbereshit-karmine-abate\/","name":"\u00c7mimi Campiello - arb\u00ebreshit Karmine Abate - FjALA e LIR\u00cb - Arkivi","isPartOf":{"@id":"https:\/\/fjala.info\/2009-2015\/#website"},"primaryImageOfPage":{"@id":"https:\/\/fjala.info\/2009-2015\/cmimi-campiello-arbereshit-karmine-abate\/#primaryimage"},"image":{"@id":"https:\/\/fjala.info\/2009-2015\/cmimi-campiello-arbereshit-karmine-abate\/#primaryimage"},"thumbnailUrl":"http:\/\/www.fjala.info\/2012\/arjan_kallco.jpg","datePublished":"2012-09-02T13:33:16+00:00","breadcrumb":{"@id":"https:\/\/fjala.info\/2009-2015\/cmimi-campiello-arbereshit-karmine-abate\/#breadcrumb"},"inLanguage":"sq-AL","potentialAction":[{"@type":"ReadAction","target":["https:\/\/fjala.info\/2009-2015\/cmimi-campiello-arbereshit-karmine-abate\/"]}]},{"@type":"ImageObject","inLanguage":"sq-AL","@id":"https:\/\/fjala.info\/2009-2015\/cmimi-campiello-arbereshit-karmine-abate\/#primaryimage","url":"http:\/\/www.fjala.info\/2012\/arjan_kallco.jpg","contentUrl":"http:\/\/www.fjala.info\/2012\/arjan_kallco.jpg"},{"@type":"BreadcrumbList","@id":"https:\/\/fjala.info\/2009-2015\/cmimi-campiello-arbereshit-karmine-abate\/#breadcrumb","itemListElement":[{"@type":"ListItem","position":1,"name":"Home","item":"https:\/\/fjala.info\/2009-2015\/"},{"@type":"ListItem","position":2,"name":"\u00c7mimi Campiello &#8211; arb\u00ebreshit Karmine Abate"}]},{"@type":"WebSite","@id":"https:\/\/fjala.info\/2009-2015\/#website","url":"https:\/\/fjala.info\/2009-2015\/","name":"FjALA e LIR\u00cb - Arkivi","description":"Arkivi 2009-2015","publisher":{"@id":"https:\/\/fjala.info\/2009-2015\/#organization"},"potentialAction":[{"@type":"SearchAction","target":{"@type":"EntryPoint","urlTemplate":"https:\/\/fjala.info\/2009-2015\/?s={search_term_string}"},"query-input":{"@type":"PropertyValueSpecification","valueRequired":true,"valueName":"search_term_string"}}],"inLanguage":"sq-AL"},{"@type":"Organization","@id":"https:\/\/fjala.info\/2009-2015\/#organization","name":"FjALA e LIR\u00cb - Arkivi","url":"https:\/\/fjala.info\/2009-2015\/","logo":{"@type":"ImageObject","inLanguage":"sq-AL","@id":"https:\/\/fjala.info\/2009-2015\/#\/schema\/logo\/image\/","url":"","contentUrl":"","caption":"FjALA e LIR\u00cb - Arkivi"},"image":{"@id":"https:\/\/fjala.info\/2009-2015\/#\/schema\/logo\/image\/"}},{"@type":"Person","@id":"https:\/\/fjala.info\/2009-2015\/#\/schema\/person\/3aa1163ef05469c496fc94e77611ada2","name":"admin","image":{"@type":"ImageObject","inLanguage":"sq-AL","@id":"https:\/\/fjala.info\/2009-2015\/wp-content\/uploads\/2012\/02\/arben_cokaj-120x150.jpg","url":"https:\/\/fjala.info\/2009-2015\/wp-content\/uploads\/2012\/02\/arben_cokaj-120x150.jpg","contentUrl":"https:\/\/fjala.info\/2009-2015\/wp-content\/uploads\/2012\/02\/arben_cokaj-120x150.jpg","caption":"admin"},"description":"Admin, Fjala e Lir\u00eb","sameAs":["https:\/\/fjala.info\/"],"url":"https:\/\/fjala.info\/2009-2015\/author\/admin\/"}]}},"_links":{"self":[{"href":"https:\/\/fjala.info\/2009-2015\/wp-json\/wp\/v2\/posts\/4752","targetHints":{"allow":["GET"]}}],"collection":[{"href":"https:\/\/fjala.info\/2009-2015\/wp-json\/wp\/v2\/posts"}],"about":[{"href":"https:\/\/fjala.info\/2009-2015\/wp-json\/wp\/v2\/types\/post"}],"author":[{"embeddable":true,"href":"https:\/\/fjala.info\/2009-2015\/wp-json\/wp\/v2\/users\/1"}],"replies":[{"embeddable":true,"href":"https:\/\/fjala.info\/2009-2015\/wp-json\/wp\/v2\/comments?post=4752"}],"version-history":[{"count":0,"href":"https:\/\/fjala.info\/2009-2015\/wp-json\/wp\/v2\/posts\/4752\/revisions"}],"wp:attachment":[{"href":"https:\/\/fjala.info\/2009-2015\/wp-json\/wp\/v2\/media?parent=4752"}],"wp:term":[{"taxonomy":"category","embeddable":true,"href":"https:\/\/fjala.info\/2009-2015\/wp-json\/wp\/v2\/categories?post=4752"},{"taxonomy":"post_tag","embeddable":true,"href":"https:\/\/fjala.info\/2009-2015\/wp-json\/wp\/v2\/tags?post=4752"}],"curies":[{"name":"wp","href":"https:\/\/api.w.org\/{rel}","templated":true}]}}