{"id":475,"date":"2011-12-04T06:26:42","date_gmt":"2011-12-04T05:26:42","guid":{"rendered":"http:\/\/fjala.shkoder.net\/?p=475"},"modified":"2011-12-04T06:26:42","modified_gmt":"2011-12-04T05:26:42","slug":"degjeneron-ceremonia-mortore-per-leka-zogun-topalli-zihet-me-bashen-per-fjalimin-e-lamtumires","status":"publish","type":"post","link":"https:\/\/fjala.info\/2009-2015\/degjeneron-ceremonia-mortore-per-leka-zogun-topalli-zihet-me-bashen-per-fjalimin-e-lamtumires\/","title":{"rendered":"Degjeneron ceremonia mortore p\u00ebr Leka Zogun, Topalli zihet me Bash\u00ebn p\u00ebr fjalimin e lamtumir\u00ebs"},"content":{"rendered":"<p><img decoding=\"async\" class=\"alignleft size-thumbnail wp-image-7236\" title=\"Homazhe Zogut\" src=\"http:\/\/www.shkoder.net\/images\/fjala\/2011\/zogu_homazhe.jpg\" alt=\"\" width=\"300\" \/> <strong>TemA Online<\/strong>, <em>3 Dhjetor 2011<\/em><\/p>\n<p>Ceremonia e sotme e lamtumir\u00ebs p\u00ebr Leka Zogun \u00ebsht\u00eb kthyer n\u00eb nj\u00eb shfaqje t\u00eb sh\u00ebmtuar. Pas homazheve t\u00eb kryera n\u00eb ambientet e Parlamentit, Lulzim Basha ka mbajtur nj\u00eb fjalim p\u00ebr t\u00eb ndjerin.<\/p>\n<p>Por, m\u00ebsohet se para fjalimit t\u00eb Bash\u00ebs ka pasur nj\u00eb konflikt t\u00eb ashp\u00ebr mes tij dhe kryeparlamentares Jozefina Topalli, se kush do t\u00eb mbante fjalimin me rastin e lamtumir\u00ebs p\u00ebr Leka Zogun.<\/p>\n<p>Basha dhe Topalli jan\u00eb kapur keq me fjal\u00eb me nj\u00ebri-tjeterin dhe kan\u00eb ngritur tonet. Topalli i ka th\u00ebn\u00eb Bash\u00ebs \u201cIk shporru!\u201d dhe ky i fundit m\u00eb pas ka mbajtur fjalimin.<\/p>\n<p>Ceremonia n\u00eb ambientet e Kuvendit dhe Dita e Zis\u00eb e shpallur nga qeveria, kan\u00eb hapur polemika t\u00eb shumta, duke qen\u00eb se Shqip\u00ebria \u00ebsht\u00eb nj\u00eb Republik\u00eb dhe jo Mbret\u00ebri.<\/p>\n<p>&#8212;&#8212;&#8212;&#8212;&#8212;&#8212;&#8212;&#8212;&#8212;&#8212;&#8212;&#8212;&#8212;&#8212;&#8212;&#8212;&#8212;&#8212;&#8212;&#8212;&#8212;&#8212;&#8212;&#8212;&#8212;&#8212;&#8211;<br \/>\n<strong>Topalli k\u00ebrc\u00ebnoi Bash\u00ebn: Do ta shohim\u2026<\/strong><\/p>\n<p><strong>TemA<\/strong>, <em>3 Dhjetor 2011<\/em><\/p>\n<p>Vijojn\u00eb t\u00eb dalin detaje nga skandali i dit\u00ebs s\u00eb sotme, ku ceremonia e varrimit e Leka Zogut u kthye n\u00eb nj\u00eb shesh beteje mes dy armiqve t\u00eb m\u00ebdhenj brenda mazhoranc\u00ebs. M\u00ebsohet se kryetarja e Kuvendit, e cila kishte p\u00ebrgatitur nj\u00eb fjalim lamtumire p\u00ebr Leka Zogun, ku p\u00ebrfshiheshin q\u00ebndrimet e saj patetike p\u00ebr anti-komunizmin, \u00ebsht\u00eb t\u00ebrbuar kur ka m\u00ebsuar se Basha do mbaj\u00eb fjalimin.<\/p>\n<p>N\u00eb t\u00ebrbim e sip\u00ebr, ajo i ka th\u00ebn\u00eb Bash\u00ebs: \u201c<em>Ky \u00ebsht\u00eb kulmi, do ta shohim<\/em>!\u201d. Gardist\u00ebt kan\u00eb qen\u00eb d\u00ebshmitar\u00eb t\u00eb k\u00ebsaj skene qesharake. M\u00eb pas Topalli i ka nd\u00ebrprer\u00eb edhe dritat p\u00ebr t\u00eb penguar me sa mundte fjalimin e Bash\u00ebs.<\/p>\n<p>Jozefina Topalli dhe Lulzim Basha, si\u00e7 citohej edhe nga kabllogramet e ambasad\u00ebs amerikane, kan\u00eb nj\u00eb armiq\u00ebsi t\u00eb fort\u00eb.<\/p>\n<p>&#8212;&#8212;&#8212;&#8212;&#8212;&#8212;&#8212;&#8212;&#8212;&#8212;&#8212;&#8212;&#8212;&#8212;&#8212;&#8212;&#8212;&#8212;&#8212;&#8212;&#8212;&#8212;&#8212;&#8212;&#8212;&#8212;&#8211;<\/p>\n<p><img decoding=\"async\" class=\"alignleft size-thumbnail wp-image-7236\" title=\"Topalli i preu dritat Bash\u00ebs\" src=\"http:\/\/www.shkoder.net\/images\/fjala\/2011\/topalli_homazhe_zogut.jpg\" alt=\"\" width=\"300\" \/> <strong>Ceremonia e turpshme: Topalli i preu dritat Bash\u00ebs<\/strong><\/p>\n<p><strong>TemA Online<\/strong>, <em>3 Dhjetor 2011<\/em><\/p>\n<p>Dita e Zis\u00eb komb\u00ebtare u kthye befasi n\u00eb nj\u00eb dit\u00eb turpi. Politika nuk njeh respekt dhe as kufij. Ceremonin\u00eb mortore t\u00eb Leka Zogut I, e kthyen n\u00eb nj\u00eb sheshbetej\u00eb sherri nga varrezat e Sharr\u00ebs. Topalli i pret dritat Bash\u00ebs dhe ky merr drita nga Sht\u00ebpia e Oficer\u00ebve p\u00ebr t\u00eb vazhduar ceremonin\u00eb.<\/p>\n<p>Kush do t\u00eb fliste i pari p\u00ebr kryemonarkun; Kryeministri, kryeparlamentarja apo kryebashkiaku? Fitoi ky i fundit, sepse gjithnj\u00eb arrin q\u00eb me procedur\u00eb t\u00eb dal\u00eb i pari\u2026 Lulzim Basha. Me nj\u00eb cop\u00eb let\u00ebr q\u00eb e nxori nga xhepi dhe q\u00eb dallohej se ishte shkruan nxitimthi. Pa emocion, faqe t\u00eb gjith\u00ebve, pasi kishte marr\u00eb nj\u00eb t\u00eb shar\u00eb nga rivalja e tij \u201cmendjeleht\u00eb\u201d, Jozefina Topalli. Kryeministri b\u00ebnte sikur qante, Presidenti qante nga brenda, teksa i vinte p\u00ebr t\u00eb qeshur.<\/p>\n<p>Sepse situata e krijuar mes \u00e7akenjve tregoi se p\u00ebrse ishte krijuar gjith\u00eb kjo \u201cfurtun\u00eb\u201d n\u00eb nj\u00eb got\u00eb boshe. P\u00ebr t\u00eb marr\u00eb merita elektorale p\u00ebr nderimet ndaj Monarkut. Por sa p\u00ebr qind ka partia n\u00eb Shqip\u00ebri? Berisha thot\u00eb se 14 vite me par\u00eb Leka Zogu fitoi referendumin, por s\u2019e lan\u00eb, sepse votat i num\u00ebruan t\u00eb tjer\u00ebt. Kush ishin t\u00eb tjer\u00ebt?Ai, Fatos Nano, Jozefina Topalli, Ilir Meta, p\u00ebrkrah\u00ebsit e Mbretit t\u00eb Vet\u00ebshpallur. Pra vet\u00eb ata! Pas k\u00ebtij bllofi na merr fjal\u00ebn Kryeparlamentarja, q\u00eb nga ana tjet\u00ebr do t\u00eb mbaj\u00eb pas vetes t\u00eb persekutuar dhe simpatizant\u00eb t\u00eb Mbret\u00ebris\u00eb, t\u00eb djatht\u00eb.<\/p>\n<p>Hap Kuvendin p\u00ebr nj\u00eb njeri q\u00eb kishte qen\u00eb vet\u00ebm dy dit\u00eb Princ p\u00ebr fronin. Asnj\u00ebher\u00eb deputet. Nuk u mbajt\u00ebn homazhe p\u00ebr deputetin socialist Fatmir Xhindi, q\u00eb u formua n\u00eb at\u00eb Kuvend. As p\u00ebr Presidentin e fundit Komunist dhe t\u00eb parin Pluralist, Ramiz Alia. \u00c7far\u00eb diskordance politike. \u00c7far\u00eb fiasko mentaliteti fshataresk! Por Topalli guxoi, edhe pse skandal. Sepse kishte p\u00ebrgatitur nj\u00eb surpriz\u00eb. Fjalimin e lamtumir\u00ebs p\u00ebr Lek\u00ebn nga varrezat e Sharr\u00ebs, aty ku ishin t\u00eb pranish\u00ebm vet\u00ebm 200 zyrtar\u00eb. Shum\u00eb pak popull. E habitshme, e turpshme, por ja q\u00eb ndodhi.<\/p>\n<p>Sepse politika p\u00ebr fat t\u00eb keq keqp\u00ebrdori nj\u00eb funeral. Opozita e nderoi figur\u00ebn e Lek\u00ebs p\u00ebr kortezi dhe respekti q\u00eb i b\u00ebhet nj\u00eb njeriu, p\u00ebr m\u00eb tep\u00ebr pasardh\u00ebs i Mbretit Zog. Por vet\u00ebm kaq, sepse kaq duhej. Kurse demokrat\u00ebt as q\u00eb denjuan t\u00eb d\u00ebrgonin sikurse nj\u00eb p\u00ebrfaq\u00ebsues t\u00eb vet\u00ebm p\u00ebr Presidentin e Par\u00eb Pluralist, Ramiz Alia. \u00c7far\u00eb turpi. Por m\u00eb e keqja vinte m\u00eb pas. Mes ngat\u00ebrresash protokolli e fjalimesh, duke harruar t\u00eb p\u00ebrmendeshin edhe personalitete t\u00eb pranishme. Del \u201cgjeli\u201d kandidat dhe merr fjal\u00ebn para \u201cpul\u00ebs matk\u00eb\u201d. E ku ta dinte Jozefina se kryetari i saj i kishte punuar rrengun.<\/p>\n<p>Se mos ka par\u00eb filma shqiptar\u00eb ndonj\u00ebher\u00eb, ku ka \u201ckamunista\u201d, \u201crenegat\u00eb\u201d, \u201cfantazi marksiste\u201d e \u201cideologjiste\u201d. Dhe ja ku lindi \u201cGracka\u201d mjesht\u00ebrore. Kryeministri nuk foli vet\u00eb, por nxit kanakarin duke i dh\u00ebn\u00eb informacion se do fliste Jozefina. Dhe kaq u desh. Si p\u00ebrher\u00eb \u201cmister procedura\u201d i kudogjendur. K\u00ebt\u00eb her\u00eb nuk pati pun\u00eb KQZ, Gjykata apo Kolegji. Ishte Sharra, Funerali, Kortezhi. Edhe at\u00eb e p\u00ebrdori me paturp\u00ebsi, sepse ky njeri nuk skuqet kurr\u00eb. Bashkia s\u2019b\u00ebri asnj\u00eb nderim p\u00ebr t\u00eb ndjerin, asnj\u00eb aktivitet protokollar. Turpi zyrtar i mbeti Topallit me skandalin, meritat i mori Luli. \u00c7far\u00eb t\u00eb paudh\u00ebsh q\u00eb jan\u00eb. N\u00ebp\u00ebrk\u00ebmb\u00ebn nj\u00eb funeral. P\u00ebr m\u00eb tep\u00ebr, turp\u00ebruan t\u00eb gjall\u00ebt e t\u00eb vdekurit. Dy her\u00eb turp!.<\/p>\n<p><em>AMA-NEWS<\/em><\/p>\n","protected":false},"excerpt":{"rendered":"<p>TemA Online, 3 Dhjetor 2011 Ceremonia e sotme e lamtumir\u00ebs p\u00ebr Leka Zogun \u00ebsht\u00eb kthyer n\u00eb nj\u00eb shfaqje t\u00eb sh\u00ebmtuar. Pas homazheve t\u00eb kryera n\u00eb ambientet e Parlamentit, Lulzim Basha ka mbajtur nj\u00eb fjalim p\u00ebr t\u00eb ndjerin. Por, m\u00ebsohet se para fjalimit t\u00eb Bash\u00ebs ka pasur nj\u00eb konflikt t\u00eb ashp\u00ebr mes tij dhe kryeparlamentares Jozefina [&hellip;]<\/p>\n","protected":false},"author":1,"featured_media":0,"comment_status":"open","ping_status":"closed","sticky":false,"template":"","format":"standard","meta":{"footnotes":""},"categories":[5],"tags":[],"class_list":{"0":"post-475","1":"post","2":"type-post","3":"status-publish","4":"format-standard","6":"category-lajme"},"yoast_head":"<!-- This site is optimized with the Yoast SEO plugin v27.4 - https:\/\/yoast.com\/product\/yoast-seo-wordpress\/ -->\n<title>Degjeneron ceremonia mortore p\u00ebr Leka Zogun, Topalli zihet me Bash\u00ebn p\u00ebr fjalimin e lamtumir\u00ebs - FjALA e LIR\u00cb - Arkivi<\/title>\n<meta name=\"robots\" content=\"index, follow, max-snippet:-1, max-image-preview:large, max-video-preview:-1\" \/>\n<link rel=\"canonical\" href=\"https:\/\/fjala.info\/2009-2015\/degjeneron-ceremonia-mortore-per-leka-zogun-topalli-zihet-me-bashen-per-fjalimin-e-lamtumires\/\" \/>\n<meta property=\"og:locale\" content=\"sq_AL\" \/>\n<meta property=\"og:type\" content=\"article\" \/>\n<meta property=\"og:title\" content=\"Degjeneron ceremonia mortore p\u00ebr Leka Zogun, Topalli zihet me Bash\u00ebn p\u00ebr fjalimin e lamtumir\u00ebs - FjALA e LIR\u00cb - Arkivi\" \/>\n<meta property=\"og:description\" content=\"TemA Online, 3 Dhjetor 2011 Ceremonia e sotme e lamtumir\u00ebs p\u00ebr Leka Zogun \u00ebsht\u00eb kthyer n\u00eb nj\u00eb shfaqje t\u00eb sh\u00ebmtuar. Pas homazheve t\u00eb kryera n\u00eb ambientet e Parlamentit, Lulzim Basha ka mbajtur nj\u00eb fjalim p\u00ebr t\u00eb ndjerin. Por, m\u00ebsohet se para fjalimit t\u00eb Bash\u00ebs ka pasur nj\u00eb konflikt t\u00eb ashp\u00ebr mes tij dhe kryeparlamentares Jozefina [&hellip;]\" \/>\n<meta property=\"og:url\" content=\"https:\/\/fjala.info\/2009-2015\/degjeneron-ceremonia-mortore-per-leka-zogun-topalli-zihet-me-bashen-per-fjalimin-e-lamtumires\/\" \/>\n<meta property=\"og:site_name\" content=\"FjALA e LIR\u00cb - Arkivi\" \/>\n<meta property=\"article:published_time\" content=\"2011-12-04T05:26:42+00:00\" \/>\n<meta property=\"og:image\" content=\"http:\/\/www.shkoder.net\/images\/fjala\/2011\/zogu_homazhe.jpg\" \/>\n<meta name=\"author\" content=\"admin\" \/>\n<meta name=\"twitter:card\" content=\"summary_large_image\" \/>\n<meta name=\"twitter:label1\" content=\"Written by\" \/>\n\t<meta name=\"twitter:data1\" content=\"admin\" \/>\n\t<meta name=\"twitter:label2\" content=\"Est. reading time\" \/>\n\t<meta name=\"twitter:data2\" content=\"5 minutes\" \/>\n<script type=\"application\/ld+json\" class=\"yoast-schema-graph\">{\"@context\":\"https:\\\/\\\/schema.org\",\"@graph\":[{\"@type\":\"Article\",\"@id\":\"https:\\\/\\\/fjala.info\\\/2009-2015\\\/degjeneron-ceremonia-mortore-per-leka-zogun-topalli-zihet-me-bashen-per-fjalimin-e-lamtumires\\\/#article\",\"isPartOf\":{\"@id\":\"https:\\\/\\\/fjala.info\\\/2009-2015\\\/degjeneron-ceremonia-mortore-per-leka-zogun-topalli-zihet-me-bashen-per-fjalimin-e-lamtumires\\\/\"},\"author\":{\"name\":\"admin\",\"@id\":\"https:\\\/\\\/fjala.info\\\/2009-2015\\\/#\\\/schema\\\/person\\\/3aa1163ef05469c496fc94e77611ada2\"},\"headline\":\"Degjeneron ceremonia mortore p\u00ebr Leka Zogun, Topalli zihet me Bash\u00ebn p\u00ebr fjalimin e lamtumir\u00ebs\",\"datePublished\":\"2011-12-04T05:26:42+00:00\",\"mainEntityOfPage\":{\"@id\":\"https:\\\/\\\/fjala.info\\\/2009-2015\\\/degjeneron-ceremonia-mortore-per-leka-zogun-topalli-zihet-me-bashen-per-fjalimin-e-lamtumires\\\/\"},\"wordCount\":931,\"commentCount\":1,\"publisher\":{\"@id\":\"https:\\\/\\\/fjala.info\\\/2009-2015\\\/#organization\"},\"image\":{\"@id\":\"https:\\\/\\\/fjala.info\\\/2009-2015\\\/degjeneron-ceremonia-mortore-per-leka-zogun-topalli-zihet-me-bashen-per-fjalimin-e-lamtumires\\\/#primaryimage\"},\"thumbnailUrl\":\"http:\\\/\\\/www.shkoder.net\\\/images\\\/fjala\\\/2011\\\/zogu_homazhe.jpg\",\"articleSection\":[\"Lajme\"],\"inLanguage\":\"sq-AL\",\"potentialAction\":[{\"@type\":\"CommentAction\",\"name\":\"Comment\",\"target\":[\"https:\\\/\\\/fjala.info\\\/2009-2015\\\/degjeneron-ceremonia-mortore-per-leka-zogun-topalli-zihet-me-bashen-per-fjalimin-e-lamtumires\\\/#respond\"]}]},{\"@type\":\"WebPage\",\"@id\":\"https:\\\/\\\/fjala.info\\\/2009-2015\\\/degjeneron-ceremonia-mortore-per-leka-zogun-topalli-zihet-me-bashen-per-fjalimin-e-lamtumires\\\/\",\"url\":\"https:\\\/\\\/fjala.info\\\/2009-2015\\\/degjeneron-ceremonia-mortore-per-leka-zogun-topalli-zihet-me-bashen-per-fjalimin-e-lamtumires\\\/\",\"name\":\"Degjeneron ceremonia mortore p\u00ebr Leka Zogun, Topalli zihet me Bash\u00ebn p\u00ebr fjalimin e lamtumir\u00ebs - FjALA e LIR\u00cb - Arkivi\",\"isPartOf\":{\"@id\":\"https:\\\/\\\/fjala.info\\\/2009-2015\\\/#website\"},\"primaryImageOfPage\":{\"@id\":\"https:\\\/\\\/fjala.info\\\/2009-2015\\\/degjeneron-ceremonia-mortore-per-leka-zogun-topalli-zihet-me-bashen-per-fjalimin-e-lamtumires\\\/#primaryimage\"},\"image\":{\"@id\":\"https:\\\/\\\/fjala.info\\\/2009-2015\\\/degjeneron-ceremonia-mortore-per-leka-zogun-topalli-zihet-me-bashen-per-fjalimin-e-lamtumires\\\/#primaryimage\"},\"thumbnailUrl\":\"http:\\\/\\\/www.shkoder.net\\\/images\\\/fjala\\\/2011\\\/zogu_homazhe.jpg\",\"datePublished\":\"2011-12-04T05:26:42+00:00\",\"breadcrumb\":{\"@id\":\"https:\\\/\\\/fjala.info\\\/2009-2015\\\/degjeneron-ceremonia-mortore-per-leka-zogun-topalli-zihet-me-bashen-per-fjalimin-e-lamtumires\\\/#breadcrumb\"},\"inLanguage\":\"sq-AL\",\"potentialAction\":[{\"@type\":\"ReadAction\",\"target\":[\"https:\\\/\\\/fjala.info\\\/2009-2015\\\/degjeneron-ceremonia-mortore-per-leka-zogun-topalli-zihet-me-bashen-per-fjalimin-e-lamtumires\\\/\"]}]},{\"@type\":\"ImageObject\",\"inLanguage\":\"sq-AL\",\"@id\":\"https:\\\/\\\/fjala.info\\\/2009-2015\\\/degjeneron-ceremonia-mortore-per-leka-zogun-topalli-zihet-me-bashen-per-fjalimin-e-lamtumires\\\/#primaryimage\",\"url\":\"http:\\\/\\\/www.shkoder.net\\\/images\\\/fjala\\\/2011\\\/zogu_homazhe.jpg\",\"contentUrl\":\"http:\\\/\\\/www.shkoder.net\\\/images\\\/fjala\\\/2011\\\/zogu_homazhe.jpg\"},{\"@type\":\"BreadcrumbList\",\"@id\":\"https:\\\/\\\/fjala.info\\\/2009-2015\\\/degjeneron-ceremonia-mortore-per-leka-zogun-topalli-zihet-me-bashen-per-fjalimin-e-lamtumires\\\/#breadcrumb\",\"itemListElement\":[{\"@type\":\"ListItem\",\"position\":1,\"name\":\"Home\",\"item\":\"https:\\\/\\\/fjala.info\\\/2009-2015\\\/\"},{\"@type\":\"ListItem\",\"position\":2,\"name\":\"Degjeneron ceremonia mortore p\u00ebr Leka Zogun, Topalli zihet me Bash\u00ebn p\u00ebr fjalimin e lamtumir\u00ebs\"}]},{\"@type\":\"WebSite\",\"@id\":\"https:\\\/\\\/fjala.info\\\/2009-2015\\\/#website\",\"url\":\"https:\\\/\\\/fjala.info\\\/2009-2015\\\/\",\"name\":\"FjALA e LIR\u00cb - Arkivi\",\"description\":\"Arkivi 2009-2015\",\"publisher\":{\"@id\":\"https:\\\/\\\/fjala.info\\\/2009-2015\\\/#organization\"},\"potentialAction\":[{\"@type\":\"SearchAction\",\"target\":{\"@type\":\"EntryPoint\",\"urlTemplate\":\"https:\\\/\\\/fjala.info\\\/2009-2015\\\/?s={search_term_string}\"},\"query-input\":{\"@type\":\"PropertyValueSpecification\",\"valueRequired\":true,\"valueName\":\"search_term_string\"}}],\"inLanguage\":\"sq-AL\"},{\"@type\":\"Organization\",\"@id\":\"https:\\\/\\\/fjala.info\\\/2009-2015\\\/#organization\",\"name\":\"FjALA e LIR\u00cb - Arkivi\",\"url\":\"https:\\\/\\\/fjala.info\\\/2009-2015\\\/\",\"logo\":{\"@type\":\"ImageObject\",\"inLanguage\":\"sq-AL\",\"@id\":\"https:\\\/\\\/fjala.info\\\/2009-2015\\\/#\\\/schema\\\/logo\\\/image\\\/\",\"url\":\"\",\"contentUrl\":\"\",\"caption\":\"FjALA e LIR\u00cb - Arkivi\"},\"image\":{\"@id\":\"https:\\\/\\\/fjala.info\\\/2009-2015\\\/#\\\/schema\\\/logo\\\/image\\\/\"}},{\"@type\":\"Person\",\"@id\":\"https:\\\/\\\/fjala.info\\\/2009-2015\\\/#\\\/schema\\\/person\\\/3aa1163ef05469c496fc94e77611ada2\",\"name\":\"admin\",\"image\":{\"@type\":\"ImageObject\",\"inLanguage\":\"sq-AL\",\"@id\":\"https:\\\/\\\/fjala.info\\\/2009-2015\\\/wp-content\\\/uploads\\\/2012\\\/02\\\/arben_cokaj-120x150.jpg\",\"url\":\"https:\\\/\\\/fjala.info\\\/2009-2015\\\/wp-content\\\/uploads\\\/2012\\\/02\\\/arben_cokaj-120x150.jpg\",\"contentUrl\":\"https:\\\/\\\/fjala.info\\\/2009-2015\\\/wp-content\\\/uploads\\\/2012\\\/02\\\/arben_cokaj-120x150.jpg\",\"caption\":\"admin\"},\"description\":\"Admin, Fjala e Lir\u00eb\",\"sameAs\":[\"https:\\\/\\\/fjala.info\\\/\"],\"url\":\"https:\\\/\\\/fjala.info\\\/2009-2015\\\/author\\\/admin\\\/\"}]}<\/script>\n<!-- \/ Yoast SEO plugin. -->","yoast_head_json":{"title":"Degjeneron ceremonia mortore p\u00ebr Leka Zogun, Topalli zihet me Bash\u00ebn p\u00ebr fjalimin e lamtumir\u00ebs - FjALA e LIR\u00cb - Arkivi","robots":{"index":"index","follow":"follow","max-snippet":"max-snippet:-1","max-image-preview":"max-image-preview:large","max-video-preview":"max-video-preview:-1"},"canonical":"https:\/\/fjala.info\/2009-2015\/degjeneron-ceremonia-mortore-per-leka-zogun-topalli-zihet-me-bashen-per-fjalimin-e-lamtumires\/","og_locale":"sq_AL","og_type":"article","og_title":"Degjeneron ceremonia mortore p\u00ebr Leka Zogun, Topalli zihet me Bash\u00ebn p\u00ebr fjalimin e lamtumir\u00ebs - FjALA e LIR\u00cb - Arkivi","og_description":"TemA Online, 3 Dhjetor 2011 Ceremonia e sotme e lamtumir\u00ebs p\u00ebr Leka Zogun \u00ebsht\u00eb kthyer n\u00eb nj\u00eb shfaqje t\u00eb sh\u00ebmtuar. Pas homazheve t\u00eb kryera n\u00eb ambientet e Parlamentit, Lulzim Basha ka mbajtur nj\u00eb fjalim p\u00ebr t\u00eb ndjerin. Por, m\u00ebsohet se para fjalimit t\u00eb Bash\u00ebs ka pasur nj\u00eb konflikt t\u00eb ashp\u00ebr mes tij dhe kryeparlamentares Jozefina [&hellip;]","og_url":"https:\/\/fjala.info\/2009-2015\/degjeneron-ceremonia-mortore-per-leka-zogun-topalli-zihet-me-bashen-per-fjalimin-e-lamtumires\/","og_site_name":"FjALA e LIR\u00cb - Arkivi","article_published_time":"2011-12-04T05:26:42+00:00","og_image":[{"url":"http:\/\/www.shkoder.net\/images\/fjala\/2011\/zogu_homazhe.jpg","type":"","width":"","height":""}],"author":"admin","twitter_card":"summary_large_image","twitter_misc":{"Written by":"admin","Est. reading time":"5 minutes"},"schema":{"@context":"https:\/\/schema.org","@graph":[{"@type":"Article","@id":"https:\/\/fjala.info\/2009-2015\/degjeneron-ceremonia-mortore-per-leka-zogun-topalli-zihet-me-bashen-per-fjalimin-e-lamtumires\/#article","isPartOf":{"@id":"https:\/\/fjala.info\/2009-2015\/degjeneron-ceremonia-mortore-per-leka-zogun-topalli-zihet-me-bashen-per-fjalimin-e-lamtumires\/"},"author":{"name":"admin","@id":"https:\/\/fjala.info\/2009-2015\/#\/schema\/person\/3aa1163ef05469c496fc94e77611ada2"},"headline":"Degjeneron ceremonia mortore p\u00ebr Leka Zogun, Topalli zihet me Bash\u00ebn p\u00ebr fjalimin e lamtumir\u00ebs","datePublished":"2011-12-04T05:26:42+00:00","mainEntityOfPage":{"@id":"https:\/\/fjala.info\/2009-2015\/degjeneron-ceremonia-mortore-per-leka-zogun-topalli-zihet-me-bashen-per-fjalimin-e-lamtumires\/"},"wordCount":931,"commentCount":1,"publisher":{"@id":"https:\/\/fjala.info\/2009-2015\/#organization"},"image":{"@id":"https:\/\/fjala.info\/2009-2015\/degjeneron-ceremonia-mortore-per-leka-zogun-topalli-zihet-me-bashen-per-fjalimin-e-lamtumires\/#primaryimage"},"thumbnailUrl":"http:\/\/www.shkoder.net\/images\/fjala\/2011\/zogu_homazhe.jpg","articleSection":["Lajme"],"inLanguage":"sq-AL","potentialAction":[{"@type":"CommentAction","name":"Comment","target":["https:\/\/fjala.info\/2009-2015\/degjeneron-ceremonia-mortore-per-leka-zogun-topalli-zihet-me-bashen-per-fjalimin-e-lamtumires\/#respond"]}]},{"@type":"WebPage","@id":"https:\/\/fjala.info\/2009-2015\/degjeneron-ceremonia-mortore-per-leka-zogun-topalli-zihet-me-bashen-per-fjalimin-e-lamtumires\/","url":"https:\/\/fjala.info\/2009-2015\/degjeneron-ceremonia-mortore-per-leka-zogun-topalli-zihet-me-bashen-per-fjalimin-e-lamtumires\/","name":"Degjeneron ceremonia mortore p\u00ebr Leka Zogun, Topalli zihet me Bash\u00ebn p\u00ebr fjalimin e lamtumir\u00ebs - FjALA e LIR\u00cb - Arkivi","isPartOf":{"@id":"https:\/\/fjala.info\/2009-2015\/#website"},"primaryImageOfPage":{"@id":"https:\/\/fjala.info\/2009-2015\/degjeneron-ceremonia-mortore-per-leka-zogun-topalli-zihet-me-bashen-per-fjalimin-e-lamtumires\/#primaryimage"},"image":{"@id":"https:\/\/fjala.info\/2009-2015\/degjeneron-ceremonia-mortore-per-leka-zogun-topalli-zihet-me-bashen-per-fjalimin-e-lamtumires\/#primaryimage"},"thumbnailUrl":"http:\/\/www.shkoder.net\/images\/fjala\/2011\/zogu_homazhe.jpg","datePublished":"2011-12-04T05:26:42+00:00","breadcrumb":{"@id":"https:\/\/fjala.info\/2009-2015\/degjeneron-ceremonia-mortore-per-leka-zogun-topalli-zihet-me-bashen-per-fjalimin-e-lamtumires\/#breadcrumb"},"inLanguage":"sq-AL","potentialAction":[{"@type":"ReadAction","target":["https:\/\/fjala.info\/2009-2015\/degjeneron-ceremonia-mortore-per-leka-zogun-topalli-zihet-me-bashen-per-fjalimin-e-lamtumires\/"]}]},{"@type":"ImageObject","inLanguage":"sq-AL","@id":"https:\/\/fjala.info\/2009-2015\/degjeneron-ceremonia-mortore-per-leka-zogun-topalli-zihet-me-bashen-per-fjalimin-e-lamtumires\/#primaryimage","url":"http:\/\/www.shkoder.net\/images\/fjala\/2011\/zogu_homazhe.jpg","contentUrl":"http:\/\/www.shkoder.net\/images\/fjala\/2011\/zogu_homazhe.jpg"},{"@type":"BreadcrumbList","@id":"https:\/\/fjala.info\/2009-2015\/degjeneron-ceremonia-mortore-per-leka-zogun-topalli-zihet-me-bashen-per-fjalimin-e-lamtumires\/#breadcrumb","itemListElement":[{"@type":"ListItem","position":1,"name":"Home","item":"https:\/\/fjala.info\/2009-2015\/"},{"@type":"ListItem","position":2,"name":"Degjeneron ceremonia mortore p\u00ebr Leka Zogun, Topalli zihet me Bash\u00ebn p\u00ebr fjalimin e lamtumir\u00ebs"}]},{"@type":"WebSite","@id":"https:\/\/fjala.info\/2009-2015\/#website","url":"https:\/\/fjala.info\/2009-2015\/","name":"FjALA e LIR\u00cb - Arkivi","description":"Arkivi 2009-2015","publisher":{"@id":"https:\/\/fjala.info\/2009-2015\/#organization"},"potentialAction":[{"@type":"SearchAction","target":{"@type":"EntryPoint","urlTemplate":"https:\/\/fjala.info\/2009-2015\/?s={search_term_string}"},"query-input":{"@type":"PropertyValueSpecification","valueRequired":true,"valueName":"search_term_string"}}],"inLanguage":"sq-AL"},{"@type":"Organization","@id":"https:\/\/fjala.info\/2009-2015\/#organization","name":"FjALA e LIR\u00cb - Arkivi","url":"https:\/\/fjala.info\/2009-2015\/","logo":{"@type":"ImageObject","inLanguage":"sq-AL","@id":"https:\/\/fjala.info\/2009-2015\/#\/schema\/logo\/image\/","url":"","contentUrl":"","caption":"FjALA e LIR\u00cb - Arkivi"},"image":{"@id":"https:\/\/fjala.info\/2009-2015\/#\/schema\/logo\/image\/"}},{"@type":"Person","@id":"https:\/\/fjala.info\/2009-2015\/#\/schema\/person\/3aa1163ef05469c496fc94e77611ada2","name":"admin","image":{"@type":"ImageObject","inLanguage":"sq-AL","@id":"https:\/\/fjala.info\/2009-2015\/wp-content\/uploads\/2012\/02\/arben_cokaj-120x150.jpg","url":"https:\/\/fjala.info\/2009-2015\/wp-content\/uploads\/2012\/02\/arben_cokaj-120x150.jpg","contentUrl":"https:\/\/fjala.info\/2009-2015\/wp-content\/uploads\/2012\/02\/arben_cokaj-120x150.jpg","caption":"admin"},"description":"Admin, Fjala e Lir\u00eb","sameAs":["https:\/\/fjala.info\/"],"url":"https:\/\/fjala.info\/2009-2015\/author\/admin\/"}]}},"_links":{"self":[{"href":"https:\/\/fjala.info\/2009-2015\/wp-json\/wp\/v2\/posts\/475","targetHints":{"allow":["GET"]}}],"collection":[{"href":"https:\/\/fjala.info\/2009-2015\/wp-json\/wp\/v2\/posts"}],"about":[{"href":"https:\/\/fjala.info\/2009-2015\/wp-json\/wp\/v2\/types\/post"}],"author":[{"embeddable":true,"href":"https:\/\/fjala.info\/2009-2015\/wp-json\/wp\/v2\/users\/1"}],"replies":[{"embeddable":true,"href":"https:\/\/fjala.info\/2009-2015\/wp-json\/wp\/v2\/comments?post=475"}],"version-history":[{"count":0,"href":"https:\/\/fjala.info\/2009-2015\/wp-json\/wp\/v2\/posts\/475\/revisions"}],"wp:attachment":[{"href":"https:\/\/fjala.info\/2009-2015\/wp-json\/wp\/v2\/media?parent=475"}],"wp:term":[{"taxonomy":"category","embeddable":true,"href":"https:\/\/fjala.info\/2009-2015\/wp-json\/wp\/v2\/categories?post=475"},{"taxonomy":"post_tag","embeddable":true,"href":"https:\/\/fjala.info\/2009-2015\/wp-json\/wp\/v2\/tags?post=475"}],"curies":[{"name":"wp","href":"https:\/\/api.w.org\/{rel}","templated":true}]}}