{"id":4749,"date":"2010-11-14T22:02:25","date_gmt":"2010-11-14T21:02:25","guid":{"rendered":"http:\/\/fjala.shkoder.net\/?p=4749"},"modified":"2010-11-14T22:02:25","modified_gmt":"2010-11-14T21:02:25","slug":"europa-i-tha-autoritarizmit-jo","status":"publish","type":"post","link":"https:\/\/fjala.info\/2009-2015\/europa-i-tha-autoritarizmit-jo\/","title":{"rendered":"EUROPA i tha AUTORITARIZMIT: JO!"},"content":{"rendered":"<p><img loading=\"lazy\" decoding=\"async\" src=\"http:\/\/fjala.shkoder.net\/wp-content\/uploads\/2010\/10\/andrea_stefani.jpg\" alt=\"\" title=\"Andrea Stefani\" width=\"108\" height=\"118\" class=\"alignleft size-full wp-image-4140\" \/><br \/>\n<strong>Andrea Stefani<\/strong><\/p>\n<p>P\u00ebrgjigjja negative q\u00eb mori k\u00ebrkesa e qeveris\u00eb shqiptare p\u00ebr statusin e kandidatit ka vet\u00ebm nj\u00eb shpjegim thelb\u00ebsor: Europa i tha \u201cjo\u201d autoritarizmit berishist. Sepse Europa nuk mund t\u00eb integroj\u00eb n\u00eb gjirin e saj nj\u00eb vend ku shteti ligjor \u00ebsht\u00eb vet\u00ebm n\u00eb let\u00ebr, ku ligjet europiane jan\u00eb katandisur n\u00eb letra pa vler\u00eb, ku fjala drejt\u00ebsi \u00ebsht\u00eb ve\u00e7se nj\u00eb mask\u00eb e padrejt\u00ebsis\u00eb dhe pushtetet e pavarura, t\u00eb shpikura nga Per\u00ebndimi p\u00ebr t\u00eb kontrolluar qeverit\u00eb, po kthehen n\u00eb vegla mjerane t\u00eb qeveris\u00eb. Europa nuk mund t\u00eb integroj\u00eb nj\u00eb shtet n\u00eb t\u00eb cilin demokracia \u00ebsht\u00eb prej letre, \u00ebsht\u00eb vet\u00ebm nj\u00eb llaf goje, madje akoma m\u00eb keq, nj\u00eb g\u00ebnjesht\u00ebr apo nj\u00eb tallje me publikun. \u201cJo\u201d-ja fatale q\u00eb erdhi nga Europa \u00ebsht\u00eb nj\u00eb \u201cjo\u201d p\u00ebr Kryeministrin Berisha q\u00eb nxitoi muaj m\u00eb par\u00eb t\u2019i dor\u00ebzonte me pompozitet Brukselit nj\u00eb lib\u00ebr super t\u00eb trash\u00eb me g\u00ebnjeshtra p\u00ebr \u201creformat\u201d e hatashme \u201cdemokratike\u201d q\u00eb kish realizuar. Ve\u00e7 e keqja nuk mbaron k\u00ebtu. Sepse p\u00ebrgjigjja negative q\u00eb sapo erdhi nga Europa nuk \u00ebsht\u00eb rrjedhoj\u00eb e disa gabimeve q\u00eb mund t\u00eb korrigjohen. Ajo \u00ebsht\u00eb fryt i hidhur i nj\u00eb strategjie autoritariste t\u00eb ndjekur me k\u00ebmb\u00ebngulje nga Berisha tash e 20 vjet. Dhe duke qen\u00eb mish\u00ebrim i autoritarizmit post-komunist, Berisha nuk do t\u00eb heq\u00eb dor\u00eb kurr\u00eb nga kjo strategji q\u00eb, si\u00e7 sapo u d\u00ebshmua, \u00ebsht\u00eb pengesa q\u00eb Shqip\u00ebria t\u00eb b\u00ebhet si gjith\u00eb Europa. Objektivi i v\u00ebrtet\u00eb dhe i fsheht\u00eb i Berish\u00ebs nuk \u00ebsht\u00eb Europa, por nj\u00eb shtet piramid\u00eb n\u00eb maj\u00eb t\u00eb s\u00eb cil\u00ebs do t\u00eb fron\u00ebzohet ai. Jo rast\u00ebsisht turret t\u00eb shkat\u00ebrroj\u00eb nj\u00eb piramid\u00eb mermeri q\u00eb t\u00eb maskoj\u00eb me \u201cantikomuniz\u00ebm\u201d piramid\u00ebn e gjall\u00eb t\u00eb shtetit neokomunist q\u00eb \u00ebnd\u00ebrron t\u00eb shtrij\u00eb n\u00ebn k\u00ebmb\u00ebt e tij. Ndaj p\u00ebr sa koh\u00eb q\u00eb Berisha t\u00eb jet\u00eb n\u00eb pushtet, Shqip\u00ebria do t\u00eb mbetet jasht\u00eb Europ\u00ebs. Shqiptar\u00ebt tashm\u00eb duhet t\u00eb zgjedhin: ose Berish\u00ebn, ose Europ\u00ebn!<\/p>\n<p>* * *<\/p>\n<p>U b\u00ebn\u00eb m\u00eb shum\u00eb se dy dekada q\u00eb politikani Sali Berisha \u00ebsht\u00eb shquar dhe kritikuar pafund\u00ebsisht p\u00ebr strategjit\u00eb dhe taktikat e kapjes dhe n\u00ebnshtrimit t\u00eb institucioneve t\u00eb pavarura. N\u00eb radh\u00eb t\u00eb par\u00eb t\u00eb institucioneve t\u00eb drejt\u00ebsis\u00eb, prokuroris\u00eb dhe gjykatave. Qysh n\u00eb krye t\u00eb her\u00ebs s\u00eb karrier\u00ebs s\u00eb tij politike ai kapi dhe keqp\u00ebrdori prokuror\u00eb dhe gjykat\u00ebs p\u00ebr t\u00eb persekutuar gazetar\u00eb dhe politikan\u00eb, nd\u00ebr t\u00eb cil\u00ebt edhe liderin e opozit\u00ebs s\u00eb asaj kohe, Fatos Nanon. Edhe n\u00eb qeverisjen e tij t\u00eb dyt\u00eb, tashm\u00eb i \u201cndryshuar\u201d, ai ka b\u00ebr\u00eb dhe po b\u00ebn t\u00eb nj\u00ebjt\u00ebn gj\u00eb. Ka shkarkuar nj\u00eb kryeprokuror q\u00eb s\u2019i bindej e m\u00eb pas ka lajkatuar Kryeprokuroren e re, duke shpresuar ta p\u00ebrdorte. Por kur Ina Rama hetoi megakorrupsionin e rrug\u00ebs Durr\u00ebs-Kuk\u00ebs dhe beniaminin e tij Lulzim Basha, e akuzoi \u201cSilvia Kontin\u201d si t\u00eb kapur nga opozita. Rrjedhoj\u00eb e k\u00ebtij obstruksioni t\u00eb drejt\u00ebsis\u00eb, si dhe i shtrirjes s\u00eb metastazave t\u00eb influenc\u00ebs s\u00eb pushtetit berishist n\u00eb gjykata, \u00ebsht\u00eb pezullimi i gjykimit t\u00eb korrupsionit t\u00eb rrug\u00ebs Durr\u00ebs-Kuk\u00ebs, si dhe thuajse d\u00ebshtimi i gjykimit t\u00eb tragjedis\u00eb s\u00eb G\u00ebrdecit. Dhe sa t\u00eb jet\u00eb Berisha n\u00eb pushtet, k\u00ebto skandale korruptive nuk do t\u00eb nd\u00ebshkohen, sepse do t\u00eb thot\u00eb t\u00eb nd\u00ebshkohet pushteti i Berish\u00ebs dhe njer\u00ebzit e tij. Prandaj dhe \u201cJO\u201d-ja e Europ\u00ebs na thot\u00eb se \u201cka mungesa thelb\u00ebsore lidhur me pavar\u00ebsin\u00eb, transparenc\u00ebn dhe p\u00ebrgjegjshm\u00ebrin\u00eb e sistemit gjyq\u00ebsor dhe se gjurm\u00eb t\u00eb luft\u00ebs efektive kund\u00ebr korrupsionit dhe krimit t\u00eb organizuar mungojn\u00eb\u201d. Por Berisha nuk do t\u2019ia dij\u00eb. Ai p\u00ebllet lart e posht\u00eb p\u00ebr \u201cShqip\u00ebrin\u00eb europiane\u201d q\u00eb t\u00eb g\u00ebnjej\u00eb t\u00eb gjith\u00eb ata q\u00eb jan\u00eb me t\u00eb, por q\u00eb mjerisht nuk po e kuptojn\u00eb se Berisha vet\u00eb nuk \u00ebsht\u00eb me ta. Berisha \u00ebsht\u00eb me veten e tij dhe me nj\u00eb klan q\u00eb po pasurohet korruptivisht rreth tij. E nd\u00ebrsa Europa e shpjegon \u201cJo\u201d-n\u00eb e saj me munges\u00ebn e pavar\u00ebsis\u00eb s\u00eb gjyq\u00ebsorit, Berisha vazhdon n\u00eb strategjin\u00eb e tij antieuropiane, duke hedhur posht\u00eb edhe inkuizitivisht kandidaturat e Presidentit t\u00eb Republik\u00ebs p\u00ebr Gjykat\u00ebn e Lart\u00eb dhe Gjykat\u00ebn Kushtetuese. Berisha betohet publikisht dhe me serviliz\u00ebm para zyrtar\u00ebve europian\u00eb, se raporti i progresit dhe v\u00ebrejtjet q\u00eb vijn\u00eb nga Europa do t\u00eb jen\u00eb nj\u00eb program pune p\u00ebr t\u00eb. Nj\u00eb mashtrim q\u00eb po p\u00ebrs\u00ebritet p\u00ebr vite me radh\u00eb. Europa thot\u00eb se korrupsioni \u00ebsht\u00eb \u201cgjer\u00ebsisht prezent\u201d, Berisha ul\u00ebret tribunave p\u00ebr luft\u00eb plot sukses dhe me toleranc\u00eb \u201c0\u201d kund\u00ebr korrupsionit! Europa thot\u00eb se \u201caktiviteti i krimit t\u00eb organizuar, me ndikim edhe jasht\u00eb vendit, mbetet \u00e7\u00ebshtje e nj\u00eb shqet\u00ebsimi serioz, Berisha vazhdon me g\u00ebnjeshtr\u00ebn e zhdukjes s\u00eb 300 bandave t\u00eb krimit t\u00eb organizuar\u201d! Por pavar\u00ebsisht demagogjis\u00eb berishiste, \u201cJo\u201d-ja q\u00eb erdhi nga Europa \u00ebsht\u00eb pohimi i s\u00eb v\u00ebrtet\u00ebs s\u00eb hidhur: shteti shqiptar ka d\u00ebshtuar n\u00eb luft\u00ebn kund\u00ebr korrupsionit dhe krimit t\u00eb organizuar. Dhe kjo kryesisht p\u00ebr shkak t\u00eb korruptimit t\u00eb qeveris\u00eb shqiptare q\u00eb nuk ka vullnet p\u00ebr t\u00eb luftuar krimin dhe korrupsionin.<\/p>\n<p>* * *<\/p>\n<p>Nd\u00ebrsa saboton me vepra projektin europian t\u00eb Shqip\u00ebris\u00eb, Berisha ngjiret tribunave p\u00ebr Shqip\u00ebrin\u00eb europiane. Ai po p\u00ebrpiqet q\u00eb edhe aktin fisnik t\u00eb Europ\u00ebs p\u00ebr t\u00eb lejuar shqiptar\u00ebt t\u00eb l\u00ebvizin pa viza, ta p\u00ebrdor\u00eb p\u00ebr t\u00eb maskuar n\u00ebp\u00ebrk\u00ebmbjen e lirive dhe t\u00eb drejtave t\u00eb njeriut n\u00eb Shqip\u00ebri. Ky dhunues i palodhur i lirive dhe t\u00eb drejtave t\u00eb njeriut, mburret me lirin\u00eb e l\u00ebvizjes q\u00eb Europa nuk mund t\u2019ua vononte m\u00eb shqiptar\u00ebve pik\u00ebrisht p\u00ebr faj t\u00eb politikan\u00ebve si Berisha q\u00eb e keqqeverisin vendin prej 20 vjet\u00ebsh. Sepse si n\u00eb asnj\u00eb vend tjet\u00ebr n\u00eb Europ\u00eb, Shqip\u00ebria mbetet shteti ku njer\u00ebzit vazhdojn\u00eb t\u00eb flaken nga postet publike p\u00ebr shkaqe politike, flaken se nuk jan\u00eb simpatizant\u00eb apo militant\u00eb t\u00eb pushtetit berishist. Administrata publike, ndryshe nga p\u00ebrvoja europiane, \u00ebsht\u00eb shnd\u00ebrruar n\u00eb nj\u00eb minier\u00eb p\u00ebr t\u00eb darovitur militant\u00ebt e pushtetit. Ndon\u00ebse ka ligje t\u00eb mira q\u00eb mbrojn\u00eb administrat\u00ebn publike dhe n\u00ebpun\u00ebsit e saj publik\u00eb, k\u00ebto ligje nuk zbatohen, por dhunohen nga vullneti politik i nj\u00eb pushteti autoritarist q\u00eb e ka shnd\u00ebrruar at\u00eb nga publike, n\u00eb nj\u00eb administrat\u00eb t\u00eb partis\u00eb n\u00eb pushtet. Prandaj dhe Europa na thot\u00eb e shqet\u00ebsuar se \u201csh\u00ebrbimi publik \u00ebsht\u00eb shum\u00eb i politizuar, ka munges\u00eb transparence n\u00eb em\u00ebrime dhe shquhet nga nd\u00ebrrime t\u00eb shpeshta t\u00eb stafeve\u201d. P\u00ebrse ky degradim i administrat\u00ebs? P\u00ebrgjigjja gjendet te korrupsioni dhe autoritarizmi i pushtetit q\u00eb po i g\u00ebrryejn\u00eb themelet e shtetit.<\/p>\n<p>Diktatura komuniste u themelua mbi dhunimin e pron\u00ebs private, mbi dhunimi e s\u00eb drejt\u00ebs s\u00eb pron\u00ebs. Sot, pas 20 vjet\u00ebsh, prona private e grabitur nuk u \u00ebsht\u00eb kthyer ende t\u00eb zot\u00ebrve, nd\u00ebrkoh\u00eb q\u00eb pushtetar\u00eb si Berisha dhe t\u00eb af\u00ebrm t\u00eb tij politik\u00eb e familjar\u00eb jan\u00eb b\u00ebr\u00eb me prona t\u00eb m\u00ebdha. Prandaj nj\u00eb nga arsyet q\u00eb Europa i tha \u201cJo\u201d Shqip\u00ebris\u00eb \u00ebsht\u00eb mungesa e respektimit t\u00eb s\u00eb drejt\u00ebs s\u00eb pron\u00ebs, dhunimi i t\u00eb drejtave t\u00eb njeriut edhe n\u00eb k\u00ebt\u00eb rrafsh, q\u00eb n\u00eb fakt duhet t\u00eb ishte themeli i shtetit t\u00eb s\u00eb drejt\u00ebs. Por n\u00eb \u201cJo\u201d-n\u00eb e Europ\u00ebs ka edhe nj\u00eb t\u00eb keqe tjet\u00ebr alarmante. M\u00eb n\u00eb fund Europa ka pohuar tro\u00e7 se Parlamenti shqiptar nuk funksionon si nj\u00eb institucion i pavarur. Dhe atje ku ndodh nj\u00eb gj\u00eb e till\u00eb, nuk ka parlamentariz\u00ebm real, por e pakta, tirani t\u00eb shumic\u00ebs. Me k\u00ebt\u00eb deklarim, Europa jep alarmin se kapja e shtetit nga qeveria, nga Berisha, ka arritur kufijt\u00eb kritik\u00eb. Tej k\u00ebtyre kufijve gjendet diktatura. \u201cJo\u201d-ja e madhe e Europ\u00ebs duhet t\u2019i b\u00ebj\u00eb shqiptar\u00ebt t\u00eb kuptojn\u00eb m\u00eb n\u00eb fund se shanset e Shqip\u00ebris\u00eb si gjith\u00eb Europa jan\u00eb n\u00eb nj\u00eb rrezik serioz nga pushteti dhe kulti i nj\u00eb lideri autoritarist q\u00eb ka p\u00ebr objektiv jo lirin\u00eb, por sundimin e shqiptar\u00ebve. Edhe pse k\u00ebrkon ta fsheh\u00eb k\u00ebt\u00eb skenar t\u00eb zi pas fishekzjarr\u00ebve t\u00eb l\u00ebvizjes s\u00eb lir\u00eb.<\/p>\n","protected":false},"excerpt":{"rendered":"<p>Andrea Stefani P\u00ebrgjigjja negative q\u00eb mori k\u00ebrkesa e qeveris\u00eb shqiptare p\u00ebr statusin e kandidatit ka vet\u00ebm nj\u00eb shpjegim thelb\u00ebsor: Europa i tha \u201cjo\u201d autoritarizmit berishist. Sepse Europa nuk mund t\u00eb integroj\u00eb n\u00eb gjirin e saj nj\u00eb vend ku shteti ligjor \u00ebsht\u00eb vet\u00ebm n\u00eb let\u00ebr, ku ligjet europiane jan\u00eb katandisur n\u00eb letra pa vler\u00eb, ku fjala [&hellip;]<\/p>\n","protected":false},"author":1,"featured_media":0,"comment_status":"open","ping_status":"closed","sticky":false,"template":"","format":"standard","meta":{"footnotes":""},"categories":[2],"tags":[],"class_list":{"0":"post-4749","1":"post","2":"type-post","3":"status-publish","4":"format-standard","6":"category-artikuj"},"yoast_head":"<!-- This site is optimized with the Yoast SEO plugin v27.4 - https:\/\/yoast.com\/product\/yoast-seo-wordpress\/ -->\n<title>EUROPA i tha AUTORITARIZMIT: JO! - FjALA e LIR\u00cb - Arkivi<\/title>\n<meta name=\"robots\" content=\"index, follow, max-snippet:-1, max-image-preview:large, max-video-preview:-1\" \/>\n<link rel=\"canonical\" href=\"https:\/\/fjala.info\/2009-2015\/europa-i-tha-autoritarizmit-jo\/\" \/>\n<meta property=\"og:locale\" content=\"sq_AL\" \/>\n<meta property=\"og:type\" content=\"article\" \/>\n<meta property=\"og:title\" content=\"EUROPA i tha AUTORITARIZMIT: JO! - FjALA e LIR\u00cb - Arkivi\" \/>\n<meta property=\"og:description\" content=\"Andrea Stefani P\u00ebrgjigjja negative q\u00eb mori k\u00ebrkesa e qeveris\u00eb shqiptare p\u00ebr statusin e kandidatit ka vet\u00ebm nj\u00eb shpjegim thelb\u00ebsor: Europa i tha \u201cjo\u201d autoritarizmit berishist. Sepse Europa nuk mund t\u00eb integroj\u00eb n\u00eb gjirin e saj nj\u00eb vend ku shteti ligjor \u00ebsht\u00eb vet\u00ebm n\u00eb let\u00ebr, ku ligjet europiane jan\u00eb katandisur n\u00eb letra pa vler\u00eb, ku fjala [&hellip;]\" \/>\n<meta property=\"og:url\" content=\"https:\/\/fjala.info\/2009-2015\/europa-i-tha-autoritarizmit-jo\/\" \/>\n<meta property=\"og:site_name\" content=\"FjALA e LIR\u00cb - Arkivi\" \/>\n<meta property=\"article:published_time\" content=\"2010-11-14T21:02:25+00:00\" \/>\n<meta property=\"og:image\" content=\"http:\/\/fjala.shkoder.net\/wp-content\/uploads\/2010\/10\/andrea_stefani.jpg\" \/>\n<meta name=\"author\" content=\"admin\" \/>\n<meta name=\"twitter:card\" content=\"summary_large_image\" \/>\n<meta name=\"twitter:label1\" content=\"Written by\" \/>\n\t<meta name=\"twitter:data1\" content=\"admin\" \/>\n\t<meta name=\"twitter:label2\" content=\"Est. reading time\" \/>\n\t<meta name=\"twitter:data2\" content=\"7 minutes\" \/>\n<script type=\"application\/ld+json\" class=\"yoast-schema-graph\">{\"@context\":\"https:\\\/\\\/schema.org\",\"@graph\":[{\"@type\":\"Article\",\"@id\":\"https:\\\/\\\/fjala.info\\\/2009-2015\\\/europa-i-tha-autoritarizmit-jo\\\/#article\",\"isPartOf\":{\"@id\":\"https:\\\/\\\/fjala.info\\\/2009-2015\\\/europa-i-tha-autoritarizmit-jo\\\/\"},\"author\":{\"name\":\"admin\",\"@id\":\"https:\\\/\\\/fjala.info\\\/2009-2015\\\/#\\\/schema\\\/person\\\/3aa1163ef05469c496fc94e77611ada2\"},\"headline\":\"EUROPA i tha AUTORITARIZMIT: JO!\",\"datePublished\":\"2010-11-14T21:02:25+00:00\",\"mainEntityOfPage\":{\"@id\":\"https:\\\/\\\/fjala.info\\\/2009-2015\\\/europa-i-tha-autoritarizmit-jo\\\/\"},\"wordCount\":1408,\"commentCount\":0,\"publisher\":{\"@id\":\"https:\\\/\\\/fjala.info\\\/2009-2015\\\/#organization\"},\"image\":{\"@id\":\"https:\\\/\\\/fjala.info\\\/2009-2015\\\/europa-i-tha-autoritarizmit-jo\\\/#primaryimage\"},\"thumbnailUrl\":\"http:\\\/\\\/fjala.shkoder.net\\\/wp-content\\\/uploads\\\/2010\\\/10\\\/andrea_stefani.jpg\",\"articleSection\":[\"Artikuj\"],\"inLanguage\":\"sq-AL\",\"potentialAction\":[{\"@type\":\"CommentAction\",\"name\":\"Comment\",\"target\":[\"https:\\\/\\\/fjala.info\\\/2009-2015\\\/europa-i-tha-autoritarizmit-jo\\\/#respond\"]}]},{\"@type\":\"WebPage\",\"@id\":\"https:\\\/\\\/fjala.info\\\/2009-2015\\\/europa-i-tha-autoritarizmit-jo\\\/\",\"url\":\"https:\\\/\\\/fjala.info\\\/2009-2015\\\/europa-i-tha-autoritarizmit-jo\\\/\",\"name\":\"EUROPA i tha AUTORITARIZMIT: JO! - FjALA e LIR\u00cb - Arkivi\",\"isPartOf\":{\"@id\":\"https:\\\/\\\/fjala.info\\\/2009-2015\\\/#website\"},\"primaryImageOfPage\":{\"@id\":\"https:\\\/\\\/fjala.info\\\/2009-2015\\\/europa-i-tha-autoritarizmit-jo\\\/#primaryimage\"},\"image\":{\"@id\":\"https:\\\/\\\/fjala.info\\\/2009-2015\\\/europa-i-tha-autoritarizmit-jo\\\/#primaryimage\"},\"thumbnailUrl\":\"http:\\\/\\\/fjala.shkoder.net\\\/wp-content\\\/uploads\\\/2010\\\/10\\\/andrea_stefani.jpg\",\"datePublished\":\"2010-11-14T21:02:25+00:00\",\"breadcrumb\":{\"@id\":\"https:\\\/\\\/fjala.info\\\/2009-2015\\\/europa-i-tha-autoritarizmit-jo\\\/#breadcrumb\"},\"inLanguage\":\"sq-AL\",\"potentialAction\":[{\"@type\":\"ReadAction\",\"target\":[\"https:\\\/\\\/fjala.info\\\/2009-2015\\\/europa-i-tha-autoritarizmit-jo\\\/\"]}]},{\"@type\":\"ImageObject\",\"inLanguage\":\"sq-AL\",\"@id\":\"https:\\\/\\\/fjala.info\\\/2009-2015\\\/europa-i-tha-autoritarizmit-jo\\\/#primaryimage\",\"url\":\"http:\\\/\\\/fjala.shkoder.net\\\/wp-content\\\/uploads\\\/2010\\\/10\\\/andrea_stefani.jpg\",\"contentUrl\":\"http:\\\/\\\/fjala.shkoder.net\\\/wp-content\\\/uploads\\\/2010\\\/10\\\/andrea_stefani.jpg\"},{\"@type\":\"BreadcrumbList\",\"@id\":\"https:\\\/\\\/fjala.info\\\/2009-2015\\\/europa-i-tha-autoritarizmit-jo\\\/#breadcrumb\",\"itemListElement\":[{\"@type\":\"ListItem\",\"position\":1,\"name\":\"Home\",\"item\":\"https:\\\/\\\/fjala.info\\\/2009-2015\\\/\"},{\"@type\":\"ListItem\",\"position\":2,\"name\":\"EUROPA i tha AUTORITARIZMIT: JO!\"}]},{\"@type\":\"WebSite\",\"@id\":\"https:\\\/\\\/fjala.info\\\/2009-2015\\\/#website\",\"url\":\"https:\\\/\\\/fjala.info\\\/2009-2015\\\/\",\"name\":\"FjALA e LIR\u00cb - Arkivi\",\"description\":\"Arkivi 2009-2015\",\"publisher\":{\"@id\":\"https:\\\/\\\/fjala.info\\\/2009-2015\\\/#organization\"},\"potentialAction\":[{\"@type\":\"SearchAction\",\"target\":{\"@type\":\"EntryPoint\",\"urlTemplate\":\"https:\\\/\\\/fjala.info\\\/2009-2015\\\/?s={search_term_string}\"},\"query-input\":{\"@type\":\"PropertyValueSpecification\",\"valueRequired\":true,\"valueName\":\"search_term_string\"}}],\"inLanguage\":\"sq-AL\"},{\"@type\":\"Organization\",\"@id\":\"https:\\\/\\\/fjala.info\\\/2009-2015\\\/#organization\",\"name\":\"FjALA e LIR\u00cb - Arkivi\",\"url\":\"https:\\\/\\\/fjala.info\\\/2009-2015\\\/\",\"logo\":{\"@type\":\"ImageObject\",\"inLanguage\":\"sq-AL\",\"@id\":\"https:\\\/\\\/fjala.info\\\/2009-2015\\\/#\\\/schema\\\/logo\\\/image\\\/\",\"url\":\"\",\"contentUrl\":\"\",\"caption\":\"FjALA e LIR\u00cb - Arkivi\"},\"image\":{\"@id\":\"https:\\\/\\\/fjala.info\\\/2009-2015\\\/#\\\/schema\\\/logo\\\/image\\\/\"}},{\"@type\":\"Person\",\"@id\":\"https:\\\/\\\/fjala.info\\\/2009-2015\\\/#\\\/schema\\\/person\\\/3aa1163ef05469c496fc94e77611ada2\",\"name\":\"admin\",\"image\":{\"@type\":\"ImageObject\",\"inLanguage\":\"sq-AL\",\"@id\":\"https:\\\/\\\/fjala.info\\\/2009-2015\\\/wp-content\\\/uploads\\\/2012\\\/02\\\/arben_cokaj-120x150.jpg\",\"url\":\"https:\\\/\\\/fjala.info\\\/2009-2015\\\/wp-content\\\/uploads\\\/2012\\\/02\\\/arben_cokaj-120x150.jpg\",\"contentUrl\":\"https:\\\/\\\/fjala.info\\\/2009-2015\\\/wp-content\\\/uploads\\\/2012\\\/02\\\/arben_cokaj-120x150.jpg\",\"caption\":\"admin\"},\"description\":\"Admin, Fjala e Lir\u00eb\",\"sameAs\":[\"https:\\\/\\\/fjala.info\\\/\"],\"url\":\"https:\\\/\\\/fjala.info\\\/2009-2015\\\/author\\\/admin\\\/\"}]}<\/script>\n<!-- \/ Yoast SEO plugin. -->","yoast_head_json":{"title":"EUROPA i tha AUTORITARIZMIT: JO! - FjALA e LIR\u00cb - Arkivi","robots":{"index":"index","follow":"follow","max-snippet":"max-snippet:-1","max-image-preview":"max-image-preview:large","max-video-preview":"max-video-preview:-1"},"canonical":"https:\/\/fjala.info\/2009-2015\/europa-i-tha-autoritarizmit-jo\/","og_locale":"sq_AL","og_type":"article","og_title":"EUROPA i tha AUTORITARIZMIT: JO! - FjALA e LIR\u00cb - Arkivi","og_description":"Andrea Stefani P\u00ebrgjigjja negative q\u00eb mori k\u00ebrkesa e qeveris\u00eb shqiptare p\u00ebr statusin e kandidatit ka vet\u00ebm nj\u00eb shpjegim thelb\u00ebsor: Europa i tha \u201cjo\u201d autoritarizmit berishist. Sepse Europa nuk mund t\u00eb integroj\u00eb n\u00eb gjirin e saj nj\u00eb vend ku shteti ligjor \u00ebsht\u00eb vet\u00ebm n\u00eb let\u00ebr, ku ligjet europiane jan\u00eb katandisur n\u00eb letra pa vler\u00eb, ku fjala [&hellip;]","og_url":"https:\/\/fjala.info\/2009-2015\/europa-i-tha-autoritarizmit-jo\/","og_site_name":"FjALA e LIR\u00cb - Arkivi","article_published_time":"2010-11-14T21:02:25+00:00","og_image":[{"url":"http:\/\/fjala.shkoder.net\/wp-content\/uploads\/2010\/10\/andrea_stefani.jpg","type":"","width":"","height":""}],"author":"admin","twitter_card":"summary_large_image","twitter_misc":{"Written by":"admin","Est. reading time":"7 minutes"},"schema":{"@context":"https:\/\/schema.org","@graph":[{"@type":"Article","@id":"https:\/\/fjala.info\/2009-2015\/europa-i-tha-autoritarizmit-jo\/#article","isPartOf":{"@id":"https:\/\/fjala.info\/2009-2015\/europa-i-tha-autoritarizmit-jo\/"},"author":{"name":"admin","@id":"https:\/\/fjala.info\/2009-2015\/#\/schema\/person\/3aa1163ef05469c496fc94e77611ada2"},"headline":"EUROPA i tha AUTORITARIZMIT: JO!","datePublished":"2010-11-14T21:02:25+00:00","mainEntityOfPage":{"@id":"https:\/\/fjala.info\/2009-2015\/europa-i-tha-autoritarizmit-jo\/"},"wordCount":1408,"commentCount":0,"publisher":{"@id":"https:\/\/fjala.info\/2009-2015\/#organization"},"image":{"@id":"https:\/\/fjala.info\/2009-2015\/europa-i-tha-autoritarizmit-jo\/#primaryimage"},"thumbnailUrl":"http:\/\/fjala.shkoder.net\/wp-content\/uploads\/2010\/10\/andrea_stefani.jpg","articleSection":["Artikuj"],"inLanguage":"sq-AL","potentialAction":[{"@type":"CommentAction","name":"Comment","target":["https:\/\/fjala.info\/2009-2015\/europa-i-tha-autoritarizmit-jo\/#respond"]}]},{"@type":"WebPage","@id":"https:\/\/fjala.info\/2009-2015\/europa-i-tha-autoritarizmit-jo\/","url":"https:\/\/fjala.info\/2009-2015\/europa-i-tha-autoritarizmit-jo\/","name":"EUROPA i tha AUTORITARIZMIT: JO! - FjALA e LIR\u00cb - Arkivi","isPartOf":{"@id":"https:\/\/fjala.info\/2009-2015\/#website"},"primaryImageOfPage":{"@id":"https:\/\/fjala.info\/2009-2015\/europa-i-tha-autoritarizmit-jo\/#primaryimage"},"image":{"@id":"https:\/\/fjala.info\/2009-2015\/europa-i-tha-autoritarizmit-jo\/#primaryimage"},"thumbnailUrl":"http:\/\/fjala.shkoder.net\/wp-content\/uploads\/2010\/10\/andrea_stefani.jpg","datePublished":"2010-11-14T21:02:25+00:00","breadcrumb":{"@id":"https:\/\/fjala.info\/2009-2015\/europa-i-tha-autoritarizmit-jo\/#breadcrumb"},"inLanguage":"sq-AL","potentialAction":[{"@type":"ReadAction","target":["https:\/\/fjala.info\/2009-2015\/europa-i-tha-autoritarizmit-jo\/"]}]},{"@type":"ImageObject","inLanguage":"sq-AL","@id":"https:\/\/fjala.info\/2009-2015\/europa-i-tha-autoritarizmit-jo\/#primaryimage","url":"http:\/\/fjala.shkoder.net\/wp-content\/uploads\/2010\/10\/andrea_stefani.jpg","contentUrl":"http:\/\/fjala.shkoder.net\/wp-content\/uploads\/2010\/10\/andrea_stefani.jpg"},{"@type":"BreadcrumbList","@id":"https:\/\/fjala.info\/2009-2015\/europa-i-tha-autoritarizmit-jo\/#breadcrumb","itemListElement":[{"@type":"ListItem","position":1,"name":"Home","item":"https:\/\/fjala.info\/2009-2015\/"},{"@type":"ListItem","position":2,"name":"EUROPA i tha AUTORITARIZMIT: JO!"}]},{"@type":"WebSite","@id":"https:\/\/fjala.info\/2009-2015\/#website","url":"https:\/\/fjala.info\/2009-2015\/","name":"FjALA e LIR\u00cb - Arkivi","description":"Arkivi 2009-2015","publisher":{"@id":"https:\/\/fjala.info\/2009-2015\/#organization"},"potentialAction":[{"@type":"SearchAction","target":{"@type":"EntryPoint","urlTemplate":"https:\/\/fjala.info\/2009-2015\/?s={search_term_string}"},"query-input":{"@type":"PropertyValueSpecification","valueRequired":true,"valueName":"search_term_string"}}],"inLanguage":"sq-AL"},{"@type":"Organization","@id":"https:\/\/fjala.info\/2009-2015\/#organization","name":"FjALA e LIR\u00cb - Arkivi","url":"https:\/\/fjala.info\/2009-2015\/","logo":{"@type":"ImageObject","inLanguage":"sq-AL","@id":"https:\/\/fjala.info\/2009-2015\/#\/schema\/logo\/image\/","url":"","contentUrl":"","caption":"FjALA e LIR\u00cb - Arkivi"},"image":{"@id":"https:\/\/fjala.info\/2009-2015\/#\/schema\/logo\/image\/"}},{"@type":"Person","@id":"https:\/\/fjala.info\/2009-2015\/#\/schema\/person\/3aa1163ef05469c496fc94e77611ada2","name":"admin","image":{"@type":"ImageObject","inLanguage":"sq-AL","@id":"https:\/\/fjala.info\/2009-2015\/wp-content\/uploads\/2012\/02\/arben_cokaj-120x150.jpg","url":"https:\/\/fjala.info\/2009-2015\/wp-content\/uploads\/2012\/02\/arben_cokaj-120x150.jpg","contentUrl":"https:\/\/fjala.info\/2009-2015\/wp-content\/uploads\/2012\/02\/arben_cokaj-120x150.jpg","caption":"admin"},"description":"Admin, Fjala e Lir\u00eb","sameAs":["https:\/\/fjala.info\/"],"url":"https:\/\/fjala.info\/2009-2015\/author\/admin\/"}]}},"_links":{"self":[{"href":"https:\/\/fjala.info\/2009-2015\/wp-json\/wp\/v2\/posts\/4749","targetHints":{"allow":["GET"]}}],"collection":[{"href":"https:\/\/fjala.info\/2009-2015\/wp-json\/wp\/v2\/posts"}],"about":[{"href":"https:\/\/fjala.info\/2009-2015\/wp-json\/wp\/v2\/types\/post"}],"author":[{"embeddable":true,"href":"https:\/\/fjala.info\/2009-2015\/wp-json\/wp\/v2\/users\/1"}],"replies":[{"embeddable":true,"href":"https:\/\/fjala.info\/2009-2015\/wp-json\/wp\/v2\/comments?post=4749"}],"version-history":[{"count":0,"href":"https:\/\/fjala.info\/2009-2015\/wp-json\/wp\/v2\/posts\/4749\/revisions"}],"wp:attachment":[{"href":"https:\/\/fjala.info\/2009-2015\/wp-json\/wp\/v2\/media?parent=4749"}],"wp:term":[{"taxonomy":"category","embeddable":true,"href":"https:\/\/fjala.info\/2009-2015\/wp-json\/wp\/v2\/categories?post=4749"},{"taxonomy":"post_tag","embeddable":true,"href":"https:\/\/fjala.info\/2009-2015\/wp-json\/wp\/v2\/tags?post=4749"}],"curies":[{"name":"wp","href":"https:\/\/api.w.org\/{rel}","templated":true}]}}