{"id":4746,"date":"2010-11-14T09:56:18","date_gmt":"2010-11-14T08:56:18","guid":{"rendered":"http:\/\/fjala.shkoder.net\/?p=4746"},"modified":"2010-11-14T09:56:18","modified_gmt":"2010-11-14T08:56:18","slug":"ndaloni-politiken-si-nje-loje-negative","status":"publish","type":"post","link":"https:\/\/fjala.info\/2009-2015\/ndaloni-politiken-si-nje-loje-negative\/","title":{"rendered":"Ndaloni politik\u00ebn si nj\u00eb loj\u00eb negative"},"content":{"rendered":"<p><img loading=\"lazy\" decoding=\"async\" src=\"http:\/\/fjala.shkoder.net\/wp-content\/uploads\/2010\/11\/karsten_ankjaer_jensen-300x208.jpg\" alt=\"\" title=\"Karsten Ankj\u00e6r Jensen\" width=\"300\" height=\"208\" class=\"alignleft size-medium wp-image-4747\" \/><\/p>\n<p><strong>Karsten Ankjaer Jensen<\/strong><\/p>\n<p>Kjo jav\u00eb ka qen\u00eb historike, madje trondit\u00ebse p\u00ebr perspektiv\u00ebn e Shqip\u00ebris\u00eb n\u00eb BE, duke pasur m\u00eb shum\u00eb n\u00eb fokus liberalizimin e vizave dhe m\u00eb pak, opinionin e Komisionit mbi aplikimin e Shqip\u00ebris\u00eb p\u00ebr statusin e kandidatit. Duhet t\u00eb ndodhte e kund\u00ebrta.  \u20281. Edhe pse e kuptoj simbolik\u00ebn e thell\u00eb q\u00eb ka p\u00ebr shqiptar\u00ebt g\u00ebzimi dhe lumturia e tyre p\u00ebr lirimin nga vizat p\u00ebr vizita afatshkurtra, gjithashtu mendoj se r\u00ebnd\u00ebsia q\u00eb po i jepet e ka kaluar mas\u00ebn. \u00cbsht\u00eb e v\u00ebrtet\u00eb se l\u00ebvizjet tashm\u00eb do t\u00eb b\u00ebhen shum\u00eb m\u00eb t\u00eb volitshme meqen\u00ebse do t\u00eb rritet liria p\u00ebr t\u00eb vendosur se kur do t\u00eb udh\u00ebtohet. Por kjo nuk i jep t\u00eb drejt\u00eb t\u00eb pakufizuar \u00e7do shqiptari p\u00ebr t\u00eb hyr\u00eb n\u00eb Europ\u00eb, sepse ka r\u00ebnd\u00ebsi t\u00eb kuptohet se nd\u00ebrsa kontrollet jan\u00eb leht\u00ebsuar, k\u00ebrkesat thelb\u00ebsore p\u00ebr t\u00eb hyr\u00eb n\u00eb zon\u00ebn Shengen nuk kan\u00eb ndryshuar. <\/p>\n<p>Liberalizimi i vizave nuk \u00ebsht\u00eb nj\u00eb kalim i lir\u00eb n\u00eb Europ\u00eb sikurse mund t\u00eb jeni prirur t\u00eb besoni kur shihni t\u00eb gjitha tabelat e reja t\u00eb trafikut n\u00eb Tiran\u00eb. Padyshim, shum\u00eb shqiptar\u00eb ka t\u00eb ngjar\u00eb, t\u00eb ndeshen me nj\u00eb surpriz\u00eb jo t\u00eb k\u00ebndshme nd\u00ebrsa do p\u00ebrpiqen t\u00eb hyjn\u00eb n\u00eb zon\u00ebn Shengen. N\u00ebse ata nuk do t\u00eb tregojn\u00eb se kan\u00eb nj\u00eb bilet\u00eb kthimi apo fonde t\u00eb mjaftueshme etj., ata do t\u00eb kthehen mbrapsht. Por shum\u00eb m\u00eb tep\u00ebr shqiptar\u00eb se tani, do t\u00eb jen\u00eb n\u00eb gjendje t\u00eb udh\u00ebtojn\u00eb. Dhe kjo \u00ebsht\u00eb nj\u00eb gj\u00eb e mir\u00eb, si dhe \u00ebsht\u00eb nj\u00eb arsye e mir\u00eb p\u00ebr t\u00eb festuar.<\/p>\n<p>2. Ngjarja e dyt\u00eb e k\u00ebsaj jave, Opinioni i Komisionit mbi aplikimin e  Shqip\u00ebris\u00eb, p\u00ebr statusin e vendit kandidat, l\u00eb shkas p\u00ebr \u00e7do gj\u00eb tjet\u00ebr p\u00ebrve\u00e7se jo p\u00ebr t\u00eb festuar. \u00cbsht\u00eb me t\u00eb v\u00ebrtet\u00eb nj\u00eb dokument shum\u00eb trishtues rreth situat\u00ebs n\u00eb Shqip\u00ebri. Ju rekomandoj ta lexoni at\u00eb. Pjesa m\u00eb e madhe e tij nuk duhet t\u00eb p\u00ebrb\u00ebj\u00eb surpriz\u00eb p\u00ebr asnj\u00eb. Shum\u00eb nga \u00e7far\u00eb kritikohet \u00ebsht\u00eb th\u00ebn\u00eb p\u00ebr vite me radh\u00eb, n\u00eb mos prej dekadash nga nd\u00ebrkomb\u00ebtar\u00ebt. Dhe \u00ebsht\u00eb injoruar gjer\u00ebsisht p\u00ebr koh\u00eb kaq t\u00eb gjat\u00eb nga klasa politike. Megjithat\u00eb, opinioni nuk \u00ebsht\u00eb pun\u00eb e zakonshme. <\/p>\n<p>\u00cbsht\u00eb p\u00ebrgjigjja e provimit t\u00eb par\u00eb real t\u00eb Shqip\u00ebris\u00eb p\u00ebr an\u00ebtar\u00ebsimin n\u00eb BE. Ndryshe nga raportet e progresit vjetor, t\u00eb cilat ndjekin ndryshimet nga viti n\u00eb vit, opinioni i komisionit \u00ebsht\u00eb nj\u00eb p\u00ebrmbledhje e plot\u00eb q\u00eb p\u00ebrmban at\u00eb \u00e7ka \u00ebsht\u00eb arritur deri m\u00eb tani. Gjithashtu, \u00ebsht\u00eb nj\u00eb vler\u00ebsim i asaj se \u00e7far\u00eb ka t\u00eb ngjar\u00eb t\u00eb arrihet n\u00eb nj\u00eb aftat t\u00eb shkurt\u00ebr apo t\u00eb mes\u00ebm, nga m\u00ebnyra se si ecin gj\u00ebrat. \u00cbsht\u00eb nj\u00eb dokument i cili do t\u00eb lexohet nga nj\u00eb auditor shum\u00eb m\u00eb i gjer\u00eb sesa ai i raportit t\u00eb progresit vjetor. P\u00ebrfundimi i tij, gjithsesi do t\u00eb arrij\u00eb shum\u00eb m\u00eb tep\u00ebr.<\/p>\n<p>Dhe fatkeq\u00ebsisht, Shqip\u00ebria mbeti n\u00eb provim. Ajo \u00e7ka \u00ebsht\u00eb edhe m\u00eb shqet\u00ebsuese \u00ebsht\u00eb se komisioni sheh pak perspektiva p\u00ebr Shqip\u00ebrin\u00eb q\u00eb t\u00eb kaloj\u00eb provimin e hyrjes n\u00eb nj\u00eb afat t\u00eb shkurt\u00ebr apo t\u00eb mes\u00ebm. N\u00eb disa fusha t\u00eb caktuara, si mjedisi, termi afatgjat\u00eb duket se \u00ebsht\u00eb e vetmja perspektiv\u00eb realiste. K\u00ebshtu q\u00eb nuk ka baz\u00eb p\u00ebr t\u00eb nisur negociatat apo p\u00ebr t\u00eb dh\u00ebn\u00eb statusin e kandidatit. Ndryshe nga Mali i Zi i cili mori nj\u00eb po t\u00eb diskutueshme, Shqip\u00ebria mori nj\u00eb Jo t\u00eb fort\u00eb.<\/p>\n<p>Kjo \u00ebsht\u00eb keq. P\u00ebr disa arsye: \u00cbsht\u00eb keq, sepse shum\u00eb shqiptar\u00eb i kishin shpresat e tyre t\u00eb ngritura p\u00ebr an\u00ebtar\u00ebsim shum\u00eb m\u00eb shpejt sesa ai tashm\u00eb ka t\u00eb ngjar\u00eb t\u00eb ndodh\u00eb. \u00cbsht\u00eb keq, sepse investitor\u00ebt e huaj dhe qeverit\u00eb kishin besim se Shqip\u00ebria ishte n\u00eb rrug\u00ebn e duhur drejt BE-s\u00eb. Me fjal\u00eb t\u00eb tjera: P\u00ebrgjigjja e provimit thyen pritshm\u00ebrit\u00eb jorealiste dhe imazhin q\u00eb Shqip\u00ebria \u00ebsht\u00eb p\u00ebrpjekur t\u2019ia paraqes\u00eb bot\u00ebs s\u00eb jashtme.<\/p>\n<p>3. Me nd\u00ebrgjegje t\u00eb plot\u00eb, p\u00ebrdor fjal\u00ebn Shqip\u00ebri k\u00ebtu. Nuk po them qeveria. Nuk po them opozita. Nuk po them Berisha, Meta, Topalli apo Rama. Sepse megjith\u00ebse opinioni mbi k\u00ebt\u00eb apo at\u00eb \u00e7\u00ebshtje specifike, d\u00ebnon sjelljen e qeveris\u00eb aktuale, pika themelore e raportit \u00ebsht\u00eb se klasa politike shqiptare p\u00ebr shum\u00eb vite ka d\u00ebshtuar s\u00eb ndjekuri s\u00ebmundjet e k\u00ebtij vendi. Ka d\u00ebshtuar t\u00eb nd\u00ebrtoj\u00eb institucionet dhe kultur\u00ebn e pjekur politike q\u00eb jan\u00eb absolutisht thelb\u00ebsore n\u00eb nj\u00eb shoq\u00ebri moderne. Dhe t\u00eb cilat jan\u00eb sigurisht \u201csine qua non\u201d p\u00ebr an\u00ebtar\u00ebsimin n\u00eb Europ\u00eb. Ng\u00ebr\u00e7i politik aktual nuk \u00ebsht\u00eb shkaku. \u00cbsht\u00eb nj\u00eb simptom\u00eb e asaj \u00e7far\u00eb po shkon keq me kultur\u00ebn politike. Opinioni i komisionit \u00ebsht\u00eb kuptuar si nj\u00eb sinjal zgjimi p\u00ebr elit\u00ebn politike shqiptare. <\/p>\n<p>Dhe, sigurisht, indirekt ndaj votuesve shqiptar\u00eb t\u00eb cil\u00ebt hedhin vot\u00ebn e tyre. Mesazhi i shtruar nga BE \u00ebsht\u00eb m\u00eb se i qart\u00eb: N\u00ebse doni t\u00eb b\u00ebheni an\u00ebtar, n\u00ebse doni begatin\u00eb n\u00eb nj\u00eb t\u00eb ardhme t\u00eb af\u00ebrt, at\u00ebher\u00eb politika shqiptare ka nevoj\u00eb t\u00eb ndryshoj\u00eb n\u00eb m\u00ebnyr\u00eb rr\u00ebnj\u00ebsore dhe t\u00eb shpejt\u00eb. An\u00ebtar\u00ebsimi n\u00eb BE nuk \u00ebsht\u00eb si an\u00ebtar\u00ebsimi n\u00eb NATO, OBT, OSBE etj. \u00cbsht\u00eb nj\u00eb nd\u00ebrmarrje e madhe p\u00ebr BE-n\u00eb dhe p\u00ebr an\u00ebtarin e ardhsh\u00ebm. Dhe \u00ebsht\u00eb nj\u00eb pun\u00eb ekstremisht e kushtueshme p\u00ebr taksapaguesit europian\u00eb. An\u00ebtar\u00ebsimi, thjesht, nuk do t\u00eb ndodh\u00eb n\u00ebse nuk p\u00ebrmbushen k\u00ebrkesat. \u00c7do gj\u00eb p\u00ebrve\u00e7 p\u00ebrputhjes s\u00eb plot\u00eb do t\u00eb ishte n\u00eb realitetin e sot\u00ebm politik vet\u00ebvrasje n\u00eb shum\u00eb, n\u00eb mos m\u00eb t\u00eb shumt\u00ebn, e vendeve t\u00eb BE-s\u00eb. Dhe kujtohuni: ju duhet vota e t\u00eb 27 vendeve t\u00eb BE-s\u00eb.<\/p>\n<p>Por, s\u00eb pari: Mos i humbni shpresat. Disa nga vendet aktualisht an\u00ebtar\u00eb t\u00eb BE-s\u00eb gjithashtu mbet\u00ebn n\u00eb provimet e tyre kur aplikuan fillimisht.<\/p>\n<p>S\u00eb dyti: Liberalizimi i vizave \u00ebsht\u00eb nj\u00eb shembull i asaj se \u00e7far\u00eb Shqip\u00ebria mundet t\u00eb arrij\u00eb, n\u00ebse i kryen detyrat e sht\u00ebpis\u00eb.<\/p>\n<p>S\u00eb treti: Shum\u00eb nga \u00e7ka \u00ebsht\u00eb e nevojshme p\u00ebr t\u2019u b\u00ebr\u00eb \u00ebsht\u00eb pun\u00eb e v\u00ebshtir\u00eb \u2013 b\u00ebrja e detyrave t\u00eb sht\u00ebpis\u00eb. Por, shum\u00eb nga s\u00ebmundjet e p\u00ebrmendura n\u00eb raportin e komisionit do t\u00eb kurohen thjesht nga ndryshimi i sjelljes duke i th\u00ebn\u00eb &#8220;ndal&#8221; korrupsionit, &#8220;ndal&#8221; politizimit t\u00eb institucioneve, &#8220;ndal&#8221;  nepotizmit, si dhe duke respektuar rregullat e qarkullimit. Ndaloni, s\u00eb pari, politik\u00ebn si nj\u00eb loj\u00eb negative me shum\u00eb zero pra si nj\u00eb loj\u00eb ku shikoni kund\u00ebrshtarin tuaj t\u00eb humb\u00eb nd\u00ebrsa ju fitoni.<\/p>\n<p>S\u00eb kat\u00ebrti: Un\u00eb me t\u00eb v\u00ebrtet\u00eb besoj se Shqip\u00ebria dhe shqiptar\u00ebt kan\u00eb at\u00eb \u00e7far\u00eb ju duhet p\u00ebr t\u2019u b\u00ebr\u00eb an\u00ebtar. Ju keni motivimin, shtys\u00ebn dhe energjin\u00eb p\u00ebr t\u00eb ecur p\u00ebrpara. E shikoj \u00e7do dit\u00eb k\u00ebt\u00eb. N\u00eb shum\u00eb m\u00ebnyra, por jo t\u00eb gjith\u00eb, ju veproni dhe mendoni si europian\u00eb. P\u00ebr mendimin tim, Shqip\u00ebria dhe populli shqiptar e ka kapacitetin. Ajo \u00e7ka mungon \u00ebsht\u00eb vullneti. Dhe, ndoshta p\u00ebr shum\u00eb t\u00eb tjer\u00eb, njohurit\u00eb. Shpresoj q\u00eb fakti se shum\u00eb m\u00eb tep\u00ebr shqiptar\u00eb do t\u00eb munden t\u00eb shohin dhe t\u00eb frym\u00ebzohen nga bota jasht\u00eb, n\u00eb vetvete do t\u00eb provoj\u00eb t\u00eb jet\u00eb nj\u00eb forc\u00eb shtyt\u00ebse p\u00ebr ndryshim.<\/p>\n<p>Autori: Ambasador i Danimark\u00ebs. Fjal\u00eb e mbajtur n\u00eb Konferenc\u00ebn e organizuar nga L\u00ebvizja Europiane Shqiptare me tem\u00eb:\u201cImpakti i Integrimit Europian n\u00eb Shoq\u00ebrin\u00eb Shqiptare dhe e p\u00ebrcjell\u00eb p\u00ebr botim n\u00eb \u201cShqip\u201d: E ftuar nderi Znj. Britta Thomsen, an\u00ebtare e Parlamentit Europian\u201d. <\/p>\n","protected":false},"excerpt":{"rendered":"<p>Karsten Ankjaer Jensen Kjo jav\u00eb ka qen\u00eb historike, madje trondit\u00ebse p\u00ebr perspektiv\u00ebn e Shqip\u00ebris\u00eb n\u00eb BE, duke pasur m\u00eb shum\u00eb n\u00eb fokus liberalizimin e vizave dhe m\u00eb pak, opinionin e Komisionit mbi aplikimin e Shqip\u00ebris\u00eb p\u00ebr statusin e kandidatit. Duhet t\u00eb ndodhte e kund\u00ebrta. \u20281. Edhe pse e kuptoj simbolik\u00ebn e thell\u00eb q\u00eb ka p\u00ebr [&hellip;]<\/p>\n","protected":false},"author":1,"featured_media":0,"comment_status":"open","ping_status":"closed","sticky":false,"template":"","format":"standard","meta":{"footnotes":""},"categories":[2],"tags":[],"class_list":{"0":"post-4746","1":"post","2":"type-post","3":"status-publish","4":"format-standard","6":"category-artikuj"},"yoast_head":"<!-- This site is optimized with the Yoast SEO plugin v27.4 - https:\/\/yoast.com\/product\/yoast-seo-wordpress\/ -->\n<title>Ndaloni politik\u00ebn si nj\u00eb loj\u00eb negative - FjALA e LIR\u00cb - Arkivi<\/title>\n<meta name=\"robots\" content=\"index, follow, max-snippet:-1, max-image-preview:large, max-video-preview:-1\" \/>\n<link rel=\"canonical\" href=\"https:\/\/fjala.info\/2009-2015\/ndaloni-politiken-si-nje-loje-negative\/\" \/>\n<meta property=\"og:locale\" content=\"sq_AL\" \/>\n<meta property=\"og:type\" content=\"article\" \/>\n<meta property=\"og:title\" content=\"Ndaloni politik\u00ebn si nj\u00eb loj\u00eb negative - FjALA e LIR\u00cb - Arkivi\" \/>\n<meta property=\"og:description\" content=\"Karsten Ankjaer Jensen Kjo jav\u00eb ka qen\u00eb historike, madje trondit\u00ebse p\u00ebr perspektiv\u00ebn e Shqip\u00ebris\u00eb n\u00eb BE, duke pasur m\u00eb shum\u00eb n\u00eb fokus liberalizimin e vizave dhe m\u00eb pak, opinionin e Komisionit mbi aplikimin e Shqip\u00ebris\u00eb p\u00ebr statusin e kandidatit. Duhet t\u00eb ndodhte e kund\u00ebrta. \u20281. Edhe pse e kuptoj simbolik\u00ebn e thell\u00eb q\u00eb ka p\u00ebr [&hellip;]\" \/>\n<meta property=\"og:url\" content=\"https:\/\/fjala.info\/2009-2015\/ndaloni-politiken-si-nje-loje-negative\/\" \/>\n<meta property=\"og:site_name\" content=\"FjALA e LIR\u00cb - Arkivi\" \/>\n<meta property=\"article:published_time\" content=\"2010-11-14T08:56:18+00:00\" \/>\n<meta property=\"og:image\" content=\"http:\/\/fjala.shkoder.net\/wp-content\/uploads\/2010\/11\/karsten_ankjaer_jensen-300x208.jpg\" \/>\n<meta name=\"author\" content=\"admin\" \/>\n<meta name=\"twitter:card\" content=\"summary_large_image\" \/>\n<meta name=\"twitter:label1\" content=\"Written by\" \/>\n\t<meta name=\"twitter:data1\" content=\"admin\" \/>\n\t<meta name=\"twitter:label2\" content=\"Est. reading time\" \/>\n\t<meta name=\"twitter:data2\" content=\"7 minutes\" \/>\n<script type=\"application\/ld+json\" class=\"yoast-schema-graph\">{\"@context\":\"https:\\\/\\\/schema.org\",\"@graph\":[{\"@type\":\"Article\",\"@id\":\"https:\\\/\\\/fjala.info\\\/2009-2015\\\/ndaloni-politiken-si-nje-loje-negative\\\/#article\",\"isPartOf\":{\"@id\":\"https:\\\/\\\/fjala.info\\\/2009-2015\\\/ndaloni-politiken-si-nje-loje-negative\\\/\"},\"author\":{\"name\":\"admin\",\"@id\":\"https:\\\/\\\/fjala.info\\\/2009-2015\\\/#\\\/schema\\\/person\\\/3aa1163ef05469c496fc94e77611ada2\"},\"headline\":\"Ndaloni politik\u00ebn si nj\u00eb loj\u00eb negative\",\"datePublished\":\"2010-11-14T08:56:18+00:00\",\"mainEntityOfPage\":{\"@id\":\"https:\\\/\\\/fjala.info\\\/2009-2015\\\/ndaloni-politiken-si-nje-loje-negative\\\/\"},\"wordCount\":1318,\"commentCount\":0,\"publisher\":{\"@id\":\"https:\\\/\\\/fjala.info\\\/2009-2015\\\/#organization\"},\"image\":{\"@id\":\"https:\\\/\\\/fjala.info\\\/2009-2015\\\/ndaloni-politiken-si-nje-loje-negative\\\/#primaryimage\"},\"thumbnailUrl\":\"http:\\\/\\\/fjala.shkoder.net\\\/wp-content\\\/uploads\\\/2010\\\/11\\\/karsten_ankjaer_jensen-300x208.jpg\",\"articleSection\":[\"Artikuj\"],\"inLanguage\":\"sq-AL\",\"potentialAction\":[{\"@type\":\"CommentAction\",\"name\":\"Comment\",\"target\":[\"https:\\\/\\\/fjala.info\\\/2009-2015\\\/ndaloni-politiken-si-nje-loje-negative\\\/#respond\"]}]},{\"@type\":\"WebPage\",\"@id\":\"https:\\\/\\\/fjala.info\\\/2009-2015\\\/ndaloni-politiken-si-nje-loje-negative\\\/\",\"url\":\"https:\\\/\\\/fjala.info\\\/2009-2015\\\/ndaloni-politiken-si-nje-loje-negative\\\/\",\"name\":\"Ndaloni politik\u00ebn si nj\u00eb loj\u00eb negative - FjALA e LIR\u00cb - Arkivi\",\"isPartOf\":{\"@id\":\"https:\\\/\\\/fjala.info\\\/2009-2015\\\/#website\"},\"primaryImageOfPage\":{\"@id\":\"https:\\\/\\\/fjala.info\\\/2009-2015\\\/ndaloni-politiken-si-nje-loje-negative\\\/#primaryimage\"},\"image\":{\"@id\":\"https:\\\/\\\/fjala.info\\\/2009-2015\\\/ndaloni-politiken-si-nje-loje-negative\\\/#primaryimage\"},\"thumbnailUrl\":\"http:\\\/\\\/fjala.shkoder.net\\\/wp-content\\\/uploads\\\/2010\\\/11\\\/karsten_ankjaer_jensen-300x208.jpg\",\"datePublished\":\"2010-11-14T08:56:18+00:00\",\"breadcrumb\":{\"@id\":\"https:\\\/\\\/fjala.info\\\/2009-2015\\\/ndaloni-politiken-si-nje-loje-negative\\\/#breadcrumb\"},\"inLanguage\":\"sq-AL\",\"potentialAction\":[{\"@type\":\"ReadAction\",\"target\":[\"https:\\\/\\\/fjala.info\\\/2009-2015\\\/ndaloni-politiken-si-nje-loje-negative\\\/\"]}]},{\"@type\":\"ImageObject\",\"inLanguage\":\"sq-AL\",\"@id\":\"https:\\\/\\\/fjala.info\\\/2009-2015\\\/ndaloni-politiken-si-nje-loje-negative\\\/#primaryimage\",\"url\":\"http:\\\/\\\/fjala.shkoder.net\\\/wp-content\\\/uploads\\\/2010\\\/11\\\/karsten_ankjaer_jensen-300x208.jpg\",\"contentUrl\":\"http:\\\/\\\/fjala.shkoder.net\\\/wp-content\\\/uploads\\\/2010\\\/11\\\/karsten_ankjaer_jensen-300x208.jpg\"},{\"@type\":\"BreadcrumbList\",\"@id\":\"https:\\\/\\\/fjala.info\\\/2009-2015\\\/ndaloni-politiken-si-nje-loje-negative\\\/#breadcrumb\",\"itemListElement\":[{\"@type\":\"ListItem\",\"position\":1,\"name\":\"Home\",\"item\":\"https:\\\/\\\/fjala.info\\\/2009-2015\\\/\"},{\"@type\":\"ListItem\",\"position\":2,\"name\":\"Ndaloni politik\u00ebn si nj\u00eb loj\u00eb negative\"}]},{\"@type\":\"WebSite\",\"@id\":\"https:\\\/\\\/fjala.info\\\/2009-2015\\\/#website\",\"url\":\"https:\\\/\\\/fjala.info\\\/2009-2015\\\/\",\"name\":\"FjALA e LIR\u00cb - Arkivi\",\"description\":\"Arkivi 2009-2015\",\"publisher\":{\"@id\":\"https:\\\/\\\/fjala.info\\\/2009-2015\\\/#organization\"},\"potentialAction\":[{\"@type\":\"SearchAction\",\"target\":{\"@type\":\"EntryPoint\",\"urlTemplate\":\"https:\\\/\\\/fjala.info\\\/2009-2015\\\/?s={search_term_string}\"},\"query-input\":{\"@type\":\"PropertyValueSpecification\",\"valueRequired\":true,\"valueName\":\"search_term_string\"}}],\"inLanguage\":\"sq-AL\"},{\"@type\":\"Organization\",\"@id\":\"https:\\\/\\\/fjala.info\\\/2009-2015\\\/#organization\",\"name\":\"FjALA e LIR\u00cb - Arkivi\",\"url\":\"https:\\\/\\\/fjala.info\\\/2009-2015\\\/\",\"logo\":{\"@type\":\"ImageObject\",\"inLanguage\":\"sq-AL\",\"@id\":\"https:\\\/\\\/fjala.info\\\/2009-2015\\\/#\\\/schema\\\/logo\\\/image\\\/\",\"url\":\"\",\"contentUrl\":\"\",\"caption\":\"FjALA e LIR\u00cb - Arkivi\"},\"image\":{\"@id\":\"https:\\\/\\\/fjala.info\\\/2009-2015\\\/#\\\/schema\\\/logo\\\/image\\\/\"}},{\"@type\":\"Person\",\"@id\":\"https:\\\/\\\/fjala.info\\\/2009-2015\\\/#\\\/schema\\\/person\\\/3aa1163ef05469c496fc94e77611ada2\",\"name\":\"admin\",\"image\":{\"@type\":\"ImageObject\",\"inLanguage\":\"sq-AL\",\"@id\":\"https:\\\/\\\/fjala.info\\\/2009-2015\\\/wp-content\\\/uploads\\\/2012\\\/02\\\/arben_cokaj-120x150.jpg\",\"url\":\"https:\\\/\\\/fjala.info\\\/2009-2015\\\/wp-content\\\/uploads\\\/2012\\\/02\\\/arben_cokaj-120x150.jpg\",\"contentUrl\":\"https:\\\/\\\/fjala.info\\\/2009-2015\\\/wp-content\\\/uploads\\\/2012\\\/02\\\/arben_cokaj-120x150.jpg\",\"caption\":\"admin\"},\"description\":\"Admin, Fjala e Lir\u00eb\",\"sameAs\":[\"https:\\\/\\\/fjala.info\\\/\"],\"url\":\"https:\\\/\\\/fjala.info\\\/2009-2015\\\/author\\\/admin\\\/\"}]}<\/script>\n<!-- \/ Yoast SEO plugin. -->","yoast_head_json":{"title":"Ndaloni politik\u00ebn si nj\u00eb loj\u00eb negative - FjALA e LIR\u00cb - Arkivi","robots":{"index":"index","follow":"follow","max-snippet":"max-snippet:-1","max-image-preview":"max-image-preview:large","max-video-preview":"max-video-preview:-1"},"canonical":"https:\/\/fjala.info\/2009-2015\/ndaloni-politiken-si-nje-loje-negative\/","og_locale":"sq_AL","og_type":"article","og_title":"Ndaloni politik\u00ebn si nj\u00eb loj\u00eb negative - FjALA e LIR\u00cb - Arkivi","og_description":"Karsten Ankjaer Jensen Kjo jav\u00eb ka qen\u00eb historike, madje trondit\u00ebse p\u00ebr perspektiv\u00ebn e Shqip\u00ebris\u00eb n\u00eb BE, duke pasur m\u00eb shum\u00eb n\u00eb fokus liberalizimin e vizave dhe m\u00eb pak, opinionin e Komisionit mbi aplikimin e Shqip\u00ebris\u00eb p\u00ebr statusin e kandidatit. Duhet t\u00eb ndodhte e kund\u00ebrta. \u20281. Edhe pse e kuptoj simbolik\u00ebn e thell\u00eb q\u00eb ka p\u00ebr [&hellip;]","og_url":"https:\/\/fjala.info\/2009-2015\/ndaloni-politiken-si-nje-loje-negative\/","og_site_name":"FjALA e LIR\u00cb - Arkivi","article_published_time":"2010-11-14T08:56:18+00:00","og_image":[{"url":"http:\/\/fjala.shkoder.net\/wp-content\/uploads\/2010\/11\/karsten_ankjaer_jensen-300x208.jpg","type":"","width":"","height":""}],"author":"admin","twitter_card":"summary_large_image","twitter_misc":{"Written by":"admin","Est. reading time":"7 minutes"},"schema":{"@context":"https:\/\/schema.org","@graph":[{"@type":"Article","@id":"https:\/\/fjala.info\/2009-2015\/ndaloni-politiken-si-nje-loje-negative\/#article","isPartOf":{"@id":"https:\/\/fjala.info\/2009-2015\/ndaloni-politiken-si-nje-loje-negative\/"},"author":{"name":"admin","@id":"https:\/\/fjala.info\/2009-2015\/#\/schema\/person\/3aa1163ef05469c496fc94e77611ada2"},"headline":"Ndaloni politik\u00ebn si nj\u00eb loj\u00eb negative","datePublished":"2010-11-14T08:56:18+00:00","mainEntityOfPage":{"@id":"https:\/\/fjala.info\/2009-2015\/ndaloni-politiken-si-nje-loje-negative\/"},"wordCount":1318,"commentCount":0,"publisher":{"@id":"https:\/\/fjala.info\/2009-2015\/#organization"},"image":{"@id":"https:\/\/fjala.info\/2009-2015\/ndaloni-politiken-si-nje-loje-negative\/#primaryimage"},"thumbnailUrl":"http:\/\/fjala.shkoder.net\/wp-content\/uploads\/2010\/11\/karsten_ankjaer_jensen-300x208.jpg","articleSection":["Artikuj"],"inLanguage":"sq-AL","potentialAction":[{"@type":"CommentAction","name":"Comment","target":["https:\/\/fjala.info\/2009-2015\/ndaloni-politiken-si-nje-loje-negative\/#respond"]}]},{"@type":"WebPage","@id":"https:\/\/fjala.info\/2009-2015\/ndaloni-politiken-si-nje-loje-negative\/","url":"https:\/\/fjala.info\/2009-2015\/ndaloni-politiken-si-nje-loje-negative\/","name":"Ndaloni politik\u00ebn si nj\u00eb loj\u00eb negative - FjALA e LIR\u00cb - Arkivi","isPartOf":{"@id":"https:\/\/fjala.info\/2009-2015\/#website"},"primaryImageOfPage":{"@id":"https:\/\/fjala.info\/2009-2015\/ndaloni-politiken-si-nje-loje-negative\/#primaryimage"},"image":{"@id":"https:\/\/fjala.info\/2009-2015\/ndaloni-politiken-si-nje-loje-negative\/#primaryimage"},"thumbnailUrl":"http:\/\/fjala.shkoder.net\/wp-content\/uploads\/2010\/11\/karsten_ankjaer_jensen-300x208.jpg","datePublished":"2010-11-14T08:56:18+00:00","breadcrumb":{"@id":"https:\/\/fjala.info\/2009-2015\/ndaloni-politiken-si-nje-loje-negative\/#breadcrumb"},"inLanguage":"sq-AL","potentialAction":[{"@type":"ReadAction","target":["https:\/\/fjala.info\/2009-2015\/ndaloni-politiken-si-nje-loje-negative\/"]}]},{"@type":"ImageObject","inLanguage":"sq-AL","@id":"https:\/\/fjala.info\/2009-2015\/ndaloni-politiken-si-nje-loje-negative\/#primaryimage","url":"http:\/\/fjala.shkoder.net\/wp-content\/uploads\/2010\/11\/karsten_ankjaer_jensen-300x208.jpg","contentUrl":"http:\/\/fjala.shkoder.net\/wp-content\/uploads\/2010\/11\/karsten_ankjaer_jensen-300x208.jpg"},{"@type":"BreadcrumbList","@id":"https:\/\/fjala.info\/2009-2015\/ndaloni-politiken-si-nje-loje-negative\/#breadcrumb","itemListElement":[{"@type":"ListItem","position":1,"name":"Home","item":"https:\/\/fjala.info\/2009-2015\/"},{"@type":"ListItem","position":2,"name":"Ndaloni politik\u00ebn si nj\u00eb loj\u00eb negative"}]},{"@type":"WebSite","@id":"https:\/\/fjala.info\/2009-2015\/#website","url":"https:\/\/fjala.info\/2009-2015\/","name":"FjALA e LIR\u00cb - Arkivi","description":"Arkivi 2009-2015","publisher":{"@id":"https:\/\/fjala.info\/2009-2015\/#organization"},"potentialAction":[{"@type":"SearchAction","target":{"@type":"EntryPoint","urlTemplate":"https:\/\/fjala.info\/2009-2015\/?s={search_term_string}"},"query-input":{"@type":"PropertyValueSpecification","valueRequired":true,"valueName":"search_term_string"}}],"inLanguage":"sq-AL"},{"@type":"Organization","@id":"https:\/\/fjala.info\/2009-2015\/#organization","name":"FjALA e LIR\u00cb - Arkivi","url":"https:\/\/fjala.info\/2009-2015\/","logo":{"@type":"ImageObject","inLanguage":"sq-AL","@id":"https:\/\/fjala.info\/2009-2015\/#\/schema\/logo\/image\/","url":"","contentUrl":"","caption":"FjALA e LIR\u00cb - Arkivi"},"image":{"@id":"https:\/\/fjala.info\/2009-2015\/#\/schema\/logo\/image\/"}},{"@type":"Person","@id":"https:\/\/fjala.info\/2009-2015\/#\/schema\/person\/3aa1163ef05469c496fc94e77611ada2","name":"admin","image":{"@type":"ImageObject","inLanguage":"sq-AL","@id":"https:\/\/fjala.info\/2009-2015\/wp-content\/uploads\/2012\/02\/arben_cokaj-120x150.jpg","url":"https:\/\/fjala.info\/2009-2015\/wp-content\/uploads\/2012\/02\/arben_cokaj-120x150.jpg","contentUrl":"https:\/\/fjala.info\/2009-2015\/wp-content\/uploads\/2012\/02\/arben_cokaj-120x150.jpg","caption":"admin"},"description":"Admin, Fjala e Lir\u00eb","sameAs":["https:\/\/fjala.info\/"],"url":"https:\/\/fjala.info\/2009-2015\/author\/admin\/"}]}},"_links":{"self":[{"href":"https:\/\/fjala.info\/2009-2015\/wp-json\/wp\/v2\/posts\/4746","targetHints":{"allow":["GET"]}}],"collection":[{"href":"https:\/\/fjala.info\/2009-2015\/wp-json\/wp\/v2\/posts"}],"about":[{"href":"https:\/\/fjala.info\/2009-2015\/wp-json\/wp\/v2\/types\/post"}],"author":[{"embeddable":true,"href":"https:\/\/fjala.info\/2009-2015\/wp-json\/wp\/v2\/users\/1"}],"replies":[{"embeddable":true,"href":"https:\/\/fjala.info\/2009-2015\/wp-json\/wp\/v2\/comments?post=4746"}],"version-history":[{"count":0,"href":"https:\/\/fjala.info\/2009-2015\/wp-json\/wp\/v2\/posts\/4746\/revisions"}],"wp:attachment":[{"href":"https:\/\/fjala.info\/2009-2015\/wp-json\/wp\/v2\/media?parent=4746"}],"wp:term":[{"taxonomy":"category","embeddable":true,"href":"https:\/\/fjala.info\/2009-2015\/wp-json\/wp\/v2\/categories?post=4746"},{"taxonomy":"post_tag","embeddable":true,"href":"https:\/\/fjala.info\/2009-2015\/wp-json\/wp\/v2\/tags?post=4746"}],"curies":[{"name":"wp","href":"https:\/\/api.w.org\/{rel}","templated":true}]}}