{"id":4744,"date":"2012-08-31T21:05:56","date_gmt":"2012-08-31T20:05:56","guid":{"rendered":"http:\/\/www.fjala.info\/?p=4744"},"modified":"2012-08-31T21:05:56","modified_gmt":"2012-08-31T20:05:56","slug":"prona-krimi-kolektiv-i-politikes-per-vota-dhe-pushtet","status":"publish","type":"post","link":"https:\/\/fjala.info\/2009-2015\/prona-krimi-kolektiv-i-politikes-per-vota-dhe-pushtet\/","title":{"rendered":"Prona, krimi kolektiv i politik\u00ebs p\u00ebr vota dhe pushtet\u2026"},"content":{"rendered":"<p><img decoding=\"async\" class=\"alignright size-thumbnail wp-image-7236\" title=\"Prona\" src=\"http:\/\/www.fjala.info\/2012\/prona.jpg\" alt=\"\" width=\"300\" \/> Nga <strong>Pandeli Majko<\/strong>, <em>31 Gusht 2012<\/em><\/p>\n<p>Nj\u00eb dit\u00eb para se t\u00eb paraqisja n\u00eb 2002 programin e qeveris\u00eb n\u00eb Kuvend ju k\u00ebrkova k\u00ebshilltar\u00ebve q\u00eb t\u00eb shtonin \u201cnj\u00eb paragraf\u201d ku t\u00eb flitej p\u00ebr kthimin e pronave dhe p\u00ebr pronar\u00ebt. E kujtoj edhe sot v\u00ebshtrim in habit\u00ebs t\u00eb tyre me pyetjen- \u201cE ke menduar mir\u00eb, shef!?\u201d\u2026<\/p>\n<p>N\u00eb Shqip\u00ebri konflikti p\u00ebr pron\u00ebn ka shkaktuar mbi 8 mije vrasje ne 20 vitet e fundit. Shifrat zyrtare dhe t\u00eb shoqat\u00ebs s\u00eb pronar\u00ebve, p\u00ebr konfliktet p\u00ebr pron\u00ebn dhe tok\u00ebn n\u00eb Shqip\u00ebri jan\u00eb 4 979 raste n\u00eb fshatra dhe 3 163 raste n\u00eb qytete. Ky \u00ebsht\u00eb nj\u00eb bilanc lufte.<\/p>\n<p>N\u00eb publikun shqiptar \u00e7\u00ebshtja e pronave \u00ebsht\u00eb trajtuar sikur Shqip\u00ebria ka ecur n\u00eb nj\u00eb rrug\u00eb t\u00eb paprecedent dhe t\u00eb ishte vendi i fundit nga ish-vendet komuniste q\u00eb nuk i ka dh\u00ebn\u00eb zgjidhje k\u00ebsaj \u00e7\u00ebshtje. E v\u00ebrteta \u00ebsht\u00eb q\u00eb n\u00eb ligjin e \u201cshkruar\u201d, Shqip\u00ebria n\u00eb krahasim me vendet e tjera ish-komuniste ka progres t\u00eb duksh\u00ebm. Historia e riparimit t\u00eb padrejt\u00ebsive me pron\u00ebn q\u00eb ju b\u00ebn\u00eb nj\u00eb pjese t\u00eb konsiderueshme t\u00eb shqiptar\u00ebve gjat\u00eb koh\u00ebs s\u00eb regjimit komunist filloi me ligjin e vitit 1993 \u201cP\u00ebr Kthimin dhe Kompesimin e Pronave\u201d. <\/p>\n<p>Ai praktikisht ishte nj\u00eb d\u00ebshtim klasik dhe ndihmoi kryesisht n\u00eb rastet e kthimit t\u00eb pronave n\u00eb zonat urbane. Pjes\u00ebt m\u00eb t\u00eb r\u00ebnd\u00ebsishme t\u00eb k\u00ebtij ligji, u shfuqizuan gjat\u00eb po atij viti nga vendime t\u00eb ndryshme t\u00eb Gjykat\u00ebs Kushtetuese\u2026Shqip\u00ebria e jetoi postkomunizmin e vet me jet\u00eb t\u00eb dyfisht\u00eb. Me kushtetut\u00ebn e vitit 1998, shtetit shqiptar i lindi detyrimi i zgjidhjes p\u00ebrfundimtare t\u00eb pretendimeve p\u00ebr kthim t\u00eb pronave drejt pronar\u00ebve t\u00eb ligjsh\u00ebm.<\/p>\n<p>Pamjen m\u00eb t\u00eb plot\u00eb p\u00ebr \u201cpron\u00ebn\u201d n\u00eb Shqip\u00ebri e jep Banka Bot\u00ebrore e cila n\u00eb raportin e saj m\u00eb t\u00eb fundit vler\u00ebson se \u201cQeveria dhe gjykatat n\u00eb Shqip\u00ebri kan\u00eb d\u00ebshtuar n\u00eb zgjidhjen e \u00e7\u00ebshtjes s\u00eb pron\u00ebs\u201d. Banka Bot\u00ebrore e lidh ekzistenc\u00ebn e qindra nd\u00ebrtimeve t\u00eb paligjshme n\u00eb Shqip\u00ebri me moszgjidhjen e \u00e7\u00ebshtjes s\u00eb pron\u00ebs. Sipas saj nj\u00eb e treta e t\u00eb gjith\u00eb nd\u00ebrtimeve t\u00eb kryera n\u00eb Shqip\u00ebri gjat\u00eb k\u00ebtyre 20 viteve jan\u00eb t\u00eb paligjshme.<\/p>\n<p>P\u00ebr zyr\u00ebn e OSBE-s\u00eb n\u00eb Tiran\u00eb zbatimi i plot\u00eb i ligjit \u00ebsht\u00eb penguar nga fakti se shum\u00eb afate kohore t\u00eb parashikuara n\u00eb legjislacionin e pron\u00ebsis\u00eb jan\u00eb shkelur dhe institucionet p\u00ebrkat\u00ebse shqiptare nuk kan\u00eb marr\u00eb hapat e nevojsh\u00ebm p\u00ebr t\u00eb p\u00ebrmbushur detyrimet e tyre. Ajo v\u00ebren se zonat kryesore urbane dhe zonat bregdetare mbeten t\u00eb paregjistruara.<\/p>\n<p>Mungesa e titujve t\u00eb pron\u00ebsis\u00eb ka sjell\u00eb n\u00eb Shqip\u00ebri edhe nj\u00eb fenomen tjet\u00ebr i cili em\u00ebrtohet si \u201cpronat e pap\u00ebrdorshme\u201d. Pronar\u00ebt q\u00eb nuk i kan\u00eb marr\u00eb k\u00ebto tituj nga zyrat e kadastrave nuk mund t\u2019i p\u00ebrdorin pronat e tyre p\u00ebr nd\u00ebrtime apo investime.<\/p>\n<p>P\u00ebr c\u00ebshtjen e pronave n\u00eb Shqip\u00ebri, Gjykata e Strasburgut ka kaluar nga paralajm\u00ebrimet n\u00eb veprime konkrete. Nd\u00ebshkimi m\u00eb i fresk\u00ebt i Strasburgut ishte ai i gjob\u00ebs prej 3,2 milion eurosh, q\u00eb kjo Gjykate i ka v\u00ebn\u00eb qeveris\u00eb aktuale p\u00ebr moszbatimin e vendimit t\u00eb saj. Dhe ky \u00ebsht\u00eb vet\u00ebm fillimi!<\/p>\n<p>N\u00eb Gjykat\u00ebn e Strasburgut ka sot rreth 530 ankimime t\u00eb pranuara p\u00ebr t\u00eb hapur procese gjyqesore. Strasburgu ka k\u00ebrkuar q\u00eb c\u00ebshtja e pronave t\u00eb zgjidhet nga shteti shqiptar dhe t\u00eb respektohet Konventa Europiane e Lirive dhe t\u00eb Drejtave themelore t\u00eb njeriut ku ai aderon.<\/p>\n<p>N\u00eb k\u00ebt\u00eb situat\u00eb dramatike t\u00eb pron\u00ebs n\u00eb Shqip\u00ebri, Gjykata e Strasburgut i ka k\u00ebrkuar Shqip\u00ebris\u00eb t\u00eb b\u00ebj\u00eb publike fatur\u00ebn financiare q\u00eb ai ka marr\u00eb p\u00ebrsip\u00ebr ndaj shtres\u00ebs s\u00eb pronar\u00ebve t\u00eb ligjsh\u00ebm. Ajo ka k\u00ebrkuar q\u00eb kthimi dhe kompensimi i pronave t\u00eb jet\u00eb konform parimeve t\u00eb jurisprudenc\u00ebs s\u00eb Strasburgut. K\u00ebto parime jan\u00eb n\u00eb p\u00ebrputhje me kushtetut\u00ebn e Shqip\u00ebris\u00eb.<\/p>\n<p>Esht\u00eb e qart\u00eb q\u00eb p\u00ebr c\u00ebshtjen e pron\u00ebs sjellja e shtetit shqiptar bie ndesh me parimet q\u00eb ka pranuar n\u00eb ligjin themelor t\u00eb tij. N\u00eb k\u00ebto kushte, Gjykata e Strasburgut mbetet shansi i fundit p\u00ebr pronar\u00ebt shqiptar\u00eb.<\/p>\n<p>Deri m\u00eb sot n\u00eb Gjykat\u00ebn e Strasburgut t\u00eb gjitha \u00e7\u00ebshtjet kund\u00ebr vendimit t\u00eb komisionit t\u00eb Kthimit t\u00eb Pronave jan\u00eb fituar n\u00eb 100 % t\u00eb rasteve nga ana e pronar\u00ebve. Ata kan\u00eb pasur p\u00ebrball\u00eb Avokatur\u00ebn s\u00eb Shtetit, e cila \u00ebsht\u00eb pal\u00eb kund\u00ebrshtare n\u00eb proceset gjyq\u00ebsore. Ajo p\u00ebrfaq\u00ebson shtetin shqiptar n\u00eb k\u00ebt\u00eb organiz\u00ebm nd\u00ebrkomb\u00ebtar si p\u00ebr t\u00eb p\u00ebrforcuar zyrtarisht keqb\u00ebrjen e shtetit karshi pronar\u00ebve t\u00eb ligjsh\u00ebm.<\/p>\n<p>\u201cLufta e Ftoht\u00eb\u201d midis qeverisjes dhe pronar\u00ebve vazhdon thuajse e padukshme p\u00ebr opinionin publik. Koh\u00ebt e fundit Gjykata Kushtetuese shpalli si antikushtetues tre nene n\u00eb ligjin shqiptar p\u00ebr kthimin e pronave. \u201cHilja\u201d qeveritare ishte q\u00eb n\u00eb se nj\u00eb qytetar ankohej n\u00eb Gjykat\u00ebn e Strasburgut, t\u00eb lejohej q\u00eb Agjencia e Kthimit dhe Kompensimit te Pronave, t\u00eb anullonte vendimin e m\u00ebparsh\u00ebm t\u00eb marr\u00eb n\u00eb vite prej saj. Pas k\u00ebtij \u201cveprimi ligjor\u201d Gjykata e Strasburgut nuk kishte cfar\u00eb t\u00eb gjykonte pasi nuk ekzistonte vendimi mbi t\u00eb cilin duhej t\u00eb shprehej\u2026<\/p>\n<p>Manovrat qeveritare n\u00eb marr\u00ebdh\u00ebnien me pron\u00ebn b\u00ebn\u00eb q\u00eb pronar\u00ebt t\u00eb ishin t\u00eb par\u00ebt q\u00eb e vler\u00ebsuan dh\u00ebnien me qira t\u00eb tokave bujq\u00ebsore t\u00eb pandara si nj\u00eb strategji t\u00eb qeveris\u00eb p\u00ebr t\u00eb shmangur kompesimin fizik t\u00eb pron\u00ebs. Konflikti vjen p\u00ebr arsyen e thjesht\u00eb se \u201ckompensimi tok\u00eb me tok\u00eb\u201d \u00ebsht\u00eb strategjia e vetme realiste q\u00eb i ka mbetur shtetit shqiptar n\u00eb marr\u00ebdh\u00ebnien detyruese me shtres\u00ebn e pronar\u00ebve.<\/p>\n<p>N\u00eb 5 gusht t\u00eb k\u00ebtij viti ka hyr\u00eb n\u00eb fuqi strategjia e re qeveritare p\u00ebr pron\u00ebn. Kjo strategji ka n\u00eb themel edhe kompensimin fizik dhe synohet q\u00eb deri n\u00eb vitin 2020 t\u00eb ken\u00eb marr zgjidhje \u00e7\u00ebshtjet e pronave. A thua t\u00eb jet\u00eb e v\u00ebrtet\u00eb kjo!?<\/p>\n<p>Kompensimi financiar, \u00ebsht\u00eb nj\u00eb \u00ebnd\u00ebr e bukur p\u00ebr tu besuar. Deri m\u00eb sot shteti shqiptar ka p\u00ebrdorur p\u00ebr kompensimin financiar nj\u00eb fond minimal vjetor. Qeveria quan sukses q\u00eb fondi p\u00ebr kompensim finaciar nga 2005 deri n\u00eb 2011 \u00ebsht\u00eb rreth 37 milion dollar\u00eb. Kjo \u00ebsht\u00eb nj\u00eb shif\u00ebr qesharake krahasuar me detyrimin prej shum\u00eb miliard\u00eb eurosh t\u00eb kompensimit t\u00eb pronar\u00ebve. (shifrat l\u00ebvizin deri n\u00eb 20 miliard\u00eb euro!)<\/p>\n<p>N\u00eb vitin 2014, qeveria pasardh\u00ebse sipas \u201cstrategjis\u00eb\u201d s\u00eb m\u00ebsip\u00ebrme do t\u00eb duhet krijoj\u00eb \u201cfondin e tok\u00ebs\u201d dhe t\u00eb filloj\u00eb kompensimin fizik t\u00eb pronar\u00ebve. Sot n\u00eb Shqip\u00ebri realiteti plackit\u00ebs flet p\u00ebr ish-repartet ushtarake t\u00eb cilat do t\u00eb privatizohen dhe nj\u00eb praktik\u00eb ku \u00e7do tok\u00eb fitimprur\u00ebse po ndahet ose po jepet me qira.<\/p>\n<p>A do t\u00eb filloj\u00eb kompensimi fizik i pronave n\u00eb vitin 2014? P\u00ebrgjigja pohuese \u00ebsht\u00eb tallje me veten! P\u00ebrgjigja negative \u00ebsht\u00eb para syve t\u00eb t\u00eb gjith\u00eb publikut. Esht\u00eb e qart\u00eb se qeveria aktuale me vetdij\u00eb po e d\u00ebshton k\u00ebt\u00eb proces.<\/p>\n<p>Zgjidhja e problemit t\u00eb pron\u00ebsis\u00eb p\u00ebrb\u00ebn nj\u00eb nga 12 rekomandimet q\u00eb Bashkimi Europian i ka v\u00ebn\u00eb Shqip\u00ebris\u00eb p\u00ebr ecurin\u00eb e integrimit t\u00eb saj. Rezerva e Brukselit zyrtar n\u00eb c\u00ebshtjen e pron\u00ebs po merr tendenc\u00eb nd\u00ebshkimi p\u00ebr Tiran\u00ebn zyrtare.<\/p>\n<p>P\u00ebrpara presionit nd\u00ebrkomb\u00ebtar nga qeverisja ka disa deklarime publike p\u00ebr c\u00ebshtjen e pron\u00ebs. Nga ministria e drejt\u00ebsis\u00eb pretendohet se ka kaluar n\u00eb fondin e kompesimit fizik rreth 71 hektar\u00eb pyje, 17 mij\u00eb hektar\u00eb tok\u00eb bujq\u00ebsore dhe mbi 100 objekte. Pyetja \u00ebsht\u00eb se \u201cKu jan\u00eb k\u00ebto prona!?\u201d G\u00ebrxhet e mbetura paprivatizuara, duket se do tu jepen pronar\u00ebve me \u201csolidaritet kushtetues\u201d. Tallja po vjen si n\u00eb nj\u00eb ballo me maska!<\/p>\n<p>N\u00eb k\u00ebt\u00eb \u201cballo\u201d postkomuniste, Shqip\u00ebria ka aktualisht mbi 8 institucione q\u00eb veprojn\u00eb mbi t\u00eb drejtat e pron\u00ebsis\u00eb n\u00eb var\u00ebsi t\u00eb ministrive t\u00eb ndryshme. Sipas analiz\u00ebs q\u00eb ka b\u00ebr\u00eb vet\u00eb Ministria e Drejt\u00ebsis\u00eb, k\u00ebto institucione trajtojn\u00eb n\u00eb m\u00ebnyr\u00eb t\u00eb fragmentarizuar \u00e7\u00ebshtjen e fitimit t\u00eb pron\u00ebsis\u00eb dhe t\u00eb regjistrimit t\u00eb titujve t\u00eb pron\u00ebsis\u00eb. N\u00eb k\u00ebt\u00eb \u201cxhung\u00ebl\u201d agjencish shtet\u00ebrore ka funksionuar nj\u00eb mafie e mir\u00ebfillt\u00eb tokash.<\/p>\n<p>Aktualisht agjensia e kthimit t\u00eb pronave administron 6556 k\u00ebrkesa fillestare p\u00ebr njohjen kthimin dhe kompensimin e pronave. Sot gjendja e marr\u00ebdh\u00ebnieve pron\u00ebsore n\u00eb Shqip\u00ebri ka krijuar qartazi nj\u00eb shtres\u00eb pronar\u00ebsh t\u00eb vjedhur publikisht me makinacione ligjore dhe vendime t\u00eb korruptuara gjykatash.<\/p>\n<p>N\u00eb mes t\u00eb k\u00ebsaj drame shqiptare q\u00ebndrojn\u00eb pronar\u00ebt t\u00eb cil\u00ebt jan\u00eb njer\u00ebz me nj\u00eb profil qytetar dhe fisnik. Ata flasin rrall\u00eb n\u00eb publik dhe organizimet e tyre nuk jan\u00eb aspak t\u00eb nj\u00eb karakteri agresiv. T\u00eb mbushur me premtime ata q\u00ebndrojn\u00eb si nj\u00eb nga shtresat m\u00eb tolerante t\u00eb shoq\u00ebris\u00eb shqiptare t\u00eb gatsh\u00ebm p\u00ebr t\u00eb negociuar me shtetin e tyre.<\/p>\n<p>Ku ka t\u00eb \u201cvjedhur\u201d ka edhe \u201chajdut\u00eb\u201d. N\u00eb se ligji shqiptar i njeh t\u00eb vjedhurit, ai do t\u00eb refuzoj\u00eb ti njoh\u00eb \u201chajdut\u00ebt\u201d. Kjo, pasi vjedhja sic deklarohet r\u00ebndom \u00ebsht\u00eb b\u00ebr\u00eb p\u00ebr interesat e shumic\u00ebs(!). K\u00ebtu nuk flitet p\u00ebr ligjin 7501. Kam folur me pronar\u00eb tokash, dhe pavar\u00ebsisht pak\u00ebnaq\u00ebsis\u00eb, ja u ndjen mir\u00ebkuptimin. P\u00ebrball\u00eb k\u00ebtij mr\u00ebkuptimi, sjellja shtet\u00ebror\u00eb karshi tyre ka qen\u00eb denigruese.<\/p>\n<p>Dhjet\u00eb vite m\u00eb par\u00eb shikoja me bisht t\u00eb syrit sall\u00ebn e kuvendit p\u00ebr t\u00eb v\u00ebzhguar sa kishte r\u00ebn\u00eb n\u00eb sy \u201cgabimi\u201d n\u00eb programin e qeveris\u00eb. At\u00ebher\u00eb, nuk e dija se keqtrajtimi i shtetit fillon nga prona. N\u00eb Shqip\u00ebri, ai \u00ebsht\u00eb nj\u00eb \u201ckrim kolektiv\u201d i politikan\u00ebve p\u00ebr vota, dhe pushtet\u2026Shumica e tyre ishin mir\u00ebkuptues dhe me nj\u00eb inerci kulturore q\u00eb vinte nga komunizmi. Makut\u00ebt dihen! Koha q\u00eb jetojm\u00eb \u00ebsht\u00eb efekt an\u00ebsor i fuqis\u00eb s\u00eb tyre\u2026 Padyshim!<\/p>\n","protected":false},"excerpt":{"rendered":"<p>Nga Pandeli Majko, 31 Gusht 2012 Nj\u00eb dit\u00eb para se t\u00eb paraqisja n\u00eb 2002 programin e qeveris\u00eb n\u00eb Kuvend ju k\u00ebrkova k\u00ebshilltar\u00ebve q\u00eb t\u00eb shtonin \u201cnj\u00eb paragraf\u201d ku t\u00eb flitej p\u00ebr kthimin e pronave dhe p\u00ebr pronar\u00ebt. E kujtoj edhe sot v\u00ebshtrim in habit\u00ebs t\u00eb tyre me pyetjen- \u201cE ke menduar mir\u00eb, shef!?\u201d\u2026 N\u00eb Shqip\u00ebri [&hellip;]<\/p>\n","protected":false},"author":1,"featured_media":0,"comment_status":"open","ping_status":"closed","sticky":false,"template":"","format":"standard","meta":{"footnotes":""},"categories":[2],"tags":[],"class_list":{"0":"post-4744","1":"post","2":"type-post","3":"status-publish","4":"format-standard","6":"category-artikuj"},"yoast_head":"<!-- This site is optimized with the Yoast SEO plugin v27.4 - https:\/\/yoast.com\/product\/yoast-seo-wordpress\/ -->\n<title>Prona, krimi kolektiv i politik\u00ebs p\u00ebr vota dhe pushtet\u2026 - FjALA e LIR\u00cb - Arkivi<\/title>\n<meta name=\"robots\" content=\"index, follow, max-snippet:-1, max-image-preview:large, max-video-preview:-1\" \/>\n<link rel=\"canonical\" href=\"https:\/\/fjala.info\/2009-2015\/prona-krimi-kolektiv-i-politikes-per-vota-dhe-pushtet\/\" \/>\n<meta property=\"og:locale\" content=\"sq_AL\" \/>\n<meta property=\"og:type\" content=\"article\" \/>\n<meta property=\"og:title\" content=\"Prona, krimi kolektiv i politik\u00ebs p\u00ebr vota dhe pushtet\u2026 - FjALA e LIR\u00cb - Arkivi\" \/>\n<meta property=\"og:description\" content=\"Nga Pandeli Majko, 31 Gusht 2012 Nj\u00eb dit\u00eb para se t\u00eb paraqisja n\u00eb 2002 programin e qeveris\u00eb n\u00eb Kuvend ju k\u00ebrkova k\u00ebshilltar\u00ebve q\u00eb t\u00eb shtonin \u201cnj\u00eb paragraf\u201d ku t\u00eb flitej p\u00ebr kthimin e pronave dhe p\u00ebr pronar\u00ebt. E kujtoj edhe sot v\u00ebshtrim in habit\u00ebs t\u00eb tyre me pyetjen- \u201cE ke menduar mir\u00eb, shef!?\u201d\u2026 N\u00eb Shqip\u00ebri [&hellip;]\" \/>\n<meta property=\"og:url\" content=\"https:\/\/fjala.info\/2009-2015\/prona-krimi-kolektiv-i-politikes-per-vota-dhe-pushtet\/\" \/>\n<meta property=\"og:site_name\" content=\"FjALA e LIR\u00cb - Arkivi\" \/>\n<meta property=\"article:published_time\" content=\"2012-08-31T20:05:56+00:00\" \/>\n<meta property=\"og:image\" content=\"http:\/\/www.fjala.info\/2012\/prona.jpg\" \/>\n<meta name=\"author\" content=\"admin\" \/>\n<meta name=\"twitter:card\" content=\"summary_large_image\" \/>\n<meta name=\"twitter:label1\" content=\"Written by\" \/>\n\t<meta name=\"twitter:data1\" content=\"admin\" \/>\n\t<meta name=\"twitter:label2\" content=\"Est. reading time\" \/>\n\t<meta name=\"twitter:data2\" content=\"8 minutes\" \/>\n<script type=\"application\/ld+json\" class=\"yoast-schema-graph\">{\"@context\":\"https:\\\/\\\/schema.org\",\"@graph\":[{\"@type\":\"Article\",\"@id\":\"https:\\\/\\\/fjala.info\\\/2009-2015\\\/prona-krimi-kolektiv-i-politikes-per-vota-dhe-pushtet\\\/#article\",\"isPartOf\":{\"@id\":\"https:\\\/\\\/fjala.info\\\/2009-2015\\\/prona-krimi-kolektiv-i-politikes-per-vota-dhe-pushtet\\\/\"},\"author\":{\"name\":\"admin\",\"@id\":\"https:\\\/\\\/fjala.info\\\/2009-2015\\\/#\\\/schema\\\/person\\\/3aa1163ef05469c496fc94e77611ada2\"},\"headline\":\"Prona, krimi kolektiv i politik\u00ebs p\u00ebr vota dhe pushtet\u2026\",\"datePublished\":\"2012-08-31T20:05:56+00:00\",\"mainEntityOfPage\":{\"@id\":\"https:\\\/\\\/fjala.info\\\/2009-2015\\\/prona-krimi-kolektiv-i-politikes-per-vota-dhe-pushtet\\\/\"},\"wordCount\":1682,\"commentCount\":0,\"publisher\":{\"@id\":\"https:\\\/\\\/fjala.info\\\/2009-2015\\\/#organization\"},\"image\":{\"@id\":\"https:\\\/\\\/fjala.info\\\/2009-2015\\\/prona-krimi-kolektiv-i-politikes-per-vota-dhe-pushtet\\\/#primaryimage\"},\"thumbnailUrl\":\"http:\\\/\\\/www.fjala.info\\\/2012\\\/prona.jpg\",\"articleSection\":[\"Artikuj\"],\"inLanguage\":\"sq-AL\",\"potentialAction\":[{\"@type\":\"CommentAction\",\"name\":\"Comment\",\"target\":[\"https:\\\/\\\/fjala.info\\\/2009-2015\\\/prona-krimi-kolektiv-i-politikes-per-vota-dhe-pushtet\\\/#respond\"]}]},{\"@type\":\"WebPage\",\"@id\":\"https:\\\/\\\/fjala.info\\\/2009-2015\\\/prona-krimi-kolektiv-i-politikes-per-vota-dhe-pushtet\\\/\",\"url\":\"https:\\\/\\\/fjala.info\\\/2009-2015\\\/prona-krimi-kolektiv-i-politikes-per-vota-dhe-pushtet\\\/\",\"name\":\"Prona, krimi kolektiv i politik\u00ebs p\u00ebr vota dhe pushtet\u2026 - FjALA e LIR\u00cb - Arkivi\",\"isPartOf\":{\"@id\":\"https:\\\/\\\/fjala.info\\\/2009-2015\\\/#website\"},\"primaryImageOfPage\":{\"@id\":\"https:\\\/\\\/fjala.info\\\/2009-2015\\\/prona-krimi-kolektiv-i-politikes-per-vota-dhe-pushtet\\\/#primaryimage\"},\"image\":{\"@id\":\"https:\\\/\\\/fjala.info\\\/2009-2015\\\/prona-krimi-kolektiv-i-politikes-per-vota-dhe-pushtet\\\/#primaryimage\"},\"thumbnailUrl\":\"http:\\\/\\\/www.fjala.info\\\/2012\\\/prona.jpg\",\"datePublished\":\"2012-08-31T20:05:56+00:00\",\"breadcrumb\":{\"@id\":\"https:\\\/\\\/fjala.info\\\/2009-2015\\\/prona-krimi-kolektiv-i-politikes-per-vota-dhe-pushtet\\\/#breadcrumb\"},\"inLanguage\":\"sq-AL\",\"potentialAction\":[{\"@type\":\"ReadAction\",\"target\":[\"https:\\\/\\\/fjala.info\\\/2009-2015\\\/prona-krimi-kolektiv-i-politikes-per-vota-dhe-pushtet\\\/\"]}]},{\"@type\":\"ImageObject\",\"inLanguage\":\"sq-AL\",\"@id\":\"https:\\\/\\\/fjala.info\\\/2009-2015\\\/prona-krimi-kolektiv-i-politikes-per-vota-dhe-pushtet\\\/#primaryimage\",\"url\":\"http:\\\/\\\/www.fjala.info\\\/2012\\\/prona.jpg\",\"contentUrl\":\"http:\\\/\\\/www.fjala.info\\\/2012\\\/prona.jpg\"},{\"@type\":\"BreadcrumbList\",\"@id\":\"https:\\\/\\\/fjala.info\\\/2009-2015\\\/prona-krimi-kolektiv-i-politikes-per-vota-dhe-pushtet\\\/#breadcrumb\",\"itemListElement\":[{\"@type\":\"ListItem\",\"position\":1,\"name\":\"Home\",\"item\":\"https:\\\/\\\/fjala.info\\\/2009-2015\\\/\"},{\"@type\":\"ListItem\",\"position\":2,\"name\":\"Prona, krimi kolektiv i politik\u00ebs p\u00ebr vota dhe pushtet\u2026\"}]},{\"@type\":\"WebSite\",\"@id\":\"https:\\\/\\\/fjala.info\\\/2009-2015\\\/#website\",\"url\":\"https:\\\/\\\/fjala.info\\\/2009-2015\\\/\",\"name\":\"FjALA e LIR\u00cb - Arkivi\",\"description\":\"Arkivi 2009-2015\",\"publisher\":{\"@id\":\"https:\\\/\\\/fjala.info\\\/2009-2015\\\/#organization\"},\"potentialAction\":[{\"@type\":\"SearchAction\",\"target\":{\"@type\":\"EntryPoint\",\"urlTemplate\":\"https:\\\/\\\/fjala.info\\\/2009-2015\\\/?s={search_term_string}\"},\"query-input\":{\"@type\":\"PropertyValueSpecification\",\"valueRequired\":true,\"valueName\":\"search_term_string\"}}],\"inLanguage\":\"sq-AL\"},{\"@type\":\"Organization\",\"@id\":\"https:\\\/\\\/fjala.info\\\/2009-2015\\\/#organization\",\"name\":\"FjALA e LIR\u00cb - Arkivi\",\"url\":\"https:\\\/\\\/fjala.info\\\/2009-2015\\\/\",\"logo\":{\"@type\":\"ImageObject\",\"inLanguage\":\"sq-AL\",\"@id\":\"https:\\\/\\\/fjala.info\\\/2009-2015\\\/#\\\/schema\\\/logo\\\/image\\\/\",\"url\":\"\",\"contentUrl\":\"\",\"caption\":\"FjALA e LIR\u00cb - Arkivi\"},\"image\":{\"@id\":\"https:\\\/\\\/fjala.info\\\/2009-2015\\\/#\\\/schema\\\/logo\\\/image\\\/\"}},{\"@type\":\"Person\",\"@id\":\"https:\\\/\\\/fjala.info\\\/2009-2015\\\/#\\\/schema\\\/person\\\/3aa1163ef05469c496fc94e77611ada2\",\"name\":\"admin\",\"image\":{\"@type\":\"ImageObject\",\"inLanguage\":\"sq-AL\",\"@id\":\"https:\\\/\\\/fjala.info\\\/2009-2015\\\/wp-content\\\/uploads\\\/2012\\\/02\\\/arben_cokaj-120x150.jpg\",\"url\":\"https:\\\/\\\/fjala.info\\\/2009-2015\\\/wp-content\\\/uploads\\\/2012\\\/02\\\/arben_cokaj-120x150.jpg\",\"contentUrl\":\"https:\\\/\\\/fjala.info\\\/2009-2015\\\/wp-content\\\/uploads\\\/2012\\\/02\\\/arben_cokaj-120x150.jpg\",\"caption\":\"admin\"},\"description\":\"Admin, Fjala e Lir\u00eb\",\"sameAs\":[\"https:\\\/\\\/fjala.info\\\/\"],\"url\":\"https:\\\/\\\/fjala.info\\\/2009-2015\\\/author\\\/admin\\\/\"}]}<\/script>\n<!-- \/ Yoast SEO plugin. -->","yoast_head_json":{"title":"Prona, krimi kolektiv i politik\u00ebs p\u00ebr vota dhe pushtet\u2026 - FjALA e LIR\u00cb - Arkivi","robots":{"index":"index","follow":"follow","max-snippet":"max-snippet:-1","max-image-preview":"max-image-preview:large","max-video-preview":"max-video-preview:-1"},"canonical":"https:\/\/fjala.info\/2009-2015\/prona-krimi-kolektiv-i-politikes-per-vota-dhe-pushtet\/","og_locale":"sq_AL","og_type":"article","og_title":"Prona, krimi kolektiv i politik\u00ebs p\u00ebr vota dhe pushtet\u2026 - FjALA e LIR\u00cb - Arkivi","og_description":"Nga Pandeli Majko, 31 Gusht 2012 Nj\u00eb dit\u00eb para se t\u00eb paraqisja n\u00eb 2002 programin e qeveris\u00eb n\u00eb Kuvend ju k\u00ebrkova k\u00ebshilltar\u00ebve q\u00eb t\u00eb shtonin \u201cnj\u00eb paragraf\u201d ku t\u00eb flitej p\u00ebr kthimin e pronave dhe p\u00ebr pronar\u00ebt. E kujtoj edhe sot v\u00ebshtrim in habit\u00ebs t\u00eb tyre me pyetjen- \u201cE ke menduar mir\u00eb, shef!?\u201d\u2026 N\u00eb Shqip\u00ebri [&hellip;]","og_url":"https:\/\/fjala.info\/2009-2015\/prona-krimi-kolektiv-i-politikes-per-vota-dhe-pushtet\/","og_site_name":"FjALA e LIR\u00cb - Arkivi","article_published_time":"2012-08-31T20:05:56+00:00","og_image":[{"url":"http:\/\/www.fjala.info\/2012\/prona.jpg","type":"","width":"","height":""}],"author":"admin","twitter_card":"summary_large_image","twitter_misc":{"Written by":"admin","Est. reading time":"8 minutes"},"schema":{"@context":"https:\/\/schema.org","@graph":[{"@type":"Article","@id":"https:\/\/fjala.info\/2009-2015\/prona-krimi-kolektiv-i-politikes-per-vota-dhe-pushtet\/#article","isPartOf":{"@id":"https:\/\/fjala.info\/2009-2015\/prona-krimi-kolektiv-i-politikes-per-vota-dhe-pushtet\/"},"author":{"name":"admin","@id":"https:\/\/fjala.info\/2009-2015\/#\/schema\/person\/3aa1163ef05469c496fc94e77611ada2"},"headline":"Prona, krimi kolektiv i politik\u00ebs p\u00ebr vota dhe pushtet\u2026","datePublished":"2012-08-31T20:05:56+00:00","mainEntityOfPage":{"@id":"https:\/\/fjala.info\/2009-2015\/prona-krimi-kolektiv-i-politikes-per-vota-dhe-pushtet\/"},"wordCount":1682,"commentCount":0,"publisher":{"@id":"https:\/\/fjala.info\/2009-2015\/#organization"},"image":{"@id":"https:\/\/fjala.info\/2009-2015\/prona-krimi-kolektiv-i-politikes-per-vota-dhe-pushtet\/#primaryimage"},"thumbnailUrl":"http:\/\/www.fjala.info\/2012\/prona.jpg","articleSection":["Artikuj"],"inLanguage":"sq-AL","potentialAction":[{"@type":"CommentAction","name":"Comment","target":["https:\/\/fjala.info\/2009-2015\/prona-krimi-kolektiv-i-politikes-per-vota-dhe-pushtet\/#respond"]}]},{"@type":"WebPage","@id":"https:\/\/fjala.info\/2009-2015\/prona-krimi-kolektiv-i-politikes-per-vota-dhe-pushtet\/","url":"https:\/\/fjala.info\/2009-2015\/prona-krimi-kolektiv-i-politikes-per-vota-dhe-pushtet\/","name":"Prona, krimi kolektiv i politik\u00ebs p\u00ebr vota dhe pushtet\u2026 - FjALA e LIR\u00cb - Arkivi","isPartOf":{"@id":"https:\/\/fjala.info\/2009-2015\/#website"},"primaryImageOfPage":{"@id":"https:\/\/fjala.info\/2009-2015\/prona-krimi-kolektiv-i-politikes-per-vota-dhe-pushtet\/#primaryimage"},"image":{"@id":"https:\/\/fjala.info\/2009-2015\/prona-krimi-kolektiv-i-politikes-per-vota-dhe-pushtet\/#primaryimage"},"thumbnailUrl":"http:\/\/www.fjala.info\/2012\/prona.jpg","datePublished":"2012-08-31T20:05:56+00:00","breadcrumb":{"@id":"https:\/\/fjala.info\/2009-2015\/prona-krimi-kolektiv-i-politikes-per-vota-dhe-pushtet\/#breadcrumb"},"inLanguage":"sq-AL","potentialAction":[{"@type":"ReadAction","target":["https:\/\/fjala.info\/2009-2015\/prona-krimi-kolektiv-i-politikes-per-vota-dhe-pushtet\/"]}]},{"@type":"ImageObject","inLanguage":"sq-AL","@id":"https:\/\/fjala.info\/2009-2015\/prona-krimi-kolektiv-i-politikes-per-vota-dhe-pushtet\/#primaryimage","url":"http:\/\/www.fjala.info\/2012\/prona.jpg","contentUrl":"http:\/\/www.fjala.info\/2012\/prona.jpg"},{"@type":"BreadcrumbList","@id":"https:\/\/fjala.info\/2009-2015\/prona-krimi-kolektiv-i-politikes-per-vota-dhe-pushtet\/#breadcrumb","itemListElement":[{"@type":"ListItem","position":1,"name":"Home","item":"https:\/\/fjala.info\/2009-2015\/"},{"@type":"ListItem","position":2,"name":"Prona, krimi kolektiv i politik\u00ebs p\u00ebr vota dhe pushtet\u2026"}]},{"@type":"WebSite","@id":"https:\/\/fjala.info\/2009-2015\/#website","url":"https:\/\/fjala.info\/2009-2015\/","name":"FjALA e LIR\u00cb - Arkivi","description":"Arkivi 2009-2015","publisher":{"@id":"https:\/\/fjala.info\/2009-2015\/#organization"},"potentialAction":[{"@type":"SearchAction","target":{"@type":"EntryPoint","urlTemplate":"https:\/\/fjala.info\/2009-2015\/?s={search_term_string}"},"query-input":{"@type":"PropertyValueSpecification","valueRequired":true,"valueName":"search_term_string"}}],"inLanguage":"sq-AL"},{"@type":"Organization","@id":"https:\/\/fjala.info\/2009-2015\/#organization","name":"FjALA e LIR\u00cb - Arkivi","url":"https:\/\/fjala.info\/2009-2015\/","logo":{"@type":"ImageObject","inLanguage":"sq-AL","@id":"https:\/\/fjala.info\/2009-2015\/#\/schema\/logo\/image\/","url":"","contentUrl":"","caption":"FjALA e LIR\u00cb - Arkivi"},"image":{"@id":"https:\/\/fjala.info\/2009-2015\/#\/schema\/logo\/image\/"}},{"@type":"Person","@id":"https:\/\/fjala.info\/2009-2015\/#\/schema\/person\/3aa1163ef05469c496fc94e77611ada2","name":"admin","image":{"@type":"ImageObject","inLanguage":"sq-AL","@id":"https:\/\/fjala.info\/2009-2015\/wp-content\/uploads\/2012\/02\/arben_cokaj-120x150.jpg","url":"https:\/\/fjala.info\/2009-2015\/wp-content\/uploads\/2012\/02\/arben_cokaj-120x150.jpg","contentUrl":"https:\/\/fjala.info\/2009-2015\/wp-content\/uploads\/2012\/02\/arben_cokaj-120x150.jpg","caption":"admin"},"description":"Admin, Fjala e Lir\u00eb","sameAs":["https:\/\/fjala.info\/"],"url":"https:\/\/fjala.info\/2009-2015\/author\/admin\/"}]}},"_links":{"self":[{"href":"https:\/\/fjala.info\/2009-2015\/wp-json\/wp\/v2\/posts\/4744","targetHints":{"allow":["GET"]}}],"collection":[{"href":"https:\/\/fjala.info\/2009-2015\/wp-json\/wp\/v2\/posts"}],"about":[{"href":"https:\/\/fjala.info\/2009-2015\/wp-json\/wp\/v2\/types\/post"}],"author":[{"embeddable":true,"href":"https:\/\/fjala.info\/2009-2015\/wp-json\/wp\/v2\/users\/1"}],"replies":[{"embeddable":true,"href":"https:\/\/fjala.info\/2009-2015\/wp-json\/wp\/v2\/comments?post=4744"}],"version-history":[{"count":0,"href":"https:\/\/fjala.info\/2009-2015\/wp-json\/wp\/v2\/posts\/4744\/revisions"}],"wp:attachment":[{"href":"https:\/\/fjala.info\/2009-2015\/wp-json\/wp\/v2\/media?parent=4744"}],"wp:term":[{"taxonomy":"category","embeddable":true,"href":"https:\/\/fjala.info\/2009-2015\/wp-json\/wp\/v2\/categories?post=4744"},{"taxonomy":"post_tag","embeddable":true,"href":"https:\/\/fjala.info\/2009-2015\/wp-json\/wp\/v2\/tags?post=4744"}],"curies":[{"name":"wp","href":"https:\/\/api.w.org\/{rel}","templated":true}]}}