{"id":4741,"date":"2012-08-31T20:49:29","date_gmt":"2012-08-31T19:49:29","guid":{"rendered":"http:\/\/www.fjala.info\/?p=4741"},"modified":"2012-08-31T20:49:29","modified_gmt":"2012-08-31T19:49:29","slug":"shperthimi-i-urrejtjes","status":"publish","type":"post","link":"https:\/\/fjala.info\/2009-2015\/shperthimi-i-urrejtjes\/","title":{"rendered":"Shp\u00ebrthimi i urrejtjes"},"content":{"rendered":"<p><img decoding=\"async\" class=\"alignright size-thumbnail wp-image-7236\" title=\"Imer Mushkolaj\" src=\"http:\/\/www.fjala.info\/2012\/imer_mushkolaj.png\" alt=\"\" width=\"150\" \/> <em><strong>P\u00ebr urrejtjen e t\u00eb frustruarve nga feja e ideologjia. P\u00ebr islamin \u201ctim\u201d dhe islamin e \u201catyre\u201d. P\u00ebr shoq\u00ebrin\u00eb dhe shtetin \u00e7far\u00eb e duam.<\/strong><\/em><\/p>\n<p>Nga <strong>Imer Mushkolaj<\/strong>, <em>31 Gusht 2012<\/em><\/p>\n<p>Asnj\u00ebher\u00eb nuk kam marr\u00eb m\u00eb shum\u00eb akuza, sharje, fyerje e k\u00ebrc\u00ebnime p\u00ebr ndonj\u00eb shkrim n\u00eb gazet\u00eb, sesa jav\u00ebn e kaluar. N\u00eb telefon, email e Facebook \u00e7far\u00eb s\u2019m\u00eb kan\u00eb th\u00ebn\u00eb e si s\u2019m\u00eb kan\u00eb quajtur. T\u00eb prezantuar si \u201cmysliman\u00eb t\u00eb v\u00ebrtet\u00eb\u201d, \u201cluft\u00ebtar\u00eb t\u00eb islamit\u201d m\u00eb kan\u00eb paralajm\u00ebruar se do ta p\u00ebsoj keq kur ata t\u00eb vijn\u00eb n\u00eb pushtet. M\u00eb kan\u00eb shpallur luft\u00eb. M\u00eb kan\u00eb k\u00ebrc\u00ebnuar edhe me vdekje.<\/p>\n<p>P\u00ebr dit\u00eb t\u00eb t\u00ebra jam shnd\u00ebrruar n\u00eb njeriun m\u00eb t\u00eb urryer n\u00eb debatet e tyre n\u00ebp\u00ebr portale interneti, n\u00eb personazhin m\u00eb t\u00eb p\u00ebrmendur n\u00eb web faqet q\u00eb propagandojn\u00eb islamin si fe t\u00eb paqes e t\u00eb m\u00ebshir\u00ebs. Krejt shkaku i shkrimit t\u00eb botuar jav\u00ebn e kaluar, n\u00eb k\u00ebt\u00eb gazet\u00eb, n\u00eb t\u00eb cilin t\u00ebrheqja v\u00ebmendjen p\u00ebr rrezikun q\u00eb i kanoset Kosov\u00ebs nga radikal\u00ebt islamik\u00eb.<\/p>\n<p>N\u00eb mesin e atyre q\u00eb m\u00eb kan\u00eb fyer, shar\u00eb e k\u00ebrc\u00ebnuar ka pasur t\u00eb atill\u00eb q\u00eb m\u00eb kan\u00eb akuzuar si njeri t\u00eb shitur dhe antiislamist, q\u00eb po shkruakam p\u00ebr para t\u00eb majme, paguar nga kushedi kush. Nga Izraeli. Edhe nga Serbia. T\u00eb tjer\u00eb m\u00eb kan\u00eb cil\u00ebsuar antikomb\u00ebtar, tradhtar e islamofob.<\/p>\n<p>Gjith\u00eb ky shp\u00ebrthim urrejtjeje ndaj meje vet\u00ebm p\u00ebr shkak se, si qytetar i lir\u00eb i k\u00ebtij vendi, kam shprehur nj\u00eb mendim t\u00eb lir\u00eb p\u00ebr lirin\u00eb e k\u00ebtyre njer\u00ebzve q\u00eb t\u2019i realizojn\u00eb q\u00ebllimet e tyre, aspak fisnike, t\u00eb papenguar nga askush.<\/p>\n<p>Feja, besimi jan\u00eb personale, shpirt\u00ebrore. Ashtu si dhe praktikimi i besimit t\u00eb gjith\u00ebsecilit dhe komunikimi q\u00eb gjejn\u00eb me at\u00eb q\u00eb i besojn\u00eb. Por kur cilado fe, cilido besim keqp\u00ebrdoret nga dikush p\u00ebr agjenda t\u00eb ndryshme (edhe politike), me q\u00ebllimin q\u00eb t\u00eb ndryshojn\u00eb edhe identitetin e nj\u00eb shoq\u00ebrie, nj\u00eb vendi, at\u00ebher\u00eb kemi t\u00eb b\u00ebjm\u00eb me di\u00e7ka tjet\u00ebr. Di\u00e7ka q\u00eb k\u00ebtyre njer\u00ebzve iu dhemb kur u thuhet publikisht. Qoft\u00eb edhe nga nj\u00eb qytetar i r\u00ebndomt\u00eb q\u00eb, thjesht, brengoset se n\u00eb \u00e7far\u00eb shoq\u00ebrie do t\u2019i rriten f\u00ebmij\u00ebt nes\u00ebr. At\u00ebher\u00eb ata sulmojn\u00eb, k\u00ebrc\u00ebnojn\u00eb e akuzojn\u00eb, duke menduar se n\u00eb k\u00ebt\u00eb m\u00ebnyr\u00eb mund t\u2019ua ndalojn\u00eb t\u00eb tjer\u00ebve q\u00eb nuk mendojn\u00eb si ata edhe t\u00eb shprehen lirsh\u00ebm.<\/p>\n<p>Un\u00eb nuk kam fobi ndaj islamit, as ndaj identitetit tim fetar e komb\u00ebtar. Por po, kam fobi ndaj keqp\u00ebrdoruesve t\u00eb fes\u00eb. Ndaj atyre q\u00eb b\u00ebjn\u00eb keq n\u00eb em\u00ebr t\u00eb fes\u00eb. E shumica e atyre q\u00eb k\u00ebrc\u00ebnojn\u00eb duket se kan\u00eb fobi nga vetja, nga identiteti i tyre.<\/p>\n<p>Mund t\u00eb ndodh q\u00eb edhe mallkojn\u00eb veten pse kan\u00eb lindur n\u00eb Kosov\u00eb, e jo diku tjet\u00ebr. Diku ku do t\u00eb mund t\u00eb ndiheshin m\u00eb rehat me m\u00ebnyr\u00ebn e praktikimit t\u00eb besimit t\u00eb tyre dhe ku nuk do t\u00eb kishin nevoj\u00eb t\u00eb p\u00ebrpiqen q\u00eb t\u2019u imponojn\u00eb t\u00eb tjer\u00ebve di\u00e7ka q\u00eb ata e ndiejn\u00eb se nuk \u00ebsht\u00eb e vetja.<\/p>\n<p>Un\u00eb ndihem rehat k\u00ebtu ku jetoj. Jam rritur n\u00eb nj\u00eb mjedis normal fetar, kam lexuar dhe vazhdoj t\u00eb lexoj p\u00ebr islamin dhe p\u00ebr fe t\u00eb tjera. Nuk m\u00eb pengon askush pse i takon nj\u00eb feje a etnie tjet\u00ebr. P\u00ebr mua Sk\u00ebnderbeu nuk \u00ebsht\u00eb tradhtar, q\u00eb i paska luftuar osman\u00ebt, e as N\u00ebn\u00eb Tereza nuk \u00ebsht\u00eb lavire, q\u00eb i paska ndihmuar t\u00eb s\u00ebmur\u00ebt. Por, si t\u00eb gjith\u00eb njer\u00ebzit e vet\u00ebdish\u00ebm e t\u00eb nd\u00ebrgjegjsh\u00ebm, nuk mund t\u00eb hesht kur shoh se \u00e7\u2019po ndodh rreth nesh.<\/p>\n<p>Nuk mund t\u00eb hesht kur shoh si p\u00ebrpiqen t\u2019i keqp\u00ebrdorin f\u00ebmij\u00ebt \u201cn\u00eb em\u00ebr t\u00eb fes\u00eb\u201d.<br \/>\nNuk mund t\u00eb hesht kur p\u00ebrhapet urrejtje \u201cn\u00eb em\u00ebr t\u00eb fes\u00eb\u201d.<br \/>\nNuk mund t\u00eb hesht kur propagandohet luftimi i tjetrit \u201cn\u00eb em\u00ebr t\u00eb fes\u00eb\u201d.<br \/>\nNuk mund t\u00eb hesht kur propagandohet jotoleranca dhe dhuna \u201cn\u00eb em\u00ebr t\u00eb fes\u00eb\u201d.<br \/>\nT\u00eb fes\u00eb islame, n\u00eb k\u00ebt\u00eb rast.<\/p>\n<p>* * *<\/p>\n<p>M\u00eb ka ardhur keq p\u00ebr nivelin e gjuh\u00ebs dhe kultur\u00ebs s\u00eb shumic\u00ebs s\u00eb atyre q\u00eb m\u00eb kan\u00eb fyer, shar\u00eb e k\u00ebrc\u00ebnuar. Nj\u00eb shqipe q\u00eb m\u00eb s\u00eb paku mund t\u00eb quhet e till\u00eb dhe q\u00eb t\u00eb krijon p\u00ebrshtypjen se njer\u00ebzit q\u00eb e kan\u00eb shkruar nuk lexojn\u00eb sa duhet. Madje as aq sa p\u00ebr t\u00eb mundur t\u00eb debatojn\u00eb normalisht. Por, ja q\u00eb t\u00eb till\u00ebt jan\u00eb t\u00eb gatsh\u00ebm t\u00eb hedhin helm e vrer kur i prek n\u00eb tel.<\/p>\n<p>K\u00ebto jan\u00eb vet\u00ebm disa nga cil\u00ebsimet q\u00eb m\u2019i kan\u00eb b\u00ebr\u00eb komentuesit \/ kund\u00ebrshtuesit e shkrimit tim \u2013 bashk\u00ebkombasit dhe bashk\u00ebfetar\u00ebt e mi: \u201cdashakeq i islamit\u201d, \u201cshka\u201d, \u201cshka shqipfol\u00ebs\u201d, \u201cshk\u00ebrdhat\u00eb muti\u201d, \u201cnarkoman\u201d, \u201cpijanec\u201d, \u201cqen\u201d, \u201ci shitur\u201d, \u201ci asimiluar\u201d, \u201ci pafe\u201d, \u201ctradhtar\u201d, \u201csorosist\u201d, \u201cmajmun\u201d, \u201cadhurues i djallit\u201d, \u201chipokrit\u201d, \u201ctuc\u201d, \u201ci prisht\u00eb\u201d, \u201cargat i djallit\u201d, \u201cracist\u201d, \u201cma shka se shkijet, t\u2019bijt\u00eb e shkinave\u201d, \u201ci korruptuar\u201d, \u201ci pamend\u201d, \u201cbalosh\u201d, \u201cantikomb\u00ebtar\u201d, \u201cmercenar antifetar e antishqiptar\u201d, \u201di pamoralsh\u00ebm\u201d, \u201chajvan\u201d, \u201ci paguar nga qarqe \u00e7ifute\u201d, \u201ci posht\u00ebr\u201d, \u201cmonstrum\u201d, \u201cndyr\u00ebsis\u00eb\u201d, \u201cqafir\u201d, \u201cidiot\u201d, \u201cbudall\u00eb\u201d, \u201cteveqel\u201d, \u201ckomunist\u201d. Plot t\u00eb tjera sharje q\u00eb m\u00eb jan\u00eb adresuar nuk m\u00eb lejon etika t\u2019i b\u00ebj publike k\u00ebtu. Sikurse as disa nga k\u00ebrc\u00ebnimet e poshtra dhe perverse \u2013 edhe m\u00eb t\u00eb poshtra se ato t\u00eb stilit \u201ckemi me t\u00eb kall\u00eb n\u00eb zejtin t\u00eb nxeht\u00eb\u201d ose \u201ckemi me t\u00eb rrjep\u00eb si qen\u201d.<\/p>\n<p>Un\u00eb e di se kjo gjuh\u00eb dhe k\u00ebto cil\u00ebsime nuk i takojn\u00eb nj\u00eb myslimani t\u00eb mir\u00eb. M\u00eb tep\u00ebr dalin nga goj\u00ebt e njer\u00ebzve t\u00eb frustruar dhe t\u00eb shituar dogme e ideologjie. Sepse, islami \u00ebsht\u00eb fe e paqes dhe e toleranc\u00ebs. Si t\u00eb till\u00eb e njoh un\u00eb, e jo si fe t\u00eb urrejtjes, k\u00ebrc\u00ebnimeve e dhun\u00ebs.<\/p>\n<p>Ky nuk \u00ebsht\u00eb islami im.<\/p>\n","protected":false},"excerpt":{"rendered":"<p>P\u00ebr urrejtjen e t\u00eb frustruarve nga feja e ideologjia. P\u00ebr islamin \u201ctim\u201d dhe islamin e \u201catyre\u201d. P\u00ebr shoq\u00ebrin\u00eb dhe shtetin \u00e7far\u00eb e duam. Nga Imer Mushkolaj, 31 Gusht 2012 Asnj\u00ebher\u00eb nuk kam marr\u00eb m\u00eb shum\u00eb akuza, sharje, fyerje e k\u00ebrc\u00ebnime p\u00ebr ndonj\u00eb shkrim n\u00eb gazet\u00eb, sesa jav\u00ebn e kaluar. N\u00eb telefon, email e Facebook \u00e7far\u00eb [&hellip;]<\/p>\n","protected":false},"author":1,"featured_media":0,"comment_status":"open","ping_status":"closed","sticky":false,"template":"","format":"standard","meta":{"footnotes":""},"categories":[2],"tags":[],"class_list":{"0":"post-4741","1":"post","2":"type-post","3":"status-publish","4":"format-standard","6":"category-artikuj"},"yoast_head":"<!-- This site is optimized with the Yoast SEO plugin v27.4 - https:\/\/yoast.com\/product\/yoast-seo-wordpress\/ -->\n<title>Shp\u00ebrthimi i urrejtjes - FjALA e LIR\u00cb - Arkivi<\/title>\n<meta name=\"robots\" content=\"index, follow, max-snippet:-1, max-image-preview:large, max-video-preview:-1\" \/>\n<link rel=\"canonical\" href=\"https:\/\/fjala.info\/2009-2015\/shperthimi-i-urrejtjes\/\" \/>\n<meta property=\"og:locale\" content=\"sq_AL\" \/>\n<meta property=\"og:type\" content=\"article\" \/>\n<meta property=\"og:title\" content=\"Shp\u00ebrthimi i urrejtjes - FjALA e LIR\u00cb - Arkivi\" \/>\n<meta property=\"og:description\" content=\"P\u00ebr urrejtjen e t\u00eb frustruarve nga feja e ideologjia. P\u00ebr islamin \u201ctim\u201d dhe islamin e \u201catyre\u201d. P\u00ebr shoq\u00ebrin\u00eb dhe shtetin \u00e7far\u00eb e duam. Nga Imer Mushkolaj, 31 Gusht 2012 Asnj\u00ebher\u00eb nuk kam marr\u00eb m\u00eb shum\u00eb akuza, sharje, fyerje e k\u00ebrc\u00ebnime p\u00ebr ndonj\u00eb shkrim n\u00eb gazet\u00eb, sesa jav\u00ebn e kaluar. N\u00eb telefon, email e Facebook \u00e7far\u00eb [&hellip;]\" \/>\n<meta property=\"og:url\" content=\"https:\/\/fjala.info\/2009-2015\/shperthimi-i-urrejtjes\/\" \/>\n<meta property=\"og:site_name\" content=\"FjALA e LIR\u00cb - Arkivi\" \/>\n<meta property=\"article:published_time\" content=\"2012-08-31T19:49:29+00:00\" \/>\n<meta property=\"og:image\" content=\"http:\/\/www.fjala.info\/2012\/imer_mushkolaj.png\" \/>\n<meta name=\"author\" content=\"admin\" \/>\n<meta name=\"twitter:card\" content=\"summary_large_image\" \/>\n<meta name=\"twitter:label1\" content=\"Written by\" \/>\n\t<meta name=\"twitter:data1\" content=\"admin\" \/>\n\t<meta name=\"twitter:label2\" content=\"Est. reading time\" \/>\n\t<meta name=\"twitter:data2\" content=\"5 minutes\" \/>\n<script type=\"application\/ld+json\" class=\"yoast-schema-graph\">{\"@context\":\"https:\\\/\\\/schema.org\",\"@graph\":[{\"@type\":\"Article\",\"@id\":\"https:\\\/\\\/fjala.info\\\/2009-2015\\\/shperthimi-i-urrejtjes\\\/#article\",\"isPartOf\":{\"@id\":\"https:\\\/\\\/fjala.info\\\/2009-2015\\\/shperthimi-i-urrejtjes\\\/\"},\"author\":{\"name\":\"admin\",\"@id\":\"https:\\\/\\\/fjala.info\\\/2009-2015\\\/#\\\/schema\\\/person\\\/3aa1163ef05469c496fc94e77611ada2\"},\"headline\":\"Shp\u00ebrthimi i urrejtjes\",\"datePublished\":\"2012-08-31T19:49:29+00:00\",\"mainEntityOfPage\":{\"@id\":\"https:\\\/\\\/fjala.info\\\/2009-2015\\\/shperthimi-i-urrejtjes\\\/\"},\"wordCount\":1027,\"commentCount\":0,\"publisher\":{\"@id\":\"https:\\\/\\\/fjala.info\\\/2009-2015\\\/#organization\"},\"image\":{\"@id\":\"https:\\\/\\\/fjala.info\\\/2009-2015\\\/shperthimi-i-urrejtjes\\\/#primaryimage\"},\"thumbnailUrl\":\"http:\\\/\\\/www.fjala.info\\\/2012\\\/imer_mushkolaj.png\",\"articleSection\":[\"Artikuj\"],\"inLanguage\":\"sq-AL\",\"potentialAction\":[{\"@type\":\"CommentAction\",\"name\":\"Comment\",\"target\":[\"https:\\\/\\\/fjala.info\\\/2009-2015\\\/shperthimi-i-urrejtjes\\\/#respond\"]}]},{\"@type\":\"WebPage\",\"@id\":\"https:\\\/\\\/fjala.info\\\/2009-2015\\\/shperthimi-i-urrejtjes\\\/\",\"url\":\"https:\\\/\\\/fjala.info\\\/2009-2015\\\/shperthimi-i-urrejtjes\\\/\",\"name\":\"Shp\u00ebrthimi i urrejtjes - FjALA e LIR\u00cb - Arkivi\",\"isPartOf\":{\"@id\":\"https:\\\/\\\/fjala.info\\\/2009-2015\\\/#website\"},\"primaryImageOfPage\":{\"@id\":\"https:\\\/\\\/fjala.info\\\/2009-2015\\\/shperthimi-i-urrejtjes\\\/#primaryimage\"},\"image\":{\"@id\":\"https:\\\/\\\/fjala.info\\\/2009-2015\\\/shperthimi-i-urrejtjes\\\/#primaryimage\"},\"thumbnailUrl\":\"http:\\\/\\\/www.fjala.info\\\/2012\\\/imer_mushkolaj.png\",\"datePublished\":\"2012-08-31T19:49:29+00:00\",\"breadcrumb\":{\"@id\":\"https:\\\/\\\/fjala.info\\\/2009-2015\\\/shperthimi-i-urrejtjes\\\/#breadcrumb\"},\"inLanguage\":\"sq-AL\",\"potentialAction\":[{\"@type\":\"ReadAction\",\"target\":[\"https:\\\/\\\/fjala.info\\\/2009-2015\\\/shperthimi-i-urrejtjes\\\/\"]}]},{\"@type\":\"ImageObject\",\"inLanguage\":\"sq-AL\",\"@id\":\"https:\\\/\\\/fjala.info\\\/2009-2015\\\/shperthimi-i-urrejtjes\\\/#primaryimage\",\"url\":\"http:\\\/\\\/www.fjala.info\\\/2012\\\/imer_mushkolaj.png\",\"contentUrl\":\"http:\\\/\\\/www.fjala.info\\\/2012\\\/imer_mushkolaj.png\"},{\"@type\":\"BreadcrumbList\",\"@id\":\"https:\\\/\\\/fjala.info\\\/2009-2015\\\/shperthimi-i-urrejtjes\\\/#breadcrumb\",\"itemListElement\":[{\"@type\":\"ListItem\",\"position\":1,\"name\":\"Home\",\"item\":\"https:\\\/\\\/fjala.info\\\/2009-2015\\\/\"},{\"@type\":\"ListItem\",\"position\":2,\"name\":\"Shp\u00ebrthimi i urrejtjes\"}]},{\"@type\":\"WebSite\",\"@id\":\"https:\\\/\\\/fjala.info\\\/2009-2015\\\/#website\",\"url\":\"https:\\\/\\\/fjala.info\\\/2009-2015\\\/\",\"name\":\"FjALA e LIR\u00cb - Arkivi\",\"description\":\"Arkivi 2009-2015\",\"publisher\":{\"@id\":\"https:\\\/\\\/fjala.info\\\/2009-2015\\\/#organization\"},\"potentialAction\":[{\"@type\":\"SearchAction\",\"target\":{\"@type\":\"EntryPoint\",\"urlTemplate\":\"https:\\\/\\\/fjala.info\\\/2009-2015\\\/?s={search_term_string}\"},\"query-input\":{\"@type\":\"PropertyValueSpecification\",\"valueRequired\":true,\"valueName\":\"search_term_string\"}}],\"inLanguage\":\"sq-AL\"},{\"@type\":\"Organization\",\"@id\":\"https:\\\/\\\/fjala.info\\\/2009-2015\\\/#organization\",\"name\":\"FjALA e LIR\u00cb - Arkivi\",\"url\":\"https:\\\/\\\/fjala.info\\\/2009-2015\\\/\",\"logo\":{\"@type\":\"ImageObject\",\"inLanguage\":\"sq-AL\",\"@id\":\"https:\\\/\\\/fjala.info\\\/2009-2015\\\/#\\\/schema\\\/logo\\\/image\\\/\",\"url\":\"\",\"contentUrl\":\"\",\"caption\":\"FjALA e LIR\u00cb - Arkivi\"},\"image\":{\"@id\":\"https:\\\/\\\/fjala.info\\\/2009-2015\\\/#\\\/schema\\\/logo\\\/image\\\/\"}},{\"@type\":\"Person\",\"@id\":\"https:\\\/\\\/fjala.info\\\/2009-2015\\\/#\\\/schema\\\/person\\\/3aa1163ef05469c496fc94e77611ada2\",\"name\":\"admin\",\"image\":{\"@type\":\"ImageObject\",\"inLanguage\":\"sq-AL\",\"@id\":\"https:\\\/\\\/fjala.info\\\/2009-2015\\\/wp-content\\\/uploads\\\/2012\\\/02\\\/arben_cokaj-120x150.jpg\",\"url\":\"https:\\\/\\\/fjala.info\\\/2009-2015\\\/wp-content\\\/uploads\\\/2012\\\/02\\\/arben_cokaj-120x150.jpg\",\"contentUrl\":\"https:\\\/\\\/fjala.info\\\/2009-2015\\\/wp-content\\\/uploads\\\/2012\\\/02\\\/arben_cokaj-120x150.jpg\",\"caption\":\"admin\"},\"description\":\"Admin, Fjala e Lir\u00eb\",\"sameAs\":[\"https:\\\/\\\/fjala.info\\\/\"],\"url\":\"https:\\\/\\\/fjala.info\\\/2009-2015\\\/author\\\/admin\\\/\"}]}<\/script>\n<!-- \/ Yoast SEO plugin. -->","yoast_head_json":{"title":"Shp\u00ebrthimi i urrejtjes - FjALA e LIR\u00cb - Arkivi","robots":{"index":"index","follow":"follow","max-snippet":"max-snippet:-1","max-image-preview":"max-image-preview:large","max-video-preview":"max-video-preview:-1"},"canonical":"https:\/\/fjala.info\/2009-2015\/shperthimi-i-urrejtjes\/","og_locale":"sq_AL","og_type":"article","og_title":"Shp\u00ebrthimi i urrejtjes - FjALA e LIR\u00cb - Arkivi","og_description":"P\u00ebr urrejtjen e t\u00eb frustruarve nga feja e ideologjia. P\u00ebr islamin \u201ctim\u201d dhe islamin e \u201catyre\u201d. P\u00ebr shoq\u00ebrin\u00eb dhe shtetin \u00e7far\u00eb e duam. Nga Imer Mushkolaj, 31 Gusht 2012 Asnj\u00ebher\u00eb nuk kam marr\u00eb m\u00eb shum\u00eb akuza, sharje, fyerje e k\u00ebrc\u00ebnime p\u00ebr ndonj\u00eb shkrim n\u00eb gazet\u00eb, sesa jav\u00ebn e kaluar. N\u00eb telefon, email e Facebook \u00e7far\u00eb [&hellip;]","og_url":"https:\/\/fjala.info\/2009-2015\/shperthimi-i-urrejtjes\/","og_site_name":"FjALA e LIR\u00cb - Arkivi","article_published_time":"2012-08-31T19:49:29+00:00","og_image":[{"url":"http:\/\/www.fjala.info\/2012\/imer_mushkolaj.png","type":"","width":"","height":""}],"author":"admin","twitter_card":"summary_large_image","twitter_misc":{"Written by":"admin","Est. reading time":"5 minutes"},"schema":{"@context":"https:\/\/schema.org","@graph":[{"@type":"Article","@id":"https:\/\/fjala.info\/2009-2015\/shperthimi-i-urrejtjes\/#article","isPartOf":{"@id":"https:\/\/fjala.info\/2009-2015\/shperthimi-i-urrejtjes\/"},"author":{"name":"admin","@id":"https:\/\/fjala.info\/2009-2015\/#\/schema\/person\/3aa1163ef05469c496fc94e77611ada2"},"headline":"Shp\u00ebrthimi i urrejtjes","datePublished":"2012-08-31T19:49:29+00:00","mainEntityOfPage":{"@id":"https:\/\/fjala.info\/2009-2015\/shperthimi-i-urrejtjes\/"},"wordCount":1027,"commentCount":0,"publisher":{"@id":"https:\/\/fjala.info\/2009-2015\/#organization"},"image":{"@id":"https:\/\/fjala.info\/2009-2015\/shperthimi-i-urrejtjes\/#primaryimage"},"thumbnailUrl":"http:\/\/www.fjala.info\/2012\/imer_mushkolaj.png","articleSection":["Artikuj"],"inLanguage":"sq-AL","potentialAction":[{"@type":"CommentAction","name":"Comment","target":["https:\/\/fjala.info\/2009-2015\/shperthimi-i-urrejtjes\/#respond"]}]},{"@type":"WebPage","@id":"https:\/\/fjala.info\/2009-2015\/shperthimi-i-urrejtjes\/","url":"https:\/\/fjala.info\/2009-2015\/shperthimi-i-urrejtjes\/","name":"Shp\u00ebrthimi i urrejtjes - FjALA e LIR\u00cb - Arkivi","isPartOf":{"@id":"https:\/\/fjala.info\/2009-2015\/#website"},"primaryImageOfPage":{"@id":"https:\/\/fjala.info\/2009-2015\/shperthimi-i-urrejtjes\/#primaryimage"},"image":{"@id":"https:\/\/fjala.info\/2009-2015\/shperthimi-i-urrejtjes\/#primaryimage"},"thumbnailUrl":"http:\/\/www.fjala.info\/2012\/imer_mushkolaj.png","datePublished":"2012-08-31T19:49:29+00:00","breadcrumb":{"@id":"https:\/\/fjala.info\/2009-2015\/shperthimi-i-urrejtjes\/#breadcrumb"},"inLanguage":"sq-AL","potentialAction":[{"@type":"ReadAction","target":["https:\/\/fjala.info\/2009-2015\/shperthimi-i-urrejtjes\/"]}]},{"@type":"ImageObject","inLanguage":"sq-AL","@id":"https:\/\/fjala.info\/2009-2015\/shperthimi-i-urrejtjes\/#primaryimage","url":"http:\/\/www.fjala.info\/2012\/imer_mushkolaj.png","contentUrl":"http:\/\/www.fjala.info\/2012\/imer_mushkolaj.png"},{"@type":"BreadcrumbList","@id":"https:\/\/fjala.info\/2009-2015\/shperthimi-i-urrejtjes\/#breadcrumb","itemListElement":[{"@type":"ListItem","position":1,"name":"Home","item":"https:\/\/fjala.info\/2009-2015\/"},{"@type":"ListItem","position":2,"name":"Shp\u00ebrthimi i urrejtjes"}]},{"@type":"WebSite","@id":"https:\/\/fjala.info\/2009-2015\/#website","url":"https:\/\/fjala.info\/2009-2015\/","name":"FjALA e LIR\u00cb - Arkivi","description":"Arkivi 2009-2015","publisher":{"@id":"https:\/\/fjala.info\/2009-2015\/#organization"},"potentialAction":[{"@type":"SearchAction","target":{"@type":"EntryPoint","urlTemplate":"https:\/\/fjala.info\/2009-2015\/?s={search_term_string}"},"query-input":{"@type":"PropertyValueSpecification","valueRequired":true,"valueName":"search_term_string"}}],"inLanguage":"sq-AL"},{"@type":"Organization","@id":"https:\/\/fjala.info\/2009-2015\/#organization","name":"FjALA e LIR\u00cb - Arkivi","url":"https:\/\/fjala.info\/2009-2015\/","logo":{"@type":"ImageObject","inLanguage":"sq-AL","@id":"https:\/\/fjala.info\/2009-2015\/#\/schema\/logo\/image\/","url":"","contentUrl":"","caption":"FjALA e LIR\u00cb - Arkivi"},"image":{"@id":"https:\/\/fjala.info\/2009-2015\/#\/schema\/logo\/image\/"}},{"@type":"Person","@id":"https:\/\/fjala.info\/2009-2015\/#\/schema\/person\/3aa1163ef05469c496fc94e77611ada2","name":"admin","image":{"@type":"ImageObject","inLanguage":"sq-AL","@id":"https:\/\/fjala.info\/2009-2015\/wp-content\/uploads\/2012\/02\/arben_cokaj-120x150.jpg","url":"https:\/\/fjala.info\/2009-2015\/wp-content\/uploads\/2012\/02\/arben_cokaj-120x150.jpg","contentUrl":"https:\/\/fjala.info\/2009-2015\/wp-content\/uploads\/2012\/02\/arben_cokaj-120x150.jpg","caption":"admin"},"description":"Admin, Fjala e Lir\u00eb","sameAs":["https:\/\/fjala.info\/"],"url":"https:\/\/fjala.info\/2009-2015\/author\/admin\/"}]}},"_links":{"self":[{"href":"https:\/\/fjala.info\/2009-2015\/wp-json\/wp\/v2\/posts\/4741","targetHints":{"allow":["GET"]}}],"collection":[{"href":"https:\/\/fjala.info\/2009-2015\/wp-json\/wp\/v2\/posts"}],"about":[{"href":"https:\/\/fjala.info\/2009-2015\/wp-json\/wp\/v2\/types\/post"}],"author":[{"embeddable":true,"href":"https:\/\/fjala.info\/2009-2015\/wp-json\/wp\/v2\/users\/1"}],"replies":[{"embeddable":true,"href":"https:\/\/fjala.info\/2009-2015\/wp-json\/wp\/v2\/comments?post=4741"}],"version-history":[{"count":0,"href":"https:\/\/fjala.info\/2009-2015\/wp-json\/wp\/v2\/posts\/4741\/revisions"}],"wp:attachment":[{"href":"https:\/\/fjala.info\/2009-2015\/wp-json\/wp\/v2\/media?parent=4741"}],"wp:term":[{"taxonomy":"category","embeddable":true,"href":"https:\/\/fjala.info\/2009-2015\/wp-json\/wp\/v2\/categories?post=4741"},{"taxonomy":"post_tag","embeddable":true,"href":"https:\/\/fjala.info\/2009-2015\/wp-json\/wp\/v2\/tags?post=4741"}],"curies":[{"name":"wp","href":"https:\/\/api.w.org\/{rel}","templated":true}]}}