{"id":4737,"date":"2012-08-30T21:59:42","date_gmt":"2012-08-30T20:59:42","guid":{"rendered":"http:\/\/www.fjala.info\/?p=4737"},"modified":"2012-08-30T21:59:42","modified_gmt":"2012-08-30T20:59:42","slug":"ps-per-100-vjetorin-e-pavaresise-berisha-po-shet-kombin","status":"publish","type":"post","link":"https:\/\/fjala.info\/2009-2015\/ps-per-100-vjetorin-e-pavaresise-berisha-po-shet-kombin\/","title":{"rendered":"PS: P\u00ebr 100-vjetorin e Pavar\u00ebsis\u00eb, Berisha po shet kombin"},"content":{"rendered":"<p><img decoding=\"async\" class=\"alignright size-thumbnail wp-image-7236\" title=\"Mimi Kodheli\" src=\"http:\/\/www.fjala.info\/2012\/mimi_kodheli.jpg\" alt=\"\" width=\"200\" \/> <strong>Shekulli<\/strong>, <em>30.08.2012<\/em><\/p>\n<p>Mimi Kodheli, deputete e Partis\u00eb Socialiste, n\u00eb nj\u00eb deklarat\u00eb p\u00ebr shtyp ka reaguar ndaj \u201cshitjes\u201d si\u00e7 e quajti ajo t\u00eb pasurive publike. Kodheli mori shkak p\u00ebr k\u00ebt\u00eb deklarat\u00eb nga nxjerrja n\u00eb shitje e tok\u00ebs q\u00eb rezulton n\u00eb pron\u00ebsi t\u00eb Ministris\u00eb s\u00eb Mbrojtjes. Shitja e pasuruvie publike tha Kodheli po ndodh p\u00ebr t\u00eb mbushur grop\u00ebn e zez\u00eb t\u00eb financave t\u00eb shtetit.<\/p>\n<p>\u201cN\u00eb 100-vjetorin e pavar\u00ebsis\u00eb t\u00eb Shqip\u00ebris\u00eb, Sali Berisha ka nxjerr\u00eb kombin n\u00eb shitje. Pasi fali plot qindra km katror t\u00eb hap\u00ebsir\u00ebs ujore, n\u00eb kund\u00ebrshtim me Gjykat\u00ebn Kushtetuese, sot Sali Berisha parashikon t\u00eb shes\u00eb plot 95 p\u00ebr qind t\u00eb pron\u00ebs publike, ku midis t\u00eb tjerash p\u00ebrfshihen 1.2 milion met\u00ebr katror toka n\u00eb pron\u00ebsi t\u00eb Ministris\u00eb s\u00eb Mbrojtjes dhe mbi 500 objekte e asete t\u00eb tjera, gjithmon\u00eb publike\u201d, tha deputetja e PS-s\u00eb.<\/p>\n<p>Kodheli n\u00ebnvizoi se \u201csot q\u00eb flasim pasurit\u00eb e shqiptar\u00ebve jan\u00eb duke shteruar si pasoj\u00eb e abuzimeve e korrupsionit, ekonomia shqiptare \u00ebsht\u00eb e zhytur n\u00eb borxhe deri n\u00eb gryk\u00eb, nd\u00ebrkoh\u00eb q\u00eb p\u00ebr t\u00eb mbushur grop\u00ebn e zez\u00eb t\u00eb financave t\u00eb shtetit Berisha praktikisht e ka nxjerr\u00eb Shqip\u00ebrin\u00eb n\u00eb shitje\u201d. \/F.S\/<\/p>\n","protected":false},"excerpt":{"rendered":"<p>Shekulli, 30.08.2012 Mimi Kodheli, deputete e Partis\u00eb Socialiste, n\u00eb nj\u00eb deklarat\u00eb p\u00ebr shtyp ka reaguar ndaj \u201cshitjes\u201d si\u00e7 e quajti ajo t\u00eb pasurive publike. Kodheli mori shkak p\u00ebr k\u00ebt\u00eb deklarat\u00eb nga nxjerrja n\u00eb shitje e tok\u00ebs q\u00eb rezulton n\u00eb pron\u00ebsi t\u00eb Ministris\u00eb s\u00eb Mbrojtjes. Shitja e pasuruvie publike tha Kodheli po ndodh p\u00ebr t\u00eb mbushur [&hellip;]<\/p>\n","protected":false},"author":1,"featured_media":0,"comment_status":"open","ping_status":"closed","sticky":false,"template":"","format":"standard","meta":{"footnotes":""},"categories":[2,5],"tags":[],"class_list":{"0":"post-4737","1":"post","2":"type-post","3":"status-publish","4":"format-standard","6":"category-artikuj","7":"category-lajme"},"yoast_head":"<!-- This site is optimized with the Yoast SEO plugin v27.4 - https:\/\/yoast.com\/product\/yoast-seo-wordpress\/ -->\n<title>PS: P\u00ebr 100-vjetorin e Pavar\u00ebsis\u00eb, Berisha po shet kombin - FjALA e LIR\u00cb - Arkivi<\/title>\n<meta name=\"robots\" content=\"index, follow, max-snippet:-1, max-image-preview:large, max-video-preview:-1\" \/>\n<link rel=\"canonical\" href=\"https:\/\/fjala.info\/2009-2015\/ps-per-100-vjetorin-e-pavaresise-berisha-po-shet-kombin\/\" \/>\n<meta property=\"og:locale\" content=\"sq_AL\" \/>\n<meta property=\"og:type\" content=\"article\" \/>\n<meta property=\"og:title\" content=\"PS: P\u00ebr 100-vjetorin e Pavar\u00ebsis\u00eb, Berisha po shet kombin - FjALA e LIR\u00cb - Arkivi\" \/>\n<meta property=\"og:description\" content=\"Shekulli, 30.08.2012 Mimi Kodheli, deputete e Partis\u00eb Socialiste, n\u00eb nj\u00eb deklarat\u00eb p\u00ebr shtyp ka reaguar ndaj \u201cshitjes\u201d si\u00e7 e quajti ajo t\u00eb pasurive publike. Kodheli mori shkak p\u00ebr k\u00ebt\u00eb deklarat\u00eb nga nxjerrja n\u00eb shitje e tok\u00ebs q\u00eb rezulton n\u00eb pron\u00ebsi t\u00eb Ministris\u00eb s\u00eb Mbrojtjes. Shitja e pasuruvie publike tha Kodheli po ndodh p\u00ebr t\u00eb mbushur [&hellip;]\" \/>\n<meta property=\"og:url\" content=\"https:\/\/fjala.info\/2009-2015\/ps-per-100-vjetorin-e-pavaresise-berisha-po-shet-kombin\/\" \/>\n<meta property=\"og:site_name\" content=\"FjALA e LIR\u00cb - Arkivi\" \/>\n<meta property=\"article:published_time\" content=\"2012-08-30T20:59:42+00:00\" \/>\n<meta property=\"og:image\" content=\"http:\/\/www.fjala.info\/2012\/mimi_kodheli.jpg\" \/>\n<meta name=\"author\" content=\"admin\" \/>\n<meta name=\"twitter:card\" content=\"summary_large_image\" \/>\n<meta name=\"twitter:label1\" content=\"Written by\" \/>\n\t<meta name=\"twitter:data1\" content=\"admin\" \/>\n\t<meta name=\"twitter:label2\" content=\"Est. reading time\" \/>\n\t<meta name=\"twitter:data2\" content=\"1 minute\" \/>\n<script type=\"application\/ld+json\" class=\"yoast-schema-graph\">{\"@context\":\"https:\\\/\\\/schema.org\",\"@graph\":[{\"@type\":\"Article\",\"@id\":\"https:\\\/\\\/fjala.info\\\/2009-2015\\\/ps-per-100-vjetorin-e-pavaresise-berisha-po-shet-kombin\\\/#article\",\"isPartOf\":{\"@id\":\"https:\\\/\\\/fjala.info\\\/2009-2015\\\/ps-per-100-vjetorin-e-pavaresise-berisha-po-shet-kombin\\\/\"},\"author\":{\"name\":\"admin\",\"@id\":\"https:\\\/\\\/fjala.info\\\/2009-2015\\\/#\\\/schema\\\/person\\\/3aa1163ef05469c496fc94e77611ada2\"},\"headline\":\"PS: P\u00ebr 100-vjetorin e Pavar\u00ebsis\u00eb, Berisha po shet kombin\",\"datePublished\":\"2012-08-30T20:59:42+00:00\",\"mainEntityOfPage\":{\"@id\":\"https:\\\/\\\/fjala.info\\\/2009-2015\\\/ps-per-100-vjetorin-e-pavaresise-berisha-po-shet-kombin\\\/\"},\"wordCount\":213,\"commentCount\":0,\"publisher\":{\"@id\":\"https:\\\/\\\/fjala.info\\\/2009-2015\\\/#organization\"},\"image\":{\"@id\":\"https:\\\/\\\/fjala.info\\\/2009-2015\\\/ps-per-100-vjetorin-e-pavaresise-berisha-po-shet-kombin\\\/#primaryimage\"},\"thumbnailUrl\":\"http:\\\/\\\/www.fjala.info\\\/2012\\\/mimi_kodheli.jpg\",\"articleSection\":[\"Artikuj\",\"Lajme\"],\"inLanguage\":\"sq-AL\",\"potentialAction\":[{\"@type\":\"CommentAction\",\"name\":\"Comment\",\"target\":[\"https:\\\/\\\/fjala.info\\\/2009-2015\\\/ps-per-100-vjetorin-e-pavaresise-berisha-po-shet-kombin\\\/#respond\"]}]},{\"@type\":\"WebPage\",\"@id\":\"https:\\\/\\\/fjala.info\\\/2009-2015\\\/ps-per-100-vjetorin-e-pavaresise-berisha-po-shet-kombin\\\/\",\"url\":\"https:\\\/\\\/fjala.info\\\/2009-2015\\\/ps-per-100-vjetorin-e-pavaresise-berisha-po-shet-kombin\\\/\",\"name\":\"PS: P\u00ebr 100-vjetorin e Pavar\u00ebsis\u00eb, Berisha po shet kombin - FjALA e LIR\u00cb - Arkivi\",\"isPartOf\":{\"@id\":\"https:\\\/\\\/fjala.info\\\/2009-2015\\\/#website\"},\"primaryImageOfPage\":{\"@id\":\"https:\\\/\\\/fjala.info\\\/2009-2015\\\/ps-per-100-vjetorin-e-pavaresise-berisha-po-shet-kombin\\\/#primaryimage\"},\"image\":{\"@id\":\"https:\\\/\\\/fjala.info\\\/2009-2015\\\/ps-per-100-vjetorin-e-pavaresise-berisha-po-shet-kombin\\\/#primaryimage\"},\"thumbnailUrl\":\"http:\\\/\\\/www.fjala.info\\\/2012\\\/mimi_kodheli.jpg\",\"datePublished\":\"2012-08-30T20:59:42+00:00\",\"breadcrumb\":{\"@id\":\"https:\\\/\\\/fjala.info\\\/2009-2015\\\/ps-per-100-vjetorin-e-pavaresise-berisha-po-shet-kombin\\\/#breadcrumb\"},\"inLanguage\":\"sq-AL\",\"potentialAction\":[{\"@type\":\"ReadAction\",\"target\":[\"https:\\\/\\\/fjala.info\\\/2009-2015\\\/ps-per-100-vjetorin-e-pavaresise-berisha-po-shet-kombin\\\/\"]}]},{\"@type\":\"ImageObject\",\"inLanguage\":\"sq-AL\",\"@id\":\"https:\\\/\\\/fjala.info\\\/2009-2015\\\/ps-per-100-vjetorin-e-pavaresise-berisha-po-shet-kombin\\\/#primaryimage\",\"url\":\"http:\\\/\\\/www.fjala.info\\\/2012\\\/mimi_kodheli.jpg\",\"contentUrl\":\"http:\\\/\\\/www.fjala.info\\\/2012\\\/mimi_kodheli.jpg\"},{\"@type\":\"BreadcrumbList\",\"@id\":\"https:\\\/\\\/fjala.info\\\/2009-2015\\\/ps-per-100-vjetorin-e-pavaresise-berisha-po-shet-kombin\\\/#breadcrumb\",\"itemListElement\":[{\"@type\":\"ListItem\",\"position\":1,\"name\":\"Home\",\"item\":\"https:\\\/\\\/fjala.info\\\/2009-2015\\\/\"},{\"@type\":\"ListItem\",\"position\":2,\"name\":\"PS: P\u00ebr 100-vjetorin e Pavar\u00ebsis\u00eb, Berisha po shet kombin\"}]},{\"@type\":\"WebSite\",\"@id\":\"https:\\\/\\\/fjala.info\\\/2009-2015\\\/#website\",\"url\":\"https:\\\/\\\/fjala.info\\\/2009-2015\\\/\",\"name\":\"FjALA e LIR\u00cb - Arkivi\",\"description\":\"Arkivi 2009-2015\",\"publisher\":{\"@id\":\"https:\\\/\\\/fjala.info\\\/2009-2015\\\/#organization\"},\"potentialAction\":[{\"@type\":\"SearchAction\",\"target\":{\"@type\":\"EntryPoint\",\"urlTemplate\":\"https:\\\/\\\/fjala.info\\\/2009-2015\\\/?s={search_term_string}\"},\"query-input\":{\"@type\":\"PropertyValueSpecification\",\"valueRequired\":true,\"valueName\":\"search_term_string\"}}],\"inLanguage\":\"sq-AL\"},{\"@type\":\"Organization\",\"@id\":\"https:\\\/\\\/fjala.info\\\/2009-2015\\\/#organization\",\"name\":\"FjALA e LIR\u00cb - Arkivi\",\"url\":\"https:\\\/\\\/fjala.info\\\/2009-2015\\\/\",\"logo\":{\"@type\":\"ImageObject\",\"inLanguage\":\"sq-AL\",\"@id\":\"https:\\\/\\\/fjala.info\\\/2009-2015\\\/#\\\/schema\\\/logo\\\/image\\\/\",\"url\":\"\",\"contentUrl\":\"\",\"caption\":\"FjALA e LIR\u00cb - Arkivi\"},\"image\":{\"@id\":\"https:\\\/\\\/fjala.info\\\/2009-2015\\\/#\\\/schema\\\/logo\\\/image\\\/\"}},{\"@type\":\"Person\",\"@id\":\"https:\\\/\\\/fjala.info\\\/2009-2015\\\/#\\\/schema\\\/person\\\/3aa1163ef05469c496fc94e77611ada2\",\"name\":\"admin\",\"image\":{\"@type\":\"ImageObject\",\"inLanguage\":\"sq-AL\",\"@id\":\"https:\\\/\\\/fjala.info\\\/2009-2015\\\/wp-content\\\/uploads\\\/2012\\\/02\\\/arben_cokaj-120x150.jpg\",\"url\":\"https:\\\/\\\/fjala.info\\\/2009-2015\\\/wp-content\\\/uploads\\\/2012\\\/02\\\/arben_cokaj-120x150.jpg\",\"contentUrl\":\"https:\\\/\\\/fjala.info\\\/2009-2015\\\/wp-content\\\/uploads\\\/2012\\\/02\\\/arben_cokaj-120x150.jpg\",\"caption\":\"admin\"},\"description\":\"Admin, Fjala e Lir\u00eb\",\"sameAs\":[\"https:\\\/\\\/fjala.info\\\/\"],\"url\":\"https:\\\/\\\/fjala.info\\\/2009-2015\\\/author\\\/admin\\\/\"}]}<\/script>\n<!-- \/ Yoast SEO plugin. -->","yoast_head_json":{"title":"PS: P\u00ebr 100-vjetorin e Pavar\u00ebsis\u00eb, Berisha po shet kombin - FjALA e LIR\u00cb - Arkivi","robots":{"index":"index","follow":"follow","max-snippet":"max-snippet:-1","max-image-preview":"max-image-preview:large","max-video-preview":"max-video-preview:-1"},"canonical":"https:\/\/fjala.info\/2009-2015\/ps-per-100-vjetorin-e-pavaresise-berisha-po-shet-kombin\/","og_locale":"sq_AL","og_type":"article","og_title":"PS: P\u00ebr 100-vjetorin e Pavar\u00ebsis\u00eb, Berisha po shet kombin - FjALA e LIR\u00cb - Arkivi","og_description":"Shekulli, 30.08.2012 Mimi Kodheli, deputete e Partis\u00eb Socialiste, n\u00eb nj\u00eb deklarat\u00eb p\u00ebr shtyp ka reaguar ndaj \u201cshitjes\u201d si\u00e7 e quajti ajo t\u00eb pasurive publike. Kodheli mori shkak p\u00ebr k\u00ebt\u00eb deklarat\u00eb nga nxjerrja n\u00eb shitje e tok\u00ebs q\u00eb rezulton n\u00eb pron\u00ebsi t\u00eb Ministris\u00eb s\u00eb Mbrojtjes. Shitja e pasuruvie publike tha Kodheli po ndodh p\u00ebr t\u00eb mbushur [&hellip;]","og_url":"https:\/\/fjala.info\/2009-2015\/ps-per-100-vjetorin-e-pavaresise-berisha-po-shet-kombin\/","og_site_name":"FjALA e LIR\u00cb - Arkivi","article_published_time":"2012-08-30T20:59:42+00:00","og_image":[{"url":"http:\/\/www.fjala.info\/2012\/mimi_kodheli.jpg","type":"","width":"","height":""}],"author":"admin","twitter_card":"summary_large_image","twitter_misc":{"Written by":"admin","Est. reading time":"1 minute"},"schema":{"@context":"https:\/\/schema.org","@graph":[{"@type":"Article","@id":"https:\/\/fjala.info\/2009-2015\/ps-per-100-vjetorin-e-pavaresise-berisha-po-shet-kombin\/#article","isPartOf":{"@id":"https:\/\/fjala.info\/2009-2015\/ps-per-100-vjetorin-e-pavaresise-berisha-po-shet-kombin\/"},"author":{"name":"admin","@id":"https:\/\/fjala.info\/2009-2015\/#\/schema\/person\/3aa1163ef05469c496fc94e77611ada2"},"headline":"PS: P\u00ebr 100-vjetorin e Pavar\u00ebsis\u00eb, Berisha po shet kombin","datePublished":"2012-08-30T20:59:42+00:00","mainEntityOfPage":{"@id":"https:\/\/fjala.info\/2009-2015\/ps-per-100-vjetorin-e-pavaresise-berisha-po-shet-kombin\/"},"wordCount":213,"commentCount":0,"publisher":{"@id":"https:\/\/fjala.info\/2009-2015\/#organization"},"image":{"@id":"https:\/\/fjala.info\/2009-2015\/ps-per-100-vjetorin-e-pavaresise-berisha-po-shet-kombin\/#primaryimage"},"thumbnailUrl":"http:\/\/www.fjala.info\/2012\/mimi_kodheli.jpg","articleSection":["Artikuj","Lajme"],"inLanguage":"sq-AL","potentialAction":[{"@type":"CommentAction","name":"Comment","target":["https:\/\/fjala.info\/2009-2015\/ps-per-100-vjetorin-e-pavaresise-berisha-po-shet-kombin\/#respond"]}]},{"@type":"WebPage","@id":"https:\/\/fjala.info\/2009-2015\/ps-per-100-vjetorin-e-pavaresise-berisha-po-shet-kombin\/","url":"https:\/\/fjala.info\/2009-2015\/ps-per-100-vjetorin-e-pavaresise-berisha-po-shet-kombin\/","name":"PS: P\u00ebr 100-vjetorin e Pavar\u00ebsis\u00eb, Berisha po shet kombin - FjALA e LIR\u00cb - Arkivi","isPartOf":{"@id":"https:\/\/fjala.info\/2009-2015\/#website"},"primaryImageOfPage":{"@id":"https:\/\/fjala.info\/2009-2015\/ps-per-100-vjetorin-e-pavaresise-berisha-po-shet-kombin\/#primaryimage"},"image":{"@id":"https:\/\/fjala.info\/2009-2015\/ps-per-100-vjetorin-e-pavaresise-berisha-po-shet-kombin\/#primaryimage"},"thumbnailUrl":"http:\/\/www.fjala.info\/2012\/mimi_kodheli.jpg","datePublished":"2012-08-30T20:59:42+00:00","breadcrumb":{"@id":"https:\/\/fjala.info\/2009-2015\/ps-per-100-vjetorin-e-pavaresise-berisha-po-shet-kombin\/#breadcrumb"},"inLanguage":"sq-AL","potentialAction":[{"@type":"ReadAction","target":["https:\/\/fjala.info\/2009-2015\/ps-per-100-vjetorin-e-pavaresise-berisha-po-shet-kombin\/"]}]},{"@type":"ImageObject","inLanguage":"sq-AL","@id":"https:\/\/fjala.info\/2009-2015\/ps-per-100-vjetorin-e-pavaresise-berisha-po-shet-kombin\/#primaryimage","url":"http:\/\/www.fjala.info\/2012\/mimi_kodheli.jpg","contentUrl":"http:\/\/www.fjala.info\/2012\/mimi_kodheli.jpg"},{"@type":"BreadcrumbList","@id":"https:\/\/fjala.info\/2009-2015\/ps-per-100-vjetorin-e-pavaresise-berisha-po-shet-kombin\/#breadcrumb","itemListElement":[{"@type":"ListItem","position":1,"name":"Home","item":"https:\/\/fjala.info\/2009-2015\/"},{"@type":"ListItem","position":2,"name":"PS: P\u00ebr 100-vjetorin e Pavar\u00ebsis\u00eb, Berisha po shet kombin"}]},{"@type":"WebSite","@id":"https:\/\/fjala.info\/2009-2015\/#website","url":"https:\/\/fjala.info\/2009-2015\/","name":"FjALA e LIR\u00cb - Arkivi","description":"Arkivi 2009-2015","publisher":{"@id":"https:\/\/fjala.info\/2009-2015\/#organization"},"potentialAction":[{"@type":"SearchAction","target":{"@type":"EntryPoint","urlTemplate":"https:\/\/fjala.info\/2009-2015\/?s={search_term_string}"},"query-input":{"@type":"PropertyValueSpecification","valueRequired":true,"valueName":"search_term_string"}}],"inLanguage":"sq-AL"},{"@type":"Organization","@id":"https:\/\/fjala.info\/2009-2015\/#organization","name":"FjALA e LIR\u00cb - Arkivi","url":"https:\/\/fjala.info\/2009-2015\/","logo":{"@type":"ImageObject","inLanguage":"sq-AL","@id":"https:\/\/fjala.info\/2009-2015\/#\/schema\/logo\/image\/","url":"","contentUrl":"","caption":"FjALA e LIR\u00cb - Arkivi"},"image":{"@id":"https:\/\/fjala.info\/2009-2015\/#\/schema\/logo\/image\/"}},{"@type":"Person","@id":"https:\/\/fjala.info\/2009-2015\/#\/schema\/person\/3aa1163ef05469c496fc94e77611ada2","name":"admin","image":{"@type":"ImageObject","inLanguage":"sq-AL","@id":"https:\/\/fjala.info\/2009-2015\/wp-content\/uploads\/2012\/02\/arben_cokaj-120x150.jpg","url":"https:\/\/fjala.info\/2009-2015\/wp-content\/uploads\/2012\/02\/arben_cokaj-120x150.jpg","contentUrl":"https:\/\/fjala.info\/2009-2015\/wp-content\/uploads\/2012\/02\/arben_cokaj-120x150.jpg","caption":"admin"},"description":"Admin, Fjala e Lir\u00eb","sameAs":["https:\/\/fjala.info\/"],"url":"https:\/\/fjala.info\/2009-2015\/author\/admin\/"}]}},"_links":{"self":[{"href":"https:\/\/fjala.info\/2009-2015\/wp-json\/wp\/v2\/posts\/4737","targetHints":{"allow":["GET"]}}],"collection":[{"href":"https:\/\/fjala.info\/2009-2015\/wp-json\/wp\/v2\/posts"}],"about":[{"href":"https:\/\/fjala.info\/2009-2015\/wp-json\/wp\/v2\/types\/post"}],"author":[{"embeddable":true,"href":"https:\/\/fjala.info\/2009-2015\/wp-json\/wp\/v2\/users\/1"}],"replies":[{"embeddable":true,"href":"https:\/\/fjala.info\/2009-2015\/wp-json\/wp\/v2\/comments?post=4737"}],"version-history":[{"count":0,"href":"https:\/\/fjala.info\/2009-2015\/wp-json\/wp\/v2\/posts\/4737\/revisions"}],"wp:attachment":[{"href":"https:\/\/fjala.info\/2009-2015\/wp-json\/wp\/v2\/media?parent=4737"}],"wp:term":[{"taxonomy":"category","embeddable":true,"href":"https:\/\/fjala.info\/2009-2015\/wp-json\/wp\/v2\/categories?post=4737"},{"taxonomy":"post_tag","embeddable":true,"href":"https:\/\/fjala.info\/2009-2015\/wp-json\/wp\/v2\/tags?post=4737"}],"curies":[{"name":"wp","href":"https:\/\/api.w.org\/{rel}","templated":true}]}}