{"id":4735,"date":"2012-08-30T21:56:50","date_gmt":"2012-08-30T20:56:50","guid":{"rendered":"http:\/\/www.fjala.info\/?p=4735"},"modified":"2012-08-30T21:56:50","modified_gmt":"2012-08-30T20:56:50","slug":"padobia-e-modelit-lubonja-per-berishen","status":"publish","type":"post","link":"https:\/\/fjala.info\/2009-2015\/padobia-e-modelit-lubonja-per-berishen\/","title":{"rendered":"Padobia e \u201cmodelit Lubonja\u201d p\u00ebr Berish\u00ebn!"},"content":{"rendered":"<p><img decoding=\"async\" class=\"alignright size-thumbnail wp-image-7236\" title=\"Mero Baze\" src=\"http:\/\/www.fjala.info\/2012\/mero_baze.jpg\" alt=\"\" width=\"150\" \/> Nga <strong>Mero Baze<\/strong>, <em>30 Gusht 2012<\/em><\/p>\n<p>Shp\u00ebrthimi i Sali Berish\u00ebs kund\u00ebr Fatos Lubonj\u00ebs, nuk ishte as i eg\u00ebr dhe as aq me humor. Ishte di\u00e7ka q\u00eb duket se e kishte menduar ta b\u00ebnte, jo aq p\u00ebr \u00e7far\u00eb Lubonja e ka kritikuar, por p\u00ebr padobin\u00eb e \u201cmodelit Lubonja\u201d q\u00eb Berisha ka n\u00eb kok\u00eb.<\/p>\n<p>N\u00eb gjith\u00eb logjik\u00ebn e tij politike dhe n\u00eb gjith\u00eb q\u00ebndrimin ndaj medies dhe partner\u00ebve politik\u00eb, Berisha ka nj\u00eb parim nga i cili nuk ka l\u00ebvizur kurr\u00eb. Ai nuk duron dot ask\u00ebnd q\u00eb tenton t\u00eb jet\u00eb edhe me t\u00eb, edhe me kund\u00ebrshtarin, ose edhe kund\u00ebr tij, edhe kund\u00ebr kund\u00ebrshtarit.<\/p>\n<p>Fatos Lubonja \u00ebsht\u00eb nj\u00eb publicist i pun\u00ebsuar n\u00eb grupin mediatik Klan, me kontrata bashk\u00ebpunimi si kontributor i jasht\u00ebm. Grupi Klan \u00ebsht\u00eb m\u00eb i af\u00ebrti dhe m\u00eb i ndoturi n\u00eb profesionin e vet pro Berish\u00ebs. Pronari i tij \u00ebsht\u00eb kthyer n\u00eb legjend\u00eb t\u00eb p\u00ebrdorimit t\u00eb medies p\u00ebr trafik pushteti dhe biznesi n\u00eb Shqip\u00ebri, dhe nj\u00eb nga modelet e sh\u00ebmtuara q\u00eb ka infektuar gjith\u00eb medien shqiptare, q\u00eb lind, rritet dhe vdes me \u00ebndrr\u00ebn \u201ct\u2019ia arrij\u00eb dit\u00ebs s\u00eb Sandrit\u201d.<\/p>\n<p>I kompleksuar nga nja histori miq\u00ebsie dhe armiq\u00ebsie t\u00eb madhe personale me Edi Ram\u00ebn, Fatos Lubonja ka qen\u00eb realist n\u00eb shum\u00eb q\u00ebndrime ndaj qeverisjes s\u00eb Berish\u00ebs, por n\u00eb sistemin e tij t\u00eb dh\u00ebnies s\u00eb opinioneve ekziston gjithmon\u00eb paralelizmi me opozit\u00ebn, duke i barazuar t\u00eb k\u00ebqijat e saj me pushtetin. Kjo \u00ebsht\u00eb nj\u00eb tem\u00eb e gjat\u00eb dhe e lodhshme n\u00eb shoq\u00ebrin\u00eb shqiptare, p\u00ebr t\u00eb cilin Lubonja ka b\u00ebr\u00eb debate me thuajse gjith\u00eb ne t\u00eb tjer\u00ebt, dhe q\u00eb e mbron me arsyetimin se k\u00ebtu modeli \u00ebsht\u00eb i nj\u00ebjt\u00eb, ndryshojn\u00eb vet\u00ebm njer\u00ebzit.<\/p>\n<p>P\u00ebr k\u00ebt\u00eb shkak, Lubonja \u00ebsht\u00eb thuajse pa asnj\u00eb tez\u00eb p\u00ebr ndryshimin. \u00cbsht\u00eb ndoshta opinionisti i vet\u00ebm q\u00eb nuk ka m\u00eb asnj\u00eb shpjegim se si duhet t\u00eb ndryshoj\u00eb Shqip\u00ebria.<\/p>\n<p>Sa her\u00eb q\u00eb turfullon kund\u00ebr Berish\u00ebs, aq sa mund t\u00eb turfullosh tek Klani apo Panorama, ai nxiton t\u00eb turfulloj\u00eb kund\u00ebr opozit\u00ebs, e cila pret radh\u00ebn p\u00ebr pushtet. Interesi i Tv Klanit p\u00ebr Lubonj\u00ebn, \u00ebsht\u00eb pik\u00ebrisht tek ky q\u00ebndrim, tek fakti q\u00eb atyre u duhet nj\u00eb z\u00eb kritik kund\u00ebr qeveris\u00eb, por q\u00eb nuk \u00ebsht\u00eb dakord me opozit\u00ebn dhe iden\u00eb e ndryshimit.<\/p>\n<p>Shp\u00ebrthimi i Sali Berish\u00ebs kund\u00ebr tij, lidhet pik\u00ebrisht me padobin\u00eb e \u201cmodelit Lubonja\u201d p\u00ebr modelin Berisha. N\u00ebse Lubonja mendon se merr hak kund\u00ebr Edi Ram\u00ebs duke kritikuar dhe at\u00eb, dhe Berish\u00ebn, Berisha \u00ebsht\u00eb i shqet\u00ebsuar pik\u00ebrisht nga ky q\u00ebndrim. Duke e konsideruar TV Klanin dhe enturazhin e tij nj\u00eb qend\u00ebr z\u00ebri t\u00eb vetin, ai nuk pranon dot paqart\u00ebsi tek mb\u00ebshtetesit e vet nga z\u00ebra q\u00eb dalin prej oborrit t\u00eb tij.<\/p>\n<p>P\u00ebr Berish\u00ebn, Lubonja nuk \u00ebsht\u00eb i rreziksh\u00ebm n\u00ebse b\u00ebhet me Edi Ramen dhe as shum\u00eb i vlefsh\u00ebm n\u00ebse b\u00ebhet me t\u00eb. P\u00ebr Berish\u00ebn, Lubonja dhe kushdo tjet\u00ebr, thjesht duhet t\u00eb marri pozicion. Armiku m\u00eb i madh p\u00ebr Berish\u00ebn k\u00ebto 20 vite pluraliz\u00ebm kan\u00eb qen\u00eb njer\u00ebzit n\u00eb mes, njer\u00ebzit jasht\u00eb llogores, ose t\u00eb paqart\u00eb n\u00eb pozicionin e tyre.<\/p>\n<p>Armiq\u00ebsia e tij e madhe me gjith\u00eb ish-president\u00ebt e k\u00ebtij vendi, sidomos dy t\u00eb fundit, ka qen\u00eb pik\u00ebrisht se ata tentuan t\u00eb jen\u00eb mbi pal\u00ebt. Armiq\u00ebsia e tij me kryeprokuroren \u00ebsht\u00eb se ajo tentoi t\u00eb jet\u00eb mbi pal\u00ebt. Armiq\u00ebsia e tij me gazetar\u00ebt kritik p\u00ebrfundon gjithnj\u00eb me akuza ekstreme, si k\u00ebshilltar\u00eb t\u00eb Ram\u00ebs apo t\u00eb Partis\u00eb Socialiste, pasi nuk do q\u00eb kritik\u00ebt e tij t\u00eb jen\u00eb njer\u00ebz t\u00eb lir\u00eb dhe pa parti. Kjo i ka ndodhur dhe me Fatos Lubonj\u00ebn. Po bezdiset gjat\u00eb me sa duket nga superpushteti q\u00eb ka siguruar grupi mediatik Klan dhe influenca e tij n\u00eb pushtet, dhe i \u00ebsht\u00eb shtuar paranoja se po p\u00ebrdor pik\u00ebrisht tipa t\u00eb till\u00eb t\u00eb balancuar si Lubonja, p\u00ebr t\u00eb b\u00ebr\u00eb alibin\u00eb e q\u00ebndrimeve kritike dhe ndaj qeveris\u00eb.<\/p>\n<p>\u00cbsht\u00eb kjo arsyeja q\u00eb Berisha me qet\u00ebsi dhe me fraza t\u00eb menduara m\u00eb par\u00eb foli p\u00ebr kat\u00ebr sht\u00ebpi t\u00eb Lubonj\u00ebs n\u00eb Tiran\u00eb dhe p\u00ebr lidhjet e tij me krer\u00ebt e Partis\u00eb Socialiste.<\/p>\n<p>Lubonja nuk ka as kat\u00ebr sht\u00ebpi dhe as kat\u00ebr miq n\u00eb PS. Ai \u00ebsht\u00eb nj\u00eb publicist i frustruar nga ideja se pun\u00ebn e tij mund ta p\u00ebrdor\u00eb qeveria apo opozita dhe para se t\u00eb mbaroj\u00eb \u00e7do artikull, u thot\u00eb t\u00eb gjith\u00ebve se nuk b\u00ebn as qeveria dhe as opozita.<\/p>\n<p>Sali Berisha e kishte menduar mir\u00eb at\u00eb sulm. P\u00ebrve\u00e7se n\u00ebp\u00ebr tavolina apo biseda me miq, flet p\u00ebr \u201cinformacione t\u00eb sigurta\u201d q\u00eb ka se Lubonja po hedh ura kontakti me opozit\u00ebn, e sulmoi publikisht p\u00ebr t\u2019ia zhvler\u00ebsuar pozicionin e tij, i cili \u00ebsht\u00eb i papranuesh\u00ebm p\u00ebr modelin politik t\u00eb Berish\u00ebs. Me siguri ka qeshur dhe \u00ebsht\u00eb zbavitur shum\u00eb me drejtuesit e Klanit pas deklarat\u00ebs dhe me siguri q\u00eb pret q\u00eb Lubonja ta sulmoj\u00eb ashp\u00ebr, q\u00eb t\u00eb v\u00ebrtetoj\u00eb at\u00eb q\u00eb tha se ai tashm\u00eb i p\u00ebrket opozit\u00ebs. Dhe, zbavitet me veten kur mendon se Lubonja do ta sqaroj\u00eb p\u00ebrs\u00ebri q\u00eb nuk \u00ebsht\u00eb me opozit\u00ebn!<\/p>\n","protected":false},"excerpt":{"rendered":"<p>Nga Mero Baze, 30 Gusht 2012 Shp\u00ebrthimi i Sali Berish\u00ebs kund\u00ebr Fatos Lubonj\u00ebs, nuk ishte as i eg\u00ebr dhe as aq me humor. Ishte di\u00e7ka q\u00eb duket se e kishte menduar ta b\u00ebnte, jo aq p\u00ebr \u00e7far\u00eb Lubonja e ka kritikuar, por p\u00ebr padobin\u00eb e \u201cmodelit Lubonja\u201d q\u00eb Berisha ka n\u00eb kok\u00eb. N\u00eb gjith\u00eb logjik\u00ebn [&hellip;]<\/p>\n","protected":false},"author":1,"featured_media":0,"comment_status":"open","ping_status":"closed","sticky":false,"template":"","format":"standard","meta":{"footnotes":""},"categories":[2],"tags":[],"class_list":{"0":"post-4735","1":"post","2":"type-post","3":"status-publish","4":"format-standard","6":"category-artikuj"},"yoast_head":"<!-- This site is optimized with the Yoast SEO plugin v27.4 - https:\/\/yoast.com\/product\/yoast-seo-wordpress\/ -->\n<title>Padobia e \u201cmodelit Lubonja\u201d p\u00ebr Berish\u00ebn! - FjALA e LIR\u00cb - Arkivi<\/title>\n<meta name=\"robots\" content=\"index, follow, max-snippet:-1, max-image-preview:large, max-video-preview:-1\" \/>\n<link rel=\"canonical\" href=\"https:\/\/fjala.info\/2009-2015\/padobia-e-modelit-lubonja-per-berishen\/\" \/>\n<meta property=\"og:locale\" content=\"sq_AL\" \/>\n<meta property=\"og:type\" content=\"article\" \/>\n<meta property=\"og:title\" content=\"Padobia e \u201cmodelit Lubonja\u201d p\u00ebr Berish\u00ebn! - FjALA e LIR\u00cb - Arkivi\" \/>\n<meta property=\"og:description\" content=\"Nga Mero Baze, 30 Gusht 2012 Shp\u00ebrthimi i Sali Berish\u00ebs kund\u00ebr Fatos Lubonj\u00ebs, nuk ishte as i eg\u00ebr dhe as aq me humor. Ishte di\u00e7ka q\u00eb duket se e kishte menduar ta b\u00ebnte, jo aq p\u00ebr \u00e7far\u00eb Lubonja e ka kritikuar, por p\u00ebr padobin\u00eb e \u201cmodelit Lubonja\u201d q\u00eb Berisha ka n\u00eb kok\u00eb. N\u00eb gjith\u00eb logjik\u00ebn [&hellip;]\" \/>\n<meta property=\"og:url\" content=\"https:\/\/fjala.info\/2009-2015\/padobia-e-modelit-lubonja-per-berishen\/\" \/>\n<meta property=\"og:site_name\" content=\"FjALA e LIR\u00cb - Arkivi\" \/>\n<meta property=\"article:published_time\" content=\"2012-08-30T20:56:50+00:00\" \/>\n<meta property=\"og:image\" content=\"http:\/\/www.fjala.info\/2012\/mero_baze.jpg\" \/>\n<meta name=\"author\" content=\"admin\" \/>\n<meta name=\"twitter:card\" content=\"summary_large_image\" \/>\n<meta name=\"twitter:label1\" content=\"Written by\" \/>\n\t<meta name=\"twitter:data1\" content=\"admin\" \/>\n\t<meta name=\"twitter:label2\" content=\"Est. reading time\" \/>\n\t<meta name=\"twitter:data2\" content=\"5 minutes\" \/>\n<script type=\"application\/ld+json\" class=\"yoast-schema-graph\">{\"@context\":\"https:\\\/\\\/schema.org\",\"@graph\":[{\"@type\":\"Article\",\"@id\":\"https:\\\/\\\/fjala.info\\\/2009-2015\\\/padobia-e-modelit-lubonja-per-berishen\\\/#article\",\"isPartOf\":{\"@id\":\"https:\\\/\\\/fjala.info\\\/2009-2015\\\/padobia-e-modelit-lubonja-per-berishen\\\/\"},\"author\":{\"name\":\"admin\",\"@id\":\"https:\\\/\\\/fjala.info\\\/2009-2015\\\/#\\\/schema\\\/person\\\/3aa1163ef05469c496fc94e77611ada2\"},\"headline\":\"Padobia e \u201cmodelit Lubonja\u201d p\u00ebr Berish\u00ebn!\",\"datePublished\":\"2012-08-30T20:56:50+00:00\",\"mainEntityOfPage\":{\"@id\":\"https:\\\/\\\/fjala.info\\\/2009-2015\\\/padobia-e-modelit-lubonja-per-berishen\\\/\"},\"wordCount\":945,\"commentCount\":0,\"publisher\":{\"@id\":\"https:\\\/\\\/fjala.info\\\/2009-2015\\\/#organization\"},\"image\":{\"@id\":\"https:\\\/\\\/fjala.info\\\/2009-2015\\\/padobia-e-modelit-lubonja-per-berishen\\\/#primaryimage\"},\"thumbnailUrl\":\"http:\\\/\\\/www.fjala.info\\\/2012\\\/mero_baze.jpg\",\"articleSection\":[\"Artikuj\"],\"inLanguage\":\"sq-AL\",\"potentialAction\":[{\"@type\":\"CommentAction\",\"name\":\"Comment\",\"target\":[\"https:\\\/\\\/fjala.info\\\/2009-2015\\\/padobia-e-modelit-lubonja-per-berishen\\\/#respond\"]}]},{\"@type\":\"WebPage\",\"@id\":\"https:\\\/\\\/fjala.info\\\/2009-2015\\\/padobia-e-modelit-lubonja-per-berishen\\\/\",\"url\":\"https:\\\/\\\/fjala.info\\\/2009-2015\\\/padobia-e-modelit-lubonja-per-berishen\\\/\",\"name\":\"Padobia e \u201cmodelit Lubonja\u201d p\u00ebr Berish\u00ebn! - FjALA e LIR\u00cb - Arkivi\",\"isPartOf\":{\"@id\":\"https:\\\/\\\/fjala.info\\\/2009-2015\\\/#website\"},\"primaryImageOfPage\":{\"@id\":\"https:\\\/\\\/fjala.info\\\/2009-2015\\\/padobia-e-modelit-lubonja-per-berishen\\\/#primaryimage\"},\"image\":{\"@id\":\"https:\\\/\\\/fjala.info\\\/2009-2015\\\/padobia-e-modelit-lubonja-per-berishen\\\/#primaryimage\"},\"thumbnailUrl\":\"http:\\\/\\\/www.fjala.info\\\/2012\\\/mero_baze.jpg\",\"datePublished\":\"2012-08-30T20:56:50+00:00\",\"breadcrumb\":{\"@id\":\"https:\\\/\\\/fjala.info\\\/2009-2015\\\/padobia-e-modelit-lubonja-per-berishen\\\/#breadcrumb\"},\"inLanguage\":\"sq-AL\",\"potentialAction\":[{\"@type\":\"ReadAction\",\"target\":[\"https:\\\/\\\/fjala.info\\\/2009-2015\\\/padobia-e-modelit-lubonja-per-berishen\\\/\"]}]},{\"@type\":\"ImageObject\",\"inLanguage\":\"sq-AL\",\"@id\":\"https:\\\/\\\/fjala.info\\\/2009-2015\\\/padobia-e-modelit-lubonja-per-berishen\\\/#primaryimage\",\"url\":\"http:\\\/\\\/www.fjala.info\\\/2012\\\/mero_baze.jpg\",\"contentUrl\":\"http:\\\/\\\/www.fjala.info\\\/2012\\\/mero_baze.jpg\"},{\"@type\":\"BreadcrumbList\",\"@id\":\"https:\\\/\\\/fjala.info\\\/2009-2015\\\/padobia-e-modelit-lubonja-per-berishen\\\/#breadcrumb\",\"itemListElement\":[{\"@type\":\"ListItem\",\"position\":1,\"name\":\"Home\",\"item\":\"https:\\\/\\\/fjala.info\\\/2009-2015\\\/\"},{\"@type\":\"ListItem\",\"position\":2,\"name\":\"Padobia e \u201cmodelit Lubonja\u201d p\u00ebr Berish\u00ebn!\"}]},{\"@type\":\"WebSite\",\"@id\":\"https:\\\/\\\/fjala.info\\\/2009-2015\\\/#website\",\"url\":\"https:\\\/\\\/fjala.info\\\/2009-2015\\\/\",\"name\":\"FjALA e LIR\u00cb - Arkivi\",\"description\":\"Arkivi 2009-2015\",\"publisher\":{\"@id\":\"https:\\\/\\\/fjala.info\\\/2009-2015\\\/#organization\"},\"potentialAction\":[{\"@type\":\"SearchAction\",\"target\":{\"@type\":\"EntryPoint\",\"urlTemplate\":\"https:\\\/\\\/fjala.info\\\/2009-2015\\\/?s={search_term_string}\"},\"query-input\":{\"@type\":\"PropertyValueSpecification\",\"valueRequired\":true,\"valueName\":\"search_term_string\"}}],\"inLanguage\":\"sq-AL\"},{\"@type\":\"Organization\",\"@id\":\"https:\\\/\\\/fjala.info\\\/2009-2015\\\/#organization\",\"name\":\"FjALA e LIR\u00cb - Arkivi\",\"url\":\"https:\\\/\\\/fjala.info\\\/2009-2015\\\/\",\"logo\":{\"@type\":\"ImageObject\",\"inLanguage\":\"sq-AL\",\"@id\":\"https:\\\/\\\/fjala.info\\\/2009-2015\\\/#\\\/schema\\\/logo\\\/image\\\/\",\"url\":\"\",\"contentUrl\":\"\",\"caption\":\"FjALA e LIR\u00cb - Arkivi\"},\"image\":{\"@id\":\"https:\\\/\\\/fjala.info\\\/2009-2015\\\/#\\\/schema\\\/logo\\\/image\\\/\"}},{\"@type\":\"Person\",\"@id\":\"https:\\\/\\\/fjala.info\\\/2009-2015\\\/#\\\/schema\\\/person\\\/3aa1163ef05469c496fc94e77611ada2\",\"name\":\"admin\",\"image\":{\"@type\":\"ImageObject\",\"inLanguage\":\"sq-AL\",\"@id\":\"https:\\\/\\\/fjala.info\\\/2009-2015\\\/wp-content\\\/uploads\\\/2012\\\/02\\\/arben_cokaj-120x150.jpg\",\"url\":\"https:\\\/\\\/fjala.info\\\/2009-2015\\\/wp-content\\\/uploads\\\/2012\\\/02\\\/arben_cokaj-120x150.jpg\",\"contentUrl\":\"https:\\\/\\\/fjala.info\\\/2009-2015\\\/wp-content\\\/uploads\\\/2012\\\/02\\\/arben_cokaj-120x150.jpg\",\"caption\":\"admin\"},\"description\":\"Admin, Fjala e Lir\u00eb\",\"sameAs\":[\"https:\\\/\\\/fjala.info\\\/\"],\"url\":\"https:\\\/\\\/fjala.info\\\/2009-2015\\\/author\\\/admin\\\/\"}]}<\/script>\n<!-- \/ Yoast SEO plugin. -->","yoast_head_json":{"title":"Padobia e \u201cmodelit Lubonja\u201d p\u00ebr Berish\u00ebn! - FjALA e LIR\u00cb - Arkivi","robots":{"index":"index","follow":"follow","max-snippet":"max-snippet:-1","max-image-preview":"max-image-preview:large","max-video-preview":"max-video-preview:-1"},"canonical":"https:\/\/fjala.info\/2009-2015\/padobia-e-modelit-lubonja-per-berishen\/","og_locale":"sq_AL","og_type":"article","og_title":"Padobia e \u201cmodelit Lubonja\u201d p\u00ebr Berish\u00ebn! - FjALA e LIR\u00cb - Arkivi","og_description":"Nga Mero Baze, 30 Gusht 2012 Shp\u00ebrthimi i Sali Berish\u00ebs kund\u00ebr Fatos Lubonj\u00ebs, nuk ishte as i eg\u00ebr dhe as aq me humor. Ishte di\u00e7ka q\u00eb duket se e kishte menduar ta b\u00ebnte, jo aq p\u00ebr \u00e7far\u00eb Lubonja e ka kritikuar, por p\u00ebr padobin\u00eb e \u201cmodelit Lubonja\u201d q\u00eb Berisha ka n\u00eb kok\u00eb. N\u00eb gjith\u00eb logjik\u00ebn [&hellip;]","og_url":"https:\/\/fjala.info\/2009-2015\/padobia-e-modelit-lubonja-per-berishen\/","og_site_name":"FjALA e LIR\u00cb - Arkivi","article_published_time":"2012-08-30T20:56:50+00:00","og_image":[{"url":"http:\/\/www.fjala.info\/2012\/mero_baze.jpg","type":"","width":"","height":""}],"author":"admin","twitter_card":"summary_large_image","twitter_misc":{"Written by":"admin","Est. reading time":"5 minutes"},"schema":{"@context":"https:\/\/schema.org","@graph":[{"@type":"Article","@id":"https:\/\/fjala.info\/2009-2015\/padobia-e-modelit-lubonja-per-berishen\/#article","isPartOf":{"@id":"https:\/\/fjala.info\/2009-2015\/padobia-e-modelit-lubonja-per-berishen\/"},"author":{"name":"admin","@id":"https:\/\/fjala.info\/2009-2015\/#\/schema\/person\/3aa1163ef05469c496fc94e77611ada2"},"headline":"Padobia e \u201cmodelit Lubonja\u201d p\u00ebr Berish\u00ebn!","datePublished":"2012-08-30T20:56:50+00:00","mainEntityOfPage":{"@id":"https:\/\/fjala.info\/2009-2015\/padobia-e-modelit-lubonja-per-berishen\/"},"wordCount":945,"commentCount":0,"publisher":{"@id":"https:\/\/fjala.info\/2009-2015\/#organization"},"image":{"@id":"https:\/\/fjala.info\/2009-2015\/padobia-e-modelit-lubonja-per-berishen\/#primaryimage"},"thumbnailUrl":"http:\/\/www.fjala.info\/2012\/mero_baze.jpg","articleSection":["Artikuj"],"inLanguage":"sq-AL","potentialAction":[{"@type":"CommentAction","name":"Comment","target":["https:\/\/fjala.info\/2009-2015\/padobia-e-modelit-lubonja-per-berishen\/#respond"]}]},{"@type":"WebPage","@id":"https:\/\/fjala.info\/2009-2015\/padobia-e-modelit-lubonja-per-berishen\/","url":"https:\/\/fjala.info\/2009-2015\/padobia-e-modelit-lubonja-per-berishen\/","name":"Padobia e \u201cmodelit Lubonja\u201d p\u00ebr Berish\u00ebn! - FjALA e LIR\u00cb - Arkivi","isPartOf":{"@id":"https:\/\/fjala.info\/2009-2015\/#website"},"primaryImageOfPage":{"@id":"https:\/\/fjala.info\/2009-2015\/padobia-e-modelit-lubonja-per-berishen\/#primaryimage"},"image":{"@id":"https:\/\/fjala.info\/2009-2015\/padobia-e-modelit-lubonja-per-berishen\/#primaryimage"},"thumbnailUrl":"http:\/\/www.fjala.info\/2012\/mero_baze.jpg","datePublished":"2012-08-30T20:56:50+00:00","breadcrumb":{"@id":"https:\/\/fjala.info\/2009-2015\/padobia-e-modelit-lubonja-per-berishen\/#breadcrumb"},"inLanguage":"sq-AL","potentialAction":[{"@type":"ReadAction","target":["https:\/\/fjala.info\/2009-2015\/padobia-e-modelit-lubonja-per-berishen\/"]}]},{"@type":"ImageObject","inLanguage":"sq-AL","@id":"https:\/\/fjala.info\/2009-2015\/padobia-e-modelit-lubonja-per-berishen\/#primaryimage","url":"http:\/\/www.fjala.info\/2012\/mero_baze.jpg","contentUrl":"http:\/\/www.fjala.info\/2012\/mero_baze.jpg"},{"@type":"BreadcrumbList","@id":"https:\/\/fjala.info\/2009-2015\/padobia-e-modelit-lubonja-per-berishen\/#breadcrumb","itemListElement":[{"@type":"ListItem","position":1,"name":"Home","item":"https:\/\/fjala.info\/2009-2015\/"},{"@type":"ListItem","position":2,"name":"Padobia e \u201cmodelit Lubonja\u201d p\u00ebr Berish\u00ebn!"}]},{"@type":"WebSite","@id":"https:\/\/fjala.info\/2009-2015\/#website","url":"https:\/\/fjala.info\/2009-2015\/","name":"FjALA e LIR\u00cb - Arkivi","description":"Arkivi 2009-2015","publisher":{"@id":"https:\/\/fjala.info\/2009-2015\/#organization"},"potentialAction":[{"@type":"SearchAction","target":{"@type":"EntryPoint","urlTemplate":"https:\/\/fjala.info\/2009-2015\/?s={search_term_string}"},"query-input":{"@type":"PropertyValueSpecification","valueRequired":true,"valueName":"search_term_string"}}],"inLanguage":"sq-AL"},{"@type":"Organization","@id":"https:\/\/fjala.info\/2009-2015\/#organization","name":"FjALA e LIR\u00cb - Arkivi","url":"https:\/\/fjala.info\/2009-2015\/","logo":{"@type":"ImageObject","inLanguage":"sq-AL","@id":"https:\/\/fjala.info\/2009-2015\/#\/schema\/logo\/image\/","url":"","contentUrl":"","caption":"FjALA e LIR\u00cb - Arkivi"},"image":{"@id":"https:\/\/fjala.info\/2009-2015\/#\/schema\/logo\/image\/"}},{"@type":"Person","@id":"https:\/\/fjala.info\/2009-2015\/#\/schema\/person\/3aa1163ef05469c496fc94e77611ada2","name":"admin","image":{"@type":"ImageObject","inLanguage":"sq-AL","@id":"https:\/\/fjala.info\/2009-2015\/wp-content\/uploads\/2012\/02\/arben_cokaj-120x150.jpg","url":"https:\/\/fjala.info\/2009-2015\/wp-content\/uploads\/2012\/02\/arben_cokaj-120x150.jpg","contentUrl":"https:\/\/fjala.info\/2009-2015\/wp-content\/uploads\/2012\/02\/arben_cokaj-120x150.jpg","caption":"admin"},"description":"Admin, Fjala e Lir\u00eb","sameAs":["https:\/\/fjala.info\/"],"url":"https:\/\/fjala.info\/2009-2015\/author\/admin\/"}]}},"_links":{"self":[{"href":"https:\/\/fjala.info\/2009-2015\/wp-json\/wp\/v2\/posts\/4735","targetHints":{"allow":["GET"]}}],"collection":[{"href":"https:\/\/fjala.info\/2009-2015\/wp-json\/wp\/v2\/posts"}],"about":[{"href":"https:\/\/fjala.info\/2009-2015\/wp-json\/wp\/v2\/types\/post"}],"author":[{"embeddable":true,"href":"https:\/\/fjala.info\/2009-2015\/wp-json\/wp\/v2\/users\/1"}],"replies":[{"embeddable":true,"href":"https:\/\/fjala.info\/2009-2015\/wp-json\/wp\/v2\/comments?post=4735"}],"version-history":[{"count":0,"href":"https:\/\/fjala.info\/2009-2015\/wp-json\/wp\/v2\/posts\/4735\/revisions"}],"wp:attachment":[{"href":"https:\/\/fjala.info\/2009-2015\/wp-json\/wp\/v2\/media?parent=4735"}],"wp:term":[{"taxonomy":"category","embeddable":true,"href":"https:\/\/fjala.info\/2009-2015\/wp-json\/wp\/v2\/categories?post=4735"},{"taxonomy":"post_tag","embeddable":true,"href":"https:\/\/fjala.info\/2009-2015\/wp-json\/wp\/v2\/tags?post=4735"}],"curies":[{"name":"wp","href":"https:\/\/api.w.org\/{rel}","templated":true}]}}