{"id":4730,"date":"2010-11-14T07:10:32","date_gmt":"2010-11-14T06:10:32","guid":{"rendered":"http:\/\/fjala.shkoder.net\/?p=4730"},"modified":"2010-11-14T07:10:32","modified_gmt":"2010-11-14T06:10:32","slug":"perse-ndihem-e-fyer-nga-zonja-topalli","status":"publish","type":"post","link":"https:\/\/fjala.info\/2009-2015\/perse-ndihem-e-fyer-nga-zonja-topalli\/","title":{"rendered":"P\u00ebrse ndihem e fyer nga zonja Topalli"},"content":{"rendered":"<p><img loading=\"lazy\" decoding=\"async\" class=\"alignright size-full wp-image-4731\" title=\"Desada Metaj\" src=\"http:\/\/fjala.shkoder.net\/wp-content\/uploads\/2010\/11\/desada_metaj.jpg\" alt=\"\" width=\"68\" height=\"79\" \/><\/p>\n<p>Nga: <strong>DESADA METAJ<\/strong>, <em>13 Nentor 2010<\/em><\/p>\n<p>Pash\u00eb dje zonj\u00ebn Topalli me nj\u00eb grup ish-t\u00eb p\u00ebrndjekurish t\u00eb diktatur\u00ebs, t\u00eb cil\u00ebt mbanin nga nj\u00eb got\u00eb plastike me &#8220;Coca-Cola&#8221; n\u00eb dor\u00eb dhe nguteshin t\u00eb fal\u00ebnderonin zonj\u00ebn Topalli q\u00eb u kishte sjell\u00eb m\u00eb n\u00eb fund lirin\u00eb p\u00ebr t\u00eb l\u00ebvizur pa viza. P\u00ebr her\u00eb t\u00eb par\u00eb, di\u00e7ka ma lig\u00ebshtoi g\u00ebzimin tim t\u00eb natyrsh\u00ebm. Tani e tutje, jo vet\u00ebm un\u00eb dhe zonja Topalli, q\u00eb kemi viza n\u00eb pasaporta, por dhe shqiptar\u00ebt e thjesht\u00eb do t\u00eb ken\u00eb mund\u00ebsi t\u00eb udh\u00ebtojn\u00eb pa viza.<\/p>\n<p>U ndjeva keq p\u00ebr \u00e7far\u00eb p\u00ebrfaq\u00ebsojn\u00eb n\u00eb t\u00eb v\u00ebrtet\u00eb ata burra fisnik\u00eb, q\u00eb jan\u00eb gati t\u00eb b\u00ebjn\u00eb teat\u00ebr n\u00eb em\u00ebr t\u00eb liris\u00eb dhe \u00e7far\u00eb ka b\u00ebr\u00eb realisht zonja Topalli, jo p\u00ebr lirin\u00eb q\u00eb ata e kan\u00eb fituar vet\u00eb, por p\u00ebr p\u00ebrpjekjet e tyre reale p\u00ebr t\u00eb fituar lirin\u00eb nga diktatura. Midis kalvarit t\u00eb tyre p\u00ebr liri dhe teatrit t\u00eb zonj\u00ebs Topalli p\u00ebr lirin\u00eb, ka nj\u00eb humner\u00eb t\u00eb madhe, e cila nuk mbushet as me gota plastike dhe kronika t\u00eb montuara p\u00ebr ekrane, as me t\u00eb qeshura dhe g\u00ebzime false dhe as me demagogji para fushatave.<\/p>\n<p>T\u00eb p\u00ebrndjekurit nga diktuara n\u00eb Shqip\u00ebri, por sidomos kund\u00ebrshtar\u00ebt aktiv\u00eb t\u00eb atij regjimi, jan\u00eb nga njer\u00ebzit e pak\u00ebt n\u00eb k\u00ebt\u00eb vend, q\u00eb kan\u00eb marr\u00eb vet\u00eb vendime personale t\u00eb m\u00ebdha n\u00eb jet\u00eb p\u00ebr t&#8217;u p\u00ebrleshur me diktatur\u00ebn, n\u00eb em\u00ebr t\u00eb liris\u00eb. Shum\u00eb prej tyre ishin t\u00eb qart\u00eb se nuk do ta preknin lirin\u00eb dhe ashtu ndodhi.<\/p>\n<p>K\u00ebshtu ka ndodhur me gjyshin tim dhe ndoshta ndonj\u00eb gjysh t\u00eb Jozefin\u00ebs. K\u00ebshtu ka ndodhur ndoshta edhe me prind\u00ebrit e atyre burrave, q\u00eb rrinin n\u00eb k\u00ebmb\u00eb t\u00eb ndrojtur para saj. K\u00ebshtu ka ndodhur me rreth 500 mij\u00eb shqiptar\u00eb, q\u00eb u b\u00ebn\u00eb viktima diskrete t\u00eb atij regjimi dhe 2 milion\u00eb t\u00eb tjer\u00eb, q\u00eb u b\u00ebn\u00eb l\u00ebnd\u00eb e par\u00eb e atij eksperimenti mizor. Problemi q\u00eb ata kan\u00eb sot nuk \u00ebsht\u00eb t\u00eb p\u00ebrdoren si ilustrim sa her\u00eb i duhen zonj\u00ebs Topalli, edhe kur ajo i ka pun\u00ebt keq me partin\u00eb, edhe kur i ka pun\u00ebt keq me Kuvendin, edhe kur i ka pun\u00ebt keq me opinionin publik n\u00eb vend.<\/p>\n<p>Problemi i tyre \u00ebsht\u00eb se ata nuk i kan\u00eb k\u00ebrkuar dhe as u shkon mendja t&#8217;i k\u00ebrkojn\u00eb ndonj\u00eb gj\u00eb pushtetit privat t\u00eb Jozefina Topallit n\u00eb k\u00ebt\u00eb vend, thjesht nga ideja se nuk presin gj\u00eb prej saj. Por ata presin s\u00eb paku nj\u00eb gjest t\u00eb sinqert\u00eb nga ky pushtet, nj\u00eb gjest q\u00eb mos t&#8217;i lidh\u00eb ata as me Piramid\u00ebn q\u00eb duhet shembur, as me vizat q\u00eb duheshin hequr, as me statusin q\u00eb duhej marr\u00eb dhe as me dosjet q\u00eb duheshin hapur.<\/p>\n<p>Ata kan\u00eb nevoj\u00eb p\u00ebr nj\u00eb gj\u00eb t\u00eb thjesht\u00eb dhe njer\u00ebzore, p\u00ebr nj\u00eb vend q\u00eb mund t&#8217;ia v\u00ebm\u00eb si t\u00eb duam emrin, p\u00ebr nj\u00eb gj\u00eb s\u00eb paku simbolike, q\u00eb ata ta ken\u00eb si Mek\u00ebn e tyre, ku t\u00eb shkojn\u00eb dhe t\u00eb derdhin dy pika lot p\u00ebr at\u00eb gj\u00ebm\u00eb q\u00eb kan\u00eb kaluar. Ata kan\u00eb nevoj\u00eb p\u00ebr nj\u00eb vend ku t\u00eb flasin me bot\u00ebn e tyre t\u00eb humbur e v\u00ebllez\u00ebrit dhe motrat e tyre t\u00eb vrar\u00eb dhe t\u00eb p\u00ebrdhunuar nga regjimi, ku t\u00eb ken\u00eb mund\u00ebsi t\u00eb luten p\u00ebr posht\u00ebrimin q\u00eb u \u00ebsht\u00eb b\u00ebr\u00eb dhe t\u00eb shpresojn\u00eb se drejt\u00ebsia nj\u00eb dit\u00eb do t\u00eb vihet n\u00eb jet\u00eb. Le t&#8217;ia v\u00ebr\u00eb zonja Topalli apo pushteti i saj si t\u00eb doj\u00eb emrin k\u00ebtij vendi.<\/p>\n<p>Le ta quaj\u00eb Monument, Obelisk, Muze, Institut, le t\u00eb jet\u00eb ky nj\u00eb mal apo fush\u00eb, nj\u00eb p\u00ebrrua apo buz\u00eb liqeni, por duhet medoemos nj\u00eb vend ku ata t\u00eb jen\u00eb n\u00eb qet\u00ebsin\u00eb e tyre, p\u00ebr t\u00eb komunikuar me t\u00eb shkuar\u00ebn e tyre t\u00eb hidhur, p\u00ebr t\u00eb mos e harruar at\u00eb. Un\u00eb personalisht, q\u00eb nuk e kam p\u00ebrjetuar t\u00eb plot\u00eb diktatur\u00ebn, kam nevoj\u00eb t\u00eb shkoj aty dhe t\u00eb ndez nj\u00eb qiri p\u00ebr gjyshin tim, hallat e mia p\u00ebr babin e tyre, t\u00eb af\u00ebrmit e mi p\u00ebr njer\u00ebzit q\u00eb nuk i kan\u00eb m\u00eb. T\u00eb jet\u00eb nj\u00eb vend, ku qet\u00ebsin\u00eb sublime t\u00eb p\u00ebrkujtimit mos t\u00eb na e fyej\u00eb askush, as ju zonja Topalli, q\u00eb mendoni se t\u00eb p\u00ebrndjekurit ju duhen p\u00ebr t&#8217;ju shp\u00ebtuar nga hallet e sotme q\u00eb keni, n\u00eb vend q\u00eb ju t&#8217;u duheni atyre p\u00ebr t\u00eb leht\u00ebsuar hallet q\u00eb ata kan\u00eb trash\u00ebguar nga e kaluara.<\/p>\n<p>Un\u00eb, zonja Topalli, nuk dua ta shikoj me sy Piramid\u00ebn e Enver Hoxh\u00ebs dhe p\u00ebr mua \u00ebsht\u00eb mir\u00eb ta kishit shembur me koh\u00eb, pa harxhuar dhe ato 5 milion\u00eb euro q\u00eb keni hedhur aty. Un\u00eb, zonja Topalli, nuk kam asnj\u00eb breng\u00eb n\u00ebse hiqni \u00e7do gjyqtar t\u00eb komunizmit dhe \u00e7do prokuror t\u00eb asaj kohe.<\/p>\n<p>Un\u00eb, zonja Topalli, nuk kam asnj\u00eb d\u00ebshir\u00eb t\u00eb p\u00ebrfshihem n\u00eb debatin q\u00eb ti provokon shpesh, me nj\u00eb pamje fem\u00ebrore p\u00ebr t\u00eb ardhur keq, me nj\u00eb pakujdesi t\u00eb dukshme n\u00eb veshje, shpeshher\u00eb t\u00eb patolerueshme p\u00ebr nj\u00eb zonj\u00eb, t\u00eb cil\u00ebn e kam votuar t\u00eb gjitha her\u00ebt.<\/p>\n<p>Edhe pse m\u00eb ke fyer intelektin sa here q\u00eb je shfaqur n\u00eb aktivitete jo politike apo ke drejtuar l\u00ebvizje qytetare fem\u00ebrore, p\u00ebr t\u00eb cilat je kujdesur t\u00eb shmang\u00ebsh grat\u00eb e duhura dhe t\u00eb b\u00ebsh protagonisten mes nj\u00eb tufe grash t\u00eb varfra, q\u00eb m\u00eb shum\u00eb se p\u00ebr kancerin e gjirit, kan\u00eb nevoj\u00eb p\u00ebr nj\u00eb vend pune apo p\u00ebr ta ruajtur at\u00eb, s\u00ebrish ta kam falur.<\/p>\n<p>Edhe pse m\u00eb ke fyer qytetarin\u00eb, nd\u00ebrsa tribunave t\u00eb Kuvendit apo gjetk\u00eb i ke pritur me zhargone dialektore burrat n\u00eb sall\u00eb, t\u00eb kam falur. Kurr\u00eb nuk m\u00eb ka ardhur keq p\u00ebr fjalimet patetike n\u00eb Parlament, p\u00ebr gjuh\u00ebn varfanjake t\u00eb t\u00eb shprehurit apo p\u00ebrpjekjes p\u00ebr t&#8217;u treguar si zonj\u00eb e fort\u00eb kur n\u00eb fakt s&#8217;ke qen\u00eb e till\u00eb.<\/p>\n<p>T\u00eb gjitha t&#8217;i kam falur deri m\u00eb sot! Por teksa m&#8217;u shfaqe n\u00eb k\u00ebt\u00eb takim qesharak me t\u00eb p\u00ebrndjekur politik\u00eb, q\u00eb jan\u00eb pjes\u00eb e dhimbjes sime dhe familjes sime dhe ku b\u00ebje kujdes q\u00eb ekranet t\u00eb transmetonin faktin se ata t\u00eb fal\u00ebnderonin Ty p\u00ebr lirin\u00eb q\u00eb do t\u00eb kishin p\u00ebr t\u00eb l\u00ebvizur, nuk munda m\u00eb t\u00eb fal. Sepse ju zonja Topalli nuk mund t\u00eb m\u00eb fyeni n\u00eb genin tim familjar.<\/p>\n<p>Nuk mund t\u00eb p\u00ebrdor\u00ebsh m\u00eb ata mij\u00ebra njer\u00ebz, t\u00eb cil\u00ebt besuan tek liria dhe dhan\u00eb frym\u00ebn p\u00ebr t\u00eb qen\u00eb t\u00eb lir\u00eb. Nuk mund t\u00eb fyeje kujtimin e atyre q\u00eb u vran\u00eb n\u00eb kufi, dete e liqene, p\u00ebr t\u00eb kapur nj\u00eb drit\u00eb lirie me nj\u00eb got\u00eb plastike &#8220;Coca-Cola&#8221; n\u00eb dor\u00eb, n\u00eb nj\u00eb aktivitet banal dhe t\u00eb organizuar keq, pa p\u00ebrgjegjshm\u00ebrin\u00eb politike q\u00eb p\u00ebrfaq\u00ebson dhe mbi t\u00eb gjitha, pa zem\u00ebr. Kjo \u00ebsht\u00eb e tep\u00ebrt!<\/p>\n","protected":false},"excerpt":{"rendered":"<p>Nga: DESADA METAJ, 13 Nentor 2010 Pash\u00eb dje zonj\u00ebn Topalli me nj\u00eb grup ish-t\u00eb p\u00ebrndjekurish t\u00eb diktatur\u00ebs, t\u00eb cil\u00ebt mbanin nga nj\u00eb got\u00eb plastike me &#8220;Coca-Cola&#8221; n\u00eb dor\u00eb dhe nguteshin t\u00eb fal\u00ebnderonin zonj\u00ebn Topalli q\u00eb u kishte sjell\u00eb m\u00eb n\u00eb fund lirin\u00eb p\u00ebr t\u00eb l\u00ebvizur pa viza. P\u00ebr her\u00eb t\u00eb par\u00eb, di\u00e7ka ma lig\u00ebshtoi g\u00ebzimin [&hellip;]<\/p>\n","protected":false},"author":1,"featured_media":0,"comment_status":"open","ping_status":"closed","sticky":false,"template":"","format":"standard","meta":{"footnotes":""},"categories":[2],"tags":[],"class_list":{"0":"post-4730","1":"post","2":"type-post","3":"status-publish","4":"format-standard","6":"category-artikuj"},"yoast_head":"<!-- This site is optimized with the Yoast SEO plugin v27.4 - https:\/\/yoast.com\/product\/yoast-seo-wordpress\/ -->\n<title>P\u00ebrse ndihem e fyer nga zonja Topalli - FjALA e LIR\u00cb - Arkivi<\/title>\n<meta name=\"robots\" content=\"index, follow, max-snippet:-1, max-image-preview:large, max-video-preview:-1\" \/>\n<link rel=\"canonical\" href=\"https:\/\/fjala.info\/2009-2015\/perse-ndihem-e-fyer-nga-zonja-topalli\/\" \/>\n<meta property=\"og:locale\" content=\"sq_AL\" \/>\n<meta property=\"og:type\" content=\"article\" \/>\n<meta property=\"og:title\" content=\"P\u00ebrse ndihem e fyer nga zonja Topalli - FjALA e LIR\u00cb - Arkivi\" \/>\n<meta property=\"og:description\" content=\"Nga: DESADA METAJ, 13 Nentor 2010 Pash\u00eb dje zonj\u00ebn Topalli me nj\u00eb grup ish-t\u00eb p\u00ebrndjekurish t\u00eb diktatur\u00ebs, t\u00eb cil\u00ebt mbanin nga nj\u00eb got\u00eb plastike me &#8220;Coca-Cola&#8221; n\u00eb dor\u00eb dhe nguteshin t\u00eb fal\u00ebnderonin zonj\u00ebn Topalli q\u00eb u kishte sjell\u00eb m\u00eb n\u00eb fund lirin\u00eb p\u00ebr t\u00eb l\u00ebvizur pa viza. P\u00ebr her\u00eb t\u00eb par\u00eb, di\u00e7ka ma lig\u00ebshtoi g\u00ebzimin [&hellip;]\" \/>\n<meta property=\"og:url\" content=\"https:\/\/fjala.info\/2009-2015\/perse-ndihem-e-fyer-nga-zonja-topalli\/\" \/>\n<meta property=\"og:site_name\" content=\"FjALA e LIR\u00cb - Arkivi\" \/>\n<meta property=\"article:published_time\" content=\"2010-11-14T06:10:32+00:00\" \/>\n<meta property=\"og:image\" content=\"http:\/\/fjala.shkoder.net\/wp-content\/uploads\/2010\/11\/desada_metaj.jpg\" \/>\n<meta name=\"author\" content=\"admin\" \/>\n<meta name=\"twitter:card\" content=\"summary_large_image\" \/>\n<meta name=\"twitter:label1\" content=\"Written by\" \/>\n\t<meta name=\"twitter:data1\" content=\"admin\" \/>\n\t<meta name=\"twitter:label2\" content=\"Est. reading time\" \/>\n\t<meta name=\"twitter:data2\" content=\"6 minutes\" \/>\n<script type=\"application\/ld+json\" class=\"yoast-schema-graph\">{\"@context\":\"https:\\\/\\\/schema.org\",\"@graph\":[{\"@type\":\"Article\",\"@id\":\"https:\\\/\\\/fjala.info\\\/2009-2015\\\/perse-ndihem-e-fyer-nga-zonja-topalli\\\/#article\",\"isPartOf\":{\"@id\":\"https:\\\/\\\/fjala.info\\\/2009-2015\\\/perse-ndihem-e-fyer-nga-zonja-topalli\\\/\"},\"author\":{\"name\":\"admin\",\"@id\":\"https:\\\/\\\/fjala.info\\\/2009-2015\\\/#\\\/schema\\\/person\\\/3aa1163ef05469c496fc94e77611ada2\"},\"headline\":\"P\u00ebrse ndihem e fyer nga zonja Topalli\",\"datePublished\":\"2010-11-14T06:10:32+00:00\",\"mainEntityOfPage\":{\"@id\":\"https:\\\/\\\/fjala.info\\\/2009-2015\\\/perse-ndihem-e-fyer-nga-zonja-topalli\\\/\"},\"wordCount\":1206,\"commentCount\":0,\"publisher\":{\"@id\":\"https:\\\/\\\/fjala.info\\\/2009-2015\\\/#organization\"},\"image\":{\"@id\":\"https:\\\/\\\/fjala.info\\\/2009-2015\\\/perse-ndihem-e-fyer-nga-zonja-topalli\\\/#primaryimage\"},\"thumbnailUrl\":\"http:\\\/\\\/fjala.shkoder.net\\\/wp-content\\\/uploads\\\/2010\\\/11\\\/desada_metaj.jpg\",\"articleSection\":[\"Artikuj\"],\"inLanguage\":\"sq-AL\",\"potentialAction\":[{\"@type\":\"CommentAction\",\"name\":\"Comment\",\"target\":[\"https:\\\/\\\/fjala.info\\\/2009-2015\\\/perse-ndihem-e-fyer-nga-zonja-topalli\\\/#respond\"]}]},{\"@type\":\"WebPage\",\"@id\":\"https:\\\/\\\/fjala.info\\\/2009-2015\\\/perse-ndihem-e-fyer-nga-zonja-topalli\\\/\",\"url\":\"https:\\\/\\\/fjala.info\\\/2009-2015\\\/perse-ndihem-e-fyer-nga-zonja-topalli\\\/\",\"name\":\"P\u00ebrse ndihem e fyer nga zonja Topalli - FjALA e LIR\u00cb - Arkivi\",\"isPartOf\":{\"@id\":\"https:\\\/\\\/fjala.info\\\/2009-2015\\\/#website\"},\"primaryImageOfPage\":{\"@id\":\"https:\\\/\\\/fjala.info\\\/2009-2015\\\/perse-ndihem-e-fyer-nga-zonja-topalli\\\/#primaryimage\"},\"image\":{\"@id\":\"https:\\\/\\\/fjala.info\\\/2009-2015\\\/perse-ndihem-e-fyer-nga-zonja-topalli\\\/#primaryimage\"},\"thumbnailUrl\":\"http:\\\/\\\/fjala.shkoder.net\\\/wp-content\\\/uploads\\\/2010\\\/11\\\/desada_metaj.jpg\",\"datePublished\":\"2010-11-14T06:10:32+00:00\",\"breadcrumb\":{\"@id\":\"https:\\\/\\\/fjala.info\\\/2009-2015\\\/perse-ndihem-e-fyer-nga-zonja-topalli\\\/#breadcrumb\"},\"inLanguage\":\"sq-AL\",\"potentialAction\":[{\"@type\":\"ReadAction\",\"target\":[\"https:\\\/\\\/fjala.info\\\/2009-2015\\\/perse-ndihem-e-fyer-nga-zonja-topalli\\\/\"]}]},{\"@type\":\"ImageObject\",\"inLanguage\":\"sq-AL\",\"@id\":\"https:\\\/\\\/fjala.info\\\/2009-2015\\\/perse-ndihem-e-fyer-nga-zonja-topalli\\\/#primaryimage\",\"url\":\"http:\\\/\\\/fjala.shkoder.net\\\/wp-content\\\/uploads\\\/2010\\\/11\\\/desada_metaj.jpg\",\"contentUrl\":\"http:\\\/\\\/fjala.shkoder.net\\\/wp-content\\\/uploads\\\/2010\\\/11\\\/desada_metaj.jpg\"},{\"@type\":\"BreadcrumbList\",\"@id\":\"https:\\\/\\\/fjala.info\\\/2009-2015\\\/perse-ndihem-e-fyer-nga-zonja-topalli\\\/#breadcrumb\",\"itemListElement\":[{\"@type\":\"ListItem\",\"position\":1,\"name\":\"Home\",\"item\":\"https:\\\/\\\/fjala.info\\\/2009-2015\\\/\"},{\"@type\":\"ListItem\",\"position\":2,\"name\":\"P\u00ebrse ndihem e fyer nga zonja Topalli\"}]},{\"@type\":\"WebSite\",\"@id\":\"https:\\\/\\\/fjala.info\\\/2009-2015\\\/#website\",\"url\":\"https:\\\/\\\/fjala.info\\\/2009-2015\\\/\",\"name\":\"FjALA e LIR\u00cb - Arkivi\",\"description\":\"Arkivi 2009-2015\",\"publisher\":{\"@id\":\"https:\\\/\\\/fjala.info\\\/2009-2015\\\/#organization\"},\"potentialAction\":[{\"@type\":\"SearchAction\",\"target\":{\"@type\":\"EntryPoint\",\"urlTemplate\":\"https:\\\/\\\/fjala.info\\\/2009-2015\\\/?s={search_term_string}\"},\"query-input\":{\"@type\":\"PropertyValueSpecification\",\"valueRequired\":true,\"valueName\":\"search_term_string\"}}],\"inLanguage\":\"sq-AL\"},{\"@type\":\"Organization\",\"@id\":\"https:\\\/\\\/fjala.info\\\/2009-2015\\\/#organization\",\"name\":\"FjALA e LIR\u00cb - Arkivi\",\"url\":\"https:\\\/\\\/fjala.info\\\/2009-2015\\\/\",\"logo\":{\"@type\":\"ImageObject\",\"inLanguage\":\"sq-AL\",\"@id\":\"https:\\\/\\\/fjala.info\\\/2009-2015\\\/#\\\/schema\\\/logo\\\/image\\\/\",\"url\":\"\",\"contentUrl\":\"\",\"caption\":\"FjALA e LIR\u00cb - Arkivi\"},\"image\":{\"@id\":\"https:\\\/\\\/fjala.info\\\/2009-2015\\\/#\\\/schema\\\/logo\\\/image\\\/\"}},{\"@type\":\"Person\",\"@id\":\"https:\\\/\\\/fjala.info\\\/2009-2015\\\/#\\\/schema\\\/person\\\/3aa1163ef05469c496fc94e77611ada2\",\"name\":\"admin\",\"image\":{\"@type\":\"ImageObject\",\"inLanguage\":\"sq-AL\",\"@id\":\"https:\\\/\\\/fjala.info\\\/2009-2015\\\/wp-content\\\/uploads\\\/2012\\\/02\\\/arben_cokaj-120x150.jpg\",\"url\":\"https:\\\/\\\/fjala.info\\\/2009-2015\\\/wp-content\\\/uploads\\\/2012\\\/02\\\/arben_cokaj-120x150.jpg\",\"contentUrl\":\"https:\\\/\\\/fjala.info\\\/2009-2015\\\/wp-content\\\/uploads\\\/2012\\\/02\\\/arben_cokaj-120x150.jpg\",\"caption\":\"admin\"},\"description\":\"Admin, Fjala e Lir\u00eb\",\"sameAs\":[\"https:\\\/\\\/fjala.info\\\/\"],\"url\":\"https:\\\/\\\/fjala.info\\\/2009-2015\\\/author\\\/admin\\\/\"}]}<\/script>\n<!-- \/ Yoast SEO plugin. -->","yoast_head_json":{"title":"P\u00ebrse ndihem e fyer nga zonja Topalli - FjALA e LIR\u00cb - Arkivi","robots":{"index":"index","follow":"follow","max-snippet":"max-snippet:-1","max-image-preview":"max-image-preview:large","max-video-preview":"max-video-preview:-1"},"canonical":"https:\/\/fjala.info\/2009-2015\/perse-ndihem-e-fyer-nga-zonja-topalli\/","og_locale":"sq_AL","og_type":"article","og_title":"P\u00ebrse ndihem e fyer nga zonja Topalli - FjALA e LIR\u00cb - Arkivi","og_description":"Nga: DESADA METAJ, 13 Nentor 2010 Pash\u00eb dje zonj\u00ebn Topalli me nj\u00eb grup ish-t\u00eb p\u00ebrndjekurish t\u00eb diktatur\u00ebs, t\u00eb cil\u00ebt mbanin nga nj\u00eb got\u00eb plastike me &#8220;Coca-Cola&#8221; n\u00eb dor\u00eb dhe nguteshin t\u00eb fal\u00ebnderonin zonj\u00ebn Topalli q\u00eb u kishte sjell\u00eb m\u00eb n\u00eb fund lirin\u00eb p\u00ebr t\u00eb l\u00ebvizur pa viza. P\u00ebr her\u00eb t\u00eb par\u00eb, di\u00e7ka ma lig\u00ebshtoi g\u00ebzimin [&hellip;]","og_url":"https:\/\/fjala.info\/2009-2015\/perse-ndihem-e-fyer-nga-zonja-topalli\/","og_site_name":"FjALA e LIR\u00cb - Arkivi","article_published_time":"2010-11-14T06:10:32+00:00","og_image":[{"url":"http:\/\/fjala.shkoder.net\/wp-content\/uploads\/2010\/11\/desada_metaj.jpg","type":"","width":"","height":""}],"author":"admin","twitter_card":"summary_large_image","twitter_misc":{"Written by":"admin","Est. reading time":"6 minutes"},"schema":{"@context":"https:\/\/schema.org","@graph":[{"@type":"Article","@id":"https:\/\/fjala.info\/2009-2015\/perse-ndihem-e-fyer-nga-zonja-topalli\/#article","isPartOf":{"@id":"https:\/\/fjala.info\/2009-2015\/perse-ndihem-e-fyer-nga-zonja-topalli\/"},"author":{"name":"admin","@id":"https:\/\/fjala.info\/2009-2015\/#\/schema\/person\/3aa1163ef05469c496fc94e77611ada2"},"headline":"P\u00ebrse ndihem e fyer nga zonja Topalli","datePublished":"2010-11-14T06:10:32+00:00","mainEntityOfPage":{"@id":"https:\/\/fjala.info\/2009-2015\/perse-ndihem-e-fyer-nga-zonja-topalli\/"},"wordCount":1206,"commentCount":0,"publisher":{"@id":"https:\/\/fjala.info\/2009-2015\/#organization"},"image":{"@id":"https:\/\/fjala.info\/2009-2015\/perse-ndihem-e-fyer-nga-zonja-topalli\/#primaryimage"},"thumbnailUrl":"http:\/\/fjala.shkoder.net\/wp-content\/uploads\/2010\/11\/desada_metaj.jpg","articleSection":["Artikuj"],"inLanguage":"sq-AL","potentialAction":[{"@type":"CommentAction","name":"Comment","target":["https:\/\/fjala.info\/2009-2015\/perse-ndihem-e-fyer-nga-zonja-topalli\/#respond"]}]},{"@type":"WebPage","@id":"https:\/\/fjala.info\/2009-2015\/perse-ndihem-e-fyer-nga-zonja-topalli\/","url":"https:\/\/fjala.info\/2009-2015\/perse-ndihem-e-fyer-nga-zonja-topalli\/","name":"P\u00ebrse ndihem e fyer nga zonja Topalli - FjALA e LIR\u00cb - Arkivi","isPartOf":{"@id":"https:\/\/fjala.info\/2009-2015\/#website"},"primaryImageOfPage":{"@id":"https:\/\/fjala.info\/2009-2015\/perse-ndihem-e-fyer-nga-zonja-topalli\/#primaryimage"},"image":{"@id":"https:\/\/fjala.info\/2009-2015\/perse-ndihem-e-fyer-nga-zonja-topalli\/#primaryimage"},"thumbnailUrl":"http:\/\/fjala.shkoder.net\/wp-content\/uploads\/2010\/11\/desada_metaj.jpg","datePublished":"2010-11-14T06:10:32+00:00","breadcrumb":{"@id":"https:\/\/fjala.info\/2009-2015\/perse-ndihem-e-fyer-nga-zonja-topalli\/#breadcrumb"},"inLanguage":"sq-AL","potentialAction":[{"@type":"ReadAction","target":["https:\/\/fjala.info\/2009-2015\/perse-ndihem-e-fyer-nga-zonja-topalli\/"]}]},{"@type":"ImageObject","inLanguage":"sq-AL","@id":"https:\/\/fjala.info\/2009-2015\/perse-ndihem-e-fyer-nga-zonja-topalli\/#primaryimage","url":"http:\/\/fjala.shkoder.net\/wp-content\/uploads\/2010\/11\/desada_metaj.jpg","contentUrl":"http:\/\/fjala.shkoder.net\/wp-content\/uploads\/2010\/11\/desada_metaj.jpg"},{"@type":"BreadcrumbList","@id":"https:\/\/fjala.info\/2009-2015\/perse-ndihem-e-fyer-nga-zonja-topalli\/#breadcrumb","itemListElement":[{"@type":"ListItem","position":1,"name":"Home","item":"https:\/\/fjala.info\/2009-2015\/"},{"@type":"ListItem","position":2,"name":"P\u00ebrse ndihem e fyer nga zonja Topalli"}]},{"@type":"WebSite","@id":"https:\/\/fjala.info\/2009-2015\/#website","url":"https:\/\/fjala.info\/2009-2015\/","name":"FjALA e LIR\u00cb - Arkivi","description":"Arkivi 2009-2015","publisher":{"@id":"https:\/\/fjala.info\/2009-2015\/#organization"},"potentialAction":[{"@type":"SearchAction","target":{"@type":"EntryPoint","urlTemplate":"https:\/\/fjala.info\/2009-2015\/?s={search_term_string}"},"query-input":{"@type":"PropertyValueSpecification","valueRequired":true,"valueName":"search_term_string"}}],"inLanguage":"sq-AL"},{"@type":"Organization","@id":"https:\/\/fjala.info\/2009-2015\/#organization","name":"FjALA e LIR\u00cb - Arkivi","url":"https:\/\/fjala.info\/2009-2015\/","logo":{"@type":"ImageObject","inLanguage":"sq-AL","@id":"https:\/\/fjala.info\/2009-2015\/#\/schema\/logo\/image\/","url":"","contentUrl":"","caption":"FjALA e LIR\u00cb - Arkivi"},"image":{"@id":"https:\/\/fjala.info\/2009-2015\/#\/schema\/logo\/image\/"}},{"@type":"Person","@id":"https:\/\/fjala.info\/2009-2015\/#\/schema\/person\/3aa1163ef05469c496fc94e77611ada2","name":"admin","image":{"@type":"ImageObject","inLanguage":"sq-AL","@id":"https:\/\/fjala.info\/2009-2015\/wp-content\/uploads\/2012\/02\/arben_cokaj-120x150.jpg","url":"https:\/\/fjala.info\/2009-2015\/wp-content\/uploads\/2012\/02\/arben_cokaj-120x150.jpg","contentUrl":"https:\/\/fjala.info\/2009-2015\/wp-content\/uploads\/2012\/02\/arben_cokaj-120x150.jpg","caption":"admin"},"description":"Admin, Fjala e Lir\u00eb","sameAs":["https:\/\/fjala.info\/"],"url":"https:\/\/fjala.info\/2009-2015\/author\/admin\/"}]}},"_links":{"self":[{"href":"https:\/\/fjala.info\/2009-2015\/wp-json\/wp\/v2\/posts\/4730","targetHints":{"allow":["GET"]}}],"collection":[{"href":"https:\/\/fjala.info\/2009-2015\/wp-json\/wp\/v2\/posts"}],"about":[{"href":"https:\/\/fjala.info\/2009-2015\/wp-json\/wp\/v2\/types\/post"}],"author":[{"embeddable":true,"href":"https:\/\/fjala.info\/2009-2015\/wp-json\/wp\/v2\/users\/1"}],"replies":[{"embeddable":true,"href":"https:\/\/fjala.info\/2009-2015\/wp-json\/wp\/v2\/comments?post=4730"}],"version-history":[{"count":0,"href":"https:\/\/fjala.info\/2009-2015\/wp-json\/wp\/v2\/posts\/4730\/revisions"}],"wp:attachment":[{"href":"https:\/\/fjala.info\/2009-2015\/wp-json\/wp\/v2\/media?parent=4730"}],"wp:term":[{"taxonomy":"category","embeddable":true,"href":"https:\/\/fjala.info\/2009-2015\/wp-json\/wp\/v2\/categories?post=4730"},{"taxonomy":"post_tag","embeddable":true,"href":"https:\/\/fjala.info\/2009-2015\/wp-json\/wp\/v2\/tags?post=4730"}],"curies":[{"name":"wp","href":"https:\/\/api.w.org\/{rel}","templated":true}]}}