{"id":4728,"date":"2010-11-13T09:56:13","date_gmt":"2010-11-13T08:56:13","guid":{"rendered":"http:\/\/fjala.shkoder.net\/?p=4728"},"modified":"2010-11-13T09:56:13","modified_gmt":"2010-11-13T08:56:13","slug":"progres-raportet-e-be-dhe-shqiperia","status":"publish","type":"post","link":"https:\/\/fjala.info\/2009-2015\/progres-raportet-e-be-dhe-shqiperia\/","title":{"rendered":"Progres Raportet e BE dhe Shqip\u00ebria"},"content":{"rendered":"<p>Nga: <strong>ARIAN GALDINI<\/strong>, <em>12 Nentor 2010<\/em><\/p>\n<p>Edhe nj\u00eb tjet\u00ebr Progres Raport i BE-s\u00eb iu shtua detyrave t\u00eb sht\u00ebpis\u00eb q\u00eb gjithmon\u00eb tregon zell p\u00ebr t\u2019i zbatuar Shqip\u00ebria, por q\u00eb n\u00eb t\u00eb v\u00ebrtet\u00eb asnj\u00ebher\u00eb nuk i kryen si duhet, apo m\u00eb keq akoma, i kryen shkel e shko, ngase gjithmon\u00eb ia marrin mendjen lodrat dhe harrakatia e politik\u00ebs dhe mosmarr\u00ebveshjeve t\u00eb brendshme. K\u00ebsisoj, edhe ky Progres Raport 2010 i BE-s\u00eb do t\u00eb ket\u00eb t\u00eb nj\u00ebjtin fat si t\u00eb m\u00ebparshmit: lexim dhe interpretim me l\u00ebvdimet ku gjejn\u00eb fjal\u00eb, rreshta e kuadrate p\u00ebr mund\u00ebsi vet\u00ebk\u00ebnaq\u00ebsie sipas rastit t\u00eb dyja pal\u00ebt dhe krerrahje mes t\u00eb cilave do t\u00eb n\u00ebmet, mallkohet dhe dehumanizohet kund\u00ebrshtari. Karot\u00eb dhe k\u00ebrba\u00e7 p\u00ebr t\u00eb dyja pal\u00ebt. T\u00eb gjith\u00eb t\u00eb k\u00ebnaqur, e nj\u00ebkoh\u00ebsisht t\u00eb gjith\u00eb t\u00eb yshtur me argumente t\u00eb reja ala europiane p\u00ebr kacafytje t\u00eb reja politike ala shqiptare. M\u00eb tutje, koha do t\u00eb b\u00ebj\u00eb t\u00eb vet\u00ebn, e pa as m\u00eb t\u00eb vogl\u00ebn m\u00ebdyshje, edhe ky Progres Raport 2010 do t\u00eb p\u00ebrfundoj\u00eb n\u00eb arkivat e harres\u00ebs, si gjith\u00eb t\u00eb tjer\u00ebt m\u00eb par\u00eb. <\/p>\n<p>N\u00ebn k\u00ebt\u00eb shteg-v\u00ebshtrimi, e themi plot pezmati se udha dhe aspirata shqiptare p\u00ebr t\u2019u b\u00ebr\u00eb nj\u00eb dit\u00eb, nj\u00eb vend per\u00ebndimor si gjith\u00eb Europa, ka shum\u00eb gjasa t\u00eb jet\u00eb e shenjuar nga nj\u00eb karakteristik\u00eb e fort\u00eb deper\u00ebndimizimi kronik me burime dhe ndikime t\u00eb brendshme, por edhe me nxitje e legjitimim transnacional. Shpesh her\u00eb, k\u00ebt\u00eb kaos, nxitje dhe legjitimim t\u00eb \u00e7ak\u00ebrdis\u00eb politike t\u00eb brendshme n\u00eb Shqip\u00ebri e shkaktojn\u00eb vet\u00eb institucionet europiane dhe partner\u00ebt e m\u00ebdhenj nd\u00ebrkomb\u00ebtar\u00eb per\u00ebndimor\u00eb, t\u00eb cil\u00ebt kur i aviten rastit shqiptar, p\u00ebsojn\u00eb zaptim t\u00eb gjymtyr\u00ebve institucionale, politike, strukturore, ligjore dhe ekonomike, nga ng\u00ebr\u00e7i i deper\u00ebndimizimit spontan. Kriteret dhe indikator\u00ebt mbi t\u00eb cilat per\u00ebndimor\u00ebt na v\u00ebzhgojn\u00eb, bashk\u00ebpunojn\u00eb apo partnerizojn\u00eb me Shqip\u00ebrin\u00eb ton\u00eb jan\u00eb kaq jo-dometh\u00ebn\u00ebse dhe kaq jo-jet\u00ebsore n\u00eb realitetin praktik, saq\u00eb vetvetiu takojn\u00eb m\u00eb par\u00eb r\u00ebnien, deformimin, jo-efektivitetin dhe zhb\u00ebrjen e tyre sesa ngjizjen demokraci e liri-nd\u00ebrtuese dhe ndikimin p\u00ebr ngritjen, inkurajimin dhe forcimin e shtetit t\u00eb s\u00eb drejt\u00ebs. <\/p>\n<p>Por le t\u00eb b\u00ebjm\u00eb pak m\u00eb shum\u00eb drit\u00eb p\u00ebr arsyet se p\u00ebrse gjykimi yn\u00eb mb\u00ebrrin n\u00eb k\u00ebto skaje jo fort t\u00eb k\u00ebndshme p\u00ebrsiatjesh, p\u00ebr t\u00eb cilat nuk pretendojm\u00eb kurrsesi t\u00eb mbartin ndonj\u00eb v\u00ebrtet\u00ebsi apo vler\u00eb m\u00eb shum\u00eb sesa i takon hap\u00ebsir\u00ebs, dijes, informacionit, kapacitetit, p\u00ebrvoj\u00ebs dhe formimit ton\u00eb individual, personal dhe profesional. Nd\u00ebrsa ne analizojm\u00eb ndryshimin e regjimit n\u00eb shoq\u00ebrin\u00eb shqiptare modelet konvencionale t\u00eb \u2018tranzicionit dhe demokracis\u00eb\u2019 bazuar n\u00eb t\u00eb cilat na monitorojn\u00eb, vler\u00ebsojn\u00eb dhe gjykojn\u00eb partner\u00ebt nd\u00ebrkomb\u00ebtar\u00eb per\u00ebndimor\u00eb, na d\u00ebftojn\u00eb paplotshm\u00ebrin\u00eb dhe pamjaftueshm\u00ebrin\u00eb e tyre. <\/p>\n<p>Le t\u00eb themi se disa p\u00ebrpjekje p\u00ebr ta p\u00ebrkufizuar Shqip\u00ebrin\u00eb si nj\u00eb \u2018demokraci hibride\u2019 apo p\u00ebrdorimi i \u2018p\u00ebrcaktor\u00ebve\u2019 t\u00eb tjer\u00eb p\u00ebrshkrues sikund\u00ebr parap\u00eblqejm\u00eb ne: \u2018protodemokraci langaraqe\u2019 p\u00ebr k\u00ebt\u00eb t\u00eb ashtuquajtur \u2018demokraci t\u00eb re\u2019, jan\u00eb nj\u00eb hap kreativiteti i vog\u00ebl p\u00ebrpara p\u00ebr t\u00eb shpjeguar faktin se ndryshimi i regjimit n\u00eb Shqip\u00ebri \u00ebsht\u00eb p\u00ebrfundimisht p\u00ebrtej skemave t\u00eb atyre teksteve, studimeve, raporteve nd\u00ebrkomb\u00ebtare dhe debateve p\u00ebr \u2018tranzicionin dhe demokracin\u00eb\u2019. Madje, duhet pranuar se etiketimi si nj\u00eb \u2018demokraci hibride\u2019 mbi t\u00eb gjitha sh\u00ebrben si nj\u00eb kategori shtojc\u00eb q\u00eb duket se tregon \u2018nj\u00eb vend t\u00eb jet\u00eb as demokraci e as diktatur\u00eb\u2019 (Bunce, 2000: 723). <\/p>\n<p>N\u00ebn k\u00ebt\u00eb arsyetim dhe duke e p\u00ebrzgjedhur si fokusin ton\u00eb themelor edhe p\u00ebr shkak t\u00eb \u2018kriz\u00ebs me burim zgjedhjet e 28 qershorit 2009\u2019, duhet sh\u00ebnuar k\u00ebtu se bazuar n\u00eb v\u00ebzhgimet nd\u00ebr vite t\u00eb partner\u00ebve nd\u00ebrkomb\u00ebtar\u00eb per\u00ebndimor\u00eb, praktikat zgjedhore post-komuniste n\u00eb Shqip\u00ebri jan\u00eb p\u00ebrtej debateve t\u00eb r\u00ebndomta q\u00eb b\u00ebhen mbi \u2018elektoralizmin\u2019, t\u00eb cilat i kualifikojn\u00eb zgjedhjet e lira dhe t\u00eb ndershme si t\u00eb nevojshme dhe t\u00eb domosdoshme, porse kurrsesi si nj\u00eb kriter shterues i demokratizimit. E v\u00ebrteta e hidhur \u00ebsht\u00eb se zgjedhjet mund t\u00eb mos ken\u00eb asnj\u00eb lidhje me demokracin\u00eb n\u00eb kuptimin e gar\u00ebs dhe cil\u00ebsis\u00eb e drejt\u00ebsis\u00eb s\u00eb saj, pasi n\u00eb k\u00ebso lloj garash elektorale shum\u00ebpartiake, porse me parti t\u00eb mbyllura, detashmente militant\u00ebsh, pa sistem karriere, me mbytje dhe shp\u00ebrfillje t\u00eb demokracis\u00eb s\u00eb brendshme dhe mendimit ndryshe,  rezultati elektoral ose \u00ebsht\u00eb i paracaktuar, njohur apriori, paraprakisht, ose \u00ebsht\u00eb thelb\u00ebsisht jo fryt i vullnetit t\u00eb lir\u00eb t\u00eb qytetar\u00ebve dhe aspak n\u00eb dobi t\u00eb qytetar\u00ebve. <\/p>\n<p>N\u00eb k\u00ebt\u00eb kuptim, gjykimi yn\u00eb do t\u2019i referohej m\u00eb s\u00eb shumti nj\u00eb \u2018adaptimi autoritarist\u2019 t\u00eb zgjedhjeve post-komuniste n\u00eb Shqip\u00ebri, duke e par\u00eb k\u00ebt\u00eb si qasjen m\u00eb t\u00eb p\u00ebrshtatshme. Pik\u00ebrisht vet\u00eb kriteri i zgjedhjeve t\u00eb lira dhe t\u00eb ndershme na e p\u00ebrshtjellon analiz\u00ebn e fenomenit, madje edhe n\u00ebse ne do t\u00eb b\u00ebnim l\u00ebshime p\u00ebr t\u00eb pranuar ndonj\u00eb kualifikim t\u00eb nd\u00ebrmjet\u00ebm sikund\u00ebr b\u00ebjn\u00eb shpesh dhe vazhdimisht raportet e institucioneve per\u00ebndimore, si psh: \u2018zgjedhje t\u00eb lira por jo t\u00eb ndershme\u2019, apo \u2018zgjedhjet sh\u00ebnuan nj\u00eb hap p\u00ebrpara\u2019 apo \u2018zgjedhje ku votat u num\u00ebruan keq ose shum\u00eb keq\u2019 apo \u2018zgjedhjet m\u00eb t\u00eb mira p\u00ebr Shqip\u00ebrin\u00eb\u2019 apo \u2018zgjedhje ku u vun\u00eb re disa nd\u00ebrhyrje dhe shtr\u00ebngesa\u2019 apo \u2018n\u00eb k\u00ebto zgjedhje u p\u00ebrdor arbitrarisht administrata publike dhe u keqp\u00ebrdor\u00ebn burimet e shtetit. <\/p>\n<p>Aplikimi i modelit dy-dimensional t\u00eb Robert Dahlit, i cili p\u00ebrkrah konkurrenc\u00ebs publike vendos edhe pjes\u00ebmarrjen si nj\u00eb variab\u00ebl t\u00eb r\u00ebnd\u00ebsish\u00ebm (psh. e drejta p\u00ebr t\u00eb zgjedhur dhe p\u00ebr t\u2019u zgjedhur), n\u00eb \u00e7do rast duket i pavlefsh\u00ebm n\u00eb zbatimin praktik n\u00eb tranzicionin post-komunist shqiptar. P\u00ebr analizat krahasimore historike t\u00eb vendosjes dhe forcimit t\u00eb demokracis\u00eb, roli universal i t\u00eb drejt\u00ebs s\u00eb vot\u00ebs \u00ebsht\u00eb sigurisht i pamohuesh\u00ebm. Por \u00e7\u2019m\u00ebsime duhet t\u00eb nxjerrim ne k\u00ebtu nga studimet e politik\u00ebs post-komuniste shqiptare kur kujtojm\u00eb trash\u00ebgimin\u00eb e koh\u00ebve t\u00eb shkuara, por jo shum\u00eb t\u00eb larg\u00ebta t\u00eb mobilizimit t\u00eb masave p\u00ebr pjes\u00ebmarrje t\u00eb larta, t\u00eb cil\u00ebn Robert Dahl e konsideron si nj\u00eb \u2018hegjemoni inkluzive\u2019? <\/p>\n<p>N\u00ebn sfondin e pjes\u00ebmarrjeve 99.99% n\u00eb zgjedhje jo-konkurruese gjat\u00eb periudh\u00ebs s\u00eb Shqip\u00ebris\u00eb socialiste, kjo qasje d\u00ebshton t\u00eb na thot\u00eb ndonj\u00eb gj\u00eb thelb\u00ebsore p\u00ebr modelet e aplikuara pas ndryshimit t\u00eb regjimit n\u00eb Shqip\u00ebrin\u00eb post-komuniste. Akoma m\u00eb e komplikuar b\u00ebhet \u00e7\u00ebshtja kur ne u qasemi skemave m\u00eb \u2018popullore\u2019 t\u00eb cilat e nd\u00ebrlidhin pjes\u00ebmarrjen me \u2018kultur\u00ebn civike\u2019, \u2018kapitalin social\u2019 (Putnam, 1993) dhe me atribute t\u00eb tjera t\u00eb \u2018demokracive t\u00eb drejta\u2019, ngase r\u00ebnd\u00ebsia e tyre \u00ebsht\u00eb shum\u00eb e dyshimt\u00eb n\u00eb Shqip\u00ebrin\u00eb post-komuniste, ku n\u00eb \u00e7do qeliz\u00eb t\u00eb shoq\u00ebris\u00eb dominon marr\u00ebdh\u00ebnia suzeren-vasal. Nga ana tjet\u00ebr, zhvillimet e k\u00ebtyre 20 viteve n\u00eb Shqip\u00ebrin\u00eb post-komuniste e kan\u00eb ndryshuar negativisht kurb\u00ebn e pjes\u00ebmarrjes politike n\u00eb zgjedhje, por edhe p\u00ebrtej tyre (p\u00ebrjashto k\u00ebtu val\u00ebn e madhe t\u00eb mobilizimit t\u00eb masave gjat\u00eb l\u00ebvizjeve demokratike n\u00eb vitet 1990 \u2013 1992). Gjithashtu, nuk duhet t\u00eb l\u00ebm\u00eb jasht\u00eb llogaris\u00eb kultur\u00ebn dhe taktikat e aktivizimit politik n\u00eb dit\u00ebt e sotme, i cili n\u00eb nj\u00eb mas\u00eb t\u00eb madhe \u00ebsht\u00eb i trash\u00ebguar pik\u00ebrisht nga e kaluara komuniste. <\/p>\n<p>Pik\u00ebrisht p\u00ebr k\u00ebt\u00eb arsye, na lind dyshimi se \u2018ngritja\u2019 e pjes\u00ebmarrjes elektorale n\u00ebn rrept\u00ebsin\u00eb e \u2018makineris\u00eb politike\u2019 me kusht\u00ebzimin e \u2018mobilizimit administrativ t\u00eb masave\u2019 (kuptimi i k\u00ebtij termi n\u00eb mendjen ton\u00eb \u00ebsht\u00eb i dykahsh\u00ebm ngase, s\u00eb pari n\u00ebnkupton angazhimin strukturor t\u00eb partive p\u00ebr t\u00eb \u2018joshur dhe p\u00ebrcjell\u00eb\u2019 votuesit deri n\u00eb kutit\u00eb e votimit; dhe s\u00eb dyti, me k\u00ebt\u00eb term n\u00ebnkuptohet qartazi, pjes\u00ebmarrja e administrat\u00ebs publike n\u00eb fushata elektorale, ofrimi dhe premtimi p\u00ebr vende pune n\u00eb administrat\u00ebn publike, p\u00ebrdorimi i administrat\u00ebs dhe shtetit p\u00ebr q\u00ebllime elektorale, etj) nj\u00eblloj si dikur b\u00ebhej n\u00ebn kontrollin e Partis\u00eb s\u00eb Pun\u00ebs pa asnj\u00eb diskutim dhe p\u00ebrfundimisht cenon dhe gjymton \u2018kultur\u00ebn civike\u2019 t\u00eb pjes\u00ebmarrjes. Marr\u00ebdh\u00ebniet e shk\u00ebmbimit t\u00eb vot\u00ebs me favore, pun\u00eb, para apo burime, q\u00eb vihen re r\u00ebndom n\u00eb Shqip\u00ebrin\u00eb e re post-komuniste, madje jan\u00eb edhe vazhdimisht t\u00eb pasqyruara n\u00eb media dhe n\u00eb Raportet Nd\u00ebrkomb\u00ebtare, kan\u00eb shum\u00eb pak t\u00eb p\u00ebrbashk\u00ebt me \u2018kultur\u00ebn civike\u2019 edhe pse mund t\u00eb duket n\u00eb shikim t\u00eb par\u00eb sikur kan\u00eb ndonj\u00eb grim\u00eb afrie p\u00ebr shkak t\u00eb ligj\u00ebrimit. <\/p>\n<p>P.sh., bazuar n\u00eb Raportin e fundit p\u00ebr Shoq\u00ebrin\u00eb Civile t\u00eb publikuar n\u00eb 5 korrik 2010 nga IDM \u2013 Instituti p\u00ebr Demokraci dhe Nd\u00ebrmjet\u00ebsim, mund t\u00eb flasim p\u00ebr nj\u00eb \u2018histori suksesi\u2019 t\u00eb demokratizimit n\u00eb Shqip\u00ebri nga pik\u00ebpamja e aktivitetit publik t\u00eb shoqatave dhe organizatave jo-fitimprur\u00ebse dhe jo-qeveritare (n\u00eb kuptimin e numrit t\u00eb madh t\u00eb k\u00ebtyre organizatave \u2018per capita\u2019 n\u00eb vendin ton\u00eb). E n\u00ebse do t\u00eb hedhim syt\u00eb tek nj\u00eb studim i Putnamit p\u00ebr Italin\u00eb, numri i madh i organizatave dhe i shoqatave n\u00eb Shqip\u00ebrin\u00eb post-komuniste \u00ebsht\u00eb i krahasuesh\u00ebm me vet\u00eb \u2018p\u00ebrfshirjen e lart\u00eb civike\u2019 n\u00eb Italin\u00eb e Veriut (jo n\u00eb at\u00eb t\u00eb Jugut). <\/p>\n<p>Me vler\u00ebsim p\u00ebr k\u00ebto zhvillime si nj\u00eb shenj\u00eb e qart\u00eb \u2018kulture civike\u2019, sidoqoft\u00eb duhet t\u00eb themi se asgj\u00eb nuk i ka penguar Grupet e Partit\u00eb Politike q\u00eb t\u00eb zhvillojn\u00eb n\u00eb m\u00ebnyr\u00eb t\u00eb p\u00ebrs\u00ebritur zgjedhje n\u00eb dukje, norm\u00eb dhe form\u00eb konkurruese, por q\u00eb n\u00eb fund t\u00eb loj\u00ebs, pala e humbur t\u00eb kontestoj\u00eb rezultatin dhe deklaroj\u00eb manipulimin dhe vjedhjen e votave. N\u00eb gjykimin ton\u00eb t\u00eb krijohet p\u00ebrshtypja se me kalimin e viteve n\u00eb vend q\u00eb t\u00eb dallojm\u00eb p\u00ebrmir\u00ebsim t\u00eb parametrave, standardeve dhe indikator\u00ebve demokratik\u00eb, ka ndodhur q\u00eb e keqja \u00ebsht\u00eb b\u00ebr\u00eb simetrike. Nga regjimi monist, komunist, ku mbizot\u00ebronte vet\u00ebm Partia e Pun\u00ebs, n\u00eb dit\u00ebt e sotme, leht\u00ebsisht dallohet zaptimi i t\u00eb gjitha hap\u00ebsirave publike, ekonomike, mediatike dhe kulturore kryesisht, thelb\u00ebsisht dhe masivisht nga dy Partit\u00eb e m\u00ebdha, PD dhe PS, t\u00eb cilat kan\u00eb krijuar nj\u00eb \u2018sistem bi-monist\u2019. <\/p>\n<p>N\u00eb munges\u00eb t\u00eb konkurrent\u00ebve real\u00eb dhe t\u00eb duksh\u00ebm, k\u00ebto dy parti fitojn\u00eb apo humbasin zgjedhjet reciprokisht sipas rastit dhe ndon\u00ebse pala fituese i merr t\u00eb gjitha dhe pala humb\u00ebse b\u00ebhet kontestuese kronike e rezultatit t\u00eb zgjedhjeve, n\u00eb \u00e7do rast organizatat dhe shoqatat e shumta jo-fitimprur\u00ebse dhe jo-qeveritare e kan\u00eb mb\u00ebshtetur plot\u00ebsisht dhe shpesh her\u00eb ushqyer dhe mbrojtur k\u00ebt\u00eb sistem, p\u00ebrkund\u00ebr \u2018kultur\u00ebs civike\u2019 q\u00eb duhej t\u00eb p\u00ebrfaq\u00ebsonin si parim. N\u00eb fakt \u2018kultura civike\u2019 n\u00eb Shqip\u00ebrin\u00eb post-komuniste do ta ket\u00eb t\u00eb v\u00ebshtir\u00eb t\u00eb mb\u00ebrrihet, s\u00eb paku derisa t\u00eb marr\u00eb jet\u00eb nj\u00eb autonomi thelb\u00ebsore e aktor\u00ebve politik\u00eb dhe social\u00eb, vis-\u00e0-vis shteti dhe gjith\u00eb t\u00eb tjer\u00ebt. <\/p>\n<p>Ende sjelljet e mas\u00ebs n\u00eb Shqip\u00ebrin\u00eb post-komuniste jan\u00eb t\u00eb varura, madje t\u00eb p\u00ebrcaktuara e mbizot\u00ebruara nga segmente t\u00eb ndryshme t\u00eb elitave. K\u00ebshtu q\u00eb \u2018shoq\u00ebria civile\u2019 n\u00eb kuptimin e teorive normative t\u00eb demokracis\u00eb, \u00ebsht\u00eb ekzistente (apo inekzistente) n\u00eb at\u00eb mas\u00eb q\u00eb elitat e lejojn\u00eb at\u00eb t\u00eb jet\u00eb. E panevojshme t\u00eb themi se kritikat e m\u00ebsip\u00ebrme t\u00eb modeleve t\u00eb demokracis\u00eb jan\u00eb t\u00eb lidhura jo me \u2018sforcimin e tyre konceptual\u2019 si t\u00eb tilla, por me kapacitetin e tyre t\u00eb vog\u00ebl p\u00ebr t\u00eb na b\u00ebr\u00eb dallime q\u00eb kan\u00eb vler\u00eb p\u00ebr analiz\u00ebn e politik\u00ebs n\u00eb Shqip\u00ebrin\u00eb post-komuniste. N\u00ebse ndjekim linj\u00ebn e tipologjis\u00eb s\u00eb Dahlit p\u00ebr regjimet politike, mund t\u00eb mb\u00ebrrijm\u00eb n\u00eb konkluzionin se Shqip\u00ebria pas viteve 1990, \u00ebsht\u00eb transformuar nga \u2018hegjemoni inkluzive\u2019 n\u00eb \u2018oligarki konkurruese\u2019.<\/p>\n","protected":false},"excerpt":{"rendered":"<p>Nga: ARIAN GALDINI, 12 Nentor 2010 Edhe nj\u00eb tjet\u00ebr Progres Raport i BE-s\u00eb iu shtua detyrave t\u00eb sht\u00ebpis\u00eb q\u00eb gjithmon\u00eb tregon zell p\u00ebr t\u2019i zbatuar Shqip\u00ebria, por q\u00eb n\u00eb t\u00eb v\u00ebrtet\u00eb asnj\u00ebher\u00eb nuk i kryen si duhet, apo m\u00eb keq akoma, i kryen shkel e shko, ngase gjithmon\u00eb ia marrin mendjen lodrat dhe harrakatia e [&hellip;]<\/p>\n","protected":false},"author":1,"featured_media":0,"comment_status":"open","ping_status":"closed","sticky":false,"template":"","format":"standard","meta":{"footnotes":""},"categories":[2],"tags":[],"class_list":{"0":"post-4728","1":"post","2":"type-post","3":"status-publish","4":"format-standard","6":"category-artikuj"},"yoast_head":"<!-- This site is optimized with the Yoast SEO plugin v27.4 - https:\/\/yoast.com\/product\/yoast-seo-wordpress\/ -->\n<title>Progres Raportet e BE dhe Shqip\u00ebria - FjALA e LIR\u00cb - Arkivi<\/title>\n<meta name=\"robots\" content=\"index, follow, max-snippet:-1, max-image-preview:large, max-video-preview:-1\" \/>\n<link rel=\"canonical\" href=\"https:\/\/fjala.info\/2009-2015\/progres-raportet-e-be-dhe-shqiperia\/\" \/>\n<meta property=\"og:locale\" content=\"sq_AL\" \/>\n<meta property=\"og:type\" content=\"article\" \/>\n<meta property=\"og:title\" content=\"Progres Raportet e BE dhe Shqip\u00ebria - FjALA e LIR\u00cb - Arkivi\" \/>\n<meta property=\"og:description\" content=\"Nga: ARIAN GALDINI, 12 Nentor 2010 Edhe nj\u00eb tjet\u00ebr Progres Raport i BE-s\u00eb iu shtua detyrave t\u00eb sht\u00ebpis\u00eb q\u00eb gjithmon\u00eb tregon zell p\u00ebr t\u2019i zbatuar Shqip\u00ebria, por q\u00eb n\u00eb t\u00eb v\u00ebrtet\u00eb asnj\u00ebher\u00eb nuk i kryen si duhet, apo m\u00eb keq akoma, i kryen shkel e shko, ngase gjithmon\u00eb ia marrin mendjen lodrat dhe harrakatia e [&hellip;]\" \/>\n<meta property=\"og:url\" content=\"https:\/\/fjala.info\/2009-2015\/progres-raportet-e-be-dhe-shqiperia\/\" \/>\n<meta property=\"og:site_name\" content=\"FjALA e LIR\u00cb - Arkivi\" \/>\n<meta property=\"article:published_time\" content=\"2010-11-13T08:56:13+00:00\" \/>\n<meta name=\"author\" content=\"admin\" \/>\n<meta name=\"twitter:card\" content=\"summary_large_image\" \/>\n<meta name=\"twitter:label1\" content=\"Written by\" \/>\n\t<meta name=\"twitter:data1\" content=\"admin\" \/>\n\t<meta name=\"twitter:label2\" content=\"Est. reading time\" \/>\n\t<meta name=\"twitter:data2\" content=\"10 minutes\" \/>\n<script type=\"application\/ld+json\" class=\"yoast-schema-graph\">{\"@context\":\"https:\\\/\\\/schema.org\",\"@graph\":[{\"@type\":\"Article\",\"@id\":\"https:\\\/\\\/fjala.info\\\/2009-2015\\\/progres-raportet-e-be-dhe-shqiperia\\\/#article\",\"isPartOf\":{\"@id\":\"https:\\\/\\\/fjala.info\\\/2009-2015\\\/progres-raportet-e-be-dhe-shqiperia\\\/\"},\"author\":{\"name\":\"admin\",\"@id\":\"https:\\\/\\\/fjala.info\\\/2009-2015\\\/#\\\/schema\\\/person\\\/3aa1163ef05469c496fc94e77611ada2\"},\"headline\":\"Progres Raportet e BE dhe Shqip\u00ebria\",\"datePublished\":\"2010-11-13T08:56:13+00:00\",\"mainEntityOfPage\":{\"@id\":\"https:\\\/\\\/fjala.info\\\/2009-2015\\\/progres-raportet-e-be-dhe-shqiperia\\\/\"},\"wordCount\":2016,\"commentCount\":0,\"publisher\":{\"@id\":\"https:\\\/\\\/fjala.info\\\/2009-2015\\\/#organization\"},\"articleSection\":[\"Artikuj\"],\"inLanguage\":\"sq-AL\",\"potentialAction\":[{\"@type\":\"CommentAction\",\"name\":\"Comment\",\"target\":[\"https:\\\/\\\/fjala.info\\\/2009-2015\\\/progres-raportet-e-be-dhe-shqiperia\\\/#respond\"]}]},{\"@type\":\"WebPage\",\"@id\":\"https:\\\/\\\/fjala.info\\\/2009-2015\\\/progres-raportet-e-be-dhe-shqiperia\\\/\",\"url\":\"https:\\\/\\\/fjala.info\\\/2009-2015\\\/progres-raportet-e-be-dhe-shqiperia\\\/\",\"name\":\"Progres Raportet e BE dhe Shqip\u00ebria - FjALA e LIR\u00cb - Arkivi\",\"isPartOf\":{\"@id\":\"https:\\\/\\\/fjala.info\\\/2009-2015\\\/#website\"},\"datePublished\":\"2010-11-13T08:56:13+00:00\",\"breadcrumb\":{\"@id\":\"https:\\\/\\\/fjala.info\\\/2009-2015\\\/progres-raportet-e-be-dhe-shqiperia\\\/#breadcrumb\"},\"inLanguage\":\"sq-AL\",\"potentialAction\":[{\"@type\":\"ReadAction\",\"target\":[\"https:\\\/\\\/fjala.info\\\/2009-2015\\\/progres-raportet-e-be-dhe-shqiperia\\\/\"]}]},{\"@type\":\"BreadcrumbList\",\"@id\":\"https:\\\/\\\/fjala.info\\\/2009-2015\\\/progres-raportet-e-be-dhe-shqiperia\\\/#breadcrumb\",\"itemListElement\":[{\"@type\":\"ListItem\",\"position\":1,\"name\":\"Home\",\"item\":\"https:\\\/\\\/fjala.info\\\/2009-2015\\\/\"},{\"@type\":\"ListItem\",\"position\":2,\"name\":\"Progres Raportet e BE dhe Shqip\u00ebria\"}]},{\"@type\":\"WebSite\",\"@id\":\"https:\\\/\\\/fjala.info\\\/2009-2015\\\/#website\",\"url\":\"https:\\\/\\\/fjala.info\\\/2009-2015\\\/\",\"name\":\"FjALA e LIR\u00cb - Arkivi\",\"description\":\"Arkivi 2009-2015\",\"publisher\":{\"@id\":\"https:\\\/\\\/fjala.info\\\/2009-2015\\\/#organization\"},\"potentialAction\":[{\"@type\":\"SearchAction\",\"target\":{\"@type\":\"EntryPoint\",\"urlTemplate\":\"https:\\\/\\\/fjala.info\\\/2009-2015\\\/?s={search_term_string}\"},\"query-input\":{\"@type\":\"PropertyValueSpecification\",\"valueRequired\":true,\"valueName\":\"search_term_string\"}}],\"inLanguage\":\"sq-AL\"},{\"@type\":\"Organization\",\"@id\":\"https:\\\/\\\/fjala.info\\\/2009-2015\\\/#organization\",\"name\":\"FjALA e LIR\u00cb - Arkivi\",\"url\":\"https:\\\/\\\/fjala.info\\\/2009-2015\\\/\",\"logo\":{\"@type\":\"ImageObject\",\"inLanguage\":\"sq-AL\",\"@id\":\"https:\\\/\\\/fjala.info\\\/2009-2015\\\/#\\\/schema\\\/logo\\\/image\\\/\",\"url\":\"\",\"contentUrl\":\"\",\"caption\":\"FjALA e LIR\u00cb - Arkivi\"},\"image\":{\"@id\":\"https:\\\/\\\/fjala.info\\\/2009-2015\\\/#\\\/schema\\\/logo\\\/image\\\/\"}},{\"@type\":\"Person\",\"@id\":\"https:\\\/\\\/fjala.info\\\/2009-2015\\\/#\\\/schema\\\/person\\\/3aa1163ef05469c496fc94e77611ada2\",\"name\":\"admin\",\"image\":{\"@type\":\"ImageObject\",\"inLanguage\":\"sq-AL\",\"@id\":\"https:\\\/\\\/fjala.info\\\/2009-2015\\\/wp-content\\\/uploads\\\/2012\\\/02\\\/arben_cokaj-120x150.jpg\",\"url\":\"https:\\\/\\\/fjala.info\\\/2009-2015\\\/wp-content\\\/uploads\\\/2012\\\/02\\\/arben_cokaj-120x150.jpg\",\"contentUrl\":\"https:\\\/\\\/fjala.info\\\/2009-2015\\\/wp-content\\\/uploads\\\/2012\\\/02\\\/arben_cokaj-120x150.jpg\",\"caption\":\"admin\"},\"description\":\"Admin, Fjala e Lir\u00eb\",\"sameAs\":[\"https:\\\/\\\/fjala.info\\\/\"],\"url\":\"https:\\\/\\\/fjala.info\\\/2009-2015\\\/author\\\/admin\\\/\"}]}<\/script>\n<!-- \/ Yoast SEO plugin. -->","yoast_head_json":{"title":"Progres Raportet e BE dhe Shqip\u00ebria - FjALA e LIR\u00cb - Arkivi","robots":{"index":"index","follow":"follow","max-snippet":"max-snippet:-1","max-image-preview":"max-image-preview:large","max-video-preview":"max-video-preview:-1"},"canonical":"https:\/\/fjala.info\/2009-2015\/progres-raportet-e-be-dhe-shqiperia\/","og_locale":"sq_AL","og_type":"article","og_title":"Progres Raportet e BE dhe Shqip\u00ebria - FjALA e LIR\u00cb - Arkivi","og_description":"Nga: ARIAN GALDINI, 12 Nentor 2010 Edhe nj\u00eb tjet\u00ebr Progres Raport i BE-s\u00eb iu shtua detyrave t\u00eb sht\u00ebpis\u00eb q\u00eb gjithmon\u00eb tregon zell p\u00ebr t\u2019i zbatuar Shqip\u00ebria, por q\u00eb n\u00eb t\u00eb v\u00ebrtet\u00eb asnj\u00ebher\u00eb nuk i kryen si duhet, apo m\u00eb keq akoma, i kryen shkel e shko, ngase gjithmon\u00eb ia marrin mendjen lodrat dhe harrakatia e [&hellip;]","og_url":"https:\/\/fjala.info\/2009-2015\/progres-raportet-e-be-dhe-shqiperia\/","og_site_name":"FjALA e LIR\u00cb - Arkivi","article_published_time":"2010-11-13T08:56:13+00:00","author":"admin","twitter_card":"summary_large_image","twitter_misc":{"Written by":"admin","Est. reading time":"10 minutes"},"schema":{"@context":"https:\/\/schema.org","@graph":[{"@type":"Article","@id":"https:\/\/fjala.info\/2009-2015\/progres-raportet-e-be-dhe-shqiperia\/#article","isPartOf":{"@id":"https:\/\/fjala.info\/2009-2015\/progres-raportet-e-be-dhe-shqiperia\/"},"author":{"name":"admin","@id":"https:\/\/fjala.info\/2009-2015\/#\/schema\/person\/3aa1163ef05469c496fc94e77611ada2"},"headline":"Progres Raportet e BE dhe Shqip\u00ebria","datePublished":"2010-11-13T08:56:13+00:00","mainEntityOfPage":{"@id":"https:\/\/fjala.info\/2009-2015\/progres-raportet-e-be-dhe-shqiperia\/"},"wordCount":2016,"commentCount":0,"publisher":{"@id":"https:\/\/fjala.info\/2009-2015\/#organization"},"articleSection":["Artikuj"],"inLanguage":"sq-AL","potentialAction":[{"@type":"CommentAction","name":"Comment","target":["https:\/\/fjala.info\/2009-2015\/progres-raportet-e-be-dhe-shqiperia\/#respond"]}]},{"@type":"WebPage","@id":"https:\/\/fjala.info\/2009-2015\/progres-raportet-e-be-dhe-shqiperia\/","url":"https:\/\/fjala.info\/2009-2015\/progres-raportet-e-be-dhe-shqiperia\/","name":"Progres Raportet e BE dhe Shqip\u00ebria - FjALA e LIR\u00cb - Arkivi","isPartOf":{"@id":"https:\/\/fjala.info\/2009-2015\/#website"},"datePublished":"2010-11-13T08:56:13+00:00","breadcrumb":{"@id":"https:\/\/fjala.info\/2009-2015\/progres-raportet-e-be-dhe-shqiperia\/#breadcrumb"},"inLanguage":"sq-AL","potentialAction":[{"@type":"ReadAction","target":["https:\/\/fjala.info\/2009-2015\/progres-raportet-e-be-dhe-shqiperia\/"]}]},{"@type":"BreadcrumbList","@id":"https:\/\/fjala.info\/2009-2015\/progres-raportet-e-be-dhe-shqiperia\/#breadcrumb","itemListElement":[{"@type":"ListItem","position":1,"name":"Home","item":"https:\/\/fjala.info\/2009-2015\/"},{"@type":"ListItem","position":2,"name":"Progres Raportet e BE dhe Shqip\u00ebria"}]},{"@type":"WebSite","@id":"https:\/\/fjala.info\/2009-2015\/#website","url":"https:\/\/fjala.info\/2009-2015\/","name":"FjALA e LIR\u00cb - Arkivi","description":"Arkivi 2009-2015","publisher":{"@id":"https:\/\/fjala.info\/2009-2015\/#organization"},"potentialAction":[{"@type":"SearchAction","target":{"@type":"EntryPoint","urlTemplate":"https:\/\/fjala.info\/2009-2015\/?s={search_term_string}"},"query-input":{"@type":"PropertyValueSpecification","valueRequired":true,"valueName":"search_term_string"}}],"inLanguage":"sq-AL"},{"@type":"Organization","@id":"https:\/\/fjala.info\/2009-2015\/#organization","name":"FjALA e LIR\u00cb - Arkivi","url":"https:\/\/fjala.info\/2009-2015\/","logo":{"@type":"ImageObject","inLanguage":"sq-AL","@id":"https:\/\/fjala.info\/2009-2015\/#\/schema\/logo\/image\/","url":"","contentUrl":"","caption":"FjALA e LIR\u00cb - Arkivi"},"image":{"@id":"https:\/\/fjala.info\/2009-2015\/#\/schema\/logo\/image\/"}},{"@type":"Person","@id":"https:\/\/fjala.info\/2009-2015\/#\/schema\/person\/3aa1163ef05469c496fc94e77611ada2","name":"admin","image":{"@type":"ImageObject","inLanguage":"sq-AL","@id":"https:\/\/fjala.info\/2009-2015\/wp-content\/uploads\/2012\/02\/arben_cokaj-120x150.jpg","url":"https:\/\/fjala.info\/2009-2015\/wp-content\/uploads\/2012\/02\/arben_cokaj-120x150.jpg","contentUrl":"https:\/\/fjala.info\/2009-2015\/wp-content\/uploads\/2012\/02\/arben_cokaj-120x150.jpg","caption":"admin"},"description":"Admin, Fjala e Lir\u00eb","sameAs":["https:\/\/fjala.info\/"],"url":"https:\/\/fjala.info\/2009-2015\/author\/admin\/"}]}},"_links":{"self":[{"href":"https:\/\/fjala.info\/2009-2015\/wp-json\/wp\/v2\/posts\/4728","targetHints":{"allow":["GET"]}}],"collection":[{"href":"https:\/\/fjala.info\/2009-2015\/wp-json\/wp\/v2\/posts"}],"about":[{"href":"https:\/\/fjala.info\/2009-2015\/wp-json\/wp\/v2\/types\/post"}],"author":[{"embeddable":true,"href":"https:\/\/fjala.info\/2009-2015\/wp-json\/wp\/v2\/users\/1"}],"replies":[{"embeddable":true,"href":"https:\/\/fjala.info\/2009-2015\/wp-json\/wp\/v2\/comments?post=4728"}],"version-history":[{"count":0,"href":"https:\/\/fjala.info\/2009-2015\/wp-json\/wp\/v2\/posts\/4728\/revisions"}],"wp:attachment":[{"href":"https:\/\/fjala.info\/2009-2015\/wp-json\/wp\/v2\/media?parent=4728"}],"wp:term":[{"taxonomy":"category","embeddable":true,"href":"https:\/\/fjala.info\/2009-2015\/wp-json\/wp\/v2\/categories?post=4728"},{"taxonomy":"post_tag","embeddable":true,"href":"https:\/\/fjala.info\/2009-2015\/wp-json\/wp\/v2\/tags?post=4728"}],"curies":[{"name":"wp","href":"https:\/\/api.w.org\/{rel}","templated":true}]}}