{"id":4726,"date":"2010-11-13T08:53:48","date_gmt":"2010-11-13T07:53:48","guid":{"rendered":"http:\/\/fjala.shkoder.net\/?p=4726"},"modified":"2010-11-13T08:53:48","modified_gmt":"2010-11-13T07:53:48","slug":"magjia-saviano-e-benigni","status":"publish","type":"post","link":"https:\/\/fjala.info\/2009-2015\/magjia-saviano-e-benigni\/","title":{"rendered":"Magjia Saviano e Benigni"},"content":{"rendered":"<p><img loading=\"lazy\" decoding=\"async\" src=\"http:\/\/fjala.shkoder.net\/wp-content\/uploads\/2010\/10\/alba_malltezi.jpg\" alt=\"\" title=\"Alba Malltezi\" width=\"215\" height=\"170\" class=\"alignright size-full wp-image-4155\" \/><\/p>\n<p><strong>Alba Malltezi<\/strong><\/p>\n<p>Vitet e fundit t\u00eb gjith\u00eb e shohim m\u00eb pak televizionin italian. Jo vet\u00ebm p\u00ebr shkak t\u00eb boom-it t\u00eb televizioneve shqiptare, por dhe t\u00eb v\u00ebshtir\u00ebsis\u00eb p\u00ebr t\u2019i par\u00eb pa pages\u00eb stacionet e p\u00ebrtej detit. Megjithat\u00eb, nuk po humbim shum\u00eb, pasi televizionet italiane po p\u00ebrjetojn\u00eb degradim t\u00eb r\u00ebnd\u00eb n\u00eb historin\u00eb e tyre, ku problemet e njer\u00ebzve p\u00ebrzihen me minifundet e p\u00ebrdredhjet e balerinave e ku pikat e nxehta politiko-sociale, komentohen nga sho\u00ebgirl-e n\u00eb emisionet e gjata t\u00eb pasditeve. Pa folur per ringjet ne sallonet politike, t\u00eb cilat dhe ne nxitojm\u00eb t\u2019i imitojm\u00eb. <\/p>\n<p>Por Italia \u00ebsht\u00eb Italia dhe njer\u00ebzit e m\u00ebdhenj e t\u00eb men\u00e7ur s\u2019i kan\u00eb munguar kurr\u00eb. Kan\u00eb gjithnj\u00eb e m\u00eb pak hap\u00ebsir\u00eb n\u00eb televizionet publike dhe ato private t\u00eb Berluskonit, por kur arrijn\u00eb t\u00eb dalin, trondisin opinionin duke arritur sukses si n\u00eb ndjekshm\u00ebri, ashtu dhe n\u00eb magjin\u00eb q\u00eb krijojn\u00eb me FJALEN. <\/p>\n<p>T\u00eb h\u00ebn\u00ebn n\u00eb dark\u00eb, p\u00ebrmes RAITRE, pas polemikave q\u00eb tentuan ta bllokonin, u p\u00ebrcoll nj\u00eb mrekulli televizive, di\u00e7ka mes teatrit dhe spektaklit, ku n\u00eb plan t\u00eb par\u00eb ishin \u00e7\u00ebshtjet kryesore q\u00eb shqet\u00ebsojn\u00eb shoq\u00ebrin\u00eb italiane. Roberto Saviano, Roberto Benigni, dhe dirigjenti Claudio Abbado u kujtuan njer\u00ebzve se sa vler\u00eb ka demokracia, e v\u00ebrteta, kultura. Monolog\u00eb e dialog\u00eb t\u00eb koh\u00ebve moderne, me talentin dhe forc\u00ebn danteske. <\/p>\n<p>Roberto Saviano, ky i ri i guximtar, i talentuar, i ngujuar pas k\u00ebrc\u00ebnimeve me vdekje t\u00eb mafias shpjegoi se si funksionon n\u00eb Itali makina e p\u00ebrbaltjes. Se si, ata q\u00eb k\u00ebrkojn\u00eb t\u00eb respektojn\u00eb ligjin e institucionet, vihen n\u00eb sh\u00ebnjest\u00ebr e p\u00ebrbalten nga pushtetar\u00ebt me refrenin: \u201cJemi t\u00eb gjith\u00eb nj\u00ebsoj. Vjedhim ne, por dhe ju s\u2019b\u00ebni pak. I kemi ne thonjt\u00eb pis, por dhe ju i keni. Kemi ne lidhje me mafian, por dhe ju b\u00ebni gabime&#8230;\u201d. <\/p>\n<p>Makina e p\u00ebrbaltjes ka frik\u00eb nga t\u00eb ndryshmit. Makina e balt\u00ebs nuk thot\u00eb se \u201cne nuk i kemi b\u00ebr\u00eb ato p\u00ebr t\u00eb cilat akuzohemi, por dhe ju s\u2019jeni t\u00eb mir\u00eb \u2013 shpjegon Saviano, &#8211; por italian\u00ebt duhet t\u00eb dallojn\u00eb se cil\u00ebt jan\u00eb ndryshe. Mos thoni jemi m\u00eb t\u00eb mir\u00eb, por thoni: Jemi ndryshe\u201d. Nuk \u00ebsht\u00eb nj\u00ebsoj t\u00eb b\u00ebsh gabime e t\u00eb shkel\u00ebsh ligjin me dashje, u p\u00ebrcoll n\u00eb emision. Politikan\u00ebt b\u00ebjn\u00eb gabime, sepse kush punon, gabon, por politika e manipulimeve, \u00ebsht\u00eb tjet\u00ebr gj\u00eb, \u00ebsht\u00eb politik\u00eb kriminale. <\/p>\n<p>Roberto Benigni, \u00e7mimi oskar i \u201cJeta \u00ebsht\u00eb e bukur\u201d, fshikulloi skandalet seksuale t\u00eb kryeministrit Berluskoni. Ironizoi deklaratat e premierit italian se \u201cMafia po hak\u00ebmerrej ndaj tij&#8230;\u201d e Beninji iu lut mafioz\u00ebve: \u201cMafioz\u00eb t\u00eb posht\u00ebr! M\u00eb nd\u00ebshkoni dhe mua! M\u00eb sillni befas n\u00eb sht\u00ebpi ca prostituta t\u00eb bukura! M\u00eb trembni me to! Mir\u00eb \u00ebsht\u00eb t\u00eb jen\u00eb t\u00eb mitura!\u201d <\/p>\n<p>N\u00eb emision i ftuar dhe Niki Vendola, kreu i krahin\u00ebs s\u00eb Puljas, njeriu i kultur\u00ebs dhe i politik\u00ebs q\u00eb i ka paraqitur sfid\u00ebn njeriut q\u00eb solli n\u00eb Itali politik\u00ebn e balerinave (velinave), Berluskonit.<br \/>\nEmisioni i t\u00eb h\u00ebn\u00ebs n\u00eb mbr\u00ebmje u ndoq nga mbi 7 milion\u00eb italian\u00eb me kulme q\u00eb kap\u00ebrcyen 9 milion\u00ebt, duke sfiduar e duke l\u00ebn\u00eb me 4 milion\u00eb telespektator\u00eb e n\u00eb kriz\u00eb \u201cGrande Fratello\u201d. Antikultura u sfidua nga th\u00ebniet e dirigjentit Claudio Abbado: \u201cKultura \u00ebsht\u00eb liri dhe t\u00eb lejon t\u00eb dallosh t\u00eb mir\u00ebn nga e keqja. Kultura t\u00eb ndihmon t\u00eb sh\u00ebrohesh; kultura \u00ebsht\u00eb kund\u00ebr \u00e7do racizmi. Me kultur\u00ebn luftohet varf\u00ebria. Kultura do t\u00eb \u00e7oj\u00eb f\u00ebmij\u00ebt tan\u00eb n\u00eb opera e teat\u00ebr p\u00ebr t\u00eb p\u00ebrjetuar e shijuar magjin\u00eb e muzik\u00ebs. Kultura \u00ebsht\u00eb si jeta dhe jeta \u00ebsht\u00eb e bukur\u2026 \u201c <\/p>\n<p>N\u00eb internet kushdo mund t\u00eb ndjek\u00eb at\u00eb q\u00eb u tha t\u00eb h\u00ebn\u00ebn n\u00eb mbr\u00ebmje n\u00eb Rai Tre, nga personalitete e nj\u00ebr\u00ebz t\u00eb men\u00e7ur t\u00eb vendit fqinj, por dua ta mbyll k\u00ebt\u00eb \u201cPeriferi\u201d me Benignin p\u00ebr Savianon: \u201cShihni k\u00ebt\u00eb djal\u00eb, \u00ebsht\u00eb i lumtur. Kini besim te njer\u00ebzit e lumtur. Ata jan\u00eb zem\u00ebrgjer\u00eb, t\u00eb mir\u00eb\u2026\u201d<\/p>\n","protected":false},"excerpt":{"rendered":"<p>Alba Malltezi Vitet e fundit t\u00eb gjith\u00eb e shohim m\u00eb pak televizionin italian. Jo vet\u00ebm p\u00ebr shkak t\u00eb boom-it t\u00eb televizioneve shqiptare, por dhe t\u00eb v\u00ebshtir\u00ebsis\u00eb p\u00ebr t\u2019i par\u00eb pa pages\u00eb stacionet e p\u00ebrtej detit. Megjithat\u00eb, nuk po humbim shum\u00eb, pasi televizionet italiane po p\u00ebrjetojn\u00eb degradim t\u00eb r\u00ebnd\u00eb n\u00eb historin\u00eb e tyre, ku problemet e [&hellip;]<\/p>\n","protected":false},"author":1,"featured_media":0,"comment_status":"open","ping_status":"closed","sticky":false,"template":"","format":"standard","meta":{"footnotes":""},"categories":[2],"tags":[],"class_list":{"0":"post-4726","1":"post","2":"type-post","3":"status-publish","4":"format-standard","6":"category-artikuj"},"yoast_head":"<!-- This site is optimized with the Yoast SEO plugin v27.4 - https:\/\/yoast.com\/product\/yoast-seo-wordpress\/ -->\n<title>Magjia Saviano e Benigni - FjALA e LIR\u00cb - Arkivi<\/title>\n<meta name=\"robots\" content=\"index, follow, max-snippet:-1, max-image-preview:large, max-video-preview:-1\" \/>\n<link rel=\"canonical\" href=\"https:\/\/fjala.info\/2009-2015\/magjia-saviano-e-benigni\/\" \/>\n<meta property=\"og:locale\" content=\"sq_AL\" \/>\n<meta property=\"og:type\" content=\"article\" \/>\n<meta property=\"og:title\" content=\"Magjia Saviano e Benigni - FjALA e LIR\u00cb - Arkivi\" \/>\n<meta property=\"og:description\" content=\"Alba Malltezi Vitet e fundit t\u00eb gjith\u00eb e shohim m\u00eb pak televizionin italian. Jo vet\u00ebm p\u00ebr shkak t\u00eb boom-it t\u00eb televizioneve shqiptare, por dhe t\u00eb v\u00ebshtir\u00ebsis\u00eb p\u00ebr t\u2019i par\u00eb pa pages\u00eb stacionet e p\u00ebrtej detit. Megjithat\u00eb, nuk po humbim shum\u00eb, pasi televizionet italiane po p\u00ebrjetojn\u00eb degradim t\u00eb r\u00ebnd\u00eb n\u00eb historin\u00eb e tyre, ku problemet e [&hellip;]\" \/>\n<meta property=\"og:url\" content=\"https:\/\/fjala.info\/2009-2015\/magjia-saviano-e-benigni\/\" \/>\n<meta property=\"og:site_name\" content=\"FjALA e LIR\u00cb - Arkivi\" \/>\n<meta property=\"article:published_time\" content=\"2010-11-13T07:53:48+00:00\" \/>\n<meta property=\"og:image\" content=\"http:\/\/fjala.shkoder.net\/wp-content\/uploads\/2010\/10\/alba_malltezi.jpg\" \/>\n<meta name=\"author\" content=\"admin\" \/>\n<meta name=\"twitter:card\" content=\"summary_large_image\" \/>\n<meta name=\"twitter:label1\" content=\"Written by\" \/>\n\t<meta name=\"twitter:data1\" content=\"admin\" \/>\n\t<meta name=\"twitter:label2\" content=\"Est. reading time\" \/>\n\t<meta name=\"twitter:data2\" content=\"3 minutes\" \/>\n<script type=\"application\/ld+json\" class=\"yoast-schema-graph\">{\"@context\":\"https:\\\/\\\/schema.org\",\"@graph\":[{\"@type\":\"Article\",\"@id\":\"https:\\\/\\\/fjala.info\\\/2009-2015\\\/magjia-saviano-e-benigni\\\/#article\",\"isPartOf\":{\"@id\":\"https:\\\/\\\/fjala.info\\\/2009-2015\\\/magjia-saviano-e-benigni\\\/\"},\"author\":{\"name\":\"admin\",\"@id\":\"https:\\\/\\\/fjala.info\\\/2009-2015\\\/#\\\/schema\\\/person\\\/3aa1163ef05469c496fc94e77611ada2\"},\"headline\":\"Magjia Saviano e Benigni\",\"datePublished\":\"2010-11-13T07:53:48+00:00\",\"mainEntityOfPage\":{\"@id\":\"https:\\\/\\\/fjala.info\\\/2009-2015\\\/magjia-saviano-e-benigni\\\/\"},\"wordCount\":703,\"commentCount\":0,\"publisher\":{\"@id\":\"https:\\\/\\\/fjala.info\\\/2009-2015\\\/#organization\"},\"image\":{\"@id\":\"https:\\\/\\\/fjala.info\\\/2009-2015\\\/magjia-saviano-e-benigni\\\/#primaryimage\"},\"thumbnailUrl\":\"http:\\\/\\\/fjala.shkoder.net\\\/wp-content\\\/uploads\\\/2010\\\/10\\\/alba_malltezi.jpg\",\"articleSection\":[\"Artikuj\"],\"inLanguage\":\"sq-AL\",\"potentialAction\":[{\"@type\":\"CommentAction\",\"name\":\"Comment\",\"target\":[\"https:\\\/\\\/fjala.info\\\/2009-2015\\\/magjia-saviano-e-benigni\\\/#respond\"]}]},{\"@type\":\"WebPage\",\"@id\":\"https:\\\/\\\/fjala.info\\\/2009-2015\\\/magjia-saviano-e-benigni\\\/\",\"url\":\"https:\\\/\\\/fjala.info\\\/2009-2015\\\/magjia-saviano-e-benigni\\\/\",\"name\":\"Magjia Saviano e Benigni - FjALA e LIR\u00cb - Arkivi\",\"isPartOf\":{\"@id\":\"https:\\\/\\\/fjala.info\\\/2009-2015\\\/#website\"},\"primaryImageOfPage\":{\"@id\":\"https:\\\/\\\/fjala.info\\\/2009-2015\\\/magjia-saviano-e-benigni\\\/#primaryimage\"},\"image\":{\"@id\":\"https:\\\/\\\/fjala.info\\\/2009-2015\\\/magjia-saviano-e-benigni\\\/#primaryimage\"},\"thumbnailUrl\":\"http:\\\/\\\/fjala.shkoder.net\\\/wp-content\\\/uploads\\\/2010\\\/10\\\/alba_malltezi.jpg\",\"datePublished\":\"2010-11-13T07:53:48+00:00\",\"breadcrumb\":{\"@id\":\"https:\\\/\\\/fjala.info\\\/2009-2015\\\/magjia-saviano-e-benigni\\\/#breadcrumb\"},\"inLanguage\":\"sq-AL\",\"potentialAction\":[{\"@type\":\"ReadAction\",\"target\":[\"https:\\\/\\\/fjala.info\\\/2009-2015\\\/magjia-saviano-e-benigni\\\/\"]}]},{\"@type\":\"ImageObject\",\"inLanguage\":\"sq-AL\",\"@id\":\"https:\\\/\\\/fjala.info\\\/2009-2015\\\/magjia-saviano-e-benigni\\\/#primaryimage\",\"url\":\"http:\\\/\\\/fjala.shkoder.net\\\/wp-content\\\/uploads\\\/2010\\\/10\\\/alba_malltezi.jpg\",\"contentUrl\":\"http:\\\/\\\/fjala.shkoder.net\\\/wp-content\\\/uploads\\\/2010\\\/10\\\/alba_malltezi.jpg\"},{\"@type\":\"BreadcrumbList\",\"@id\":\"https:\\\/\\\/fjala.info\\\/2009-2015\\\/magjia-saviano-e-benigni\\\/#breadcrumb\",\"itemListElement\":[{\"@type\":\"ListItem\",\"position\":1,\"name\":\"Home\",\"item\":\"https:\\\/\\\/fjala.info\\\/2009-2015\\\/\"},{\"@type\":\"ListItem\",\"position\":2,\"name\":\"Magjia Saviano e Benigni\"}]},{\"@type\":\"WebSite\",\"@id\":\"https:\\\/\\\/fjala.info\\\/2009-2015\\\/#website\",\"url\":\"https:\\\/\\\/fjala.info\\\/2009-2015\\\/\",\"name\":\"FjALA e LIR\u00cb - Arkivi\",\"description\":\"Arkivi 2009-2015\",\"publisher\":{\"@id\":\"https:\\\/\\\/fjala.info\\\/2009-2015\\\/#organization\"},\"potentialAction\":[{\"@type\":\"SearchAction\",\"target\":{\"@type\":\"EntryPoint\",\"urlTemplate\":\"https:\\\/\\\/fjala.info\\\/2009-2015\\\/?s={search_term_string}\"},\"query-input\":{\"@type\":\"PropertyValueSpecification\",\"valueRequired\":true,\"valueName\":\"search_term_string\"}}],\"inLanguage\":\"sq-AL\"},{\"@type\":\"Organization\",\"@id\":\"https:\\\/\\\/fjala.info\\\/2009-2015\\\/#organization\",\"name\":\"FjALA e LIR\u00cb - Arkivi\",\"url\":\"https:\\\/\\\/fjala.info\\\/2009-2015\\\/\",\"logo\":{\"@type\":\"ImageObject\",\"inLanguage\":\"sq-AL\",\"@id\":\"https:\\\/\\\/fjala.info\\\/2009-2015\\\/#\\\/schema\\\/logo\\\/image\\\/\",\"url\":\"\",\"contentUrl\":\"\",\"caption\":\"FjALA e LIR\u00cb - Arkivi\"},\"image\":{\"@id\":\"https:\\\/\\\/fjala.info\\\/2009-2015\\\/#\\\/schema\\\/logo\\\/image\\\/\"}},{\"@type\":\"Person\",\"@id\":\"https:\\\/\\\/fjala.info\\\/2009-2015\\\/#\\\/schema\\\/person\\\/3aa1163ef05469c496fc94e77611ada2\",\"name\":\"admin\",\"image\":{\"@type\":\"ImageObject\",\"inLanguage\":\"sq-AL\",\"@id\":\"https:\\\/\\\/fjala.info\\\/2009-2015\\\/wp-content\\\/uploads\\\/2012\\\/02\\\/arben_cokaj-120x150.jpg\",\"url\":\"https:\\\/\\\/fjala.info\\\/2009-2015\\\/wp-content\\\/uploads\\\/2012\\\/02\\\/arben_cokaj-120x150.jpg\",\"contentUrl\":\"https:\\\/\\\/fjala.info\\\/2009-2015\\\/wp-content\\\/uploads\\\/2012\\\/02\\\/arben_cokaj-120x150.jpg\",\"caption\":\"admin\"},\"description\":\"Admin, Fjala e Lir\u00eb\",\"sameAs\":[\"https:\\\/\\\/fjala.info\\\/\"],\"url\":\"https:\\\/\\\/fjala.info\\\/2009-2015\\\/author\\\/admin\\\/\"}]}<\/script>\n<!-- \/ Yoast SEO plugin. -->","yoast_head_json":{"title":"Magjia Saviano e Benigni - FjALA e LIR\u00cb - Arkivi","robots":{"index":"index","follow":"follow","max-snippet":"max-snippet:-1","max-image-preview":"max-image-preview:large","max-video-preview":"max-video-preview:-1"},"canonical":"https:\/\/fjala.info\/2009-2015\/magjia-saviano-e-benigni\/","og_locale":"sq_AL","og_type":"article","og_title":"Magjia Saviano e Benigni - FjALA e LIR\u00cb - Arkivi","og_description":"Alba Malltezi Vitet e fundit t\u00eb gjith\u00eb e shohim m\u00eb pak televizionin italian. Jo vet\u00ebm p\u00ebr shkak t\u00eb boom-it t\u00eb televizioneve shqiptare, por dhe t\u00eb v\u00ebshtir\u00ebsis\u00eb p\u00ebr t\u2019i par\u00eb pa pages\u00eb stacionet e p\u00ebrtej detit. Megjithat\u00eb, nuk po humbim shum\u00eb, pasi televizionet italiane po p\u00ebrjetojn\u00eb degradim t\u00eb r\u00ebnd\u00eb n\u00eb historin\u00eb e tyre, ku problemet e [&hellip;]","og_url":"https:\/\/fjala.info\/2009-2015\/magjia-saviano-e-benigni\/","og_site_name":"FjALA e LIR\u00cb - Arkivi","article_published_time":"2010-11-13T07:53:48+00:00","og_image":[{"url":"http:\/\/fjala.shkoder.net\/wp-content\/uploads\/2010\/10\/alba_malltezi.jpg","type":"","width":"","height":""}],"author":"admin","twitter_card":"summary_large_image","twitter_misc":{"Written by":"admin","Est. reading time":"3 minutes"},"schema":{"@context":"https:\/\/schema.org","@graph":[{"@type":"Article","@id":"https:\/\/fjala.info\/2009-2015\/magjia-saviano-e-benigni\/#article","isPartOf":{"@id":"https:\/\/fjala.info\/2009-2015\/magjia-saviano-e-benigni\/"},"author":{"name":"admin","@id":"https:\/\/fjala.info\/2009-2015\/#\/schema\/person\/3aa1163ef05469c496fc94e77611ada2"},"headline":"Magjia Saviano e Benigni","datePublished":"2010-11-13T07:53:48+00:00","mainEntityOfPage":{"@id":"https:\/\/fjala.info\/2009-2015\/magjia-saviano-e-benigni\/"},"wordCount":703,"commentCount":0,"publisher":{"@id":"https:\/\/fjala.info\/2009-2015\/#organization"},"image":{"@id":"https:\/\/fjala.info\/2009-2015\/magjia-saviano-e-benigni\/#primaryimage"},"thumbnailUrl":"http:\/\/fjala.shkoder.net\/wp-content\/uploads\/2010\/10\/alba_malltezi.jpg","articleSection":["Artikuj"],"inLanguage":"sq-AL","potentialAction":[{"@type":"CommentAction","name":"Comment","target":["https:\/\/fjala.info\/2009-2015\/magjia-saviano-e-benigni\/#respond"]}]},{"@type":"WebPage","@id":"https:\/\/fjala.info\/2009-2015\/magjia-saviano-e-benigni\/","url":"https:\/\/fjala.info\/2009-2015\/magjia-saviano-e-benigni\/","name":"Magjia Saviano e Benigni - FjALA e LIR\u00cb - Arkivi","isPartOf":{"@id":"https:\/\/fjala.info\/2009-2015\/#website"},"primaryImageOfPage":{"@id":"https:\/\/fjala.info\/2009-2015\/magjia-saviano-e-benigni\/#primaryimage"},"image":{"@id":"https:\/\/fjala.info\/2009-2015\/magjia-saviano-e-benigni\/#primaryimage"},"thumbnailUrl":"http:\/\/fjala.shkoder.net\/wp-content\/uploads\/2010\/10\/alba_malltezi.jpg","datePublished":"2010-11-13T07:53:48+00:00","breadcrumb":{"@id":"https:\/\/fjala.info\/2009-2015\/magjia-saviano-e-benigni\/#breadcrumb"},"inLanguage":"sq-AL","potentialAction":[{"@type":"ReadAction","target":["https:\/\/fjala.info\/2009-2015\/magjia-saviano-e-benigni\/"]}]},{"@type":"ImageObject","inLanguage":"sq-AL","@id":"https:\/\/fjala.info\/2009-2015\/magjia-saviano-e-benigni\/#primaryimage","url":"http:\/\/fjala.shkoder.net\/wp-content\/uploads\/2010\/10\/alba_malltezi.jpg","contentUrl":"http:\/\/fjala.shkoder.net\/wp-content\/uploads\/2010\/10\/alba_malltezi.jpg"},{"@type":"BreadcrumbList","@id":"https:\/\/fjala.info\/2009-2015\/magjia-saviano-e-benigni\/#breadcrumb","itemListElement":[{"@type":"ListItem","position":1,"name":"Home","item":"https:\/\/fjala.info\/2009-2015\/"},{"@type":"ListItem","position":2,"name":"Magjia Saviano e Benigni"}]},{"@type":"WebSite","@id":"https:\/\/fjala.info\/2009-2015\/#website","url":"https:\/\/fjala.info\/2009-2015\/","name":"FjALA e LIR\u00cb - Arkivi","description":"Arkivi 2009-2015","publisher":{"@id":"https:\/\/fjala.info\/2009-2015\/#organization"},"potentialAction":[{"@type":"SearchAction","target":{"@type":"EntryPoint","urlTemplate":"https:\/\/fjala.info\/2009-2015\/?s={search_term_string}"},"query-input":{"@type":"PropertyValueSpecification","valueRequired":true,"valueName":"search_term_string"}}],"inLanguage":"sq-AL"},{"@type":"Organization","@id":"https:\/\/fjala.info\/2009-2015\/#organization","name":"FjALA e LIR\u00cb - Arkivi","url":"https:\/\/fjala.info\/2009-2015\/","logo":{"@type":"ImageObject","inLanguage":"sq-AL","@id":"https:\/\/fjala.info\/2009-2015\/#\/schema\/logo\/image\/","url":"","contentUrl":"","caption":"FjALA e LIR\u00cb - Arkivi"},"image":{"@id":"https:\/\/fjala.info\/2009-2015\/#\/schema\/logo\/image\/"}},{"@type":"Person","@id":"https:\/\/fjala.info\/2009-2015\/#\/schema\/person\/3aa1163ef05469c496fc94e77611ada2","name":"admin","image":{"@type":"ImageObject","inLanguage":"sq-AL","@id":"https:\/\/fjala.info\/2009-2015\/wp-content\/uploads\/2012\/02\/arben_cokaj-120x150.jpg","url":"https:\/\/fjala.info\/2009-2015\/wp-content\/uploads\/2012\/02\/arben_cokaj-120x150.jpg","contentUrl":"https:\/\/fjala.info\/2009-2015\/wp-content\/uploads\/2012\/02\/arben_cokaj-120x150.jpg","caption":"admin"},"description":"Admin, Fjala e Lir\u00eb","sameAs":["https:\/\/fjala.info\/"],"url":"https:\/\/fjala.info\/2009-2015\/author\/admin\/"}]}},"_links":{"self":[{"href":"https:\/\/fjala.info\/2009-2015\/wp-json\/wp\/v2\/posts\/4726","targetHints":{"allow":["GET"]}}],"collection":[{"href":"https:\/\/fjala.info\/2009-2015\/wp-json\/wp\/v2\/posts"}],"about":[{"href":"https:\/\/fjala.info\/2009-2015\/wp-json\/wp\/v2\/types\/post"}],"author":[{"embeddable":true,"href":"https:\/\/fjala.info\/2009-2015\/wp-json\/wp\/v2\/users\/1"}],"replies":[{"embeddable":true,"href":"https:\/\/fjala.info\/2009-2015\/wp-json\/wp\/v2\/comments?post=4726"}],"version-history":[{"count":0,"href":"https:\/\/fjala.info\/2009-2015\/wp-json\/wp\/v2\/posts\/4726\/revisions"}],"wp:attachment":[{"href":"https:\/\/fjala.info\/2009-2015\/wp-json\/wp\/v2\/media?parent=4726"}],"wp:term":[{"taxonomy":"category","embeddable":true,"href":"https:\/\/fjala.info\/2009-2015\/wp-json\/wp\/v2\/categories?post=4726"},{"taxonomy":"post_tag","embeddable":true,"href":"https:\/\/fjala.info\/2009-2015\/wp-json\/wp\/v2\/tags?post=4726"}],"curies":[{"name":"wp","href":"https:\/\/api.w.org\/{rel}","templated":true}]}}