{"id":4724,"date":"2012-08-28T21:47:53","date_gmt":"2012-08-28T20:47:53","guid":{"rendered":"http:\/\/www.fjala.info\/?p=4724"},"modified":"2012-08-28T21:47:53","modified_gmt":"2012-08-28T20:47:53","slug":"nje-referendum-pa-kundershtare","status":"publish","type":"post","link":"https:\/\/fjala.info\/2009-2015\/nje-referendum-pa-kundershtare\/","title":{"rendered":"Nj\u00eb referendum pa kund\u00ebrshtar\u00eb?"},"content":{"rendered":"<p><img decoding=\"async\" class=\"alignright size-thumbnail wp-image-7236\" title=\"Pre\u00e7 Zogaj\" src=\"http:\/\/www.fjala.info\/2012\/prec_zogaj.jpg\" alt=\"\" width=\"150\" \/> Analiz\u00eb nga <strong>PRE\u00c7 ZOGAJ<\/strong><\/p>\n<p>Kufizimi apo heqja e imunitetit n\u00eb Shqip\u00ebri \u00ebsht\u00eb nj\u00eb \u00e7\u00ebshtje pa kund\u00ebrshtar\u00eb me pesh\u00eb n\u00eb spektrin politik dhe shoq\u00ebror t\u00eb vendit. Duke qen\u00eb dakord , shihet qart\u00eb nga shum\u00eb testime se opinioni publik nuk i jep r\u00ebnd\u00ebsin\u00eb q\u00eb duan t\u2019i japim me zor demagog\u00ebt politik\u00eb. Imunitete jan\u00eb hequr e hiqen sa her\u00eb k\u00ebrkon Prokuroria, por korrupsioni marrshon p\u00ebrpara. Shum\u00eb pak njer\u00ebz besojn\u00eb se heqja e imunitetit do t\u00eb rris\u00eb goditjen e ligjit ndaj abuzimeve dhe makroabuzimeve n\u00eb sferat e larta. Pand\u00ebshkueshm\u00ebria si fenomen shqiptar i konsoliduar dhe i ngritur n\u00eb kultur\u00eb gjat\u00eb pes\u00eb-gjasht\u00eb viteve t\u00eb fundit \u00ebsht\u00eb nj\u00eb rreth i mbyllur p\u00ebr momentin midis politikan\u00ebve n\u00eb pushtet dhe gjyqtar\u00ebve t\u00eb korruptuar.<\/p>\n<p>Megjithat\u00eb, qytetar\u00ebt n\u00eb p\u00ebrgjith\u00ebsi jan\u00eb pro heqjes s\u00eb imunitetit. Nd\u00ebrkaq, n\u00eb rrafshin politik, dy partit\u00eb m\u00eb t\u00eb m\u00ebdha parlamentare PD dhe PS, por edhe mjaft parti t\u00eb tjera m\u00eb t\u00eb vogla, kan\u00eb demostruar nj\u00eb qasje t\u00eb p\u00ebraf\u00ebrt p\u00ebr \u00e7eshtjen, madje identike n\u00eb pika t\u00eb caktuara. Diskutimi \u201ct\u00eb preket apo t\u00eb mos preket\u201d ka marr\u00eb p\u00ebrgjigjen unanime \u201cpo\u201d t\u00eb k\u00ebtyre partive. Faza e q\u00ebndrimit n\u00eb parim \u00ebsht\u00eb kap\u00ebrcyer n\u00eb favor t\u00eb konsensusit. Diferencat apo mospajtimet kan\u00eb qen\u00eb dhe jan\u00eb jo substanciale.<\/p>\n<p>Vet\u00eb p\u00ebrfaq\u00ebsuesit e K\u00ebshillit t\u00eb Europ\u00ebs deklaruan n\u00eb muajin korrik se variantet e qeveris\u00eb dhe opozit\u00ebs jan\u00eb nj\u00eblloj t\u00eb pranueshme. Mospajtimi m\u00eb i artikuluar ka qen\u00eb ai p\u00ebr dat\u00ebn e votimit. Berisha k\u00ebrkoi me ngulm dat\u00ebn 6 gusht. Opozita ka preferuar fillimin e sesionit t\u00eb ri parlamentar. N\u00eb pamje t\u00eb par\u00eb mospajtimet p\u00ebr dat\u00ebn jan\u00eb dukur si nj\u00eb loj\u00eb kalamajsh, por nuk \u00ebsht\u00eb krejt ashtu. Opozita nuk ka dashur t\u00eb merret zvarr\u00eb me nj\u00eb dat\u00eb si tek\u00eb sulltani n\u00eb muajin gusht, kur gjith\u00eb bota demokratike shkon me pushime. Kryeministrit nd\u00ebrkaq nuk pati durim t\u00eb priste sesionin e ri, por duke f\u00ebrkuar duart nga k\u00ebnaq\u00ebsia, hodhi iden\u00eb e referendumit popullor.<\/p>\n<p>Referendum p\u00ebr \u00e7far\u00eb? N\u00eb nj\u00eb koh\u00eb kur shumica d\u00ebrmuese e partive dhe organizatave t\u00eb shoq\u00ebris\u00eb civile jan\u00eb pro kufizimit apo heqjes s\u00eb imunitetit, referendumit berishian i mbetet t\u00eb b\u00ebh\u00ebt p\u00ebr dat\u00ebn dhe p\u00ebr ndonj\u00eb nuanc\u00eb tjet\u00ebr t\u00eb par\u00ebnd\u00ebsishme dhe jokushtezuese q\u00eb ndan qeverin\u00eb nga opozita p\u00ebr k\u00ebt\u00eb tem\u00eb. Po a mund t\u00eb degradoj\u00eb kuptimi i lart\u00eb i referndumit n\u00eb k\u00ebt\u00eb shkall\u00eb? A mund t\u00eb hidhen nga dritarja miliona euro p\u00ebr mustaqet e \u00c7elos? Kuptohet se jo.<\/p>\n<p>Berisha mund ta ket\u00eb merak nj\u00eb referendum p\u00ebr t\u00eb fshir\u00eb kujtimin e referendumit t\u00eb humbur thell\u00eb prej tij n\u00eb vitin 1994. Por nuk \u00ebsht\u00eb ky p\u00ebr imunitetin rasti dhe ai e di mir\u00eb k\u00ebt\u00eb. Ideja e referendumit p\u00ebr heqjen e imunitetit, kur n\u00eb fush\u00eb nuk ka forca serioze q\u00eb jan\u00eb kund\u00ebr dhe kur data e refendumit eventual nuk mund t\u00eb jet\u00eb m\u00eb e af\u00ebrt se nj\u00eb dat\u00eb e caktuar nga Kuvendi n\u00eb sesionin e ri, tregon qart\u00eb se Berisha dhe shumica e tij kan\u00eb nj\u00eb hall tjet\u00ebr m\u00eb t\u00eb madh se heqja e imunitetit. Atyre u duhet patjet\u00ebr nj\u00eb justifikim demagogjiko-populist p\u00ebr refuzimin eventual p\u00ebr t\u00eb tretin vit radhazi nga Europa t\u00eb statusit t\u00eb vendit kandidat p\u00ebr Shqip\u00ebrin\u00eb.<\/p>\n<p>Jo se i ha meraku q\u00eb jemi s\u00ebrish n\u00eb bisht t\u00eb Europ\u00ebs- po ta kishin k\u00ebt\u00eb merak do t\u00eb qeverisnin ndryshe- por u duhet p\u00ebr propaganda, meqenese po futemi edhe n\u00eb nj\u00eb vit elektoral. E kuptojn\u00eb sa e r\u00ebnd\u00eb \u00ebsht\u00eb n\u00eb v\u00ebshtrimin e popullit proeuroian shqiptar t\u00eb ngel\u00ebsh tre her\u00eb radhazi n\u00eb provimet e Bruskelit; e kuptojn\u00eb se nj\u00eb qeveri q\u00eb ka xhiruar n\u00eb vend kat\u00ebr vjet radhazi n\u00eb lidhje me aspirat\u00ebn num\u00ebr nj\u00eb t\u00eb popullit t\u00eb vet nuk ka m\u00eb asnj\u00eb arsye t\u00eb rikonfirmohet n\u00eb qeverisje. Vet\u00ebm n\u00ebse populli nga proeuroopian \u00ebsht\u00eb kthyer n\u00eb antieuropian, gj\u00eb q\u00eb nuk ka ndodhur e s\u2019ka p\u00ebr t\u00eb ndodhur. Pra u duhet t\u00eb kapen diku, u duhet t\u2019ja faturojn\u00eb opozit\u00ebs d\u00ebshtimin eventual me stausin. E din\u00eb se \u00ebsht\u00eb marr\u00ebzi, po kush ta haj\u00eb, ta haj\u00eb.<\/p>\n<p>Nj\u00eb qeveri serioze, edhe kur sheh se po d\u00ebshton n\u00eb nj\u00eb synim t\u00eb saj- d\u00ebshtimet nuk jan\u00eb domosdoshm\u00ebrisht faje dhe mjaft qeveri n\u00eb Europ\u00eb p\u00ebrballen demokratikisht me d\u00ebshtimet duke ndryshuar kurs apo liruar vendin- pra nj\u00eb qeveri serioze nuk e \u00e7on nep\u00ebr mend t\u00eb genjej\u00eb vetem e mandej edhe publikun duke shpikur detyra sht\u00ebpie q\u00eb nuk na i ka v\u00ebn\u00eb Europa. Ne mund t\u2019i dyfishojm\u00eb reformat p\u00ebr veten ton\u00eb, por nuk kemi pse t\u2019i atribuojm\u00eb Europ\u00ebs detyra shtes\u00eb n\u00eb em\u00ebr t\u00eb cicmiceve dhe loj\u00ebrave tona t\u00eb br\u00ebndshme politike. Aq me shum\u00eb kur nuk kemi realizuar akoma detyrat q\u00eb na jan\u00eb ven\u00eb. Jan\u00eb dymb\u00ebdhjet\u00eb detyra apo dymb\u00ebdhjet\u00eb kritere, t\u00eb njohura tashm\u00eb si parja e kuqe nga gjith\u00eb shqiptar\u00ebt.<\/p>\n<p>Heqja e imunitetit nuk p\u00ebrfshihet tesktualisht. Mund t\u00eb konsiderohet si pik\u00eb rrjedh\u00ebse e nj\u00eb paket\u00eb shum\u00eb t\u00eb gjer\u00eb, q\u00eb ka t\u00eb b\u00ebj\u00eb me luft\u00ebn kund\u00ebr korrupsionit, por nuk e gjejm\u00eb as n\u00eb dokumentin baz\u00eb, as n\u00eb anekse. Me fjal\u00eb t\u00eb tjera, mund ta heqim imunitetin dhe nuk e marrim statusin pa realizuar detyrat standarte dhe e kund\u00ebrta, mund t\u00eb mos e heqim imunitetin dhe ta marrim statusin n\u00ebse realizojm\u00eb detyrat standarte.<\/p>\n<p>N\u00eb dinamik\u00ebn e komunikimeve t\u00eb Europ\u00ebs p\u00ebr Shqip\u00ebrin\u00eb ka patur dy- tre theksime t\u00eb tjera q\u00eb derivojn\u00eb nga kriteret baz\u00eb dhe kan\u00eb padyshim nj\u00eb pesh\u00eb specifike n\u00eb vendimin q\u00eb do t\u00eb marr\u00eb Komisioni Europian p\u00ebr t\u00eb na dh\u00ebn\u00eb ose jo statusin e vendit kandidat. Nj\u00eb nd\u00ebr to \u00ebsht\u00eb apeli p\u00ebr zbardhjen e 21 janarit dhe d\u00ebnimin sipas ligjit t\u00eb ayre q\u00eb urdh\u00ebruan dhe realizuan vrasjen n\u00eb bulevard t\u00eb kat\u00ebr qytetar\u00ebve t\u00eb pafajsh\u00ebm q\u00eb po protestonin paq\u00ebsisht kund\u00ebr qeveris\u00eb s\u00eb tyre. Deri m\u00eb sot hetimet dhe ekpertiza e specializuar e FBI-s\u00eb ka treguar se t\u00eb vetmit institucione t\u00eb p\u00ebrfshira n\u00eb fshehjen, zhdukjen dhe manipulimin e provave q\u00eb do t\u00eb ndihmonin n\u00eb zbardhjen e krimit jan\u00eb kryeministria n\u00eb serverin e s\u00eb cil\u00ebs jan\u00eb fshir\u00eb e zhdukur me q\u00ebllim filmimet e ngjarjes, si dhe garda e republik\u00ebs ku jan\u00eb manipuluar arm\u00ebt deri n\u00eb ndryshimin e tyt\u00ebs s\u00eb arm\u00ebs vrastare.<\/p>\n<p>T\u00eb provuara shk\u00ebnc\u00ebrisht n\u00eb laborator\u00ebt e FBI-s\u00eb, k\u00ebto dy shembuj kan\u00eb ekspozuar bot\u00ebrisht nj\u00eb sjellje prej bande dhe jo prej institucioni t\u00eb atyre q\u00eb p\u00ebrdor\u00ebn arm\u00ebt e gard\u00ebs dhe vran\u00eb me to opozitar\u00eb t\u00eb paarmatosur me 21 janar. Ka ndodhur e ndodh edhe n\u00eb Europ\u00eb e SHBA q\u00eb policia apo organet e tjera t\u00eb forc\u00ebs t\u00eb krijojn\u00eb viktima n\u00eb rrethana t\u00eb caktuara. Por ata p\u00ebrballen me ligjin si institucione, askujt nuk i shkon mendja t\u00eb ndryshoj\u00eb tytat, t\u00eb d\u00ebmtoj\u00eb gjilp\u00ebrat apo t\u00eb futet nat\u00ebn vjedhurazi n\u00eb dhom\u00ebn e serverit p\u00ebr t\u00eb kopjuar e fshir\u00eb filmimet. Ky \u00ebsht\u00eb krimi i dyfisht\u00eb i fshehjes s\u00eb krimit.<\/p>\n<p>Prononcimet e pardjeshme t\u00eb Berish\u00ebs p\u00ebr 21 janarin jan\u00eb n\u00eb kontrast t\u00eb plot\u00eb me faktet e pakundershtueshme t\u00eb hetuara nga FBI-ja. K\u00ebto deklarata shkojn\u00eb plot\u00ebsisht n\u00eb drejtimin e kund\u00ebrt me at\u00eb q\u00eb ka k\u00ebrkuar e k\u00ebrkon Bruskeli p\u00ebr 21 janarin. N\u00ebse Brukseli i ka mbajtur sh\u00ebnim- dhe kam frik\u00eb se ka gjithnj\u00eb edhe m\u00eb muajin e pushimeve n\u00ebpun\u00ebs q\u00eb mbajn\u00eb sh\u00ebnim deklaratat e lid\u00ebrve politik\u00eb t\u00eb Shqip\u00ebris\u00eb- Berisha \u00ebsht\u00eb investuar fuqish\u00ebm pardje p\u00ebr t\u00eb marr\u00eb s\u00ebrish nj\u00eb \u201cjo\u201d nga Bruskeli, edhe sikur ta mbush\u00eb vjesht\u00ebn me referendume.<\/p>\n<p>Shkrimi u botua sot ne gazeten <em>Shqiptarja.com<\/em><br \/>\n(<em>sg\/shqiptarja.com<\/em>)<\/p>\n","protected":false},"excerpt":{"rendered":"<p>Analiz\u00eb nga PRE\u00c7 ZOGAJ Kufizimi apo heqja e imunitetit n\u00eb Shqip\u00ebri \u00ebsht\u00eb nj\u00eb \u00e7\u00ebshtje pa kund\u00ebrshtar\u00eb me pesh\u00eb n\u00eb spektrin politik dhe shoq\u00ebror t\u00eb vendit. Duke qen\u00eb dakord , shihet qart\u00eb nga shum\u00eb testime se opinioni publik nuk i jep r\u00ebnd\u00ebsin\u00eb q\u00eb duan t\u2019i japim me zor demagog\u00ebt politik\u00eb. Imunitete jan\u00eb hequr e hiqen sa [&hellip;]<\/p>\n","protected":false},"author":1,"featured_media":0,"comment_status":"open","ping_status":"closed","sticky":false,"template":"","format":"standard","meta":{"footnotes":""},"categories":[2],"tags":[],"class_list":{"0":"post-4724","1":"post","2":"type-post","3":"status-publish","4":"format-standard","6":"category-artikuj"},"yoast_head":"<!-- This site is optimized with the Yoast SEO plugin v27.4 - https:\/\/yoast.com\/product\/yoast-seo-wordpress\/ -->\n<title>Nj\u00eb referendum pa kund\u00ebrshtar\u00eb? - FjALA e LIR\u00cb - Arkivi<\/title>\n<meta name=\"robots\" content=\"index, follow, max-snippet:-1, max-image-preview:large, max-video-preview:-1\" \/>\n<link rel=\"canonical\" href=\"https:\/\/fjala.info\/2009-2015\/nje-referendum-pa-kundershtare\/\" \/>\n<meta property=\"og:locale\" content=\"sq_AL\" \/>\n<meta property=\"og:type\" content=\"article\" \/>\n<meta property=\"og:title\" content=\"Nj\u00eb referendum pa kund\u00ebrshtar\u00eb? - FjALA e LIR\u00cb - Arkivi\" \/>\n<meta property=\"og:description\" content=\"Analiz\u00eb nga PRE\u00c7 ZOGAJ Kufizimi apo heqja e imunitetit n\u00eb Shqip\u00ebri \u00ebsht\u00eb nj\u00eb \u00e7\u00ebshtje pa kund\u00ebrshtar\u00eb me pesh\u00eb n\u00eb spektrin politik dhe shoq\u00ebror t\u00eb vendit. Duke qen\u00eb dakord , shihet qart\u00eb nga shum\u00eb testime se opinioni publik nuk i jep r\u00ebnd\u00ebsin\u00eb q\u00eb duan t\u2019i japim me zor demagog\u00ebt politik\u00eb. Imunitete jan\u00eb hequr e hiqen sa [&hellip;]\" \/>\n<meta property=\"og:url\" content=\"https:\/\/fjala.info\/2009-2015\/nje-referendum-pa-kundershtare\/\" \/>\n<meta property=\"og:site_name\" content=\"FjALA e LIR\u00cb - Arkivi\" \/>\n<meta property=\"article:published_time\" content=\"2012-08-28T20:47:53+00:00\" \/>\n<meta property=\"og:image\" content=\"http:\/\/www.fjala.info\/2012\/prec_zogaj.jpg\" \/>\n<meta name=\"author\" content=\"admin\" \/>\n<meta name=\"twitter:card\" content=\"summary_large_image\" \/>\n<meta name=\"twitter:label1\" content=\"Written by\" \/>\n\t<meta name=\"twitter:data1\" content=\"admin\" \/>\n\t<meta name=\"twitter:label2\" content=\"Est. reading time\" \/>\n\t<meta name=\"twitter:data2\" content=\"7 minutes\" \/>\n<script type=\"application\/ld+json\" class=\"yoast-schema-graph\">{\"@context\":\"https:\\\/\\\/schema.org\",\"@graph\":[{\"@type\":\"Article\",\"@id\":\"https:\\\/\\\/fjala.info\\\/2009-2015\\\/nje-referendum-pa-kundershtare\\\/#article\",\"isPartOf\":{\"@id\":\"https:\\\/\\\/fjala.info\\\/2009-2015\\\/nje-referendum-pa-kundershtare\\\/\"},\"author\":{\"name\":\"admin\",\"@id\":\"https:\\\/\\\/fjala.info\\\/2009-2015\\\/#\\\/schema\\\/person\\\/3aa1163ef05469c496fc94e77611ada2\"},\"headline\":\"Nj\u00eb referendum pa kund\u00ebrshtar\u00eb?\",\"datePublished\":\"2012-08-28T20:47:53+00:00\",\"mainEntityOfPage\":{\"@id\":\"https:\\\/\\\/fjala.info\\\/2009-2015\\\/nje-referendum-pa-kundershtare\\\/\"},\"wordCount\":1336,\"commentCount\":0,\"publisher\":{\"@id\":\"https:\\\/\\\/fjala.info\\\/2009-2015\\\/#organization\"},\"image\":{\"@id\":\"https:\\\/\\\/fjala.info\\\/2009-2015\\\/nje-referendum-pa-kundershtare\\\/#primaryimage\"},\"thumbnailUrl\":\"http:\\\/\\\/www.fjala.info\\\/2012\\\/prec_zogaj.jpg\",\"articleSection\":[\"Artikuj\"],\"inLanguage\":\"sq-AL\",\"potentialAction\":[{\"@type\":\"CommentAction\",\"name\":\"Comment\",\"target\":[\"https:\\\/\\\/fjala.info\\\/2009-2015\\\/nje-referendum-pa-kundershtare\\\/#respond\"]}]},{\"@type\":\"WebPage\",\"@id\":\"https:\\\/\\\/fjala.info\\\/2009-2015\\\/nje-referendum-pa-kundershtare\\\/\",\"url\":\"https:\\\/\\\/fjala.info\\\/2009-2015\\\/nje-referendum-pa-kundershtare\\\/\",\"name\":\"Nj\u00eb referendum pa kund\u00ebrshtar\u00eb? - FjALA e LIR\u00cb - Arkivi\",\"isPartOf\":{\"@id\":\"https:\\\/\\\/fjala.info\\\/2009-2015\\\/#website\"},\"primaryImageOfPage\":{\"@id\":\"https:\\\/\\\/fjala.info\\\/2009-2015\\\/nje-referendum-pa-kundershtare\\\/#primaryimage\"},\"image\":{\"@id\":\"https:\\\/\\\/fjala.info\\\/2009-2015\\\/nje-referendum-pa-kundershtare\\\/#primaryimage\"},\"thumbnailUrl\":\"http:\\\/\\\/www.fjala.info\\\/2012\\\/prec_zogaj.jpg\",\"datePublished\":\"2012-08-28T20:47:53+00:00\",\"breadcrumb\":{\"@id\":\"https:\\\/\\\/fjala.info\\\/2009-2015\\\/nje-referendum-pa-kundershtare\\\/#breadcrumb\"},\"inLanguage\":\"sq-AL\",\"potentialAction\":[{\"@type\":\"ReadAction\",\"target\":[\"https:\\\/\\\/fjala.info\\\/2009-2015\\\/nje-referendum-pa-kundershtare\\\/\"]}]},{\"@type\":\"ImageObject\",\"inLanguage\":\"sq-AL\",\"@id\":\"https:\\\/\\\/fjala.info\\\/2009-2015\\\/nje-referendum-pa-kundershtare\\\/#primaryimage\",\"url\":\"http:\\\/\\\/www.fjala.info\\\/2012\\\/prec_zogaj.jpg\",\"contentUrl\":\"http:\\\/\\\/www.fjala.info\\\/2012\\\/prec_zogaj.jpg\"},{\"@type\":\"BreadcrumbList\",\"@id\":\"https:\\\/\\\/fjala.info\\\/2009-2015\\\/nje-referendum-pa-kundershtare\\\/#breadcrumb\",\"itemListElement\":[{\"@type\":\"ListItem\",\"position\":1,\"name\":\"Home\",\"item\":\"https:\\\/\\\/fjala.info\\\/2009-2015\\\/\"},{\"@type\":\"ListItem\",\"position\":2,\"name\":\"Nj\u00eb referendum pa kund\u00ebrshtar\u00eb?\"}]},{\"@type\":\"WebSite\",\"@id\":\"https:\\\/\\\/fjala.info\\\/2009-2015\\\/#website\",\"url\":\"https:\\\/\\\/fjala.info\\\/2009-2015\\\/\",\"name\":\"FjALA e LIR\u00cb - Arkivi\",\"description\":\"Arkivi 2009-2015\",\"publisher\":{\"@id\":\"https:\\\/\\\/fjala.info\\\/2009-2015\\\/#organization\"},\"potentialAction\":[{\"@type\":\"SearchAction\",\"target\":{\"@type\":\"EntryPoint\",\"urlTemplate\":\"https:\\\/\\\/fjala.info\\\/2009-2015\\\/?s={search_term_string}\"},\"query-input\":{\"@type\":\"PropertyValueSpecification\",\"valueRequired\":true,\"valueName\":\"search_term_string\"}}],\"inLanguage\":\"sq-AL\"},{\"@type\":\"Organization\",\"@id\":\"https:\\\/\\\/fjala.info\\\/2009-2015\\\/#organization\",\"name\":\"FjALA e LIR\u00cb - Arkivi\",\"url\":\"https:\\\/\\\/fjala.info\\\/2009-2015\\\/\",\"logo\":{\"@type\":\"ImageObject\",\"inLanguage\":\"sq-AL\",\"@id\":\"https:\\\/\\\/fjala.info\\\/2009-2015\\\/#\\\/schema\\\/logo\\\/image\\\/\",\"url\":\"\",\"contentUrl\":\"\",\"caption\":\"FjALA e LIR\u00cb - Arkivi\"},\"image\":{\"@id\":\"https:\\\/\\\/fjala.info\\\/2009-2015\\\/#\\\/schema\\\/logo\\\/image\\\/\"}},{\"@type\":\"Person\",\"@id\":\"https:\\\/\\\/fjala.info\\\/2009-2015\\\/#\\\/schema\\\/person\\\/3aa1163ef05469c496fc94e77611ada2\",\"name\":\"admin\",\"image\":{\"@type\":\"ImageObject\",\"inLanguage\":\"sq-AL\",\"@id\":\"https:\\\/\\\/fjala.info\\\/2009-2015\\\/wp-content\\\/uploads\\\/2012\\\/02\\\/arben_cokaj-120x150.jpg\",\"url\":\"https:\\\/\\\/fjala.info\\\/2009-2015\\\/wp-content\\\/uploads\\\/2012\\\/02\\\/arben_cokaj-120x150.jpg\",\"contentUrl\":\"https:\\\/\\\/fjala.info\\\/2009-2015\\\/wp-content\\\/uploads\\\/2012\\\/02\\\/arben_cokaj-120x150.jpg\",\"caption\":\"admin\"},\"description\":\"Admin, Fjala e Lir\u00eb\",\"sameAs\":[\"https:\\\/\\\/fjala.info\\\/\"],\"url\":\"https:\\\/\\\/fjala.info\\\/2009-2015\\\/author\\\/admin\\\/\"}]}<\/script>\n<!-- \/ Yoast SEO plugin. -->","yoast_head_json":{"title":"Nj\u00eb referendum pa kund\u00ebrshtar\u00eb? - FjALA e LIR\u00cb - Arkivi","robots":{"index":"index","follow":"follow","max-snippet":"max-snippet:-1","max-image-preview":"max-image-preview:large","max-video-preview":"max-video-preview:-1"},"canonical":"https:\/\/fjala.info\/2009-2015\/nje-referendum-pa-kundershtare\/","og_locale":"sq_AL","og_type":"article","og_title":"Nj\u00eb referendum pa kund\u00ebrshtar\u00eb? - FjALA e LIR\u00cb - Arkivi","og_description":"Analiz\u00eb nga PRE\u00c7 ZOGAJ Kufizimi apo heqja e imunitetit n\u00eb Shqip\u00ebri \u00ebsht\u00eb nj\u00eb \u00e7\u00ebshtje pa kund\u00ebrshtar\u00eb me pesh\u00eb n\u00eb spektrin politik dhe shoq\u00ebror t\u00eb vendit. Duke qen\u00eb dakord , shihet qart\u00eb nga shum\u00eb testime se opinioni publik nuk i jep r\u00ebnd\u00ebsin\u00eb q\u00eb duan t\u2019i japim me zor demagog\u00ebt politik\u00eb. Imunitete jan\u00eb hequr e hiqen sa [&hellip;]","og_url":"https:\/\/fjala.info\/2009-2015\/nje-referendum-pa-kundershtare\/","og_site_name":"FjALA e LIR\u00cb - Arkivi","article_published_time":"2012-08-28T20:47:53+00:00","og_image":[{"url":"http:\/\/www.fjala.info\/2012\/prec_zogaj.jpg","type":"","width":"","height":""}],"author":"admin","twitter_card":"summary_large_image","twitter_misc":{"Written by":"admin","Est. reading time":"7 minutes"},"schema":{"@context":"https:\/\/schema.org","@graph":[{"@type":"Article","@id":"https:\/\/fjala.info\/2009-2015\/nje-referendum-pa-kundershtare\/#article","isPartOf":{"@id":"https:\/\/fjala.info\/2009-2015\/nje-referendum-pa-kundershtare\/"},"author":{"name":"admin","@id":"https:\/\/fjala.info\/2009-2015\/#\/schema\/person\/3aa1163ef05469c496fc94e77611ada2"},"headline":"Nj\u00eb referendum pa kund\u00ebrshtar\u00eb?","datePublished":"2012-08-28T20:47:53+00:00","mainEntityOfPage":{"@id":"https:\/\/fjala.info\/2009-2015\/nje-referendum-pa-kundershtare\/"},"wordCount":1336,"commentCount":0,"publisher":{"@id":"https:\/\/fjala.info\/2009-2015\/#organization"},"image":{"@id":"https:\/\/fjala.info\/2009-2015\/nje-referendum-pa-kundershtare\/#primaryimage"},"thumbnailUrl":"http:\/\/www.fjala.info\/2012\/prec_zogaj.jpg","articleSection":["Artikuj"],"inLanguage":"sq-AL","potentialAction":[{"@type":"CommentAction","name":"Comment","target":["https:\/\/fjala.info\/2009-2015\/nje-referendum-pa-kundershtare\/#respond"]}]},{"@type":"WebPage","@id":"https:\/\/fjala.info\/2009-2015\/nje-referendum-pa-kundershtare\/","url":"https:\/\/fjala.info\/2009-2015\/nje-referendum-pa-kundershtare\/","name":"Nj\u00eb referendum pa kund\u00ebrshtar\u00eb? - FjALA e LIR\u00cb - Arkivi","isPartOf":{"@id":"https:\/\/fjala.info\/2009-2015\/#website"},"primaryImageOfPage":{"@id":"https:\/\/fjala.info\/2009-2015\/nje-referendum-pa-kundershtare\/#primaryimage"},"image":{"@id":"https:\/\/fjala.info\/2009-2015\/nje-referendum-pa-kundershtare\/#primaryimage"},"thumbnailUrl":"http:\/\/www.fjala.info\/2012\/prec_zogaj.jpg","datePublished":"2012-08-28T20:47:53+00:00","breadcrumb":{"@id":"https:\/\/fjala.info\/2009-2015\/nje-referendum-pa-kundershtare\/#breadcrumb"},"inLanguage":"sq-AL","potentialAction":[{"@type":"ReadAction","target":["https:\/\/fjala.info\/2009-2015\/nje-referendum-pa-kundershtare\/"]}]},{"@type":"ImageObject","inLanguage":"sq-AL","@id":"https:\/\/fjala.info\/2009-2015\/nje-referendum-pa-kundershtare\/#primaryimage","url":"http:\/\/www.fjala.info\/2012\/prec_zogaj.jpg","contentUrl":"http:\/\/www.fjala.info\/2012\/prec_zogaj.jpg"},{"@type":"BreadcrumbList","@id":"https:\/\/fjala.info\/2009-2015\/nje-referendum-pa-kundershtare\/#breadcrumb","itemListElement":[{"@type":"ListItem","position":1,"name":"Home","item":"https:\/\/fjala.info\/2009-2015\/"},{"@type":"ListItem","position":2,"name":"Nj\u00eb referendum pa kund\u00ebrshtar\u00eb?"}]},{"@type":"WebSite","@id":"https:\/\/fjala.info\/2009-2015\/#website","url":"https:\/\/fjala.info\/2009-2015\/","name":"FjALA e LIR\u00cb - Arkivi","description":"Arkivi 2009-2015","publisher":{"@id":"https:\/\/fjala.info\/2009-2015\/#organization"},"potentialAction":[{"@type":"SearchAction","target":{"@type":"EntryPoint","urlTemplate":"https:\/\/fjala.info\/2009-2015\/?s={search_term_string}"},"query-input":{"@type":"PropertyValueSpecification","valueRequired":true,"valueName":"search_term_string"}}],"inLanguage":"sq-AL"},{"@type":"Organization","@id":"https:\/\/fjala.info\/2009-2015\/#organization","name":"FjALA e LIR\u00cb - Arkivi","url":"https:\/\/fjala.info\/2009-2015\/","logo":{"@type":"ImageObject","inLanguage":"sq-AL","@id":"https:\/\/fjala.info\/2009-2015\/#\/schema\/logo\/image\/","url":"","contentUrl":"","caption":"FjALA e LIR\u00cb - Arkivi"},"image":{"@id":"https:\/\/fjala.info\/2009-2015\/#\/schema\/logo\/image\/"}},{"@type":"Person","@id":"https:\/\/fjala.info\/2009-2015\/#\/schema\/person\/3aa1163ef05469c496fc94e77611ada2","name":"admin","image":{"@type":"ImageObject","inLanguage":"sq-AL","@id":"https:\/\/fjala.info\/2009-2015\/wp-content\/uploads\/2012\/02\/arben_cokaj-120x150.jpg","url":"https:\/\/fjala.info\/2009-2015\/wp-content\/uploads\/2012\/02\/arben_cokaj-120x150.jpg","contentUrl":"https:\/\/fjala.info\/2009-2015\/wp-content\/uploads\/2012\/02\/arben_cokaj-120x150.jpg","caption":"admin"},"description":"Admin, Fjala e Lir\u00eb","sameAs":["https:\/\/fjala.info\/"],"url":"https:\/\/fjala.info\/2009-2015\/author\/admin\/"}]}},"_links":{"self":[{"href":"https:\/\/fjala.info\/2009-2015\/wp-json\/wp\/v2\/posts\/4724","targetHints":{"allow":["GET"]}}],"collection":[{"href":"https:\/\/fjala.info\/2009-2015\/wp-json\/wp\/v2\/posts"}],"about":[{"href":"https:\/\/fjala.info\/2009-2015\/wp-json\/wp\/v2\/types\/post"}],"author":[{"embeddable":true,"href":"https:\/\/fjala.info\/2009-2015\/wp-json\/wp\/v2\/users\/1"}],"replies":[{"embeddable":true,"href":"https:\/\/fjala.info\/2009-2015\/wp-json\/wp\/v2\/comments?post=4724"}],"version-history":[{"count":0,"href":"https:\/\/fjala.info\/2009-2015\/wp-json\/wp\/v2\/posts\/4724\/revisions"}],"wp:attachment":[{"href":"https:\/\/fjala.info\/2009-2015\/wp-json\/wp\/v2\/media?parent=4724"}],"wp:term":[{"taxonomy":"category","embeddable":true,"href":"https:\/\/fjala.info\/2009-2015\/wp-json\/wp\/v2\/categories?post=4724"},{"taxonomy":"post_tag","embeddable":true,"href":"https:\/\/fjala.info\/2009-2015\/wp-json\/wp\/v2\/tags?post=4724"}],"curies":[{"name":"wp","href":"https:\/\/api.w.org\/{rel}","templated":true}]}}