{"id":4721,"date":"2012-08-27T21:12:58","date_gmt":"2012-08-27T20:12:58","guid":{"rendered":"http:\/\/www.fjala.info\/?p=4721"},"modified":"2012-08-27T21:12:58","modified_gmt":"2012-08-27T20:12:58","slug":"edhe-zjarrvenesit-ketu-jetojne","status":"publish","type":"post","link":"https:\/\/fjala.info\/2009-2015\/edhe-zjarrvenesit-ketu-jetojne\/","title":{"rendered":"Edhe zjarrv\u00ebn\u00ebsit k\u00ebtu jetojn\u00eb!"},"content":{"rendered":"<p><img decoding=\"async\" class=\"alignright size-thumbnail wp-image-7236\" title=\"Mero Baze\" src=\"http:\/\/www.fjala.info\/2012\/mero_baze.jpg\" alt=\"\" width=\"150\" \/> Nga <strong>Mero Baze<\/strong>, <em>27 Gusht 2012<\/em><\/p>\n<p>Shqip\u00ebria po kalon nj\u00eb ver\u00eb t\u00eb pazakont\u00eb, me dhjet\u00ebra vatra zjarri n\u00eb gjith\u00eb vendin, duke v\u00ebn\u00eb n\u00eb sh\u00ebnjest\u00ebr dhe parqet e fundit komb\u00ebtare q\u00eb kemi pasur, si Lura, apo pylli i famsh\u00ebm i Brozdovecit n\u00eb Kor\u00e7\u00eb. Mesatarisht ka 30 deri 40 vatra zjarri n\u00eb dit\u00eb, thuajse t\u00eb pashqet\u00ebsuara nga nd\u00ebrhyrja e njeriut p\u00ebr t\u2019i fikur, \u00e7ka po i jep d\u00ebrrm\u00ebn dhe atyre pak pyjeve q\u00eb kan\u00eb mbetur n\u00eb k\u00ebt\u00eb vend.<\/p>\n<p><strong>Po p\u00ebrse u shtuan kaq papritur dhe kaq shum\u00eb zjarret?<\/strong><\/p>\n<p>Edhe pse duket shum\u00eb cinike, \u00ebsht\u00eb e v\u00ebrtet\u00eb. Zjarrv\u00ebn\u00ebsit jan\u00eb shqiptar\u00eb, qytetar\u00eb t\u00eb k\u00ebtij vendi, natyrisht njer\u00ebz t\u00eb paformuar dhe pa ndonj\u00eb vizion a dashuri p\u00ebr vendin e tyre, por thjesht\u00eb t\u00eb interesuar p\u00ebr ndonj\u00eb pun\u00eb private t\u00eb tyre, si\u00e7 mund t\u00eb jet\u00eb kullota e pastruar e bag\u00ebtive, ose ndonj\u00eb inat ndaj pron\u00ebs s\u00eb dikujt tjet\u00ebr. Por, k\u00ebta njer\u00ebz vemje, q\u00eb meritojn\u00eb nd\u00ebshkimin m\u00eb t\u00eb r\u00ebnd\u00eb, edhe pse jan\u00eb t\u00eb mang\u00ebt nga kultura qytetare apo nga formimi kulturor, jan\u00eb aq t\u00eb zgjuar sa t\u00eb shikojn\u00eb se n\u00eb k\u00ebt\u00eb vend tani mund t\u00eb b\u00ebsh \u00e7\u2019t\u00eb duash dhe nuk d\u00ebnohesh.<\/p>\n<p>Zjarrv\u00ebn\u00ebsit jan\u00eb njer\u00ebz q\u00eb jetojn\u00eb bashk\u00eb me ne, na d\u00ebgjojn\u00eb kur ankohemi dhe shajm\u00eb qeverin\u00eb, na d\u00ebgjojn\u00eb kur themi se i biri i Berish\u00ebs ka qen\u00eb i p\u00ebrzier n\u00eb G\u00ebrdec dhe as qe u pyet fare, na d\u00ebgjojn\u00eb kur themi se u vran\u00eb 26 persona n\u00eb G\u00ebrdec dhe s\u2019u d\u00ebnua njeri, na d\u00ebgjojn\u00eb kur themi se u vodh\u00ebn nja dyqind milion\u00eb euro n\u00eb rrug\u00ebn Rr\u00ebshen- Kalimash, e s\u2019u d\u00ebnua njeri, na d\u00ebgjojn\u00eb kur themi se z\u00ebvend\u00ebskryeministri u kap me z\u00eb dhe figur\u00eb duke vjedhur dhe nuk e d\u00ebnoi njeri, na d\u00ebgjojn\u00eb kur themi se Lulzim Basha vodhi votat hapur dhe se vuri njeri ujin n\u00eb zjarr\u2026Dhe, nuk kan\u00eb arsye t\u00eb ken\u00eb frik\u00eb se dikur do t\u00eb nd\u00ebshkohen.<\/p>\n<p>Zjarrv\u00ebnsit jan\u00eb njer\u00ebz q\u00eb jetojn\u00eb bashk\u00eb me ne. Pasi na d\u00ebgjojn\u00eb \u00e7far\u00eb flasim e shkruajm\u00eb ne n\u00eb gazeta e televizione, shikojn\u00eb dhe se n\u00eb k\u00ebt\u00eb vend vriten \u00e7do dit\u00eb 4 deri 5 persona, nj\u00eb shif\u00ebr e pad\u00ebgjuar prej vitit 1997 dhe nuk kapet asnj\u00eb vras\u00ebs.<\/p>\n<p>Shikojn\u00eb se si grat\u00eb dhe vajzat nuk dalin dot me aksesor\u00eb, unaza apo var\u00ebse n\u00eb rrug\u00eb, se u presin gishtat, vesh\u00ebt apo qaf\u00ebn, dhe nuk kapet asnj\u00eb agresor. Biles dhe ndonj\u00eb q\u00eb arrestohet, nuk provohet dot q\u00eb \u00ebsht\u00eb vras\u00ebs. Dhe, nuk kan\u00eb arsye t\u00eb ndjehen t\u00eb k\u00ebrc\u00ebnuar si kriminel\u00eb.<\/p>\n<p>Zjarrv\u00ebn\u00ebsit jan\u00eb njer\u00ebz q\u00eb jetojn\u00eb bashk\u00eb me ne. Ata na d\u00ebgjojn\u00eb ne kur themi se presidenti i vendit \u00ebsht\u00eb nj\u00eb kukull q\u00eb punon me kurdisje, dhe e kuptojn\u00eb se nuk kemi president. Ata na d\u00ebgjojn\u00eb dhe shikojn\u00eb se ministri I Brendsh\u00ebm \u00ebsht\u00eb gjetur mes figurave m\u00eb qesharake dhe banale t\u00eb vendit dhe e kuptojn\u00eb q\u00eb s\u2019ka minist\u00ebr t\u00eb Brendsh\u00ebm. Ata e shikojn\u00eb q\u00eb ministri i Drejt\u00ebsis\u00eb duket si hajdut xhepash nga fytyra. Ata e shikojn\u00eb se vlerat m\u00eb t\u00eb m\u00ebdha q\u00eb tregohen p\u00ebr ministrat, jan\u00eb thashethemet se sa lek\u00eb kan\u00eb b\u00ebr\u00eb dhe jo \u00e7far\u00eb pun\u00ebsh kan\u00eb b\u00ebr\u00eb. Ata jetojn\u00eb bashk\u00eb me ne dhe e shikojn\u00eb se administrata qendrore dhe lokale, \u00ebsht\u00eb e mbushur me batak\u00e7inj dhe t\u00eb paaft\u00eb q\u00eb i prodhon piramida e idiot\u00ebve n\u00eb maj\u00eb t\u00eb pushtetit. Dhe, nuk kan\u00eb asnj\u00eb arsye t\u00eb ndjehen t\u00eb frik\u00ebsuar nga k\u00ebta q\u00eb na qeverisin.<\/p>\n<p>Zjarrv\u00ebn\u00ebsit jan\u00eb mbi t\u00eb gjitha njer\u00ebz q\u00eb e kan\u00eb kuptuar se n\u00eb k\u00ebt\u00eb vend \u00e7dokush k\u00ebrkon t\u00eb pasurohet duke shkat\u00ebrruar nj\u00eb pasuri komb\u00ebtare. Ata shikojn\u00eb se si shkat\u00ebrrohet nafta duke u shp\u00ebrndar\u00eb puset e naft\u00ebs n\u00eb miq t\u00eb kryeministrit, si shp\u00ebrdorohet kromi duke u ndar\u00eb mes nj\u00eb bande ujqish q\u00eb rijn\u00eb rrotull kryeministrit, si priten pyjet kur nuk ka zjarr nga njer\u00ebz t\u00eb lidhur me kryeministrin, si pasurohen njer\u00ebz duke shkat\u00ebrruar mjedisin me gurore apo si ndotet Shqip\u00ebria nga plehrat.<\/p>\n<p>Ata shikojn\u00eb se si jan\u00eb b\u00ebr\u00eb zot\u00ebr t\u00eb lumenjve dhe p\u00ebrrenjve, njer\u00ebz t\u00eb pushtetit, q\u00eb shesin letrat q\u00eb u jep kryeministri, duke u dh\u00ebn\u00eb leje nd\u00ebrkoh\u00eb partner\u00ebve t\u00eb tyre t\u00eb shkat\u00ebrrojn\u00eb gjith\u00e7ka. Dhe, si t\u00eb till\u00eb, ata nuk gjejn\u00eb arsye p\u00ebrse p\u00ebr t\u00eb pastruar nj\u00eb kullot\u00eb t\u00eb tyre, apo p\u00ebr t\u2019u hakmarr\u00eb ndaj dikujt, t\u00eb mos i v\u00ebn\u00eb zjarrin pyllit. Ata b\u00ebjn\u00eb aq sa din\u00eb dhe aq sa kan\u00eb mund\u00ebsi, si kriminel\u00eb. Nuk jan\u00eb t\u00eb ndrysh\u00ebm dhe as t\u00eb mbinatyrsh\u00ebm nga gjith\u00eb kriminel\u00ebt e tjer\u00eb q\u00eb kan\u00eb v\u00ebn\u00eb para fatin e k\u00ebsaj shoq\u00ebrie.<\/p>\n<p>Thjesht\u00eb e din\u00eb se k\u00ebtu nuk nd\u00ebshkohesh edhe po u kape, se k\u00ebtu nuk arrestohesh edhe po vrave dhe vodhe, se k\u00ebtu mund t\u00eb pasurohesh vet\u00ebm duke shkat\u00ebrruar di\u00e7ka nga pasurit\u00eb e k\u00ebtij vendi. Ata k\u00ebtu jetojn\u00eb dhe e shikojn\u00eb kush qeveris dhe si qeveris.<\/p>\n","protected":false},"excerpt":{"rendered":"<p>Nga Mero Baze, 27 Gusht 2012 Shqip\u00ebria po kalon nj\u00eb ver\u00eb t\u00eb pazakont\u00eb, me dhjet\u00ebra vatra zjarri n\u00eb gjith\u00eb vendin, duke v\u00ebn\u00eb n\u00eb sh\u00ebnjest\u00ebr dhe parqet e fundit komb\u00ebtare q\u00eb kemi pasur, si Lura, apo pylli i famsh\u00ebm i Brozdovecit n\u00eb Kor\u00e7\u00eb. Mesatarisht ka 30 deri 40 vatra zjarri n\u00eb dit\u00eb, thuajse t\u00eb pashqet\u00ebsuara nga [&hellip;]<\/p>\n","protected":false},"author":1,"featured_media":0,"comment_status":"open","ping_status":"closed","sticky":false,"template":"","format":"standard","meta":{"footnotes":""},"categories":[2],"tags":[],"class_list":{"0":"post-4721","1":"post","2":"type-post","3":"status-publish","4":"format-standard","6":"category-artikuj"},"yoast_head":"<!-- This site is optimized with the Yoast SEO plugin v27.4 - https:\/\/yoast.com\/product\/yoast-seo-wordpress\/ -->\n<title>Edhe zjarrv\u00ebn\u00ebsit k\u00ebtu jetojn\u00eb! - FjALA e LIR\u00cb - Arkivi<\/title>\n<meta name=\"robots\" content=\"index, follow, max-snippet:-1, max-image-preview:large, max-video-preview:-1\" \/>\n<link rel=\"canonical\" href=\"https:\/\/fjala.info\/2009-2015\/edhe-zjarrvenesit-ketu-jetojne\/\" \/>\n<meta property=\"og:locale\" content=\"sq_AL\" \/>\n<meta property=\"og:type\" content=\"article\" \/>\n<meta property=\"og:title\" content=\"Edhe zjarrv\u00ebn\u00ebsit k\u00ebtu jetojn\u00eb! - FjALA e LIR\u00cb - Arkivi\" \/>\n<meta property=\"og:description\" content=\"Nga Mero Baze, 27 Gusht 2012 Shqip\u00ebria po kalon nj\u00eb ver\u00eb t\u00eb pazakont\u00eb, me dhjet\u00ebra vatra zjarri n\u00eb gjith\u00eb vendin, duke v\u00ebn\u00eb n\u00eb sh\u00ebnjest\u00ebr dhe parqet e fundit komb\u00ebtare q\u00eb kemi pasur, si Lura, apo pylli i famsh\u00ebm i Brozdovecit n\u00eb Kor\u00e7\u00eb. Mesatarisht ka 30 deri 40 vatra zjarri n\u00eb dit\u00eb, thuajse t\u00eb pashqet\u00ebsuara nga [&hellip;]\" \/>\n<meta property=\"og:url\" content=\"https:\/\/fjala.info\/2009-2015\/edhe-zjarrvenesit-ketu-jetojne\/\" \/>\n<meta property=\"og:site_name\" content=\"FjALA e LIR\u00cb - Arkivi\" \/>\n<meta property=\"article:published_time\" content=\"2012-08-27T20:12:58+00:00\" \/>\n<meta property=\"og:image\" content=\"http:\/\/www.fjala.info\/2012\/mero_baze.jpg\" \/>\n<meta name=\"author\" content=\"admin\" \/>\n<meta name=\"twitter:card\" content=\"summary_large_image\" \/>\n<meta name=\"twitter:label1\" content=\"Written by\" \/>\n\t<meta name=\"twitter:data1\" content=\"admin\" \/>\n\t<meta name=\"twitter:label2\" content=\"Est. reading time\" \/>\n\t<meta name=\"twitter:data2\" content=\"4 minutes\" \/>\n<script type=\"application\/ld+json\" class=\"yoast-schema-graph\">{\"@context\":\"https:\\\/\\\/schema.org\",\"@graph\":[{\"@type\":\"Article\",\"@id\":\"https:\\\/\\\/fjala.info\\\/2009-2015\\\/edhe-zjarrvenesit-ketu-jetojne\\\/#article\",\"isPartOf\":{\"@id\":\"https:\\\/\\\/fjala.info\\\/2009-2015\\\/edhe-zjarrvenesit-ketu-jetojne\\\/\"},\"author\":{\"name\":\"admin\",\"@id\":\"https:\\\/\\\/fjala.info\\\/2009-2015\\\/#\\\/schema\\\/person\\\/3aa1163ef05469c496fc94e77611ada2\"},\"headline\":\"Edhe zjarrv\u00ebn\u00ebsit k\u00ebtu jetojn\u00eb!\",\"datePublished\":\"2012-08-27T20:12:58+00:00\",\"mainEntityOfPage\":{\"@id\":\"https:\\\/\\\/fjala.info\\\/2009-2015\\\/edhe-zjarrvenesit-ketu-jetojne\\\/\"},\"wordCount\":890,\"commentCount\":0,\"publisher\":{\"@id\":\"https:\\\/\\\/fjala.info\\\/2009-2015\\\/#organization\"},\"image\":{\"@id\":\"https:\\\/\\\/fjala.info\\\/2009-2015\\\/edhe-zjarrvenesit-ketu-jetojne\\\/#primaryimage\"},\"thumbnailUrl\":\"http:\\\/\\\/www.fjala.info\\\/2012\\\/mero_baze.jpg\",\"articleSection\":[\"Artikuj\"],\"inLanguage\":\"sq-AL\",\"potentialAction\":[{\"@type\":\"CommentAction\",\"name\":\"Comment\",\"target\":[\"https:\\\/\\\/fjala.info\\\/2009-2015\\\/edhe-zjarrvenesit-ketu-jetojne\\\/#respond\"]}]},{\"@type\":\"WebPage\",\"@id\":\"https:\\\/\\\/fjala.info\\\/2009-2015\\\/edhe-zjarrvenesit-ketu-jetojne\\\/\",\"url\":\"https:\\\/\\\/fjala.info\\\/2009-2015\\\/edhe-zjarrvenesit-ketu-jetojne\\\/\",\"name\":\"Edhe zjarrv\u00ebn\u00ebsit k\u00ebtu jetojn\u00eb! - FjALA e LIR\u00cb - Arkivi\",\"isPartOf\":{\"@id\":\"https:\\\/\\\/fjala.info\\\/2009-2015\\\/#website\"},\"primaryImageOfPage\":{\"@id\":\"https:\\\/\\\/fjala.info\\\/2009-2015\\\/edhe-zjarrvenesit-ketu-jetojne\\\/#primaryimage\"},\"image\":{\"@id\":\"https:\\\/\\\/fjala.info\\\/2009-2015\\\/edhe-zjarrvenesit-ketu-jetojne\\\/#primaryimage\"},\"thumbnailUrl\":\"http:\\\/\\\/www.fjala.info\\\/2012\\\/mero_baze.jpg\",\"datePublished\":\"2012-08-27T20:12:58+00:00\",\"breadcrumb\":{\"@id\":\"https:\\\/\\\/fjala.info\\\/2009-2015\\\/edhe-zjarrvenesit-ketu-jetojne\\\/#breadcrumb\"},\"inLanguage\":\"sq-AL\",\"potentialAction\":[{\"@type\":\"ReadAction\",\"target\":[\"https:\\\/\\\/fjala.info\\\/2009-2015\\\/edhe-zjarrvenesit-ketu-jetojne\\\/\"]}]},{\"@type\":\"ImageObject\",\"inLanguage\":\"sq-AL\",\"@id\":\"https:\\\/\\\/fjala.info\\\/2009-2015\\\/edhe-zjarrvenesit-ketu-jetojne\\\/#primaryimage\",\"url\":\"http:\\\/\\\/www.fjala.info\\\/2012\\\/mero_baze.jpg\",\"contentUrl\":\"http:\\\/\\\/www.fjala.info\\\/2012\\\/mero_baze.jpg\"},{\"@type\":\"BreadcrumbList\",\"@id\":\"https:\\\/\\\/fjala.info\\\/2009-2015\\\/edhe-zjarrvenesit-ketu-jetojne\\\/#breadcrumb\",\"itemListElement\":[{\"@type\":\"ListItem\",\"position\":1,\"name\":\"Home\",\"item\":\"https:\\\/\\\/fjala.info\\\/2009-2015\\\/\"},{\"@type\":\"ListItem\",\"position\":2,\"name\":\"Edhe zjarrv\u00ebn\u00ebsit k\u00ebtu jetojn\u00eb!\"}]},{\"@type\":\"WebSite\",\"@id\":\"https:\\\/\\\/fjala.info\\\/2009-2015\\\/#website\",\"url\":\"https:\\\/\\\/fjala.info\\\/2009-2015\\\/\",\"name\":\"FjALA e LIR\u00cb - Arkivi\",\"description\":\"Arkivi 2009-2015\",\"publisher\":{\"@id\":\"https:\\\/\\\/fjala.info\\\/2009-2015\\\/#organization\"},\"potentialAction\":[{\"@type\":\"SearchAction\",\"target\":{\"@type\":\"EntryPoint\",\"urlTemplate\":\"https:\\\/\\\/fjala.info\\\/2009-2015\\\/?s={search_term_string}\"},\"query-input\":{\"@type\":\"PropertyValueSpecification\",\"valueRequired\":true,\"valueName\":\"search_term_string\"}}],\"inLanguage\":\"sq-AL\"},{\"@type\":\"Organization\",\"@id\":\"https:\\\/\\\/fjala.info\\\/2009-2015\\\/#organization\",\"name\":\"FjALA e LIR\u00cb - Arkivi\",\"url\":\"https:\\\/\\\/fjala.info\\\/2009-2015\\\/\",\"logo\":{\"@type\":\"ImageObject\",\"inLanguage\":\"sq-AL\",\"@id\":\"https:\\\/\\\/fjala.info\\\/2009-2015\\\/#\\\/schema\\\/logo\\\/image\\\/\",\"url\":\"\",\"contentUrl\":\"\",\"caption\":\"FjALA e LIR\u00cb - Arkivi\"},\"image\":{\"@id\":\"https:\\\/\\\/fjala.info\\\/2009-2015\\\/#\\\/schema\\\/logo\\\/image\\\/\"}},{\"@type\":\"Person\",\"@id\":\"https:\\\/\\\/fjala.info\\\/2009-2015\\\/#\\\/schema\\\/person\\\/3aa1163ef05469c496fc94e77611ada2\",\"name\":\"admin\",\"image\":{\"@type\":\"ImageObject\",\"inLanguage\":\"sq-AL\",\"@id\":\"https:\\\/\\\/fjala.info\\\/2009-2015\\\/wp-content\\\/uploads\\\/2012\\\/02\\\/arben_cokaj-120x150.jpg\",\"url\":\"https:\\\/\\\/fjala.info\\\/2009-2015\\\/wp-content\\\/uploads\\\/2012\\\/02\\\/arben_cokaj-120x150.jpg\",\"contentUrl\":\"https:\\\/\\\/fjala.info\\\/2009-2015\\\/wp-content\\\/uploads\\\/2012\\\/02\\\/arben_cokaj-120x150.jpg\",\"caption\":\"admin\"},\"description\":\"Admin, Fjala e Lir\u00eb\",\"sameAs\":[\"https:\\\/\\\/fjala.info\\\/\"],\"url\":\"https:\\\/\\\/fjala.info\\\/2009-2015\\\/author\\\/admin\\\/\"}]}<\/script>\n<!-- \/ Yoast SEO plugin. -->","yoast_head_json":{"title":"Edhe zjarrv\u00ebn\u00ebsit k\u00ebtu jetojn\u00eb! - FjALA e LIR\u00cb - Arkivi","robots":{"index":"index","follow":"follow","max-snippet":"max-snippet:-1","max-image-preview":"max-image-preview:large","max-video-preview":"max-video-preview:-1"},"canonical":"https:\/\/fjala.info\/2009-2015\/edhe-zjarrvenesit-ketu-jetojne\/","og_locale":"sq_AL","og_type":"article","og_title":"Edhe zjarrv\u00ebn\u00ebsit k\u00ebtu jetojn\u00eb! - FjALA e LIR\u00cb - Arkivi","og_description":"Nga Mero Baze, 27 Gusht 2012 Shqip\u00ebria po kalon nj\u00eb ver\u00eb t\u00eb pazakont\u00eb, me dhjet\u00ebra vatra zjarri n\u00eb gjith\u00eb vendin, duke v\u00ebn\u00eb n\u00eb sh\u00ebnjest\u00ebr dhe parqet e fundit komb\u00ebtare q\u00eb kemi pasur, si Lura, apo pylli i famsh\u00ebm i Brozdovecit n\u00eb Kor\u00e7\u00eb. Mesatarisht ka 30 deri 40 vatra zjarri n\u00eb dit\u00eb, thuajse t\u00eb pashqet\u00ebsuara nga [&hellip;]","og_url":"https:\/\/fjala.info\/2009-2015\/edhe-zjarrvenesit-ketu-jetojne\/","og_site_name":"FjALA e LIR\u00cb - Arkivi","article_published_time":"2012-08-27T20:12:58+00:00","og_image":[{"url":"http:\/\/www.fjala.info\/2012\/mero_baze.jpg","type":"","width":"","height":""}],"author":"admin","twitter_card":"summary_large_image","twitter_misc":{"Written by":"admin","Est. reading time":"4 minutes"},"schema":{"@context":"https:\/\/schema.org","@graph":[{"@type":"Article","@id":"https:\/\/fjala.info\/2009-2015\/edhe-zjarrvenesit-ketu-jetojne\/#article","isPartOf":{"@id":"https:\/\/fjala.info\/2009-2015\/edhe-zjarrvenesit-ketu-jetojne\/"},"author":{"name":"admin","@id":"https:\/\/fjala.info\/2009-2015\/#\/schema\/person\/3aa1163ef05469c496fc94e77611ada2"},"headline":"Edhe zjarrv\u00ebn\u00ebsit k\u00ebtu jetojn\u00eb!","datePublished":"2012-08-27T20:12:58+00:00","mainEntityOfPage":{"@id":"https:\/\/fjala.info\/2009-2015\/edhe-zjarrvenesit-ketu-jetojne\/"},"wordCount":890,"commentCount":0,"publisher":{"@id":"https:\/\/fjala.info\/2009-2015\/#organization"},"image":{"@id":"https:\/\/fjala.info\/2009-2015\/edhe-zjarrvenesit-ketu-jetojne\/#primaryimage"},"thumbnailUrl":"http:\/\/www.fjala.info\/2012\/mero_baze.jpg","articleSection":["Artikuj"],"inLanguage":"sq-AL","potentialAction":[{"@type":"CommentAction","name":"Comment","target":["https:\/\/fjala.info\/2009-2015\/edhe-zjarrvenesit-ketu-jetojne\/#respond"]}]},{"@type":"WebPage","@id":"https:\/\/fjala.info\/2009-2015\/edhe-zjarrvenesit-ketu-jetojne\/","url":"https:\/\/fjala.info\/2009-2015\/edhe-zjarrvenesit-ketu-jetojne\/","name":"Edhe zjarrv\u00ebn\u00ebsit k\u00ebtu jetojn\u00eb! - FjALA e LIR\u00cb - Arkivi","isPartOf":{"@id":"https:\/\/fjala.info\/2009-2015\/#website"},"primaryImageOfPage":{"@id":"https:\/\/fjala.info\/2009-2015\/edhe-zjarrvenesit-ketu-jetojne\/#primaryimage"},"image":{"@id":"https:\/\/fjala.info\/2009-2015\/edhe-zjarrvenesit-ketu-jetojne\/#primaryimage"},"thumbnailUrl":"http:\/\/www.fjala.info\/2012\/mero_baze.jpg","datePublished":"2012-08-27T20:12:58+00:00","breadcrumb":{"@id":"https:\/\/fjala.info\/2009-2015\/edhe-zjarrvenesit-ketu-jetojne\/#breadcrumb"},"inLanguage":"sq-AL","potentialAction":[{"@type":"ReadAction","target":["https:\/\/fjala.info\/2009-2015\/edhe-zjarrvenesit-ketu-jetojne\/"]}]},{"@type":"ImageObject","inLanguage":"sq-AL","@id":"https:\/\/fjala.info\/2009-2015\/edhe-zjarrvenesit-ketu-jetojne\/#primaryimage","url":"http:\/\/www.fjala.info\/2012\/mero_baze.jpg","contentUrl":"http:\/\/www.fjala.info\/2012\/mero_baze.jpg"},{"@type":"BreadcrumbList","@id":"https:\/\/fjala.info\/2009-2015\/edhe-zjarrvenesit-ketu-jetojne\/#breadcrumb","itemListElement":[{"@type":"ListItem","position":1,"name":"Home","item":"https:\/\/fjala.info\/2009-2015\/"},{"@type":"ListItem","position":2,"name":"Edhe zjarrv\u00ebn\u00ebsit k\u00ebtu jetojn\u00eb!"}]},{"@type":"WebSite","@id":"https:\/\/fjala.info\/2009-2015\/#website","url":"https:\/\/fjala.info\/2009-2015\/","name":"FjALA e LIR\u00cb - Arkivi","description":"Arkivi 2009-2015","publisher":{"@id":"https:\/\/fjala.info\/2009-2015\/#organization"},"potentialAction":[{"@type":"SearchAction","target":{"@type":"EntryPoint","urlTemplate":"https:\/\/fjala.info\/2009-2015\/?s={search_term_string}"},"query-input":{"@type":"PropertyValueSpecification","valueRequired":true,"valueName":"search_term_string"}}],"inLanguage":"sq-AL"},{"@type":"Organization","@id":"https:\/\/fjala.info\/2009-2015\/#organization","name":"FjALA e LIR\u00cb - Arkivi","url":"https:\/\/fjala.info\/2009-2015\/","logo":{"@type":"ImageObject","inLanguage":"sq-AL","@id":"https:\/\/fjala.info\/2009-2015\/#\/schema\/logo\/image\/","url":"","contentUrl":"","caption":"FjALA e LIR\u00cb - Arkivi"},"image":{"@id":"https:\/\/fjala.info\/2009-2015\/#\/schema\/logo\/image\/"}},{"@type":"Person","@id":"https:\/\/fjala.info\/2009-2015\/#\/schema\/person\/3aa1163ef05469c496fc94e77611ada2","name":"admin","image":{"@type":"ImageObject","inLanguage":"sq-AL","@id":"https:\/\/fjala.info\/2009-2015\/wp-content\/uploads\/2012\/02\/arben_cokaj-120x150.jpg","url":"https:\/\/fjala.info\/2009-2015\/wp-content\/uploads\/2012\/02\/arben_cokaj-120x150.jpg","contentUrl":"https:\/\/fjala.info\/2009-2015\/wp-content\/uploads\/2012\/02\/arben_cokaj-120x150.jpg","caption":"admin"},"description":"Admin, Fjala e Lir\u00eb","sameAs":["https:\/\/fjala.info\/"],"url":"https:\/\/fjala.info\/2009-2015\/author\/admin\/"}]}},"_links":{"self":[{"href":"https:\/\/fjala.info\/2009-2015\/wp-json\/wp\/v2\/posts\/4721","targetHints":{"allow":["GET"]}}],"collection":[{"href":"https:\/\/fjala.info\/2009-2015\/wp-json\/wp\/v2\/posts"}],"about":[{"href":"https:\/\/fjala.info\/2009-2015\/wp-json\/wp\/v2\/types\/post"}],"author":[{"embeddable":true,"href":"https:\/\/fjala.info\/2009-2015\/wp-json\/wp\/v2\/users\/1"}],"replies":[{"embeddable":true,"href":"https:\/\/fjala.info\/2009-2015\/wp-json\/wp\/v2\/comments?post=4721"}],"version-history":[{"count":0,"href":"https:\/\/fjala.info\/2009-2015\/wp-json\/wp\/v2\/posts\/4721\/revisions"}],"wp:attachment":[{"href":"https:\/\/fjala.info\/2009-2015\/wp-json\/wp\/v2\/media?parent=4721"}],"wp:term":[{"taxonomy":"category","embeddable":true,"href":"https:\/\/fjala.info\/2009-2015\/wp-json\/wp\/v2\/categories?post=4721"},{"taxonomy":"post_tag","embeddable":true,"href":"https:\/\/fjala.info\/2009-2015\/wp-json\/wp\/v2\/tags?post=4721"}],"curies":[{"name":"wp","href":"https:\/\/api.w.org\/{rel}","templated":true}]}}