{"id":4719,"date":"2010-11-13T07:10:01","date_gmt":"2010-11-13T06:10:01","guid":{"rendered":"http:\/\/fjala.shkoder.net\/?p=4719"},"modified":"2010-11-13T07:10:01","modified_gmt":"2010-11-13T06:10:01","slug":"me-braktisi-burri-familja-ime-dhe-shteti","status":"publish","type":"post","link":"https:\/\/fjala.info\/2009-2015\/me-braktisi-burri-familja-ime-dhe-shteti\/","title":{"rendered":"\u201cM\u00eb braktisi burri, familja ime dhe shteti\u201d"},"content":{"rendered":"<p>DURRES\/ <strong>LEONIDHA MUSAJ<\/strong>, <em>12 Nentor 2010<\/em><\/p>\n<p><strong>Zana Xheka<\/strong> ishte endur m\u00eb kot dyerve t\u00eb Bashkis\u00eb s\u00eb Sukthit p\u00ebr t\u00eb gjetur nj\u00eb p\u00ebrkrahje. Askush nuk ia kishte hapur der\u00ebn gruas q\u00eb i duhej t\u00eb ushqente me mund kat\u00ebr f\u00ebmij\u00ebt e saj. \u201c<em>Takova edhe kryebashkiakun e Sukthit, por ai nuk m\u00eb ndihmoi. M\u00eb kot u enda disa koh\u00eb dyerve t\u00eb bashkis\u00eb<\/em>\u201d, &#8211;\u00a0u shpreh ajo. Sipas saj, argumentimi kishte qen\u00eb se ajo nuk ishte banore e Sukthit, por e komun\u00ebs Hamallaj, prej nga e cila ishte larguar p\u00ebr t\u00eb jetuar n\u00eb Sukth. Tashm\u00eb 38-vje\u00e7arja ndodhet n\u00eb shok psikologjik.<\/p>\n<p style=\"text-align: center;\"><img loading=\"lazy\" decoding=\"async\" class=\"alignnone size-full wp-image-4720\" title=\"4 f\u00ebmij\u00eb asfiksohen n\u00eb nj\u00eb barak\u00eb...\" src=\"http:\/\/fjala.shkoder.net\/wp-content\/uploads\/2010\/11\/4_femije_asfiksohen.jpg\" alt=\"\" width=\"500\" height=\"314\" \/><\/p>\n<p>Ndihet m\u00eb fatkeqe se kurr\u00eb. F\u00ebmij\u00ebt e saj nxor\u00ebn shpirt teksa ajo k\u00ebndonte disa kilometra larg tyre p\u00ebr t\u2019iu siguruar buk\u00ebn e goj\u00ebs. Djalit m\u00eb t\u00eb madh, 13 vje\u00e7, i duhej t\u00eb kujdesej p\u00ebr m\u00eb t\u00eb vegjlit. \u00c7do nat\u00eb, ai i vinte n\u00eb gjum\u00eb, nd\u00ebrsa ende pa zbardhur dita ngrihej t\u2019i hapte der\u00ebn n\u00ebn\u00ebs q\u00eb vinte nga puna. Tragjedia ndodhi kur n\u00eb Sukth ik\u00ebn dritat dhe 13-vje\u00e7ari do t\u00eb ndri\u00e7onte skamjen me nj\u00eb qiri&#8230;<\/p>\n<p><strong>Kur u larguat nga sht\u00ebpia?<\/strong><br \/>\nU largova pasdite von\u00eb, pasi lash\u00eb gjith\u00e7ka gati. Ashtu si \u00e7do her\u00eb, un\u00eb p\u00ebrgatisja dark\u00ebn p\u00ebr f\u00ebmij\u00ebt. Pasi sigurohesha q\u00eb do t\u00eb flinin t\u00eb qet\u00eb, nisesha p\u00ebr pun\u00eb. Dje pasdite i kam par\u00eb kat\u00ebr f\u00ebmij\u00ebt e mi p\u00ebr her\u00eb t\u00eb fundit. Kur arrita n\u00eb pun\u00eb rreth or\u00ebs 22:00, mora komshiun tim n\u00eb telefon p\u00ebr ta pyetur p\u00ebr f\u00ebmij\u00ebt. Ai m\u00eb tha t\u00eb mos merakosesha se gjith\u00e7ka shkonte mir\u00eb.<\/p>\n<p><a href=\"http:\/\/fjala.shkoder.net\/wp-content\/uploads\/2010\/11\/4_femije_asfiksohen1.jpg\"><img loading=\"lazy\" decoding=\"async\" class=\"alignleft size-full wp-image-4721\" title=\"4 f\u00ebmij\u00eb asfiksohen...\" src=\"http:\/\/fjala.shkoder.net\/wp-content\/uploads\/2010\/11\/4_femije_asfiksohen1.jpg\" alt=\"\" width=\"210\" height=\"160\" \/><\/a><\/p>\n<p><strong>F\u00ebmij\u00ebt jetonin vet\u00ebm me ju? Ku ndodhej babai i tyre?<\/strong><br \/>\nQ\u00eb prej 13 vitesh, thuajse i kam rritur e vetme f\u00ebmij\u00ebt, pasi bashk\u00ebshorti nuk punonte. Ai vet\u00ebm ushtronte dhun\u00eb mbi mua dhe f\u00ebmij\u00ebt. Kjo me detyroi q\u00eb t\u00eb divorcohesha. Q\u00eb prej dy vitesh, ai nuk \u00ebsht\u00eb b\u00ebr\u00eb i gjall\u00eb. I kam rritur me shum\u00eb probleme dhe mundime. Tre f\u00ebmij\u00eb shkonin n\u00eb shkoll\u00eb dhe mua m\u00eb duhej t\u00eb kujdesesha p\u00ebr ta, duke b\u00ebr\u00eb pun\u00eb t\u00eb ndryshme.<\/p>\n<p><strong>Kur e m\u00ebsove se \u00e7\u2019u kishte ngjar\u00eb f\u00ebmij\u00ebve? U kthyet von\u00eb nga puna?<\/strong><br \/>\nU ktheva rreth or\u00ebs 02:30, e shoq\u00ebruar nga koleg\u00ebt dhe pronari i lokalit ku punoj. U afrova tek dera dhe i thirra djalit t\u00eb madh p\u00ebr t\u00eb ma hapur der\u00ebn, ashtu si \u00e7do nat\u00eb tjet\u00ebr. Por edhe pse po trokisja me forc\u00eb, asnj\u00ebri nga f\u00ebmij\u00ebt nuk reagoi. Kjo m\u00eb trembi shum\u00eb dhe u afrova tek dritarja p\u00ebr t\u00eb par\u00eb se \u00e7\u2019kishte ndodhur.<\/p>\n<p>Tek xhami i thyer arrita t\u00eb dalloj vajz\u00ebn e vog\u00ebl, e cila nuk l\u00ebvizte fare. Fillova t\u00eb klithja dhe t\u00eb k\u00ebrkoja ndihm\u00eb tek komshinjt\u00eb, t\u00eb cil\u00ebt shp\u00ebrthyen der\u00ebn. Kur hyra brenda shtanga, syt\u00eb m\u00eb zun\u00eb vet\u00ebm tre f\u00ebmij\u00ebt dhe nuk po shihja djalin e madh. Pas pak \u00e7astesh, komshinjt\u00eb e gjet\u00ebn edhe at\u00eb n\u00eb nj\u00eb cep t\u00eb dhom\u00ebs, por un\u00eb nuk guxoja t\u2019i prekja f\u00ebmij\u00ebt me dor\u00eb. M\u00eb pas erdhi policia dhe nuk mbaj mend se si kam ardhur k\u00ebtu n\u00eb spital.<\/p>\n<p><strong>A e keni njoftuar bashk\u00ebshortin se \u00e7far\u00eb ka ndodhur?<\/strong><br \/>\nE kam njoftuar q\u00eb n\u00eb m\u00ebngjes her\u00ebt, por s\u00ebrish nuk ka ardhur. Ai i braktisi t\u00eb gjall\u00eb, tashm\u00eb po i braktis edhe t\u00eb vdekur. Ne u shp\u00ebrngul\u00ebm nga Dibra n\u00eb vitin 1998, kur u vendos\u00ebm n\u00eb Hamallaj, p\u00ebr nj\u00eb jet\u00eb m\u00eb t\u00eb mir\u00eb, por ajo mbeti nj\u00eb shpres\u00eb q\u00eb nuk u realizua kurr\u00eb.<\/p>\n<p><strong>Si arrije t\u00eb p\u00ebrballoje jetes\u00ebn me kat\u00ebr f\u00ebmij\u00eb?<\/strong><br \/>\nPas divorcit, q\u00eb prej dy vitesh jetoja me f\u00ebmij\u00ebt n\u00eb Sukth n\u00eb nj\u00eb banes\u00eb me qira. Mundohesha shum\u00eb q\u00eb t\u2019ju siguroja jetes\u00ebn. M\u00eb duhej t\u00eb b\u00ebja dy pun\u00eb p\u00ebr t\u2019u ushqyer, por t\u00eb ardhurat q\u00eb siguroja nuk mjaftonin.<\/p>\n<p><strong>Keni k\u00ebrkuar ndihm\u00eb ekonomike?<\/strong><br \/>\nDuke qen\u00eb se banoja n\u00eb Bashkin\u00eb e Sukthit, kam shkuar p\u00ebr t\u00eb k\u00ebrkuar ndihm\u00eb, por gjithmon\u00eb i kam\u00eb gjetur dyert e mbyllura. Askush nuk m\u00eb ndihmoi, madje takova edhe kryetarin e bashkis\u00eb.<br \/>\nAsnj\u00eb nuk m\u00eb ndihmonte, as t\u00eb af\u00ebrmit e mi. Prind\u00ebrit prej koh\u00ebsh nuk m\u00eb mb\u00ebshtesnin, as n\u00eb sht\u00ebpi nuk m\u00eb pranonin. F\u00ebmij\u00ebt m&#8217;i i keqtrajtonin n\u00eb shkoll\u00eb, askush nuk i p\u00ebrkrahte. Ata vinin p\u00ebrdit\u00eb n\u00eb sht\u00ebpi duke qar\u00eb.<\/p>\n<p>&#8212;&#8212;&#8212;&#8212;&#8212;&#8212;&#8212;&#8212;&#8212;&#8212;&#8212;&#8212;&#8212;&#8212;&#8212;&#8212;&#8212;&#8212;&#8212;&#8212;&#8212;&#8212;&#8212;&#8212;&#8212;&#8212;&#8211;<\/p>\n<p><strong>Familja Xheka, n\u00eb Sukth p\u00ebr t\u00eb jetuar n\u00eb varf\u00ebri, por pa dhun\u00eb<\/strong><\/p>\n<p><em>SUKTH<\/em> \u2013 Nj\u00eb dhom\u00eb e p\u00ebrbashk\u00ebt, ku ndodhej shtrati i madh, nj\u00eb tavolin\u00eb e nj\u00eb televizor. Ky ishte ambienti ku strehohej n\u00ebna me 4 f\u00ebmij\u00ebt e saj, m\u00eb i madhi 13 vje\u00e7 dhe m\u00eb e vogla 6 vje\u00e7e. N\u00eb k\u00ebt\u00eb godin\u00eb, e cila as sht\u00ebpi nuk mund t\u00eb quhet, jetonte prej rreth 2 vitesh Zana Xheka me 4 f\u00ebmij\u00ebt. E braktisur nga t\u00eb gjith\u00eb, nga burri, familja e saj dhe shteti. Zana tregon se n\u00eb k\u00ebt\u00eb godin\u00eb ishte vendosur me qira, pasi u largua nga fshati Hamallaj, ku kishte jetuar me t\u00eb shoqin deri para divorcit. Me origjin\u00eb ishin nga Dibra. Por, pas martese u vendos\u00ebn n\u00eb fshatin bregdetar, p\u00ebr t\u00eb nisur jet\u00ebn q\u00eb vet\u00eb 38-vje\u00e7arja e kishte menduar ndryshe.<\/p>\n<p>Dhuna e ka shoq\u00ebruar gjith\u00eb jet\u00ebn e megjith\u00eb denoncimet n\u00eb polici, ish-burri nuk kishte hequr dor\u00eb, derisa ajo k\u00ebrkoi divorcin. Megjithat\u00eb, as gjykata nuk e kishte detyruar kryefamiljarin q\u00eb t\u00eb mbante p\u00ebrgjegj\u00ebsit\u00eb e veta p\u00ebr t\u00eb rritur f\u00ebmij\u00ebt. Ai i braktisi ata, duke detyruar n\u00ebn\u00ebn e tyre t\u00eb siguronte buk\u00ebn p\u00ebr ta n\u00eb \u00e7dolloj m\u00ebnyre. P\u00ebr at\u00eb dhom\u00eb q\u00eb nga jasht\u00eb t\u00eb ngat\u00ebrrohej me nj\u00eb plevic\u00eb kafsh\u00ebsh, Zana paguan \u00e7do muaj nj\u00eb qira prej 3 mij\u00eb lek\u00ebsh. Pik\u00ebrisht n\u00eb k\u00ebt\u00eb banes\u00eb, ku edhe pse e dinte se varf\u00ebria do t\u00eb ishte me t\u00eb p\u00ebr vite t\u00eb t\u00ebra, Zana pranoi t\u00eb jetonte se kishte lirin\u00eb. Pik\u00ebrisht k\u00ebtu, liria e saj nga dhuna u \u201cshp\u00ebrblye\u201d me dhimbjen m\u00eb t\u00eb madhe, at\u00eb t\u00eb humbjes s\u00eb 4 f\u00ebmij\u00ebve t\u00eb saj.<\/p>\n<p>&#8212;&#8212;&#8212;&#8212;&#8212;&#8212;&#8212;&#8212;&#8212;&#8212;&#8212;&#8212;&#8212;&#8212;&#8212;&#8212;&#8212;&#8212;&#8212;&#8212;&#8212;&#8212;&#8212;&#8212;&#8212;&#8212;&#8211;<br \/>\n<strong><\/strong><\/p>\n<p><strong>Shoqja e Zan\u00ebs: U martua q\u00eb kur ishte 15 vje\u00e7e<\/strong><\/p>\n<p>\u201c<em>Zana rrinte gjithnj\u00eb n\u00eb ankth p\u00ebr f\u00ebmij\u00ebt e saj. Ishte e detyruar t\u2019i linte vet\u00ebm ata, pasi i duhej t\u00eb punonte q\u00eb t\u2019u siguronte buk\u00ebn e goj\u00ebs<\/em>\u201d. K\u00ebshtu u shpreh dje mes lot\u00ebve nj\u00ebra nga koleget e pun\u00ebs dhe nj\u00ebherazi mike e Zana Xhek\u00ebs. Sipas saj, Zana ishte n\u00eb varf\u00ebri ekstreme, nd\u00ebrsa askush nuk e ndihmonte p\u00ebr t\u00eb ushqyer kat\u00ebr f\u00ebmij\u00ebt e vegj\u00ebl.<\/p>\n<p>\u201c<em>Ndon\u00ebse ishte martuar q\u00eb 15 vje\u00e7e, nga kjo martes\u00eb ku lind\u00ebn kat\u00ebr f\u00ebmije nuk gjeti mb\u00ebshtetjen e bashk\u00ebshortit t\u00eb saj. Ai e braktisi bashk\u00eb m\u00eb f\u00ebmij\u00ebt. Zana punonte n\u00eb dy pun\u00eb, paradite kameriere n\u00eb nj\u00eb lokal n\u00eb Sukth, nd\u00ebrsa n\u00eb mbr\u00ebmje punonte si k\u00ebng\u00ebtare n\u00eb nj\u00eb lokal nate n\u00eb Tiran\u00eb, aty ku punoj edhe un\u00eb<\/em>\u201d, u shpreh ajo. Sipas saj, Zana kujdesej mjaft p\u00ebr f\u00ebmij\u00ebt e saj, dhe vazhdimisht shprehte frik\u00eb se mos iu ndodhte gj\u00eb teksa rrinin vet\u00ebm gjat\u00eb gjith\u00eb nat\u00ebs. l.m<\/p>\n<p>&#8212;&#8212;&#8212;&#8212;&#8212;&#8212;&#8212;&#8212;&#8212;&#8212;&#8212;&#8212;&#8212;&#8212;&#8212;&#8212;&#8212;&#8212;&#8212;&#8212;&#8212;&#8212;&#8212;&#8212;&#8212;<\/p>\n<p><strong>Tragjedia me 4 femij\u00ebt rr\u00ebfehet babai<\/strong><\/p>\n<p><strong><\/strong><br \/>\n<em>TIRANE<\/em> &#8211; Ngjarja ne familjen Xheka, ku 4 femije te mitur humben jeten si pasoje nga asfiksia, ka qene tragjedi dhe per babain e ikur nga shtepia. Ne nje rrefim per te perditshmen Gazeta Shqiptare, Besim Xheka thote se i ka par\u00eb kat\u00ebr f\u00ebmij\u00ebt e tij t\u00eb mjer\u00eb, rreth 3 muaj m\u00eb par\u00eb, kur ata fshehurazi nga e \u00ebma, shkuan t\u00eb takojn\u00eb t\u00eb atin. Me lot n\u00eb sy dhe fjali q\u00eb i l\u00eb p\u00ebrgjysm\u00eb n\u00eb mes nga ngash\u00ebrimi, Besim Xheka rr\u00ebfen historin\u00eb e dhimbshme t\u00eb jet\u00ebs s\u00eb tij.<\/p>\n<p>&#8220;<em>Isha n\u00eb sht\u00ebpi kur kunata m\u00eb tha se djali i madh ishte n\u00eb gjendje shum\u00eb t\u00eb r\u00ebnd\u00eb sepse i kishte r\u00ebn\u00eb nj\u00eb vet\u00ebtim\u00eb. U \u00e7menda. Sillesha n\u00eb sht\u00ebpi si i marrosur dhe doja t\u00eb shkoja n\u00eb Sukth p\u00ebr t\u00eb par\u00eb se \u00e7far\u00eb po ndodhte. Kunata m\u00eb qet\u00ebsoi dhe bashk\u00eb me tim v\u00eblla m\u00eb than\u00eb q\u00eb t\u2019i prisja n\u00eb sht\u00ebpi. Kur erdh\u00ebn dhe m\u00eb than\u00eb lajmin, nuk i besoja dot vesh\u00ebve. O Zot pse f\u00ebmij\u00ebt e mi, pse t\u00eb gjith\u00eb&#8230;<\/em> &#8220;, shprehet babai i kater femijeve per Gazeta Shqiptare.<\/p>\n<p>T\u00eb martuar prej 14 vitesh, Besim dhe Zana Xheka kan\u00eb kaluar n\u00ebp\u00ebr konflikte dhe mosmarr\u00ebveshje t\u00eb m\u00ebdha. T\u00eb vendosur n\u00eb at\u00eb sht\u00ebpi q\u00eb s\u2019i dihet em\u00ebrtimi, \u00e7ifti, prind\u00ebr t\u00eb kat\u00ebr f\u00ebmij\u00ebve, dy djemve dhe t\u00eb dy vajzave, kan\u00eb provuar t\u00eb ndahen e t\u00eb bashkohen disa her\u00eb, nd\u00ebrkoh\u00eb q\u00eb shkak i sherrit ishte pik\u00ebrisht moskombinimi mes tyre. Gruaja akuzonte t\u00eb shoqin p\u00ebr paaft\u00ebsi p\u00ebr t\u00eb qen\u00eb kryefamiljar, nd\u00ebrkoh\u00eb q\u00eb vet\u00eb Besimi mundohej t\u00eb shpjegonte se n\u00eb t\u00eb v\u00ebrtet\u00eb \u00ebsht\u00eb munduar me sa fuqi ka pasur p\u00ebr t\u00eb rritur f\u00ebmij\u00ebt e tyre.<\/p>\n<p>Por, me sa duket, p\u00ebrpjekja n\u00eb koh\u00eb e bashk\u00ebshortit 46-vje\u00e7ar ka qen\u00eb e pamjaftueshme p\u00ebr t\u00eb siguruar qoft\u00eb edhe nj\u00eb jet\u00eb normale, jet\u00eb q\u00eb sipas t\u00eb tjera t\u00eb dh\u00ebnave, gruaja \u00ebsht\u00eb munduar ta siguroj\u00eb duke punuar vet\u00eb dhe e vetme. K\u00ebshtu, vet\u00eb Besimi, teksa rr\u00ebfente momentin e sherrit t\u00eb fundit me Zan\u00ebn tregonte se ajo e k\u00ebrc\u00ebnonte her\u00eb pas her\u00eb se do t\u2019i sillte policin\u00eb n\u00eb sht\u00ebpi dhe jo vet\u00ebm do ta rrihnin, por edhe do ta mbanin n\u00eb qeli.<\/p>\n<p>&#8220;<em>Kam q\u00ebndruar k\u00ebtu te v\u00ebllai. Me k\u00ebto rri sepse gruaja m\u00eb trajtonte keq dhe se koh\u00ebve t\u00eb fundit m\u00eb k\u00ebrc\u00ebnoij se do t\u00eb m\u00eb sillte policin\u00eb p\u00ebr t\u00eb m\u00eb rrahur e burgosur, ndaj vendosa t\u00eb iki<\/em>&#8220;.<br \/>\nS\u00ebrish burri tregon se kjo histori \u00ebsht\u00eb p\u00ebrs\u00ebritur shum\u00eb her\u00eb, nd\u00ebrsa her\u00ebn e fundit ka vendosur t\u00eb l\u00ebr\u00eb edhe f\u00ebmij\u00ebt e tij dhe t\u00eb vij\u00eb n\u00ebn mbrojtjen e t\u00eb v\u00ebllait n\u00eb Tapiz\u00eb, ku edhe ka q\u00ebndruar prej asaj kohe.<\/p>\n<p>&#8220;<em>Po pa shpi jam. Rri t\u00eb v\u00ebllai si\u00e7 edhe kam ndenjur, por tashm\u00eb s&#8217;kam m\u00eb shpi e asgj\u00eb. Askush s\u2019m\u00eb ndihmon p\u00ebr t\u00eb pasur edhe un\u00eb di\u00e7ka timen e tashm\u00eb pas vdekjes edhe t\u00eb t\u00eb gjith\u00eb f\u00ebmij\u00ebve p\u00ebr mua nuk e di kush mund t\u00eb kujdeset p\u00ebrve\u00e7 familjes sime. M\u00eb kan\u00eb th\u00ebn\u00eb se p\u00ebr gruan po kujdeset shteti, nd\u00ebrsa p\u00ebr mua nuk i bie kujt nd\u00ebrmend<\/em>&#8220;.<\/p>\n<p>Dy dit\u00eb m\u00eb par\u00eb, n\u00eb Tapiz\u00eb t\u00eb Kruj\u00ebs qindra persona p\u00ebrcoll\u00ebn p\u00ebr n\u00eb banes\u00ebn e fundit kat\u00ebr t\u00eb vegjlit e familjes Xheka. Trupat e pajet\u00eb t\u00eb Robertit, Vilsonit, Kasandr\u00ebs dhe Nertil\u00ebs t\u00eb vrar\u00eb nga asfiksia e shkarkimit t\u00eb dioksidit t\u00eb karbonit nga nj\u00eb djegie e \u00e7uditshme materialesh n\u00eb banes\u00eb, u varros\u00ebn n\u00eb Tapiz\u00eb. Sipas familjar\u00ebve nga babai i femijeve, shteti nuk pagoi asnj\u00eb qindark\u00eb p\u00ebr shpenzimet e varrimit, madje asnj\u00eb pushtetar nuk ishte prezent n\u00eb ceremoni. Ata fajesojne nenen si shkaktare dhe theksojne se kane qene njerezit e Zana Xhekes, qe nuk pranuan qe ajo te merrte pjese ne varrim.<\/p>\n<p>Me 11 Nentor, Robert e Vilson Xheka 13 dhe 9 vjec, Kasandra e Nertila Xheka 9 dhe 6 vjec u asfiksuan nga nj\u00eb vat\u00ebr zjarri e krijuar n\u00eb sht\u00ebpi. Nga mungesa e energjis\u00eb, f\u00ebmij\u00ebt harruan ndezur nj\u00eb qiri, q\u00eb shkaktoi edhe zjarrin n\u00eb banes\u00eb. Ka q\u00ebn\u00eb n\u00ebna e tyre, Zana Xheka q\u00eb i gjeti t\u00eb asfiksuar n\u00eb or\u00ebt e para t\u00eb m\u00ebngjesit, teksa kthehej nga puna.<\/p>\n<p>N\u00eb nj\u00eb rr\u00ebfim rr\u00ebnqeth\u00ebs p\u00ebr <em>News24 <\/em>gruaja e vetme tregoi se nuk kishte asnj\u00eb ndihm\u00eb nga bashk\u00ebshorti p\u00ebr rritjen e tyre, madje, ky i fundit i dhunonte sa her\u00eb kthehej n\u00eb sht\u00ebpi. Kjo ishte edhe arsyeja q\u00eb gruaja kishte zgjedhur t\u00eb jetonte vet\u00ebm me f\u00ebmij\u00ebt e saj, n\u00eb varf\u00ebri e skamje.<\/p>\n<p>(<em>d.b\/BalkanWeb<\/em>)<\/p>\n","protected":false},"excerpt":{"rendered":"<p>DURRES\/ LEONIDHA MUSAJ, 12 Nentor 2010 Zana Xheka ishte endur m\u00eb kot dyerve t\u00eb Bashkis\u00eb s\u00eb Sukthit p\u00ebr t\u00eb gjetur nj\u00eb p\u00ebrkrahje. Askush nuk ia kishte hapur der\u00ebn gruas q\u00eb i duhej t\u00eb ushqente me mund kat\u00ebr f\u00ebmij\u00ebt e saj. \u201cTakova edhe kryebashkiakun e Sukthit, por ai nuk m\u00eb ndihmoi. M\u00eb kot u enda disa [&hellip;]<\/p>\n","protected":false},"author":1,"featured_media":0,"comment_status":"open","ping_status":"closed","sticky":false,"template":"","format":"standard","meta":{"footnotes":""},"categories":[2],"tags":[],"class_list":{"0":"post-4719","1":"post","2":"type-post","3":"status-publish","4":"format-standard","6":"category-artikuj"},"yoast_head":"<!-- This site is optimized with the Yoast SEO plugin v27.4 - https:\/\/yoast.com\/product\/yoast-seo-wordpress\/ -->\n<title>\u201cM\u00eb braktisi burri, familja ime dhe shteti\u201d - FjALA e LIR\u00cb - Arkivi<\/title>\n<meta name=\"robots\" content=\"index, follow, max-snippet:-1, max-image-preview:large, max-video-preview:-1\" \/>\n<link rel=\"canonical\" href=\"https:\/\/fjala.info\/2009-2015\/me-braktisi-burri-familja-ime-dhe-shteti\/\" \/>\n<meta property=\"og:locale\" content=\"sq_AL\" \/>\n<meta property=\"og:type\" content=\"article\" \/>\n<meta property=\"og:title\" content=\"\u201cM\u00eb braktisi burri, familja ime dhe shteti\u201d - FjALA e LIR\u00cb - Arkivi\" \/>\n<meta property=\"og:description\" content=\"DURRES\/ LEONIDHA MUSAJ, 12 Nentor 2010 Zana Xheka ishte endur m\u00eb kot dyerve t\u00eb Bashkis\u00eb s\u00eb Sukthit p\u00ebr t\u00eb gjetur nj\u00eb p\u00ebrkrahje. Askush nuk ia kishte hapur der\u00ebn gruas q\u00eb i duhej t\u00eb ushqente me mund kat\u00ebr f\u00ebmij\u00ebt e saj. \u201cTakova edhe kryebashkiakun e Sukthit, por ai nuk m\u00eb ndihmoi. M\u00eb kot u enda disa [&hellip;]\" \/>\n<meta property=\"og:url\" content=\"https:\/\/fjala.info\/2009-2015\/me-braktisi-burri-familja-ime-dhe-shteti\/\" \/>\n<meta property=\"og:site_name\" content=\"FjALA e LIR\u00cb - Arkivi\" \/>\n<meta property=\"article:published_time\" content=\"2010-11-13T06:10:01+00:00\" \/>\n<meta property=\"og:image\" content=\"http:\/\/fjala.shkoder.net\/wp-content\/uploads\/2010\/11\/4_femije_asfiksohen.jpg\" \/>\n<meta name=\"author\" content=\"admin\" \/>\n<meta name=\"twitter:card\" content=\"summary_large_image\" \/>\n<meta name=\"twitter:label1\" content=\"Written by\" \/>\n\t<meta name=\"twitter:data1\" content=\"admin\" \/>\n\t<meta name=\"twitter:label2\" content=\"Est. reading time\" \/>\n\t<meta name=\"twitter:data2\" content=\"10 minutes\" \/>\n<script type=\"application\/ld+json\" class=\"yoast-schema-graph\">{\"@context\":\"https:\\\/\\\/schema.org\",\"@graph\":[{\"@type\":\"Article\",\"@id\":\"https:\\\/\\\/fjala.info\\\/2009-2015\\\/me-braktisi-burri-familja-ime-dhe-shteti\\\/#article\",\"isPartOf\":{\"@id\":\"https:\\\/\\\/fjala.info\\\/2009-2015\\\/me-braktisi-burri-familja-ime-dhe-shteti\\\/\"},\"author\":{\"name\":\"admin\",\"@id\":\"https:\\\/\\\/fjala.info\\\/2009-2015\\\/#\\\/schema\\\/person\\\/3aa1163ef05469c496fc94e77611ada2\"},\"headline\":\"\u201cM\u00eb braktisi burri, familja ime dhe shteti\u201d\",\"datePublished\":\"2010-11-13T06:10:01+00:00\",\"mainEntityOfPage\":{\"@id\":\"https:\\\/\\\/fjala.info\\\/2009-2015\\\/me-braktisi-burri-familja-ime-dhe-shteti\\\/\"},\"wordCount\":2092,\"commentCount\":0,\"publisher\":{\"@id\":\"https:\\\/\\\/fjala.info\\\/2009-2015\\\/#organization\"},\"image\":{\"@id\":\"https:\\\/\\\/fjala.info\\\/2009-2015\\\/me-braktisi-burri-familja-ime-dhe-shteti\\\/#primaryimage\"},\"thumbnailUrl\":\"http:\\\/\\\/fjala.shkoder.net\\\/wp-content\\\/uploads\\\/2010\\\/11\\\/4_femije_asfiksohen.jpg\",\"articleSection\":[\"Artikuj\"],\"inLanguage\":\"sq-AL\",\"potentialAction\":[{\"@type\":\"CommentAction\",\"name\":\"Comment\",\"target\":[\"https:\\\/\\\/fjala.info\\\/2009-2015\\\/me-braktisi-burri-familja-ime-dhe-shteti\\\/#respond\"]}]},{\"@type\":\"WebPage\",\"@id\":\"https:\\\/\\\/fjala.info\\\/2009-2015\\\/me-braktisi-burri-familja-ime-dhe-shteti\\\/\",\"url\":\"https:\\\/\\\/fjala.info\\\/2009-2015\\\/me-braktisi-burri-familja-ime-dhe-shteti\\\/\",\"name\":\"\u201cM\u00eb braktisi burri, familja ime dhe shteti\u201d - FjALA e LIR\u00cb - Arkivi\",\"isPartOf\":{\"@id\":\"https:\\\/\\\/fjala.info\\\/2009-2015\\\/#website\"},\"primaryImageOfPage\":{\"@id\":\"https:\\\/\\\/fjala.info\\\/2009-2015\\\/me-braktisi-burri-familja-ime-dhe-shteti\\\/#primaryimage\"},\"image\":{\"@id\":\"https:\\\/\\\/fjala.info\\\/2009-2015\\\/me-braktisi-burri-familja-ime-dhe-shteti\\\/#primaryimage\"},\"thumbnailUrl\":\"http:\\\/\\\/fjala.shkoder.net\\\/wp-content\\\/uploads\\\/2010\\\/11\\\/4_femije_asfiksohen.jpg\",\"datePublished\":\"2010-11-13T06:10:01+00:00\",\"breadcrumb\":{\"@id\":\"https:\\\/\\\/fjala.info\\\/2009-2015\\\/me-braktisi-burri-familja-ime-dhe-shteti\\\/#breadcrumb\"},\"inLanguage\":\"sq-AL\",\"potentialAction\":[{\"@type\":\"ReadAction\",\"target\":[\"https:\\\/\\\/fjala.info\\\/2009-2015\\\/me-braktisi-burri-familja-ime-dhe-shteti\\\/\"]}]},{\"@type\":\"ImageObject\",\"inLanguage\":\"sq-AL\",\"@id\":\"https:\\\/\\\/fjala.info\\\/2009-2015\\\/me-braktisi-burri-familja-ime-dhe-shteti\\\/#primaryimage\",\"url\":\"http:\\\/\\\/fjala.shkoder.net\\\/wp-content\\\/uploads\\\/2010\\\/11\\\/4_femije_asfiksohen.jpg\",\"contentUrl\":\"http:\\\/\\\/fjala.shkoder.net\\\/wp-content\\\/uploads\\\/2010\\\/11\\\/4_femije_asfiksohen.jpg\"},{\"@type\":\"BreadcrumbList\",\"@id\":\"https:\\\/\\\/fjala.info\\\/2009-2015\\\/me-braktisi-burri-familja-ime-dhe-shteti\\\/#breadcrumb\",\"itemListElement\":[{\"@type\":\"ListItem\",\"position\":1,\"name\":\"Home\",\"item\":\"https:\\\/\\\/fjala.info\\\/2009-2015\\\/\"},{\"@type\":\"ListItem\",\"position\":2,\"name\":\"\u201cM\u00eb braktisi burri, familja ime dhe shteti\u201d\"}]},{\"@type\":\"WebSite\",\"@id\":\"https:\\\/\\\/fjala.info\\\/2009-2015\\\/#website\",\"url\":\"https:\\\/\\\/fjala.info\\\/2009-2015\\\/\",\"name\":\"FjALA e LIR\u00cb - Arkivi\",\"description\":\"Arkivi 2009-2015\",\"publisher\":{\"@id\":\"https:\\\/\\\/fjala.info\\\/2009-2015\\\/#organization\"},\"potentialAction\":[{\"@type\":\"SearchAction\",\"target\":{\"@type\":\"EntryPoint\",\"urlTemplate\":\"https:\\\/\\\/fjala.info\\\/2009-2015\\\/?s={search_term_string}\"},\"query-input\":{\"@type\":\"PropertyValueSpecification\",\"valueRequired\":true,\"valueName\":\"search_term_string\"}}],\"inLanguage\":\"sq-AL\"},{\"@type\":\"Organization\",\"@id\":\"https:\\\/\\\/fjala.info\\\/2009-2015\\\/#organization\",\"name\":\"FjALA e LIR\u00cb - Arkivi\",\"url\":\"https:\\\/\\\/fjala.info\\\/2009-2015\\\/\",\"logo\":{\"@type\":\"ImageObject\",\"inLanguage\":\"sq-AL\",\"@id\":\"https:\\\/\\\/fjala.info\\\/2009-2015\\\/#\\\/schema\\\/logo\\\/image\\\/\",\"url\":\"\",\"contentUrl\":\"\",\"caption\":\"FjALA e LIR\u00cb - Arkivi\"},\"image\":{\"@id\":\"https:\\\/\\\/fjala.info\\\/2009-2015\\\/#\\\/schema\\\/logo\\\/image\\\/\"}},{\"@type\":\"Person\",\"@id\":\"https:\\\/\\\/fjala.info\\\/2009-2015\\\/#\\\/schema\\\/person\\\/3aa1163ef05469c496fc94e77611ada2\",\"name\":\"admin\",\"image\":{\"@type\":\"ImageObject\",\"inLanguage\":\"sq-AL\",\"@id\":\"https:\\\/\\\/fjala.info\\\/2009-2015\\\/wp-content\\\/uploads\\\/2012\\\/02\\\/arben_cokaj-120x150.jpg\",\"url\":\"https:\\\/\\\/fjala.info\\\/2009-2015\\\/wp-content\\\/uploads\\\/2012\\\/02\\\/arben_cokaj-120x150.jpg\",\"contentUrl\":\"https:\\\/\\\/fjala.info\\\/2009-2015\\\/wp-content\\\/uploads\\\/2012\\\/02\\\/arben_cokaj-120x150.jpg\",\"caption\":\"admin\"},\"description\":\"Admin, Fjala e Lir\u00eb\",\"sameAs\":[\"https:\\\/\\\/fjala.info\\\/\"],\"url\":\"https:\\\/\\\/fjala.info\\\/2009-2015\\\/author\\\/admin\\\/\"}]}<\/script>\n<!-- \/ Yoast SEO plugin. -->","yoast_head_json":{"title":"\u201cM\u00eb braktisi burri, familja ime dhe shteti\u201d - FjALA e LIR\u00cb - Arkivi","robots":{"index":"index","follow":"follow","max-snippet":"max-snippet:-1","max-image-preview":"max-image-preview:large","max-video-preview":"max-video-preview:-1"},"canonical":"https:\/\/fjala.info\/2009-2015\/me-braktisi-burri-familja-ime-dhe-shteti\/","og_locale":"sq_AL","og_type":"article","og_title":"\u201cM\u00eb braktisi burri, familja ime dhe shteti\u201d - FjALA e LIR\u00cb - Arkivi","og_description":"DURRES\/ LEONIDHA MUSAJ, 12 Nentor 2010 Zana Xheka ishte endur m\u00eb kot dyerve t\u00eb Bashkis\u00eb s\u00eb Sukthit p\u00ebr t\u00eb gjetur nj\u00eb p\u00ebrkrahje. Askush nuk ia kishte hapur der\u00ebn gruas q\u00eb i duhej t\u00eb ushqente me mund kat\u00ebr f\u00ebmij\u00ebt e saj. \u201cTakova edhe kryebashkiakun e Sukthit, por ai nuk m\u00eb ndihmoi. M\u00eb kot u enda disa [&hellip;]","og_url":"https:\/\/fjala.info\/2009-2015\/me-braktisi-burri-familja-ime-dhe-shteti\/","og_site_name":"FjALA e LIR\u00cb - Arkivi","article_published_time":"2010-11-13T06:10:01+00:00","og_image":[{"url":"http:\/\/fjala.shkoder.net\/wp-content\/uploads\/2010\/11\/4_femije_asfiksohen.jpg","type":"","width":"","height":""}],"author":"admin","twitter_card":"summary_large_image","twitter_misc":{"Written by":"admin","Est. reading time":"10 minutes"},"schema":{"@context":"https:\/\/schema.org","@graph":[{"@type":"Article","@id":"https:\/\/fjala.info\/2009-2015\/me-braktisi-burri-familja-ime-dhe-shteti\/#article","isPartOf":{"@id":"https:\/\/fjala.info\/2009-2015\/me-braktisi-burri-familja-ime-dhe-shteti\/"},"author":{"name":"admin","@id":"https:\/\/fjala.info\/2009-2015\/#\/schema\/person\/3aa1163ef05469c496fc94e77611ada2"},"headline":"\u201cM\u00eb braktisi burri, familja ime dhe shteti\u201d","datePublished":"2010-11-13T06:10:01+00:00","mainEntityOfPage":{"@id":"https:\/\/fjala.info\/2009-2015\/me-braktisi-burri-familja-ime-dhe-shteti\/"},"wordCount":2092,"commentCount":0,"publisher":{"@id":"https:\/\/fjala.info\/2009-2015\/#organization"},"image":{"@id":"https:\/\/fjala.info\/2009-2015\/me-braktisi-burri-familja-ime-dhe-shteti\/#primaryimage"},"thumbnailUrl":"http:\/\/fjala.shkoder.net\/wp-content\/uploads\/2010\/11\/4_femije_asfiksohen.jpg","articleSection":["Artikuj"],"inLanguage":"sq-AL","potentialAction":[{"@type":"CommentAction","name":"Comment","target":["https:\/\/fjala.info\/2009-2015\/me-braktisi-burri-familja-ime-dhe-shteti\/#respond"]}]},{"@type":"WebPage","@id":"https:\/\/fjala.info\/2009-2015\/me-braktisi-burri-familja-ime-dhe-shteti\/","url":"https:\/\/fjala.info\/2009-2015\/me-braktisi-burri-familja-ime-dhe-shteti\/","name":"\u201cM\u00eb braktisi burri, familja ime dhe shteti\u201d - FjALA e LIR\u00cb - Arkivi","isPartOf":{"@id":"https:\/\/fjala.info\/2009-2015\/#website"},"primaryImageOfPage":{"@id":"https:\/\/fjala.info\/2009-2015\/me-braktisi-burri-familja-ime-dhe-shteti\/#primaryimage"},"image":{"@id":"https:\/\/fjala.info\/2009-2015\/me-braktisi-burri-familja-ime-dhe-shteti\/#primaryimage"},"thumbnailUrl":"http:\/\/fjala.shkoder.net\/wp-content\/uploads\/2010\/11\/4_femije_asfiksohen.jpg","datePublished":"2010-11-13T06:10:01+00:00","breadcrumb":{"@id":"https:\/\/fjala.info\/2009-2015\/me-braktisi-burri-familja-ime-dhe-shteti\/#breadcrumb"},"inLanguage":"sq-AL","potentialAction":[{"@type":"ReadAction","target":["https:\/\/fjala.info\/2009-2015\/me-braktisi-burri-familja-ime-dhe-shteti\/"]}]},{"@type":"ImageObject","inLanguage":"sq-AL","@id":"https:\/\/fjala.info\/2009-2015\/me-braktisi-burri-familja-ime-dhe-shteti\/#primaryimage","url":"http:\/\/fjala.shkoder.net\/wp-content\/uploads\/2010\/11\/4_femije_asfiksohen.jpg","contentUrl":"http:\/\/fjala.shkoder.net\/wp-content\/uploads\/2010\/11\/4_femije_asfiksohen.jpg"},{"@type":"BreadcrumbList","@id":"https:\/\/fjala.info\/2009-2015\/me-braktisi-burri-familja-ime-dhe-shteti\/#breadcrumb","itemListElement":[{"@type":"ListItem","position":1,"name":"Home","item":"https:\/\/fjala.info\/2009-2015\/"},{"@type":"ListItem","position":2,"name":"\u201cM\u00eb braktisi burri, familja ime dhe shteti\u201d"}]},{"@type":"WebSite","@id":"https:\/\/fjala.info\/2009-2015\/#website","url":"https:\/\/fjala.info\/2009-2015\/","name":"FjALA e LIR\u00cb - Arkivi","description":"Arkivi 2009-2015","publisher":{"@id":"https:\/\/fjala.info\/2009-2015\/#organization"},"potentialAction":[{"@type":"SearchAction","target":{"@type":"EntryPoint","urlTemplate":"https:\/\/fjala.info\/2009-2015\/?s={search_term_string}"},"query-input":{"@type":"PropertyValueSpecification","valueRequired":true,"valueName":"search_term_string"}}],"inLanguage":"sq-AL"},{"@type":"Organization","@id":"https:\/\/fjala.info\/2009-2015\/#organization","name":"FjALA e LIR\u00cb - Arkivi","url":"https:\/\/fjala.info\/2009-2015\/","logo":{"@type":"ImageObject","inLanguage":"sq-AL","@id":"https:\/\/fjala.info\/2009-2015\/#\/schema\/logo\/image\/","url":"","contentUrl":"","caption":"FjALA e LIR\u00cb - Arkivi"},"image":{"@id":"https:\/\/fjala.info\/2009-2015\/#\/schema\/logo\/image\/"}},{"@type":"Person","@id":"https:\/\/fjala.info\/2009-2015\/#\/schema\/person\/3aa1163ef05469c496fc94e77611ada2","name":"admin","image":{"@type":"ImageObject","inLanguage":"sq-AL","@id":"https:\/\/fjala.info\/2009-2015\/wp-content\/uploads\/2012\/02\/arben_cokaj-120x150.jpg","url":"https:\/\/fjala.info\/2009-2015\/wp-content\/uploads\/2012\/02\/arben_cokaj-120x150.jpg","contentUrl":"https:\/\/fjala.info\/2009-2015\/wp-content\/uploads\/2012\/02\/arben_cokaj-120x150.jpg","caption":"admin"},"description":"Admin, Fjala e Lir\u00eb","sameAs":["https:\/\/fjala.info\/"],"url":"https:\/\/fjala.info\/2009-2015\/author\/admin\/"}]}},"_links":{"self":[{"href":"https:\/\/fjala.info\/2009-2015\/wp-json\/wp\/v2\/posts\/4719","targetHints":{"allow":["GET"]}}],"collection":[{"href":"https:\/\/fjala.info\/2009-2015\/wp-json\/wp\/v2\/posts"}],"about":[{"href":"https:\/\/fjala.info\/2009-2015\/wp-json\/wp\/v2\/types\/post"}],"author":[{"embeddable":true,"href":"https:\/\/fjala.info\/2009-2015\/wp-json\/wp\/v2\/users\/1"}],"replies":[{"embeddable":true,"href":"https:\/\/fjala.info\/2009-2015\/wp-json\/wp\/v2\/comments?post=4719"}],"version-history":[{"count":0,"href":"https:\/\/fjala.info\/2009-2015\/wp-json\/wp\/v2\/posts\/4719\/revisions"}],"wp:attachment":[{"href":"https:\/\/fjala.info\/2009-2015\/wp-json\/wp\/v2\/media?parent=4719"}],"wp:term":[{"taxonomy":"category","embeddable":true,"href":"https:\/\/fjala.info\/2009-2015\/wp-json\/wp\/v2\/categories?post=4719"},{"taxonomy":"post_tag","embeddable":true,"href":"https:\/\/fjala.info\/2009-2015\/wp-json\/wp\/v2\/tags?post=4719"}],"curies":[{"name":"wp","href":"https:\/\/api.w.org\/{rel}","templated":true}]}}