{"id":4714,"date":"2010-11-11T21:43:02","date_gmt":"2010-11-11T20:43:02","guid":{"rendered":"http:\/\/fjala.shkoder.net\/?p=4714"},"modified":"2010-11-11T21:43:02","modified_gmt":"2010-11-11T20:43:02","slug":"gjermani-perkujtohet-100-vjetori-i-lindjes-se-nene-terezes","status":"publish","type":"post","link":"https:\/\/fjala.info\/2009-2015\/gjermani-perkujtohet-100-vjetori-i-lindjes-se-nene-terezes\/","title":{"rendered":"Gjermani: P\u00ebrkujtohet 100 vjetori i lindjes s\u00eb N\u00ebn\u00eb Terez\u00ebs"},"content":{"rendered":"<p><img loading=\"lazy\" decoding=\"async\" class=\"alignleft size-medium wp-image-4715\" title=\"asllan_dibrani1\" src=\"http:\/\/fjala.shkoder.net\/wp-content\/uploads\/2010\/11\/asllan_dibrani1-227x300.jpg\" alt=\"\" width=\"227\" height=\"300\" \/><br \/>\nNga <strong>Asllan Dibrani<\/strong><\/p>\n<p>Shqiptar\u00ebt po mbarojn\u00eb kat\u00ebr dekada q\u00eb filluan t\u00eb emigrojn\u00eb me nj\u00eb fluks t\u00eb madh p\u00ebr n\u00eb shtetet e per\u00ebndimit t\u00eb shtr\u00ebnguar fillimisht p\u00ebr shkaqe politike dhe ekonomike t\u00eb asaj kohe.<\/p>\n<p><strong>P\u00ebr shkaqe politike<\/strong><br \/>\n1. Themi p\u00ebr shkaqe politike duke pasur parasysh se pak\u00ebnaq\u00ebsia e popullit shqiptar n\u00eb vitin 1968 shprehu demostrativisht k\u00ebrkesat e veta p\u00ebr pa drejt\u00ebsit\u00eb e regjimit jugosllav, ndaj popullit shqiptar t\u00eb Kosov\u00ebs, q\u00eb me forc\u00eb dhe n\u00eb forma dinake mbeti n\u00ebn administrimin e saj\u00eb , dhe u nda nga Shqip\u00ebria dhe pjes\u00ebt tjera shqiptare q\u00eb akoma kan\u00eb mbetur problem i pa zgjidhur n\u00eb shtetet e Ballkanit si\u00e7 jan\u00eb n\u00eb Greqia,Maqedonia,Mali i zi,dhe n\u00eb Lugin\u00ebn e Preshev\u00ebs n\u00ebn okupimin e Serbis\u00eb s\u00eb sotshme e banuar me shqiptar\u00eb. Prandaj shqiptar\u00ebt me k\u00ebto ngjarje filluan q\u00eb t\u00eb b\u00ebhen faktor destabilizimi p\u00ebr Jugosllavin\u00eb artificiale t\u00eb asaj kohe ,prandaj u larguan qindra dhe mij\u00ebra shqiptar p\u00ebr shkaqe sigurie, emigruan n\u00eb shtetet e Evrop\u00ebs.<\/p>\n<p><strong>P\u00ebr shkaqe ekonomike<\/strong><\/p>\n<p>2. Themi p\u00ebr shkaqe ekonomike sepse, Kosova ishte nj\u00eb vend me nj\u00eb ekonomi t\u00eb varf\u00ebr dhe e eksplatuar nga pushtuesi dhe p\u00ebr ta zbutur situat\u00ebn politike ish regjimi jugosllav i nxori nga Kosova nj\u00eb num\u00ebr t\u00eb madh qytetar\u00ebsh , gj\u00ebja p\u00ebr pun\u00eb,por q\u00ebllimi ishte si\u00e7 cek\u00ebm ma lart thyerjen e revolt\u00ebs shqiptare t\u00eb udh\u00ebhequr nga student, intelektual dhe pun\u00ebtor\u00eb p\u00ebr k\u00ebrkesat e veta p\u00ebr shnd\u00ebrrimin e statusit nga nj\u00eb krahin\u00eb autonome n\u00eb nj\u00eb Republik\u00eb t\u00eb pavarur t\u00eb Kosov\u00ebs . Ajo koh\u00eb e viteve 70&#8217;ta nxori nga Kosova t\u00eb gjitha kategorit\u00eb e njer\u00ebzve edhe intelektual por dominonte fuqia pun\u00ebtore ,pun\u00ebtor\u00ebt e krahut rrug\u00ebve dhe kanaleve t\u00eb shteteve t\u00eb per\u00ebndimit q\u00eb fatkeq\u00ebsisht u llogaritshin si jugosllav nga administratat e k\u00ebtyre shteteve si\u00e7 ishte Gjermania, Zvicerra, Austria, Franca, Belgjika etj., kishte shqiptar\u00eb t\u00eb p\u00ebrqendruar ma tep\u00ebr.<\/p>\n<p>Nga kjo koh\u00eb dol\u00ebn n\u00eb sken\u00eb shum\u00eb intelektual t\u00eb fushave t\u00eb ndryshme politike, kulturore dhe ekonomike q\u00eb u b\u00ebn\u00eb faktor organizues p\u00ebr interesin e Kosov\u00ebs , p\u00ebr ta nd\u00ebrkomb\u00ebtarizuar \u00e7\u00ebshtjen e Kosov\u00ebs pran faktorit nd\u00ebrkomb\u00ebtar p\u00ebr \u00e7lirimin e saj\u00eb nga okupatori serbo-sllav,deri n\u00eb pavar\u00ebsin\u00eb e saj\u00eb, dhe n\u00eb fush\u00ebn e kultur\u00ebs q\u00eb sot njihen shum\u00eb prej tyre dhe evidentohen n\u00eb shtetet e Evrop\u00ebs. Nj\u00eb num\u00ebr i madh intelektualesh, si mjek ,inxhinier, krijues ,muzikant dhe biznesmen, u integruan n\u00eb shtetet p\u00ebrkat\u00ebse por duke mos e harruar atdheun kurr\u00eb t\u00eb p\u00ebrqendruar n\u00eb fusha t\u00eb ndryshme politike, kulturore, ekonomike etj.<\/p>\n<p>Po k\u00ebshtu u veprua edhe k\u00ebt\u00eb vit n\u00eb 2010 me rastin e p\u00ebrkujtimit te 100 vjetorit t\u00eb lindjes se figur\u00ebs s\u00eb shenjtores s\u00eb madhe dhe shum\u00eb t\u00eb shtrenjt\u00eb N\u00ebn\u00eb Terez\u00ebs ,nj\u00eb figure me p\u00ebrmasa bot\u00ebrore! N\u00eb k\u00ebt\u00eb kuad\u00ebr te k\u00ebsaj , brenda muajve t\u00eb fundit n\u00eb disa qytete dhe shtete t\u00eb Evrop\u00ebs dhe ma gjer\u00eb si n\u00eb Gjermani, Zvic\u00ebr, Itali, Britani Austri,shtetet skandinave ,Amerik\u00eb e gjetiu, u p\u00ebrkujtua,u nderua dhe u ngrit figura e saj me aktivitete kulturore dhe artistike t\u00eb ngjeshura,<\/p>\n<p>Nj\u00eb tubim i till\u00eb u mbajt edhe n\u00eb Gjermani pik\u00ebrisht n\u00eb nj\u00eb qytez\u00eb regjionale, n\u00eb rajonin e Freiburgut, n\u00eb Emmedingen .K\u00ebtij takimi i paraprin me aktivitet organizativ shoqata &#8220;Yjet e Kosov\u00ebs&#8221; e udh\u00ebhequr nga zoti Tahir Shabani.<\/p>\n<p><strong>Publikime mbi historin\u00eb e t\u00eb madhes N\u00ebn\u00eb Terez\u00ebs n\u00eb Emmedingen Gjermani<\/strong><\/p>\n<p>Prandaj t\u00eb pranish\u00ebm ishin Ambasadori i Republik\u00ebs s\u00eb Kosov\u00ebs n\u00eb Gjermani,zoti Vilson Mirdita, ku mbajti fjal\u00ebn e rastit t\u00eb k\u00ebtij takimi. I p\u00ebrsh\u00ebndeti t\u00eb pranishmit e k\u00ebtij takimi ku nderoj me nj\u00eb vler\u00ebsim t\u00eb lart sh\u00ebmb\u00eblltyr\u00ebn e k\u00ebsaj humanisteje p\u00ebr njer\u00ebzit e varf\u00ebr, fal\u00ebnderoj t\u00eb pranishmit n\u00eb sall\u00eb nj\u00ebkoh\u00ebsisht e p\u00ebrsh\u00ebndeti nj\u00eb ekspozit\u00eb arti qe ju dedikua N\u00ebn\u00eb Terez\u00ebs p\u00ebr k\u00ebt\u00eb dit\u00eb t\u00eb kremtuese. I fal\u00ebnderoj krijuesit e artit m\u00eb theks t\u00eb ve\u00e7ant\u00eb qe ishin pjes\u00ebmarr\u00ebs t\u00eb k\u00ebsaj ekspozite. Nj\u00eb takim, i till\u00eb si\u00e7 ishte ky ofroj edhe shum\u00eb pjes\u00ebmarr\u00ebs gjerman dhe personalitete lokale si kryetar komune, politikan, miq t\u00eb shqiptar\u00ebve etj.<\/p>\n<p>Vlen t\u00eb p\u00ebrmendet qe si merit\u00eb mund te theksohet se \u00ebsht\u00eb e v\u00ebllez\u00ebrve Tahir e Mustaf\u00eb Shabani zonja Leinen etj, q\u00eb n\u00eb bashk\u00ebpunim me shoqat\u00ebn e tyre ishin si projektues t\u00eb k\u00ebtij takimi me \u00e7&#8217;rast e p\u00ebrkrahen edhe organet gjermane . Zyrtari Landrat Harno Huth, i p\u00ebrsh\u00ebndeti t\u00eb pranishmit, zotin Vilson Mirdit\u00ebn Ambasador i Kosov\u00ebs n\u00eb Berlin dhe fal\u00ebnderoj shoqat\u00ebn &#8220;Yjet e Kosov\u00ebs&#8221; n\u00eb Emmendingen. T\u00eb pranishmit i p\u00ebrsh\u00ebndeti edhe prifti yn\u00eb, Don Fran Kola, i cili duke folur me ndjenja dhe me emocione i p\u00ebrkujtoj sh\u00ebmb\u00eblltyr\u00ebn dhe vepr\u00ebn e N\u00ebn\u00eb Terez\u00ebs, ekspozit\u00ebn dhe projektin e ndihmuan edhe Metzger-Gutjahr-Stiftung ,humanisti e atdhetari Pjeter Xhoni nga Zvicerra,Dr Fatmir Dalladaku,dhe Z.Wipfler.<\/p>\n<p><strong>Gonxhe Bojaxhiu &#8211; N\u00ebn\u00eb Tereza em\u00ebr i humanizmit bot\u00ebror!<\/strong><\/p>\n<p>&#8220;Me gjak jam shqiptare; me n\u00ebnshtet\u00ebsi, indiane. Me besim , jam murgesh\u00eb katolike. Sipas thirrjes, i p\u00ebrkas bot\u00ebs. Por zemra ime i p\u00ebrket plot\u00ebsisht Zemr\u00ebs s\u00eb Krishtit&#8221;. N\u00ebn\u00eb Terez\u00ebs, me shtat t\u00eb vog\u00ebl, por me besim shk\u00ebmbor dhe te fuqish\u00ebm , t\u00eb patundur, iu besua misioni t\u00eb kumtonte dashurin\u00eb e etur t\u00eb Jezusit p\u00ebr njer\u00ebzimin,humanitetin ve\u00e7an\u00ebrisht p\u00ebr m\u00eb t\u00eb varf\u00ebrit\u00eb nd\u00ebr t\u00eb varf\u00ebr. &#8220;Hyji vijon ta doj\u00eb bot\u00ebn dhe na d\u00ebrgon ty e mua p\u00ebr t&#8217;u shprehur t\u00eb varf\u00ebrve dashurin\u00eb dhe m\u00ebshir\u00ebn e Tij&#8221;. N\u00eb shpirtin e saj, p\u00ebrplot me drit\u00ebn e Krishtit e me dashuri t\u00eb zjarrt\u00eb p\u00ebr T\u00eb, kishte nj\u00eb d\u00ebshir\u00eb t\u00eb vetme : &#8220;T\u00eb shuante etjen e dashuris\u00eb s\u00eb Tij p\u00ebr shpirtin njer\u00ebzor&#8221;.<\/p>\n<p>Kjo krijes\u00eb e ndritur e pa shembullt dhe dashuris\u00eb ndaj zotit Zotit, lindi m\u00eb 26 gusht 1910 n\u00eb Shkup, qytet i vendosur n\u00eb udh\u00ebkryq t\u00eb historis\u00eb s\u00eb Ballkanit. M\u00eb e vogla e pes\u00eb f\u00ebmij\u00ebve t\u00eb Nikoll\u00eb dhe Drane Bojaxhiut, u pag\u00ebzua me emrin Gonxhe Anjeze, mori Kungimin e par\u00eb n\u00eb mosh\u00ebn pes\u00eb vje\u00e7 e gjysm\u00eb e u krezmua n\u00eb n\u00ebntor t\u00eb vitit 1916. Q\u00eb dit\u00ebn e Kungimit t\u00eb par\u00eb, ndjeu n\u00eb zem\u00ebr nj\u00eb dashuri t\u00eb thell\u00eb p\u00ebr shpirtrat njer\u00ebzore. Me vdekjen e papritur t\u00eb babait, p\u00ebr familjen filluan v\u00ebshtir\u00ebsit\u00eb ekonomike. Dranja, grua burrnesh\u00eb, i rriti f\u00ebmij\u00ebt plot dashuri, duke ndikuar shum\u00eb n\u00eb karakterin dhe rrug\u00ebn e jet\u00ebs q\u00eb do t\u00eb zgjidhte e bija. M\u00eb pas formimi fetar i Gonxhes u thellua n\u00eb famullin\u00eb Zemr\u00ebs s\u00eb Krishtit, n\u00ebn drejtimin e jezuit\u00ebve, n\u00eb sa merrte pjes\u00eb gjall\u00ebrisht nd\u00ebr t\u00eb gjitha veprimtarit\u00eb. Gonxhe Bojaxhiu, N\u00ebna Terez\u00eb, (1910 \u2013 1997), murgesha katolike, ka marr\u00eb pothuajse t\u00eb gjitha mir\u00ebnjohjet m\u00eb t\u00eb larta nd\u00ebrkomb\u00ebtare, deri edhe Shp\u00ebrblimin Nobel p\u00ebr Paqe.<\/p>\n<p>Shp\u00ebrblimin Nob\u00ebl p\u00ebr Paqe ajo e mori me 10 dhjetor 1979, prej duarve t\u00eb kryetarit t\u00eb Komisionit Nob\u00ebl, dr. John Sannes-it, n\u00eb Oslo, n\u00eb pranin e mbretit t\u00eb Norvegjis\u00eb, Ollavit V, t\u00eb shum\u00eb ministrave, diplomat\u00ebve, t\u00eb shum\u00eb personaliteteve fetare \u2013 kulturore nga e t\u00ebr\u00eb bota. Qe ky kuror\u00ebzim m\u00eb i lart\u00eb bot\u00ebror p\u00ebr N\u00ebn\u00eb Terez\u00ebn.<\/p>\n<p>N\u00ebn\u00eb Tereza n\u00eb vizit\u00eb n\u00eb Shqip\u00ebri n\u00eb mesin e qytetar\u00ebve ku para publikut e d\u00ebshmoj etnitetin e vet te origjin\u00ebs para bot\u00ebs dhe goditi shovinistet maqedonas n\u00eb p\u00ebrfitimin e k\u00ebsaj figure si te veten!<\/p>\n<p>Pas pranimit t\u00eb Shp\u00ebrblimit Nobel p\u00ebr Paqe, N\u00ebna Terez\u00eb u b\u00eb e famshme n\u00eb p\u00ebrmasa bot\u00ebrore- nd\u00ebrkomb\u00ebtare, kurse p\u00ebr shqiptar\u00ebt u b\u00eb krenari komb\u00ebtare\u2026!<\/p>\n<p>Ne shenj\u00eb nderimi t\u00eb 100 vjetorit te lindjes s\u00eb Shenjtores s\u00eb madhe N\u00ebn\u00eb Terez\u00ebs.<\/p>\n<p>Nj\u00eb takim n\u00eb shenj\u00eb respekti t\u00eb 100 vjetorit te lindjes s\u00eb Shenjtores s\u00eb madhe N\u00ebn\u00eb Terez\u00ebs. u hap ekspozit\u00eb artistike ku mor\u00ebn pjes\u00eb Mal\u00eb Myrtaj skulptor,Dan Gashi,Sokol Maloku, Bukurie Dalladaku, Augustin Pepgegaj dhe Asllan Dibrani, piktor\u00eb.<\/p>\n<p>Maloku, Dan Gashi dhe Augustin Pepgegaj piktor<\/p>\n<p>Ishte nj\u00eb ekspozit\u00eb e ve\u00e7ant\u00eb, nga njer\u00ebz t\u00eb artit q\u00eb p\u00ebrmes brush\u00ebs dhe talentit t\u00eb tyre paraqiten shum\u00eb dimensionalen abstrakte, po edhe t\u00eb realizmit n\u00eb teknika t\u00eb ndryshme . Vet prezenca e k\u00ebtyre pikturave nga piktor\u00ebt e lartp\u00ebrmendur dhe skulpturave nga skulptori Mal\u00eb Myrtaj shprehnin nj\u00eb gjuh\u00eb universale t\u00eb artit, q\u00eb fliste me g\u00ebrshetimin e shum\u00eb ngjyrave, q\u00eb flisnin p\u00ebr etnitetin , p\u00ebr popullin dhe grupe etnike autoktone, p\u00ebr historin\u00eb e kultur\u00ebn e tyre t\u00eb ve\u00e7ant\u00eb me motiv gjithnj\u00eb komb\u00ebtare por edhe portrete t\u00eb N\u00ebn\u00eb Terez\u00ebs.<\/p>\n<p>Pjes\u00ebmarrjen e artist\u00ebve dhe krijuesve shqiptar\u00eb me rastin e hapjes se k\u00ebsaj ekspozite, e nderuan me pjes\u00ebmarrjen e tyre edhe personalitete t\u00eb larta gjermane po dhe publiku gjerman ishte i konsideruesh\u00ebm.<\/p>\n<p>Grupi i krijuesve me rastin e pranimit t\u00eb mir\u00ebnjohjeve nga e majta Dr Vilson Mirdita,Dan Gashi piktor,Mal\u00eb Myrtaj skulptor,Sokol Maloku piktor,Shkodran Tolaj tenor,Augustin Pepgegaj piktor,Asllan Dibrani piktor dhe Tahir Shabani p\u00ebrfaq\u00ebsues i Shoqat\u00ebs &#8220;Yjet e Kosov\u00eb&#8221;<\/p>\n<p>N\u00eb fund nga shoqata dhe organizatoret ju ndan\u00eb nga nj\u00eb mir\u00ebnjohje k\u00ebtyre krijuesve. Ekspozita u hap ne ambientet e nj\u00eb sht\u00ebpie kulture t\u00eb qytez\u00ebs Emmedingen dhe mbeti e hapur p\u00ebr disa dit\u00eb qe pritet t\u00eb vizitohet nga publiku gjerman.<\/p>\n<p>P\u00ebr ti dh\u00ebne takimit nj\u00eb petk manifestimi edhe ma t\u00eb denje n\u00eb k\u00ebt\u00eb tubim pjes\u00ebmarr\u00ebs ishte edhe tenori yn\u00eb i shk\u00eblqyer Shkodran Tolaj qe z\u00ebri i tij emocional melankolik te publiku la mbresa te mira qe u lidhnin me artin e muzik\u00ebs p\u00ebrkat\u00ebse.<\/p>\n<p>Ambasadori i Kosov\u00ebs Dr .Vilson Mirdita ,Tahir Shabani dhe Asllan Dibrani me Grupin e nx\u00ebn\u00ebsve t\u00eb Shoqat\u00ebs shqiptare &#8220;Yjet e Kosov\u00ebs&#8221;t\u00eb Emmendingenit Gjermani<\/p>\n<p>Shkodran Tolaj n\u00eb ekzekutim me grupin e krijuesve pran publikut<\/p>\n<p>Pjes\u00ebmarr\u00ebs ne takim ishin edhe Martin \u00c7uni Kryetari Lidhjes se Shkrimtar\u00ebve dhe Artist\u00ebve Shqiptar\u00eb n\u00eb Gjermani t\u00eb shoq\u00ebruar nga Hasan Qyqalla Mal\u00eb Myrtaj etj<\/p>\n<p>Grup krijuesish dhe aktivist te \u00e7\u00ebshtjes komb\u00ebtare nga e majta MartinCuni,Nikoll\u00eb Gjoni,Shkodran Tolaj, Hasan Qyqalla,Mal\u00eb Myertaj,Asllan Dibrani,Fatmire Musliu,Azem Ajvazi,Sokol Maloku,dhe Lon Karrica.<\/p>\n<p>Pamje nga publiku n\u00eb sall\u00eb<\/p>\n<p>Pamje nga Ekspozita e hapur ne dit\u00ebn e 100 vjetorit te lindjes s\u00eb N\u00ebn\u00eb Terez\u00ebs<\/p>\n<p>Prononcime nga disa figura q\u00eb ishin prezent n\u00eb tubim e k\u00ebsaj mbrembje.<\/p>\n<p>A.Dibrani. Zoti Ambasador mund te na thoni di\u00e7ka p\u00ebr nj\u00eb dit\u00eb madh\u00ebshtore p\u00ebr dit\u00ebn e madhe kushtuar figur\u00ebs s\u00eb N\u00ebn\u00eb Terez\u00ebs me qe jeni pjes\u00ebmarr\u00ebs dhe p\u00ebrfaq\u00ebsues i popullit shqiptar n\u00eb Gjermani?<\/p>\n<p>Dr.Vilson Mirdita Ambasador i par\u00eb i Republik\u00ebs s\u00eb Kosov\u00ebs theksoj : Po ndihem krenar qe sot jam pjes\u00ebmarr\u00ebs i k\u00ebtij takimi me qe ishim t\u00eb organizuar n\u00eb marr\u00ebveshje me Qeverin\u00eb e Kosov\u00ebs ,ku vlen ta them se i fal\u00ebnderohem edhe Shoqat\u00ebs &#8220;Yjet e Kosov\u00ebs &#8221; qe na ndihmuan ,nj\u00ebkoh\u00ebsisht i fal\u00ebnderoj edhe organet gjermane, duke filluar nga kryetari i komun\u00ebs e deri t\u00eb qytetar\u00ebt e thjesht, qe u solidarizuan me p\u00ebrkrahjen dhe pjes\u00ebmarrjen n\u00eb k\u00ebt\u00eb dit\u00eb q\u00eb i kemi kushtuar k\u00ebsaj figure ,nj\u00ebkoh\u00ebsisht ju fal\u00ebnderoj edhe ju krijuesve qe p\u00ebrmes ekspozit\u00ebs s\u00eb juaj treguat kultur\u00ebn e popullit tone&#8230;<\/p>\n<p>A.Dibrani. Zoti Tahir ju ishit n\u00eb organizim, me q\u00eb jeni edhe n\u00eb udh\u00ebheqjen e shoqat\u00ebs se juaj, u pa se lat\u00eb p\u00ebrshtypje te nj\u00eb organizimi t\u00eb mir\u00eb, me pjes\u00ebmarrjen e shume gjermaneve p\u00ebr k\u00ebt\u00eb tubim kushtuar N\u00ebn\u00eb Terez\u00ebs prononcimi i juaj ju lutem ?<\/p>\n<p>Tahir Shabani kryetar i shoqat\u00ebs &#8220;Yjet e Kosov\u00ebs .Po ju fal\u00ebnderoj p\u00ebr pjes\u00ebmarrje ne k\u00ebt\u00eb tubim juve dhe te gjith\u00eb publikun pjes\u00ebmarr\u00ebs, qe v\u00ebrtet nuk na e humbi mundi kot, sepse kemi punuar kaher\u00eb me popullin gjerman q\u00eb ta tregojm\u00eb kultur\u00ebn tone edhe p\u00ebrmes ekspozit\u00ebs qe me iniciativ\u00ebn e Mal\u00eb Myrt\u00ebs dhe ju pjes\u00ebmarr\u00ebsve tjer\u00eb si piktor\u00eb u shpreh ajo qe k\u00ebrkohet nga kosovar\u00ebt,qe ta identifikojm\u00eb origjin\u00ebn e N\u00ebn\u00eb Terez\u00ebs dhe madh\u00ebshtin\u00eb e saj si figur\u00eb.<\/p>\n<p>A.Dibrani. Zonja Fatmire ju ishit n\u00eb pjes\u00ebmarrjen e k\u00ebtij takimi n\u00eb cil\u00ebsin\u00eb e sekretares se par\u00eb te Ambasad\u00ebs se Republik\u00ebs s\u00eb Kosov\u00ebs n\u00eb Berlin p\u00ebrshtypjet e juaja p\u00ebr k\u00ebt\u00eb mbr\u00ebmje kushtuar nj\u00eb n\u00ebne shqiptare qe me humanitetin e vet u b\u00eb figur\u00eb bot\u00ebrore ?<\/p>\n<p>Fatmire Musliu Sekretare e par\u00eb Ambasad\u00ebs se Republik\u00ebs s\u00eb Kosov\u00ebs n\u00eb Berlin. Po un\u00eb vi nga qyteti i Berlinit p\u00ebr ta nderuar nj\u00eb figur\u00eb qe beri em\u00ebr ne aren\u00ebn nd\u00ebrkomb\u00ebtare deri me fitimin e \u00e7mimit Nob\u00ebl , dhe un\u00eb si fem\u00ebr e ndiej veten t\u00eb privilegjuar q\u00eb jam n\u00eb mesin e k\u00ebtyre intelektual\u00ebve,bashkatdhetar\u00ebve dhe pjes\u00ebmarr\u00ebsve kushtuar k\u00ebsaj feste.<\/p>\n<p>A.Dibrani .Zoteri Ajvazi ishte nj\u00eb mbr\u00ebmje qe e sensibilizoj edhe popullin gjerman mendimi i juaj me k\u00ebt\u00eb aktivitet manifestues me aktivitete kulturore .<\/p>\n<p>Azem Ajvazi kryetar i &#8220;Bashk\u00ebsis\u00eb shqiptare&#8221; p\u00ebr rajonin e Freiburgut. Po ishte nj\u00eb dite madh\u00ebshtore qe vet prezenca e ambasadorit te Kosov\u00ebs me staf dhe pjes\u00ebmarrja e zyrtareve gjerman \u00ebsht\u00eb p\u00ebr ta vler\u00ebsuar si nj\u00eb nder tubimet ma t\u00eb sukses\u00ebshme.<\/p>\n<p>A.Dibrani.Zoti Hasan keni udh\u00ebtuar me qindra kilometra p\u00ebr ta p\u00ebrcjell k\u00ebt\u00eb takim opinioni i juaj ?<\/p>\n<p>Hasan Qyqalla poet .Theksoj se ishte nj\u00eb tubim impozant i g\u00ebrshetuar me popullin gjerman ku lan\u00eb mbresa njer\u00ebzit e kultur\u00ebs si n\u00eb shfaqje ,nj\u00ebkoh\u00ebsisht ekspozita e artit qe ishte p\u00ebr mrekulli po edhe nx\u00ebn\u00ebsit qe u publikuan me zakonet dhe vallet shqiptare kushtuar k\u00ebsaj mbr\u00ebmje ishte madh\u00ebshtore .<\/p>\n<p>A.Dibrani. Kemi t\u00eb b\u00ebjm\u00eb me nj\u00eb aktivist Nikoll\u00eb Gjonaj kryetar i shoqat\u00ebs &#8220;Stublla&#8221; nga Koblenzi i Gjermanis\u00eb p\u00ebrshtypjet e juaja p\u00ebr k\u00ebt\u00eb mbr\u00ebmje?<\/p>\n<p>Zoti Nikoll\u00eb Gjoni kryetar i shoqat\u00ebs \u201cStublla \u201cIshte nj\u00eb organizim jasht\u00eb zakonisht mire i organizuar vet pjes\u00ebmarrja e dyanshme foli ku me p\u00eblqej shume ekspozita e artit nga skulpturat dhe pikturat q\u00eb ishte si e ve\u00e7ant\u00eb i k\u00ebtij manifestimi p\u00ebr ta rritur dhe nderuar t\u00eb madhen n\u00ebn\u00eb Terez\u00ebn .<\/p>\n<p>A.Dibrani.Zoti Martin kudo qe l\u00ebviz\u00eb njeriu p\u00ebr \u00e7\u00ebshtjen shqiptare aty gjindesh edhe ti,po edhe k\u00ebsaj mbr\u00ebmje madh\u00ebshtore ju ja shtuat vler\u00ebn si pjes\u00ebmarr\u00ebs ne cil\u00ebsin\u00eb e Kryetarit te Lidhjes se Shkrimtar\u00ebve dhe Artist\u00ebve Shqiptar\u00eb n\u00eb Gjermani mbresat e juaja nga ky takim cilat jan\u00eb.<\/p>\n<p>Martin \u00c7uni Kryetarit te Lidhjes se Shkrimtar\u00ebve dhe Artist\u00ebve Shqiptar\u00eb n\u00eb Gjermani:Krijuesit dhe artistet shqiptar qe veprojn\u00eb n\u00eb Gjermani dhe ma gjer\u00eb ku ka shqiptar\u00eb, jan\u00eb pasqyra ma e mire e afirmimit t\u00eb \u00e7\u00ebshtjes son\u00eb komb\u00ebtare , po edhe ku \u00ebsht\u00eb rasti i sotsh\u00ebm i k\u00ebsaj mbr\u00ebmje kushtuar t\u00eb madhes N\u00ebn\u00eb Terez\u00ebs.<\/p>\n<p>A.Dibrani.Zoti Shkodran Tolaj tenori i zhanrit te ve\u00e7ant\u00eb te muzik\u00ebs ju e mahnitet publikun me t\u00eb shprehurit tuaj emocional si e p\u00ebrjetuat k\u00ebt\u00eb mbr\u00ebmje? .<\/p>\n<p>Shkodran Tolaj tenori: Po jam munduar qe te prezantohem me nj\u00eb p\u00ebrkushtim dhe at\u00eb e thot\u00eb publiku. Mua nuk me takon t\u00eb flas p\u00ebr veten por fal\u00ebnderoj publikun qe me p\u00ebrkrahu ne k\u00ebt\u00eb mbr\u00ebmje p\u00ebr te madhen N\u00ebn\u00eb Terez\u00ebn e kame p\u00ebrgatitur dhe jam krenar qe isha ne nj\u00eb takim manifestues p\u00ebrfundoj Zoti Shkodran Tolaj.<\/p>\n<p>Arti dhe kultura jan\u00eb e vetmja alternativ\u00eb e zhvillimit dhe ecjes n\u00eb rrug\u00ebn progresive t\u00eb popullit shqiptare drejt popujve t\u00eb m\u00ebdhenj n\u00eb familjen evropiane.<\/p>\n<p>Rasti i k\u00ebtij manifestimi sinjalizon largpam\u00ebsin\u00eb e popullit shqiptare se jan\u00eb duke u sensibilizuar me realitetin e te gjitha fazave historike qe figurat e veta komb\u00ebtare ti lart\u00ebsojn\u00eb,ti rrisin, ti ruajn\u00eb dhe ti p\u00ebrkujtojn\u00eb me p\u00ebrkujdesje t\u00eb ve\u00e7ant\u00eb , sepse p\u00ebrmes k\u00ebtyre njer\u00ebzve t\u00eb m\u00ebdhenj te kombit tone nd\u00ebrtohet historia,dhe vlera mbi mitet e figurave komb\u00ebtare po ne k\u00ebt\u00eb rast edhe t\u00eb shenjtores s\u00eb shtrenjt\u00eb N\u00ebn\u00eb Terez\u00ebs&#8230;<\/p>\n<p><em>Foto-Reportazh nga Asllan Dibrani 2010 Shtutgard Gjermani<\/em><\/p>\n","protected":false},"excerpt":{"rendered":"<p>Nga Asllan Dibrani Shqiptar\u00ebt po mbarojn\u00eb kat\u00ebr dekada q\u00eb filluan t\u00eb emigrojn\u00eb me nj\u00eb fluks t\u00eb madh p\u00ebr n\u00eb shtetet e per\u00ebndimit t\u00eb shtr\u00ebnguar fillimisht p\u00ebr shkaqe politike dhe ekonomike t\u00eb asaj kohe. P\u00ebr shkaqe politike 1. Themi p\u00ebr shkaqe politike duke pasur parasysh se pak\u00ebnaq\u00ebsia e popullit shqiptar n\u00eb vitin 1968 shprehu demostrativisht k\u00ebrkesat [&hellip;]<\/p>\n","protected":false},"author":1,"featured_media":0,"comment_status":"open","ping_status":"closed","sticky":false,"template":"","format":"standard","meta":{"footnotes":""},"categories":[2],"tags":[],"class_list":{"0":"post-4714","1":"post","2":"type-post","3":"status-publish","4":"format-standard","6":"category-artikuj"},"yoast_head":"<!-- This site is optimized with the Yoast SEO plugin v27.4 - https:\/\/yoast.com\/product\/yoast-seo-wordpress\/ -->\n<title>Gjermani: P\u00ebrkujtohet 100 vjetori i lindjes s\u00eb N\u00ebn\u00eb Terez\u00ebs - FjALA e LIR\u00cb - Arkivi<\/title>\n<meta name=\"robots\" content=\"index, follow, max-snippet:-1, max-image-preview:large, max-video-preview:-1\" \/>\n<link rel=\"canonical\" href=\"https:\/\/fjala.info\/2009-2015\/gjermani-perkujtohet-100-vjetori-i-lindjes-se-nene-terezes\/\" \/>\n<meta property=\"og:locale\" content=\"sq_AL\" \/>\n<meta property=\"og:type\" content=\"article\" \/>\n<meta property=\"og:title\" content=\"Gjermani: P\u00ebrkujtohet 100 vjetori i lindjes s\u00eb N\u00ebn\u00eb Terez\u00ebs - FjALA e LIR\u00cb - Arkivi\" \/>\n<meta property=\"og:description\" content=\"Nga Asllan Dibrani Shqiptar\u00ebt po mbarojn\u00eb kat\u00ebr dekada q\u00eb filluan t\u00eb emigrojn\u00eb me nj\u00eb fluks t\u00eb madh p\u00ebr n\u00eb shtetet e per\u00ebndimit t\u00eb shtr\u00ebnguar fillimisht p\u00ebr shkaqe politike dhe ekonomike t\u00eb asaj kohe. P\u00ebr shkaqe politike 1. Themi p\u00ebr shkaqe politike duke pasur parasysh se pak\u00ebnaq\u00ebsia e popullit shqiptar n\u00eb vitin 1968 shprehu demostrativisht k\u00ebrkesat [&hellip;]\" \/>\n<meta property=\"og:url\" content=\"https:\/\/fjala.info\/2009-2015\/gjermani-perkujtohet-100-vjetori-i-lindjes-se-nene-terezes\/\" \/>\n<meta property=\"og:site_name\" content=\"FjALA e LIR\u00cb - Arkivi\" \/>\n<meta property=\"article:published_time\" content=\"2010-11-11T20:43:02+00:00\" \/>\n<meta property=\"og:image\" content=\"http:\/\/fjala.shkoder.net\/wp-content\/uploads\/2010\/11\/asllan_dibrani1-227x300.jpg\" \/>\n<meta name=\"author\" content=\"admin\" \/>\n<meta name=\"twitter:card\" content=\"summary_large_image\" \/>\n<meta name=\"twitter:label1\" content=\"Written by\" \/>\n\t<meta name=\"twitter:data1\" content=\"admin\" \/>\n\t<meta name=\"twitter:label2\" content=\"Est. reading time\" \/>\n\t<meta name=\"twitter:data2\" content=\"14 minutes\" \/>\n<script type=\"application\/ld+json\" class=\"yoast-schema-graph\">{\"@context\":\"https:\\\/\\\/schema.org\",\"@graph\":[{\"@type\":\"Article\",\"@id\":\"https:\\\/\\\/fjala.info\\\/2009-2015\\\/gjermani-perkujtohet-100-vjetori-i-lindjes-se-nene-terezes\\\/#article\",\"isPartOf\":{\"@id\":\"https:\\\/\\\/fjala.info\\\/2009-2015\\\/gjermani-perkujtohet-100-vjetori-i-lindjes-se-nene-terezes\\\/\"},\"author\":{\"name\":\"admin\",\"@id\":\"https:\\\/\\\/fjala.info\\\/2009-2015\\\/#\\\/schema\\\/person\\\/3aa1163ef05469c496fc94e77611ada2\"},\"headline\":\"Gjermani: P\u00ebrkujtohet 100 vjetori i lindjes s\u00eb N\u00ebn\u00eb Terez\u00ebs\",\"datePublished\":\"2010-11-11T20:43:02+00:00\",\"mainEntityOfPage\":{\"@id\":\"https:\\\/\\\/fjala.info\\\/2009-2015\\\/gjermani-perkujtohet-100-vjetori-i-lindjes-se-nene-terezes\\\/\"},\"wordCount\":2867,\"commentCount\":1,\"publisher\":{\"@id\":\"https:\\\/\\\/fjala.info\\\/2009-2015\\\/#organization\"},\"image\":{\"@id\":\"https:\\\/\\\/fjala.info\\\/2009-2015\\\/gjermani-perkujtohet-100-vjetori-i-lindjes-se-nene-terezes\\\/#primaryimage\"},\"thumbnailUrl\":\"http:\\\/\\\/fjala.shkoder.net\\\/wp-content\\\/uploads\\\/2010\\\/11\\\/asllan_dibrani1-227x300.jpg\",\"articleSection\":[\"Artikuj\"],\"inLanguage\":\"sq-AL\",\"potentialAction\":[{\"@type\":\"CommentAction\",\"name\":\"Comment\",\"target\":[\"https:\\\/\\\/fjala.info\\\/2009-2015\\\/gjermani-perkujtohet-100-vjetori-i-lindjes-se-nene-terezes\\\/#respond\"]}]},{\"@type\":\"WebPage\",\"@id\":\"https:\\\/\\\/fjala.info\\\/2009-2015\\\/gjermani-perkujtohet-100-vjetori-i-lindjes-se-nene-terezes\\\/\",\"url\":\"https:\\\/\\\/fjala.info\\\/2009-2015\\\/gjermani-perkujtohet-100-vjetori-i-lindjes-se-nene-terezes\\\/\",\"name\":\"Gjermani: P\u00ebrkujtohet 100 vjetori i lindjes s\u00eb N\u00ebn\u00eb Terez\u00ebs - FjALA e LIR\u00cb - Arkivi\",\"isPartOf\":{\"@id\":\"https:\\\/\\\/fjala.info\\\/2009-2015\\\/#website\"},\"primaryImageOfPage\":{\"@id\":\"https:\\\/\\\/fjala.info\\\/2009-2015\\\/gjermani-perkujtohet-100-vjetori-i-lindjes-se-nene-terezes\\\/#primaryimage\"},\"image\":{\"@id\":\"https:\\\/\\\/fjala.info\\\/2009-2015\\\/gjermani-perkujtohet-100-vjetori-i-lindjes-se-nene-terezes\\\/#primaryimage\"},\"thumbnailUrl\":\"http:\\\/\\\/fjala.shkoder.net\\\/wp-content\\\/uploads\\\/2010\\\/11\\\/asllan_dibrani1-227x300.jpg\",\"datePublished\":\"2010-11-11T20:43:02+00:00\",\"breadcrumb\":{\"@id\":\"https:\\\/\\\/fjala.info\\\/2009-2015\\\/gjermani-perkujtohet-100-vjetori-i-lindjes-se-nene-terezes\\\/#breadcrumb\"},\"inLanguage\":\"sq-AL\",\"potentialAction\":[{\"@type\":\"ReadAction\",\"target\":[\"https:\\\/\\\/fjala.info\\\/2009-2015\\\/gjermani-perkujtohet-100-vjetori-i-lindjes-se-nene-terezes\\\/\"]}]},{\"@type\":\"ImageObject\",\"inLanguage\":\"sq-AL\",\"@id\":\"https:\\\/\\\/fjala.info\\\/2009-2015\\\/gjermani-perkujtohet-100-vjetori-i-lindjes-se-nene-terezes\\\/#primaryimage\",\"url\":\"http:\\\/\\\/fjala.shkoder.net\\\/wp-content\\\/uploads\\\/2010\\\/11\\\/asllan_dibrani1-227x300.jpg\",\"contentUrl\":\"http:\\\/\\\/fjala.shkoder.net\\\/wp-content\\\/uploads\\\/2010\\\/11\\\/asllan_dibrani1-227x300.jpg\"},{\"@type\":\"BreadcrumbList\",\"@id\":\"https:\\\/\\\/fjala.info\\\/2009-2015\\\/gjermani-perkujtohet-100-vjetori-i-lindjes-se-nene-terezes\\\/#breadcrumb\",\"itemListElement\":[{\"@type\":\"ListItem\",\"position\":1,\"name\":\"Home\",\"item\":\"https:\\\/\\\/fjala.info\\\/2009-2015\\\/\"},{\"@type\":\"ListItem\",\"position\":2,\"name\":\"Gjermani: P\u00ebrkujtohet 100 vjetori i lindjes s\u00eb N\u00ebn\u00eb Terez\u00ebs\"}]},{\"@type\":\"WebSite\",\"@id\":\"https:\\\/\\\/fjala.info\\\/2009-2015\\\/#website\",\"url\":\"https:\\\/\\\/fjala.info\\\/2009-2015\\\/\",\"name\":\"FjALA e LIR\u00cb - Arkivi\",\"description\":\"Arkivi 2009-2015\",\"publisher\":{\"@id\":\"https:\\\/\\\/fjala.info\\\/2009-2015\\\/#organization\"},\"potentialAction\":[{\"@type\":\"SearchAction\",\"target\":{\"@type\":\"EntryPoint\",\"urlTemplate\":\"https:\\\/\\\/fjala.info\\\/2009-2015\\\/?s={search_term_string}\"},\"query-input\":{\"@type\":\"PropertyValueSpecification\",\"valueRequired\":true,\"valueName\":\"search_term_string\"}}],\"inLanguage\":\"sq-AL\"},{\"@type\":\"Organization\",\"@id\":\"https:\\\/\\\/fjala.info\\\/2009-2015\\\/#organization\",\"name\":\"FjALA e LIR\u00cb - Arkivi\",\"url\":\"https:\\\/\\\/fjala.info\\\/2009-2015\\\/\",\"logo\":{\"@type\":\"ImageObject\",\"inLanguage\":\"sq-AL\",\"@id\":\"https:\\\/\\\/fjala.info\\\/2009-2015\\\/#\\\/schema\\\/logo\\\/image\\\/\",\"url\":\"\",\"contentUrl\":\"\",\"caption\":\"FjALA e LIR\u00cb - Arkivi\"},\"image\":{\"@id\":\"https:\\\/\\\/fjala.info\\\/2009-2015\\\/#\\\/schema\\\/logo\\\/image\\\/\"}},{\"@type\":\"Person\",\"@id\":\"https:\\\/\\\/fjala.info\\\/2009-2015\\\/#\\\/schema\\\/person\\\/3aa1163ef05469c496fc94e77611ada2\",\"name\":\"admin\",\"image\":{\"@type\":\"ImageObject\",\"inLanguage\":\"sq-AL\",\"@id\":\"https:\\\/\\\/fjala.info\\\/2009-2015\\\/wp-content\\\/uploads\\\/2012\\\/02\\\/arben_cokaj-120x150.jpg\",\"url\":\"https:\\\/\\\/fjala.info\\\/2009-2015\\\/wp-content\\\/uploads\\\/2012\\\/02\\\/arben_cokaj-120x150.jpg\",\"contentUrl\":\"https:\\\/\\\/fjala.info\\\/2009-2015\\\/wp-content\\\/uploads\\\/2012\\\/02\\\/arben_cokaj-120x150.jpg\",\"caption\":\"admin\"},\"description\":\"Admin, Fjala e Lir\u00eb\",\"sameAs\":[\"https:\\\/\\\/fjala.info\\\/\"],\"url\":\"https:\\\/\\\/fjala.info\\\/2009-2015\\\/author\\\/admin\\\/\"}]}<\/script>\n<!-- \/ Yoast SEO plugin. -->","yoast_head_json":{"title":"Gjermani: P\u00ebrkujtohet 100 vjetori i lindjes s\u00eb N\u00ebn\u00eb Terez\u00ebs - FjALA e LIR\u00cb - Arkivi","robots":{"index":"index","follow":"follow","max-snippet":"max-snippet:-1","max-image-preview":"max-image-preview:large","max-video-preview":"max-video-preview:-1"},"canonical":"https:\/\/fjala.info\/2009-2015\/gjermani-perkujtohet-100-vjetori-i-lindjes-se-nene-terezes\/","og_locale":"sq_AL","og_type":"article","og_title":"Gjermani: P\u00ebrkujtohet 100 vjetori i lindjes s\u00eb N\u00ebn\u00eb Terez\u00ebs - FjALA e LIR\u00cb - Arkivi","og_description":"Nga Asllan Dibrani Shqiptar\u00ebt po mbarojn\u00eb kat\u00ebr dekada q\u00eb filluan t\u00eb emigrojn\u00eb me nj\u00eb fluks t\u00eb madh p\u00ebr n\u00eb shtetet e per\u00ebndimit t\u00eb shtr\u00ebnguar fillimisht p\u00ebr shkaqe politike dhe ekonomike t\u00eb asaj kohe. P\u00ebr shkaqe politike 1. Themi p\u00ebr shkaqe politike duke pasur parasysh se pak\u00ebnaq\u00ebsia e popullit shqiptar n\u00eb vitin 1968 shprehu demostrativisht k\u00ebrkesat [&hellip;]","og_url":"https:\/\/fjala.info\/2009-2015\/gjermani-perkujtohet-100-vjetori-i-lindjes-se-nene-terezes\/","og_site_name":"FjALA e LIR\u00cb - Arkivi","article_published_time":"2010-11-11T20:43:02+00:00","og_image":[{"url":"http:\/\/fjala.shkoder.net\/wp-content\/uploads\/2010\/11\/asllan_dibrani1-227x300.jpg","type":"","width":"","height":""}],"author":"admin","twitter_card":"summary_large_image","twitter_misc":{"Written by":"admin","Est. reading time":"14 minutes"},"schema":{"@context":"https:\/\/schema.org","@graph":[{"@type":"Article","@id":"https:\/\/fjala.info\/2009-2015\/gjermani-perkujtohet-100-vjetori-i-lindjes-se-nene-terezes\/#article","isPartOf":{"@id":"https:\/\/fjala.info\/2009-2015\/gjermani-perkujtohet-100-vjetori-i-lindjes-se-nene-terezes\/"},"author":{"name":"admin","@id":"https:\/\/fjala.info\/2009-2015\/#\/schema\/person\/3aa1163ef05469c496fc94e77611ada2"},"headline":"Gjermani: P\u00ebrkujtohet 100 vjetori i lindjes s\u00eb N\u00ebn\u00eb Terez\u00ebs","datePublished":"2010-11-11T20:43:02+00:00","mainEntityOfPage":{"@id":"https:\/\/fjala.info\/2009-2015\/gjermani-perkujtohet-100-vjetori-i-lindjes-se-nene-terezes\/"},"wordCount":2867,"commentCount":1,"publisher":{"@id":"https:\/\/fjala.info\/2009-2015\/#organization"},"image":{"@id":"https:\/\/fjala.info\/2009-2015\/gjermani-perkujtohet-100-vjetori-i-lindjes-se-nene-terezes\/#primaryimage"},"thumbnailUrl":"http:\/\/fjala.shkoder.net\/wp-content\/uploads\/2010\/11\/asllan_dibrani1-227x300.jpg","articleSection":["Artikuj"],"inLanguage":"sq-AL","potentialAction":[{"@type":"CommentAction","name":"Comment","target":["https:\/\/fjala.info\/2009-2015\/gjermani-perkujtohet-100-vjetori-i-lindjes-se-nene-terezes\/#respond"]}]},{"@type":"WebPage","@id":"https:\/\/fjala.info\/2009-2015\/gjermani-perkujtohet-100-vjetori-i-lindjes-se-nene-terezes\/","url":"https:\/\/fjala.info\/2009-2015\/gjermani-perkujtohet-100-vjetori-i-lindjes-se-nene-terezes\/","name":"Gjermani: P\u00ebrkujtohet 100 vjetori i lindjes s\u00eb N\u00ebn\u00eb Terez\u00ebs - FjALA e LIR\u00cb - Arkivi","isPartOf":{"@id":"https:\/\/fjala.info\/2009-2015\/#website"},"primaryImageOfPage":{"@id":"https:\/\/fjala.info\/2009-2015\/gjermani-perkujtohet-100-vjetori-i-lindjes-se-nene-terezes\/#primaryimage"},"image":{"@id":"https:\/\/fjala.info\/2009-2015\/gjermani-perkujtohet-100-vjetori-i-lindjes-se-nene-terezes\/#primaryimage"},"thumbnailUrl":"http:\/\/fjala.shkoder.net\/wp-content\/uploads\/2010\/11\/asllan_dibrani1-227x300.jpg","datePublished":"2010-11-11T20:43:02+00:00","breadcrumb":{"@id":"https:\/\/fjala.info\/2009-2015\/gjermani-perkujtohet-100-vjetori-i-lindjes-se-nene-terezes\/#breadcrumb"},"inLanguage":"sq-AL","potentialAction":[{"@type":"ReadAction","target":["https:\/\/fjala.info\/2009-2015\/gjermani-perkujtohet-100-vjetori-i-lindjes-se-nene-terezes\/"]}]},{"@type":"ImageObject","inLanguage":"sq-AL","@id":"https:\/\/fjala.info\/2009-2015\/gjermani-perkujtohet-100-vjetori-i-lindjes-se-nene-terezes\/#primaryimage","url":"http:\/\/fjala.shkoder.net\/wp-content\/uploads\/2010\/11\/asllan_dibrani1-227x300.jpg","contentUrl":"http:\/\/fjala.shkoder.net\/wp-content\/uploads\/2010\/11\/asllan_dibrani1-227x300.jpg"},{"@type":"BreadcrumbList","@id":"https:\/\/fjala.info\/2009-2015\/gjermani-perkujtohet-100-vjetori-i-lindjes-se-nene-terezes\/#breadcrumb","itemListElement":[{"@type":"ListItem","position":1,"name":"Home","item":"https:\/\/fjala.info\/2009-2015\/"},{"@type":"ListItem","position":2,"name":"Gjermani: P\u00ebrkujtohet 100 vjetori i lindjes s\u00eb N\u00ebn\u00eb Terez\u00ebs"}]},{"@type":"WebSite","@id":"https:\/\/fjala.info\/2009-2015\/#website","url":"https:\/\/fjala.info\/2009-2015\/","name":"FjALA e LIR\u00cb - Arkivi","description":"Arkivi 2009-2015","publisher":{"@id":"https:\/\/fjala.info\/2009-2015\/#organization"},"potentialAction":[{"@type":"SearchAction","target":{"@type":"EntryPoint","urlTemplate":"https:\/\/fjala.info\/2009-2015\/?s={search_term_string}"},"query-input":{"@type":"PropertyValueSpecification","valueRequired":true,"valueName":"search_term_string"}}],"inLanguage":"sq-AL"},{"@type":"Organization","@id":"https:\/\/fjala.info\/2009-2015\/#organization","name":"FjALA e LIR\u00cb - Arkivi","url":"https:\/\/fjala.info\/2009-2015\/","logo":{"@type":"ImageObject","inLanguage":"sq-AL","@id":"https:\/\/fjala.info\/2009-2015\/#\/schema\/logo\/image\/","url":"","contentUrl":"","caption":"FjALA e LIR\u00cb - Arkivi"},"image":{"@id":"https:\/\/fjala.info\/2009-2015\/#\/schema\/logo\/image\/"}},{"@type":"Person","@id":"https:\/\/fjala.info\/2009-2015\/#\/schema\/person\/3aa1163ef05469c496fc94e77611ada2","name":"admin","image":{"@type":"ImageObject","inLanguage":"sq-AL","@id":"https:\/\/fjala.info\/2009-2015\/wp-content\/uploads\/2012\/02\/arben_cokaj-120x150.jpg","url":"https:\/\/fjala.info\/2009-2015\/wp-content\/uploads\/2012\/02\/arben_cokaj-120x150.jpg","contentUrl":"https:\/\/fjala.info\/2009-2015\/wp-content\/uploads\/2012\/02\/arben_cokaj-120x150.jpg","caption":"admin"},"description":"Admin, Fjala e Lir\u00eb","sameAs":["https:\/\/fjala.info\/"],"url":"https:\/\/fjala.info\/2009-2015\/author\/admin\/"}]}},"_links":{"self":[{"href":"https:\/\/fjala.info\/2009-2015\/wp-json\/wp\/v2\/posts\/4714","targetHints":{"allow":["GET"]}}],"collection":[{"href":"https:\/\/fjala.info\/2009-2015\/wp-json\/wp\/v2\/posts"}],"about":[{"href":"https:\/\/fjala.info\/2009-2015\/wp-json\/wp\/v2\/types\/post"}],"author":[{"embeddable":true,"href":"https:\/\/fjala.info\/2009-2015\/wp-json\/wp\/v2\/users\/1"}],"replies":[{"embeddable":true,"href":"https:\/\/fjala.info\/2009-2015\/wp-json\/wp\/v2\/comments?post=4714"}],"version-history":[{"count":0,"href":"https:\/\/fjala.info\/2009-2015\/wp-json\/wp\/v2\/posts\/4714\/revisions"}],"wp:attachment":[{"href":"https:\/\/fjala.info\/2009-2015\/wp-json\/wp\/v2\/media?parent=4714"}],"wp:term":[{"taxonomy":"category","embeddable":true,"href":"https:\/\/fjala.info\/2009-2015\/wp-json\/wp\/v2\/categories?post=4714"},{"taxonomy":"post_tag","embeddable":true,"href":"https:\/\/fjala.info\/2009-2015\/wp-json\/wp\/v2\/tags?post=4714"}],"curies":[{"name":"wp","href":"https:\/\/api.w.org\/{rel}","templated":true}]}}