{"id":4713,"date":"2012-08-27T10:02:46","date_gmt":"2012-08-27T09:02:46","guid":{"rendered":"http:\/\/www.fjala.info\/?p=4713"},"modified":"2012-08-27T10:02:46","modified_gmt":"2012-08-27T09:02:46","slug":"zeqir-sadrija-kandidat-per-asamblene-komunale-ne-st-gallen","status":"publish","type":"post","link":"https:\/\/fjala.info\/2009-2015\/zeqir-sadrija-kandidat-per-asamblene-komunale-ne-st-gallen\/","title":{"rendered":"ZEQIR SADRIJA KANDIDAT P\u00cbR ASAMBLEN\u00cb KOMUNALE N\u00cb ST. GALLEN"},"content":{"rendered":"<p><img decoding=\"async\" class=\"alignright size-thumbnail wp-image-7236\" title=\"Zeqir Sadria\" src=\"http:\/\/www.fjala.info\/2012\/zeqir_sadria.jpg\" alt=\"\" width=\"200\" \/> <strong><em>N\u00eb pranin e shum\u00eb bashkatdhetar\u00ebve n\u00eb St. Gallen t\u00eb Zvicr\u00ebs, kandidati shqiptar nga Partia e Gjelb\u00ebr z. Zeqir Sadrija hapi fushat\u00ebn e tij zgjedhore p\u00ebr deputet n\u00eb asamblen\u00eb komunale n\u00eb qytetin St. Gallen n\u00eb Zvic\u00ebr. Merrnin pjes\u00eb veprimtar t\u00eb shumt\u00eb si dhe K\u00ebshilltari i Ministrit p\u00ebr Diaspor\u00eb Ahmet Hasani.<\/em><\/strong><\/p>\n<p><strong>St. Gallen<\/strong>, <em>25 gusht 2012<\/em>.<\/p>\n<p>Ceremonin\u00eb e hapjes s\u00eb k\u00ebsaj fushate e hapi Laz\u00ebr Ukgjini, nj\u00eb veprimtar i dalluar i kauz\u00ebs komb\u00ebtare n\u00ebn p\u00ebrkujdesjen e t\u00eb cilit organizohej ky solemnitet i cili zhvillohej n\u00eb Restorantin e KF &#8220;BESA&#8221; n\u00eb St. Gallen.<\/p>\n<p>Fillimisht, Laz\u00ebr Ukgjini i p\u00ebrsh\u00ebndeti t\u00eb pranishmit e shum\u00ebt t\u00eb cil\u00ebt ishin pothuajse veteran t\u00eb klubeve dhe partive shqiptare n\u00eb k\u00ebt\u00eb qytet, por sot tha z. Ukgjini ky takim \u00ebsht\u00eb thirrur p\u00ebr t\u00eb nis fushat\u00ebn zgjedhore p\u00ebr kandidatin shqiptar z. Zeqir Sadrija i cili konkurron n\u00eb zgjedhjet e 23 shtatorit 2012, p\u00ebr deputet n\u00eb asamblen\u00eb komunale n\u00eb qytetin St. Gallen, dhe para se t&#8217;ua jepte fjal\u00ebn edhe diskutuesve t\u00eb tjer\u00eb ai apeloi tek komuniteti yn\u00eb q\u00eb t\u00eb mobilizohen p\u00ebr t\u00eb ndihmuar fitoren e z:Sadrija t\u00eb cilin e p\u00ebrg\u00ebzoi p\u00ebr nism\u00ebn e mbar\u00eb, sepse ky \u00ebsht\u00eb rasti i par\u00eb q\u00eb ndonj\u00eb shqiptar ka kandiduar p\u00ebr t&#8217;u zgjedhur n\u00eb kuad\u00ebr t\u00eb partive Zvicerane p\u00ebr asamblist komunal n\u00eb qytetin St. Gallen. Po kaq urime t\u00eb ngrohta z. Ukgjini d\u00ebrgoi edhe n\u00eb adres\u00eb t\u00eb Partis\u00eb s\u00eb Gjelb\u00ebr n\u00eb St. Gallen e cila z. Zeqir Sadrija e ka futur n\u00eb list\u00ebn e kandidat\u00ebve me prioritet.<\/p>\n<p>Poeti Isuf Sherifi e p\u00ebrg\u00ebzoi z. Sadrija i cili bashk\u00eb me deputetin kantonal me origjin\u00eb shqiptare z. Etrit Hasler fushat\u00ebn e tyre brenda komunitetit ton\u00eb dhe sidomos n\u00eb masmediat shqiptare ta b\u00ebnin bashk\u00ebrisht pasi si\u00e7 tha z. Sherifi edhe Etriti \u00ebsht\u00eb nj\u00eb personalitet i shquar dhe me ndikim i cili m\u00eb shum\u00eb se kushdo tjet\u00ebr mburret me prejardhjen e tij shqiptare.<\/p>\n<p>N\u00eb fjal\u00ebn e tij ing. Ahmet Hasani i cili \u00ebsht\u00eb k\u00ebshilltar i lart\u00eb politik i Ministrit p\u00ebr Diaspor\u00eb, p\u00ebrve\u00e7 p\u00ebrsh\u00ebndetjes dhe p\u00ebrg\u00ebzimit solli dhe p\u00ebrsh\u00ebndetjet e Ministrit z. Ibrahim Makolli, ai p\u00ebrsh\u00ebndeti PGJ n\u00eb St. Gallen q\u00eb e ka kandiduar z. Sadrija p\u00ebr asamblen\u00eb e qytetit duke u zotuar se do t\u00eb angazhoj t\u00eb gjitha mund\u00ebsit e tija p\u00ebr t&#8217;u b\u00ebr\u00eb nj\u00eb fushat\u00eb zgjedhore e mir\u00eb dhe n\u00eb funksion t\u00eb interesit t\u00eb t\u00eb dy kandidat\u00ebve shqiptar z: Zeqir Sadrija si dhe t\u00eb z. Etrit Hasler p\u00ebr t\u00eb cilin foli me respekt t\u00eb ve\u00e7ant\u00eb.<\/p>\n<p>Nd\u00ebrsa mr. Zef Ahmeti ishte i shkurt dhe mjaft\u00eb i qart\u00eb. Ai tha se fitorja e Zeq\u00ebs \u00ebsht\u00eb se ai ka marr\u00eb guxim p\u00ebr t&#8217;u kandiduar, prandaj ai e uroi Zeq\u00ebn duke i th\u00ebn\u00eb se \u00e7do fitore e tij na g\u00ebzon edhe neve.<\/p>\n<p>N\u00eb diskutime t\u00eb tjera u dalluan edhe Agush Buja, Gjok\u00eb M. Gjoka, poet\u00ebt Brahim Avdyli e Mehmet Bislimi, pastaj Shefket Hasani, Ramadan Avdyli, Agim Binaku, Lek\u00eb K\u00e7ira, Nevzat D\u00ebrmaku dhe shum\u00eb t\u00eb tjer\u00eb t\u00eb cil\u00ebt u zotuan se do t\u00eb japin ndihmes\u00ebn e tyre p\u00ebr t\u00eb fituar Zeqir Sadrija, prandaj u tha se n\u00eb jav\u00ebn e par\u00eb t\u00eb shtatorit do t\u00eb mbahet edhe nj\u00eb tubim mobilizues n\u00eb funksion t\u00eb kandidat\u00ebve shqiptar n\u00eb k\u00ebto zgjedhje.<\/p>\n<p>N\u00eb fjal\u00ebn e tij fal\u00ebnderuese vet Zeqir Sadrija tha se ka mbi dhjet\u00eb vjet q\u00eb \u00ebsht\u00eb an\u00ebtar i Partis\u00eb s\u00eb Gjelb\u00ebr n\u00eb St. Gallen, u an\u00ebtar\u00ebsova n\u00eb k\u00ebt\u00eb parti tha ai pasi parimet e k\u00ebsaj partie nuk bien ndesh me parimet tona gj\u00eb q\u00eb m\u00eb ka impresionuar. Po ashtu edhe Zeqir Sadrija fal\u00ebnderoi z. Etrit Hasler p\u00ebr inkurajimin dhe mb\u00ebshtetje e madhe q\u00eb i ka dh\u00ebn\u00eb n\u00eb shum\u00eb sfera t\u00eb jet\u00ebs publike n\u00eb k\u00ebt\u00eb qytet.<\/p>\n<p>(Sh.D).)<\/p>\n<p>____________________<\/p>\n<p><strong>Shefqet Dibrani<\/strong><br \/>\nHechtackerstrasse 42<br \/>\n9014 St. Gallen<br \/>\nSchweiz (Zvic\u00ebr)<br \/>\nTel. ++ 41 71 855 36 86<br \/>\nNat. ++ 41 79 488 80 46<br \/>\nE.Mail: shefqet.dibrani@bluewin.ch<br \/>\nE.Mail: shefqet.dibrani@hotmail.com<\/p>\n","protected":false},"excerpt":{"rendered":"<p>N\u00eb pranin e shum\u00eb bashkatdhetar\u00ebve n\u00eb St. Gallen t\u00eb Zvicr\u00ebs, kandidati shqiptar nga Partia e Gjelb\u00ebr z. Zeqir Sadrija hapi fushat\u00ebn e tij zgjedhore p\u00ebr deputet n\u00eb asamblen\u00eb komunale n\u00eb qytetin St. Gallen n\u00eb Zvic\u00ebr. Merrnin pjes\u00eb veprimtar t\u00eb shumt\u00eb si dhe K\u00ebshilltari i Ministrit p\u00ebr Diaspor\u00eb Ahmet Hasani. St. Gallen, 25 gusht 2012. Ceremonin\u00eb [&hellip;]<\/p>\n","protected":false},"author":1,"featured_media":0,"comment_status":"open","ping_status":"closed","sticky":false,"template":"","format":"standard","meta":{"footnotes":""},"categories":[2],"tags":[],"class_list":{"0":"post-4713","1":"post","2":"type-post","3":"status-publish","4":"format-standard","6":"category-artikuj"},"yoast_head":"<!-- This site is optimized with the Yoast SEO plugin v27.4 - https:\/\/yoast.com\/product\/yoast-seo-wordpress\/ -->\n<title>ZEQIR SADRIJA KANDIDAT P\u00cbR ASAMBLEN\u00cb KOMUNALE N\u00cb ST. GALLEN - FjALA e LIR\u00cb - Arkivi<\/title>\n<meta name=\"robots\" content=\"index, follow, max-snippet:-1, max-image-preview:large, max-video-preview:-1\" \/>\n<link rel=\"canonical\" href=\"https:\/\/fjala.info\/2009-2015\/zeqir-sadrija-kandidat-per-asamblene-komunale-ne-st-gallen\/\" \/>\n<meta property=\"og:locale\" content=\"sq_AL\" \/>\n<meta property=\"og:type\" content=\"article\" \/>\n<meta property=\"og:title\" content=\"ZEQIR SADRIJA KANDIDAT P\u00cbR ASAMBLEN\u00cb KOMUNALE N\u00cb ST. GALLEN - FjALA e LIR\u00cb - Arkivi\" \/>\n<meta property=\"og:description\" content=\"N\u00eb pranin e shum\u00eb bashkatdhetar\u00ebve n\u00eb St. Gallen t\u00eb Zvicr\u00ebs, kandidati shqiptar nga Partia e Gjelb\u00ebr z. Zeqir Sadrija hapi fushat\u00ebn e tij zgjedhore p\u00ebr deputet n\u00eb asamblen\u00eb komunale n\u00eb qytetin St. Gallen n\u00eb Zvic\u00ebr. Merrnin pjes\u00eb veprimtar t\u00eb shumt\u00eb si dhe K\u00ebshilltari i Ministrit p\u00ebr Diaspor\u00eb Ahmet Hasani. St. Gallen, 25 gusht 2012. Ceremonin\u00eb [&hellip;]\" \/>\n<meta property=\"og:url\" content=\"https:\/\/fjala.info\/2009-2015\/zeqir-sadrija-kandidat-per-asamblene-komunale-ne-st-gallen\/\" \/>\n<meta property=\"og:site_name\" content=\"FjALA e LIR\u00cb - Arkivi\" \/>\n<meta property=\"article:published_time\" content=\"2012-08-27T09:02:46+00:00\" \/>\n<meta property=\"og:image\" content=\"http:\/\/www.fjala.info\/2012\/zeqir_sadria.jpg\" \/>\n<meta name=\"author\" content=\"admin\" \/>\n<meta name=\"twitter:card\" content=\"summary_large_image\" \/>\n<meta name=\"twitter:label1\" content=\"Written by\" \/>\n\t<meta name=\"twitter:data1\" content=\"admin\" \/>\n\t<meta name=\"twitter:label2\" content=\"Est. reading time\" \/>\n\t<meta name=\"twitter:data2\" content=\"3 minutes\" \/>\n<script type=\"application\/ld+json\" class=\"yoast-schema-graph\">{\"@context\":\"https:\\\/\\\/schema.org\",\"@graph\":[{\"@type\":\"Article\",\"@id\":\"https:\\\/\\\/fjala.info\\\/2009-2015\\\/zeqir-sadrija-kandidat-per-asamblene-komunale-ne-st-gallen\\\/#article\",\"isPartOf\":{\"@id\":\"https:\\\/\\\/fjala.info\\\/2009-2015\\\/zeqir-sadrija-kandidat-per-asamblene-komunale-ne-st-gallen\\\/\"},\"author\":{\"name\":\"admin\",\"@id\":\"https:\\\/\\\/fjala.info\\\/2009-2015\\\/#\\\/schema\\\/person\\\/3aa1163ef05469c496fc94e77611ada2\"},\"headline\":\"ZEQIR SADRIJA KANDIDAT P\u00cbR ASAMBLEN\u00cb KOMUNALE N\u00cb ST. GALLEN\",\"datePublished\":\"2012-08-27T09:02:46+00:00\",\"mainEntityOfPage\":{\"@id\":\"https:\\\/\\\/fjala.info\\\/2009-2015\\\/zeqir-sadrija-kandidat-per-asamblene-komunale-ne-st-gallen\\\/\"},\"wordCount\":712,\"commentCount\":0,\"publisher\":{\"@id\":\"https:\\\/\\\/fjala.info\\\/2009-2015\\\/#organization\"},\"image\":{\"@id\":\"https:\\\/\\\/fjala.info\\\/2009-2015\\\/zeqir-sadrija-kandidat-per-asamblene-komunale-ne-st-gallen\\\/#primaryimage\"},\"thumbnailUrl\":\"http:\\\/\\\/www.fjala.info\\\/2012\\\/zeqir_sadria.jpg\",\"articleSection\":[\"Artikuj\"],\"inLanguage\":\"sq-AL\",\"potentialAction\":[{\"@type\":\"CommentAction\",\"name\":\"Comment\",\"target\":[\"https:\\\/\\\/fjala.info\\\/2009-2015\\\/zeqir-sadrija-kandidat-per-asamblene-komunale-ne-st-gallen\\\/#respond\"]}]},{\"@type\":\"WebPage\",\"@id\":\"https:\\\/\\\/fjala.info\\\/2009-2015\\\/zeqir-sadrija-kandidat-per-asamblene-komunale-ne-st-gallen\\\/\",\"url\":\"https:\\\/\\\/fjala.info\\\/2009-2015\\\/zeqir-sadrija-kandidat-per-asamblene-komunale-ne-st-gallen\\\/\",\"name\":\"ZEQIR SADRIJA KANDIDAT P\u00cbR ASAMBLEN\u00cb KOMUNALE N\u00cb ST. GALLEN - FjALA e LIR\u00cb - Arkivi\",\"isPartOf\":{\"@id\":\"https:\\\/\\\/fjala.info\\\/2009-2015\\\/#website\"},\"primaryImageOfPage\":{\"@id\":\"https:\\\/\\\/fjala.info\\\/2009-2015\\\/zeqir-sadrija-kandidat-per-asamblene-komunale-ne-st-gallen\\\/#primaryimage\"},\"image\":{\"@id\":\"https:\\\/\\\/fjala.info\\\/2009-2015\\\/zeqir-sadrija-kandidat-per-asamblene-komunale-ne-st-gallen\\\/#primaryimage\"},\"thumbnailUrl\":\"http:\\\/\\\/www.fjala.info\\\/2012\\\/zeqir_sadria.jpg\",\"datePublished\":\"2012-08-27T09:02:46+00:00\",\"breadcrumb\":{\"@id\":\"https:\\\/\\\/fjala.info\\\/2009-2015\\\/zeqir-sadrija-kandidat-per-asamblene-komunale-ne-st-gallen\\\/#breadcrumb\"},\"inLanguage\":\"sq-AL\",\"potentialAction\":[{\"@type\":\"ReadAction\",\"target\":[\"https:\\\/\\\/fjala.info\\\/2009-2015\\\/zeqir-sadrija-kandidat-per-asamblene-komunale-ne-st-gallen\\\/\"]}]},{\"@type\":\"ImageObject\",\"inLanguage\":\"sq-AL\",\"@id\":\"https:\\\/\\\/fjala.info\\\/2009-2015\\\/zeqir-sadrija-kandidat-per-asamblene-komunale-ne-st-gallen\\\/#primaryimage\",\"url\":\"http:\\\/\\\/www.fjala.info\\\/2012\\\/zeqir_sadria.jpg\",\"contentUrl\":\"http:\\\/\\\/www.fjala.info\\\/2012\\\/zeqir_sadria.jpg\"},{\"@type\":\"BreadcrumbList\",\"@id\":\"https:\\\/\\\/fjala.info\\\/2009-2015\\\/zeqir-sadrija-kandidat-per-asamblene-komunale-ne-st-gallen\\\/#breadcrumb\",\"itemListElement\":[{\"@type\":\"ListItem\",\"position\":1,\"name\":\"Home\",\"item\":\"https:\\\/\\\/fjala.info\\\/2009-2015\\\/\"},{\"@type\":\"ListItem\",\"position\":2,\"name\":\"ZEQIR SADRIJA KANDIDAT P\u00cbR ASAMBLEN\u00cb KOMUNALE N\u00cb ST. GALLEN\"}]},{\"@type\":\"WebSite\",\"@id\":\"https:\\\/\\\/fjala.info\\\/2009-2015\\\/#website\",\"url\":\"https:\\\/\\\/fjala.info\\\/2009-2015\\\/\",\"name\":\"FjALA e LIR\u00cb - Arkivi\",\"description\":\"Arkivi 2009-2015\",\"publisher\":{\"@id\":\"https:\\\/\\\/fjala.info\\\/2009-2015\\\/#organization\"},\"potentialAction\":[{\"@type\":\"SearchAction\",\"target\":{\"@type\":\"EntryPoint\",\"urlTemplate\":\"https:\\\/\\\/fjala.info\\\/2009-2015\\\/?s={search_term_string}\"},\"query-input\":{\"@type\":\"PropertyValueSpecification\",\"valueRequired\":true,\"valueName\":\"search_term_string\"}}],\"inLanguage\":\"sq-AL\"},{\"@type\":\"Organization\",\"@id\":\"https:\\\/\\\/fjala.info\\\/2009-2015\\\/#organization\",\"name\":\"FjALA e LIR\u00cb - Arkivi\",\"url\":\"https:\\\/\\\/fjala.info\\\/2009-2015\\\/\",\"logo\":{\"@type\":\"ImageObject\",\"inLanguage\":\"sq-AL\",\"@id\":\"https:\\\/\\\/fjala.info\\\/2009-2015\\\/#\\\/schema\\\/logo\\\/image\\\/\",\"url\":\"\",\"contentUrl\":\"\",\"caption\":\"FjALA e LIR\u00cb - Arkivi\"},\"image\":{\"@id\":\"https:\\\/\\\/fjala.info\\\/2009-2015\\\/#\\\/schema\\\/logo\\\/image\\\/\"}},{\"@type\":\"Person\",\"@id\":\"https:\\\/\\\/fjala.info\\\/2009-2015\\\/#\\\/schema\\\/person\\\/3aa1163ef05469c496fc94e77611ada2\",\"name\":\"admin\",\"image\":{\"@type\":\"ImageObject\",\"inLanguage\":\"sq-AL\",\"@id\":\"https:\\\/\\\/fjala.info\\\/2009-2015\\\/wp-content\\\/uploads\\\/2012\\\/02\\\/arben_cokaj-120x150.jpg\",\"url\":\"https:\\\/\\\/fjala.info\\\/2009-2015\\\/wp-content\\\/uploads\\\/2012\\\/02\\\/arben_cokaj-120x150.jpg\",\"contentUrl\":\"https:\\\/\\\/fjala.info\\\/2009-2015\\\/wp-content\\\/uploads\\\/2012\\\/02\\\/arben_cokaj-120x150.jpg\",\"caption\":\"admin\"},\"description\":\"Admin, Fjala e Lir\u00eb\",\"sameAs\":[\"https:\\\/\\\/fjala.info\\\/\"],\"url\":\"https:\\\/\\\/fjala.info\\\/2009-2015\\\/author\\\/admin\\\/\"}]}<\/script>\n<!-- \/ Yoast SEO plugin. -->","yoast_head_json":{"title":"ZEQIR SADRIJA KANDIDAT P\u00cbR ASAMBLEN\u00cb KOMUNALE N\u00cb ST. GALLEN - FjALA e LIR\u00cb - Arkivi","robots":{"index":"index","follow":"follow","max-snippet":"max-snippet:-1","max-image-preview":"max-image-preview:large","max-video-preview":"max-video-preview:-1"},"canonical":"https:\/\/fjala.info\/2009-2015\/zeqir-sadrija-kandidat-per-asamblene-komunale-ne-st-gallen\/","og_locale":"sq_AL","og_type":"article","og_title":"ZEQIR SADRIJA KANDIDAT P\u00cbR ASAMBLEN\u00cb KOMUNALE N\u00cb ST. GALLEN - FjALA e LIR\u00cb - Arkivi","og_description":"N\u00eb pranin e shum\u00eb bashkatdhetar\u00ebve n\u00eb St. Gallen t\u00eb Zvicr\u00ebs, kandidati shqiptar nga Partia e Gjelb\u00ebr z. Zeqir Sadrija hapi fushat\u00ebn e tij zgjedhore p\u00ebr deputet n\u00eb asamblen\u00eb komunale n\u00eb qytetin St. Gallen n\u00eb Zvic\u00ebr. Merrnin pjes\u00eb veprimtar t\u00eb shumt\u00eb si dhe K\u00ebshilltari i Ministrit p\u00ebr Diaspor\u00eb Ahmet Hasani. St. Gallen, 25 gusht 2012. Ceremonin\u00eb [&hellip;]","og_url":"https:\/\/fjala.info\/2009-2015\/zeqir-sadrija-kandidat-per-asamblene-komunale-ne-st-gallen\/","og_site_name":"FjALA e LIR\u00cb - Arkivi","article_published_time":"2012-08-27T09:02:46+00:00","og_image":[{"url":"http:\/\/www.fjala.info\/2012\/zeqir_sadria.jpg","type":"","width":"","height":""}],"author":"admin","twitter_card":"summary_large_image","twitter_misc":{"Written by":"admin","Est. reading time":"3 minutes"},"schema":{"@context":"https:\/\/schema.org","@graph":[{"@type":"Article","@id":"https:\/\/fjala.info\/2009-2015\/zeqir-sadrija-kandidat-per-asamblene-komunale-ne-st-gallen\/#article","isPartOf":{"@id":"https:\/\/fjala.info\/2009-2015\/zeqir-sadrija-kandidat-per-asamblene-komunale-ne-st-gallen\/"},"author":{"name":"admin","@id":"https:\/\/fjala.info\/2009-2015\/#\/schema\/person\/3aa1163ef05469c496fc94e77611ada2"},"headline":"ZEQIR SADRIJA KANDIDAT P\u00cbR ASAMBLEN\u00cb KOMUNALE N\u00cb ST. GALLEN","datePublished":"2012-08-27T09:02:46+00:00","mainEntityOfPage":{"@id":"https:\/\/fjala.info\/2009-2015\/zeqir-sadrija-kandidat-per-asamblene-komunale-ne-st-gallen\/"},"wordCount":712,"commentCount":0,"publisher":{"@id":"https:\/\/fjala.info\/2009-2015\/#organization"},"image":{"@id":"https:\/\/fjala.info\/2009-2015\/zeqir-sadrija-kandidat-per-asamblene-komunale-ne-st-gallen\/#primaryimage"},"thumbnailUrl":"http:\/\/www.fjala.info\/2012\/zeqir_sadria.jpg","articleSection":["Artikuj"],"inLanguage":"sq-AL","potentialAction":[{"@type":"CommentAction","name":"Comment","target":["https:\/\/fjala.info\/2009-2015\/zeqir-sadrija-kandidat-per-asamblene-komunale-ne-st-gallen\/#respond"]}]},{"@type":"WebPage","@id":"https:\/\/fjala.info\/2009-2015\/zeqir-sadrija-kandidat-per-asamblene-komunale-ne-st-gallen\/","url":"https:\/\/fjala.info\/2009-2015\/zeqir-sadrija-kandidat-per-asamblene-komunale-ne-st-gallen\/","name":"ZEQIR SADRIJA KANDIDAT P\u00cbR ASAMBLEN\u00cb KOMUNALE N\u00cb ST. GALLEN - FjALA e LIR\u00cb - Arkivi","isPartOf":{"@id":"https:\/\/fjala.info\/2009-2015\/#website"},"primaryImageOfPage":{"@id":"https:\/\/fjala.info\/2009-2015\/zeqir-sadrija-kandidat-per-asamblene-komunale-ne-st-gallen\/#primaryimage"},"image":{"@id":"https:\/\/fjala.info\/2009-2015\/zeqir-sadrija-kandidat-per-asamblene-komunale-ne-st-gallen\/#primaryimage"},"thumbnailUrl":"http:\/\/www.fjala.info\/2012\/zeqir_sadria.jpg","datePublished":"2012-08-27T09:02:46+00:00","breadcrumb":{"@id":"https:\/\/fjala.info\/2009-2015\/zeqir-sadrija-kandidat-per-asamblene-komunale-ne-st-gallen\/#breadcrumb"},"inLanguage":"sq-AL","potentialAction":[{"@type":"ReadAction","target":["https:\/\/fjala.info\/2009-2015\/zeqir-sadrija-kandidat-per-asamblene-komunale-ne-st-gallen\/"]}]},{"@type":"ImageObject","inLanguage":"sq-AL","@id":"https:\/\/fjala.info\/2009-2015\/zeqir-sadrija-kandidat-per-asamblene-komunale-ne-st-gallen\/#primaryimage","url":"http:\/\/www.fjala.info\/2012\/zeqir_sadria.jpg","contentUrl":"http:\/\/www.fjala.info\/2012\/zeqir_sadria.jpg"},{"@type":"BreadcrumbList","@id":"https:\/\/fjala.info\/2009-2015\/zeqir-sadrija-kandidat-per-asamblene-komunale-ne-st-gallen\/#breadcrumb","itemListElement":[{"@type":"ListItem","position":1,"name":"Home","item":"https:\/\/fjala.info\/2009-2015\/"},{"@type":"ListItem","position":2,"name":"ZEQIR SADRIJA KANDIDAT P\u00cbR ASAMBLEN\u00cb KOMUNALE N\u00cb ST. GALLEN"}]},{"@type":"WebSite","@id":"https:\/\/fjala.info\/2009-2015\/#website","url":"https:\/\/fjala.info\/2009-2015\/","name":"FjALA e LIR\u00cb - Arkivi","description":"Arkivi 2009-2015","publisher":{"@id":"https:\/\/fjala.info\/2009-2015\/#organization"},"potentialAction":[{"@type":"SearchAction","target":{"@type":"EntryPoint","urlTemplate":"https:\/\/fjala.info\/2009-2015\/?s={search_term_string}"},"query-input":{"@type":"PropertyValueSpecification","valueRequired":true,"valueName":"search_term_string"}}],"inLanguage":"sq-AL"},{"@type":"Organization","@id":"https:\/\/fjala.info\/2009-2015\/#organization","name":"FjALA e LIR\u00cb - Arkivi","url":"https:\/\/fjala.info\/2009-2015\/","logo":{"@type":"ImageObject","inLanguage":"sq-AL","@id":"https:\/\/fjala.info\/2009-2015\/#\/schema\/logo\/image\/","url":"","contentUrl":"","caption":"FjALA e LIR\u00cb - Arkivi"},"image":{"@id":"https:\/\/fjala.info\/2009-2015\/#\/schema\/logo\/image\/"}},{"@type":"Person","@id":"https:\/\/fjala.info\/2009-2015\/#\/schema\/person\/3aa1163ef05469c496fc94e77611ada2","name":"admin","image":{"@type":"ImageObject","inLanguage":"sq-AL","@id":"https:\/\/fjala.info\/2009-2015\/wp-content\/uploads\/2012\/02\/arben_cokaj-120x150.jpg","url":"https:\/\/fjala.info\/2009-2015\/wp-content\/uploads\/2012\/02\/arben_cokaj-120x150.jpg","contentUrl":"https:\/\/fjala.info\/2009-2015\/wp-content\/uploads\/2012\/02\/arben_cokaj-120x150.jpg","caption":"admin"},"description":"Admin, Fjala e Lir\u00eb","sameAs":["https:\/\/fjala.info\/"],"url":"https:\/\/fjala.info\/2009-2015\/author\/admin\/"}]}},"_links":{"self":[{"href":"https:\/\/fjala.info\/2009-2015\/wp-json\/wp\/v2\/posts\/4713","targetHints":{"allow":["GET"]}}],"collection":[{"href":"https:\/\/fjala.info\/2009-2015\/wp-json\/wp\/v2\/posts"}],"about":[{"href":"https:\/\/fjala.info\/2009-2015\/wp-json\/wp\/v2\/types\/post"}],"author":[{"embeddable":true,"href":"https:\/\/fjala.info\/2009-2015\/wp-json\/wp\/v2\/users\/1"}],"replies":[{"embeddable":true,"href":"https:\/\/fjala.info\/2009-2015\/wp-json\/wp\/v2\/comments?post=4713"}],"version-history":[{"count":0,"href":"https:\/\/fjala.info\/2009-2015\/wp-json\/wp\/v2\/posts\/4713\/revisions"}],"wp:attachment":[{"href":"https:\/\/fjala.info\/2009-2015\/wp-json\/wp\/v2\/media?parent=4713"}],"wp:term":[{"taxonomy":"category","embeddable":true,"href":"https:\/\/fjala.info\/2009-2015\/wp-json\/wp\/v2\/categories?post=4713"},{"taxonomy":"post_tag","embeddable":true,"href":"https:\/\/fjala.info\/2009-2015\/wp-json\/wp\/v2\/tags?post=4713"}],"curies":[{"name":"wp","href":"https:\/\/api.w.org\/{rel}","templated":true}]}}