{"id":4711,"date":"2010-11-10T22:46:23","date_gmt":"2010-11-10T21:46:23","guid":{"rendered":"http:\/\/fjala.shkoder.net\/?p=4711"},"modified":"2010-11-10T22:46:23","modified_gmt":"2010-11-10T21:46:23","slug":"lidhja-kosovare-e-prof-dr-riza-sadikut","status":"publish","type":"post","link":"https:\/\/fjala.info\/2009-2015\/lidhja-kosovare-e-prof-dr-riza-sadikut\/","title":{"rendered":"\u201cLIDHJA KOSOVARE\u201d e Prof. Dr. Riza Sadikut"},"content":{"rendered":"<p><img loading=\"lazy\" decoding=\"async\" class=\"alignright size-full wp-image-4712\" title=\"Lidhja Kosovare\" src=\"http:\/\/fjala.shkoder.net\/wp-content\/uploads\/2010\/11\/lidhja_kosovare.jpg\" alt=\"\" width=\"200\" height=\"288\" \/><br \/>\n<em><strong>Nj\u00eb vep\u00ebr e munguar n\u00eb historiografin\u00eb shqiptare t\u00eb luft\u00ebs p\u00ebr liri dhe pavar\u00ebsi<\/strong><\/em><\/p>\n<p>nga <strong>Tom\u00eb Mrijaj<\/strong>, <em>New York<\/em><\/p>\n<p>P\u00ebr brezat e rinj shqiptar\u00eb, e n\u00eb ve\u00e7anti t\u00eb atyre kosovar\u00eb, kjo vep\u00ebr e Prof. Dr. Riza Sadikut do t\u00eb mbetet si nj\u00eb zbulim i pa njohur n\u00eb historiografin\u00eb shqiptare i nj\u00eb aktiviteti 50-vje\u00e7ar, t\u00eb zhvilluar n\u00eb m\u00ebrgim nga organizata patriotike Lidhja Kosovare, e cila ishte krijuar me amanetin dhe porosin\u00eb e gjeniut t\u00eb kombit Mit\u2019hat Frash\u00ebrit (Lumo Skendo), si nj\u00eb deg\u00eb e organizat\u00ebs politike kund\u00ebrkomuniste gjith\u00ebkomb\u00ebtare, me emrin kuptimplot\u00eb: \u201cBalli Komb\u00ebtar\u201d.<\/p>\n<p>Mendoj, se pik\u00ebrisht k\u00ebtu q\u00ebndron merita e autorit dhe vlera e madhe e vepr\u00ebs studimore voluminoze, e punuar me nj\u00eb kujdes dhe p\u00ebrkushtim shum\u00ebvje\u00e7ar dhe e pershkuar nga fillimi e deri n\u00eb fund nga nj\u00eb ndjenj\u00eb p\u00ebrgjegj\u00ebsie serioze t\u00eb lart\u00eb morale dhe patriotike, p\u00ebr t\u00eb th\u00ebn\u00eb gjith\u00e7ka t\u00eb v\u00ebrtet\u00eb dhe vet\u00ebm t\u00eb v\u00ebrtet\u00ebn t\u00eb bazuara n\u00eb fakte<\/p>\n<p>K\u00ebsisoj mjafton t\u2019i referohemi burimeve dhe literatures s\u00eb pasur t\u00eb shfryt\u00ebzuar me imt\u00ebsi nga autori, ku d\u00ebshmohet sasia e madhe e materialeve t\u00eb vjelura, q\u00eb jan\u00eb ofruar n\u00eb vepr\u00ebn e mir\u00ebfillt\u00eb historike, si: dokumente, raporte, proklamata, kujtime, thirrje etj., p\u00ebr t\u00eb nd\u00ebrkomb\u00ebtarizuar \u00e7eshtjen shqiptare n\u00eb p\u00ebrgjith\u00ebsi dhe ate kosovare n\u00eb ve\u00e7anti.<\/p>\n<p>P\u00ebrmes nj\u00eb metode faktografike dhe krahasuese n\u00eb koh\u00eb dhe hap\u00ebsir\u00eb historike, jan\u00eb shfryt\u00ebzuar gjithashtu me dhjetra artikuj t\u00eb gazetave, q\u00eb botoheshin jasht\u00eb atdheut, gjat\u00eb periudh\u00ebs s\u00eb regjimit komunist, si n\u00eb: Itali, Australi, Franc\u00eb, ShBA, Turqi, etj., dhe me dhjetra libra, studime, broshura, simpiziume ose p\u00ebrkujtimore t\u00eb figurave t\u00eb shquarat\u00eb t\u00eb nacioanlizmit shqiptar n\u00eb emigracion, shkruar nga autor\u00eb t\u00eb ndrysh\u00ebm p\u00ebr t\u00eb njejt\u00ebn tem\u00eb.<\/p>\n<p>E gjith\u00eb kjo pun\u00eb e madhe hulumtuese voluminoze, \u00ebsht\u00eb b\u00ebr\u00eb me q\u00ebllimin e fort\u00eb patriotik t\u00eb autorit Prof. Sadiku, p\u00ebr t\u00eb nxjerr\u00eb n\u00eb drit\u00eb historin\u00eb e lavdishme t\u00eb Lidhjes Kosovare (1949-1999), duke sensibilizuar k\u00ebsisoj mbar\u00eb opinionin publik nd\u00ebrkomb\u00ebtar p\u00ebr \u00e7eshtjen shqiptare dhe at\u00eb kosovare n\u00eb ve\u00e7anti, n\u00ebn rregjimin shovinist serbosllav n\u00eb ish Jugosllavi.<\/p>\n<p>N\u00ebse do ta shohim n\u00eb esenc\u00ebn e vet t\u00eb gjith\u00eb aktivitetin e pasur patriotik t\u00eb organizat\u00ebs thell\u00ebsisht patriotike Lidhja Kosovare, del se ajo \u00ebsht\u00eb nj\u00eb nd\u00ebr antar\u00ebt m\u00eb t\u00eb vjet\u00ebr t\u00eb \u201cBashkimit Federal t\u00eb Grupeve Etnike Europiane\u201d dhe pjes\u00ebmarr\u00ebse active pothuajse n\u00eb t\u00eb gjitha kongreset e saj, q\u00eb nga 19-20 N\u00ebntori i vitit 1949, q\u00eb u mbajt asokohe n\u00eb Versaj\u00eb t\u00eb Franc\u00ebs e deri n\u00eb<br \/>\nKongresin e Nacionaliteteve Europiane, mbajtur n\u00eb Budapest, m\u00eb 9 Maj 1991.<\/p>\n<p>N\u00eb historin\u00eb e organizat\u00ebs n\u00eb fjal\u00eb, sot me krenari shohim se Lidhja Kosovare ka marr\u00eb pjes\u00eb n\u00eb 41 kongrese, sikurse d\u00ebshmojn\u00eb edhe burimet autentike arkivore historike t\u00eb nxjerra sot n\u00eb drit\u00eb nga autori.<\/p>\n<p>Kan\u00eb qen\u00eb k\u00ebto aktivite t\u00eb gjithanshme t\u00eb organizat\u00ebs nacionaliste Lidhja Kosovare, t\u00eb zhvilluara pand\u00ebrprerje p\u00ebr 50 vjet me radh\u00eb, q\u00eb na japin krenarin\u00eb e t\u00eb qenurit vijues t\u00eb tok\u00ebs s\u00eb Arb\u00ebrit dhe Dardanis\u00eb martire.<\/p>\n<p>T\u00eb till\u00eb mund t\u00eb p\u00ebrmendim organizimin e mitingjeve t\u00eb shpeshta, protestave e demostratave me simbole t\u00eb mir\u00ebfillta komb\u00ebtare me tematika thell\u00ebsisht patriotike para selis\u00eb s\u00eb OKB-\u00ebs n\u00eb New York, para Sht\u00ebpis\u00eb s\u00eb Bardh\u00eb n\u00eb Washington, n\u00eb Chicago, Detroit, n\u00eb qytete e shtete t\u00eb ndryshme, deri n\u00eb Australin\u00eb e larg\u00ebt, me mbledhjen e ndihmave materiale dhe financiare p\u00ebr U\u00c7K-n\u00eb e plot t\u00eb tjera; q\u00eb u b\u00ebn\u00eb k\u00ebsisoj nj\u00eb kontribut i madh n\u00eb luft\u00eb p\u00ebr fitoren vendimtare t\u00eb Liris\u00eb dhe Pavar\u00ebsis\u00eb s\u00eb Kosov\u00ebs.<\/p>\n<p>Mbledhja dhe dh\u00ebnia e gjith\u00eb informacionit kaq t\u00eb pasur, t\u00eb shoq\u00ebruar edhe me m\u00ebse 100 fotografi origjinale dhe t\u00eb pabotuara ndonj\u00ebher\u00eb p\u00ebr aktivitetin e organizat\u00ebs Lidhja Kosovare, nuk ka qen\u00eb aspak nj\u00eb pun\u00eb e leht\u00eb p\u00ebr Prof. Dr. Riza Sadikun, sepse autorit i \u00ebsht\u00eb dashur t\u00eb hulumtoj\u00eb me kujdes n\u00eb shum\u00eb biblikoteka dhe arshiva private dhe shtet\u00ebrore n\u00eb vende t\u00eb ndryshme; me shum\u00eb organe shtypi t\u00eb botuara gjithashtu n\u00eb vende dhe periudha t\u00eb ndryshme kohore; t\u00eb kontaktoj\u00eb me shum\u00eb protogonist\u00eb veprimtar\u00eb dhe drejtues t\u00eb organizatave p\u00ebr t\u00eb mbledhur d\u00ebshmi dhe fakte reale.<\/p>\n<p>Historia e organizat\u00ebs Lidhja Kosovare, ka qen\u00eb nj\u00eb tem\u00eb sa patriotike aq edhe e v\u00ebshtir\u00eb p\u00ebr t\u2019u mbrojtur si tez\u00eb diplome, p\u00ebr vet\u00eb aktivitetin e dendur t\u00eb nj\u00eb periudhe t\u00eb gjat\u00eb 50-vje\u00e7are t\u00eb organizates n\u00eb fjal\u00eb, jo vet\u00ebm n\u00eb favor t\u00eb \u00e7\u00ebshtjes kosovare por gjith\u00ebshqiptare; q\u00eb k\u00ebrkonte studime, hulumtime, ballafaqime, analiza, d\u00ebshmi dhe prova t\u00eb pakund\u00ebrshtueshme.<br \/>\nPor Prof. Dr. Riza Sadiku, me k\u00ebmb\u00ebnguljen, pasionin dhe vullnetin e tij t\u00eb admiruesh\u00ebm, ia doli me sukses t\u00eb plot\u00eb n\u00eb krye k\u00ebsaj pune, duke na dh\u00ebn\u00eb nj\u00eb vep\u00ebr, q\u00eb do t\u00eb z\u00ebr\u00eb nj\u00eb vend nderi n\u00eb fondin e art\u00eb t\u00eb historiografis\u00eb shqiptare.<\/p>\n<p>T\u00eb gjitha k\u00ebto kan\u00eb patur nj\u00eb kosto t\u00eb konsiderueshme financiare, t\u00eb cil\u00ebn e ka mbuluar nga xhepi i tij personal dhe nj\u00eb grup miq\u00ebsh dhe dashamir\u00ebsh t\u00eb k\u00ebsaj organizate. Kjo nuk ka qen\u00eb nj\u00eb sacrific\u00eb e vog\u00ebl, por p\u00ebrkundrazi mjaft e madhe dhe e v\u00ebshtir\u00eb p\u00ebr t\u2019u p\u00ebrballuar.<\/p>\n<p>Para shum\u00eb viteve e takova Prof. Dr. Riza Sadikun, n\u00eb aeroportin J.F.K. n\u00eb New York. Un\u00eb po p\u00ebrcjellja nj\u00eb mik, q\u00eb kishte ardhur p\u00ebr vizit\u00eb n\u00eb SHBA.<\/p>\n<p>Sapo mb\u00ebrrita midis shum\u00eb nj\u00ebr\u00ebzve, q\u00eb po l\u00ebviznin n\u00eb drejtime t\u00eb ndryshme, m\u00eb ra n\u00eb sy nj\u00eb pasagjer me nj\u00eb num\u00ebr t\u00eb madh valixhesh. N\u00eb moment iu drejtova mikut tim me fjal\u00ebt: \u201cSa familjar\u00eb i mir\u00eb q\u00ebnka ky udh\u00ebtar me gjith\u00eb k\u00ebto valixhe q\u00eb ia sjell familjes s\u00eb tij?\u201d<\/p>\n<p>Miku q\u00eb e njihte pasagjerin e panjohur p\u00ebr mua, mbas nj\u00eb buz\u00ebqeshje shtoi: \u201cUdh\u00ebtari \u00ebsht\u00eb shqiptar. Valixhet q\u00eb ju shihni nuk kan\u00eb asgj\u00eb personale. Ato jan\u00eb t\u00eb mbushura me materiale dokumente, t\u00eb cilat i ka mbledhur me shum\u00eb v\u00ebshtir\u00ebsi n\u00eb shtete t\u00eb ndryshme t\u00eb Amerik\u00ebs p\u00ebr Muzeun Historik t\u00eb Kosov\u00ebs. Personi q\u00eb i mban ato p\u00ebr t\u2019i kthyer n\u00eb vendlindje quhet studiuesi dhe pun\u00ebtori i palodhur i Muzeut t\u00eb Kosov\u00ebs Prof. Dr. Riza Sadiku.\u201d<\/p>\n<p>M\u00eb pas iu afruam Profesor Sadikut, u p\u00ebrsh\u00ebndet\u00ebm dhe nga ajo dit\u00eb mbet\u00ebm miq t\u00eb mir\u00eb. Ai ka b\u00ebr\u00eb edhe udh\u00ebtime t\u00eb tjera n\u00eb Amerik\u00eb dhe gjithnj\u00eb \u00ebsht\u00eb kthyer i mbushur me materiale historike arkivore t\u00eb dhuruar nga komuniteti shqiptaro-amerikan\u00eb.<\/p>\n<p>Duke e par\u00eb me nj\u00eb admirim dhe respekt t\u00eb ve\u00e7ant\u00eb Prof. Sadikun, thash\u00eb me veten time: t\u00eb kishte shum\u00eb njer\u00ebz t\u00eb till\u00eb Kosova e Re, do t\u00eb radhitej shum\u00eb shpejt me shtetet e p\u00ebrparuar me muzet\u00eb e tyre t\u00eb pasura, q\u00eb jan\u00eb pasaporta identiteti p\u00ebr \u00e7do komb.<\/p>\n<p>N\u00eb vizit\u00ebn e fundit n\u00eb New York, Profesori i nderuar Riza Sadiku m\u00eb dhuroi me autograf librin historik voluminoz prej 456 faqe, kushtuar organizat\u00ebs nacionaliste, me titull: \u201cLidhja Kosovare 1949-1999\u201d, botuar n\u00eb Prishtin\u00eb n\u00eb vitin 2006.<\/p>\n<p>K\u00ebt\u00eb vit Profesori ishte mik n\u00eb New York, pran\u00eb arkiv\u00ebs s\u00eb Lidhjes s\u00eb Tret\u00eb t\u00eb Prizrenit (1962-2010) n\u00eb m\u00ebrgim, ku Kryetari Ismet Berisha dhe un\u00eb si Sekretar i P\u00ebrgjithsh\u00ebm, i ofruam me bujari dokumente dhe burime historike autentike q\u00eb i interesonin Muzeut Historik t\u00eb Kosov\u00ebs.<\/p>\n<p>Me Profesor Sadikun, jemi pjes\u00ebmarr\u00ebs n\u00eb n\u00ebnt\u00eb simpoziume t\u00eb s\u00eb Djatht\u00ebs Shqiptare n\u00eb Mbrotje t\u00eb Shqip\u00ebris\u00eb Etnike si dhe n\u00eb stafin e redaksis\u00eb s\u00eb botimeve t\u00eb p\u00ebrvitshme (q\u00eb po b\u00ebhen mbas tubimeve historiko-shkencore), p\u00ebr shum\u00eb figura t\u00eb shquara t\u00eb nacionalizmit shqiptar n\u00eb trojet etnike.<\/p>\n<p>E n\u00eb m\u00ebnyr\u00eb t\u00eb ve\u00e7ant\u00eb, duhet then\u00eb se penda dhe mendja e begat\u00eb e Profesor Riza Sadikut, gjithnj\u00eb ka l\u00ebvruar figurat e harruara t\u00eb nacionalizmit shqiptar, t\u00eb cilat kan\u00eb qen\u00eb len\u00eb n\u00eb pluhurin e harres\u00ebs p\u00ebr 50 vjet t\u00eb rregjimit komunist n\u00eb Shqip\u00ebri dhe trojet shqiptare n\u00ebn ish Jugosllavi.<br \/>\nAi edhe sot vijon t\u00eb punoi me plot en\u00ebrgji pa u lodhur n\u00eb veprimtarin\u00eb patriotike t\u00eb m\u00ebrgat\u00ebs shqiptare n\u00ebp\u00ebr bot\u00eb.<\/p>\n<p>Dhe \u00ebsht\u00eb pik\u00ebrisht p\u00ebr k\u00ebt\u00eb q\u00eb meriton Mir\u00ebnjohjen e t\u00eb gjith\u00eb bashkatdhetar\u00ebve dhe urimet m\u00eb t\u00eb mira, p\u00ebr nj\u00eb jet\u00eb t\u00eb gjat\u00eb dhe t\u00eb suksesshme n\u00eb dobi t\u00eb \u00e7eshtjes komb\u00ebtare!<\/p>\n","protected":false},"excerpt":{"rendered":"<p>Nj\u00eb vep\u00ebr e munguar n\u00eb historiografin\u00eb shqiptare t\u00eb luft\u00ebs p\u00ebr liri dhe pavar\u00ebsi nga Tom\u00eb Mrijaj, New York P\u00ebr brezat e rinj shqiptar\u00eb, e n\u00eb ve\u00e7anti t\u00eb atyre kosovar\u00eb, kjo vep\u00ebr e Prof. Dr. Riza Sadikut do t\u00eb mbetet si nj\u00eb zbulim i pa njohur n\u00eb historiografin\u00eb shqiptare i nj\u00eb aktiviteti 50-vje\u00e7ar, t\u00eb zhvilluar n\u00eb [&hellip;]<\/p>\n","protected":false},"author":1,"featured_media":0,"comment_status":"open","ping_status":"closed","sticky":false,"template":"","format":"standard","meta":{"footnotes":""},"categories":[2],"tags":[],"class_list":{"0":"post-4711","1":"post","2":"type-post","3":"status-publish","4":"format-standard","6":"category-artikuj"},"yoast_head":"<!-- This site is optimized with the Yoast SEO plugin v27.4 - https:\/\/yoast.com\/product\/yoast-seo-wordpress\/ -->\n<title>\u201cLIDHJA KOSOVARE\u201d e Prof. Dr. Riza Sadikut - FjALA e LIR\u00cb - Arkivi<\/title>\n<meta name=\"robots\" content=\"index, follow, max-snippet:-1, max-image-preview:large, max-video-preview:-1\" \/>\n<link rel=\"canonical\" href=\"https:\/\/fjala.info\/2009-2015\/lidhja-kosovare-e-prof-dr-riza-sadikut\/\" \/>\n<meta property=\"og:locale\" content=\"sq_AL\" \/>\n<meta property=\"og:type\" content=\"article\" \/>\n<meta property=\"og:title\" content=\"\u201cLIDHJA KOSOVARE\u201d e Prof. Dr. Riza Sadikut - FjALA e LIR\u00cb - Arkivi\" \/>\n<meta property=\"og:description\" content=\"Nj\u00eb vep\u00ebr e munguar n\u00eb historiografin\u00eb shqiptare t\u00eb luft\u00ebs p\u00ebr liri dhe pavar\u00ebsi nga Tom\u00eb Mrijaj, New York P\u00ebr brezat e rinj shqiptar\u00eb, e n\u00eb ve\u00e7anti t\u00eb atyre kosovar\u00eb, kjo vep\u00ebr e Prof. Dr. Riza Sadikut do t\u00eb mbetet si nj\u00eb zbulim i pa njohur n\u00eb historiografin\u00eb shqiptare i nj\u00eb aktiviteti 50-vje\u00e7ar, t\u00eb zhvilluar n\u00eb [&hellip;]\" \/>\n<meta property=\"og:url\" content=\"https:\/\/fjala.info\/2009-2015\/lidhja-kosovare-e-prof-dr-riza-sadikut\/\" \/>\n<meta property=\"og:site_name\" content=\"FjALA e LIR\u00cb - Arkivi\" \/>\n<meta property=\"article:published_time\" content=\"2010-11-10T21:46:23+00:00\" \/>\n<meta property=\"og:image\" content=\"http:\/\/fjala.shkoder.net\/wp-content\/uploads\/2010\/11\/lidhja_kosovare.jpg\" \/>\n<meta name=\"author\" content=\"admin\" \/>\n<meta name=\"twitter:card\" content=\"summary_large_image\" \/>\n<meta name=\"twitter:label1\" content=\"Written by\" \/>\n\t<meta name=\"twitter:data1\" content=\"admin\" \/>\n\t<meta name=\"twitter:label2\" content=\"Est. reading time\" \/>\n\t<meta name=\"twitter:data2\" content=\"7 minutes\" \/>\n<script type=\"application\/ld+json\" class=\"yoast-schema-graph\">{\"@context\":\"https:\\\/\\\/schema.org\",\"@graph\":[{\"@type\":\"Article\",\"@id\":\"https:\\\/\\\/fjala.info\\\/2009-2015\\\/lidhja-kosovare-e-prof-dr-riza-sadikut\\\/#article\",\"isPartOf\":{\"@id\":\"https:\\\/\\\/fjala.info\\\/2009-2015\\\/lidhja-kosovare-e-prof-dr-riza-sadikut\\\/\"},\"author\":{\"name\":\"admin\",\"@id\":\"https:\\\/\\\/fjala.info\\\/2009-2015\\\/#\\\/schema\\\/person\\\/3aa1163ef05469c496fc94e77611ada2\"},\"headline\":\"\u201cLIDHJA KOSOVARE\u201d e Prof. Dr. Riza Sadikut\",\"datePublished\":\"2010-11-10T21:46:23+00:00\",\"mainEntityOfPage\":{\"@id\":\"https:\\\/\\\/fjala.info\\\/2009-2015\\\/lidhja-kosovare-e-prof-dr-riza-sadikut\\\/\"},\"wordCount\":1440,\"commentCount\":0,\"publisher\":{\"@id\":\"https:\\\/\\\/fjala.info\\\/2009-2015\\\/#organization\"},\"image\":{\"@id\":\"https:\\\/\\\/fjala.info\\\/2009-2015\\\/lidhja-kosovare-e-prof-dr-riza-sadikut\\\/#primaryimage\"},\"thumbnailUrl\":\"http:\\\/\\\/fjala.shkoder.net\\\/wp-content\\\/uploads\\\/2010\\\/11\\\/lidhja_kosovare.jpg\",\"articleSection\":[\"Artikuj\"],\"inLanguage\":\"sq-AL\",\"potentialAction\":[{\"@type\":\"CommentAction\",\"name\":\"Comment\",\"target\":[\"https:\\\/\\\/fjala.info\\\/2009-2015\\\/lidhja-kosovare-e-prof-dr-riza-sadikut\\\/#respond\"]}]},{\"@type\":\"WebPage\",\"@id\":\"https:\\\/\\\/fjala.info\\\/2009-2015\\\/lidhja-kosovare-e-prof-dr-riza-sadikut\\\/\",\"url\":\"https:\\\/\\\/fjala.info\\\/2009-2015\\\/lidhja-kosovare-e-prof-dr-riza-sadikut\\\/\",\"name\":\"\u201cLIDHJA KOSOVARE\u201d e Prof. Dr. Riza Sadikut - FjALA e LIR\u00cb - Arkivi\",\"isPartOf\":{\"@id\":\"https:\\\/\\\/fjala.info\\\/2009-2015\\\/#website\"},\"primaryImageOfPage\":{\"@id\":\"https:\\\/\\\/fjala.info\\\/2009-2015\\\/lidhja-kosovare-e-prof-dr-riza-sadikut\\\/#primaryimage\"},\"image\":{\"@id\":\"https:\\\/\\\/fjala.info\\\/2009-2015\\\/lidhja-kosovare-e-prof-dr-riza-sadikut\\\/#primaryimage\"},\"thumbnailUrl\":\"http:\\\/\\\/fjala.shkoder.net\\\/wp-content\\\/uploads\\\/2010\\\/11\\\/lidhja_kosovare.jpg\",\"datePublished\":\"2010-11-10T21:46:23+00:00\",\"breadcrumb\":{\"@id\":\"https:\\\/\\\/fjala.info\\\/2009-2015\\\/lidhja-kosovare-e-prof-dr-riza-sadikut\\\/#breadcrumb\"},\"inLanguage\":\"sq-AL\",\"potentialAction\":[{\"@type\":\"ReadAction\",\"target\":[\"https:\\\/\\\/fjala.info\\\/2009-2015\\\/lidhja-kosovare-e-prof-dr-riza-sadikut\\\/\"]}]},{\"@type\":\"ImageObject\",\"inLanguage\":\"sq-AL\",\"@id\":\"https:\\\/\\\/fjala.info\\\/2009-2015\\\/lidhja-kosovare-e-prof-dr-riza-sadikut\\\/#primaryimage\",\"url\":\"http:\\\/\\\/fjala.shkoder.net\\\/wp-content\\\/uploads\\\/2010\\\/11\\\/lidhja_kosovare.jpg\",\"contentUrl\":\"http:\\\/\\\/fjala.shkoder.net\\\/wp-content\\\/uploads\\\/2010\\\/11\\\/lidhja_kosovare.jpg\"},{\"@type\":\"BreadcrumbList\",\"@id\":\"https:\\\/\\\/fjala.info\\\/2009-2015\\\/lidhja-kosovare-e-prof-dr-riza-sadikut\\\/#breadcrumb\",\"itemListElement\":[{\"@type\":\"ListItem\",\"position\":1,\"name\":\"Home\",\"item\":\"https:\\\/\\\/fjala.info\\\/2009-2015\\\/\"},{\"@type\":\"ListItem\",\"position\":2,\"name\":\"\u201cLIDHJA KOSOVARE\u201d e Prof. Dr. Riza Sadikut\"}]},{\"@type\":\"WebSite\",\"@id\":\"https:\\\/\\\/fjala.info\\\/2009-2015\\\/#website\",\"url\":\"https:\\\/\\\/fjala.info\\\/2009-2015\\\/\",\"name\":\"FjALA e LIR\u00cb - Arkivi\",\"description\":\"Arkivi 2009-2015\",\"publisher\":{\"@id\":\"https:\\\/\\\/fjala.info\\\/2009-2015\\\/#organization\"},\"potentialAction\":[{\"@type\":\"SearchAction\",\"target\":{\"@type\":\"EntryPoint\",\"urlTemplate\":\"https:\\\/\\\/fjala.info\\\/2009-2015\\\/?s={search_term_string}\"},\"query-input\":{\"@type\":\"PropertyValueSpecification\",\"valueRequired\":true,\"valueName\":\"search_term_string\"}}],\"inLanguage\":\"sq-AL\"},{\"@type\":\"Organization\",\"@id\":\"https:\\\/\\\/fjala.info\\\/2009-2015\\\/#organization\",\"name\":\"FjALA e LIR\u00cb - Arkivi\",\"url\":\"https:\\\/\\\/fjala.info\\\/2009-2015\\\/\",\"logo\":{\"@type\":\"ImageObject\",\"inLanguage\":\"sq-AL\",\"@id\":\"https:\\\/\\\/fjala.info\\\/2009-2015\\\/#\\\/schema\\\/logo\\\/image\\\/\",\"url\":\"\",\"contentUrl\":\"\",\"caption\":\"FjALA e LIR\u00cb - Arkivi\"},\"image\":{\"@id\":\"https:\\\/\\\/fjala.info\\\/2009-2015\\\/#\\\/schema\\\/logo\\\/image\\\/\"}},{\"@type\":\"Person\",\"@id\":\"https:\\\/\\\/fjala.info\\\/2009-2015\\\/#\\\/schema\\\/person\\\/3aa1163ef05469c496fc94e77611ada2\",\"name\":\"admin\",\"image\":{\"@type\":\"ImageObject\",\"inLanguage\":\"sq-AL\",\"@id\":\"https:\\\/\\\/fjala.info\\\/2009-2015\\\/wp-content\\\/uploads\\\/2012\\\/02\\\/arben_cokaj-120x150.jpg\",\"url\":\"https:\\\/\\\/fjala.info\\\/2009-2015\\\/wp-content\\\/uploads\\\/2012\\\/02\\\/arben_cokaj-120x150.jpg\",\"contentUrl\":\"https:\\\/\\\/fjala.info\\\/2009-2015\\\/wp-content\\\/uploads\\\/2012\\\/02\\\/arben_cokaj-120x150.jpg\",\"caption\":\"admin\"},\"description\":\"Admin, Fjala e Lir\u00eb\",\"sameAs\":[\"https:\\\/\\\/fjala.info\\\/\"],\"url\":\"https:\\\/\\\/fjala.info\\\/2009-2015\\\/author\\\/admin\\\/\"}]}<\/script>\n<!-- \/ Yoast SEO plugin. -->","yoast_head_json":{"title":"\u201cLIDHJA KOSOVARE\u201d e Prof. Dr. Riza Sadikut - FjALA e LIR\u00cb - Arkivi","robots":{"index":"index","follow":"follow","max-snippet":"max-snippet:-1","max-image-preview":"max-image-preview:large","max-video-preview":"max-video-preview:-1"},"canonical":"https:\/\/fjala.info\/2009-2015\/lidhja-kosovare-e-prof-dr-riza-sadikut\/","og_locale":"sq_AL","og_type":"article","og_title":"\u201cLIDHJA KOSOVARE\u201d e Prof. Dr. Riza Sadikut - FjALA e LIR\u00cb - Arkivi","og_description":"Nj\u00eb vep\u00ebr e munguar n\u00eb historiografin\u00eb shqiptare t\u00eb luft\u00ebs p\u00ebr liri dhe pavar\u00ebsi nga Tom\u00eb Mrijaj, New York P\u00ebr brezat e rinj shqiptar\u00eb, e n\u00eb ve\u00e7anti t\u00eb atyre kosovar\u00eb, kjo vep\u00ebr e Prof. Dr. Riza Sadikut do t\u00eb mbetet si nj\u00eb zbulim i pa njohur n\u00eb historiografin\u00eb shqiptare i nj\u00eb aktiviteti 50-vje\u00e7ar, t\u00eb zhvilluar n\u00eb [&hellip;]","og_url":"https:\/\/fjala.info\/2009-2015\/lidhja-kosovare-e-prof-dr-riza-sadikut\/","og_site_name":"FjALA e LIR\u00cb - Arkivi","article_published_time":"2010-11-10T21:46:23+00:00","og_image":[{"url":"http:\/\/fjala.shkoder.net\/wp-content\/uploads\/2010\/11\/lidhja_kosovare.jpg","type":"","width":"","height":""}],"author":"admin","twitter_card":"summary_large_image","twitter_misc":{"Written by":"admin","Est. reading time":"7 minutes"},"schema":{"@context":"https:\/\/schema.org","@graph":[{"@type":"Article","@id":"https:\/\/fjala.info\/2009-2015\/lidhja-kosovare-e-prof-dr-riza-sadikut\/#article","isPartOf":{"@id":"https:\/\/fjala.info\/2009-2015\/lidhja-kosovare-e-prof-dr-riza-sadikut\/"},"author":{"name":"admin","@id":"https:\/\/fjala.info\/2009-2015\/#\/schema\/person\/3aa1163ef05469c496fc94e77611ada2"},"headline":"\u201cLIDHJA KOSOVARE\u201d e Prof. Dr. Riza Sadikut","datePublished":"2010-11-10T21:46:23+00:00","mainEntityOfPage":{"@id":"https:\/\/fjala.info\/2009-2015\/lidhja-kosovare-e-prof-dr-riza-sadikut\/"},"wordCount":1440,"commentCount":0,"publisher":{"@id":"https:\/\/fjala.info\/2009-2015\/#organization"},"image":{"@id":"https:\/\/fjala.info\/2009-2015\/lidhja-kosovare-e-prof-dr-riza-sadikut\/#primaryimage"},"thumbnailUrl":"http:\/\/fjala.shkoder.net\/wp-content\/uploads\/2010\/11\/lidhja_kosovare.jpg","articleSection":["Artikuj"],"inLanguage":"sq-AL","potentialAction":[{"@type":"CommentAction","name":"Comment","target":["https:\/\/fjala.info\/2009-2015\/lidhja-kosovare-e-prof-dr-riza-sadikut\/#respond"]}]},{"@type":"WebPage","@id":"https:\/\/fjala.info\/2009-2015\/lidhja-kosovare-e-prof-dr-riza-sadikut\/","url":"https:\/\/fjala.info\/2009-2015\/lidhja-kosovare-e-prof-dr-riza-sadikut\/","name":"\u201cLIDHJA KOSOVARE\u201d e Prof. Dr. Riza Sadikut - FjALA e LIR\u00cb - Arkivi","isPartOf":{"@id":"https:\/\/fjala.info\/2009-2015\/#website"},"primaryImageOfPage":{"@id":"https:\/\/fjala.info\/2009-2015\/lidhja-kosovare-e-prof-dr-riza-sadikut\/#primaryimage"},"image":{"@id":"https:\/\/fjala.info\/2009-2015\/lidhja-kosovare-e-prof-dr-riza-sadikut\/#primaryimage"},"thumbnailUrl":"http:\/\/fjala.shkoder.net\/wp-content\/uploads\/2010\/11\/lidhja_kosovare.jpg","datePublished":"2010-11-10T21:46:23+00:00","breadcrumb":{"@id":"https:\/\/fjala.info\/2009-2015\/lidhja-kosovare-e-prof-dr-riza-sadikut\/#breadcrumb"},"inLanguage":"sq-AL","potentialAction":[{"@type":"ReadAction","target":["https:\/\/fjala.info\/2009-2015\/lidhja-kosovare-e-prof-dr-riza-sadikut\/"]}]},{"@type":"ImageObject","inLanguage":"sq-AL","@id":"https:\/\/fjala.info\/2009-2015\/lidhja-kosovare-e-prof-dr-riza-sadikut\/#primaryimage","url":"http:\/\/fjala.shkoder.net\/wp-content\/uploads\/2010\/11\/lidhja_kosovare.jpg","contentUrl":"http:\/\/fjala.shkoder.net\/wp-content\/uploads\/2010\/11\/lidhja_kosovare.jpg"},{"@type":"BreadcrumbList","@id":"https:\/\/fjala.info\/2009-2015\/lidhja-kosovare-e-prof-dr-riza-sadikut\/#breadcrumb","itemListElement":[{"@type":"ListItem","position":1,"name":"Home","item":"https:\/\/fjala.info\/2009-2015\/"},{"@type":"ListItem","position":2,"name":"\u201cLIDHJA KOSOVARE\u201d e Prof. Dr. Riza Sadikut"}]},{"@type":"WebSite","@id":"https:\/\/fjala.info\/2009-2015\/#website","url":"https:\/\/fjala.info\/2009-2015\/","name":"FjALA e LIR\u00cb - Arkivi","description":"Arkivi 2009-2015","publisher":{"@id":"https:\/\/fjala.info\/2009-2015\/#organization"},"potentialAction":[{"@type":"SearchAction","target":{"@type":"EntryPoint","urlTemplate":"https:\/\/fjala.info\/2009-2015\/?s={search_term_string}"},"query-input":{"@type":"PropertyValueSpecification","valueRequired":true,"valueName":"search_term_string"}}],"inLanguage":"sq-AL"},{"@type":"Organization","@id":"https:\/\/fjala.info\/2009-2015\/#organization","name":"FjALA e LIR\u00cb - Arkivi","url":"https:\/\/fjala.info\/2009-2015\/","logo":{"@type":"ImageObject","inLanguage":"sq-AL","@id":"https:\/\/fjala.info\/2009-2015\/#\/schema\/logo\/image\/","url":"","contentUrl":"","caption":"FjALA e LIR\u00cb - Arkivi"},"image":{"@id":"https:\/\/fjala.info\/2009-2015\/#\/schema\/logo\/image\/"}},{"@type":"Person","@id":"https:\/\/fjala.info\/2009-2015\/#\/schema\/person\/3aa1163ef05469c496fc94e77611ada2","name":"admin","image":{"@type":"ImageObject","inLanguage":"sq-AL","@id":"https:\/\/fjala.info\/2009-2015\/wp-content\/uploads\/2012\/02\/arben_cokaj-120x150.jpg","url":"https:\/\/fjala.info\/2009-2015\/wp-content\/uploads\/2012\/02\/arben_cokaj-120x150.jpg","contentUrl":"https:\/\/fjala.info\/2009-2015\/wp-content\/uploads\/2012\/02\/arben_cokaj-120x150.jpg","caption":"admin"},"description":"Admin, Fjala e Lir\u00eb","sameAs":["https:\/\/fjala.info\/"],"url":"https:\/\/fjala.info\/2009-2015\/author\/admin\/"}]}},"_links":{"self":[{"href":"https:\/\/fjala.info\/2009-2015\/wp-json\/wp\/v2\/posts\/4711","targetHints":{"allow":["GET"]}}],"collection":[{"href":"https:\/\/fjala.info\/2009-2015\/wp-json\/wp\/v2\/posts"}],"about":[{"href":"https:\/\/fjala.info\/2009-2015\/wp-json\/wp\/v2\/types\/post"}],"author":[{"embeddable":true,"href":"https:\/\/fjala.info\/2009-2015\/wp-json\/wp\/v2\/users\/1"}],"replies":[{"embeddable":true,"href":"https:\/\/fjala.info\/2009-2015\/wp-json\/wp\/v2\/comments?post=4711"}],"version-history":[{"count":0,"href":"https:\/\/fjala.info\/2009-2015\/wp-json\/wp\/v2\/posts\/4711\/revisions"}],"wp:attachment":[{"href":"https:\/\/fjala.info\/2009-2015\/wp-json\/wp\/v2\/media?parent=4711"}],"wp:term":[{"taxonomy":"category","embeddable":true,"href":"https:\/\/fjala.info\/2009-2015\/wp-json\/wp\/v2\/categories?post=4711"},{"taxonomy":"post_tag","embeddable":true,"href":"https:\/\/fjala.info\/2009-2015\/wp-json\/wp\/v2\/tags?post=4711"}],"curies":[{"name":"wp","href":"https:\/\/api.w.org\/{rel}","templated":true}]}}