{"id":4706,"date":"2010-11-10T21:52:42","date_gmt":"2010-11-10T20:52:42","guid":{"rendered":"http:\/\/fjala.shkoder.net\/?p=4706"},"modified":"2010-11-10T21:52:42","modified_gmt":"2010-11-10T20:52:42","slug":"berisha-kunder-ke-raporti-i-brukselit-i-pasakte-bregu-na-dhane-hakun","status":"publish","type":"post","link":"https:\/\/fjala.info\/2009-2015\/berisha-kunder-ke-raporti-i-brukselit-i-pasakte-bregu-na-dhane-hakun\/","title":{"rendered":"Berisha kund\u00ebr KE: Raporti i Brukselit, i pasakt\u00eb, Bregu: Na dhan\u00eb hakun"},"content":{"rendered":"<p>Nga <strong>Blerina Gjoka<\/strong><\/p>\n<p>Raporti m\u00eb i fundit i Komisionit Evropian, q\u00eb shoq\u00ebron opinionin negativ p\u00ebr statusin e vendit kandidat p\u00ebr Shqip\u00ebrin\u00eb, ka krijuar \u00e7arjen e par\u00eb n\u00eb qeverin\u00eb shqiptare duke p\u00ebrplasur publikisht kryeministrin me ministren e Integrimit. Kreu i qeveris\u00eb, Sali Berisha, e ka cil\u00ebsuar t\u00eb pasakt\u00eb raportin e Brukselit dhe ka b\u00ebr\u00eb me dije se do i b\u00ebj\u00eb oponenc\u00eb, nd\u00ebrsa ministrja e Integrimit ka deklaruar p\u00ebr BBC-n\u00eb se qeveria e pranon raportin dhe se n\u00eb t\u00eb \u00ebsht\u00eb dh\u00ebn\u00eb haku. Nj\u00eb p\u00ebrplasje publike q\u00eb fsheh ndoshta pas k\u00ebtyre deklaratave nj\u00eb p\u00ebrplasje t\u00eb v\u00ebrtet\u00eb mes kryeministrit dhe ministris\u00eb p\u00ebrgjegj\u00ebse p\u00ebr Integrimin, pasi n\u00eb komentin e kryeministrit shihej qart\u00eb zem\u00ebrimi p\u00ebr administrat\u00ebn e k\u00ebsaj ministrie, e cila mban kontaktet direkt dhe furnizon me informacionin zyrtar zyrat e Brukselit.<\/p>\n<p><strong>Berisha p\u00ebrplaset me Bregun<\/strong><\/p>\n<p>Raportit t\u00eb KE-s\u00eb dhe opinionit negativ p\u00ebr statusin kreu i qeveris\u00eb shqiptare i ka kushtuar nj\u00eb pjes\u00eb shum\u00eb t\u00eb vog\u00ebl n\u00eb fund t\u00eb fjalimit t\u00eb tij dje n\u00eb mbledhjen e qeveris\u00eb. Ai ka preferuar t\u00eb flas\u00eb p\u00ebr liberalizimin e vizave duke e quajtur si pik\u00eb kulminante t\u00eb p\u00ebrpjekjeve t\u00eb integrimit. \u201cP\u00ebrpjekja jon\u00eb e jasht\u00ebzakonshme, p\u00ebr t\u00eb shnd\u00ebrruar n\u00eb realitet, premtimin m\u00eb solemn q\u00eb ne kemi b\u00ebr\u00eb ose mund t\u00eb b\u00ebjm\u00eb ndonj\u00ebher\u00eb, heqjen e vizave p\u00ebr shqiptar\u00ebt, Shqip\u00ebrin\u00eb pa kufij dhe l\u00ebvizjen e lir\u00eb, u realizua,\u201d tha Berisha.<\/p>\n<p>Ai ka marr\u00eb p\u00ebrsip\u00ebr t\u00eb kritikoj\u00eb madje progres- raportin dhe pse m\u00eb par\u00eb pati premtuar se do ta b\u00ebnte axhend\u00eb pune t\u00eb qeveris\u00eb s\u00eb tij. \u201cProcesi i integrimit nuk mund t\u00eb jet\u00eb kurr\u00eb tjet\u00ebr p\u00ebrve\u00e7 se i bazuar n\u00eb merit\u00ebn. Raporti \u00ebsht\u00eb voluminoz. Me zotin Pierre Mirel, duke i shprehur t\u00eb gjitha k\u00ebto konsiderata edhe n\u00eb zyr\u00eb, por edhe publikisht, natyrisht, \u00ebsht\u00eb r\u00ebn\u00eb dakord q\u00eb pasakt\u00ebsit\u00eb ose v\u00ebrejtjet q\u00eb mund t\u00eb p\u00ebrmbaj\u00eb raporti, \u00e7\u00ebshtje t\u00eb cilat mund t\u00eb jen\u00eb t\u00eb pasakta, brenda 4-5 jav\u00ebve do t\u2019ia p\u00ebrcjellim Komisionit, n\u00eb m\u00ebnyr\u00ebn m\u00eb t\u00eb argumentuar. Komisioni Evropian \u00ebsht\u00eb nj\u00eb institucion me t\u00eb cilin ne kemi dialog, komunikim, t\u00ebr\u00ebsisht transparent, por e theksoj se nuk mund t\u00eb jen\u00eb k\u00ebto t\u00eb dytat, n\u00eb asnj\u00eb m\u00ebnyr\u00eb, q\u00eb t\u00eb marrin hap\u00ebsir\u00eb m\u00eb t\u00eb madhe se sa meritojn\u00eb\u201d, tha Berisha para ministrave t\u00eb tij.<\/p>\n<p>Por n\u00eb radio BBC, ministrja Majlinda Bregu, do t\u00eb shprehte nj\u00eb tjet\u00ebr opinion. \u201cPra, nuk mund t\u00eb them sot me gjith\u00eb d\u00ebshir\u00ebn e mir\u00eb q\u00eb do t\u00eb kisha q\u00eb kjo situat\u00eb politike nuk \u00ebsht\u00eb nj\u00eb situat\u00eb, e cila na d\u00ebmtonte, por nuk ndihmon integrimin e vendit n\u00eb BE, \u00ebsht\u00eb shkopi n\u00ebn rrot\u00eb p\u00ebr nj\u00eb debat, i cili mund t\u00eb zgjidhej fare mir\u00eb s\u00eb brendshmi. Por, kemi marr\u00eb nj\u00eb opinion, i cili po t\u00eb shqyrtohet me kujdes me detaje i gjith\u00eb raporti analitik i opinionit, i cili \u00ebsht\u00eb p\u00ebrgatitur p\u00ebr Shqip\u00ebrin\u00eb, ju siguroj sepse kam pasur mund\u00ebsin\u00eb ta lexoj, \u00ebsht\u00eb nj\u00eb opinion, i cili i jep hak\u00ebn dhe vler\u00ebson reformat e marra nga Shqip\u00ebria n\u00eb zbatimin e t\u00eb tre kritereve, qoft\u00eb kriterit politik t\u00eb Kopenhagen, atij ekonomik dhe standardeve\u201d.<\/p>\n<p>Madje Bregu n\u00eb ve\u00e7anti lavd\u00ebron pun\u00ebn e administrat\u00ebs shqiptare dhe ia v\u00eb fajin ng\u00ebr\u00e7it politik p\u00ebr p\u00ebrfundimet negative n\u00eb t\u00eb cilat del ky raport. \u201cNdoshta \u00ebsht\u00eb nj\u00eb gabim i t\u00eb gjith\u00ebve, kemi b\u00ebr\u00eb t\u00eb gjith\u00eb gabim her\u00eb pas here, por nuk mundet q\u00eb nj\u00eb raport t\u00eb shihet me fjali t\u00eb cop\u00ebtuara. N\u00ebse do t\u2019i referohemi administrat\u00ebs publike un\u00eb mund t\u2019ju citoj nj\u00eb paragraf tjet\u00ebr p\u00ebrs\u00ebri n\u00eb hyrje tek qeveria ku thuhet se administrata publike plot\u00ebsoi n\u00eb m\u00ebnyr\u00eb t\u00eb k\u00ebnaqshme t\u00eb gjitha detyrimet q\u00eb rrodh\u00ebn para saj n\u00eb k\u00ebt\u00eb periudh\u00eb t\u00eb monitorimit t\u00eb Shqip\u00ebris\u00eb n\u00eb \u201csatisfactory manner\u201d thuhet cil\u00ebsisht n\u00eb m\u00ebnyr\u00eb t\u00eb k\u00ebnaqshme. Sikurse thuhet q\u00eb Marr\u00ebveshja e Stabilizim- Asociimit \u00ebsht\u00eb nj\u00eb marr\u00ebveshje, e cila \u00ebsht\u00eb zbatuar n\u00eb m\u00ebnyr\u00eb t\u00eb k\u00ebnaqshme pa probleme\u201d, tha ajo p\u00ebr BBC-n\u00eb.<\/p>\n<p>Nd\u00ebrkaq kryeministri nuk ka dh\u00ebn\u00eb ndonj\u00eb sinjal se do t\u00eb b\u00ebj\u00eb ndonj\u00eb hap t\u00eb ri p\u00ebrpara p\u00ebr t\u00eb gjetur zgjidhjen e kriz\u00ebs me opozit\u00ebn, nj\u00eb nga pikat ky KE thekson m\u00eb shum\u00eb kritikat p\u00ebr Shqip\u00ebrin\u00eb. \u201cNatyrisht, duke mbetur gjithnj\u00eb t\u00eb hapur p\u00ebr bashk\u00ebpunim t\u00eb plot\u00eb me opozit\u00ebn, n\u00eb m\u00ebnyr\u00ebn m\u00eb t\u00eb prer\u00eb, ne do t\u00eb b\u00ebjm\u00eb n\u00eb \u00e7do rast dhe n\u00eb \u00e7do rrethan\u00eb q\u00eb ligji t\u00eb q\u00ebndroj\u00eb mbi qeverin\u00eb, q\u00eb ligji t\u00eb q\u00ebndroj\u00eb mbi opozit\u00ebn. K\u00ebtu ne nuk mund t\u00eb b\u00ebjm\u00eb asnj\u00eb kompromis tjet\u00ebr, p\u00ebrve\u00e7 respektit t\u00eb plot\u00eb t\u00eb shtetit ligjor, t\u00eb institucioneve, si kusht themelor i kritereve t\u00eb Kopenhagenit\u201d, tha Berisha, duke i q\u00ebndruar k\u00ebshtu deklaratave t\u00eb m\u00ebparshme.<\/p>\n","protected":false},"excerpt":{"rendered":"<p>Nga Blerina Gjoka Raporti m\u00eb i fundit i Komisionit Evropian, q\u00eb shoq\u00ebron opinionin negativ p\u00ebr statusin e vendit kandidat p\u00ebr Shqip\u00ebrin\u00eb, ka krijuar \u00e7arjen e par\u00eb n\u00eb qeverin\u00eb shqiptare duke p\u00ebrplasur publikisht kryeministrin me ministren e Integrimit. Kreu i qeveris\u00eb, Sali Berisha, e ka cil\u00ebsuar t\u00eb pasakt\u00eb raportin e Brukselit dhe ka b\u00ebr\u00eb me dije [&hellip;]<\/p>\n","protected":false},"author":1,"featured_media":0,"comment_status":"open","ping_status":"closed","sticky":false,"template":"","format":"standard","meta":{"footnotes":""},"categories":[2],"tags":[],"class_list":{"0":"post-4706","1":"post","2":"type-post","3":"status-publish","4":"format-standard","6":"category-artikuj"},"yoast_head":"<!-- This site is optimized with the Yoast SEO plugin v27.4 - https:\/\/yoast.com\/product\/yoast-seo-wordpress\/ -->\n<title>Berisha kund\u00ebr KE: Raporti i Brukselit, i pasakt\u00eb, Bregu: Na dhan\u00eb hakun - FjALA e LIR\u00cb - Arkivi<\/title>\n<meta name=\"robots\" content=\"index, follow, max-snippet:-1, max-image-preview:large, max-video-preview:-1\" \/>\n<link rel=\"canonical\" href=\"https:\/\/fjala.info\/2009-2015\/berisha-kunder-ke-raporti-i-brukselit-i-pasakte-bregu-na-dhane-hakun\/\" \/>\n<meta property=\"og:locale\" content=\"sq_AL\" \/>\n<meta property=\"og:type\" content=\"article\" \/>\n<meta property=\"og:title\" content=\"Berisha kund\u00ebr KE: Raporti i Brukselit, i pasakt\u00eb, Bregu: Na dhan\u00eb hakun - FjALA e LIR\u00cb - Arkivi\" \/>\n<meta property=\"og:description\" content=\"Nga Blerina Gjoka Raporti m\u00eb i fundit i Komisionit Evropian, q\u00eb shoq\u00ebron opinionin negativ p\u00ebr statusin e vendit kandidat p\u00ebr Shqip\u00ebrin\u00eb, ka krijuar \u00e7arjen e par\u00eb n\u00eb qeverin\u00eb shqiptare duke p\u00ebrplasur publikisht kryeministrin me ministren e Integrimit. Kreu i qeveris\u00eb, Sali Berisha, e ka cil\u00ebsuar t\u00eb pasakt\u00eb raportin e Brukselit dhe ka b\u00ebr\u00eb me dije [&hellip;]\" \/>\n<meta property=\"og:url\" content=\"https:\/\/fjala.info\/2009-2015\/berisha-kunder-ke-raporti-i-brukselit-i-pasakte-bregu-na-dhane-hakun\/\" \/>\n<meta property=\"og:site_name\" content=\"FjALA e LIR\u00cb - Arkivi\" \/>\n<meta property=\"article:published_time\" content=\"2010-11-10T20:52:42+00:00\" \/>\n<meta name=\"author\" content=\"admin\" \/>\n<meta name=\"twitter:card\" content=\"summary_large_image\" \/>\n<meta name=\"twitter:label1\" content=\"Written by\" \/>\n\t<meta name=\"twitter:data1\" content=\"admin\" \/>\n\t<meta name=\"twitter:label2\" content=\"Est. reading time\" \/>\n\t<meta name=\"twitter:data2\" content=\"4 minutes\" \/>\n<script type=\"application\/ld+json\" class=\"yoast-schema-graph\">{\"@context\":\"https:\\\/\\\/schema.org\",\"@graph\":[{\"@type\":\"Article\",\"@id\":\"https:\\\/\\\/fjala.info\\\/2009-2015\\\/berisha-kunder-ke-raporti-i-brukselit-i-pasakte-bregu-na-dhane-hakun\\\/#article\",\"isPartOf\":{\"@id\":\"https:\\\/\\\/fjala.info\\\/2009-2015\\\/berisha-kunder-ke-raporti-i-brukselit-i-pasakte-bregu-na-dhane-hakun\\\/\"},\"author\":{\"name\":\"admin\",\"@id\":\"https:\\\/\\\/fjala.info\\\/2009-2015\\\/#\\\/schema\\\/person\\\/3aa1163ef05469c496fc94e77611ada2\"},\"headline\":\"Berisha kund\u00ebr KE: Raporti i Brukselit, i pasakt\u00eb, Bregu: Na dhan\u00eb hakun\",\"datePublished\":\"2010-11-10T20:52:42+00:00\",\"mainEntityOfPage\":{\"@id\":\"https:\\\/\\\/fjala.info\\\/2009-2015\\\/berisha-kunder-ke-raporti-i-brukselit-i-pasakte-bregu-na-dhane-hakun\\\/\"},\"wordCount\":859,\"commentCount\":0,\"publisher\":{\"@id\":\"https:\\\/\\\/fjala.info\\\/2009-2015\\\/#organization\"},\"articleSection\":[\"Artikuj\"],\"inLanguage\":\"sq-AL\",\"potentialAction\":[{\"@type\":\"CommentAction\",\"name\":\"Comment\",\"target\":[\"https:\\\/\\\/fjala.info\\\/2009-2015\\\/berisha-kunder-ke-raporti-i-brukselit-i-pasakte-bregu-na-dhane-hakun\\\/#respond\"]}]},{\"@type\":\"WebPage\",\"@id\":\"https:\\\/\\\/fjala.info\\\/2009-2015\\\/berisha-kunder-ke-raporti-i-brukselit-i-pasakte-bregu-na-dhane-hakun\\\/\",\"url\":\"https:\\\/\\\/fjala.info\\\/2009-2015\\\/berisha-kunder-ke-raporti-i-brukselit-i-pasakte-bregu-na-dhane-hakun\\\/\",\"name\":\"Berisha kund\u00ebr KE: Raporti i Brukselit, i pasakt\u00eb, Bregu: Na dhan\u00eb hakun - FjALA e LIR\u00cb - Arkivi\",\"isPartOf\":{\"@id\":\"https:\\\/\\\/fjala.info\\\/2009-2015\\\/#website\"},\"datePublished\":\"2010-11-10T20:52:42+00:00\",\"breadcrumb\":{\"@id\":\"https:\\\/\\\/fjala.info\\\/2009-2015\\\/berisha-kunder-ke-raporti-i-brukselit-i-pasakte-bregu-na-dhane-hakun\\\/#breadcrumb\"},\"inLanguage\":\"sq-AL\",\"potentialAction\":[{\"@type\":\"ReadAction\",\"target\":[\"https:\\\/\\\/fjala.info\\\/2009-2015\\\/berisha-kunder-ke-raporti-i-brukselit-i-pasakte-bregu-na-dhane-hakun\\\/\"]}]},{\"@type\":\"BreadcrumbList\",\"@id\":\"https:\\\/\\\/fjala.info\\\/2009-2015\\\/berisha-kunder-ke-raporti-i-brukselit-i-pasakte-bregu-na-dhane-hakun\\\/#breadcrumb\",\"itemListElement\":[{\"@type\":\"ListItem\",\"position\":1,\"name\":\"Home\",\"item\":\"https:\\\/\\\/fjala.info\\\/2009-2015\\\/\"},{\"@type\":\"ListItem\",\"position\":2,\"name\":\"Berisha kund\u00ebr KE: Raporti i Brukselit, i pasakt\u00eb, Bregu: Na dhan\u00eb hakun\"}]},{\"@type\":\"WebSite\",\"@id\":\"https:\\\/\\\/fjala.info\\\/2009-2015\\\/#website\",\"url\":\"https:\\\/\\\/fjala.info\\\/2009-2015\\\/\",\"name\":\"FjALA e LIR\u00cb - Arkivi\",\"description\":\"Arkivi 2009-2015\",\"publisher\":{\"@id\":\"https:\\\/\\\/fjala.info\\\/2009-2015\\\/#organization\"},\"potentialAction\":[{\"@type\":\"SearchAction\",\"target\":{\"@type\":\"EntryPoint\",\"urlTemplate\":\"https:\\\/\\\/fjala.info\\\/2009-2015\\\/?s={search_term_string}\"},\"query-input\":{\"@type\":\"PropertyValueSpecification\",\"valueRequired\":true,\"valueName\":\"search_term_string\"}}],\"inLanguage\":\"sq-AL\"},{\"@type\":\"Organization\",\"@id\":\"https:\\\/\\\/fjala.info\\\/2009-2015\\\/#organization\",\"name\":\"FjALA e LIR\u00cb - Arkivi\",\"url\":\"https:\\\/\\\/fjala.info\\\/2009-2015\\\/\",\"logo\":{\"@type\":\"ImageObject\",\"inLanguage\":\"sq-AL\",\"@id\":\"https:\\\/\\\/fjala.info\\\/2009-2015\\\/#\\\/schema\\\/logo\\\/image\\\/\",\"url\":\"\",\"contentUrl\":\"\",\"caption\":\"FjALA e LIR\u00cb - Arkivi\"},\"image\":{\"@id\":\"https:\\\/\\\/fjala.info\\\/2009-2015\\\/#\\\/schema\\\/logo\\\/image\\\/\"}},{\"@type\":\"Person\",\"@id\":\"https:\\\/\\\/fjala.info\\\/2009-2015\\\/#\\\/schema\\\/person\\\/3aa1163ef05469c496fc94e77611ada2\",\"name\":\"admin\",\"image\":{\"@type\":\"ImageObject\",\"inLanguage\":\"sq-AL\",\"@id\":\"https:\\\/\\\/fjala.info\\\/2009-2015\\\/wp-content\\\/uploads\\\/2012\\\/02\\\/arben_cokaj-120x150.jpg\",\"url\":\"https:\\\/\\\/fjala.info\\\/2009-2015\\\/wp-content\\\/uploads\\\/2012\\\/02\\\/arben_cokaj-120x150.jpg\",\"contentUrl\":\"https:\\\/\\\/fjala.info\\\/2009-2015\\\/wp-content\\\/uploads\\\/2012\\\/02\\\/arben_cokaj-120x150.jpg\",\"caption\":\"admin\"},\"description\":\"Admin, Fjala e Lir\u00eb\",\"sameAs\":[\"https:\\\/\\\/fjala.info\\\/\"],\"url\":\"https:\\\/\\\/fjala.info\\\/2009-2015\\\/author\\\/admin\\\/\"}]}<\/script>\n<!-- \/ Yoast SEO plugin. -->","yoast_head_json":{"title":"Berisha kund\u00ebr KE: Raporti i Brukselit, i pasakt\u00eb, Bregu: Na dhan\u00eb hakun - FjALA e LIR\u00cb - Arkivi","robots":{"index":"index","follow":"follow","max-snippet":"max-snippet:-1","max-image-preview":"max-image-preview:large","max-video-preview":"max-video-preview:-1"},"canonical":"https:\/\/fjala.info\/2009-2015\/berisha-kunder-ke-raporti-i-brukselit-i-pasakte-bregu-na-dhane-hakun\/","og_locale":"sq_AL","og_type":"article","og_title":"Berisha kund\u00ebr KE: Raporti i Brukselit, i pasakt\u00eb, Bregu: Na dhan\u00eb hakun - FjALA e LIR\u00cb - Arkivi","og_description":"Nga Blerina Gjoka Raporti m\u00eb i fundit i Komisionit Evropian, q\u00eb shoq\u00ebron opinionin negativ p\u00ebr statusin e vendit kandidat p\u00ebr Shqip\u00ebrin\u00eb, ka krijuar \u00e7arjen e par\u00eb n\u00eb qeverin\u00eb shqiptare duke p\u00ebrplasur publikisht kryeministrin me ministren e Integrimit. Kreu i qeveris\u00eb, Sali Berisha, e ka cil\u00ebsuar t\u00eb pasakt\u00eb raportin e Brukselit dhe ka b\u00ebr\u00eb me dije [&hellip;]","og_url":"https:\/\/fjala.info\/2009-2015\/berisha-kunder-ke-raporti-i-brukselit-i-pasakte-bregu-na-dhane-hakun\/","og_site_name":"FjALA e LIR\u00cb - Arkivi","article_published_time":"2010-11-10T20:52:42+00:00","author":"admin","twitter_card":"summary_large_image","twitter_misc":{"Written by":"admin","Est. reading time":"4 minutes"},"schema":{"@context":"https:\/\/schema.org","@graph":[{"@type":"Article","@id":"https:\/\/fjala.info\/2009-2015\/berisha-kunder-ke-raporti-i-brukselit-i-pasakte-bregu-na-dhane-hakun\/#article","isPartOf":{"@id":"https:\/\/fjala.info\/2009-2015\/berisha-kunder-ke-raporti-i-brukselit-i-pasakte-bregu-na-dhane-hakun\/"},"author":{"name":"admin","@id":"https:\/\/fjala.info\/2009-2015\/#\/schema\/person\/3aa1163ef05469c496fc94e77611ada2"},"headline":"Berisha kund\u00ebr KE: Raporti i Brukselit, i pasakt\u00eb, Bregu: Na dhan\u00eb hakun","datePublished":"2010-11-10T20:52:42+00:00","mainEntityOfPage":{"@id":"https:\/\/fjala.info\/2009-2015\/berisha-kunder-ke-raporti-i-brukselit-i-pasakte-bregu-na-dhane-hakun\/"},"wordCount":859,"commentCount":0,"publisher":{"@id":"https:\/\/fjala.info\/2009-2015\/#organization"},"articleSection":["Artikuj"],"inLanguage":"sq-AL","potentialAction":[{"@type":"CommentAction","name":"Comment","target":["https:\/\/fjala.info\/2009-2015\/berisha-kunder-ke-raporti-i-brukselit-i-pasakte-bregu-na-dhane-hakun\/#respond"]}]},{"@type":"WebPage","@id":"https:\/\/fjala.info\/2009-2015\/berisha-kunder-ke-raporti-i-brukselit-i-pasakte-bregu-na-dhane-hakun\/","url":"https:\/\/fjala.info\/2009-2015\/berisha-kunder-ke-raporti-i-brukselit-i-pasakte-bregu-na-dhane-hakun\/","name":"Berisha kund\u00ebr KE: Raporti i Brukselit, i pasakt\u00eb, Bregu: Na dhan\u00eb hakun - FjALA e LIR\u00cb - Arkivi","isPartOf":{"@id":"https:\/\/fjala.info\/2009-2015\/#website"},"datePublished":"2010-11-10T20:52:42+00:00","breadcrumb":{"@id":"https:\/\/fjala.info\/2009-2015\/berisha-kunder-ke-raporti-i-brukselit-i-pasakte-bregu-na-dhane-hakun\/#breadcrumb"},"inLanguage":"sq-AL","potentialAction":[{"@type":"ReadAction","target":["https:\/\/fjala.info\/2009-2015\/berisha-kunder-ke-raporti-i-brukselit-i-pasakte-bregu-na-dhane-hakun\/"]}]},{"@type":"BreadcrumbList","@id":"https:\/\/fjala.info\/2009-2015\/berisha-kunder-ke-raporti-i-brukselit-i-pasakte-bregu-na-dhane-hakun\/#breadcrumb","itemListElement":[{"@type":"ListItem","position":1,"name":"Home","item":"https:\/\/fjala.info\/2009-2015\/"},{"@type":"ListItem","position":2,"name":"Berisha kund\u00ebr KE: Raporti i Brukselit, i pasakt\u00eb, Bregu: Na dhan\u00eb hakun"}]},{"@type":"WebSite","@id":"https:\/\/fjala.info\/2009-2015\/#website","url":"https:\/\/fjala.info\/2009-2015\/","name":"FjALA e LIR\u00cb - Arkivi","description":"Arkivi 2009-2015","publisher":{"@id":"https:\/\/fjala.info\/2009-2015\/#organization"},"potentialAction":[{"@type":"SearchAction","target":{"@type":"EntryPoint","urlTemplate":"https:\/\/fjala.info\/2009-2015\/?s={search_term_string}"},"query-input":{"@type":"PropertyValueSpecification","valueRequired":true,"valueName":"search_term_string"}}],"inLanguage":"sq-AL"},{"@type":"Organization","@id":"https:\/\/fjala.info\/2009-2015\/#organization","name":"FjALA e LIR\u00cb - Arkivi","url":"https:\/\/fjala.info\/2009-2015\/","logo":{"@type":"ImageObject","inLanguage":"sq-AL","@id":"https:\/\/fjala.info\/2009-2015\/#\/schema\/logo\/image\/","url":"","contentUrl":"","caption":"FjALA e LIR\u00cb - Arkivi"},"image":{"@id":"https:\/\/fjala.info\/2009-2015\/#\/schema\/logo\/image\/"}},{"@type":"Person","@id":"https:\/\/fjala.info\/2009-2015\/#\/schema\/person\/3aa1163ef05469c496fc94e77611ada2","name":"admin","image":{"@type":"ImageObject","inLanguage":"sq-AL","@id":"https:\/\/fjala.info\/2009-2015\/wp-content\/uploads\/2012\/02\/arben_cokaj-120x150.jpg","url":"https:\/\/fjala.info\/2009-2015\/wp-content\/uploads\/2012\/02\/arben_cokaj-120x150.jpg","contentUrl":"https:\/\/fjala.info\/2009-2015\/wp-content\/uploads\/2012\/02\/arben_cokaj-120x150.jpg","caption":"admin"},"description":"Admin, Fjala e Lir\u00eb","sameAs":["https:\/\/fjala.info\/"],"url":"https:\/\/fjala.info\/2009-2015\/author\/admin\/"}]}},"_links":{"self":[{"href":"https:\/\/fjala.info\/2009-2015\/wp-json\/wp\/v2\/posts\/4706","targetHints":{"allow":["GET"]}}],"collection":[{"href":"https:\/\/fjala.info\/2009-2015\/wp-json\/wp\/v2\/posts"}],"about":[{"href":"https:\/\/fjala.info\/2009-2015\/wp-json\/wp\/v2\/types\/post"}],"author":[{"embeddable":true,"href":"https:\/\/fjala.info\/2009-2015\/wp-json\/wp\/v2\/users\/1"}],"replies":[{"embeddable":true,"href":"https:\/\/fjala.info\/2009-2015\/wp-json\/wp\/v2\/comments?post=4706"}],"version-history":[{"count":0,"href":"https:\/\/fjala.info\/2009-2015\/wp-json\/wp\/v2\/posts\/4706\/revisions"}],"wp:attachment":[{"href":"https:\/\/fjala.info\/2009-2015\/wp-json\/wp\/v2\/media?parent=4706"}],"wp:term":[{"taxonomy":"category","embeddable":true,"href":"https:\/\/fjala.info\/2009-2015\/wp-json\/wp\/v2\/categories?post=4706"},{"taxonomy":"post_tag","embeddable":true,"href":"https:\/\/fjala.info\/2009-2015\/wp-json\/wp\/v2\/tags?post=4706"}],"curies":[{"name":"wp","href":"https:\/\/api.w.org\/{rel}","templated":true}]}}