{"id":4704,"date":"2010-11-10T21:51:08","date_gmt":"2010-11-10T20:51:08","guid":{"rendered":"http:\/\/fjala.shkoder.net\/?p=4704"},"modified":"2010-11-10T21:51:08","modified_gmt":"2010-11-10T20:51:08","slug":"jozefina-topalli-si-nuk-drejtohet-nje-kuvend","status":"publish","type":"post","link":"https:\/\/fjala.info\/2009-2015\/jozefina-topalli-si-nuk-drejtohet-nje-kuvend\/","title":{"rendered":"Jozefina Topalli, si nuk drejtohet nj\u00eb Kuvend"},"content":{"rendered":"<p>Nga <strong>Blerina Gjoka<\/strong><\/p>\n<p>P\u00ebr her\u00eb t\u00eb par\u00eb n\u00eb nj\u00eb progres-raport t\u00eb Komisionit Evropian p\u00ebr Shqip\u00ebrin\u00eb, n\u00eb kritikat q\u00eb i b\u00ebhen institucioneve, p\u00ebrmendet me em\u00ebr dhe kritikohet, t\u00eb pakt\u00ebn n\u00eb nj\u00eb paragraf t\u00eb plot\u00eb, nj\u00eb titullar institucioni. Zakonisht zyrtar\u00ebt evropian\u00eb ruajn\u00eb nj\u00eb lloj etike dhe gjuhe diplomatike n\u00eb kritikat e tyre, duke u rezervuar n\u00eb emrat konkret\u00eb e duke ecur gjithmon\u00eb me motivin \u201ck\u00ebmbanat bien p\u00ebr ata q\u00eb kan\u00eb vesh\u00eb\u201d. Por, n\u00eb raportin e s\u00eb mart\u00ebs, ata s\u2019jan\u00eb mjaftuar me tam-tam-et e daulles kur kan\u00eb kritikuar funksionimin e Kuvendit t\u00eb Shqip\u00ebris\u00eb, por kan\u00eb etiketuar Kryetaren e Kuvendit Jozefina Topalli si problemin kryesor t\u00eb k\u00ebtij institucioni deri n\u00eb konstatimin se \u00ebsht\u00eb shkelur Kushtetuta e vendit nga drejtimi i saj. Komisioni Evropian ka par\u00eb nga rekordet e pun\u00ebs s\u00eb zonj\u00ebs Topalli nj\u00eb shembull konkret se si nuk duhet drejtuar nj\u00eb parlament i nj\u00eb vendi demokratik.<\/p>\n<p>Nga raporti, i shkruar e zez\u00eb mbi t\u00eb bardh\u00eb dhe me nj\u00eb gjuh\u00eb q\u00eb Zonja Topalli e flet mir\u00eb, kuptohet se Kuvendi i Shqip\u00ebris\u00eb k\u00ebtyre zot\u00ebrinjve evropian\u00eb vet\u00ebm si nj\u00eb Kuvend nuk u ngjan. N\u00eb k\u00ebt\u00eb Kuvend q\u00eb e drejton prej 5 vitesh n\u00ebnkryetarja e PD-s\u00eb, nuk ka kontroll mbi ekzekutivin, axhenda e pun\u00ebs vendoset nga kryetarja dhe jo nga forumi i zgjedhur p\u00ebr k\u00ebt\u00eb pun\u00eb, prodhon ligje me standard t\u00eb ul\u00ebt, q\u00eb rr\u00ebzohen m\u00eb pas nga Gjykata Kushtetuese, dhe ajo q\u00eb \u00ebsht\u00eb m\u00eb e r\u00ebnda shkelet Kushtetuta e vendit.<\/p>\n<p>Me pak fjal\u00eb, p\u00ebrfytyrimi q\u00eb Brukseli ka p\u00ebr Kuvendin e nj\u00eb republike parlamentare si kjo e jona, \u00ebsht\u00eb si nj\u00eb kuvend privat apo nj\u00eb biznes personal i Jozefina Topallit. Citojm\u00eb konkretisht: \u201cPozicioni i kryetares s\u00eb parlamentit \u00ebsht\u00eb keqp\u00ebrdorur, n\u00eb ve\u00e7anti duke ushtruar influenc\u00eb disproporcionale n\u00eb vendosjen e nj\u00eb agjende legjislative afat-shkurt\u00ebr, ndryshe nga vendimet e p\u00ebrbashk\u00ebta t\u00eb konferenc\u00ebs s\u00eb kryetar\u00ebve. &#8211; Politizimi i administrat\u00ebs s\u00eb parlamentit dhe stafit t\u00eb ekspert\u00ebve \u00ebsht\u00eb i d\u00ebmsh\u00ebm p\u00ebr organizimin e p\u00ebrgjithsh\u00ebm t\u00eb aktiviteteve. &#8211; Pavar\u00ebsisht parashikimeve kushtetuese, ka munges\u00eb t\u00eb kontrollit efektiv t\u00eb parlamentit mbi ekzekutivin dhe parlamenti nuk funksionon si nj\u00eb organ i pavarur. &#8211; Cil\u00ebsia e ligjeve t\u00eb kaluara nuk ka qen\u00eb gjithmon\u00eb e nj\u00eb standardi t\u00eb p\u00ebrshtatsh\u00ebm\u201d.<\/p>\n<p>Nj\u00eb dit\u00eb pas publikimit t\u00eb raportit, Topalli nuk shfaqi asnj\u00eb shenj\u00eb se e kishte lexuar at\u00eb, por n\u00eb t\u00eb kund\u00ebrt i paraqiti Drejtorit p\u00ebr Zgjerim p\u00ebr Ballkanin Per\u00ebndimor n\u00eb KE, z. Pierre Mirel, statistika t\u00eb ligjeve e konventave q\u00eb jan\u00eb kaluar pa pranin\u00eb e opozit\u00ebs. \u201cPavar\u00ebsisht nga sfidat q\u00eb ka pasur Kuvendi dhe nga v\u00ebshtir\u00ebsit\u00eb e krijuara nga bojkoti, me durim dhe vullnet t\u00eb pal\u00ebkundur bashk\u00eb me shumic\u00ebn e deputet\u00ebve, \u00ebsht\u00eb arritur q\u00eb gjat\u00eb nj\u00eb viti t\u00eb miratohen 300 ligje, vendime dhe rezoluta, t\u00eb cilat kan\u00eb b\u00ebr\u00eb t\u00eb mundur q\u00eb 27 vendet an\u00ebtare t\u00eb Bashkimit Evropian t\u00eb vendosin n\u00eb m\u00ebnyr\u00eb unanime, heqjen e vizave p\u00ebr shqiptar\u00ebt,\u201d tha Topalli.<\/p>\n<p>Topalli \u00ebsht\u00eb nj\u00eb nga figurat kryesore t\u00eb partis\u00eb n\u00eb pushtet, PD-s\u00eb. Ajo i ka rezistuar dy her\u00eb mocioneve t\u00eb opozit\u00ebs n\u00eb mandatin e saj t\u00eb par\u00eb, momente q\u00eb i dhan\u00eb m\u00eb shum\u00eb d\u00ebshir\u00eb p\u00ebr t\u2019u shfaqur si nj\u00eb personazh i fort\u00eb i mazhoranc\u00ebs. Gjat\u00eb q\u00ebndrimit n\u00eb krye t\u00eb Kuvendit i vuri vetes detyr\u00eb q\u00eb t\u00eb mos mbyllet n\u00eb zyr\u00eb dhe t\u00eb pres\u00eb seanc\u00ebn e radh\u00ebs, por ta p\u00ebrdor\u00eb k\u00ebt\u00eb post si nj\u00eb m\u00ebnyr\u00eb p\u00ebr t\u00eb promovuar veten n\u00eb aren\u00ebn politike n\u00eb vend dhe at\u00eb nd\u00ebrkomb\u00ebtare. Ajo shpiku termin \u201cdiplomaci parlamentare\u201d p\u00ebr t\u00eb justifikuar n\u00eb fakt rolin q\u00eb mori si nj\u00eb ministre e Jashtme me vizita jasht\u00eb vendit e takime pa fund me personalitete nd\u00ebrkomb\u00ebtare, ku fliste p\u00ebr pavar\u00ebsin\u00eb e Kosov\u00ebs dhe integrimin e vendit n\u00eb BE.<\/p>\n<p>Mund t\u00eb jet\u00eb kryeparlamentarja q\u00eb ka udh\u00ebtuar m\u00eb shum\u00eb jasht\u00eb shtetit, duke ia kaluar pa frike jo vet\u00ebm ministrit t\u00eb Jasht\u00ebm, por dhe kryeministrit, me t\u00eb cilin p\u00ebr hir t\u00eb s\u00eb v\u00ebrtet\u00ebs shfaq marr\u00ebdh\u00ebnie shum\u00eb t\u00eb mira. E nj\u00ebjta gj\u00eb s\u2019mund t\u00eb thuhet dhe p\u00ebr marr\u00ebdh\u00ebniet e saj me presidentin e Republik\u00ebs, Bamir Topi, me t\u00eb cilin ndante divergjenca q\u00ebkur ishin n\u00eb nj\u00eb parti, nd\u00ebrsa tani nuk kan\u00eb fare komunikim si dy nga zyrtar\u00ebt m\u00eb t\u00eb lart\u00eb t\u00eb shtetit. Brenda partis\u00eb, ku \u00ebsht\u00eb numri dy p\u00ebr nga hierarkia strukturore, ka ndikim n\u00eb vendimmarrje t\u00eb r\u00ebnd\u00ebsishme dhe pse ato jan\u00eb n\u00eb nj\u00eb linj\u00eb me d\u00ebshir\u00ebn e kryetarit Berisha.<\/p>\n<p>Asaj i atribuohet \u201cspastrimi\u201d i partis\u00eb nga njer\u00ebzit e Topit, t\u00eb cil\u00ebt nuk u kandiduan p\u00ebr deputet\u00eb n\u00eb vitin 2009, apo n\u00eb \u201cnd\u00ebshkimin\u201d e kritizer\u00ebve n\u00eb m\u00ebnyr\u00eb t\u00eb hapur pa kok\u00eb\u00e7arje p\u00ebr pasojat, si\u00e7 ishte rasti i shkarkimit t\u00eb Aleksand\u00ebr Biberajt nga detyra q\u00eb mbante n\u00eb K\u00ebshillin e Evrop\u00ebs. Ardhja e t\u00eb rinjve pran\u00eb PD-s\u00eb n\u00eb vitin 2005 dhe katapultimi i tyre n\u00eb poste t\u00eb larta partiake dhe ekzekutive ka shfaqur her\u00eb pas her\u00eb shenja ankthi tek \u201cgruaja e hekurt\u201d e PD-s\u00eb dhe si\u00e7 flitet r\u00ebndom n\u00eb korridoret e k\u00ebsaj partie ajo i ka par\u00eb ata si rrezik permanent p\u00ebr t\u00eb ardhmen e saj n\u00eb krye t\u00eb partis\u00eb, ve\u00e7an\u00ebrisht Lul\u00ebzim Bash\u00ebn, i cili vazhdon t\u00eb jet\u00eb q\u00eb prej 2005-\u00ebs kanakari i Berish\u00ebs.<\/p>\n<p>Jozefina Topallit i p\u00eblqen shum\u00eb t\u00eb flas\u00eb p\u00ebr Evrop\u00ebn dhe n\u00eb gjuh\u00ebn e saj mbizot\u00ebron teza e integrimit t\u00eb Shqip\u00ebris\u00eb n\u00eb Evrop\u00eb, q\u00eb r\u00ebndom ajo e quan \u00ebndrra m\u00eb e madhe e Shqiptar\u00ebve, ambicia m\u00eb sfiduese e mazhoranc\u00ebs, etj, por n\u00eb k\u00ebt\u00eb moment do t\u00eb ishte e nevojshme ndoshta p\u00ebr karrier\u00ebn e saj politike q\u00eb lexonte at\u00eb \u00e7far\u00eb Evropa thot\u00eb p\u00ebr Topallin dhe pun\u00ebn e saj.<\/p>\n","protected":false},"excerpt":{"rendered":"<p>Nga Blerina Gjoka P\u00ebr her\u00eb t\u00eb par\u00eb n\u00eb nj\u00eb progres-raport t\u00eb Komisionit Evropian p\u00ebr Shqip\u00ebrin\u00eb, n\u00eb kritikat q\u00eb i b\u00ebhen institucioneve, p\u00ebrmendet me em\u00ebr dhe kritikohet, t\u00eb pakt\u00ebn n\u00eb nj\u00eb paragraf t\u00eb plot\u00eb, nj\u00eb titullar institucioni. Zakonisht zyrtar\u00ebt evropian\u00eb ruajn\u00eb nj\u00eb lloj etike dhe gjuhe diplomatike n\u00eb kritikat e tyre, duke u rezervuar n\u00eb emrat [&hellip;]<\/p>\n","protected":false},"author":1,"featured_media":0,"comment_status":"open","ping_status":"closed","sticky":false,"template":"","format":"standard","meta":{"footnotes":""},"categories":[2],"tags":[],"class_list":{"0":"post-4704","1":"post","2":"type-post","3":"status-publish","4":"format-standard","6":"category-artikuj"},"yoast_head":"<!-- This site is optimized with the Yoast SEO plugin v27.4 - https:\/\/yoast.com\/product\/yoast-seo-wordpress\/ -->\n<title>Jozefina Topalli, si nuk drejtohet nj\u00eb Kuvend - FjALA e LIR\u00cb - Arkivi<\/title>\n<meta name=\"robots\" content=\"index, follow, max-snippet:-1, max-image-preview:large, max-video-preview:-1\" \/>\n<link rel=\"canonical\" href=\"https:\/\/fjala.info\/2009-2015\/jozefina-topalli-si-nuk-drejtohet-nje-kuvend\/\" \/>\n<meta property=\"og:locale\" content=\"sq_AL\" \/>\n<meta property=\"og:type\" content=\"article\" \/>\n<meta property=\"og:title\" content=\"Jozefina Topalli, si nuk drejtohet nj\u00eb Kuvend - FjALA e LIR\u00cb - Arkivi\" \/>\n<meta property=\"og:description\" content=\"Nga Blerina Gjoka P\u00ebr her\u00eb t\u00eb par\u00eb n\u00eb nj\u00eb progres-raport t\u00eb Komisionit Evropian p\u00ebr Shqip\u00ebrin\u00eb, n\u00eb kritikat q\u00eb i b\u00ebhen institucioneve, p\u00ebrmendet me em\u00ebr dhe kritikohet, t\u00eb pakt\u00ebn n\u00eb nj\u00eb paragraf t\u00eb plot\u00eb, nj\u00eb titullar institucioni. Zakonisht zyrtar\u00ebt evropian\u00eb ruajn\u00eb nj\u00eb lloj etike dhe gjuhe diplomatike n\u00eb kritikat e tyre, duke u rezervuar n\u00eb emrat [&hellip;]\" \/>\n<meta property=\"og:url\" content=\"https:\/\/fjala.info\/2009-2015\/jozefina-topalli-si-nuk-drejtohet-nje-kuvend\/\" \/>\n<meta property=\"og:site_name\" content=\"FjALA e LIR\u00cb - Arkivi\" \/>\n<meta property=\"article:published_time\" content=\"2010-11-10T20:51:08+00:00\" \/>\n<meta name=\"author\" content=\"admin\" \/>\n<meta name=\"twitter:card\" content=\"summary_large_image\" \/>\n<meta name=\"twitter:label1\" content=\"Written by\" \/>\n\t<meta name=\"twitter:data1\" content=\"admin\" \/>\n\t<meta name=\"twitter:label2\" content=\"Est. reading time\" \/>\n\t<meta name=\"twitter:data2\" content=\"5 minutes\" \/>\n<script type=\"application\/ld+json\" class=\"yoast-schema-graph\">{\"@context\":\"https:\\\/\\\/schema.org\",\"@graph\":[{\"@type\":\"Article\",\"@id\":\"https:\\\/\\\/fjala.info\\\/2009-2015\\\/jozefina-topalli-si-nuk-drejtohet-nje-kuvend\\\/#article\",\"isPartOf\":{\"@id\":\"https:\\\/\\\/fjala.info\\\/2009-2015\\\/jozefina-topalli-si-nuk-drejtohet-nje-kuvend\\\/\"},\"author\":{\"name\":\"admin\",\"@id\":\"https:\\\/\\\/fjala.info\\\/2009-2015\\\/#\\\/schema\\\/person\\\/3aa1163ef05469c496fc94e77611ada2\"},\"headline\":\"Jozefina Topalli, si nuk drejtohet nj\u00eb Kuvend\",\"datePublished\":\"2010-11-10T20:51:08+00:00\",\"mainEntityOfPage\":{\"@id\":\"https:\\\/\\\/fjala.info\\\/2009-2015\\\/jozefina-topalli-si-nuk-drejtohet-nje-kuvend\\\/\"},\"wordCount\":1020,\"commentCount\":0,\"publisher\":{\"@id\":\"https:\\\/\\\/fjala.info\\\/2009-2015\\\/#organization\"},\"articleSection\":[\"Artikuj\"],\"inLanguage\":\"sq-AL\",\"potentialAction\":[{\"@type\":\"CommentAction\",\"name\":\"Comment\",\"target\":[\"https:\\\/\\\/fjala.info\\\/2009-2015\\\/jozefina-topalli-si-nuk-drejtohet-nje-kuvend\\\/#respond\"]}]},{\"@type\":\"WebPage\",\"@id\":\"https:\\\/\\\/fjala.info\\\/2009-2015\\\/jozefina-topalli-si-nuk-drejtohet-nje-kuvend\\\/\",\"url\":\"https:\\\/\\\/fjala.info\\\/2009-2015\\\/jozefina-topalli-si-nuk-drejtohet-nje-kuvend\\\/\",\"name\":\"Jozefina Topalli, si nuk drejtohet nj\u00eb Kuvend - FjALA e LIR\u00cb - Arkivi\",\"isPartOf\":{\"@id\":\"https:\\\/\\\/fjala.info\\\/2009-2015\\\/#website\"},\"datePublished\":\"2010-11-10T20:51:08+00:00\",\"breadcrumb\":{\"@id\":\"https:\\\/\\\/fjala.info\\\/2009-2015\\\/jozefina-topalli-si-nuk-drejtohet-nje-kuvend\\\/#breadcrumb\"},\"inLanguage\":\"sq-AL\",\"potentialAction\":[{\"@type\":\"ReadAction\",\"target\":[\"https:\\\/\\\/fjala.info\\\/2009-2015\\\/jozefina-topalli-si-nuk-drejtohet-nje-kuvend\\\/\"]}]},{\"@type\":\"BreadcrumbList\",\"@id\":\"https:\\\/\\\/fjala.info\\\/2009-2015\\\/jozefina-topalli-si-nuk-drejtohet-nje-kuvend\\\/#breadcrumb\",\"itemListElement\":[{\"@type\":\"ListItem\",\"position\":1,\"name\":\"Home\",\"item\":\"https:\\\/\\\/fjala.info\\\/2009-2015\\\/\"},{\"@type\":\"ListItem\",\"position\":2,\"name\":\"Jozefina Topalli, si nuk drejtohet nj\u00eb Kuvend\"}]},{\"@type\":\"WebSite\",\"@id\":\"https:\\\/\\\/fjala.info\\\/2009-2015\\\/#website\",\"url\":\"https:\\\/\\\/fjala.info\\\/2009-2015\\\/\",\"name\":\"FjALA e LIR\u00cb - Arkivi\",\"description\":\"Arkivi 2009-2015\",\"publisher\":{\"@id\":\"https:\\\/\\\/fjala.info\\\/2009-2015\\\/#organization\"},\"potentialAction\":[{\"@type\":\"SearchAction\",\"target\":{\"@type\":\"EntryPoint\",\"urlTemplate\":\"https:\\\/\\\/fjala.info\\\/2009-2015\\\/?s={search_term_string}\"},\"query-input\":{\"@type\":\"PropertyValueSpecification\",\"valueRequired\":true,\"valueName\":\"search_term_string\"}}],\"inLanguage\":\"sq-AL\"},{\"@type\":\"Organization\",\"@id\":\"https:\\\/\\\/fjala.info\\\/2009-2015\\\/#organization\",\"name\":\"FjALA e LIR\u00cb - Arkivi\",\"url\":\"https:\\\/\\\/fjala.info\\\/2009-2015\\\/\",\"logo\":{\"@type\":\"ImageObject\",\"inLanguage\":\"sq-AL\",\"@id\":\"https:\\\/\\\/fjala.info\\\/2009-2015\\\/#\\\/schema\\\/logo\\\/image\\\/\",\"url\":\"\",\"contentUrl\":\"\",\"caption\":\"FjALA e LIR\u00cb - Arkivi\"},\"image\":{\"@id\":\"https:\\\/\\\/fjala.info\\\/2009-2015\\\/#\\\/schema\\\/logo\\\/image\\\/\"}},{\"@type\":\"Person\",\"@id\":\"https:\\\/\\\/fjala.info\\\/2009-2015\\\/#\\\/schema\\\/person\\\/3aa1163ef05469c496fc94e77611ada2\",\"name\":\"admin\",\"image\":{\"@type\":\"ImageObject\",\"inLanguage\":\"sq-AL\",\"@id\":\"https:\\\/\\\/fjala.info\\\/2009-2015\\\/wp-content\\\/uploads\\\/2012\\\/02\\\/arben_cokaj-120x150.jpg\",\"url\":\"https:\\\/\\\/fjala.info\\\/2009-2015\\\/wp-content\\\/uploads\\\/2012\\\/02\\\/arben_cokaj-120x150.jpg\",\"contentUrl\":\"https:\\\/\\\/fjala.info\\\/2009-2015\\\/wp-content\\\/uploads\\\/2012\\\/02\\\/arben_cokaj-120x150.jpg\",\"caption\":\"admin\"},\"description\":\"Admin, Fjala e Lir\u00eb\",\"sameAs\":[\"https:\\\/\\\/fjala.info\\\/\"],\"url\":\"https:\\\/\\\/fjala.info\\\/2009-2015\\\/author\\\/admin\\\/\"}]}<\/script>\n<!-- \/ Yoast SEO plugin. -->","yoast_head_json":{"title":"Jozefina Topalli, si nuk drejtohet nj\u00eb Kuvend - FjALA e LIR\u00cb - Arkivi","robots":{"index":"index","follow":"follow","max-snippet":"max-snippet:-1","max-image-preview":"max-image-preview:large","max-video-preview":"max-video-preview:-1"},"canonical":"https:\/\/fjala.info\/2009-2015\/jozefina-topalli-si-nuk-drejtohet-nje-kuvend\/","og_locale":"sq_AL","og_type":"article","og_title":"Jozefina Topalli, si nuk drejtohet nj\u00eb Kuvend - FjALA e LIR\u00cb - Arkivi","og_description":"Nga Blerina Gjoka P\u00ebr her\u00eb t\u00eb par\u00eb n\u00eb nj\u00eb progres-raport t\u00eb Komisionit Evropian p\u00ebr Shqip\u00ebrin\u00eb, n\u00eb kritikat q\u00eb i b\u00ebhen institucioneve, p\u00ebrmendet me em\u00ebr dhe kritikohet, t\u00eb pakt\u00ebn n\u00eb nj\u00eb paragraf t\u00eb plot\u00eb, nj\u00eb titullar institucioni. Zakonisht zyrtar\u00ebt evropian\u00eb ruajn\u00eb nj\u00eb lloj etike dhe gjuhe diplomatike n\u00eb kritikat e tyre, duke u rezervuar n\u00eb emrat [&hellip;]","og_url":"https:\/\/fjala.info\/2009-2015\/jozefina-topalli-si-nuk-drejtohet-nje-kuvend\/","og_site_name":"FjALA e LIR\u00cb - Arkivi","article_published_time":"2010-11-10T20:51:08+00:00","author":"admin","twitter_card":"summary_large_image","twitter_misc":{"Written by":"admin","Est. reading time":"5 minutes"},"schema":{"@context":"https:\/\/schema.org","@graph":[{"@type":"Article","@id":"https:\/\/fjala.info\/2009-2015\/jozefina-topalli-si-nuk-drejtohet-nje-kuvend\/#article","isPartOf":{"@id":"https:\/\/fjala.info\/2009-2015\/jozefina-topalli-si-nuk-drejtohet-nje-kuvend\/"},"author":{"name":"admin","@id":"https:\/\/fjala.info\/2009-2015\/#\/schema\/person\/3aa1163ef05469c496fc94e77611ada2"},"headline":"Jozefina Topalli, si nuk drejtohet nj\u00eb Kuvend","datePublished":"2010-11-10T20:51:08+00:00","mainEntityOfPage":{"@id":"https:\/\/fjala.info\/2009-2015\/jozefina-topalli-si-nuk-drejtohet-nje-kuvend\/"},"wordCount":1020,"commentCount":0,"publisher":{"@id":"https:\/\/fjala.info\/2009-2015\/#organization"},"articleSection":["Artikuj"],"inLanguage":"sq-AL","potentialAction":[{"@type":"CommentAction","name":"Comment","target":["https:\/\/fjala.info\/2009-2015\/jozefina-topalli-si-nuk-drejtohet-nje-kuvend\/#respond"]}]},{"@type":"WebPage","@id":"https:\/\/fjala.info\/2009-2015\/jozefina-topalli-si-nuk-drejtohet-nje-kuvend\/","url":"https:\/\/fjala.info\/2009-2015\/jozefina-topalli-si-nuk-drejtohet-nje-kuvend\/","name":"Jozefina Topalli, si nuk drejtohet nj\u00eb Kuvend - FjALA e LIR\u00cb - Arkivi","isPartOf":{"@id":"https:\/\/fjala.info\/2009-2015\/#website"},"datePublished":"2010-11-10T20:51:08+00:00","breadcrumb":{"@id":"https:\/\/fjala.info\/2009-2015\/jozefina-topalli-si-nuk-drejtohet-nje-kuvend\/#breadcrumb"},"inLanguage":"sq-AL","potentialAction":[{"@type":"ReadAction","target":["https:\/\/fjala.info\/2009-2015\/jozefina-topalli-si-nuk-drejtohet-nje-kuvend\/"]}]},{"@type":"BreadcrumbList","@id":"https:\/\/fjala.info\/2009-2015\/jozefina-topalli-si-nuk-drejtohet-nje-kuvend\/#breadcrumb","itemListElement":[{"@type":"ListItem","position":1,"name":"Home","item":"https:\/\/fjala.info\/2009-2015\/"},{"@type":"ListItem","position":2,"name":"Jozefina Topalli, si nuk drejtohet nj\u00eb Kuvend"}]},{"@type":"WebSite","@id":"https:\/\/fjala.info\/2009-2015\/#website","url":"https:\/\/fjala.info\/2009-2015\/","name":"FjALA e LIR\u00cb - Arkivi","description":"Arkivi 2009-2015","publisher":{"@id":"https:\/\/fjala.info\/2009-2015\/#organization"},"potentialAction":[{"@type":"SearchAction","target":{"@type":"EntryPoint","urlTemplate":"https:\/\/fjala.info\/2009-2015\/?s={search_term_string}"},"query-input":{"@type":"PropertyValueSpecification","valueRequired":true,"valueName":"search_term_string"}}],"inLanguage":"sq-AL"},{"@type":"Organization","@id":"https:\/\/fjala.info\/2009-2015\/#organization","name":"FjALA e LIR\u00cb - Arkivi","url":"https:\/\/fjala.info\/2009-2015\/","logo":{"@type":"ImageObject","inLanguage":"sq-AL","@id":"https:\/\/fjala.info\/2009-2015\/#\/schema\/logo\/image\/","url":"","contentUrl":"","caption":"FjALA e LIR\u00cb - Arkivi"},"image":{"@id":"https:\/\/fjala.info\/2009-2015\/#\/schema\/logo\/image\/"}},{"@type":"Person","@id":"https:\/\/fjala.info\/2009-2015\/#\/schema\/person\/3aa1163ef05469c496fc94e77611ada2","name":"admin","image":{"@type":"ImageObject","inLanguage":"sq-AL","@id":"https:\/\/fjala.info\/2009-2015\/wp-content\/uploads\/2012\/02\/arben_cokaj-120x150.jpg","url":"https:\/\/fjala.info\/2009-2015\/wp-content\/uploads\/2012\/02\/arben_cokaj-120x150.jpg","contentUrl":"https:\/\/fjala.info\/2009-2015\/wp-content\/uploads\/2012\/02\/arben_cokaj-120x150.jpg","caption":"admin"},"description":"Admin, Fjala e Lir\u00eb","sameAs":["https:\/\/fjala.info\/"],"url":"https:\/\/fjala.info\/2009-2015\/author\/admin\/"}]}},"_links":{"self":[{"href":"https:\/\/fjala.info\/2009-2015\/wp-json\/wp\/v2\/posts\/4704","targetHints":{"allow":["GET"]}}],"collection":[{"href":"https:\/\/fjala.info\/2009-2015\/wp-json\/wp\/v2\/posts"}],"about":[{"href":"https:\/\/fjala.info\/2009-2015\/wp-json\/wp\/v2\/types\/post"}],"author":[{"embeddable":true,"href":"https:\/\/fjala.info\/2009-2015\/wp-json\/wp\/v2\/users\/1"}],"replies":[{"embeddable":true,"href":"https:\/\/fjala.info\/2009-2015\/wp-json\/wp\/v2\/comments?post=4704"}],"version-history":[{"count":0,"href":"https:\/\/fjala.info\/2009-2015\/wp-json\/wp\/v2\/posts\/4704\/revisions"}],"wp:attachment":[{"href":"https:\/\/fjala.info\/2009-2015\/wp-json\/wp\/v2\/media?parent=4704"}],"wp:term":[{"taxonomy":"category","embeddable":true,"href":"https:\/\/fjala.info\/2009-2015\/wp-json\/wp\/v2\/categories?post=4704"},{"taxonomy":"post_tag","embeddable":true,"href":"https:\/\/fjala.info\/2009-2015\/wp-json\/wp\/v2\/tags?post=4704"}],"curies":[{"name":"wp","href":"https:\/\/api.w.org\/{rel}","templated":true}]}}