{"id":4696,"date":"2012-08-26T21:10:10","date_gmt":"2012-08-26T20:10:10","guid":{"rendered":"http:\/\/www.fjala.info\/?p=4696"},"modified":"2012-08-26T21:10:10","modified_gmt":"2012-08-26T20:10:10","slug":"pse-une-nuk-jam-i-krishtere-por-ju-me-pak-se-une","status":"publish","type":"post","link":"https:\/\/fjala.info\/2009-2015\/pse-une-nuk-jam-i-krishtere-por-ju-me-pak-se-une\/","title":{"rendered":"Pse un\u00eb nuk jam i krishter\u00eb, por ju m\u00eb pak se un\u00eb"},"content":{"rendered":"<p><img decoding=\"async\" class=\"alignleft size-thumbnail wp-image-7236\" title=\"Massimiliano Parente\" src=\"http:\/\/www.fjala.info\/2012\/massimiliano_parente.jpg\" alt=\"\" width=\"150\" \/> Analiz\u00eb nga <strong>MASSIMILIANO PARENTE<\/strong><\/p>\n<p>Nj\u00eb her\u00eb shkrova se derisa sa vriten mes tyre t\u00eb krishter\u00eb e mysliman\u00eb s\u2019ka asgj\u00eb t\u00eb keqe, besojn\u00eb n\u00eb jet\u00ebn e p\u00ebrtejme, \u00e7far\u00eb problemi ka? U shemb bota. Nj\u00eb tjet\u00ebr her\u00eb shkrova se nuk jam i krishter\u00eb, p\u00ebrkundrazi praktikisht jam antikrishter, dhe hapu qiell. Jo qielli i planetit ton\u00eb, i sistemit ton\u00eb diellor, i galaksis\u00eb son\u00eb, i humbur mes qindra miliard\u00eb miliard\u00ebsh planet\u00eb, n\u00eb nj\u00eb univers duksh\u00ebm i tmerrsh\u00ebm prej qindra miliard\u00eb galaksish\u00eb, por qielli i tyre i krishter\u00eb, p\u00ebrrallor, mesjetar, i populluar nga engj\u00ebllush\u00eb dhe ku shkohet kur vdes, atje lart.<\/p>\n<p>E kuptoj pse nevrikosen kaq shum\u00eb: n\u00ebse t\u00eb krishter\u00ebt do t\u00eb ndiqnin Bibl\u00ebn nuk do t\u00eb mbeste as edhe nj\u00eb, sepse nuk njoh asnj\u00eb q\u00eb t\u00eb ofroj\u00eb faqen tjet\u00ebr, q\u00eb t\u00eb doj\u00eb tjetrin si\u00e7 do veten, q\u00eb t\u00eb d\u00ebshiroj\u00eb t\u00eb jet\u00eb i fundit dhe jo i pari, q\u00eb ta konsideroj\u00eb paran\u00eb nj\u00eb t\u00eb keqe aq sa t\u00eb meritoj\u00eb mallkimin e p\u00ebrjetsh\u00ebm. Pra: si mund t\u00eb mund mendoni, si t\u00eb krishter\u00eb, p\u00ebr pensionin kur ka njer\u00ebz q\u00eb nuk arrijn\u00eb deri nes\u00ebr? Si mund t\u00eb mjaftoheni me lek\u00ebt q\u00eb i jepni t\u00eb pastrehut posht\u00eb sht\u00ebpis\u00eb n\u00eb vend q\u00eb ta merrni krisht\u00ebrisht n\u00eb sht\u00ebpin\u00eb tuaj?<\/p>\n<p>Mua, e shkruaj tro\u00e7 fare, nuk m\u00eb b\u00ebhet von\u00eb fare p\u00ebr Afrik\u00ebn sepse nuk b\u00ebj asgj\u00eb p\u00ebr Afrik\u00ebn, nuk mendoj as edhe nj\u00eb minut\u00eb n\u00eb dit\u00eb p\u00ebr Afrik\u00ebn: mendoj p\u00ebr romanin e ri q\u00eb po shkruaj, t\u00eb luaj n\u00eb X-Box, t\u00eb blej nj\u00eb tjet\u00ebr pal\u00eb syze fosforeshente, jam nj\u00eb egoist. Mobilizohem p\u00ebr betejat liberale sepse jan\u00eb individualiste, kjo po, t\u00eb djathta apo t\u00eb majta qofshin, shpesh as t\u00eb djathta as t\u00eb majta n\u00eb nj\u00eb vend q\u00eb nuk ka as nj\u00eb t\u00eb djatht\u00eb as nj\u00eb t\u00eb majt\u00eb.<\/p>\n<p>Ende, p\u00ebr 90% t\u00eb italian\u00ebve, katolik\u00eb t\u00eb deklaruar, Afrika duhet t\u00eb jet\u00eb nj\u00eb prioritet, duhet t\u00eb mendojn\u00eb gjithmon\u00eb p\u00ebr bot\u00ebt e treta t\u00eb shp\u00ebrndara n\u00ebp\u00ebr bot\u00eb dhe k\u00ebtej pran\u00eb dhe t\u00eb mos b\u00ebjn\u00eb as shum\u00eb dallime mes f\u00ebmij\u00ebve t\u00eb tyre dhe nj\u00eb jevgushi morracak, p\u00ebrkundrazi. M\u00eb ekstrem se Marx \u00ebsht\u00eb Jezu Krishti, me dallimin se i pari historikisht ka ekzistuar, i dyti \u00ebsht\u00eb nj\u00eb personazh fantasy i mitologjis\u00eb fetare q\u00eb rilind e shton peshqit dhe vdes duke u kryq\u00ebzuar. Madje edhe Papa m\u00eb b\u00ebn t\u00eb qesh, beson n\u00eb k\u00ebt\u00eb personazh imagjinar q\u00eb qeveris bot\u00ebn dhe dy mij\u00eb vjet m\u00eb par\u00eb ka d\u00ebrguar t\u00eb birin q\u00eb u kryq\u00ebzua duke u sakrifikuar p\u00ebr njer\u00ebzimin, por l\u00ebviz me papamobile, i blinduar, nga frika e nj\u00eb plumbi. Sidoqoft\u00eb secili beson n\u00eb at\u00eb q\u00eb do t\u00eb besoj\u00eb.<\/p>\n<p>Por prioriteti i t\u00eb krishter\u00ebve, p\u00ebrve\u00e7 Veltronit n\u00eb libra dhe fjal\u00eb, nuk \u00ebsht\u00eb shp\u00ebtimi i Afrik\u00ebs por t\u00eb ndalojn\u00eb nj\u00eb \u00e7ift homoseksual q\u00eb t\u00eb dashurohet, kur vet\u00eb katolik\u00ebt k\u00ebrkuan p\u00ebr veten martes\u00ebn civile dhe divorcin, t\u00eb papranuara nga vet\u00eb Kisha e tyre. Ose u impenjuan p\u00ebr t\u00eb ndaluar k\u00ebrkimin shkencor mbi qelizat embrionale sepse edhe nj\u00eb embrion \u00ebsht\u00eb nj\u00eb person, nj\u00eb zot\u00ebri embrion, ndon\u00ebse e abortojn\u00eb m\u00eb pas, kur embrioni \u00ebsht\u00eb nj\u00eb fetus (dhe un\u00eb shpresoj q\u00eb kur nga [qelizat] staminale do t\u00eb mb\u00ebrrij\u00eb kurimi p\u00ebr nj\u00eb s\u00ebmundje t\u00eb tmerrshme p\u00ebr ne t\u00eb vdekshmit, do t\u00eb arrijm\u00eb t\u2019ua ndaloj\u00eb [p\u00ebrdorimin] katolik\u00ebve italian\u00eb). Ose, tjet\u00ebr prioritet i bukur kristian, t\u00eb ndalojn\u00eb eutanazin\u00eb, lirin\u00eb p\u00ebr t\u00eb vdekur si\u00e7 d\u00ebshiron. Sepse jeta nuk \u00ebsht\u00eb e jotja, \u00ebsht\u00eb e Zotit, t\u00eb p\u00ebrgjigjen: n\u00eb thelb, Zoti i tyre i th\u00ebrret, dhe ata zhvillojn\u00eb rezistenc\u00eb duke u ngjitur pas tubave t\u00eb frym\u00ebmarrjes artificiale. Nj\u00eb kontradikt\u00eb e \u00e7uditshme, por k\u00ebshtu kan\u00eb vendosur.<\/p>\n<p>Un\u00eb sikur t\u00eb isha i krishter\u00eb si ju q\u00eb e quani veten t\u00eb krishter\u00eb, dhe m\u00eb shkruani p\u00ebr jo krisht\u00ebrimin tim, nuk do t\u00eb m\u00eb mjaftonte t\u00eb q\u00ebndroja n\u00eb sht\u00ebpin\u00eb time, ngroht\u00eb, me familjen time t\u00eb lumtur, ndoshta duke par\u00eb \u201cQuello che non ho\u201d (Ajo q\u00eb nuk kam) p\u00ebr t\u2019u ndjer\u00eb m\u00eb i mir\u00eb. Maksimumi do t\u00eb mendoja p\u00ebr at\u00eb q\u00eb nuk kam b\u00ebr\u00eb kurr\u00eb p\u00ebr t\u00eb qen\u00eb v\u00ebrtet\u00eb i krishter\u00eb, dhe m\u00eb shum\u00eb se sa t\u00eb shqet\u00ebsohesha p\u00ebr emigracionin e pakontrolluar do t\u00eb isha i lumtur, sepse p\u00ebr t\u2019u dh\u00ebn\u00eb p\u00ebr t\u00eb pir\u00eb t\u00eb eturve dhe p\u00ebr t\u00eb ngr\u00ebn\u00eb t\u00eb uriturve nuk do t\u00eb isha i detyruar t\u00eb b\u00ebja rrug\u00eb t\u00eb gjat\u00eb, do t\u00eb mjaftonte t\u00eb hapja biblikisht der\u00ebn dhe t\u2019i mir\u00ebprisja.<\/p>\n<p>Gjithsesi, kur un\u00eb deklarohem antikrishter pasi m\u00eb p\u00eblqen kapitalizmi dhe do t\u00eb doja t\u00eb fitoja m\u00eb shum\u00eb p\u00ebr t\u00eb bler\u00eb gj\u00ebra t\u00eb bukura dhe sepse p\u00ebr tjetrin (p\u00ebrve\u00e7 njer\u00ebzve q\u00eb dua) nuk m\u00eb b\u00ebhet von\u00eb fare, shum\u00eb lexues t\u00eb krishter\u00eb nevrikosen dhe pak krisht\u00ebrisht m\u00eb ofendojn\u00eb. Por m\u00eb pas protestojn\u00eb p\u00ebr t\u00eb paguar m\u00eb pak taksa, dhe jan\u00eb t\u00eb fiksuar me parat\u00eb, dhe duan t\u00eb jen\u00eb t\u00eb par\u00ebt, nd\u00ebrsa duhet t\u2019i japin \u00c7ezarit at\u00eb q\u00eb \u00ebsht\u00eb e \u00c7ezarit dhe t\u00eb drejtojn\u00eb faqen tjet\u00ebr dhe kusurin t\u2019ja japin atij q\u00eb ka m\u00eb pak dhe t\u00eb d\u00ebshirojn\u00eb t\u00eb jen\u00eb t\u00eb fundit p\u00ebr t\u00eb qen\u00eb t\u00eb par\u00ebt, p\u00ebrndryshe jan\u00eb probleme t\u00eb p\u00ebrtejme. T\u00eb mendosh se po t\u00eb ekzistonin gjith\u00eb k\u00ebta t\u00eb krishter\u00eb edhe kriza ekonomike do t\u00eb ishte e bekuar: t\u00eb gjith\u00eb t\u00eb varf\u00ebr? M\u00eb mir\u00eb, t\u00eb gjith\u00eb drejt\u00eb e n\u00eb Parajs\u00eb, duke kaluar nga vrima e gjilp\u00ebr\u00ebs.<\/p>\n<p><em>P\u00ebrkthyer nga glialtrionline.it ku u botua m\u00eb 10 gusht 2012<\/em><\/p>\n","protected":false},"excerpt":{"rendered":"<p>Analiz\u00eb nga MASSIMILIANO PARENTE Nj\u00eb her\u00eb shkrova se derisa sa vriten mes tyre t\u00eb krishter\u00eb e mysliman\u00eb s\u2019ka asgj\u00eb t\u00eb keqe, besojn\u00eb n\u00eb jet\u00ebn e p\u00ebrtejme, \u00e7far\u00eb problemi ka? U shemb bota. Nj\u00eb tjet\u00ebr her\u00eb shkrova se nuk jam i krishter\u00eb, p\u00ebrkundrazi praktikisht jam antikrishter, dhe hapu qiell. Jo qielli i planetit ton\u00eb, i sistemit [&hellip;]<\/p>\n","protected":false},"author":1,"featured_media":0,"comment_status":"open","ping_status":"closed","sticky":false,"template":"","format":"standard","meta":{"footnotes":""},"categories":[2],"tags":[],"class_list":{"0":"post-4696","1":"post","2":"type-post","3":"status-publish","4":"format-standard","6":"category-artikuj"},"yoast_head":"<!-- This site is optimized with the Yoast SEO plugin v27.4 - https:\/\/yoast.com\/product\/yoast-seo-wordpress\/ -->\n<title>Pse un\u00eb nuk jam i krishter\u00eb, por ju m\u00eb pak se un\u00eb - FjALA e LIR\u00cb - Arkivi<\/title>\n<meta name=\"robots\" content=\"index, follow, max-snippet:-1, max-image-preview:large, max-video-preview:-1\" \/>\n<link rel=\"canonical\" href=\"https:\/\/fjala.info\/2009-2015\/pse-une-nuk-jam-i-krishtere-por-ju-me-pak-se-une\/\" \/>\n<meta property=\"og:locale\" content=\"sq_AL\" \/>\n<meta property=\"og:type\" content=\"article\" \/>\n<meta property=\"og:title\" content=\"Pse un\u00eb nuk jam i krishter\u00eb, por ju m\u00eb pak se un\u00eb - FjALA e LIR\u00cb - Arkivi\" \/>\n<meta property=\"og:description\" content=\"Analiz\u00eb nga MASSIMILIANO PARENTE Nj\u00eb her\u00eb shkrova se derisa sa vriten mes tyre t\u00eb krishter\u00eb e mysliman\u00eb s\u2019ka asgj\u00eb t\u00eb keqe, besojn\u00eb n\u00eb jet\u00ebn e p\u00ebrtejme, \u00e7far\u00eb problemi ka? U shemb bota. Nj\u00eb tjet\u00ebr her\u00eb shkrova se nuk jam i krishter\u00eb, p\u00ebrkundrazi praktikisht jam antikrishter, dhe hapu qiell. Jo qielli i planetit ton\u00eb, i sistemit [&hellip;]\" \/>\n<meta property=\"og:url\" content=\"https:\/\/fjala.info\/2009-2015\/pse-une-nuk-jam-i-krishtere-por-ju-me-pak-se-une\/\" \/>\n<meta property=\"og:site_name\" content=\"FjALA e LIR\u00cb - Arkivi\" \/>\n<meta property=\"article:published_time\" content=\"2012-08-26T20:10:10+00:00\" \/>\n<meta property=\"og:image\" content=\"http:\/\/www.fjala.info\/2012\/massimiliano_parente.jpg\" \/>\n<meta name=\"author\" content=\"admin\" \/>\n<meta name=\"twitter:card\" content=\"summary_large_image\" \/>\n<meta name=\"twitter:label1\" content=\"Written by\" \/>\n\t<meta name=\"twitter:data1\" content=\"admin\" \/>\n\t<meta name=\"twitter:label2\" content=\"Est. reading time\" \/>\n\t<meta name=\"twitter:data2\" content=\"5 minutes\" \/>\n<script type=\"application\/ld+json\" class=\"yoast-schema-graph\">{\"@context\":\"https:\\\/\\\/schema.org\",\"@graph\":[{\"@type\":\"Article\",\"@id\":\"https:\\\/\\\/fjala.info\\\/2009-2015\\\/pse-une-nuk-jam-i-krishtere-por-ju-me-pak-se-une\\\/#article\",\"isPartOf\":{\"@id\":\"https:\\\/\\\/fjala.info\\\/2009-2015\\\/pse-une-nuk-jam-i-krishtere-por-ju-me-pak-se-une\\\/\"},\"author\":{\"name\":\"admin\",\"@id\":\"https:\\\/\\\/fjala.info\\\/2009-2015\\\/#\\\/schema\\\/person\\\/3aa1163ef05469c496fc94e77611ada2\"},\"headline\":\"Pse un\u00eb nuk jam i krishter\u00eb, por ju m\u00eb pak se un\u00eb\",\"datePublished\":\"2012-08-26T20:10:10+00:00\",\"mainEntityOfPage\":{\"@id\":\"https:\\\/\\\/fjala.info\\\/2009-2015\\\/pse-une-nuk-jam-i-krishtere-por-ju-me-pak-se-une\\\/\"},\"wordCount\":987,\"commentCount\":0,\"publisher\":{\"@id\":\"https:\\\/\\\/fjala.info\\\/2009-2015\\\/#organization\"},\"image\":{\"@id\":\"https:\\\/\\\/fjala.info\\\/2009-2015\\\/pse-une-nuk-jam-i-krishtere-por-ju-me-pak-se-une\\\/#primaryimage\"},\"thumbnailUrl\":\"http:\\\/\\\/www.fjala.info\\\/2012\\\/massimiliano_parente.jpg\",\"articleSection\":[\"Artikuj\"],\"inLanguage\":\"sq-AL\",\"potentialAction\":[{\"@type\":\"CommentAction\",\"name\":\"Comment\",\"target\":[\"https:\\\/\\\/fjala.info\\\/2009-2015\\\/pse-une-nuk-jam-i-krishtere-por-ju-me-pak-se-une\\\/#respond\"]}]},{\"@type\":\"WebPage\",\"@id\":\"https:\\\/\\\/fjala.info\\\/2009-2015\\\/pse-une-nuk-jam-i-krishtere-por-ju-me-pak-se-une\\\/\",\"url\":\"https:\\\/\\\/fjala.info\\\/2009-2015\\\/pse-une-nuk-jam-i-krishtere-por-ju-me-pak-se-une\\\/\",\"name\":\"Pse un\u00eb nuk jam i krishter\u00eb, por ju m\u00eb pak se un\u00eb - FjALA e LIR\u00cb - Arkivi\",\"isPartOf\":{\"@id\":\"https:\\\/\\\/fjala.info\\\/2009-2015\\\/#website\"},\"primaryImageOfPage\":{\"@id\":\"https:\\\/\\\/fjala.info\\\/2009-2015\\\/pse-une-nuk-jam-i-krishtere-por-ju-me-pak-se-une\\\/#primaryimage\"},\"image\":{\"@id\":\"https:\\\/\\\/fjala.info\\\/2009-2015\\\/pse-une-nuk-jam-i-krishtere-por-ju-me-pak-se-une\\\/#primaryimage\"},\"thumbnailUrl\":\"http:\\\/\\\/www.fjala.info\\\/2012\\\/massimiliano_parente.jpg\",\"datePublished\":\"2012-08-26T20:10:10+00:00\",\"breadcrumb\":{\"@id\":\"https:\\\/\\\/fjala.info\\\/2009-2015\\\/pse-une-nuk-jam-i-krishtere-por-ju-me-pak-se-une\\\/#breadcrumb\"},\"inLanguage\":\"sq-AL\",\"potentialAction\":[{\"@type\":\"ReadAction\",\"target\":[\"https:\\\/\\\/fjala.info\\\/2009-2015\\\/pse-une-nuk-jam-i-krishtere-por-ju-me-pak-se-une\\\/\"]}]},{\"@type\":\"ImageObject\",\"inLanguage\":\"sq-AL\",\"@id\":\"https:\\\/\\\/fjala.info\\\/2009-2015\\\/pse-une-nuk-jam-i-krishtere-por-ju-me-pak-se-une\\\/#primaryimage\",\"url\":\"http:\\\/\\\/www.fjala.info\\\/2012\\\/massimiliano_parente.jpg\",\"contentUrl\":\"http:\\\/\\\/www.fjala.info\\\/2012\\\/massimiliano_parente.jpg\"},{\"@type\":\"BreadcrumbList\",\"@id\":\"https:\\\/\\\/fjala.info\\\/2009-2015\\\/pse-une-nuk-jam-i-krishtere-por-ju-me-pak-se-une\\\/#breadcrumb\",\"itemListElement\":[{\"@type\":\"ListItem\",\"position\":1,\"name\":\"Home\",\"item\":\"https:\\\/\\\/fjala.info\\\/2009-2015\\\/\"},{\"@type\":\"ListItem\",\"position\":2,\"name\":\"Pse un\u00eb nuk jam i krishter\u00eb, por ju m\u00eb pak se un\u00eb\"}]},{\"@type\":\"WebSite\",\"@id\":\"https:\\\/\\\/fjala.info\\\/2009-2015\\\/#website\",\"url\":\"https:\\\/\\\/fjala.info\\\/2009-2015\\\/\",\"name\":\"FjALA e LIR\u00cb - Arkivi\",\"description\":\"Arkivi 2009-2015\",\"publisher\":{\"@id\":\"https:\\\/\\\/fjala.info\\\/2009-2015\\\/#organization\"},\"potentialAction\":[{\"@type\":\"SearchAction\",\"target\":{\"@type\":\"EntryPoint\",\"urlTemplate\":\"https:\\\/\\\/fjala.info\\\/2009-2015\\\/?s={search_term_string}\"},\"query-input\":{\"@type\":\"PropertyValueSpecification\",\"valueRequired\":true,\"valueName\":\"search_term_string\"}}],\"inLanguage\":\"sq-AL\"},{\"@type\":\"Organization\",\"@id\":\"https:\\\/\\\/fjala.info\\\/2009-2015\\\/#organization\",\"name\":\"FjALA e LIR\u00cb - Arkivi\",\"url\":\"https:\\\/\\\/fjala.info\\\/2009-2015\\\/\",\"logo\":{\"@type\":\"ImageObject\",\"inLanguage\":\"sq-AL\",\"@id\":\"https:\\\/\\\/fjala.info\\\/2009-2015\\\/#\\\/schema\\\/logo\\\/image\\\/\",\"url\":\"\",\"contentUrl\":\"\",\"caption\":\"FjALA e LIR\u00cb - Arkivi\"},\"image\":{\"@id\":\"https:\\\/\\\/fjala.info\\\/2009-2015\\\/#\\\/schema\\\/logo\\\/image\\\/\"}},{\"@type\":\"Person\",\"@id\":\"https:\\\/\\\/fjala.info\\\/2009-2015\\\/#\\\/schema\\\/person\\\/3aa1163ef05469c496fc94e77611ada2\",\"name\":\"admin\",\"image\":{\"@type\":\"ImageObject\",\"inLanguage\":\"sq-AL\",\"@id\":\"https:\\\/\\\/fjala.info\\\/2009-2015\\\/wp-content\\\/uploads\\\/2012\\\/02\\\/arben_cokaj-120x150.jpg\",\"url\":\"https:\\\/\\\/fjala.info\\\/2009-2015\\\/wp-content\\\/uploads\\\/2012\\\/02\\\/arben_cokaj-120x150.jpg\",\"contentUrl\":\"https:\\\/\\\/fjala.info\\\/2009-2015\\\/wp-content\\\/uploads\\\/2012\\\/02\\\/arben_cokaj-120x150.jpg\",\"caption\":\"admin\"},\"description\":\"Admin, Fjala e Lir\u00eb\",\"sameAs\":[\"https:\\\/\\\/fjala.info\\\/\"],\"url\":\"https:\\\/\\\/fjala.info\\\/2009-2015\\\/author\\\/admin\\\/\"}]}<\/script>\n<!-- \/ Yoast SEO plugin. -->","yoast_head_json":{"title":"Pse un\u00eb nuk jam i krishter\u00eb, por ju m\u00eb pak se un\u00eb - FjALA e LIR\u00cb - Arkivi","robots":{"index":"index","follow":"follow","max-snippet":"max-snippet:-1","max-image-preview":"max-image-preview:large","max-video-preview":"max-video-preview:-1"},"canonical":"https:\/\/fjala.info\/2009-2015\/pse-une-nuk-jam-i-krishtere-por-ju-me-pak-se-une\/","og_locale":"sq_AL","og_type":"article","og_title":"Pse un\u00eb nuk jam i krishter\u00eb, por ju m\u00eb pak se un\u00eb - FjALA e LIR\u00cb - Arkivi","og_description":"Analiz\u00eb nga MASSIMILIANO PARENTE Nj\u00eb her\u00eb shkrova se derisa sa vriten mes tyre t\u00eb krishter\u00eb e mysliman\u00eb s\u2019ka asgj\u00eb t\u00eb keqe, besojn\u00eb n\u00eb jet\u00ebn e p\u00ebrtejme, \u00e7far\u00eb problemi ka? U shemb bota. Nj\u00eb tjet\u00ebr her\u00eb shkrova se nuk jam i krishter\u00eb, p\u00ebrkundrazi praktikisht jam antikrishter, dhe hapu qiell. Jo qielli i planetit ton\u00eb, i sistemit [&hellip;]","og_url":"https:\/\/fjala.info\/2009-2015\/pse-une-nuk-jam-i-krishtere-por-ju-me-pak-se-une\/","og_site_name":"FjALA e LIR\u00cb - Arkivi","article_published_time":"2012-08-26T20:10:10+00:00","og_image":[{"url":"http:\/\/www.fjala.info\/2012\/massimiliano_parente.jpg","type":"","width":"","height":""}],"author":"admin","twitter_card":"summary_large_image","twitter_misc":{"Written by":"admin","Est. reading time":"5 minutes"},"schema":{"@context":"https:\/\/schema.org","@graph":[{"@type":"Article","@id":"https:\/\/fjala.info\/2009-2015\/pse-une-nuk-jam-i-krishtere-por-ju-me-pak-se-une\/#article","isPartOf":{"@id":"https:\/\/fjala.info\/2009-2015\/pse-une-nuk-jam-i-krishtere-por-ju-me-pak-se-une\/"},"author":{"name":"admin","@id":"https:\/\/fjala.info\/2009-2015\/#\/schema\/person\/3aa1163ef05469c496fc94e77611ada2"},"headline":"Pse un\u00eb nuk jam i krishter\u00eb, por ju m\u00eb pak se un\u00eb","datePublished":"2012-08-26T20:10:10+00:00","mainEntityOfPage":{"@id":"https:\/\/fjala.info\/2009-2015\/pse-une-nuk-jam-i-krishtere-por-ju-me-pak-se-une\/"},"wordCount":987,"commentCount":0,"publisher":{"@id":"https:\/\/fjala.info\/2009-2015\/#organization"},"image":{"@id":"https:\/\/fjala.info\/2009-2015\/pse-une-nuk-jam-i-krishtere-por-ju-me-pak-se-une\/#primaryimage"},"thumbnailUrl":"http:\/\/www.fjala.info\/2012\/massimiliano_parente.jpg","articleSection":["Artikuj"],"inLanguage":"sq-AL","potentialAction":[{"@type":"CommentAction","name":"Comment","target":["https:\/\/fjala.info\/2009-2015\/pse-une-nuk-jam-i-krishtere-por-ju-me-pak-se-une\/#respond"]}]},{"@type":"WebPage","@id":"https:\/\/fjala.info\/2009-2015\/pse-une-nuk-jam-i-krishtere-por-ju-me-pak-se-une\/","url":"https:\/\/fjala.info\/2009-2015\/pse-une-nuk-jam-i-krishtere-por-ju-me-pak-se-une\/","name":"Pse un\u00eb nuk jam i krishter\u00eb, por ju m\u00eb pak se un\u00eb - FjALA e LIR\u00cb - Arkivi","isPartOf":{"@id":"https:\/\/fjala.info\/2009-2015\/#website"},"primaryImageOfPage":{"@id":"https:\/\/fjala.info\/2009-2015\/pse-une-nuk-jam-i-krishtere-por-ju-me-pak-se-une\/#primaryimage"},"image":{"@id":"https:\/\/fjala.info\/2009-2015\/pse-une-nuk-jam-i-krishtere-por-ju-me-pak-se-une\/#primaryimage"},"thumbnailUrl":"http:\/\/www.fjala.info\/2012\/massimiliano_parente.jpg","datePublished":"2012-08-26T20:10:10+00:00","breadcrumb":{"@id":"https:\/\/fjala.info\/2009-2015\/pse-une-nuk-jam-i-krishtere-por-ju-me-pak-se-une\/#breadcrumb"},"inLanguage":"sq-AL","potentialAction":[{"@type":"ReadAction","target":["https:\/\/fjala.info\/2009-2015\/pse-une-nuk-jam-i-krishtere-por-ju-me-pak-se-une\/"]}]},{"@type":"ImageObject","inLanguage":"sq-AL","@id":"https:\/\/fjala.info\/2009-2015\/pse-une-nuk-jam-i-krishtere-por-ju-me-pak-se-une\/#primaryimage","url":"http:\/\/www.fjala.info\/2012\/massimiliano_parente.jpg","contentUrl":"http:\/\/www.fjala.info\/2012\/massimiliano_parente.jpg"},{"@type":"BreadcrumbList","@id":"https:\/\/fjala.info\/2009-2015\/pse-une-nuk-jam-i-krishtere-por-ju-me-pak-se-une\/#breadcrumb","itemListElement":[{"@type":"ListItem","position":1,"name":"Home","item":"https:\/\/fjala.info\/2009-2015\/"},{"@type":"ListItem","position":2,"name":"Pse un\u00eb nuk jam i krishter\u00eb, por ju m\u00eb pak se un\u00eb"}]},{"@type":"WebSite","@id":"https:\/\/fjala.info\/2009-2015\/#website","url":"https:\/\/fjala.info\/2009-2015\/","name":"FjALA e LIR\u00cb - Arkivi","description":"Arkivi 2009-2015","publisher":{"@id":"https:\/\/fjala.info\/2009-2015\/#organization"},"potentialAction":[{"@type":"SearchAction","target":{"@type":"EntryPoint","urlTemplate":"https:\/\/fjala.info\/2009-2015\/?s={search_term_string}"},"query-input":{"@type":"PropertyValueSpecification","valueRequired":true,"valueName":"search_term_string"}}],"inLanguage":"sq-AL"},{"@type":"Organization","@id":"https:\/\/fjala.info\/2009-2015\/#organization","name":"FjALA e LIR\u00cb - Arkivi","url":"https:\/\/fjala.info\/2009-2015\/","logo":{"@type":"ImageObject","inLanguage":"sq-AL","@id":"https:\/\/fjala.info\/2009-2015\/#\/schema\/logo\/image\/","url":"","contentUrl":"","caption":"FjALA e LIR\u00cb - Arkivi"},"image":{"@id":"https:\/\/fjala.info\/2009-2015\/#\/schema\/logo\/image\/"}},{"@type":"Person","@id":"https:\/\/fjala.info\/2009-2015\/#\/schema\/person\/3aa1163ef05469c496fc94e77611ada2","name":"admin","image":{"@type":"ImageObject","inLanguage":"sq-AL","@id":"https:\/\/fjala.info\/2009-2015\/wp-content\/uploads\/2012\/02\/arben_cokaj-120x150.jpg","url":"https:\/\/fjala.info\/2009-2015\/wp-content\/uploads\/2012\/02\/arben_cokaj-120x150.jpg","contentUrl":"https:\/\/fjala.info\/2009-2015\/wp-content\/uploads\/2012\/02\/arben_cokaj-120x150.jpg","caption":"admin"},"description":"Admin, Fjala e Lir\u00eb","sameAs":["https:\/\/fjala.info\/"],"url":"https:\/\/fjala.info\/2009-2015\/author\/admin\/"}]}},"_links":{"self":[{"href":"https:\/\/fjala.info\/2009-2015\/wp-json\/wp\/v2\/posts\/4696","targetHints":{"allow":["GET"]}}],"collection":[{"href":"https:\/\/fjala.info\/2009-2015\/wp-json\/wp\/v2\/posts"}],"about":[{"href":"https:\/\/fjala.info\/2009-2015\/wp-json\/wp\/v2\/types\/post"}],"author":[{"embeddable":true,"href":"https:\/\/fjala.info\/2009-2015\/wp-json\/wp\/v2\/users\/1"}],"replies":[{"embeddable":true,"href":"https:\/\/fjala.info\/2009-2015\/wp-json\/wp\/v2\/comments?post=4696"}],"version-history":[{"count":0,"href":"https:\/\/fjala.info\/2009-2015\/wp-json\/wp\/v2\/posts\/4696\/revisions"}],"wp:attachment":[{"href":"https:\/\/fjala.info\/2009-2015\/wp-json\/wp\/v2\/media?parent=4696"}],"wp:term":[{"taxonomy":"category","embeddable":true,"href":"https:\/\/fjala.info\/2009-2015\/wp-json\/wp\/v2\/categories?post=4696"},{"taxonomy":"post_tag","embeddable":true,"href":"https:\/\/fjala.info\/2009-2015\/wp-json\/wp\/v2\/tags?post=4696"}],"curies":[{"name":"wp","href":"https:\/\/api.w.org\/{rel}","templated":true}]}}