{"id":4693,"date":"2012-08-26T21:05:53","date_gmt":"2012-08-26T20:05:53","guid":{"rendered":"http:\/\/www.fjala.info\/?p=4693"},"modified":"2012-08-26T21:05:53","modified_gmt":"2012-08-26T20:05:53","slug":"kryeministri-me-antiplumb-perballe-popullit-te-pambrojtur","status":"publish","type":"post","link":"https:\/\/fjala.info\/2009-2015\/kryeministri-me-antiplumb-perballe-popullit-te-pambrojtur\/","title":{"rendered":"Kryeministri me antiplumb, p\u00ebrball\u00eb popullit t\u00eb pambrojtur"},"content":{"rendered":"<p><img decoding=\"async\" class=\"alignright size-thumbnail wp-image-7236\" title=\"Kreshnik Spahiu\" src=\"http:\/\/www.fjala.info\/2012\/kreshnik_spahiu.jpg\" alt=\"\" width=\"150\" \/> Nga <strong>Kreshnik Spahiu<\/strong>, <em>26 Gusht 2012<\/em><\/p>\n<p>Esht\u00eb e fundit her\u00eb q\u00eb shprehem s\u00eb bashku me Kuqezinjt\u00eb p\u00ebr c\u00ebshtjen e imunitetit, sepse askush nga ne nuk ka imunitet, por edhe nuk duhet t\u00eb jemi viktim\u00eb e axhend\u00ebs artificiale t\u00eb kryeministrit.<\/p>\n<p>Esht\u00eb e udh\u00ebs t\u00eb mos humbasim koh\u00eb e t\u00eb flasim p\u00ebr burr\u00ebri me nj\u00eb bur\u00eb q\u00eb l\u00ebviz n\u00eb pik\u00eb t\u00eb vap\u00ebs me antiplumb dhe ha dreke pas xhamash t\u00eb blinduar nga frika e popullit. E\u00ebsht\u00eb fjala p\u00ebr nj\u00eb burracak q\u00eb del n\u00eb rrug\u00eb m\u00eb 140 roje, me Benz t\u00eb blinduar 700 miljon\u00eb lek dhe nj\u00eb armat\u00eb mediesh propogandistike, q\u00eb fshehin panikun dhe paburr\u00ebrin\u00eb e tij.<\/p>\n<p>P\u00ebr k\u00ebt\u00eb arsye nuk dua t\u00eb flasim me nj\u00eb njeri q\u00eb nuk kemi pse krahasohemi, duke qen\u00eb opozitar\u00eb, pa imunitet si i gjith\u00eb populli, nd\u00ebrsa ai i supermbrojtur e blinduar si gjith\u00eb burracak\u00ebt q\u00eb vrasin pas shpine.<\/p>\n<p>S\u00eb pari, dua t\u2019u kujtoj se objektivi themelor i Berish\u00ebs \u00ebsht\u00eb shmangia e nd\u00ebshkueshm\u00ebris\u00eb p\u00ebr zyrtar\u00ebt e larte n\u00eb pushtet. Dy mandate t\u00eb mbushura me afera korruptive, vrasje politike, vrasje p\u00ebr korrupsion dhe shkat\u00ebrrim t\u00eb pasurive t\u00eb vendit, meritojn\u00eb nj\u00eb betej\u00eb historike t\u00eb drejt\u00ebsis\u00eb kund\u00ebr k\u00ebtij rregjimi.<\/p>\n<p>I trembur nga fenomeni Sanader, q\u00eb coi n\u00eb burg kryeministrin e Kroacis\u00eb si kurban p\u00ebr marrjen e ftes\u00ebs p\u00ebr n\u00eb BE t\u00eb atij vendi, Berisha po p\u00ebrpiqet n\u00eb thelb t\u00eb sabotoje heqjen e imunitetit, duke shpikur referendumin antiligjore n\u00eb vend t\u00eb ligjit normal, q\u00eb mund t\u00eb miratohet n\u00eb parlament. Strategjia e tij \u00ebsht\u00eb t\u00eb mos hiqet imuniteti dhe sidomos t\u00eb mos b\u00ebhemi pjes\u00eb e Bashkimit Evropian, ku ai dhe Familja n\u00eb pushtet do ta ken\u00eb t\u00eb v\u00ebshtir\u00eb t\u00eb fshehin jo vet\u00ebm historin\u00eb, por dhe pasurin\u00eb e tyre.<\/p>\n<p>S\u00eb dyti, Berisha po p\u00ebrdor nj\u00eb Kushtetut\u00eb t\u00eb gjymtuar dhe t\u00eb keqshkruar p\u00ebr t\u00eb marre n\u00ebn kontroll gjith\u00eb institucionet t\u00eb cilat jan\u00eb antiplumbi i ri i tij.<\/p>\n<p>Nj\u00eb ligj themeltar i miratuar brutalisht nga socialist\u00ebt n\u00eb 1998 e p\u00ebr t\u00eb cil\u00ebn vet\u00eb ata sot po paguajn\u00eb kosto t\u00eb jasht\u00ebzakonshme, ka b\u00ebre t\u00eb mundur q\u00eb cdo institucion t\u00eb jet\u00eb pjes\u00eb e nomeklatur\u00ebs s\u00eb PD, duke filluar nga SHISH, KLSH, KLD, Gjykata Kushtetuese, Gjykata e Lart\u00eb, Presidenti etj.<\/p>\n<p>N\u00eb n\u00ebntor po p\u00ebrgatitet nj\u00eb Prokuror i P\u00ebrgjithsh\u00ebm nga radh\u00ebt e besnik\u00ebve nj\u00eb p\u00ebrdorimsh. Prag viti i ri do t\u00eb jet\u00eb fushat\u00eb procesesh panale politike, ku Berisha do synoj\u00eb q\u00eb t\u00eb gjunj\u00ebzoj kund\u00ebrshtar\u00ebt politike. I gjith\u00eb kuadri ligjor dhe kushtetues \u00ebsht\u00eb v\u00ebn\u00eb n\u00eb p\u00ebrdorim dhe sh\u00ebrbim t\u00eb s\u00eb ardhmes s\u00eb Berish\u00ebs pasi ai t\u00eb bjer\u00eb nga pushteti n\u00eb muajt e ardhsh\u00ebm.<\/p>\n<p>N\u00eb panik nga fenomeni \u201cSanader\u201d, \u00ebsht\u00eb transformuar cdo procedur\u00eb privatizimi koncesioni apo tenderimi duke u kaluar me ligj n\u00eb parlamemt nga mazhoranca dhe jo me VKM n\u00eb qeveri, me q\u00ebllim q\u00eb Berisha t\u00eb mos ket\u00eb p\u00ebrgjegj\u00ebsi individuale, por ta shp\u00ebrndaje at\u00eb kolektivisht tek 70 deputet\u00ebt e PD.<\/p>\n<p>I gjith\u00eb shteti, institucionet, ligjet dhe aktet n\u00ebnligjore jan\u00eb v\u00ebn\u00eb n\u00eb funksion t\u00eb s\u00eb ardhmes s\u00eb pensionistit Berisha.<\/p>\n<p>Dy miqt\u00eb e tij serb, Nikoli\u00e7 dhe Da\u00e7i\u00e7, p\u00ebrkat\u00ebsisht dy pinjoll t\u00eb Miloshevi\u00e7it, pat\u00ebn \u201caft\u00ebsin\u00eb\u201d t\u00eb b\u00ebjn\u00eb luft\u00ebn me shqiptar\u00ebt dhe t\u00eb integrojn\u00eb n\u00eb paqe shtetin serb m\u00eb shpejt\u00eb se Shqip\u00ebria, e cila qeveriset nga zvaraniku i Beogradit.<\/p>\n<p>N\u00eb kushtet kur n\u00eb prag t\u00eb 100 vjetorit Shqip\u00ebria rrezikon t\u00eb nd\u00ebshkohet p\u00ebr her\u00eb t\u00eb tret\u00eb duke u izoluar nga BE, Berisha vendosi t\u00eb plot\u00ebsoj nj\u00eb nga 12 prioritetet e Brukselit, q\u00eb \u00ebsht\u00eb heqja e imunitetit dhe t\u00eb arrije dy q\u00ebllime dinakrisht. Ai k\u00ebnaq ambasador\u00ebt e huaj dhe nxjer bllof opozit\u00ebn parlamemtare, e cila e refuzon at\u00eb. PS ose ka r\u00ebn\u00eb n\u00eb kurth, ose e b\u00ebn nga padija apo \u00ebsht\u00eb naive. Koha do e tregoje, por nj\u00eb gj\u00eb \u00ebsht\u00eb e sigurt\u00eb, q\u00eb me inisjativ\u00ebn e referendumit, Kryeministri do t\u00ebrheqe n\u00eb \u00e7arkun e tij t\u00eb gjith\u00eb faktor\u00ebt mediatike dhe politike. P\u00ebr k\u00ebt\u00eb arsye deklaroj se \u00ebsht\u00eb hera e fundit q\u00eb trajtojm\u00eb k\u00ebt\u00eb c\u00ebshtje.<\/p>\n<p>Imuniteti \u00ebsht\u00eb n\u00eb thelb nj\u00eb koncept antikushtetues dhe ky \u00ebsht\u00eb me dy fjal\u00eb q\u00ebndrimi kuq e zi p\u00ebr k\u00ebt\u00eb c\u00ebshtje. N\u00eb nj\u00eb ligj themeltar ku garantohet barazia e shtetasve para ligjit, cdo mburoj\u00eb apo penges\u00eb p\u00ebr t\u00eb zbatuar ligjin n\u00eb m\u00ebnyr\u00eb selektive \u00ebsht\u00eb antikushtetuese.<\/p>\n<p>N\u00eb bot\u00eb kemi par\u00eb dhe d\u00ebgjuar p\u00ebr dhjetra referendume t\u00eb cilat popujt i b\u00ebjn\u00eb p\u00ebr t\u00eb drejtat e tyre civile, sic jan\u00eb e drejta e pron\u00ebs, e drejta p\u00ebr arsim, e drejta p\u00ebr t\u00eb zgjedhur dhe p\u00ebr tu zgjedhur, e drejta e barazis\u00eb para ligjit pavar\u00ebsisht gjinis\u00eb, rac\u00ebs, bindjeve politike etj, por kurr\u00eb nuk kemi par\u00eb referendume p\u00ebr t\u00eb drejtat e ministrave dhe deputet\u00ebve.<\/p>\n<p>\u201cT\u00eb gjitha kafsh\u00ebt jan\u00eb t\u00eb barabarta, por disa jan\u00eb m\u00eb t\u00eb barabarta n\u00eb Shqip\u00ebri\u201d- kjo \u00ebsht\u00eb filozofia e atyre q\u00eb na udh\u00ebhoq\u00ebn p\u00ebr disa dekada.<\/p>\n<p>N\u00eb k\u00ebt\u00eb debat, ku fatkeq\u00ebsisht ka r\u00ebn\u00eb viktim\u00eb opozita parlamentare dhe ambasador\u00ebt, duhet t\u00eb nd\u00ebrgjegj\u00ebsohemi se proceduralisht nj\u00eb referendum b\u00ebhet pas nj\u00eb viti, e q\u00eb n\u00ebnkupton kur Berisha t\u00eb jet\u00eb n\u00eb pension, por q\u00eb atij i duhet nj\u00eb imunitet i nj\u00eb lloji ndryshe.<\/p>\n<p>Askush t\u00eb mos humbase koh\u00eb dhe ti p\u00ebrgjigjet loj\u00ebs s\u00eb Berish\u00ebs p\u00ebr referendume, por t\u00eb luftojn\u00eb p\u00ebr t\u00eb drejtat e tyre civile, duke filluar nga e drejta e jet\u00ebs, t\u00eb cil\u00ebn sot e kan\u00eb m\u00eb t\u00eb rrezikuar se kurr\u00eb. T\u00eb gjith\u00eb sot jan\u00eb t\u00eb pasigurt\u00eb dhe pa imunitet. T\u00eb gjith\u00eb jemi t\u00eb pambrojtur nga krimi, dhuna, anarkia, abuzimi dhe nga marrja peng e shtetit. T\u00eb gjith\u00eb jemi t\u00eb barabart\u00eb me p\u00ebrjashtim t\u00eb nj\u00eb njeriu t\u00eb cilin duhet ta zhveshim nga imuniteti, ta zbresim nga autoblinda, ta rr\u00ebzojm\u00eb nga karrigia, ta b\u00ebjm\u00eb t\u00eb p\u00ebrgjigjet p\u00ebrpara ligjit, por q\u00eb t\u2019ja arrijm\u00eb, duhet ta ndjejm\u00eb sa shum\u00eb q\u00eb jemi p\u00ebrballe nj\u00eb njeriu t\u00eb vet\u00ebm.<\/p>\n<p>Ju lutem kuptojeni q\u00eb ai ka humbur lirin\u00eb dhe nuk mund t\u00eb heqe vullnetsh\u00ebm mburojat ligjore apo hekurishtet, se do t\u00eb ishte vetvrasje. Ne duhet ta zhveshim at\u00eb, q\u00eb ai ta vuaje dhe p\u00ebrjetoje t\u00eb q\u00ebnit i barabart\u00eb pas 22 vitesh pabarazie.<\/p>\n<p>Ju e shihni si del rrug\u00ebve me antiplumb, me Benz t\u00eb blinduar me 150 roje, sa dhe urdh\u00ebron pas dritares s\u00eb blinduar. Frika nga populli e ka kthyer at\u00eb n\u00eb nj\u00eb bunkier l\u00ebviz\u00ebs.<\/p>\n<p>Debati fallco p\u00ebr imunitetin \u00ebsht\u00eb antiplumbi i ri i tij, p\u00ebrpjekja p\u00ebr t\u00eb mos u nd\u00ebshkuar kurr\u00eb. K\u00ebsaj s\u2019ka p\u00ebr ti shp\u00ebtuar. Shqiptar\u00ebt kan\u00eb n\u00eb dor\u00eb vot\u00ebn, q\u00eb \u00ebsht\u00eb \u201cplumbi\u201d q\u00eb shpon gjith\u00eb mburojat antiplumb t\u00eb tij, qofshin k\u00ebto fizike apo juridike.<\/p>\n","protected":false},"excerpt":{"rendered":"<p>Nga Kreshnik Spahiu, 26 Gusht 2012 Esht\u00eb e fundit her\u00eb q\u00eb shprehem s\u00eb bashku me Kuqezinjt\u00eb p\u00ebr c\u00ebshtjen e imunitetit, sepse askush nga ne nuk ka imunitet, por edhe nuk duhet t\u00eb jemi viktim\u00eb e axhend\u00ebs artificiale t\u00eb kryeministrit. Esht\u00eb e udh\u00ebs t\u00eb mos humbasim koh\u00eb e t\u00eb flasim p\u00ebr burr\u00ebri me nj\u00eb bur\u00eb q\u00eb [&hellip;]<\/p>\n","protected":false},"author":1,"featured_media":0,"comment_status":"open","ping_status":"closed","sticky":false,"template":"","format":"standard","meta":{"footnotes":""},"categories":[2],"tags":[],"class_list":{"0":"post-4693","1":"post","2":"type-post","3":"status-publish","4":"format-standard","6":"category-artikuj"},"yoast_head":"<!-- This site is optimized with the Yoast SEO plugin v27.4 - https:\/\/yoast.com\/product\/yoast-seo-wordpress\/ -->\n<title>Kryeministri me antiplumb, p\u00ebrball\u00eb popullit t\u00eb pambrojtur - FjALA e LIR\u00cb - Arkivi<\/title>\n<meta name=\"robots\" content=\"index, follow, max-snippet:-1, max-image-preview:large, max-video-preview:-1\" \/>\n<link rel=\"canonical\" href=\"https:\/\/fjala.info\/2009-2015\/kryeministri-me-antiplumb-perballe-popullit-te-pambrojtur\/\" \/>\n<meta property=\"og:locale\" content=\"sq_AL\" \/>\n<meta property=\"og:type\" content=\"article\" \/>\n<meta property=\"og:title\" content=\"Kryeministri me antiplumb, p\u00ebrball\u00eb popullit t\u00eb pambrojtur - FjALA e LIR\u00cb - Arkivi\" \/>\n<meta property=\"og:description\" content=\"Nga Kreshnik Spahiu, 26 Gusht 2012 Esht\u00eb e fundit her\u00eb q\u00eb shprehem s\u00eb bashku me Kuqezinjt\u00eb p\u00ebr c\u00ebshtjen e imunitetit, sepse askush nga ne nuk ka imunitet, por edhe nuk duhet t\u00eb jemi viktim\u00eb e axhend\u00ebs artificiale t\u00eb kryeministrit. Esht\u00eb e udh\u00ebs t\u00eb mos humbasim koh\u00eb e t\u00eb flasim p\u00ebr burr\u00ebri me nj\u00eb bur\u00eb q\u00eb [&hellip;]\" \/>\n<meta property=\"og:url\" content=\"https:\/\/fjala.info\/2009-2015\/kryeministri-me-antiplumb-perballe-popullit-te-pambrojtur\/\" \/>\n<meta property=\"og:site_name\" content=\"FjALA e LIR\u00cb - Arkivi\" \/>\n<meta property=\"article:published_time\" content=\"2012-08-26T20:05:53+00:00\" \/>\n<meta property=\"og:image\" content=\"http:\/\/www.fjala.info\/2012\/kreshnik_spahiu.jpg\" \/>\n<meta name=\"author\" content=\"admin\" \/>\n<meta name=\"twitter:card\" content=\"summary_large_image\" \/>\n<meta name=\"twitter:label1\" content=\"Written by\" \/>\n\t<meta name=\"twitter:data1\" content=\"admin\" \/>\n\t<meta name=\"twitter:label2\" content=\"Est. reading time\" \/>\n\t<meta name=\"twitter:data2\" content=\"6 minutes\" \/>\n<script type=\"application\/ld+json\" class=\"yoast-schema-graph\">{\"@context\":\"https:\\\/\\\/schema.org\",\"@graph\":[{\"@type\":\"Article\",\"@id\":\"https:\\\/\\\/fjala.info\\\/2009-2015\\\/kryeministri-me-antiplumb-perballe-popullit-te-pambrojtur\\\/#article\",\"isPartOf\":{\"@id\":\"https:\\\/\\\/fjala.info\\\/2009-2015\\\/kryeministri-me-antiplumb-perballe-popullit-te-pambrojtur\\\/\"},\"author\":{\"name\":\"admin\",\"@id\":\"https:\\\/\\\/fjala.info\\\/2009-2015\\\/#\\\/schema\\\/person\\\/3aa1163ef05469c496fc94e77611ada2\"},\"headline\":\"Kryeministri me antiplumb, p\u00ebrball\u00eb popullit t\u00eb pambrojtur\",\"datePublished\":\"2012-08-26T20:05:53+00:00\",\"mainEntityOfPage\":{\"@id\":\"https:\\\/\\\/fjala.info\\\/2009-2015\\\/kryeministri-me-antiplumb-perballe-popullit-te-pambrojtur\\\/\"},\"wordCount\":1185,\"commentCount\":0,\"publisher\":{\"@id\":\"https:\\\/\\\/fjala.info\\\/2009-2015\\\/#organization\"},\"image\":{\"@id\":\"https:\\\/\\\/fjala.info\\\/2009-2015\\\/kryeministri-me-antiplumb-perballe-popullit-te-pambrojtur\\\/#primaryimage\"},\"thumbnailUrl\":\"http:\\\/\\\/www.fjala.info\\\/2012\\\/kreshnik_spahiu.jpg\",\"articleSection\":[\"Artikuj\"],\"inLanguage\":\"sq-AL\",\"potentialAction\":[{\"@type\":\"CommentAction\",\"name\":\"Comment\",\"target\":[\"https:\\\/\\\/fjala.info\\\/2009-2015\\\/kryeministri-me-antiplumb-perballe-popullit-te-pambrojtur\\\/#respond\"]}]},{\"@type\":\"WebPage\",\"@id\":\"https:\\\/\\\/fjala.info\\\/2009-2015\\\/kryeministri-me-antiplumb-perballe-popullit-te-pambrojtur\\\/\",\"url\":\"https:\\\/\\\/fjala.info\\\/2009-2015\\\/kryeministri-me-antiplumb-perballe-popullit-te-pambrojtur\\\/\",\"name\":\"Kryeministri me antiplumb, p\u00ebrball\u00eb popullit t\u00eb pambrojtur - FjALA e LIR\u00cb - Arkivi\",\"isPartOf\":{\"@id\":\"https:\\\/\\\/fjala.info\\\/2009-2015\\\/#website\"},\"primaryImageOfPage\":{\"@id\":\"https:\\\/\\\/fjala.info\\\/2009-2015\\\/kryeministri-me-antiplumb-perballe-popullit-te-pambrojtur\\\/#primaryimage\"},\"image\":{\"@id\":\"https:\\\/\\\/fjala.info\\\/2009-2015\\\/kryeministri-me-antiplumb-perballe-popullit-te-pambrojtur\\\/#primaryimage\"},\"thumbnailUrl\":\"http:\\\/\\\/www.fjala.info\\\/2012\\\/kreshnik_spahiu.jpg\",\"datePublished\":\"2012-08-26T20:05:53+00:00\",\"breadcrumb\":{\"@id\":\"https:\\\/\\\/fjala.info\\\/2009-2015\\\/kryeministri-me-antiplumb-perballe-popullit-te-pambrojtur\\\/#breadcrumb\"},\"inLanguage\":\"sq-AL\",\"potentialAction\":[{\"@type\":\"ReadAction\",\"target\":[\"https:\\\/\\\/fjala.info\\\/2009-2015\\\/kryeministri-me-antiplumb-perballe-popullit-te-pambrojtur\\\/\"]}]},{\"@type\":\"ImageObject\",\"inLanguage\":\"sq-AL\",\"@id\":\"https:\\\/\\\/fjala.info\\\/2009-2015\\\/kryeministri-me-antiplumb-perballe-popullit-te-pambrojtur\\\/#primaryimage\",\"url\":\"http:\\\/\\\/www.fjala.info\\\/2012\\\/kreshnik_spahiu.jpg\",\"contentUrl\":\"http:\\\/\\\/www.fjala.info\\\/2012\\\/kreshnik_spahiu.jpg\"},{\"@type\":\"BreadcrumbList\",\"@id\":\"https:\\\/\\\/fjala.info\\\/2009-2015\\\/kryeministri-me-antiplumb-perballe-popullit-te-pambrojtur\\\/#breadcrumb\",\"itemListElement\":[{\"@type\":\"ListItem\",\"position\":1,\"name\":\"Home\",\"item\":\"https:\\\/\\\/fjala.info\\\/2009-2015\\\/\"},{\"@type\":\"ListItem\",\"position\":2,\"name\":\"Kryeministri me antiplumb, p\u00ebrball\u00eb popullit t\u00eb pambrojtur\"}]},{\"@type\":\"WebSite\",\"@id\":\"https:\\\/\\\/fjala.info\\\/2009-2015\\\/#website\",\"url\":\"https:\\\/\\\/fjala.info\\\/2009-2015\\\/\",\"name\":\"FjALA e LIR\u00cb - Arkivi\",\"description\":\"Arkivi 2009-2015\",\"publisher\":{\"@id\":\"https:\\\/\\\/fjala.info\\\/2009-2015\\\/#organization\"},\"potentialAction\":[{\"@type\":\"SearchAction\",\"target\":{\"@type\":\"EntryPoint\",\"urlTemplate\":\"https:\\\/\\\/fjala.info\\\/2009-2015\\\/?s={search_term_string}\"},\"query-input\":{\"@type\":\"PropertyValueSpecification\",\"valueRequired\":true,\"valueName\":\"search_term_string\"}}],\"inLanguage\":\"sq-AL\"},{\"@type\":\"Organization\",\"@id\":\"https:\\\/\\\/fjala.info\\\/2009-2015\\\/#organization\",\"name\":\"FjALA e LIR\u00cb - Arkivi\",\"url\":\"https:\\\/\\\/fjala.info\\\/2009-2015\\\/\",\"logo\":{\"@type\":\"ImageObject\",\"inLanguage\":\"sq-AL\",\"@id\":\"https:\\\/\\\/fjala.info\\\/2009-2015\\\/#\\\/schema\\\/logo\\\/image\\\/\",\"url\":\"\",\"contentUrl\":\"\",\"caption\":\"FjALA e LIR\u00cb - Arkivi\"},\"image\":{\"@id\":\"https:\\\/\\\/fjala.info\\\/2009-2015\\\/#\\\/schema\\\/logo\\\/image\\\/\"}},{\"@type\":\"Person\",\"@id\":\"https:\\\/\\\/fjala.info\\\/2009-2015\\\/#\\\/schema\\\/person\\\/3aa1163ef05469c496fc94e77611ada2\",\"name\":\"admin\",\"image\":{\"@type\":\"ImageObject\",\"inLanguage\":\"sq-AL\",\"@id\":\"https:\\\/\\\/fjala.info\\\/2009-2015\\\/wp-content\\\/uploads\\\/2012\\\/02\\\/arben_cokaj-120x150.jpg\",\"url\":\"https:\\\/\\\/fjala.info\\\/2009-2015\\\/wp-content\\\/uploads\\\/2012\\\/02\\\/arben_cokaj-120x150.jpg\",\"contentUrl\":\"https:\\\/\\\/fjala.info\\\/2009-2015\\\/wp-content\\\/uploads\\\/2012\\\/02\\\/arben_cokaj-120x150.jpg\",\"caption\":\"admin\"},\"description\":\"Admin, Fjala e Lir\u00eb\",\"sameAs\":[\"https:\\\/\\\/fjala.info\\\/\"],\"url\":\"https:\\\/\\\/fjala.info\\\/2009-2015\\\/author\\\/admin\\\/\"}]}<\/script>\n<!-- \/ Yoast SEO plugin. -->","yoast_head_json":{"title":"Kryeministri me antiplumb, p\u00ebrball\u00eb popullit t\u00eb pambrojtur - FjALA e LIR\u00cb - Arkivi","robots":{"index":"index","follow":"follow","max-snippet":"max-snippet:-1","max-image-preview":"max-image-preview:large","max-video-preview":"max-video-preview:-1"},"canonical":"https:\/\/fjala.info\/2009-2015\/kryeministri-me-antiplumb-perballe-popullit-te-pambrojtur\/","og_locale":"sq_AL","og_type":"article","og_title":"Kryeministri me antiplumb, p\u00ebrball\u00eb popullit t\u00eb pambrojtur - FjALA e LIR\u00cb - Arkivi","og_description":"Nga Kreshnik Spahiu, 26 Gusht 2012 Esht\u00eb e fundit her\u00eb q\u00eb shprehem s\u00eb bashku me Kuqezinjt\u00eb p\u00ebr c\u00ebshtjen e imunitetit, sepse askush nga ne nuk ka imunitet, por edhe nuk duhet t\u00eb jemi viktim\u00eb e axhend\u00ebs artificiale t\u00eb kryeministrit. Esht\u00eb e udh\u00ebs t\u00eb mos humbasim koh\u00eb e t\u00eb flasim p\u00ebr burr\u00ebri me nj\u00eb bur\u00eb q\u00eb [&hellip;]","og_url":"https:\/\/fjala.info\/2009-2015\/kryeministri-me-antiplumb-perballe-popullit-te-pambrojtur\/","og_site_name":"FjALA e LIR\u00cb - Arkivi","article_published_time":"2012-08-26T20:05:53+00:00","og_image":[{"url":"http:\/\/www.fjala.info\/2012\/kreshnik_spahiu.jpg","type":"","width":"","height":""}],"author":"admin","twitter_card":"summary_large_image","twitter_misc":{"Written by":"admin","Est. reading time":"6 minutes"},"schema":{"@context":"https:\/\/schema.org","@graph":[{"@type":"Article","@id":"https:\/\/fjala.info\/2009-2015\/kryeministri-me-antiplumb-perballe-popullit-te-pambrojtur\/#article","isPartOf":{"@id":"https:\/\/fjala.info\/2009-2015\/kryeministri-me-antiplumb-perballe-popullit-te-pambrojtur\/"},"author":{"name":"admin","@id":"https:\/\/fjala.info\/2009-2015\/#\/schema\/person\/3aa1163ef05469c496fc94e77611ada2"},"headline":"Kryeministri me antiplumb, p\u00ebrball\u00eb popullit t\u00eb pambrojtur","datePublished":"2012-08-26T20:05:53+00:00","mainEntityOfPage":{"@id":"https:\/\/fjala.info\/2009-2015\/kryeministri-me-antiplumb-perballe-popullit-te-pambrojtur\/"},"wordCount":1185,"commentCount":0,"publisher":{"@id":"https:\/\/fjala.info\/2009-2015\/#organization"},"image":{"@id":"https:\/\/fjala.info\/2009-2015\/kryeministri-me-antiplumb-perballe-popullit-te-pambrojtur\/#primaryimage"},"thumbnailUrl":"http:\/\/www.fjala.info\/2012\/kreshnik_spahiu.jpg","articleSection":["Artikuj"],"inLanguage":"sq-AL","potentialAction":[{"@type":"CommentAction","name":"Comment","target":["https:\/\/fjala.info\/2009-2015\/kryeministri-me-antiplumb-perballe-popullit-te-pambrojtur\/#respond"]}]},{"@type":"WebPage","@id":"https:\/\/fjala.info\/2009-2015\/kryeministri-me-antiplumb-perballe-popullit-te-pambrojtur\/","url":"https:\/\/fjala.info\/2009-2015\/kryeministri-me-antiplumb-perballe-popullit-te-pambrojtur\/","name":"Kryeministri me antiplumb, p\u00ebrball\u00eb popullit t\u00eb pambrojtur - FjALA e LIR\u00cb - Arkivi","isPartOf":{"@id":"https:\/\/fjala.info\/2009-2015\/#website"},"primaryImageOfPage":{"@id":"https:\/\/fjala.info\/2009-2015\/kryeministri-me-antiplumb-perballe-popullit-te-pambrojtur\/#primaryimage"},"image":{"@id":"https:\/\/fjala.info\/2009-2015\/kryeministri-me-antiplumb-perballe-popullit-te-pambrojtur\/#primaryimage"},"thumbnailUrl":"http:\/\/www.fjala.info\/2012\/kreshnik_spahiu.jpg","datePublished":"2012-08-26T20:05:53+00:00","breadcrumb":{"@id":"https:\/\/fjala.info\/2009-2015\/kryeministri-me-antiplumb-perballe-popullit-te-pambrojtur\/#breadcrumb"},"inLanguage":"sq-AL","potentialAction":[{"@type":"ReadAction","target":["https:\/\/fjala.info\/2009-2015\/kryeministri-me-antiplumb-perballe-popullit-te-pambrojtur\/"]}]},{"@type":"ImageObject","inLanguage":"sq-AL","@id":"https:\/\/fjala.info\/2009-2015\/kryeministri-me-antiplumb-perballe-popullit-te-pambrojtur\/#primaryimage","url":"http:\/\/www.fjala.info\/2012\/kreshnik_spahiu.jpg","contentUrl":"http:\/\/www.fjala.info\/2012\/kreshnik_spahiu.jpg"},{"@type":"BreadcrumbList","@id":"https:\/\/fjala.info\/2009-2015\/kryeministri-me-antiplumb-perballe-popullit-te-pambrojtur\/#breadcrumb","itemListElement":[{"@type":"ListItem","position":1,"name":"Home","item":"https:\/\/fjala.info\/2009-2015\/"},{"@type":"ListItem","position":2,"name":"Kryeministri me antiplumb, p\u00ebrball\u00eb popullit t\u00eb pambrojtur"}]},{"@type":"WebSite","@id":"https:\/\/fjala.info\/2009-2015\/#website","url":"https:\/\/fjala.info\/2009-2015\/","name":"FjALA e LIR\u00cb - Arkivi","description":"Arkivi 2009-2015","publisher":{"@id":"https:\/\/fjala.info\/2009-2015\/#organization"},"potentialAction":[{"@type":"SearchAction","target":{"@type":"EntryPoint","urlTemplate":"https:\/\/fjala.info\/2009-2015\/?s={search_term_string}"},"query-input":{"@type":"PropertyValueSpecification","valueRequired":true,"valueName":"search_term_string"}}],"inLanguage":"sq-AL"},{"@type":"Organization","@id":"https:\/\/fjala.info\/2009-2015\/#organization","name":"FjALA e LIR\u00cb - Arkivi","url":"https:\/\/fjala.info\/2009-2015\/","logo":{"@type":"ImageObject","inLanguage":"sq-AL","@id":"https:\/\/fjala.info\/2009-2015\/#\/schema\/logo\/image\/","url":"","contentUrl":"","caption":"FjALA e LIR\u00cb - Arkivi"},"image":{"@id":"https:\/\/fjala.info\/2009-2015\/#\/schema\/logo\/image\/"}},{"@type":"Person","@id":"https:\/\/fjala.info\/2009-2015\/#\/schema\/person\/3aa1163ef05469c496fc94e77611ada2","name":"admin","image":{"@type":"ImageObject","inLanguage":"sq-AL","@id":"https:\/\/fjala.info\/2009-2015\/wp-content\/uploads\/2012\/02\/arben_cokaj-120x150.jpg","url":"https:\/\/fjala.info\/2009-2015\/wp-content\/uploads\/2012\/02\/arben_cokaj-120x150.jpg","contentUrl":"https:\/\/fjala.info\/2009-2015\/wp-content\/uploads\/2012\/02\/arben_cokaj-120x150.jpg","caption":"admin"},"description":"Admin, Fjala e Lir\u00eb","sameAs":["https:\/\/fjala.info\/"],"url":"https:\/\/fjala.info\/2009-2015\/author\/admin\/"}]}},"_links":{"self":[{"href":"https:\/\/fjala.info\/2009-2015\/wp-json\/wp\/v2\/posts\/4693","targetHints":{"allow":["GET"]}}],"collection":[{"href":"https:\/\/fjala.info\/2009-2015\/wp-json\/wp\/v2\/posts"}],"about":[{"href":"https:\/\/fjala.info\/2009-2015\/wp-json\/wp\/v2\/types\/post"}],"author":[{"embeddable":true,"href":"https:\/\/fjala.info\/2009-2015\/wp-json\/wp\/v2\/users\/1"}],"replies":[{"embeddable":true,"href":"https:\/\/fjala.info\/2009-2015\/wp-json\/wp\/v2\/comments?post=4693"}],"version-history":[{"count":0,"href":"https:\/\/fjala.info\/2009-2015\/wp-json\/wp\/v2\/posts\/4693\/revisions"}],"wp:attachment":[{"href":"https:\/\/fjala.info\/2009-2015\/wp-json\/wp\/v2\/media?parent=4693"}],"wp:term":[{"taxonomy":"category","embeddable":true,"href":"https:\/\/fjala.info\/2009-2015\/wp-json\/wp\/v2\/categories?post=4693"},{"taxonomy":"post_tag","embeddable":true,"href":"https:\/\/fjala.info\/2009-2015\/wp-json\/wp\/v2\/tags?post=4693"}],"curies":[{"name":"wp","href":"https:\/\/api.w.org\/{rel}","templated":true}]}}