{"id":4689,"date":"2010-11-10T08:06:01","date_gmt":"2010-11-10T07:06:01","guid":{"rendered":"http:\/\/fjala.shkoder.net\/?p=4689"},"modified":"2010-11-10T08:06:01","modified_gmt":"2010-11-10T07:06:01","slug":"piramida-me-e-bukur","status":"publish","type":"post","link":"https:\/\/fjala.info\/2009-2015\/piramida-me-e-bukur\/","title":{"rendered":"Piramida \u201cm\u00eb\u201d e bukur"},"content":{"rendered":"<p>Nga <strong>Leart Kola<\/strong>*<\/p>\n<p>Para disa dit\u00ebsh Strazimiri, nj\u00eb deputet i mazhoranc\u00ebs, nj\u00eb nga ato karakteret e virtytshme t\u00eb s\u00eb djatht\u00ebs, pa vese dhe pa fytyr\u00eb, i detyruar t\u00eb sk\u00ebrmiste di\u00e7ka n\u00eb mbrojtje t\u00eb \u00e7menduris\u00eb s\u00eb radh\u00ebs s\u00eb shefit t\u00eb tij p\u00ebrpunoi k\u00ebt\u00eb fraz\u00eb q\u00eb stonon n\u00eb logjik\u00ebn e saj: \u00abParlamenti i nj\u00eb vendi duhet t\u00eb jet\u00eb nd\u00ebrtesa m\u00eb prestigjioze e tij\u00bb. Gjat\u00eb koh\u00ebs q\u00eb po e d\u00ebgjoja p\u00ebrve\u00e7 problemit idiomatik q\u00eb m\u00eb cing\u00ebrisi nervat (togfjal\u00ebshi \u00abm\u00eb prestigjioze\u00bb nuk ka logjik\u00eb, sepse di\u00e7ka o \u00ebsht\u00eb prestigjioze, o nuk \u00ebsht\u00eb) mu kujtua nj\u00eb skulptur\u00eb q\u00eb gjendet mu p\u00ebrball\u00eb Parlamentit Serb.<\/p>\n<p>Skulptura n\u00eb nj\u00ebr\u00ebn an\u00eb tregon nj\u00eb kalor\u00ebs q\u00eb t\u00ebrheq kalin nga kapistalli duke e drejtuar qet\u00ebsisht p\u00ebr nga parlamenti, nd\u00ebrsa n\u00eb an\u00ebn tjet\u00ebr t\u00eb saj \u00ebsht\u00eb po ky kalor\u00ebs q\u00eb e ka kapur forc\u00ebrisht kalin nga koka e po tenton ta t\u00ebrheq\u00eb drejt daljes, p\u00ebr nga porta e parlamentit. Skulptura mban di\u00e7itur\u00ebn \u00ab\u00ebsht\u00eb e leht\u00eb t\u00eb fus\u00ebsh nj\u00eb kal\u00eb n\u00eb parlament, por \u00ebsht\u00eb shum\u00eb e v\u00ebshtir\u00eb ta nxjerr\u00ebsh at\u00eb prej tij\u00bb.<\/p>\n<p>Duhet th\u00ebn\u00eb q\u00eb n\u00eb rastin e serb\u00ebve skulptura nuk ia ka dal\u00eb mban\u00eb t\u00eb sensibilizoj\u00eb krejt\u00ebsisht publikun, duke pasur parasysh kuajt e ndrysh\u00ebm q\u00eb kan\u00eb hyr\u00eb brenda. Megjithat\u00eb ky akt, kjo skulptur\u00eb e gjendur aty n\u00eb vetvete tregon nj\u00eb moment emancipimi dhe nj\u00eb t\u00eb v\u00ebrtet\u00eb t\u00eb madhe \u2013 prestigji i Parlamentit nuk varet nga nd\u00ebrtesa ku zhvillohen mbledhjet, por nga njer\u00ebzit (apo kuajt e gomer\u00ebt) q\u00eb mban brenda. Heroi yn\u00eb i m\u00ebsip\u00ebrm \u00ebsht\u00eb prova e gjall\u00eb q\u00eb shpjegon k\u00ebt\u00eb paradoks t\u00eb radh\u00ebs n\u00eb vendin e shqiponjave.<\/p>\n<p>Berisha do ta shemb\u00eb Piramid\u00ebn, por jo p\u00ebr arsyet q\u00eb tregon publikisht. N\u00eb 20 vjet berishiz\u00ebm, nj\u00eb gj\u00eb \u00ebsht\u00eb krejt\u00ebsisht e qart\u00eb p\u00ebr t\u00eb gjith\u00eb, ai as p\u00ebr s\u00eb largu nuk \u00ebsht\u00eb armik i autokracis\u00eb dhe i totalitarizmit, p\u00ebrkundrazi gjasat jan\u00eb q\u00eb t\u00eb jet\u00eb nj\u00eb fan i sistemit total, edhe pse nj\u00eb fan surrogato.<\/p>\n<p>Aq m\u00eb tep\u00ebr q\u00eb Piramida \u00ebsht\u00eb institucioni m\u00eb pak dometh\u00ebn\u00ebs i diktatur\u00ebs shqiptare. E nd\u00ebrtuar pa aprovimin e Enverit (meqen\u00ebse ai kishte vdekur), ajo nd\u00ebrtes\u00eb m\u00eb shum\u00eb ishte tregues i per\u00ebndimit t\u00eb atij sistemi, sesa i forc\u00ebs s\u00eb tij. Historia e Piramid\u00ebs \u00ebsht\u00eb historia e post \u201990-\u00ebs, e grupeve rock, e rin-festeve, e puthjes s\u00eb par\u00eb t\u00eb shum\u00eb t\u00eb rinjve, e p\u00ebrdorimit t\u00eb par\u00eb t\u00eb drog\u00ebs p\u00ebr shum\u00eb rebel\u00eb e p\u00ebr shum\u00eb dekadent\u00eb. Piramida m\u00eb shum\u00eb se gogoli autokrat ishte parku i loj\u00ebrave t\u00eb nj\u00eb Tirane t\u00eb kiosk\u00ebzuar ku 30 vje\u00e7ar\u00ebt e sot\u00ebm m\u00eb shum\u00eb se sa p\u00ebr forc\u00ebn ideologjike t\u00eb manipulimit t\u00eb masave e mbajn\u00eb mend p\u00ebr grisjen e pantallonave n\u00eb fund-shpine, gjat\u00eb rr\u00ebshqitjeve n\u00eb koh\u00eb t\u00eb adoleshenc\u00ebs. Piramida n\u00eb fakt nuk \u00ebsht\u00eb simbol i diktatur\u00ebs, e s\u2019\u00ebsht\u00eb kjo arsyeja p\u00ebr t\u00eb cil\u00ebn Berisha po e prish.<\/p>\n<p>Megjithat\u00eb Piramida do t\u00eb shkat\u00ebrrohet nga buldozer\u00ebt qeveritar\u00eb. Do t\u00eb shkat\u00ebrrohet sepse t\u00eb rinjt\u00eb, student\u00ebt dhe pedagog\u00ebt q\u00eb do t\u00eb duhej t\u00eb ishin forcat katalizatore t\u00eb revolt\u00ebs anti-diktatoriale n\u00eb Shqip\u00ebri, sot nj\u00eblloj si dje jan\u00eb t\u00eb gatsh\u00ebm t\u00eb d\u00ebgjojn\u00eb shifrat shum\u00eb milion\u00ebshe q\u00eb do t\u00eb p\u00ebrdoren nga qeveria p\u00ebr t\u00eb shkat\u00ebrruar e p\u00ebr t\u00eb nd\u00ebrtuar di\u00e7ka t\u00eb re. Ky gjest n\u00eb tentativ\u00eb i Berish\u00ebs do t\u00eb vazhdoj\u00eb t\u00eb komentohet me qet\u00ebsi nga aulat e ftohta ku s\u2019ka asnj\u00eb mjet didaktik si pasoj\u00eb e munges\u00ebs s\u00eb investimeve n\u00eb shkolla, ashtu si\u00e7 do t\u00eb vazhdoj\u00eb t\u00eb komentohet n\u00eb kafenet\u00eb e ngrohta, ku t\u00eb papun\u00ebt shtyjn\u00eb or\u00ebt.<\/p>\n<p>Rebelimi e tremb rinin\u00eb shqiptare q\u00eb \u00ebsht\u00eb e gatshme t\u00eb p\u00ebsoj\u00eb \u00e7do lloj hegjemonie, nga prind\u00ebrit e deri te qeveritaret. Sepse ata s\u2019jan\u00eb ve\u00e7se rebel\u00eb n\u00eb let\u00ebr, nuk jan\u00eb trup politik, por vet\u00ebm statistika INSTAT-i, e statistikat nuk trembin njeri. Berisha do ta prishi Piramid\u00ebn, sepse at\u00eb dhe shum\u00eb gj\u00ebra t\u00eb tjera nuk ka kush t\u2019i mbroj\u00eb.<\/p>\n<p>Berisha do ta prish\u00eb Piramid\u00ebn, por jo pse realisht ka d\u00ebshir\u00eb t\u00eb nd\u00ebrtoj\u00eb nj\u00eb parlament \u00abprestigjioz\u00bb. Por thjesht sepse n\u00eb k\u00ebt\u00eb kriz\u00eb t\u00eb thell\u00eb ekonomike ku \u00ebsht\u00eb futur Shqip\u00ebria, nuk do t\u00eb kishte artific m\u00eb t\u00eb bukur sesa zhvendosja e v\u00ebmendjes nga problemet e v\u00ebrteta ekonomike tek nj\u00eb debat spektakolar dhe bosh mes \u00abkomunist\u00ebsh\u00bb dhe \u00abanti-komunist\u00ebsh\u00bb pik\u00ebrisht n\u00eb vendin ku edhe n\u00eb koh\u00ebn e Komunizmit nuk ka pasur asnj\u00eb Komunist.<\/p>\n<p>Me k\u00ebt\u00eb trill absurd, Berisha arrin t\u00eb mobilizoj\u00eb t\u00eb tijt\u00eb n\u00eb nj\u00eb kryq\u00ebzat\u00eb t\u00eb radh\u00ebs n\u00eb prag t\u00eb zgjedhjeve lokale. E meqen\u00ebse nuk u premton dot pun\u00eb njer\u00ebzve, u garanton q\u00eb pasditet e tyre n\u00eb kafenet\u00eb e lagjes nuk do t\u00eb jen\u00eb monotone, ato do t\u00eb ndri\u00e7ohen nga debate t\u00eb zjarrta mes socialistit dhe demokratit lokal.<\/p>\n<p>Nj\u00eb tjet\u00ebr memorie e qytetit do t\u00eb prishet, p\u00ebr t\u2019i l\u00ebn\u00eb vendin institucionit \u201cm\u00eb\u201d prestigjioz, q\u00eb do t\u00eb mbaj\u00eb brenda njer\u00ebzit \u201cm\u00eb\u201d t\u00eb zgjuar, t\u00eb cil\u00ebt rast\u00ebsisht jan\u00eb dhe njer\u00ebzit \u201cm\u00eb\u201d t\u00eb pasur t\u00eb nj\u00eb vendi \u201cm\u00eb\u201d demokratik se t\u00eb tjer\u00ebt. Edhe neve, popullit, nuk na mbetet gj\u00eb tjet\u00ebr ve\u00e7se t\u2019u b\u00ebjm\u00eb urimet \u201cm\u00eb\u201d t\u00eb mira, parlamentar\u00ebve \u201cm\u00eb\u201d t\u00eb zgjedhur t\u00eb popullit \u201cm\u00eb\u201d pellazg n\u00eb Ballkan.<\/p>\n<p>(Lum kush do t\u00eb rroj\u00eb, t\u00eb t\u00eb shoh\u00eb zonj\u00eb !!!)<\/p>\n<p>*<em>saktivista.com<\/em><\/p>\n","protected":false},"excerpt":{"rendered":"<p>Nga Leart Kola* Para disa dit\u00ebsh Strazimiri, nj\u00eb deputet i mazhoranc\u00ebs, nj\u00eb nga ato karakteret e virtytshme t\u00eb s\u00eb djatht\u00ebs, pa vese dhe pa fytyr\u00eb, i detyruar t\u00eb sk\u00ebrmiste di\u00e7ka n\u00eb mbrojtje t\u00eb \u00e7menduris\u00eb s\u00eb radh\u00ebs s\u00eb shefit t\u00eb tij p\u00ebrpunoi k\u00ebt\u00eb fraz\u00eb q\u00eb stonon n\u00eb logjik\u00ebn e saj: \u00abParlamenti i nj\u00eb vendi duhet t\u00eb [&hellip;]<\/p>\n","protected":false},"author":1,"featured_media":0,"comment_status":"open","ping_status":"closed","sticky":false,"template":"","format":"standard","meta":{"footnotes":""},"categories":[2],"tags":[],"class_list":{"0":"post-4689","1":"post","2":"type-post","3":"status-publish","4":"format-standard","6":"category-artikuj"},"yoast_head":"<!-- This site is optimized with the Yoast SEO plugin v27.4 - https:\/\/yoast.com\/product\/yoast-seo-wordpress\/ -->\n<title>Piramida \u201cm\u00eb\u201d e bukur - FjALA e LIR\u00cb - Arkivi<\/title>\n<meta name=\"robots\" content=\"index, follow, max-snippet:-1, max-image-preview:large, max-video-preview:-1\" \/>\n<link rel=\"canonical\" href=\"https:\/\/fjala.info\/2009-2015\/piramida-me-e-bukur\/\" \/>\n<meta property=\"og:locale\" content=\"sq_AL\" \/>\n<meta property=\"og:type\" content=\"article\" \/>\n<meta property=\"og:title\" content=\"Piramida \u201cm\u00eb\u201d e bukur - FjALA e LIR\u00cb - Arkivi\" \/>\n<meta property=\"og:description\" content=\"Nga Leart Kola* Para disa dit\u00ebsh Strazimiri, nj\u00eb deputet i mazhoranc\u00ebs, nj\u00eb nga ato karakteret e virtytshme t\u00eb s\u00eb djatht\u00ebs, pa vese dhe pa fytyr\u00eb, i detyruar t\u00eb sk\u00ebrmiste di\u00e7ka n\u00eb mbrojtje t\u00eb \u00e7menduris\u00eb s\u00eb radh\u00ebs s\u00eb shefit t\u00eb tij p\u00ebrpunoi k\u00ebt\u00eb fraz\u00eb q\u00eb stonon n\u00eb logjik\u00ebn e saj: \u00abParlamenti i nj\u00eb vendi duhet t\u00eb [&hellip;]\" \/>\n<meta property=\"og:url\" content=\"https:\/\/fjala.info\/2009-2015\/piramida-me-e-bukur\/\" \/>\n<meta property=\"og:site_name\" content=\"FjALA e LIR\u00cb - Arkivi\" \/>\n<meta property=\"article:published_time\" content=\"2010-11-10T07:06:01+00:00\" \/>\n<meta name=\"author\" content=\"admin\" \/>\n<meta name=\"twitter:card\" content=\"summary_large_image\" \/>\n<meta name=\"twitter:label1\" content=\"Written by\" \/>\n\t<meta name=\"twitter:data1\" content=\"admin\" \/>\n\t<meta name=\"twitter:label2\" content=\"Est. reading time\" \/>\n\t<meta name=\"twitter:data2\" content=\"5 minutes\" \/>\n<script type=\"application\/ld+json\" class=\"yoast-schema-graph\">{\"@context\":\"https:\\\/\\\/schema.org\",\"@graph\":[{\"@type\":\"Article\",\"@id\":\"https:\\\/\\\/fjala.info\\\/2009-2015\\\/piramida-me-e-bukur\\\/#article\",\"isPartOf\":{\"@id\":\"https:\\\/\\\/fjala.info\\\/2009-2015\\\/piramida-me-e-bukur\\\/\"},\"author\":{\"name\":\"admin\",\"@id\":\"https:\\\/\\\/fjala.info\\\/2009-2015\\\/#\\\/schema\\\/person\\\/3aa1163ef05469c496fc94e77611ada2\"},\"headline\":\"Piramida \u201cm\u00eb\u201d e bukur\",\"datePublished\":\"2010-11-10T07:06:01+00:00\",\"mainEntityOfPage\":{\"@id\":\"https:\\\/\\\/fjala.info\\\/2009-2015\\\/piramida-me-e-bukur\\\/\"},\"wordCount\":958,\"commentCount\":0,\"publisher\":{\"@id\":\"https:\\\/\\\/fjala.info\\\/2009-2015\\\/#organization\"},\"articleSection\":[\"Artikuj\"],\"inLanguage\":\"sq-AL\",\"potentialAction\":[{\"@type\":\"CommentAction\",\"name\":\"Comment\",\"target\":[\"https:\\\/\\\/fjala.info\\\/2009-2015\\\/piramida-me-e-bukur\\\/#respond\"]}]},{\"@type\":\"WebPage\",\"@id\":\"https:\\\/\\\/fjala.info\\\/2009-2015\\\/piramida-me-e-bukur\\\/\",\"url\":\"https:\\\/\\\/fjala.info\\\/2009-2015\\\/piramida-me-e-bukur\\\/\",\"name\":\"Piramida \u201cm\u00eb\u201d e bukur - FjALA e LIR\u00cb - Arkivi\",\"isPartOf\":{\"@id\":\"https:\\\/\\\/fjala.info\\\/2009-2015\\\/#website\"},\"datePublished\":\"2010-11-10T07:06:01+00:00\",\"breadcrumb\":{\"@id\":\"https:\\\/\\\/fjala.info\\\/2009-2015\\\/piramida-me-e-bukur\\\/#breadcrumb\"},\"inLanguage\":\"sq-AL\",\"potentialAction\":[{\"@type\":\"ReadAction\",\"target\":[\"https:\\\/\\\/fjala.info\\\/2009-2015\\\/piramida-me-e-bukur\\\/\"]}]},{\"@type\":\"BreadcrumbList\",\"@id\":\"https:\\\/\\\/fjala.info\\\/2009-2015\\\/piramida-me-e-bukur\\\/#breadcrumb\",\"itemListElement\":[{\"@type\":\"ListItem\",\"position\":1,\"name\":\"Home\",\"item\":\"https:\\\/\\\/fjala.info\\\/2009-2015\\\/\"},{\"@type\":\"ListItem\",\"position\":2,\"name\":\"Piramida \u201cm\u00eb\u201d e bukur\"}]},{\"@type\":\"WebSite\",\"@id\":\"https:\\\/\\\/fjala.info\\\/2009-2015\\\/#website\",\"url\":\"https:\\\/\\\/fjala.info\\\/2009-2015\\\/\",\"name\":\"FjALA e LIR\u00cb - Arkivi\",\"description\":\"Arkivi 2009-2015\",\"publisher\":{\"@id\":\"https:\\\/\\\/fjala.info\\\/2009-2015\\\/#organization\"},\"potentialAction\":[{\"@type\":\"SearchAction\",\"target\":{\"@type\":\"EntryPoint\",\"urlTemplate\":\"https:\\\/\\\/fjala.info\\\/2009-2015\\\/?s={search_term_string}\"},\"query-input\":{\"@type\":\"PropertyValueSpecification\",\"valueRequired\":true,\"valueName\":\"search_term_string\"}}],\"inLanguage\":\"sq-AL\"},{\"@type\":\"Organization\",\"@id\":\"https:\\\/\\\/fjala.info\\\/2009-2015\\\/#organization\",\"name\":\"FjALA e LIR\u00cb - Arkivi\",\"url\":\"https:\\\/\\\/fjala.info\\\/2009-2015\\\/\",\"logo\":{\"@type\":\"ImageObject\",\"inLanguage\":\"sq-AL\",\"@id\":\"https:\\\/\\\/fjala.info\\\/2009-2015\\\/#\\\/schema\\\/logo\\\/image\\\/\",\"url\":\"\",\"contentUrl\":\"\",\"caption\":\"FjALA e LIR\u00cb - Arkivi\"},\"image\":{\"@id\":\"https:\\\/\\\/fjala.info\\\/2009-2015\\\/#\\\/schema\\\/logo\\\/image\\\/\"}},{\"@type\":\"Person\",\"@id\":\"https:\\\/\\\/fjala.info\\\/2009-2015\\\/#\\\/schema\\\/person\\\/3aa1163ef05469c496fc94e77611ada2\",\"name\":\"admin\",\"image\":{\"@type\":\"ImageObject\",\"inLanguage\":\"sq-AL\",\"@id\":\"https:\\\/\\\/fjala.info\\\/2009-2015\\\/wp-content\\\/uploads\\\/2012\\\/02\\\/arben_cokaj-120x150.jpg\",\"url\":\"https:\\\/\\\/fjala.info\\\/2009-2015\\\/wp-content\\\/uploads\\\/2012\\\/02\\\/arben_cokaj-120x150.jpg\",\"contentUrl\":\"https:\\\/\\\/fjala.info\\\/2009-2015\\\/wp-content\\\/uploads\\\/2012\\\/02\\\/arben_cokaj-120x150.jpg\",\"caption\":\"admin\"},\"description\":\"Admin, Fjala e Lir\u00eb\",\"sameAs\":[\"https:\\\/\\\/fjala.info\\\/\"],\"url\":\"https:\\\/\\\/fjala.info\\\/2009-2015\\\/author\\\/admin\\\/\"}]}<\/script>\n<!-- \/ Yoast SEO plugin. -->","yoast_head_json":{"title":"Piramida \u201cm\u00eb\u201d e bukur - FjALA e LIR\u00cb - Arkivi","robots":{"index":"index","follow":"follow","max-snippet":"max-snippet:-1","max-image-preview":"max-image-preview:large","max-video-preview":"max-video-preview:-1"},"canonical":"https:\/\/fjala.info\/2009-2015\/piramida-me-e-bukur\/","og_locale":"sq_AL","og_type":"article","og_title":"Piramida \u201cm\u00eb\u201d e bukur - FjALA e LIR\u00cb - Arkivi","og_description":"Nga Leart Kola* Para disa dit\u00ebsh Strazimiri, nj\u00eb deputet i mazhoranc\u00ebs, nj\u00eb nga ato karakteret e virtytshme t\u00eb s\u00eb djatht\u00ebs, pa vese dhe pa fytyr\u00eb, i detyruar t\u00eb sk\u00ebrmiste di\u00e7ka n\u00eb mbrojtje t\u00eb \u00e7menduris\u00eb s\u00eb radh\u00ebs s\u00eb shefit t\u00eb tij p\u00ebrpunoi k\u00ebt\u00eb fraz\u00eb q\u00eb stonon n\u00eb logjik\u00ebn e saj: \u00abParlamenti i nj\u00eb vendi duhet t\u00eb [&hellip;]","og_url":"https:\/\/fjala.info\/2009-2015\/piramida-me-e-bukur\/","og_site_name":"FjALA e LIR\u00cb - Arkivi","article_published_time":"2010-11-10T07:06:01+00:00","author":"admin","twitter_card":"summary_large_image","twitter_misc":{"Written by":"admin","Est. reading time":"5 minutes"},"schema":{"@context":"https:\/\/schema.org","@graph":[{"@type":"Article","@id":"https:\/\/fjala.info\/2009-2015\/piramida-me-e-bukur\/#article","isPartOf":{"@id":"https:\/\/fjala.info\/2009-2015\/piramida-me-e-bukur\/"},"author":{"name":"admin","@id":"https:\/\/fjala.info\/2009-2015\/#\/schema\/person\/3aa1163ef05469c496fc94e77611ada2"},"headline":"Piramida \u201cm\u00eb\u201d e bukur","datePublished":"2010-11-10T07:06:01+00:00","mainEntityOfPage":{"@id":"https:\/\/fjala.info\/2009-2015\/piramida-me-e-bukur\/"},"wordCount":958,"commentCount":0,"publisher":{"@id":"https:\/\/fjala.info\/2009-2015\/#organization"},"articleSection":["Artikuj"],"inLanguage":"sq-AL","potentialAction":[{"@type":"CommentAction","name":"Comment","target":["https:\/\/fjala.info\/2009-2015\/piramida-me-e-bukur\/#respond"]}]},{"@type":"WebPage","@id":"https:\/\/fjala.info\/2009-2015\/piramida-me-e-bukur\/","url":"https:\/\/fjala.info\/2009-2015\/piramida-me-e-bukur\/","name":"Piramida \u201cm\u00eb\u201d e bukur - FjALA e LIR\u00cb - Arkivi","isPartOf":{"@id":"https:\/\/fjala.info\/2009-2015\/#website"},"datePublished":"2010-11-10T07:06:01+00:00","breadcrumb":{"@id":"https:\/\/fjala.info\/2009-2015\/piramida-me-e-bukur\/#breadcrumb"},"inLanguage":"sq-AL","potentialAction":[{"@type":"ReadAction","target":["https:\/\/fjala.info\/2009-2015\/piramida-me-e-bukur\/"]}]},{"@type":"BreadcrumbList","@id":"https:\/\/fjala.info\/2009-2015\/piramida-me-e-bukur\/#breadcrumb","itemListElement":[{"@type":"ListItem","position":1,"name":"Home","item":"https:\/\/fjala.info\/2009-2015\/"},{"@type":"ListItem","position":2,"name":"Piramida \u201cm\u00eb\u201d e bukur"}]},{"@type":"WebSite","@id":"https:\/\/fjala.info\/2009-2015\/#website","url":"https:\/\/fjala.info\/2009-2015\/","name":"FjALA e LIR\u00cb - Arkivi","description":"Arkivi 2009-2015","publisher":{"@id":"https:\/\/fjala.info\/2009-2015\/#organization"},"potentialAction":[{"@type":"SearchAction","target":{"@type":"EntryPoint","urlTemplate":"https:\/\/fjala.info\/2009-2015\/?s={search_term_string}"},"query-input":{"@type":"PropertyValueSpecification","valueRequired":true,"valueName":"search_term_string"}}],"inLanguage":"sq-AL"},{"@type":"Organization","@id":"https:\/\/fjala.info\/2009-2015\/#organization","name":"FjALA e LIR\u00cb - Arkivi","url":"https:\/\/fjala.info\/2009-2015\/","logo":{"@type":"ImageObject","inLanguage":"sq-AL","@id":"https:\/\/fjala.info\/2009-2015\/#\/schema\/logo\/image\/","url":"","contentUrl":"","caption":"FjALA e LIR\u00cb - Arkivi"},"image":{"@id":"https:\/\/fjala.info\/2009-2015\/#\/schema\/logo\/image\/"}},{"@type":"Person","@id":"https:\/\/fjala.info\/2009-2015\/#\/schema\/person\/3aa1163ef05469c496fc94e77611ada2","name":"admin","image":{"@type":"ImageObject","inLanguage":"sq-AL","@id":"https:\/\/fjala.info\/2009-2015\/wp-content\/uploads\/2012\/02\/arben_cokaj-120x150.jpg","url":"https:\/\/fjala.info\/2009-2015\/wp-content\/uploads\/2012\/02\/arben_cokaj-120x150.jpg","contentUrl":"https:\/\/fjala.info\/2009-2015\/wp-content\/uploads\/2012\/02\/arben_cokaj-120x150.jpg","caption":"admin"},"description":"Admin, Fjala e Lir\u00eb","sameAs":["https:\/\/fjala.info\/"],"url":"https:\/\/fjala.info\/2009-2015\/author\/admin\/"}]}},"_links":{"self":[{"href":"https:\/\/fjala.info\/2009-2015\/wp-json\/wp\/v2\/posts\/4689","targetHints":{"allow":["GET"]}}],"collection":[{"href":"https:\/\/fjala.info\/2009-2015\/wp-json\/wp\/v2\/posts"}],"about":[{"href":"https:\/\/fjala.info\/2009-2015\/wp-json\/wp\/v2\/types\/post"}],"author":[{"embeddable":true,"href":"https:\/\/fjala.info\/2009-2015\/wp-json\/wp\/v2\/users\/1"}],"replies":[{"embeddable":true,"href":"https:\/\/fjala.info\/2009-2015\/wp-json\/wp\/v2\/comments?post=4689"}],"version-history":[{"count":0,"href":"https:\/\/fjala.info\/2009-2015\/wp-json\/wp\/v2\/posts\/4689\/revisions"}],"wp:attachment":[{"href":"https:\/\/fjala.info\/2009-2015\/wp-json\/wp\/v2\/media?parent=4689"}],"wp:term":[{"taxonomy":"category","embeddable":true,"href":"https:\/\/fjala.info\/2009-2015\/wp-json\/wp\/v2\/categories?post=4689"},{"taxonomy":"post_tag","embeddable":true,"href":"https:\/\/fjala.info\/2009-2015\/wp-json\/wp\/v2\/tags?post=4689"}],"curies":[{"name":"wp","href":"https:\/\/api.w.org\/{rel}","templated":true}]}}